{"id":15998,"date":"2018-02-06T16:02:48","date_gmt":"2018-02-06T15:02:48","guid":{"rendered":"http:\/\/laguiadepamplona.es\/actualidad\/?p=15998"},"modified":"2018-02-06T16:02:48","modified_gmt":"2018-02-06T15:02:48","slug":"danos-internos-no-detectables-externamente-propiciaron-la-caida-del-alamo-de-la-vuelta-del-castillo","status":"publish","type":"post","link":"https:\/\/www.laguiadepamplona.com\/actualidad\/danos-internos-no-detectables-externamente-propiciaron-la-caida-del-alamo-de-la-vuelta-del-castillo\/","title":{"rendered":"Da\u00f1os internos no detectables externamente propiciaron la ca\u00edda del \u00e1lamo de la Vuelta del Castillo"},"content":{"rendered":"<h3>Un informe del Servicio de Jardines recuerda que este a\u00f1o han sido talados 12 ejemplares en ese corredor verde por motivos de seguridad<\/h3>\n<p><!--more--><\/p>\n<p><a href=\"http:\/\/laguiadepamplona.es\/actualidad\/wp-content\/uploads\/2018\/02\/arbol_caido_vuelta_castillo_hongo_raiz.jpg\"><img loading=\"lazy\" decoding=\"async\" class=\"alignleft size-medium wp-image-16000\" src=\"http:\/\/laguiadepamplona.es\/actualidad\/wp-content\/uploads\/2018\/02\/arbol_caido_vuelta_castillo_hongo_raiz-169x300.jpg\" alt=\"\" width=\"169\" height=\"300\" srcset=\"https:\/\/www.laguiadepamplona.com\/actualidad\/wp-content\/uploads\/2018\/02\/arbol_caido_vuelta_castillo_hongo_raiz-169x300.jpg 169w, https:\/\/www.laguiadepamplona.com\/actualidad\/wp-content\/uploads\/2018\/02\/arbol_caido_vuelta_castillo_hongo_raiz-300x533.jpg 300w, https:\/\/www.laguiadepamplona.com\/actualidad\/wp-content\/uploads\/2018\/02\/arbol_caido_vuelta_castillo_hongo_raiz.jpg 563w\" sizes=\"auto, (max-width: 169px) 100vw, 169px\" \/><\/a>El Servicio de Jardines y Zonas verdes del Ayuntamiento de Pamplona ha realizado un informe sobre el ejemplar de \u00e1lamo blanco (Populus alba) que ayer tarde cay\u00f3 en la Vuelta del Castillo con P\u00edo XII. Seg\u00fan los t\u00e9cnicos su estado sanitario externo no hac\u00eda prever su ca\u00edda, ya que el origen de su abatimiento ha sido una pudrici\u00f3n interna de las ra\u00edces producida por un hongo blanco. Una afecci\u00f3n de la que, establece el informe, no se apreciaban s\u00edntomas en el exterior del ejemplar.<\/p>\n<p>En el a\u00f1o 2017 en la Vuelta del Castillo han sido talados un total de 12 ejemplares por razones de seguridad al presentar signos de enfermedad severa o problemas de estabilidad o estructura. Este ejemplar, concretamente, ha sido objeto de labores de mantenimiento a lo largo de los a\u00f1os y en 2016 el Servicio de Jardines y Zonas Verdes realiz\u00f3 en rebaje la su copa del \u00e1rbol, algo que se hace habitualmente con ejemplares envejecidos que pueden presentar riesgo de ca\u00edda de ramas.<\/p>\n<p>Tras la ca\u00edda del ejemplar se ha podido apreciar como a nivel de cuello, en el interior, la ra\u00edz estaba descompuesta por una pudrici\u00f3n blanca que causa la degradaci\u00f3n de la lignina (una madera de color marr\u00f3n que s\u00f3lo vira a blanco cuando se encuentra en los \u00faltimos estadios de descomposici\u00f3n). El hongo causante de pudrici\u00f3n blanca lo que hace principalmente es reducir la resistencia de la madera la compresi\u00f3n, una p\u00e9rdida significativa que se produce incluso antes de que la pudrici\u00f3n sea detectada.<\/p>\n<p>De cara a incrementar la capacidad de diagn\u00f3stico y prevenci\u00f3n de riesgo del arbolado por personal t\u00e9cnico del Servicio de Jardines en los presupuestos de 2018 est\u00e1 prevista una partida para la adquisici\u00f3n de diversos equipos de an\u00e1lisis y registro del estado interno de las ra\u00edces, tronco y ramas de los \u00e1rboles. Se espera que estos medios suplementarios permitan afinar a\u00fan m\u00e1s la labor de detecci\u00f3n de problemas y por tanto las decisiones sobre los trabajos a realizar en cada ejemplar analizado.<\/p>\n<p><strong>El trabajo preventivo de inspecci\u00f3n<\/strong><\/p>\n<p><a href=\"http:\/\/laguiadepamplona.es\/actualidad\/wp-content\/uploads\/2018\/02\/arbol_caido_vuelta_castillo.jpg\"><img loading=\"lazy\" decoding=\"async\" class=\"alignleft size-medium wp-image-15999\" src=\"http:\/\/laguiadepamplona.es\/actualidad\/wp-content\/uploads\/2018\/02\/arbol_caido_vuelta_castillo-169x300.jpg\" alt=\"\" width=\"169\" height=\"300\" srcset=\"https:\/\/www.laguiadepamplona.com\/actualidad\/wp-content\/uploads\/2018\/02\/arbol_caido_vuelta_castillo-169x300.jpg 169w, https:\/\/www.laguiadepamplona.com\/actualidad\/wp-content\/uploads\/2018\/02\/arbol_caido_vuelta_castillo-300x533.jpg 300w, https:\/\/www.laguiadepamplona.com\/actualidad\/wp-content\/uploads\/2018\/02\/arbol_caido_vuelta_castillo.jpg 563w\" sizes=\"auto, (max-width: 169px) 100vw, 169px\" \/><\/a>El Servicio de Jardines realiza habitualmente el seguimiento de los aproximadamente 60.000 \u00e1rboles de la ciudad por medio de un equipo de inspectores y t\u00e9cnicos que se apoyan en el Sistema de Informaci\u00f3n Geogr\u00e1fica y la base de datos denominada Arbomap, una herramientas de gesti\u00f3n que permite registrar el historial de las labores realizadas en cada ejemplar.<\/p>\n<p>Fruto de este trabajo los t\u00e9cnicos manejas un listado de alrededor de 200 \u00e1rboles a los que se les hace un seguimiento especial y se les prescriben los tratamientos y trabajos necesarios para evitar posibles riesgos: podas, reducciones de copa o, incluso, el apeo si es necesario. El seguimiento constante del estado del arbolado permite reducir en gran medida el riesgo de accidentes, aunque no lo evita en su totalidad. Asimismo garantiza el buen estado de un patrimonio arbolado que es se\u00f1a de identidad colectiva e imagen de la ciudad.<\/p>\n<p>&nbsp;<\/p>\n","protected":false},"excerpt":{"rendered":"<p>Un informe del Servicio de Jardines recuerda que este a\u00f1o han sido talados 12 ejemplares en ese corredor verde por motivos de seguridad<\/p>\n","protected":false},"author":1,"featured_media":15999,"comment_status":"open","ping_status":"closed","sticky":false,"template":"","format":"standard","meta":{"footnotes":""},"categories":[2],"tags":[],"class_list":["post-15998","post","type-post","status-publish","format-standard","has-post-thumbnail","hentry","category-ayuntamiento-pamplona"],"yoast_head":"<!-- This site is optimized with the Yoast SEO plugin v27.3 - https:\/\/yoast.com\/product\/yoast-seo-wordpress\/ -->\n<title>Da\u00f1os internos no detectables externamente propiciaron la ca\u00edda del \u00e1lamo de la Vuelta del Castillo<\/title>\n<meta name=\"robots\" content=\"index, follow, max-snippet:-1, max-image-preview:large, max-video-preview:-1\" \/>\n<link rel=\"canonical\" href=\"https:\/\/www.laguiadepamplona.com\/actualidad\/danos-internos-no-detectables-externamente-propiciaron-la-caida-del-alamo-de-la-vuelta-del-castillo\/\" \/>\n<meta property=\"og:locale\" content=\"es_ES\" \/>\n<meta property=\"og:type\" content=\"article\" \/>\n<meta property=\"og:title\" content=\"Da\u00f1os internos no detectables externamente propiciaron la ca\u00edda del \u00e1lamo de la Vuelta del Castillo\" \/>\n<meta property=\"og:description\" content=\"Un informe del Servicio de Jardines recuerda que este a\u00f1o han sido talados 12 ejemplares en ese corredor verde por motivos de seguridad\" \/>\n<meta property=\"og:url\" content=\"https:\/\/www.laguiadepamplona.com\/actualidad\/danos-internos-no-detectables-externamente-propiciaron-la-caida-del-alamo-de-la-vuelta-del-castillo\/\" \/>\n<meta property=\"og:site_name\" content=\"La Gu\u00eda de Pamplona\" \/>\n<meta property=\"article:publisher\" content=\"https:\/\/www.facebook.com\/laguiadepamplonacom-133175176762273\/?ref=hl\" \/>\n<meta property=\"article:published_time\" content=\"2018-02-06T15:02:48+00:00\" \/>\n<meta property=\"og:image\" content=\"https:\/\/www.laguiadepamplona.com\/actualidad\/wp-content\/uploads\/2018\/02\/arbol_caido_vuelta_castillo.jpg\" \/>\n\t<meta property=\"og:image:width\" content=\"563\" \/>\n\t<meta property=\"og:image:height\" content=\"1000\" \/>\n\t<meta property=\"og:image:type\" content=\"image\/jpeg\" \/>\n<meta name=\"author\" content=\"La Gu\u00eda de Pamplona\" \/>\n<meta name=\"twitter:card\" content=\"summary_large_image\" \/>\n<meta name=\"twitter:creator\" content=\"@LaGuiadPamplona\" \/>\n<meta name=\"twitter:site\" content=\"@LaGuiadPamplona\" \/>\n<meta name=\"twitter:label1\" content=\"Escrito por\" \/>\n\t<meta name=\"twitter:data1\" content=\"La Gu\u00eda de Pamplona\" \/>\n\t<meta name=\"twitter:label2\" content=\"Tiempo de lectura\" \/>\n\t<meta name=\"twitter:data2\" content=\"3 minutos\" \/>\n<script type=\"application\/ld+json\" class=\"yoast-schema-graph\">{\"@context\":\"https:\\\/\\\/schema.org\",\"@graph\":[{\"@type\":\"Article\",\"@id\":\"https:\\\/\\\/www.laguiadepamplona.com\\\/actualidad\\\/danos-internos-no-detectables-externamente-propiciaron-la-caida-del-alamo-de-la-vuelta-del-castillo\\\/#article\",\"isPartOf\":{\"@id\":\"https:\\\/\\\/www.laguiadepamplona.com\\\/actualidad\\\/danos-internos-no-detectables-externamente-propiciaron-la-caida-del-alamo-de-la-vuelta-del-castillo\\\/\"},\"author\":{\"name\":\"La Gu\u00eda de Pamplona\",\"@id\":\"https:\\\/\\\/www.laguiadepamplona.com\\\/actualidad\\\/#\\\/schema\\\/person\\\/efe887376f0213d4657c93adc50b1fdb\"},\"headline\":\"Da\u00f1os internos no detectables externamente propiciaron la ca\u00edda del \u00e1lamo de la Vuelta del Castillo\",\"datePublished\":\"2018-02-06T15:02:48+00:00\",\"mainEntityOfPage\":{\"@id\":\"https:\\\/\\\/www.laguiadepamplona.com\\\/actualidad\\\/danos-internos-no-detectables-externamente-propiciaron-la-caida-del-alamo-de-la-vuelta-del-castillo\\\/\"},\"wordCount\":559,\"commentCount\":0,\"publisher\":{\"@id\":\"https:\\\/\\\/www.laguiadepamplona.com\\\/actualidad\\\/#organization\"},\"image\":{\"@id\":\"https:\\\/\\\/www.laguiadepamplona.com\\\/actualidad\\\/danos-internos-no-detectables-externamente-propiciaron-la-caida-del-alamo-de-la-vuelta-del-castillo\\\/#primaryimage\"},\"thumbnailUrl\":\"https:\\\/\\\/www.laguiadepamplona.com\\\/actualidad\\\/wp-content\\\/uploads\\\/2018\\\/02\\\/arbol_caido_vuelta_castillo.jpg\",\"articleSection\":[\"Ayto Pamplona\"],\"inLanguage\":\"es\",\"potentialAction\":[{\"@type\":\"CommentAction\",\"name\":\"Comment\",\"target\":[\"https:\\\/\\\/www.laguiadepamplona.com\\\/actualidad\\\/danos-internos-no-detectables-externamente-propiciaron-la-caida-del-alamo-de-la-vuelta-del-castillo\\\/#respond\"]}]},{\"@type\":\"WebPage\",\"@id\":\"https:\\\/\\\/www.laguiadepamplona.com\\\/actualidad\\\/danos-internos-no-detectables-externamente-propiciaron-la-caida-del-alamo-de-la-vuelta-del-castillo\\\/\",\"url\":\"https:\\\/\\\/www.laguiadepamplona.com\\\/actualidad\\\/danos-internos-no-detectables-externamente-propiciaron-la-caida-del-alamo-de-la-vuelta-del-castillo\\\/\",\"name\":\"Da\u00f1os internos no detectables externamente propiciaron la ca\u00edda del \u00e1lamo de la Vuelta del Castillo\",\"isPartOf\":{\"@id\":\"https:\\\/\\\/www.laguiadepamplona.com\\\/actualidad\\\/#website\"},\"primaryImageOfPage\":{\"@id\":\"https:\\\/\\\/www.laguiadepamplona.com\\\/actualidad\\\/danos-internos-no-detectables-externamente-propiciaron-la-caida-del-alamo-de-la-vuelta-del-castillo\\\/#primaryimage\"},\"image\":{\"@id\":\"https:\\\/\\\/www.laguiadepamplona.com\\\/actualidad\\\/danos-internos-no-detectables-externamente-propiciaron-la-caida-del-alamo-de-la-vuelta-del-castillo\\\/#primaryimage\"},\"thumbnailUrl\":\"https:\\\/\\\/www.laguiadepamplona.com\\\/actualidad\\\/wp-content\\\/uploads\\\/2018\\\/02\\\/arbol_caido_vuelta_castillo.jpg\",\"datePublished\":\"2018-02-06T15:02:48+00:00\",\"breadcrumb\":{\"@id\":\"https:\\\/\\\/www.laguiadepamplona.com\\\/actualidad\\\/danos-internos-no-detectables-externamente-propiciaron-la-caida-del-alamo-de-la-vuelta-del-castillo\\\/#breadcrumb\"},\"inLanguage\":\"es\",\"potentialAction\":[{\"@type\":\"ReadAction\",\"target\":[\"https:\\\/\\\/www.laguiadepamplona.com\\\/actualidad\\\/danos-internos-no-detectables-externamente-propiciaron-la-caida-del-alamo-de-la-vuelta-del-castillo\\\/\"]}]},{\"@type\":\"ImageObject\",\"inLanguage\":\"es\",\"@id\":\"https:\\\/\\\/www.laguiadepamplona.com\\\/actualidad\\\/danos-internos-no-detectables-externamente-propiciaron-la-caida-del-alamo-de-la-vuelta-del-castillo\\\/#primaryimage\",\"url\":\"https:\\\/\\\/www.laguiadepamplona.com\\\/actualidad\\\/wp-content\\\/uploads\\\/2018\\\/02\\\/arbol_caido_vuelta_castillo.jpg\",\"contentUrl\":\"https:\\\/\\\/www.laguiadepamplona.com\\\/actualidad\\\/wp-content\\\/uploads\\\/2018\\\/02\\\/arbol_caido_vuelta_castillo.jpg\",\"width\":563,\"height\":1000},{\"@type\":\"BreadcrumbList\",\"@id\":\"https:\\\/\\\/www.laguiadepamplona.com\\\/actualidad\\\/danos-internos-no-detectables-externamente-propiciaron-la-caida-del-alamo-de-la-vuelta-del-castillo\\\/#breadcrumb\",\"itemListElement\":[{\"@type\":\"ListItem\",\"position\":1,\"name\":\"Portada\",\"item\":\"https:\\\/\\\/www.laguiadepamplona.com\\\/actualidad\\\/\"},{\"@type\":\"ListItem\",\"position\":2,\"name\":\"Da\u00f1os internos no detectables externamente propiciaron la ca\u00edda del \u00e1lamo de la Vuelta del Castillo\"}]},{\"@type\":\"WebSite\",\"@id\":\"https:\\\/\\\/www.laguiadepamplona.com\\\/actualidad\\\/#website\",\"url\":\"https:\\\/\\\/www.laguiadepamplona.com\\\/actualidad\\\/\",\"name\":\"La gu\u00eda de Pamplona\",\"description\":\"Noticias de Pamplona\",\"publisher\":{\"@id\":\"https:\\\/\\\/www.laguiadepamplona.com\\\/actualidad\\\/#organization\"},\"potentialAction\":[{\"@type\":\"SearchAction\",\"target\":{\"@type\":\"EntryPoint\",\"urlTemplate\":\"https:\\\/\\\/www.laguiadepamplona.com\\\/actualidad\\\/?s={search_term_string}\"},\"query-input\":{\"@type\":\"PropertyValueSpecification\",\"valueRequired\":true,\"valueName\":\"search_term_string\"}}],\"inLanguage\":\"es\"},{\"@type\":\"Organization\",\"@id\":\"https:\\\/\\\/www.laguiadepamplona.com\\\/actualidad\\\/#organization\",\"name\":\"La Gu\u00eda de Pamplona \\\/ Noticias\",\"url\":\"https:\\\/\\\/www.laguiadepamplona.com\\\/actualidad\\\/\",\"logo\":{\"@type\":\"ImageObject\",\"inLanguage\":\"es\",\"@id\":\"https:\\\/\\\/www.laguiadepamplona.com\\\/actualidad\\\/#\\\/schema\\\/logo\\\/image\\\/\",\"url\":\"https:\\\/\\\/www.laguiadepamplona.com\\\/actualidad\\\/wp-content\\\/uploads\\\/2018\\\/11\\\/logo-laguiadepamplona18-web1.png\",\"contentUrl\":\"https:\\\/\\\/www.laguiadepamplona.com\\\/actualidad\\\/wp-content\\\/uploads\\\/2018\\\/11\\\/logo-laguiadepamplona18-web1.png\",\"width\":600,\"height\":196,\"caption\":\"La Gu\u00eda de Pamplona \\\/ Noticias\"},\"image\":{\"@id\":\"https:\\\/\\\/www.laguiadepamplona.com\\\/actualidad\\\/#\\\/schema\\\/logo\\\/image\\\/\"},\"sameAs\":[\"https:\\\/\\\/www.facebook.com\\\/laguiadepamplonacom-133175176762273\\\/?ref=hl\",\"https:\\\/\\\/x.com\\\/LaGuiadPamplona\",\"https:\\\/\\\/www.instagram.com\\\/la_guia_de_pamplona\\\/\",\"https:\\\/\\\/www.youtube.com\\\/user\\\/laguiadepamplona\"]},{\"@type\":\"Person\",\"@id\":\"https:\\\/\\\/www.laguiadepamplona.com\\\/actualidad\\\/#\\\/schema\\\/person\\\/efe887376f0213d4657c93adc50b1fdb\",\"name\":\"La Gu\u00eda de Pamplona\",\"image\":{\"@type\":\"ImageObject\",\"inLanguage\":\"es\",\"@id\":\"https:\\\/\\\/secure.gravatar.com\\\/avatar\\\/b6992f131dc8d30ab0dff15446e9d346d9dbd95992de0fef795073f5ea83a81c?s=96&d=mm&r=g\",\"url\":\"https:\\\/\\\/secure.gravatar.com\\\/avatar\\\/b6992f131dc8d30ab0dff15446e9d346d9dbd95992de0fef795073f5ea83a81c?s=96&d=mm&r=g\",\"contentUrl\":\"https:\\\/\\\/secure.gravatar.com\\\/avatar\\\/b6992f131dc8d30ab0dff15446e9d346d9dbd95992de0fef795073f5ea83a81c?s=96&d=mm&r=g\",\"caption\":\"La Gu\u00eda de Pamplona\"}}]}<\/script>\n<!-- \/ Yoast SEO plugin. -->","yoast_head_json":{"title":"Da\u00f1os internos no detectables externamente propiciaron la ca\u00edda del \u00e1lamo de la Vuelta del Castillo","robots":{"index":"index","follow":"follow","max-snippet":"max-snippet:-1","max-image-preview":"max-image-preview:large","max-video-preview":"max-video-preview:-1"},"canonical":"https:\/\/www.laguiadepamplona.com\/actualidad\/danos-internos-no-detectables-externamente-propiciaron-la-caida-del-alamo-de-la-vuelta-del-castillo\/","og_locale":"es_ES","og_type":"article","og_title":"Da\u00f1os internos no detectables externamente propiciaron la ca\u00edda del \u00e1lamo de la Vuelta del Castillo","og_description":"Un informe del Servicio de Jardines recuerda que este a\u00f1o han sido talados 12 ejemplares en ese corredor verde por motivos de seguridad","og_url":"https:\/\/www.laguiadepamplona.com\/actualidad\/danos-internos-no-detectables-externamente-propiciaron-la-caida-del-alamo-de-la-vuelta-del-castillo\/","og_site_name":"La Gu\u00eda de Pamplona","article_publisher":"https:\/\/www.facebook.com\/laguiadepamplonacom-133175176762273\/?ref=hl","article_published_time":"2018-02-06T15:02:48+00:00","og_image":[{"width":563,"height":1000,"url":"https:\/\/www.laguiadepamplona.com\/actualidad\/wp-content\/uploads\/2018\/02\/arbol_caido_vuelta_castillo.jpg","type":"image\/jpeg"}],"author":"La Gu\u00eda de Pamplona","twitter_card":"summary_large_image","twitter_creator":"@LaGuiadPamplona","twitter_site":"@LaGuiadPamplona","twitter_misc":{"Escrito por":"La Gu\u00eda de Pamplona","Tiempo de lectura":"3 minutos"},"schema":{"@context":"https:\/\/schema.org","@graph":[{"@type":"Article","@id":"https:\/\/www.laguiadepamplona.com\/actualidad\/danos-internos-no-detectables-externamente-propiciaron-la-caida-del-alamo-de-la-vuelta-del-castillo\/#article","isPartOf":{"@id":"https:\/\/www.laguiadepamplona.com\/actualidad\/danos-internos-no-detectables-externamente-propiciaron-la-caida-del-alamo-de-la-vuelta-del-castillo\/"},"author":{"name":"La Gu\u00eda de Pamplona","@id":"https:\/\/www.laguiadepamplona.com\/actualidad\/#\/schema\/person\/efe887376f0213d4657c93adc50b1fdb"},"headline":"Da\u00f1os internos no detectables externamente propiciaron la ca\u00edda del \u00e1lamo de la Vuelta del Castillo","datePublished":"2018-02-06T15:02:48+00:00","mainEntityOfPage":{"@id":"https:\/\/www.laguiadepamplona.com\/actualidad\/danos-internos-no-detectables-externamente-propiciaron-la-caida-del-alamo-de-la-vuelta-del-castillo\/"},"wordCount":559,"commentCount":0,"publisher":{"@id":"https:\/\/www.laguiadepamplona.com\/actualidad\/#organization"},"image":{"@id":"https:\/\/www.laguiadepamplona.com\/actualidad\/danos-internos-no-detectables-externamente-propiciaron-la-caida-del-alamo-de-la-vuelta-del-castillo\/#primaryimage"},"thumbnailUrl":"https:\/\/www.laguiadepamplona.com\/actualidad\/wp-content\/uploads\/2018\/02\/arbol_caido_vuelta_castillo.jpg","articleSection":["Ayto Pamplona"],"inLanguage":"es","potentialAction":[{"@type":"CommentAction","name":"Comment","target":["https:\/\/www.laguiadepamplona.com\/actualidad\/danos-internos-no-detectables-externamente-propiciaron-la-caida-del-alamo-de-la-vuelta-del-castillo\/#respond"]}]},{"@type":"WebPage","@id":"https:\/\/www.laguiadepamplona.com\/actualidad\/danos-internos-no-detectables-externamente-propiciaron-la-caida-del-alamo-de-la-vuelta-del-castillo\/","url":"https:\/\/www.laguiadepamplona.com\/actualidad\/danos-internos-no-detectables-externamente-propiciaron-la-caida-del-alamo-de-la-vuelta-del-castillo\/","name":"Da\u00f1os internos no detectables externamente propiciaron la ca\u00edda del \u00e1lamo de la Vuelta del Castillo","isPartOf":{"@id":"https:\/\/www.laguiadepamplona.com\/actualidad\/#website"},"primaryImageOfPage":{"@id":"https:\/\/www.laguiadepamplona.com\/actualidad\/danos-internos-no-detectables-externamente-propiciaron-la-caida-del-alamo-de-la-vuelta-del-castillo\/#primaryimage"},"image":{"@id":"https:\/\/www.laguiadepamplona.com\/actualidad\/danos-internos-no-detectables-externamente-propiciaron-la-caida-del-alamo-de-la-vuelta-del-castillo\/#primaryimage"},"thumbnailUrl":"https:\/\/www.laguiadepamplona.com\/actualidad\/wp-content\/uploads\/2018\/02\/arbol_caido_vuelta_castillo.jpg","datePublished":"2018-02-06T15:02:48+00:00","breadcrumb":{"@id":"https:\/\/www.laguiadepamplona.com\/actualidad\/danos-internos-no-detectables-externamente-propiciaron-la-caida-del-alamo-de-la-vuelta-del-castillo\/#breadcrumb"},"inLanguage":"es","potentialAction":[{"@type":"ReadAction","target":["https:\/\/www.laguiadepamplona.com\/actualidad\/danos-internos-no-detectables-externamente-propiciaron-la-caida-del-alamo-de-la-vuelta-del-castillo\/"]}]},{"@type":"ImageObject","inLanguage":"es","@id":"https:\/\/www.laguiadepamplona.com\/actualidad\/danos-internos-no-detectables-externamente-propiciaron-la-caida-del-alamo-de-la-vuelta-del-castillo\/#primaryimage","url":"https:\/\/www.laguiadepamplona.com\/actualidad\/wp-content\/uploads\/2018\/02\/arbol_caido_vuelta_castillo.jpg","contentUrl":"https:\/\/www.laguiadepamplona.com\/actualidad\/wp-content\/uploads\/2018\/02\/arbol_caido_vuelta_castillo.jpg","width":563,"height":1000},{"@type":"BreadcrumbList","@id":"https:\/\/www.laguiadepamplona.com\/actualidad\/danos-internos-no-detectables-externamente-propiciaron-la-caida-del-alamo-de-la-vuelta-del-castillo\/#breadcrumb","itemListElement":[{"@type":"ListItem","position":1,"name":"Portada","item":"https:\/\/www.laguiadepamplona.com\/actualidad\/"},{"@type":"ListItem","position":2,"name":"Da\u00f1os internos no detectables externamente propiciaron la ca\u00edda del \u00e1lamo de la Vuelta del Castillo"}]},{"@type":"WebSite","@id":"https:\/\/www.laguiadepamplona.com\/actualidad\/#website","url":"https:\/\/www.laguiadepamplona.com\/actualidad\/","name":"La gu\u00eda de Pamplona","description":"Noticias de Pamplona","publisher":{"@id":"https:\/\/www.laguiadepamplona.com\/actualidad\/#organization"},"potentialAction":[{"@type":"SearchAction","target":{"@type":"EntryPoint","urlTemplate":"https:\/\/www.laguiadepamplona.com\/actualidad\/?s={search_term_string}"},"query-input":{"@type":"PropertyValueSpecification","valueRequired":true,"valueName":"search_term_string"}}],"inLanguage":"es"},{"@type":"Organization","@id":"https:\/\/www.laguiadepamplona.com\/actualidad\/#organization","name":"La Gu\u00eda de Pamplona \/ Noticias","url":"https:\/\/www.laguiadepamplona.com\/actualidad\/","logo":{"@type":"ImageObject","inLanguage":"es","@id":"https:\/\/www.laguiadepamplona.com\/actualidad\/#\/schema\/logo\/image\/","url":"https:\/\/www.laguiadepamplona.com\/actualidad\/wp-content\/uploads\/2018\/11\/logo-laguiadepamplona18-web1.png","contentUrl":"https:\/\/www.laguiadepamplona.com\/actualidad\/wp-content\/uploads\/2018\/11\/logo-laguiadepamplona18-web1.png","width":600,"height":196,"caption":"La Gu\u00eda de Pamplona \/ Noticias"},"image":{"@id":"https:\/\/www.laguiadepamplona.com\/actualidad\/#\/schema\/logo\/image\/"},"sameAs":["https:\/\/www.facebook.com\/laguiadepamplonacom-133175176762273\/?ref=hl","https:\/\/x.com\/LaGuiadPamplona","https:\/\/www.instagram.com\/la_guia_de_pamplona\/","https:\/\/www.youtube.com\/user\/laguiadepamplona"]},{"@type":"Person","@id":"https:\/\/www.laguiadepamplona.com\/actualidad\/#\/schema\/person\/efe887376f0213d4657c93adc50b1fdb","name":"La Gu\u00eda de Pamplona","image":{"@type":"ImageObject","inLanguage":"es","@id":"https:\/\/secure.gravatar.com\/avatar\/b6992f131dc8d30ab0dff15446e9d346d9dbd95992de0fef795073f5ea83a81c?s=96&d=mm&r=g","url":"https:\/\/secure.gravatar.com\/avatar\/b6992f131dc8d30ab0dff15446e9d346d9dbd95992de0fef795073f5ea83a81c?s=96&d=mm&r=g","contentUrl":"https:\/\/secure.gravatar.com\/avatar\/b6992f131dc8d30ab0dff15446e9d346d9dbd95992de0fef795073f5ea83a81c?s=96&d=mm&r=g","caption":"La Gu\u00eda de Pamplona"}}]}},"post_mailing_queue_ids":[],"_links":{"self":[{"href":"https:\/\/www.laguiadepamplona.com\/actualidad\/wp-json\/wp\/v2\/posts\/15998","targetHints":{"allow":["GET"]}}],"collection":[{"href":"https:\/\/www.laguiadepamplona.com\/actualidad\/wp-json\/wp\/v2\/posts"}],"about":[{"href":"https:\/\/www.laguiadepamplona.com\/actualidad\/wp-json\/wp\/v2\/types\/post"}],"author":[{"embeddable":true,"href":"https:\/\/www.laguiadepamplona.com\/actualidad\/wp-json\/wp\/v2\/users\/1"}],"replies":[{"embeddable":true,"href":"https:\/\/www.laguiadepamplona.com\/actualidad\/wp-json\/wp\/v2\/comments?post=15998"}],"version-history":[{"count":0,"href":"https:\/\/www.laguiadepamplona.com\/actualidad\/wp-json\/wp\/v2\/posts\/15998\/revisions"}],"wp:featuredmedia":[{"embeddable":true,"href":"https:\/\/www.laguiadepamplona.com\/actualidad\/wp-json\/wp\/v2\/media\/15999"}],"wp:attachment":[{"href":"https:\/\/www.laguiadepamplona.com\/actualidad\/wp-json\/wp\/v2\/media?parent=15998"}],"wp:term":[{"taxonomy":"category","embeddable":true,"href":"https:\/\/www.laguiadepamplona.com\/actualidad\/wp-json\/wp\/v2\/categories?post=15998"},{"taxonomy":"post_tag","embeddable":true,"href":"https:\/\/www.laguiadepamplona.com\/actualidad\/wp-json\/wp\/v2\/tags?post=15998"}],"curies":[{"name":"wp","href":"https:\/\/api.w.org\/{rel}","templated":true}]}}