{"id":15990,"date":"2018-02-06T13:02:55","date_gmt":"2018-02-06T12:02:55","guid":{"rendered":"http:\/\/laguiadepamplona.es\/actualidad\/?p=15990"},"modified":"2018-02-06T13:02:55","modified_gmt":"2018-02-06T12:02:55","slug":"ansa-ahizpak-ama-acercan-este-miercoles-la-tradicion-oral-en-euskera-a-la-sala-gotica-de-condestable-con-el-espectaculo-artantxuriketan","status":"publish","type":"post","link":"https:\/\/www.laguiadepamplona.com\/actualidad\/ansa-ahizpak-ama-acercan-este-miercoles-la-tradicion-oral-en-euskera-a-la-sala-gotica-de-condestable-con-el-espectaculo-artantxuriketan\/","title":{"rendered":"Ansa ahizpak &#038; ama acercan este mi\u00e9rcoles la tradici\u00f3n oral en euskera a la Sala G\u00f3tica de Condestable con el espect\u00e1culo  \u201cARTAnTXURIKETAN\u201d"},"content":{"rendered":"<h3>Mar\u00eda Jes\u00fas Zugarramurdi y sus tres hijas ofrecer\u00e1n una sesi\u00f3n de canciones y relatos en euskera transmitidos en el \u00e1mbito rural<\/h3>\n<p><!--more--><\/p>\n<p><a href=\"http:\/\/laguiadepamplona.es\/actualidad\/wp-content\/uploads\/2018\/02\/18.02.06_artantxuriketan2.jpg\"><img loading=\"lazy\" decoding=\"async\" class=\"alignleft size-medium wp-image-15992\" src=\"http:\/\/laguiadepamplona.es\/actualidad\/wp-content\/uploads\/2018\/02\/18.02.06_artantxuriketan2-225x300.jpg\" alt=\"\" width=\"225\" height=\"300\" srcset=\"https:\/\/www.laguiadepamplona.com\/actualidad\/wp-content\/uploads\/2018\/02\/18.02.06_artantxuriketan2-225x300.jpg 225w, https:\/\/www.laguiadepamplona.com\/actualidad\/wp-content\/uploads\/2018\/02\/18.02.06_artantxuriketan2.jpg 768w, https:\/\/www.laguiadepamplona.com\/actualidad\/wp-content\/uploads\/2018\/02\/18.02.06_artantxuriketan2-300x400.jpg 300w\" sizes=\"auto, (max-width: 225px) 100vw, 225px\" \/><\/a>La Sala G\u00f3tica de Condestable acoge este mi\u00e9rcoles el espect\u00e1culo \u201cARTAnTXURIKETAN\u201d a cargo de Ansa Ahizpak &amp; ama, nombre art\u00edstico con el que se conoce al grupo que conforman Mar\u00eda Jes\u00fas Zugarramurdi (Maixux) y sus tres hijas, Arantxa, Ainhoa y Maider. Se trata de una sesi\u00f3n de tradici\u00f3n oral en euskera, con relatos y canciones\u00a0 recogidas tanto en su \u00e1mbito familiar, como en las diversas localidades de Navarra y Guip\u00fazcoa con las que tienen relaci\u00f3n. El espect\u00e1culo comienza a las 19.30 horas, con entrada libre, y forma parte de la programaci\u00f3n cultural en euskera que organizan conjuntamente el Ayuntamiento de Pamplona y el Ateneo Navarro.<\/p>\n<p>La transmisi\u00f3n de la tradici\u00f3n oral en euskera ha perdurado a trav\u00e9s de los siglos tanto en el propio ambiente familiar e intimo de\u00a0 los caser\u00edos, como en la vida en los pueblos y en el \u00e1mbito del trabajo rural. En el espect\u00e1culo se quiere representar precisamente una tarde normal de caser\u00edo, en la que familia y los vecinos y vecinas se re\u00fanen en la cocina o en la sala y charlan animadamente mientras se desgrana el ma\u00edz. En este caso, los relatos y canciones de la zona de Leitza, Arano, Goizueta y Oiartzun protagonizan la jornada.<\/p>\n<p>Respecto al nombre del espect\u00e1culo, lo que en principio deber\u00eda haberse llamado \u201cARTATXURIKETAN\u201d, es decir \u2018en la tarea de desgranar el ma\u00edz\u2019, se convierte en \u201cARTAnTXURIKETAN\u201d gracias a un juego de palabras, ya que el caser\u00edo en el que vivi\u00f3 la madre de peque\u00f1a es el caser\u00edo de Goizueta \u201cArtantxu\u201d.<\/p>\n<p><strong>Una familia \u201ckontu-kantalaria\u201d<\/strong><\/p>\n<p>Ansa Ahizpak lo componen Maixux Zugarramurdi y sus tres hijas. Todas ellas llevan muchos a\u00f1os en el mundo de la m\u00fasica, convertida en su oficio y, sobre todo, en su afici\u00f3n. Una afici\u00f3n por la m\u00fasica que procede tanto de su propio \u00e1mbito familiar, como del ambiente en el que han crecido. Maider Ansa, ha sido moderadora en diferentes encuentros y campeonatos de bertsolarismo, incluido el \u00faltimo campeonato absoluto. Respecto a la m\u00fasica, en 2005 fue la vencedora en la modalidad de solista en el Nafarroako Kantu Txapelketa. \u00a0Adem\u00e1s, es la solista del grupo Tximeleta. <strong>Ainhoa, por su parte,<\/strong> es licenciada en Historia y entre otras entidades ha trabajado para Euskal Kantuzaleen Elkartea (Asociaci\u00f3n vasca de aficionados al canto). Arantxa, la mayor de las hermanas, tambi\u00e9n ha estado ligada a la m\u00fasica desde diferentes \u00e1mbitos.<\/p>\n<p>Maixux naci\u00f3 en Goizueta. Su madre y sus abuelos eran de Leitza y su padre de Oiartzun. Desde peque\u00f1a tuvo, por lo tanto, la influencia de estos tres pueblos. La familia por la parte de Leitza eran grandes contadores de historia y el padre, originario de Oiartzun, un \u201carchivo vivo\u201d de bertsos y cuentos. Su abuela Joakina, hizo una encomiable labor de transmisi\u00f3n para que los \u201ctesoros\u201d tanto de sus padres, como de su marido, llegar\u00e1n intactos hasta nuestros d\u00edas. Una familia, por lo tanto, totalmente \u201ckontu-kantalaria\u201d que muestra toda esa riqueza transmitida oralmente en esta sesi\u00f3n.<\/p>\n<p>&nbsp;<\/p>\n","protected":false},"excerpt":{"rendered":"<p>Mar\u00eda Jes\u00fas Zugarramurdi y sus tres hijas ofrecer\u00e1n una sesi\u00f3n de canciones y relatos en euskera transmitidos en el \u00e1mbito rural<\/p>\n","protected":false},"author":1,"featured_media":15991,"comment_status":"open","ping_status":"closed","sticky":false,"template":"","format":"standard","meta":{"footnotes":""},"categories":[2],"tags":[],"class_list":["post-15990","post","type-post","status-publish","format-standard","has-post-thumbnail","hentry","category-ayuntamiento-pamplona"],"yoast_head":"<!-- This site is optimized with the Yoast SEO plugin v27.3 - https:\/\/yoast.com\/product\/yoast-seo-wordpress\/ -->\n<title>Ansa ahizpak &amp; ama acercan este mi\u00e9rcoles la tradici\u00f3n oral en euskera a la Sala G\u00f3tica de Condestable con el espect\u00e1culo \u201cARTAnTXURIKETAN\u201d<\/title>\n<meta name=\"robots\" content=\"index, follow, max-snippet:-1, max-image-preview:large, max-video-preview:-1\" \/>\n<link rel=\"canonical\" href=\"https:\/\/www.laguiadepamplona.com\/actualidad\/ansa-ahizpak-ama-acercan-este-miercoles-la-tradicion-oral-en-euskera-a-la-sala-gotica-de-condestable-con-el-espectaculo-artantxuriketan\/\" \/>\n<meta property=\"og:locale\" content=\"es_ES\" \/>\n<meta property=\"og:type\" content=\"article\" \/>\n<meta property=\"og:title\" content=\"Ansa ahizpak &amp; ama acercan este mi\u00e9rcoles la tradici\u00f3n oral en euskera a la Sala G\u00f3tica de Condestable con el espect\u00e1culo \u201cARTAnTXURIKETAN\u201d\" \/>\n<meta property=\"og:description\" content=\"Mar\u00eda Jes\u00fas Zugarramurdi y sus tres hijas ofrecer\u00e1n una sesi\u00f3n de canciones y relatos en euskera transmitidos en el \u00e1mbito rural\" \/>\n<meta property=\"og:url\" content=\"https:\/\/www.laguiadepamplona.com\/actualidad\/ansa-ahizpak-ama-acercan-este-miercoles-la-tradicion-oral-en-euskera-a-la-sala-gotica-de-condestable-con-el-espectaculo-artantxuriketan\/\" \/>\n<meta property=\"og:site_name\" content=\"La Gu\u00eda de Pamplona\" \/>\n<meta property=\"article:publisher\" content=\"https:\/\/www.facebook.com\/laguiadepamplonacom-133175176762273\/?ref=hl\" \/>\n<meta property=\"article:published_time\" content=\"2018-02-06T12:02:55+00:00\" \/>\n<meta property=\"og:image\" content=\"https:\/\/www.laguiadepamplona.com\/actualidad\/wp-content\/uploads\/2018\/02\/18.02.06_artantxuriketan1.jpg\" \/>\n\t<meta property=\"og:image:width\" content=\"1000\" \/>\n\t<meta property=\"og:image:height\" content=\"988\" \/>\n\t<meta property=\"og:image:type\" content=\"image\/jpeg\" \/>\n<meta name=\"author\" content=\"La Gu\u00eda de Pamplona\" \/>\n<meta name=\"twitter:card\" content=\"summary_large_image\" \/>\n<meta name=\"twitter:creator\" content=\"@LaGuiadPamplona\" \/>\n<meta name=\"twitter:site\" content=\"@LaGuiadPamplona\" \/>\n<meta name=\"twitter:label1\" content=\"Escrito por\" \/>\n\t<meta name=\"twitter:data1\" content=\"La Gu\u00eda de Pamplona\" \/>\n\t<meta name=\"twitter:label2\" content=\"Tiempo de lectura\" \/>\n\t<meta name=\"twitter:data2\" content=\"3 minutos\" \/>\n<script type=\"application\/ld+json\" class=\"yoast-schema-graph\">{\"@context\":\"https:\\\/\\\/schema.org\",\"@graph\":[{\"@type\":\"Article\",\"@id\":\"https:\\\/\\\/www.laguiadepamplona.com\\\/actualidad\\\/ansa-ahizpak-ama-acercan-este-miercoles-la-tradicion-oral-en-euskera-a-la-sala-gotica-de-condestable-con-el-espectaculo-artantxuriketan\\\/#article\",\"isPartOf\":{\"@id\":\"https:\\\/\\\/www.laguiadepamplona.com\\\/actualidad\\\/ansa-ahizpak-ama-acercan-este-miercoles-la-tradicion-oral-en-euskera-a-la-sala-gotica-de-condestable-con-el-espectaculo-artantxuriketan\\\/\"},\"author\":{\"name\":\"La Gu\u00eda de Pamplona\",\"@id\":\"https:\\\/\\\/www.laguiadepamplona.com\\\/actualidad\\\/#\\\/schema\\\/person\\\/efe887376f0213d4657c93adc50b1fdb\"},\"headline\":\"Ansa ahizpak &#038; ama acercan este mi\u00e9rcoles la tradici\u00f3n oral en euskera a la Sala G\u00f3tica de Condestable con el espect\u00e1culo \u201cARTAnTXURIKETAN\u201d\",\"datePublished\":\"2018-02-06T12:02:55+00:00\",\"mainEntityOfPage\":{\"@id\":\"https:\\\/\\\/www.laguiadepamplona.com\\\/actualidad\\\/ansa-ahizpak-ama-acercan-este-miercoles-la-tradicion-oral-en-euskera-a-la-sala-gotica-de-condestable-con-el-espectaculo-artantxuriketan\\\/\"},\"wordCount\":577,\"commentCount\":0,\"publisher\":{\"@id\":\"https:\\\/\\\/www.laguiadepamplona.com\\\/actualidad\\\/#organization\"},\"image\":{\"@id\":\"https:\\\/\\\/www.laguiadepamplona.com\\\/actualidad\\\/ansa-ahizpak-ama-acercan-este-miercoles-la-tradicion-oral-en-euskera-a-la-sala-gotica-de-condestable-con-el-espectaculo-artantxuriketan\\\/#primaryimage\"},\"thumbnailUrl\":\"https:\\\/\\\/www.laguiadepamplona.com\\\/actualidad\\\/wp-content\\\/uploads\\\/2018\\\/02\\\/18.02.06_artantxuriketan1.jpg\",\"articleSection\":[\"Ayto Pamplona\"],\"inLanguage\":\"es\",\"potentialAction\":[{\"@type\":\"CommentAction\",\"name\":\"Comment\",\"target\":[\"https:\\\/\\\/www.laguiadepamplona.com\\\/actualidad\\\/ansa-ahizpak-ama-acercan-este-miercoles-la-tradicion-oral-en-euskera-a-la-sala-gotica-de-condestable-con-el-espectaculo-artantxuriketan\\\/#respond\"]}]},{\"@type\":\"WebPage\",\"@id\":\"https:\\\/\\\/www.laguiadepamplona.com\\\/actualidad\\\/ansa-ahizpak-ama-acercan-este-miercoles-la-tradicion-oral-en-euskera-a-la-sala-gotica-de-condestable-con-el-espectaculo-artantxuriketan\\\/\",\"url\":\"https:\\\/\\\/www.laguiadepamplona.com\\\/actualidad\\\/ansa-ahizpak-ama-acercan-este-miercoles-la-tradicion-oral-en-euskera-a-la-sala-gotica-de-condestable-con-el-espectaculo-artantxuriketan\\\/\",\"name\":\"Ansa ahizpak & ama acercan este mi\u00e9rcoles la tradici\u00f3n oral en euskera a la Sala G\u00f3tica de Condestable con el espect\u00e1culo \u201cARTAnTXURIKETAN\u201d\",\"isPartOf\":{\"@id\":\"https:\\\/\\\/www.laguiadepamplona.com\\\/actualidad\\\/#website\"},\"primaryImageOfPage\":{\"@id\":\"https:\\\/\\\/www.laguiadepamplona.com\\\/actualidad\\\/ansa-ahizpak-ama-acercan-este-miercoles-la-tradicion-oral-en-euskera-a-la-sala-gotica-de-condestable-con-el-espectaculo-artantxuriketan\\\/#primaryimage\"},\"image\":{\"@id\":\"https:\\\/\\\/www.laguiadepamplona.com\\\/actualidad\\\/ansa-ahizpak-ama-acercan-este-miercoles-la-tradicion-oral-en-euskera-a-la-sala-gotica-de-condestable-con-el-espectaculo-artantxuriketan\\\/#primaryimage\"},\"thumbnailUrl\":\"https:\\\/\\\/www.laguiadepamplona.com\\\/actualidad\\\/wp-content\\\/uploads\\\/2018\\\/02\\\/18.02.06_artantxuriketan1.jpg\",\"datePublished\":\"2018-02-06T12:02:55+00:00\",\"breadcrumb\":{\"@id\":\"https:\\\/\\\/www.laguiadepamplona.com\\\/actualidad\\\/ansa-ahizpak-ama-acercan-este-miercoles-la-tradicion-oral-en-euskera-a-la-sala-gotica-de-condestable-con-el-espectaculo-artantxuriketan\\\/#breadcrumb\"},\"inLanguage\":\"es\",\"potentialAction\":[{\"@type\":\"ReadAction\",\"target\":[\"https:\\\/\\\/www.laguiadepamplona.com\\\/actualidad\\\/ansa-ahizpak-ama-acercan-este-miercoles-la-tradicion-oral-en-euskera-a-la-sala-gotica-de-condestable-con-el-espectaculo-artantxuriketan\\\/\"]}]},{\"@type\":\"ImageObject\",\"inLanguage\":\"es\",\"@id\":\"https:\\\/\\\/www.laguiadepamplona.com\\\/actualidad\\\/ansa-ahizpak-ama-acercan-este-miercoles-la-tradicion-oral-en-euskera-a-la-sala-gotica-de-condestable-con-el-espectaculo-artantxuriketan\\\/#primaryimage\",\"url\":\"https:\\\/\\\/www.laguiadepamplona.com\\\/actualidad\\\/wp-content\\\/uploads\\\/2018\\\/02\\\/18.02.06_artantxuriketan1.jpg\",\"contentUrl\":\"https:\\\/\\\/www.laguiadepamplona.com\\\/actualidad\\\/wp-content\\\/uploads\\\/2018\\\/02\\\/18.02.06_artantxuriketan1.jpg\",\"width\":1000,\"height\":988},{\"@type\":\"BreadcrumbList\",\"@id\":\"https:\\\/\\\/www.laguiadepamplona.com\\\/actualidad\\\/ansa-ahizpak-ama-acercan-este-miercoles-la-tradicion-oral-en-euskera-a-la-sala-gotica-de-condestable-con-el-espectaculo-artantxuriketan\\\/#breadcrumb\",\"itemListElement\":[{\"@type\":\"ListItem\",\"position\":1,\"name\":\"Portada\",\"item\":\"https:\\\/\\\/www.laguiadepamplona.com\\\/actualidad\\\/\"},{\"@type\":\"ListItem\",\"position\":2,\"name\":\"Ansa ahizpak &#038; ama acercan este mi\u00e9rcoles la tradici\u00f3n oral en euskera a la Sala G\u00f3tica de Condestable con el espect\u00e1culo \u201cARTAnTXURIKETAN\u201d\"}]},{\"@type\":\"WebSite\",\"@id\":\"https:\\\/\\\/www.laguiadepamplona.com\\\/actualidad\\\/#website\",\"url\":\"https:\\\/\\\/www.laguiadepamplona.com\\\/actualidad\\\/\",\"name\":\"La gu\u00eda de Pamplona\",\"description\":\"Noticias de Pamplona\",\"publisher\":{\"@id\":\"https:\\\/\\\/www.laguiadepamplona.com\\\/actualidad\\\/#organization\"},\"potentialAction\":[{\"@type\":\"SearchAction\",\"target\":{\"@type\":\"EntryPoint\",\"urlTemplate\":\"https:\\\/\\\/www.laguiadepamplona.com\\\/actualidad\\\/?s={search_term_string}\"},\"query-input\":{\"@type\":\"PropertyValueSpecification\",\"valueRequired\":true,\"valueName\":\"search_term_string\"}}],\"inLanguage\":\"es\"},{\"@type\":\"Organization\",\"@id\":\"https:\\\/\\\/www.laguiadepamplona.com\\\/actualidad\\\/#organization\",\"name\":\"La Gu\u00eda de Pamplona \\\/ Noticias\",\"url\":\"https:\\\/\\\/www.laguiadepamplona.com\\\/actualidad\\\/\",\"logo\":{\"@type\":\"ImageObject\",\"inLanguage\":\"es\",\"@id\":\"https:\\\/\\\/www.laguiadepamplona.com\\\/actualidad\\\/#\\\/schema\\\/logo\\\/image\\\/\",\"url\":\"https:\\\/\\\/www.laguiadepamplona.com\\\/actualidad\\\/wp-content\\\/uploads\\\/2018\\\/11\\\/logo-laguiadepamplona18-web1.png\",\"contentUrl\":\"https:\\\/\\\/www.laguiadepamplona.com\\\/actualidad\\\/wp-content\\\/uploads\\\/2018\\\/11\\\/logo-laguiadepamplona18-web1.png\",\"width\":600,\"height\":196,\"caption\":\"La Gu\u00eda de Pamplona \\\/ Noticias\"},\"image\":{\"@id\":\"https:\\\/\\\/www.laguiadepamplona.com\\\/actualidad\\\/#\\\/schema\\\/logo\\\/image\\\/\"},\"sameAs\":[\"https:\\\/\\\/www.facebook.com\\\/laguiadepamplonacom-133175176762273\\\/?ref=hl\",\"https:\\\/\\\/x.com\\\/LaGuiadPamplona\",\"https:\\\/\\\/www.instagram.com\\\/la_guia_de_pamplona\\\/\",\"https:\\\/\\\/www.youtube.com\\\/user\\\/laguiadepamplona\"]},{\"@type\":\"Person\",\"@id\":\"https:\\\/\\\/www.laguiadepamplona.com\\\/actualidad\\\/#\\\/schema\\\/person\\\/efe887376f0213d4657c93adc50b1fdb\",\"name\":\"La Gu\u00eda de Pamplona\",\"image\":{\"@type\":\"ImageObject\",\"inLanguage\":\"es\",\"@id\":\"https:\\\/\\\/secure.gravatar.com\\\/avatar\\\/b6992f131dc8d30ab0dff15446e9d346d9dbd95992de0fef795073f5ea83a81c?s=96&d=mm&r=g\",\"url\":\"https:\\\/\\\/secure.gravatar.com\\\/avatar\\\/b6992f131dc8d30ab0dff15446e9d346d9dbd95992de0fef795073f5ea83a81c?s=96&d=mm&r=g\",\"contentUrl\":\"https:\\\/\\\/secure.gravatar.com\\\/avatar\\\/b6992f131dc8d30ab0dff15446e9d346d9dbd95992de0fef795073f5ea83a81c?s=96&d=mm&r=g\",\"caption\":\"La Gu\u00eda de Pamplona\"}}]}<\/script>\n<!-- \/ Yoast SEO plugin. -->","yoast_head_json":{"title":"Ansa ahizpak & ama acercan este mi\u00e9rcoles la tradici\u00f3n oral en euskera a la Sala G\u00f3tica de Condestable con el espect\u00e1culo \u201cARTAnTXURIKETAN\u201d","robots":{"index":"index","follow":"follow","max-snippet":"max-snippet:-1","max-image-preview":"max-image-preview:large","max-video-preview":"max-video-preview:-1"},"canonical":"https:\/\/www.laguiadepamplona.com\/actualidad\/ansa-ahizpak-ama-acercan-este-miercoles-la-tradicion-oral-en-euskera-a-la-sala-gotica-de-condestable-con-el-espectaculo-artantxuriketan\/","og_locale":"es_ES","og_type":"article","og_title":"Ansa ahizpak & ama acercan este mi\u00e9rcoles la tradici\u00f3n oral en euskera a la Sala G\u00f3tica de Condestable con el espect\u00e1culo \u201cARTAnTXURIKETAN\u201d","og_description":"Mar\u00eda Jes\u00fas Zugarramurdi y sus tres hijas ofrecer\u00e1n una sesi\u00f3n de canciones y relatos en euskera transmitidos en el \u00e1mbito rural","og_url":"https:\/\/www.laguiadepamplona.com\/actualidad\/ansa-ahizpak-ama-acercan-este-miercoles-la-tradicion-oral-en-euskera-a-la-sala-gotica-de-condestable-con-el-espectaculo-artantxuriketan\/","og_site_name":"La Gu\u00eda de Pamplona","article_publisher":"https:\/\/www.facebook.com\/laguiadepamplonacom-133175176762273\/?ref=hl","article_published_time":"2018-02-06T12:02:55+00:00","og_image":[{"width":1000,"height":988,"url":"https:\/\/www.laguiadepamplona.com\/actualidad\/wp-content\/uploads\/2018\/02\/18.02.06_artantxuriketan1.jpg","type":"image\/jpeg"}],"author":"La Gu\u00eda de Pamplona","twitter_card":"summary_large_image","twitter_creator":"@LaGuiadPamplona","twitter_site":"@LaGuiadPamplona","twitter_misc":{"Escrito por":"La Gu\u00eda de Pamplona","Tiempo de lectura":"3 minutos"},"schema":{"@context":"https:\/\/schema.org","@graph":[{"@type":"Article","@id":"https:\/\/www.laguiadepamplona.com\/actualidad\/ansa-ahizpak-ama-acercan-este-miercoles-la-tradicion-oral-en-euskera-a-la-sala-gotica-de-condestable-con-el-espectaculo-artantxuriketan\/#article","isPartOf":{"@id":"https:\/\/www.laguiadepamplona.com\/actualidad\/ansa-ahizpak-ama-acercan-este-miercoles-la-tradicion-oral-en-euskera-a-la-sala-gotica-de-condestable-con-el-espectaculo-artantxuriketan\/"},"author":{"name":"La Gu\u00eda de Pamplona","@id":"https:\/\/www.laguiadepamplona.com\/actualidad\/#\/schema\/person\/efe887376f0213d4657c93adc50b1fdb"},"headline":"Ansa ahizpak &#038; ama acercan este mi\u00e9rcoles la tradici\u00f3n oral en euskera a la Sala G\u00f3tica de Condestable con el espect\u00e1culo \u201cARTAnTXURIKETAN\u201d","datePublished":"2018-02-06T12:02:55+00:00","mainEntityOfPage":{"@id":"https:\/\/www.laguiadepamplona.com\/actualidad\/ansa-ahizpak-ama-acercan-este-miercoles-la-tradicion-oral-en-euskera-a-la-sala-gotica-de-condestable-con-el-espectaculo-artantxuriketan\/"},"wordCount":577,"commentCount":0,"publisher":{"@id":"https:\/\/www.laguiadepamplona.com\/actualidad\/#organization"},"image":{"@id":"https:\/\/www.laguiadepamplona.com\/actualidad\/ansa-ahizpak-ama-acercan-este-miercoles-la-tradicion-oral-en-euskera-a-la-sala-gotica-de-condestable-con-el-espectaculo-artantxuriketan\/#primaryimage"},"thumbnailUrl":"https:\/\/www.laguiadepamplona.com\/actualidad\/wp-content\/uploads\/2018\/02\/18.02.06_artantxuriketan1.jpg","articleSection":["Ayto Pamplona"],"inLanguage":"es","potentialAction":[{"@type":"CommentAction","name":"Comment","target":["https:\/\/www.laguiadepamplona.com\/actualidad\/ansa-ahizpak-ama-acercan-este-miercoles-la-tradicion-oral-en-euskera-a-la-sala-gotica-de-condestable-con-el-espectaculo-artantxuriketan\/#respond"]}]},{"@type":"WebPage","@id":"https:\/\/www.laguiadepamplona.com\/actualidad\/ansa-ahizpak-ama-acercan-este-miercoles-la-tradicion-oral-en-euskera-a-la-sala-gotica-de-condestable-con-el-espectaculo-artantxuriketan\/","url":"https:\/\/www.laguiadepamplona.com\/actualidad\/ansa-ahizpak-ama-acercan-este-miercoles-la-tradicion-oral-en-euskera-a-la-sala-gotica-de-condestable-con-el-espectaculo-artantxuriketan\/","name":"Ansa ahizpak & ama acercan este mi\u00e9rcoles la tradici\u00f3n oral en euskera a la Sala G\u00f3tica de Condestable con el espect\u00e1culo \u201cARTAnTXURIKETAN\u201d","isPartOf":{"@id":"https:\/\/www.laguiadepamplona.com\/actualidad\/#website"},"primaryImageOfPage":{"@id":"https:\/\/www.laguiadepamplona.com\/actualidad\/ansa-ahizpak-ama-acercan-este-miercoles-la-tradicion-oral-en-euskera-a-la-sala-gotica-de-condestable-con-el-espectaculo-artantxuriketan\/#primaryimage"},"image":{"@id":"https:\/\/www.laguiadepamplona.com\/actualidad\/ansa-ahizpak-ama-acercan-este-miercoles-la-tradicion-oral-en-euskera-a-la-sala-gotica-de-condestable-con-el-espectaculo-artantxuriketan\/#primaryimage"},"thumbnailUrl":"https:\/\/www.laguiadepamplona.com\/actualidad\/wp-content\/uploads\/2018\/02\/18.02.06_artantxuriketan1.jpg","datePublished":"2018-02-06T12:02:55+00:00","breadcrumb":{"@id":"https:\/\/www.laguiadepamplona.com\/actualidad\/ansa-ahizpak-ama-acercan-este-miercoles-la-tradicion-oral-en-euskera-a-la-sala-gotica-de-condestable-con-el-espectaculo-artantxuriketan\/#breadcrumb"},"inLanguage":"es","potentialAction":[{"@type":"ReadAction","target":["https:\/\/www.laguiadepamplona.com\/actualidad\/ansa-ahizpak-ama-acercan-este-miercoles-la-tradicion-oral-en-euskera-a-la-sala-gotica-de-condestable-con-el-espectaculo-artantxuriketan\/"]}]},{"@type":"ImageObject","inLanguage":"es","@id":"https:\/\/www.laguiadepamplona.com\/actualidad\/ansa-ahizpak-ama-acercan-este-miercoles-la-tradicion-oral-en-euskera-a-la-sala-gotica-de-condestable-con-el-espectaculo-artantxuriketan\/#primaryimage","url":"https:\/\/www.laguiadepamplona.com\/actualidad\/wp-content\/uploads\/2018\/02\/18.02.06_artantxuriketan1.jpg","contentUrl":"https:\/\/www.laguiadepamplona.com\/actualidad\/wp-content\/uploads\/2018\/02\/18.02.06_artantxuriketan1.jpg","width":1000,"height":988},{"@type":"BreadcrumbList","@id":"https:\/\/www.laguiadepamplona.com\/actualidad\/ansa-ahizpak-ama-acercan-este-miercoles-la-tradicion-oral-en-euskera-a-la-sala-gotica-de-condestable-con-el-espectaculo-artantxuriketan\/#breadcrumb","itemListElement":[{"@type":"ListItem","position":1,"name":"Portada","item":"https:\/\/www.laguiadepamplona.com\/actualidad\/"},{"@type":"ListItem","position":2,"name":"Ansa ahizpak &#038; ama acercan este mi\u00e9rcoles la tradici\u00f3n oral en euskera a la Sala G\u00f3tica de Condestable con el espect\u00e1culo \u201cARTAnTXURIKETAN\u201d"}]},{"@type":"WebSite","@id":"https:\/\/www.laguiadepamplona.com\/actualidad\/#website","url":"https:\/\/www.laguiadepamplona.com\/actualidad\/","name":"La gu\u00eda de Pamplona","description":"Noticias de Pamplona","publisher":{"@id":"https:\/\/www.laguiadepamplona.com\/actualidad\/#organization"},"potentialAction":[{"@type":"SearchAction","target":{"@type":"EntryPoint","urlTemplate":"https:\/\/www.laguiadepamplona.com\/actualidad\/?s={search_term_string}"},"query-input":{"@type":"PropertyValueSpecification","valueRequired":true,"valueName":"search_term_string"}}],"inLanguage":"es"},{"@type":"Organization","@id":"https:\/\/www.laguiadepamplona.com\/actualidad\/#organization","name":"La Gu\u00eda de Pamplona \/ Noticias","url":"https:\/\/www.laguiadepamplona.com\/actualidad\/","logo":{"@type":"ImageObject","inLanguage":"es","@id":"https:\/\/www.laguiadepamplona.com\/actualidad\/#\/schema\/logo\/image\/","url":"https:\/\/www.laguiadepamplona.com\/actualidad\/wp-content\/uploads\/2018\/11\/logo-laguiadepamplona18-web1.png","contentUrl":"https:\/\/www.laguiadepamplona.com\/actualidad\/wp-content\/uploads\/2018\/11\/logo-laguiadepamplona18-web1.png","width":600,"height":196,"caption":"La Gu\u00eda de Pamplona \/ Noticias"},"image":{"@id":"https:\/\/www.laguiadepamplona.com\/actualidad\/#\/schema\/logo\/image\/"},"sameAs":["https:\/\/www.facebook.com\/laguiadepamplonacom-133175176762273\/?ref=hl","https:\/\/x.com\/LaGuiadPamplona","https:\/\/www.instagram.com\/la_guia_de_pamplona\/","https:\/\/www.youtube.com\/user\/laguiadepamplona"]},{"@type":"Person","@id":"https:\/\/www.laguiadepamplona.com\/actualidad\/#\/schema\/person\/efe887376f0213d4657c93adc50b1fdb","name":"La Gu\u00eda de Pamplona","image":{"@type":"ImageObject","inLanguage":"es","@id":"https:\/\/secure.gravatar.com\/avatar\/b6992f131dc8d30ab0dff15446e9d346d9dbd95992de0fef795073f5ea83a81c?s=96&d=mm&r=g","url":"https:\/\/secure.gravatar.com\/avatar\/b6992f131dc8d30ab0dff15446e9d346d9dbd95992de0fef795073f5ea83a81c?s=96&d=mm&r=g","contentUrl":"https:\/\/secure.gravatar.com\/avatar\/b6992f131dc8d30ab0dff15446e9d346d9dbd95992de0fef795073f5ea83a81c?s=96&d=mm&r=g","caption":"La Gu\u00eda de Pamplona"}}]}},"post_mailing_queue_ids":[],"_links":{"self":[{"href":"https:\/\/www.laguiadepamplona.com\/actualidad\/wp-json\/wp\/v2\/posts\/15990","targetHints":{"allow":["GET"]}}],"collection":[{"href":"https:\/\/www.laguiadepamplona.com\/actualidad\/wp-json\/wp\/v2\/posts"}],"about":[{"href":"https:\/\/www.laguiadepamplona.com\/actualidad\/wp-json\/wp\/v2\/types\/post"}],"author":[{"embeddable":true,"href":"https:\/\/www.laguiadepamplona.com\/actualidad\/wp-json\/wp\/v2\/users\/1"}],"replies":[{"embeddable":true,"href":"https:\/\/www.laguiadepamplona.com\/actualidad\/wp-json\/wp\/v2\/comments?post=15990"}],"version-history":[{"count":0,"href":"https:\/\/www.laguiadepamplona.com\/actualidad\/wp-json\/wp\/v2\/posts\/15990\/revisions"}],"wp:featuredmedia":[{"embeddable":true,"href":"https:\/\/www.laguiadepamplona.com\/actualidad\/wp-json\/wp\/v2\/media\/15991"}],"wp:attachment":[{"href":"https:\/\/www.laguiadepamplona.com\/actualidad\/wp-json\/wp\/v2\/media?parent=15990"}],"wp:term":[{"taxonomy":"category","embeddable":true,"href":"https:\/\/www.laguiadepamplona.com\/actualidad\/wp-json\/wp\/v2\/categories?post=15990"},{"taxonomy":"post_tag","embeddable":true,"href":"https:\/\/www.laguiadepamplona.com\/actualidad\/wp-json\/wp\/v2\/tags?post=15990"}],"curies":[{"name":"wp","href":"https:\/\/api.w.org\/{rel}","templated":true}]}}