{"id":1599,"date":"2014-05-15T12:33:16","date_gmt":"2014-05-15T11:33:16","guid":{"rendered":"http:\/\/laguiadepamplona.es\/noticias\/?p=1599"},"modified":"2014-05-15T12:33:16","modified_gmt":"2014-05-15T11:33:16","slug":"la-exposicion-sugerencias-de-los-sentidos-une-en-la-ciudadela-danza-y-pintura-con-cuadros-de-dos-artistas-de-tecnicas-y-estilos-diferentes","status":"publish","type":"post","link":"https:\/\/www.laguiadepamplona.com\/actualidad\/la-exposicion-sugerencias-de-los-sentidos-une-en-la-ciudadela-danza-y-pintura-con-cuadros-de-dos-artistas-de-tecnicas-y-estilos-diferentes\/","title":{"rendered":"La exposici\u00f3n \u2018Sugerencias de los sentidos\u2019 une en la Ciudadela danza y pintura, con cuadros de dos artistas de t\u00e9cnicas y estilos diferentes"},"content":{"rendered":"<h4>En el proyecto, comisariado por Viviana Alegre, participan Cristina del Rosso, Ascensi\u00f3n Moratinos y Becky Siegel<\/h4>\n<p><a href=\"http:\/\/laguiadepamplona.es\/noticias\/wp-content\/uploads\/2014\/03\/pabellon-mixtos-ciudadela-pamplona.jpg\"><img loading=\"lazy\" decoding=\"async\" class=\"alignleft size-medium wp-image-835\" src=\"http:\/\/laguiadepamplona.es\/noticias\/wp-content\/uploads\/2014\/03\/pabellon-mixtos-ciudadela-pamplona-300x224.jpg\" alt=\"pabellon-mixtos-ciudadela-pamplona\" width=\"300\" height=\"224\" \/><\/a>La exposici\u00f3n \u2018\u2018Sugerencias de los sentidos\u2019 une en el Pabell\u00f3n de Mixtos de la Ciudadela la danza y pintura de la mano de una bailarina y de dos pintoras con estilos y t\u00e9cnicas diferentes. En el proyecto, comisariado por Viviana Alegre, participan Cristina del Rosso, Ascensi\u00f3n Moratinos y Becky Siegel. En la rueda de prensa de presentaci\u00f3n han participado el concejal delegado de Educaci\u00f3n y Cultura, Ferm\u00edn Alonso, la comisaria, Viviana Alegre, y las pintoras, Cristina del Rosso y Ascensi\u00f3n Moratinos. La muestra permanecer\u00e1 abierta al p\u00fablico hasta el 29 de junio y el horario de visita es de martes a viernes de 18.30 a 21 horas; los s\u00e1bados de 12 a 14 y de 18.30 a 21 horas; y los domingos y festivos de 12 a 14 horas.<\/p>\n<p>En palabras de la propia comisaria se trata de una muestra en la que se unen variados discursos art\u00edsticos que apelan a las infinitas sugerencias de los sentidos y a la experiencia est\u00e9tica, teniendo en cuenta que \u201ccuando la organizaci\u00f3n espacial y formal del arte no repite ni copia s\u00edmbolos ya hechos, sino que crea permanentemente una simbolog\u00eda propia, se abre paso al sentido m\u00e1s pleno y genuino de la existencia\u201d.<\/p>\n<p><strong>Actuaciones de danza y m\u00fasica y una visita guiada<\/strong><\/p>\n<p>Complementando la muestra se han organizado una serie de actividades. El 16 de mayo la inauguraci\u00f3n, que ser\u00e1 a las 19 horas, contar\u00e1 con la actuaci\u00f3n del Coro Laus in Voce. Posteriormente, el 1 de junio habr\u00e1 una visita guiada con Viviana Alegre, Cristina del Rosso y Ascensi\u00f3n Moratinos a las 12.30 horas.<\/p>\n<p>La actuaci\u00f3n del taller de Danza Kon moci\u00f3n de Becky Siegel, que ha preparado un espect\u00e1culo especial para la ocasi\u00f3n inspirado en las obras de la muestra, ser\u00e1 el 13 de junio a las 19 horas. Por \u00faltimo, el 27 de junio, a la misma hora, las siete de la tarde, actuar\u00e1 el Tr\u00edo Ismet.<\/p>\n<p>&nbsp;<\/p>\n<p><strong>Obras de \u00f3leo-pintura y con lej\u00eda<\/strong><\/p>\n<p>Cristina del Rosso presenta en la Ciudadela obras en las que se suceden jardines, girasoles, geranios, nen\u00fafares, rosales y otras flores realizadas al \u00f3leo-pintura \u201ccon una pincelada suelta y un color radiante y puro\u201d que ha acompa\u00f1ado a la pintora desde sus inicios. Cristina del Rosso particip\u00f3 en su primera exposici\u00f3n en 1986, una colectiva realizada en Buenos Aires. Sus trabajos se han presentado tambi\u00e9n en Chile, Alemania, Jap\u00f3n, Italia y Brasil, adem\u00e1s de en distintos espacios expositivos de Pamplona. Ha sido reconocida con premios de la Artaddiction Gallery de Londres, de la Sociedad Nacional de Bellas Artes de Chile, de la Municipalidad de Vicatura tambi\u00e9n en Chile y de la Embajada de Brasil en Santiago de Chile.<\/p>\n<p>La otra pintora presente en la exposici\u00f3n es Ascensi\u00f3n Moratinos Espinosa, licenciada en Bellas Artes y con cursos de dise\u00f1o en la Escola d\u2019Arts i Tecniques de la Moda de Barcelona. Sus pinturas, elaboradas con una t\u00e9cnica que incorpora la lej\u00eda como principal elemento, son estudios de cuerpos desnudos. La artista la define como \u201cuna t\u00e9cnica lenta y laboriosa\u201d al mismo tiempo que reconoce la influencia en su obra de los pintores Antonio L\u00f3pez y de su maestro Mikel Esparza. Ascensi\u00f3n Moratinos trabaja como profesora de dibujo y pintura y ha realizado exposiciones en Tenerife, Berl\u00edn, Brasilia y Torrelavega, entre otros lugares.<\/p>\n<p><strong>Con inicios en Estados Unidos y Argentina<\/strong><\/p>\n<p>Becky Siegel naci\u00f3 en Denver (Colorado) aunque se form\u00f3 en Nueva York llegando a licenciare por la Universidad de Columbia con <em>summa cum laude<\/em>. En esa ciudad trabaj\u00f3 con destacadas figuras de la vanguardia neoyorkina y form\u00f3 su propia compa\u00f1\u00eda, Timebenders. En 1986 se traslad\u00f3 a Barcelona siendo profesora invitada para algunas de las compa\u00f1\u00edas m\u00e1s importantes de Espa\u00f1a. Desde 1992 reside en Pamplona donde imparte clases de Danza Contempor\u00e1nea e Improvisaci\u00f3n, principalmente en la Escuela Navarra de Teatro lo que le ha permitido colaborar en numerosas producciones teatrales. Desde 1994 es directora de Tempomobile Compa\u00f1\u00eda de Danza. En 2007 impuls\u00f3 Kon moci\u00f3n Taller de Danza, compa\u00f1\u00eda residente en el Centro Huarte de Arte Contempor\u00e1neo y que se dedica a la investigaci\u00f3n del movimiento, la improvisaci\u00f3n y la relaci\u00f3n entre las artes.<\/p>\n<p>La comisaria Viviana Alegre Obligado se form\u00f3 en la Universidad Nacional de C\u00f3rdoba en Argentina, pa\u00eds en el que comenz\u00f3 su carrera profesional. Lleg\u00f3 a Espa\u00f1a en 1999 para cursar el Master of Arts de la Universidad de Navarra. Actualmente trabaja en la Universidad de Navarra como coordinadora del programa Senior y contin\u00faa con sus investigaciones sobre las pedagog\u00edas culturales y sobre la educaci\u00f3n universitaria del adulto mayor.<\/p>\n<p>&nbsp;<\/p>\n<p><strong>Exposici\u00f3n \u2018Sugerencia de los sentidos\u2019. Pabell\u00f3n de mixtos.\u00a0 16 de mayo-29 de junio<\/strong><\/p>\n<ul>\n<li><strong>16 de mayo<\/strong>: inauguraci\u00f3n con la actuaci\u00f3n del Coro Laus in Voce. 19 horas<\/li>\n<li><strong>1 de junio:<\/strong> visita guiada con Viviana Alegre, Cristina del Rosso y Ascensi\u00f3n Moratinos12.30 horas<\/li>\n<li><strong>13 de junio<\/strong>: actuaci\u00f3n del taller de Danza Kon moci\u00f3n. 19 horas<\/li>\n<li><strong>27 de junio<\/strong>: actuaci\u00f3n del Tr\u00edo Ismet. 19 horas<\/li>\n<\/ul>\n<p>&nbsp;<\/p>\n","protected":false},"excerpt":{"rendered":"<p>En el proyecto, comisariado por Viviana Alegre, participan Cristina del Rosso, Ascensi\u00f3n Moratinos y Becky Siegel La exposici\u00f3n \u2018\u2018Sugerencias de los sentidos\u2019 une en el Pabell\u00f3n de Mixtos de la&#8230;<\/p>\n","protected":false},"author":1,"featured_media":835,"comment_status":"open","ping_status":"open","sticky":false,"template":"","format":"standard","meta":{"footnotes":""},"categories":[2],"tags":[5,6,509,42,1224,8,1225,9,1226],"class_list":["post-1599","post","type-post","status-publish","format-standard","has-post-thumbnail","hentry","category-ayuntamiento-pamplona","tag-actualidad","tag-ayto-pamplona","tag-ayuntamiento-de-pamplona","tag-ciudadela","tag-danza-y-pintura","tag-noticias","tag-pabellon-de-mixtos","tag-pamplona","tag-sugerencias-de-los-sentidos"],"yoast_head":"<!-- This site is optimized with the Yoast SEO plugin v27.5 - https:\/\/yoast.com\/product\/yoast-seo-wordpress\/ -->\n<title>La exposici\u00f3n \u2018Sugerencias de los sentidos\u2019 une en la Ciudadela danza y pintura, con cuadros de dos artistas de t\u00e9cnicas y estilos diferentes<\/title>\n<meta name=\"robots\" content=\"index, follow, max-snippet:-1, max-image-preview:large, max-video-preview:-1\" \/>\n<link rel=\"canonical\" href=\"https:\/\/www.laguiadepamplona.com\/actualidad\/la-exposicion-sugerencias-de-los-sentidos-une-en-la-ciudadela-danza-y-pintura-con-cuadros-de-dos-artistas-de-tecnicas-y-estilos-diferentes\/\" \/>\n<meta property=\"og:locale\" content=\"es_ES\" \/>\n<meta property=\"og:type\" content=\"article\" \/>\n<meta property=\"og:title\" content=\"La exposici\u00f3n \u2018Sugerencias de los sentidos\u2019 une en la Ciudadela danza y pintura, con cuadros de dos artistas de t\u00e9cnicas y estilos diferentes\" \/>\n<meta property=\"og:description\" content=\"En el proyecto, comisariado por Viviana Alegre, participan Cristina del Rosso, Ascensi\u00f3n Moratinos y Becky Siegel La exposici\u00f3n \u2018\u2018Sugerencias de los sentidos\u2019 une en el Pabell\u00f3n de Mixtos de la...\" \/>\n<meta property=\"og:url\" content=\"https:\/\/www.laguiadepamplona.com\/actualidad\/la-exposicion-sugerencias-de-los-sentidos-une-en-la-ciudadela-danza-y-pintura-con-cuadros-de-dos-artistas-de-tecnicas-y-estilos-diferentes\/\" \/>\n<meta property=\"og:site_name\" content=\"La Gu\u00eda de Pamplona\" \/>\n<meta property=\"article:publisher\" content=\"https:\/\/www.facebook.com\/laguiadepamplonacom-133175176762273\/?ref=hl\" \/>\n<meta property=\"article:published_time\" content=\"2014-05-15T11:33:16+00:00\" \/>\n<meta name=\"author\" content=\"La Gu\u00eda de Pamplona\" \/>\n<meta name=\"twitter:card\" content=\"summary_large_image\" \/>\n<meta name=\"twitter:creator\" content=\"@LaGuiadPamplona\" \/>\n<meta name=\"twitter:site\" content=\"@LaGuiadPamplona\" \/>\n<meta name=\"twitter:label1\" content=\"Escrito por\" \/>\n\t<meta name=\"twitter:data1\" content=\"La Gu\u00eda de Pamplona\" \/>\n\t<meta name=\"twitter:label2\" content=\"Tiempo de lectura\" \/>\n\t<meta name=\"twitter:data2\" content=\"4 minutos\" \/>\n<script type=\"application\/ld+json\" class=\"yoast-schema-graph\">{\"@context\":\"https:\\\/\\\/schema.org\",\"@graph\":[{\"@type\":\"Article\",\"@id\":\"https:\\\/\\\/www.laguiadepamplona.com\\\/actualidad\\\/la-exposicion-sugerencias-de-los-sentidos-une-en-la-ciudadela-danza-y-pintura-con-cuadros-de-dos-artistas-de-tecnicas-y-estilos-diferentes\\\/#article\",\"isPartOf\":{\"@id\":\"https:\\\/\\\/www.laguiadepamplona.com\\\/actualidad\\\/la-exposicion-sugerencias-de-los-sentidos-une-en-la-ciudadela-danza-y-pintura-con-cuadros-de-dos-artistas-de-tecnicas-y-estilos-diferentes\\\/\"},\"author\":{\"name\":\"La Gu\u00eda de Pamplona\",\"@id\":\"https:\\\/\\\/www.laguiadepamplona.com\\\/actualidad\\\/#\\\/schema\\\/person\\\/efe887376f0213d4657c93adc50b1fdb\"},\"headline\":\"La exposici\u00f3n \u2018Sugerencias de los sentidos\u2019 une en la Ciudadela danza y pintura, con cuadros de dos artistas de t\u00e9cnicas y estilos diferentes\",\"datePublished\":\"2014-05-15T11:33:16+00:00\",\"mainEntityOfPage\":{\"@id\":\"https:\\\/\\\/www.laguiadepamplona.com\\\/actualidad\\\/la-exposicion-sugerencias-de-los-sentidos-une-en-la-ciudadela-danza-y-pintura-con-cuadros-de-dos-artistas-de-tecnicas-y-estilos-diferentes\\\/\"},\"wordCount\":899,\"commentCount\":0,\"publisher\":{\"@id\":\"https:\\\/\\\/www.laguiadepamplona.com\\\/actualidad\\\/#organization\"},\"image\":{\"@id\":\"https:\\\/\\\/www.laguiadepamplona.com\\\/actualidad\\\/la-exposicion-sugerencias-de-los-sentidos-une-en-la-ciudadela-danza-y-pintura-con-cuadros-de-dos-artistas-de-tecnicas-y-estilos-diferentes\\\/#primaryimage\"},\"thumbnailUrl\":\"\",\"keywords\":[\"actualidad\",\"ayto pamplona\",\"Ayuntamiento de Pamplona\",\"ciudadela\",\"danza y pintura\",\"noticias\",\"Pabell\u00f3n de Mixtos\",\"pamplona\",\"Sugerencias de los sentidos\"],\"articleSection\":[\"Ayto Pamplona\"],\"inLanguage\":\"es\",\"potentialAction\":[{\"@type\":\"CommentAction\",\"name\":\"Comment\",\"target\":[\"https:\\\/\\\/www.laguiadepamplona.com\\\/actualidad\\\/la-exposicion-sugerencias-de-los-sentidos-une-en-la-ciudadela-danza-y-pintura-con-cuadros-de-dos-artistas-de-tecnicas-y-estilos-diferentes\\\/#respond\"]}]},{\"@type\":\"WebPage\",\"@id\":\"https:\\\/\\\/www.laguiadepamplona.com\\\/actualidad\\\/la-exposicion-sugerencias-de-los-sentidos-une-en-la-ciudadela-danza-y-pintura-con-cuadros-de-dos-artistas-de-tecnicas-y-estilos-diferentes\\\/\",\"url\":\"https:\\\/\\\/www.laguiadepamplona.com\\\/actualidad\\\/la-exposicion-sugerencias-de-los-sentidos-une-en-la-ciudadela-danza-y-pintura-con-cuadros-de-dos-artistas-de-tecnicas-y-estilos-diferentes\\\/\",\"name\":\"La exposici\u00f3n \u2018Sugerencias de los sentidos\u2019 une en la Ciudadela danza y pintura, con cuadros de dos artistas de t\u00e9cnicas y estilos diferentes\",\"isPartOf\":{\"@id\":\"https:\\\/\\\/www.laguiadepamplona.com\\\/actualidad\\\/#website\"},\"primaryImageOfPage\":{\"@id\":\"https:\\\/\\\/www.laguiadepamplona.com\\\/actualidad\\\/la-exposicion-sugerencias-de-los-sentidos-une-en-la-ciudadela-danza-y-pintura-con-cuadros-de-dos-artistas-de-tecnicas-y-estilos-diferentes\\\/#primaryimage\"},\"image\":{\"@id\":\"https:\\\/\\\/www.laguiadepamplona.com\\\/actualidad\\\/la-exposicion-sugerencias-de-los-sentidos-une-en-la-ciudadela-danza-y-pintura-con-cuadros-de-dos-artistas-de-tecnicas-y-estilos-diferentes\\\/#primaryimage\"},\"thumbnailUrl\":\"\",\"datePublished\":\"2014-05-15T11:33:16+00:00\",\"breadcrumb\":{\"@id\":\"https:\\\/\\\/www.laguiadepamplona.com\\\/actualidad\\\/la-exposicion-sugerencias-de-los-sentidos-une-en-la-ciudadela-danza-y-pintura-con-cuadros-de-dos-artistas-de-tecnicas-y-estilos-diferentes\\\/#breadcrumb\"},\"inLanguage\":\"es\",\"potentialAction\":[{\"@type\":\"ReadAction\",\"target\":[\"https:\\\/\\\/www.laguiadepamplona.com\\\/actualidad\\\/la-exposicion-sugerencias-de-los-sentidos-une-en-la-ciudadela-danza-y-pintura-con-cuadros-de-dos-artistas-de-tecnicas-y-estilos-diferentes\\\/\"]}]},{\"@type\":\"ImageObject\",\"inLanguage\":\"es\",\"@id\":\"https:\\\/\\\/www.laguiadepamplona.com\\\/actualidad\\\/la-exposicion-sugerencias-de-los-sentidos-une-en-la-ciudadela-danza-y-pintura-con-cuadros-de-dos-artistas-de-tecnicas-y-estilos-diferentes\\\/#primaryimage\",\"url\":\"\",\"contentUrl\":\"\"},{\"@type\":\"BreadcrumbList\",\"@id\":\"https:\\\/\\\/www.laguiadepamplona.com\\\/actualidad\\\/la-exposicion-sugerencias-de-los-sentidos-une-en-la-ciudadela-danza-y-pintura-con-cuadros-de-dos-artistas-de-tecnicas-y-estilos-diferentes\\\/#breadcrumb\",\"itemListElement\":[{\"@type\":\"ListItem\",\"position\":1,\"name\":\"Portada\",\"item\":\"https:\\\/\\\/www.laguiadepamplona.com\\\/actualidad\\\/\"},{\"@type\":\"ListItem\",\"position\":2,\"name\":\"La exposici\u00f3n \u2018Sugerencias de los sentidos\u2019 une en la Ciudadela danza y pintura, con cuadros de dos artistas de t\u00e9cnicas y estilos diferentes\"}]},{\"@type\":\"WebSite\",\"@id\":\"https:\\\/\\\/www.laguiadepamplona.com\\\/actualidad\\\/#website\",\"url\":\"https:\\\/\\\/www.laguiadepamplona.com\\\/actualidad\\\/\",\"name\":\"La gu\u00eda de Pamplona\",\"description\":\"Noticias de Pamplona\",\"publisher\":{\"@id\":\"https:\\\/\\\/www.laguiadepamplona.com\\\/actualidad\\\/#organization\"},\"potentialAction\":[{\"@type\":\"SearchAction\",\"target\":{\"@type\":\"EntryPoint\",\"urlTemplate\":\"https:\\\/\\\/www.laguiadepamplona.com\\\/actualidad\\\/?s={search_term_string}\"},\"query-input\":{\"@type\":\"PropertyValueSpecification\",\"valueRequired\":true,\"valueName\":\"search_term_string\"}}],\"inLanguage\":\"es\"},{\"@type\":\"Organization\",\"@id\":\"https:\\\/\\\/www.laguiadepamplona.com\\\/actualidad\\\/#organization\",\"name\":\"La Gu\u00eda de Pamplona \\\/ Noticias\",\"url\":\"https:\\\/\\\/www.laguiadepamplona.com\\\/actualidad\\\/\",\"logo\":{\"@type\":\"ImageObject\",\"inLanguage\":\"es\",\"@id\":\"https:\\\/\\\/www.laguiadepamplona.com\\\/actualidad\\\/#\\\/schema\\\/logo\\\/image\\\/\",\"url\":\"https:\\\/\\\/www.laguiadepamplona.com\\\/actualidad\\\/wp-content\\\/uploads\\\/2018\\\/11\\\/logo-laguiadepamplona18-web1.png\",\"contentUrl\":\"https:\\\/\\\/www.laguiadepamplona.com\\\/actualidad\\\/wp-content\\\/uploads\\\/2018\\\/11\\\/logo-laguiadepamplona18-web1.png\",\"width\":600,\"height\":196,\"caption\":\"La Gu\u00eda de Pamplona \\\/ Noticias\"},\"image\":{\"@id\":\"https:\\\/\\\/www.laguiadepamplona.com\\\/actualidad\\\/#\\\/schema\\\/logo\\\/image\\\/\"},\"sameAs\":[\"https:\\\/\\\/www.facebook.com\\\/laguiadepamplonacom-133175176762273\\\/?ref=hl\",\"https:\\\/\\\/x.com\\\/LaGuiadPamplona\",\"https:\\\/\\\/www.instagram.com\\\/la_guia_de_pamplona\\\/\",\"https:\\\/\\\/www.youtube.com\\\/user\\\/laguiadepamplona\"]},{\"@type\":\"Person\",\"@id\":\"https:\\\/\\\/www.laguiadepamplona.com\\\/actualidad\\\/#\\\/schema\\\/person\\\/efe887376f0213d4657c93adc50b1fdb\",\"name\":\"La Gu\u00eda de Pamplona\",\"image\":{\"@type\":\"ImageObject\",\"inLanguage\":\"es\",\"@id\":\"https:\\\/\\\/secure.gravatar.com\\\/avatar\\\/b6992f131dc8d30ab0dff15446e9d346d9dbd95992de0fef795073f5ea83a81c?s=96&d=mm&r=g\",\"url\":\"https:\\\/\\\/secure.gravatar.com\\\/avatar\\\/b6992f131dc8d30ab0dff15446e9d346d9dbd95992de0fef795073f5ea83a81c?s=96&d=mm&r=g\",\"contentUrl\":\"https:\\\/\\\/secure.gravatar.com\\\/avatar\\\/b6992f131dc8d30ab0dff15446e9d346d9dbd95992de0fef795073f5ea83a81c?s=96&d=mm&r=g\",\"caption\":\"La Gu\u00eda de Pamplona\"}}]}<\/script>\n<!-- \/ Yoast SEO plugin. -->","yoast_head_json":{"title":"La exposici\u00f3n \u2018Sugerencias de los sentidos\u2019 une en la Ciudadela danza y pintura, con cuadros de dos artistas de t\u00e9cnicas y estilos diferentes","robots":{"index":"index","follow":"follow","max-snippet":"max-snippet:-1","max-image-preview":"max-image-preview:large","max-video-preview":"max-video-preview:-1"},"canonical":"https:\/\/www.laguiadepamplona.com\/actualidad\/la-exposicion-sugerencias-de-los-sentidos-une-en-la-ciudadela-danza-y-pintura-con-cuadros-de-dos-artistas-de-tecnicas-y-estilos-diferentes\/","og_locale":"es_ES","og_type":"article","og_title":"La exposici\u00f3n \u2018Sugerencias de los sentidos\u2019 une en la Ciudadela danza y pintura, con cuadros de dos artistas de t\u00e9cnicas y estilos diferentes","og_description":"En el proyecto, comisariado por Viviana Alegre, participan Cristina del Rosso, Ascensi\u00f3n Moratinos y Becky Siegel La exposici\u00f3n \u2018\u2018Sugerencias de los sentidos\u2019 une en el Pabell\u00f3n de Mixtos de la...","og_url":"https:\/\/www.laguiadepamplona.com\/actualidad\/la-exposicion-sugerencias-de-los-sentidos-une-en-la-ciudadela-danza-y-pintura-con-cuadros-de-dos-artistas-de-tecnicas-y-estilos-diferentes\/","og_site_name":"La Gu\u00eda de Pamplona","article_publisher":"https:\/\/www.facebook.com\/laguiadepamplonacom-133175176762273\/?ref=hl","article_published_time":"2014-05-15T11:33:16+00:00","author":"La Gu\u00eda de Pamplona","twitter_card":"summary_large_image","twitter_creator":"@LaGuiadPamplona","twitter_site":"@LaGuiadPamplona","twitter_misc":{"Escrito por":"La Gu\u00eda de Pamplona","Tiempo de lectura":"4 minutos"},"schema":{"@context":"https:\/\/schema.org","@graph":[{"@type":"Article","@id":"https:\/\/www.laguiadepamplona.com\/actualidad\/la-exposicion-sugerencias-de-los-sentidos-une-en-la-ciudadela-danza-y-pintura-con-cuadros-de-dos-artistas-de-tecnicas-y-estilos-diferentes\/#article","isPartOf":{"@id":"https:\/\/www.laguiadepamplona.com\/actualidad\/la-exposicion-sugerencias-de-los-sentidos-une-en-la-ciudadela-danza-y-pintura-con-cuadros-de-dos-artistas-de-tecnicas-y-estilos-diferentes\/"},"author":{"name":"La Gu\u00eda de Pamplona","@id":"https:\/\/www.laguiadepamplona.com\/actualidad\/#\/schema\/person\/efe887376f0213d4657c93adc50b1fdb"},"headline":"La exposici\u00f3n \u2018Sugerencias de los sentidos\u2019 une en la Ciudadela danza y pintura, con cuadros de dos artistas de t\u00e9cnicas y estilos diferentes","datePublished":"2014-05-15T11:33:16+00:00","mainEntityOfPage":{"@id":"https:\/\/www.laguiadepamplona.com\/actualidad\/la-exposicion-sugerencias-de-los-sentidos-une-en-la-ciudadela-danza-y-pintura-con-cuadros-de-dos-artistas-de-tecnicas-y-estilos-diferentes\/"},"wordCount":899,"commentCount":0,"publisher":{"@id":"https:\/\/www.laguiadepamplona.com\/actualidad\/#organization"},"image":{"@id":"https:\/\/www.laguiadepamplona.com\/actualidad\/la-exposicion-sugerencias-de-los-sentidos-une-en-la-ciudadela-danza-y-pintura-con-cuadros-de-dos-artistas-de-tecnicas-y-estilos-diferentes\/#primaryimage"},"thumbnailUrl":"","keywords":["actualidad","ayto pamplona","Ayuntamiento de Pamplona","ciudadela","danza y pintura","noticias","Pabell\u00f3n de Mixtos","pamplona","Sugerencias de los sentidos"],"articleSection":["Ayto Pamplona"],"inLanguage":"es","potentialAction":[{"@type":"CommentAction","name":"Comment","target":["https:\/\/www.laguiadepamplona.com\/actualidad\/la-exposicion-sugerencias-de-los-sentidos-une-en-la-ciudadela-danza-y-pintura-con-cuadros-de-dos-artistas-de-tecnicas-y-estilos-diferentes\/#respond"]}]},{"@type":"WebPage","@id":"https:\/\/www.laguiadepamplona.com\/actualidad\/la-exposicion-sugerencias-de-los-sentidos-une-en-la-ciudadela-danza-y-pintura-con-cuadros-de-dos-artistas-de-tecnicas-y-estilos-diferentes\/","url":"https:\/\/www.laguiadepamplona.com\/actualidad\/la-exposicion-sugerencias-de-los-sentidos-une-en-la-ciudadela-danza-y-pintura-con-cuadros-de-dos-artistas-de-tecnicas-y-estilos-diferentes\/","name":"La exposici\u00f3n \u2018Sugerencias de los sentidos\u2019 une en la Ciudadela danza y pintura, con cuadros de dos artistas de t\u00e9cnicas y estilos diferentes","isPartOf":{"@id":"https:\/\/www.laguiadepamplona.com\/actualidad\/#website"},"primaryImageOfPage":{"@id":"https:\/\/www.laguiadepamplona.com\/actualidad\/la-exposicion-sugerencias-de-los-sentidos-une-en-la-ciudadela-danza-y-pintura-con-cuadros-de-dos-artistas-de-tecnicas-y-estilos-diferentes\/#primaryimage"},"image":{"@id":"https:\/\/www.laguiadepamplona.com\/actualidad\/la-exposicion-sugerencias-de-los-sentidos-une-en-la-ciudadela-danza-y-pintura-con-cuadros-de-dos-artistas-de-tecnicas-y-estilos-diferentes\/#primaryimage"},"thumbnailUrl":"","datePublished":"2014-05-15T11:33:16+00:00","breadcrumb":{"@id":"https:\/\/www.laguiadepamplona.com\/actualidad\/la-exposicion-sugerencias-de-los-sentidos-une-en-la-ciudadela-danza-y-pintura-con-cuadros-de-dos-artistas-de-tecnicas-y-estilos-diferentes\/#breadcrumb"},"inLanguage":"es","potentialAction":[{"@type":"ReadAction","target":["https:\/\/www.laguiadepamplona.com\/actualidad\/la-exposicion-sugerencias-de-los-sentidos-une-en-la-ciudadela-danza-y-pintura-con-cuadros-de-dos-artistas-de-tecnicas-y-estilos-diferentes\/"]}]},{"@type":"ImageObject","inLanguage":"es","@id":"https:\/\/www.laguiadepamplona.com\/actualidad\/la-exposicion-sugerencias-de-los-sentidos-une-en-la-ciudadela-danza-y-pintura-con-cuadros-de-dos-artistas-de-tecnicas-y-estilos-diferentes\/#primaryimage","url":"","contentUrl":""},{"@type":"BreadcrumbList","@id":"https:\/\/www.laguiadepamplona.com\/actualidad\/la-exposicion-sugerencias-de-los-sentidos-une-en-la-ciudadela-danza-y-pintura-con-cuadros-de-dos-artistas-de-tecnicas-y-estilos-diferentes\/#breadcrumb","itemListElement":[{"@type":"ListItem","position":1,"name":"Portada","item":"https:\/\/www.laguiadepamplona.com\/actualidad\/"},{"@type":"ListItem","position":2,"name":"La exposici\u00f3n \u2018Sugerencias de los sentidos\u2019 une en la Ciudadela danza y pintura, con cuadros de dos artistas de t\u00e9cnicas y estilos diferentes"}]},{"@type":"WebSite","@id":"https:\/\/www.laguiadepamplona.com\/actualidad\/#website","url":"https:\/\/www.laguiadepamplona.com\/actualidad\/","name":"La gu\u00eda de Pamplona","description":"Noticias de Pamplona","publisher":{"@id":"https:\/\/www.laguiadepamplona.com\/actualidad\/#organization"},"potentialAction":[{"@type":"SearchAction","target":{"@type":"EntryPoint","urlTemplate":"https:\/\/www.laguiadepamplona.com\/actualidad\/?s={search_term_string}"},"query-input":{"@type":"PropertyValueSpecification","valueRequired":true,"valueName":"search_term_string"}}],"inLanguage":"es"},{"@type":"Organization","@id":"https:\/\/www.laguiadepamplona.com\/actualidad\/#organization","name":"La Gu\u00eda de Pamplona \/ Noticias","url":"https:\/\/www.laguiadepamplona.com\/actualidad\/","logo":{"@type":"ImageObject","inLanguage":"es","@id":"https:\/\/www.laguiadepamplona.com\/actualidad\/#\/schema\/logo\/image\/","url":"https:\/\/www.laguiadepamplona.com\/actualidad\/wp-content\/uploads\/2018\/11\/logo-laguiadepamplona18-web1.png","contentUrl":"https:\/\/www.laguiadepamplona.com\/actualidad\/wp-content\/uploads\/2018\/11\/logo-laguiadepamplona18-web1.png","width":600,"height":196,"caption":"La Gu\u00eda de Pamplona \/ Noticias"},"image":{"@id":"https:\/\/www.laguiadepamplona.com\/actualidad\/#\/schema\/logo\/image\/"},"sameAs":["https:\/\/www.facebook.com\/laguiadepamplonacom-133175176762273\/?ref=hl","https:\/\/x.com\/LaGuiadPamplona","https:\/\/www.instagram.com\/la_guia_de_pamplona\/","https:\/\/www.youtube.com\/user\/laguiadepamplona"]},{"@type":"Person","@id":"https:\/\/www.laguiadepamplona.com\/actualidad\/#\/schema\/person\/efe887376f0213d4657c93adc50b1fdb","name":"La Gu\u00eda de Pamplona","image":{"@type":"ImageObject","inLanguage":"es","@id":"https:\/\/secure.gravatar.com\/avatar\/b6992f131dc8d30ab0dff15446e9d346d9dbd95992de0fef795073f5ea83a81c?s=96&d=mm&r=g","url":"https:\/\/secure.gravatar.com\/avatar\/b6992f131dc8d30ab0dff15446e9d346d9dbd95992de0fef795073f5ea83a81c?s=96&d=mm&r=g","contentUrl":"https:\/\/secure.gravatar.com\/avatar\/b6992f131dc8d30ab0dff15446e9d346d9dbd95992de0fef795073f5ea83a81c?s=96&d=mm&r=g","caption":"La Gu\u00eda de Pamplona"}}]}},"post_mailing_queue_ids":[],"_links":{"self":[{"href":"https:\/\/www.laguiadepamplona.com\/actualidad\/wp-json\/wp\/v2\/posts\/1599","targetHints":{"allow":["GET"]}}],"collection":[{"href":"https:\/\/www.laguiadepamplona.com\/actualidad\/wp-json\/wp\/v2\/posts"}],"about":[{"href":"https:\/\/www.laguiadepamplona.com\/actualidad\/wp-json\/wp\/v2\/types\/post"}],"author":[{"embeddable":true,"href":"https:\/\/www.laguiadepamplona.com\/actualidad\/wp-json\/wp\/v2\/users\/1"}],"replies":[{"embeddable":true,"href":"https:\/\/www.laguiadepamplona.com\/actualidad\/wp-json\/wp\/v2\/comments?post=1599"}],"version-history":[{"count":0,"href":"https:\/\/www.laguiadepamplona.com\/actualidad\/wp-json\/wp\/v2\/posts\/1599\/revisions"}],"wp:featuredmedia":[{"embeddable":true,"href":"https:\/\/www.laguiadepamplona.com\/actualidad\/wp-json\/"}],"wp:attachment":[{"href":"https:\/\/www.laguiadepamplona.com\/actualidad\/wp-json\/wp\/v2\/media?parent=1599"}],"wp:term":[{"taxonomy":"category","embeddable":true,"href":"https:\/\/www.laguiadepamplona.com\/actualidad\/wp-json\/wp\/v2\/categories?post=1599"},{"taxonomy":"post_tag","embeddable":true,"href":"https:\/\/www.laguiadepamplona.com\/actualidad\/wp-json\/wp\/v2\/tags?post=1599"}],"curies":[{"name":"wp","href":"https:\/\/api.w.org\/{rel}","templated":true}]}}