{"id":15988,"date":"2018-02-06T12:58:22","date_gmt":"2018-02-06T11:58:22","guid":{"rendered":"http:\/\/laguiadepamplona.es\/actualidad\/?p=15988"},"modified":"2018-02-06T12:58:22","modified_gmt":"2018-02-06T11:58:22","slug":"laboreos-abonados-y-cultivos-de-invierno-tareas-para-preparar-la-huerta-en-estos-meses-y-temas-de-la-charla-este-martes-del-museo-de-educacion-ambiental","status":"publish","type":"post","link":"https:\/\/www.laguiadepamplona.com\/actualidad\/laboreos-abonados-y-cultivos-de-invierno-tareas-para-preparar-la-huerta-en-estos-meses-y-temas-de-la-charla-este-martes-del-museo-de-educacion-ambiental\/","title":{"rendered":"Laboreos, abonados y cultivos de invierno, tareas para preparar la huerta en estos meses y temas de la charla este martes del Museo de Educaci\u00f3n Ambiental"},"content":{"rendered":"<h3>La impartir\u00e1 el agricultor ecol\u00f3gico Aingeru Tabar, a partir de las 19 horas, con entrada libre<\/h3>\n<p><!--more--><\/p>\n<p>El Museo de Educaci\u00f3n Ambiental acoge ma\u00f1ana martes una charla sobre las labores que se deben realizar durante el invierno en la huerta para tenerla preparada de cara a los meses venideros. La conferencia comenzar\u00e1 a las 19 horas, con entrada libre, y forma parte de la programaci\u00f3n del primer trimestre del a\u00f1o en el centro.<\/p>\n<p>La charla estar\u00e1 impartida por Aingeru Tabar, agricultor ecol\u00f3gico y horticultor con varios a\u00f1os de experiencia. Tabar trabaja la tierra en la localidad de Bidaurreta, entre la vega del r\u00edo Arga y la Sierra de Esparaz. La sesi\u00f3n se centrar\u00e1 en la planificaci\u00f3n de la huerta en los meses de invierno y en las distintas labores propias de esa \u00e9poca, como los laboreos, abonados o la preparaci\u00f3n de cultivos t\u00edpicos de esta \u00e9poca del a\u00f1o.<\/p>\n<p>Esta semana han comenzado tambi\u00e9n las inscripciones para el taller sobre plantas medicinales de invierno que se impartir\u00e1 los d\u00edas 20 y 22 de febrero, del 10.30 a 12.30 horas, en el Museo de Educaci\u00f3n Ambiental. Correr\u00e1 a cargo del iridi\u00f3logo, nutricionista y experto fitoterapeuta, Josean Vidaurre. Cada uno de los dos d\u00edas del taller se realizar\u00e1 una breve salida por los alrededores reconociendo alguna planta y despu\u00e9s se volver\u00e1 a clase para hablar de propiedades medicinales, usos terap\u00e9uticos y responder a todas las dudas. Las inscripciones se pueden realizar en el tel\u00e9fono 010 o 948 420 100.<\/p>\n<p>&nbsp;<\/p>\n","protected":false},"excerpt":{"rendered":"<p>La impartir\u00e1 el agricultor ecol\u00f3gico Aingeru Tabar, a partir de las 19 horas, con entrada libre<\/p>\n","protected":false},"author":1,"featured_media":11071,"comment_status":"open","ping_status":"closed","sticky":false,"template":"","format":"standard","meta":{"footnotes":""},"categories":[2],"tags":[],"class_list":["post-15988","post","type-post","status-publish","format-standard","has-post-thumbnail","hentry","category-ayuntamiento-pamplona"],"yoast_head":"<!-- This site is optimized with the Yoast SEO plugin v27.3 - https:\/\/yoast.com\/product\/yoast-seo-wordpress\/ -->\n<title>Laboreos, abonados y cultivos de invierno, tareas para preparar la huerta en estos meses y temas de la charla este martes del Museo de Educaci\u00f3n Ambiental<\/title>\n<meta name=\"robots\" content=\"index, follow, max-snippet:-1, max-image-preview:large, max-video-preview:-1\" \/>\n<link rel=\"canonical\" href=\"https:\/\/www.laguiadepamplona.com\/actualidad\/laboreos-abonados-y-cultivos-de-invierno-tareas-para-preparar-la-huerta-en-estos-meses-y-temas-de-la-charla-este-martes-del-museo-de-educacion-ambiental\/\" \/>\n<meta property=\"og:locale\" content=\"es_ES\" \/>\n<meta property=\"og:type\" content=\"article\" \/>\n<meta property=\"og:title\" content=\"Laboreos, abonados y cultivos de invierno, tareas para preparar la huerta en estos meses y temas de la charla este martes del Museo de Educaci\u00f3n Ambiental\" \/>\n<meta property=\"og:description\" content=\"La impartir\u00e1 el agricultor ecol\u00f3gico Aingeru Tabar, a partir de las 19 horas, con entrada libre\" \/>\n<meta property=\"og:url\" content=\"https:\/\/www.laguiadepamplona.com\/actualidad\/laboreos-abonados-y-cultivos-de-invierno-tareas-para-preparar-la-huerta-en-estos-meses-y-temas-de-la-charla-este-martes-del-museo-de-educacion-ambiental\/\" \/>\n<meta property=\"og:site_name\" content=\"La Gu\u00eda de Pamplona\" \/>\n<meta property=\"article:publisher\" content=\"https:\/\/www.facebook.com\/laguiadepamplonacom-133175176762273\/?ref=hl\" \/>\n<meta property=\"article:published_time\" content=\"2018-02-06T11:58:22+00:00\" \/>\n<meta property=\"og:image\" content=\"https:\/\/www.laguiadepamplona.com\/actualidad\/wp-content\/uploads\/2016\/12\/Museo-Educacion-Ambiental-Pamplona.jpg\" \/>\n\t<meta property=\"og:image:width\" content=\"627\" \/>\n\t<meta property=\"og:image:height\" content=\"352\" \/>\n\t<meta property=\"og:image:type\" content=\"image\/jpeg\" \/>\n<meta name=\"author\" content=\"La Gu\u00eda de Pamplona\" \/>\n<meta name=\"twitter:card\" content=\"summary_large_image\" \/>\n<meta name=\"twitter:creator\" content=\"@LaGuiadPamplona\" \/>\n<meta name=\"twitter:site\" content=\"@LaGuiadPamplona\" \/>\n<meta name=\"twitter:label1\" content=\"Escrito por\" \/>\n\t<meta name=\"twitter:data1\" content=\"La Gu\u00eda de Pamplona\" \/>\n\t<meta name=\"twitter:label2\" content=\"Tiempo de lectura\" \/>\n\t<meta name=\"twitter:data2\" content=\"1 minuto\" \/>\n<script type=\"application\/ld+json\" class=\"yoast-schema-graph\">{\"@context\":\"https:\\\/\\\/schema.org\",\"@graph\":[{\"@type\":\"Article\",\"@id\":\"https:\\\/\\\/www.laguiadepamplona.com\\\/actualidad\\\/laboreos-abonados-y-cultivos-de-invierno-tareas-para-preparar-la-huerta-en-estos-meses-y-temas-de-la-charla-este-martes-del-museo-de-educacion-ambiental\\\/#article\",\"isPartOf\":{\"@id\":\"https:\\\/\\\/www.laguiadepamplona.com\\\/actualidad\\\/laboreos-abonados-y-cultivos-de-invierno-tareas-para-preparar-la-huerta-en-estos-meses-y-temas-de-la-charla-este-martes-del-museo-de-educacion-ambiental\\\/\"},\"author\":{\"name\":\"La Gu\u00eda de Pamplona\",\"@id\":\"https:\\\/\\\/www.laguiadepamplona.com\\\/actualidad\\\/#\\\/schema\\\/person\\\/efe887376f0213d4657c93adc50b1fdb\"},\"headline\":\"Laboreos, abonados y cultivos de invierno, tareas para preparar la huerta en estos meses y temas de la charla este martes del Museo de Educaci\u00f3n Ambiental\",\"datePublished\":\"2018-02-06T11:58:22+00:00\",\"mainEntityOfPage\":{\"@id\":\"https:\\\/\\\/www.laguiadepamplona.com\\\/actualidad\\\/laboreos-abonados-y-cultivos-de-invierno-tareas-para-preparar-la-huerta-en-estos-meses-y-temas-de-la-charla-este-martes-del-museo-de-educacion-ambiental\\\/\"},\"wordCount\":284,\"commentCount\":0,\"publisher\":{\"@id\":\"https:\\\/\\\/www.laguiadepamplona.com\\\/actualidad\\\/#organization\"},\"image\":{\"@id\":\"https:\\\/\\\/www.laguiadepamplona.com\\\/actualidad\\\/laboreos-abonados-y-cultivos-de-invierno-tareas-para-preparar-la-huerta-en-estos-meses-y-temas-de-la-charla-este-martes-del-museo-de-educacion-ambiental\\\/#primaryimage\"},\"thumbnailUrl\":\"https:\\\/\\\/www.laguiadepamplona.com\\\/actualidad\\\/wp-content\\\/uploads\\\/2016\\\/12\\\/Museo-Educacion-Ambiental-Pamplona.jpg\",\"articleSection\":[\"Ayto Pamplona\"],\"inLanguage\":\"es\",\"potentialAction\":[{\"@type\":\"CommentAction\",\"name\":\"Comment\",\"target\":[\"https:\\\/\\\/www.laguiadepamplona.com\\\/actualidad\\\/laboreos-abonados-y-cultivos-de-invierno-tareas-para-preparar-la-huerta-en-estos-meses-y-temas-de-la-charla-este-martes-del-museo-de-educacion-ambiental\\\/#respond\"]}]},{\"@type\":\"WebPage\",\"@id\":\"https:\\\/\\\/www.laguiadepamplona.com\\\/actualidad\\\/laboreos-abonados-y-cultivos-de-invierno-tareas-para-preparar-la-huerta-en-estos-meses-y-temas-de-la-charla-este-martes-del-museo-de-educacion-ambiental\\\/\",\"url\":\"https:\\\/\\\/www.laguiadepamplona.com\\\/actualidad\\\/laboreos-abonados-y-cultivos-de-invierno-tareas-para-preparar-la-huerta-en-estos-meses-y-temas-de-la-charla-este-martes-del-museo-de-educacion-ambiental\\\/\",\"name\":\"Laboreos, abonados y cultivos de invierno, tareas para preparar la huerta en estos meses y temas de la charla este martes del Museo de Educaci\u00f3n Ambiental\",\"isPartOf\":{\"@id\":\"https:\\\/\\\/www.laguiadepamplona.com\\\/actualidad\\\/#website\"},\"primaryImageOfPage\":{\"@id\":\"https:\\\/\\\/www.laguiadepamplona.com\\\/actualidad\\\/laboreos-abonados-y-cultivos-de-invierno-tareas-para-preparar-la-huerta-en-estos-meses-y-temas-de-la-charla-este-martes-del-museo-de-educacion-ambiental\\\/#primaryimage\"},\"image\":{\"@id\":\"https:\\\/\\\/www.laguiadepamplona.com\\\/actualidad\\\/laboreos-abonados-y-cultivos-de-invierno-tareas-para-preparar-la-huerta-en-estos-meses-y-temas-de-la-charla-este-martes-del-museo-de-educacion-ambiental\\\/#primaryimage\"},\"thumbnailUrl\":\"https:\\\/\\\/www.laguiadepamplona.com\\\/actualidad\\\/wp-content\\\/uploads\\\/2016\\\/12\\\/Museo-Educacion-Ambiental-Pamplona.jpg\",\"datePublished\":\"2018-02-06T11:58:22+00:00\",\"breadcrumb\":{\"@id\":\"https:\\\/\\\/www.laguiadepamplona.com\\\/actualidad\\\/laboreos-abonados-y-cultivos-de-invierno-tareas-para-preparar-la-huerta-en-estos-meses-y-temas-de-la-charla-este-martes-del-museo-de-educacion-ambiental\\\/#breadcrumb\"},\"inLanguage\":\"es\",\"potentialAction\":[{\"@type\":\"ReadAction\",\"target\":[\"https:\\\/\\\/www.laguiadepamplona.com\\\/actualidad\\\/laboreos-abonados-y-cultivos-de-invierno-tareas-para-preparar-la-huerta-en-estos-meses-y-temas-de-la-charla-este-martes-del-museo-de-educacion-ambiental\\\/\"]}]},{\"@type\":\"ImageObject\",\"inLanguage\":\"es\",\"@id\":\"https:\\\/\\\/www.laguiadepamplona.com\\\/actualidad\\\/laboreos-abonados-y-cultivos-de-invierno-tareas-para-preparar-la-huerta-en-estos-meses-y-temas-de-la-charla-este-martes-del-museo-de-educacion-ambiental\\\/#primaryimage\",\"url\":\"https:\\\/\\\/www.laguiadepamplona.com\\\/actualidad\\\/wp-content\\\/uploads\\\/2016\\\/12\\\/Museo-Educacion-Ambiental-Pamplona.jpg\",\"contentUrl\":\"https:\\\/\\\/www.laguiadepamplona.com\\\/actualidad\\\/wp-content\\\/uploads\\\/2016\\\/12\\\/Museo-Educacion-Ambiental-Pamplona.jpg\",\"width\":627,\"height\":352},{\"@type\":\"BreadcrumbList\",\"@id\":\"https:\\\/\\\/www.laguiadepamplona.com\\\/actualidad\\\/laboreos-abonados-y-cultivos-de-invierno-tareas-para-preparar-la-huerta-en-estos-meses-y-temas-de-la-charla-este-martes-del-museo-de-educacion-ambiental\\\/#breadcrumb\",\"itemListElement\":[{\"@type\":\"ListItem\",\"position\":1,\"name\":\"Portada\",\"item\":\"https:\\\/\\\/www.laguiadepamplona.com\\\/actualidad\\\/\"},{\"@type\":\"ListItem\",\"position\":2,\"name\":\"Laboreos, abonados y cultivos de invierno, tareas para preparar la huerta en estos meses y temas de la charla este martes del Museo de Educaci\u00f3n Ambiental\"}]},{\"@type\":\"WebSite\",\"@id\":\"https:\\\/\\\/www.laguiadepamplona.com\\\/actualidad\\\/#website\",\"url\":\"https:\\\/\\\/www.laguiadepamplona.com\\\/actualidad\\\/\",\"name\":\"La gu\u00eda de Pamplona\",\"description\":\"Noticias de Pamplona\",\"publisher\":{\"@id\":\"https:\\\/\\\/www.laguiadepamplona.com\\\/actualidad\\\/#organization\"},\"potentialAction\":[{\"@type\":\"SearchAction\",\"target\":{\"@type\":\"EntryPoint\",\"urlTemplate\":\"https:\\\/\\\/www.laguiadepamplona.com\\\/actualidad\\\/?s={search_term_string}\"},\"query-input\":{\"@type\":\"PropertyValueSpecification\",\"valueRequired\":true,\"valueName\":\"search_term_string\"}}],\"inLanguage\":\"es\"},{\"@type\":\"Organization\",\"@id\":\"https:\\\/\\\/www.laguiadepamplona.com\\\/actualidad\\\/#organization\",\"name\":\"La Gu\u00eda de Pamplona \\\/ Noticias\",\"url\":\"https:\\\/\\\/www.laguiadepamplona.com\\\/actualidad\\\/\",\"logo\":{\"@type\":\"ImageObject\",\"inLanguage\":\"es\",\"@id\":\"https:\\\/\\\/www.laguiadepamplona.com\\\/actualidad\\\/#\\\/schema\\\/logo\\\/image\\\/\",\"url\":\"https:\\\/\\\/www.laguiadepamplona.com\\\/actualidad\\\/wp-content\\\/uploads\\\/2018\\\/11\\\/logo-laguiadepamplona18-web1.png\",\"contentUrl\":\"https:\\\/\\\/www.laguiadepamplona.com\\\/actualidad\\\/wp-content\\\/uploads\\\/2018\\\/11\\\/logo-laguiadepamplona18-web1.png\",\"width\":600,\"height\":196,\"caption\":\"La Gu\u00eda de Pamplona \\\/ Noticias\"},\"image\":{\"@id\":\"https:\\\/\\\/www.laguiadepamplona.com\\\/actualidad\\\/#\\\/schema\\\/logo\\\/image\\\/\"},\"sameAs\":[\"https:\\\/\\\/www.facebook.com\\\/laguiadepamplonacom-133175176762273\\\/?ref=hl\",\"https:\\\/\\\/x.com\\\/LaGuiadPamplona\",\"https:\\\/\\\/www.instagram.com\\\/la_guia_de_pamplona\\\/\",\"https:\\\/\\\/www.youtube.com\\\/user\\\/laguiadepamplona\"]},{\"@type\":\"Person\",\"@id\":\"https:\\\/\\\/www.laguiadepamplona.com\\\/actualidad\\\/#\\\/schema\\\/person\\\/efe887376f0213d4657c93adc50b1fdb\",\"name\":\"La Gu\u00eda de Pamplona\",\"image\":{\"@type\":\"ImageObject\",\"inLanguage\":\"es\",\"@id\":\"https:\\\/\\\/secure.gravatar.com\\\/avatar\\\/b6992f131dc8d30ab0dff15446e9d346d9dbd95992de0fef795073f5ea83a81c?s=96&d=mm&r=g\",\"url\":\"https:\\\/\\\/secure.gravatar.com\\\/avatar\\\/b6992f131dc8d30ab0dff15446e9d346d9dbd95992de0fef795073f5ea83a81c?s=96&d=mm&r=g\",\"contentUrl\":\"https:\\\/\\\/secure.gravatar.com\\\/avatar\\\/b6992f131dc8d30ab0dff15446e9d346d9dbd95992de0fef795073f5ea83a81c?s=96&d=mm&r=g\",\"caption\":\"La Gu\u00eda de Pamplona\"}}]}<\/script>\n<!-- \/ Yoast SEO plugin. -->","yoast_head_json":{"title":"Laboreos, abonados y cultivos de invierno, tareas para preparar la huerta en estos meses y temas de la charla este martes del Museo de Educaci\u00f3n Ambiental","robots":{"index":"index","follow":"follow","max-snippet":"max-snippet:-1","max-image-preview":"max-image-preview:large","max-video-preview":"max-video-preview:-1"},"canonical":"https:\/\/www.laguiadepamplona.com\/actualidad\/laboreos-abonados-y-cultivos-de-invierno-tareas-para-preparar-la-huerta-en-estos-meses-y-temas-de-la-charla-este-martes-del-museo-de-educacion-ambiental\/","og_locale":"es_ES","og_type":"article","og_title":"Laboreos, abonados y cultivos de invierno, tareas para preparar la huerta en estos meses y temas de la charla este martes del Museo de Educaci\u00f3n Ambiental","og_description":"La impartir\u00e1 el agricultor ecol\u00f3gico Aingeru Tabar, a partir de las 19 horas, con entrada libre","og_url":"https:\/\/www.laguiadepamplona.com\/actualidad\/laboreos-abonados-y-cultivos-de-invierno-tareas-para-preparar-la-huerta-en-estos-meses-y-temas-de-la-charla-este-martes-del-museo-de-educacion-ambiental\/","og_site_name":"La Gu\u00eda de Pamplona","article_publisher":"https:\/\/www.facebook.com\/laguiadepamplonacom-133175176762273\/?ref=hl","article_published_time":"2018-02-06T11:58:22+00:00","og_image":[{"width":627,"height":352,"url":"https:\/\/www.laguiadepamplona.com\/actualidad\/wp-content\/uploads\/2016\/12\/Museo-Educacion-Ambiental-Pamplona.jpg","type":"image\/jpeg"}],"author":"La Gu\u00eda de Pamplona","twitter_card":"summary_large_image","twitter_creator":"@LaGuiadPamplona","twitter_site":"@LaGuiadPamplona","twitter_misc":{"Escrito por":"La Gu\u00eda de Pamplona","Tiempo de lectura":"1 minuto"},"schema":{"@context":"https:\/\/schema.org","@graph":[{"@type":"Article","@id":"https:\/\/www.laguiadepamplona.com\/actualidad\/laboreos-abonados-y-cultivos-de-invierno-tareas-para-preparar-la-huerta-en-estos-meses-y-temas-de-la-charla-este-martes-del-museo-de-educacion-ambiental\/#article","isPartOf":{"@id":"https:\/\/www.laguiadepamplona.com\/actualidad\/laboreos-abonados-y-cultivos-de-invierno-tareas-para-preparar-la-huerta-en-estos-meses-y-temas-de-la-charla-este-martes-del-museo-de-educacion-ambiental\/"},"author":{"name":"La Gu\u00eda de Pamplona","@id":"https:\/\/www.laguiadepamplona.com\/actualidad\/#\/schema\/person\/efe887376f0213d4657c93adc50b1fdb"},"headline":"Laboreos, abonados y cultivos de invierno, tareas para preparar la huerta en estos meses y temas de la charla este martes del Museo de Educaci\u00f3n Ambiental","datePublished":"2018-02-06T11:58:22+00:00","mainEntityOfPage":{"@id":"https:\/\/www.laguiadepamplona.com\/actualidad\/laboreos-abonados-y-cultivos-de-invierno-tareas-para-preparar-la-huerta-en-estos-meses-y-temas-de-la-charla-este-martes-del-museo-de-educacion-ambiental\/"},"wordCount":284,"commentCount":0,"publisher":{"@id":"https:\/\/www.laguiadepamplona.com\/actualidad\/#organization"},"image":{"@id":"https:\/\/www.laguiadepamplona.com\/actualidad\/laboreos-abonados-y-cultivos-de-invierno-tareas-para-preparar-la-huerta-en-estos-meses-y-temas-de-la-charla-este-martes-del-museo-de-educacion-ambiental\/#primaryimage"},"thumbnailUrl":"https:\/\/www.laguiadepamplona.com\/actualidad\/wp-content\/uploads\/2016\/12\/Museo-Educacion-Ambiental-Pamplona.jpg","articleSection":["Ayto Pamplona"],"inLanguage":"es","potentialAction":[{"@type":"CommentAction","name":"Comment","target":["https:\/\/www.laguiadepamplona.com\/actualidad\/laboreos-abonados-y-cultivos-de-invierno-tareas-para-preparar-la-huerta-en-estos-meses-y-temas-de-la-charla-este-martes-del-museo-de-educacion-ambiental\/#respond"]}]},{"@type":"WebPage","@id":"https:\/\/www.laguiadepamplona.com\/actualidad\/laboreos-abonados-y-cultivos-de-invierno-tareas-para-preparar-la-huerta-en-estos-meses-y-temas-de-la-charla-este-martes-del-museo-de-educacion-ambiental\/","url":"https:\/\/www.laguiadepamplona.com\/actualidad\/laboreos-abonados-y-cultivos-de-invierno-tareas-para-preparar-la-huerta-en-estos-meses-y-temas-de-la-charla-este-martes-del-museo-de-educacion-ambiental\/","name":"Laboreos, abonados y cultivos de invierno, tareas para preparar la huerta en estos meses y temas de la charla este martes del Museo de Educaci\u00f3n Ambiental","isPartOf":{"@id":"https:\/\/www.laguiadepamplona.com\/actualidad\/#website"},"primaryImageOfPage":{"@id":"https:\/\/www.laguiadepamplona.com\/actualidad\/laboreos-abonados-y-cultivos-de-invierno-tareas-para-preparar-la-huerta-en-estos-meses-y-temas-de-la-charla-este-martes-del-museo-de-educacion-ambiental\/#primaryimage"},"image":{"@id":"https:\/\/www.laguiadepamplona.com\/actualidad\/laboreos-abonados-y-cultivos-de-invierno-tareas-para-preparar-la-huerta-en-estos-meses-y-temas-de-la-charla-este-martes-del-museo-de-educacion-ambiental\/#primaryimage"},"thumbnailUrl":"https:\/\/www.laguiadepamplona.com\/actualidad\/wp-content\/uploads\/2016\/12\/Museo-Educacion-Ambiental-Pamplona.jpg","datePublished":"2018-02-06T11:58:22+00:00","breadcrumb":{"@id":"https:\/\/www.laguiadepamplona.com\/actualidad\/laboreos-abonados-y-cultivos-de-invierno-tareas-para-preparar-la-huerta-en-estos-meses-y-temas-de-la-charla-este-martes-del-museo-de-educacion-ambiental\/#breadcrumb"},"inLanguage":"es","potentialAction":[{"@type":"ReadAction","target":["https:\/\/www.laguiadepamplona.com\/actualidad\/laboreos-abonados-y-cultivos-de-invierno-tareas-para-preparar-la-huerta-en-estos-meses-y-temas-de-la-charla-este-martes-del-museo-de-educacion-ambiental\/"]}]},{"@type":"ImageObject","inLanguage":"es","@id":"https:\/\/www.laguiadepamplona.com\/actualidad\/laboreos-abonados-y-cultivos-de-invierno-tareas-para-preparar-la-huerta-en-estos-meses-y-temas-de-la-charla-este-martes-del-museo-de-educacion-ambiental\/#primaryimage","url":"https:\/\/www.laguiadepamplona.com\/actualidad\/wp-content\/uploads\/2016\/12\/Museo-Educacion-Ambiental-Pamplona.jpg","contentUrl":"https:\/\/www.laguiadepamplona.com\/actualidad\/wp-content\/uploads\/2016\/12\/Museo-Educacion-Ambiental-Pamplona.jpg","width":627,"height":352},{"@type":"BreadcrumbList","@id":"https:\/\/www.laguiadepamplona.com\/actualidad\/laboreos-abonados-y-cultivos-de-invierno-tareas-para-preparar-la-huerta-en-estos-meses-y-temas-de-la-charla-este-martes-del-museo-de-educacion-ambiental\/#breadcrumb","itemListElement":[{"@type":"ListItem","position":1,"name":"Portada","item":"https:\/\/www.laguiadepamplona.com\/actualidad\/"},{"@type":"ListItem","position":2,"name":"Laboreos, abonados y cultivos de invierno, tareas para preparar la huerta en estos meses y temas de la charla este martes del Museo de Educaci\u00f3n Ambiental"}]},{"@type":"WebSite","@id":"https:\/\/www.laguiadepamplona.com\/actualidad\/#website","url":"https:\/\/www.laguiadepamplona.com\/actualidad\/","name":"La gu\u00eda de Pamplona","description":"Noticias de Pamplona","publisher":{"@id":"https:\/\/www.laguiadepamplona.com\/actualidad\/#organization"},"potentialAction":[{"@type":"SearchAction","target":{"@type":"EntryPoint","urlTemplate":"https:\/\/www.laguiadepamplona.com\/actualidad\/?s={search_term_string}"},"query-input":{"@type":"PropertyValueSpecification","valueRequired":true,"valueName":"search_term_string"}}],"inLanguage":"es"},{"@type":"Organization","@id":"https:\/\/www.laguiadepamplona.com\/actualidad\/#organization","name":"La Gu\u00eda de Pamplona \/ Noticias","url":"https:\/\/www.laguiadepamplona.com\/actualidad\/","logo":{"@type":"ImageObject","inLanguage":"es","@id":"https:\/\/www.laguiadepamplona.com\/actualidad\/#\/schema\/logo\/image\/","url":"https:\/\/www.laguiadepamplona.com\/actualidad\/wp-content\/uploads\/2018\/11\/logo-laguiadepamplona18-web1.png","contentUrl":"https:\/\/www.laguiadepamplona.com\/actualidad\/wp-content\/uploads\/2018\/11\/logo-laguiadepamplona18-web1.png","width":600,"height":196,"caption":"La Gu\u00eda de Pamplona \/ Noticias"},"image":{"@id":"https:\/\/www.laguiadepamplona.com\/actualidad\/#\/schema\/logo\/image\/"},"sameAs":["https:\/\/www.facebook.com\/laguiadepamplonacom-133175176762273\/?ref=hl","https:\/\/x.com\/LaGuiadPamplona","https:\/\/www.instagram.com\/la_guia_de_pamplona\/","https:\/\/www.youtube.com\/user\/laguiadepamplona"]},{"@type":"Person","@id":"https:\/\/www.laguiadepamplona.com\/actualidad\/#\/schema\/person\/efe887376f0213d4657c93adc50b1fdb","name":"La Gu\u00eda de Pamplona","image":{"@type":"ImageObject","inLanguage":"es","@id":"https:\/\/secure.gravatar.com\/avatar\/b6992f131dc8d30ab0dff15446e9d346d9dbd95992de0fef795073f5ea83a81c?s=96&d=mm&r=g","url":"https:\/\/secure.gravatar.com\/avatar\/b6992f131dc8d30ab0dff15446e9d346d9dbd95992de0fef795073f5ea83a81c?s=96&d=mm&r=g","contentUrl":"https:\/\/secure.gravatar.com\/avatar\/b6992f131dc8d30ab0dff15446e9d346d9dbd95992de0fef795073f5ea83a81c?s=96&d=mm&r=g","caption":"La Gu\u00eda de Pamplona"}}]}},"post_mailing_queue_ids":[],"_links":{"self":[{"href":"https:\/\/www.laguiadepamplona.com\/actualidad\/wp-json\/wp\/v2\/posts\/15988","targetHints":{"allow":["GET"]}}],"collection":[{"href":"https:\/\/www.laguiadepamplona.com\/actualidad\/wp-json\/wp\/v2\/posts"}],"about":[{"href":"https:\/\/www.laguiadepamplona.com\/actualidad\/wp-json\/wp\/v2\/types\/post"}],"author":[{"embeddable":true,"href":"https:\/\/www.laguiadepamplona.com\/actualidad\/wp-json\/wp\/v2\/users\/1"}],"replies":[{"embeddable":true,"href":"https:\/\/www.laguiadepamplona.com\/actualidad\/wp-json\/wp\/v2\/comments?post=15988"}],"version-history":[{"count":0,"href":"https:\/\/www.laguiadepamplona.com\/actualidad\/wp-json\/wp\/v2\/posts\/15988\/revisions"}],"wp:featuredmedia":[{"embeddable":true,"href":"https:\/\/www.laguiadepamplona.com\/actualidad\/wp-json\/wp\/v2\/media\/11071"}],"wp:attachment":[{"href":"https:\/\/www.laguiadepamplona.com\/actualidad\/wp-json\/wp\/v2\/media?parent=15988"}],"wp:term":[{"taxonomy":"category","embeddable":true,"href":"https:\/\/www.laguiadepamplona.com\/actualidad\/wp-json\/wp\/v2\/categories?post=15988"},{"taxonomy":"post_tag","embeddable":true,"href":"https:\/\/www.laguiadepamplona.com\/actualidad\/wp-json\/wp\/v2\/tags?post=15988"}],"curies":[{"name":"wp","href":"https:\/\/api.w.org\/{rel}","templated":true}]}}