{"id":15984,"date":"2018-02-06T12:55:04","date_gmt":"2018-02-06T11:55:04","guid":{"rendered":"http:\/\/laguiadepamplona.es\/actualidad\/?p=15984"},"modified":"2018-02-06T12:55:04","modified_gmt":"2018-02-06T11:55:04","slug":"el-ayuntamiento-de-pamplona-impulsa-la-creacion-de-un-huerto-urbano-ecologico-comunitario-en-la-txantrea-que-sera-adjudicado-mediante-convocatoria-publica","status":"publish","type":"post","link":"https:\/\/www.laguiadepamplona.com\/actualidad\/el-ayuntamiento-de-pamplona-impulsa-la-creacion-de-un-huerto-urbano-ecologico-comunitario-en-la-txantrea-que-sera-adjudicado-mediante-convocatoria-publica\/","title":{"rendered":"El Ayuntamiento de Pamplona impulsa la creaci\u00f3n de un huerto urbano ecol\u00f3gico comunitario en la Txantrea que ser\u00e1 adjudicado mediante convocatoria p\u00fablica"},"content":{"rendered":"<h3>La Junta de Gobierno Local aprueba una convocatoria p\u00fablica en la que pueden participar asociaciones sin \u00e1nimo de lucro<\/h3>\n<p><!--more--><\/p>\n<p>El Ayuntamiento de Pamplona ha puesto en marcha un expediente para la creaci\u00f3n de un huerto urbano ecol\u00f3gico comunitario en la Txantrea, entre la calle Padre Ado\u00e1in y el paseo junto al r\u00edo cerca de la plaza Guitarrista Sabicas. La Junta de Gobierno Local ha aprobado hoy martes el texto de la convocatoria p\u00fablica para la adjudicaci\u00f3n de uso de la parcela 2101 del pol\u00edgono 6 en Alemanes que tiene una superficie de 2.604,24 m<sup>2<\/sup>. De esta manera se ha tenido en cuenta la solicitud recibida de colectivos del barrio de la Txantrea que presentaron el proyecto \u201cKrispilak hiri baratza-huerto urbano\u201d.<\/p>\n<p>El periodo de licitaci\u00f3n p\u00fablica ser\u00e1 de 18 d\u00edas naturales desde publicaci\u00f3n en el Portal de Contrataci\u00f3n de Navarra. La adjudicataria deber\u00e1 ser una asociaci\u00f3n sin \u00e1nimo de lucro con un objeto relacionado con el uso previsto y con capacidad para la gesti\u00f3n del espacio. La licencia de uso se conceder\u00e1 a precario y no ser\u00e1 transmisible y permitir\u00e1 exclusivamente al cultivo de hortalizas, flores, arbustos arom\u00e1ticos y frutas.<\/p>\n<p>Esta parcela fue cedida gratuitamente en 2008 por el Consistorio pamplon\u00e9s al Gobierno de Navarra para la construcci\u00f3n de una residencia-hogar para personas con trastorno mental graves. Al no realizarse tal obra, el Ayuntamiento solicit\u00f3 el a\u00f1o pasado la disposici\u00f3n de esa parcela para su posterior cesi\u00f3n para un huerto urbano. La Agencia Navarra de Autonom\u00eda y Desarrollo de Personas autoriz\u00f3 al Ayuntamiento la ocupaci\u00f3n temporal de la parcela por un plazo de 4 a\u00f1os, prorrogable anualmente hasta un m\u00e1ximo de 10 a\u00f1os. De esta forma, en la licitaci\u00f3n se marca como plazo m\u00e1ximo de uso de la parcela el 19 de julio de 2021, prorrogable hasta el 19 de julio de 2027.<\/p>\n<p><strong>Sorteo si hay m\u00e1s de una solicitud que cumpla los requisitos<\/strong><\/p>\n<p>En caso de haber m\u00e1s de una solicitud que re\u00fana los requisitos y cuya propuesta de gesti\u00f3n de uso se acepte, se celebrar\u00e1 un sorteo. Las entidades que tomen parte en la licitaci\u00f3n deber\u00e1n tener personalidad jur\u00eddica propia, no tener \u00e1nimo de lucro, no estar incursas en las prohibiciones para contratar y no tener deudas con el Ayuntamiento.<\/p>\n<p>La entidad beneficiaria de la cesi\u00f3n estar\u00e1 obligada a dedicar el espacio exclusivamente al uso hort\u00edcola y social-comunitario, sin poder cederlo ni realizar la compraventa o la contrataci\u00f3n de servicios y\/o bienes de sus actividades. El horario de uso ser\u00e1 entre las 8 y las 20 horas del 1 de noviembre al 31 de marzo, y de 7 a 21 horas el resto del a\u00f1o. Permitir\u00e1 el libre acceso al recinto de personas interesadas en visitar el huerto y a las que quieran participar en las actividades educativas o culturales programadas. Entre sus obligaciones est\u00e1n la limpieza y el mantenimiento del espacio y de los elementos aportados por el Ayuntamiento, no causar molestias al vecindario ni realizar ning\u00fan tipo de instalaci\u00f3n sonora y garantizar la seguridad de las personas y del material de trabajo. No podr\u00e1 hacer obras sin la expresa autorizaci\u00f3n previa del Ayuntamiento y se proh\u00edbe expresamente el arriendo, la cesi\u00f3n y la ocupaci\u00f3n por terceras personas ajenas a la autorizaci\u00f3n. La asociaci\u00f3n adjudicataria deber\u00e1 presentar una memoria anual incluyendo las plantaciones, actividades y visitas realizadas as\u00ed como el resultado de la gesti\u00f3n. En el mismo sentido realizar\u00e1 una planificaci\u00f3n anual de los cultivos y un registro de las principales tareas realizadas (siembra, plantaci\u00f3n, abonado, podas&#8230;) as\u00ed como del control de la cosecha y las plagas.<\/p>\n<p>Correr\u00e1 por cuenta de la asociaci\u00f3n beneficiaria, los gastos de agua para riego que superen los 0,978 m<sup>3<\/sup>\/m<sup>2<\/sup> de terreno de cultivo y a\u00f1o, as\u00ed como los correspondientes a personal contratado si lo hubiera o la p\u00f3liza de seguro de responsabilidad civil. El Ayuntamiento no se har\u00e1 responsable de los hurtos o actos vand\u00e1licos ni de los perjuicios por fen\u00f3menos meteorol\u00f3gicos. Tampoco se responsabilizar\u00e1 de los da\u00f1os que pudieran sufrir los usuarios ni de los que \u00e9stos pudieran causar a terceras personas.<\/p>\n<p><strong>Productos ecol\u00f3gicos para el autoconsumo y no la venta<\/strong><\/p>\n<p>Las buenas pr\u00e1cticas que deber\u00e1 cumplir la entidad adjudicataria incluyen la pr\u00e1ctica de la agricultura ecol\u00f3gica con prohibici\u00f3n de herbicidas, fertilizantes y productos fitosanitarios obtenidos mediante s\u00edntesis qu\u00edmica; el uso racional del agua de riego, el compostado in situ de los restos vegetales y el dep\u00f3sito del resto de residuos en el contenedor correspondiente de la Mancomunidad de la Comarca de Pamplona. Queda prohibida la utilizaci\u00f3n de semillas y plantas transg\u00e9nicas, y el cultivo de plantas ex\u00f3ticas invasoras as\u00ed como la venta de productos obtenidos en el huerto, que deber\u00e1n destinarse exclusivamente al autoconsumo o a los fines objeto social de la entidad. Tambi\u00e9n queda excluida la tenencia, alimentaci\u00f3n, y crianza de cualquier tipo de animal dom\u00e9stico asilvestrado, de compa\u00f1\u00eda o mascota. Es responsabilidad de la entidad el comportamiento adecuado de las personas que accedan al huerto y el que nadie pernocte o resida en el espacio.<\/p>\n<p>Solamente se permitir\u00e1n estructuras autoportantes que no requieran cimentaci\u00f3n y sean de f\u00e1cil desmontaje. Se considerar\u00e1 de importancia el cuidado est\u00e9tico del huerto. El \u00fanico mobiliario autorizado consistir\u00e1 en semilleros, cajones para compostaje, caseta de aperos, mesas o bancos.<\/p>\n<p>El Servicio de Ecolog\u00eda Urbana se har\u00e1 cargo de la colocaci\u00f3n de la verja y de la gesti\u00f3n de la electricidad durante el periodo de construcci\u00f3n de los bancales u otros elementos ya que la gesti\u00f3n del huerto no requiere electricidad. El servicio tambi\u00e9n se encargar\u00e1 de herramientas y utillajes como carretillas, palas, azadas, rastrillos, maderas, torniller\u00eda, tierra, etc.<\/p>\n<p>&nbsp;<\/p>\n","protected":false},"excerpt":{"rendered":"<p>La Junta de Gobierno Local aprueba una convocatoria p\u00fablica en la que pueden participar asociaciones sin \u00e1nimo de lucro<\/p>\n","protected":false},"author":1,"featured_media":13221,"comment_status":"open","ping_status":"closed","sticky":false,"template":"","format":"standard","meta":{"footnotes":""},"categories":[2],"tags":[],"class_list":["post-15984","post","type-post","status-publish","format-standard","has-post-thumbnail","hentry","category-ayuntamiento-pamplona"],"yoast_head":"<!-- This site is optimized with the Yoast SEO plugin v27.3 - https:\/\/yoast.com\/product\/yoast-seo-wordpress\/ -->\n<title>El Ayuntamiento de Pamplona impulsa la creaci\u00f3n de un huerto urbano ecol\u00f3gico comunitario en la Txantrea que ser\u00e1 adjudicado mediante convocatoria p\u00fablica<\/title>\n<meta name=\"robots\" content=\"index, follow, max-snippet:-1, max-image-preview:large, max-video-preview:-1\" \/>\n<link rel=\"canonical\" href=\"https:\/\/www.laguiadepamplona.com\/actualidad\/el-ayuntamiento-de-pamplona-impulsa-la-creacion-de-un-huerto-urbano-ecologico-comunitario-en-la-txantrea-que-sera-adjudicado-mediante-convocatoria-publica\/\" \/>\n<meta property=\"og:locale\" content=\"es_ES\" \/>\n<meta property=\"og:type\" content=\"article\" \/>\n<meta property=\"og:title\" content=\"El Ayuntamiento de Pamplona impulsa la creaci\u00f3n de un huerto urbano ecol\u00f3gico comunitario en la Txantrea que ser\u00e1 adjudicado mediante convocatoria p\u00fablica\" \/>\n<meta property=\"og:description\" content=\"La Junta de Gobierno Local aprueba una convocatoria p\u00fablica en la que pueden participar asociaciones sin \u00e1nimo de lucro\" \/>\n<meta property=\"og:url\" content=\"https:\/\/www.laguiadepamplona.com\/actualidad\/el-ayuntamiento-de-pamplona-impulsa-la-creacion-de-un-huerto-urbano-ecologico-comunitario-en-la-txantrea-que-sera-adjudicado-mediante-convocatoria-publica\/\" \/>\n<meta property=\"og:site_name\" content=\"La Gu\u00eda de Pamplona\" \/>\n<meta property=\"article:publisher\" content=\"https:\/\/www.facebook.com\/laguiadepamplonacom-133175176762273\/?ref=hl\" \/>\n<meta property=\"article:published_time\" content=\"2018-02-06T11:55:04+00:00\" \/>\n<meta property=\"og:image\" content=\"https:\/\/www.laguiadepamplona.com\/actualidad\/wp-content\/uploads\/2017\/05\/huerto-urbano.jpg\" \/>\n\t<meta property=\"og:image:width\" content=\"960\" \/>\n\t<meta property=\"og:image:height\" content=\"540\" \/>\n\t<meta property=\"og:image:type\" content=\"image\/jpeg\" \/>\n<meta name=\"author\" content=\"La Gu\u00eda de Pamplona\" \/>\n<meta name=\"twitter:card\" content=\"summary_large_image\" \/>\n<meta name=\"twitter:creator\" content=\"@LaGuiadPamplona\" \/>\n<meta name=\"twitter:site\" content=\"@LaGuiadPamplona\" \/>\n<meta name=\"twitter:label1\" content=\"Escrito por\" \/>\n\t<meta name=\"twitter:data1\" content=\"La Gu\u00eda de Pamplona\" \/>\n\t<meta name=\"twitter:label2\" content=\"Tiempo de lectura\" \/>\n\t<meta name=\"twitter:data2\" content=\"5 minutos\" \/>\n<script type=\"application\/ld+json\" class=\"yoast-schema-graph\">{\"@context\":\"https:\\\/\\\/schema.org\",\"@graph\":[{\"@type\":\"Article\",\"@id\":\"https:\\\/\\\/www.laguiadepamplona.com\\\/actualidad\\\/el-ayuntamiento-de-pamplona-impulsa-la-creacion-de-un-huerto-urbano-ecologico-comunitario-en-la-txantrea-que-sera-adjudicado-mediante-convocatoria-publica\\\/#article\",\"isPartOf\":{\"@id\":\"https:\\\/\\\/www.laguiadepamplona.com\\\/actualidad\\\/el-ayuntamiento-de-pamplona-impulsa-la-creacion-de-un-huerto-urbano-ecologico-comunitario-en-la-txantrea-que-sera-adjudicado-mediante-convocatoria-publica\\\/\"},\"author\":{\"name\":\"La Gu\u00eda de Pamplona\",\"@id\":\"https:\\\/\\\/www.laguiadepamplona.com\\\/actualidad\\\/#\\\/schema\\\/person\\\/efe887376f0213d4657c93adc50b1fdb\"},\"headline\":\"El Ayuntamiento de Pamplona impulsa la creaci\u00f3n de un huerto urbano ecol\u00f3gico comunitario en la Txantrea que ser\u00e1 adjudicado mediante convocatoria p\u00fablica\",\"datePublished\":\"2018-02-06T11:55:04+00:00\",\"mainEntityOfPage\":{\"@id\":\"https:\\\/\\\/www.laguiadepamplona.com\\\/actualidad\\\/el-ayuntamiento-de-pamplona-impulsa-la-creacion-de-un-huerto-urbano-ecologico-comunitario-en-la-txantrea-que-sera-adjudicado-mediante-convocatoria-publica\\\/\"},\"wordCount\":1020,\"commentCount\":0,\"publisher\":{\"@id\":\"https:\\\/\\\/www.laguiadepamplona.com\\\/actualidad\\\/#organization\"},\"image\":{\"@id\":\"https:\\\/\\\/www.laguiadepamplona.com\\\/actualidad\\\/el-ayuntamiento-de-pamplona-impulsa-la-creacion-de-un-huerto-urbano-ecologico-comunitario-en-la-txantrea-que-sera-adjudicado-mediante-convocatoria-publica\\\/#primaryimage\"},\"thumbnailUrl\":\"https:\\\/\\\/www.laguiadepamplona.com\\\/actualidad\\\/wp-content\\\/uploads\\\/2017\\\/05\\\/huerto-urbano.jpg\",\"articleSection\":[\"Ayto Pamplona\"],\"inLanguage\":\"es\",\"potentialAction\":[{\"@type\":\"CommentAction\",\"name\":\"Comment\",\"target\":[\"https:\\\/\\\/www.laguiadepamplona.com\\\/actualidad\\\/el-ayuntamiento-de-pamplona-impulsa-la-creacion-de-un-huerto-urbano-ecologico-comunitario-en-la-txantrea-que-sera-adjudicado-mediante-convocatoria-publica\\\/#respond\"]}]},{\"@type\":\"WebPage\",\"@id\":\"https:\\\/\\\/www.laguiadepamplona.com\\\/actualidad\\\/el-ayuntamiento-de-pamplona-impulsa-la-creacion-de-un-huerto-urbano-ecologico-comunitario-en-la-txantrea-que-sera-adjudicado-mediante-convocatoria-publica\\\/\",\"url\":\"https:\\\/\\\/www.laguiadepamplona.com\\\/actualidad\\\/el-ayuntamiento-de-pamplona-impulsa-la-creacion-de-un-huerto-urbano-ecologico-comunitario-en-la-txantrea-que-sera-adjudicado-mediante-convocatoria-publica\\\/\",\"name\":\"El Ayuntamiento de Pamplona impulsa la creaci\u00f3n de un huerto urbano ecol\u00f3gico comunitario en la Txantrea que ser\u00e1 adjudicado mediante convocatoria p\u00fablica\",\"isPartOf\":{\"@id\":\"https:\\\/\\\/www.laguiadepamplona.com\\\/actualidad\\\/#website\"},\"primaryImageOfPage\":{\"@id\":\"https:\\\/\\\/www.laguiadepamplona.com\\\/actualidad\\\/el-ayuntamiento-de-pamplona-impulsa-la-creacion-de-un-huerto-urbano-ecologico-comunitario-en-la-txantrea-que-sera-adjudicado-mediante-convocatoria-publica\\\/#primaryimage\"},\"image\":{\"@id\":\"https:\\\/\\\/www.laguiadepamplona.com\\\/actualidad\\\/el-ayuntamiento-de-pamplona-impulsa-la-creacion-de-un-huerto-urbano-ecologico-comunitario-en-la-txantrea-que-sera-adjudicado-mediante-convocatoria-publica\\\/#primaryimage\"},\"thumbnailUrl\":\"https:\\\/\\\/www.laguiadepamplona.com\\\/actualidad\\\/wp-content\\\/uploads\\\/2017\\\/05\\\/huerto-urbano.jpg\",\"datePublished\":\"2018-02-06T11:55:04+00:00\",\"breadcrumb\":{\"@id\":\"https:\\\/\\\/www.laguiadepamplona.com\\\/actualidad\\\/el-ayuntamiento-de-pamplona-impulsa-la-creacion-de-un-huerto-urbano-ecologico-comunitario-en-la-txantrea-que-sera-adjudicado-mediante-convocatoria-publica\\\/#breadcrumb\"},\"inLanguage\":\"es\",\"potentialAction\":[{\"@type\":\"ReadAction\",\"target\":[\"https:\\\/\\\/www.laguiadepamplona.com\\\/actualidad\\\/el-ayuntamiento-de-pamplona-impulsa-la-creacion-de-un-huerto-urbano-ecologico-comunitario-en-la-txantrea-que-sera-adjudicado-mediante-convocatoria-publica\\\/\"]}]},{\"@type\":\"ImageObject\",\"inLanguage\":\"es\",\"@id\":\"https:\\\/\\\/www.laguiadepamplona.com\\\/actualidad\\\/el-ayuntamiento-de-pamplona-impulsa-la-creacion-de-un-huerto-urbano-ecologico-comunitario-en-la-txantrea-que-sera-adjudicado-mediante-convocatoria-publica\\\/#primaryimage\",\"url\":\"https:\\\/\\\/www.laguiadepamplona.com\\\/actualidad\\\/wp-content\\\/uploads\\\/2017\\\/05\\\/huerto-urbano.jpg\",\"contentUrl\":\"https:\\\/\\\/www.laguiadepamplona.com\\\/actualidad\\\/wp-content\\\/uploads\\\/2017\\\/05\\\/huerto-urbano.jpg\",\"width\":960,\"height\":540},{\"@type\":\"BreadcrumbList\",\"@id\":\"https:\\\/\\\/www.laguiadepamplona.com\\\/actualidad\\\/el-ayuntamiento-de-pamplona-impulsa-la-creacion-de-un-huerto-urbano-ecologico-comunitario-en-la-txantrea-que-sera-adjudicado-mediante-convocatoria-publica\\\/#breadcrumb\",\"itemListElement\":[{\"@type\":\"ListItem\",\"position\":1,\"name\":\"Portada\",\"item\":\"https:\\\/\\\/www.laguiadepamplona.com\\\/actualidad\\\/\"},{\"@type\":\"ListItem\",\"position\":2,\"name\":\"El Ayuntamiento de Pamplona impulsa la creaci\u00f3n de un huerto urbano ecol\u00f3gico comunitario en la Txantrea que ser\u00e1 adjudicado mediante convocatoria p\u00fablica\"}]},{\"@type\":\"WebSite\",\"@id\":\"https:\\\/\\\/www.laguiadepamplona.com\\\/actualidad\\\/#website\",\"url\":\"https:\\\/\\\/www.laguiadepamplona.com\\\/actualidad\\\/\",\"name\":\"La gu\u00eda de Pamplona\",\"description\":\"Noticias de Pamplona\",\"publisher\":{\"@id\":\"https:\\\/\\\/www.laguiadepamplona.com\\\/actualidad\\\/#organization\"},\"potentialAction\":[{\"@type\":\"SearchAction\",\"target\":{\"@type\":\"EntryPoint\",\"urlTemplate\":\"https:\\\/\\\/www.laguiadepamplona.com\\\/actualidad\\\/?s={search_term_string}\"},\"query-input\":{\"@type\":\"PropertyValueSpecification\",\"valueRequired\":true,\"valueName\":\"search_term_string\"}}],\"inLanguage\":\"es\"},{\"@type\":\"Organization\",\"@id\":\"https:\\\/\\\/www.laguiadepamplona.com\\\/actualidad\\\/#organization\",\"name\":\"La Gu\u00eda de Pamplona \\\/ Noticias\",\"url\":\"https:\\\/\\\/www.laguiadepamplona.com\\\/actualidad\\\/\",\"logo\":{\"@type\":\"ImageObject\",\"inLanguage\":\"es\",\"@id\":\"https:\\\/\\\/www.laguiadepamplona.com\\\/actualidad\\\/#\\\/schema\\\/logo\\\/image\\\/\",\"url\":\"https:\\\/\\\/www.laguiadepamplona.com\\\/actualidad\\\/wp-content\\\/uploads\\\/2018\\\/11\\\/logo-laguiadepamplona18-web1.png\",\"contentUrl\":\"https:\\\/\\\/www.laguiadepamplona.com\\\/actualidad\\\/wp-content\\\/uploads\\\/2018\\\/11\\\/logo-laguiadepamplona18-web1.png\",\"width\":600,\"height\":196,\"caption\":\"La Gu\u00eda de Pamplona \\\/ Noticias\"},\"image\":{\"@id\":\"https:\\\/\\\/www.laguiadepamplona.com\\\/actualidad\\\/#\\\/schema\\\/logo\\\/image\\\/\"},\"sameAs\":[\"https:\\\/\\\/www.facebook.com\\\/laguiadepamplonacom-133175176762273\\\/?ref=hl\",\"https:\\\/\\\/x.com\\\/LaGuiadPamplona\",\"https:\\\/\\\/www.instagram.com\\\/la_guia_de_pamplona\\\/\",\"https:\\\/\\\/www.youtube.com\\\/user\\\/laguiadepamplona\"]},{\"@type\":\"Person\",\"@id\":\"https:\\\/\\\/www.laguiadepamplona.com\\\/actualidad\\\/#\\\/schema\\\/person\\\/efe887376f0213d4657c93adc50b1fdb\",\"name\":\"La Gu\u00eda de Pamplona\",\"image\":{\"@type\":\"ImageObject\",\"inLanguage\":\"es\",\"@id\":\"https:\\\/\\\/secure.gravatar.com\\\/avatar\\\/b6992f131dc8d30ab0dff15446e9d346d9dbd95992de0fef795073f5ea83a81c?s=96&d=mm&r=g\",\"url\":\"https:\\\/\\\/secure.gravatar.com\\\/avatar\\\/b6992f131dc8d30ab0dff15446e9d346d9dbd95992de0fef795073f5ea83a81c?s=96&d=mm&r=g\",\"contentUrl\":\"https:\\\/\\\/secure.gravatar.com\\\/avatar\\\/b6992f131dc8d30ab0dff15446e9d346d9dbd95992de0fef795073f5ea83a81c?s=96&d=mm&r=g\",\"caption\":\"La Gu\u00eda de Pamplona\"}}]}<\/script>\n<!-- \/ Yoast SEO plugin. -->","yoast_head_json":{"title":"El Ayuntamiento de Pamplona impulsa la creaci\u00f3n de un huerto urbano ecol\u00f3gico comunitario en la Txantrea que ser\u00e1 adjudicado mediante convocatoria p\u00fablica","robots":{"index":"index","follow":"follow","max-snippet":"max-snippet:-1","max-image-preview":"max-image-preview:large","max-video-preview":"max-video-preview:-1"},"canonical":"https:\/\/www.laguiadepamplona.com\/actualidad\/el-ayuntamiento-de-pamplona-impulsa-la-creacion-de-un-huerto-urbano-ecologico-comunitario-en-la-txantrea-que-sera-adjudicado-mediante-convocatoria-publica\/","og_locale":"es_ES","og_type":"article","og_title":"El Ayuntamiento de Pamplona impulsa la creaci\u00f3n de un huerto urbano ecol\u00f3gico comunitario en la Txantrea que ser\u00e1 adjudicado mediante convocatoria p\u00fablica","og_description":"La Junta de Gobierno Local aprueba una convocatoria p\u00fablica en la que pueden participar asociaciones sin \u00e1nimo de lucro","og_url":"https:\/\/www.laguiadepamplona.com\/actualidad\/el-ayuntamiento-de-pamplona-impulsa-la-creacion-de-un-huerto-urbano-ecologico-comunitario-en-la-txantrea-que-sera-adjudicado-mediante-convocatoria-publica\/","og_site_name":"La Gu\u00eda de Pamplona","article_publisher":"https:\/\/www.facebook.com\/laguiadepamplonacom-133175176762273\/?ref=hl","article_published_time":"2018-02-06T11:55:04+00:00","og_image":[{"width":960,"height":540,"url":"https:\/\/www.laguiadepamplona.com\/actualidad\/wp-content\/uploads\/2017\/05\/huerto-urbano.jpg","type":"image\/jpeg"}],"author":"La Gu\u00eda de Pamplona","twitter_card":"summary_large_image","twitter_creator":"@LaGuiadPamplona","twitter_site":"@LaGuiadPamplona","twitter_misc":{"Escrito por":"La Gu\u00eda de Pamplona","Tiempo de lectura":"5 minutos"},"schema":{"@context":"https:\/\/schema.org","@graph":[{"@type":"Article","@id":"https:\/\/www.laguiadepamplona.com\/actualidad\/el-ayuntamiento-de-pamplona-impulsa-la-creacion-de-un-huerto-urbano-ecologico-comunitario-en-la-txantrea-que-sera-adjudicado-mediante-convocatoria-publica\/#article","isPartOf":{"@id":"https:\/\/www.laguiadepamplona.com\/actualidad\/el-ayuntamiento-de-pamplona-impulsa-la-creacion-de-un-huerto-urbano-ecologico-comunitario-en-la-txantrea-que-sera-adjudicado-mediante-convocatoria-publica\/"},"author":{"name":"La Gu\u00eda de Pamplona","@id":"https:\/\/www.laguiadepamplona.com\/actualidad\/#\/schema\/person\/efe887376f0213d4657c93adc50b1fdb"},"headline":"El Ayuntamiento de Pamplona impulsa la creaci\u00f3n de un huerto urbano ecol\u00f3gico comunitario en la Txantrea que ser\u00e1 adjudicado mediante convocatoria p\u00fablica","datePublished":"2018-02-06T11:55:04+00:00","mainEntityOfPage":{"@id":"https:\/\/www.laguiadepamplona.com\/actualidad\/el-ayuntamiento-de-pamplona-impulsa-la-creacion-de-un-huerto-urbano-ecologico-comunitario-en-la-txantrea-que-sera-adjudicado-mediante-convocatoria-publica\/"},"wordCount":1020,"commentCount":0,"publisher":{"@id":"https:\/\/www.laguiadepamplona.com\/actualidad\/#organization"},"image":{"@id":"https:\/\/www.laguiadepamplona.com\/actualidad\/el-ayuntamiento-de-pamplona-impulsa-la-creacion-de-un-huerto-urbano-ecologico-comunitario-en-la-txantrea-que-sera-adjudicado-mediante-convocatoria-publica\/#primaryimage"},"thumbnailUrl":"https:\/\/www.laguiadepamplona.com\/actualidad\/wp-content\/uploads\/2017\/05\/huerto-urbano.jpg","articleSection":["Ayto Pamplona"],"inLanguage":"es","potentialAction":[{"@type":"CommentAction","name":"Comment","target":["https:\/\/www.laguiadepamplona.com\/actualidad\/el-ayuntamiento-de-pamplona-impulsa-la-creacion-de-un-huerto-urbano-ecologico-comunitario-en-la-txantrea-que-sera-adjudicado-mediante-convocatoria-publica\/#respond"]}]},{"@type":"WebPage","@id":"https:\/\/www.laguiadepamplona.com\/actualidad\/el-ayuntamiento-de-pamplona-impulsa-la-creacion-de-un-huerto-urbano-ecologico-comunitario-en-la-txantrea-que-sera-adjudicado-mediante-convocatoria-publica\/","url":"https:\/\/www.laguiadepamplona.com\/actualidad\/el-ayuntamiento-de-pamplona-impulsa-la-creacion-de-un-huerto-urbano-ecologico-comunitario-en-la-txantrea-que-sera-adjudicado-mediante-convocatoria-publica\/","name":"El Ayuntamiento de Pamplona impulsa la creaci\u00f3n de un huerto urbano ecol\u00f3gico comunitario en la Txantrea que ser\u00e1 adjudicado mediante convocatoria p\u00fablica","isPartOf":{"@id":"https:\/\/www.laguiadepamplona.com\/actualidad\/#website"},"primaryImageOfPage":{"@id":"https:\/\/www.laguiadepamplona.com\/actualidad\/el-ayuntamiento-de-pamplona-impulsa-la-creacion-de-un-huerto-urbano-ecologico-comunitario-en-la-txantrea-que-sera-adjudicado-mediante-convocatoria-publica\/#primaryimage"},"image":{"@id":"https:\/\/www.laguiadepamplona.com\/actualidad\/el-ayuntamiento-de-pamplona-impulsa-la-creacion-de-un-huerto-urbano-ecologico-comunitario-en-la-txantrea-que-sera-adjudicado-mediante-convocatoria-publica\/#primaryimage"},"thumbnailUrl":"https:\/\/www.laguiadepamplona.com\/actualidad\/wp-content\/uploads\/2017\/05\/huerto-urbano.jpg","datePublished":"2018-02-06T11:55:04+00:00","breadcrumb":{"@id":"https:\/\/www.laguiadepamplona.com\/actualidad\/el-ayuntamiento-de-pamplona-impulsa-la-creacion-de-un-huerto-urbano-ecologico-comunitario-en-la-txantrea-que-sera-adjudicado-mediante-convocatoria-publica\/#breadcrumb"},"inLanguage":"es","potentialAction":[{"@type":"ReadAction","target":["https:\/\/www.laguiadepamplona.com\/actualidad\/el-ayuntamiento-de-pamplona-impulsa-la-creacion-de-un-huerto-urbano-ecologico-comunitario-en-la-txantrea-que-sera-adjudicado-mediante-convocatoria-publica\/"]}]},{"@type":"ImageObject","inLanguage":"es","@id":"https:\/\/www.laguiadepamplona.com\/actualidad\/el-ayuntamiento-de-pamplona-impulsa-la-creacion-de-un-huerto-urbano-ecologico-comunitario-en-la-txantrea-que-sera-adjudicado-mediante-convocatoria-publica\/#primaryimage","url":"https:\/\/www.laguiadepamplona.com\/actualidad\/wp-content\/uploads\/2017\/05\/huerto-urbano.jpg","contentUrl":"https:\/\/www.laguiadepamplona.com\/actualidad\/wp-content\/uploads\/2017\/05\/huerto-urbano.jpg","width":960,"height":540},{"@type":"BreadcrumbList","@id":"https:\/\/www.laguiadepamplona.com\/actualidad\/el-ayuntamiento-de-pamplona-impulsa-la-creacion-de-un-huerto-urbano-ecologico-comunitario-en-la-txantrea-que-sera-adjudicado-mediante-convocatoria-publica\/#breadcrumb","itemListElement":[{"@type":"ListItem","position":1,"name":"Portada","item":"https:\/\/www.laguiadepamplona.com\/actualidad\/"},{"@type":"ListItem","position":2,"name":"El Ayuntamiento de Pamplona impulsa la creaci\u00f3n de un huerto urbano ecol\u00f3gico comunitario en la Txantrea que ser\u00e1 adjudicado mediante convocatoria p\u00fablica"}]},{"@type":"WebSite","@id":"https:\/\/www.laguiadepamplona.com\/actualidad\/#website","url":"https:\/\/www.laguiadepamplona.com\/actualidad\/","name":"La gu\u00eda de Pamplona","description":"Noticias de Pamplona","publisher":{"@id":"https:\/\/www.laguiadepamplona.com\/actualidad\/#organization"},"potentialAction":[{"@type":"SearchAction","target":{"@type":"EntryPoint","urlTemplate":"https:\/\/www.laguiadepamplona.com\/actualidad\/?s={search_term_string}"},"query-input":{"@type":"PropertyValueSpecification","valueRequired":true,"valueName":"search_term_string"}}],"inLanguage":"es"},{"@type":"Organization","@id":"https:\/\/www.laguiadepamplona.com\/actualidad\/#organization","name":"La Gu\u00eda de Pamplona \/ Noticias","url":"https:\/\/www.laguiadepamplona.com\/actualidad\/","logo":{"@type":"ImageObject","inLanguage":"es","@id":"https:\/\/www.laguiadepamplona.com\/actualidad\/#\/schema\/logo\/image\/","url":"https:\/\/www.laguiadepamplona.com\/actualidad\/wp-content\/uploads\/2018\/11\/logo-laguiadepamplona18-web1.png","contentUrl":"https:\/\/www.laguiadepamplona.com\/actualidad\/wp-content\/uploads\/2018\/11\/logo-laguiadepamplona18-web1.png","width":600,"height":196,"caption":"La Gu\u00eda de Pamplona \/ Noticias"},"image":{"@id":"https:\/\/www.laguiadepamplona.com\/actualidad\/#\/schema\/logo\/image\/"},"sameAs":["https:\/\/www.facebook.com\/laguiadepamplonacom-133175176762273\/?ref=hl","https:\/\/x.com\/LaGuiadPamplona","https:\/\/www.instagram.com\/la_guia_de_pamplona\/","https:\/\/www.youtube.com\/user\/laguiadepamplona"]},{"@type":"Person","@id":"https:\/\/www.laguiadepamplona.com\/actualidad\/#\/schema\/person\/efe887376f0213d4657c93adc50b1fdb","name":"La Gu\u00eda de Pamplona","image":{"@type":"ImageObject","inLanguage":"es","@id":"https:\/\/secure.gravatar.com\/avatar\/b6992f131dc8d30ab0dff15446e9d346d9dbd95992de0fef795073f5ea83a81c?s=96&d=mm&r=g","url":"https:\/\/secure.gravatar.com\/avatar\/b6992f131dc8d30ab0dff15446e9d346d9dbd95992de0fef795073f5ea83a81c?s=96&d=mm&r=g","contentUrl":"https:\/\/secure.gravatar.com\/avatar\/b6992f131dc8d30ab0dff15446e9d346d9dbd95992de0fef795073f5ea83a81c?s=96&d=mm&r=g","caption":"La Gu\u00eda de Pamplona"}}]}},"post_mailing_queue_ids":[],"_links":{"self":[{"href":"https:\/\/www.laguiadepamplona.com\/actualidad\/wp-json\/wp\/v2\/posts\/15984","targetHints":{"allow":["GET"]}}],"collection":[{"href":"https:\/\/www.laguiadepamplona.com\/actualidad\/wp-json\/wp\/v2\/posts"}],"about":[{"href":"https:\/\/www.laguiadepamplona.com\/actualidad\/wp-json\/wp\/v2\/types\/post"}],"author":[{"embeddable":true,"href":"https:\/\/www.laguiadepamplona.com\/actualidad\/wp-json\/wp\/v2\/users\/1"}],"replies":[{"embeddable":true,"href":"https:\/\/www.laguiadepamplona.com\/actualidad\/wp-json\/wp\/v2\/comments?post=15984"}],"version-history":[{"count":0,"href":"https:\/\/www.laguiadepamplona.com\/actualidad\/wp-json\/wp\/v2\/posts\/15984\/revisions"}],"wp:featuredmedia":[{"embeddable":true,"href":"https:\/\/www.laguiadepamplona.com\/actualidad\/wp-json\/wp\/v2\/media\/13221"}],"wp:attachment":[{"href":"https:\/\/www.laguiadepamplona.com\/actualidad\/wp-json\/wp\/v2\/media?parent=15984"}],"wp:term":[{"taxonomy":"category","embeddable":true,"href":"https:\/\/www.laguiadepamplona.com\/actualidad\/wp-json\/wp\/v2\/categories?post=15984"},{"taxonomy":"post_tag","embeddable":true,"href":"https:\/\/www.laguiadepamplona.com\/actualidad\/wp-json\/wp\/v2\/tags?post=15984"}],"curies":[{"name":"wp","href":"https:\/\/api.w.org\/{rel}","templated":true}]}}