{"id":15981,"date":"2018-02-05T18:52:36","date_gmt":"2018-02-05T17:52:36","guid":{"rendered":"http:\/\/laguiadepamplona.es\/actualidad\/?p=15981"},"modified":"2018-02-05T18:52:36","modified_gmt":"2018-02-05T17:52:36","slug":"la-comision-de-presidencia-rechaza-la-campana-de-intimidacion-a-los-comercios-del-centro-y-defiende-el-derecho-a-criticar-las-decisiones-administrativas","status":"publish","type":"post","link":"https:\/\/www.laguiadepamplona.com\/actualidad\/la-comision-de-presidencia-rechaza-la-campana-de-intimidacion-a-los-comercios-del-centro-y-defiende-el-derecho-a-criticar-las-decisiones-administrativas\/","title":{"rendered":"La comisi\u00f3n de Presidencia rechaza la campa\u00f1a de intimidaci\u00f3n a los comercios del centro y defiende el derecho a criticar las decisiones administrativas"},"content":{"rendered":"<p><!--more--><\/p>\n<p class=\"Textonota\">La comisi\u00f3n de Presidencia del Ayuntamiento de Pamplona ha aprobado esta ma\u00f1ana por mayor\u00eda dos puntos de una propuesta de declaraci\u00f3n sobre las amenazas aparecidas la pasada semana contra comercios del centro de la ciudad.<\/p>\n<p class=\"Textonota\">Lo aprobado en ese \u00f3rgano colegiado incide en \u201crechazar y condenar la campa\u00f1a de acoso e intimidaci\u00f3n contra los comercios del centro de nuestra ciudad que se mostraron cr\u00edticos con los cambios de tr\u00e1fico puestos en marcha por esta Ayuntamiento\u201d.<\/p>\n<p class=\"Textonota\">El segundo punto acordado declara \u201creconocer el derecho de estos comercios y de cualquier ciudadano o entidad a criticar libre y leg\u00edtimamente las decisiones de esta o de cualquier administraci\u00f3n o gobierno\u201d.<\/p>\n<p class=\"Textonota\">\n","protected":false},"excerpt":{"rendered":"","protected":false},"author":1,"featured_media":10979,"comment_status":"open","ping_status":"closed","sticky":false,"template":"","format":"standard","meta":{"footnotes":""},"categories":[2],"tags":[],"class_list":["post-15981","post","type-post","status-publish","format-standard","has-post-thumbnail","hentry","category-ayuntamiento-pamplona"],"yoast_head":"<!-- This site is optimized with the Yoast SEO plugin v27.3 - https:\/\/yoast.com\/product\/yoast-seo-wordpress\/ -->\n<title>La comisi\u00f3n de Presidencia rechaza la campa\u00f1a de intimidaci\u00f3n a los comercios del centro y defiende el derecho a criticar las decisiones administrativas<\/title>\n<meta name=\"robots\" content=\"index, follow, max-snippet:-1, max-image-preview:large, max-video-preview:-1\" \/>\n<link rel=\"canonical\" href=\"https:\/\/www.laguiadepamplona.com\/actualidad\/la-comision-de-presidencia-rechaza-la-campana-de-intimidacion-a-los-comercios-del-centro-y-defiende-el-derecho-a-criticar-las-decisiones-administrativas\/\" \/>\n<meta property=\"og:locale\" content=\"es_ES\" \/>\n<meta property=\"og:type\" content=\"article\" \/>\n<meta property=\"og:title\" content=\"La comisi\u00f3n de Presidencia rechaza la campa\u00f1a de intimidaci\u00f3n a los comercios del centro y defiende el derecho a criticar las decisiones administrativas\" \/>\n<meta property=\"og:url\" content=\"https:\/\/www.laguiadepamplona.com\/actualidad\/la-comision-de-presidencia-rechaza-la-campana-de-intimidacion-a-los-comercios-del-centro-y-defiende-el-derecho-a-criticar-las-decisiones-administrativas\/\" \/>\n<meta property=\"og:site_name\" content=\"La Gu\u00eda de Pamplona\" \/>\n<meta property=\"article:publisher\" content=\"https:\/\/www.facebook.com\/laguiadepamplonacom-133175176762273\/?ref=hl\" \/>\n<meta property=\"article:published_time\" content=\"2018-02-05T17:52:36+00:00\" \/>\n<meta property=\"og:image\" content=\"https:\/\/www.laguiadepamplona.com\/actualidad\/wp-content\/uploads\/2016\/11\/Ayto_Pamplona.jpg\" \/>\n\t<meta property=\"og:image:width\" content=\"900\" \/>\n\t<meta property=\"og:image:height\" content=\"675\" \/>\n\t<meta property=\"og:image:type\" content=\"image\/jpeg\" \/>\n<meta name=\"author\" content=\"La Gu\u00eda de Pamplona\" \/>\n<meta name=\"twitter:card\" content=\"summary_large_image\" \/>\n<meta name=\"twitter:creator\" content=\"@LaGuiadPamplona\" \/>\n<meta name=\"twitter:site\" content=\"@LaGuiadPamplona\" \/>\n<meta name=\"twitter:label1\" content=\"Escrito por\" \/>\n\t<meta name=\"twitter:data1\" content=\"La Gu\u00eda de Pamplona\" \/>\n\t<meta name=\"twitter:label2\" content=\"Tiempo de lectura\" \/>\n\t<meta name=\"twitter:data2\" content=\"1 minuto\" \/>\n<script type=\"application\/ld+json\" class=\"yoast-schema-graph\">{\"@context\":\"https:\\\/\\\/schema.org\",\"@graph\":[{\"@type\":\"Article\",\"@id\":\"https:\\\/\\\/www.laguiadepamplona.com\\\/actualidad\\\/la-comision-de-presidencia-rechaza-la-campana-de-intimidacion-a-los-comercios-del-centro-y-defiende-el-derecho-a-criticar-las-decisiones-administrativas\\\/#article\",\"isPartOf\":{\"@id\":\"https:\\\/\\\/www.laguiadepamplona.com\\\/actualidad\\\/la-comision-de-presidencia-rechaza-la-campana-de-intimidacion-a-los-comercios-del-centro-y-defiende-el-derecho-a-criticar-las-decisiones-administrativas\\\/\"},\"author\":{\"name\":\"La Gu\u00eda de Pamplona\",\"@id\":\"https:\\\/\\\/www.laguiadepamplona.com\\\/actualidad\\\/#\\\/schema\\\/person\\\/efe887376f0213d4657c93adc50b1fdb\"},\"headline\":\"La comisi\u00f3n de Presidencia rechaza la campa\u00f1a de intimidaci\u00f3n a los comercios del centro y defiende el derecho a criticar las decisiones administrativas\",\"datePublished\":\"2018-02-05T17:52:36+00:00\",\"mainEntityOfPage\":{\"@id\":\"https:\\\/\\\/www.laguiadepamplona.com\\\/actualidad\\\/la-comision-de-presidencia-rechaza-la-campana-de-intimidacion-a-los-comercios-del-centro-y-defiende-el-derecho-a-criticar-las-decisiones-administrativas\\\/\"},\"wordCount\":143,\"commentCount\":0,\"publisher\":{\"@id\":\"https:\\\/\\\/www.laguiadepamplona.com\\\/actualidad\\\/#organization\"},\"image\":{\"@id\":\"https:\\\/\\\/www.laguiadepamplona.com\\\/actualidad\\\/la-comision-de-presidencia-rechaza-la-campana-de-intimidacion-a-los-comercios-del-centro-y-defiende-el-derecho-a-criticar-las-decisiones-administrativas\\\/#primaryimage\"},\"thumbnailUrl\":\"https:\\\/\\\/www.laguiadepamplona.com\\\/actualidad\\\/wp-content\\\/uploads\\\/2016\\\/11\\\/Ayto_Pamplona.jpg\",\"articleSection\":[\"Ayto Pamplona\"],\"inLanguage\":\"es\",\"potentialAction\":[{\"@type\":\"CommentAction\",\"name\":\"Comment\",\"target\":[\"https:\\\/\\\/www.laguiadepamplona.com\\\/actualidad\\\/la-comision-de-presidencia-rechaza-la-campana-de-intimidacion-a-los-comercios-del-centro-y-defiende-el-derecho-a-criticar-las-decisiones-administrativas\\\/#respond\"]}]},{\"@type\":\"WebPage\",\"@id\":\"https:\\\/\\\/www.laguiadepamplona.com\\\/actualidad\\\/la-comision-de-presidencia-rechaza-la-campana-de-intimidacion-a-los-comercios-del-centro-y-defiende-el-derecho-a-criticar-las-decisiones-administrativas\\\/\",\"url\":\"https:\\\/\\\/www.laguiadepamplona.com\\\/actualidad\\\/la-comision-de-presidencia-rechaza-la-campana-de-intimidacion-a-los-comercios-del-centro-y-defiende-el-derecho-a-criticar-las-decisiones-administrativas\\\/\",\"name\":\"La comisi\u00f3n de Presidencia rechaza la campa\u00f1a de intimidaci\u00f3n a los comercios del centro y defiende el derecho a criticar las decisiones administrativas\",\"isPartOf\":{\"@id\":\"https:\\\/\\\/www.laguiadepamplona.com\\\/actualidad\\\/#website\"},\"primaryImageOfPage\":{\"@id\":\"https:\\\/\\\/www.laguiadepamplona.com\\\/actualidad\\\/la-comision-de-presidencia-rechaza-la-campana-de-intimidacion-a-los-comercios-del-centro-y-defiende-el-derecho-a-criticar-las-decisiones-administrativas\\\/#primaryimage\"},\"image\":{\"@id\":\"https:\\\/\\\/www.laguiadepamplona.com\\\/actualidad\\\/la-comision-de-presidencia-rechaza-la-campana-de-intimidacion-a-los-comercios-del-centro-y-defiende-el-derecho-a-criticar-las-decisiones-administrativas\\\/#primaryimage\"},\"thumbnailUrl\":\"https:\\\/\\\/www.laguiadepamplona.com\\\/actualidad\\\/wp-content\\\/uploads\\\/2016\\\/11\\\/Ayto_Pamplona.jpg\",\"datePublished\":\"2018-02-05T17:52:36+00:00\",\"breadcrumb\":{\"@id\":\"https:\\\/\\\/www.laguiadepamplona.com\\\/actualidad\\\/la-comision-de-presidencia-rechaza-la-campana-de-intimidacion-a-los-comercios-del-centro-y-defiende-el-derecho-a-criticar-las-decisiones-administrativas\\\/#breadcrumb\"},\"inLanguage\":\"es\",\"potentialAction\":[{\"@type\":\"ReadAction\",\"target\":[\"https:\\\/\\\/www.laguiadepamplona.com\\\/actualidad\\\/la-comision-de-presidencia-rechaza-la-campana-de-intimidacion-a-los-comercios-del-centro-y-defiende-el-derecho-a-criticar-las-decisiones-administrativas\\\/\"]}]},{\"@type\":\"ImageObject\",\"inLanguage\":\"es\",\"@id\":\"https:\\\/\\\/www.laguiadepamplona.com\\\/actualidad\\\/la-comision-de-presidencia-rechaza-la-campana-de-intimidacion-a-los-comercios-del-centro-y-defiende-el-derecho-a-criticar-las-decisiones-administrativas\\\/#primaryimage\",\"url\":\"https:\\\/\\\/www.laguiadepamplona.com\\\/actualidad\\\/wp-content\\\/uploads\\\/2016\\\/11\\\/Ayto_Pamplona.jpg\",\"contentUrl\":\"https:\\\/\\\/www.laguiadepamplona.com\\\/actualidad\\\/wp-content\\\/uploads\\\/2016\\\/11\\\/Ayto_Pamplona.jpg\",\"width\":900,\"height\":675},{\"@type\":\"BreadcrumbList\",\"@id\":\"https:\\\/\\\/www.laguiadepamplona.com\\\/actualidad\\\/la-comision-de-presidencia-rechaza-la-campana-de-intimidacion-a-los-comercios-del-centro-y-defiende-el-derecho-a-criticar-las-decisiones-administrativas\\\/#breadcrumb\",\"itemListElement\":[{\"@type\":\"ListItem\",\"position\":1,\"name\":\"Portada\",\"item\":\"https:\\\/\\\/www.laguiadepamplona.com\\\/actualidad\\\/\"},{\"@type\":\"ListItem\",\"position\":2,\"name\":\"La comisi\u00f3n de Presidencia rechaza la campa\u00f1a de intimidaci\u00f3n a los comercios del centro y defiende el derecho a criticar las decisiones administrativas\"}]},{\"@type\":\"WebSite\",\"@id\":\"https:\\\/\\\/www.laguiadepamplona.com\\\/actualidad\\\/#website\",\"url\":\"https:\\\/\\\/www.laguiadepamplona.com\\\/actualidad\\\/\",\"name\":\"La gu\u00eda de Pamplona\",\"description\":\"Noticias de Pamplona\",\"publisher\":{\"@id\":\"https:\\\/\\\/www.laguiadepamplona.com\\\/actualidad\\\/#organization\"},\"potentialAction\":[{\"@type\":\"SearchAction\",\"target\":{\"@type\":\"EntryPoint\",\"urlTemplate\":\"https:\\\/\\\/www.laguiadepamplona.com\\\/actualidad\\\/?s={search_term_string}\"},\"query-input\":{\"@type\":\"PropertyValueSpecification\",\"valueRequired\":true,\"valueName\":\"search_term_string\"}}],\"inLanguage\":\"es\"},{\"@type\":\"Organization\",\"@id\":\"https:\\\/\\\/www.laguiadepamplona.com\\\/actualidad\\\/#organization\",\"name\":\"La Gu\u00eda de Pamplona \\\/ Noticias\",\"url\":\"https:\\\/\\\/www.laguiadepamplona.com\\\/actualidad\\\/\",\"logo\":{\"@type\":\"ImageObject\",\"inLanguage\":\"es\",\"@id\":\"https:\\\/\\\/www.laguiadepamplona.com\\\/actualidad\\\/#\\\/schema\\\/logo\\\/image\\\/\",\"url\":\"https:\\\/\\\/www.laguiadepamplona.com\\\/actualidad\\\/wp-content\\\/uploads\\\/2018\\\/11\\\/logo-laguiadepamplona18-web1.png\",\"contentUrl\":\"https:\\\/\\\/www.laguiadepamplona.com\\\/actualidad\\\/wp-content\\\/uploads\\\/2018\\\/11\\\/logo-laguiadepamplona18-web1.png\",\"width\":600,\"height\":196,\"caption\":\"La Gu\u00eda de Pamplona \\\/ Noticias\"},\"image\":{\"@id\":\"https:\\\/\\\/www.laguiadepamplona.com\\\/actualidad\\\/#\\\/schema\\\/logo\\\/image\\\/\"},\"sameAs\":[\"https:\\\/\\\/www.facebook.com\\\/laguiadepamplonacom-133175176762273\\\/?ref=hl\",\"https:\\\/\\\/x.com\\\/LaGuiadPamplona\",\"https:\\\/\\\/www.instagram.com\\\/la_guia_de_pamplona\\\/\",\"https:\\\/\\\/www.youtube.com\\\/user\\\/laguiadepamplona\"]},{\"@type\":\"Person\",\"@id\":\"https:\\\/\\\/www.laguiadepamplona.com\\\/actualidad\\\/#\\\/schema\\\/person\\\/efe887376f0213d4657c93adc50b1fdb\",\"name\":\"La Gu\u00eda de Pamplona\",\"image\":{\"@type\":\"ImageObject\",\"inLanguage\":\"es\",\"@id\":\"https:\\\/\\\/secure.gravatar.com\\\/avatar\\\/b6992f131dc8d30ab0dff15446e9d346d9dbd95992de0fef795073f5ea83a81c?s=96&d=mm&r=g\",\"url\":\"https:\\\/\\\/secure.gravatar.com\\\/avatar\\\/b6992f131dc8d30ab0dff15446e9d346d9dbd95992de0fef795073f5ea83a81c?s=96&d=mm&r=g\",\"contentUrl\":\"https:\\\/\\\/secure.gravatar.com\\\/avatar\\\/b6992f131dc8d30ab0dff15446e9d346d9dbd95992de0fef795073f5ea83a81c?s=96&d=mm&r=g\",\"caption\":\"La Gu\u00eda de Pamplona\"}}]}<\/script>\n<!-- \/ Yoast SEO plugin. -->","yoast_head_json":{"title":"La comisi\u00f3n de Presidencia rechaza la campa\u00f1a de intimidaci\u00f3n a los comercios del centro y defiende el derecho a criticar las decisiones administrativas","robots":{"index":"index","follow":"follow","max-snippet":"max-snippet:-1","max-image-preview":"max-image-preview:large","max-video-preview":"max-video-preview:-1"},"canonical":"https:\/\/www.laguiadepamplona.com\/actualidad\/la-comision-de-presidencia-rechaza-la-campana-de-intimidacion-a-los-comercios-del-centro-y-defiende-el-derecho-a-criticar-las-decisiones-administrativas\/","og_locale":"es_ES","og_type":"article","og_title":"La comisi\u00f3n de Presidencia rechaza la campa\u00f1a de intimidaci\u00f3n a los comercios del centro y defiende el derecho a criticar las decisiones administrativas","og_url":"https:\/\/www.laguiadepamplona.com\/actualidad\/la-comision-de-presidencia-rechaza-la-campana-de-intimidacion-a-los-comercios-del-centro-y-defiende-el-derecho-a-criticar-las-decisiones-administrativas\/","og_site_name":"La Gu\u00eda de Pamplona","article_publisher":"https:\/\/www.facebook.com\/laguiadepamplonacom-133175176762273\/?ref=hl","article_published_time":"2018-02-05T17:52:36+00:00","og_image":[{"width":900,"height":675,"url":"https:\/\/www.laguiadepamplona.com\/actualidad\/wp-content\/uploads\/2016\/11\/Ayto_Pamplona.jpg","type":"image\/jpeg"}],"author":"La Gu\u00eda de Pamplona","twitter_card":"summary_large_image","twitter_creator":"@LaGuiadPamplona","twitter_site":"@LaGuiadPamplona","twitter_misc":{"Escrito por":"La Gu\u00eda de Pamplona","Tiempo de lectura":"1 minuto"},"schema":{"@context":"https:\/\/schema.org","@graph":[{"@type":"Article","@id":"https:\/\/www.laguiadepamplona.com\/actualidad\/la-comision-de-presidencia-rechaza-la-campana-de-intimidacion-a-los-comercios-del-centro-y-defiende-el-derecho-a-criticar-las-decisiones-administrativas\/#article","isPartOf":{"@id":"https:\/\/www.laguiadepamplona.com\/actualidad\/la-comision-de-presidencia-rechaza-la-campana-de-intimidacion-a-los-comercios-del-centro-y-defiende-el-derecho-a-criticar-las-decisiones-administrativas\/"},"author":{"name":"La Gu\u00eda de Pamplona","@id":"https:\/\/www.laguiadepamplona.com\/actualidad\/#\/schema\/person\/efe887376f0213d4657c93adc50b1fdb"},"headline":"La comisi\u00f3n de Presidencia rechaza la campa\u00f1a de intimidaci\u00f3n a los comercios del centro y defiende el derecho a criticar las decisiones administrativas","datePublished":"2018-02-05T17:52:36+00:00","mainEntityOfPage":{"@id":"https:\/\/www.laguiadepamplona.com\/actualidad\/la-comision-de-presidencia-rechaza-la-campana-de-intimidacion-a-los-comercios-del-centro-y-defiende-el-derecho-a-criticar-las-decisiones-administrativas\/"},"wordCount":143,"commentCount":0,"publisher":{"@id":"https:\/\/www.laguiadepamplona.com\/actualidad\/#organization"},"image":{"@id":"https:\/\/www.laguiadepamplona.com\/actualidad\/la-comision-de-presidencia-rechaza-la-campana-de-intimidacion-a-los-comercios-del-centro-y-defiende-el-derecho-a-criticar-las-decisiones-administrativas\/#primaryimage"},"thumbnailUrl":"https:\/\/www.laguiadepamplona.com\/actualidad\/wp-content\/uploads\/2016\/11\/Ayto_Pamplona.jpg","articleSection":["Ayto Pamplona"],"inLanguage":"es","potentialAction":[{"@type":"CommentAction","name":"Comment","target":["https:\/\/www.laguiadepamplona.com\/actualidad\/la-comision-de-presidencia-rechaza-la-campana-de-intimidacion-a-los-comercios-del-centro-y-defiende-el-derecho-a-criticar-las-decisiones-administrativas\/#respond"]}]},{"@type":"WebPage","@id":"https:\/\/www.laguiadepamplona.com\/actualidad\/la-comision-de-presidencia-rechaza-la-campana-de-intimidacion-a-los-comercios-del-centro-y-defiende-el-derecho-a-criticar-las-decisiones-administrativas\/","url":"https:\/\/www.laguiadepamplona.com\/actualidad\/la-comision-de-presidencia-rechaza-la-campana-de-intimidacion-a-los-comercios-del-centro-y-defiende-el-derecho-a-criticar-las-decisiones-administrativas\/","name":"La comisi\u00f3n de Presidencia rechaza la campa\u00f1a de intimidaci\u00f3n a los comercios del centro y defiende el derecho a criticar las decisiones administrativas","isPartOf":{"@id":"https:\/\/www.laguiadepamplona.com\/actualidad\/#website"},"primaryImageOfPage":{"@id":"https:\/\/www.laguiadepamplona.com\/actualidad\/la-comision-de-presidencia-rechaza-la-campana-de-intimidacion-a-los-comercios-del-centro-y-defiende-el-derecho-a-criticar-las-decisiones-administrativas\/#primaryimage"},"image":{"@id":"https:\/\/www.laguiadepamplona.com\/actualidad\/la-comision-de-presidencia-rechaza-la-campana-de-intimidacion-a-los-comercios-del-centro-y-defiende-el-derecho-a-criticar-las-decisiones-administrativas\/#primaryimage"},"thumbnailUrl":"https:\/\/www.laguiadepamplona.com\/actualidad\/wp-content\/uploads\/2016\/11\/Ayto_Pamplona.jpg","datePublished":"2018-02-05T17:52:36+00:00","breadcrumb":{"@id":"https:\/\/www.laguiadepamplona.com\/actualidad\/la-comision-de-presidencia-rechaza-la-campana-de-intimidacion-a-los-comercios-del-centro-y-defiende-el-derecho-a-criticar-las-decisiones-administrativas\/#breadcrumb"},"inLanguage":"es","potentialAction":[{"@type":"ReadAction","target":["https:\/\/www.laguiadepamplona.com\/actualidad\/la-comision-de-presidencia-rechaza-la-campana-de-intimidacion-a-los-comercios-del-centro-y-defiende-el-derecho-a-criticar-las-decisiones-administrativas\/"]}]},{"@type":"ImageObject","inLanguage":"es","@id":"https:\/\/www.laguiadepamplona.com\/actualidad\/la-comision-de-presidencia-rechaza-la-campana-de-intimidacion-a-los-comercios-del-centro-y-defiende-el-derecho-a-criticar-las-decisiones-administrativas\/#primaryimage","url":"https:\/\/www.laguiadepamplona.com\/actualidad\/wp-content\/uploads\/2016\/11\/Ayto_Pamplona.jpg","contentUrl":"https:\/\/www.laguiadepamplona.com\/actualidad\/wp-content\/uploads\/2016\/11\/Ayto_Pamplona.jpg","width":900,"height":675},{"@type":"BreadcrumbList","@id":"https:\/\/www.laguiadepamplona.com\/actualidad\/la-comision-de-presidencia-rechaza-la-campana-de-intimidacion-a-los-comercios-del-centro-y-defiende-el-derecho-a-criticar-las-decisiones-administrativas\/#breadcrumb","itemListElement":[{"@type":"ListItem","position":1,"name":"Portada","item":"https:\/\/www.laguiadepamplona.com\/actualidad\/"},{"@type":"ListItem","position":2,"name":"La comisi\u00f3n de Presidencia rechaza la campa\u00f1a de intimidaci\u00f3n a los comercios del centro y defiende el derecho a criticar las decisiones administrativas"}]},{"@type":"WebSite","@id":"https:\/\/www.laguiadepamplona.com\/actualidad\/#website","url":"https:\/\/www.laguiadepamplona.com\/actualidad\/","name":"La gu\u00eda de Pamplona","description":"Noticias de Pamplona","publisher":{"@id":"https:\/\/www.laguiadepamplona.com\/actualidad\/#organization"},"potentialAction":[{"@type":"SearchAction","target":{"@type":"EntryPoint","urlTemplate":"https:\/\/www.laguiadepamplona.com\/actualidad\/?s={search_term_string}"},"query-input":{"@type":"PropertyValueSpecification","valueRequired":true,"valueName":"search_term_string"}}],"inLanguage":"es"},{"@type":"Organization","@id":"https:\/\/www.laguiadepamplona.com\/actualidad\/#organization","name":"La Gu\u00eda de Pamplona \/ Noticias","url":"https:\/\/www.laguiadepamplona.com\/actualidad\/","logo":{"@type":"ImageObject","inLanguage":"es","@id":"https:\/\/www.laguiadepamplona.com\/actualidad\/#\/schema\/logo\/image\/","url":"https:\/\/www.laguiadepamplona.com\/actualidad\/wp-content\/uploads\/2018\/11\/logo-laguiadepamplona18-web1.png","contentUrl":"https:\/\/www.laguiadepamplona.com\/actualidad\/wp-content\/uploads\/2018\/11\/logo-laguiadepamplona18-web1.png","width":600,"height":196,"caption":"La Gu\u00eda de Pamplona \/ Noticias"},"image":{"@id":"https:\/\/www.laguiadepamplona.com\/actualidad\/#\/schema\/logo\/image\/"},"sameAs":["https:\/\/www.facebook.com\/laguiadepamplonacom-133175176762273\/?ref=hl","https:\/\/x.com\/LaGuiadPamplona","https:\/\/www.instagram.com\/la_guia_de_pamplona\/","https:\/\/www.youtube.com\/user\/laguiadepamplona"]},{"@type":"Person","@id":"https:\/\/www.laguiadepamplona.com\/actualidad\/#\/schema\/person\/efe887376f0213d4657c93adc50b1fdb","name":"La Gu\u00eda de Pamplona","image":{"@type":"ImageObject","inLanguage":"es","@id":"https:\/\/secure.gravatar.com\/avatar\/b6992f131dc8d30ab0dff15446e9d346d9dbd95992de0fef795073f5ea83a81c?s=96&d=mm&r=g","url":"https:\/\/secure.gravatar.com\/avatar\/b6992f131dc8d30ab0dff15446e9d346d9dbd95992de0fef795073f5ea83a81c?s=96&d=mm&r=g","contentUrl":"https:\/\/secure.gravatar.com\/avatar\/b6992f131dc8d30ab0dff15446e9d346d9dbd95992de0fef795073f5ea83a81c?s=96&d=mm&r=g","caption":"La Gu\u00eda de Pamplona"}}]}},"post_mailing_queue_ids":[],"_links":{"self":[{"href":"https:\/\/www.laguiadepamplona.com\/actualidad\/wp-json\/wp\/v2\/posts\/15981","targetHints":{"allow":["GET"]}}],"collection":[{"href":"https:\/\/www.laguiadepamplona.com\/actualidad\/wp-json\/wp\/v2\/posts"}],"about":[{"href":"https:\/\/www.laguiadepamplona.com\/actualidad\/wp-json\/wp\/v2\/types\/post"}],"author":[{"embeddable":true,"href":"https:\/\/www.laguiadepamplona.com\/actualidad\/wp-json\/wp\/v2\/users\/1"}],"replies":[{"embeddable":true,"href":"https:\/\/www.laguiadepamplona.com\/actualidad\/wp-json\/wp\/v2\/comments?post=15981"}],"version-history":[{"count":0,"href":"https:\/\/www.laguiadepamplona.com\/actualidad\/wp-json\/wp\/v2\/posts\/15981\/revisions"}],"wp:featuredmedia":[{"embeddable":true,"href":"https:\/\/www.laguiadepamplona.com\/actualidad\/wp-json\/wp\/v2\/media\/10979"}],"wp:attachment":[{"href":"https:\/\/www.laguiadepamplona.com\/actualidad\/wp-json\/wp\/v2\/media?parent=15981"}],"wp:term":[{"taxonomy":"category","embeddable":true,"href":"https:\/\/www.laguiadepamplona.com\/actualidad\/wp-json\/wp\/v2\/categories?post=15981"},{"taxonomy":"post_tag","embeddable":true,"href":"https:\/\/www.laguiadepamplona.com\/actualidad\/wp-json\/wp\/v2\/tags?post=15981"}],"curies":[{"name":"wp","href":"https:\/\/api.w.org\/{rel}","templated":true}]}}