{"id":15977,"date":"2018-02-05T13:36:06","date_gmt":"2018-02-05T12:36:06","guid":{"rendered":"http:\/\/laguiadepamplona.es\/actualidad\/?p=15977"},"modified":"2018-02-05T13:36:06","modified_gmt":"2018-02-05T12:36:06","slug":"el-museo-de-educacion-ambiental-acoge-del-6-al-9-de-febrero-el-punto-de-intercambio-de-semillas-ecologicas-o-de-variedades-locales","status":"publish","type":"post","link":"https:\/\/www.laguiadepamplona.com\/actualidad\/el-museo-de-educacion-ambiental-acoge-del-6-al-9-de-febrero-el-punto-de-intercambio-de-semillas-ecologicas-o-de-variedades-locales\/","title":{"rendered":"El Museo de Educaci\u00f3n Ambiental acoge del 6 al 9 de febrero el Punto de intercambio de semillas ecol\u00f3gicas o de variedades locales"},"content":{"rendered":"<h3>Las personas interesadas pueden cambiar de martes a viernes las semillas provenientes de sus cultivos por las disponibles en el Museo<\/h3>\n<p><!--more--><\/p>\n<p>El Museo de Educaci\u00f3n Ambiental del Ayuntamiento de Pamplona, situado en el Monasterio Viejo de San Pedro de la calle Errotazar, acoger\u00e1 de ma\u00f1ana martes 6 al viernes 9 de febrero el Punto de intercambio de semillas. El objetivo de esta iniciativa es promover el libre intercambio de semillas, fomentado la conservaci\u00f3n de la diversidad y las variedades locales de cultivo, caminando as\u00ed hacia la agroecolog\u00eda. La idea es que se pueda incrementar la diversidad de lo que siembra y cultiva. Las personas interesadas podr\u00e1n intercambiar las semillas que lleven por las que est\u00e9n disponibles en el punto. En caso no estar interesadas en hacer ning\u00fan cambio, tambi\u00e9n las podr\u00e1n donar al fondo de semillas que nutrir\u00e1 este punto de intercambio. Las semillas donadas han de ser de recolecciones anteriores y han de estar tratadas sin fertilizantes, herbicidas ni plaguicidas qu\u00edmicos. Se conservar\u00e1n en los recipientes apropiados y se identificar\u00e1n adecuadamente en las hojas de registro.<\/p>\n<p>El horario del Museo de Educaci\u00f3n Ambiental es de martes a viernes de 10 a 13 horas por las ma\u00f1anas y de 18 a 20 horas por las tardes de martes a jueves. En esta ocasi\u00f3n, el intercambio de semillas coincidir\u00e1 el mi\u00e9rcoles 7, a las 19 horas, con la charla sobre las labores de la huerta en invierno, de la mano del agricultor Aingeru Tabar, en la que se repasar\u00e1n los trabajos agr\u00edcolas propios de esta \u00e9poca.<\/p>\n<p><strong>Minimizar el impacto ambiental<\/strong><\/p>\n<p>Los modelos de agricultura intensiva o industrial priman ante todo la producci\u00f3n y el abaratamiento de costes. De esta manera, se despreocupan por el impacto ambiental: se utilizan abonos y plaguicidas sint\u00e9ticos, se empobrecen los suelos, se contaminan los acu\u00edferos y se destruye la biodiversidad. Adem\u00e1s, son modelos que no suelen contemplar los costes sociales: precarizaci\u00f3n laboral, temporalidad, acaparamiento de tierras, dependencia alimentaria, etc. La agroecolog\u00eda, por el contrario, se basa en una mirada integral sobre el ecosistema y el entorno social, y aspira a producir alimentos saludables de forma ambiental y econ\u00f3micamente saludable.<\/p>\n<p>El Museo de Educaci\u00f3n Ambiental viene organizando mensualmente el Punto de intercambio de semillas. Junto con el Mercadillo de intercambio sin dinero, el Mercadillo de intercambio de bicis y el Mercadillo de intercambio de juguetes, esta iniciativa busca facilitar el trueque entre la ciudadan\u00eda, sin intermediarios y sin dinero. Se trata de un conjunto de espacios peri\u00f3dicos que pretenden transitar hacia una econom\u00eda circular y social, alargando la vida de los productos y minimizando el impacto ambiental.<\/p>\n<p>&nbsp;<\/p>\n","protected":false},"excerpt":{"rendered":"<p>Las personas interesadas pueden cambiar de martes a viernes las semillas provenientes de sus cultivos por las disponibles en el Museo<\/p>\n","protected":false},"author":1,"featured_media":11071,"comment_status":"open","ping_status":"closed","sticky":false,"template":"","format":"standard","meta":{"footnotes":""},"categories":[2],"tags":[],"class_list":["post-15977","post","type-post","status-publish","format-standard","has-post-thumbnail","hentry","category-ayuntamiento-pamplona"],"yoast_head":"<!-- This site is optimized with the Yoast SEO plugin v27.5 - https:\/\/yoast.com\/product\/yoast-seo-wordpress\/ -->\n<title>El Museo de Educaci\u00f3n Ambiental acoge del 6 al 9 de febrero el Punto de intercambio de semillas ecol\u00f3gicas o de variedades locales<\/title>\n<meta name=\"robots\" content=\"index, follow, max-snippet:-1, max-image-preview:large, max-video-preview:-1\" \/>\n<link rel=\"canonical\" href=\"https:\/\/www.laguiadepamplona.com\/actualidad\/el-museo-de-educacion-ambiental-acoge-del-6-al-9-de-febrero-el-punto-de-intercambio-de-semillas-ecologicas-o-de-variedades-locales\/\" \/>\n<meta property=\"og:locale\" content=\"es_ES\" \/>\n<meta property=\"og:type\" content=\"article\" \/>\n<meta property=\"og:title\" content=\"El Museo de Educaci\u00f3n Ambiental acoge del 6 al 9 de febrero el Punto de intercambio de semillas ecol\u00f3gicas o de variedades locales\" \/>\n<meta property=\"og:description\" content=\"Las personas interesadas pueden cambiar de martes a viernes las semillas provenientes de sus cultivos por las disponibles en el Museo\" \/>\n<meta property=\"og:url\" content=\"https:\/\/www.laguiadepamplona.com\/actualidad\/el-museo-de-educacion-ambiental-acoge-del-6-al-9-de-febrero-el-punto-de-intercambio-de-semillas-ecologicas-o-de-variedades-locales\/\" \/>\n<meta property=\"og:site_name\" content=\"La Gu\u00eda de Pamplona\" \/>\n<meta property=\"article:publisher\" content=\"https:\/\/www.facebook.com\/laguiadepamplonacom-133175176762273\/?ref=hl\" \/>\n<meta property=\"article:published_time\" content=\"2018-02-05T12:36:06+00:00\" \/>\n<meta property=\"og:image\" content=\"https:\/\/www.laguiadepamplona.com\/actualidad\/wp-content\/uploads\/2016\/12\/Museo-Educacion-Ambiental-Pamplona.jpg\" \/>\n\t<meta property=\"og:image:width\" content=\"627\" \/>\n\t<meta property=\"og:image:height\" content=\"352\" \/>\n\t<meta property=\"og:image:type\" content=\"image\/jpeg\" \/>\n<meta name=\"author\" content=\"La Gu\u00eda de Pamplona\" \/>\n<meta name=\"twitter:card\" content=\"summary_large_image\" \/>\n<meta name=\"twitter:creator\" content=\"@LaGuiadPamplona\" \/>\n<meta name=\"twitter:site\" content=\"@LaGuiadPamplona\" \/>\n<meta name=\"twitter:label1\" content=\"Escrito por\" \/>\n\t<meta name=\"twitter:data1\" content=\"La Gu\u00eda de Pamplona\" \/>\n\t<meta name=\"twitter:label2\" content=\"Tiempo de lectura\" \/>\n\t<meta name=\"twitter:data2\" content=\"2 minutos\" \/>\n<script type=\"application\/ld+json\" class=\"yoast-schema-graph\">{\"@context\":\"https:\\\/\\\/schema.org\",\"@graph\":[{\"@type\":\"Article\",\"@id\":\"https:\\\/\\\/www.laguiadepamplona.com\\\/actualidad\\\/el-museo-de-educacion-ambiental-acoge-del-6-al-9-de-febrero-el-punto-de-intercambio-de-semillas-ecologicas-o-de-variedades-locales\\\/#article\",\"isPartOf\":{\"@id\":\"https:\\\/\\\/www.laguiadepamplona.com\\\/actualidad\\\/el-museo-de-educacion-ambiental-acoge-del-6-al-9-de-febrero-el-punto-de-intercambio-de-semillas-ecologicas-o-de-variedades-locales\\\/\"},\"author\":{\"name\":\"La Gu\u00eda de Pamplona\",\"@id\":\"https:\\\/\\\/www.laguiadepamplona.com\\\/actualidad\\\/#\\\/schema\\\/person\\\/efe887376f0213d4657c93adc50b1fdb\"},\"headline\":\"El Museo de Educaci\u00f3n Ambiental acoge del 6 al 9 de febrero el Punto de intercambio de semillas ecol\u00f3gicas o de variedades locales\",\"datePublished\":\"2018-02-05T12:36:06+00:00\",\"mainEntityOfPage\":{\"@id\":\"https:\\\/\\\/www.laguiadepamplona.com\\\/actualidad\\\/el-museo-de-educacion-ambiental-acoge-del-6-al-9-de-febrero-el-punto-de-intercambio-de-semillas-ecologicas-o-de-variedades-locales\\\/\"},\"wordCount\":475,\"commentCount\":0,\"publisher\":{\"@id\":\"https:\\\/\\\/www.laguiadepamplona.com\\\/actualidad\\\/#organization\"},\"image\":{\"@id\":\"https:\\\/\\\/www.laguiadepamplona.com\\\/actualidad\\\/el-museo-de-educacion-ambiental-acoge-del-6-al-9-de-febrero-el-punto-de-intercambio-de-semillas-ecologicas-o-de-variedades-locales\\\/#primaryimage\"},\"thumbnailUrl\":\"https:\\\/\\\/www.laguiadepamplona.com\\\/actualidad\\\/wp-content\\\/uploads\\\/2016\\\/12\\\/Museo-Educacion-Ambiental-Pamplona.jpg\",\"articleSection\":[\"Ayto Pamplona\"],\"inLanguage\":\"es\",\"potentialAction\":[{\"@type\":\"CommentAction\",\"name\":\"Comment\",\"target\":[\"https:\\\/\\\/www.laguiadepamplona.com\\\/actualidad\\\/el-museo-de-educacion-ambiental-acoge-del-6-al-9-de-febrero-el-punto-de-intercambio-de-semillas-ecologicas-o-de-variedades-locales\\\/#respond\"]}]},{\"@type\":\"WebPage\",\"@id\":\"https:\\\/\\\/www.laguiadepamplona.com\\\/actualidad\\\/el-museo-de-educacion-ambiental-acoge-del-6-al-9-de-febrero-el-punto-de-intercambio-de-semillas-ecologicas-o-de-variedades-locales\\\/\",\"url\":\"https:\\\/\\\/www.laguiadepamplona.com\\\/actualidad\\\/el-museo-de-educacion-ambiental-acoge-del-6-al-9-de-febrero-el-punto-de-intercambio-de-semillas-ecologicas-o-de-variedades-locales\\\/\",\"name\":\"El Museo de Educaci\u00f3n Ambiental acoge del 6 al 9 de febrero el Punto de intercambio de semillas ecol\u00f3gicas o de variedades locales\",\"isPartOf\":{\"@id\":\"https:\\\/\\\/www.laguiadepamplona.com\\\/actualidad\\\/#website\"},\"primaryImageOfPage\":{\"@id\":\"https:\\\/\\\/www.laguiadepamplona.com\\\/actualidad\\\/el-museo-de-educacion-ambiental-acoge-del-6-al-9-de-febrero-el-punto-de-intercambio-de-semillas-ecologicas-o-de-variedades-locales\\\/#primaryimage\"},\"image\":{\"@id\":\"https:\\\/\\\/www.laguiadepamplona.com\\\/actualidad\\\/el-museo-de-educacion-ambiental-acoge-del-6-al-9-de-febrero-el-punto-de-intercambio-de-semillas-ecologicas-o-de-variedades-locales\\\/#primaryimage\"},\"thumbnailUrl\":\"https:\\\/\\\/www.laguiadepamplona.com\\\/actualidad\\\/wp-content\\\/uploads\\\/2016\\\/12\\\/Museo-Educacion-Ambiental-Pamplona.jpg\",\"datePublished\":\"2018-02-05T12:36:06+00:00\",\"breadcrumb\":{\"@id\":\"https:\\\/\\\/www.laguiadepamplona.com\\\/actualidad\\\/el-museo-de-educacion-ambiental-acoge-del-6-al-9-de-febrero-el-punto-de-intercambio-de-semillas-ecologicas-o-de-variedades-locales\\\/#breadcrumb\"},\"inLanguage\":\"es\",\"potentialAction\":[{\"@type\":\"ReadAction\",\"target\":[\"https:\\\/\\\/www.laguiadepamplona.com\\\/actualidad\\\/el-museo-de-educacion-ambiental-acoge-del-6-al-9-de-febrero-el-punto-de-intercambio-de-semillas-ecologicas-o-de-variedades-locales\\\/\"]}]},{\"@type\":\"ImageObject\",\"inLanguage\":\"es\",\"@id\":\"https:\\\/\\\/www.laguiadepamplona.com\\\/actualidad\\\/el-museo-de-educacion-ambiental-acoge-del-6-al-9-de-febrero-el-punto-de-intercambio-de-semillas-ecologicas-o-de-variedades-locales\\\/#primaryimage\",\"url\":\"https:\\\/\\\/www.laguiadepamplona.com\\\/actualidad\\\/wp-content\\\/uploads\\\/2016\\\/12\\\/Museo-Educacion-Ambiental-Pamplona.jpg\",\"contentUrl\":\"https:\\\/\\\/www.laguiadepamplona.com\\\/actualidad\\\/wp-content\\\/uploads\\\/2016\\\/12\\\/Museo-Educacion-Ambiental-Pamplona.jpg\",\"width\":627,\"height\":352},{\"@type\":\"BreadcrumbList\",\"@id\":\"https:\\\/\\\/www.laguiadepamplona.com\\\/actualidad\\\/el-museo-de-educacion-ambiental-acoge-del-6-al-9-de-febrero-el-punto-de-intercambio-de-semillas-ecologicas-o-de-variedades-locales\\\/#breadcrumb\",\"itemListElement\":[{\"@type\":\"ListItem\",\"position\":1,\"name\":\"Portada\",\"item\":\"https:\\\/\\\/www.laguiadepamplona.com\\\/actualidad\\\/\"},{\"@type\":\"ListItem\",\"position\":2,\"name\":\"El Museo de Educaci\u00f3n Ambiental acoge del 6 al 9 de febrero el Punto de intercambio de semillas ecol\u00f3gicas o de variedades locales\"}]},{\"@type\":\"WebSite\",\"@id\":\"https:\\\/\\\/www.laguiadepamplona.com\\\/actualidad\\\/#website\",\"url\":\"https:\\\/\\\/www.laguiadepamplona.com\\\/actualidad\\\/\",\"name\":\"La gu\u00eda de Pamplona\",\"description\":\"Noticias de Pamplona\",\"publisher\":{\"@id\":\"https:\\\/\\\/www.laguiadepamplona.com\\\/actualidad\\\/#organization\"},\"potentialAction\":[{\"@type\":\"SearchAction\",\"target\":{\"@type\":\"EntryPoint\",\"urlTemplate\":\"https:\\\/\\\/www.laguiadepamplona.com\\\/actualidad\\\/?s={search_term_string}\"},\"query-input\":{\"@type\":\"PropertyValueSpecification\",\"valueRequired\":true,\"valueName\":\"search_term_string\"}}],\"inLanguage\":\"es\"},{\"@type\":\"Organization\",\"@id\":\"https:\\\/\\\/www.laguiadepamplona.com\\\/actualidad\\\/#organization\",\"name\":\"La Gu\u00eda de Pamplona \\\/ Noticias\",\"url\":\"https:\\\/\\\/www.laguiadepamplona.com\\\/actualidad\\\/\",\"logo\":{\"@type\":\"ImageObject\",\"inLanguage\":\"es\",\"@id\":\"https:\\\/\\\/www.laguiadepamplona.com\\\/actualidad\\\/#\\\/schema\\\/logo\\\/image\\\/\",\"url\":\"https:\\\/\\\/www.laguiadepamplona.com\\\/actualidad\\\/wp-content\\\/uploads\\\/2018\\\/11\\\/logo-laguiadepamplona18-web1.png\",\"contentUrl\":\"https:\\\/\\\/www.laguiadepamplona.com\\\/actualidad\\\/wp-content\\\/uploads\\\/2018\\\/11\\\/logo-laguiadepamplona18-web1.png\",\"width\":600,\"height\":196,\"caption\":\"La Gu\u00eda de Pamplona \\\/ Noticias\"},\"image\":{\"@id\":\"https:\\\/\\\/www.laguiadepamplona.com\\\/actualidad\\\/#\\\/schema\\\/logo\\\/image\\\/\"},\"sameAs\":[\"https:\\\/\\\/www.facebook.com\\\/laguiadepamplonacom-133175176762273\\\/?ref=hl\",\"https:\\\/\\\/x.com\\\/LaGuiadPamplona\",\"https:\\\/\\\/www.instagram.com\\\/la_guia_de_pamplona\\\/\",\"https:\\\/\\\/www.youtube.com\\\/user\\\/laguiadepamplona\"]},{\"@type\":\"Person\",\"@id\":\"https:\\\/\\\/www.laguiadepamplona.com\\\/actualidad\\\/#\\\/schema\\\/person\\\/efe887376f0213d4657c93adc50b1fdb\",\"name\":\"La Gu\u00eda de Pamplona\",\"image\":{\"@type\":\"ImageObject\",\"inLanguage\":\"es\",\"@id\":\"https:\\\/\\\/secure.gravatar.com\\\/avatar\\\/b6992f131dc8d30ab0dff15446e9d346d9dbd95992de0fef795073f5ea83a81c?s=96&d=mm&r=g\",\"url\":\"https:\\\/\\\/secure.gravatar.com\\\/avatar\\\/b6992f131dc8d30ab0dff15446e9d346d9dbd95992de0fef795073f5ea83a81c?s=96&d=mm&r=g\",\"contentUrl\":\"https:\\\/\\\/secure.gravatar.com\\\/avatar\\\/b6992f131dc8d30ab0dff15446e9d346d9dbd95992de0fef795073f5ea83a81c?s=96&d=mm&r=g\",\"caption\":\"La Gu\u00eda de Pamplona\"}}]}<\/script>\n<!-- \/ Yoast SEO plugin. -->","yoast_head_json":{"title":"El Museo de Educaci\u00f3n Ambiental acoge del 6 al 9 de febrero el Punto de intercambio de semillas ecol\u00f3gicas o de variedades locales","robots":{"index":"index","follow":"follow","max-snippet":"max-snippet:-1","max-image-preview":"max-image-preview:large","max-video-preview":"max-video-preview:-1"},"canonical":"https:\/\/www.laguiadepamplona.com\/actualidad\/el-museo-de-educacion-ambiental-acoge-del-6-al-9-de-febrero-el-punto-de-intercambio-de-semillas-ecologicas-o-de-variedades-locales\/","og_locale":"es_ES","og_type":"article","og_title":"El Museo de Educaci\u00f3n Ambiental acoge del 6 al 9 de febrero el Punto de intercambio de semillas ecol\u00f3gicas o de variedades locales","og_description":"Las personas interesadas pueden cambiar de martes a viernes las semillas provenientes de sus cultivos por las disponibles en el Museo","og_url":"https:\/\/www.laguiadepamplona.com\/actualidad\/el-museo-de-educacion-ambiental-acoge-del-6-al-9-de-febrero-el-punto-de-intercambio-de-semillas-ecologicas-o-de-variedades-locales\/","og_site_name":"La Gu\u00eda de Pamplona","article_publisher":"https:\/\/www.facebook.com\/laguiadepamplonacom-133175176762273\/?ref=hl","article_published_time":"2018-02-05T12:36:06+00:00","og_image":[{"width":627,"height":352,"url":"https:\/\/www.laguiadepamplona.com\/actualidad\/wp-content\/uploads\/2016\/12\/Museo-Educacion-Ambiental-Pamplona.jpg","type":"image\/jpeg"}],"author":"La Gu\u00eda de Pamplona","twitter_card":"summary_large_image","twitter_creator":"@LaGuiadPamplona","twitter_site":"@LaGuiadPamplona","twitter_misc":{"Escrito por":"La Gu\u00eda de Pamplona","Tiempo de lectura":"2 minutos"},"schema":{"@context":"https:\/\/schema.org","@graph":[{"@type":"Article","@id":"https:\/\/www.laguiadepamplona.com\/actualidad\/el-museo-de-educacion-ambiental-acoge-del-6-al-9-de-febrero-el-punto-de-intercambio-de-semillas-ecologicas-o-de-variedades-locales\/#article","isPartOf":{"@id":"https:\/\/www.laguiadepamplona.com\/actualidad\/el-museo-de-educacion-ambiental-acoge-del-6-al-9-de-febrero-el-punto-de-intercambio-de-semillas-ecologicas-o-de-variedades-locales\/"},"author":{"name":"La Gu\u00eda de Pamplona","@id":"https:\/\/www.laguiadepamplona.com\/actualidad\/#\/schema\/person\/efe887376f0213d4657c93adc50b1fdb"},"headline":"El Museo de Educaci\u00f3n Ambiental acoge del 6 al 9 de febrero el Punto de intercambio de semillas ecol\u00f3gicas o de variedades locales","datePublished":"2018-02-05T12:36:06+00:00","mainEntityOfPage":{"@id":"https:\/\/www.laguiadepamplona.com\/actualidad\/el-museo-de-educacion-ambiental-acoge-del-6-al-9-de-febrero-el-punto-de-intercambio-de-semillas-ecologicas-o-de-variedades-locales\/"},"wordCount":475,"commentCount":0,"publisher":{"@id":"https:\/\/www.laguiadepamplona.com\/actualidad\/#organization"},"image":{"@id":"https:\/\/www.laguiadepamplona.com\/actualidad\/el-museo-de-educacion-ambiental-acoge-del-6-al-9-de-febrero-el-punto-de-intercambio-de-semillas-ecologicas-o-de-variedades-locales\/#primaryimage"},"thumbnailUrl":"https:\/\/www.laguiadepamplona.com\/actualidad\/wp-content\/uploads\/2016\/12\/Museo-Educacion-Ambiental-Pamplona.jpg","articleSection":["Ayto Pamplona"],"inLanguage":"es","potentialAction":[{"@type":"CommentAction","name":"Comment","target":["https:\/\/www.laguiadepamplona.com\/actualidad\/el-museo-de-educacion-ambiental-acoge-del-6-al-9-de-febrero-el-punto-de-intercambio-de-semillas-ecologicas-o-de-variedades-locales\/#respond"]}]},{"@type":"WebPage","@id":"https:\/\/www.laguiadepamplona.com\/actualidad\/el-museo-de-educacion-ambiental-acoge-del-6-al-9-de-febrero-el-punto-de-intercambio-de-semillas-ecologicas-o-de-variedades-locales\/","url":"https:\/\/www.laguiadepamplona.com\/actualidad\/el-museo-de-educacion-ambiental-acoge-del-6-al-9-de-febrero-el-punto-de-intercambio-de-semillas-ecologicas-o-de-variedades-locales\/","name":"El Museo de Educaci\u00f3n Ambiental acoge del 6 al 9 de febrero el Punto de intercambio de semillas ecol\u00f3gicas o de variedades locales","isPartOf":{"@id":"https:\/\/www.laguiadepamplona.com\/actualidad\/#website"},"primaryImageOfPage":{"@id":"https:\/\/www.laguiadepamplona.com\/actualidad\/el-museo-de-educacion-ambiental-acoge-del-6-al-9-de-febrero-el-punto-de-intercambio-de-semillas-ecologicas-o-de-variedades-locales\/#primaryimage"},"image":{"@id":"https:\/\/www.laguiadepamplona.com\/actualidad\/el-museo-de-educacion-ambiental-acoge-del-6-al-9-de-febrero-el-punto-de-intercambio-de-semillas-ecologicas-o-de-variedades-locales\/#primaryimage"},"thumbnailUrl":"https:\/\/www.laguiadepamplona.com\/actualidad\/wp-content\/uploads\/2016\/12\/Museo-Educacion-Ambiental-Pamplona.jpg","datePublished":"2018-02-05T12:36:06+00:00","breadcrumb":{"@id":"https:\/\/www.laguiadepamplona.com\/actualidad\/el-museo-de-educacion-ambiental-acoge-del-6-al-9-de-febrero-el-punto-de-intercambio-de-semillas-ecologicas-o-de-variedades-locales\/#breadcrumb"},"inLanguage":"es","potentialAction":[{"@type":"ReadAction","target":["https:\/\/www.laguiadepamplona.com\/actualidad\/el-museo-de-educacion-ambiental-acoge-del-6-al-9-de-febrero-el-punto-de-intercambio-de-semillas-ecologicas-o-de-variedades-locales\/"]}]},{"@type":"ImageObject","inLanguage":"es","@id":"https:\/\/www.laguiadepamplona.com\/actualidad\/el-museo-de-educacion-ambiental-acoge-del-6-al-9-de-febrero-el-punto-de-intercambio-de-semillas-ecologicas-o-de-variedades-locales\/#primaryimage","url":"https:\/\/www.laguiadepamplona.com\/actualidad\/wp-content\/uploads\/2016\/12\/Museo-Educacion-Ambiental-Pamplona.jpg","contentUrl":"https:\/\/www.laguiadepamplona.com\/actualidad\/wp-content\/uploads\/2016\/12\/Museo-Educacion-Ambiental-Pamplona.jpg","width":627,"height":352},{"@type":"BreadcrumbList","@id":"https:\/\/www.laguiadepamplona.com\/actualidad\/el-museo-de-educacion-ambiental-acoge-del-6-al-9-de-febrero-el-punto-de-intercambio-de-semillas-ecologicas-o-de-variedades-locales\/#breadcrumb","itemListElement":[{"@type":"ListItem","position":1,"name":"Portada","item":"https:\/\/www.laguiadepamplona.com\/actualidad\/"},{"@type":"ListItem","position":2,"name":"El Museo de Educaci\u00f3n Ambiental acoge del 6 al 9 de febrero el Punto de intercambio de semillas ecol\u00f3gicas o de variedades locales"}]},{"@type":"WebSite","@id":"https:\/\/www.laguiadepamplona.com\/actualidad\/#website","url":"https:\/\/www.laguiadepamplona.com\/actualidad\/","name":"La gu\u00eda de Pamplona","description":"Noticias de Pamplona","publisher":{"@id":"https:\/\/www.laguiadepamplona.com\/actualidad\/#organization"},"potentialAction":[{"@type":"SearchAction","target":{"@type":"EntryPoint","urlTemplate":"https:\/\/www.laguiadepamplona.com\/actualidad\/?s={search_term_string}"},"query-input":{"@type":"PropertyValueSpecification","valueRequired":true,"valueName":"search_term_string"}}],"inLanguage":"es"},{"@type":"Organization","@id":"https:\/\/www.laguiadepamplona.com\/actualidad\/#organization","name":"La Gu\u00eda de Pamplona \/ Noticias","url":"https:\/\/www.laguiadepamplona.com\/actualidad\/","logo":{"@type":"ImageObject","inLanguage":"es","@id":"https:\/\/www.laguiadepamplona.com\/actualidad\/#\/schema\/logo\/image\/","url":"https:\/\/www.laguiadepamplona.com\/actualidad\/wp-content\/uploads\/2018\/11\/logo-laguiadepamplona18-web1.png","contentUrl":"https:\/\/www.laguiadepamplona.com\/actualidad\/wp-content\/uploads\/2018\/11\/logo-laguiadepamplona18-web1.png","width":600,"height":196,"caption":"La Gu\u00eda de Pamplona \/ Noticias"},"image":{"@id":"https:\/\/www.laguiadepamplona.com\/actualidad\/#\/schema\/logo\/image\/"},"sameAs":["https:\/\/www.facebook.com\/laguiadepamplonacom-133175176762273\/?ref=hl","https:\/\/x.com\/LaGuiadPamplona","https:\/\/www.instagram.com\/la_guia_de_pamplona\/","https:\/\/www.youtube.com\/user\/laguiadepamplona"]},{"@type":"Person","@id":"https:\/\/www.laguiadepamplona.com\/actualidad\/#\/schema\/person\/efe887376f0213d4657c93adc50b1fdb","name":"La Gu\u00eda de Pamplona","image":{"@type":"ImageObject","inLanguage":"es","@id":"https:\/\/secure.gravatar.com\/avatar\/b6992f131dc8d30ab0dff15446e9d346d9dbd95992de0fef795073f5ea83a81c?s=96&d=mm&r=g","url":"https:\/\/secure.gravatar.com\/avatar\/b6992f131dc8d30ab0dff15446e9d346d9dbd95992de0fef795073f5ea83a81c?s=96&d=mm&r=g","contentUrl":"https:\/\/secure.gravatar.com\/avatar\/b6992f131dc8d30ab0dff15446e9d346d9dbd95992de0fef795073f5ea83a81c?s=96&d=mm&r=g","caption":"La Gu\u00eda de Pamplona"}}]}},"post_mailing_queue_ids":[],"_links":{"self":[{"href":"https:\/\/www.laguiadepamplona.com\/actualidad\/wp-json\/wp\/v2\/posts\/15977","targetHints":{"allow":["GET"]}}],"collection":[{"href":"https:\/\/www.laguiadepamplona.com\/actualidad\/wp-json\/wp\/v2\/posts"}],"about":[{"href":"https:\/\/www.laguiadepamplona.com\/actualidad\/wp-json\/wp\/v2\/types\/post"}],"author":[{"embeddable":true,"href":"https:\/\/www.laguiadepamplona.com\/actualidad\/wp-json\/wp\/v2\/users\/1"}],"replies":[{"embeddable":true,"href":"https:\/\/www.laguiadepamplona.com\/actualidad\/wp-json\/wp\/v2\/comments?post=15977"}],"version-history":[{"count":0,"href":"https:\/\/www.laguiadepamplona.com\/actualidad\/wp-json\/wp\/v2\/posts\/15977\/revisions"}],"wp:featuredmedia":[{"embeddable":true,"href":"https:\/\/www.laguiadepamplona.com\/actualidad\/wp-json\/wp\/v2\/media\/11071"}],"wp:attachment":[{"href":"https:\/\/www.laguiadepamplona.com\/actualidad\/wp-json\/wp\/v2\/media?parent=15977"}],"wp:term":[{"taxonomy":"category","embeddable":true,"href":"https:\/\/www.laguiadepamplona.com\/actualidad\/wp-json\/wp\/v2\/categories?post=15977"},{"taxonomy":"post_tag","embeddable":true,"href":"https:\/\/www.laguiadepamplona.com\/actualidad\/wp-json\/wp\/v2\/tags?post=15977"}],"curies":[{"name":"wp","href":"https:\/\/api.w.org\/{rel}","templated":true}]}}