{"id":15973,"date":"2018-02-05T13:35:16","date_gmt":"2018-02-05T12:35:16","guid":{"rendered":"http:\/\/laguiadepamplona.es\/actualidad\/?p=15973"},"modified":"2018-02-05T13:35:16","modified_gmt":"2018-02-05T12:35:16","slug":"el-ayuntamiento-entiende-que-la-evolucion-de-los-datos-de-siniestralidad-confirma-la-necesidad-de-reducir-el-trafico-y-aminorar-la-velocidad-en-pamplona","status":"publish","type":"post","link":"https:\/\/www.laguiadepamplona.com\/actualidad\/el-ayuntamiento-entiende-que-la-evolucion-de-los-datos-de-siniestralidad-confirma-la-necesidad-de-reducir-el-trafico-y-aminorar-la-velocidad-en-pamplona\/","title":{"rendered":"El Ayuntamiento entiende que la evoluci\u00f3n de los datos de siniestralidad confirma la necesidad de reducir el tr\u00e1fico y aminorar la velocidad en Pamplona"},"content":{"rendered":"<h3>Apuesta por un plan de ciudad con medidas en infraestructuras, de control, educativas y normativas, que reduzca los 2.722 accidentes de 2017<\/h3>\n<p><!--more--><\/p>\n<p>El Ayuntamiento de Pamplona va a inventariar los 3.000 pasos de peatones de la ciudad para medir su \u00edndice de seguridad y tomar las medidas correctoras que sean necesarias. Con todas las fichas se elaborar\u00e1 un cat\u00e1logo de pasos de peatones seguros que facilite su implantaci\u00f3n, comenzando por los entornos a los centros escolares. La medida ha sido presentada esta ma\u00f1ana en la Junta de Movilidad, en el marco de un plan global de actuaci\u00f3n que incluya medidas de infraestructuras, de control, educativas y normativas que inviertan la tendencia de accidentabilidad registrada en los \u00faltimos a\u00f1os.<\/p>\n<p>Seg\u00fan los datos de siniestralidad, en Pamplona se registraron en 2017 2.558 accidentes y 164 atropellos. Estas cifras suponen un 6,5% de crecimiento con respecto a 2016, cuando se contabilizaron 2.409 accidentes y 145 atropellos. Si se observa la evoluci\u00f3n de los \u00faltimos diez a\u00f1os, se observa que Pamplona ha vuelto a los niveles de accidentabilidad de 2010, cuando se registraron 2.757 siniestros. Despu\u00e9s se inici\u00f3 una tendencia decreciente, que encontr\u00f3 su suelo en el a\u00f1o 2013 (1.923 siniestros), pero que se invirti\u00f3 desde entonces para alcanzar las cifras actuales. Los 2.722 accidentes de 2017 arrojaron 5 fallecidos, 43 heridos graves y 585 heridos leves.<\/p>\n<p>La concejala delegada de Seguridad Ciudadana y Convivencia, Itziar G\u00f3mez, ha presentado\u00a0 hoy en rueda de prensa los datos y el an\u00e1lisis realizado en el marco del Plan de Seguridad Vial y la pol\u00edtica de movilidad del Ayuntamiento. La concejala ha mostrado su preocupaci\u00f3n por la evoluci\u00f3n de los datos de accidentabilidad, al tiempo que ha reafirmado el compromiso del Ayuntamiento de convertir Pamplona en \u2018Ciudad 30\u2019. Para la concejala, la evoluci\u00f3n de los datos deja claro que \u201ctenemos que trabajar decididamente en dos direcciones: en medidas para reducir el tr\u00e1fico en la ciudad y en la normativa para aminorar la velocidad, en la l\u00ednea de lo que marca el proyecto de Ordenanza de Movilidad que estamos preparando\u201d. El ejemplo de ciudades como Pontevedra, donde s\u00ed se ha conseguido el objetivo de 0 muertes al a\u00f1o en accidentes de tr\u00e1fico, es la referencia. Seg\u00fan ha explicado G\u00f3mez, la estrategia para revertir la tendencia de siniestralidad debe ser \u201cglobal y simult\u00e1nea, combinando acciones sobre infraestructuras, pasos de peatones, controles, educaci\u00f3n vial y normativas, de manera que all\u00ed donde no se pueda incidir sobre las causas del accidente, al menos s\u00ed se pueda hacerlo sobre sus consecuencias\u201d.<\/p>\n<p><strong>Desde 2005, Pamplona desciende un escal\u00f3n en el n\u00famero de personas fallecidas<\/strong><\/p>\n<p>El a\u00f1o 2017 concluy\u00f3 con cinco personas fallecidas en accidente de tr\u00e1fico en la ciudad. De ellas cuatro eran peatones y una motorista. Dos de esas personas fueron atropelladas en un paso de peatones sin regulaci\u00f3n semaf\u00f3rica en el que ten\u00edan prioridad, una en un paso de cebra regulado por sem\u00e1foro que se encontraba en fase roja para el peat\u00f3n y la cuarta de ellas al cruzar por un lugar no habilitado, mientras el veh\u00edculo implicado circulaba marcha atr\u00e1s. La quinta persona fallecida fue un motorista, que perdi\u00f3 el control del veh\u00edculo mientras circulaba a una velocidad inadecuada.<\/p>\n<p>La evoluci\u00f3n de los \u00faltimos 25 a\u00f1os en cuanto a personas fallecidas en accidentes de tr\u00e1fico en Pamplona demuestra que a partir de 2005 se ha descendido un escal\u00f3n en el n\u00famero de v\u00edctimas. Desde 1993 hasta esa fecha la media de personas que perd\u00edan la vida en las carreteras de la ciudad era de 9, con a\u00f1os incluso de 12 y 14 v\u00edctimas, en 1995 y 2001. Desde entonces, esa media de fallecimientos se sit\u00faan en torno a las 3 o 4 personas, con a\u00f1os como 2009 en el que no se registr\u00f3 ninguna muerte por accidente de tr\u00e1fico. En 2016 hubo 4 personas fallecidas.<\/p>\n<p><strong>Los heridos graves se mantienen y los leves decrecen respecto a 2016<\/strong><\/p>\n<p>El n\u00famero de personas heridas graves se mantiene respecto al a\u00f1o anterior, 43 en 2017 y 44 en 2016. Del total de 43 personas heridas graves, 23 fueron peatones, 11 conduc\u00edan moto o ciclomotor, 5 eran ciclistas y 4 otras personas usuarias de la v\u00eda, como conductores de otros tipos de veh\u00edculos o pasajeros de transporte urbano. Respecto a los atropellos a personas peatonas, 11 se produjeron por no respetar su prioridad en pasos de cebra, 3 por cruzar el peat\u00f3n en rojo, 4 por cruzar por un lugar no habilitado y 4 por otras causas. De las 11 personas motoristas que resultaron heridas graves, tres no respetaron un ceda el paso, otras 3 no respetaron la prioridad gen\u00e9rica (cambio de carril), 2 no mantuvieron la distancia de seguridad y 3 lo fueron por otras causas. El n\u00famero de personas ciclistas heridas graves el a\u00f1o pasado descendi\u00f3 de 9 a 5; 2 por rebasar el sem\u00e1foro en rojo, 1 por no poner el pie en tierra, 1 por el mal estado de la calzada y 1 por no respectar la prioridad gen\u00e9rica, ya que un turismo invadi\u00f3 el carril.<\/p>\n<p>Los datos de personas heridas leves por accidente de tr\u00e1fico descendieron de 609 en 2016 a 565 en 2017, un 7,3%, y la cifra m\u00e1s baja de la \u00faltima d\u00e9cada. Se considera persona herida leve aquella que ha sido trasladada a un centro hospitalario y no ha estado ingresada por un tiempo superior a 24 horas. Un total de 100 personas peatonas resultaron heridas leves, 74 ciclistas, 81 personas que conduc\u00edan motos o ciclomotores y 310 en otros veh\u00edculos (turismos, autobuses&#8230;)<\/p>\n<p><strong>La plaza Pr\u00edncipe de Viana, el punto de mayor siniestralidad<\/strong><\/p>\n<p>En cuanto a los puntos de mayor siniestralidad en la ciudad, estos han ido cambiando a lo largo de los a\u00f1os debido a las medidas que desde el Ayuntamiento se han ido adoptando para reducir el n\u00famero de accidentes. En 2017 el lugar con mayor n\u00famero de accidentes, al igual que en los dos a\u00f1os anteriores, fue la plaza Pr\u00edncipe de Viana, donde se registraron 47. En la rotonda de la avenida Baja Navarra con Abejeras y Azpilaga\u00f1a se contabilizaron 38, en la plaza de Merindades 34, en la avenida Baja Navarra con \u00cd\u00f1igo Arista 27 y en esa misma Baja Navarra con Monasterio de la Oliva y Biurdana 26. M\u00e1s de 20 accidentes se registraron tambi\u00e9n en la avenida de Gipuzkoa con Biurdana, en la avenida de Navarra con avenida de San Jorge, en la avenida de Navarra con Arcadio Mar\u00eda Larraona y en la plaza de la Paz.<\/p>\n<p>Durante 2017 la Polic\u00eda Municipal de Pamplona tramit\u00f3 378 expedientes por delitos contra el tr\u00e1fico y la seguridad vial, un 8,6% m\u00e1s que el a\u00f1o anterior. Las etilometr\u00edas positivas aumentaron un 6,1% (han pasado de 242 a 257) y las personas detenidas por carecer del permiso obligatorio, un 22,3% (de 67 a 82). Las denuncias administrativas descendieron casi un 5%, de las 884 del a\u00f1o 2016 a las 841 del pasado a\u00f1o. Esa reducci\u00f3n se debe a la bajada del n\u00famero de denuncias por alcohol (de 796 a 748), a pesar del aumento de las sanciones por drogas (de 88 a 93). En 2017 se realizaron 22.960 pruebas de etilometr\u00eda, un 21% m\u00e1s que en 2016, y 162 pruebas de sustancias estupefacientes, un 1,8% m\u00e1s.<\/p>\n<p><strong>Plan de actuaci\u00f3n global<\/strong><\/p>\n<p>En este marco, el Ayuntamiento est\u00e1 trabajando en un plan global, con cuatro l\u00edneas de actuaci\u00f3n simult\u00e1neas y coordinadas: la actuaci\u00f3n en las infraestructuras (v\u00edas de tr\u00e1nsito y movilidad m\u00e1s seguras), la adopci\u00f3n de medidas coercitivas (controles, campa\u00f1as espec\u00edficas de velocidad, alcohol y drogas), educaci\u00f3n vial (programas integrales y nuevos programas para bicicleta) y gesti\u00f3n de la seguridad vial, dotando a la ciudad de normas que favorezcan y contribuyan a la transformaci\u00f3n de la movilidad, como es el propio proyecto de Plan de \u2018Ciudad 30\u2019, recogido en la nueva Ordenanza de Movilidad, el Plan de Seguridad Vial y el Plan de Ciclabilidad, todo ello con la perspectiva y el horizonte del borrador del PMUS.<\/p>\n<p>La primera l\u00ednea de acci\u00f3n son las actuaciones en infraestructuras, en los pasos de peatones. El grupo de trabajo de movilidad va a confeccionar un inventario de los aproximadamente 3.000 pasos de peatones, analiz\u00e1ndolos a trav\u00e9s de fichas que arrojar\u00e1 un \u00edndice de seguridad y unas medidas correctoras. Adem\u00e1s, se va a crear un cat\u00e1logo de pasos de peatones seguros que facilite su implantaci\u00f3n. En este sentido, G\u00f3mez ha indicado que las actuaciones m\u00e1s inmediatas se circunscribir\u00e1 a los entornos escolares. De hecho, ya se ha aprobado una actuaci\u00f3n en los pasos de peatones en el entorno de los colegios de Amaiur y Larraona, centros con los que, y en coordinaci\u00f3n con las apymas, se est\u00e1n desarrollando caminos escolares seguros. Adem\u00e1s ya se est\u00e1 iniciando el estudio de otro entorno escolar para su inmediata actuaci\u00f3n como es en el que se encuentran los centros del Sagrado Coraz\u00f3n y Liceo Monjard\u00edn.<\/p>\n<p>En este \u00e1mbito, adem\u00e1s, se ha confeccionado un inventario de se\u00f1alizaci\u00f3n vertical y se ha comenzado a sustituir aquella obsoleta o que se encuentra en mal estado, a la vez que se procede en las diferentes campa\u00f1as al pintado y repintado de la se\u00f1alizaci\u00f3n viaria.<\/p>\n<p><strong>Apuesta por la \u2018ciudad 30\u2019<\/strong><\/p>\n<p>La segunda l\u00ednea de trabajo es la de las medidas de control. Destaca la recuperaci\u00f3n de la unidad de motos, el incremento de los controles de etilometr\u00edas, drogas, control de distracciones en la conducci\u00f3n, de documentaci\u00f3n, motocicletas, ciclistas, etc. dentro de la propia planificaci\u00f3n de la Polic\u00eda Municipal, as\u00ed como de las diferentes campa\u00f1as programadas a nivel auton\u00f3mico o estatal.<\/p>\n<p>Asimismo, se va a modernizar el sistema de control de tr\u00e1fico desde el centro de mando, dotando a Polic\u00eda Municipal de un sistema digital de videowall, y cambiando paulatinamente las c\u00e1maras de control por otras m\u00e1s modernas. Tambi\u00e9n se va a incorporar otra cabina de radar y se van a actualizar las existentes y las de los radares m\u00f3viles y sistemas de visualcar.<\/p>\n<p>La tercera l\u00ednea de actuaci\u00f3n se centra en la educaci\u00f3n vial. En este sentido, se dar\u00e1 continuidad a los programas de educaci\u00f3n vial escolar, que el curso pasado cont\u00f3 con 16.383 participantes. Este a\u00f1o se han iniciado contactos con las universidades para introducir tambi\u00e9n la educaci\u00f3n vial en este \u00e1mbito. Tambi\u00e9n se han realizado acciones de educaci\u00f3n vial para infractores y jornadas sobre seguridad vial en bicicleta. Este a\u00f1o, adem\u00e1s de continuar con estas actuaciones, se va a incidir en campa\u00f1as formativas e informativas de concienciaci\u00f3n y corresponsabilidad ciudadana dirigidas a conductores, peatones, ciclistas, padres y madres, personas mayores y discapacitados.<\/p>\n<p>Y en la cuarta l\u00ednea de actuaci\u00f3n, la referida a la gesti\u00f3n de la seguridad vial, en el \u00e1mbito del borrador del PMUS, se va a poner en marcha la recientemente aprobada Ordenanza de Movilidad una de cuyas m\u00e1ximas es hacer de Pamplona una ciudad 30.<\/p>\n<h3><a href=\"http:\/\/laguiadepamplona.es\/actualidad\/wp-content\/uploads\/2018\/02\/18.02.05_Siniestralidad-tr\u00e1fico_scc.pdf\" target=\"_blank\" rel=\"noopener\">Siniestralidad tr\u00e1fico.pdf<\/a><\/h3>\n","protected":false},"excerpt":{"rendered":"<p>Apuesta por un plan de ciudad con medidas en infraestructuras, de control, educativas y normativas, que reduzca los 2.722 accidentes de 2017<\/p>\n","protected":false},"author":1,"featured_media":15974,"comment_status":"open","ping_status":"closed","sticky":false,"template":"","format":"standard","meta":{"footnotes":""},"categories":[2],"tags":[],"class_list":["post-15973","post","type-post","status-publish","format-standard","has-post-thumbnail","hentry","category-ayuntamiento-pamplona"],"yoast_head":"<!-- This site is optimized with the Yoast SEO plugin v27.3 - https:\/\/yoast.com\/product\/yoast-seo-wordpress\/ -->\n<title>El Ayuntamiento entiende que la evoluci\u00f3n de los datos de siniestralidad confirma la necesidad de reducir el tr\u00e1fico y aminorar la velocidad en Pamplona<\/title>\n<meta name=\"robots\" content=\"index, follow, max-snippet:-1, max-image-preview:large, max-video-preview:-1\" \/>\n<link rel=\"canonical\" href=\"https:\/\/www.laguiadepamplona.com\/actualidad\/el-ayuntamiento-entiende-que-la-evolucion-de-los-datos-de-siniestralidad-confirma-la-necesidad-de-reducir-el-trafico-y-aminorar-la-velocidad-en-pamplona\/\" \/>\n<meta property=\"og:locale\" content=\"es_ES\" \/>\n<meta property=\"og:type\" content=\"article\" \/>\n<meta property=\"og:title\" content=\"El Ayuntamiento entiende que la evoluci\u00f3n de los datos de siniestralidad confirma la necesidad de reducir el tr\u00e1fico y aminorar la velocidad en Pamplona\" \/>\n<meta property=\"og:description\" content=\"Apuesta por un plan de ciudad con medidas en infraestructuras, de control, educativas y normativas, que reduzca los 2.722 accidentes de 2017\" \/>\n<meta property=\"og:url\" content=\"https:\/\/www.laguiadepamplona.com\/actualidad\/el-ayuntamiento-entiende-que-la-evolucion-de-los-datos-de-siniestralidad-confirma-la-necesidad-de-reducir-el-trafico-y-aminorar-la-velocidad-en-pamplona\/\" \/>\n<meta property=\"og:site_name\" content=\"La Gu\u00eda de Pamplona\" \/>\n<meta property=\"article:publisher\" content=\"https:\/\/www.facebook.com\/laguiadepamplonacom-133175176762273\/?ref=hl\" \/>\n<meta property=\"article:published_time\" content=\"2018-02-05T12:35:16+00:00\" \/>\n<meta property=\"og:image\" content=\"https:\/\/www.laguiadepamplona.com\/actualidad\/wp-content\/uploads\/2018\/02\/18.02.05_Siniestralidad-tr\u00e1fico_scc.jpg\" \/>\n\t<meta property=\"og:image:width\" content=\"960\" \/>\n\t<meta property=\"og:image:height\" content=\"720\" \/>\n\t<meta property=\"og:image:type\" content=\"image\/jpeg\" \/>\n<meta name=\"author\" content=\"La Gu\u00eda de Pamplona\" \/>\n<meta name=\"twitter:card\" content=\"summary_large_image\" \/>\n<meta name=\"twitter:creator\" content=\"@LaGuiadPamplona\" \/>\n<meta name=\"twitter:site\" content=\"@LaGuiadPamplona\" \/>\n<meta name=\"twitter:label1\" content=\"Escrito por\" \/>\n\t<meta name=\"twitter:data1\" content=\"La Gu\u00eda de Pamplona\" \/>\n\t<meta name=\"twitter:label2\" content=\"Tiempo de lectura\" \/>\n\t<meta name=\"twitter:data2\" content=\"9 minutos\" \/>\n<script type=\"application\/ld+json\" class=\"yoast-schema-graph\">{\"@context\":\"https:\\\/\\\/schema.org\",\"@graph\":[{\"@type\":\"Article\",\"@id\":\"https:\\\/\\\/www.laguiadepamplona.com\\\/actualidad\\\/el-ayuntamiento-entiende-que-la-evolucion-de-los-datos-de-siniestralidad-confirma-la-necesidad-de-reducir-el-trafico-y-aminorar-la-velocidad-en-pamplona\\\/#article\",\"isPartOf\":{\"@id\":\"https:\\\/\\\/www.laguiadepamplona.com\\\/actualidad\\\/el-ayuntamiento-entiende-que-la-evolucion-de-los-datos-de-siniestralidad-confirma-la-necesidad-de-reducir-el-trafico-y-aminorar-la-velocidad-en-pamplona\\\/\"},\"author\":{\"name\":\"La Gu\u00eda de Pamplona\",\"@id\":\"https:\\\/\\\/www.laguiadepamplona.com\\\/actualidad\\\/#\\\/schema\\\/person\\\/efe887376f0213d4657c93adc50b1fdb\"},\"headline\":\"El Ayuntamiento entiende que la evoluci\u00f3n de los datos de siniestralidad confirma la necesidad de reducir el tr\u00e1fico y aminorar la velocidad en Pamplona\",\"datePublished\":\"2018-02-05T12:35:16+00:00\",\"mainEntityOfPage\":{\"@id\":\"https:\\\/\\\/www.laguiadepamplona.com\\\/actualidad\\\/el-ayuntamiento-entiende-que-la-evolucion-de-los-datos-de-siniestralidad-confirma-la-necesidad-de-reducir-el-trafico-y-aminorar-la-velocidad-en-pamplona\\\/\"},\"wordCount\":1868,\"commentCount\":0,\"publisher\":{\"@id\":\"https:\\\/\\\/www.laguiadepamplona.com\\\/actualidad\\\/#organization\"},\"image\":{\"@id\":\"https:\\\/\\\/www.laguiadepamplona.com\\\/actualidad\\\/el-ayuntamiento-entiende-que-la-evolucion-de-los-datos-de-siniestralidad-confirma-la-necesidad-de-reducir-el-trafico-y-aminorar-la-velocidad-en-pamplona\\\/#primaryimage\"},\"thumbnailUrl\":\"https:\\\/\\\/www.laguiadepamplona.com\\\/actualidad\\\/wp-content\\\/uploads\\\/2018\\\/02\\\/18.02.05_Siniestralidad-tr\u00e1fico_scc.jpg\",\"articleSection\":[\"Ayto Pamplona\"],\"inLanguage\":\"es\",\"potentialAction\":[{\"@type\":\"CommentAction\",\"name\":\"Comment\",\"target\":[\"https:\\\/\\\/www.laguiadepamplona.com\\\/actualidad\\\/el-ayuntamiento-entiende-que-la-evolucion-de-los-datos-de-siniestralidad-confirma-la-necesidad-de-reducir-el-trafico-y-aminorar-la-velocidad-en-pamplona\\\/#respond\"]}]},{\"@type\":\"WebPage\",\"@id\":\"https:\\\/\\\/www.laguiadepamplona.com\\\/actualidad\\\/el-ayuntamiento-entiende-que-la-evolucion-de-los-datos-de-siniestralidad-confirma-la-necesidad-de-reducir-el-trafico-y-aminorar-la-velocidad-en-pamplona\\\/\",\"url\":\"https:\\\/\\\/www.laguiadepamplona.com\\\/actualidad\\\/el-ayuntamiento-entiende-que-la-evolucion-de-los-datos-de-siniestralidad-confirma-la-necesidad-de-reducir-el-trafico-y-aminorar-la-velocidad-en-pamplona\\\/\",\"name\":\"El Ayuntamiento entiende que la evoluci\u00f3n de los datos de siniestralidad confirma la necesidad de reducir el tr\u00e1fico y aminorar la velocidad en Pamplona\",\"isPartOf\":{\"@id\":\"https:\\\/\\\/www.laguiadepamplona.com\\\/actualidad\\\/#website\"},\"primaryImageOfPage\":{\"@id\":\"https:\\\/\\\/www.laguiadepamplona.com\\\/actualidad\\\/el-ayuntamiento-entiende-que-la-evolucion-de-los-datos-de-siniestralidad-confirma-la-necesidad-de-reducir-el-trafico-y-aminorar-la-velocidad-en-pamplona\\\/#primaryimage\"},\"image\":{\"@id\":\"https:\\\/\\\/www.laguiadepamplona.com\\\/actualidad\\\/el-ayuntamiento-entiende-que-la-evolucion-de-los-datos-de-siniestralidad-confirma-la-necesidad-de-reducir-el-trafico-y-aminorar-la-velocidad-en-pamplona\\\/#primaryimage\"},\"thumbnailUrl\":\"https:\\\/\\\/www.laguiadepamplona.com\\\/actualidad\\\/wp-content\\\/uploads\\\/2018\\\/02\\\/18.02.05_Siniestralidad-tr\u00e1fico_scc.jpg\",\"datePublished\":\"2018-02-05T12:35:16+00:00\",\"breadcrumb\":{\"@id\":\"https:\\\/\\\/www.laguiadepamplona.com\\\/actualidad\\\/el-ayuntamiento-entiende-que-la-evolucion-de-los-datos-de-siniestralidad-confirma-la-necesidad-de-reducir-el-trafico-y-aminorar-la-velocidad-en-pamplona\\\/#breadcrumb\"},\"inLanguage\":\"es\",\"potentialAction\":[{\"@type\":\"ReadAction\",\"target\":[\"https:\\\/\\\/www.laguiadepamplona.com\\\/actualidad\\\/el-ayuntamiento-entiende-que-la-evolucion-de-los-datos-de-siniestralidad-confirma-la-necesidad-de-reducir-el-trafico-y-aminorar-la-velocidad-en-pamplona\\\/\"]}]},{\"@type\":\"ImageObject\",\"inLanguage\":\"es\",\"@id\":\"https:\\\/\\\/www.laguiadepamplona.com\\\/actualidad\\\/el-ayuntamiento-entiende-que-la-evolucion-de-los-datos-de-siniestralidad-confirma-la-necesidad-de-reducir-el-trafico-y-aminorar-la-velocidad-en-pamplona\\\/#primaryimage\",\"url\":\"https:\\\/\\\/www.laguiadepamplona.com\\\/actualidad\\\/wp-content\\\/uploads\\\/2018\\\/02\\\/18.02.05_Siniestralidad-tr\u00e1fico_scc.jpg\",\"contentUrl\":\"https:\\\/\\\/www.laguiadepamplona.com\\\/actualidad\\\/wp-content\\\/uploads\\\/2018\\\/02\\\/18.02.05_Siniestralidad-tr\u00e1fico_scc.jpg\",\"width\":960,\"height\":720},{\"@type\":\"BreadcrumbList\",\"@id\":\"https:\\\/\\\/www.laguiadepamplona.com\\\/actualidad\\\/el-ayuntamiento-entiende-que-la-evolucion-de-los-datos-de-siniestralidad-confirma-la-necesidad-de-reducir-el-trafico-y-aminorar-la-velocidad-en-pamplona\\\/#breadcrumb\",\"itemListElement\":[{\"@type\":\"ListItem\",\"position\":1,\"name\":\"Portada\",\"item\":\"https:\\\/\\\/www.laguiadepamplona.com\\\/actualidad\\\/\"},{\"@type\":\"ListItem\",\"position\":2,\"name\":\"El Ayuntamiento entiende que la evoluci\u00f3n de los datos de siniestralidad confirma la necesidad de reducir el tr\u00e1fico y aminorar la velocidad en Pamplona\"}]},{\"@type\":\"WebSite\",\"@id\":\"https:\\\/\\\/www.laguiadepamplona.com\\\/actualidad\\\/#website\",\"url\":\"https:\\\/\\\/www.laguiadepamplona.com\\\/actualidad\\\/\",\"name\":\"La gu\u00eda de Pamplona\",\"description\":\"Noticias de Pamplona\",\"publisher\":{\"@id\":\"https:\\\/\\\/www.laguiadepamplona.com\\\/actualidad\\\/#organization\"},\"potentialAction\":[{\"@type\":\"SearchAction\",\"target\":{\"@type\":\"EntryPoint\",\"urlTemplate\":\"https:\\\/\\\/www.laguiadepamplona.com\\\/actualidad\\\/?s={search_term_string}\"},\"query-input\":{\"@type\":\"PropertyValueSpecification\",\"valueRequired\":true,\"valueName\":\"search_term_string\"}}],\"inLanguage\":\"es\"},{\"@type\":\"Organization\",\"@id\":\"https:\\\/\\\/www.laguiadepamplona.com\\\/actualidad\\\/#organization\",\"name\":\"La Gu\u00eda de Pamplona \\\/ Noticias\",\"url\":\"https:\\\/\\\/www.laguiadepamplona.com\\\/actualidad\\\/\",\"logo\":{\"@type\":\"ImageObject\",\"inLanguage\":\"es\",\"@id\":\"https:\\\/\\\/www.laguiadepamplona.com\\\/actualidad\\\/#\\\/schema\\\/logo\\\/image\\\/\",\"url\":\"https:\\\/\\\/www.laguiadepamplona.com\\\/actualidad\\\/wp-content\\\/uploads\\\/2018\\\/11\\\/logo-laguiadepamplona18-web1.png\",\"contentUrl\":\"https:\\\/\\\/www.laguiadepamplona.com\\\/actualidad\\\/wp-content\\\/uploads\\\/2018\\\/11\\\/logo-laguiadepamplona18-web1.png\",\"width\":600,\"height\":196,\"caption\":\"La Gu\u00eda de Pamplona \\\/ Noticias\"},\"image\":{\"@id\":\"https:\\\/\\\/www.laguiadepamplona.com\\\/actualidad\\\/#\\\/schema\\\/logo\\\/image\\\/\"},\"sameAs\":[\"https:\\\/\\\/www.facebook.com\\\/laguiadepamplonacom-133175176762273\\\/?ref=hl\",\"https:\\\/\\\/x.com\\\/LaGuiadPamplona\",\"https:\\\/\\\/www.instagram.com\\\/la_guia_de_pamplona\\\/\",\"https:\\\/\\\/www.youtube.com\\\/user\\\/laguiadepamplona\"]},{\"@type\":\"Person\",\"@id\":\"https:\\\/\\\/www.laguiadepamplona.com\\\/actualidad\\\/#\\\/schema\\\/person\\\/efe887376f0213d4657c93adc50b1fdb\",\"name\":\"La Gu\u00eda de Pamplona\",\"image\":{\"@type\":\"ImageObject\",\"inLanguage\":\"es\",\"@id\":\"https:\\\/\\\/secure.gravatar.com\\\/avatar\\\/b6992f131dc8d30ab0dff15446e9d346d9dbd95992de0fef795073f5ea83a81c?s=96&d=mm&r=g\",\"url\":\"https:\\\/\\\/secure.gravatar.com\\\/avatar\\\/b6992f131dc8d30ab0dff15446e9d346d9dbd95992de0fef795073f5ea83a81c?s=96&d=mm&r=g\",\"contentUrl\":\"https:\\\/\\\/secure.gravatar.com\\\/avatar\\\/b6992f131dc8d30ab0dff15446e9d346d9dbd95992de0fef795073f5ea83a81c?s=96&d=mm&r=g\",\"caption\":\"La Gu\u00eda de Pamplona\"}}]}<\/script>\n<!-- \/ Yoast SEO plugin. -->","yoast_head_json":{"title":"El Ayuntamiento entiende que la evoluci\u00f3n de los datos de siniestralidad confirma la necesidad de reducir el tr\u00e1fico y aminorar la velocidad en Pamplona","robots":{"index":"index","follow":"follow","max-snippet":"max-snippet:-1","max-image-preview":"max-image-preview:large","max-video-preview":"max-video-preview:-1"},"canonical":"https:\/\/www.laguiadepamplona.com\/actualidad\/el-ayuntamiento-entiende-que-la-evolucion-de-los-datos-de-siniestralidad-confirma-la-necesidad-de-reducir-el-trafico-y-aminorar-la-velocidad-en-pamplona\/","og_locale":"es_ES","og_type":"article","og_title":"El Ayuntamiento entiende que la evoluci\u00f3n de los datos de siniestralidad confirma la necesidad de reducir el tr\u00e1fico y aminorar la velocidad en Pamplona","og_description":"Apuesta por un plan de ciudad con medidas en infraestructuras, de control, educativas y normativas, que reduzca los 2.722 accidentes de 2017","og_url":"https:\/\/www.laguiadepamplona.com\/actualidad\/el-ayuntamiento-entiende-que-la-evolucion-de-los-datos-de-siniestralidad-confirma-la-necesidad-de-reducir-el-trafico-y-aminorar-la-velocidad-en-pamplona\/","og_site_name":"La Gu\u00eda de Pamplona","article_publisher":"https:\/\/www.facebook.com\/laguiadepamplonacom-133175176762273\/?ref=hl","article_published_time":"2018-02-05T12:35:16+00:00","og_image":[{"width":960,"height":720,"url":"https:\/\/www.laguiadepamplona.com\/actualidad\/wp-content\/uploads\/2018\/02\/18.02.05_Siniestralidad-tr\u00e1fico_scc.jpg","type":"image\/jpeg"}],"author":"La Gu\u00eda de Pamplona","twitter_card":"summary_large_image","twitter_creator":"@LaGuiadPamplona","twitter_site":"@LaGuiadPamplona","twitter_misc":{"Escrito por":"La Gu\u00eda de Pamplona","Tiempo de lectura":"9 minutos"},"schema":{"@context":"https:\/\/schema.org","@graph":[{"@type":"Article","@id":"https:\/\/www.laguiadepamplona.com\/actualidad\/el-ayuntamiento-entiende-que-la-evolucion-de-los-datos-de-siniestralidad-confirma-la-necesidad-de-reducir-el-trafico-y-aminorar-la-velocidad-en-pamplona\/#article","isPartOf":{"@id":"https:\/\/www.laguiadepamplona.com\/actualidad\/el-ayuntamiento-entiende-que-la-evolucion-de-los-datos-de-siniestralidad-confirma-la-necesidad-de-reducir-el-trafico-y-aminorar-la-velocidad-en-pamplona\/"},"author":{"name":"La Gu\u00eda de Pamplona","@id":"https:\/\/www.laguiadepamplona.com\/actualidad\/#\/schema\/person\/efe887376f0213d4657c93adc50b1fdb"},"headline":"El Ayuntamiento entiende que la evoluci\u00f3n de los datos de siniestralidad confirma la necesidad de reducir el tr\u00e1fico y aminorar la velocidad en Pamplona","datePublished":"2018-02-05T12:35:16+00:00","mainEntityOfPage":{"@id":"https:\/\/www.laguiadepamplona.com\/actualidad\/el-ayuntamiento-entiende-que-la-evolucion-de-los-datos-de-siniestralidad-confirma-la-necesidad-de-reducir-el-trafico-y-aminorar-la-velocidad-en-pamplona\/"},"wordCount":1868,"commentCount":0,"publisher":{"@id":"https:\/\/www.laguiadepamplona.com\/actualidad\/#organization"},"image":{"@id":"https:\/\/www.laguiadepamplona.com\/actualidad\/el-ayuntamiento-entiende-que-la-evolucion-de-los-datos-de-siniestralidad-confirma-la-necesidad-de-reducir-el-trafico-y-aminorar-la-velocidad-en-pamplona\/#primaryimage"},"thumbnailUrl":"https:\/\/www.laguiadepamplona.com\/actualidad\/wp-content\/uploads\/2018\/02\/18.02.05_Siniestralidad-tr\u00e1fico_scc.jpg","articleSection":["Ayto Pamplona"],"inLanguage":"es","potentialAction":[{"@type":"CommentAction","name":"Comment","target":["https:\/\/www.laguiadepamplona.com\/actualidad\/el-ayuntamiento-entiende-que-la-evolucion-de-los-datos-de-siniestralidad-confirma-la-necesidad-de-reducir-el-trafico-y-aminorar-la-velocidad-en-pamplona\/#respond"]}]},{"@type":"WebPage","@id":"https:\/\/www.laguiadepamplona.com\/actualidad\/el-ayuntamiento-entiende-que-la-evolucion-de-los-datos-de-siniestralidad-confirma-la-necesidad-de-reducir-el-trafico-y-aminorar-la-velocidad-en-pamplona\/","url":"https:\/\/www.laguiadepamplona.com\/actualidad\/el-ayuntamiento-entiende-que-la-evolucion-de-los-datos-de-siniestralidad-confirma-la-necesidad-de-reducir-el-trafico-y-aminorar-la-velocidad-en-pamplona\/","name":"El Ayuntamiento entiende que la evoluci\u00f3n de los datos de siniestralidad confirma la necesidad de reducir el tr\u00e1fico y aminorar la velocidad en Pamplona","isPartOf":{"@id":"https:\/\/www.laguiadepamplona.com\/actualidad\/#website"},"primaryImageOfPage":{"@id":"https:\/\/www.laguiadepamplona.com\/actualidad\/el-ayuntamiento-entiende-que-la-evolucion-de-los-datos-de-siniestralidad-confirma-la-necesidad-de-reducir-el-trafico-y-aminorar-la-velocidad-en-pamplona\/#primaryimage"},"image":{"@id":"https:\/\/www.laguiadepamplona.com\/actualidad\/el-ayuntamiento-entiende-que-la-evolucion-de-los-datos-de-siniestralidad-confirma-la-necesidad-de-reducir-el-trafico-y-aminorar-la-velocidad-en-pamplona\/#primaryimage"},"thumbnailUrl":"https:\/\/www.laguiadepamplona.com\/actualidad\/wp-content\/uploads\/2018\/02\/18.02.05_Siniestralidad-tr\u00e1fico_scc.jpg","datePublished":"2018-02-05T12:35:16+00:00","breadcrumb":{"@id":"https:\/\/www.laguiadepamplona.com\/actualidad\/el-ayuntamiento-entiende-que-la-evolucion-de-los-datos-de-siniestralidad-confirma-la-necesidad-de-reducir-el-trafico-y-aminorar-la-velocidad-en-pamplona\/#breadcrumb"},"inLanguage":"es","potentialAction":[{"@type":"ReadAction","target":["https:\/\/www.laguiadepamplona.com\/actualidad\/el-ayuntamiento-entiende-que-la-evolucion-de-los-datos-de-siniestralidad-confirma-la-necesidad-de-reducir-el-trafico-y-aminorar-la-velocidad-en-pamplona\/"]}]},{"@type":"ImageObject","inLanguage":"es","@id":"https:\/\/www.laguiadepamplona.com\/actualidad\/el-ayuntamiento-entiende-que-la-evolucion-de-los-datos-de-siniestralidad-confirma-la-necesidad-de-reducir-el-trafico-y-aminorar-la-velocidad-en-pamplona\/#primaryimage","url":"https:\/\/www.laguiadepamplona.com\/actualidad\/wp-content\/uploads\/2018\/02\/18.02.05_Siniestralidad-tr\u00e1fico_scc.jpg","contentUrl":"https:\/\/www.laguiadepamplona.com\/actualidad\/wp-content\/uploads\/2018\/02\/18.02.05_Siniestralidad-tr\u00e1fico_scc.jpg","width":960,"height":720},{"@type":"BreadcrumbList","@id":"https:\/\/www.laguiadepamplona.com\/actualidad\/el-ayuntamiento-entiende-que-la-evolucion-de-los-datos-de-siniestralidad-confirma-la-necesidad-de-reducir-el-trafico-y-aminorar-la-velocidad-en-pamplona\/#breadcrumb","itemListElement":[{"@type":"ListItem","position":1,"name":"Portada","item":"https:\/\/www.laguiadepamplona.com\/actualidad\/"},{"@type":"ListItem","position":2,"name":"El Ayuntamiento entiende que la evoluci\u00f3n de los datos de siniestralidad confirma la necesidad de reducir el tr\u00e1fico y aminorar la velocidad en Pamplona"}]},{"@type":"WebSite","@id":"https:\/\/www.laguiadepamplona.com\/actualidad\/#website","url":"https:\/\/www.laguiadepamplona.com\/actualidad\/","name":"La gu\u00eda de Pamplona","description":"Noticias de Pamplona","publisher":{"@id":"https:\/\/www.laguiadepamplona.com\/actualidad\/#organization"},"potentialAction":[{"@type":"SearchAction","target":{"@type":"EntryPoint","urlTemplate":"https:\/\/www.laguiadepamplona.com\/actualidad\/?s={search_term_string}"},"query-input":{"@type":"PropertyValueSpecification","valueRequired":true,"valueName":"search_term_string"}}],"inLanguage":"es"},{"@type":"Organization","@id":"https:\/\/www.laguiadepamplona.com\/actualidad\/#organization","name":"La Gu\u00eda de Pamplona \/ Noticias","url":"https:\/\/www.laguiadepamplona.com\/actualidad\/","logo":{"@type":"ImageObject","inLanguage":"es","@id":"https:\/\/www.laguiadepamplona.com\/actualidad\/#\/schema\/logo\/image\/","url":"https:\/\/www.laguiadepamplona.com\/actualidad\/wp-content\/uploads\/2018\/11\/logo-laguiadepamplona18-web1.png","contentUrl":"https:\/\/www.laguiadepamplona.com\/actualidad\/wp-content\/uploads\/2018\/11\/logo-laguiadepamplona18-web1.png","width":600,"height":196,"caption":"La Gu\u00eda de Pamplona \/ Noticias"},"image":{"@id":"https:\/\/www.laguiadepamplona.com\/actualidad\/#\/schema\/logo\/image\/"},"sameAs":["https:\/\/www.facebook.com\/laguiadepamplonacom-133175176762273\/?ref=hl","https:\/\/x.com\/LaGuiadPamplona","https:\/\/www.instagram.com\/la_guia_de_pamplona\/","https:\/\/www.youtube.com\/user\/laguiadepamplona"]},{"@type":"Person","@id":"https:\/\/www.laguiadepamplona.com\/actualidad\/#\/schema\/person\/efe887376f0213d4657c93adc50b1fdb","name":"La Gu\u00eda de Pamplona","image":{"@type":"ImageObject","inLanguage":"es","@id":"https:\/\/secure.gravatar.com\/avatar\/b6992f131dc8d30ab0dff15446e9d346d9dbd95992de0fef795073f5ea83a81c?s=96&d=mm&r=g","url":"https:\/\/secure.gravatar.com\/avatar\/b6992f131dc8d30ab0dff15446e9d346d9dbd95992de0fef795073f5ea83a81c?s=96&d=mm&r=g","contentUrl":"https:\/\/secure.gravatar.com\/avatar\/b6992f131dc8d30ab0dff15446e9d346d9dbd95992de0fef795073f5ea83a81c?s=96&d=mm&r=g","caption":"La Gu\u00eda de Pamplona"}}]}},"post_mailing_queue_ids":[],"_links":{"self":[{"href":"https:\/\/www.laguiadepamplona.com\/actualidad\/wp-json\/wp\/v2\/posts\/15973","targetHints":{"allow":["GET"]}}],"collection":[{"href":"https:\/\/www.laguiadepamplona.com\/actualidad\/wp-json\/wp\/v2\/posts"}],"about":[{"href":"https:\/\/www.laguiadepamplona.com\/actualidad\/wp-json\/wp\/v2\/types\/post"}],"author":[{"embeddable":true,"href":"https:\/\/www.laguiadepamplona.com\/actualidad\/wp-json\/wp\/v2\/users\/1"}],"replies":[{"embeddable":true,"href":"https:\/\/www.laguiadepamplona.com\/actualidad\/wp-json\/wp\/v2\/comments?post=15973"}],"version-history":[{"count":0,"href":"https:\/\/www.laguiadepamplona.com\/actualidad\/wp-json\/wp\/v2\/posts\/15973\/revisions"}],"wp:featuredmedia":[{"embeddable":true,"href":"https:\/\/www.laguiadepamplona.com\/actualidad\/wp-json\/wp\/v2\/media\/15974"}],"wp:attachment":[{"href":"https:\/\/www.laguiadepamplona.com\/actualidad\/wp-json\/wp\/v2\/media?parent=15973"}],"wp:term":[{"taxonomy":"category","embeddable":true,"href":"https:\/\/www.laguiadepamplona.com\/actualidad\/wp-json\/wp\/v2\/categories?post=15973"},{"taxonomy":"post_tag","embeddable":true,"href":"https:\/\/www.laguiadepamplona.com\/actualidad\/wp-json\/wp\/v2\/tags?post=15973"}],"curies":[{"name":"wp","href":"https:\/\/api.w.org\/{rel}","templated":true}]}}