{"id":15970,"date":"2018-02-05T13:30:59","date_gmt":"2018-02-05T12:30:59","guid":{"rendered":"http:\/\/laguiadepamplona.es\/actualidad\/?p=15970"},"modified":"2018-02-05T13:30:59","modified_gmt":"2018-02-05T12:30:59","slug":"esta-semana-comienzan-los-talleres-gratuitos-de-autodefensa-y-empoderamiento-feminista-para-mujeres-en-civivox-mendillorri","status":"publish","type":"post","link":"https:\/\/www.laguiadepamplona.com\/actualidad\/esta-semana-comienzan-los-talleres-gratuitos-de-autodefensa-y-empoderamiento-feminista-para-mujeres-en-civivox-mendillorri\/","title":{"rendered":"Esta semana comienzan los talleres gratuitos de \u2018Autodefensa y empoderamiento feminista para mujeres\u2019 en Civivox Mendillorri"},"content":{"rendered":"<h3>La oferta, para la que a\u00fan hay plazas, engloba dos formaciones para mujeres mayores de 18 a\u00f1os, una en castellano y otra en euskera<\/h3>\n<p><!--more--><\/p>\n<p>La \u2018Autodefensa y empoderamiento feminista\u2019 vuelve Civivox Mendillorri con dos talleres que tendr\u00e1n lugar los d\u00edas 9 y 10 y 16 y 17 de febrero, viernes y s\u00e1bado en ambos casos. Con 20 plazas por sesi\u00f3n las inscripciones est\u00e1n abiertas a trav\u00e9s de la red Civivox y en el Tel\u00e9fono de Atenci\u00f3n Ciudadana 010 (948420100 desde m\u00f3vil, fuera de Pamplona). El objetivo final de esta propuesta es que las participantes adquieran herramientas para el empoderamiento individual y colectivo y aprendan a identificar\u00a0 las agresiones, analizar el origen y la construcci\u00f3n de la violencia hacia las mujeres en todos sus aspectos y consecuencias.<\/p>\n<p>Los talleres son gratuitos y, tras un cambio en la programaci\u00f3n, est\u00e1n dirigidos a mujeres mayores de 18 a\u00f1os. El primero se impartir\u00e1 en castellano y el segundo en euskera. Cada curso completa 8 horas de formaci\u00f3n a cargo de especialistas en autodefensa feminista del Grupo ADF. Las participantes en el taller \u00fanicamente deber\u00e1n llevar ropa c\u00f3moda, una esterilla y material para tomar notas. Los cursos propuestos por el Ayuntamiento de Pamplona, adem\u00e1s de ense\u00f1ar t\u00e9cnicas de defensa personal frente a las agresiones, dan espacio a otras demandas como son el ejercicio efectivo de todos los derechos y responsabilidades que tienen las mujeres como ciudadanas, en un proceso de empoderamiento individual y colectivo a trav\u00e9s de t\u00e9cnicas cognitivas, emocionales y f\u00edsicas.<\/p>\n<p>El curso analizar\u00e1 la desigualdad basada en el sistema sexo\/g\u00e9nero y abordar\u00e1 asuntos como la construcci\u00f3n de los roles de g\u00e9nero y la violencia sexista o los conceptos de terror sexual e indefensi\u00f3n aprendida, adem\u00e1s de la relaci\u00f3n entre el amor rom\u00e1ntico y la dependencia emocional. Asimismo se aprender\u00e1 a identificar las distintas expresiones de la violencia contra las mujeres o el concepto del cuerpo como territorio.<\/p>\n<p><strong>Autodefensa y empoderamiento feminista. febrero<\/strong><\/p>\n<p><strong>TALLERES<\/strong><\/p>\n<p><strong>Viernes 9 de febrero y s\u00e1bado 10 de febrero. Castellano<\/strong><\/p>\n<p><strong>Viernes 16 de febrero y s\u00e1bado 17 de febrero. Euskera<\/strong><\/p>\n<ul>\n<li>Lugar: Civivox Mendillorri<\/li>\n<li>Inscripciones: en cualquier Civivox y en el tel\u00e9fono de Atenci\u00f3n Ciudadana 010<\/li>\n<li>Para mayores de 18 a\u00f1os Son gratuitos<\/li>\n<li>16 plazas que se adjudicar\u00e1n en orden de inscripci\u00f3n<\/li>\n<li>Horario: viernes de 17 a 21 horas y s\u00e1bados 9:30 a 13.30 horas. Duraci\u00f3n: ocho horas por taller<\/li>\n<\/ul>\n<p>&nbsp;<\/p>\n","protected":false},"excerpt":{"rendered":"<p>La oferta, para la que a\u00fan hay plazas, engloba dos formaciones para mujeres mayores de 18 a\u00f1os, una en castellano y otra en euskera<\/p>\n","protected":false},"author":1,"featured_media":15971,"comment_status":"open","ping_status":"closed","sticky":false,"template":"","format":"standard","meta":{"footnotes":""},"categories":[2],"tags":[],"class_list":["post-15970","post","type-post","status-publish","format-standard","has-post-thumbnail","hentry","category-ayuntamiento-pamplona"],"yoast_head":"<!-- This site is optimized with the Yoast SEO plugin v27.3 - https:\/\/yoast.com\/product\/yoast-seo-wordpress\/ -->\n<title>Esta semana comienzan los talleres gratuitos de \u2018Autodefensa y empoderamiento feminista para mujeres\u2019 en Civivox Mendillorri<\/title>\n<meta name=\"robots\" content=\"index, follow, max-snippet:-1, max-image-preview:large, max-video-preview:-1\" \/>\n<link rel=\"canonical\" href=\"https:\/\/www.laguiadepamplona.com\/actualidad\/esta-semana-comienzan-los-talleres-gratuitos-de-autodefensa-y-empoderamiento-feminista-para-mujeres-en-civivox-mendillorri\/\" \/>\n<meta property=\"og:locale\" content=\"es_ES\" \/>\n<meta property=\"og:type\" content=\"article\" \/>\n<meta property=\"og:title\" content=\"Esta semana comienzan los talleres gratuitos de \u2018Autodefensa y empoderamiento feminista para mujeres\u2019 en Civivox Mendillorri\" \/>\n<meta property=\"og:description\" content=\"La oferta, para la que a\u00fan hay plazas, engloba dos formaciones para mujeres mayores de 18 a\u00f1os, una en castellano y otra en euskera\" \/>\n<meta property=\"og:url\" content=\"https:\/\/www.laguiadepamplona.com\/actualidad\/esta-semana-comienzan-los-talleres-gratuitos-de-autodefensa-y-empoderamiento-feminista-para-mujeres-en-civivox-mendillorri\/\" \/>\n<meta property=\"og:site_name\" content=\"La Gu\u00eda de Pamplona\" \/>\n<meta property=\"article:publisher\" content=\"https:\/\/www.facebook.com\/laguiadepamplonacom-133175176762273\/?ref=hl\" \/>\n<meta property=\"article:published_time\" content=\"2018-02-05T12:30:59+00:00\" \/>\n<meta property=\"og:image\" content=\"https:\/\/www.laguiadepamplona.com\/actualidad\/wp-content\/uploads\/2018\/02\/18.02.05_curso_autodefensa_feminista2.jpg\" \/>\n\t<meta property=\"og:image:width\" content=\"1000\" \/>\n\t<meta property=\"og:image:height\" content=\"750\" \/>\n\t<meta property=\"og:image:type\" content=\"image\/jpeg\" \/>\n<meta name=\"author\" content=\"La Gu\u00eda de Pamplona\" \/>\n<meta name=\"twitter:card\" content=\"summary_large_image\" \/>\n<meta name=\"twitter:creator\" content=\"@LaGuiadPamplona\" \/>\n<meta name=\"twitter:site\" content=\"@LaGuiadPamplona\" \/>\n<meta name=\"twitter:label1\" content=\"Escrito por\" \/>\n\t<meta name=\"twitter:data1\" content=\"La Gu\u00eda de Pamplona\" \/>\n\t<meta name=\"twitter:label2\" content=\"Tiempo de lectura\" \/>\n\t<meta name=\"twitter:data2\" content=\"2 minutos\" \/>\n<script type=\"application\/ld+json\" class=\"yoast-schema-graph\">{\"@context\":\"https:\\\/\\\/schema.org\",\"@graph\":[{\"@type\":\"Article\",\"@id\":\"https:\\\/\\\/www.laguiadepamplona.com\\\/actualidad\\\/esta-semana-comienzan-los-talleres-gratuitos-de-autodefensa-y-empoderamiento-feminista-para-mujeres-en-civivox-mendillorri\\\/#article\",\"isPartOf\":{\"@id\":\"https:\\\/\\\/www.laguiadepamplona.com\\\/actualidad\\\/esta-semana-comienzan-los-talleres-gratuitos-de-autodefensa-y-empoderamiento-feminista-para-mujeres-en-civivox-mendillorri\\\/\"},\"author\":{\"name\":\"La Gu\u00eda de Pamplona\",\"@id\":\"https:\\\/\\\/www.laguiadepamplona.com\\\/actualidad\\\/#\\\/schema\\\/person\\\/efe887376f0213d4657c93adc50b1fdb\"},\"headline\":\"Esta semana comienzan los talleres gratuitos de \u2018Autodefensa y empoderamiento feminista para mujeres\u2019 en Civivox Mendillorri\",\"datePublished\":\"2018-02-05T12:30:59+00:00\",\"mainEntityOfPage\":{\"@id\":\"https:\\\/\\\/www.laguiadepamplona.com\\\/actualidad\\\/esta-semana-comienzan-los-talleres-gratuitos-de-autodefensa-y-empoderamiento-feminista-para-mujeres-en-civivox-mendillorri\\\/\"},\"wordCount\":426,\"commentCount\":0,\"publisher\":{\"@id\":\"https:\\\/\\\/www.laguiadepamplona.com\\\/actualidad\\\/#organization\"},\"image\":{\"@id\":\"https:\\\/\\\/www.laguiadepamplona.com\\\/actualidad\\\/esta-semana-comienzan-los-talleres-gratuitos-de-autodefensa-y-empoderamiento-feminista-para-mujeres-en-civivox-mendillorri\\\/#primaryimage\"},\"thumbnailUrl\":\"https:\\\/\\\/www.laguiadepamplona.com\\\/actualidad\\\/wp-content\\\/uploads\\\/2018\\\/02\\\/18.02.05_curso_autodefensa_feminista2.jpg\",\"articleSection\":[\"Ayto Pamplona\"],\"inLanguage\":\"es\",\"potentialAction\":[{\"@type\":\"CommentAction\",\"name\":\"Comment\",\"target\":[\"https:\\\/\\\/www.laguiadepamplona.com\\\/actualidad\\\/esta-semana-comienzan-los-talleres-gratuitos-de-autodefensa-y-empoderamiento-feminista-para-mujeres-en-civivox-mendillorri\\\/#respond\"]}]},{\"@type\":\"WebPage\",\"@id\":\"https:\\\/\\\/www.laguiadepamplona.com\\\/actualidad\\\/esta-semana-comienzan-los-talleres-gratuitos-de-autodefensa-y-empoderamiento-feminista-para-mujeres-en-civivox-mendillorri\\\/\",\"url\":\"https:\\\/\\\/www.laguiadepamplona.com\\\/actualidad\\\/esta-semana-comienzan-los-talleres-gratuitos-de-autodefensa-y-empoderamiento-feminista-para-mujeres-en-civivox-mendillorri\\\/\",\"name\":\"Esta semana comienzan los talleres gratuitos de \u2018Autodefensa y empoderamiento feminista para mujeres\u2019 en Civivox Mendillorri\",\"isPartOf\":{\"@id\":\"https:\\\/\\\/www.laguiadepamplona.com\\\/actualidad\\\/#website\"},\"primaryImageOfPage\":{\"@id\":\"https:\\\/\\\/www.laguiadepamplona.com\\\/actualidad\\\/esta-semana-comienzan-los-talleres-gratuitos-de-autodefensa-y-empoderamiento-feminista-para-mujeres-en-civivox-mendillorri\\\/#primaryimage\"},\"image\":{\"@id\":\"https:\\\/\\\/www.laguiadepamplona.com\\\/actualidad\\\/esta-semana-comienzan-los-talleres-gratuitos-de-autodefensa-y-empoderamiento-feminista-para-mujeres-en-civivox-mendillorri\\\/#primaryimage\"},\"thumbnailUrl\":\"https:\\\/\\\/www.laguiadepamplona.com\\\/actualidad\\\/wp-content\\\/uploads\\\/2018\\\/02\\\/18.02.05_curso_autodefensa_feminista2.jpg\",\"datePublished\":\"2018-02-05T12:30:59+00:00\",\"breadcrumb\":{\"@id\":\"https:\\\/\\\/www.laguiadepamplona.com\\\/actualidad\\\/esta-semana-comienzan-los-talleres-gratuitos-de-autodefensa-y-empoderamiento-feminista-para-mujeres-en-civivox-mendillorri\\\/#breadcrumb\"},\"inLanguage\":\"es\",\"potentialAction\":[{\"@type\":\"ReadAction\",\"target\":[\"https:\\\/\\\/www.laguiadepamplona.com\\\/actualidad\\\/esta-semana-comienzan-los-talleres-gratuitos-de-autodefensa-y-empoderamiento-feminista-para-mujeres-en-civivox-mendillorri\\\/\"]}]},{\"@type\":\"ImageObject\",\"inLanguage\":\"es\",\"@id\":\"https:\\\/\\\/www.laguiadepamplona.com\\\/actualidad\\\/esta-semana-comienzan-los-talleres-gratuitos-de-autodefensa-y-empoderamiento-feminista-para-mujeres-en-civivox-mendillorri\\\/#primaryimage\",\"url\":\"https:\\\/\\\/www.laguiadepamplona.com\\\/actualidad\\\/wp-content\\\/uploads\\\/2018\\\/02\\\/18.02.05_curso_autodefensa_feminista2.jpg\",\"contentUrl\":\"https:\\\/\\\/www.laguiadepamplona.com\\\/actualidad\\\/wp-content\\\/uploads\\\/2018\\\/02\\\/18.02.05_curso_autodefensa_feminista2.jpg\",\"width\":1000,\"height\":750},{\"@type\":\"BreadcrumbList\",\"@id\":\"https:\\\/\\\/www.laguiadepamplona.com\\\/actualidad\\\/esta-semana-comienzan-los-talleres-gratuitos-de-autodefensa-y-empoderamiento-feminista-para-mujeres-en-civivox-mendillorri\\\/#breadcrumb\",\"itemListElement\":[{\"@type\":\"ListItem\",\"position\":1,\"name\":\"Portada\",\"item\":\"https:\\\/\\\/www.laguiadepamplona.com\\\/actualidad\\\/\"},{\"@type\":\"ListItem\",\"position\":2,\"name\":\"Esta semana comienzan los talleres gratuitos de \u2018Autodefensa y empoderamiento feminista para mujeres\u2019 en Civivox Mendillorri\"}]},{\"@type\":\"WebSite\",\"@id\":\"https:\\\/\\\/www.laguiadepamplona.com\\\/actualidad\\\/#website\",\"url\":\"https:\\\/\\\/www.laguiadepamplona.com\\\/actualidad\\\/\",\"name\":\"La gu\u00eda de Pamplona\",\"description\":\"Noticias de Pamplona\",\"publisher\":{\"@id\":\"https:\\\/\\\/www.laguiadepamplona.com\\\/actualidad\\\/#organization\"},\"potentialAction\":[{\"@type\":\"SearchAction\",\"target\":{\"@type\":\"EntryPoint\",\"urlTemplate\":\"https:\\\/\\\/www.laguiadepamplona.com\\\/actualidad\\\/?s={search_term_string}\"},\"query-input\":{\"@type\":\"PropertyValueSpecification\",\"valueRequired\":true,\"valueName\":\"search_term_string\"}}],\"inLanguage\":\"es\"},{\"@type\":\"Organization\",\"@id\":\"https:\\\/\\\/www.laguiadepamplona.com\\\/actualidad\\\/#organization\",\"name\":\"La Gu\u00eda de Pamplona \\\/ Noticias\",\"url\":\"https:\\\/\\\/www.laguiadepamplona.com\\\/actualidad\\\/\",\"logo\":{\"@type\":\"ImageObject\",\"inLanguage\":\"es\",\"@id\":\"https:\\\/\\\/www.laguiadepamplona.com\\\/actualidad\\\/#\\\/schema\\\/logo\\\/image\\\/\",\"url\":\"https:\\\/\\\/www.laguiadepamplona.com\\\/actualidad\\\/wp-content\\\/uploads\\\/2018\\\/11\\\/logo-laguiadepamplona18-web1.png\",\"contentUrl\":\"https:\\\/\\\/www.laguiadepamplona.com\\\/actualidad\\\/wp-content\\\/uploads\\\/2018\\\/11\\\/logo-laguiadepamplona18-web1.png\",\"width\":600,\"height\":196,\"caption\":\"La Gu\u00eda de Pamplona \\\/ Noticias\"},\"image\":{\"@id\":\"https:\\\/\\\/www.laguiadepamplona.com\\\/actualidad\\\/#\\\/schema\\\/logo\\\/image\\\/\"},\"sameAs\":[\"https:\\\/\\\/www.facebook.com\\\/laguiadepamplonacom-133175176762273\\\/?ref=hl\",\"https:\\\/\\\/x.com\\\/LaGuiadPamplona\",\"https:\\\/\\\/www.instagram.com\\\/la_guia_de_pamplona\\\/\",\"https:\\\/\\\/www.youtube.com\\\/user\\\/laguiadepamplona\"]},{\"@type\":\"Person\",\"@id\":\"https:\\\/\\\/www.laguiadepamplona.com\\\/actualidad\\\/#\\\/schema\\\/person\\\/efe887376f0213d4657c93adc50b1fdb\",\"name\":\"La Gu\u00eda de Pamplona\",\"image\":{\"@type\":\"ImageObject\",\"inLanguage\":\"es\",\"@id\":\"https:\\\/\\\/secure.gravatar.com\\\/avatar\\\/b6992f131dc8d30ab0dff15446e9d346d9dbd95992de0fef795073f5ea83a81c?s=96&d=mm&r=g\",\"url\":\"https:\\\/\\\/secure.gravatar.com\\\/avatar\\\/b6992f131dc8d30ab0dff15446e9d346d9dbd95992de0fef795073f5ea83a81c?s=96&d=mm&r=g\",\"contentUrl\":\"https:\\\/\\\/secure.gravatar.com\\\/avatar\\\/b6992f131dc8d30ab0dff15446e9d346d9dbd95992de0fef795073f5ea83a81c?s=96&d=mm&r=g\",\"caption\":\"La Gu\u00eda de Pamplona\"}}]}<\/script>\n<!-- \/ Yoast SEO plugin. -->","yoast_head_json":{"title":"Esta semana comienzan los talleres gratuitos de \u2018Autodefensa y empoderamiento feminista para mujeres\u2019 en Civivox Mendillorri","robots":{"index":"index","follow":"follow","max-snippet":"max-snippet:-1","max-image-preview":"max-image-preview:large","max-video-preview":"max-video-preview:-1"},"canonical":"https:\/\/www.laguiadepamplona.com\/actualidad\/esta-semana-comienzan-los-talleres-gratuitos-de-autodefensa-y-empoderamiento-feminista-para-mujeres-en-civivox-mendillorri\/","og_locale":"es_ES","og_type":"article","og_title":"Esta semana comienzan los talleres gratuitos de \u2018Autodefensa y empoderamiento feminista para mujeres\u2019 en Civivox Mendillorri","og_description":"La oferta, para la que a\u00fan hay plazas, engloba dos formaciones para mujeres mayores de 18 a\u00f1os, una en castellano y otra en euskera","og_url":"https:\/\/www.laguiadepamplona.com\/actualidad\/esta-semana-comienzan-los-talleres-gratuitos-de-autodefensa-y-empoderamiento-feminista-para-mujeres-en-civivox-mendillorri\/","og_site_name":"La Gu\u00eda de Pamplona","article_publisher":"https:\/\/www.facebook.com\/laguiadepamplonacom-133175176762273\/?ref=hl","article_published_time":"2018-02-05T12:30:59+00:00","og_image":[{"width":1000,"height":750,"url":"https:\/\/www.laguiadepamplona.com\/actualidad\/wp-content\/uploads\/2018\/02\/18.02.05_curso_autodefensa_feminista2.jpg","type":"image\/jpeg"}],"author":"La Gu\u00eda de Pamplona","twitter_card":"summary_large_image","twitter_creator":"@LaGuiadPamplona","twitter_site":"@LaGuiadPamplona","twitter_misc":{"Escrito por":"La Gu\u00eda de Pamplona","Tiempo de lectura":"2 minutos"},"schema":{"@context":"https:\/\/schema.org","@graph":[{"@type":"Article","@id":"https:\/\/www.laguiadepamplona.com\/actualidad\/esta-semana-comienzan-los-talleres-gratuitos-de-autodefensa-y-empoderamiento-feminista-para-mujeres-en-civivox-mendillorri\/#article","isPartOf":{"@id":"https:\/\/www.laguiadepamplona.com\/actualidad\/esta-semana-comienzan-los-talleres-gratuitos-de-autodefensa-y-empoderamiento-feminista-para-mujeres-en-civivox-mendillorri\/"},"author":{"name":"La Gu\u00eda de Pamplona","@id":"https:\/\/www.laguiadepamplona.com\/actualidad\/#\/schema\/person\/efe887376f0213d4657c93adc50b1fdb"},"headline":"Esta semana comienzan los talleres gratuitos de \u2018Autodefensa y empoderamiento feminista para mujeres\u2019 en Civivox Mendillorri","datePublished":"2018-02-05T12:30:59+00:00","mainEntityOfPage":{"@id":"https:\/\/www.laguiadepamplona.com\/actualidad\/esta-semana-comienzan-los-talleres-gratuitos-de-autodefensa-y-empoderamiento-feminista-para-mujeres-en-civivox-mendillorri\/"},"wordCount":426,"commentCount":0,"publisher":{"@id":"https:\/\/www.laguiadepamplona.com\/actualidad\/#organization"},"image":{"@id":"https:\/\/www.laguiadepamplona.com\/actualidad\/esta-semana-comienzan-los-talleres-gratuitos-de-autodefensa-y-empoderamiento-feminista-para-mujeres-en-civivox-mendillorri\/#primaryimage"},"thumbnailUrl":"https:\/\/www.laguiadepamplona.com\/actualidad\/wp-content\/uploads\/2018\/02\/18.02.05_curso_autodefensa_feminista2.jpg","articleSection":["Ayto Pamplona"],"inLanguage":"es","potentialAction":[{"@type":"CommentAction","name":"Comment","target":["https:\/\/www.laguiadepamplona.com\/actualidad\/esta-semana-comienzan-los-talleres-gratuitos-de-autodefensa-y-empoderamiento-feminista-para-mujeres-en-civivox-mendillorri\/#respond"]}]},{"@type":"WebPage","@id":"https:\/\/www.laguiadepamplona.com\/actualidad\/esta-semana-comienzan-los-talleres-gratuitos-de-autodefensa-y-empoderamiento-feminista-para-mujeres-en-civivox-mendillorri\/","url":"https:\/\/www.laguiadepamplona.com\/actualidad\/esta-semana-comienzan-los-talleres-gratuitos-de-autodefensa-y-empoderamiento-feminista-para-mujeres-en-civivox-mendillorri\/","name":"Esta semana comienzan los talleres gratuitos de \u2018Autodefensa y empoderamiento feminista para mujeres\u2019 en Civivox Mendillorri","isPartOf":{"@id":"https:\/\/www.laguiadepamplona.com\/actualidad\/#website"},"primaryImageOfPage":{"@id":"https:\/\/www.laguiadepamplona.com\/actualidad\/esta-semana-comienzan-los-talleres-gratuitos-de-autodefensa-y-empoderamiento-feminista-para-mujeres-en-civivox-mendillorri\/#primaryimage"},"image":{"@id":"https:\/\/www.laguiadepamplona.com\/actualidad\/esta-semana-comienzan-los-talleres-gratuitos-de-autodefensa-y-empoderamiento-feminista-para-mujeres-en-civivox-mendillorri\/#primaryimage"},"thumbnailUrl":"https:\/\/www.laguiadepamplona.com\/actualidad\/wp-content\/uploads\/2018\/02\/18.02.05_curso_autodefensa_feminista2.jpg","datePublished":"2018-02-05T12:30:59+00:00","breadcrumb":{"@id":"https:\/\/www.laguiadepamplona.com\/actualidad\/esta-semana-comienzan-los-talleres-gratuitos-de-autodefensa-y-empoderamiento-feminista-para-mujeres-en-civivox-mendillorri\/#breadcrumb"},"inLanguage":"es","potentialAction":[{"@type":"ReadAction","target":["https:\/\/www.laguiadepamplona.com\/actualidad\/esta-semana-comienzan-los-talleres-gratuitos-de-autodefensa-y-empoderamiento-feminista-para-mujeres-en-civivox-mendillorri\/"]}]},{"@type":"ImageObject","inLanguage":"es","@id":"https:\/\/www.laguiadepamplona.com\/actualidad\/esta-semana-comienzan-los-talleres-gratuitos-de-autodefensa-y-empoderamiento-feminista-para-mujeres-en-civivox-mendillorri\/#primaryimage","url":"https:\/\/www.laguiadepamplona.com\/actualidad\/wp-content\/uploads\/2018\/02\/18.02.05_curso_autodefensa_feminista2.jpg","contentUrl":"https:\/\/www.laguiadepamplona.com\/actualidad\/wp-content\/uploads\/2018\/02\/18.02.05_curso_autodefensa_feminista2.jpg","width":1000,"height":750},{"@type":"BreadcrumbList","@id":"https:\/\/www.laguiadepamplona.com\/actualidad\/esta-semana-comienzan-los-talleres-gratuitos-de-autodefensa-y-empoderamiento-feminista-para-mujeres-en-civivox-mendillorri\/#breadcrumb","itemListElement":[{"@type":"ListItem","position":1,"name":"Portada","item":"https:\/\/www.laguiadepamplona.com\/actualidad\/"},{"@type":"ListItem","position":2,"name":"Esta semana comienzan los talleres gratuitos de \u2018Autodefensa y empoderamiento feminista para mujeres\u2019 en Civivox Mendillorri"}]},{"@type":"WebSite","@id":"https:\/\/www.laguiadepamplona.com\/actualidad\/#website","url":"https:\/\/www.laguiadepamplona.com\/actualidad\/","name":"La gu\u00eda de Pamplona","description":"Noticias de Pamplona","publisher":{"@id":"https:\/\/www.laguiadepamplona.com\/actualidad\/#organization"},"potentialAction":[{"@type":"SearchAction","target":{"@type":"EntryPoint","urlTemplate":"https:\/\/www.laguiadepamplona.com\/actualidad\/?s={search_term_string}"},"query-input":{"@type":"PropertyValueSpecification","valueRequired":true,"valueName":"search_term_string"}}],"inLanguage":"es"},{"@type":"Organization","@id":"https:\/\/www.laguiadepamplona.com\/actualidad\/#organization","name":"La Gu\u00eda de Pamplona \/ Noticias","url":"https:\/\/www.laguiadepamplona.com\/actualidad\/","logo":{"@type":"ImageObject","inLanguage":"es","@id":"https:\/\/www.laguiadepamplona.com\/actualidad\/#\/schema\/logo\/image\/","url":"https:\/\/www.laguiadepamplona.com\/actualidad\/wp-content\/uploads\/2018\/11\/logo-laguiadepamplona18-web1.png","contentUrl":"https:\/\/www.laguiadepamplona.com\/actualidad\/wp-content\/uploads\/2018\/11\/logo-laguiadepamplona18-web1.png","width":600,"height":196,"caption":"La Gu\u00eda de Pamplona \/ Noticias"},"image":{"@id":"https:\/\/www.laguiadepamplona.com\/actualidad\/#\/schema\/logo\/image\/"},"sameAs":["https:\/\/www.facebook.com\/laguiadepamplonacom-133175176762273\/?ref=hl","https:\/\/x.com\/LaGuiadPamplona","https:\/\/www.instagram.com\/la_guia_de_pamplona\/","https:\/\/www.youtube.com\/user\/laguiadepamplona"]},{"@type":"Person","@id":"https:\/\/www.laguiadepamplona.com\/actualidad\/#\/schema\/person\/efe887376f0213d4657c93adc50b1fdb","name":"La Gu\u00eda de Pamplona","image":{"@type":"ImageObject","inLanguage":"es","@id":"https:\/\/secure.gravatar.com\/avatar\/b6992f131dc8d30ab0dff15446e9d346d9dbd95992de0fef795073f5ea83a81c?s=96&d=mm&r=g","url":"https:\/\/secure.gravatar.com\/avatar\/b6992f131dc8d30ab0dff15446e9d346d9dbd95992de0fef795073f5ea83a81c?s=96&d=mm&r=g","contentUrl":"https:\/\/secure.gravatar.com\/avatar\/b6992f131dc8d30ab0dff15446e9d346d9dbd95992de0fef795073f5ea83a81c?s=96&d=mm&r=g","caption":"La Gu\u00eda de Pamplona"}}]}},"post_mailing_queue_ids":[],"_links":{"self":[{"href":"https:\/\/www.laguiadepamplona.com\/actualidad\/wp-json\/wp\/v2\/posts\/15970","targetHints":{"allow":["GET"]}}],"collection":[{"href":"https:\/\/www.laguiadepamplona.com\/actualidad\/wp-json\/wp\/v2\/posts"}],"about":[{"href":"https:\/\/www.laguiadepamplona.com\/actualidad\/wp-json\/wp\/v2\/types\/post"}],"author":[{"embeddable":true,"href":"https:\/\/www.laguiadepamplona.com\/actualidad\/wp-json\/wp\/v2\/users\/1"}],"replies":[{"embeddable":true,"href":"https:\/\/www.laguiadepamplona.com\/actualidad\/wp-json\/wp\/v2\/comments?post=15970"}],"version-history":[{"count":0,"href":"https:\/\/www.laguiadepamplona.com\/actualidad\/wp-json\/wp\/v2\/posts\/15970\/revisions"}],"wp:featuredmedia":[{"embeddable":true,"href":"https:\/\/www.laguiadepamplona.com\/actualidad\/wp-json\/wp\/v2\/media\/15971"}],"wp:attachment":[{"href":"https:\/\/www.laguiadepamplona.com\/actualidad\/wp-json\/wp\/v2\/media?parent=15970"}],"wp:term":[{"taxonomy":"category","embeddable":true,"href":"https:\/\/www.laguiadepamplona.com\/actualidad\/wp-json\/wp\/v2\/categories?post=15970"},{"taxonomy":"post_tag","embeddable":true,"href":"https:\/\/www.laguiadepamplona.com\/actualidad\/wp-json\/wp\/v2\/tags?post=15970"}],"curies":[{"name":"wp","href":"https:\/\/api.w.org\/{rel}","templated":true}]}}