{"id":15955,"date":"2018-02-02T11:35:08","date_gmt":"2018-02-02T10:35:08","guid":{"rendered":"http:\/\/laguiadepamplona.es\/actualidad\/?p=15955"},"modified":"2018-02-02T11:35:08","modified_gmt":"2018-02-02T10:35:08","slug":"diez-conciertos-con-jovenes-interpretes-y-dos-espectaculos-de-caracter-familiar-integran-la-septima-edicion-de-pam-pamplona-accion-musical","status":"publish","type":"post","link":"https:\/\/www.laguiadepamplona.com\/actualidad\/diez-conciertos-con-jovenes-interpretes-y-dos-espectaculos-de-caracter-familiar-integran-la-septima-edicion-de-pam-pamplona-accion-musical\/","title":{"rendered":"Diez conciertos con j\u00f3venes int\u00e9rpretes y dos espect\u00e1culos de car\u00e1cter familiar integran la s\u00e9ptima edici\u00f3n de PAM, Pamplona Acci\u00f3n Musical"},"content":{"rendered":"<h3>Este lunes por la tarde comienzan las actividades con el concierto del Grupo Schola, un tr\u00edo de m\u00fasica de c\u00e1mara que actuar\u00e1 en Condestable<\/h3>\n<p><!--more--><\/p>\n<p>Vuelve Pamplona Acci\u00f3n Musical-PAM a la red Civivox a partir de este lunes. Este ciclo, que cumple su s\u00e9ptima edici\u00f3n, busca mostrar la actividad musical y cultural de la ciudad, entendida como una fuerza de creaci\u00f3n y de difusi\u00f3n a trav\u00e9s de acciones colaborativas con diversos agentes. En esta ocasi\u00f3n PAM se desarrolla en colaboraci\u00f3n con Fundaci\u00f3n Caja Navarra, la Fundaci\u00f3n Alb\u00e9niz y la Asociaci\u00f3n de Artistas Int\u00e9rpretes o Ejecutantes-AIE.<\/p>\n<p>Durante este mes de febrero est\u00e1n previstas un total de 12 actuaciones que se iniciar\u00e1n el pr\u00f3ximo lunes con el Grupo Schola, un concierto que se enmarca en las l\u00edneas de conciertos de j\u00f3venes talentos. Y es que, de nuevo, este ciclo recoge diez sesiones de este tipo, siete en Condestable y tres Civican y, a ellas, suma dos propuestas culturales de car\u00e1cter familiar. Por un lado un encuentro musical teatralizado destinado a p\u00fablico familiar que, bajo el nombre \u2018La caja de m\u00fasica de Claude Debussy\u2019 rinde homenaje al compositor en el centenario de su fallecimiento y por otro, un espect\u00e1culo que aunar\u00e1 poes\u00eda y m\u00fasica con \u2018HelloCello!: Violoncello a los finos versos\u2019.<\/p>\n<p><strong>El Grupo Schola: j\u00f3ven m\u00fasica de c\u00e1mara<\/strong><\/p>\n<p>El Grupo Schola, un tr\u00edo, formado en 2016 en el seno de la Escuela Superior de M\u00fasica Reina Sof\u00eda \u2013 Fundaci\u00f3n Alb\u00e9niz, abordar\u00e1 este lunes una sesi\u00f3n de m\u00fasica de c\u00e1mara de aproximadamente 50 minutos, integrada por obras de M. Bruch, J. Turina y J. Brahms. La formaci\u00f3n est\u00e1 compuesta por Ferr\u00e1n Arbona, clarinetista; David Martin, violonchelo y Enrique Lapaz, piano. El concierto tendr\u00e1 lugar a las 19.30 horas, en el Palacio del Condestable. La entrada ser\u00e1 libre.<\/p>\n<p>Ferr\u00e1n Arbona y David Mart\u00edn son alumnos sobresalientes de la Escuela Superior de M\u00fasica Reina Sof\u00eda en las c\u00e1tedras de Clarinete y Violonchelo, respectivamente. Adem\u00e1s el primero ha sido miembro de la Orquesta Sinf\u00f3nica Freixenet, del Octeto de Wanderer y del Quinteto Orfeo. Y el segundo, de la Orquesta de C\u00e1mara Sony, la Sinf\u00f3nica Freixenet y el Cuarteto Mendelssohn de BP; adem\u00e1s, el violonchelo que usa en sus actuaciones es un \u201cGary Garavaglia\u201d, cedido como \u2018beca de instrumento\u2019 por la Fundaci\u00f3n Alb\u00e9niz.<\/p>\n<p>Enrique Lapaz se gradu\u00f3 en la Escuela Superior de M\u00fasica de Catalu\u00f1a y realiz\u00f3 sus estudios de postgrado en el Conservatorio Rimsky-Korsakov de San Petersburgo. Es tambi\u00e9n alumno sobresaliente de la Escuela Superior de M\u00fasica Reina Sof\u00eda en la C\u00e1tedra de Piano. Lapaz ha publicado un CD como miembro del Tr\u00edo Syrah y ha sido miembro del Grupo Alb\u00e9niz de Prosegur y del Sexteto Ricercata.<\/p>\n<p><strong>Los conciertos de j\u00f3venes talentos<\/strong><\/p>\n<p>Clave, piano, saxo, viola, flauta travesera, guitarra o clarinete ser\u00e1n algunos de los instrumentos que se podr\u00e1n escuchar a lo largo de las pr\u00f3ximas semanas, entre solistas, d\u00faos tr\u00edos y formaciones orquestales como la Joven Orquesta Atrilia. En conjunto el repertorio del ciclo incluir\u00e1, entre otras, composiciones de J.S. Bach, A. de Cabez\u00f3n, J.H. D\u2019Anglebert y A. Forqueray, J. Brahms, L. V. Beethoven, M. Ravel y A. Skriabin R. Clarke o W. A. Mozart.<\/p>\n<p>Los interpretes, adem\u00e1s de los miembros del Grupo Schola, ser\u00e1n David Palanca, Mart\u00edn Garc\u00eda, Manuel Borraz, Pablo Gonz\u00e1lez, Carlota de Miguel, Raquel de Benito, Paula Belzunegui, Ingrid Molnar, Xabier Ib\u00e1\u00f1ez, Beatriz Pom\u00e9s y Jaime Velasco. El objetivo de estas sesiones es hacer un recorrido por un conjunto de interpretes prometedores para disfrutar de la m\u00fasica, por un lado, y para darles a los j\u00f3venes m\u00fasicos la ocasi\u00f3n de interpretar en p\u00fablico, por otro. Adem\u00e1s la Joven Orquesta Atrilia, formada por un grupo de j\u00f3venes amantes de la m\u00fasica que participan cada verano en el campamento musical hom\u00f3nimo, ofrecer\u00e1 una sesi\u00f3n con un recorrido por m\u00fasicas del mundo.<\/p>\n<p>En total ofrecer\u00e1n 10 conciertos que se dividir\u00e1n entre los escenarios de Condestable (7) y Civican (3), todos ellos a las 19.30 horas salvo la matinal de Atrilia del 24 de febrero. Las sesiones tienen entrada libre.<\/p>\n<p><strong>Propuestas culturales de car\u00e1cter familiar<\/strong><\/p>\n<p>Dentro del ciclo, como viene siendo habitual, hay dos propuestas de car\u00e1cter familiar que tendr\u00e1n lugar a las 12 de la ma\u00f1ana los s\u00e1bados 10 y 17 de febrero. El primero, \u2018La caja de m\u00fasica de Claude Debussy\u2019, rendir\u00e1 tributo al compositor franc\u00e9s a trav\u00e9s de una \u2018caja\u2019 muy especial, la de un piano de cola. Con sus teclas, y apoy\u00e1ndose en la proyecci\u00f3n de obras art\u00edsticas, la pianista madrile\u00f1a Irene de Juan Bernab\u00e9 ir\u00e1 narrando historias de cada una de las siete obras interpretadas.<\/p>\n<p>El segundo, el 17 de febrero, ser\u00e1 \u2018HelloCello!: violoncello a los finos versos\u2019, un espect\u00e1culo para toda la familia que a\u00fana la poes\u00eda y la m\u00fasica. Los violoncellos de Javier Navascu\u00e9s y Eva Ni\u00f1o dialogar\u00e1n entre s\u00ed con el fin de invitar al p\u00fablico a saborear los sonidos cerrando los ojos. La voz que dar\u00e1 la r\u00e9plica a los instrumentos ser\u00e1 la de I\u00f1aki de Miguel.<\/p>\n<p><strong>conciertos de j\u00f3venes talentos<\/strong><\/p>\n<ul>\n<li><strong>Lunes 5 de febrero<\/strong><\/li>\n<\/ul>\n<p>Ferran Arbona, clarinete; David Mart\u00edn, violonchelo y Enrique Lapaz, pinao<\/p>\n<ul>\n<li>Repertorio: M. Bruch, J. Turina y J. Brahms<\/li>\n<li>19.30 horas<\/li>\n<li><strong>Viernes 9 de febrero<\/strong><\/li>\n<\/ul>\n<p>David Palanca. Clave. \u2018Esencia Barroca\u2019<\/p>\n<ul>\n<li>Repertorio: J.S. Bach, A. de Cabez\u00f3n, J.H. D\u2019Anglebert y A. Forqueray<\/li>\n<li>En colaboraci\u00f3n con el programa AIEnRUTA-Cl\u00e1sicos<\/li>\n<li>19.30 horas<\/li>\n<li><strong>Lunes 12 de febrero<\/strong><\/li>\n<\/ul>\n<p>Mart\u00edn Garc\u00eda. Piano<\/p>\n<ul>\n<li>Repertorio: J. Brahms, L. V. Beethoven, M. Ravel y A. Skriabin<\/li>\n<li>Civivox Condestable. 19.30 horas<\/li>\n<li><strong>Mi\u00e9rcoles 14 de febrero<\/strong><\/li>\n<\/ul>\n<p>Anlauf D\u00fao: Manuel Borraz Monasterio, piano y Pablo Gonz\u00e1lez Balaguer, saxo<\/p>\n<ul>\n<li>En colaboraci\u00f3n con el programa AIEnRUTA-Cl\u00e1sicos<\/li>\n<li>Civivox Condestable. 19.30 horas<\/li>\n<li><strong>Viernes 16 de febrero<\/strong><\/li>\n<\/ul>\n<p>Carlota de Miguel. Piano<\/p>\n<ul>\n<li>Repertorio: obras de Bach, Liszt y Chopin entre otros<\/li>\n<li>19:30 horas<\/li>\n<li><strong>Lunes 19 de febrero<\/strong><\/li>\n<\/ul>\n<p>Raquel de Benito viola; y Antonia Valente, piano acompa\u00f1ante<\/p>\n<ul>\n<li>Repertorio: obras de J. Brahms y R. Clarke<\/li>\n<li>Civivox Condestable. 19.30 horas<\/li>\n<li><strong>Viernes 23 de febrero<\/strong><\/li>\n<\/ul>\n<p>Paula Belzunegui. Piano<\/p>\n<ul>\n<li>Repertorio: Bach, Beethoven, Ravel, Scriabin y Ginastera<\/li>\n<li>19.30 horas<\/li>\n<li><strong>S\u00e1bado 24 de febrero<\/strong><\/li>\n<\/ul>\n<p>Joven orquesta de Atrilia<\/p>\n<ul>\n<li>Repertorio: un programa musical-recorrido alrededor del mundo, por los 5 continentes.<\/li>\n<li>Civivox Condestable.12 horas<\/li>\n<li><strong>Mi\u00e9rcoles 28 de febrero<\/strong><\/li>\n<\/ul>\n<p>Ingrid Moln\u00e1r, flauta solista; y Xabier Iba\u00f1ez, clarinete solista; acompa\u00f1ados por grupo de cuerdas de la OSN<\/p>\n<ul>\n<li>Repertorio: W. A. Mozart<\/li>\n<li>Civivox Condestable. 19.30 horas<\/li>\n<li><strong>Viernes 2 de marzo<\/strong><\/li>\n<\/ul>\n<p>Beatriz Pom\u00e9s (flauta) y Jaime Velasco (guitarra)<\/p>\n<ul>\n<li>La m\u00fasica popular como inspiraci\u00f3n<\/li>\n<li>Civivox Condestable.19:30 horas<\/li>\n<\/ul>\n<p>&nbsp;<\/p>\n<p>&nbsp;<\/p>\n","protected":false},"excerpt":{"rendered":"<p>Este lunes por la tarde comienzan las actividades con el concierto del Grupo Schola, un tr\u00edo de m\u00fasica de c\u00e1mara que actuar\u00e1 en Condestable<\/p>\n","protected":false},"author":1,"featured_media":15956,"comment_status":"open","ping_status":"closed","sticky":false,"template":"","format":"standard","meta":{"footnotes":""},"categories":[2],"tags":[],"class_list":["post-15955","post","type-post","status-publish","format-standard","has-post-thumbnail","hentry","category-ayuntamiento-pamplona"],"yoast_head":"<!-- This site is optimized with the Yoast SEO plugin v27.3 - https:\/\/yoast.com\/product\/yoast-seo-wordpress\/ -->\n<title>Diez conciertos con j\u00f3venes int\u00e9rpretes y dos espect\u00e1culos de car\u00e1cter familiar integran la s\u00e9ptima edici\u00f3n de PAM, Pamplona Acci\u00f3n Musical<\/title>\n<meta name=\"robots\" content=\"index, follow, max-snippet:-1, max-image-preview:large, max-video-preview:-1\" \/>\n<link rel=\"canonical\" href=\"https:\/\/www.laguiadepamplona.com\/actualidad\/diez-conciertos-con-jovenes-interpretes-y-dos-espectaculos-de-caracter-familiar-integran-la-septima-edicion-de-pam-pamplona-accion-musical\/\" \/>\n<meta property=\"og:locale\" content=\"es_ES\" \/>\n<meta property=\"og:type\" content=\"article\" \/>\n<meta property=\"og:title\" content=\"Diez conciertos con j\u00f3venes int\u00e9rpretes y dos espect\u00e1culos de car\u00e1cter familiar integran la s\u00e9ptima edici\u00f3n de PAM, Pamplona Acci\u00f3n Musical\" \/>\n<meta property=\"og:description\" content=\"Este lunes por la tarde comienzan las actividades con el concierto del Grupo Schola, un tr\u00edo de m\u00fasica de c\u00e1mara que actuar\u00e1 en Condestable\" \/>\n<meta property=\"og:url\" content=\"https:\/\/www.laguiadepamplona.com\/actualidad\/diez-conciertos-con-jovenes-interpretes-y-dos-espectaculos-de-caracter-familiar-integran-la-septima-edicion-de-pam-pamplona-accion-musical\/\" \/>\n<meta property=\"og:site_name\" content=\"La Gu\u00eda de Pamplona\" \/>\n<meta property=\"article:publisher\" content=\"https:\/\/www.facebook.com\/laguiadepamplonacom-133175176762273\/?ref=hl\" \/>\n<meta property=\"article:published_time\" content=\"2018-02-02T10:35:08+00:00\" \/>\n<meta property=\"og:image\" content=\"https:\/\/www.laguiadepamplona.com\/actualidad\/wp-content\/uploads\/2018\/02\/accion-musical.jpg\" \/>\n\t<meta property=\"og:image:width\" content=\"1000\" \/>\n\t<meta property=\"og:image:height\" content=\"801\" \/>\n\t<meta property=\"og:image:type\" content=\"image\/jpeg\" \/>\n<meta name=\"author\" content=\"La Gu\u00eda de Pamplona\" \/>\n<meta name=\"twitter:card\" content=\"summary_large_image\" \/>\n<meta name=\"twitter:creator\" content=\"@LaGuiadPamplona\" \/>\n<meta name=\"twitter:site\" content=\"@LaGuiadPamplona\" \/>\n<meta name=\"twitter:label1\" content=\"Escrito por\" \/>\n\t<meta name=\"twitter:data1\" content=\"La Gu\u00eda de Pamplona\" \/>\n\t<meta name=\"twitter:label2\" content=\"Tiempo de lectura\" \/>\n\t<meta name=\"twitter:data2\" content=\"6 minutos\" \/>\n<script type=\"application\/ld+json\" class=\"yoast-schema-graph\">{\"@context\":\"https:\\\/\\\/schema.org\",\"@graph\":[{\"@type\":\"Article\",\"@id\":\"https:\\\/\\\/www.laguiadepamplona.com\\\/actualidad\\\/diez-conciertos-con-jovenes-interpretes-y-dos-espectaculos-de-caracter-familiar-integran-la-septima-edicion-de-pam-pamplona-accion-musical\\\/#article\",\"isPartOf\":{\"@id\":\"https:\\\/\\\/www.laguiadepamplona.com\\\/actualidad\\\/diez-conciertos-con-jovenes-interpretes-y-dos-espectaculos-de-caracter-familiar-integran-la-septima-edicion-de-pam-pamplona-accion-musical\\\/\"},\"author\":{\"name\":\"La Gu\u00eda de Pamplona\",\"@id\":\"https:\\\/\\\/www.laguiadepamplona.com\\\/actualidad\\\/#\\\/schema\\\/person\\\/efe887376f0213d4657c93adc50b1fdb\"},\"headline\":\"Diez conciertos con j\u00f3venes int\u00e9rpretes y dos espect\u00e1culos de car\u00e1cter familiar integran la s\u00e9ptima edici\u00f3n de PAM, Pamplona Acci\u00f3n Musical\",\"datePublished\":\"2018-02-02T10:35:08+00:00\",\"mainEntityOfPage\":{\"@id\":\"https:\\\/\\\/www.laguiadepamplona.com\\\/actualidad\\\/diez-conciertos-con-jovenes-interpretes-y-dos-espectaculos-de-caracter-familiar-integran-la-septima-edicion-de-pam-pamplona-accion-musical\\\/\"},\"wordCount\":1183,\"commentCount\":0,\"publisher\":{\"@id\":\"https:\\\/\\\/www.laguiadepamplona.com\\\/actualidad\\\/#organization\"},\"image\":{\"@id\":\"https:\\\/\\\/www.laguiadepamplona.com\\\/actualidad\\\/diez-conciertos-con-jovenes-interpretes-y-dos-espectaculos-de-caracter-familiar-integran-la-septima-edicion-de-pam-pamplona-accion-musical\\\/#primaryimage\"},\"thumbnailUrl\":\"https:\\\/\\\/www.laguiadepamplona.com\\\/actualidad\\\/wp-content\\\/uploads\\\/2018\\\/02\\\/accion-musical.jpg\",\"articleSection\":[\"Ayto Pamplona\"],\"inLanguage\":\"es\",\"potentialAction\":[{\"@type\":\"CommentAction\",\"name\":\"Comment\",\"target\":[\"https:\\\/\\\/www.laguiadepamplona.com\\\/actualidad\\\/diez-conciertos-con-jovenes-interpretes-y-dos-espectaculos-de-caracter-familiar-integran-la-septima-edicion-de-pam-pamplona-accion-musical\\\/#respond\"]}]},{\"@type\":\"WebPage\",\"@id\":\"https:\\\/\\\/www.laguiadepamplona.com\\\/actualidad\\\/diez-conciertos-con-jovenes-interpretes-y-dos-espectaculos-de-caracter-familiar-integran-la-septima-edicion-de-pam-pamplona-accion-musical\\\/\",\"url\":\"https:\\\/\\\/www.laguiadepamplona.com\\\/actualidad\\\/diez-conciertos-con-jovenes-interpretes-y-dos-espectaculos-de-caracter-familiar-integran-la-septima-edicion-de-pam-pamplona-accion-musical\\\/\",\"name\":\"Diez conciertos con j\u00f3venes int\u00e9rpretes y dos espect\u00e1culos de car\u00e1cter familiar integran la s\u00e9ptima edici\u00f3n de PAM, Pamplona Acci\u00f3n Musical\",\"isPartOf\":{\"@id\":\"https:\\\/\\\/www.laguiadepamplona.com\\\/actualidad\\\/#website\"},\"primaryImageOfPage\":{\"@id\":\"https:\\\/\\\/www.laguiadepamplona.com\\\/actualidad\\\/diez-conciertos-con-jovenes-interpretes-y-dos-espectaculos-de-caracter-familiar-integran-la-septima-edicion-de-pam-pamplona-accion-musical\\\/#primaryimage\"},\"image\":{\"@id\":\"https:\\\/\\\/www.laguiadepamplona.com\\\/actualidad\\\/diez-conciertos-con-jovenes-interpretes-y-dos-espectaculos-de-caracter-familiar-integran-la-septima-edicion-de-pam-pamplona-accion-musical\\\/#primaryimage\"},\"thumbnailUrl\":\"https:\\\/\\\/www.laguiadepamplona.com\\\/actualidad\\\/wp-content\\\/uploads\\\/2018\\\/02\\\/accion-musical.jpg\",\"datePublished\":\"2018-02-02T10:35:08+00:00\",\"breadcrumb\":{\"@id\":\"https:\\\/\\\/www.laguiadepamplona.com\\\/actualidad\\\/diez-conciertos-con-jovenes-interpretes-y-dos-espectaculos-de-caracter-familiar-integran-la-septima-edicion-de-pam-pamplona-accion-musical\\\/#breadcrumb\"},\"inLanguage\":\"es\",\"potentialAction\":[{\"@type\":\"ReadAction\",\"target\":[\"https:\\\/\\\/www.laguiadepamplona.com\\\/actualidad\\\/diez-conciertos-con-jovenes-interpretes-y-dos-espectaculos-de-caracter-familiar-integran-la-septima-edicion-de-pam-pamplona-accion-musical\\\/\"]}]},{\"@type\":\"ImageObject\",\"inLanguage\":\"es\",\"@id\":\"https:\\\/\\\/www.laguiadepamplona.com\\\/actualidad\\\/diez-conciertos-con-jovenes-interpretes-y-dos-espectaculos-de-caracter-familiar-integran-la-septima-edicion-de-pam-pamplona-accion-musical\\\/#primaryimage\",\"url\":\"https:\\\/\\\/www.laguiadepamplona.com\\\/actualidad\\\/wp-content\\\/uploads\\\/2018\\\/02\\\/accion-musical.jpg\",\"contentUrl\":\"https:\\\/\\\/www.laguiadepamplona.com\\\/actualidad\\\/wp-content\\\/uploads\\\/2018\\\/02\\\/accion-musical.jpg\",\"width\":1000,\"height\":801},{\"@type\":\"BreadcrumbList\",\"@id\":\"https:\\\/\\\/www.laguiadepamplona.com\\\/actualidad\\\/diez-conciertos-con-jovenes-interpretes-y-dos-espectaculos-de-caracter-familiar-integran-la-septima-edicion-de-pam-pamplona-accion-musical\\\/#breadcrumb\",\"itemListElement\":[{\"@type\":\"ListItem\",\"position\":1,\"name\":\"Portada\",\"item\":\"https:\\\/\\\/www.laguiadepamplona.com\\\/actualidad\\\/\"},{\"@type\":\"ListItem\",\"position\":2,\"name\":\"Diez conciertos con j\u00f3venes int\u00e9rpretes y dos espect\u00e1culos de car\u00e1cter familiar integran la s\u00e9ptima edici\u00f3n de PAM, Pamplona Acci\u00f3n Musical\"}]},{\"@type\":\"WebSite\",\"@id\":\"https:\\\/\\\/www.laguiadepamplona.com\\\/actualidad\\\/#website\",\"url\":\"https:\\\/\\\/www.laguiadepamplona.com\\\/actualidad\\\/\",\"name\":\"La gu\u00eda de Pamplona\",\"description\":\"Noticias de Pamplona\",\"publisher\":{\"@id\":\"https:\\\/\\\/www.laguiadepamplona.com\\\/actualidad\\\/#organization\"},\"potentialAction\":[{\"@type\":\"SearchAction\",\"target\":{\"@type\":\"EntryPoint\",\"urlTemplate\":\"https:\\\/\\\/www.laguiadepamplona.com\\\/actualidad\\\/?s={search_term_string}\"},\"query-input\":{\"@type\":\"PropertyValueSpecification\",\"valueRequired\":true,\"valueName\":\"search_term_string\"}}],\"inLanguage\":\"es\"},{\"@type\":\"Organization\",\"@id\":\"https:\\\/\\\/www.laguiadepamplona.com\\\/actualidad\\\/#organization\",\"name\":\"La Gu\u00eda de Pamplona \\\/ Noticias\",\"url\":\"https:\\\/\\\/www.laguiadepamplona.com\\\/actualidad\\\/\",\"logo\":{\"@type\":\"ImageObject\",\"inLanguage\":\"es\",\"@id\":\"https:\\\/\\\/www.laguiadepamplona.com\\\/actualidad\\\/#\\\/schema\\\/logo\\\/image\\\/\",\"url\":\"https:\\\/\\\/www.laguiadepamplona.com\\\/actualidad\\\/wp-content\\\/uploads\\\/2018\\\/11\\\/logo-laguiadepamplona18-web1.png\",\"contentUrl\":\"https:\\\/\\\/www.laguiadepamplona.com\\\/actualidad\\\/wp-content\\\/uploads\\\/2018\\\/11\\\/logo-laguiadepamplona18-web1.png\",\"width\":600,\"height\":196,\"caption\":\"La Gu\u00eda de Pamplona \\\/ Noticias\"},\"image\":{\"@id\":\"https:\\\/\\\/www.laguiadepamplona.com\\\/actualidad\\\/#\\\/schema\\\/logo\\\/image\\\/\"},\"sameAs\":[\"https:\\\/\\\/www.facebook.com\\\/laguiadepamplonacom-133175176762273\\\/?ref=hl\",\"https:\\\/\\\/x.com\\\/LaGuiadPamplona\",\"https:\\\/\\\/www.instagram.com\\\/la_guia_de_pamplona\\\/\",\"https:\\\/\\\/www.youtube.com\\\/user\\\/laguiadepamplona\"]},{\"@type\":\"Person\",\"@id\":\"https:\\\/\\\/www.laguiadepamplona.com\\\/actualidad\\\/#\\\/schema\\\/person\\\/efe887376f0213d4657c93adc50b1fdb\",\"name\":\"La Gu\u00eda de Pamplona\",\"image\":{\"@type\":\"ImageObject\",\"inLanguage\":\"es\",\"@id\":\"https:\\\/\\\/secure.gravatar.com\\\/avatar\\\/b6992f131dc8d30ab0dff15446e9d346d9dbd95992de0fef795073f5ea83a81c?s=96&d=mm&r=g\",\"url\":\"https:\\\/\\\/secure.gravatar.com\\\/avatar\\\/b6992f131dc8d30ab0dff15446e9d346d9dbd95992de0fef795073f5ea83a81c?s=96&d=mm&r=g\",\"contentUrl\":\"https:\\\/\\\/secure.gravatar.com\\\/avatar\\\/b6992f131dc8d30ab0dff15446e9d346d9dbd95992de0fef795073f5ea83a81c?s=96&d=mm&r=g\",\"caption\":\"La Gu\u00eda de Pamplona\"}}]}<\/script>\n<!-- \/ Yoast SEO plugin. -->","yoast_head_json":{"title":"Diez conciertos con j\u00f3venes int\u00e9rpretes y dos espect\u00e1culos de car\u00e1cter familiar integran la s\u00e9ptima edici\u00f3n de PAM, Pamplona Acci\u00f3n Musical","robots":{"index":"index","follow":"follow","max-snippet":"max-snippet:-1","max-image-preview":"max-image-preview:large","max-video-preview":"max-video-preview:-1"},"canonical":"https:\/\/www.laguiadepamplona.com\/actualidad\/diez-conciertos-con-jovenes-interpretes-y-dos-espectaculos-de-caracter-familiar-integran-la-septima-edicion-de-pam-pamplona-accion-musical\/","og_locale":"es_ES","og_type":"article","og_title":"Diez conciertos con j\u00f3venes int\u00e9rpretes y dos espect\u00e1culos de car\u00e1cter familiar integran la s\u00e9ptima edici\u00f3n de PAM, Pamplona Acci\u00f3n Musical","og_description":"Este lunes por la tarde comienzan las actividades con el concierto del Grupo Schola, un tr\u00edo de m\u00fasica de c\u00e1mara que actuar\u00e1 en Condestable","og_url":"https:\/\/www.laguiadepamplona.com\/actualidad\/diez-conciertos-con-jovenes-interpretes-y-dos-espectaculos-de-caracter-familiar-integran-la-septima-edicion-de-pam-pamplona-accion-musical\/","og_site_name":"La Gu\u00eda de Pamplona","article_publisher":"https:\/\/www.facebook.com\/laguiadepamplonacom-133175176762273\/?ref=hl","article_published_time":"2018-02-02T10:35:08+00:00","og_image":[{"width":1000,"height":801,"url":"https:\/\/www.laguiadepamplona.com\/actualidad\/wp-content\/uploads\/2018\/02\/accion-musical.jpg","type":"image\/jpeg"}],"author":"La Gu\u00eda de Pamplona","twitter_card":"summary_large_image","twitter_creator":"@LaGuiadPamplona","twitter_site":"@LaGuiadPamplona","twitter_misc":{"Escrito por":"La Gu\u00eda de Pamplona","Tiempo de lectura":"6 minutos"},"schema":{"@context":"https:\/\/schema.org","@graph":[{"@type":"Article","@id":"https:\/\/www.laguiadepamplona.com\/actualidad\/diez-conciertos-con-jovenes-interpretes-y-dos-espectaculos-de-caracter-familiar-integran-la-septima-edicion-de-pam-pamplona-accion-musical\/#article","isPartOf":{"@id":"https:\/\/www.laguiadepamplona.com\/actualidad\/diez-conciertos-con-jovenes-interpretes-y-dos-espectaculos-de-caracter-familiar-integran-la-septima-edicion-de-pam-pamplona-accion-musical\/"},"author":{"name":"La Gu\u00eda de Pamplona","@id":"https:\/\/www.laguiadepamplona.com\/actualidad\/#\/schema\/person\/efe887376f0213d4657c93adc50b1fdb"},"headline":"Diez conciertos con j\u00f3venes int\u00e9rpretes y dos espect\u00e1culos de car\u00e1cter familiar integran la s\u00e9ptima edici\u00f3n de PAM, Pamplona Acci\u00f3n Musical","datePublished":"2018-02-02T10:35:08+00:00","mainEntityOfPage":{"@id":"https:\/\/www.laguiadepamplona.com\/actualidad\/diez-conciertos-con-jovenes-interpretes-y-dos-espectaculos-de-caracter-familiar-integran-la-septima-edicion-de-pam-pamplona-accion-musical\/"},"wordCount":1183,"commentCount":0,"publisher":{"@id":"https:\/\/www.laguiadepamplona.com\/actualidad\/#organization"},"image":{"@id":"https:\/\/www.laguiadepamplona.com\/actualidad\/diez-conciertos-con-jovenes-interpretes-y-dos-espectaculos-de-caracter-familiar-integran-la-septima-edicion-de-pam-pamplona-accion-musical\/#primaryimage"},"thumbnailUrl":"https:\/\/www.laguiadepamplona.com\/actualidad\/wp-content\/uploads\/2018\/02\/accion-musical.jpg","articleSection":["Ayto Pamplona"],"inLanguage":"es","potentialAction":[{"@type":"CommentAction","name":"Comment","target":["https:\/\/www.laguiadepamplona.com\/actualidad\/diez-conciertos-con-jovenes-interpretes-y-dos-espectaculos-de-caracter-familiar-integran-la-septima-edicion-de-pam-pamplona-accion-musical\/#respond"]}]},{"@type":"WebPage","@id":"https:\/\/www.laguiadepamplona.com\/actualidad\/diez-conciertos-con-jovenes-interpretes-y-dos-espectaculos-de-caracter-familiar-integran-la-septima-edicion-de-pam-pamplona-accion-musical\/","url":"https:\/\/www.laguiadepamplona.com\/actualidad\/diez-conciertos-con-jovenes-interpretes-y-dos-espectaculos-de-caracter-familiar-integran-la-septima-edicion-de-pam-pamplona-accion-musical\/","name":"Diez conciertos con j\u00f3venes int\u00e9rpretes y dos espect\u00e1culos de car\u00e1cter familiar integran la s\u00e9ptima edici\u00f3n de PAM, Pamplona Acci\u00f3n Musical","isPartOf":{"@id":"https:\/\/www.laguiadepamplona.com\/actualidad\/#website"},"primaryImageOfPage":{"@id":"https:\/\/www.laguiadepamplona.com\/actualidad\/diez-conciertos-con-jovenes-interpretes-y-dos-espectaculos-de-caracter-familiar-integran-la-septima-edicion-de-pam-pamplona-accion-musical\/#primaryimage"},"image":{"@id":"https:\/\/www.laguiadepamplona.com\/actualidad\/diez-conciertos-con-jovenes-interpretes-y-dos-espectaculos-de-caracter-familiar-integran-la-septima-edicion-de-pam-pamplona-accion-musical\/#primaryimage"},"thumbnailUrl":"https:\/\/www.laguiadepamplona.com\/actualidad\/wp-content\/uploads\/2018\/02\/accion-musical.jpg","datePublished":"2018-02-02T10:35:08+00:00","breadcrumb":{"@id":"https:\/\/www.laguiadepamplona.com\/actualidad\/diez-conciertos-con-jovenes-interpretes-y-dos-espectaculos-de-caracter-familiar-integran-la-septima-edicion-de-pam-pamplona-accion-musical\/#breadcrumb"},"inLanguage":"es","potentialAction":[{"@type":"ReadAction","target":["https:\/\/www.laguiadepamplona.com\/actualidad\/diez-conciertos-con-jovenes-interpretes-y-dos-espectaculos-de-caracter-familiar-integran-la-septima-edicion-de-pam-pamplona-accion-musical\/"]}]},{"@type":"ImageObject","inLanguage":"es","@id":"https:\/\/www.laguiadepamplona.com\/actualidad\/diez-conciertos-con-jovenes-interpretes-y-dos-espectaculos-de-caracter-familiar-integran-la-septima-edicion-de-pam-pamplona-accion-musical\/#primaryimage","url":"https:\/\/www.laguiadepamplona.com\/actualidad\/wp-content\/uploads\/2018\/02\/accion-musical.jpg","contentUrl":"https:\/\/www.laguiadepamplona.com\/actualidad\/wp-content\/uploads\/2018\/02\/accion-musical.jpg","width":1000,"height":801},{"@type":"BreadcrumbList","@id":"https:\/\/www.laguiadepamplona.com\/actualidad\/diez-conciertos-con-jovenes-interpretes-y-dos-espectaculos-de-caracter-familiar-integran-la-septima-edicion-de-pam-pamplona-accion-musical\/#breadcrumb","itemListElement":[{"@type":"ListItem","position":1,"name":"Portada","item":"https:\/\/www.laguiadepamplona.com\/actualidad\/"},{"@type":"ListItem","position":2,"name":"Diez conciertos con j\u00f3venes int\u00e9rpretes y dos espect\u00e1culos de car\u00e1cter familiar integran la s\u00e9ptima edici\u00f3n de PAM, Pamplona Acci\u00f3n Musical"}]},{"@type":"WebSite","@id":"https:\/\/www.laguiadepamplona.com\/actualidad\/#website","url":"https:\/\/www.laguiadepamplona.com\/actualidad\/","name":"La gu\u00eda de Pamplona","description":"Noticias de Pamplona","publisher":{"@id":"https:\/\/www.laguiadepamplona.com\/actualidad\/#organization"},"potentialAction":[{"@type":"SearchAction","target":{"@type":"EntryPoint","urlTemplate":"https:\/\/www.laguiadepamplona.com\/actualidad\/?s={search_term_string}"},"query-input":{"@type":"PropertyValueSpecification","valueRequired":true,"valueName":"search_term_string"}}],"inLanguage":"es"},{"@type":"Organization","@id":"https:\/\/www.laguiadepamplona.com\/actualidad\/#organization","name":"La Gu\u00eda de Pamplona \/ Noticias","url":"https:\/\/www.laguiadepamplona.com\/actualidad\/","logo":{"@type":"ImageObject","inLanguage":"es","@id":"https:\/\/www.laguiadepamplona.com\/actualidad\/#\/schema\/logo\/image\/","url":"https:\/\/www.laguiadepamplona.com\/actualidad\/wp-content\/uploads\/2018\/11\/logo-laguiadepamplona18-web1.png","contentUrl":"https:\/\/www.laguiadepamplona.com\/actualidad\/wp-content\/uploads\/2018\/11\/logo-laguiadepamplona18-web1.png","width":600,"height":196,"caption":"La Gu\u00eda de Pamplona \/ Noticias"},"image":{"@id":"https:\/\/www.laguiadepamplona.com\/actualidad\/#\/schema\/logo\/image\/"},"sameAs":["https:\/\/www.facebook.com\/laguiadepamplonacom-133175176762273\/?ref=hl","https:\/\/x.com\/LaGuiadPamplona","https:\/\/www.instagram.com\/la_guia_de_pamplona\/","https:\/\/www.youtube.com\/user\/laguiadepamplona"]},{"@type":"Person","@id":"https:\/\/www.laguiadepamplona.com\/actualidad\/#\/schema\/person\/efe887376f0213d4657c93adc50b1fdb","name":"La Gu\u00eda de Pamplona","image":{"@type":"ImageObject","inLanguage":"es","@id":"https:\/\/secure.gravatar.com\/avatar\/b6992f131dc8d30ab0dff15446e9d346d9dbd95992de0fef795073f5ea83a81c?s=96&d=mm&r=g","url":"https:\/\/secure.gravatar.com\/avatar\/b6992f131dc8d30ab0dff15446e9d346d9dbd95992de0fef795073f5ea83a81c?s=96&d=mm&r=g","contentUrl":"https:\/\/secure.gravatar.com\/avatar\/b6992f131dc8d30ab0dff15446e9d346d9dbd95992de0fef795073f5ea83a81c?s=96&d=mm&r=g","caption":"La Gu\u00eda de Pamplona"}}]}},"post_mailing_queue_ids":[],"_links":{"self":[{"href":"https:\/\/www.laguiadepamplona.com\/actualidad\/wp-json\/wp\/v2\/posts\/15955","targetHints":{"allow":["GET"]}}],"collection":[{"href":"https:\/\/www.laguiadepamplona.com\/actualidad\/wp-json\/wp\/v2\/posts"}],"about":[{"href":"https:\/\/www.laguiadepamplona.com\/actualidad\/wp-json\/wp\/v2\/types\/post"}],"author":[{"embeddable":true,"href":"https:\/\/www.laguiadepamplona.com\/actualidad\/wp-json\/wp\/v2\/users\/1"}],"replies":[{"embeddable":true,"href":"https:\/\/www.laguiadepamplona.com\/actualidad\/wp-json\/wp\/v2\/comments?post=15955"}],"version-history":[{"count":0,"href":"https:\/\/www.laguiadepamplona.com\/actualidad\/wp-json\/wp\/v2\/posts\/15955\/revisions"}],"wp:featuredmedia":[{"embeddable":true,"href":"https:\/\/www.laguiadepamplona.com\/actualidad\/wp-json\/wp\/v2\/media\/15956"}],"wp:attachment":[{"href":"https:\/\/www.laguiadepamplona.com\/actualidad\/wp-json\/wp\/v2\/media?parent=15955"}],"wp:term":[{"taxonomy":"category","embeddable":true,"href":"https:\/\/www.laguiadepamplona.com\/actualidad\/wp-json\/wp\/v2\/categories?post=15955"},{"taxonomy":"post_tag","embeddable":true,"href":"https:\/\/www.laguiadepamplona.com\/actualidad\/wp-json\/wp\/v2\/tags?post=15955"}],"curies":[{"name":"wp","href":"https:\/\/api.w.org\/{rel}","templated":true}]}}