{"id":15953,"date":"2018-02-02T11:31:46","date_gmt":"2018-02-02T10:31:46","guid":{"rendered":"http:\/\/laguiadepamplona.es\/actualidad\/?p=15953"},"modified":"2018-02-02T11:31:46","modified_gmt":"2018-02-02T10:31:46","slug":"la-oficina-de-atencion-ciudadana-reduce-un-11-sus-atenciones-en-2017-debido-a-la-descentralizacion-en-la-emision-de-volantes-de-padron","status":"publish","type":"post","link":"https:\/\/www.laguiadepamplona.com\/actualidad\/la-oficina-de-atencion-ciudadana-reduce-un-11-sus-atenciones-en-2017-debido-a-la-descentralizacion-en-la-emision-de-volantes-de-padron\/","title":{"rendered":"La Oficina de Atenci\u00f3n Ciudadana reduce un 11% sus atenciones en 2017 debido a la descentralizaci\u00f3n en la  emisi\u00f3n de volantes de padr\u00f3n"},"content":{"rendered":"<h3>La oficina atendi\u00f3 a 51.476 personas; nueve de cada diez gestiones tuvieron que ver con volantes o certificados de empadronamiento<\/h3>\n<p><!--more--><\/p>\n<p>La descentralizaci\u00f3n de la emisi\u00f3n de volantes de empadronamiento es una de las causas de la reducci\u00f3n en un 11% el n\u00famero de personas atendidas en la Oficina de Atenci\u00f3n Ciudadana del Palacio del Condestable durante el a\u00f1o pasado. En total, se realizaron 51.476 atenciones frente a las 58.000 de 2016. Y es que, desde mediados del pasado a\u00f1o, las unidades de barrio tramitan aquellos volantes de empadronamiento que requieren para sus propias gestiones.<\/p>\n<p>Los volantes de empadronamiento son el tr\u00e1mite m\u00e1s demandado y de ah\u00ed la decisi\u00f3n tomada a mediados de 2017 de ampliar los lugares en los que se puede solicitar. Por ello, se ha acercado a los barrios, a trav\u00e9s de las unidades de barrio dependientes del \u00e1rea de Acci\u00f3n Social, la posibilidad de emitirlos para sus tr\u00e1mites y gestiones propios. Los volantes se pueden solicitar a trav\u00e9s de tres v\u00edas: en la Oficina de Atenci\u00f3n Ciudadana, que realiz\u00f3 el a\u00f1o pasado 47.268 tr\u00e1mites al respecto; a trav\u00e9s del tel\u00e9fono 010, que aument\u00f3 respecto al a\u00f1o 2016 en 2.650 el n\u00famero de volantes tramitados y certificados de padr\u00f3n emitidos; y en las unidades de barrio, que gestionaron de forma interna para sus propias tramitaciones un total de 5.655 volantes.<\/p>\n<p>El tiempo medio de espera en la Oficina de Atenci\u00f3n Ciudadana se mantiene en torno a los 4 minutos gracias al sistema de cita previa. Este sistema se implant\u00f3 en 2016 y desde entonces se debe solicitar esa cita previa antes de acudir a la oficina. Se puede pedir en la web municipal, <a href=\"http:\/\/www.pamplona.es\/\" target=\"_blank\" rel=\"noopener\">www.pamplona.es<\/a>, o en el tel\u00e9fono 010 \u2013 948 420 100. Durante 2017 se reservaron un total de 50.739 citas.<\/p>\n<p><strong>Nueve de cada diez gestiones relacionadas con el padr\u00f3n<\/strong><\/p>\n<p>El tr\u00e1mite m\u00e1s demandado, como en a\u00f1os anteriores, fue la solicitud de volantes de empadronamiento y las gestiones relacionadas con el padr\u00f3n. El 92% de las atenciones en la Oficina de Atenci\u00f3n Ciudadana tuvieron que ver con ese motivo (47.268 de las 51.476 atenciones).<\/p>\n<p>Otro tr\u00e1mite que va ganando importancia es la solicitud de cambio de domicilio en los permisos de circulaci\u00f3n y en el registro de conductores de la Direcci\u00f3n General de Tr\u00e1fico. A trav\u00e9s de la adhesi\u00f3n en el a\u00f1o 2015 a un convenio de colaboraci\u00f3n firmado por la Jefatura Central de Tr\u00e1fico y la Federaci\u00f3n Espa\u00f1ola de Municipios y Provincias, ya no se necesita solicitar un volante de empadronamiento para dirigirse posteriormente a la Jefatura Provincial de Tr\u00e1fico a actualizar los datos de domicilio de sus permisos de conducci\u00f3n y circulaci\u00f3n. Ahora se puede solicitar directamente en la Oficina de Atenci\u00f3n Ciudadana. Desde esta oficina se comunica a Tr\u00e1fico dicha solicitud, ahorrando a la ciudadan\u00eda tiempo y esfuerzos. Durante 2017 se registraron 2.077 de estas solicitudes.<\/p>\n<p><strong>Un 14,5% m\u00e1s de entradas en el registro<\/strong><\/p>\n<p>Los datos de los registros municipales se\u00f1alan un aumento de las entradas en un 14,5% en 2017, pasando de 49.693 a 56.890. El Ayuntamiento de Pamplona cuenta con un Registro General en el Palacio del Condestable y cinco registros auxiliares en la calle Eslava 1 (Casa Luna. Oficina de Rehabilitaci\u00f3n), calle Zapater\u00eda 40 (\u00e1rea de Econom\u00eda Local Sostenible), calle Descalzos 72 (\u00e1rea de Cultural y Educaci\u00f3n), calle Monasterio de Irache 2 (\u00e1rea de Seguridad Ciudadana y Convivencia) y avenida del Ej\u00e9rcito 2, 5\u00aa planta (\u00e1rea de Ciudad Habitable y Vivienda). Adem\u00e1s, existe un registro electr\u00f3nico al que se accede a trav\u00e9s de la Sede Electr\u00f3nica en la web municipal, <a href=\"http:\/\/www.pamplona.es\/\" target=\"_blank\" rel=\"noopener\">www.pamplona.es<\/a>.<\/p>\n<p>De las casi 57.000 entradas al registro, un 27%, es decir 15.140, se tramitaron en el Registro General, bien presencialmente bien por correo electr\u00f3nico u otros medios. Un 11%, 6.413, se hicieron a trav\u00e9s del registro electr\u00f3nico. El resto de tramitaciones, 35.337, un 62%, se llevaron a cabo en alguno de los cinco registros auxiliares.<\/p>\n<p>&nbsp;<\/p>\n<p><strong>atenci\u00f3n presencial 2017<\/strong><\/p>\n<table>\n<tbody>\n<tr>\n<td width=\"239\"><strong>Ciudadanos atendidos<\/strong><\/td>\n<td width=\"66\"><strong>2017<\/strong><\/td>\n<td width=\"59\"><strong>2016<\/strong><\/td>\n<\/tr>\n<tr>\n<td width=\"239\">Padr\u00f3n<\/td>\n<td width=\"66\">47.268<\/td>\n<td width=\"59\">53.270<\/td>\n<\/tr>\n<tr>\n<td width=\"239\">Registro<\/td>\n<td width=\"66\">4.208<\/td>\n<td width=\"59\">4.218<\/td>\n<\/tr>\n<tr>\n<td width=\"239\">Otros<\/td>\n<td width=\"66\">&#8211;<\/td>\n<td width=\"59\">512<\/td>\n<\/tr>\n<tr>\n<td width=\"239\"><strong>TOTAL<\/strong><\/td>\n<td width=\"66\"><strong>51.476<\/strong><\/td>\n<td width=\"59\"><strong>58.000<\/strong><\/td>\n<\/tr>\n<\/tbody>\n<\/table>\n<table>\n<tbody>\n<tr>\n<td width=\"239\"><strong>Datos registro<\/strong><\/td>\n<td width=\"66\"><strong>2017<\/strong><\/td>\n<td width=\"59\"><strong>2016<\/strong><\/td>\n<\/tr>\n<tr>\n<td width=\"239\">Registro General<\/td>\n<td width=\"66\">15.140<\/td>\n<td width=\"59\">14.310<\/td>\n<\/tr>\n<tr>\n<td width=\"239\">Otros registros presenciales<\/td>\n<td width=\"66\">35.337<\/td>\n<td width=\"59\">29.106<\/td>\n<\/tr>\n<tr>\n<td width=\"239\">Registro electr\u00f3nico<\/td>\n<td width=\"66\">6.413<\/td>\n<td width=\"59\">6.277<\/td>\n<\/tr>\n<tr>\n<td width=\"239\"><strong>TOTAL<\/strong><\/td>\n<td width=\"66\"><strong>56.890<\/strong><\/td>\n<td width=\"59\"><strong>49.693<\/strong><\/td>\n<\/tr>\n<\/tbody>\n<\/table>\n<table>\n<tbody>\n<tr>\n<td><strong>Datos padr\u00f3n<\/strong><\/td>\n<td width=\"67\"><strong>2017<\/strong><\/td>\n<td width=\"59\"><strong>2016<\/strong><\/td>\n<\/tr>\n<tr>\n<td>Variaciones padronales efectuadas<\/td>\n<td width=\"67\">48.173<\/td>\n<td width=\"59\">47.917<\/td>\n<\/tr>\n<\/tbody>\n<\/table>\n","protected":false},"excerpt":{"rendered":"<p>La oficina atendi\u00f3 a 51.476 personas; nueve de cada diez gestiones tuvieron que ver con volantes o certificados de empadronamiento<\/p>\n","protected":false},"author":1,"featured_media":10979,"comment_status":"open","ping_status":"closed","sticky":false,"template":"","format":"standard","meta":{"footnotes":""},"categories":[2],"tags":[],"class_list":["post-15953","post","type-post","status-publish","format-standard","has-post-thumbnail","hentry","category-ayuntamiento-pamplona"],"yoast_head":"<!-- This site is optimized with the Yoast SEO plugin v27.5 - https:\/\/yoast.com\/product\/yoast-seo-wordpress\/ -->\n<title>La Oficina de Atenci\u00f3n Ciudadana reduce un 11% sus atenciones en 2017 debido a la descentralizaci\u00f3n en la emisi\u00f3n de volantes de padr\u00f3n<\/title>\n<meta name=\"robots\" content=\"index, follow, max-snippet:-1, max-image-preview:large, max-video-preview:-1\" \/>\n<link rel=\"canonical\" href=\"https:\/\/www.laguiadepamplona.com\/actualidad\/la-oficina-de-atencion-ciudadana-reduce-un-11-sus-atenciones-en-2017-debido-a-la-descentralizacion-en-la-emision-de-volantes-de-padron\/\" \/>\n<meta property=\"og:locale\" content=\"es_ES\" \/>\n<meta property=\"og:type\" content=\"article\" \/>\n<meta property=\"og:title\" content=\"La Oficina de Atenci\u00f3n Ciudadana reduce un 11% sus atenciones en 2017 debido a la descentralizaci\u00f3n en la emisi\u00f3n de volantes de padr\u00f3n\" \/>\n<meta property=\"og:description\" content=\"La oficina atendi\u00f3 a 51.476 personas; nueve de cada diez gestiones tuvieron que ver con volantes o certificados de empadronamiento\" \/>\n<meta property=\"og:url\" content=\"https:\/\/www.laguiadepamplona.com\/actualidad\/la-oficina-de-atencion-ciudadana-reduce-un-11-sus-atenciones-en-2017-debido-a-la-descentralizacion-en-la-emision-de-volantes-de-padron\/\" \/>\n<meta property=\"og:site_name\" content=\"La Gu\u00eda de Pamplona\" \/>\n<meta property=\"article:publisher\" content=\"https:\/\/www.facebook.com\/laguiadepamplonacom-133175176762273\/?ref=hl\" \/>\n<meta property=\"article:published_time\" content=\"2018-02-02T10:31:46+00:00\" \/>\n<meta property=\"og:image\" content=\"https:\/\/www.laguiadepamplona.com\/actualidad\/wp-content\/uploads\/2016\/11\/Ayto_Pamplona.jpg\" \/>\n\t<meta property=\"og:image:width\" content=\"900\" \/>\n\t<meta property=\"og:image:height\" content=\"675\" \/>\n\t<meta property=\"og:image:type\" content=\"image\/jpeg\" \/>\n<meta name=\"author\" content=\"La Gu\u00eda de Pamplona\" \/>\n<meta name=\"twitter:card\" content=\"summary_large_image\" \/>\n<meta name=\"twitter:creator\" content=\"@LaGuiadPamplona\" \/>\n<meta name=\"twitter:site\" content=\"@LaGuiadPamplona\" \/>\n<meta name=\"twitter:label1\" content=\"Escrito por\" \/>\n\t<meta name=\"twitter:data1\" content=\"La Gu\u00eda de Pamplona\" \/>\n\t<meta name=\"twitter:label2\" content=\"Tiempo de lectura\" \/>\n\t<meta name=\"twitter:data2\" content=\"3 minutos\" \/>\n<script type=\"application\/ld+json\" class=\"yoast-schema-graph\">{\"@context\":\"https:\\\/\\\/schema.org\",\"@graph\":[{\"@type\":\"Article\",\"@id\":\"https:\\\/\\\/www.laguiadepamplona.com\\\/actualidad\\\/la-oficina-de-atencion-ciudadana-reduce-un-11-sus-atenciones-en-2017-debido-a-la-descentralizacion-en-la-emision-de-volantes-de-padron\\\/#article\",\"isPartOf\":{\"@id\":\"https:\\\/\\\/www.laguiadepamplona.com\\\/actualidad\\\/la-oficina-de-atencion-ciudadana-reduce-un-11-sus-atenciones-en-2017-debido-a-la-descentralizacion-en-la-emision-de-volantes-de-padron\\\/\"},\"author\":{\"name\":\"La Gu\u00eda de Pamplona\",\"@id\":\"https:\\\/\\\/www.laguiadepamplona.com\\\/actualidad\\\/#\\\/schema\\\/person\\\/efe887376f0213d4657c93adc50b1fdb\"},\"headline\":\"La Oficina de Atenci\u00f3n Ciudadana reduce un 11% sus atenciones en 2017 debido a la descentralizaci\u00f3n en la emisi\u00f3n de volantes de padr\u00f3n\",\"datePublished\":\"2018-02-02T10:31:46+00:00\",\"mainEntityOfPage\":{\"@id\":\"https:\\\/\\\/www.laguiadepamplona.com\\\/actualidad\\\/la-oficina-de-atencion-ciudadana-reduce-un-11-sus-atenciones-en-2017-debido-a-la-descentralizacion-en-la-emision-de-volantes-de-padron\\\/\"},\"wordCount\":721,\"commentCount\":0,\"publisher\":{\"@id\":\"https:\\\/\\\/www.laguiadepamplona.com\\\/actualidad\\\/#organization\"},\"image\":{\"@id\":\"https:\\\/\\\/www.laguiadepamplona.com\\\/actualidad\\\/la-oficina-de-atencion-ciudadana-reduce-un-11-sus-atenciones-en-2017-debido-a-la-descentralizacion-en-la-emision-de-volantes-de-padron\\\/#primaryimage\"},\"thumbnailUrl\":\"https:\\\/\\\/www.laguiadepamplona.com\\\/actualidad\\\/wp-content\\\/uploads\\\/2016\\\/11\\\/Ayto_Pamplona.jpg\",\"articleSection\":[\"Ayto Pamplona\"],\"inLanguage\":\"es\",\"potentialAction\":[{\"@type\":\"CommentAction\",\"name\":\"Comment\",\"target\":[\"https:\\\/\\\/www.laguiadepamplona.com\\\/actualidad\\\/la-oficina-de-atencion-ciudadana-reduce-un-11-sus-atenciones-en-2017-debido-a-la-descentralizacion-en-la-emision-de-volantes-de-padron\\\/#respond\"]}]},{\"@type\":\"WebPage\",\"@id\":\"https:\\\/\\\/www.laguiadepamplona.com\\\/actualidad\\\/la-oficina-de-atencion-ciudadana-reduce-un-11-sus-atenciones-en-2017-debido-a-la-descentralizacion-en-la-emision-de-volantes-de-padron\\\/\",\"url\":\"https:\\\/\\\/www.laguiadepamplona.com\\\/actualidad\\\/la-oficina-de-atencion-ciudadana-reduce-un-11-sus-atenciones-en-2017-debido-a-la-descentralizacion-en-la-emision-de-volantes-de-padron\\\/\",\"name\":\"La Oficina de Atenci\u00f3n Ciudadana reduce un 11% sus atenciones en 2017 debido a la descentralizaci\u00f3n en la emisi\u00f3n de volantes de padr\u00f3n\",\"isPartOf\":{\"@id\":\"https:\\\/\\\/www.laguiadepamplona.com\\\/actualidad\\\/#website\"},\"primaryImageOfPage\":{\"@id\":\"https:\\\/\\\/www.laguiadepamplona.com\\\/actualidad\\\/la-oficina-de-atencion-ciudadana-reduce-un-11-sus-atenciones-en-2017-debido-a-la-descentralizacion-en-la-emision-de-volantes-de-padron\\\/#primaryimage\"},\"image\":{\"@id\":\"https:\\\/\\\/www.laguiadepamplona.com\\\/actualidad\\\/la-oficina-de-atencion-ciudadana-reduce-un-11-sus-atenciones-en-2017-debido-a-la-descentralizacion-en-la-emision-de-volantes-de-padron\\\/#primaryimage\"},\"thumbnailUrl\":\"https:\\\/\\\/www.laguiadepamplona.com\\\/actualidad\\\/wp-content\\\/uploads\\\/2016\\\/11\\\/Ayto_Pamplona.jpg\",\"datePublished\":\"2018-02-02T10:31:46+00:00\",\"breadcrumb\":{\"@id\":\"https:\\\/\\\/www.laguiadepamplona.com\\\/actualidad\\\/la-oficina-de-atencion-ciudadana-reduce-un-11-sus-atenciones-en-2017-debido-a-la-descentralizacion-en-la-emision-de-volantes-de-padron\\\/#breadcrumb\"},\"inLanguage\":\"es\",\"potentialAction\":[{\"@type\":\"ReadAction\",\"target\":[\"https:\\\/\\\/www.laguiadepamplona.com\\\/actualidad\\\/la-oficina-de-atencion-ciudadana-reduce-un-11-sus-atenciones-en-2017-debido-a-la-descentralizacion-en-la-emision-de-volantes-de-padron\\\/\"]}]},{\"@type\":\"ImageObject\",\"inLanguage\":\"es\",\"@id\":\"https:\\\/\\\/www.laguiadepamplona.com\\\/actualidad\\\/la-oficina-de-atencion-ciudadana-reduce-un-11-sus-atenciones-en-2017-debido-a-la-descentralizacion-en-la-emision-de-volantes-de-padron\\\/#primaryimage\",\"url\":\"https:\\\/\\\/www.laguiadepamplona.com\\\/actualidad\\\/wp-content\\\/uploads\\\/2016\\\/11\\\/Ayto_Pamplona.jpg\",\"contentUrl\":\"https:\\\/\\\/www.laguiadepamplona.com\\\/actualidad\\\/wp-content\\\/uploads\\\/2016\\\/11\\\/Ayto_Pamplona.jpg\",\"width\":900,\"height\":675},{\"@type\":\"BreadcrumbList\",\"@id\":\"https:\\\/\\\/www.laguiadepamplona.com\\\/actualidad\\\/la-oficina-de-atencion-ciudadana-reduce-un-11-sus-atenciones-en-2017-debido-a-la-descentralizacion-en-la-emision-de-volantes-de-padron\\\/#breadcrumb\",\"itemListElement\":[{\"@type\":\"ListItem\",\"position\":1,\"name\":\"Portada\",\"item\":\"https:\\\/\\\/www.laguiadepamplona.com\\\/actualidad\\\/\"},{\"@type\":\"ListItem\",\"position\":2,\"name\":\"La Oficina de Atenci\u00f3n Ciudadana reduce un 11% sus atenciones en 2017 debido a la descentralizaci\u00f3n en la emisi\u00f3n de volantes de padr\u00f3n\"}]},{\"@type\":\"WebSite\",\"@id\":\"https:\\\/\\\/www.laguiadepamplona.com\\\/actualidad\\\/#website\",\"url\":\"https:\\\/\\\/www.laguiadepamplona.com\\\/actualidad\\\/\",\"name\":\"La gu\u00eda de Pamplona\",\"description\":\"Noticias de Pamplona\",\"publisher\":{\"@id\":\"https:\\\/\\\/www.laguiadepamplona.com\\\/actualidad\\\/#organization\"},\"potentialAction\":[{\"@type\":\"SearchAction\",\"target\":{\"@type\":\"EntryPoint\",\"urlTemplate\":\"https:\\\/\\\/www.laguiadepamplona.com\\\/actualidad\\\/?s={search_term_string}\"},\"query-input\":{\"@type\":\"PropertyValueSpecification\",\"valueRequired\":true,\"valueName\":\"search_term_string\"}}],\"inLanguage\":\"es\"},{\"@type\":\"Organization\",\"@id\":\"https:\\\/\\\/www.laguiadepamplona.com\\\/actualidad\\\/#organization\",\"name\":\"La Gu\u00eda de Pamplona \\\/ Noticias\",\"url\":\"https:\\\/\\\/www.laguiadepamplona.com\\\/actualidad\\\/\",\"logo\":{\"@type\":\"ImageObject\",\"inLanguage\":\"es\",\"@id\":\"https:\\\/\\\/www.laguiadepamplona.com\\\/actualidad\\\/#\\\/schema\\\/logo\\\/image\\\/\",\"url\":\"https:\\\/\\\/www.laguiadepamplona.com\\\/actualidad\\\/wp-content\\\/uploads\\\/2018\\\/11\\\/logo-laguiadepamplona18-web1.png\",\"contentUrl\":\"https:\\\/\\\/www.laguiadepamplona.com\\\/actualidad\\\/wp-content\\\/uploads\\\/2018\\\/11\\\/logo-laguiadepamplona18-web1.png\",\"width\":600,\"height\":196,\"caption\":\"La Gu\u00eda de Pamplona \\\/ Noticias\"},\"image\":{\"@id\":\"https:\\\/\\\/www.laguiadepamplona.com\\\/actualidad\\\/#\\\/schema\\\/logo\\\/image\\\/\"},\"sameAs\":[\"https:\\\/\\\/www.facebook.com\\\/laguiadepamplonacom-133175176762273\\\/?ref=hl\",\"https:\\\/\\\/x.com\\\/LaGuiadPamplona\",\"https:\\\/\\\/www.instagram.com\\\/la_guia_de_pamplona\\\/\",\"https:\\\/\\\/www.youtube.com\\\/user\\\/laguiadepamplona\"]},{\"@type\":\"Person\",\"@id\":\"https:\\\/\\\/www.laguiadepamplona.com\\\/actualidad\\\/#\\\/schema\\\/person\\\/efe887376f0213d4657c93adc50b1fdb\",\"name\":\"La Gu\u00eda de Pamplona\",\"image\":{\"@type\":\"ImageObject\",\"inLanguage\":\"es\",\"@id\":\"https:\\\/\\\/secure.gravatar.com\\\/avatar\\\/b6992f131dc8d30ab0dff15446e9d346d9dbd95992de0fef795073f5ea83a81c?s=96&d=mm&r=g\",\"url\":\"https:\\\/\\\/secure.gravatar.com\\\/avatar\\\/b6992f131dc8d30ab0dff15446e9d346d9dbd95992de0fef795073f5ea83a81c?s=96&d=mm&r=g\",\"contentUrl\":\"https:\\\/\\\/secure.gravatar.com\\\/avatar\\\/b6992f131dc8d30ab0dff15446e9d346d9dbd95992de0fef795073f5ea83a81c?s=96&d=mm&r=g\",\"caption\":\"La Gu\u00eda de Pamplona\"}}]}<\/script>\n<!-- \/ Yoast SEO plugin. -->","yoast_head_json":{"title":"La Oficina de Atenci\u00f3n Ciudadana reduce un 11% sus atenciones en 2017 debido a la descentralizaci\u00f3n en la emisi\u00f3n de volantes de padr\u00f3n","robots":{"index":"index","follow":"follow","max-snippet":"max-snippet:-1","max-image-preview":"max-image-preview:large","max-video-preview":"max-video-preview:-1"},"canonical":"https:\/\/www.laguiadepamplona.com\/actualidad\/la-oficina-de-atencion-ciudadana-reduce-un-11-sus-atenciones-en-2017-debido-a-la-descentralizacion-en-la-emision-de-volantes-de-padron\/","og_locale":"es_ES","og_type":"article","og_title":"La Oficina de Atenci\u00f3n Ciudadana reduce un 11% sus atenciones en 2017 debido a la descentralizaci\u00f3n en la emisi\u00f3n de volantes de padr\u00f3n","og_description":"La oficina atendi\u00f3 a 51.476 personas; nueve de cada diez gestiones tuvieron que ver con volantes o certificados de empadronamiento","og_url":"https:\/\/www.laguiadepamplona.com\/actualidad\/la-oficina-de-atencion-ciudadana-reduce-un-11-sus-atenciones-en-2017-debido-a-la-descentralizacion-en-la-emision-de-volantes-de-padron\/","og_site_name":"La Gu\u00eda de Pamplona","article_publisher":"https:\/\/www.facebook.com\/laguiadepamplonacom-133175176762273\/?ref=hl","article_published_time":"2018-02-02T10:31:46+00:00","og_image":[{"width":900,"height":675,"url":"https:\/\/www.laguiadepamplona.com\/actualidad\/wp-content\/uploads\/2016\/11\/Ayto_Pamplona.jpg","type":"image\/jpeg"}],"author":"La Gu\u00eda de Pamplona","twitter_card":"summary_large_image","twitter_creator":"@LaGuiadPamplona","twitter_site":"@LaGuiadPamplona","twitter_misc":{"Escrito por":"La Gu\u00eda de Pamplona","Tiempo de lectura":"3 minutos"},"schema":{"@context":"https:\/\/schema.org","@graph":[{"@type":"Article","@id":"https:\/\/www.laguiadepamplona.com\/actualidad\/la-oficina-de-atencion-ciudadana-reduce-un-11-sus-atenciones-en-2017-debido-a-la-descentralizacion-en-la-emision-de-volantes-de-padron\/#article","isPartOf":{"@id":"https:\/\/www.laguiadepamplona.com\/actualidad\/la-oficina-de-atencion-ciudadana-reduce-un-11-sus-atenciones-en-2017-debido-a-la-descentralizacion-en-la-emision-de-volantes-de-padron\/"},"author":{"name":"La Gu\u00eda de Pamplona","@id":"https:\/\/www.laguiadepamplona.com\/actualidad\/#\/schema\/person\/efe887376f0213d4657c93adc50b1fdb"},"headline":"La Oficina de Atenci\u00f3n Ciudadana reduce un 11% sus atenciones en 2017 debido a la descentralizaci\u00f3n en la emisi\u00f3n de volantes de padr\u00f3n","datePublished":"2018-02-02T10:31:46+00:00","mainEntityOfPage":{"@id":"https:\/\/www.laguiadepamplona.com\/actualidad\/la-oficina-de-atencion-ciudadana-reduce-un-11-sus-atenciones-en-2017-debido-a-la-descentralizacion-en-la-emision-de-volantes-de-padron\/"},"wordCount":721,"commentCount":0,"publisher":{"@id":"https:\/\/www.laguiadepamplona.com\/actualidad\/#organization"},"image":{"@id":"https:\/\/www.laguiadepamplona.com\/actualidad\/la-oficina-de-atencion-ciudadana-reduce-un-11-sus-atenciones-en-2017-debido-a-la-descentralizacion-en-la-emision-de-volantes-de-padron\/#primaryimage"},"thumbnailUrl":"https:\/\/www.laguiadepamplona.com\/actualidad\/wp-content\/uploads\/2016\/11\/Ayto_Pamplona.jpg","articleSection":["Ayto Pamplona"],"inLanguage":"es","potentialAction":[{"@type":"CommentAction","name":"Comment","target":["https:\/\/www.laguiadepamplona.com\/actualidad\/la-oficina-de-atencion-ciudadana-reduce-un-11-sus-atenciones-en-2017-debido-a-la-descentralizacion-en-la-emision-de-volantes-de-padron\/#respond"]}]},{"@type":"WebPage","@id":"https:\/\/www.laguiadepamplona.com\/actualidad\/la-oficina-de-atencion-ciudadana-reduce-un-11-sus-atenciones-en-2017-debido-a-la-descentralizacion-en-la-emision-de-volantes-de-padron\/","url":"https:\/\/www.laguiadepamplona.com\/actualidad\/la-oficina-de-atencion-ciudadana-reduce-un-11-sus-atenciones-en-2017-debido-a-la-descentralizacion-en-la-emision-de-volantes-de-padron\/","name":"La Oficina de Atenci\u00f3n Ciudadana reduce un 11% sus atenciones en 2017 debido a la descentralizaci\u00f3n en la emisi\u00f3n de volantes de padr\u00f3n","isPartOf":{"@id":"https:\/\/www.laguiadepamplona.com\/actualidad\/#website"},"primaryImageOfPage":{"@id":"https:\/\/www.laguiadepamplona.com\/actualidad\/la-oficina-de-atencion-ciudadana-reduce-un-11-sus-atenciones-en-2017-debido-a-la-descentralizacion-en-la-emision-de-volantes-de-padron\/#primaryimage"},"image":{"@id":"https:\/\/www.laguiadepamplona.com\/actualidad\/la-oficina-de-atencion-ciudadana-reduce-un-11-sus-atenciones-en-2017-debido-a-la-descentralizacion-en-la-emision-de-volantes-de-padron\/#primaryimage"},"thumbnailUrl":"https:\/\/www.laguiadepamplona.com\/actualidad\/wp-content\/uploads\/2016\/11\/Ayto_Pamplona.jpg","datePublished":"2018-02-02T10:31:46+00:00","breadcrumb":{"@id":"https:\/\/www.laguiadepamplona.com\/actualidad\/la-oficina-de-atencion-ciudadana-reduce-un-11-sus-atenciones-en-2017-debido-a-la-descentralizacion-en-la-emision-de-volantes-de-padron\/#breadcrumb"},"inLanguage":"es","potentialAction":[{"@type":"ReadAction","target":["https:\/\/www.laguiadepamplona.com\/actualidad\/la-oficina-de-atencion-ciudadana-reduce-un-11-sus-atenciones-en-2017-debido-a-la-descentralizacion-en-la-emision-de-volantes-de-padron\/"]}]},{"@type":"ImageObject","inLanguage":"es","@id":"https:\/\/www.laguiadepamplona.com\/actualidad\/la-oficina-de-atencion-ciudadana-reduce-un-11-sus-atenciones-en-2017-debido-a-la-descentralizacion-en-la-emision-de-volantes-de-padron\/#primaryimage","url":"https:\/\/www.laguiadepamplona.com\/actualidad\/wp-content\/uploads\/2016\/11\/Ayto_Pamplona.jpg","contentUrl":"https:\/\/www.laguiadepamplona.com\/actualidad\/wp-content\/uploads\/2016\/11\/Ayto_Pamplona.jpg","width":900,"height":675},{"@type":"BreadcrumbList","@id":"https:\/\/www.laguiadepamplona.com\/actualidad\/la-oficina-de-atencion-ciudadana-reduce-un-11-sus-atenciones-en-2017-debido-a-la-descentralizacion-en-la-emision-de-volantes-de-padron\/#breadcrumb","itemListElement":[{"@type":"ListItem","position":1,"name":"Portada","item":"https:\/\/www.laguiadepamplona.com\/actualidad\/"},{"@type":"ListItem","position":2,"name":"La Oficina de Atenci\u00f3n Ciudadana reduce un 11% sus atenciones en 2017 debido a la descentralizaci\u00f3n en la emisi\u00f3n de volantes de padr\u00f3n"}]},{"@type":"WebSite","@id":"https:\/\/www.laguiadepamplona.com\/actualidad\/#website","url":"https:\/\/www.laguiadepamplona.com\/actualidad\/","name":"La gu\u00eda de Pamplona","description":"Noticias de Pamplona","publisher":{"@id":"https:\/\/www.laguiadepamplona.com\/actualidad\/#organization"},"potentialAction":[{"@type":"SearchAction","target":{"@type":"EntryPoint","urlTemplate":"https:\/\/www.laguiadepamplona.com\/actualidad\/?s={search_term_string}"},"query-input":{"@type":"PropertyValueSpecification","valueRequired":true,"valueName":"search_term_string"}}],"inLanguage":"es"},{"@type":"Organization","@id":"https:\/\/www.laguiadepamplona.com\/actualidad\/#organization","name":"La Gu\u00eda de Pamplona \/ Noticias","url":"https:\/\/www.laguiadepamplona.com\/actualidad\/","logo":{"@type":"ImageObject","inLanguage":"es","@id":"https:\/\/www.laguiadepamplona.com\/actualidad\/#\/schema\/logo\/image\/","url":"https:\/\/www.laguiadepamplona.com\/actualidad\/wp-content\/uploads\/2018\/11\/logo-laguiadepamplona18-web1.png","contentUrl":"https:\/\/www.laguiadepamplona.com\/actualidad\/wp-content\/uploads\/2018\/11\/logo-laguiadepamplona18-web1.png","width":600,"height":196,"caption":"La Gu\u00eda de Pamplona \/ Noticias"},"image":{"@id":"https:\/\/www.laguiadepamplona.com\/actualidad\/#\/schema\/logo\/image\/"},"sameAs":["https:\/\/www.facebook.com\/laguiadepamplonacom-133175176762273\/?ref=hl","https:\/\/x.com\/LaGuiadPamplona","https:\/\/www.instagram.com\/la_guia_de_pamplona\/","https:\/\/www.youtube.com\/user\/laguiadepamplona"]},{"@type":"Person","@id":"https:\/\/www.laguiadepamplona.com\/actualidad\/#\/schema\/person\/efe887376f0213d4657c93adc50b1fdb","name":"La Gu\u00eda de Pamplona","image":{"@type":"ImageObject","inLanguage":"es","@id":"https:\/\/secure.gravatar.com\/avatar\/b6992f131dc8d30ab0dff15446e9d346d9dbd95992de0fef795073f5ea83a81c?s=96&d=mm&r=g","url":"https:\/\/secure.gravatar.com\/avatar\/b6992f131dc8d30ab0dff15446e9d346d9dbd95992de0fef795073f5ea83a81c?s=96&d=mm&r=g","contentUrl":"https:\/\/secure.gravatar.com\/avatar\/b6992f131dc8d30ab0dff15446e9d346d9dbd95992de0fef795073f5ea83a81c?s=96&d=mm&r=g","caption":"La Gu\u00eda de Pamplona"}}]}},"post_mailing_queue_ids":[],"_links":{"self":[{"href":"https:\/\/www.laguiadepamplona.com\/actualidad\/wp-json\/wp\/v2\/posts\/15953","targetHints":{"allow":["GET"]}}],"collection":[{"href":"https:\/\/www.laguiadepamplona.com\/actualidad\/wp-json\/wp\/v2\/posts"}],"about":[{"href":"https:\/\/www.laguiadepamplona.com\/actualidad\/wp-json\/wp\/v2\/types\/post"}],"author":[{"embeddable":true,"href":"https:\/\/www.laguiadepamplona.com\/actualidad\/wp-json\/wp\/v2\/users\/1"}],"replies":[{"embeddable":true,"href":"https:\/\/www.laguiadepamplona.com\/actualidad\/wp-json\/wp\/v2\/comments?post=15953"}],"version-history":[{"count":0,"href":"https:\/\/www.laguiadepamplona.com\/actualidad\/wp-json\/wp\/v2\/posts\/15953\/revisions"}],"wp:featuredmedia":[{"embeddable":true,"href":"https:\/\/www.laguiadepamplona.com\/actualidad\/wp-json\/wp\/v2\/media\/10979"}],"wp:attachment":[{"href":"https:\/\/www.laguiadepamplona.com\/actualidad\/wp-json\/wp\/v2\/media?parent=15953"}],"wp:term":[{"taxonomy":"category","embeddable":true,"href":"https:\/\/www.laguiadepamplona.com\/actualidad\/wp-json\/wp\/v2\/categories?post=15953"},{"taxonomy":"post_tag","embeddable":true,"href":"https:\/\/www.laguiadepamplona.com\/actualidad\/wp-json\/wp\/v2\/tags?post=15953"}],"curies":[{"name":"wp","href":"https:\/\/api.w.org\/{rel}","templated":true}]}}