{"id":15945,"date":"2018-02-01T12:15:29","date_gmt":"2018-02-01T11:15:29","guid":{"rendered":"http:\/\/laguiadepamplona.es\/actualidad\/?p=15945"},"modified":"2018-02-01T12:15:29","modified_gmt":"2018-02-01T11:15:29","slug":"pamplona-participa-hoy-y-manana-en-el-xiii-encuentro-de-la-red-estatal-de-ciudades-educadoras-que-busca-repensar-la-ciudad-desde-la-perspectiva-de-la-infancia","status":"publish","type":"post","link":"https:\/\/www.laguiadepamplona.com\/actualidad\/pamplona-participa-hoy-y-manana-en-el-xiii-encuentro-de-la-red-estatal-de-ciudades-educadoras-que-busca-repensar-la-ciudad-desde-la-perspectiva-de-la-infancia\/","title":{"rendered":"Pamplona participa hoy y ma\u00f1ana en el XIII Encuentro de la Red Estatal de Ciudades Educadoras, que busca repensar la ciudad desde la perspectiva de la infancia"},"content":{"rendered":"<h3>Las jornadas se celebran en Lleida y en ellas participa la directora de Educaci\u00f3n del Ayuntamiento, Maitena Muruzabal<\/h3>\n<p><!--more--><\/p>\n<p>El Ayuntamiento de Pamplona participa hoy jueves y ma\u00f1ana viernes en el XIII Encuentro de la Red Estatal de Ciudades Educadoras, un foro que re\u00fane a ciudades de toda Espa\u00f1a con voluntad de trabajar en todas las dimensiones y \u00e1mbitos de la educaci\u00f3n. EN esta ocasi\u00f3n, las jornadas tienen como eje central el de \u2018Repensar la ciudad\u2019, y expertos de primer nivel aportar\u00e1n momentos de reflexi\u00f3n sobre el papel que ejercen los gobiernos locales en la construcci\u00f3n de este modelo de ciudad.<\/p>\n<p>La directora de Cultura y Educaci\u00f3n del Ayuntamiento de Pamplona, Maitena Muruzabal, acompa\u00f1ada por la t\u00e9cnica municipal de Educaci\u00f3n Nuria Oiz, y de la directora del \u00c1rea de Desarrollo Comunitario, Ana Goya, ha acudido a la asamblea anual de la Red, que se celebra en Lleida. Con la asistencia a este nuevo congreso y asamblea de la Red Estatal de Ciudades Educadoras, Pamplona quiere retomar su actividad dentro de esta asociaci\u00f3n de ciudades que hacen de la educaci\u00f3n, entendida en su sentido m\u00e1s amplio, una de sus l\u00edneas estrat\u00e9gicas de trabajo.<\/p>\n<p>Joan Clos Mathew, ex director ejecutivo de ONU-H\u00e1bitat y ex alcalde de Barcelona, impartir\u00e1 la conferencia inaugural con el tema \u2018La urbanizaci\u00f3n en el siglo XXI: repensar la ciudad\u2019. El programa incluye dos di\u00e1logos entre expertos, el primero centrado en la mirada de la infancia en nuestras ciudades y el segundo en los espacios de encuentro en la ciudad, y mesas redondas de presentaci\u00f3n de buenas pr\u00e1cticas de la red, integrada por m\u00e1s de sesenta ciudades. El programa cerrar\u00e1 con una mesa de alcaldes en la que participar\u00e1n la alcaldesa de Madrid, el alcalde de Granollers y el alcalde de Lleida.<\/p>\n<p>Pamplona se adhiri\u00f3 a esta red en diciembre de 1995 por acuerdo de Pleno. De este modo, la ciudad se comprometi\u00f3 no s\u00f3lo a ejercer con eficacia las competencias que legalmente tiene reconocidas, referidas al \u00e1mbito de la escolaridad obligatoria, sino tambi\u00e9n a desarrollar una pol\u00edtica educativa amplia y de alcance global, con el fin de incluir en ella todas las modalidades de educaci\u00f3n formal y no formal, y las diversas manifestaciones culturales, fuentes de informaci\u00f3n y v\u00edas de descubrimiento de la realidad que se produzcan en la ciudad, y cuyo objetivo ser\u00e1 la formaci\u00f3n, promoci\u00f3n y desarrollo de todos sus ciudadanos, empezando por los ni\u00f1os y los j\u00f3venes.<\/p>\n<p>Desde aquella fecha, Pamplona ha asistido a las asambleas anuales de la Red Estatal de Ciudades Educadoras de Valencia (1998), Gerona (1999), C\u00f3rdoba (2001) y San Sebasti\u00e1n (2007), as\u00ed como a los Congresos Internacionales de la Asociaci\u00f3n Internacional de Ciudades Educadoras celebrados en Barcelona (1990), Jerusal\u00e9n (1999) y Lisboa (2000).<\/p>\n<p>&nbsp;<\/p>\n","protected":false},"excerpt":{"rendered":"<p>Las jornadas se celebran en Lleida y en ellas participa la directora de Educaci\u00f3n del Ayuntamiento, Maitena Muruzabal<\/p>\n","protected":false},"author":1,"featured_media":10979,"comment_status":"open","ping_status":"closed","sticky":false,"template":"","format":"standard","meta":{"footnotes":""},"categories":[2],"tags":[],"class_list":["post-15945","post","type-post","status-publish","format-standard","has-post-thumbnail","hentry","category-ayuntamiento-pamplona"],"yoast_head":"<!-- This site is optimized with the Yoast SEO plugin v27.5 - https:\/\/yoast.com\/product\/yoast-seo-wordpress\/ -->\n<title>Pamplona participa hoy y ma\u00f1ana en el XIII Encuentro de la Red Estatal de Ciudades Educadoras, que busca repensar la ciudad desde la perspectiva de la infancia<\/title>\n<meta name=\"robots\" content=\"index, follow, max-snippet:-1, max-image-preview:large, max-video-preview:-1\" \/>\n<link rel=\"canonical\" href=\"https:\/\/www.laguiadepamplona.com\/actualidad\/pamplona-participa-hoy-y-manana-en-el-xiii-encuentro-de-la-red-estatal-de-ciudades-educadoras-que-busca-repensar-la-ciudad-desde-la-perspectiva-de-la-infancia\/\" \/>\n<meta property=\"og:locale\" content=\"es_ES\" \/>\n<meta property=\"og:type\" content=\"article\" \/>\n<meta property=\"og:title\" content=\"Pamplona participa hoy y ma\u00f1ana en el XIII Encuentro de la Red Estatal de Ciudades Educadoras, que busca repensar la ciudad desde la perspectiva de la infancia\" \/>\n<meta property=\"og:description\" content=\"Las jornadas se celebran en Lleida y en ellas participa la directora de Educaci\u00f3n del Ayuntamiento, Maitena Muruzabal\" \/>\n<meta property=\"og:url\" content=\"https:\/\/www.laguiadepamplona.com\/actualidad\/pamplona-participa-hoy-y-manana-en-el-xiii-encuentro-de-la-red-estatal-de-ciudades-educadoras-que-busca-repensar-la-ciudad-desde-la-perspectiva-de-la-infancia\/\" \/>\n<meta property=\"og:site_name\" content=\"La Gu\u00eda de Pamplona\" \/>\n<meta property=\"article:publisher\" content=\"https:\/\/www.facebook.com\/laguiadepamplonacom-133175176762273\/?ref=hl\" \/>\n<meta property=\"article:published_time\" content=\"2018-02-01T11:15:29+00:00\" \/>\n<meta property=\"og:image\" content=\"https:\/\/www.laguiadepamplona.com\/actualidad\/wp-content\/uploads\/2016\/11\/Ayto_Pamplona.jpg\" \/>\n\t<meta property=\"og:image:width\" content=\"900\" \/>\n\t<meta property=\"og:image:height\" content=\"675\" \/>\n\t<meta property=\"og:image:type\" content=\"image\/jpeg\" \/>\n<meta name=\"author\" content=\"La Gu\u00eda de Pamplona\" \/>\n<meta name=\"twitter:card\" content=\"summary_large_image\" \/>\n<meta name=\"twitter:creator\" content=\"@LaGuiadPamplona\" \/>\n<meta name=\"twitter:site\" content=\"@LaGuiadPamplona\" \/>\n<meta name=\"twitter:label1\" content=\"Escrito por\" \/>\n\t<meta name=\"twitter:data1\" content=\"La Gu\u00eda de Pamplona\" \/>\n\t<meta name=\"twitter:label2\" content=\"Tiempo de lectura\" \/>\n\t<meta name=\"twitter:data2\" content=\"2 minutos\" \/>\n<script type=\"application\/ld+json\" class=\"yoast-schema-graph\">{\"@context\":\"https:\\\/\\\/schema.org\",\"@graph\":[{\"@type\":\"Article\",\"@id\":\"https:\\\/\\\/www.laguiadepamplona.com\\\/actualidad\\\/pamplona-participa-hoy-y-manana-en-el-xiii-encuentro-de-la-red-estatal-de-ciudades-educadoras-que-busca-repensar-la-ciudad-desde-la-perspectiva-de-la-infancia\\\/#article\",\"isPartOf\":{\"@id\":\"https:\\\/\\\/www.laguiadepamplona.com\\\/actualidad\\\/pamplona-participa-hoy-y-manana-en-el-xiii-encuentro-de-la-red-estatal-de-ciudades-educadoras-que-busca-repensar-la-ciudad-desde-la-perspectiva-de-la-infancia\\\/\"},\"author\":{\"name\":\"La Gu\u00eda de Pamplona\",\"@id\":\"https:\\\/\\\/www.laguiadepamplona.com\\\/actualidad\\\/#\\\/schema\\\/person\\\/efe887376f0213d4657c93adc50b1fdb\"},\"headline\":\"Pamplona participa hoy y ma\u00f1ana en el XIII Encuentro de la Red Estatal de Ciudades Educadoras, que busca repensar la ciudad desde la perspectiva de la infancia\",\"datePublished\":\"2018-02-01T11:15:29+00:00\",\"mainEntityOfPage\":{\"@id\":\"https:\\\/\\\/www.laguiadepamplona.com\\\/actualidad\\\/pamplona-participa-hoy-y-manana-en-el-xiii-encuentro-de-la-red-estatal-de-ciudades-educadoras-que-busca-repensar-la-ciudad-desde-la-perspectiva-de-la-infancia\\\/\"},\"wordCount\":511,\"commentCount\":0,\"publisher\":{\"@id\":\"https:\\\/\\\/www.laguiadepamplona.com\\\/actualidad\\\/#organization\"},\"image\":{\"@id\":\"https:\\\/\\\/www.laguiadepamplona.com\\\/actualidad\\\/pamplona-participa-hoy-y-manana-en-el-xiii-encuentro-de-la-red-estatal-de-ciudades-educadoras-que-busca-repensar-la-ciudad-desde-la-perspectiva-de-la-infancia\\\/#primaryimage\"},\"thumbnailUrl\":\"https:\\\/\\\/www.laguiadepamplona.com\\\/actualidad\\\/wp-content\\\/uploads\\\/2016\\\/11\\\/Ayto_Pamplona.jpg\",\"articleSection\":[\"Ayto Pamplona\"],\"inLanguage\":\"es\",\"potentialAction\":[{\"@type\":\"CommentAction\",\"name\":\"Comment\",\"target\":[\"https:\\\/\\\/www.laguiadepamplona.com\\\/actualidad\\\/pamplona-participa-hoy-y-manana-en-el-xiii-encuentro-de-la-red-estatal-de-ciudades-educadoras-que-busca-repensar-la-ciudad-desde-la-perspectiva-de-la-infancia\\\/#respond\"]}]},{\"@type\":\"WebPage\",\"@id\":\"https:\\\/\\\/www.laguiadepamplona.com\\\/actualidad\\\/pamplona-participa-hoy-y-manana-en-el-xiii-encuentro-de-la-red-estatal-de-ciudades-educadoras-que-busca-repensar-la-ciudad-desde-la-perspectiva-de-la-infancia\\\/\",\"url\":\"https:\\\/\\\/www.laguiadepamplona.com\\\/actualidad\\\/pamplona-participa-hoy-y-manana-en-el-xiii-encuentro-de-la-red-estatal-de-ciudades-educadoras-que-busca-repensar-la-ciudad-desde-la-perspectiva-de-la-infancia\\\/\",\"name\":\"Pamplona participa hoy y ma\u00f1ana en el XIII Encuentro de la Red Estatal de Ciudades Educadoras, que busca repensar la ciudad desde la perspectiva de la infancia\",\"isPartOf\":{\"@id\":\"https:\\\/\\\/www.laguiadepamplona.com\\\/actualidad\\\/#website\"},\"primaryImageOfPage\":{\"@id\":\"https:\\\/\\\/www.laguiadepamplona.com\\\/actualidad\\\/pamplona-participa-hoy-y-manana-en-el-xiii-encuentro-de-la-red-estatal-de-ciudades-educadoras-que-busca-repensar-la-ciudad-desde-la-perspectiva-de-la-infancia\\\/#primaryimage\"},\"image\":{\"@id\":\"https:\\\/\\\/www.laguiadepamplona.com\\\/actualidad\\\/pamplona-participa-hoy-y-manana-en-el-xiii-encuentro-de-la-red-estatal-de-ciudades-educadoras-que-busca-repensar-la-ciudad-desde-la-perspectiva-de-la-infancia\\\/#primaryimage\"},\"thumbnailUrl\":\"https:\\\/\\\/www.laguiadepamplona.com\\\/actualidad\\\/wp-content\\\/uploads\\\/2016\\\/11\\\/Ayto_Pamplona.jpg\",\"datePublished\":\"2018-02-01T11:15:29+00:00\",\"breadcrumb\":{\"@id\":\"https:\\\/\\\/www.laguiadepamplona.com\\\/actualidad\\\/pamplona-participa-hoy-y-manana-en-el-xiii-encuentro-de-la-red-estatal-de-ciudades-educadoras-que-busca-repensar-la-ciudad-desde-la-perspectiva-de-la-infancia\\\/#breadcrumb\"},\"inLanguage\":\"es\",\"potentialAction\":[{\"@type\":\"ReadAction\",\"target\":[\"https:\\\/\\\/www.laguiadepamplona.com\\\/actualidad\\\/pamplona-participa-hoy-y-manana-en-el-xiii-encuentro-de-la-red-estatal-de-ciudades-educadoras-que-busca-repensar-la-ciudad-desde-la-perspectiva-de-la-infancia\\\/\"]}]},{\"@type\":\"ImageObject\",\"inLanguage\":\"es\",\"@id\":\"https:\\\/\\\/www.laguiadepamplona.com\\\/actualidad\\\/pamplona-participa-hoy-y-manana-en-el-xiii-encuentro-de-la-red-estatal-de-ciudades-educadoras-que-busca-repensar-la-ciudad-desde-la-perspectiva-de-la-infancia\\\/#primaryimage\",\"url\":\"https:\\\/\\\/www.laguiadepamplona.com\\\/actualidad\\\/wp-content\\\/uploads\\\/2016\\\/11\\\/Ayto_Pamplona.jpg\",\"contentUrl\":\"https:\\\/\\\/www.laguiadepamplona.com\\\/actualidad\\\/wp-content\\\/uploads\\\/2016\\\/11\\\/Ayto_Pamplona.jpg\",\"width\":900,\"height\":675},{\"@type\":\"BreadcrumbList\",\"@id\":\"https:\\\/\\\/www.laguiadepamplona.com\\\/actualidad\\\/pamplona-participa-hoy-y-manana-en-el-xiii-encuentro-de-la-red-estatal-de-ciudades-educadoras-que-busca-repensar-la-ciudad-desde-la-perspectiva-de-la-infancia\\\/#breadcrumb\",\"itemListElement\":[{\"@type\":\"ListItem\",\"position\":1,\"name\":\"Portada\",\"item\":\"https:\\\/\\\/www.laguiadepamplona.com\\\/actualidad\\\/\"},{\"@type\":\"ListItem\",\"position\":2,\"name\":\"Pamplona participa hoy y ma\u00f1ana en el XIII Encuentro de la Red Estatal de Ciudades Educadoras, que busca repensar la ciudad desde la perspectiva de la infancia\"}]},{\"@type\":\"WebSite\",\"@id\":\"https:\\\/\\\/www.laguiadepamplona.com\\\/actualidad\\\/#website\",\"url\":\"https:\\\/\\\/www.laguiadepamplona.com\\\/actualidad\\\/\",\"name\":\"La gu\u00eda de Pamplona\",\"description\":\"Noticias de Pamplona\",\"publisher\":{\"@id\":\"https:\\\/\\\/www.laguiadepamplona.com\\\/actualidad\\\/#organization\"},\"potentialAction\":[{\"@type\":\"SearchAction\",\"target\":{\"@type\":\"EntryPoint\",\"urlTemplate\":\"https:\\\/\\\/www.laguiadepamplona.com\\\/actualidad\\\/?s={search_term_string}\"},\"query-input\":{\"@type\":\"PropertyValueSpecification\",\"valueRequired\":true,\"valueName\":\"search_term_string\"}}],\"inLanguage\":\"es\"},{\"@type\":\"Organization\",\"@id\":\"https:\\\/\\\/www.laguiadepamplona.com\\\/actualidad\\\/#organization\",\"name\":\"La Gu\u00eda de Pamplona \\\/ Noticias\",\"url\":\"https:\\\/\\\/www.laguiadepamplona.com\\\/actualidad\\\/\",\"logo\":{\"@type\":\"ImageObject\",\"inLanguage\":\"es\",\"@id\":\"https:\\\/\\\/www.laguiadepamplona.com\\\/actualidad\\\/#\\\/schema\\\/logo\\\/image\\\/\",\"url\":\"https:\\\/\\\/www.laguiadepamplona.com\\\/actualidad\\\/wp-content\\\/uploads\\\/2018\\\/11\\\/logo-laguiadepamplona18-web1.png\",\"contentUrl\":\"https:\\\/\\\/www.laguiadepamplona.com\\\/actualidad\\\/wp-content\\\/uploads\\\/2018\\\/11\\\/logo-laguiadepamplona18-web1.png\",\"width\":600,\"height\":196,\"caption\":\"La Gu\u00eda de Pamplona \\\/ Noticias\"},\"image\":{\"@id\":\"https:\\\/\\\/www.laguiadepamplona.com\\\/actualidad\\\/#\\\/schema\\\/logo\\\/image\\\/\"},\"sameAs\":[\"https:\\\/\\\/www.facebook.com\\\/laguiadepamplonacom-133175176762273\\\/?ref=hl\",\"https:\\\/\\\/x.com\\\/LaGuiadPamplona\",\"https:\\\/\\\/www.instagram.com\\\/la_guia_de_pamplona\\\/\",\"https:\\\/\\\/www.youtube.com\\\/user\\\/laguiadepamplona\"]},{\"@type\":\"Person\",\"@id\":\"https:\\\/\\\/www.laguiadepamplona.com\\\/actualidad\\\/#\\\/schema\\\/person\\\/efe887376f0213d4657c93adc50b1fdb\",\"name\":\"La Gu\u00eda de Pamplona\",\"image\":{\"@type\":\"ImageObject\",\"inLanguage\":\"es\",\"@id\":\"https:\\\/\\\/secure.gravatar.com\\\/avatar\\\/b6992f131dc8d30ab0dff15446e9d346d9dbd95992de0fef795073f5ea83a81c?s=96&d=mm&r=g\",\"url\":\"https:\\\/\\\/secure.gravatar.com\\\/avatar\\\/b6992f131dc8d30ab0dff15446e9d346d9dbd95992de0fef795073f5ea83a81c?s=96&d=mm&r=g\",\"contentUrl\":\"https:\\\/\\\/secure.gravatar.com\\\/avatar\\\/b6992f131dc8d30ab0dff15446e9d346d9dbd95992de0fef795073f5ea83a81c?s=96&d=mm&r=g\",\"caption\":\"La Gu\u00eda de Pamplona\"}}]}<\/script>\n<!-- \/ Yoast SEO plugin. -->","yoast_head_json":{"title":"Pamplona participa hoy y ma\u00f1ana en el XIII Encuentro de la Red Estatal de Ciudades Educadoras, que busca repensar la ciudad desde la perspectiva de la infancia","robots":{"index":"index","follow":"follow","max-snippet":"max-snippet:-1","max-image-preview":"max-image-preview:large","max-video-preview":"max-video-preview:-1"},"canonical":"https:\/\/www.laguiadepamplona.com\/actualidad\/pamplona-participa-hoy-y-manana-en-el-xiii-encuentro-de-la-red-estatal-de-ciudades-educadoras-que-busca-repensar-la-ciudad-desde-la-perspectiva-de-la-infancia\/","og_locale":"es_ES","og_type":"article","og_title":"Pamplona participa hoy y ma\u00f1ana en el XIII Encuentro de la Red Estatal de Ciudades Educadoras, que busca repensar la ciudad desde la perspectiva de la infancia","og_description":"Las jornadas se celebran en Lleida y en ellas participa la directora de Educaci\u00f3n del Ayuntamiento, Maitena Muruzabal","og_url":"https:\/\/www.laguiadepamplona.com\/actualidad\/pamplona-participa-hoy-y-manana-en-el-xiii-encuentro-de-la-red-estatal-de-ciudades-educadoras-que-busca-repensar-la-ciudad-desde-la-perspectiva-de-la-infancia\/","og_site_name":"La Gu\u00eda de Pamplona","article_publisher":"https:\/\/www.facebook.com\/laguiadepamplonacom-133175176762273\/?ref=hl","article_published_time":"2018-02-01T11:15:29+00:00","og_image":[{"width":900,"height":675,"url":"https:\/\/www.laguiadepamplona.com\/actualidad\/wp-content\/uploads\/2016\/11\/Ayto_Pamplona.jpg","type":"image\/jpeg"}],"author":"La Gu\u00eda de Pamplona","twitter_card":"summary_large_image","twitter_creator":"@LaGuiadPamplona","twitter_site":"@LaGuiadPamplona","twitter_misc":{"Escrito por":"La Gu\u00eda de Pamplona","Tiempo de lectura":"2 minutos"},"schema":{"@context":"https:\/\/schema.org","@graph":[{"@type":"Article","@id":"https:\/\/www.laguiadepamplona.com\/actualidad\/pamplona-participa-hoy-y-manana-en-el-xiii-encuentro-de-la-red-estatal-de-ciudades-educadoras-que-busca-repensar-la-ciudad-desde-la-perspectiva-de-la-infancia\/#article","isPartOf":{"@id":"https:\/\/www.laguiadepamplona.com\/actualidad\/pamplona-participa-hoy-y-manana-en-el-xiii-encuentro-de-la-red-estatal-de-ciudades-educadoras-que-busca-repensar-la-ciudad-desde-la-perspectiva-de-la-infancia\/"},"author":{"name":"La Gu\u00eda de Pamplona","@id":"https:\/\/www.laguiadepamplona.com\/actualidad\/#\/schema\/person\/efe887376f0213d4657c93adc50b1fdb"},"headline":"Pamplona participa hoy y ma\u00f1ana en el XIII Encuentro de la Red Estatal de Ciudades Educadoras, que busca repensar la ciudad desde la perspectiva de la infancia","datePublished":"2018-02-01T11:15:29+00:00","mainEntityOfPage":{"@id":"https:\/\/www.laguiadepamplona.com\/actualidad\/pamplona-participa-hoy-y-manana-en-el-xiii-encuentro-de-la-red-estatal-de-ciudades-educadoras-que-busca-repensar-la-ciudad-desde-la-perspectiva-de-la-infancia\/"},"wordCount":511,"commentCount":0,"publisher":{"@id":"https:\/\/www.laguiadepamplona.com\/actualidad\/#organization"},"image":{"@id":"https:\/\/www.laguiadepamplona.com\/actualidad\/pamplona-participa-hoy-y-manana-en-el-xiii-encuentro-de-la-red-estatal-de-ciudades-educadoras-que-busca-repensar-la-ciudad-desde-la-perspectiva-de-la-infancia\/#primaryimage"},"thumbnailUrl":"https:\/\/www.laguiadepamplona.com\/actualidad\/wp-content\/uploads\/2016\/11\/Ayto_Pamplona.jpg","articleSection":["Ayto Pamplona"],"inLanguage":"es","potentialAction":[{"@type":"CommentAction","name":"Comment","target":["https:\/\/www.laguiadepamplona.com\/actualidad\/pamplona-participa-hoy-y-manana-en-el-xiii-encuentro-de-la-red-estatal-de-ciudades-educadoras-que-busca-repensar-la-ciudad-desde-la-perspectiva-de-la-infancia\/#respond"]}]},{"@type":"WebPage","@id":"https:\/\/www.laguiadepamplona.com\/actualidad\/pamplona-participa-hoy-y-manana-en-el-xiii-encuentro-de-la-red-estatal-de-ciudades-educadoras-que-busca-repensar-la-ciudad-desde-la-perspectiva-de-la-infancia\/","url":"https:\/\/www.laguiadepamplona.com\/actualidad\/pamplona-participa-hoy-y-manana-en-el-xiii-encuentro-de-la-red-estatal-de-ciudades-educadoras-que-busca-repensar-la-ciudad-desde-la-perspectiva-de-la-infancia\/","name":"Pamplona participa hoy y ma\u00f1ana en el XIII Encuentro de la Red Estatal de Ciudades Educadoras, que busca repensar la ciudad desde la perspectiva de la infancia","isPartOf":{"@id":"https:\/\/www.laguiadepamplona.com\/actualidad\/#website"},"primaryImageOfPage":{"@id":"https:\/\/www.laguiadepamplona.com\/actualidad\/pamplona-participa-hoy-y-manana-en-el-xiii-encuentro-de-la-red-estatal-de-ciudades-educadoras-que-busca-repensar-la-ciudad-desde-la-perspectiva-de-la-infancia\/#primaryimage"},"image":{"@id":"https:\/\/www.laguiadepamplona.com\/actualidad\/pamplona-participa-hoy-y-manana-en-el-xiii-encuentro-de-la-red-estatal-de-ciudades-educadoras-que-busca-repensar-la-ciudad-desde-la-perspectiva-de-la-infancia\/#primaryimage"},"thumbnailUrl":"https:\/\/www.laguiadepamplona.com\/actualidad\/wp-content\/uploads\/2016\/11\/Ayto_Pamplona.jpg","datePublished":"2018-02-01T11:15:29+00:00","breadcrumb":{"@id":"https:\/\/www.laguiadepamplona.com\/actualidad\/pamplona-participa-hoy-y-manana-en-el-xiii-encuentro-de-la-red-estatal-de-ciudades-educadoras-que-busca-repensar-la-ciudad-desde-la-perspectiva-de-la-infancia\/#breadcrumb"},"inLanguage":"es","potentialAction":[{"@type":"ReadAction","target":["https:\/\/www.laguiadepamplona.com\/actualidad\/pamplona-participa-hoy-y-manana-en-el-xiii-encuentro-de-la-red-estatal-de-ciudades-educadoras-que-busca-repensar-la-ciudad-desde-la-perspectiva-de-la-infancia\/"]}]},{"@type":"ImageObject","inLanguage":"es","@id":"https:\/\/www.laguiadepamplona.com\/actualidad\/pamplona-participa-hoy-y-manana-en-el-xiii-encuentro-de-la-red-estatal-de-ciudades-educadoras-que-busca-repensar-la-ciudad-desde-la-perspectiva-de-la-infancia\/#primaryimage","url":"https:\/\/www.laguiadepamplona.com\/actualidad\/wp-content\/uploads\/2016\/11\/Ayto_Pamplona.jpg","contentUrl":"https:\/\/www.laguiadepamplona.com\/actualidad\/wp-content\/uploads\/2016\/11\/Ayto_Pamplona.jpg","width":900,"height":675},{"@type":"BreadcrumbList","@id":"https:\/\/www.laguiadepamplona.com\/actualidad\/pamplona-participa-hoy-y-manana-en-el-xiii-encuentro-de-la-red-estatal-de-ciudades-educadoras-que-busca-repensar-la-ciudad-desde-la-perspectiva-de-la-infancia\/#breadcrumb","itemListElement":[{"@type":"ListItem","position":1,"name":"Portada","item":"https:\/\/www.laguiadepamplona.com\/actualidad\/"},{"@type":"ListItem","position":2,"name":"Pamplona participa hoy y ma\u00f1ana en el XIII Encuentro de la Red Estatal de Ciudades Educadoras, que busca repensar la ciudad desde la perspectiva de la infancia"}]},{"@type":"WebSite","@id":"https:\/\/www.laguiadepamplona.com\/actualidad\/#website","url":"https:\/\/www.laguiadepamplona.com\/actualidad\/","name":"La gu\u00eda de Pamplona","description":"Noticias de Pamplona","publisher":{"@id":"https:\/\/www.laguiadepamplona.com\/actualidad\/#organization"},"potentialAction":[{"@type":"SearchAction","target":{"@type":"EntryPoint","urlTemplate":"https:\/\/www.laguiadepamplona.com\/actualidad\/?s={search_term_string}"},"query-input":{"@type":"PropertyValueSpecification","valueRequired":true,"valueName":"search_term_string"}}],"inLanguage":"es"},{"@type":"Organization","@id":"https:\/\/www.laguiadepamplona.com\/actualidad\/#organization","name":"La Gu\u00eda de Pamplona \/ Noticias","url":"https:\/\/www.laguiadepamplona.com\/actualidad\/","logo":{"@type":"ImageObject","inLanguage":"es","@id":"https:\/\/www.laguiadepamplona.com\/actualidad\/#\/schema\/logo\/image\/","url":"https:\/\/www.laguiadepamplona.com\/actualidad\/wp-content\/uploads\/2018\/11\/logo-laguiadepamplona18-web1.png","contentUrl":"https:\/\/www.laguiadepamplona.com\/actualidad\/wp-content\/uploads\/2018\/11\/logo-laguiadepamplona18-web1.png","width":600,"height":196,"caption":"La Gu\u00eda de Pamplona \/ Noticias"},"image":{"@id":"https:\/\/www.laguiadepamplona.com\/actualidad\/#\/schema\/logo\/image\/"},"sameAs":["https:\/\/www.facebook.com\/laguiadepamplonacom-133175176762273\/?ref=hl","https:\/\/x.com\/LaGuiadPamplona","https:\/\/www.instagram.com\/la_guia_de_pamplona\/","https:\/\/www.youtube.com\/user\/laguiadepamplona"]},{"@type":"Person","@id":"https:\/\/www.laguiadepamplona.com\/actualidad\/#\/schema\/person\/efe887376f0213d4657c93adc50b1fdb","name":"La Gu\u00eda de Pamplona","image":{"@type":"ImageObject","inLanguage":"es","@id":"https:\/\/secure.gravatar.com\/avatar\/b6992f131dc8d30ab0dff15446e9d346d9dbd95992de0fef795073f5ea83a81c?s=96&d=mm&r=g","url":"https:\/\/secure.gravatar.com\/avatar\/b6992f131dc8d30ab0dff15446e9d346d9dbd95992de0fef795073f5ea83a81c?s=96&d=mm&r=g","contentUrl":"https:\/\/secure.gravatar.com\/avatar\/b6992f131dc8d30ab0dff15446e9d346d9dbd95992de0fef795073f5ea83a81c?s=96&d=mm&r=g","caption":"La Gu\u00eda de Pamplona"}}]}},"post_mailing_queue_ids":[],"_links":{"self":[{"href":"https:\/\/www.laguiadepamplona.com\/actualidad\/wp-json\/wp\/v2\/posts\/15945","targetHints":{"allow":["GET"]}}],"collection":[{"href":"https:\/\/www.laguiadepamplona.com\/actualidad\/wp-json\/wp\/v2\/posts"}],"about":[{"href":"https:\/\/www.laguiadepamplona.com\/actualidad\/wp-json\/wp\/v2\/types\/post"}],"author":[{"embeddable":true,"href":"https:\/\/www.laguiadepamplona.com\/actualidad\/wp-json\/wp\/v2\/users\/1"}],"replies":[{"embeddable":true,"href":"https:\/\/www.laguiadepamplona.com\/actualidad\/wp-json\/wp\/v2\/comments?post=15945"}],"version-history":[{"count":0,"href":"https:\/\/www.laguiadepamplona.com\/actualidad\/wp-json\/wp\/v2\/posts\/15945\/revisions"}],"wp:featuredmedia":[{"embeddable":true,"href":"https:\/\/www.laguiadepamplona.com\/actualidad\/wp-json\/wp\/v2\/media\/10979"}],"wp:attachment":[{"href":"https:\/\/www.laguiadepamplona.com\/actualidad\/wp-json\/wp\/v2\/media?parent=15945"}],"wp:term":[{"taxonomy":"category","embeddable":true,"href":"https:\/\/www.laguiadepamplona.com\/actualidad\/wp-json\/wp\/v2\/categories?post=15945"},{"taxonomy":"post_tag","embeddable":true,"href":"https:\/\/www.laguiadepamplona.com\/actualidad\/wp-json\/wp\/v2\/tags?post=15945"}],"curies":[{"name":"wp","href":"https:\/\/api.w.org\/{rel}","templated":true}]}}