{"id":15939,"date":"2018-02-01T12:10:00","date_gmt":"2018-02-01T11:10:00","guid":{"rendered":"http:\/\/laguiadepamplona.es\/actualidad\/?p=15939"},"modified":"2018-02-01T12:10:00","modified_gmt":"2018-02-01T11:10:00","slug":"desde-2015-ha-crecido-un-14-el-numero-de-personas-usuarias-de-la-red-civivox-hasta-alcanzar-las-782-502-en-2017-y-un-45-las-horas-de-uso-hasta-llegar-a-las-39-090","status":"publish","type":"post","link":"https:\/\/www.laguiadepamplona.com\/actualidad\/desde-2015-ha-crecido-un-14-el-numero-de-personas-usuarias-de-la-red-civivox-hasta-alcanzar-las-782-502-en-2017-y-un-45-las-horas-de-uso-hasta-llegar-a-las-39-090\/","title":{"rendered":"Desde 2015 ha crecido un 14% el n\u00famero de personas usuarias de la Red Civivox hasta alcanzar las 782.502 en 2017, y un 45% las horas de uso hasta llegar a las 39.090"},"content":{"rendered":"<h3>Suben tanto las cesiones de espacio por curso (+9%) como las puntuales (+24%) y Condestable se consolida como el centro que m\u00e1s p\u00fablico atrae<\/h3>\n<p><!--more--><\/p>\n<p>La Red Civivox del Ayuntamiento de Pamplona tuvo, en 2017, 782.502 personas usuarias lo que supone un aumento del 14% frente a 2015 cuando fueron 682.181 y del 11% respecto a 2016, a\u00f1o con 699.762 personas usuarias. De las 782.502 personas, 353.340 acudieron a espacios cedidos y otras 429.162 participaron en las actividades de los centros. De esta forma, desde 2015 el aumento de personas que acuden a actividades de asociaciones que cuentan con cesi\u00f3n de salas es del 17% y de las que se apuntan a las actividades organizadas por los centros de casi el 13%.<\/p>\n<p>La concejala delegada de Cultura y Educaci\u00f3n, Maider Beloki, ha presentado esta ma\u00f1ana en rueda de prensa los datos de balance de la Red Civivox de los dos \u00faltimos a\u00f1os entre los que tambi\u00e9n ha destacado que las entidades sociales y culturales de Pamplona utilizaron en 2017 los espacios de los que dispone la Red Civivox un 36% de horas m\u00e1s que en 2016, ya que realizaron actividades durante 39.092 horas y el a\u00f1o anterior hab\u00edan sido 28.661. Si se compara entre 2015 y 2017 el aumento es del 45% ya que en 2015 fueron 26.879. Un porcentaje de aumento similar se produce en cuanto al n\u00famero de veces cedidos: 17.626 en 2017 frente a las 13.118 de 2016 (34% de incremento) y frente a las 12.859 de 2015 (37% de incremento).<\/p>\n<p><strong>En dos a\u00f1os sube un 9% la cesi\u00f3n de espacio para todo el curso y un 24% las puntuales<\/strong><\/p>\n<p>La red Civivox cuenta con siete centros: Condestable, Iturrama, Mendillorri, San Jorge, Rochapea, Ensanche y Milagrosa. En ellos ofrece un servicio de cesi\u00f3n de salas tanto con car\u00e1cter permanente, para el desarrollo de actividades durante el curso escolar, como con car\u00e1cter puntual, para la celebraci\u00f3n de eventos en una fecha concreta. La cesi\u00f3n de espacios con car\u00e1cter permanente se regula en una convocatoria publicada que se hace p\u00fablica en verano dirigida a asociaciones culturales y socioculturales sin \u00e1nimo de lucro. Una vez concedidos esos espacios para todo el curso, se atienden las solicitudes que desde organismos, asociaciones, colectivos, particulares y dem\u00e1s se realicen para el uso de un espacio un d\u00eda puntual. Los requisitos para la cesi\u00f3n son el estar legalmente constituidas en la fecha de presentaci\u00f3n de la solicitud, tener domicilio social y fiscal en Pamplona y estar registradas en el Registro de Asociaciones del Ayuntamiento de Pamplona. Adem\u00e1s, las actividades que se desarrollan deben ser de car\u00e1cter cultural, art\u00edstico y que promuevan la participaci\u00f3n ciudadana, y deben tener car\u00e1cter p\u00fablico y abierto. A estas cesiones se unen los usos que realizan las distintas \u00e1reas municipales para organizar otras actividades.<\/p>\n<p>En 2017, de las 353.340 personas, la mayor\u00eda, 215.293, acudieron a iniciativas desarrolladas dentro de cesiones permanentes. 85.899 a cesiones puntuales y 52.148 participaron en acciones desarrolladas por otras \u00e1reas municipales. Eso supone que subieron un 7% los usuarios de espacios cedidos para todo el curso respecto a 2016 y un 9% si se compara con 2015. En las cesiones puntuales el aumento apenas es significativo sobre 2016 (hubo 85.433 usuarios), pero alcanza el 24% si se tienen en cuenta los datos de 2015 (69.348 personas).<\/p>\n<p><strong>Exposiciones y cursos, lo que m\u00e1s llama; Condestable el que m\u00e1s p\u00fablico atrae<\/strong><\/p>\n<p>Si el an\u00e1lisis se realiza por contenidos, las actividades con m\u00e1s participantes en 2017 fueron las exposiciones con 168.426, seguidas por los cursos que alcanzan los 147.720 inscritos. Le siguen los espect\u00e1culos con 46.348 personas, el uso libre de balneario urbano de Iturrama y las aulas de lectura con 41.445, el uso libre de los ordenadores con 19.614, el cine con 9.881 espectadores, las conferencias con 3.951, las visitas guiadas y excursiones con 1.822 participantes y los concursos con 330.<\/p>\n<p>Teniendo en cuenta los centros, al que m\u00e1s personas acudieron para participar en las diferentes actividades organizadas fue al de Condestable. Entre personas asistentes a las actividades organizadas por la propia red y las personas participantes en los eventos vinculados a las cesiones de uso, Condestable acogi\u00f3 a 225.866 personas, en torno a un 50% m\u00e1s las 152.936 que congreg\u00f3 en 2016. Condestable supera a Iturrama como centro m\u00e1s demandado, ya que este segundo acogi\u00f3 a 218.988 personas. En tercer lugar se sit\u00faa Jus la Rocha con 107.597 personas usuarias, Mendillorri con 62.538 y San Jorge con 61.002 personas. Los civivox con menos personas usuarias son los de Ensanche con 39.645 y Milagrosa con 31.262, respectivamente.<\/p>\n<p><strong>Mejores expectativas para 2018 gracias al nuevo contrato de gesti\u00f3n<\/strong><\/p>\n<p>En su intervenci\u00f3n, la concejala delegada de Cultura y Educaci\u00f3n, Maider Beloki, ha mostrado su satisfacci\u00f3n por los resultados obtenidos, datos que certifican, a su juicio, que el \u201ccambio de rumbo\u201d dado a la Red Civivox est\u00e1 consiguiendo que \u00e9sta sea \u201cm\u00e1s atractiva, m\u00e1s cercana, m\u00e1s accesible y m\u00e1s abierta a la ciudadan\u00eda que, al fin y al cabo, es la verdadera titular de estas instalaciones\u201d. La concejala resumi\u00f3 en tres ejes los principales cambios que han posibilitado estas cifras; por una parte la apertura de los centros a todo tipo de actividades socioculturales eliminando limitaciones pret\u00e9ritas; por otra parte el impulso al equilibrio y diversidad de la oferta de programaci\u00f3n, cursos, y talleres, ajust\u00e1ndolos a la demanda y, finalmente, el trabajo en colaboraci\u00f3n con las asociaciones y colectivos de los barrios.<\/p>\n<p>Y sin embargo, Beloki se ha mostrado convencida de que los datos de 2018 ser\u00e1n a\u00fan mejores gracias a la modificaci\u00f3n del contrato de gesti\u00f3n de los centros de la red. Este proceso, que est\u00e1 a punto de culminar, implicar\u00e1 la ampliaci\u00f3n de horarios y servicios, una gesti\u00f3n m\u00e1s eficaz con un mayor control del gasto y la programaci\u00f3n, una mayor implicaci\u00f3n con los barrios en los que se ubican y una mayor participaci\u00f3n social. Como ejemplos pr\u00e1cticos ha recordado que los centros cerrar\u00e1n a p\u00fablico a las 22 horas (en la actualidad cierran a las 21 horas), que la programaci\u00f3n se articular\u00e1 en tres cuatrimestres (ahora es anual) y que se deber\u00e1n realizar proyectos que atiendan a necesidades o potencialidades con agentes y tejido asociativo de cada barrio.<\/p>\n<p>&nbsp;<\/p>\n<p><strong>Evoluci\u00f3n de datos. Red Civivox. 2015 &#8211; 2017<\/strong><\/p>\n<ul>\n<li><strong><em>Evoluci\u00f3n de personas usuarias<\/em><\/strong><\/li>\n<\/ul>\n<p><em>\u00a0<\/em><\/p>\n<table>\n<tbody>\n<tr>\n<td><strong>\u00a0<\/strong><\/td>\n<td><strong>2015<\/strong><\/td>\n<td><strong>2016<\/strong><\/td>\n<td><strong>2017<\/strong><\/td>\n<\/tr>\n<tr>\n<td>Condestable<\/td>\n<td>144.669<\/td>\n<td>152.936<\/td>\n<td>225.866<\/td>\n<\/tr>\n<tr>\n<td>Ensanche<\/td>\n<td>37.209<\/td>\n<td>41.844<\/td>\n<td>39.645<\/td>\n<\/tr>\n<tr>\n<td>Iturrama<\/td>\n<td>215.153<\/td>\n<td>221.051<\/td>\n<td>218.988<\/td>\n<\/tr>\n<tr>\n<td>Jus la Rocha<\/td>\n<td>88.261<\/td>\n<td>86.875<\/td>\n<td>107.597<\/td>\n<\/tr>\n<tr>\n<td>Mendillorri<\/td>\n<td>60.614<\/td>\n<td>66.006<\/td>\n<td>62.538<\/td>\n<\/tr>\n<tr>\n<td>Milagrosa<\/td>\n<td>31.221<\/td>\n<td>35.045<\/td>\n<td>35.604<\/td>\n<\/tr>\n<tr>\n<td>San Jorge<\/td>\n<td>58.309<\/td>\n<td>65.976<\/td>\n<td>61.002<\/td>\n<\/tr>\n<tr>\n<td>Verano<\/td>\n<td>46.745<\/td>\n<td>28.603<\/td>\n<td>31.262<\/td>\n<\/tr>\n<tr>\n<td><strong>TOTAL<\/strong><\/td>\n<td><strong>682.181<\/strong><\/td>\n<td><strong>699.762<\/strong><\/td>\n<td><strong>782.502<\/strong><\/td>\n<\/tr>\n<\/tbody>\n<\/table>\n<p>&nbsp;<\/p>\n<ul>\n<li><em>Evoluci\u00f3n de horas de uso<\/em><\/li>\n<\/ul>\n<p>&nbsp;<\/p>\n<table>\n<tbody>\n<tr>\n<td><strong>\u00a0<\/strong><\/td>\n<td><strong>2015<\/strong><\/td>\n<td><strong>2016<\/strong><\/td>\n<td><strong>2017<\/strong><\/td>\n<\/tr>\n<tr>\n<td>Condestable<\/td>\n<td>5.565<\/td>\n<td>6.398<\/td>\n<td>7.433<\/td>\n<\/tr>\n<tr>\n<td>Ensanche<\/td>\n<td>817<\/td>\n<td>888<\/td>\n<td>1.424<\/td>\n<\/tr>\n<tr>\n<td>Iturrama<\/td>\n<td>6.634<\/td>\n<td>6.823<\/td>\n<td>8.894<\/td>\n<\/tr>\n<tr>\n<td>Jus la Rocha<\/td>\n<td>6.268<\/td>\n<td>6.132<\/td>\n<td>10.246<\/td>\n<\/tr>\n<tr>\n<td>Mendillorri<\/td>\n<td>2.656<\/td>\n<td>3.193<\/td>\n<td>3.954<\/td>\n<\/tr>\n<tr>\n<td>Milagrosa<\/td>\n<td>1.153<\/td>\n<td>1.122<\/td>\n<td>1.603<\/td>\n<\/tr>\n<tr>\n<td>San Jorge<\/td>\n<td>3.787<\/td>\n<td>4.107<\/td>\n<td>5.539<\/td>\n<\/tr>\n<tr>\n<td><strong>TOTAL<\/strong><\/td>\n<td><strong>26.879,25<\/strong><\/td>\n<td><strong>28.661,30<\/strong><\/td>\n<td><strong>39.092,50<\/strong><\/td>\n<\/tr>\n<tr>\n<td><strong>Usos<\/strong><\/td>\n<td><strong>12.859<\/strong><\/td>\n<td><strong>13.118<\/strong><\/td>\n<td><strong>17.626<\/strong><\/td>\n<\/tr>\n<\/tbody>\n<\/table>\n<p>&nbsp;<\/p>\n<ul>\n<li><em>Evoluci\u00f3n de cesiones<\/em><\/li>\n<\/ul>\n<p><em>\u00a0<\/em><\/p>\n<table>\n<tbody>\n<tr>\n<td><strong>\u00a0<\/strong><\/td>\n<td><strong>2015<\/strong><\/td>\n<td><strong>2016<\/strong><\/td>\n<td><strong>2017<\/strong><\/td>\n<\/tr>\n<tr>\n<td>Cesiones permanentes<\/td>\n<td>196.827<\/td>\n<td>200.962<\/td>\n<td>215.293<\/td>\n<\/tr>\n<tr>\n<td>Cesiones puntuales<\/td>\n<td>69.348<\/td>\n<td>85.433<\/td>\n<td>85.899<\/td>\n<\/tr>\n<tr>\n<td>Cesiones municipales<\/td>\n<td>35.134<\/td>\n<td>40.928<\/td>\n<td>52.148<\/td>\n<\/tr>\n<tr>\n<td><strong>TOTAL PARTICIPANTES<\/strong><\/td>\n<td><strong>301.309<\/strong><\/td>\n<td><strong>327.323<\/strong><\/td>\n<td><strong>353.340<\/strong><\/td>\n<\/tr>\n<tr>\n<td><strong>Entidades solicitantes<\/strong><\/td>\n<td><strong>626<\/strong><\/td>\n<td><strong>811<\/strong><\/td>\n<td><strong>836<\/strong><\/td>\n<\/tr>\n<\/tbody>\n<\/table>\n<p>&nbsp;<\/p>\n","protected":false},"excerpt":{"rendered":"<p>Suben tanto las cesiones de espacio por curso (+9%) como las puntuales (+24%) y Condestable se consolida como el centro que m\u00e1s p\u00fablico atrae<\/p>\n","protected":false},"author":1,"featured_media":11074,"comment_status":"open","ping_status":"closed","sticky":false,"template":"","format":"standard","meta":{"footnotes":""},"categories":[2],"tags":[],"class_list":["post-15939","post","type-post","status-publish","format-standard","has-post-thumbnail","hentry","category-ayuntamiento-pamplona"],"yoast_head":"<!-- This site is optimized with the Yoast SEO plugin v27.5 - https:\/\/yoast.com\/product\/yoast-seo-wordpress\/ -->\n<title>Desde 2015 ha crecido un 14% el n\u00famero de personas usuarias de la Red Civivox hasta alcanzar las 782.502 en 2017, y un 45% las horas de uso hasta llegar a las 39.090<\/title>\n<meta name=\"robots\" content=\"index, follow, max-snippet:-1, max-image-preview:large, max-video-preview:-1\" \/>\n<link rel=\"canonical\" href=\"https:\/\/www.laguiadepamplona.com\/actualidad\/desde-2015-ha-crecido-un-14-el-numero-de-personas-usuarias-de-la-red-civivox-hasta-alcanzar-las-782-502-en-2017-y-un-45-las-horas-de-uso-hasta-llegar-a-las-39-090\/\" \/>\n<meta property=\"og:locale\" content=\"es_ES\" \/>\n<meta property=\"og:type\" content=\"article\" \/>\n<meta property=\"og:title\" content=\"Desde 2015 ha crecido un 14% el n\u00famero de personas usuarias de la Red Civivox hasta alcanzar las 782.502 en 2017, y un 45% las horas de uso hasta llegar a las 39.090\" \/>\n<meta property=\"og:description\" content=\"Suben tanto las cesiones de espacio por curso (+9%) como las puntuales (+24%) y Condestable se consolida como el centro que m\u00e1s p\u00fablico atrae\" \/>\n<meta property=\"og:url\" content=\"https:\/\/www.laguiadepamplona.com\/actualidad\/desde-2015-ha-crecido-un-14-el-numero-de-personas-usuarias-de-la-red-civivox-hasta-alcanzar-las-782-502-en-2017-y-un-45-las-horas-de-uso-hasta-llegar-a-las-39-090\/\" \/>\n<meta property=\"og:site_name\" content=\"La Gu\u00eda de Pamplona\" \/>\n<meta property=\"article:publisher\" content=\"https:\/\/www.facebook.com\/laguiadepamplonacom-133175176762273\/?ref=hl\" \/>\n<meta property=\"article:published_time\" content=\"2018-02-01T11:10:00+00:00\" \/>\n<meta property=\"og:image\" content=\"https:\/\/www.laguiadepamplona.com\/actualidad\/wp-content\/uploads\/2016\/12\/civivox-milagrosa-900x598.jpg\" \/>\n\t<meta property=\"og:image:width\" content=\"900\" \/>\n\t<meta property=\"og:image:height\" content=\"598\" \/>\n\t<meta property=\"og:image:type\" content=\"image\/jpeg\" \/>\n<meta name=\"author\" content=\"La Gu\u00eda de Pamplona\" \/>\n<meta name=\"twitter:card\" content=\"summary_large_image\" \/>\n<meta name=\"twitter:creator\" content=\"@LaGuiadPamplona\" \/>\n<meta name=\"twitter:site\" content=\"@LaGuiadPamplona\" \/>\n<meta name=\"twitter:label1\" content=\"Escrito por\" \/>\n\t<meta name=\"twitter:data1\" content=\"La Gu\u00eda de Pamplona\" \/>\n\t<meta name=\"twitter:label2\" content=\"Tiempo de lectura\" \/>\n\t<meta name=\"twitter:data2\" content=\"5 minutos\" \/>\n<script type=\"application\/ld+json\" class=\"yoast-schema-graph\">{\"@context\":\"https:\\\/\\\/schema.org\",\"@graph\":[{\"@type\":\"Article\",\"@id\":\"https:\\\/\\\/www.laguiadepamplona.com\\\/actualidad\\\/desde-2015-ha-crecido-un-14-el-numero-de-personas-usuarias-de-la-red-civivox-hasta-alcanzar-las-782-502-en-2017-y-un-45-las-horas-de-uso-hasta-llegar-a-las-39-090\\\/#article\",\"isPartOf\":{\"@id\":\"https:\\\/\\\/www.laguiadepamplona.com\\\/actualidad\\\/desde-2015-ha-crecido-un-14-el-numero-de-personas-usuarias-de-la-red-civivox-hasta-alcanzar-las-782-502-en-2017-y-un-45-las-horas-de-uso-hasta-llegar-a-las-39-090\\\/\"},\"author\":{\"name\":\"La Gu\u00eda de Pamplona\",\"@id\":\"https:\\\/\\\/www.laguiadepamplona.com\\\/actualidad\\\/#\\\/schema\\\/person\\\/efe887376f0213d4657c93adc50b1fdb\"},\"headline\":\"Desde 2015 ha crecido un 14% el n\u00famero de personas usuarias de la Red Civivox hasta alcanzar las 782.502 en 2017, y un 45% las horas de uso hasta llegar a las 39.090\",\"datePublished\":\"2018-02-01T11:10:00+00:00\",\"mainEntityOfPage\":{\"@id\":\"https:\\\/\\\/www.laguiadepamplona.com\\\/actualidad\\\/desde-2015-ha-crecido-un-14-el-numero-de-personas-usuarias-de-la-red-civivox-hasta-alcanzar-las-782-502-en-2017-y-un-45-las-horas-de-uso-hasta-llegar-a-las-39-090\\\/\"},\"wordCount\":1114,\"commentCount\":0,\"publisher\":{\"@id\":\"https:\\\/\\\/www.laguiadepamplona.com\\\/actualidad\\\/#organization\"},\"image\":{\"@id\":\"https:\\\/\\\/www.laguiadepamplona.com\\\/actualidad\\\/desde-2015-ha-crecido-un-14-el-numero-de-personas-usuarias-de-la-red-civivox-hasta-alcanzar-las-782-502-en-2017-y-un-45-las-horas-de-uso-hasta-llegar-a-las-39-090\\\/#primaryimage\"},\"thumbnailUrl\":\"https:\\\/\\\/www.laguiadepamplona.com\\\/actualidad\\\/wp-content\\\/uploads\\\/2016\\\/12\\\/civivox-milagrosa-900x598.jpg\",\"articleSection\":[\"Ayto Pamplona\"],\"inLanguage\":\"es\",\"potentialAction\":[{\"@type\":\"CommentAction\",\"name\":\"Comment\",\"target\":[\"https:\\\/\\\/www.laguiadepamplona.com\\\/actualidad\\\/desde-2015-ha-crecido-un-14-el-numero-de-personas-usuarias-de-la-red-civivox-hasta-alcanzar-las-782-502-en-2017-y-un-45-las-horas-de-uso-hasta-llegar-a-las-39-090\\\/#respond\"]}]},{\"@type\":\"WebPage\",\"@id\":\"https:\\\/\\\/www.laguiadepamplona.com\\\/actualidad\\\/desde-2015-ha-crecido-un-14-el-numero-de-personas-usuarias-de-la-red-civivox-hasta-alcanzar-las-782-502-en-2017-y-un-45-las-horas-de-uso-hasta-llegar-a-las-39-090\\\/\",\"url\":\"https:\\\/\\\/www.laguiadepamplona.com\\\/actualidad\\\/desde-2015-ha-crecido-un-14-el-numero-de-personas-usuarias-de-la-red-civivox-hasta-alcanzar-las-782-502-en-2017-y-un-45-las-horas-de-uso-hasta-llegar-a-las-39-090\\\/\",\"name\":\"Desde 2015 ha crecido un 14% el n\u00famero de personas usuarias de la Red Civivox hasta alcanzar las 782.502 en 2017, y un 45% las horas de uso hasta llegar a las 39.090\",\"isPartOf\":{\"@id\":\"https:\\\/\\\/www.laguiadepamplona.com\\\/actualidad\\\/#website\"},\"primaryImageOfPage\":{\"@id\":\"https:\\\/\\\/www.laguiadepamplona.com\\\/actualidad\\\/desde-2015-ha-crecido-un-14-el-numero-de-personas-usuarias-de-la-red-civivox-hasta-alcanzar-las-782-502-en-2017-y-un-45-las-horas-de-uso-hasta-llegar-a-las-39-090\\\/#primaryimage\"},\"image\":{\"@id\":\"https:\\\/\\\/www.laguiadepamplona.com\\\/actualidad\\\/desde-2015-ha-crecido-un-14-el-numero-de-personas-usuarias-de-la-red-civivox-hasta-alcanzar-las-782-502-en-2017-y-un-45-las-horas-de-uso-hasta-llegar-a-las-39-090\\\/#primaryimage\"},\"thumbnailUrl\":\"https:\\\/\\\/www.laguiadepamplona.com\\\/actualidad\\\/wp-content\\\/uploads\\\/2016\\\/12\\\/civivox-milagrosa-900x598.jpg\",\"datePublished\":\"2018-02-01T11:10:00+00:00\",\"breadcrumb\":{\"@id\":\"https:\\\/\\\/www.laguiadepamplona.com\\\/actualidad\\\/desde-2015-ha-crecido-un-14-el-numero-de-personas-usuarias-de-la-red-civivox-hasta-alcanzar-las-782-502-en-2017-y-un-45-las-horas-de-uso-hasta-llegar-a-las-39-090\\\/#breadcrumb\"},\"inLanguage\":\"es\",\"potentialAction\":[{\"@type\":\"ReadAction\",\"target\":[\"https:\\\/\\\/www.laguiadepamplona.com\\\/actualidad\\\/desde-2015-ha-crecido-un-14-el-numero-de-personas-usuarias-de-la-red-civivox-hasta-alcanzar-las-782-502-en-2017-y-un-45-las-horas-de-uso-hasta-llegar-a-las-39-090\\\/\"]}]},{\"@type\":\"ImageObject\",\"inLanguage\":\"es\",\"@id\":\"https:\\\/\\\/www.laguiadepamplona.com\\\/actualidad\\\/desde-2015-ha-crecido-un-14-el-numero-de-personas-usuarias-de-la-red-civivox-hasta-alcanzar-las-782-502-en-2017-y-un-45-las-horas-de-uso-hasta-llegar-a-las-39-090\\\/#primaryimage\",\"url\":\"https:\\\/\\\/www.laguiadepamplona.com\\\/actualidad\\\/wp-content\\\/uploads\\\/2016\\\/12\\\/civivox-milagrosa-900x598.jpg\",\"contentUrl\":\"https:\\\/\\\/www.laguiadepamplona.com\\\/actualidad\\\/wp-content\\\/uploads\\\/2016\\\/12\\\/civivox-milagrosa-900x598.jpg\",\"width\":900,\"height\":598},{\"@type\":\"BreadcrumbList\",\"@id\":\"https:\\\/\\\/www.laguiadepamplona.com\\\/actualidad\\\/desde-2015-ha-crecido-un-14-el-numero-de-personas-usuarias-de-la-red-civivox-hasta-alcanzar-las-782-502-en-2017-y-un-45-las-horas-de-uso-hasta-llegar-a-las-39-090\\\/#breadcrumb\",\"itemListElement\":[{\"@type\":\"ListItem\",\"position\":1,\"name\":\"Portada\",\"item\":\"https:\\\/\\\/www.laguiadepamplona.com\\\/actualidad\\\/\"},{\"@type\":\"ListItem\",\"position\":2,\"name\":\"Desde 2015 ha crecido un 14% el n\u00famero de personas usuarias de la Red Civivox hasta alcanzar las 782.502 en 2017, y un 45% las horas de uso hasta llegar a las 39.090\"}]},{\"@type\":\"WebSite\",\"@id\":\"https:\\\/\\\/www.laguiadepamplona.com\\\/actualidad\\\/#website\",\"url\":\"https:\\\/\\\/www.laguiadepamplona.com\\\/actualidad\\\/\",\"name\":\"La gu\u00eda de Pamplona\",\"description\":\"Noticias de Pamplona\",\"publisher\":{\"@id\":\"https:\\\/\\\/www.laguiadepamplona.com\\\/actualidad\\\/#organization\"},\"potentialAction\":[{\"@type\":\"SearchAction\",\"target\":{\"@type\":\"EntryPoint\",\"urlTemplate\":\"https:\\\/\\\/www.laguiadepamplona.com\\\/actualidad\\\/?s={search_term_string}\"},\"query-input\":{\"@type\":\"PropertyValueSpecification\",\"valueRequired\":true,\"valueName\":\"search_term_string\"}}],\"inLanguage\":\"es\"},{\"@type\":\"Organization\",\"@id\":\"https:\\\/\\\/www.laguiadepamplona.com\\\/actualidad\\\/#organization\",\"name\":\"La Gu\u00eda de Pamplona \\\/ Noticias\",\"url\":\"https:\\\/\\\/www.laguiadepamplona.com\\\/actualidad\\\/\",\"logo\":{\"@type\":\"ImageObject\",\"inLanguage\":\"es\",\"@id\":\"https:\\\/\\\/www.laguiadepamplona.com\\\/actualidad\\\/#\\\/schema\\\/logo\\\/image\\\/\",\"url\":\"https:\\\/\\\/www.laguiadepamplona.com\\\/actualidad\\\/wp-content\\\/uploads\\\/2018\\\/11\\\/logo-laguiadepamplona18-web1.png\",\"contentUrl\":\"https:\\\/\\\/www.laguiadepamplona.com\\\/actualidad\\\/wp-content\\\/uploads\\\/2018\\\/11\\\/logo-laguiadepamplona18-web1.png\",\"width\":600,\"height\":196,\"caption\":\"La Gu\u00eda de Pamplona \\\/ Noticias\"},\"image\":{\"@id\":\"https:\\\/\\\/www.laguiadepamplona.com\\\/actualidad\\\/#\\\/schema\\\/logo\\\/image\\\/\"},\"sameAs\":[\"https:\\\/\\\/www.facebook.com\\\/laguiadepamplonacom-133175176762273\\\/?ref=hl\",\"https:\\\/\\\/x.com\\\/LaGuiadPamplona\",\"https:\\\/\\\/www.instagram.com\\\/la_guia_de_pamplona\\\/\",\"https:\\\/\\\/www.youtube.com\\\/user\\\/laguiadepamplona\"]},{\"@type\":\"Person\",\"@id\":\"https:\\\/\\\/www.laguiadepamplona.com\\\/actualidad\\\/#\\\/schema\\\/person\\\/efe887376f0213d4657c93adc50b1fdb\",\"name\":\"La Gu\u00eda de Pamplona\",\"image\":{\"@type\":\"ImageObject\",\"inLanguage\":\"es\",\"@id\":\"https:\\\/\\\/secure.gravatar.com\\\/avatar\\\/b6992f131dc8d30ab0dff15446e9d346d9dbd95992de0fef795073f5ea83a81c?s=96&d=mm&r=g\",\"url\":\"https:\\\/\\\/secure.gravatar.com\\\/avatar\\\/b6992f131dc8d30ab0dff15446e9d346d9dbd95992de0fef795073f5ea83a81c?s=96&d=mm&r=g\",\"contentUrl\":\"https:\\\/\\\/secure.gravatar.com\\\/avatar\\\/b6992f131dc8d30ab0dff15446e9d346d9dbd95992de0fef795073f5ea83a81c?s=96&d=mm&r=g\",\"caption\":\"La Gu\u00eda de Pamplona\"}}]}<\/script>\n<!-- \/ Yoast SEO plugin. -->","yoast_head_json":{"title":"Desde 2015 ha crecido un 14% el n\u00famero de personas usuarias de la Red Civivox hasta alcanzar las 782.502 en 2017, y un 45% las horas de uso hasta llegar a las 39.090","robots":{"index":"index","follow":"follow","max-snippet":"max-snippet:-1","max-image-preview":"max-image-preview:large","max-video-preview":"max-video-preview:-1"},"canonical":"https:\/\/www.laguiadepamplona.com\/actualidad\/desde-2015-ha-crecido-un-14-el-numero-de-personas-usuarias-de-la-red-civivox-hasta-alcanzar-las-782-502-en-2017-y-un-45-las-horas-de-uso-hasta-llegar-a-las-39-090\/","og_locale":"es_ES","og_type":"article","og_title":"Desde 2015 ha crecido un 14% el n\u00famero de personas usuarias de la Red Civivox hasta alcanzar las 782.502 en 2017, y un 45% las horas de uso hasta llegar a las 39.090","og_description":"Suben tanto las cesiones de espacio por curso (+9%) como las puntuales (+24%) y Condestable se consolida como el centro que m\u00e1s p\u00fablico atrae","og_url":"https:\/\/www.laguiadepamplona.com\/actualidad\/desde-2015-ha-crecido-un-14-el-numero-de-personas-usuarias-de-la-red-civivox-hasta-alcanzar-las-782-502-en-2017-y-un-45-las-horas-de-uso-hasta-llegar-a-las-39-090\/","og_site_name":"La Gu\u00eda de Pamplona","article_publisher":"https:\/\/www.facebook.com\/laguiadepamplonacom-133175176762273\/?ref=hl","article_published_time":"2018-02-01T11:10:00+00:00","og_image":[{"width":900,"height":598,"url":"https:\/\/www.laguiadepamplona.com\/actualidad\/wp-content\/uploads\/2016\/12\/civivox-milagrosa-900x598.jpg","type":"image\/jpeg"}],"author":"La Gu\u00eda de Pamplona","twitter_card":"summary_large_image","twitter_creator":"@LaGuiadPamplona","twitter_site":"@LaGuiadPamplona","twitter_misc":{"Escrito por":"La Gu\u00eda de Pamplona","Tiempo de lectura":"5 minutos"},"schema":{"@context":"https:\/\/schema.org","@graph":[{"@type":"Article","@id":"https:\/\/www.laguiadepamplona.com\/actualidad\/desde-2015-ha-crecido-un-14-el-numero-de-personas-usuarias-de-la-red-civivox-hasta-alcanzar-las-782-502-en-2017-y-un-45-las-horas-de-uso-hasta-llegar-a-las-39-090\/#article","isPartOf":{"@id":"https:\/\/www.laguiadepamplona.com\/actualidad\/desde-2015-ha-crecido-un-14-el-numero-de-personas-usuarias-de-la-red-civivox-hasta-alcanzar-las-782-502-en-2017-y-un-45-las-horas-de-uso-hasta-llegar-a-las-39-090\/"},"author":{"name":"La Gu\u00eda de Pamplona","@id":"https:\/\/www.laguiadepamplona.com\/actualidad\/#\/schema\/person\/efe887376f0213d4657c93adc50b1fdb"},"headline":"Desde 2015 ha crecido un 14% el n\u00famero de personas usuarias de la Red Civivox hasta alcanzar las 782.502 en 2017, y un 45% las horas de uso hasta llegar a las 39.090","datePublished":"2018-02-01T11:10:00+00:00","mainEntityOfPage":{"@id":"https:\/\/www.laguiadepamplona.com\/actualidad\/desde-2015-ha-crecido-un-14-el-numero-de-personas-usuarias-de-la-red-civivox-hasta-alcanzar-las-782-502-en-2017-y-un-45-las-horas-de-uso-hasta-llegar-a-las-39-090\/"},"wordCount":1114,"commentCount":0,"publisher":{"@id":"https:\/\/www.laguiadepamplona.com\/actualidad\/#organization"},"image":{"@id":"https:\/\/www.laguiadepamplona.com\/actualidad\/desde-2015-ha-crecido-un-14-el-numero-de-personas-usuarias-de-la-red-civivox-hasta-alcanzar-las-782-502-en-2017-y-un-45-las-horas-de-uso-hasta-llegar-a-las-39-090\/#primaryimage"},"thumbnailUrl":"https:\/\/www.laguiadepamplona.com\/actualidad\/wp-content\/uploads\/2016\/12\/civivox-milagrosa-900x598.jpg","articleSection":["Ayto Pamplona"],"inLanguage":"es","potentialAction":[{"@type":"CommentAction","name":"Comment","target":["https:\/\/www.laguiadepamplona.com\/actualidad\/desde-2015-ha-crecido-un-14-el-numero-de-personas-usuarias-de-la-red-civivox-hasta-alcanzar-las-782-502-en-2017-y-un-45-las-horas-de-uso-hasta-llegar-a-las-39-090\/#respond"]}]},{"@type":"WebPage","@id":"https:\/\/www.laguiadepamplona.com\/actualidad\/desde-2015-ha-crecido-un-14-el-numero-de-personas-usuarias-de-la-red-civivox-hasta-alcanzar-las-782-502-en-2017-y-un-45-las-horas-de-uso-hasta-llegar-a-las-39-090\/","url":"https:\/\/www.laguiadepamplona.com\/actualidad\/desde-2015-ha-crecido-un-14-el-numero-de-personas-usuarias-de-la-red-civivox-hasta-alcanzar-las-782-502-en-2017-y-un-45-las-horas-de-uso-hasta-llegar-a-las-39-090\/","name":"Desde 2015 ha crecido un 14% el n\u00famero de personas usuarias de la Red Civivox hasta alcanzar las 782.502 en 2017, y un 45% las horas de uso hasta llegar a las 39.090","isPartOf":{"@id":"https:\/\/www.laguiadepamplona.com\/actualidad\/#website"},"primaryImageOfPage":{"@id":"https:\/\/www.laguiadepamplona.com\/actualidad\/desde-2015-ha-crecido-un-14-el-numero-de-personas-usuarias-de-la-red-civivox-hasta-alcanzar-las-782-502-en-2017-y-un-45-las-horas-de-uso-hasta-llegar-a-las-39-090\/#primaryimage"},"image":{"@id":"https:\/\/www.laguiadepamplona.com\/actualidad\/desde-2015-ha-crecido-un-14-el-numero-de-personas-usuarias-de-la-red-civivox-hasta-alcanzar-las-782-502-en-2017-y-un-45-las-horas-de-uso-hasta-llegar-a-las-39-090\/#primaryimage"},"thumbnailUrl":"https:\/\/www.laguiadepamplona.com\/actualidad\/wp-content\/uploads\/2016\/12\/civivox-milagrosa-900x598.jpg","datePublished":"2018-02-01T11:10:00+00:00","breadcrumb":{"@id":"https:\/\/www.laguiadepamplona.com\/actualidad\/desde-2015-ha-crecido-un-14-el-numero-de-personas-usuarias-de-la-red-civivox-hasta-alcanzar-las-782-502-en-2017-y-un-45-las-horas-de-uso-hasta-llegar-a-las-39-090\/#breadcrumb"},"inLanguage":"es","potentialAction":[{"@type":"ReadAction","target":["https:\/\/www.laguiadepamplona.com\/actualidad\/desde-2015-ha-crecido-un-14-el-numero-de-personas-usuarias-de-la-red-civivox-hasta-alcanzar-las-782-502-en-2017-y-un-45-las-horas-de-uso-hasta-llegar-a-las-39-090\/"]}]},{"@type":"ImageObject","inLanguage":"es","@id":"https:\/\/www.laguiadepamplona.com\/actualidad\/desde-2015-ha-crecido-un-14-el-numero-de-personas-usuarias-de-la-red-civivox-hasta-alcanzar-las-782-502-en-2017-y-un-45-las-horas-de-uso-hasta-llegar-a-las-39-090\/#primaryimage","url":"https:\/\/www.laguiadepamplona.com\/actualidad\/wp-content\/uploads\/2016\/12\/civivox-milagrosa-900x598.jpg","contentUrl":"https:\/\/www.laguiadepamplona.com\/actualidad\/wp-content\/uploads\/2016\/12\/civivox-milagrosa-900x598.jpg","width":900,"height":598},{"@type":"BreadcrumbList","@id":"https:\/\/www.laguiadepamplona.com\/actualidad\/desde-2015-ha-crecido-un-14-el-numero-de-personas-usuarias-de-la-red-civivox-hasta-alcanzar-las-782-502-en-2017-y-un-45-las-horas-de-uso-hasta-llegar-a-las-39-090\/#breadcrumb","itemListElement":[{"@type":"ListItem","position":1,"name":"Portada","item":"https:\/\/www.laguiadepamplona.com\/actualidad\/"},{"@type":"ListItem","position":2,"name":"Desde 2015 ha crecido un 14% el n\u00famero de personas usuarias de la Red Civivox hasta alcanzar las 782.502 en 2017, y un 45% las horas de uso hasta llegar a las 39.090"}]},{"@type":"WebSite","@id":"https:\/\/www.laguiadepamplona.com\/actualidad\/#website","url":"https:\/\/www.laguiadepamplona.com\/actualidad\/","name":"La gu\u00eda de Pamplona","description":"Noticias de Pamplona","publisher":{"@id":"https:\/\/www.laguiadepamplona.com\/actualidad\/#organization"},"potentialAction":[{"@type":"SearchAction","target":{"@type":"EntryPoint","urlTemplate":"https:\/\/www.laguiadepamplona.com\/actualidad\/?s={search_term_string}"},"query-input":{"@type":"PropertyValueSpecification","valueRequired":true,"valueName":"search_term_string"}}],"inLanguage":"es"},{"@type":"Organization","@id":"https:\/\/www.laguiadepamplona.com\/actualidad\/#organization","name":"La Gu\u00eda de Pamplona \/ Noticias","url":"https:\/\/www.laguiadepamplona.com\/actualidad\/","logo":{"@type":"ImageObject","inLanguage":"es","@id":"https:\/\/www.laguiadepamplona.com\/actualidad\/#\/schema\/logo\/image\/","url":"https:\/\/www.laguiadepamplona.com\/actualidad\/wp-content\/uploads\/2018\/11\/logo-laguiadepamplona18-web1.png","contentUrl":"https:\/\/www.laguiadepamplona.com\/actualidad\/wp-content\/uploads\/2018\/11\/logo-laguiadepamplona18-web1.png","width":600,"height":196,"caption":"La Gu\u00eda de Pamplona \/ Noticias"},"image":{"@id":"https:\/\/www.laguiadepamplona.com\/actualidad\/#\/schema\/logo\/image\/"},"sameAs":["https:\/\/www.facebook.com\/laguiadepamplonacom-133175176762273\/?ref=hl","https:\/\/x.com\/LaGuiadPamplona","https:\/\/www.instagram.com\/la_guia_de_pamplona\/","https:\/\/www.youtube.com\/user\/laguiadepamplona"]},{"@type":"Person","@id":"https:\/\/www.laguiadepamplona.com\/actualidad\/#\/schema\/person\/efe887376f0213d4657c93adc50b1fdb","name":"La Gu\u00eda de Pamplona","image":{"@type":"ImageObject","inLanguage":"es","@id":"https:\/\/secure.gravatar.com\/avatar\/b6992f131dc8d30ab0dff15446e9d346d9dbd95992de0fef795073f5ea83a81c?s=96&d=mm&r=g","url":"https:\/\/secure.gravatar.com\/avatar\/b6992f131dc8d30ab0dff15446e9d346d9dbd95992de0fef795073f5ea83a81c?s=96&d=mm&r=g","contentUrl":"https:\/\/secure.gravatar.com\/avatar\/b6992f131dc8d30ab0dff15446e9d346d9dbd95992de0fef795073f5ea83a81c?s=96&d=mm&r=g","caption":"La Gu\u00eda de Pamplona"}}]}},"post_mailing_queue_ids":[],"_links":{"self":[{"href":"https:\/\/www.laguiadepamplona.com\/actualidad\/wp-json\/wp\/v2\/posts\/15939","targetHints":{"allow":["GET"]}}],"collection":[{"href":"https:\/\/www.laguiadepamplona.com\/actualidad\/wp-json\/wp\/v2\/posts"}],"about":[{"href":"https:\/\/www.laguiadepamplona.com\/actualidad\/wp-json\/wp\/v2\/types\/post"}],"author":[{"embeddable":true,"href":"https:\/\/www.laguiadepamplona.com\/actualidad\/wp-json\/wp\/v2\/users\/1"}],"replies":[{"embeddable":true,"href":"https:\/\/www.laguiadepamplona.com\/actualidad\/wp-json\/wp\/v2\/comments?post=15939"}],"version-history":[{"count":0,"href":"https:\/\/www.laguiadepamplona.com\/actualidad\/wp-json\/wp\/v2\/posts\/15939\/revisions"}],"wp:featuredmedia":[{"embeddable":true,"href":"https:\/\/www.laguiadepamplona.com\/actualidad\/wp-json\/wp\/v2\/media\/11074"}],"wp:attachment":[{"href":"https:\/\/www.laguiadepamplona.com\/actualidad\/wp-json\/wp\/v2\/media?parent=15939"}],"wp:term":[{"taxonomy":"category","embeddable":true,"href":"https:\/\/www.laguiadepamplona.com\/actualidad\/wp-json\/wp\/v2\/categories?post=15939"},{"taxonomy":"post_tag","embeddable":true,"href":"https:\/\/www.laguiadepamplona.com\/actualidad\/wp-json\/wp\/v2\/tags?post=15939"}],"curies":[{"name":"wp","href":"https:\/\/api.w.org\/{rel}","templated":true}]}}