{"id":15929,"date":"2018-01-31T16:35:39","date_gmt":"2018-01-31T15:35:39","guid":{"rendered":"http:\/\/laguiadepamplona.es\/actualidad\/?p=15929"},"modified":"2018-01-31T16:35:39","modified_gmt":"2018-01-31T15:35:39","slug":"el-ayuntamiento-trabaja-para-que-en-sanfermines-haya-un-unico-vaso-reutilizable-en-espacios-festivos-y-bares-y-cuyo-diseno-proyecte-a-pamplona-como-ciudad-verde","status":"publish","type":"post","link":"https:\/\/www.laguiadepamplona.com\/actualidad\/el-ayuntamiento-trabaja-para-que-en-sanfermines-haya-un-unico-vaso-reutilizable-en-espacios-festivos-y-bares-y-cuyo-diseno-proyecte-a-pamplona-como-ciudad-verde\/","title":{"rendered":"El Ayuntamiento trabaja para que en Sanfermines haya un \u00fanico vaso reutilizable en espacios festivos y bares y cuyo dise\u00f1o proyecte a Pamplona como ciudad verde"},"content":{"rendered":"<h3>El concejal delegado de Ecolog\u00eda Urbana presenta un estudio que propone equilibrar la relaci\u00f3n de Ayuntamiento, empresa gestora y establecimientos<\/h3>\n<p><!--more--><\/p>\n<p>El concejal delegado de Ecolog\u00eda Urbana y Movilidad, Armando Cuenca, ha presentado esta ma\u00f1ana en la Comisi\u00f3n de Urbanismo un estudio sobre la utilizaci\u00f3n de vasos reutilizables en el que se apuesta por utilizar en Sanfermines un \u00fanico modelo con una imagen que proyecte a Pamplona como ciudad verde. El objetivo es distribuir en todos los espacios festivos y establecimientos hosteleros el mismo vaso e implicar a la ciudadan\u00eda en el cuidado de la propia ciudad, especialmente en Sanfermines y en otras fiestas de la ciudad.<\/p>\n<p>El estudio se ha realizado a partir del an\u00e1lisis cualitativo realizado con el sector y con los movimientos sociales sobre la experiencia del a\u00f1o pasado. En 2017 el servicio se prest\u00f3 de manera gratuita, tanto la distribuci\u00f3n como la limpieza y el propio vaso, que se facilit\u00f3 a los establecimientos sin coste. Los bares cobraban un euro a los clientes, que contaban con la posibilidad de devolverlo una vez utilizado o de intercambiarlo por uno limpio en cualquier momento. Al finalizar las fiestas, los establecimientos devolv\u00edan los vasos y entregaban el dinero recibido de los clientes a lo largo de la semana.<\/p>\n<p>Con el nuevo sistema propuesto para este a\u00f1o se busca equilibrar la relaci\u00f3n econ\u00f3mica y hacerles part\u00edcipes del sistema a trav\u00e9s del reparto de beneficios de la gesti\u00f3n a las tres partes implicadas: Ayuntamiento, empresa gestora y establecimientos. La propuesta es que los bares y espacios sociales asuman un pago inicial de 42 c\u00e9ntimos por vaso, que pasar\u00edan a ser propiedad del establecimiento y los podr\u00eda volver a utilizar en los a\u00f1os siguientes. Los envases de medio litro tendr\u00edan un coste de 50 c\u00e9ntimos y los de litro de 55 c\u00e9ntimos. El Consistorio correr\u00eda con parte de los gastos de la limpieza, gesti\u00f3n y almacenamiento del vaso, mientras que el bar se quedar\u00eda con el euro aportado por el cliente. Se busca incentivar as\u00ed al bar en la recuperaci\u00f3n de los vasos ya que a m\u00e1s vasos recuperados, mayor ser\u00e1 su beneficio.<\/p>\n<p><strong>Duplicar el ahorro econ\u00f3mico en limpieza y las toneladas de CO<sub>2<\/sub> no generadas<\/strong><\/p>\n<p>Seg\u00fan se ha explicado en la comisi\u00f3n, las estimaciones de ahorro en limpieza en 2017 fueron positivas y este a\u00f1o, el Ayuntamiento se propone llegar a todas las zonas festivas, espacios dependientes del Ayuntamiento como Plaza de los Fueros, Front\u00f3n de Labrit y Plaza de Toros y duplicar el n\u00famero de bares implicados. De esta forma se doblar\u00edan el ahorro econ\u00f3mico y las toneladas de CO<sub>2<\/sub> no generadas.<\/p>\n<p>El estudio, adem\u00e1s, propone la ampliaci\u00f3n del n\u00famero de establecimientos implicados a trav\u00e9s de un sistema de circuitos. Es decir, en la ampliaci\u00f3n del servicio se priorizar\u00e1 conseguir calles o zonas completas de manera que puedan establecerse mediciones objetivas sobre la reducci\u00f3n de residuos conseguida, adem\u00e1s de facilitar las sinergias entre los distintos locales.<\/p>\n<p>El vaso reutilizable tiene una vida \u00fatil de m\u00e1s de 300 usos y genera menos cantidad de residuos con lo que se reduce la huella ecol\u00f3gica. En definitiva, es un sistema m\u00e1s respetuoso con el medioambiente. El sistema del vaso reciclable incluye la adquisici\u00f3n del recipiente, la distribuci\u00f3n en los establecimientos, la recogida y sustituci\u00f3n de vasos sucios por limpios, la higienizaci\u00f3n de los vasos, el embalado y el almacenamiento.<\/p>\n<p><strong>Trabajo con el sector hostelero y los movimientos sociales<\/strong><\/p>\n<p>La empresa que ha realizado el estudio es Varazdim, quien ha trabajado con los hosteleros que participaron el a\u00f1o pasado y se ha entrevistado con nuevos potenciales usuarios del servicio. Tambi\u00e9n ha recogido, a trav\u00e9s de encuentros con agentes sociales, toda la experiencia previa en la gesti\u00f3n comunitaria del vaso. La Fundaci\u00f3n Varazdin es un centro de inserci\u00f3n sociolaboral sin \u00e1nimo de lucro reconocida por el Gobierno de Navarra desde el a\u00f1o 2000. Trabaja para facilitar la inserci\u00f3n socio-laboral de personas con diversidad funcional y que se encuentran en situaci\u00f3n o riesgo de exclusi\u00f3n social.<\/p>\n<p>El documento presentado incluye la metodolog\u00eda de implantaci\u00f3n del vaso reutilizable, el plan de trabajo y la propuesta de gesti\u00f3n. En los anexos figuran las fichas de las entrevistas realizadas as\u00ed como presentaciones en castellano y euskera. Se han realizado 15 entrevistas en las que han colaborado 23 personas. Las previsiones del \u00e1rea son continuar trabajando con el sector y con los movimientos sociales para terminar de definir el sistema para el mes de mayo.<\/p>\n<p>En la comisi\u00f3n tambi\u00e9n se ha se\u00f1alado que el sistema del vaso reutilizable aspira a convertirse en un servicio municipal integral durante todo el a\u00f1o, que preste servicio, por ejemplo, a fiestas populares, eventos deportivos y conciertos. El objetivo es adaptarse al Sistema de Dep\u00f3sito, Devoluci\u00f3n y Retorno (SDDR), comunmente conocido como Sistema de Retorno de envases que se est\u00e1n barajando en la nueva Ley Foral de Residuos. Previsiblemente, la normativa foral premiar\u00e1 los sistemas de retorno y devoluci\u00f3n de envases, dentro de los que se enmarcar\u00eda el vaso reutilizable del Ayuntamiento.<\/p>\n<h3><a href=\"http:\/\/laguiadepamplona.es\/actualidad\/wp-content\/uploads\/2018\/01\/18.01.31_vasos_reutilizables_estudio.pdf\" target=\"_blank\" rel=\"noopener\">vasos_reutilizables_estudio.pdf<\/a><\/h3>\n","protected":false},"excerpt":{"rendered":"<p>El concejal delegado de Ecolog\u00eda Urbana presenta un estudio que propone equilibrar la relaci\u00f3n de Ayuntamiento, empresa gestora y establecimientos<\/p>\n","protected":false},"author":1,"featured_media":15930,"comment_status":"open","ping_status":"closed","sticky":false,"template":"","format":"standard","meta":{"footnotes":""},"categories":[2],"tags":[],"class_list":["post-15929","post","type-post","status-publish","format-standard","has-post-thumbnail","hentry","category-ayuntamiento-pamplona"],"yoast_head":"<!-- This site is optimized with the Yoast SEO plugin v27.5 - https:\/\/yoast.com\/product\/yoast-seo-wordpress\/ -->\n<title>El Ayuntamiento trabaja para que en Sanfermines haya un \u00fanico vaso reutilizable en espacios festivos y bares y cuyo dise\u00f1o proyecte a Pamplona como ciudad verde<\/title>\n<meta name=\"robots\" content=\"index, follow, max-snippet:-1, max-image-preview:large, max-video-preview:-1\" \/>\n<link rel=\"canonical\" href=\"https:\/\/www.laguiadepamplona.com\/actualidad\/el-ayuntamiento-trabaja-para-que-en-sanfermines-haya-un-unico-vaso-reutilizable-en-espacios-festivos-y-bares-y-cuyo-diseno-proyecte-a-pamplona-como-ciudad-verde\/\" \/>\n<meta property=\"og:locale\" content=\"es_ES\" \/>\n<meta property=\"og:type\" content=\"article\" \/>\n<meta property=\"og:title\" content=\"El Ayuntamiento trabaja para que en Sanfermines haya un \u00fanico vaso reutilizable en espacios festivos y bares y cuyo dise\u00f1o proyecte a Pamplona como ciudad verde\" \/>\n<meta property=\"og:description\" content=\"El concejal delegado de Ecolog\u00eda Urbana presenta un estudio que propone equilibrar la relaci\u00f3n de Ayuntamiento, empresa gestora y establecimientos\" \/>\n<meta property=\"og:url\" content=\"https:\/\/www.laguiadepamplona.com\/actualidad\/el-ayuntamiento-trabaja-para-que-en-sanfermines-haya-un-unico-vaso-reutilizable-en-espacios-festivos-y-bares-y-cuyo-diseno-proyecte-a-pamplona-como-ciudad-verde\/\" \/>\n<meta property=\"og:site_name\" content=\"La Gu\u00eda de Pamplona\" \/>\n<meta property=\"article:publisher\" content=\"https:\/\/www.facebook.com\/laguiadepamplonacom-133175176762273\/?ref=hl\" \/>\n<meta property=\"article:published_time\" content=\"2018-01-31T15:35:39+00:00\" \/>\n<meta property=\"og:image\" content=\"https:\/\/www.laguiadepamplona.com\/actualidad\/wp-content\/uploads\/2018\/01\/vasos_reutilizables_estudio-1.jpg\" \/>\n\t<meta property=\"og:image:width\" content=\"1000\" \/>\n\t<meta property=\"og:image:height\" content=\"707\" \/>\n\t<meta property=\"og:image:type\" content=\"image\/jpeg\" \/>\n<meta name=\"author\" content=\"La Gu\u00eda de Pamplona\" \/>\n<meta name=\"twitter:card\" content=\"summary_large_image\" \/>\n<meta name=\"twitter:creator\" content=\"@LaGuiadPamplona\" \/>\n<meta name=\"twitter:site\" content=\"@LaGuiadPamplona\" \/>\n<meta name=\"twitter:label1\" content=\"Escrito por\" \/>\n\t<meta name=\"twitter:data1\" content=\"La Gu\u00eda de Pamplona\" \/>\n\t<meta name=\"twitter:label2\" content=\"Tiempo de lectura\" \/>\n\t<meta name=\"twitter:data2\" content=\"4 minutos\" \/>\n<script type=\"application\/ld+json\" class=\"yoast-schema-graph\">{\"@context\":\"https:\\\/\\\/schema.org\",\"@graph\":[{\"@type\":\"Article\",\"@id\":\"https:\\\/\\\/www.laguiadepamplona.com\\\/actualidad\\\/el-ayuntamiento-trabaja-para-que-en-sanfermines-haya-un-unico-vaso-reutilizable-en-espacios-festivos-y-bares-y-cuyo-diseno-proyecte-a-pamplona-como-ciudad-verde\\\/#article\",\"isPartOf\":{\"@id\":\"https:\\\/\\\/www.laguiadepamplona.com\\\/actualidad\\\/el-ayuntamiento-trabaja-para-que-en-sanfermines-haya-un-unico-vaso-reutilizable-en-espacios-festivos-y-bares-y-cuyo-diseno-proyecte-a-pamplona-como-ciudad-verde\\\/\"},\"author\":{\"name\":\"La Gu\u00eda de Pamplona\",\"@id\":\"https:\\\/\\\/www.laguiadepamplona.com\\\/actualidad\\\/#\\\/schema\\\/person\\\/efe887376f0213d4657c93adc50b1fdb\"},\"headline\":\"El Ayuntamiento trabaja para que en Sanfermines haya un \u00fanico vaso reutilizable en espacios festivos y bares y cuyo dise\u00f1o proyecte a Pamplona como ciudad verde\",\"datePublished\":\"2018-01-31T15:35:39+00:00\",\"mainEntityOfPage\":{\"@id\":\"https:\\\/\\\/www.laguiadepamplona.com\\\/actualidad\\\/el-ayuntamiento-trabaja-para-que-en-sanfermines-haya-un-unico-vaso-reutilizable-en-espacios-festivos-y-bares-y-cuyo-diseno-proyecte-a-pamplona-como-ciudad-verde\\\/\"},\"wordCount\":921,\"commentCount\":0,\"publisher\":{\"@id\":\"https:\\\/\\\/www.laguiadepamplona.com\\\/actualidad\\\/#organization\"},\"image\":{\"@id\":\"https:\\\/\\\/www.laguiadepamplona.com\\\/actualidad\\\/el-ayuntamiento-trabaja-para-que-en-sanfermines-haya-un-unico-vaso-reutilizable-en-espacios-festivos-y-bares-y-cuyo-diseno-proyecte-a-pamplona-como-ciudad-verde\\\/#primaryimage\"},\"thumbnailUrl\":\"https:\\\/\\\/www.laguiadepamplona.com\\\/actualidad\\\/wp-content\\\/uploads\\\/2018\\\/01\\\/vasos_reutilizables_estudio-1.jpg\",\"articleSection\":[\"Ayto Pamplona\"],\"inLanguage\":\"es\",\"potentialAction\":[{\"@type\":\"CommentAction\",\"name\":\"Comment\",\"target\":[\"https:\\\/\\\/www.laguiadepamplona.com\\\/actualidad\\\/el-ayuntamiento-trabaja-para-que-en-sanfermines-haya-un-unico-vaso-reutilizable-en-espacios-festivos-y-bares-y-cuyo-diseno-proyecte-a-pamplona-como-ciudad-verde\\\/#respond\"]}]},{\"@type\":\"WebPage\",\"@id\":\"https:\\\/\\\/www.laguiadepamplona.com\\\/actualidad\\\/el-ayuntamiento-trabaja-para-que-en-sanfermines-haya-un-unico-vaso-reutilizable-en-espacios-festivos-y-bares-y-cuyo-diseno-proyecte-a-pamplona-como-ciudad-verde\\\/\",\"url\":\"https:\\\/\\\/www.laguiadepamplona.com\\\/actualidad\\\/el-ayuntamiento-trabaja-para-que-en-sanfermines-haya-un-unico-vaso-reutilizable-en-espacios-festivos-y-bares-y-cuyo-diseno-proyecte-a-pamplona-como-ciudad-verde\\\/\",\"name\":\"El Ayuntamiento trabaja para que en Sanfermines haya un \u00fanico vaso reutilizable en espacios festivos y bares y cuyo dise\u00f1o proyecte a Pamplona como ciudad verde\",\"isPartOf\":{\"@id\":\"https:\\\/\\\/www.laguiadepamplona.com\\\/actualidad\\\/#website\"},\"primaryImageOfPage\":{\"@id\":\"https:\\\/\\\/www.laguiadepamplona.com\\\/actualidad\\\/el-ayuntamiento-trabaja-para-que-en-sanfermines-haya-un-unico-vaso-reutilizable-en-espacios-festivos-y-bares-y-cuyo-diseno-proyecte-a-pamplona-como-ciudad-verde\\\/#primaryimage\"},\"image\":{\"@id\":\"https:\\\/\\\/www.laguiadepamplona.com\\\/actualidad\\\/el-ayuntamiento-trabaja-para-que-en-sanfermines-haya-un-unico-vaso-reutilizable-en-espacios-festivos-y-bares-y-cuyo-diseno-proyecte-a-pamplona-como-ciudad-verde\\\/#primaryimage\"},\"thumbnailUrl\":\"https:\\\/\\\/www.laguiadepamplona.com\\\/actualidad\\\/wp-content\\\/uploads\\\/2018\\\/01\\\/vasos_reutilizables_estudio-1.jpg\",\"datePublished\":\"2018-01-31T15:35:39+00:00\",\"breadcrumb\":{\"@id\":\"https:\\\/\\\/www.laguiadepamplona.com\\\/actualidad\\\/el-ayuntamiento-trabaja-para-que-en-sanfermines-haya-un-unico-vaso-reutilizable-en-espacios-festivos-y-bares-y-cuyo-diseno-proyecte-a-pamplona-como-ciudad-verde\\\/#breadcrumb\"},\"inLanguage\":\"es\",\"potentialAction\":[{\"@type\":\"ReadAction\",\"target\":[\"https:\\\/\\\/www.laguiadepamplona.com\\\/actualidad\\\/el-ayuntamiento-trabaja-para-que-en-sanfermines-haya-un-unico-vaso-reutilizable-en-espacios-festivos-y-bares-y-cuyo-diseno-proyecte-a-pamplona-como-ciudad-verde\\\/\"]}]},{\"@type\":\"ImageObject\",\"inLanguage\":\"es\",\"@id\":\"https:\\\/\\\/www.laguiadepamplona.com\\\/actualidad\\\/el-ayuntamiento-trabaja-para-que-en-sanfermines-haya-un-unico-vaso-reutilizable-en-espacios-festivos-y-bares-y-cuyo-diseno-proyecte-a-pamplona-como-ciudad-verde\\\/#primaryimage\",\"url\":\"https:\\\/\\\/www.laguiadepamplona.com\\\/actualidad\\\/wp-content\\\/uploads\\\/2018\\\/01\\\/vasos_reutilizables_estudio-1.jpg\",\"contentUrl\":\"https:\\\/\\\/www.laguiadepamplona.com\\\/actualidad\\\/wp-content\\\/uploads\\\/2018\\\/01\\\/vasos_reutilizables_estudio-1.jpg\",\"width\":1000,\"height\":707},{\"@type\":\"BreadcrumbList\",\"@id\":\"https:\\\/\\\/www.laguiadepamplona.com\\\/actualidad\\\/el-ayuntamiento-trabaja-para-que-en-sanfermines-haya-un-unico-vaso-reutilizable-en-espacios-festivos-y-bares-y-cuyo-diseno-proyecte-a-pamplona-como-ciudad-verde\\\/#breadcrumb\",\"itemListElement\":[{\"@type\":\"ListItem\",\"position\":1,\"name\":\"Portada\",\"item\":\"https:\\\/\\\/www.laguiadepamplona.com\\\/actualidad\\\/\"},{\"@type\":\"ListItem\",\"position\":2,\"name\":\"El Ayuntamiento trabaja para que en Sanfermines haya un \u00fanico vaso reutilizable en espacios festivos y bares y cuyo dise\u00f1o proyecte a Pamplona como ciudad verde\"}]},{\"@type\":\"WebSite\",\"@id\":\"https:\\\/\\\/www.laguiadepamplona.com\\\/actualidad\\\/#website\",\"url\":\"https:\\\/\\\/www.laguiadepamplona.com\\\/actualidad\\\/\",\"name\":\"La gu\u00eda de Pamplona\",\"description\":\"Noticias de Pamplona\",\"publisher\":{\"@id\":\"https:\\\/\\\/www.laguiadepamplona.com\\\/actualidad\\\/#organization\"},\"potentialAction\":[{\"@type\":\"SearchAction\",\"target\":{\"@type\":\"EntryPoint\",\"urlTemplate\":\"https:\\\/\\\/www.laguiadepamplona.com\\\/actualidad\\\/?s={search_term_string}\"},\"query-input\":{\"@type\":\"PropertyValueSpecification\",\"valueRequired\":true,\"valueName\":\"search_term_string\"}}],\"inLanguage\":\"es\"},{\"@type\":\"Organization\",\"@id\":\"https:\\\/\\\/www.laguiadepamplona.com\\\/actualidad\\\/#organization\",\"name\":\"La Gu\u00eda de Pamplona \\\/ Noticias\",\"url\":\"https:\\\/\\\/www.laguiadepamplona.com\\\/actualidad\\\/\",\"logo\":{\"@type\":\"ImageObject\",\"inLanguage\":\"es\",\"@id\":\"https:\\\/\\\/www.laguiadepamplona.com\\\/actualidad\\\/#\\\/schema\\\/logo\\\/image\\\/\",\"url\":\"https:\\\/\\\/www.laguiadepamplona.com\\\/actualidad\\\/wp-content\\\/uploads\\\/2018\\\/11\\\/logo-laguiadepamplona18-web1.png\",\"contentUrl\":\"https:\\\/\\\/www.laguiadepamplona.com\\\/actualidad\\\/wp-content\\\/uploads\\\/2018\\\/11\\\/logo-laguiadepamplona18-web1.png\",\"width\":600,\"height\":196,\"caption\":\"La Gu\u00eda de Pamplona \\\/ Noticias\"},\"image\":{\"@id\":\"https:\\\/\\\/www.laguiadepamplona.com\\\/actualidad\\\/#\\\/schema\\\/logo\\\/image\\\/\"},\"sameAs\":[\"https:\\\/\\\/www.facebook.com\\\/laguiadepamplonacom-133175176762273\\\/?ref=hl\",\"https:\\\/\\\/x.com\\\/LaGuiadPamplona\",\"https:\\\/\\\/www.instagram.com\\\/la_guia_de_pamplona\\\/\",\"https:\\\/\\\/www.youtube.com\\\/user\\\/laguiadepamplona\"]},{\"@type\":\"Person\",\"@id\":\"https:\\\/\\\/www.laguiadepamplona.com\\\/actualidad\\\/#\\\/schema\\\/person\\\/efe887376f0213d4657c93adc50b1fdb\",\"name\":\"La Gu\u00eda de Pamplona\",\"image\":{\"@type\":\"ImageObject\",\"inLanguage\":\"es\",\"@id\":\"https:\\\/\\\/secure.gravatar.com\\\/avatar\\\/b6992f131dc8d30ab0dff15446e9d346d9dbd95992de0fef795073f5ea83a81c?s=96&d=mm&r=g\",\"url\":\"https:\\\/\\\/secure.gravatar.com\\\/avatar\\\/b6992f131dc8d30ab0dff15446e9d346d9dbd95992de0fef795073f5ea83a81c?s=96&d=mm&r=g\",\"contentUrl\":\"https:\\\/\\\/secure.gravatar.com\\\/avatar\\\/b6992f131dc8d30ab0dff15446e9d346d9dbd95992de0fef795073f5ea83a81c?s=96&d=mm&r=g\",\"caption\":\"La Gu\u00eda de Pamplona\"}}]}<\/script>\n<!-- \/ Yoast SEO plugin. -->","yoast_head_json":{"title":"El Ayuntamiento trabaja para que en Sanfermines haya un \u00fanico vaso reutilizable en espacios festivos y bares y cuyo dise\u00f1o proyecte a Pamplona como ciudad verde","robots":{"index":"index","follow":"follow","max-snippet":"max-snippet:-1","max-image-preview":"max-image-preview:large","max-video-preview":"max-video-preview:-1"},"canonical":"https:\/\/www.laguiadepamplona.com\/actualidad\/el-ayuntamiento-trabaja-para-que-en-sanfermines-haya-un-unico-vaso-reutilizable-en-espacios-festivos-y-bares-y-cuyo-diseno-proyecte-a-pamplona-como-ciudad-verde\/","og_locale":"es_ES","og_type":"article","og_title":"El Ayuntamiento trabaja para que en Sanfermines haya un \u00fanico vaso reutilizable en espacios festivos y bares y cuyo dise\u00f1o proyecte a Pamplona como ciudad verde","og_description":"El concejal delegado de Ecolog\u00eda Urbana presenta un estudio que propone equilibrar la relaci\u00f3n de Ayuntamiento, empresa gestora y establecimientos","og_url":"https:\/\/www.laguiadepamplona.com\/actualidad\/el-ayuntamiento-trabaja-para-que-en-sanfermines-haya-un-unico-vaso-reutilizable-en-espacios-festivos-y-bares-y-cuyo-diseno-proyecte-a-pamplona-como-ciudad-verde\/","og_site_name":"La Gu\u00eda de Pamplona","article_publisher":"https:\/\/www.facebook.com\/laguiadepamplonacom-133175176762273\/?ref=hl","article_published_time":"2018-01-31T15:35:39+00:00","og_image":[{"width":1000,"height":707,"url":"https:\/\/www.laguiadepamplona.com\/actualidad\/wp-content\/uploads\/2018\/01\/vasos_reutilizables_estudio-1.jpg","type":"image\/jpeg"}],"author":"La Gu\u00eda de Pamplona","twitter_card":"summary_large_image","twitter_creator":"@LaGuiadPamplona","twitter_site":"@LaGuiadPamplona","twitter_misc":{"Escrito por":"La Gu\u00eda de Pamplona","Tiempo de lectura":"4 minutos"},"schema":{"@context":"https:\/\/schema.org","@graph":[{"@type":"Article","@id":"https:\/\/www.laguiadepamplona.com\/actualidad\/el-ayuntamiento-trabaja-para-que-en-sanfermines-haya-un-unico-vaso-reutilizable-en-espacios-festivos-y-bares-y-cuyo-diseno-proyecte-a-pamplona-como-ciudad-verde\/#article","isPartOf":{"@id":"https:\/\/www.laguiadepamplona.com\/actualidad\/el-ayuntamiento-trabaja-para-que-en-sanfermines-haya-un-unico-vaso-reutilizable-en-espacios-festivos-y-bares-y-cuyo-diseno-proyecte-a-pamplona-como-ciudad-verde\/"},"author":{"name":"La Gu\u00eda de Pamplona","@id":"https:\/\/www.laguiadepamplona.com\/actualidad\/#\/schema\/person\/efe887376f0213d4657c93adc50b1fdb"},"headline":"El Ayuntamiento trabaja para que en Sanfermines haya un \u00fanico vaso reutilizable en espacios festivos y bares y cuyo dise\u00f1o proyecte a Pamplona como ciudad verde","datePublished":"2018-01-31T15:35:39+00:00","mainEntityOfPage":{"@id":"https:\/\/www.laguiadepamplona.com\/actualidad\/el-ayuntamiento-trabaja-para-que-en-sanfermines-haya-un-unico-vaso-reutilizable-en-espacios-festivos-y-bares-y-cuyo-diseno-proyecte-a-pamplona-como-ciudad-verde\/"},"wordCount":921,"commentCount":0,"publisher":{"@id":"https:\/\/www.laguiadepamplona.com\/actualidad\/#organization"},"image":{"@id":"https:\/\/www.laguiadepamplona.com\/actualidad\/el-ayuntamiento-trabaja-para-que-en-sanfermines-haya-un-unico-vaso-reutilizable-en-espacios-festivos-y-bares-y-cuyo-diseno-proyecte-a-pamplona-como-ciudad-verde\/#primaryimage"},"thumbnailUrl":"https:\/\/www.laguiadepamplona.com\/actualidad\/wp-content\/uploads\/2018\/01\/vasos_reutilizables_estudio-1.jpg","articleSection":["Ayto Pamplona"],"inLanguage":"es","potentialAction":[{"@type":"CommentAction","name":"Comment","target":["https:\/\/www.laguiadepamplona.com\/actualidad\/el-ayuntamiento-trabaja-para-que-en-sanfermines-haya-un-unico-vaso-reutilizable-en-espacios-festivos-y-bares-y-cuyo-diseno-proyecte-a-pamplona-como-ciudad-verde\/#respond"]}]},{"@type":"WebPage","@id":"https:\/\/www.laguiadepamplona.com\/actualidad\/el-ayuntamiento-trabaja-para-que-en-sanfermines-haya-un-unico-vaso-reutilizable-en-espacios-festivos-y-bares-y-cuyo-diseno-proyecte-a-pamplona-como-ciudad-verde\/","url":"https:\/\/www.laguiadepamplona.com\/actualidad\/el-ayuntamiento-trabaja-para-que-en-sanfermines-haya-un-unico-vaso-reutilizable-en-espacios-festivos-y-bares-y-cuyo-diseno-proyecte-a-pamplona-como-ciudad-verde\/","name":"El Ayuntamiento trabaja para que en Sanfermines haya un \u00fanico vaso reutilizable en espacios festivos y bares y cuyo dise\u00f1o proyecte a Pamplona como ciudad verde","isPartOf":{"@id":"https:\/\/www.laguiadepamplona.com\/actualidad\/#website"},"primaryImageOfPage":{"@id":"https:\/\/www.laguiadepamplona.com\/actualidad\/el-ayuntamiento-trabaja-para-que-en-sanfermines-haya-un-unico-vaso-reutilizable-en-espacios-festivos-y-bares-y-cuyo-diseno-proyecte-a-pamplona-como-ciudad-verde\/#primaryimage"},"image":{"@id":"https:\/\/www.laguiadepamplona.com\/actualidad\/el-ayuntamiento-trabaja-para-que-en-sanfermines-haya-un-unico-vaso-reutilizable-en-espacios-festivos-y-bares-y-cuyo-diseno-proyecte-a-pamplona-como-ciudad-verde\/#primaryimage"},"thumbnailUrl":"https:\/\/www.laguiadepamplona.com\/actualidad\/wp-content\/uploads\/2018\/01\/vasos_reutilizables_estudio-1.jpg","datePublished":"2018-01-31T15:35:39+00:00","breadcrumb":{"@id":"https:\/\/www.laguiadepamplona.com\/actualidad\/el-ayuntamiento-trabaja-para-que-en-sanfermines-haya-un-unico-vaso-reutilizable-en-espacios-festivos-y-bares-y-cuyo-diseno-proyecte-a-pamplona-como-ciudad-verde\/#breadcrumb"},"inLanguage":"es","potentialAction":[{"@type":"ReadAction","target":["https:\/\/www.laguiadepamplona.com\/actualidad\/el-ayuntamiento-trabaja-para-que-en-sanfermines-haya-un-unico-vaso-reutilizable-en-espacios-festivos-y-bares-y-cuyo-diseno-proyecte-a-pamplona-como-ciudad-verde\/"]}]},{"@type":"ImageObject","inLanguage":"es","@id":"https:\/\/www.laguiadepamplona.com\/actualidad\/el-ayuntamiento-trabaja-para-que-en-sanfermines-haya-un-unico-vaso-reutilizable-en-espacios-festivos-y-bares-y-cuyo-diseno-proyecte-a-pamplona-como-ciudad-verde\/#primaryimage","url":"https:\/\/www.laguiadepamplona.com\/actualidad\/wp-content\/uploads\/2018\/01\/vasos_reutilizables_estudio-1.jpg","contentUrl":"https:\/\/www.laguiadepamplona.com\/actualidad\/wp-content\/uploads\/2018\/01\/vasos_reutilizables_estudio-1.jpg","width":1000,"height":707},{"@type":"BreadcrumbList","@id":"https:\/\/www.laguiadepamplona.com\/actualidad\/el-ayuntamiento-trabaja-para-que-en-sanfermines-haya-un-unico-vaso-reutilizable-en-espacios-festivos-y-bares-y-cuyo-diseno-proyecte-a-pamplona-como-ciudad-verde\/#breadcrumb","itemListElement":[{"@type":"ListItem","position":1,"name":"Portada","item":"https:\/\/www.laguiadepamplona.com\/actualidad\/"},{"@type":"ListItem","position":2,"name":"El Ayuntamiento trabaja para que en Sanfermines haya un \u00fanico vaso reutilizable en espacios festivos y bares y cuyo dise\u00f1o proyecte a Pamplona como ciudad verde"}]},{"@type":"WebSite","@id":"https:\/\/www.laguiadepamplona.com\/actualidad\/#website","url":"https:\/\/www.laguiadepamplona.com\/actualidad\/","name":"La gu\u00eda de Pamplona","description":"Noticias de Pamplona","publisher":{"@id":"https:\/\/www.laguiadepamplona.com\/actualidad\/#organization"},"potentialAction":[{"@type":"SearchAction","target":{"@type":"EntryPoint","urlTemplate":"https:\/\/www.laguiadepamplona.com\/actualidad\/?s={search_term_string}"},"query-input":{"@type":"PropertyValueSpecification","valueRequired":true,"valueName":"search_term_string"}}],"inLanguage":"es"},{"@type":"Organization","@id":"https:\/\/www.laguiadepamplona.com\/actualidad\/#organization","name":"La Gu\u00eda de Pamplona \/ Noticias","url":"https:\/\/www.laguiadepamplona.com\/actualidad\/","logo":{"@type":"ImageObject","inLanguage":"es","@id":"https:\/\/www.laguiadepamplona.com\/actualidad\/#\/schema\/logo\/image\/","url":"https:\/\/www.laguiadepamplona.com\/actualidad\/wp-content\/uploads\/2018\/11\/logo-laguiadepamplona18-web1.png","contentUrl":"https:\/\/www.laguiadepamplona.com\/actualidad\/wp-content\/uploads\/2018\/11\/logo-laguiadepamplona18-web1.png","width":600,"height":196,"caption":"La Gu\u00eda de Pamplona \/ Noticias"},"image":{"@id":"https:\/\/www.laguiadepamplona.com\/actualidad\/#\/schema\/logo\/image\/"},"sameAs":["https:\/\/www.facebook.com\/laguiadepamplonacom-133175176762273\/?ref=hl","https:\/\/x.com\/LaGuiadPamplona","https:\/\/www.instagram.com\/la_guia_de_pamplona\/","https:\/\/www.youtube.com\/user\/laguiadepamplona"]},{"@type":"Person","@id":"https:\/\/www.laguiadepamplona.com\/actualidad\/#\/schema\/person\/efe887376f0213d4657c93adc50b1fdb","name":"La Gu\u00eda de Pamplona","image":{"@type":"ImageObject","inLanguage":"es","@id":"https:\/\/secure.gravatar.com\/avatar\/b6992f131dc8d30ab0dff15446e9d346d9dbd95992de0fef795073f5ea83a81c?s=96&d=mm&r=g","url":"https:\/\/secure.gravatar.com\/avatar\/b6992f131dc8d30ab0dff15446e9d346d9dbd95992de0fef795073f5ea83a81c?s=96&d=mm&r=g","contentUrl":"https:\/\/secure.gravatar.com\/avatar\/b6992f131dc8d30ab0dff15446e9d346d9dbd95992de0fef795073f5ea83a81c?s=96&d=mm&r=g","caption":"La Gu\u00eda de Pamplona"}}]}},"post_mailing_queue_ids":[],"_links":{"self":[{"href":"https:\/\/www.laguiadepamplona.com\/actualidad\/wp-json\/wp\/v2\/posts\/15929","targetHints":{"allow":["GET"]}}],"collection":[{"href":"https:\/\/www.laguiadepamplona.com\/actualidad\/wp-json\/wp\/v2\/posts"}],"about":[{"href":"https:\/\/www.laguiadepamplona.com\/actualidad\/wp-json\/wp\/v2\/types\/post"}],"author":[{"embeddable":true,"href":"https:\/\/www.laguiadepamplona.com\/actualidad\/wp-json\/wp\/v2\/users\/1"}],"replies":[{"embeddable":true,"href":"https:\/\/www.laguiadepamplona.com\/actualidad\/wp-json\/wp\/v2\/comments?post=15929"}],"version-history":[{"count":0,"href":"https:\/\/www.laguiadepamplona.com\/actualidad\/wp-json\/wp\/v2\/posts\/15929\/revisions"}],"wp:featuredmedia":[{"embeddable":true,"href":"https:\/\/www.laguiadepamplona.com\/actualidad\/wp-json\/wp\/v2\/media\/15930"}],"wp:attachment":[{"href":"https:\/\/www.laguiadepamplona.com\/actualidad\/wp-json\/wp\/v2\/media?parent=15929"}],"wp:term":[{"taxonomy":"category","embeddable":true,"href":"https:\/\/www.laguiadepamplona.com\/actualidad\/wp-json\/wp\/v2\/categories?post=15929"},{"taxonomy":"post_tag","embeddable":true,"href":"https:\/\/www.laguiadepamplona.com\/actualidad\/wp-json\/wp\/v2\/tags?post=15929"}],"curies":[{"name":"wp","href":"https:\/\/api.w.org\/{rel}","templated":true}]}}