{"id":15927,"date":"2018-01-31T16:25:02","date_gmt":"2018-01-31T15:25:02","guid":{"rendered":"http:\/\/laguiadepamplona.es\/actualidad\/?p=15927"},"modified":"2018-01-31T16:25:02","modified_gmt":"2018-01-31T15:25:02","slug":"el-ayuntamiento-volvera-a-llevar-a-pleno-la-inclusion-en-plantilla-organica-de-las-trabajadores-de-atencion-a-domicilio-para-cumplir-las-exigencias-formales-del-tan","status":"publish","type":"post","link":"https:\/\/www.laguiadepamplona.com\/actualidad\/el-ayuntamiento-volvera-a-llevar-a-pleno-la-inclusion-en-plantilla-organica-de-las-trabajadores-de-atencion-a-domicilio-para-cumplir-las-exigencias-formales-del-tan\/","title":{"rendered":"El Ayuntamiento volver\u00e1 a llevar a Pleno la inclusi\u00f3n en plantilla org\u00e1nica de las trabajadores de atenci\u00f3n a domicilio para cumplir las exigencias formales del TAN"},"content":{"rendered":"<h3>La resoluci\u00f3n no tiene efectos pr\u00e1cticos ni jur\u00eddicos pues las trabajadoras est\u00e1n incluidas en la plantilla org\u00e1nica de 2018 ya aprobada inicialmente<\/h3>\n<p><!--more--><\/p>\n<p>El Ayuntamiento de Pamplona volver\u00e1 a llevar a acuerdo plenario, primero de forma inicial y, tras exposici\u00f3n p\u00fablica, a aprobaci\u00f3n definitiva, la inclusi\u00f3n de las trabajadoras del servicio de atenci\u00f3n a domicilio en la plantilla org\u00e1nica municipal. De esta forma se cumplir\u00e1n las exigencias formales que determina una resoluci\u00f3n del Tribunal Administrativo de Navarra, que cuestiona la aprobaci\u00f3n realizada de la plantilla org\u00e1nica de 2017.<\/p>\n<p>En la actualidad, este hecho no tiene mayor trascendencia pr\u00e1ctica ni efectos jur\u00eddicos directos en estas trabajadoras municipales de la atenci\u00f3n a domicilio, ya que el pasado 16 de enero de 2018 el Pleno aprob\u00f3 de forma inicial la plantilla org\u00e1nica del Ayuntamiento de Pamplona para este a\u00f1o con la inclusi\u00f3n de esos puestos de trabajo y esas trabajadoras.<\/p>\n<p>El Pleno del Ayuntamiento de Pamplona aprob\u00f3 de forma inicial el 30 de diciembre de 2016 la plantilla org\u00e1nica, el presupuesto y la municipalizaci\u00f3n del Servicio de Atenci\u00f3n a Domicilio. La plantilla se aprob\u00f3 inicialmente y se somete a exposici\u00f3n p\u00fablica sin incluir al personal subrogado como consecuencia de la reversi\u00f3n del Servicio de Atenci\u00f3n a Domicilio. El Pleno del 21 de febrero de 2017 procedi\u00f3 a la aprobaci\u00f3n definitiva de la plantilla org\u00e1nica, incluyendo en la misma 187 puestos nuevos derivados de ese reversi\u00f3n del SAD. En su resoluci\u00f3n, el Tribunal Administrativo de Navarra anula esa aprobaci\u00f3n definitiva ya que \u201cse ha omitido un tr\u00e1mite esencial\u201d como es el de informaci\u00f3n p\u00fablica.<\/p>\n<p>La inclusi\u00f3n efectiva de estas trabajadoras en el organigrama municipal se produjo como consecuencia del acuerdo para la unificaci\u00f3n del servicio de atenci\u00f3n a domicilio en diciembre de 2016. Desde 2008 el servicio se ven\u00eda prestando por trabajadoras pertenecientes a dos empresas, la sociedad p\u00fablica municipal ASIMEC y otra empresa privada. No obstante, la determinaci\u00f3n concreta de los datos personales de estas trabajadoras subrogadas se hizo el 21 de febrero, en el momento de su aprobaci\u00f3n definitiva.<\/p>\n<p>&nbsp;<\/p>\n","protected":false},"excerpt":{"rendered":"<p>La resoluci\u00f3n no tiene efectos pr\u00e1cticos ni jur\u00eddicos pues las trabajadoras est\u00e1n incluidas en la plantilla org\u00e1nica de 2018 ya aprobada inicialmente<\/p>\n","protected":false},"author":1,"featured_media":10979,"comment_status":"open","ping_status":"closed","sticky":false,"template":"","format":"standard","meta":{"footnotes":""},"categories":[2],"tags":[],"class_list":["post-15927","post","type-post","status-publish","format-standard","has-post-thumbnail","hentry","category-ayuntamiento-pamplona"],"yoast_head":"<!-- This site is optimized with the Yoast SEO plugin v27.5 - https:\/\/yoast.com\/product\/yoast-seo-wordpress\/ -->\n<title>El Ayuntamiento volver\u00e1 a llevar a Pleno la inclusi\u00f3n en plantilla org\u00e1nica de las trabajadores de atenci\u00f3n a domicilio para cumplir las exigencias formales del TAN<\/title>\n<meta name=\"robots\" content=\"index, follow, max-snippet:-1, max-image-preview:large, max-video-preview:-1\" \/>\n<link rel=\"canonical\" href=\"https:\/\/www.laguiadepamplona.com\/actualidad\/el-ayuntamiento-volvera-a-llevar-a-pleno-la-inclusion-en-plantilla-organica-de-las-trabajadores-de-atencion-a-domicilio-para-cumplir-las-exigencias-formales-del-tan\/\" \/>\n<meta property=\"og:locale\" content=\"es_ES\" \/>\n<meta property=\"og:type\" content=\"article\" \/>\n<meta property=\"og:title\" content=\"El Ayuntamiento volver\u00e1 a llevar a Pleno la inclusi\u00f3n en plantilla org\u00e1nica de las trabajadores de atenci\u00f3n a domicilio para cumplir las exigencias formales del TAN\" \/>\n<meta property=\"og:description\" content=\"La resoluci\u00f3n no tiene efectos pr\u00e1cticos ni jur\u00eddicos pues las trabajadoras est\u00e1n incluidas en la plantilla org\u00e1nica de 2018 ya aprobada inicialmente\" \/>\n<meta property=\"og:url\" content=\"https:\/\/www.laguiadepamplona.com\/actualidad\/el-ayuntamiento-volvera-a-llevar-a-pleno-la-inclusion-en-plantilla-organica-de-las-trabajadores-de-atencion-a-domicilio-para-cumplir-las-exigencias-formales-del-tan\/\" \/>\n<meta property=\"og:site_name\" content=\"La Gu\u00eda de Pamplona\" \/>\n<meta property=\"article:publisher\" content=\"https:\/\/www.facebook.com\/laguiadepamplonacom-133175176762273\/?ref=hl\" \/>\n<meta property=\"article:published_time\" content=\"2018-01-31T15:25:02+00:00\" \/>\n<meta property=\"og:image\" content=\"https:\/\/www.laguiadepamplona.com\/actualidad\/wp-content\/uploads\/2016\/11\/Ayto_Pamplona.jpg\" \/>\n\t<meta property=\"og:image:width\" content=\"900\" \/>\n\t<meta property=\"og:image:height\" content=\"675\" \/>\n\t<meta property=\"og:image:type\" content=\"image\/jpeg\" \/>\n<meta name=\"author\" content=\"La Gu\u00eda de Pamplona\" \/>\n<meta name=\"twitter:card\" content=\"summary_large_image\" \/>\n<meta name=\"twitter:creator\" content=\"@LaGuiadPamplona\" \/>\n<meta name=\"twitter:site\" content=\"@LaGuiadPamplona\" \/>\n<meta name=\"twitter:label1\" content=\"Escrito por\" \/>\n\t<meta name=\"twitter:data1\" content=\"La Gu\u00eda de Pamplona\" \/>\n\t<meta name=\"twitter:label2\" content=\"Tiempo de lectura\" \/>\n\t<meta name=\"twitter:data2\" content=\"2 minutos\" \/>\n<script type=\"application\/ld+json\" class=\"yoast-schema-graph\">{\"@context\":\"https:\\\/\\\/schema.org\",\"@graph\":[{\"@type\":\"Article\",\"@id\":\"https:\\\/\\\/www.laguiadepamplona.com\\\/actualidad\\\/el-ayuntamiento-volvera-a-llevar-a-pleno-la-inclusion-en-plantilla-organica-de-las-trabajadores-de-atencion-a-domicilio-para-cumplir-las-exigencias-formales-del-tan\\\/#article\",\"isPartOf\":{\"@id\":\"https:\\\/\\\/www.laguiadepamplona.com\\\/actualidad\\\/el-ayuntamiento-volvera-a-llevar-a-pleno-la-inclusion-en-plantilla-organica-de-las-trabajadores-de-atencion-a-domicilio-para-cumplir-las-exigencias-formales-del-tan\\\/\"},\"author\":{\"name\":\"La Gu\u00eda de Pamplona\",\"@id\":\"https:\\\/\\\/www.laguiadepamplona.com\\\/actualidad\\\/#\\\/schema\\\/person\\\/efe887376f0213d4657c93adc50b1fdb\"},\"headline\":\"El Ayuntamiento volver\u00e1 a llevar a Pleno la inclusi\u00f3n en plantilla org\u00e1nica de las trabajadores de atenci\u00f3n a domicilio para cumplir las exigencias formales del TAN\",\"datePublished\":\"2018-01-31T15:25:02+00:00\",\"mainEntityOfPage\":{\"@id\":\"https:\\\/\\\/www.laguiadepamplona.com\\\/actualidad\\\/el-ayuntamiento-volvera-a-llevar-a-pleno-la-inclusion-en-plantilla-organica-de-las-trabajadores-de-atencion-a-domicilio-para-cumplir-las-exigencias-formales-del-tan\\\/\"},\"wordCount\":397,\"commentCount\":0,\"publisher\":{\"@id\":\"https:\\\/\\\/www.laguiadepamplona.com\\\/actualidad\\\/#organization\"},\"image\":{\"@id\":\"https:\\\/\\\/www.laguiadepamplona.com\\\/actualidad\\\/el-ayuntamiento-volvera-a-llevar-a-pleno-la-inclusion-en-plantilla-organica-de-las-trabajadores-de-atencion-a-domicilio-para-cumplir-las-exigencias-formales-del-tan\\\/#primaryimage\"},\"thumbnailUrl\":\"https:\\\/\\\/www.laguiadepamplona.com\\\/actualidad\\\/wp-content\\\/uploads\\\/2016\\\/11\\\/Ayto_Pamplona.jpg\",\"articleSection\":[\"Ayto Pamplona\"],\"inLanguage\":\"es\",\"potentialAction\":[{\"@type\":\"CommentAction\",\"name\":\"Comment\",\"target\":[\"https:\\\/\\\/www.laguiadepamplona.com\\\/actualidad\\\/el-ayuntamiento-volvera-a-llevar-a-pleno-la-inclusion-en-plantilla-organica-de-las-trabajadores-de-atencion-a-domicilio-para-cumplir-las-exigencias-formales-del-tan\\\/#respond\"]}]},{\"@type\":\"WebPage\",\"@id\":\"https:\\\/\\\/www.laguiadepamplona.com\\\/actualidad\\\/el-ayuntamiento-volvera-a-llevar-a-pleno-la-inclusion-en-plantilla-organica-de-las-trabajadores-de-atencion-a-domicilio-para-cumplir-las-exigencias-formales-del-tan\\\/\",\"url\":\"https:\\\/\\\/www.laguiadepamplona.com\\\/actualidad\\\/el-ayuntamiento-volvera-a-llevar-a-pleno-la-inclusion-en-plantilla-organica-de-las-trabajadores-de-atencion-a-domicilio-para-cumplir-las-exigencias-formales-del-tan\\\/\",\"name\":\"El Ayuntamiento volver\u00e1 a llevar a Pleno la inclusi\u00f3n en plantilla org\u00e1nica de las trabajadores de atenci\u00f3n a domicilio para cumplir las exigencias formales del TAN\",\"isPartOf\":{\"@id\":\"https:\\\/\\\/www.laguiadepamplona.com\\\/actualidad\\\/#website\"},\"primaryImageOfPage\":{\"@id\":\"https:\\\/\\\/www.laguiadepamplona.com\\\/actualidad\\\/el-ayuntamiento-volvera-a-llevar-a-pleno-la-inclusion-en-plantilla-organica-de-las-trabajadores-de-atencion-a-domicilio-para-cumplir-las-exigencias-formales-del-tan\\\/#primaryimage\"},\"image\":{\"@id\":\"https:\\\/\\\/www.laguiadepamplona.com\\\/actualidad\\\/el-ayuntamiento-volvera-a-llevar-a-pleno-la-inclusion-en-plantilla-organica-de-las-trabajadores-de-atencion-a-domicilio-para-cumplir-las-exigencias-formales-del-tan\\\/#primaryimage\"},\"thumbnailUrl\":\"https:\\\/\\\/www.laguiadepamplona.com\\\/actualidad\\\/wp-content\\\/uploads\\\/2016\\\/11\\\/Ayto_Pamplona.jpg\",\"datePublished\":\"2018-01-31T15:25:02+00:00\",\"breadcrumb\":{\"@id\":\"https:\\\/\\\/www.laguiadepamplona.com\\\/actualidad\\\/el-ayuntamiento-volvera-a-llevar-a-pleno-la-inclusion-en-plantilla-organica-de-las-trabajadores-de-atencion-a-domicilio-para-cumplir-las-exigencias-formales-del-tan\\\/#breadcrumb\"},\"inLanguage\":\"es\",\"potentialAction\":[{\"@type\":\"ReadAction\",\"target\":[\"https:\\\/\\\/www.laguiadepamplona.com\\\/actualidad\\\/el-ayuntamiento-volvera-a-llevar-a-pleno-la-inclusion-en-plantilla-organica-de-las-trabajadores-de-atencion-a-domicilio-para-cumplir-las-exigencias-formales-del-tan\\\/\"]}]},{\"@type\":\"ImageObject\",\"inLanguage\":\"es\",\"@id\":\"https:\\\/\\\/www.laguiadepamplona.com\\\/actualidad\\\/el-ayuntamiento-volvera-a-llevar-a-pleno-la-inclusion-en-plantilla-organica-de-las-trabajadores-de-atencion-a-domicilio-para-cumplir-las-exigencias-formales-del-tan\\\/#primaryimage\",\"url\":\"https:\\\/\\\/www.laguiadepamplona.com\\\/actualidad\\\/wp-content\\\/uploads\\\/2016\\\/11\\\/Ayto_Pamplona.jpg\",\"contentUrl\":\"https:\\\/\\\/www.laguiadepamplona.com\\\/actualidad\\\/wp-content\\\/uploads\\\/2016\\\/11\\\/Ayto_Pamplona.jpg\",\"width\":900,\"height\":675},{\"@type\":\"BreadcrumbList\",\"@id\":\"https:\\\/\\\/www.laguiadepamplona.com\\\/actualidad\\\/el-ayuntamiento-volvera-a-llevar-a-pleno-la-inclusion-en-plantilla-organica-de-las-trabajadores-de-atencion-a-domicilio-para-cumplir-las-exigencias-formales-del-tan\\\/#breadcrumb\",\"itemListElement\":[{\"@type\":\"ListItem\",\"position\":1,\"name\":\"Portada\",\"item\":\"https:\\\/\\\/www.laguiadepamplona.com\\\/actualidad\\\/\"},{\"@type\":\"ListItem\",\"position\":2,\"name\":\"El Ayuntamiento volver\u00e1 a llevar a Pleno la inclusi\u00f3n en plantilla org\u00e1nica de las trabajadores de atenci\u00f3n a domicilio para cumplir las exigencias formales del TAN\"}]},{\"@type\":\"WebSite\",\"@id\":\"https:\\\/\\\/www.laguiadepamplona.com\\\/actualidad\\\/#website\",\"url\":\"https:\\\/\\\/www.laguiadepamplona.com\\\/actualidad\\\/\",\"name\":\"La gu\u00eda de Pamplona\",\"description\":\"Noticias de Pamplona\",\"publisher\":{\"@id\":\"https:\\\/\\\/www.laguiadepamplona.com\\\/actualidad\\\/#organization\"},\"potentialAction\":[{\"@type\":\"SearchAction\",\"target\":{\"@type\":\"EntryPoint\",\"urlTemplate\":\"https:\\\/\\\/www.laguiadepamplona.com\\\/actualidad\\\/?s={search_term_string}\"},\"query-input\":{\"@type\":\"PropertyValueSpecification\",\"valueRequired\":true,\"valueName\":\"search_term_string\"}}],\"inLanguage\":\"es\"},{\"@type\":\"Organization\",\"@id\":\"https:\\\/\\\/www.laguiadepamplona.com\\\/actualidad\\\/#organization\",\"name\":\"La Gu\u00eda de Pamplona \\\/ Noticias\",\"url\":\"https:\\\/\\\/www.laguiadepamplona.com\\\/actualidad\\\/\",\"logo\":{\"@type\":\"ImageObject\",\"inLanguage\":\"es\",\"@id\":\"https:\\\/\\\/www.laguiadepamplona.com\\\/actualidad\\\/#\\\/schema\\\/logo\\\/image\\\/\",\"url\":\"https:\\\/\\\/www.laguiadepamplona.com\\\/actualidad\\\/wp-content\\\/uploads\\\/2018\\\/11\\\/logo-laguiadepamplona18-web1.png\",\"contentUrl\":\"https:\\\/\\\/www.laguiadepamplona.com\\\/actualidad\\\/wp-content\\\/uploads\\\/2018\\\/11\\\/logo-laguiadepamplona18-web1.png\",\"width\":600,\"height\":196,\"caption\":\"La Gu\u00eda de Pamplona \\\/ Noticias\"},\"image\":{\"@id\":\"https:\\\/\\\/www.laguiadepamplona.com\\\/actualidad\\\/#\\\/schema\\\/logo\\\/image\\\/\"},\"sameAs\":[\"https:\\\/\\\/www.facebook.com\\\/laguiadepamplonacom-133175176762273\\\/?ref=hl\",\"https:\\\/\\\/x.com\\\/LaGuiadPamplona\",\"https:\\\/\\\/www.instagram.com\\\/la_guia_de_pamplona\\\/\",\"https:\\\/\\\/www.youtube.com\\\/user\\\/laguiadepamplona\"]},{\"@type\":\"Person\",\"@id\":\"https:\\\/\\\/www.laguiadepamplona.com\\\/actualidad\\\/#\\\/schema\\\/person\\\/efe887376f0213d4657c93adc50b1fdb\",\"name\":\"La Gu\u00eda de Pamplona\",\"image\":{\"@type\":\"ImageObject\",\"inLanguage\":\"es\",\"@id\":\"https:\\\/\\\/secure.gravatar.com\\\/avatar\\\/b6992f131dc8d30ab0dff15446e9d346d9dbd95992de0fef795073f5ea83a81c?s=96&d=mm&r=g\",\"url\":\"https:\\\/\\\/secure.gravatar.com\\\/avatar\\\/b6992f131dc8d30ab0dff15446e9d346d9dbd95992de0fef795073f5ea83a81c?s=96&d=mm&r=g\",\"contentUrl\":\"https:\\\/\\\/secure.gravatar.com\\\/avatar\\\/b6992f131dc8d30ab0dff15446e9d346d9dbd95992de0fef795073f5ea83a81c?s=96&d=mm&r=g\",\"caption\":\"La Gu\u00eda de Pamplona\"}}]}<\/script>\n<!-- \/ Yoast SEO plugin. -->","yoast_head_json":{"title":"El Ayuntamiento volver\u00e1 a llevar a Pleno la inclusi\u00f3n en plantilla org\u00e1nica de las trabajadores de atenci\u00f3n a domicilio para cumplir las exigencias formales del TAN","robots":{"index":"index","follow":"follow","max-snippet":"max-snippet:-1","max-image-preview":"max-image-preview:large","max-video-preview":"max-video-preview:-1"},"canonical":"https:\/\/www.laguiadepamplona.com\/actualidad\/el-ayuntamiento-volvera-a-llevar-a-pleno-la-inclusion-en-plantilla-organica-de-las-trabajadores-de-atencion-a-domicilio-para-cumplir-las-exigencias-formales-del-tan\/","og_locale":"es_ES","og_type":"article","og_title":"El Ayuntamiento volver\u00e1 a llevar a Pleno la inclusi\u00f3n en plantilla org\u00e1nica de las trabajadores de atenci\u00f3n a domicilio para cumplir las exigencias formales del TAN","og_description":"La resoluci\u00f3n no tiene efectos pr\u00e1cticos ni jur\u00eddicos pues las trabajadoras est\u00e1n incluidas en la plantilla org\u00e1nica de 2018 ya aprobada inicialmente","og_url":"https:\/\/www.laguiadepamplona.com\/actualidad\/el-ayuntamiento-volvera-a-llevar-a-pleno-la-inclusion-en-plantilla-organica-de-las-trabajadores-de-atencion-a-domicilio-para-cumplir-las-exigencias-formales-del-tan\/","og_site_name":"La Gu\u00eda de Pamplona","article_publisher":"https:\/\/www.facebook.com\/laguiadepamplonacom-133175176762273\/?ref=hl","article_published_time":"2018-01-31T15:25:02+00:00","og_image":[{"width":900,"height":675,"url":"https:\/\/www.laguiadepamplona.com\/actualidad\/wp-content\/uploads\/2016\/11\/Ayto_Pamplona.jpg","type":"image\/jpeg"}],"author":"La Gu\u00eda de Pamplona","twitter_card":"summary_large_image","twitter_creator":"@LaGuiadPamplona","twitter_site":"@LaGuiadPamplona","twitter_misc":{"Escrito por":"La Gu\u00eda de Pamplona","Tiempo de lectura":"2 minutos"},"schema":{"@context":"https:\/\/schema.org","@graph":[{"@type":"Article","@id":"https:\/\/www.laguiadepamplona.com\/actualidad\/el-ayuntamiento-volvera-a-llevar-a-pleno-la-inclusion-en-plantilla-organica-de-las-trabajadores-de-atencion-a-domicilio-para-cumplir-las-exigencias-formales-del-tan\/#article","isPartOf":{"@id":"https:\/\/www.laguiadepamplona.com\/actualidad\/el-ayuntamiento-volvera-a-llevar-a-pleno-la-inclusion-en-plantilla-organica-de-las-trabajadores-de-atencion-a-domicilio-para-cumplir-las-exigencias-formales-del-tan\/"},"author":{"name":"La Gu\u00eda de Pamplona","@id":"https:\/\/www.laguiadepamplona.com\/actualidad\/#\/schema\/person\/efe887376f0213d4657c93adc50b1fdb"},"headline":"El Ayuntamiento volver\u00e1 a llevar a Pleno la inclusi\u00f3n en plantilla org\u00e1nica de las trabajadores de atenci\u00f3n a domicilio para cumplir las exigencias formales del TAN","datePublished":"2018-01-31T15:25:02+00:00","mainEntityOfPage":{"@id":"https:\/\/www.laguiadepamplona.com\/actualidad\/el-ayuntamiento-volvera-a-llevar-a-pleno-la-inclusion-en-plantilla-organica-de-las-trabajadores-de-atencion-a-domicilio-para-cumplir-las-exigencias-formales-del-tan\/"},"wordCount":397,"commentCount":0,"publisher":{"@id":"https:\/\/www.laguiadepamplona.com\/actualidad\/#organization"},"image":{"@id":"https:\/\/www.laguiadepamplona.com\/actualidad\/el-ayuntamiento-volvera-a-llevar-a-pleno-la-inclusion-en-plantilla-organica-de-las-trabajadores-de-atencion-a-domicilio-para-cumplir-las-exigencias-formales-del-tan\/#primaryimage"},"thumbnailUrl":"https:\/\/www.laguiadepamplona.com\/actualidad\/wp-content\/uploads\/2016\/11\/Ayto_Pamplona.jpg","articleSection":["Ayto Pamplona"],"inLanguage":"es","potentialAction":[{"@type":"CommentAction","name":"Comment","target":["https:\/\/www.laguiadepamplona.com\/actualidad\/el-ayuntamiento-volvera-a-llevar-a-pleno-la-inclusion-en-plantilla-organica-de-las-trabajadores-de-atencion-a-domicilio-para-cumplir-las-exigencias-formales-del-tan\/#respond"]}]},{"@type":"WebPage","@id":"https:\/\/www.laguiadepamplona.com\/actualidad\/el-ayuntamiento-volvera-a-llevar-a-pleno-la-inclusion-en-plantilla-organica-de-las-trabajadores-de-atencion-a-domicilio-para-cumplir-las-exigencias-formales-del-tan\/","url":"https:\/\/www.laguiadepamplona.com\/actualidad\/el-ayuntamiento-volvera-a-llevar-a-pleno-la-inclusion-en-plantilla-organica-de-las-trabajadores-de-atencion-a-domicilio-para-cumplir-las-exigencias-formales-del-tan\/","name":"El Ayuntamiento volver\u00e1 a llevar a Pleno la inclusi\u00f3n en plantilla org\u00e1nica de las trabajadores de atenci\u00f3n a domicilio para cumplir las exigencias formales del TAN","isPartOf":{"@id":"https:\/\/www.laguiadepamplona.com\/actualidad\/#website"},"primaryImageOfPage":{"@id":"https:\/\/www.laguiadepamplona.com\/actualidad\/el-ayuntamiento-volvera-a-llevar-a-pleno-la-inclusion-en-plantilla-organica-de-las-trabajadores-de-atencion-a-domicilio-para-cumplir-las-exigencias-formales-del-tan\/#primaryimage"},"image":{"@id":"https:\/\/www.laguiadepamplona.com\/actualidad\/el-ayuntamiento-volvera-a-llevar-a-pleno-la-inclusion-en-plantilla-organica-de-las-trabajadores-de-atencion-a-domicilio-para-cumplir-las-exigencias-formales-del-tan\/#primaryimage"},"thumbnailUrl":"https:\/\/www.laguiadepamplona.com\/actualidad\/wp-content\/uploads\/2016\/11\/Ayto_Pamplona.jpg","datePublished":"2018-01-31T15:25:02+00:00","breadcrumb":{"@id":"https:\/\/www.laguiadepamplona.com\/actualidad\/el-ayuntamiento-volvera-a-llevar-a-pleno-la-inclusion-en-plantilla-organica-de-las-trabajadores-de-atencion-a-domicilio-para-cumplir-las-exigencias-formales-del-tan\/#breadcrumb"},"inLanguage":"es","potentialAction":[{"@type":"ReadAction","target":["https:\/\/www.laguiadepamplona.com\/actualidad\/el-ayuntamiento-volvera-a-llevar-a-pleno-la-inclusion-en-plantilla-organica-de-las-trabajadores-de-atencion-a-domicilio-para-cumplir-las-exigencias-formales-del-tan\/"]}]},{"@type":"ImageObject","inLanguage":"es","@id":"https:\/\/www.laguiadepamplona.com\/actualidad\/el-ayuntamiento-volvera-a-llevar-a-pleno-la-inclusion-en-plantilla-organica-de-las-trabajadores-de-atencion-a-domicilio-para-cumplir-las-exigencias-formales-del-tan\/#primaryimage","url":"https:\/\/www.laguiadepamplona.com\/actualidad\/wp-content\/uploads\/2016\/11\/Ayto_Pamplona.jpg","contentUrl":"https:\/\/www.laguiadepamplona.com\/actualidad\/wp-content\/uploads\/2016\/11\/Ayto_Pamplona.jpg","width":900,"height":675},{"@type":"BreadcrumbList","@id":"https:\/\/www.laguiadepamplona.com\/actualidad\/el-ayuntamiento-volvera-a-llevar-a-pleno-la-inclusion-en-plantilla-organica-de-las-trabajadores-de-atencion-a-domicilio-para-cumplir-las-exigencias-formales-del-tan\/#breadcrumb","itemListElement":[{"@type":"ListItem","position":1,"name":"Portada","item":"https:\/\/www.laguiadepamplona.com\/actualidad\/"},{"@type":"ListItem","position":2,"name":"El Ayuntamiento volver\u00e1 a llevar a Pleno la inclusi\u00f3n en plantilla org\u00e1nica de las trabajadores de atenci\u00f3n a domicilio para cumplir las exigencias formales del TAN"}]},{"@type":"WebSite","@id":"https:\/\/www.laguiadepamplona.com\/actualidad\/#website","url":"https:\/\/www.laguiadepamplona.com\/actualidad\/","name":"La gu\u00eda de Pamplona","description":"Noticias de Pamplona","publisher":{"@id":"https:\/\/www.laguiadepamplona.com\/actualidad\/#organization"},"potentialAction":[{"@type":"SearchAction","target":{"@type":"EntryPoint","urlTemplate":"https:\/\/www.laguiadepamplona.com\/actualidad\/?s={search_term_string}"},"query-input":{"@type":"PropertyValueSpecification","valueRequired":true,"valueName":"search_term_string"}}],"inLanguage":"es"},{"@type":"Organization","@id":"https:\/\/www.laguiadepamplona.com\/actualidad\/#organization","name":"La Gu\u00eda de Pamplona \/ Noticias","url":"https:\/\/www.laguiadepamplona.com\/actualidad\/","logo":{"@type":"ImageObject","inLanguage":"es","@id":"https:\/\/www.laguiadepamplona.com\/actualidad\/#\/schema\/logo\/image\/","url":"https:\/\/www.laguiadepamplona.com\/actualidad\/wp-content\/uploads\/2018\/11\/logo-laguiadepamplona18-web1.png","contentUrl":"https:\/\/www.laguiadepamplona.com\/actualidad\/wp-content\/uploads\/2018\/11\/logo-laguiadepamplona18-web1.png","width":600,"height":196,"caption":"La Gu\u00eda de Pamplona \/ Noticias"},"image":{"@id":"https:\/\/www.laguiadepamplona.com\/actualidad\/#\/schema\/logo\/image\/"},"sameAs":["https:\/\/www.facebook.com\/laguiadepamplonacom-133175176762273\/?ref=hl","https:\/\/x.com\/LaGuiadPamplona","https:\/\/www.instagram.com\/la_guia_de_pamplona\/","https:\/\/www.youtube.com\/user\/laguiadepamplona"]},{"@type":"Person","@id":"https:\/\/www.laguiadepamplona.com\/actualidad\/#\/schema\/person\/efe887376f0213d4657c93adc50b1fdb","name":"La Gu\u00eda de Pamplona","image":{"@type":"ImageObject","inLanguage":"es","@id":"https:\/\/secure.gravatar.com\/avatar\/b6992f131dc8d30ab0dff15446e9d346d9dbd95992de0fef795073f5ea83a81c?s=96&d=mm&r=g","url":"https:\/\/secure.gravatar.com\/avatar\/b6992f131dc8d30ab0dff15446e9d346d9dbd95992de0fef795073f5ea83a81c?s=96&d=mm&r=g","contentUrl":"https:\/\/secure.gravatar.com\/avatar\/b6992f131dc8d30ab0dff15446e9d346d9dbd95992de0fef795073f5ea83a81c?s=96&d=mm&r=g","caption":"La Gu\u00eda de Pamplona"}}]}},"post_mailing_queue_ids":[],"_links":{"self":[{"href":"https:\/\/www.laguiadepamplona.com\/actualidad\/wp-json\/wp\/v2\/posts\/15927","targetHints":{"allow":["GET"]}}],"collection":[{"href":"https:\/\/www.laguiadepamplona.com\/actualidad\/wp-json\/wp\/v2\/posts"}],"about":[{"href":"https:\/\/www.laguiadepamplona.com\/actualidad\/wp-json\/wp\/v2\/types\/post"}],"author":[{"embeddable":true,"href":"https:\/\/www.laguiadepamplona.com\/actualidad\/wp-json\/wp\/v2\/users\/1"}],"replies":[{"embeddable":true,"href":"https:\/\/www.laguiadepamplona.com\/actualidad\/wp-json\/wp\/v2\/comments?post=15927"}],"version-history":[{"count":0,"href":"https:\/\/www.laguiadepamplona.com\/actualidad\/wp-json\/wp\/v2\/posts\/15927\/revisions"}],"wp:featuredmedia":[{"embeddable":true,"href":"https:\/\/www.laguiadepamplona.com\/actualidad\/wp-json\/wp\/v2\/media\/10979"}],"wp:attachment":[{"href":"https:\/\/www.laguiadepamplona.com\/actualidad\/wp-json\/wp\/v2\/media?parent=15927"}],"wp:term":[{"taxonomy":"category","embeddable":true,"href":"https:\/\/www.laguiadepamplona.com\/actualidad\/wp-json\/wp\/v2\/categories?post=15927"},{"taxonomy":"post_tag","embeddable":true,"href":"https:\/\/www.laguiadepamplona.com\/actualidad\/wp-json\/wp\/v2\/tags?post=15927"}],"curies":[{"name":"wp","href":"https:\/\/api.w.org\/{rel}","templated":true}]}}