{"id":15924,"date":"2018-01-31T12:04:02","date_gmt":"2018-01-31T11:04:02","guid":{"rendered":"http:\/\/laguiadepamplona.es\/actualidad\/?p=15924"},"modified":"2018-01-31T12:04:02","modified_gmt":"2018-01-31T11:04:02","slug":"el-museo-de-educacion-ambiental-organiza-una-visita-el-sabado-al-estanque-de-la-taconera-con-la-biologa-y-paisajista-mercedes-valenzuela","status":"publish","type":"post","link":"https:\/\/www.laguiadepamplona.com\/actualidad\/el-museo-de-educacion-ambiental-organiza-una-visita-el-sabado-al-estanque-de-la-taconera-con-la-biologa-y-paisajista-mercedes-valenzuela\/","title":{"rendered":"El Museo de Educaci\u00f3n Ambiental organiza una visita el s\u00e1bado al estanque de la Taconera con la bi\u00f3loga y paisajista Mercedes Valenzuela"},"content":{"rendered":"<h3>Las inscripciones gratuitas pueden realizarse en el Tel\u00e9fono de Atenci\u00f3n Ciudadana 010 o 948420100<\/h3>\n<p><!--more--><\/p>\n<p>El Museo de Educaci\u00f3n Ambiental ha organizado una visita el s\u00e1bado, 3 de febrero, por la ma\u00f1ana al estanque de la Taconera de 10.30 a 12.30 horas de la mano de la bi\u00f3loga paisajista y experta en bioingenier\u00eda del paisaje Mercedes Valenzuela. La visita es gratuita pero requiere inscripci\u00f3n previa en el Tel\u00e9fono de Atenci\u00f3n Ciudadana 010 (948420100 si se llama desde m\u00f3vil, fuera de Pamplona o con tarifa plana).<\/p>\n<p>Se visitar\u00e1 el estanque del parque de La Taconera para conocer una peque\u00f1a actuaci\u00f3n llevada a cabo por el Ayuntamiento encaminada a mejorar el estado ecol\u00f3gico del estanque de los patos, introduciendo m\u00e1s biodiversidad y sistemas naturales de biodepuraci\u00f3n y clarificaci\u00f3n de las aguas. Todo ello bas\u00e1ndose en las capacidades de las plantas vivas, o bioingenier\u00eda.<\/p>\n<p>La Taconera es uno de los parques hist\u00f3ricos de la ciudad y tienen mas de 90.000 m<sup>2<\/sup> de superficie. De aspecto ajardinado, adem\u00e1s de praderas y parterres cuenta con \u00e1rboles de gran porte y se ubica dentro del patrimonio fortificado de la ciudad. Adem\u00e1s, es conocido porque en sus fosos alberga un minizoo en el que en el que se ubican tres estanques, uno de ellos el que se visitar\u00e1 el s\u00e1bado. Estos estanques se alimentan con un pozo-dep\u00f3sito com\u00fan con Ciudadela.<\/p>\n<p>Mercedes Valenzuela es licenciada en biolog\u00eda, paisajista y experta en bioingenier\u00eda del paisaje. Su actividad profesional est\u00e1 ligada al medioambiente y la obra civil. Actualmente, es proyectista y directora de obras en Ecoingenia, estudio de medio ambiente, paisaje y bioingenier\u00eda, desarrollando proyectos de construcci\u00f3n basados en el empleo de plantas vivas.<\/p>\n<p>&nbsp;<\/p>\n","protected":false},"excerpt":{"rendered":"<p>Las inscripciones gratuitas pueden realizarse en el Tel\u00e9fono de Atenci\u00f3n Ciudadana 010 o 948420100<\/p>\n","protected":false},"author":1,"featured_media":11071,"comment_status":"open","ping_status":"closed","sticky":false,"template":"","format":"standard","meta":{"footnotes":""},"categories":[2],"tags":[],"class_list":["post-15924","post","type-post","status-publish","format-standard","has-post-thumbnail","hentry","category-ayuntamiento-pamplona"],"yoast_head":"<!-- This site is optimized with the Yoast SEO plugin v27.5 - https:\/\/yoast.com\/product\/yoast-seo-wordpress\/ -->\n<title>El Museo de Educaci\u00f3n Ambiental organiza una visita el s\u00e1bado al estanque de la Taconera con la bi\u00f3loga y paisajista Mercedes Valenzuela<\/title>\n<meta name=\"robots\" content=\"index, follow, max-snippet:-1, max-image-preview:large, max-video-preview:-1\" \/>\n<link rel=\"canonical\" href=\"https:\/\/www.laguiadepamplona.com\/actualidad\/el-museo-de-educacion-ambiental-organiza-una-visita-el-sabado-al-estanque-de-la-taconera-con-la-biologa-y-paisajista-mercedes-valenzuela\/\" \/>\n<meta property=\"og:locale\" content=\"es_ES\" \/>\n<meta property=\"og:type\" content=\"article\" \/>\n<meta property=\"og:title\" content=\"El Museo de Educaci\u00f3n Ambiental organiza una visita el s\u00e1bado al estanque de la Taconera con la bi\u00f3loga y paisajista Mercedes Valenzuela\" \/>\n<meta property=\"og:description\" content=\"Las inscripciones gratuitas pueden realizarse en el Tel\u00e9fono de Atenci\u00f3n Ciudadana 010 o 948420100\" \/>\n<meta property=\"og:url\" content=\"https:\/\/www.laguiadepamplona.com\/actualidad\/el-museo-de-educacion-ambiental-organiza-una-visita-el-sabado-al-estanque-de-la-taconera-con-la-biologa-y-paisajista-mercedes-valenzuela\/\" \/>\n<meta property=\"og:site_name\" content=\"La Gu\u00eda de Pamplona\" \/>\n<meta property=\"article:publisher\" content=\"https:\/\/www.facebook.com\/laguiadepamplonacom-133175176762273\/?ref=hl\" \/>\n<meta property=\"article:published_time\" content=\"2018-01-31T11:04:02+00:00\" \/>\n<meta property=\"og:image\" content=\"https:\/\/www.laguiadepamplona.com\/actualidad\/wp-content\/uploads\/2016\/12\/Museo-Educacion-Ambiental-Pamplona.jpg\" \/>\n\t<meta property=\"og:image:width\" content=\"627\" \/>\n\t<meta property=\"og:image:height\" content=\"352\" \/>\n\t<meta property=\"og:image:type\" content=\"image\/jpeg\" \/>\n<meta name=\"author\" content=\"La Gu\u00eda de Pamplona\" \/>\n<meta name=\"twitter:card\" content=\"summary_large_image\" \/>\n<meta name=\"twitter:creator\" content=\"@LaGuiadPamplona\" \/>\n<meta name=\"twitter:site\" content=\"@LaGuiadPamplona\" \/>\n<meta name=\"twitter:label1\" content=\"Escrito por\" \/>\n\t<meta name=\"twitter:data1\" content=\"La Gu\u00eda de Pamplona\" \/>\n\t<meta name=\"twitter:label2\" content=\"Tiempo de lectura\" \/>\n\t<meta name=\"twitter:data2\" content=\"1 minuto\" \/>\n<script type=\"application\/ld+json\" class=\"yoast-schema-graph\">{\"@context\":\"https:\\\/\\\/schema.org\",\"@graph\":[{\"@type\":\"Article\",\"@id\":\"https:\\\/\\\/www.laguiadepamplona.com\\\/actualidad\\\/el-museo-de-educacion-ambiental-organiza-una-visita-el-sabado-al-estanque-de-la-taconera-con-la-biologa-y-paisajista-mercedes-valenzuela\\\/#article\",\"isPartOf\":{\"@id\":\"https:\\\/\\\/www.laguiadepamplona.com\\\/actualidad\\\/el-museo-de-educacion-ambiental-organiza-una-visita-el-sabado-al-estanque-de-la-taconera-con-la-biologa-y-paisajista-mercedes-valenzuela\\\/\"},\"author\":{\"name\":\"La Gu\u00eda de Pamplona\",\"@id\":\"https:\\\/\\\/www.laguiadepamplona.com\\\/actualidad\\\/#\\\/schema\\\/person\\\/efe887376f0213d4657c93adc50b1fdb\"},\"headline\":\"El Museo de Educaci\u00f3n Ambiental organiza una visita el s\u00e1bado al estanque de la Taconera con la bi\u00f3loga y paisajista Mercedes Valenzuela\",\"datePublished\":\"2018-01-31T11:04:02+00:00\",\"mainEntityOfPage\":{\"@id\":\"https:\\\/\\\/www.laguiadepamplona.com\\\/actualidad\\\/el-museo-de-educacion-ambiental-organiza-una-visita-el-sabado-al-estanque-de-la-taconera-con-la-biologa-y-paisajista-mercedes-valenzuela\\\/\"},\"wordCount\":320,\"commentCount\":0,\"publisher\":{\"@id\":\"https:\\\/\\\/www.laguiadepamplona.com\\\/actualidad\\\/#organization\"},\"image\":{\"@id\":\"https:\\\/\\\/www.laguiadepamplona.com\\\/actualidad\\\/el-museo-de-educacion-ambiental-organiza-una-visita-el-sabado-al-estanque-de-la-taconera-con-la-biologa-y-paisajista-mercedes-valenzuela\\\/#primaryimage\"},\"thumbnailUrl\":\"https:\\\/\\\/www.laguiadepamplona.com\\\/actualidad\\\/wp-content\\\/uploads\\\/2016\\\/12\\\/Museo-Educacion-Ambiental-Pamplona.jpg\",\"articleSection\":[\"Ayto Pamplona\"],\"inLanguage\":\"es\",\"potentialAction\":[{\"@type\":\"CommentAction\",\"name\":\"Comment\",\"target\":[\"https:\\\/\\\/www.laguiadepamplona.com\\\/actualidad\\\/el-museo-de-educacion-ambiental-organiza-una-visita-el-sabado-al-estanque-de-la-taconera-con-la-biologa-y-paisajista-mercedes-valenzuela\\\/#respond\"]}]},{\"@type\":\"WebPage\",\"@id\":\"https:\\\/\\\/www.laguiadepamplona.com\\\/actualidad\\\/el-museo-de-educacion-ambiental-organiza-una-visita-el-sabado-al-estanque-de-la-taconera-con-la-biologa-y-paisajista-mercedes-valenzuela\\\/\",\"url\":\"https:\\\/\\\/www.laguiadepamplona.com\\\/actualidad\\\/el-museo-de-educacion-ambiental-organiza-una-visita-el-sabado-al-estanque-de-la-taconera-con-la-biologa-y-paisajista-mercedes-valenzuela\\\/\",\"name\":\"El Museo de Educaci\u00f3n Ambiental organiza una visita el s\u00e1bado al estanque de la Taconera con la bi\u00f3loga y paisajista Mercedes Valenzuela\",\"isPartOf\":{\"@id\":\"https:\\\/\\\/www.laguiadepamplona.com\\\/actualidad\\\/#website\"},\"primaryImageOfPage\":{\"@id\":\"https:\\\/\\\/www.laguiadepamplona.com\\\/actualidad\\\/el-museo-de-educacion-ambiental-organiza-una-visita-el-sabado-al-estanque-de-la-taconera-con-la-biologa-y-paisajista-mercedes-valenzuela\\\/#primaryimage\"},\"image\":{\"@id\":\"https:\\\/\\\/www.laguiadepamplona.com\\\/actualidad\\\/el-museo-de-educacion-ambiental-organiza-una-visita-el-sabado-al-estanque-de-la-taconera-con-la-biologa-y-paisajista-mercedes-valenzuela\\\/#primaryimage\"},\"thumbnailUrl\":\"https:\\\/\\\/www.laguiadepamplona.com\\\/actualidad\\\/wp-content\\\/uploads\\\/2016\\\/12\\\/Museo-Educacion-Ambiental-Pamplona.jpg\",\"datePublished\":\"2018-01-31T11:04:02+00:00\",\"breadcrumb\":{\"@id\":\"https:\\\/\\\/www.laguiadepamplona.com\\\/actualidad\\\/el-museo-de-educacion-ambiental-organiza-una-visita-el-sabado-al-estanque-de-la-taconera-con-la-biologa-y-paisajista-mercedes-valenzuela\\\/#breadcrumb\"},\"inLanguage\":\"es\",\"potentialAction\":[{\"@type\":\"ReadAction\",\"target\":[\"https:\\\/\\\/www.laguiadepamplona.com\\\/actualidad\\\/el-museo-de-educacion-ambiental-organiza-una-visita-el-sabado-al-estanque-de-la-taconera-con-la-biologa-y-paisajista-mercedes-valenzuela\\\/\"]}]},{\"@type\":\"ImageObject\",\"inLanguage\":\"es\",\"@id\":\"https:\\\/\\\/www.laguiadepamplona.com\\\/actualidad\\\/el-museo-de-educacion-ambiental-organiza-una-visita-el-sabado-al-estanque-de-la-taconera-con-la-biologa-y-paisajista-mercedes-valenzuela\\\/#primaryimage\",\"url\":\"https:\\\/\\\/www.laguiadepamplona.com\\\/actualidad\\\/wp-content\\\/uploads\\\/2016\\\/12\\\/Museo-Educacion-Ambiental-Pamplona.jpg\",\"contentUrl\":\"https:\\\/\\\/www.laguiadepamplona.com\\\/actualidad\\\/wp-content\\\/uploads\\\/2016\\\/12\\\/Museo-Educacion-Ambiental-Pamplona.jpg\",\"width\":627,\"height\":352},{\"@type\":\"BreadcrumbList\",\"@id\":\"https:\\\/\\\/www.laguiadepamplona.com\\\/actualidad\\\/el-museo-de-educacion-ambiental-organiza-una-visita-el-sabado-al-estanque-de-la-taconera-con-la-biologa-y-paisajista-mercedes-valenzuela\\\/#breadcrumb\",\"itemListElement\":[{\"@type\":\"ListItem\",\"position\":1,\"name\":\"Portada\",\"item\":\"https:\\\/\\\/www.laguiadepamplona.com\\\/actualidad\\\/\"},{\"@type\":\"ListItem\",\"position\":2,\"name\":\"El Museo de Educaci\u00f3n Ambiental organiza una visita el s\u00e1bado al estanque de la Taconera con la bi\u00f3loga y paisajista Mercedes Valenzuela\"}]},{\"@type\":\"WebSite\",\"@id\":\"https:\\\/\\\/www.laguiadepamplona.com\\\/actualidad\\\/#website\",\"url\":\"https:\\\/\\\/www.laguiadepamplona.com\\\/actualidad\\\/\",\"name\":\"La gu\u00eda de Pamplona\",\"description\":\"Noticias de Pamplona\",\"publisher\":{\"@id\":\"https:\\\/\\\/www.laguiadepamplona.com\\\/actualidad\\\/#organization\"},\"potentialAction\":[{\"@type\":\"SearchAction\",\"target\":{\"@type\":\"EntryPoint\",\"urlTemplate\":\"https:\\\/\\\/www.laguiadepamplona.com\\\/actualidad\\\/?s={search_term_string}\"},\"query-input\":{\"@type\":\"PropertyValueSpecification\",\"valueRequired\":true,\"valueName\":\"search_term_string\"}}],\"inLanguage\":\"es\"},{\"@type\":\"Organization\",\"@id\":\"https:\\\/\\\/www.laguiadepamplona.com\\\/actualidad\\\/#organization\",\"name\":\"La Gu\u00eda de Pamplona \\\/ Noticias\",\"url\":\"https:\\\/\\\/www.laguiadepamplona.com\\\/actualidad\\\/\",\"logo\":{\"@type\":\"ImageObject\",\"inLanguage\":\"es\",\"@id\":\"https:\\\/\\\/www.laguiadepamplona.com\\\/actualidad\\\/#\\\/schema\\\/logo\\\/image\\\/\",\"url\":\"https:\\\/\\\/www.laguiadepamplona.com\\\/actualidad\\\/wp-content\\\/uploads\\\/2018\\\/11\\\/logo-laguiadepamplona18-web1.png\",\"contentUrl\":\"https:\\\/\\\/www.laguiadepamplona.com\\\/actualidad\\\/wp-content\\\/uploads\\\/2018\\\/11\\\/logo-laguiadepamplona18-web1.png\",\"width\":600,\"height\":196,\"caption\":\"La Gu\u00eda de Pamplona \\\/ Noticias\"},\"image\":{\"@id\":\"https:\\\/\\\/www.laguiadepamplona.com\\\/actualidad\\\/#\\\/schema\\\/logo\\\/image\\\/\"},\"sameAs\":[\"https:\\\/\\\/www.facebook.com\\\/laguiadepamplonacom-133175176762273\\\/?ref=hl\",\"https:\\\/\\\/x.com\\\/LaGuiadPamplona\",\"https:\\\/\\\/www.instagram.com\\\/la_guia_de_pamplona\\\/\",\"https:\\\/\\\/www.youtube.com\\\/user\\\/laguiadepamplona\"]},{\"@type\":\"Person\",\"@id\":\"https:\\\/\\\/www.laguiadepamplona.com\\\/actualidad\\\/#\\\/schema\\\/person\\\/efe887376f0213d4657c93adc50b1fdb\",\"name\":\"La Gu\u00eda de Pamplona\",\"image\":{\"@type\":\"ImageObject\",\"inLanguage\":\"es\",\"@id\":\"https:\\\/\\\/secure.gravatar.com\\\/avatar\\\/b6992f131dc8d30ab0dff15446e9d346d9dbd95992de0fef795073f5ea83a81c?s=96&d=mm&r=g\",\"url\":\"https:\\\/\\\/secure.gravatar.com\\\/avatar\\\/b6992f131dc8d30ab0dff15446e9d346d9dbd95992de0fef795073f5ea83a81c?s=96&d=mm&r=g\",\"contentUrl\":\"https:\\\/\\\/secure.gravatar.com\\\/avatar\\\/b6992f131dc8d30ab0dff15446e9d346d9dbd95992de0fef795073f5ea83a81c?s=96&d=mm&r=g\",\"caption\":\"La Gu\u00eda de Pamplona\"}}]}<\/script>\n<!-- \/ Yoast SEO plugin. -->","yoast_head_json":{"title":"El Museo de Educaci\u00f3n Ambiental organiza una visita el s\u00e1bado al estanque de la Taconera con la bi\u00f3loga y paisajista Mercedes Valenzuela","robots":{"index":"index","follow":"follow","max-snippet":"max-snippet:-1","max-image-preview":"max-image-preview:large","max-video-preview":"max-video-preview:-1"},"canonical":"https:\/\/www.laguiadepamplona.com\/actualidad\/el-museo-de-educacion-ambiental-organiza-una-visita-el-sabado-al-estanque-de-la-taconera-con-la-biologa-y-paisajista-mercedes-valenzuela\/","og_locale":"es_ES","og_type":"article","og_title":"El Museo de Educaci\u00f3n Ambiental organiza una visita el s\u00e1bado al estanque de la Taconera con la bi\u00f3loga y paisajista Mercedes Valenzuela","og_description":"Las inscripciones gratuitas pueden realizarse en el Tel\u00e9fono de Atenci\u00f3n Ciudadana 010 o 948420100","og_url":"https:\/\/www.laguiadepamplona.com\/actualidad\/el-museo-de-educacion-ambiental-organiza-una-visita-el-sabado-al-estanque-de-la-taconera-con-la-biologa-y-paisajista-mercedes-valenzuela\/","og_site_name":"La Gu\u00eda de Pamplona","article_publisher":"https:\/\/www.facebook.com\/laguiadepamplonacom-133175176762273\/?ref=hl","article_published_time":"2018-01-31T11:04:02+00:00","og_image":[{"width":627,"height":352,"url":"https:\/\/www.laguiadepamplona.com\/actualidad\/wp-content\/uploads\/2016\/12\/Museo-Educacion-Ambiental-Pamplona.jpg","type":"image\/jpeg"}],"author":"La Gu\u00eda de Pamplona","twitter_card":"summary_large_image","twitter_creator":"@LaGuiadPamplona","twitter_site":"@LaGuiadPamplona","twitter_misc":{"Escrito por":"La Gu\u00eda de Pamplona","Tiempo de lectura":"1 minuto"},"schema":{"@context":"https:\/\/schema.org","@graph":[{"@type":"Article","@id":"https:\/\/www.laguiadepamplona.com\/actualidad\/el-museo-de-educacion-ambiental-organiza-una-visita-el-sabado-al-estanque-de-la-taconera-con-la-biologa-y-paisajista-mercedes-valenzuela\/#article","isPartOf":{"@id":"https:\/\/www.laguiadepamplona.com\/actualidad\/el-museo-de-educacion-ambiental-organiza-una-visita-el-sabado-al-estanque-de-la-taconera-con-la-biologa-y-paisajista-mercedes-valenzuela\/"},"author":{"name":"La Gu\u00eda de Pamplona","@id":"https:\/\/www.laguiadepamplona.com\/actualidad\/#\/schema\/person\/efe887376f0213d4657c93adc50b1fdb"},"headline":"El Museo de Educaci\u00f3n Ambiental organiza una visita el s\u00e1bado al estanque de la Taconera con la bi\u00f3loga y paisajista Mercedes Valenzuela","datePublished":"2018-01-31T11:04:02+00:00","mainEntityOfPage":{"@id":"https:\/\/www.laguiadepamplona.com\/actualidad\/el-museo-de-educacion-ambiental-organiza-una-visita-el-sabado-al-estanque-de-la-taconera-con-la-biologa-y-paisajista-mercedes-valenzuela\/"},"wordCount":320,"commentCount":0,"publisher":{"@id":"https:\/\/www.laguiadepamplona.com\/actualidad\/#organization"},"image":{"@id":"https:\/\/www.laguiadepamplona.com\/actualidad\/el-museo-de-educacion-ambiental-organiza-una-visita-el-sabado-al-estanque-de-la-taconera-con-la-biologa-y-paisajista-mercedes-valenzuela\/#primaryimage"},"thumbnailUrl":"https:\/\/www.laguiadepamplona.com\/actualidad\/wp-content\/uploads\/2016\/12\/Museo-Educacion-Ambiental-Pamplona.jpg","articleSection":["Ayto Pamplona"],"inLanguage":"es","potentialAction":[{"@type":"CommentAction","name":"Comment","target":["https:\/\/www.laguiadepamplona.com\/actualidad\/el-museo-de-educacion-ambiental-organiza-una-visita-el-sabado-al-estanque-de-la-taconera-con-la-biologa-y-paisajista-mercedes-valenzuela\/#respond"]}]},{"@type":"WebPage","@id":"https:\/\/www.laguiadepamplona.com\/actualidad\/el-museo-de-educacion-ambiental-organiza-una-visita-el-sabado-al-estanque-de-la-taconera-con-la-biologa-y-paisajista-mercedes-valenzuela\/","url":"https:\/\/www.laguiadepamplona.com\/actualidad\/el-museo-de-educacion-ambiental-organiza-una-visita-el-sabado-al-estanque-de-la-taconera-con-la-biologa-y-paisajista-mercedes-valenzuela\/","name":"El Museo de Educaci\u00f3n Ambiental organiza una visita el s\u00e1bado al estanque de la Taconera con la bi\u00f3loga y paisajista Mercedes Valenzuela","isPartOf":{"@id":"https:\/\/www.laguiadepamplona.com\/actualidad\/#website"},"primaryImageOfPage":{"@id":"https:\/\/www.laguiadepamplona.com\/actualidad\/el-museo-de-educacion-ambiental-organiza-una-visita-el-sabado-al-estanque-de-la-taconera-con-la-biologa-y-paisajista-mercedes-valenzuela\/#primaryimage"},"image":{"@id":"https:\/\/www.laguiadepamplona.com\/actualidad\/el-museo-de-educacion-ambiental-organiza-una-visita-el-sabado-al-estanque-de-la-taconera-con-la-biologa-y-paisajista-mercedes-valenzuela\/#primaryimage"},"thumbnailUrl":"https:\/\/www.laguiadepamplona.com\/actualidad\/wp-content\/uploads\/2016\/12\/Museo-Educacion-Ambiental-Pamplona.jpg","datePublished":"2018-01-31T11:04:02+00:00","breadcrumb":{"@id":"https:\/\/www.laguiadepamplona.com\/actualidad\/el-museo-de-educacion-ambiental-organiza-una-visita-el-sabado-al-estanque-de-la-taconera-con-la-biologa-y-paisajista-mercedes-valenzuela\/#breadcrumb"},"inLanguage":"es","potentialAction":[{"@type":"ReadAction","target":["https:\/\/www.laguiadepamplona.com\/actualidad\/el-museo-de-educacion-ambiental-organiza-una-visita-el-sabado-al-estanque-de-la-taconera-con-la-biologa-y-paisajista-mercedes-valenzuela\/"]}]},{"@type":"ImageObject","inLanguage":"es","@id":"https:\/\/www.laguiadepamplona.com\/actualidad\/el-museo-de-educacion-ambiental-organiza-una-visita-el-sabado-al-estanque-de-la-taconera-con-la-biologa-y-paisajista-mercedes-valenzuela\/#primaryimage","url":"https:\/\/www.laguiadepamplona.com\/actualidad\/wp-content\/uploads\/2016\/12\/Museo-Educacion-Ambiental-Pamplona.jpg","contentUrl":"https:\/\/www.laguiadepamplona.com\/actualidad\/wp-content\/uploads\/2016\/12\/Museo-Educacion-Ambiental-Pamplona.jpg","width":627,"height":352},{"@type":"BreadcrumbList","@id":"https:\/\/www.laguiadepamplona.com\/actualidad\/el-museo-de-educacion-ambiental-organiza-una-visita-el-sabado-al-estanque-de-la-taconera-con-la-biologa-y-paisajista-mercedes-valenzuela\/#breadcrumb","itemListElement":[{"@type":"ListItem","position":1,"name":"Portada","item":"https:\/\/www.laguiadepamplona.com\/actualidad\/"},{"@type":"ListItem","position":2,"name":"El Museo de Educaci\u00f3n Ambiental organiza una visita el s\u00e1bado al estanque de la Taconera con la bi\u00f3loga y paisajista Mercedes Valenzuela"}]},{"@type":"WebSite","@id":"https:\/\/www.laguiadepamplona.com\/actualidad\/#website","url":"https:\/\/www.laguiadepamplona.com\/actualidad\/","name":"La gu\u00eda de Pamplona","description":"Noticias de Pamplona","publisher":{"@id":"https:\/\/www.laguiadepamplona.com\/actualidad\/#organization"},"potentialAction":[{"@type":"SearchAction","target":{"@type":"EntryPoint","urlTemplate":"https:\/\/www.laguiadepamplona.com\/actualidad\/?s={search_term_string}"},"query-input":{"@type":"PropertyValueSpecification","valueRequired":true,"valueName":"search_term_string"}}],"inLanguage":"es"},{"@type":"Organization","@id":"https:\/\/www.laguiadepamplona.com\/actualidad\/#organization","name":"La Gu\u00eda de Pamplona \/ Noticias","url":"https:\/\/www.laguiadepamplona.com\/actualidad\/","logo":{"@type":"ImageObject","inLanguage":"es","@id":"https:\/\/www.laguiadepamplona.com\/actualidad\/#\/schema\/logo\/image\/","url":"https:\/\/www.laguiadepamplona.com\/actualidad\/wp-content\/uploads\/2018\/11\/logo-laguiadepamplona18-web1.png","contentUrl":"https:\/\/www.laguiadepamplona.com\/actualidad\/wp-content\/uploads\/2018\/11\/logo-laguiadepamplona18-web1.png","width":600,"height":196,"caption":"La Gu\u00eda de Pamplona \/ Noticias"},"image":{"@id":"https:\/\/www.laguiadepamplona.com\/actualidad\/#\/schema\/logo\/image\/"},"sameAs":["https:\/\/www.facebook.com\/laguiadepamplonacom-133175176762273\/?ref=hl","https:\/\/x.com\/LaGuiadPamplona","https:\/\/www.instagram.com\/la_guia_de_pamplona\/","https:\/\/www.youtube.com\/user\/laguiadepamplona"]},{"@type":"Person","@id":"https:\/\/www.laguiadepamplona.com\/actualidad\/#\/schema\/person\/efe887376f0213d4657c93adc50b1fdb","name":"La Gu\u00eda de Pamplona","image":{"@type":"ImageObject","inLanguage":"es","@id":"https:\/\/secure.gravatar.com\/avatar\/b6992f131dc8d30ab0dff15446e9d346d9dbd95992de0fef795073f5ea83a81c?s=96&d=mm&r=g","url":"https:\/\/secure.gravatar.com\/avatar\/b6992f131dc8d30ab0dff15446e9d346d9dbd95992de0fef795073f5ea83a81c?s=96&d=mm&r=g","contentUrl":"https:\/\/secure.gravatar.com\/avatar\/b6992f131dc8d30ab0dff15446e9d346d9dbd95992de0fef795073f5ea83a81c?s=96&d=mm&r=g","caption":"La Gu\u00eda de Pamplona"}}]}},"post_mailing_queue_ids":[],"_links":{"self":[{"href":"https:\/\/www.laguiadepamplona.com\/actualidad\/wp-json\/wp\/v2\/posts\/15924","targetHints":{"allow":["GET"]}}],"collection":[{"href":"https:\/\/www.laguiadepamplona.com\/actualidad\/wp-json\/wp\/v2\/posts"}],"about":[{"href":"https:\/\/www.laguiadepamplona.com\/actualidad\/wp-json\/wp\/v2\/types\/post"}],"author":[{"embeddable":true,"href":"https:\/\/www.laguiadepamplona.com\/actualidad\/wp-json\/wp\/v2\/users\/1"}],"replies":[{"embeddable":true,"href":"https:\/\/www.laguiadepamplona.com\/actualidad\/wp-json\/wp\/v2\/comments?post=15924"}],"version-history":[{"count":0,"href":"https:\/\/www.laguiadepamplona.com\/actualidad\/wp-json\/wp\/v2\/posts\/15924\/revisions"}],"wp:featuredmedia":[{"embeddable":true,"href":"https:\/\/www.laguiadepamplona.com\/actualidad\/wp-json\/wp\/v2\/media\/11071"}],"wp:attachment":[{"href":"https:\/\/www.laguiadepamplona.com\/actualidad\/wp-json\/wp\/v2\/media?parent=15924"}],"wp:term":[{"taxonomy":"category","embeddable":true,"href":"https:\/\/www.laguiadepamplona.com\/actualidad\/wp-json\/wp\/v2\/categories?post=15924"},{"taxonomy":"post_tag","embeddable":true,"href":"https:\/\/www.laguiadepamplona.com\/actualidad\/wp-json\/wp\/v2\/tags?post=15924"}],"curies":[{"name":"wp","href":"https:\/\/api.w.org\/{rel}","templated":true}]}}