{"id":1590,"date":"2014-05-14T12:51:18","date_gmt":"2014-05-14T11:51:18","guid":{"rendered":"http:\/\/laguiadepamplona.es\/noticias\/?p=1590"},"modified":"2014-05-14T12:51:18","modified_gmt":"2014-05-14T11:51:18","slug":"esta-semana-comienzan-a-repartirse-los-mas-de-112-000-recibos-de-la-contribucion-territorial-e-iae-y-las-tasas-por-vados-y-ocupacion-de-via-publica","status":"publish","type":"post","link":"https:\/\/www.laguiadepamplona.com\/actualidad\/esta-semana-comienzan-a-repartirse-los-mas-de-112-000-recibos-de-la-contribucion-territorial-e-iae-y-las-tasas-por-vados-y-ocupacion-de-via-publica\/","title":{"rendered":"Esta semana comienzan a repartirse los m\u00e1s de 112.000 recibos de la Contribuci\u00f3n Territorial e IAE, y las tasas por Vados y Ocupaci\u00f3n de V\u00eda P\u00fablica"},"content":{"rendered":"<h4>A los mas de 100.000 contribuyentes que tienen los recibos domiciliados se les cargar\u00e1 en cuenta el importe el 6 de junio, \u00faltimo d\u00eda del plazo<\/h4>\n<p><a href=\"http:\/\/laguiadepamplona.es\/noticias\/wp-content\/uploads\/2014\/01\/01_Pamplona.jpg\"><img loading=\"lazy\" decoding=\"async\" class=\"alignleft size-medium wp-image-113\" src=\"http:\/\/laguiadepamplona.es\/noticias\/wp-content\/uploads\/2014\/01\/01_Pamplona-300x225.jpg\" alt=\"01_Pamplona\" width=\"300\" height=\"225\" \/><\/a>El Ayuntamiento de Pamplona ha abierto el plazo para el pago voluntario del Impuesto sobre Actividades Econ\u00f3micas, Tasas de Paso a Trav\u00e9s de Acera (Vados) y Ocupaci\u00f3n de V\u00eda P\u00fablica, as\u00ed como el primer pago de la Contribuci\u00f3n Territorial de 2014. El plazo termina el viernes 6 de junio. Este a\u00f1o los grav\u00e1menes peri\u00f3dicos afectan a 113.327 personas o entidades, que en su gran mayor\u00eda tienen los pagos domiciliados en una cuenta bancaria. Como siempre los ciudadanos con pagos domiciliados no tendr\u00e1n que hacer ninguna gesti\u00f3n, sino que recibir\u00e1n el cargo autom\u00e1ticamente en su cuenta bancaria el \u00faltimo d\u00eda de pago voluntario.<\/p>\n<p>Los 9.166 contribuyentes que no usan el sistema de domiciliaci\u00f3n podr\u00e1n abonar los recibos a trav\u00e9s de banco o caja de ahorros, acudiendo a la Tesorer\u00eda Municipal (calle Mercado 7-9) o a trav\u00e9s de <a href=\"http:\/\/www.pamplona.es\/\" target=\"_blank\">www.pamplona.es<\/a>.<\/p>\n<p><strong>C\u00f3mo pagar un recibo \u2018no domiciliado\u2019<\/strong><\/p>\n<p>Para realizar los pagos de los recibos no domiciliados el ciudadano tienen tres v\u00edas. Por un lado navegar por la secci\u00f3n de \u2018tr\u00e1mites\u2019 y seguir las instrucciones que se le ofrecen en <a href=\"http:\/\/www.pamplona.es\/\" target=\"_blank\">www.pamplona.es<\/a>. Por otro lado, realizar f\u00edsicamente el pago en las oficinas de bancos y cajas de ahorros acudiendo a la entidad con el recibo correspondiente. Finalmente Los abonos se pueden realizar, adem\u00e1s, en la calle Mercado7-9, donde se encuentran las oficinas de la Tesorer\u00eda Municipal.<\/p>\n<p>Pese a no existir obligaci\u00f3n legal, el Consistorio remite siempre a los domicilios de los interesados un recibo en el que se refleja la cantidad adeudada, lo que en ning\u00fan caso se puede considerar una notificaci\u00f3n. Si no llegara recibo alguno por esa v\u00eda, el ciudadano puede solicitar que se le env\u00ede por correo a su domicilio un duplicado a trav\u00e9s del Tel\u00e9fono Atenci\u00f3n Ciudadana 010 en horario de lunes a viernes de 8 a 19 horas y los s\u00e1bados de 9.30 a 13.30 horas.<\/p>\n<p>Las entidades bancarias que admiten estos pagos son La Caixa-Caja Navarra, Banco Bilbao Vizcaya Argentaria, Banco Santander, Banco Popular, Caja Laboral-Kucha y Caja Rural de Navarra, en los horarios espec\u00edficos establecidos por cada entidad y previa presentaci\u00f3n del recibo correspondiente. Para m\u00e1s informaci\u00f3n, se puede llamar al tel\u00e9fono 948 420244 y 948 420254, de 8.30 a 14.30 horas.<\/p>\n<p><strong>Fin de plazo: pagar con recargo<\/strong><\/p>\n<p>Con posterioridad al 6 de junio, el pago podr\u00e1 seguir realiz\u00e1ndose en Tesorer\u00eda y Recaudaci\u00f3n Municipal (calle Mercado 7-9, 2\u00aa planta) pero con los recargos establecidos legalmente en el art\u00edculo 117 de la Ley Foral General Tributaria.<\/p>\n<p>En principio, el recargo ejecutivo ser\u00e1 del 5%, y, una vez notificada la deuda en v\u00eda de apremio se aplicar\u00e1 el recargo de apremio. Ser\u00e1 del 10% si la deuda se satisface en el plazo de un mes desde la notificaci\u00f3n o del 20% (m\u00e1s los intereses de la deuda) en contrario. Dando cumplimiento a la normativa en vigor, la fecha de finalizaci\u00f3n del plazo de pago en voluntario y el sistema de pago est\u00e1n publicados en el BON y se anunciar\u00e1n en prensa local.<\/p>\n<p><strong>Conceptos y cifras<\/strong><\/p>\n<p><strong>Contribuci\u00f3n territorial<\/strong><\/p>\n<ul>\n<li>Es un impuesto que grava la propiedad de un bien inmueble<\/li>\n<li>Periodicidad anual (aunque en el Ayuntamiento de Pamplona, se paga fraccionado en dos mitades)<\/li>\n<li>En 2014 se giran 94.697 recibos de los que no est\u00e1n domiciliados 5.425<\/li>\n<\/ul>\n<p><strong>Impuesto de Actividades Econ\u00f3micas (IAE)<\/strong><\/p>\n<ul>\n<li>Es un impuesto que grava el ejercicio de una actividad econ\u00f3mica por cuenta propia<\/li>\n<li>Periodicidad semestral<\/li>\n<li>En 2014 se giran 16.139 recibos de los que 3.517 no est\u00e1n domiciliados<\/li>\n<\/ul>\n<p><strong>Paso a trav\u00e9s de la acera (Vados)<\/strong><\/p>\n<ul>\n<li>Es una tasa que grava el derecho de paso sobre una acera de uso p\u00fablico para acceder a un local o taller, a garajes y a viviendas, o las reservas de espacios para aparcamiento de autobuses de colegios, autoescuelas y otros.<\/li>\n<li>Periodicidad semestral<\/li>\n<li>En 2014 se giran 1.797 recibos de los que no est\u00e1n domiciliados 91<\/li>\n<\/ul>\n<p><strong>Ocupaci\u00f3n de la v\u00eda p\u00fablica<\/strong><\/p>\n<ul>\n<li>Es una tasa que pagan los interesados en realizar actividades que ocupan de forma permanente los espacios p\u00fablicos de uso com\u00fan (terrazas, parasoles, maceteros, suplementos de calzada, kioscos, etc.)<\/li>\n<li>Periodicidad semestral<\/li>\n<li>En 2014 se giran 694 recibos de los que no est\u00e1n domiciliados 133<\/li>\n<\/ul>\n<p>&nbsp;<\/p>\n","protected":false},"excerpt":{"rendered":"<p>A los mas de 100.000 contribuyentes que tienen los recibos domiciliados se les cargar\u00e1 en cuenta el importe el 6 de junio, \u00faltimo d\u00eda del plazo El Ayuntamiento de Pamplona&#8230;<\/p>\n","protected":false},"author":1,"featured_media":113,"comment_status":"open","ping_status":"open","sticky":false,"template":"","format":"standard","meta":{"footnotes":""},"categories":[2],"tags":[1220,5,6,509,1221,8,1222,9,1223],"class_list":["post-1590","post","type-post","status-publish","format-standard","has-post-thumbnail","hentry","category-ayuntamiento-pamplona","tag-112-000-recibos","tag-actualidad","tag-ayto-pamplona","tag-ayuntamiento-de-pamplona","tag-contribucion-territorial-e-iae","tag-noticias","tag-ocupacion-de-via-publica","tag-pamplona","tag-tasas-por-vados"],"yoast_head":"<!-- This site is optimized with the Yoast SEO plugin v27.5 - https:\/\/yoast.com\/product\/yoast-seo-wordpress\/ -->\n<title>Esta semana comienzan a repartirse los m\u00e1s de 112.000 recibos de la Contribuci\u00f3n Territorial e IAE, y las tasas por Vados y Ocupaci\u00f3n de V\u00eda P\u00fablica<\/title>\n<meta name=\"robots\" content=\"index, follow, max-snippet:-1, max-image-preview:large, max-video-preview:-1\" \/>\n<link rel=\"canonical\" href=\"https:\/\/www.laguiadepamplona.com\/actualidad\/esta-semana-comienzan-a-repartirse-los-mas-de-112-000-recibos-de-la-contribucion-territorial-e-iae-y-las-tasas-por-vados-y-ocupacion-de-via-publica\/\" \/>\n<meta property=\"og:locale\" content=\"es_ES\" \/>\n<meta property=\"og:type\" content=\"article\" \/>\n<meta property=\"og:title\" content=\"Esta semana comienzan a repartirse los m\u00e1s de 112.000 recibos de la Contribuci\u00f3n Territorial e IAE, y las tasas por Vados y Ocupaci\u00f3n de V\u00eda P\u00fablica\" \/>\n<meta property=\"og:description\" content=\"A los mas de 100.000 contribuyentes que tienen los recibos domiciliados se les cargar\u00e1 en cuenta el importe el 6 de junio, \u00faltimo d\u00eda del plazo El Ayuntamiento de Pamplona...\" \/>\n<meta property=\"og:url\" content=\"https:\/\/www.laguiadepamplona.com\/actualidad\/esta-semana-comienzan-a-repartirse-los-mas-de-112-000-recibos-de-la-contribucion-territorial-e-iae-y-las-tasas-por-vados-y-ocupacion-de-via-publica\/\" \/>\n<meta property=\"og:site_name\" content=\"La Gu\u00eda de Pamplona\" \/>\n<meta property=\"article:publisher\" content=\"https:\/\/www.facebook.com\/laguiadepamplonacom-133175176762273\/?ref=hl\" \/>\n<meta property=\"article:published_time\" content=\"2014-05-14T11:51:18+00:00\" \/>\n<meta name=\"author\" content=\"La Gu\u00eda de Pamplona\" \/>\n<meta name=\"twitter:card\" content=\"summary_large_image\" \/>\n<meta name=\"twitter:creator\" content=\"@LaGuiadPamplona\" \/>\n<meta name=\"twitter:site\" content=\"@LaGuiadPamplona\" \/>\n<meta name=\"twitter:label1\" content=\"Escrito por\" \/>\n\t<meta name=\"twitter:data1\" content=\"La Gu\u00eda de Pamplona\" \/>\n\t<meta name=\"twitter:label2\" content=\"Tiempo de lectura\" \/>\n\t<meta name=\"twitter:data2\" content=\"4 minutos\" \/>\n<script type=\"application\/ld+json\" class=\"yoast-schema-graph\">{\"@context\":\"https:\\\/\\\/schema.org\",\"@graph\":[{\"@type\":\"Article\",\"@id\":\"https:\\\/\\\/www.laguiadepamplona.com\\\/actualidad\\\/esta-semana-comienzan-a-repartirse-los-mas-de-112-000-recibos-de-la-contribucion-territorial-e-iae-y-las-tasas-por-vados-y-ocupacion-de-via-publica\\\/#article\",\"isPartOf\":{\"@id\":\"https:\\\/\\\/www.laguiadepamplona.com\\\/actualidad\\\/esta-semana-comienzan-a-repartirse-los-mas-de-112-000-recibos-de-la-contribucion-territorial-e-iae-y-las-tasas-por-vados-y-ocupacion-de-via-publica\\\/\"},\"author\":{\"name\":\"La Gu\u00eda de Pamplona\",\"@id\":\"https:\\\/\\\/www.laguiadepamplona.com\\\/actualidad\\\/#\\\/schema\\\/person\\\/efe887376f0213d4657c93adc50b1fdb\"},\"headline\":\"Esta semana comienzan a repartirse los m\u00e1s de 112.000 recibos de la Contribuci\u00f3n Territorial e IAE, y las tasas por Vados y Ocupaci\u00f3n de V\u00eda P\u00fablica\",\"datePublished\":\"2014-05-14T11:51:18+00:00\",\"mainEntityOfPage\":{\"@id\":\"https:\\\/\\\/www.laguiadepamplona.com\\\/actualidad\\\/esta-semana-comienzan-a-repartirse-los-mas-de-112-000-recibos-de-la-contribucion-territorial-e-iae-y-las-tasas-por-vados-y-ocupacion-de-via-publica\\\/\"},\"wordCount\":773,\"commentCount\":0,\"publisher\":{\"@id\":\"https:\\\/\\\/www.laguiadepamplona.com\\\/actualidad\\\/#organization\"},\"image\":{\"@id\":\"https:\\\/\\\/www.laguiadepamplona.com\\\/actualidad\\\/esta-semana-comienzan-a-repartirse-los-mas-de-112-000-recibos-de-la-contribucion-territorial-e-iae-y-las-tasas-por-vados-y-ocupacion-de-via-publica\\\/#primaryimage\"},\"thumbnailUrl\":\"\",\"keywords\":[\"112.000 recibos\",\"actualidad\",\"ayto pamplona\",\"Ayuntamiento de Pamplona\",\"Contribuci\u00f3n Territorial e IAE\",\"noticias\",\"Ocupaci\u00f3n de V\u00eda P\u00fablica\",\"pamplona\",\"tasas por Vados\"],\"articleSection\":[\"Ayto Pamplona\"],\"inLanguage\":\"es\",\"potentialAction\":[{\"@type\":\"CommentAction\",\"name\":\"Comment\",\"target\":[\"https:\\\/\\\/www.laguiadepamplona.com\\\/actualidad\\\/esta-semana-comienzan-a-repartirse-los-mas-de-112-000-recibos-de-la-contribucion-territorial-e-iae-y-las-tasas-por-vados-y-ocupacion-de-via-publica\\\/#respond\"]}]},{\"@type\":\"WebPage\",\"@id\":\"https:\\\/\\\/www.laguiadepamplona.com\\\/actualidad\\\/esta-semana-comienzan-a-repartirse-los-mas-de-112-000-recibos-de-la-contribucion-territorial-e-iae-y-las-tasas-por-vados-y-ocupacion-de-via-publica\\\/\",\"url\":\"https:\\\/\\\/www.laguiadepamplona.com\\\/actualidad\\\/esta-semana-comienzan-a-repartirse-los-mas-de-112-000-recibos-de-la-contribucion-territorial-e-iae-y-las-tasas-por-vados-y-ocupacion-de-via-publica\\\/\",\"name\":\"Esta semana comienzan a repartirse los m\u00e1s de 112.000 recibos de la Contribuci\u00f3n Territorial e IAE, y las tasas por Vados y Ocupaci\u00f3n de V\u00eda P\u00fablica\",\"isPartOf\":{\"@id\":\"https:\\\/\\\/www.laguiadepamplona.com\\\/actualidad\\\/#website\"},\"primaryImageOfPage\":{\"@id\":\"https:\\\/\\\/www.laguiadepamplona.com\\\/actualidad\\\/esta-semana-comienzan-a-repartirse-los-mas-de-112-000-recibos-de-la-contribucion-territorial-e-iae-y-las-tasas-por-vados-y-ocupacion-de-via-publica\\\/#primaryimage\"},\"image\":{\"@id\":\"https:\\\/\\\/www.laguiadepamplona.com\\\/actualidad\\\/esta-semana-comienzan-a-repartirse-los-mas-de-112-000-recibos-de-la-contribucion-territorial-e-iae-y-las-tasas-por-vados-y-ocupacion-de-via-publica\\\/#primaryimage\"},\"thumbnailUrl\":\"\",\"datePublished\":\"2014-05-14T11:51:18+00:00\",\"breadcrumb\":{\"@id\":\"https:\\\/\\\/www.laguiadepamplona.com\\\/actualidad\\\/esta-semana-comienzan-a-repartirse-los-mas-de-112-000-recibos-de-la-contribucion-territorial-e-iae-y-las-tasas-por-vados-y-ocupacion-de-via-publica\\\/#breadcrumb\"},\"inLanguage\":\"es\",\"potentialAction\":[{\"@type\":\"ReadAction\",\"target\":[\"https:\\\/\\\/www.laguiadepamplona.com\\\/actualidad\\\/esta-semana-comienzan-a-repartirse-los-mas-de-112-000-recibos-de-la-contribucion-territorial-e-iae-y-las-tasas-por-vados-y-ocupacion-de-via-publica\\\/\"]}]},{\"@type\":\"ImageObject\",\"inLanguage\":\"es\",\"@id\":\"https:\\\/\\\/www.laguiadepamplona.com\\\/actualidad\\\/esta-semana-comienzan-a-repartirse-los-mas-de-112-000-recibos-de-la-contribucion-territorial-e-iae-y-las-tasas-por-vados-y-ocupacion-de-via-publica\\\/#primaryimage\",\"url\":\"\",\"contentUrl\":\"\"},{\"@type\":\"BreadcrumbList\",\"@id\":\"https:\\\/\\\/www.laguiadepamplona.com\\\/actualidad\\\/esta-semana-comienzan-a-repartirse-los-mas-de-112-000-recibos-de-la-contribucion-territorial-e-iae-y-las-tasas-por-vados-y-ocupacion-de-via-publica\\\/#breadcrumb\",\"itemListElement\":[{\"@type\":\"ListItem\",\"position\":1,\"name\":\"Portada\",\"item\":\"https:\\\/\\\/www.laguiadepamplona.com\\\/actualidad\\\/\"},{\"@type\":\"ListItem\",\"position\":2,\"name\":\"Esta semana comienzan a repartirse los m\u00e1s de 112.000 recibos de la Contribuci\u00f3n Territorial e IAE, y las tasas por Vados y Ocupaci\u00f3n de V\u00eda P\u00fablica\"}]},{\"@type\":\"WebSite\",\"@id\":\"https:\\\/\\\/www.laguiadepamplona.com\\\/actualidad\\\/#website\",\"url\":\"https:\\\/\\\/www.laguiadepamplona.com\\\/actualidad\\\/\",\"name\":\"La gu\u00eda de Pamplona\",\"description\":\"Noticias de Pamplona\",\"publisher\":{\"@id\":\"https:\\\/\\\/www.laguiadepamplona.com\\\/actualidad\\\/#organization\"},\"potentialAction\":[{\"@type\":\"SearchAction\",\"target\":{\"@type\":\"EntryPoint\",\"urlTemplate\":\"https:\\\/\\\/www.laguiadepamplona.com\\\/actualidad\\\/?s={search_term_string}\"},\"query-input\":{\"@type\":\"PropertyValueSpecification\",\"valueRequired\":true,\"valueName\":\"search_term_string\"}}],\"inLanguage\":\"es\"},{\"@type\":\"Organization\",\"@id\":\"https:\\\/\\\/www.laguiadepamplona.com\\\/actualidad\\\/#organization\",\"name\":\"La Gu\u00eda de Pamplona \\\/ Noticias\",\"url\":\"https:\\\/\\\/www.laguiadepamplona.com\\\/actualidad\\\/\",\"logo\":{\"@type\":\"ImageObject\",\"inLanguage\":\"es\",\"@id\":\"https:\\\/\\\/www.laguiadepamplona.com\\\/actualidad\\\/#\\\/schema\\\/logo\\\/image\\\/\",\"url\":\"https:\\\/\\\/www.laguiadepamplona.com\\\/actualidad\\\/wp-content\\\/uploads\\\/2018\\\/11\\\/logo-laguiadepamplona18-web1.png\",\"contentUrl\":\"https:\\\/\\\/www.laguiadepamplona.com\\\/actualidad\\\/wp-content\\\/uploads\\\/2018\\\/11\\\/logo-laguiadepamplona18-web1.png\",\"width\":600,\"height\":196,\"caption\":\"La Gu\u00eda de Pamplona \\\/ Noticias\"},\"image\":{\"@id\":\"https:\\\/\\\/www.laguiadepamplona.com\\\/actualidad\\\/#\\\/schema\\\/logo\\\/image\\\/\"},\"sameAs\":[\"https:\\\/\\\/www.facebook.com\\\/laguiadepamplonacom-133175176762273\\\/?ref=hl\",\"https:\\\/\\\/x.com\\\/LaGuiadPamplona\",\"https:\\\/\\\/www.instagram.com\\\/la_guia_de_pamplona\\\/\",\"https:\\\/\\\/www.youtube.com\\\/user\\\/laguiadepamplona\"]},{\"@type\":\"Person\",\"@id\":\"https:\\\/\\\/www.laguiadepamplona.com\\\/actualidad\\\/#\\\/schema\\\/person\\\/efe887376f0213d4657c93adc50b1fdb\",\"name\":\"La Gu\u00eda de Pamplona\",\"image\":{\"@type\":\"ImageObject\",\"inLanguage\":\"es\",\"@id\":\"https:\\\/\\\/secure.gravatar.com\\\/avatar\\\/b6992f131dc8d30ab0dff15446e9d346d9dbd95992de0fef795073f5ea83a81c?s=96&d=mm&r=g\",\"url\":\"https:\\\/\\\/secure.gravatar.com\\\/avatar\\\/b6992f131dc8d30ab0dff15446e9d346d9dbd95992de0fef795073f5ea83a81c?s=96&d=mm&r=g\",\"contentUrl\":\"https:\\\/\\\/secure.gravatar.com\\\/avatar\\\/b6992f131dc8d30ab0dff15446e9d346d9dbd95992de0fef795073f5ea83a81c?s=96&d=mm&r=g\",\"caption\":\"La Gu\u00eda de Pamplona\"}}]}<\/script>\n<!-- \/ Yoast SEO plugin. -->","yoast_head_json":{"title":"Esta semana comienzan a repartirse los m\u00e1s de 112.000 recibos de la Contribuci\u00f3n Territorial e IAE, y las tasas por Vados y Ocupaci\u00f3n de V\u00eda P\u00fablica","robots":{"index":"index","follow":"follow","max-snippet":"max-snippet:-1","max-image-preview":"max-image-preview:large","max-video-preview":"max-video-preview:-1"},"canonical":"https:\/\/www.laguiadepamplona.com\/actualidad\/esta-semana-comienzan-a-repartirse-los-mas-de-112-000-recibos-de-la-contribucion-territorial-e-iae-y-las-tasas-por-vados-y-ocupacion-de-via-publica\/","og_locale":"es_ES","og_type":"article","og_title":"Esta semana comienzan a repartirse los m\u00e1s de 112.000 recibos de la Contribuci\u00f3n Territorial e IAE, y las tasas por Vados y Ocupaci\u00f3n de V\u00eda P\u00fablica","og_description":"A los mas de 100.000 contribuyentes que tienen los recibos domiciliados se les cargar\u00e1 en cuenta el importe el 6 de junio, \u00faltimo d\u00eda del plazo El Ayuntamiento de Pamplona...","og_url":"https:\/\/www.laguiadepamplona.com\/actualidad\/esta-semana-comienzan-a-repartirse-los-mas-de-112-000-recibos-de-la-contribucion-territorial-e-iae-y-las-tasas-por-vados-y-ocupacion-de-via-publica\/","og_site_name":"La Gu\u00eda de Pamplona","article_publisher":"https:\/\/www.facebook.com\/laguiadepamplonacom-133175176762273\/?ref=hl","article_published_time":"2014-05-14T11:51:18+00:00","author":"La Gu\u00eda de Pamplona","twitter_card":"summary_large_image","twitter_creator":"@LaGuiadPamplona","twitter_site":"@LaGuiadPamplona","twitter_misc":{"Escrito por":"La Gu\u00eda de Pamplona","Tiempo de lectura":"4 minutos"},"schema":{"@context":"https:\/\/schema.org","@graph":[{"@type":"Article","@id":"https:\/\/www.laguiadepamplona.com\/actualidad\/esta-semana-comienzan-a-repartirse-los-mas-de-112-000-recibos-de-la-contribucion-territorial-e-iae-y-las-tasas-por-vados-y-ocupacion-de-via-publica\/#article","isPartOf":{"@id":"https:\/\/www.laguiadepamplona.com\/actualidad\/esta-semana-comienzan-a-repartirse-los-mas-de-112-000-recibos-de-la-contribucion-territorial-e-iae-y-las-tasas-por-vados-y-ocupacion-de-via-publica\/"},"author":{"name":"La Gu\u00eda de Pamplona","@id":"https:\/\/www.laguiadepamplona.com\/actualidad\/#\/schema\/person\/efe887376f0213d4657c93adc50b1fdb"},"headline":"Esta semana comienzan a repartirse los m\u00e1s de 112.000 recibos de la Contribuci\u00f3n Territorial e IAE, y las tasas por Vados y Ocupaci\u00f3n de V\u00eda P\u00fablica","datePublished":"2014-05-14T11:51:18+00:00","mainEntityOfPage":{"@id":"https:\/\/www.laguiadepamplona.com\/actualidad\/esta-semana-comienzan-a-repartirse-los-mas-de-112-000-recibos-de-la-contribucion-territorial-e-iae-y-las-tasas-por-vados-y-ocupacion-de-via-publica\/"},"wordCount":773,"commentCount":0,"publisher":{"@id":"https:\/\/www.laguiadepamplona.com\/actualidad\/#organization"},"image":{"@id":"https:\/\/www.laguiadepamplona.com\/actualidad\/esta-semana-comienzan-a-repartirse-los-mas-de-112-000-recibos-de-la-contribucion-territorial-e-iae-y-las-tasas-por-vados-y-ocupacion-de-via-publica\/#primaryimage"},"thumbnailUrl":"","keywords":["112.000 recibos","actualidad","ayto pamplona","Ayuntamiento de Pamplona","Contribuci\u00f3n Territorial e IAE","noticias","Ocupaci\u00f3n de V\u00eda P\u00fablica","pamplona","tasas por Vados"],"articleSection":["Ayto Pamplona"],"inLanguage":"es","potentialAction":[{"@type":"CommentAction","name":"Comment","target":["https:\/\/www.laguiadepamplona.com\/actualidad\/esta-semana-comienzan-a-repartirse-los-mas-de-112-000-recibos-de-la-contribucion-territorial-e-iae-y-las-tasas-por-vados-y-ocupacion-de-via-publica\/#respond"]}]},{"@type":"WebPage","@id":"https:\/\/www.laguiadepamplona.com\/actualidad\/esta-semana-comienzan-a-repartirse-los-mas-de-112-000-recibos-de-la-contribucion-territorial-e-iae-y-las-tasas-por-vados-y-ocupacion-de-via-publica\/","url":"https:\/\/www.laguiadepamplona.com\/actualidad\/esta-semana-comienzan-a-repartirse-los-mas-de-112-000-recibos-de-la-contribucion-territorial-e-iae-y-las-tasas-por-vados-y-ocupacion-de-via-publica\/","name":"Esta semana comienzan a repartirse los m\u00e1s de 112.000 recibos de la Contribuci\u00f3n Territorial e IAE, y las tasas por Vados y Ocupaci\u00f3n de V\u00eda P\u00fablica","isPartOf":{"@id":"https:\/\/www.laguiadepamplona.com\/actualidad\/#website"},"primaryImageOfPage":{"@id":"https:\/\/www.laguiadepamplona.com\/actualidad\/esta-semana-comienzan-a-repartirse-los-mas-de-112-000-recibos-de-la-contribucion-territorial-e-iae-y-las-tasas-por-vados-y-ocupacion-de-via-publica\/#primaryimage"},"image":{"@id":"https:\/\/www.laguiadepamplona.com\/actualidad\/esta-semana-comienzan-a-repartirse-los-mas-de-112-000-recibos-de-la-contribucion-territorial-e-iae-y-las-tasas-por-vados-y-ocupacion-de-via-publica\/#primaryimage"},"thumbnailUrl":"","datePublished":"2014-05-14T11:51:18+00:00","breadcrumb":{"@id":"https:\/\/www.laguiadepamplona.com\/actualidad\/esta-semana-comienzan-a-repartirse-los-mas-de-112-000-recibos-de-la-contribucion-territorial-e-iae-y-las-tasas-por-vados-y-ocupacion-de-via-publica\/#breadcrumb"},"inLanguage":"es","potentialAction":[{"@type":"ReadAction","target":["https:\/\/www.laguiadepamplona.com\/actualidad\/esta-semana-comienzan-a-repartirse-los-mas-de-112-000-recibos-de-la-contribucion-territorial-e-iae-y-las-tasas-por-vados-y-ocupacion-de-via-publica\/"]}]},{"@type":"ImageObject","inLanguage":"es","@id":"https:\/\/www.laguiadepamplona.com\/actualidad\/esta-semana-comienzan-a-repartirse-los-mas-de-112-000-recibos-de-la-contribucion-territorial-e-iae-y-las-tasas-por-vados-y-ocupacion-de-via-publica\/#primaryimage","url":"","contentUrl":""},{"@type":"BreadcrumbList","@id":"https:\/\/www.laguiadepamplona.com\/actualidad\/esta-semana-comienzan-a-repartirse-los-mas-de-112-000-recibos-de-la-contribucion-territorial-e-iae-y-las-tasas-por-vados-y-ocupacion-de-via-publica\/#breadcrumb","itemListElement":[{"@type":"ListItem","position":1,"name":"Portada","item":"https:\/\/www.laguiadepamplona.com\/actualidad\/"},{"@type":"ListItem","position":2,"name":"Esta semana comienzan a repartirse los m\u00e1s de 112.000 recibos de la Contribuci\u00f3n Territorial e IAE, y las tasas por Vados y Ocupaci\u00f3n de V\u00eda P\u00fablica"}]},{"@type":"WebSite","@id":"https:\/\/www.laguiadepamplona.com\/actualidad\/#website","url":"https:\/\/www.laguiadepamplona.com\/actualidad\/","name":"La gu\u00eda de Pamplona","description":"Noticias de Pamplona","publisher":{"@id":"https:\/\/www.laguiadepamplona.com\/actualidad\/#organization"},"potentialAction":[{"@type":"SearchAction","target":{"@type":"EntryPoint","urlTemplate":"https:\/\/www.laguiadepamplona.com\/actualidad\/?s={search_term_string}"},"query-input":{"@type":"PropertyValueSpecification","valueRequired":true,"valueName":"search_term_string"}}],"inLanguage":"es"},{"@type":"Organization","@id":"https:\/\/www.laguiadepamplona.com\/actualidad\/#organization","name":"La Gu\u00eda de Pamplona \/ Noticias","url":"https:\/\/www.laguiadepamplona.com\/actualidad\/","logo":{"@type":"ImageObject","inLanguage":"es","@id":"https:\/\/www.laguiadepamplona.com\/actualidad\/#\/schema\/logo\/image\/","url":"https:\/\/www.laguiadepamplona.com\/actualidad\/wp-content\/uploads\/2018\/11\/logo-laguiadepamplona18-web1.png","contentUrl":"https:\/\/www.laguiadepamplona.com\/actualidad\/wp-content\/uploads\/2018\/11\/logo-laguiadepamplona18-web1.png","width":600,"height":196,"caption":"La Gu\u00eda de Pamplona \/ Noticias"},"image":{"@id":"https:\/\/www.laguiadepamplona.com\/actualidad\/#\/schema\/logo\/image\/"},"sameAs":["https:\/\/www.facebook.com\/laguiadepamplonacom-133175176762273\/?ref=hl","https:\/\/x.com\/LaGuiadPamplona","https:\/\/www.instagram.com\/la_guia_de_pamplona\/","https:\/\/www.youtube.com\/user\/laguiadepamplona"]},{"@type":"Person","@id":"https:\/\/www.laguiadepamplona.com\/actualidad\/#\/schema\/person\/efe887376f0213d4657c93adc50b1fdb","name":"La Gu\u00eda de Pamplona","image":{"@type":"ImageObject","inLanguage":"es","@id":"https:\/\/secure.gravatar.com\/avatar\/b6992f131dc8d30ab0dff15446e9d346d9dbd95992de0fef795073f5ea83a81c?s=96&d=mm&r=g","url":"https:\/\/secure.gravatar.com\/avatar\/b6992f131dc8d30ab0dff15446e9d346d9dbd95992de0fef795073f5ea83a81c?s=96&d=mm&r=g","contentUrl":"https:\/\/secure.gravatar.com\/avatar\/b6992f131dc8d30ab0dff15446e9d346d9dbd95992de0fef795073f5ea83a81c?s=96&d=mm&r=g","caption":"La Gu\u00eda de Pamplona"}}]}},"post_mailing_queue_ids":[],"_links":{"self":[{"href":"https:\/\/www.laguiadepamplona.com\/actualidad\/wp-json\/wp\/v2\/posts\/1590","targetHints":{"allow":["GET"]}}],"collection":[{"href":"https:\/\/www.laguiadepamplona.com\/actualidad\/wp-json\/wp\/v2\/posts"}],"about":[{"href":"https:\/\/www.laguiadepamplona.com\/actualidad\/wp-json\/wp\/v2\/types\/post"}],"author":[{"embeddable":true,"href":"https:\/\/www.laguiadepamplona.com\/actualidad\/wp-json\/wp\/v2\/users\/1"}],"replies":[{"embeddable":true,"href":"https:\/\/www.laguiadepamplona.com\/actualidad\/wp-json\/wp\/v2\/comments?post=1590"}],"version-history":[{"count":0,"href":"https:\/\/www.laguiadepamplona.com\/actualidad\/wp-json\/wp\/v2\/posts\/1590\/revisions"}],"wp:featuredmedia":[{"embeddable":true,"href":"https:\/\/www.laguiadepamplona.com\/actualidad\/wp-json\/"}],"wp:attachment":[{"href":"https:\/\/www.laguiadepamplona.com\/actualidad\/wp-json\/wp\/v2\/media?parent=1590"}],"wp:term":[{"taxonomy":"category","embeddable":true,"href":"https:\/\/www.laguiadepamplona.com\/actualidad\/wp-json\/wp\/v2\/categories?post=1590"},{"taxonomy":"post_tag","embeddable":true,"href":"https:\/\/www.laguiadepamplona.com\/actualidad\/wp-json\/wp\/v2\/tags?post=1590"}],"curies":[{"name":"wp","href":"https:\/\/api.w.org\/{rel}","templated":true}]}}