{"id":15883,"date":"2018-01-29T12:00:51","date_gmt":"2018-01-29T11:00:51","guid":{"rendered":"http:\/\/laguiadepamplona.es\/actualidad\/?p=15883"},"modified":"2018-01-29T12:00:51","modified_gmt":"2018-01-29T11:00:51","slug":"la-ruta-de-las-murallas-entre-el-fortin-de-san-bartolome-y-el-archivo-general-de-navarra-ofrece-informacion-en-totems-y-a-traves-de-una-nueva-aplicacion-movil","status":"publish","type":"post","link":"https:\/\/www.laguiadepamplona.com\/actualidad\/la-ruta-de-las-murallas-entre-el-fortin-de-san-bartolome-y-el-archivo-general-de-navarra-ofrece-informacion-en-totems-y-a-traves-de-una-nueva-aplicacion-movil\/","title":{"rendered":"La \u2018Ruta de las Murallas\u2019 entre el Fort\u00edn de San Bartolom\u00e9 y el Archivo General de Navarra ofrece informaci\u00f3n en t\u00f3tems y a trav\u00e9s de una nueva aplicaci\u00f3n m\u00f3vil"},"content":{"rendered":"<h3>La Comisi\u00f3n de Presidencia, encabezada por el alcalde, ha visitado esta ma\u00f1ana el recorrido amurallado<\/h3>\n<p><!--more--><\/p>\n<p>La \u2018Ruta de las Murallas\u2019, que discurre entre el Fort\u00edn de San Bartolom\u00e9 y el Archivo General de Navarra, ofrece informaci\u00f3n sobre aspectos hist\u00f3ricos y culturales en quince t\u00f3tems situados en el recorrido cuyos contenidos son ampliados a trav\u00e9s de una nueva aplicaci\u00f3n m\u00f3vil desarrollada para dar a conocer el entorno de las murallas. La aplicaci\u00f3n, que ha sido dise\u00f1ada teniendo en cuenta la accesibilidad como valor distintivo, es una de las cuatro principales novedades tur\u00edsticas presentadas para este a\u00f1o por el Consistorio pamplon\u00e9s en la Feria Internacional de Turismo celebrada recientemente.<\/p>\n<p>El objetivo es que la visita a la ciudad puede ser disfrutada en igualdad de condiciones por cualquier persona. La aplicaci\u00f3n puede descargarse desde los c\u00f3digos QR que hay en todos los t\u00f3tems o desde Google Play Store en el dispositivo m\u00f3vil. Todos los detalles de la aplicaci\u00f3n han sido presentados esta ma\u00f1ana a la Comisi\u00f3n de Asuntos Ciudadanos que, encabezada por el alcalde, ha visitado el recorrido. La presentaci\u00f3n ha corrido a cargo de la concejala delegada de Econom\u00eda Local Sostenible, Patricia Perales, y la directora del Servicio de Turismo, Mar\u00eda Bezunartea.<\/p>\n<p><strong>T\u00f3tems geolocalizados que permiten enviar notificaciones al m\u00f3vil<\/strong><\/p>\n<p>En 2017 el Ayuntamiento puso en marcha un nuevo concepto de se\u00f1alizaci\u00f3n tur\u00edstica que combina los elementos f\u00edsicos tradicionales con las aplicaciones geocodificadas para m\u00f3viles. Se llev\u00f3 a cabo la identificaci\u00f3n f\u00edsica del tramo de las murallas comprendido entre el Fort\u00edn de San Bartolom\u00e9 y el Archivo General de Navarra. Se quitaron 6 mesas interpretativas que no cumpl\u00edan las normas de accesibilidad y se colocaron t\u00f3tems geolocalizados que permiten por medio de una aplicaci\u00f3n m\u00f3vil realizar un recorrido tur\u00edstico. Una vez descargada la aplicaci\u00f3n y activado el blutooth, cuando el turista pasa por un t\u00f3tem recibe en el m\u00f3vil una notificaci\u00f3n con la informaci\u00f3n. Al igual que el resto de nuevos productos tur\u00edsticos impulsados por el Ayuntamiento, la app es accesible para personas con discapacidad visual, auditiva o cognitiva.<\/p>\n<p>Los quince espacios en los que se han instalado los t\u00f3tems est\u00e1n en Fort\u00edn de San Bartolom\u00e9, Baluarte de Labrit (3 postes repartidos en este tramo), Ronda del Obispo Barbaz\u00e1n (otros 3 t\u00f3tems), Baluarte del Red\u00edn (4 puntos informativos), Portal de Francia (2 t\u00f3tems), Pozo de Nieve y Archivo General de Navarra. Estos t\u00f3tems presentan una breve descripci\u00f3n de cada espacio en castellano, euskera, ingl\u00e9s y franc\u00e9s y cuentan con el c\u00f3digo QR de la aplicaci\u00f3n.<\/p>\n<p>La aplicaci\u00f3n ofrece textos informativos m\u00e1s amplios de los quince espacios, adem\u00e1s de una introducci\u00f3n. Sobre cada una de ellos hay textos e im\u00e1genes antiguas y actuales que permiten ver la evoluci\u00f3n de las murallas y de la ciudad. Asimismo, hay v\u00eddeos que incorporan el lenguaje de signos y subt\u00edtulos en castellano y euskera. La aplicaci\u00f3n tambi\u00e9n permite la locuci\u00f3n de los textos cuando el tel\u00e9fono est\u00e1 configurado para ello. A las cuatro lenguas de los t\u00f3tems une el catal\u00e1n. Adem\u00e1s, incluye un enlace con los datos de la Oficina de Turismo de la Plaza Consistorial y da la opci\u00f3n de contactar con ella para realizar consultas. A modo de juego para los usuarios, en algunos de los puntos informativos se incluye una pregunta sobre el contenido presentado para que los visitantes comprueben su capacidad memor\u00edstica.<\/p>\n<p>&nbsp;<\/p>\n<p><strong>Textos de los t\u00f3tems \u2018ruta de las murallas\u2019<\/strong><\/p>\n<ul>\n<li><strong>&#8211; FORT\u00cdN DE SAN BARTOLOM\u00c9<\/strong><\/li>\n<li>Adecu\u00e1ndose a la evoluci\u00f3n hist\u00f3rica de las armas<\/li>\n<li>La memoria de Pamplona tambi\u00e9n est\u00e1 en las rendijas de sus fortificaciones. Las casernas abovedadas que hay aqu\u00ed adentro protegieron ayer tropas y mercanc\u00edas. Hoy, cuentan la historia de las fortalezas.<\/li>\n<li><strong>2<\/strong><strong>.- BALUARTE DE LABRIT (1)<\/strong><\/li>\n<li>Las murallas del conquistador y la pelota vasca<\/li>\n<li>Espa\u00f1a conquist\u00f3 Navarra (1512) y volvi\u00f3 a fortificar Pamplona. El muro de este baluarte devino en Jito Alai (front\u00f3n de los gitanos), justo frente a la catedral de la pelota vasca, el Front\u00f3n Labrit.<\/li>\n<li><strong>3<\/strong><strong>.- BALUARTE DE LABRIT (2)<\/strong><\/li>\n<li>Un pasadizo, un nombre y una imagen<\/li>\n<li>Pasadizo que atraviesa la muralla para llegar al molino. \u00bfHuy\u00f3 por aqu\u00ed Juan de Labrit, \u00faltimo Rey de la Navarra soberana con capital en Pamplona? En la hornacina, copia de Santa M\u00aa la Real de Pamplona.<\/li>\n<li><strong>4<\/strong><strong>.- BALUARTE DE LABRIT (3) <\/strong><\/li>\n<li>Palacio arzobispal, juder\u00eda y nombres de mujer<\/li>\n<li>El Palacio Arzobispal fue construido en el s. XVIII. Las calles de esta zona configuraron en otro tiempo la juder\u00eda, sinagoga incluida. En el monolito de piedra, nombres de mujeres pamplonesas del s. II.<\/li>\n<li><strong>5<\/strong><strong>.- RONDA DEL OBISPO BARBAZ\u00c1N (1) <\/strong><\/li>\n<li>Una ciudad con profundas ra\u00edces<\/li>\n<li>La poblaci\u00f3n humana es estable, como m\u00ednimo, desde hace 3.000 a\u00f1os. Esta fue la mayor ciudad vascona, sobre ella se desarroll\u00f3 Pamplona tras la llegada del general romano Pompeyo el 75 a.n.e.<\/li>\n<li><strong>6<\/strong><strong>.- RONDA DEL OBISPO BARBAZ\u00c1N (2) <\/strong><\/li>\n<li>El nacimiento del Reino vasc\u00f3n de Pamplona<\/li>\n<li>Opus spicatum ser\u00eda el estilo constructivo de las murallas que el a\u00f1o 778 derruy\u00f3 el emperador franco Carlomagno. D\u00edas despu\u00e9s, los vascones lo derrotaron en Roncesvalles. Nac\u00eda el Reino de Pamplona.<\/li>\n<li><strong>7<\/strong><strong>.- RONDA DEL OBISPO BARBAZ\u00c1N (3) <\/strong><\/li>\n<li>\u201cLingua Navarrorum\u201d &#8211; La lengua del pueblo navarro<\/li>\n<li>Es el nombre con el que se denomina al euskera en el texto del s. XII guardado en la catedral de Pamplona. Palabras en euskera jalonan un texto latino para poder describir correctamente los hechos.<\/li>\n<li><strong>8<\/strong><strong>.- BALUARTE DEL RED\u00cdN (1) <\/strong><\/li>\n<li>Los cordeleros y los rincones de las murallas<\/li>\n<li>Hasta los a\u00f1os 60 del s. XX, las murallas eran el lugar ideal para el trabajo de los cordeleros. Visibles desde las murallas, las lavanderas ocuparon a diario y durante siglos las orillas del r\u00edo Arga.<\/li>\n<li><strong>9<\/strong><strong>.- BALUARTE DEL RED\u00cdN (2) <\/strong><\/li>\n<li>El <em>txakoli <\/em>de la cuenca de Pamplona<\/li>\n<li><em>Se dec\u00eda que la \u201ccuenca de Pamplona\u201d llega hasta donde se oye la campana Mar\u00eda de la Catedral. Un territorio productor de cereal y tambi\u00e9n de <\/em>txakoli<em>, sobre todo tinto, hasta su urbanizaci\u00f3n en el s. XX.<\/em><\/li>\n<li><strong>10<\/strong><strong>.- BALUARTE DEL RED\u00cdN (3) <\/strong><\/li>\n<li>La fuga del Fuerte del monte Ezkaba<\/li>\n<li>Del fuerte del monte Ezkaba se produjo la mayor fuga de presos del franquismo (795), el 22 de mayo de 1938. Casi todos volvieron a ser apresados o fueron asesinados cuando corr\u00edan en busca de la libertad.<\/li>\n<li><strong>11<\/strong><strong>.- BALUARTE DEL RED\u00cdN (4) <\/strong><\/li>\n<li>El Caballo Blanco y la picota<\/li>\n<li>Este palacete que vemos aqu\u00ed, llamado \u201cEl caballo blanco\u201d, se erigi\u00f3 en 1961. Se traslad\u00f3 tambi\u00e9n aqu\u00ed la Cruz del Mentidero, que en realidad era una picota, un lugar de ajusticiamiento.<\/li>\n<li><strong>12<\/strong><strong>.- PORTAL DE FRANCIA (1) <\/strong><\/li>\n<li>Las puertas de la ciudad<\/li>\n<li>La ciudad amurallada ten\u00eda seis \u201cportales\u201d. Hoy solo este sobrevive en su emplazamiento original. Por aqu\u00ed sali\u00f3 una ma\u00f1ana de octubre de 1833, Tom\u00e1s Zumalakarregi, a comandar los Ej\u00e9rcitos Carlistas.<\/li>\n<li><strong>13<\/strong><strong>.- PORTAL DE FRANCIA (2) <\/strong><\/li>\n<li>Palabras de un peregrino del s. XII<\/li>\n<li>\u201cSon un pueblo b\u00e1rbaro, diferente de todos los dem\u00e1s en sus costumbres y naturaleza, colmado de maldades (\u2026)\u201d Son palabras de Aymeric Picaud, peregrino franco que no se lo pas\u00f3 muy bien por estas tierras.<\/li>\n<li><strong>&#8211; POZO DE NIEVE <\/strong><\/li>\n<li>Un frigor\u00edfico natural<\/li>\n<li>Este era uno de los pozos de nieve de la ciudad. Es cil\u00edndrico y tiene 7 metros de profundidad. El hielo se generaba mediante un sistema de capas alternas de nieve y paja. Era atendido por \u201cel nevero\u201d.<\/li>\n<li><strong>15<\/strong><strong>.- ARCHIVO GENERAL DE NAVARRA <\/strong><\/li>\n<li>El Palacio Real, actual Archivo General de Navarra<\/li>\n<li>Sancho el Sabio mand\u00f3 construir en este solar el Palacio Real (XII). El edificio actual es de 2003. Aqu\u00ed se guarda la mayor parte de la documentaci\u00f3n anterior y posterior a la p\u00e9rdida de la independencia.<\/li>\n<\/ul>\n<p>&nbsp;<\/p>\n","protected":false},"excerpt":{"rendered":"<p>La Comisi\u00f3n de Presidencia, encabezada por el alcalde, ha visitado esta ma\u00f1ana el recorrido amurallado<\/p>\n","protected":false},"author":1,"featured_media":11434,"comment_status":"open","ping_status":"closed","sticky":false,"template":"","format":"standard","meta":{"footnotes":""},"categories":[2],"tags":[],"class_list":["post-15883","post","type-post","status-publish","format-standard","has-post-thumbnail","hentry","category-ayuntamiento-pamplona"],"yoast_head":"<!-- This site is optimized with the Yoast SEO plugin v27.5 - https:\/\/yoast.com\/product\/yoast-seo-wordpress\/ -->\n<title>La \u2018Ruta de las Murallas\u2019 entre el Fort\u00edn de San Bartolom\u00e9 y el Archivo General de Navarra ofrece informaci\u00f3n en t\u00f3tems y a trav\u00e9s de una nueva aplicaci\u00f3n m\u00f3vil<\/title>\n<meta name=\"robots\" content=\"index, follow, max-snippet:-1, max-image-preview:large, max-video-preview:-1\" \/>\n<link rel=\"canonical\" href=\"https:\/\/www.laguiadepamplona.com\/actualidad\/la-ruta-de-las-murallas-entre-el-fortin-de-san-bartolome-y-el-archivo-general-de-navarra-ofrece-informacion-en-totems-y-a-traves-de-una-nueva-aplicacion-movil\/\" \/>\n<meta property=\"og:locale\" content=\"es_ES\" \/>\n<meta property=\"og:type\" content=\"article\" \/>\n<meta property=\"og:title\" content=\"La \u2018Ruta de las Murallas\u2019 entre el Fort\u00edn de San Bartolom\u00e9 y el Archivo General de Navarra ofrece informaci\u00f3n en t\u00f3tems y a trav\u00e9s de una nueva aplicaci\u00f3n m\u00f3vil\" \/>\n<meta property=\"og:description\" content=\"La Comisi\u00f3n de Presidencia, encabezada por el alcalde, ha visitado esta ma\u00f1ana el recorrido amurallado\" \/>\n<meta property=\"og:url\" content=\"https:\/\/www.laguiadepamplona.com\/actualidad\/la-ruta-de-las-murallas-entre-el-fortin-de-san-bartolome-y-el-archivo-general-de-navarra-ofrece-informacion-en-totems-y-a-traves-de-una-nueva-aplicacion-movil\/\" \/>\n<meta property=\"og:site_name\" content=\"La Gu\u00eda de Pamplona\" \/>\n<meta property=\"article:publisher\" content=\"https:\/\/www.facebook.com\/laguiadepamplonacom-133175176762273\/?ref=hl\" \/>\n<meta property=\"article:published_time\" content=\"2018-01-29T11:00:51+00:00\" \/>\n<meta property=\"og:image\" content=\"https:\/\/www.laguiadepamplona.com\/actualidad\/wp-content\/uploads\/2017\/01\/ciudadela_general1.jpg\" \/>\n\t<meta property=\"og:image:width\" content=\"1100\" \/>\n\t<meta property=\"og:image:height\" content=\"550\" \/>\n\t<meta property=\"og:image:type\" content=\"image\/jpeg\" \/>\n<meta name=\"author\" content=\"La Gu\u00eda de Pamplona\" \/>\n<meta name=\"twitter:card\" content=\"summary_large_image\" \/>\n<meta name=\"twitter:creator\" content=\"@LaGuiadPamplona\" \/>\n<meta name=\"twitter:site\" content=\"@LaGuiadPamplona\" \/>\n<meta name=\"twitter:label1\" content=\"Escrito por\" \/>\n\t<meta name=\"twitter:data1\" content=\"La Gu\u00eda de Pamplona\" \/>\n\t<meta name=\"twitter:label2\" content=\"Tiempo de lectura\" \/>\n\t<meta name=\"twitter:data2\" content=\"7 minutos\" \/>\n<script type=\"application\/ld+json\" class=\"yoast-schema-graph\">{\"@context\":\"https:\\\/\\\/schema.org\",\"@graph\":[{\"@type\":\"Article\",\"@id\":\"https:\\\/\\\/www.laguiadepamplona.com\\\/actualidad\\\/la-ruta-de-las-murallas-entre-el-fortin-de-san-bartolome-y-el-archivo-general-de-navarra-ofrece-informacion-en-totems-y-a-traves-de-una-nueva-aplicacion-movil\\\/#article\",\"isPartOf\":{\"@id\":\"https:\\\/\\\/www.laguiadepamplona.com\\\/actualidad\\\/la-ruta-de-las-murallas-entre-el-fortin-de-san-bartolome-y-el-archivo-general-de-navarra-ofrece-informacion-en-totems-y-a-traves-de-una-nueva-aplicacion-movil\\\/\"},\"author\":{\"name\":\"La Gu\u00eda de Pamplona\",\"@id\":\"https:\\\/\\\/www.laguiadepamplona.com\\\/actualidad\\\/#\\\/schema\\\/person\\\/efe887376f0213d4657c93adc50b1fdb\"},\"headline\":\"La \u2018Ruta de las Murallas\u2019 entre el Fort\u00edn de San Bartolom\u00e9 y el Archivo General de Navarra ofrece informaci\u00f3n en t\u00f3tems y a trav\u00e9s de una nueva aplicaci\u00f3n m\u00f3vil\",\"datePublished\":\"2018-01-29T11:00:51+00:00\",\"mainEntityOfPage\":{\"@id\":\"https:\\\/\\\/www.laguiadepamplona.com\\\/actualidad\\\/la-ruta-de-las-murallas-entre-el-fortin-de-san-bartolome-y-el-archivo-general-de-navarra-ofrece-informacion-en-totems-y-a-traves-de-una-nueva-aplicacion-movil\\\/\"},\"wordCount\":1378,\"commentCount\":0,\"publisher\":{\"@id\":\"https:\\\/\\\/www.laguiadepamplona.com\\\/actualidad\\\/#organization\"},\"image\":{\"@id\":\"https:\\\/\\\/www.laguiadepamplona.com\\\/actualidad\\\/la-ruta-de-las-murallas-entre-el-fortin-de-san-bartolome-y-el-archivo-general-de-navarra-ofrece-informacion-en-totems-y-a-traves-de-una-nueva-aplicacion-movil\\\/#primaryimage\"},\"thumbnailUrl\":\"https:\\\/\\\/www.laguiadepamplona.com\\\/actualidad\\\/wp-content\\\/uploads\\\/2017\\\/01\\\/ciudadela_general1.jpg\",\"articleSection\":[\"Ayto Pamplona\"],\"inLanguage\":\"es\",\"potentialAction\":[{\"@type\":\"CommentAction\",\"name\":\"Comment\",\"target\":[\"https:\\\/\\\/www.laguiadepamplona.com\\\/actualidad\\\/la-ruta-de-las-murallas-entre-el-fortin-de-san-bartolome-y-el-archivo-general-de-navarra-ofrece-informacion-en-totems-y-a-traves-de-una-nueva-aplicacion-movil\\\/#respond\"]}]},{\"@type\":\"WebPage\",\"@id\":\"https:\\\/\\\/www.laguiadepamplona.com\\\/actualidad\\\/la-ruta-de-las-murallas-entre-el-fortin-de-san-bartolome-y-el-archivo-general-de-navarra-ofrece-informacion-en-totems-y-a-traves-de-una-nueva-aplicacion-movil\\\/\",\"url\":\"https:\\\/\\\/www.laguiadepamplona.com\\\/actualidad\\\/la-ruta-de-las-murallas-entre-el-fortin-de-san-bartolome-y-el-archivo-general-de-navarra-ofrece-informacion-en-totems-y-a-traves-de-una-nueva-aplicacion-movil\\\/\",\"name\":\"La \u2018Ruta de las Murallas\u2019 entre el Fort\u00edn de San Bartolom\u00e9 y el Archivo General de Navarra ofrece informaci\u00f3n en t\u00f3tems y a trav\u00e9s de una nueva aplicaci\u00f3n m\u00f3vil\",\"isPartOf\":{\"@id\":\"https:\\\/\\\/www.laguiadepamplona.com\\\/actualidad\\\/#website\"},\"primaryImageOfPage\":{\"@id\":\"https:\\\/\\\/www.laguiadepamplona.com\\\/actualidad\\\/la-ruta-de-las-murallas-entre-el-fortin-de-san-bartolome-y-el-archivo-general-de-navarra-ofrece-informacion-en-totems-y-a-traves-de-una-nueva-aplicacion-movil\\\/#primaryimage\"},\"image\":{\"@id\":\"https:\\\/\\\/www.laguiadepamplona.com\\\/actualidad\\\/la-ruta-de-las-murallas-entre-el-fortin-de-san-bartolome-y-el-archivo-general-de-navarra-ofrece-informacion-en-totems-y-a-traves-de-una-nueva-aplicacion-movil\\\/#primaryimage\"},\"thumbnailUrl\":\"https:\\\/\\\/www.laguiadepamplona.com\\\/actualidad\\\/wp-content\\\/uploads\\\/2017\\\/01\\\/ciudadela_general1.jpg\",\"datePublished\":\"2018-01-29T11:00:51+00:00\",\"breadcrumb\":{\"@id\":\"https:\\\/\\\/www.laguiadepamplona.com\\\/actualidad\\\/la-ruta-de-las-murallas-entre-el-fortin-de-san-bartolome-y-el-archivo-general-de-navarra-ofrece-informacion-en-totems-y-a-traves-de-una-nueva-aplicacion-movil\\\/#breadcrumb\"},\"inLanguage\":\"es\",\"potentialAction\":[{\"@type\":\"ReadAction\",\"target\":[\"https:\\\/\\\/www.laguiadepamplona.com\\\/actualidad\\\/la-ruta-de-las-murallas-entre-el-fortin-de-san-bartolome-y-el-archivo-general-de-navarra-ofrece-informacion-en-totems-y-a-traves-de-una-nueva-aplicacion-movil\\\/\"]}]},{\"@type\":\"ImageObject\",\"inLanguage\":\"es\",\"@id\":\"https:\\\/\\\/www.laguiadepamplona.com\\\/actualidad\\\/la-ruta-de-las-murallas-entre-el-fortin-de-san-bartolome-y-el-archivo-general-de-navarra-ofrece-informacion-en-totems-y-a-traves-de-una-nueva-aplicacion-movil\\\/#primaryimage\",\"url\":\"https:\\\/\\\/www.laguiadepamplona.com\\\/actualidad\\\/wp-content\\\/uploads\\\/2017\\\/01\\\/ciudadela_general1.jpg\",\"contentUrl\":\"https:\\\/\\\/www.laguiadepamplona.com\\\/actualidad\\\/wp-content\\\/uploads\\\/2017\\\/01\\\/ciudadela_general1.jpg\",\"width\":1100,\"height\":550},{\"@type\":\"BreadcrumbList\",\"@id\":\"https:\\\/\\\/www.laguiadepamplona.com\\\/actualidad\\\/la-ruta-de-las-murallas-entre-el-fortin-de-san-bartolome-y-el-archivo-general-de-navarra-ofrece-informacion-en-totems-y-a-traves-de-una-nueva-aplicacion-movil\\\/#breadcrumb\",\"itemListElement\":[{\"@type\":\"ListItem\",\"position\":1,\"name\":\"Portada\",\"item\":\"https:\\\/\\\/www.laguiadepamplona.com\\\/actualidad\\\/\"},{\"@type\":\"ListItem\",\"position\":2,\"name\":\"La \u2018Ruta de las Murallas\u2019 entre el Fort\u00edn de San Bartolom\u00e9 y el Archivo General de Navarra ofrece informaci\u00f3n en t\u00f3tems y a trav\u00e9s de una nueva aplicaci\u00f3n m\u00f3vil\"}]},{\"@type\":\"WebSite\",\"@id\":\"https:\\\/\\\/www.laguiadepamplona.com\\\/actualidad\\\/#website\",\"url\":\"https:\\\/\\\/www.laguiadepamplona.com\\\/actualidad\\\/\",\"name\":\"La gu\u00eda de Pamplona\",\"description\":\"Noticias de Pamplona\",\"publisher\":{\"@id\":\"https:\\\/\\\/www.laguiadepamplona.com\\\/actualidad\\\/#organization\"},\"potentialAction\":[{\"@type\":\"SearchAction\",\"target\":{\"@type\":\"EntryPoint\",\"urlTemplate\":\"https:\\\/\\\/www.laguiadepamplona.com\\\/actualidad\\\/?s={search_term_string}\"},\"query-input\":{\"@type\":\"PropertyValueSpecification\",\"valueRequired\":true,\"valueName\":\"search_term_string\"}}],\"inLanguage\":\"es\"},{\"@type\":\"Organization\",\"@id\":\"https:\\\/\\\/www.laguiadepamplona.com\\\/actualidad\\\/#organization\",\"name\":\"La Gu\u00eda de Pamplona \\\/ Noticias\",\"url\":\"https:\\\/\\\/www.laguiadepamplona.com\\\/actualidad\\\/\",\"logo\":{\"@type\":\"ImageObject\",\"inLanguage\":\"es\",\"@id\":\"https:\\\/\\\/www.laguiadepamplona.com\\\/actualidad\\\/#\\\/schema\\\/logo\\\/image\\\/\",\"url\":\"https:\\\/\\\/www.laguiadepamplona.com\\\/actualidad\\\/wp-content\\\/uploads\\\/2018\\\/11\\\/logo-laguiadepamplona18-web1.png\",\"contentUrl\":\"https:\\\/\\\/www.laguiadepamplona.com\\\/actualidad\\\/wp-content\\\/uploads\\\/2018\\\/11\\\/logo-laguiadepamplona18-web1.png\",\"width\":600,\"height\":196,\"caption\":\"La Gu\u00eda de Pamplona \\\/ Noticias\"},\"image\":{\"@id\":\"https:\\\/\\\/www.laguiadepamplona.com\\\/actualidad\\\/#\\\/schema\\\/logo\\\/image\\\/\"},\"sameAs\":[\"https:\\\/\\\/www.facebook.com\\\/laguiadepamplonacom-133175176762273\\\/?ref=hl\",\"https:\\\/\\\/x.com\\\/LaGuiadPamplona\",\"https:\\\/\\\/www.instagram.com\\\/la_guia_de_pamplona\\\/\",\"https:\\\/\\\/www.youtube.com\\\/user\\\/laguiadepamplona\"]},{\"@type\":\"Person\",\"@id\":\"https:\\\/\\\/www.laguiadepamplona.com\\\/actualidad\\\/#\\\/schema\\\/person\\\/efe887376f0213d4657c93adc50b1fdb\",\"name\":\"La Gu\u00eda de Pamplona\",\"image\":{\"@type\":\"ImageObject\",\"inLanguage\":\"es\",\"@id\":\"https:\\\/\\\/secure.gravatar.com\\\/avatar\\\/b6992f131dc8d30ab0dff15446e9d346d9dbd95992de0fef795073f5ea83a81c?s=96&d=mm&r=g\",\"url\":\"https:\\\/\\\/secure.gravatar.com\\\/avatar\\\/b6992f131dc8d30ab0dff15446e9d346d9dbd95992de0fef795073f5ea83a81c?s=96&d=mm&r=g\",\"contentUrl\":\"https:\\\/\\\/secure.gravatar.com\\\/avatar\\\/b6992f131dc8d30ab0dff15446e9d346d9dbd95992de0fef795073f5ea83a81c?s=96&d=mm&r=g\",\"caption\":\"La Gu\u00eda de Pamplona\"}}]}<\/script>\n<!-- \/ Yoast SEO plugin. -->","yoast_head_json":{"title":"La \u2018Ruta de las Murallas\u2019 entre el Fort\u00edn de San Bartolom\u00e9 y el Archivo General de Navarra ofrece informaci\u00f3n en t\u00f3tems y a trav\u00e9s de una nueva aplicaci\u00f3n m\u00f3vil","robots":{"index":"index","follow":"follow","max-snippet":"max-snippet:-1","max-image-preview":"max-image-preview:large","max-video-preview":"max-video-preview:-1"},"canonical":"https:\/\/www.laguiadepamplona.com\/actualidad\/la-ruta-de-las-murallas-entre-el-fortin-de-san-bartolome-y-el-archivo-general-de-navarra-ofrece-informacion-en-totems-y-a-traves-de-una-nueva-aplicacion-movil\/","og_locale":"es_ES","og_type":"article","og_title":"La \u2018Ruta de las Murallas\u2019 entre el Fort\u00edn de San Bartolom\u00e9 y el Archivo General de Navarra ofrece informaci\u00f3n en t\u00f3tems y a trav\u00e9s de una nueva aplicaci\u00f3n m\u00f3vil","og_description":"La Comisi\u00f3n de Presidencia, encabezada por el alcalde, ha visitado esta ma\u00f1ana el recorrido amurallado","og_url":"https:\/\/www.laguiadepamplona.com\/actualidad\/la-ruta-de-las-murallas-entre-el-fortin-de-san-bartolome-y-el-archivo-general-de-navarra-ofrece-informacion-en-totems-y-a-traves-de-una-nueva-aplicacion-movil\/","og_site_name":"La Gu\u00eda de Pamplona","article_publisher":"https:\/\/www.facebook.com\/laguiadepamplonacom-133175176762273\/?ref=hl","article_published_time":"2018-01-29T11:00:51+00:00","og_image":[{"width":1100,"height":550,"url":"https:\/\/www.laguiadepamplona.com\/actualidad\/wp-content\/uploads\/2017\/01\/ciudadela_general1.jpg","type":"image\/jpeg"}],"author":"La Gu\u00eda de Pamplona","twitter_card":"summary_large_image","twitter_creator":"@LaGuiadPamplona","twitter_site":"@LaGuiadPamplona","twitter_misc":{"Escrito por":"La Gu\u00eda de Pamplona","Tiempo de lectura":"7 minutos"},"schema":{"@context":"https:\/\/schema.org","@graph":[{"@type":"Article","@id":"https:\/\/www.laguiadepamplona.com\/actualidad\/la-ruta-de-las-murallas-entre-el-fortin-de-san-bartolome-y-el-archivo-general-de-navarra-ofrece-informacion-en-totems-y-a-traves-de-una-nueva-aplicacion-movil\/#article","isPartOf":{"@id":"https:\/\/www.laguiadepamplona.com\/actualidad\/la-ruta-de-las-murallas-entre-el-fortin-de-san-bartolome-y-el-archivo-general-de-navarra-ofrece-informacion-en-totems-y-a-traves-de-una-nueva-aplicacion-movil\/"},"author":{"name":"La Gu\u00eda de Pamplona","@id":"https:\/\/www.laguiadepamplona.com\/actualidad\/#\/schema\/person\/efe887376f0213d4657c93adc50b1fdb"},"headline":"La \u2018Ruta de las Murallas\u2019 entre el Fort\u00edn de San Bartolom\u00e9 y el Archivo General de Navarra ofrece informaci\u00f3n en t\u00f3tems y a trav\u00e9s de una nueva aplicaci\u00f3n m\u00f3vil","datePublished":"2018-01-29T11:00:51+00:00","mainEntityOfPage":{"@id":"https:\/\/www.laguiadepamplona.com\/actualidad\/la-ruta-de-las-murallas-entre-el-fortin-de-san-bartolome-y-el-archivo-general-de-navarra-ofrece-informacion-en-totems-y-a-traves-de-una-nueva-aplicacion-movil\/"},"wordCount":1378,"commentCount":0,"publisher":{"@id":"https:\/\/www.laguiadepamplona.com\/actualidad\/#organization"},"image":{"@id":"https:\/\/www.laguiadepamplona.com\/actualidad\/la-ruta-de-las-murallas-entre-el-fortin-de-san-bartolome-y-el-archivo-general-de-navarra-ofrece-informacion-en-totems-y-a-traves-de-una-nueva-aplicacion-movil\/#primaryimage"},"thumbnailUrl":"https:\/\/www.laguiadepamplona.com\/actualidad\/wp-content\/uploads\/2017\/01\/ciudadela_general1.jpg","articleSection":["Ayto Pamplona"],"inLanguage":"es","potentialAction":[{"@type":"CommentAction","name":"Comment","target":["https:\/\/www.laguiadepamplona.com\/actualidad\/la-ruta-de-las-murallas-entre-el-fortin-de-san-bartolome-y-el-archivo-general-de-navarra-ofrece-informacion-en-totems-y-a-traves-de-una-nueva-aplicacion-movil\/#respond"]}]},{"@type":"WebPage","@id":"https:\/\/www.laguiadepamplona.com\/actualidad\/la-ruta-de-las-murallas-entre-el-fortin-de-san-bartolome-y-el-archivo-general-de-navarra-ofrece-informacion-en-totems-y-a-traves-de-una-nueva-aplicacion-movil\/","url":"https:\/\/www.laguiadepamplona.com\/actualidad\/la-ruta-de-las-murallas-entre-el-fortin-de-san-bartolome-y-el-archivo-general-de-navarra-ofrece-informacion-en-totems-y-a-traves-de-una-nueva-aplicacion-movil\/","name":"La \u2018Ruta de las Murallas\u2019 entre el Fort\u00edn de San Bartolom\u00e9 y el Archivo General de Navarra ofrece informaci\u00f3n en t\u00f3tems y a trav\u00e9s de una nueva aplicaci\u00f3n m\u00f3vil","isPartOf":{"@id":"https:\/\/www.laguiadepamplona.com\/actualidad\/#website"},"primaryImageOfPage":{"@id":"https:\/\/www.laguiadepamplona.com\/actualidad\/la-ruta-de-las-murallas-entre-el-fortin-de-san-bartolome-y-el-archivo-general-de-navarra-ofrece-informacion-en-totems-y-a-traves-de-una-nueva-aplicacion-movil\/#primaryimage"},"image":{"@id":"https:\/\/www.laguiadepamplona.com\/actualidad\/la-ruta-de-las-murallas-entre-el-fortin-de-san-bartolome-y-el-archivo-general-de-navarra-ofrece-informacion-en-totems-y-a-traves-de-una-nueva-aplicacion-movil\/#primaryimage"},"thumbnailUrl":"https:\/\/www.laguiadepamplona.com\/actualidad\/wp-content\/uploads\/2017\/01\/ciudadela_general1.jpg","datePublished":"2018-01-29T11:00:51+00:00","breadcrumb":{"@id":"https:\/\/www.laguiadepamplona.com\/actualidad\/la-ruta-de-las-murallas-entre-el-fortin-de-san-bartolome-y-el-archivo-general-de-navarra-ofrece-informacion-en-totems-y-a-traves-de-una-nueva-aplicacion-movil\/#breadcrumb"},"inLanguage":"es","potentialAction":[{"@type":"ReadAction","target":["https:\/\/www.laguiadepamplona.com\/actualidad\/la-ruta-de-las-murallas-entre-el-fortin-de-san-bartolome-y-el-archivo-general-de-navarra-ofrece-informacion-en-totems-y-a-traves-de-una-nueva-aplicacion-movil\/"]}]},{"@type":"ImageObject","inLanguage":"es","@id":"https:\/\/www.laguiadepamplona.com\/actualidad\/la-ruta-de-las-murallas-entre-el-fortin-de-san-bartolome-y-el-archivo-general-de-navarra-ofrece-informacion-en-totems-y-a-traves-de-una-nueva-aplicacion-movil\/#primaryimage","url":"https:\/\/www.laguiadepamplona.com\/actualidad\/wp-content\/uploads\/2017\/01\/ciudadela_general1.jpg","contentUrl":"https:\/\/www.laguiadepamplona.com\/actualidad\/wp-content\/uploads\/2017\/01\/ciudadela_general1.jpg","width":1100,"height":550},{"@type":"BreadcrumbList","@id":"https:\/\/www.laguiadepamplona.com\/actualidad\/la-ruta-de-las-murallas-entre-el-fortin-de-san-bartolome-y-el-archivo-general-de-navarra-ofrece-informacion-en-totems-y-a-traves-de-una-nueva-aplicacion-movil\/#breadcrumb","itemListElement":[{"@type":"ListItem","position":1,"name":"Portada","item":"https:\/\/www.laguiadepamplona.com\/actualidad\/"},{"@type":"ListItem","position":2,"name":"La \u2018Ruta de las Murallas\u2019 entre el Fort\u00edn de San Bartolom\u00e9 y el Archivo General de Navarra ofrece informaci\u00f3n en t\u00f3tems y a trav\u00e9s de una nueva aplicaci\u00f3n m\u00f3vil"}]},{"@type":"WebSite","@id":"https:\/\/www.laguiadepamplona.com\/actualidad\/#website","url":"https:\/\/www.laguiadepamplona.com\/actualidad\/","name":"La gu\u00eda de Pamplona","description":"Noticias de Pamplona","publisher":{"@id":"https:\/\/www.laguiadepamplona.com\/actualidad\/#organization"},"potentialAction":[{"@type":"SearchAction","target":{"@type":"EntryPoint","urlTemplate":"https:\/\/www.laguiadepamplona.com\/actualidad\/?s={search_term_string}"},"query-input":{"@type":"PropertyValueSpecification","valueRequired":true,"valueName":"search_term_string"}}],"inLanguage":"es"},{"@type":"Organization","@id":"https:\/\/www.laguiadepamplona.com\/actualidad\/#organization","name":"La Gu\u00eda de Pamplona \/ Noticias","url":"https:\/\/www.laguiadepamplona.com\/actualidad\/","logo":{"@type":"ImageObject","inLanguage":"es","@id":"https:\/\/www.laguiadepamplona.com\/actualidad\/#\/schema\/logo\/image\/","url":"https:\/\/www.laguiadepamplona.com\/actualidad\/wp-content\/uploads\/2018\/11\/logo-laguiadepamplona18-web1.png","contentUrl":"https:\/\/www.laguiadepamplona.com\/actualidad\/wp-content\/uploads\/2018\/11\/logo-laguiadepamplona18-web1.png","width":600,"height":196,"caption":"La Gu\u00eda de Pamplona \/ Noticias"},"image":{"@id":"https:\/\/www.laguiadepamplona.com\/actualidad\/#\/schema\/logo\/image\/"},"sameAs":["https:\/\/www.facebook.com\/laguiadepamplonacom-133175176762273\/?ref=hl","https:\/\/x.com\/LaGuiadPamplona","https:\/\/www.instagram.com\/la_guia_de_pamplona\/","https:\/\/www.youtube.com\/user\/laguiadepamplona"]},{"@type":"Person","@id":"https:\/\/www.laguiadepamplona.com\/actualidad\/#\/schema\/person\/efe887376f0213d4657c93adc50b1fdb","name":"La Gu\u00eda de Pamplona","image":{"@type":"ImageObject","inLanguage":"es","@id":"https:\/\/secure.gravatar.com\/avatar\/b6992f131dc8d30ab0dff15446e9d346d9dbd95992de0fef795073f5ea83a81c?s=96&d=mm&r=g","url":"https:\/\/secure.gravatar.com\/avatar\/b6992f131dc8d30ab0dff15446e9d346d9dbd95992de0fef795073f5ea83a81c?s=96&d=mm&r=g","contentUrl":"https:\/\/secure.gravatar.com\/avatar\/b6992f131dc8d30ab0dff15446e9d346d9dbd95992de0fef795073f5ea83a81c?s=96&d=mm&r=g","caption":"La Gu\u00eda de Pamplona"}}]}},"post_mailing_queue_ids":[],"_links":{"self":[{"href":"https:\/\/www.laguiadepamplona.com\/actualidad\/wp-json\/wp\/v2\/posts\/15883","targetHints":{"allow":["GET"]}}],"collection":[{"href":"https:\/\/www.laguiadepamplona.com\/actualidad\/wp-json\/wp\/v2\/posts"}],"about":[{"href":"https:\/\/www.laguiadepamplona.com\/actualidad\/wp-json\/wp\/v2\/types\/post"}],"author":[{"embeddable":true,"href":"https:\/\/www.laguiadepamplona.com\/actualidad\/wp-json\/wp\/v2\/users\/1"}],"replies":[{"embeddable":true,"href":"https:\/\/www.laguiadepamplona.com\/actualidad\/wp-json\/wp\/v2\/comments?post=15883"}],"version-history":[{"count":0,"href":"https:\/\/www.laguiadepamplona.com\/actualidad\/wp-json\/wp\/v2\/posts\/15883\/revisions"}],"wp:featuredmedia":[{"embeddable":true,"href":"https:\/\/www.laguiadepamplona.com\/actualidad\/wp-json\/wp\/v2\/media\/11434"}],"wp:attachment":[{"href":"https:\/\/www.laguiadepamplona.com\/actualidad\/wp-json\/wp\/v2\/media?parent=15883"}],"wp:term":[{"taxonomy":"category","embeddable":true,"href":"https:\/\/www.laguiadepamplona.com\/actualidad\/wp-json\/wp\/v2\/categories?post=15883"},{"taxonomy":"post_tag","embeddable":true,"href":"https:\/\/www.laguiadepamplona.com\/actualidad\/wp-json\/wp\/v2\/tags?post=15883"}],"curies":[{"name":"wp","href":"https:\/\/api.w.org\/{rel}","templated":true}]}}