{"id":1571,"date":"2014-05-14T12:21:28","date_gmt":"2014-05-14T11:21:28","guid":{"rendered":"http:\/\/laguiadepamplona.es\/noticias\/?p=1571"},"modified":"2014-05-14T12:21:28","modified_gmt":"2014-05-14T11:21:28","slug":"nueve-personas-contratadas-por-el-ayuntamiento-de-pamplona-trabajaran-a-partir-de-manana-en-mejorar-los-locales-de-formacion-de-la-calle-monasterio-de-fitero","status":"publish","type":"post","link":"https:\/\/www.laguiadepamplona.com\/actualidad\/nueve-personas-contratadas-por-el-ayuntamiento-de-pamplona-trabajaran-a-partir-de-manana-en-mejorar-los-locales-de-formacion-de-la-calle-monasterio-de-fitero\/","title":{"rendered":"Nueve personas, contratadas por el Ayuntamiento de Pamplona, trabajar\u00e1n a partir de ma\u00f1ana en mejorar los locales de formaci\u00f3n de la calle Monasterio de Fitero"},"content":{"rendered":"<h4>Hasta octubre har\u00e1n obras y servicios de inter\u00e9s general y social, con financiaci\u00f3n del Consistorio, Gobierno de Navarra y Fondo Social Europeo<\/h4>\n<p class=\"Textonota\"><span lang=\"ES-TRAD\"><a href=\"http:\/\/laguiadepamplona.es\/noticias\/wp-content\/uploads\/2014\/05\/obras_interes_general_social2013_casa_irujo2.jpg\"><img loading=\"lazy\" decoding=\"async\" class=\"alignleft size-medium wp-image-1572\" src=\"http:\/\/laguiadepamplona.es\/noticias\/wp-content\/uploads\/2014\/05\/obras_interes_general_social2013_casa_irujo2-300x225.jpg\" alt=\"OLYMPUS DIGITAL CAMERA\" width=\"300\" height=\"225\" \/><\/a>Ma\u00f1ana comienzan su trabajo nueve personas que han sido contratadas por el Ayuntamiento de Pamplona para obras y servicios de inter\u00e9s general y social, gracias a la financiaci\u00f3n del propio Consistorio y de la que el <\/span>Servicio Navarro de Empleo (SNE) y el Fondo Social Europeo ponen a disposici\u00f3n de las entidades locales de Navarra. Todas ellas se encontraban desempleadas y se encuadraban en los denominados colectivos con mayores dificultad de inserci\u00f3n (menores de 30 a\u00f1os, mayores de 50, parados de larga duraci\u00f3n, etc).<\/p>\n<p class=\"Textonota\"><img loading=\"lazy\" decoding=\"async\" class=\"alignleft size-medium wp-image-1574\" src=\"http:\/\/laguiadepamplona.es\/noticias\/wp-content\/uploads\/2014\/05\/obras_interes_general_social2013_casa_irujo-300x225.jpg\" alt=\"OLYMPUS DIGITAL CAMERA\" width=\"300\" height=\"225\" \/>Un aparejador, un encargado de obra, cuatro alba\u00f1iles oficiales de primera y 3 peones se encargar\u00e1n de realizar la adecuaci\u00f3n del edificio que el Ayuntamiento de Pamplona destina a formaci\u00f3n en la calle Monasterio de Fitero N\u00ba 15. Hasta el 31 de octubre de este a\u00f1o, sus contratos permitir\u00e1n que trabajen, adem\u00e1s, en adaptar ese espacio a la normativa de accesibilidad universal, as\u00ed como a los requerimientos de espacio f\u00edsico que se necesitan para impartir la especialidad de \u2018Cocina\u2019 conforme a certificados de profesionalidad. Tambi\u00e9n actuar\u00e1n en la mejora de las dependencias de los tajos de \u2018Costura y Tapicer\u00eda\u2019 del programa de Empleo Social Protegido.<\/p>\n<p class=\"Textonota\">Este programa es una convocatoria del Servicio Navarro de Empleo que permite a las entidades locales contratar a personas desempleadas, de colectivos de dif\u00edcil inserci\u00f3n, para la realizaci\u00f3n de obras de inter\u00e9s general y social para los municipales. En 2013, por este mismo sistema, siete contratados se encargaron de adecuar los vestuarios del exterior de Casa Irujo, unas dependencias que son utilizadas por la Escuela Taller de Empleo Parque de Aranzadi, as\u00ed como por el alumnado de los cursos para desempleados de la especialidad de Jardiner\u00eda.<\/p>\n<p class=\"Textonota\">\n","protected":false},"excerpt":{"rendered":"<p>Hasta octubre har\u00e1n obras y servicios de inter\u00e9s general y social, con financiaci\u00f3n del Consistorio, Gobierno de Navarra y Fondo Social Europeo Ma\u00f1ana comienzan su trabajo nueve personas que han&#8230;<\/p>\n","protected":false},"author":1,"featured_media":1572,"comment_status":"open","ping_status":"open","sticky":false,"template":"","format":"standard","meta":{"footnotes":""},"categories":[2],"tags":[5,6,509,1198,1199,1200,1201,8,1202,9,1203],"class_list":["post-1571","post","type-post","status-publish","format-standard","has-post-thumbnail","hentry","category-ayuntamiento-pamplona","tag-actualidad","tag-ayto-pamplona","tag-ayuntamiento-de-pamplona","tag-calle-monasterio-de-fitero","tag-contratadas","tag-formacion","tag-mejorar-los-locales","tag-noticias","tag-nueve-personas","tag-pamplona","tag-trabajaran"],"yoast_head":"<!-- This site is optimized with the Yoast SEO plugin v27.5 - https:\/\/yoast.com\/product\/yoast-seo-wordpress\/ -->\n<title>Nueve personas, contratadas por el Ayuntamiento de Pamplona, trabajar\u00e1n a partir de ma\u00f1ana en mejorar los locales de formaci\u00f3n de la calle Monasterio de Fitero<\/title>\n<meta name=\"robots\" content=\"index, follow, max-snippet:-1, max-image-preview:large, max-video-preview:-1\" \/>\n<link rel=\"canonical\" href=\"https:\/\/www.laguiadepamplona.com\/actualidad\/nueve-personas-contratadas-por-el-ayuntamiento-de-pamplona-trabajaran-a-partir-de-manana-en-mejorar-los-locales-de-formacion-de-la-calle-monasterio-de-fitero\/\" \/>\n<meta property=\"og:locale\" content=\"es_ES\" \/>\n<meta property=\"og:type\" content=\"article\" \/>\n<meta property=\"og:title\" content=\"Nueve personas, contratadas por el Ayuntamiento de Pamplona, trabajar\u00e1n a partir de ma\u00f1ana en mejorar los locales de formaci\u00f3n de la calle Monasterio de Fitero\" \/>\n<meta property=\"og:description\" content=\"Hasta octubre har\u00e1n obras y servicios de inter\u00e9s general y social, con financiaci\u00f3n del Consistorio, Gobierno de Navarra y Fondo Social Europeo Ma\u00f1ana comienzan su trabajo nueve personas que han...\" \/>\n<meta property=\"og:url\" content=\"https:\/\/www.laguiadepamplona.com\/actualidad\/nueve-personas-contratadas-por-el-ayuntamiento-de-pamplona-trabajaran-a-partir-de-manana-en-mejorar-los-locales-de-formacion-de-la-calle-monasterio-de-fitero\/\" \/>\n<meta property=\"og:site_name\" content=\"La Gu\u00eda de Pamplona\" \/>\n<meta property=\"article:publisher\" content=\"https:\/\/www.facebook.com\/laguiadepamplonacom-133175176762273\/?ref=hl\" \/>\n<meta property=\"article:published_time\" content=\"2014-05-14T11:21:28+00:00\" \/>\n<meta name=\"author\" content=\"La Gu\u00eda de Pamplona\" \/>\n<meta name=\"twitter:card\" content=\"summary_large_image\" \/>\n<meta name=\"twitter:creator\" content=\"@LaGuiadPamplona\" \/>\n<meta name=\"twitter:site\" content=\"@LaGuiadPamplona\" \/>\n<meta name=\"twitter:label1\" content=\"Escrito por\" \/>\n\t<meta name=\"twitter:data1\" content=\"La Gu\u00eda de Pamplona\" \/>\n\t<meta name=\"twitter:label2\" content=\"Tiempo de lectura\" \/>\n\t<meta name=\"twitter:data2\" content=\"2 minutos\" \/>\n<script type=\"application\/ld+json\" class=\"yoast-schema-graph\">{\"@context\":\"https:\\\/\\\/schema.org\",\"@graph\":[{\"@type\":\"Article\",\"@id\":\"https:\\\/\\\/www.laguiadepamplona.com\\\/actualidad\\\/nueve-personas-contratadas-por-el-ayuntamiento-de-pamplona-trabajaran-a-partir-de-manana-en-mejorar-los-locales-de-formacion-de-la-calle-monasterio-de-fitero\\\/#article\",\"isPartOf\":{\"@id\":\"https:\\\/\\\/www.laguiadepamplona.com\\\/actualidad\\\/nueve-personas-contratadas-por-el-ayuntamiento-de-pamplona-trabajaran-a-partir-de-manana-en-mejorar-los-locales-de-formacion-de-la-calle-monasterio-de-fitero\\\/\"},\"author\":{\"name\":\"La Gu\u00eda de Pamplona\",\"@id\":\"https:\\\/\\\/www.laguiadepamplona.com\\\/actualidad\\\/#\\\/schema\\\/person\\\/efe887376f0213d4657c93adc50b1fdb\"},\"headline\":\"Nueve personas, contratadas por el Ayuntamiento de Pamplona, trabajar\u00e1n a partir de ma\u00f1ana en mejorar los locales de formaci\u00f3n de la calle Monasterio de Fitero\",\"datePublished\":\"2014-05-14T11:21:28+00:00\",\"mainEntityOfPage\":{\"@id\":\"https:\\\/\\\/www.laguiadepamplona.com\\\/actualidad\\\/nueve-personas-contratadas-por-el-ayuntamiento-de-pamplona-trabajaran-a-partir-de-manana-en-mejorar-los-locales-de-formacion-de-la-calle-monasterio-de-fitero\\\/\"},\"wordCount\":345,\"commentCount\":0,\"publisher\":{\"@id\":\"https:\\\/\\\/www.laguiadepamplona.com\\\/actualidad\\\/#organization\"},\"image\":{\"@id\":\"https:\\\/\\\/www.laguiadepamplona.com\\\/actualidad\\\/nueve-personas-contratadas-por-el-ayuntamiento-de-pamplona-trabajaran-a-partir-de-manana-en-mejorar-los-locales-de-formacion-de-la-calle-monasterio-de-fitero\\\/#primaryimage\"},\"thumbnailUrl\":\"\",\"keywords\":[\"actualidad\",\"ayto pamplona\",\"Ayuntamiento de Pamplona\",\"calle Monasterio de Fitero\",\"contratadas\",\"formaci\u00f3n\",\"mejorar los locales\",\"noticias\",\"Nueve personas\",\"pamplona\",\"trabajar\u00e1n\"],\"articleSection\":[\"Ayto Pamplona\"],\"inLanguage\":\"es\",\"potentialAction\":[{\"@type\":\"CommentAction\",\"name\":\"Comment\",\"target\":[\"https:\\\/\\\/www.laguiadepamplona.com\\\/actualidad\\\/nueve-personas-contratadas-por-el-ayuntamiento-de-pamplona-trabajaran-a-partir-de-manana-en-mejorar-los-locales-de-formacion-de-la-calle-monasterio-de-fitero\\\/#respond\"]}]},{\"@type\":\"WebPage\",\"@id\":\"https:\\\/\\\/www.laguiadepamplona.com\\\/actualidad\\\/nueve-personas-contratadas-por-el-ayuntamiento-de-pamplona-trabajaran-a-partir-de-manana-en-mejorar-los-locales-de-formacion-de-la-calle-monasterio-de-fitero\\\/\",\"url\":\"https:\\\/\\\/www.laguiadepamplona.com\\\/actualidad\\\/nueve-personas-contratadas-por-el-ayuntamiento-de-pamplona-trabajaran-a-partir-de-manana-en-mejorar-los-locales-de-formacion-de-la-calle-monasterio-de-fitero\\\/\",\"name\":\"Nueve personas, contratadas por el Ayuntamiento de Pamplona, trabajar\u00e1n a partir de ma\u00f1ana en mejorar los locales de formaci\u00f3n de la calle Monasterio de Fitero\",\"isPartOf\":{\"@id\":\"https:\\\/\\\/www.laguiadepamplona.com\\\/actualidad\\\/#website\"},\"primaryImageOfPage\":{\"@id\":\"https:\\\/\\\/www.laguiadepamplona.com\\\/actualidad\\\/nueve-personas-contratadas-por-el-ayuntamiento-de-pamplona-trabajaran-a-partir-de-manana-en-mejorar-los-locales-de-formacion-de-la-calle-monasterio-de-fitero\\\/#primaryimage\"},\"image\":{\"@id\":\"https:\\\/\\\/www.laguiadepamplona.com\\\/actualidad\\\/nueve-personas-contratadas-por-el-ayuntamiento-de-pamplona-trabajaran-a-partir-de-manana-en-mejorar-los-locales-de-formacion-de-la-calle-monasterio-de-fitero\\\/#primaryimage\"},\"thumbnailUrl\":\"\",\"datePublished\":\"2014-05-14T11:21:28+00:00\",\"breadcrumb\":{\"@id\":\"https:\\\/\\\/www.laguiadepamplona.com\\\/actualidad\\\/nueve-personas-contratadas-por-el-ayuntamiento-de-pamplona-trabajaran-a-partir-de-manana-en-mejorar-los-locales-de-formacion-de-la-calle-monasterio-de-fitero\\\/#breadcrumb\"},\"inLanguage\":\"es\",\"potentialAction\":[{\"@type\":\"ReadAction\",\"target\":[\"https:\\\/\\\/www.laguiadepamplona.com\\\/actualidad\\\/nueve-personas-contratadas-por-el-ayuntamiento-de-pamplona-trabajaran-a-partir-de-manana-en-mejorar-los-locales-de-formacion-de-la-calle-monasterio-de-fitero\\\/\"]}]},{\"@type\":\"ImageObject\",\"inLanguage\":\"es\",\"@id\":\"https:\\\/\\\/www.laguiadepamplona.com\\\/actualidad\\\/nueve-personas-contratadas-por-el-ayuntamiento-de-pamplona-trabajaran-a-partir-de-manana-en-mejorar-los-locales-de-formacion-de-la-calle-monasterio-de-fitero\\\/#primaryimage\",\"url\":\"\",\"contentUrl\":\"\"},{\"@type\":\"BreadcrumbList\",\"@id\":\"https:\\\/\\\/www.laguiadepamplona.com\\\/actualidad\\\/nueve-personas-contratadas-por-el-ayuntamiento-de-pamplona-trabajaran-a-partir-de-manana-en-mejorar-los-locales-de-formacion-de-la-calle-monasterio-de-fitero\\\/#breadcrumb\",\"itemListElement\":[{\"@type\":\"ListItem\",\"position\":1,\"name\":\"Portada\",\"item\":\"https:\\\/\\\/www.laguiadepamplona.com\\\/actualidad\\\/\"},{\"@type\":\"ListItem\",\"position\":2,\"name\":\"Nueve personas, contratadas por el Ayuntamiento de Pamplona, trabajar\u00e1n a partir de ma\u00f1ana en mejorar los locales de formaci\u00f3n de la calle Monasterio de Fitero\"}]},{\"@type\":\"WebSite\",\"@id\":\"https:\\\/\\\/www.laguiadepamplona.com\\\/actualidad\\\/#website\",\"url\":\"https:\\\/\\\/www.laguiadepamplona.com\\\/actualidad\\\/\",\"name\":\"La gu\u00eda de Pamplona\",\"description\":\"Noticias de Pamplona\",\"publisher\":{\"@id\":\"https:\\\/\\\/www.laguiadepamplona.com\\\/actualidad\\\/#organization\"},\"potentialAction\":[{\"@type\":\"SearchAction\",\"target\":{\"@type\":\"EntryPoint\",\"urlTemplate\":\"https:\\\/\\\/www.laguiadepamplona.com\\\/actualidad\\\/?s={search_term_string}\"},\"query-input\":{\"@type\":\"PropertyValueSpecification\",\"valueRequired\":true,\"valueName\":\"search_term_string\"}}],\"inLanguage\":\"es\"},{\"@type\":\"Organization\",\"@id\":\"https:\\\/\\\/www.laguiadepamplona.com\\\/actualidad\\\/#organization\",\"name\":\"La Gu\u00eda de Pamplona \\\/ Noticias\",\"url\":\"https:\\\/\\\/www.laguiadepamplona.com\\\/actualidad\\\/\",\"logo\":{\"@type\":\"ImageObject\",\"inLanguage\":\"es\",\"@id\":\"https:\\\/\\\/www.laguiadepamplona.com\\\/actualidad\\\/#\\\/schema\\\/logo\\\/image\\\/\",\"url\":\"https:\\\/\\\/www.laguiadepamplona.com\\\/actualidad\\\/wp-content\\\/uploads\\\/2018\\\/11\\\/logo-laguiadepamplona18-web1.png\",\"contentUrl\":\"https:\\\/\\\/www.laguiadepamplona.com\\\/actualidad\\\/wp-content\\\/uploads\\\/2018\\\/11\\\/logo-laguiadepamplona18-web1.png\",\"width\":600,\"height\":196,\"caption\":\"La Gu\u00eda de Pamplona \\\/ Noticias\"},\"image\":{\"@id\":\"https:\\\/\\\/www.laguiadepamplona.com\\\/actualidad\\\/#\\\/schema\\\/logo\\\/image\\\/\"},\"sameAs\":[\"https:\\\/\\\/www.facebook.com\\\/laguiadepamplonacom-133175176762273\\\/?ref=hl\",\"https:\\\/\\\/x.com\\\/LaGuiadPamplona\",\"https:\\\/\\\/www.instagram.com\\\/la_guia_de_pamplona\\\/\",\"https:\\\/\\\/www.youtube.com\\\/user\\\/laguiadepamplona\"]},{\"@type\":\"Person\",\"@id\":\"https:\\\/\\\/www.laguiadepamplona.com\\\/actualidad\\\/#\\\/schema\\\/person\\\/efe887376f0213d4657c93adc50b1fdb\",\"name\":\"La Gu\u00eda de Pamplona\",\"image\":{\"@type\":\"ImageObject\",\"inLanguage\":\"es\",\"@id\":\"https:\\\/\\\/secure.gravatar.com\\\/avatar\\\/b6992f131dc8d30ab0dff15446e9d346d9dbd95992de0fef795073f5ea83a81c?s=96&d=mm&r=g\",\"url\":\"https:\\\/\\\/secure.gravatar.com\\\/avatar\\\/b6992f131dc8d30ab0dff15446e9d346d9dbd95992de0fef795073f5ea83a81c?s=96&d=mm&r=g\",\"contentUrl\":\"https:\\\/\\\/secure.gravatar.com\\\/avatar\\\/b6992f131dc8d30ab0dff15446e9d346d9dbd95992de0fef795073f5ea83a81c?s=96&d=mm&r=g\",\"caption\":\"La Gu\u00eda de Pamplona\"}}]}<\/script>\n<!-- \/ Yoast SEO plugin. -->","yoast_head_json":{"title":"Nueve personas, contratadas por el Ayuntamiento de Pamplona, trabajar\u00e1n a partir de ma\u00f1ana en mejorar los locales de formaci\u00f3n de la calle Monasterio de Fitero","robots":{"index":"index","follow":"follow","max-snippet":"max-snippet:-1","max-image-preview":"max-image-preview:large","max-video-preview":"max-video-preview:-1"},"canonical":"https:\/\/www.laguiadepamplona.com\/actualidad\/nueve-personas-contratadas-por-el-ayuntamiento-de-pamplona-trabajaran-a-partir-de-manana-en-mejorar-los-locales-de-formacion-de-la-calle-monasterio-de-fitero\/","og_locale":"es_ES","og_type":"article","og_title":"Nueve personas, contratadas por el Ayuntamiento de Pamplona, trabajar\u00e1n a partir de ma\u00f1ana en mejorar los locales de formaci\u00f3n de la calle Monasterio de Fitero","og_description":"Hasta octubre har\u00e1n obras y servicios de inter\u00e9s general y social, con financiaci\u00f3n del Consistorio, Gobierno de Navarra y Fondo Social Europeo Ma\u00f1ana comienzan su trabajo nueve personas que han...","og_url":"https:\/\/www.laguiadepamplona.com\/actualidad\/nueve-personas-contratadas-por-el-ayuntamiento-de-pamplona-trabajaran-a-partir-de-manana-en-mejorar-los-locales-de-formacion-de-la-calle-monasterio-de-fitero\/","og_site_name":"La Gu\u00eda de Pamplona","article_publisher":"https:\/\/www.facebook.com\/laguiadepamplonacom-133175176762273\/?ref=hl","article_published_time":"2014-05-14T11:21:28+00:00","author":"La Gu\u00eda de Pamplona","twitter_card":"summary_large_image","twitter_creator":"@LaGuiadPamplona","twitter_site":"@LaGuiadPamplona","twitter_misc":{"Escrito por":"La Gu\u00eda de Pamplona","Tiempo de lectura":"2 minutos"},"schema":{"@context":"https:\/\/schema.org","@graph":[{"@type":"Article","@id":"https:\/\/www.laguiadepamplona.com\/actualidad\/nueve-personas-contratadas-por-el-ayuntamiento-de-pamplona-trabajaran-a-partir-de-manana-en-mejorar-los-locales-de-formacion-de-la-calle-monasterio-de-fitero\/#article","isPartOf":{"@id":"https:\/\/www.laguiadepamplona.com\/actualidad\/nueve-personas-contratadas-por-el-ayuntamiento-de-pamplona-trabajaran-a-partir-de-manana-en-mejorar-los-locales-de-formacion-de-la-calle-monasterio-de-fitero\/"},"author":{"name":"La Gu\u00eda de Pamplona","@id":"https:\/\/www.laguiadepamplona.com\/actualidad\/#\/schema\/person\/efe887376f0213d4657c93adc50b1fdb"},"headline":"Nueve personas, contratadas por el Ayuntamiento de Pamplona, trabajar\u00e1n a partir de ma\u00f1ana en mejorar los locales de formaci\u00f3n de la calle Monasterio de Fitero","datePublished":"2014-05-14T11:21:28+00:00","mainEntityOfPage":{"@id":"https:\/\/www.laguiadepamplona.com\/actualidad\/nueve-personas-contratadas-por-el-ayuntamiento-de-pamplona-trabajaran-a-partir-de-manana-en-mejorar-los-locales-de-formacion-de-la-calle-monasterio-de-fitero\/"},"wordCount":345,"commentCount":0,"publisher":{"@id":"https:\/\/www.laguiadepamplona.com\/actualidad\/#organization"},"image":{"@id":"https:\/\/www.laguiadepamplona.com\/actualidad\/nueve-personas-contratadas-por-el-ayuntamiento-de-pamplona-trabajaran-a-partir-de-manana-en-mejorar-los-locales-de-formacion-de-la-calle-monasterio-de-fitero\/#primaryimage"},"thumbnailUrl":"","keywords":["actualidad","ayto pamplona","Ayuntamiento de Pamplona","calle Monasterio de Fitero","contratadas","formaci\u00f3n","mejorar los locales","noticias","Nueve personas","pamplona","trabajar\u00e1n"],"articleSection":["Ayto Pamplona"],"inLanguage":"es","potentialAction":[{"@type":"CommentAction","name":"Comment","target":["https:\/\/www.laguiadepamplona.com\/actualidad\/nueve-personas-contratadas-por-el-ayuntamiento-de-pamplona-trabajaran-a-partir-de-manana-en-mejorar-los-locales-de-formacion-de-la-calle-monasterio-de-fitero\/#respond"]}]},{"@type":"WebPage","@id":"https:\/\/www.laguiadepamplona.com\/actualidad\/nueve-personas-contratadas-por-el-ayuntamiento-de-pamplona-trabajaran-a-partir-de-manana-en-mejorar-los-locales-de-formacion-de-la-calle-monasterio-de-fitero\/","url":"https:\/\/www.laguiadepamplona.com\/actualidad\/nueve-personas-contratadas-por-el-ayuntamiento-de-pamplona-trabajaran-a-partir-de-manana-en-mejorar-los-locales-de-formacion-de-la-calle-monasterio-de-fitero\/","name":"Nueve personas, contratadas por el Ayuntamiento de Pamplona, trabajar\u00e1n a partir de ma\u00f1ana en mejorar los locales de formaci\u00f3n de la calle Monasterio de Fitero","isPartOf":{"@id":"https:\/\/www.laguiadepamplona.com\/actualidad\/#website"},"primaryImageOfPage":{"@id":"https:\/\/www.laguiadepamplona.com\/actualidad\/nueve-personas-contratadas-por-el-ayuntamiento-de-pamplona-trabajaran-a-partir-de-manana-en-mejorar-los-locales-de-formacion-de-la-calle-monasterio-de-fitero\/#primaryimage"},"image":{"@id":"https:\/\/www.laguiadepamplona.com\/actualidad\/nueve-personas-contratadas-por-el-ayuntamiento-de-pamplona-trabajaran-a-partir-de-manana-en-mejorar-los-locales-de-formacion-de-la-calle-monasterio-de-fitero\/#primaryimage"},"thumbnailUrl":"","datePublished":"2014-05-14T11:21:28+00:00","breadcrumb":{"@id":"https:\/\/www.laguiadepamplona.com\/actualidad\/nueve-personas-contratadas-por-el-ayuntamiento-de-pamplona-trabajaran-a-partir-de-manana-en-mejorar-los-locales-de-formacion-de-la-calle-monasterio-de-fitero\/#breadcrumb"},"inLanguage":"es","potentialAction":[{"@type":"ReadAction","target":["https:\/\/www.laguiadepamplona.com\/actualidad\/nueve-personas-contratadas-por-el-ayuntamiento-de-pamplona-trabajaran-a-partir-de-manana-en-mejorar-los-locales-de-formacion-de-la-calle-monasterio-de-fitero\/"]}]},{"@type":"ImageObject","inLanguage":"es","@id":"https:\/\/www.laguiadepamplona.com\/actualidad\/nueve-personas-contratadas-por-el-ayuntamiento-de-pamplona-trabajaran-a-partir-de-manana-en-mejorar-los-locales-de-formacion-de-la-calle-monasterio-de-fitero\/#primaryimage","url":"","contentUrl":""},{"@type":"BreadcrumbList","@id":"https:\/\/www.laguiadepamplona.com\/actualidad\/nueve-personas-contratadas-por-el-ayuntamiento-de-pamplona-trabajaran-a-partir-de-manana-en-mejorar-los-locales-de-formacion-de-la-calle-monasterio-de-fitero\/#breadcrumb","itemListElement":[{"@type":"ListItem","position":1,"name":"Portada","item":"https:\/\/www.laguiadepamplona.com\/actualidad\/"},{"@type":"ListItem","position":2,"name":"Nueve personas, contratadas por el Ayuntamiento de Pamplona, trabajar\u00e1n a partir de ma\u00f1ana en mejorar los locales de formaci\u00f3n de la calle Monasterio de Fitero"}]},{"@type":"WebSite","@id":"https:\/\/www.laguiadepamplona.com\/actualidad\/#website","url":"https:\/\/www.laguiadepamplona.com\/actualidad\/","name":"La gu\u00eda de Pamplona","description":"Noticias de Pamplona","publisher":{"@id":"https:\/\/www.laguiadepamplona.com\/actualidad\/#organization"},"potentialAction":[{"@type":"SearchAction","target":{"@type":"EntryPoint","urlTemplate":"https:\/\/www.laguiadepamplona.com\/actualidad\/?s={search_term_string}"},"query-input":{"@type":"PropertyValueSpecification","valueRequired":true,"valueName":"search_term_string"}}],"inLanguage":"es"},{"@type":"Organization","@id":"https:\/\/www.laguiadepamplona.com\/actualidad\/#organization","name":"La Gu\u00eda de Pamplona \/ Noticias","url":"https:\/\/www.laguiadepamplona.com\/actualidad\/","logo":{"@type":"ImageObject","inLanguage":"es","@id":"https:\/\/www.laguiadepamplona.com\/actualidad\/#\/schema\/logo\/image\/","url":"https:\/\/www.laguiadepamplona.com\/actualidad\/wp-content\/uploads\/2018\/11\/logo-laguiadepamplona18-web1.png","contentUrl":"https:\/\/www.laguiadepamplona.com\/actualidad\/wp-content\/uploads\/2018\/11\/logo-laguiadepamplona18-web1.png","width":600,"height":196,"caption":"La Gu\u00eda de Pamplona \/ Noticias"},"image":{"@id":"https:\/\/www.laguiadepamplona.com\/actualidad\/#\/schema\/logo\/image\/"},"sameAs":["https:\/\/www.facebook.com\/laguiadepamplonacom-133175176762273\/?ref=hl","https:\/\/x.com\/LaGuiadPamplona","https:\/\/www.instagram.com\/la_guia_de_pamplona\/","https:\/\/www.youtube.com\/user\/laguiadepamplona"]},{"@type":"Person","@id":"https:\/\/www.laguiadepamplona.com\/actualidad\/#\/schema\/person\/efe887376f0213d4657c93adc50b1fdb","name":"La Gu\u00eda de Pamplona","image":{"@type":"ImageObject","inLanguage":"es","@id":"https:\/\/secure.gravatar.com\/avatar\/b6992f131dc8d30ab0dff15446e9d346d9dbd95992de0fef795073f5ea83a81c?s=96&d=mm&r=g","url":"https:\/\/secure.gravatar.com\/avatar\/b6992f131dc8d30ab0dff15446e9d346d9dbd95992de0fef795073f5ea83a81c?s=96&d=mm&r=g","contentUrl":"https:\/\/secure.gravatar.com\/avatar\/b6992f131dc8d30ab0dff15446e9d346d9dbd95992de0fef795073f5ea83a81c?s=96&d=mm&r=g","caption":"La Gu\u00eda de Pamplona"}}]}},"post_mailing_queue_ids":[],"_links":{"self":[{"href":"https:\/\/www.laguiadepamplona.com\/actualidad\/wp-json\/wp\/v2\/posts\/1571","targetHints":{"allow":["GET"]}}],"collection":[{"href":"https:\/\/www.laguiadepamplona.com\/actualidad\/wp-json\/wp\/v2\/posts"}],"about":[{"href":"https:\/\/www.laguiadepamplona.com\/actualidad\/wp-json\/wp\/v2\/types\/post"}],"author":[{"embeddable":true,"href":"https:\/\/www.laguiadepamplona.com\/actualidad\/wp-json\/wp\/v2\/users\/1"}],"replies":[{"embeddable":true,"href":"https:\/\/www.laguiadepamplona.com\/actualidad\/wp-json\/wp\/v2\/comments?post=1571"}],"version-history":[{"count":0,"href":"https:\/\/www.laguiadepamplona.com\/actualidad\/wp-json\/wp\/v2\/posts\/1571\/revisions"}],"wp:featuredmedia":[{"embeddable":true,"href":"https:\/\/www.laguiadepamplona.com\/actualidad\/wp-json\/"}],"wp:attachment":[{"href":"https:\/\/www.laguiadepamplona.com\/actualidad\/wp-json\/wp\/v2\/media?parent=1571"}],"wp:term":[{"taxonomy":"category","embeddable":true,"href":"https:\/\/www.laguiadepamplona.com\/actualidad\/wp-json\/wp\/v2\/categories?post=1571"},{"taxonomy":"post_tag","embeddable":true,"href":"https:\/\/www.laguiadepamplona.com\/actualidad\/wp-json\/wp\/v2\/tags?post=1571"}],"curies":[{"name":"wp","href":"https:\/\/api.w.org\/{rel}","templated":true}]}}