{"id":1561,"date":"2014-05-13T12:09:42","date_gmt":"2014-05-13T11:09:42","guid":{"rendered":"http:\/\/laguiadepamplona.es\/noticias\/?p=1561"},"modified":"2014-05-13T12:09:42","modified_gmt":"2014-05-13T11:09:42","slug":"el-museo-de-educacion-ambiental-propone-para-manana-una-charla-sobre-la-produccion-de-carne-y-queso-ecologicos-en-la-comunidad-foral","status":"publish","type":"post","link":"https:\/\/www.laguiadepamplona.com\/actualidad\/el-museo-de-educacion-ambiental-propone-para-manana-una-charla-sobre-la-produccion-de-carne-y-queso-ecologicos-en-la-comunidad-foral\/","title":{"rendered":"El Museo de Educaci\u00f3n Ambiental propone para ma\u00f1ana una charla sobre la producci\u00f3n de carne y queso ecol\u00f3gicos en la Comunidad Foral"},"content":{"rendered":"<h4>Los ganaderos navarros Josu Giron\u00e9s y Jabiertxo Martiarena contar\u00e1n su experiencia de cr\u00eda ecol\u00f3gica de ternera, potro, cabra y oveja latxa<\/h4>\n<p><a href=\"http:\/\/laguiadepamplona.es\/noticias\/wp-content\/uploads\/2014\/05\/aula_ganaderia_ecologica4.jpg\"><img loading=\"lazy\" decoding=\"async\" class=\"alignleft size-medium wp-image-1562\" src=\"http:\/\/laguiadepamplona.es\/noticias\/wp-content\/uploads\/2014\/05\/aula_ganaderia_ecologica4-300x179.jpg\" alt=\"aula_ganaderia_ecologica4\" width=\"300\" height=\"179\" \/><\/a>La ganader\u00eda ecol\u00f3gica en la Comunidad Foral es el tema elegido para la charla que acoger\u00e1 ma\u00f1ana mi\u00e9rcoles a las siete de la tarde el Museo de Educaci\u00f3n Ambiental en su Aula de Sostenibilidad. En la conferencia contar\u00e1n su experiencia dos ganaderos navarros: por un lado, Josu Giron\u00e9s hablar\u00e1 sobre su finca Sarbil, donde tiene ganado vacuno, caballar y caprino; por otro, Jabiertxo Martiarena se referir\u00e1 a su negocio de oveja latxa en Uharte Arakil, donde produce adem\u00e1s queso Idiaz\u00e1bal tambi\u00e9n ecol\u00f3gico y con denominaci\u00f3n de origen.<\/p>\n<p>La entrada a la actividad es libre y existe la posibilidad de utilizar un servicio gratuito de ludoteca infantil mientras dura la charla. Para ello s\u00f3lo es necesario que los interesados hagan una reserva previa en el tel\u00e9fono 948149804.<\/p>\n<p>La finca Sarbil, situada a 10 kil\u00f3metros de Pamplona, dedica sus casi 1.000 hect\u00e1reas de extensi\u00f3n a la cr\u00eda de vacas pirenaicas, yeguas de jaca navarra y cabras. Su propietario, Josu Giron\u00e9s, contar\u00e1 que sus animales residen todo el a\u00f1o al aire libre, bebiendo agua de la nieve invernal almacenada en balsas y en unos campos abonados con esti\u00e9rcol animal, siguiendo una pol\u00edtica ecol\u00f3gica de protecci\u00f3n del medio ambiente y sin emplear productos qu\u00edmicos. Cuando las cr\u00edas son destetadas, se complementa su dieta con hierba, forraje y cereal ecol\u00f3gico. La carne que producen en la finca, tanto de ternera como de potro y cabrito, la venden directamente a domicilio. Adem\u00e1s producen sal ecol\u00f3gica.<\/p>\n<p>El segundo ejemplo de ganader\u00eda ecol\u00f3gica lo presentar\u00e1 en la charla Jabiertxo Martiarena, quien, junto a su hija Maialen, lleva una explotaci\u00f3n ganadera de ovejas latxas en Uharte Arakil. All\u00ed la tierra es trabajada tambi\u00e9n sin emplear productos qu\u00edmicos, lo que permite que el ganado d\u00e9 una leche de calidad con la que elaboran el queso Uharte con denominaci\u00f3n de origen Idiaz\u00e1bal. Este queso se vende directamente al cliente, en ferias y en algunas tiendas especializadas. Martiarena contar\u00e1 el d\u00eda a d\u00eda de su trabajo con la oveja latxa, una de las razas aut\u00f3ctonas de esta zona. En la explotaci\u00f3n se realiza el trabajo de forma estacional, seg\u00fan el ciclo de vida natural del ganado. As\u00ed, en invierno comienzan a parir las ovejas, situaci\u00f3n que se alarga dos meses. Entonces empiezan a orde\u00f1arlas dos veces al d\u00eda y a hacer los quesos cada dos d\u00edas hasta el verano, \u00e9poca en que la oveja descansa para volverse a quedar despu\u00e9s pre\u00f1adas.<\/p>\n<p>&nbsp;<\/p>\n<p><strong>charla &#8211; aula de sostenibilidad<\/strong><\/p>\n<ul>\n<li><strong>T\u00edtulo<\/strong>: \u2018Ganader\u00eda ecol\u00f3gica en Navarra\u2019<\/li>\n<li><strong>Ponentes<\/strong>: Josu Giron\u00e9s (Finca Sarbil) y Jabiertxo Martiarena (Uharte Gazta)<\/li>\n<li><strong>Lugar<\/strong>: Museo de Educaci\u00f3n Ambiental<\/li>\n<li><strong>Fecha y hora<\/strong>: mi\u00e9rcoles 14 de mayo a las 19 horas<\/li>\n<li>Entrada libre. Servicio de ludoteca infantil gratuito para acompa\u00f1antes de los asistentes (reserva previa en el tel\u00e9fono 948149804)<\/li>\n<\/ul>\n<p>&nbsp;<\/p>\n<p>&nbsp;<\/p>\n","protected":false},"excerpt":{"rendered":"<p>Los ganaderos navarros Josu Giron\u00e9s y Jabiertxo Martiarena contar\u00e1n su experiencia de cr\u00eda ecol\u00f3gica de ternera, potro, cabra y oveja latxa La ganader\u00eda ecol\u00f3gica en la Comunidad Foral es el&#8230;<\/p>\n","protected":false},"author":1,"featured_media":1562,"comment_status":"open","ping_status":"open","sticky":false,"template":"","format":"standard","meta":{"footnotes":""},"categories":[2],"tags":[5,6,509,453,1184,100,8,9,1185,1186],"class_list":["post-1561","post","type-post","status-publish","format-standard","has-post-thumbnail","hentry","category-ayuntamiento-pamplona","tag-actualidad","tag-ayto-pamplona","tag-ayuntamiento-de-pamplona","tag-charla","tag-comunidad-foral","tag-museo-de-educacion-ambiental","tag-noticias","tag-pamplona","tag-produccion-de-carne","tag-queso-ecologicos"],"yoast_head":"<!-- This site is optimized with the Yoast SEO plugin v27.5 - https:\/\/yoast.com\/product\/yoast-seo-wordpress\/ -->\n<title>El Museo de Educaci\u00f3n Ambiental propone para ma\u00f1ana una charla sobre la producci\u00f3n de carne y queso ecol\u00f3gicos en la Comunidad Foral<\/title>\n<meta name=\"robots\" content=\"index, follow, max-snippet:-1, max-image-preview:large, max-video-preview:-1\" \/>\n<link rel=\"canonical\" href=\"https:\/\/www.laguiadepamplona.com\/actualidad\/el-museo-de-educacion-ambiental-propone-para-manana-una-charla-sobre-la-produccion-de-carne-y-queso-ecologicos-en-la-comunidad-foral\/\" \/>\n<meta property=\"og:locale\" content=\"es_ES\" \/>\n<meta property=\"og:type\" content=\"article\" \/>\n<meta property=\"og:title\" content=\"El Museo de Educaci\u00f3n Ambiental propone para ma\u00f1ana una charla sobre la producci\u00f3n de carne y queso ecol\u00f3gicos en la Comunidad Foral\" \/>\n<meta property=\"og:description\" content=\"Los ganaderos navarros Josu Giron\u00e9s y Jabiertxo Martiarena contar\u00e1n su experiencia de cr\u00eda ecol\u00f3gica de ternera, potro, cabra y oveja latxa La ganader\u00eda ecol\u00f3gica en la Comunidad Foral es el...\" \/>\n<meta property=\"og:url\" content=\"https:\/\/www.laguiadepamplona.com\/actualidad\/el-museo-de-educacion-ambiental-propone-para-manana-una-charla-sobre-la-produccion-de-carne-y-queso-ecologicos-en-la-comunidad-foral\/\" \/>\n<meta property=\"og:site_name\" content=\"La Gu\u00eda de Pamplona\" \/>\n<meta property=\"article:publisher\" content=\"https:\/\/www.facebook.com\/laguiadepamplonacom-133175176762273\/?ref=hl\" \/>\n<meta property=\"article:published_time\" content=\"2014-05-13T11:09:42+00:00\" \/>\n<meta name=\"author\" content=\"La Gu\u00eda de Pamplona\" \/>\n<meta name=\"twitter:card\" content=\"summary_large_image\" \/>\n<meta name=\"twitter:creator\" content=\"@LaGuiadPamplona\" \/>\n<meta name=\"twitter:site\" content=\"@LaGuiadPamplona\" \/>\n<meta name=\"twitter:label1\" content=\"Escrito por\" \/>\n\t<meta name=\"twitter:data1\" content=\"La Gu\u00eda de Pamplona\" \/>\n\t<meta name=\"twitter:label2\" content=\"Tiempo de lectura\" \/>\n\t<meta name=\"twitter:data2\" content=\"3 minutos\" \/>\n<script type=\"application\/ld+json\" class=\"yoast-schema-graph\">{\"@context\":\"https:\\\/\\\/schema.org\",\"@graph\":[{\"@type\":\"Article\",\"@id\":\"https:\\\/\\\/www.laguiadepamplona.com\\\/actualidad\\\/el-museo-de-educacion-ambiental-propone-para-manana-una-charla-sobre-la-produccion-de-carne-y-queso-ecologicos-en-la-comunidad-foral\\\/#article\",\"isPartOf\":{\"@id\":\"https:\\\/\\\/www.laguiadepamplona.com\\\/actualidad\\\/el-museo-de-educacion-ambiental-propone-para-manana-una-charla-sobre-la-produccion-de-carne-y-queso-ecologicos-en-la-comunidad-foral\\\/\"},\"author\":{\"name\":\"La Gu\u00eda de Pamplona\",\"@id\":\"https:\\\/\\\/www.laguiadepamplona.com\\\/actualidad\\\/#\\\/schema\\\/person\\\/efe887376f0213d4657c93adc50b1fdb\"},\"headline\":\"El Museo de Educaci\u00f3n Ambiental propone para ma\u00f1ana una charla sobre la producci\u00f3n de carne y queso ecol\u00f3gicos en la Comunidad Foral\",\"datePublished\":\"2014-05-13T11:09:42+00:00\",\"mainEntityOfPage\":{\"@id\":\"https:\\\/\\\/www.laguiadepamplona.com\\\/actualidad\\\/el-museo-de-educacion-ambiental-propone-para-manana-una-charla-sobre-la-produccion-de-carne-y-queso-ecologicos-en-la-comunidad-foral\\\/\"},\"wordCount\":556,\"commentCount\":0,\"publisher\":{\"@id\":\"https:\\\/\\\/www.laguiadepamplona.com\\\/actualidad\\\/#organization\"},\"image\":{\"@id\":\"https:\\\/\\\/www.laguiadepamplona.com\\\/actualidad\\\/el-museo-de-educacion-ambiental-propone-para-manana-una-charla-sobre-la-produccion-de-carne-y-queso-ecologicos-en-la-comunidad-foral\\\/#primaryimage\"},\"thumbnailUrl\":\"\",\"keywords\":[\"actualidad\",\"ayto pamplona\",\"Ayuntamiento de Pamplona\",\"charla\",\"Comunidad Foral\",\"Museo de Educaci\u00f3n Ambiental\",\"noticias\",\"pamplona\",\"producci\u00f3n de carne\",\"queso ecol\u00f3gicos\"],\"articleSection\":[\"Ayto Pamplona\"],\"inLanguage\":\"es\",\"potentialAction\":[{\"@type\":\"CommentAction\",\"name\":\"Comment\",\"target\":[\"https:\\\/\\\/www.laguiadepamplona.com\\\/actualidad\\\/el-museo-de-educacion-ambiental-propone-para-manana-una-charla-sobre-la-produccion-de-carne-y-queso-ecologicos-en-la-comunidad-foral\\\/#respond\"]}]},{\"@type\":\"WebPage\",\"@id\":\"https:\\\/\\\/www.laguiadepamplona.com\\\/actualidad\\\/el-museo-de-educacion-ambiental-propone-para-manana-una-charla-sobre-la-produccion-de-carne-y-queso-ecologicos-en-la-comunidad-foral\\\/\",\"url\":\"https:\\\/\\\/www.laguiadepamplona.com\\\/actualidad\\\/el-museo-de-educacion-ambiental-propone-para-manana-una-charla-sobre-la-produccion-de-carne-y-queso-ecologicos-en-la-comunidad-foral\\\/\",\"name\":\"El Museo de Educaci\u00f3n Ambiental propone para ma\u00f1ana una charla sobre la producci\u00f3n de carne y queso ecol\u00f3gicos en la Comunidad Foral\",\"isPartOf\":{\"@id\":\"https:\\\/\\\/www.laguiadepamplona.com\\\/actualidad\\\/#website\"},\"primaryImageOfPage\":{\"@id\":\"https:\\\/\\\/www.laguiadepamplona.com\\\/actualidad\\\/el-museo-de-educacion-ambiental-propone-para-manana-una-charla-sobre-la-produccion-de-carne-y-queso-ecologicos-en-la-comunidad-foral\\\/#primaryimage\"},\"image\":{\"@id\":\"https:\\\/\\\/www.laguiadepamplona.com\\\/actualidad\\\/el-museo-de-educacion-ambiental-propone-para-manana-una-charla-sobre-la-produccion-de-carne-y-queso-ecologicos-en-la-comunidad-foral\\\/#primaryimage\"},\"thumbnailUrl\":\"\",\"datePublished\":\"2014-05-13T11:09:42+00:00\",\"breadcrumb\":{\"@id\":\"https:\\\/\\\/www.laguiadepamplona.com\\\/actualidad\\\/el-museo-de-educacion-ambiental-propone-para-manana-una-charla-sobre-la-produccion-de-carne-y-queso-ecologicos-en-la-comunidad-foral\\\/#breadcrumb\"},\"inLanguage\":\"es\",\"potentialAction\":[{\"@type\":\"ReadAction\",\"target\":[\"https:\\\/\\\/www.laguiadepamplona.com\\\/actualidad\\\/el-museo-de-educacion-ambiental-propone-para-manana-una-charla-sobre-la-produccion-de-carne-y-queso-ecologicos-en-la-comunidad-foral\\\/\"]}]},{\"@type\":\"ImageObject\",\"inLanguage\":\"es\",\"@id\":\"https:\\\/\\\/www.laguiadepamplona.com\\\/actualidad\\\/el-museo-de-educacion-ambiental-propone-para-manana-una-charla-sobre-la-produccion-de-carne-y-queso-ecologicos-en-la-comunidad-foral\\\/#primaryimage\",\"url\":\"\",\"contentUrl\":\"\"},{\"@type\":\"BreadcrumbList\",\"@id\":\"https:\\\/\\\/www.laguiadepamplona.com\\\/actualidad\\\/el-museo-de-educacion-ambiental-propone-para-manana-una-charla-sobre-la-produccion-de-carne-y-queso-ecologicos-en-la-comunidad-foral\\\/#breadcrumb\",\"itemListElement\":[{\"@type\":\"ListItem\",\"position\":1,\"name\":\"Portada\",\"item\":\"https:\\\/\\\/www.laguiadepamplona.com\\\/actualidad\\\/\"},{\"@type\":\"ListItem\",\"position\":2,\"name\":\"El Museo de Educaci\u00f3n Ambiental propone para ma\u00f1ana una charla sobre la producci\u00f3n de carne y queso ecol\u00f3gicos en la Comunidad Foral\"}]},{\"@type\":\"WebSite\",\"@id\":\"https:\\\/\\\/www.laguiadepamplona.com\\\/actualidad\\\/#website\",\"url\":\"https:\\\/\\\/www.laguiadepamplona.com\\\/actualidad\\\/\",\"name\":\"La gu\u00eda de Pamplona\",\"description\":\"Noticias de Pamplona\",\"publisher\":{\"@id\":\"https:\\\/\\\/www.laguiadepamplona.com\\\/actualidad\\\/#organization\"},\"potentialAction\":[{\"@type\":\"SearchAction\",\"target\":{\"@type\":\"EntryPoint\",\"urlTemplate\":\"https:\\\/\\\/www.laguiadepamplona.com\\\/actualidad\\\/?s={search_term_string}\"},\"query-input\":{\"@type\":\"PropertyValueSpecification\",\"valueRequired\":true,\"valueName\":\"search_term_string\"}}],\"inLanguage\":\"es\"},{\"@type\":\"Organization\",\"@id\":\"https:\\\/\\\/www.laguiadepamplona.com\\\/actualidad\\\/#organization\",\"name\":\"La Gu\u00eda de Pamplona \\\/ Noticias\",\"url\":\"https:\\\/\\\/www.laguiadepamplona.com\\\/actualidad\\\/\",\"logo\":{\"@type\":\"ImageObject\",\"inLanguage\":\"es\",\"@id\":\"https:\\\/\\\/www.laguiadepamplona.com\\\/actualidad\\\/#\\\/schema\\\/logo\\\/image\\\/\",\"url\":\"https:\\\/\\\/www.laguiadepamplona.com\\\/actualidad\\\/wp-content\\\/uploads\\\/2018\\\/11\\\/logo-laguiadepamplona18-web1.png\",\"contentUrl\":\"https:\\\/\\\/www.laguiadepamplona.com\\\/actualidad\\\/wp-content\\\/uploads\\\/2018\\\/11\\\/logo-laguiadepamplona18-web1.png\",\"width\":600,\"height\":196,\"caption\":\"La Gu\u00eda de Pamplona \\\/ Noticias\"},\"image\":{\"@id\":\"https:\\\/\\\/www.laguiadepamplona.com\\\/actualidad\\\/#\\\/schema\\\/logo\\\/image\\\/\"},\"sameAs\":[\"https:\\\/\\\/www.facebook.com\\\/laguiadepamplonacom-133175176762273\\\/?ref=hl\",\"https:\\\/\\\/x.com\\\/LaGuiadPamplona\",\"https:\\\/\\\/www.instagram.com\\\/la_guia_de_pamplona\\\/\",\"https:\\\/\\\/www.youtube.com\\\/user\\\/laguiadepamplona\"]},{\"@type\":\"Person\",\"@id\":\"https:\\\/\\\/www.laguiadepamplona.com\\\/actualidad\\\/#\\\/schema\\\/person\\\/efe887376f0213d4657c93adc50b1fdb\",\"name\":\"La Gu\u00eda de Pamplona\",\"image\":{\"@type\":\"ImageObject\",\"inLanguage\":\"es\",\"@id\":\"https:\\\/\\\/secure.gravatar.com\\\/avatar\\\/b6992f131dc8d30ab0dff15446e9d346d9dbd95992de0fef795073f5ea83a81c?s=96&d=mm&r=g\",\"url\":\"https:\\\/\\\/secure.gravatar.com\\\/avatar\\\/b6992f131dc8d30ab0dff15446e9d346d9dbd95992de0fef795073f5ea83a81c?s=96&d=mm&r=g\",\"contentUrl\":\"https:\\\/\\\/secure.gravatar.com\\\/avatar\\\/b6992f131dc8d30ab0dff15446e9d346d9dbd95992de0fef795073f5ea83a81c?s=96&d=mm&r=g\",\"caption\":\"La Gu\u00eda de Pamplona\"}}]}<\/script>\n<!-- \/ Yoast SEO plugin. -->","yoast_head_json":{"title":"El Museo de Educaci\u00f3n Ambiental propone para ma\u00f1ana una charla sobre la producci\u00f3n de carne y queso ecol\u00f3gicos en la Comunidad Foral","robots":{"index":"index","follow":"follow","max-snippet":"max-snippet:-1","max-image-preview":"max-image-preview:large","max-video-preview":"max-video-preview:-1"},"canonical":"https:\/\/www.laguiadepamplona.com\/actualidad\/el-museo-de-educacion-ambiental-propone-para-manana-una-charla-sobre-la-produccion-de-carne-y-queso-ecologicos-en-la-comunidad-foral\/","og_locale":"es_ES","og_type":"article","og_title":"El Museo de Educaci\u00f3n Ambiental propone para ma\u00f1ana una charla sobre la producci\u00f3n de carne y queso ecol\u00f3gicos en la Comunidad Foral","og_description":"Los ganaderos navarros Josu Giron\u00e9s y Jabiertxo Martiarena contar\u00e1n su experiencia de cr\u00eda ecol\u00f3gica de ternera, potro, cabra y oveja latxa La ganader\u00eda ecol\u00f3gica en la Comunidad Foral es el...","og_url":"https:\/\/www.laguiadepamplona.com\/actualidad\/el-museo-de-educacion-ambiental-propone-para-manana-una-charla-sobre-la-produccion-de-carne-y-queso-ecologicos-en-la-comunidad-foral\/","og_site_name":"La Gu\u00eda de Pamplona","article_publisher":"https:\/\/www.facebook.com\/laguiadepamplonacom-133175176762273\/?ref=hl","article_published_time":"2014-05-13T11:09:42+00:00","author":"La Gu\u00eda de Pamplona","twitter_card":"summary_large_image","twitter_creator":"@LaGuiadPamplona","twitter_site":"@LaGuiadPamplona","twitter_misc":{"Escrito por":"La Gu\u00eda de Pamplona","Tiempo de lectura":"3 minutos"},"schema":{"@context":"https:\/\/schema.org","@graph":[{"@type":"Article","@id":"https:\/\/www.laguiadepamplona.com\/actualidad\/el-museo-de-educacion-ambiental-propone-para-manana-una-charla-sobre-la-produccion-de-carne-y-queso-ecologicos-en-la-comunidad-foral\/#article","isPartOf":{"@id":"https:\/\/www.laguiadepamplona.com\/actualidad\/el-museo-de-educacion-ambiental-propone-para-manana-una-charla-sobre-la-produccion-de-carne-y-queso-ecologicos-en-la-comunidad-foral\/"},"author":{"name":"La Gu\u00eda de Pamplona","@id":"https:\/\/www.laguiadepamplona.com\/actualidad\/#\/schema\/person\/efe887376f0213d4657c93adc50b1fdb"},"headline":"El Museo de Educaci\u00f3n Ambiental propone para ma\u00f1ana una charla sobre la producci\u00f3n de carne y queso ecol\u00f3gicos en la Comunidad Foral","datePublished":"2014-05-13T11:09:42+00:00","mainEntityOfPage":{"@id":"https:\/\/www.laguiadepamplona.com\/actualidad\/el-museo-de-educacion-ambiental-propone-para-manana-una-charla-sobre-la-produccion-de-carne-y-queso-ecologicos-en-la-comunidad-foral\/"},"wordCount":556,"commentCount":0,"publisher":{"@id":"https:\/\/www.laguiadepamplona.com\/actualidad\/#organization"},"image":{"@id":"https:\/\/www.laguiadepamplona.com\/actualidad\/el-museo-de-educacion-ambiental-propone-para-manana-una-charla-sobre-la-produccion-de-carne-y-queso-ecologicos-en-la-comunidad-foral\/#primaryimage"},"thumbnailUrl":"","keywords":["actualidad","ayto pamplona","Ayuntamiento de Pamplona","charla","Comunidad Foral","Museo de Educaci\u00f3n Ambiental","noticias","pamplona","producci\u00f3n de carne","queso ecol\u00f3gicos"],"articleSection":["Ayto Pamplona"],"inLanguage":"es","potentialAction":[{"@type":"CommentAction","name":"Comment","target":["https:\/\/www.laguiadepamplona.com\/actualidad\/el-museo-de-educacion-ambiental-propone-para-manana-una-charla-sobre-la-produccion-de-carne-y-queso-ecologicos-en-la-comunidad-foral\/#respond"]}]},{"@type":"WebPage","@id":"https:\/\/www.laguiadepamplona.com\/actualidad\/el-museo-de-educacion-ambiental-propone-para-manana-una-charla-sobre-la-produccion-de-carne-y-queso-ecologicos-en-la-comunidad-foral\/","url":"https:\/\/www.laguiadepamplona.com\/actualidad\/el-museo-de-educacion-ambiental-propone-para-manana-una-charla-sobre-la-produccion-de-carne-y-queso-ecologicos-en-la-comunidad-foral\/","name":"El Museo de Educaci\u00f3n Ambiental propone para ma\u00f1ana una charla sobre la producci\u00f3n de carne y queso ecol\u00f3gicos en la Comunidad Foral","isPartOf":{"@id":"https:\/\/www.laguiadepamplona.com\/actualidad\/#website"},"primaryImageOfPage":{"@id":"https:\/\/www.laguiadepamplona.com\/actualidad\/el-museo-de-educacion-ambiental-propone-para-manana-una-charla-sobre-la-produccion-de-carne-y-queso-ecologicos-en-la-comunidad-foral\/#primaryimage"},"image":{"@id":"https:\/\/www.laguiadepamplona.com\/actualidad\/el-museo-de-educacion-ambiental-propone-para-manana-una-charla-sobre-la-produccion-de-carne-y-queso-ecologicos-en-la-comunidad-foral\/#primaryimage"},"thumbnailUrl":"","datePublished":"2014-05-13T11:09:42+00:00","breadcrumb":{"@id":"https:\/\/www.laguiadepamplona.com\/actualidad\/el-museo-de-educacion-ambiental-propone-para-manana-una-charla-sobre-la-produccion-de-carne-y-queso-ecologicos-en-la-comunidad-foral\/#breadcrumb"},"inLanguage":"es","potentialAction":[{"@type":"ReadAction","target":["https:\/\/www.laguiadepamplona.com\/actualidad\/el-museo-de-educacion-ambiental-propone-para-manana-una-charla-sobre-la-produccion-de-carne-y-queso-ecologicos-en-la-comunidad-foral\/"]}]},{"@type":"ImageObject","inLanguage":"es","@id":"https:\/\/www.laguiadepamplona.com\/actualidad\/el-museo-de-educacion-ambiental-propone-para-manana-una-charla-sobre-la-produccion-de-carne-y-queso-ecologicos-en-la-comunidad-foral\/#primaryimage","url":"","contentUrl":""},{"@type":"BreadcrumbList","@id":"https:\/\/www.laguiadepamplona.com\/actualidad\/el-museo-de-educacion-ambiental-propone-para-manana-una-charla-sobre-la-produccion-de-carne-y-queso-ecologicos-en-la-comunidad-foral\/#breadcrumb","itemListElement":[{"@type":"ListItem","position":1,"name":"Portada","item":"https:\/\/www.laguiadepamplona.com\/actualidad\/"},{"@type":"ListItem","position":2,"name":"El Museo de Educaci\u00f3n Ambiental propone para ma\u00f1ana una charla sobre la producci\u00f3n de carne y queso ecol\u00f3gicos en la Comunidad Foral"}]},{"@type":"WebSite","@id":"https:\/\/www.laguiadepamplona.com\/actualidad\/#website","url":"https:\/\/www.laguiadepamplona.com\/actualidad\/","name":"La gu\u00eda de Pamplona","description":"Noticias de Pamplona","publisher":{"@id":"https:\/\/www.laguiadepamplona.com\/actualidad\/#organization"},"potentialAction":[{"@type":"SearchAction","target":{"@type":"EntryPoint","urlTemplate":"https:\/\/www.laguiadepamplona.com\/actualidad\/?s={search_term_string}"},"query-input":{"@type":"PropertyValueSpecification","valueRequired":true,"valueName":"search_term_string"}}],"inLanguage":"es"},{"@type":"Organization","@id":"https:\/\/www.laguiadepamplona.com\/actualidad\/#organization","name":"La Gu\u00eda de Pamplona \/ Noticias","url":"https:\/\/www.laguiadepamplona.com\/actualidad\/","logo":{"@type":"ImageObject","inLanguage":"es","@id":"https:\/\/www.laguiadepamplona.com\/actualidad\/#\/schema\/logo\/image\/","url":"https:\/\/www.laguiadepamplona.com\/actualidad\/wp-content\/uploads\/2018\/11\/logo-laguiadepamplona18-web1.png","contentUrl":"https:\/\/www.laguiadepamplona.com\/actualidad\/wp-content\/uploads\/2018\/11\/logo-laguiadepamplona18-web1.png","width":600,"height":196,"caption":"La Gu\u00eda de Pamplona \/ Noticias"},"image":{"@id":"https:\/\/www.laguiadepamplona.com\/actualidad\/#\/schema\/logo\/image\/"},"sameAs":["https:\/\/www.facebook.com\/laguiadepamplonacom-133175176762273\/?ref=hl","https:\/\/x.com\/LaGuiadPamplona","https:\/\/www.instagram.com\/la_guia_de_pamplona\/","https:\/\/www.youtube.com\/user\/laguiadepamplona"]},{"@type":"Person","@id":"https:\/\/www.laguiadepamplona.com\/actualidad\/#\/schema\/person\/efe887376f0213d4657c93adc50b1fdb","name":"La Gu\u00eda de Pamplona","image":{"@type":"ImageObject","inLanguage":"es","@id":"https:\/\/secure.gravatar.com\/avatar\/b6992f131dc8d30ab0dff15446e9d346d9dbd95992de0fef795073f5ea83a81c?s=96&d=mm&r=g","url":"https:\/\/secure.gravatar.com\/avatar\/b6992f131dc8d30ab0dff15446e9d346d9dbd95992de0fef795073f5ea83a81c?s=96&d=mm&r=g","contentUrl":"https:\/\/secure.gravatar.com\/avatar\/b6992f131dc8d30ab0dff15446e9d346d9dbd95992de0fef795073f5ea83a81c?s=96&d=mm&r=g","caption":"La Gu\u00eda de Pamplona"}}]}},"post_mailing_queue_ids":[],"_links":{"self":[{"href":"https:\/\/www.laguiadepamplona.com\/actualidad\/wp-json\/wp\/v2\/posts\/1561","targetHints":{"allow":["GET"]}}],"collection":[{"href":"https:\/\/www.laguiadepamplona.com\/actualidad\/wp-json\/wp\/v2\/posts"}],"about":[{"href":"https:\/\/www.laguiadepamplona.com\/actualidad\/wp-json\/wp\/v2\/types\/post"}],"author":[{"embeddable":true,"href":"https:\/\/www.laguiadepamplona.com\/actualidad\/wp-json\/wp\/v2\/users\/1"}],"replies":[{"embeddable":true,"href":"https:\/\/www.laguiadepamplona.com\/actualidad\/wp-json\/wp\/v2\/comments?post=1561"}],"version-history":[{"count":0,"href":"https:\/\/www.laguiadepamplona.com\/actualidad\/wp-json\/wp\/v2\/posts\/1561\/revisions"}],"wp:featuredmedia":[{"embeddable":true,"href":"https:\/\/www.laguiadepamplona.com\/actualidad\/wp-json\/"}],"wp:attachment":[{"href":"https:\/\/www.laguiadepamplona.com\/actualidad\/wp-json\/wp\/v2\/media?parent=1561"}],"wp:term":[{"taxonomy":"category","embeddable":true,"href":"https:\/\/www.laguiadepamplona.com\/actualidad\/wp-json\/wp\/v2\/categories?post=1561"},{"taxonomy":"post_tag","embeddable":true,"href":"https:\/\/www.laguiadepamplona.com\/actualidad\/wp-json\/wp\/v2\/tags?post=1561"}],"curies":[{"name":"wp","href":"https:\/\/api.w.org\/{rel}","templated":true}]}}