{"id":15286,"date":"2017-11-24T12:13:16","date_gmt":"2017-11-24T11:13:16","guid":{"rendered":"http:\/\/laguiadepamplona.es\/actualidad\/?p=15286"},"modified":"2017-11-24T12:13:16","modified_gmt":"2017-11-24T11:13:16","slug":"la-exposicion-arrastoak-huellas-permanecera-en-el-paseo-de-sarasate-hasta-el-17-de-diciembre","status":"publish","type":"post","link":"https:\/\/www.laguiadepamplona.com\/actualidad\/la-exposicion-arrastoak-huellas-permanecera-en-el-paseo-de-sarasate-hasta-el-17-de-diciembre\/","title":{"rendered":"La exposici\u00f3n \u2018Arrastoak \/ Huellas\u2019 permanecer\u00e1 en el Paseo de Sarasate hasta el 17 de diciembre"},"content":{"rendered":"<h3>El Ayuntamiento ampl\u00eda las fechas de la muestra, que pretende concienciar a la ciudadan\u00eda sobre la realidad de las fronteras<\/h3>\n<p><!--more--><\/p>\n<p>La ciudadan\u00eda de Pamplona tendr\u00e1 la oportunidad de seguir visitando la muestra al aire libre \u2018Arrastoak \/ Huellas\u2019 hasta el pr\u00f3ximo d\u00eda 17 de diciembre en el Paseo de Sarasate. El Ayuntamiento de Pamplona ha ampliado las fechas en las que la instalaci\u00f3n estar\u00e1 en la calle, atendiendo al buen recibimiento e impacto social que est\u00e1 teniendo. La exposici\u00f3n, obra de los fotoperiodistas pamploneses Unai Beroiz, Luis Carmona y Daniel Burgui, relata de forma did\u00e1ctica a trav\u00e9s de fotograf\u00edas, objetos personales, paneles y gr\u00e1ficos el \u00e9xodo de refugiados hacia Europa y explica parte de las migraciones forzosas que se viven en el mundo.<\/p>\n<p>Adem\u00e1s, en coordinaci\u00f3n con los propios autores de la muestra, a partir de este fin de semana se lanzar\u00e1 y habilitar\u00e1 una p\u00e1gina web www.arrastoak-huellas.com, que tanto en euskera como en castellano, recoge toda la informaci\u00f3n que se muestra en la exposici\u00f3n y servir\u00e1 para que pueda ser consultada por todo el mundo y perviva en Internet de forma accesible, as\u00ed como pueda servir de material did\u00e1ctico. De igual modo, durante estos d\u00edas se informar\u00e1 e invitar\u00e1 a centros escolares e institutos que as\u00ed lo deseen a visitar la muestra.<\/p>\n<p>Estaba previsto que la exposici\u00f3n se desmontase ma\u00f1ana s\u00e1bado 25 de noviembre. \u2018Arrastoak \/ Huellas\u2019 ha levantado un muro de 12 metros de largo y m\u00e1s de 2,3 metros de alto en pleno Paseo de Sarasate, a lo largo del cual se puede ver y vivir las im\u00e1genes, los testimonios y objetos de refugiados, de desplazados, de personas que tuvieron que salir de casa para buscar refugio o una vida mejor. Los datos indican que hoy m\u00e1s de 65 millones de personas han abandonado su hogar a la fuerza. Este hecho, moverse para sobrevivir, choca de frente con una realizad violenta: la del muro. Otro dato: cada a\u00f1o se producen medio mill\u00f3n de toneladas de alambre de espino, esto son 8 millones de kil\u00f3metros de verjas, suficiente para dar la vuelta a la Tierra 200 veces.<\/p>\n<p>Desde su inauguraci\u00f3n el pasado 8 de noviembre, han sido miles las personas que han pasado por la muestra. Como indicador aproximado, se han distribuido ya cerca de 1.500 cat\u00e1logos que explican y dan contexto a este fen\u00f3meno global. Los cat\u00e1logos seguir\u00e1n a disposici\u00f3n del p\u00fablico en el propio Paseo de Sarasate, de forma libre y gratuita en un dispensador de madera que forma parte de la exposici\u00f3n.<\/p>\n<p>El comisario de la exposici\u00f3n, el periodista Daniel Burgui Iguzkiza, espera que estos d\u00edas extra sean una nueva oportunidad e invitaci\u00f3n para que los vecinos de la ciudad paseen, transiten y reflexionen sobre este fen\u00f3meno global que empuja a millones de personas a abandonar su hogar a la fuerza. \u201cY que es una situaci\u00f3n que por desgracia no pierde actualidad\u201d, apunta. Como triste constataci\u00f3n de este hecho, el periodista ha remarcado que desde que se inaugur\u00f3 la muestra, hace tan solo tres semanas, la cifra de muertos en el mar Mediterr\u00e1neo ya ha aumentado en m\u00e1s de 180 personas: ya son 2.985 los fallecidos en 2017 tratando de cruzar el mar hacia Europa. \u201cLos carteles que instalamos con estas cifras en el paseo ya se han quedado obsoletos\u201d, se\u00f1al\u00f3 con pesadumbre el periodista.<\/p>\n<p>La exposici\u00f3n est\u00e1 compuesta por un centenar de fotograf\u00edas de diferentes tama\u00f1os y de objetos, diferentes objetos que los tres fot\u00f3grafos encontraron en las playas a un lado y al otro de la \u201cfrontera\u201d de las playas de Turqu\u00eda y Grecia. Hay pasaportes, ropa, fotos familiares, chalecos hinchables testimonio del mayor \u00e9xodo y migraci\u00f3n forzosa de la historia de la humanidad. De esta manera, esta muestra lleva al espacio p\u00fablico mensajes y est\u00edmulos que, adem\u00e1s de explicar, expresan emociones y describen con contexto pol\u00edtico, social y documental un hecho de actualidad.<\/p>\n<p>&nbsp;<\/p>\n","protected":false},"excerpt":{"rendered":"<p>El Ayuntamiento ampl\u00eda las fechas de la muestra, que pretende concienciar a la ciudadan\u00eda sobre la realidad de las fronteras<\/p>\n","protected":false},"author":1,"featured_media":10979,"comment_status":"open","ping_status":"closed","sticky":false,"template":"","format":"standard","meta":{"footnotes":""},"categories":[2],"tags":[],"class_list":["post-15286","post","type-post","status-publish","format-standard","has-post-thumbnail","hentry","category-ayuntamiento-pamplona"],"yoast_head":"<!-- This site is optimized with the Yoast SEO plugin v27.3 - https:\/\/yoast.com\/product\/yoast-seo-wordpress\/ -->\n<title>La exposici\u00f3n \u2018Arrastoak \/ Huellas\u2019 permanecer\u00e1 en el Paseo de Sarasate hasta el 17 de diciembre<\/title>\n<meta name=\"robots\" content=\"index, follow, max-snippet:-1, max-image-preview:large, max-video-preview:-1\" \/>\n<link rel=\"canonical\" href=\"https:\/\/www.laguiadepamplona.com\/actualidad\/la-exposicion-arrastoak-huellas-permanecera-en-el-paseo-de-sarasate-hasta-el-17-de-diciembre\/\" \/>\n<meta property=\"og:locale\" content=\"es_ES\" \/>\n<meta property=\"og:type\" content=\"article\" \/>\n<meta property=\"og:title\" content=\"La exposici\u00f3n \u2018Arrastoak \/ Huellas\u2019 permanecer\u00e1 en el Paseo de Sarasate hasta el 17 de diciembre\" \/>\n<meta property=\"og:description\" content=\"El Ayuntamiento ampl\u00eda las fechas de la muestra, que pretende concienciar a la ciudadan\u00eda sobre la realidad de las fronteras\" \/>\n<meta property=\"og:url\" content=\"https:\/\/www.laguiadepamplona.com\/actualidad\/la-exposicion-arrastoak-huellas-permanecera-en-el-paseo-de-sarasate-hasta-el-17-de-diciembre\/\" \/>\n<meta property=\"og:site_name\" content=\"La Gu\u00eda de Pamplona\" \/>\n<meta property=\"article:publisher\" content=\"https:\/\/www.facebook.com\/laguiadepamplonacom-133175176762273\/?ref=hl\" \/>\n<meta property=\"article:published_time\" content=\"2017-11-24T11:13:16+00:00\" \/>\n<meta property=\"og:image\" content=\"https:\/\/www.laguiadepamplona.com\/actualidad\/wp-content\/uploads\/2016\/11\/Ayto_Pamplona.jpg\" \/>\n\t<meta property=\"og:image:width\" content=\"900\" \/>\n\t<meta property=\"og:image:height\" content=\"675\" \/>\n\t<meta property=\"og:image:type\" content=\"image\/jpeg\" \/>\n<meta name=\"author\" content=\"La Gu\u00eda de Pamplona\" \/>\n<meta name=\"twitter:card\" content=\"summary_large_image\" \/>\n<meta name=\"twitter:creator\" content=\"@LaGuiadPamplona\" \/>\n<meta name=\"twitter:site\" content=\"@LaGuiadPamplona\" \/>\n<meta name=\"twitter:label1\" content=\"Escrito por\" \/>\n\t<meta name=\"twitter:data1\" content=\"La Gu\u00eda de Pamplona\" \/>\n\t<meta name=\"twitter:label2\" content=\"Tiempo de lectura\" \/>\n\t<meta name=\"twitter:data2\" content=\"3 minutos\" \/>\n<script type=\"application\/ld+json\" class=\"yoast-schema-graph\">{\"@context\":\"https:\\\/\\\/schema.org\",\"@graph\":[{\"@type\":\"Article\",\"@id\":\"https:\\\/\\\/www.laguiadepamplona.com\\\/actualidad\\\/la-exposicion-arrastoak-huellas-permanecera-en-el-paseo-de-sarasate-hasta-el-17-de-diciembre\\\/#article\",\"isPartOf\":{\"@id\":\"https:\\\/\\\/www.laguiadepamplona.com\\\/actualidad\\\/la-exposicion-arrastoak-huellas-permanecera-en-el-paseo-de-sarasate-hasta-el-17-de-diciembre\\\/\"},\"author\":{\"name\":\"La Gu\u00eda de Pamplona\",\"@id\":\"https:\\\/\\\/www.laguiadepamplona.com\\\/actualidad\\\/#\\\/schema\\\/person\\\/efe887376f0213d4657c93adc50b1fdb\"},\"headline\":\"La exposici\u00f3n \u2018Arrastoak \\\/ Huellas\u2019 permanecer\u00e1 en el Paseo de Sarasate hasta el 17 de diciembre\",\"datePublished\":\"2017-11-24T11:13:16+00:00\",\"mainEntityOfPage\":{\"@id\":\"https:\\\/\\\/www.laguiadepamplona.com\\\/actualidad\\\/la-exposicion-arrastoak-huellas-permanecera-en-el-paseo-de-sarasate-hasta-el-17-de-diciembre\\\/\"},\"wordCount\":699,\"commentCount\":0,\"publisher\":{\"@id\":\"https:\\\/\\\/www.laguiadepamplona.com\\\/actualidad\\\/#organization\"},\"image\":{\"@id\":\"https:\\\/\\\/www.laguiadepamplona.com\\\/actualidad\\\/la-exposicion-arrastoak-huellas-permanecera-en-el-paseo-de-sarasate-hasta-el-17-de-diciembre\\\/#primaryimage\"},\"thumbnailUrl\":\"https:\\\/\\\/www.laguiadepamplona.com\\\/actualidad\\\/wp-content\\\/uploads\\\/2016\\\/11\\\/Ayto_Pamplona.jpg\",\"articleSection\":[\"Ayto Pamplona\"],\"inLanguage\":\"es\",\"potentialAction\":[{\"@type\":\"CommentAction\",\"name\":\"Comment\",\"target\":[\"https:\\\/\\\/www.laguiadepamplona.com\\\/actualidad\\\/la-exposicion-arrastoak-huellas-permanecera-en-el-paseo-de-sarasate-hasta-el-17-de-diciembre\\\/#respond\"]}]},{\"@type\":\"WebPage\",\"@id\":\"https:\\\/\\\/www.laguiadepamplona.com\\\/actualidad\\\/la-exposicion-arrastoak-huellas-permanecera-en-el-paseo-de-sarasate-hasta-el-17-de-diciembre\\\/\",\"url\":\"https:\\\/\\\/www.laguiadepamplona.com\\\/actualidad\\\/la-exposicion-arrastoak-huellas-permanecera-en-el-paseo-de-sarasate-hasta-el-17-de-diciembre\\\/\",\"name\":\"La exposici\u00f3n \u2018Arrastoak \\\/ Huellas\u2019 permanecer\u00e1 en el Paseo de Sarasate hasta el 17 de diciembre\",\"isPartOf\":{\"@id\":\"https:\\\/\\\/www.laguiadepamplona.com\\\/actualidad\\\/#website\"},\"primaryImageOfPage\":{\"@id\":\"https:\\\/\\\/www.laguiadepamplona.com\\\/actualidad\\\/la-exposicion-arrastoak-huellas-permanecera-en-el-paseo-de-sarasate-hasta-el-17-de-diciembre\\\/#primaryimage\"},\"image\":{\"@id\":\"https:\\\/\\\/www.laguiadepamplona.com\\\/actualidad\\\/la-exposicion-arrastoak-huellas-permanecera-en-el-paseo-de-sarasate-hasta-el-17-de-diciembre\\\/#primaryimage\"},\"thumbnailUrl\":\"https:\\\/\\\/www.laguiadepamplona.com\\\/actualidad\\\/wp-content\\\/uploads\\\/2016\\\/11\\\/Ayto_Pamplona.jpg\",\"datePublished\":\"2017-11-24T11:13:16+00:00\",\"breadcrumb\":{\"@id\":\"https:\\\/\\\/www.laguiadepamplona.com\\\/actualidad\\\/la-exposicion-arrastoak-huellas-permanecera-en-el-paseo-de-sarasate-hasta-el-17-de-diciembre\\\/#breadcrumb\"},\"inLanguage\":\"es\",\"potentialAction\":[{\"@type\":\"ReadAction\",\"target\":[\"https:\\\/\\\/www.laguiadepamplona.com\\\/actualidad\\\/la-exposicion-arrastoak-huellas-permanecera-en-el-paseo-de-sarasate-hasta-el-17-de-diciembre\\\/\"]}]},{\"@type\":\"ImageObject\",\"inLanguage\":\"es\",\"@id\":\"https:\\\/\\\/www.laguiadepamplona.com\\\/actualidad\\\/la-exposicion-arrastoak-huellas-permanecera-en-el-paseo-de-sarasate-hasta-el-17-de-diciembre\\\/#primaryimage\",\"url\":\"https:\\\/\\\/www.laguiadepamplona.com\\\/actualidad\\\/wp-content\\\/uploads\\\/2016\\\/11\\\/Ayto_Pamplona.jpg\",\"contentUrl\":\"https:\\\/\\\/www.laguiadepamplona.com\\\/actualidad\\\/wp-content\\\/uploads\\\/2016\\\/11\\\/Ayto_Pamplona.jpg\",\"width\":900,\"height\":675},{\"@type\":\"BreadcrumbList\",\"@id\":\"https:\\\/\\\/www.laguiadepamplona.com\\\/actualidad\\\/la-exposicion-arrastoak-huellas-permanecera-en-el-paseo-de-sarasate-hasta-el-17-de-diciembre\\\/#breadcrumb\",\"itemListElement\":[{\"@type\":\"ListItem\",\"position\":1,\"name\":\"Portada\",\"item\":\"https:\\\/\\\/www.laguiadepamplona.com\\\/actualidad\\\/\"},{\"@type\":\"ListItem\",\"position\":2,\"name\":\"La exposici\u00f3n \u2018Arrastoak \\\/ Huellas\u2019 permanecer\u00e1 en el Paseo de Sarasate hasta el 17 de diciembre\"}]},{\"@type\":\"WebSite\",\"@id\":\"https:\\\/\\\/www.laguiadepamplona.com\\\/actualidad\\\/#website\",\"url\":\"https:\\\/\\\/www.laguiadepamplona.com\\\/actualidad\\\/\",\"name\":\"La gu\u00eda de Pamplona\",\"description\":\"Noticias de Pamplona\",\"publisher\":{\"@id\":\"https:\\\/\\\/www.laguiadepamplona.com\\\/actualidad\\\/#organization\"},\"potentialAction\":[{\"@type\":\"SearchAction\",\"target\":{\"@type\":\"EntryPoint\",\"urlTemplate\":\"https:\\\/\\\/www.laguiadepamplona.com\\\/actualidad\\\/?s={search_term_string}\"},\"query-input\":{\"@type\":\"PropertyValueSpecification\",\"valueRequired\":true,\"valueName\":\"search_term_string\"}}],\"inLanguage\":\"es\"},{\"@type\":\"Organization\",\"@id\":\"https:\\\/\\\/www.laguiadepamplona.com\\\/actualidad\\\/#organization\",\"name\":\"La Gu\u00eda de Pamplona \\\/ Noticias\",\"url\":\"https:\\\/\\\/www.laguiadepamplona.com\\\/actualidad\\\/\",\"logo\":{\"@type\":\"ImageObject\",\"inLanguage\":\"es\",\"@id\":\"https:\\\/\\\/www.laguiadepamplona.com\\\/actualidad\\\/#\\\/schema\\\/logo\\\/image\\\/\",\"url\":\"https:\\\/\\\/www.laguiadepamplona.com\\\/actualidad\\\/wp-content\\\/uploads\\\/2018\\\/11\\\/logo-laguiadepamplona18-web1.png\",\"contentUrl\":\"https:\\\/\\\/www.laguiadepamplona.com\\\/actualidad\\\/wp-content\\\/uploads\\\/2018\\\/11\\\/logo-laguiadepamplona18-web1.png\",\"width\":600,\"height\":196,\"caption\":\"La Gu\u00eda de Pamplona \\\/ Noticias\"},\"image\":{\"@id\":\"https:\\\/\\\/www.laguiadepamplona.com\\\/actualidad\\\/#\\\/schema\\\/logo\\\/image\\\/\"},\"sameAs\":[\"https:\\\/\\\/www.facebook.com\\\/laguiadepamplonacom-133175176762273\\\/?ref=hl\",\"https:\\\/\\\/x.com\\\/LaGuiadPamplona\",\"https:\\\/\\\/www.instagram.com\\\/la_guia_de_pamplona\\\/\",\"https:\\\/\\\/www.youtube.com\\\/user\\\/laguiadepamplona\"]},{\"@type\":\"Person\",\"@id\":\"https:\\\/\\\/www.laguiadepamplona.com\\\/actualidad\\\/#\\\/schema\\\/person\\\/efe887376f0213d4657c93adc50b1fdb\",\"name\":\"La Gu\u00eda de Pamplona\",\"image\":{\"@type\":\"ImageObject\",\"inLanguage\":\"es\",\"@id\":\"https:\\\/\\\/secure.gravatar.com\\\/avatar\\\/b6992f131dc8d30ab0dff15446e9d346d9dbd95992de0fef795073f5ea83a81c?s=96&d=mm&r=g\",\"url\":\"https:\\\/\\\/secure.gravatar.com\\\/avatar\\\/b6992f131dc8d30ab0dff15446e9d346d9dbd95992de0fef795073f5ea83a81c?s=96&d=mm&r=g\",\"contentUrl\":\"https:\\\/\\\/secure.gravatar.com\\\/avatar\\\/b6992f131dc8d30ab0dff15446e9d346d9dbd95992de0fef795073f5ea83a81c?s=96&d=mm&r=g\",\"caption\":\"La Gu\u00eda de Pamplona\"}}]}<\/script>\n<!-- \/ Yoast SEO plugin. -->","yoast_head_json":{"title":"La exposici\u00f3n \u2018Arrastoak \/ Huellas\u2019 permanecer\u00e1 en el Paseo de Sarasate hasta el 17 de diciembre","robots":{"index":"index","follow":"follow","max-snippet":"max-snippet:-1","max-image-preview":"max-image-preview:large","max-video-preview":"max-video-preview:-1"},"canonical":"https:\/\/www.laguiadepamplona.com\/actualidad\/la-exposicion-arrastoak-huellas-permanecera-en-el-paseo-de-sarasate-hasta-el-17-de-diciembre\/","og_locale":"es_ES","og_type":"article","og_title":"La exposici\u00f3n \u2018Arrastoak \/ Huellas\u2019 permanecer\u00e1 en el Paseo de Sarasate hasta el 17 de diciembre","og_description":"El Ayuntamiento ampl\u00eda las fechas de la muestra, que pretende concienciar a la ciudadan\u00eda sobre la realidad de las fronteras","og_url":"https:\/\/www.laguiadepamplona.com\/actualidad\/la-exposicion-arrastoak-huellas-permanecera-en-el-paseo-de-sarasate-hasta-el-17-de-diciembre\/","og_site_name":"La Gu\u00eda de Pamplona","article_publisher":"https:\/\/www.facebook.com\/laguiadepamplonacom-133175176762273\/?ref=hl","article_published_time":"2017-11-24T11:13:16+00:00","og_image":[{"width":900,"height":675,"url":"https:\/\/www.laguiadepamplona.com\/actualidad\/wp-content\/uploads\/2016\/11\/Ayto_Pamplona.jpg","type":"image\/jpeg"}],"author":"La Gu\u00eda de Pamplona","twitter_card":"summary_large_image","twitter_creator":"@LaGuiadPamplona","twitter_site":"@LaGuiadPamplona","twitter_misc":{"Escrito por":"La Gu\u00eda de Pamplona","Tiempo de lectura":"3 minutos"},"schema":{"@context":"https:\/\/schema.org","@graph":[{"@type":"Article","@id":"https:\/\/www.laguiadepamplona.com\/actualidad\/la-exposicion-arrastoak-huellas-permanecera-en-el-paseo-de-sarasate-hasta-el-17-de-diciembre\/#article","isPartOf":{"@id":"https:\/\/www.laguiadepamplona.com\/actualidad\/la-exposicion-arrastoak-huellas-permanecera-en-el-paseo-de-sarasate-hasta-el-17-de-diciembre\/"},"author":{"name":"La Gu\u00eda de Pamplona","@id":"https:\/\/www.laguiadepamplona.com\/actualidad\/#\/schema\/person\/efe887376f0213d4657c93adc50b1fdb"},"headline":"La exposici\u00f3n \u2018Arrastoak \/ Huellas\u2019 permanecer\u00e1 en el Paseo de Sarasate hasta el 17 de diciembre","datePublished":"2017-11-24T11:13:16+00:00","mainEntityOfPage":{"@id":"https:\/\/www.laguiadepamplona.com\/actualidad\/la-exposicion-arrastoak-huellas-permanecera-en-el-paseo-de-sarasate-hasta-el-17-de-diciembre\/"},"wordCount":699,"commentCount":0,"publisher":{"@id":"https:\/\/www.laguiadepamplona.com\/actualidad\/#organization"},"image":{"@id":"https:\/\/www.laguiadepamplona.com\/actualidad\/la-exposicion-arrastoak-huellas-permanecera-en-el-paseo-de-sarasate-hasta-el-17-de-diciembre\/#primaryimage"},"thumbnailUrl":"https:\/\/www.laguiadepamplona.com\/actualidad\/wp-content\/uploads\/2016\/11\/Ayto_Pamplona.jpg","articleSection":["Ayto Pamplona"],"inLanguage":"es","potentialAction":[{"@type":"CommentAction","name":"Comment","target":["https:\/\/www.laguiadepamplona.com\/actualidad\/la-exposicion-arrastoak-huellas-permanecera-en-el-paseo-de-sarasate-hasta-el-17-de-diciembre\/#respond"]}]},{"@type":"WebPage","@id":"https:\/\/www.laguiadepamplona.com\/actualidad\/la-exposicion-arrastoak-huellas-permanecera-en-el-paseo-de-sarasate-hasta-el-17-de-diciembre\/","url":"https:\/\/www.laguiadepamplona.com\/actualidad\/la-exposicion-arrastoak-huellas-permanecera-en-el-paseo-de-sarasate-hasta-el-17-de-diciembre\/","name":"La exposici\u00f3n \u2018Arrastoak \/ Huellas\u2019 permanecer\u00e1 en el Paseo de Sarasate hasta el 17 de diciembre","isPartOf":{"@id":"https:\/\/www.laguiadepamplona.com\/actualidad\/#website"},"primaryImageOfPage":{"@id":"https:\/\/www.laguiadepamplona.com\/actualidad\/la-exposicion-arrastoak-huellas-permanecera-en-el-paseo-de-sarasate-hasta-el-17-de-diciembre\/#primaryimage"},"image":{"@id":"https:\/\/www.laguiadepamplona.com\/actualidad\/la-exposicion-arrastoak-huellas-permanecera-en-el-paseo-de-sarasate-hasta-el-17-de-diciembre\/#primaryimage"},"thumbnailUrl":"https:\/\/www.laguiadepamplona.com\/actualidad\/wp-content\/uploads\/2016\/11\/Ayto_Pamplona.jpg","datePublished":"2017-11-24T11:13:16+00:00","breadcrumb":{"@id":"https:\/\/www.laguiadepamplona.com\/actualidad\/la-exposicion-arrastoak-huellas-permanecera-en-el-paseo-de-sarasate-hasta-el-17-de-diciembre\/#breadcrumb"},"inLanguage":"es","potentialAction":[{"@type":"ReadAction","target":["https:\/\/www.laguiadepamplona.com\/actualidad\/la-exposicion-arrastoak-huellas-permanecera-en-el-paseo-de-sarasate-hasta-el-17-de-diciembre\/"]}]},{"@type":"ImageObject","inLanguage":"es","@id":"https:\/\/www.laguiadepamplona.com\/actualidad\/la-exposicion-arrastoak-huellas-permanecera-en-el-paseo-de-sarasate-hasta-el-17-de-diciembre\/#primaryimage","url":"https:\/\/www.laguiadepamplona.com\/actualidad\/wp-content\/uploads\/2016\/11\/Ayto_Pamplona.jpg","contentUrl":"https:\/\/www.laguiadepamplona.com\/actualidad\/wp-content\/uploads\/2016\/11\/Ayto_Pamplona.jpg","width":900,"height":675},{"@type":"BreadcrumbList","@id":"https:\/\/www.laguiadepamplona.com\/actualidad\/la-exposicion-arrastoak-huellas-permanecera-en-el-paseo-de-sarasate-hasta-el-17-de-diciembre\/#breadcrumb","itemListElement":[{"@type":"ListItem","position":1,"name":"Portada","item":"https:\/\/www.laguiadepamplona.com\/actualidad\/"},{"@type":"ListItem","position":2,"name":"La exposici\u00f3n \u2018Arrastoak \/ Huellas\u2019 permanecer\u00e1 en el Paseo de Sarasate hasta el 17 de diciembre"}]},{"@type":"WebSite","@id":"https:\/\/www.laguiadepamplona.com\/actualidad\/#website","url":"https:\/\/www.laguiadepamplona.com\/actualidad\/","name":"La gu\u00eda de Pamplona","description":"Noticias de Pamplona","publisher":{"@id":"https:\/\/www.laguiadepamplona.com\/actualidad\/#organization"},"potentialAction":[{"@type":"SearchAction","target":{"@type":"EntryPoint","urlTemplate":"https:\/\/www.laguiadepamplona.com\/actualidad\/?s={search_term_string}"},"query-input":{"@type":"PropertyValueSpecification","valueRequired":true,"valueName":"search_term_string"}}],"inLanguage":"es"},{"@type":"Organization","@id":"https:\/\/www.laguiadepamplona.com\/actualidad\/#organization","name":"La Gu\u00eda de Pamplona \/ Noticias","url":"https:\/\/www.laguiadepamplona.com\/actualidad\/","logo":{"@type":"ImageObject","inLanguage":"es","@id":"https:\/\/www.laguiadepamplona.com\/actualidad\/#\/schema\/logo\/image\/","url":"https:\/\/www.laguiadepamplona.com\/actualidad\/wp-content\/uploads\/2018\/11\/logo-laguiadepamplona18-web1.png","contentUrl":"https:\/\/www.laguiadepamplona.com\/actualidad\/wp-content\/uploads\/2018\/11\/logo-laguiadepamplona18-web1.png","width":600,"height":196,"caption":"La Gu\u00eda de Pamplona \/ Noticias"},"image":{"@id":"https:\/\/www.laguiadepamplona.com\/actualidad\/#\/schema\/logo\/image\/"},"sameAs":["https:\/\/www.facebook.com\/laguiadepamplonacom-133175176762273\/?ref=hl","https:\/\/x.com\/LaGuiadPamplona","https:\/\/www.instagram.com\/la_guia_de_pamplona\/","https:\/\/www.youtube.com\/user\/laguiadepamplona"]},{"@type":"Person","@id":"https:\/\/www.laguiadepamplona.com\/actualidad\/#\/schema\/person\/efe887376f0213d4657c93adc50b1fdb","name":"La Gu\u00eda de Pamplona","image":{"@type":"ImageObject","inLanguage":"es","@id":"https:\/\/secure.gravatar.com\/avatar\/b6992f131dc8d30ab0dff15446e9d346d9dbd95992de0fef795073f5ea83a81c?s=96&d=mm&r=g","url":"https:\/\/secure.gravatar.com\/avatar\/b6992f131dc8d30ab0dff15446e9d346d9dbd95992de0fef795073f5ea83a81c?s=96&d=mm&r=g","contentUrl":"https:\/\/secure.gravatar.com\/avatar\/b6992f131dc8d30ab0dff15446e9d346d9dbd95992de0fef795073f5ea83a81c?s=96&d=mm&r=g","caption":"La Gu\u00eda de Pamplona"}}]}},"post_mailing_queue_ids":[],"_links":{"self":[{"href":"https:\/\/www.laguiadepamplona.com\/actualidad\/wp-json\/wp\/v2\/posts\/15286","targetHints":{"allow":["GET"]}}],"collection":[{"href":"https:\/\/www.laguiadepamplona.com\/actualidad\/wp-json\/wp\/v2\/posts"}],"about":[{"href":"https:\/\/www.laguiadepamplona.com\/actualidad\/wp-json\/wp\/v2\/types\/post"}],"author":[{"embeddable":true,"href":"https:\/\/www.laguiadepamplona.com\/actualidad\/wp-json\/wp\/v2\/users\/1"}],"replies":[{"embeddable":true,"href":"https:\/\/www.laguiadepamplona.com\/actualidad\/wp-json\/wp\/v2\/comments?post=15286"}],"version-history":[{"count":0,"href":"https:\/\/www.laguiadepamplona.com\/actualidad\/wp-json\/wp\/v2\/posts\/15286\/revisions"}],"wp:featuredmedia":[{"embeddable":true,"href":"https:\/\/www.laguiadepamplona.com\/actualidad\/wp-json\/wp\/v2\/media\/10979"}],"wp:attachment":[{"href":"https:\/\/www.laguiadepamplona.com\/actualidad\/wp-json\/wp\/v2\/media?parent=15286"}],"wp:term":[{"taxonomy":"category","embeddable":true,"href":"https:\/\/www.laguiadepamplona.com\/actualidad\/wp-json\/wp\/v2\/categories?post=15286"},{"taxonomy":"post_tag","embeddable":true,"href":"https:\/\/www.laguiadepamplona.com\/actualidad\/wp-json\/wp\/v2\/tags?post=15286"}],"curies":[{"name":"wp","href":"https:\/\/api.w.org\/{rel}","templated":true}]}}