{"id":15282,"date":"2017-11-24T12:11:21","date_gmt":"2017-11-24T11:11:21","guid":{"rendered":"http:\/\/laguiadepamplona.es\/actualidad\/?p=15282"},"modified":"2017-11-24T12:11:21","modified_gmt":"2017-11-24T11:11:21","slug":"la-federacion-de-coros-de-navarra-presenta-manana-sabado-en-civivox-iturrama-el-nuevo-coro-lirico","status":"publish","type":"post","link":"https:\/\/www.laguiadepamplona.com\/actualidad\/la-federacion-de-coros-de-navarra-presenta-manana-sabado-en-civivox-iturrama-el-nuevo-coro-lirico\/","title":{"rendered":"La Federaci\u00f3n de Coros de Navarra presenta ma\u00f1ana s\u00e1bado en civivox Iturrama el nuevo Coro L\u00edrico"},"content":{"rendered":"<h3>Actuar\u00e1 a las 19.30 horas, con entrada libre previa retirada de invitaci\u00f3n<\/h3>\n<p><!--more--><\/p>\n<p>La Federaci\u00f3n de Coros de Navarra presentar\u00e1 ma\u00f1ana s\u00e1bado en civivox Iturrama el nuevo Coro L\u00edrico. La actuaci\u00f3n comenzar\u00e1 a las 19.30 horas y la entrada es libre, previa retirada de invitaci\u00f3n desde una hora antes del concierto (m\u00e1ximo de dos invitaciones por persona). Dirigido por Jordi Freixa y con Kilian Carrillo al piano, interpretar\u00e1n obras de Verdi, Bellini, Wagner, Bizet, Breton, Vives y Soroz\u00e1bal.<\/p>\n<p>La creaci\u00f3n de un coro l\u00edrico responde a una necesidad detectada por la Federaci\u00f3n, siempre partiendo de la base que no es habitual este tipo de m\u00fasica en los coros. Por ello se realiz\u00f3 una convocatoria y, tras una prueba de voz, se ha cre\u00f3 un coro con 80 personas cuyo \u00faltimo fin es la formaci\u00f3n, algo que correr\u00e1 a cargo del director l\u00edrico Jordi Freixa, supervisado por Salvatore Caputo.<\/p>\n<p>La actuaci\u00f3n de este nuevo grupo forma parte del ciclo M\u00fasica en red, un ciclo de conciertos organizado por la Federaci\u00f3n de Coros de Navarra en colaboraci\u00f3n con el Ayuntamiento de Pamplona. El ciclo est\u00e1 compuesto por ocho conciertos, que comenzaron el 7 de octubre y que concluir\u00e1n el 15 de diciembre. El objetivo de este ciclo es el de potenciar el intercambio entre coros federados, con especial presencia de compositores navarros. Tambi\u00e9n se busca favorecer la formaci\u00f3n musical continuada y promover el acceso a la m\u00fasica coral de los m\u00e1s j\u00f3venes desde una perspectiva m\u00e1s l\u00fadica.<\/p>\n<p>Tras el concierto de este s\u00e1bado, el ciclo continuar\u00e1 el viernes 15 de diciembre con una \u00faltima actuaci\u00f3n, que correr\u00e1 a cargo de las corales Oberena y Media Luna. La sesi\u00f3n ser\u00e1 en civivox Medillorri a las 20 horas.<\/p>\n<p>&nbsp;<\/p>\n<p><strong>M\u00fasica en red. Coros en Navarra | Pr\u00f3ximos conciertos<\/strong><\/p>\n<ul>\n<li>S\u00e1bado 25 de noviembre, 19.30 horas. Civivox Iturrama\n<ul>\n<li>Presentaci\u00f3n del Coro L\u00edrico de la Federaci\u00f3n de Coros de Navarra<\/li>\n<li>Entrada libre, previa retirada de invitaciones desde 1 hora antes (2 invitaciones\/persona)<\/li>\n<\/ul>\n<\/li>\n<li>Viernes 15 de diciembre, 20 horas. Civivox Mendillorri\n<ul>\n<li>Coral Oberena y Coral Media Luna<\/li>\n<li>Entrada libre, previa retirada de invitaciones desde 1 hora antes (2 invitaciones\/persona)<\/li>\n<\/ul>\n<\/li>\n<\/ul>\n<p>&nbsp;<\/p>\n","protected":false},"excerpt":{"rendered":"<p>Actuar\u00e1 a las 19.30 horas, con entrada libre previa retirada de invitaci\u00f3n<\/p>\n","protected":false},"author":1,"featured_media":11097,"comment_status":"open","ping_status":"closed","sticky":false,"template":"","format":"standard","meta":{"footnotes":""},"categories":[2],"tags":[],"class_list":["post-15282","post","type-post","status-publish","format-standard","has-post-thumbnail","hentry","category-ayuntamiento-pamplona"],"yoast_head":"<!-- This site is optimized with the Yoast SEO plugin v27.3 - https:\/\/yoast.com\/product\/yoast-seo-wordpress\/ -->\n<title>La Federaci\u00f3n de Coros de Navarra presenta ma\u00f1ana s\u00e1bado en civivox Iturrama el nuevo Coro L\u00edrico<\/title>\n<meta name=\"robots\" content=\"index, follow, max-snippet:-1, max-image-preview:large, max-video-preview:-1\" \/>\n<link rel=\"canonical\" href=\"https:\/\/www.laguiadepamplona.com\/actualidad\/la-federacion-de-coros-de-navarra-presenta-manana-sabado-en-civivox-iturrama-el-nuevo-coro-lirico\/\" \/>\n<meta property=\"og:locale\" content=\"es_ES\" \/>\n<meta property=\"og:type\" content=\"article\" \/>\n<meta property=\"og:title\" content=\"La Federaci\u00f3n de Coros de Navarra presenta ma\u00f1ana s\u00e1bado en civivox Iturrama el nuevo Coro L\u00edrico\" \/>\n<meta property=\"og:description\" content=\"Actuar\u00e1 a las 19.30 horas, con entrada libre previa retirada de invitaci\u00f3n\" \/>\n<meta property=\"og:url\" content=\"https:\/\/www.laguiadepamplona.com\/actualidad\/la-federacion-de-coros-de-navarra-presenta-manana-sabado-en-civivox-iturrama-el-nuevo-coro-lirico\/\" \/>\n<meta property=\"og:site_name\" content=\"La Gu\u00eda de Pamplona\" \/>\n<meta property=\"article:publisher\" content=\"https:\/\/www.facebook.com\/laguiadepamplonacom-133175176762273\/?ref=hl\" \/>\n<meta property=\"article:published_time\" content=\"2017-11-24T11:11:21+00:00\" \/>\n<meta property=\"og:image\" content=\"https:\/\/www.laguiadepamplona.com\/actualidad\/wp-content\/uploads\/2016\/12\/civivox-de-iturrama.jpg\" \/>\n\t<meta property=\"og:image:width\" content=\"500\" \/>\n\t<meta property=\"og:image:height\" content=\"333\" \/>\n\t<meta property=\"og:image:type\" content=\"image\/jpeg\" \/>\n<meta name=\"author\" content=\"La Gu\u00eda de Pamplona\" \/>\n<meta name=\"twitter:card\" content=\"summary_large_image\" \/>\n<meta name=\"twitter:creator\" content=\"@LaGuiadPamplona\" \/>\n<meta name=\"twitter:site\" content=\"@LaGuiadPamplona\" \/>\n<meta name=\"twitter:label1\" content=\"Escrito por\" \/>\n\t<meta name=\"twitter:data1\" content=\"La Gu\u00eda de Pamplona\" \/>\n\t<meta name=\"twitter:label2\" content=\"Tiempo de lectura\" \/>\n\t<meta name=\"twitter:data2\" content=\"2 minutos\" \/>\n<script type=\"application\/ld+json\" class=\"yoast-schema-graph\">{\"@context\":\"https:\\\/\\\/schema.org\",\"@graph\":[{\"@type\":\"Article\",\"@id\":\"https:\\\/\\\/www.laguiadepamplona.com\\\/actualidad\\\/la-federacion-de-coros-de-navarra-presenta-manana-sabado-en-civivox-iturrama-el-nuevo-coro-lirico\\\/#article\",\"isPartOf\":{\"@id\":\"https:\\\/\\\/www.laguiadepamplona.com\\\/actualidad\\\/la-federacion-de-coros-de-navarra-presenta-manana-sabado-en-civivox-iturrama-el-nuevo-coro-lirico\\\/\"},\"author\":{\"name\":\"La Gu\u00eda de Pamplona\",\"@id\":\"https:\\\/\\\/www.laguiadepamplona.com\\\/actualidad\\\/#\\\/schema\\\/person\\\/efe887376f0213d4657c93adc50b1fdb\"},\"headline\":\"La Federaci\u00f3n de Coros de Navarra presenta ma\u00f1ana s\u00e1bado en civivox Iturrama el nuevo Coro L\u00edrico\",\"datePublished\":\"2017-11-24T11:11:21+00:00\",\"mainEntityOfPage\":{\"@id\":\"https:\\\/\\\/www.laguiadepamplona.com\\\/actualidad\\\/la-federacion-de-coros-de-navarra-presenta-manana-sabado-en-civivox-iturrama-el-nuevo-coro-lirico\\\/\"},\"wordCount\":394,\"commentCount\":0,\"publisher\":{\"@id\":\"https:\\\/\\\/www.laguiadepamplona.com\\\/actualidad\\\/#organization\"},\"image\":{\"@id\":\"https:\\\/\\\/www.laguiadepamplona.com\\\/actualidad\\\/la-federacion-de-coros-de-navarra-presenta-manana-sabado-en-civivox-iturrama-el-nuevo-coro-lirico\\\/#primaryimage\"},\"thumbnailUrl\":\"https:\\\/\\\/www.laguiadepamplona.com\\\/actualidad\\\/wp-content\\\/uploads\\\/2016\\\/12\\\/civivox-de-iturrama.jpg\",\"articleSection\":[\"Ayto Pamplona\"],\"inLanguage\":\"es\",\"potentialAction\":[{\"@type\":\"CommentAction\",\"name\":\"Comment\",\"target\":[\"https:\\\/\\\/www.laguiadepamplona.com\\\/actualidad\\\/la-federacion-de-coros-de-navarra-presenta-manana-sabado-en-civivox-iturrama-el-nuevo-coro-lirico\\\/#respond\"]}]},{\"@type\":\"WebPage\",\"@id\":\"https:\\\/\\\/www.laguiadepamplona.com\\\/actualidad\\\/la-federacion-de-coros-de-navarra-presenta-manana-sabado-en-civivox-iturrama-el-nuevo-coro-lirico\\\/\",\"url\":\"https:\\\/\\\/www.laguiadepamplona.com\\\/actualidad\\\/la-federacion-de-coros-de-navarra-presenta-manana-sabado-en-civivox-iturrama-el-nuevo-coro-lirico\\\/\",\"name\":\"La Federaci\u00f3n de Coros de Navarra presenta ma\u00f1ana s\u00e1bado en civivox Iturrama el nuevo Coro L\u00edrico\",\"isPartOf\":{\"@id\":\"https:\\\/\\\/www.laguiadepamplona.com\\\/actualidad\\\/#website\"},\"primaryImageOfPage\":{\"@id\":\"https:\\\/\\\/www.laguiadepamplona.com\\\/actualidad\\\/la-federacion-de-coros-de-navarra-presenta-manana-sabado-en-civivox-iturrama-el-nuevo-coro-lirico\\\/#primaryimage\"},\"image\":{\"@id\":\"https:\\\/\\\/www.laguiadepamplona.com\\\/actualidad\\\/la-federacion-de-coros-de-navarra-presenta-manana-sabado-en-civivox-iturrama-el-nuevo-coro-lirico\\\/#primaryimage\"},\"thumbnailUrl\":\"https:\\\/\\\/www.laguiadepamplona.com\\\/actualidad\\\/wp-content\\\/uploads\\\/2016\\\/12\\\/civivox-de-iturrama.jpg\",\"datePublished\":\"2017-11-24T11:11:21+00:00\",\"breadcrumb\":{\"@id\":\"https:\\\/\\\/www.laguiadepamplona.com\\\/actualidad\\\/la-federacion-de-coros-de-navarra-presenta-manana-sabado-en-civivox-iturrama-el-nuevo-coro-lirico\\\/#breadcrumb\"},\"inLanguage\":\"es\",\"potentialAction\":[{\"@type\":\"ReadAction\",\"target\":[\"https:\\\/\\\/www.laguiadepamplona.com\\\/actualidad\\\/la-federacion-de-coros-de-navarra-presenta-manana-sabado-en-civivox-iturrama-el-nuevo-coro-lirico\\\/\"]}]},{\"@type\":\"ImageObject\",\"inLanguage\":\"es\",\"@id\":\"https:\\\/\\\/www.laguiadepamplona.com\\\/actualidad\\\/la-federacion-de-coros-de-navarra-presenta-manana-sabado-en-civivox-iturrama-el-nuevo-coro-lirico\\\/#primaryimage\",\"url\":\"https:\\\/\\\/www.laguiadepamplona.com\\\/actualidad\\\/wp-content\\\/uploads\\\/2016\\\/12\\\/civivox-de-iturrama.jpg\",\"contentUrl\":\"https:\\\/\\\/www.laguiadepamplona.com\\\/actualidad\\\/wp-content\\\/uploads\\\/2016\\\/12\\\/civivox-de-iturrama.jpg\",\"width\":500,\"height\":333},{\"@type\":\"BreadcrumbList\",\"@id\":\"https:\\\/\\\/www.laguiadepamplona.com\\\/actualidad\\\/la-federacion-de-coros-de-navarra-presenta-manana-sabado-en-civivox-iturrama-el-nuevo-coro-lirico\\\/#breadcrumb\",\"itemListElement\":[{\"@type\":\"ListItem\",\"position\":1,\"name\":\"Portada\",\"item\":\"https:\\\/\\\/www.laguiadepamplona.com\\\/actualidad\\\/\"},{\"@type\":\"ListItem\",\"position\":2,\"name\":\"La Federaci\u00f3n de Coros de Navarra presenta ma\u00f1ana s\u00e1bado en civivox Iturrama el nuevo Coro L\u00edrico\"}]},{\"@type\":\"WebSite\",\"@id\":\"https:\\\/\\\/www.laguiadepamplona.com\\\/actualidad\\\/#website\",\"url\":\"https:\\\/\\\/www.laguiadepamplona.com\\\/actualidad\\\/\",\"name\":\"La gu\u00eda de Pamplona\",\"description\":\"Noticias de Pamplona\",\"publisher\":{\"@id\":\"https:\\\/\\\/www.laguiadepamplona.com\\\/actualidad\\\/#organization\"},\"potentialAction\":[{\"@type\":\"SearchAction\",\"target\":{\"@type\":\"EntryPoint\",\"urlTemplate\":\"https:\\\/\\\/www.laguiadepamplona.com\\\/actualidad\\\/?s={search_term_string}\"},\"query-input\":{\"@type\":\"PropertyValueSpecification\",\"valueRequired\":true,\"valueName\":\"search_term_string\"}}],\"inLanguage\":\"es\"},{\"@type\":\"Organization\",\"@id\":\"https:\\\/\\\/www.laguiadepamplona.com\\\/actualidad\\\/#organization\",\"name\":\"La Gu\u00eda de Pamplona \\\/ Noticias\",\"url\":\"https:\\\/\\\/www.laguiadepamplona.com\\\/actualidad\\\/\",\"logo\":{\"@type\":\"ImageObject\",\"inLanguage\":\"es\",\"@id\":\"https:\\\/\\\/www.laguiadepamplona.com\\\/actualidad\\\/#\\\/schema\\\/logo\\\/image\\\/\",\"url\":\"https:\\\/\\\/www.laguiadepamplona.com\\\/actualidad\\\/wp-content\\\/uploads\\\/2018\\\/11\\\/logo-laguiadepamplona18-web1.png\",\"contentUrl\":\"https:\\\/\\\/www.laguiadepamplona.com\\\/actualidad\\\/wp-content\\\/uploads\\\/2018\\\/11\\\/logo-laguiadepamplona18-web1.png\",\"width\":600,\"height\":196,\"caption\":\"La Gu\u00eda de Pamplona \\\/ Noticias\"},\"image\":{\"@id\":\"https:\\\/\\\/www.laguiadepamplona.com\\\/actualidad\\\/#\\\/schema\\\/logo\\\/image\\\/\"},\"sameAs\":[\"https:\\\/\\\/www.facebook.com\\\/laguiadepamplonacom-133175176762273\\\/?ref=hl\",\"https:\\\/\\\/x.com\\\/LaGuiadPamplona\",\"https:\\\/\\\/www.instagram.com\\\/la_guia_de_pamplona\\\/\",\"https:\\\/\\\/www.youtube.com\\\/user\\\/laguiadepamplona\"]},{\"@type\":\"Person\",\"@id\":\"https:\\\/\\\/www.laguiadepamplona.com\\\/actualidad\\\/#\\\/schema\\\/person\\\/efe887376f0213d4657c93adc50b1fdb\",\"name\":\"La Gu\u00eda de Pamplona\",\"image\":{\"@type\":\"ImageObject\",\"inLanguage\":\"es\",\"@id\":\"https:\\\/\\\/secure.gravatar.com\\\/avatar\\\/b6992f131dc8d30ab0dff15446e9d346d9dbd95992de0fef795073f5ea83a81c?s=96&d=mm&r=g\",\"url\":\"https:\\\/\\\/secure.gravatar.com\\\/avatar\\\/b6992f131dc8d30ab0dff15446e9d346d9dbd95992de0fef795073f5ea83a81c?s=96&d=mm&r=g\",\"contentUrl\":\"https:\\\/\\\/secure.gravatar.com\\\/avatar\\\/b6992f131dc8d30ab0dff15446e9d346d9dbd95992de0fef795073f5ea83a81c?s=96&d=mm&r=g\",\"caption\":\"La Gu\u00eda de Pamplona\"}}]}<\/script>\n<!-- \/ Yoast SEO plugin. -->","yoast_head_json":{"title":"La Federaci\u00f3n de Coros de Navarra presenta ma\u00f1ana s\u00e1bado en civivox Iturrama el nuevo Coro L\u00edrico","robots":{"index":"index","follow":"follow","max-snippet":"max-snippet:-1","max-image-preview":"max-image-preview:large","max-video-preview":"max-video-preview:-1"},"canonical":"https:\/\/www.laguiadepamplona.com\/actualidad\/la-federacion-de-coros-de-navarra-presenta-manana-sabado-en-civivox-iturrama-el-nuevo-coro-lirico\/","og_locale":"es_ES","og_type":"article","og_title":"La Federaci\u00f3n de Coros de Navarra presenta ma\u00f1ana s\u00e1bado en civivox Iturrama el nuevo Coro L\u00edrico","og_description":"Actuar\u00e1 a las 19.30 horas, con entrada libre previa retirada de invitaci\u00f3n","og_url":"https:\/\/www.laguiadepamplona.com\/actualidad\/la-federacion-de-coros-de-navarra-presenta-manana-sabado-en-civivox-iturrama-el-nuevo-coro-lirico\/","og_site_name":"La Gu\u00eda de Pamplona","article_publisher":"https:\/\/www.facebook.com\/laguiadepamplonacom-133175176762273\/?ref=hl","article_published_time":"2017-11-24T11:11:21+00:00","og_image":[{"width":500,"height":333,"url":"https:\/\/www.laguiadepamplona.com\/actualidad\/wp-content\/uploads\/2016\/12\/civivox-de-iturrama.jpg","type":"image\/jpeg"}],"author":"La Gu\u00eda de Pamplona","twitter_card":"summary_large_image","twitter_creator":"@LaGuiadPamplona","twitter_site":"@LaGuiadPamplona","twitter_misc":{"Escrito por":"La Gu\u00eda de Pamplona","Tiempo de lectura":"2 minutos"},"schema":{"@context":"https:\/\/schema.org","@graph":[{"@type":"Article","@id":"https:\/\/www.laguiadepamplona.com\/actualidad\/la-federacion-de-coros-de-navarra-presenta-manana-sabado-en-civivox-iturrama-el-nuevo-coro-lirico\/#article","isPartOf":{"@id":"https:\/\/www.laguiadepamplona.com\/actualidad\/la-federacion-de-coros-de-navarra-presenta-manana-sabado-en-civivox-iturrama-el-nuevo-coro-lirico\/"},"author":{"name":"La Gu\u00eda de Pamplona","@id":"https:\/\/www.laguiadepamplona.com\/actualidad\/#\/schema\/person\/efe887376f0213d4657c93adc50b1fdb"},"headline":"La Federaci\u00f3n de Coros de Navarra presenta ma\u00f1ana s\u00e1bado en civivox Iturrama el nuevo Coro L\u00edrico","datePublished":"2017-11-24T11:11:21+00:00","mainEntityOfPage":{"@id":"https:\/\/www.laguiadepamplona.com\/actualidad\/la-federacion-de-coros-de-navarra-presenta-manana-sabado-en-civivox-iturrama-el-nuevo-coro-lirico\/"},"wordCount":394,"commentCount":0,"publisher":{"@id":"https:\/\/www.laguiadepamplona.com\/actualidad\/#organization"},"image":{"@id":"https:\/\/www.laguiadepamplona.com\/actualidad\/la-federacion-de-coros-de-navarra-presenta-manana-sabado-en-civivox-iturrama-el-nuevo-coro-lirico\/#primaryimage"},"thumbnailUrl":"https:\/\/www.laguiadepamplona.com\/actualidad\/wp-content\/uploads\/2016\/12\/civivox-de-iturrama.jpg","articleSection":["Ayto Pamplona"],"inLanguage":"es","potentialAction":[{"@type":"CommentAction","name":"Comment","target":["https:\/\/www.laguiadepamplona.com\/actualidad\/la-federacion-de-coros-de-navarra-presenta-manana-sabado-en-civivox-iturrama-el-nuevo-coro-lirico\/#respond"]}]},{"@type":"WebPage","@id":"https:\/\/www.laguiadepamplona.com\/actualidad\/la-federacion-de-coros-de-navarra-presenta-manana-sabado-en-civivox-iturrama-el-nuevo-coro-lirico\/","url":"https:\/\/www.laguiadepamplona.com\/actualidad\/la-federacion-de-coros-de-navarra-presenta-manana-sabado-en-civivox-iturrama-el-nuevo-coro-lirico\/","name":"La Federaci\u00f3n de Coros de Navarra presenta ma\u00f1ana s\u00e1bado en civivox Iturrama el nuevo Coro L\u00edrico","isPartOf":{"@id":"https:\/\/www.laguiadepamplona.com\/actualidad\/#website"},"primaryImageOfPage":{"@id":"https:\/\/www.laguiadepamplona.com\/actualidad\/la-federacion-de-coros-de-navarra-presenta-manana-sabado-en-civivox-iturrama-el-nuevo-coro-lirico\/#primaryimage"},"image":{"@id":"https:\/\/www.laguiadepamplona.com\/actualidad\/la-federacion-de-coros-de-navarra-presenta-manana-sabado-en-civivox-iturrama-el-nuevo-coro-lirico\/#primaryimage"},"thumbnailUrl":"https:\/\/www.laguiadepamplona.com\/actualidad\/wp-content\/uploads\/2016\/12\/civivox-de-iturrama.jpg","datePublished":"2017-11-24T11:11:21+00:00","breadcrumb":{"@id":"https:\/\/www.laguiadepamplona.com\/actualidad\/la-federacion-de-coros-de-navarra-presenta-manana-sabado-en-civivox-iturrama-el-nuevo-coro-lirico\/#breadcrumb"},"inLanguage":"es","potentialAction":[{"@type":"ReadAction","target":["https:\/\/www.laguiadepamplona.com\/actualidad\/la-federacion-de-coros-de-navarra-presenta-manana-sabado-en-civivox-iturrama-el-nuevo-coro-lirico\/"]}]},{"@type":"ImageObject","inLanguage":"es","@id":"https:\/\/www.laguiadepamplona.com\/actualidad\/la-federacion-de-coros-de-navarra-presenta-manana-sabado-en-civivox-iturrama-el-nuevo-coro-lirico\/#primaryimage","url":"https:\/\/www.laguiadepamplona.com\/actualidad\/wp-content\/uploads\/2016\/12\/civivox-de-iturrama.jpg","contentUrl":"https:\/\/www.laguiadepamplona.com\/actualidad\/wp-content\/uploads\/2016\/12\/civivox-de-iturrama.jpg","width":500,"height":333},{"@type":"BreadcrumbList","@id":"https:\/\/www.laguiadepamplona.com\/actualidad\/la-federacion-de-coros-de-navarra-presenta-manana-sabado-en-civivox-iturrama-el-nuevo-coro-lirico\/#breadcrumb","itemListElement":[{"@type":"ListItem","position":1,"name":"Portada","item":"https:\/\/www.laguiadepamplona.com\/actualidad\/"},{"@type":"ListItem","position":2,"name":"La Federaci\u00f3n de Coros de Navarra presenta ma\u00f1ana s\u00e1bado en civivox Iturrama el nuevo Coro L\u00edrico"}]},{"@type":"WebSite","@id":"https:\/\/www.laguiadepamplona.com\/actualidad\/#website","url":"https:\/\/www.laguiadepamplona.com\/actualidad\/","name":"La gu\u00eda de Pamplona","description":"Noticias de Pamplona","publisher":{"@id":"https:\/\/www.laguiadepamplona.com\/actualidad\/#organization"},"potentialAction":[{"@type":"SearchAction","target":{"@type":"EntryPoint","urlTemplate":"https:\/\/www.laguiadepamplona.com\/actualidad\/?s={search_term_string}"},"query-input":{"@type":"PropertyValueSpecification","valueRequired":true,"valueName":"search_term_string"}}],"inLanguage":"es"},{"@type":"Organization","@id":"https:\/\/www.laguiadepamplona.com\/actualidad\/#organization","name":"La Gu\u00eda de Pamplona \/ Noticias","url":"https:\/\/www.laguiadepamplona.com\/actualidad\/","logo":{"@type":"ImageObject","inLanguage":"es","@id":"https:\/\/www.laguiadepamplona.com\/actualidad\/#\/schema\/logo\/image\/","url":"https:\/\/www.laguiadepamplona.com\/actualidad\/wp-content\/uploads\/2018\/11\/logo-laguiadepamplona18-web1.png","contentUrl":"https:\/\/www.laguiadepamplona.com\/actualidad\/wp-content\/uploads\/2018\/11\/logo-laguiadepamplona18-web1.png","width":600,"height":196,"caption":"La Gu\u00eda de Pamplona \/ Noticias"},"image":{"@id":"https:\/\/www.laguiadepamplona.com\/actualidad\/#\/schema\/logo\/image\/"},"sameAs":["https:\/\/www.facebook.com\/laguiadepamplonacom-133175176762273\/?ref=hl","https:\/\/x.com\/LaGuiadPamplona","https:\/\/www.instagram.com\/la_guia_de_pamplona\/","https:\/\/www.youtube.com\/user\/laguiadepamplona"]},{"@type":"Person","@id":"https:\/\/www.laguiadepamplona.com\/actualidad\/#\/schema\/person\/efe887376f0213d4657c93adc50b1fdb","name":"La Gu\u00eda de Pamplona","image":{"@type":"ImageObject","inLanguage":"es","@id":"https:\/\/secure.gravatar.com\/avatar\/b6992f131dc8d30ab0dff15446e9d346d9dbd95992de0fef795073f5ea83a81c?s=96&d=mm&r=g","url":"https:\/\/secure.gravatar.com\/avatar\/b6992f131dc8d30ab0dff15446e9d346d9dbd95992de0fef795073f5ea83a81c?s=96&d=mm&r=g","contentUrl":"https:\/\/secure.gravatar.com\/avatar\/b6992f131dc8d30ab0dff15446e9d346d9dbd95992de0fef795073f5ea83a81c?s=96&d=mm&r=g","caption":"La Gu\u00eda de Pamplona"}}]}},"post_mailing_queue_ids":[],"_links":{"self":[{"href":"https:\/\/www.laguiadepamplona.com\/actualidad\/wp-json\/wp\/v2\/posts\/15282","targetHints":{"allow":["GET"]}}],"collection":[{"href":"https:\/\/www.laguiadepamplona.com\/actualidad\/wp-json\/wp\/v2\/posts"}],"about":[{"href":"https:\/\/www.laguiadepamplona.com\/actualidad\/wp-json\/wp\/v2\/types\/post"}],"author":[{"embeddable":true,"href":"https:\/\/www.laguiadepamplona.com\/actualidad\/wp-json\/wp\/v2\/users\/1"}],"replies":[{"embeddable":true,"href":"https:\/\/www.laguiadepamplona.com\/actualidad\/wp-json\/wp\/v2\/comments?post=15282"}],"version-history":[{"count":0,"href":"https:\/\/www.laguiadepamplona.com\/actualidad\/wp-json\/wp\/v2\/posts\/15282\/revisions"}],"wp:featuredmedia":[{"embeddable":true,"href":"https:\/\/www.laguiadepamplona.com\/actualidad\/wp-json\/wp\/v2\/media\/11097"}],"wp:attachment":[{"href":"https:\/\/www.laguiadepamplona.com\/actualidad\/wp-json\/wp\/v2\/media?parent=15282"}],"wp:term":[{"taxonomy":"category","embeddable":true,"href":"https:\/\/www.laguiadepamplona.com\/actualidad\/wp-json\/wp\/v2\/categories?post=15282"},{"taxonomy":"post_tag","embeddable":true,"href":"https:\/\/www.laguiadepamplona.com\/actualidad\/wp-json\/wp\/v2\/tags?post=15282"}],"curies":[{"name":"wp","href":"https:\/\/api.w.org\/{rel}","templated":true}]}}