{"id":15278,"date":"2017-11-24T12:10:01","date_gmt":"2017-11-24T11:10:01","guid":{"rendered":"http:\/\/laguiadepamplona.es\/actualidad\/?p=15278"},"modified":"2017-11-24T12:10:01","modified_gmt":"2017-11-24T11:10:01","slug":"la-escuela-de-musica-joaquin-maya-se-suma-a-la-iniciativa-de-musicos-sin-fronteras-de-recoger-instrumentos-para-enviarlos-a-siria","status":"publish","type":"post","link":"https:\/\/www.laguiadepamplona.com\/actualidad\/la-escuela-de-musica-joaquin-maya-se-suma-a-la-iniciativa-de-musicos-sin-fronteras-de-recoger-instrumentos-para-enviarlos-a-siria\/","title":{"rendered":"La Escuela de M\u00fasica Joaqu\u00edn Maya se suma a la iniciativa de M\u00fasicos sin Fronteras de recoger instrumentos para enviarlos a Siria"},"content":{"rendered":"<h3>Las personas interesadas en entregar instrumentos pueden hacerlo en la propia escuela de m\u00fasica hasta el 15 de diciembre<\/h3>\n<p><!--more--><\/p>\n<p>La Escuela de M\u00fasica Joaqu\u00edn Maya se ha unido a la iniciativa de la asociaci\u00f3n M\u00fasicos Sin Fronteras y la Escuela Municipal de M\u00fasica de Vitoria \u2013 Gasteiz de crear un banco de instrumentos para enviar a Siria. Esa banco de instrumentos se nutrir\u00e1 de los instrumentos que donde cualquier persona, unos instrumentos que se enviar\u00e1n a escuelas de m\u00fasica de Siria, un pa\u00eds muy castigado por la guerra. Ese material se podr\u00e1 entregar en la propia escuela Joaqu\u00edn Maya hasta el viernes 15 de diciembre.<\/p>\n<p>La invitaci\u00f3n para participar en esta iniciativa no solo se dirige a la comunidad educativa de la escuela, sino que se quiere ampliar a toda la ciudadan\u00eda para que se pueda recoger el mayor n\u00famero posible de instrumentos musicales. Esos instrumentos ser\u00e1n para que aquellas personas con pocos recursos puedan ser educadas en las artes y puedan seguir adelante con sus vidas, a pesar de lo dif\u00edcil que puede resultar olvidar las consecuencias de la guerra. Se pueden donar todo tipo de instrumentos que formen parte de una orquesta sinf\u00f3nica o tambi\u00e9n sus partes (arcos, barbadas, cuerdas&#8230;). Asimismo, se recoger\u00e1n tambi\u00e9n otros instrumentos como teclados, pianos, guitarras o acordeones.<\/p>\n<p>Desde las entidades promotoras de esta iniciativa se pide a las personas interesadas en donar instrumentos que, antes de acudir a entregarlos a la Escuela de M\u00fasica, recopilen toda la informaci\u00f3n posible sobre ellos relativa a datos t\u00e9cnicos, hist\u00f3ricos, reparaciones&#8230; Al realizar la entrega esas personas tendr\u00e1n que cumplimentar un formulario de donaci\u00f3n en el que a\u00f1adir\u00e1n la historia del instrumento. La donaci\u00f3n se entiende irreversible.<\/p>\n<p>En el caso de que el instrumento no pueda llevarse f\u00edsicamente a la Escuela de M\u00fasica Joaqu\u00edn Maya por su voluminosidad, se podr\u00e1 concertar la entrega con personal del centro para acordar la recogida. En este caso ser\u00e1 necesario remitir un correo electr\u00f3nico a la direcci\u00f3n <a href=\"mailto:m.arratibel@pamplona.es\">m.arratibel@pamplona.es<\/a> para ponerse en contacto con la escuela y concertar la cita.<\/p>\n","protected":false},"excerpt":{"rendered":"<p>Las personas interesadas en entregar instrumentos pueden hacerlo en la propia escuela de m\u00fasica hasta el 15 de diciembre<\/p>\n","protected":false},"author":1,"featured_media":14233,"comment_status":"open","ping_status":"closed","sticky":false,"template":"","format":"standard","meta":{"footnotes":""},"categories":[2],"tags":[],"class_list":["post-15278","post","type-post","status-publish","format-standard","has-post-thumbnail","hentry","category-ayuntamiento-pamplona"],"yoast_head":"<!-- This site is optimized with the Yoast SEO plugin v27.3 - https:\/\/yoast.com\/product\/yoast-seo-wordpress\/ -->\n<title>La Escuela de M\u00fasica Joaqu\u00edn Maya se suma a la iniciativa de M\u00fasicos sin Fronteras de recoger instrumentos para enviarlos a Siria<\/title>\n<meta name=\"robots\" content=\"index, follow, max-snippet:-1, max-image-preview:large, max-video-preview:-1\" \/>\n<link rel=\"canonical\" href=\"https:\/\/www.laguiadepamplona.com\/actualidad\/la-escuela-de-musica-joaquin-maya-se-suma-a-la-iniciativa-de-musicos-sin-fronteras-de-recoger-instrumentos-para-enviarlos-a-siria\/\" \/>\n<meta property=\"og:locale\" content=\"es_ES\" \/>\n<meta property=\"og:type\" content=\"article\" \/>\n<meta property=\"og:title\" content=\"La Escuela de M\u00fasica Joaqu\u00edn Maya se suma a la iniciativa de M\u00fasicos sin Fronteras de recoger instrumentos para enviarlos a Siria\" \/>\n<meta property=\"og:description\" content=\"Las personas interesadas en entregar instrumentos pueden hacerlo en la propia escuela de m\u00fasica hasta el 15 de diciembre\" \/>\n<meta property=\"og:url\" content=\"https:\/\/www.laguiadepamplona.com\/actualidad\/la-escuela-de-musica-joaquin-maya-se-suma-a-la-iniciativa-de-musicos-sin-fronteras-de-recoger-instrumentos-para-enviarlos-a-siria\/\" \/>\n<meta property=\"og:site_name\" content=\"La Gu\u00eda de Pamplona\" \/>\n<meta property=\"article:publisher\" content=\"https:\/\/www.facebook.com\/laguiadepamplonacom-133175176762273\/?ref=hl\" \/>\n<meta property=\"article:published_time\" content=\"2017-11-24T11:10:01+00:00\" \/>\n<meta property=\"og:image\" content=\"https:\/\/www.laguiadepamplona.com\/actualidad\/wp-content\/uploads\/2017\/09\/ESCUELA-DE-M\u00daSICA-DE-PAMPLONA-joaquin-maya.jpg\" \/>\n\t<meta property=\"og:image:width\" content=\"800\" \/>\n\t<meta property=\"og:image:height\" content=\"600\" \/>\n\t<meta property=\"og:image:type\" content=\"image\/jpeg\" \/>\n<meta name=\"author\" content=\"La Gu\u00eda de Pamplona\" \/>\n<meta name=\"twitter:card\" content=\"summary_large_image\" \/>\n<meta name=\"twitter:creator\" content=\"@LaGuiadPamplona\" \/>\n<meta name=\"twitter:site\" content=\"@LaGuiadPamplona\" \/>\n<meta name=\"twitter:label1\" content=\"Escrito por\" \/>\n\t<meta name=\"twitter:data1\" content=\"La Gu\u00eda de Pamplona\" \/>\n\t<meta name=\"twitter:label2\" content=\"Tiempo de lectura\" \/>\n\t<meta name=\"twitter:data2\" content=\"2 minutos\" \/>\n<script type=\"application\/ld+json\" class=\"yoast-schema-graph\">{\"@context\":\"https:\\\/\\\/schema.org\",\"@graph\":[{\"@type\":\"Article\",\"@id\":\"https:\\\/\\\/www.laguiadepamplona.com\\\/actualidad\\\/la-escuela-de-musica-joaquin-maya-se-suma-a-la-iniciativa-de-musicos-sin-fronteras-de-recoger-instrumentos-para-enviarlos-a-siria\\\/#article\",\"isPartOf\":{\"@id\":\"https:\\\/\\\/www.laguiadepamplona.com\\\/actualidad\\\/la-escuela-de-musica-joaquin-maya-se-suma-a-la-iniciativa-de-musicos-sin-fronteras-de-recoger-instrumentos-para-enviarlos-a-siria\\\/\"},\"author\":{\"name\":\"La Gu\u00eda de Pamplona\",\"@id\":\"https:\\\/\\\/www.laguiadepamplona.com\\\/actualidad\\\/#\\\/schema\\\/person\\\/efe887376f0213d4657c93adc50b1fdb\"},\"headline\":\"La Escuela de M\u00fasica Joaqu\u00edn Maya se suma a la iniciativa de M\u00fasicos sin Fronteras de recoger instrumentos para enviarlos a Siria\",\"datePublished\":\"2017-11-24T11:10:01+00:00\",\"mainEntityOfPage\":{\"@id\":\"https:\\\/\\\/www.laguiadepamplona.com\\\/actualidad\\\/la-escuela-de-musica-joaquin-maya-se-suma-a-la-iniciativa-de-musicos-sin-fronteras-de-recoger-instrumentos-para-enviarlos-a-siria\\\/\"},\"wordCount\":396,\"commentCount\":0,\"publisher\":{\"@id\":\"https:\\\/\\\/www.laguiadepamplona.com\\\/actualidad\\\/#organization\"},\"image\":{\"@id\":\"https:\\\/\\\/www.laguiadepamplona.com\\\/actualidad\\\/la-escuela-de-musica-joaquin-maya-se-suma-a-la-iniciativa-de-musicos-sin-fronteras-de-recoger-instrumentos-para-enviarlos-a-siria\\\/#primaryimage\"},\"thumbnailUrl\":\"https:\\\/\\\/www.laguiadepamplona.com\\\/actualidad\\\/wp-content\\\/uploads\\\/2017\\\/09\\\/ESCUELA-DE-M\u00daSICA-DE-PAMPLONA-joaquin-maya.jpg\",\"articleSection\":[\"Ayto Pamplona\"],\"inLanguage\":\"es\",\"potentialAction\":[{\"@type\":\"CommentAction\",\"name\":\"Comment\",\"target\":[\"https:\\\/\\\/www.laguiadepamplona.com\\\/actualidad\\\/la-escuela-de-musica-joaquin-maya-se-suma-a-la-iniciativa-de-musicos-sin-fronteras-de-recoger-instrumentos-para-enviarlos-a-siria\\\/#respond\"]}]},{\"@type\":\"WebPage\",\"@id\":\"https:\\\/\\\/www.laguiadepamplona.com\\\/actualidad\\\/la-escuela-de-musica-joaquin-maya-se-suma-a-la-iniciativa-de-musicos-sin-fronteras-de-recoger-instrumentos-para-enviarlos-a-siria\\\/\",\"url\":\"https:\\\/\\\/www.laguiadepamplona.com\\\/actualidad\\\/la-escuela-de-musica-joaquin-maya-se-suma-a-la-iniciativa-de-musicos-sin-fronteras-de-recoger-instrumentos-para-enviarlos-a-siria\\\/\",\"name\":\"La Escuela de M\u00fasica Joaqu\u00edn Maya se suma a la iniciativa de M\u00fasicos sin Fronteras de recoger instrumentos para enviarlos a Siria\",\"isPartOf\":{\"@id\":\"https:\\\/\\\/www.laguiadepamplona.com\\\/actualidad\\\/#website\"},\"primaryImageOfPage\":{\"@id\":\"https:\\\/\\\/www.laguiadepamplona.com\\\/actualidad\\\/la-escuela-de-musica-joaquin-maya-se-suma-a-la-iniciativa-de-musicos-sin-fronteras-de-recoger-instrumentos-para-enviarlos-a-siria\\\/#primaryimage\"},\"image\":{\"@id\":\"https:\\\/\\\/www.laguiadepamplona.com\\\/actualidad\\\/la-escuela-de-musica-joaquin-maya-se-suma-a-la-iniciativa-de-musicos-sin-fronteras-de-recoger-instrumentos-para-enviarlos-a-siria\\\/#primaryimage\"},\"thumbnailUrl\":\"https:\\\/\\\/www.laguiadepamplona.com\\\/actualidad\\\/wp-content\\\/uploads\\\/2017\\\/09\\\/ESCUELA-DE-M\u00daSICA-DE-PAMPLONA-joaquin-maya.jpg\",\"datePublished\":\"2017-11-24T11:10:01+00:00\",\"breadcrumb\":{\"@id\":\"https:\\\/\\\/www.laguiadepamplona.com\\\/actualidad\\\/la-escuela-de-musica-joaquin-maya-se-suma-a-la-iniciativa-de-musicos-sin-fronteras-de-recoger-instrumentos-para-enviarlos-a-siria\\\/#breadcrumb\"},\"inLanguage\":\"es\",\"potentialAction\":[{\"@type\":\"ReadAction\",\"target\":[\"https:\\\/\\\/www.laguiadepamplona.com\\\/actualidad\\\/la-escuela-de-musica-joaquin-maya-se-suma-a-la-iniciativa-de-musicos-sin-fronteras-de-recoger-instrumentos-para-enviarlos-a-siria\\\/\"]}]},{\"@type\":\"ImageObject\",\"inLanguage\":\"es\",\"@id\":\"https:\\\/\\\/www.laguiadepamplona.com\\\/actualidad\\\/la-escuela-de-musica-joaquin-maya-se-suma-a-la-iniciativa-de-musicos-sin-fronteras-de-recoger-instrumentos-para-enviarlos-a-siria\\\/#primaryimage\",\"url\":\"https:\\\/\\\/www.laguiadepamplona.com\\\/actualidad\\\/wp-content\\\/uploads\\\/2017\\\/09\\\/ESCUELA-DE-M\u00daSICA-DE-PAMPLONA-joaquin-maya.jpg\",\"contentUrl\":\"https:\\\/\\\/www.laguiadepamplona.com\\\/actualidad\\\/wp-content\\\/uploads\\\/2017\\\/09\\\/ESCUELA-DE-M\u00daSICA-DE-PAMPLONA-joaquin-maya.jpg\",\"width\":800,\"height\":600},{\"@type\":\"BreadcrumbList\",\"@id\":\"https:\\\/\\\/www.laguiadepamplona.com\\\/actualidad\\\/la-escuela-de-musica-joaquin-maya-se-suma-a-la-iniciativa-de-musicos-sin-fronteras-de-recoger-instrumentos-para-enviarlos-a-siria\\\/#breadcrumb\",\"itemListElement\":[{\"@type\":\"ListItem\",\"position\":1,\"name\":\"Portada\",\"item\":\"https:\\\/\\\/www.laguiadepamplona.com\\\/actualidad\\\/\"},{\"@type\":\"ListItem\",\"position\":2,\"name\":\"La Escuela de M\u00fasica Joaqu\u00edn Maya se suma a la iniciativa de M\u00fasicos sin Fronteras de recoger instrumentos para enviarlos a Siria\"}]},{\"@type\":\"WebSite\",\"@id\":\"https:\\\/\\\/www.laguiadepamplona.com\\\/actualidad\\\/#website\",\"url\":\"https:\\\/\\\/www.laguiadepamplona.com\\\/actualidad\\\/\",\"name\":\"La gu\u00eda de Pamplona\",\"description\":\"Noticias de Pamplona\",\"publisher\":{\"@id\":\"https:\\\/\\\/www.laguiadepamplona.com\\\/actualidad\\\/#organization\"},\"potentialAction\":[{\"@type\":\"SearchAction\",\"target\":{\"@type\":\"EntryPoint\",\"urlTemplate\":\"https:\\\/\\\/www.laguiadepamplona.com\\\/actualidad\\\/?s={search_term_string}\"},\"query-input\":{\"@type\":\"PropertyValueSpecification\",\"valueRequired\":true,\"valueName\":\"search_term_string\"}}],\"inLanguage\":\"es\"},{\"@type\":\"Organization\",\"@id\":\"https:\\\/\\\/www.laguiadepamplona.com\\\/actualidad\\\/#organization\",\"name\":\"La Gu\u00eda de Pamplona \\\/ Noticias\",\"url\":\"https:\\\/\\\/www.laguiadepamplona.com\\\/actualidad\\\/\",\"logo\":{\"@type\":\"ImageObject\",\"inLanguage\":\"es\",\"@id\":\"https:\\\/\\\/www.laguiadepamplona.com\\\/actualidad\\\/#\\\/schema\\\/logo\\\/image\\\/\",\"url\":\"https:\\\/\\\/www.laguiadepamplona.com\\\/actualidad\\\/wp-content\\\/uploads\\\/2018\\\/11\\\/logo-laguiadepamplona18-web1.png\",\"contentUrl\":\"https:\\\/\\\/www.laguiadepamplona.com\\\/actualidad\\\/wp-content\\\/uploads\\\/2018\\\/11\\\/logo-laguiadepamplona18-web1.png\",\"width\":600,\"height\":196,\"caption\":\"La Gu\u00eda de Pamplona \\\/ Noticias\"},\"image\":{\"@id\":\"https:\\\/\\\/www.laguiadepamplona.com\\\/actualidad\\\/#\\\/schema\\\/logo\\\/image\\\/\"},\"sameAs\":[\"https:\\\/\\\/www.facebook.com\\\/laguiadepamplonacom-133175176762273\\\/?ref=hl\",\"https:\\\/\\\/x.com\\\/LaGuiadPamplona\",\"https:\\\/\\\/www.instagram.com\\\/la_guia_de_pamplona\\\/\",\"https:\\\/\\\/www.youtube.com\\\/user\\\/laguiadepamplona\"]},{\"@type\":\"Person\",\"@id\":\"https:\\\/\\\/www.laguiadepamplona.com\\\/actualidad\\\/#\\\/schema\\\/person\\\/efe887376f0213d4657c93adc50b1fdb\",\"name\":\"La Gu\u00eda de Pamplona\",\"image\":{\"@type\":\"ImageObject\",\"inLanguage\":\"es\",\"@id\":\"https:\\\/\\\/secure.gravatar.com\\\/avatar\\\/b6992f131dc8d30ab0dff15446e9d346d9dbd95992de0fef795073f5ea83a81c?s=96&d=mm&r=g\",\"url\":\"https:\\\/\\\/secure.gravatar.com\\\/avatar\\\/b6992f131dc8d30ab0dff15446e9d346d9dbd95992de0fef795073f5ea83a81c?s=96&d=mm&r=g\",\"contentUrl\":\"https:\\\/\\\/secure.gravatar.com\\\/avatar\\\/b6992f131dc8d30ab0dff15446e9d346d9dbd95992de0fef795073f5ea83a81c?s=96&d=mm&r=g\",\"caption\":\"La Gu\u00eda de Pamplona\"}}]}<\/script>\n<!-- \/ Yoast SEO plugin. -->","yoast_head_json":{"title":"La Escuela de M\u00fasica Joaqu\u00edn Maya se suma a la iniciativa de M\u00fasicos sin Fronteras de recoger instrumentos para enviarlos a Siria","robots":{"index":"index","follow":"follow","max-snippet":"max-snippet:-1","max-image-preview":"max-image-preview:large","max-video-preview":"max-video-preview:-1"},"canonical":"https:\/\/www.laguiadepamplona.com\/actualidad\/la-escuela-de-musica-joaquin-maya-se-suma-a-la-iniciativa-de-musicos-sin-fronteras-de-recoger-instrumentos-para-enviarlos-a-siria\/","og_locale":"es_ES","og_type":"article","og_title":"La Escuela de M\u00fasica Joaqu\u00edn Maya se suma a la iniciativa de M\u00fasicos sin Fronteras de recoger instrumentos para enviarlos a Siria","og_description":"Las personas interesadas en entregar instrumentos pueden hacerlo en la propia escuela de m\u00fasica hasta el 15 de diciembre","og_url":"https:\/\/www.laguiadepamplona.com\/actualidad\/la-escuela-de-musica-joaquin-maya-se-suma-a-la-iniciativa-de-musicos-sin-fronteras-de-recoger-instrumentos-para-enviarlos-a-siria\/","og_site_name":"La Gu\u00eda de Pamplona","article_publisher":"https:\/\/www.facebook.com\/laguiadepamplonacom-133175176762273\/?ref=hl","article_published_time":"2017-11-24T11:10:01+00:00","og_image":[{"width":800,"height":600,"url":"https:\/\/www.laguiadepamplona.com\/actualidad\/wp-content\/uploads\/2017\/09\/ESCUELA-DE-M\u00daSICA-DE-PAMPLONA-joaquin-maya.jpg","type":"image\/jpeg"}],"author":"La Gu\u00eda de Pamplona","twitter_card":"summary_large_image","twitter_creator":"@LaGuiadPamplona","twitter_site":"@LaGuiadPamplona","twitter_misc":{"Escrito por":"La Gu\u00eda de Pamplona","Tiempo de lectura":"2 minutos"},"schema":{"@context":"https:\/\/schema.org","@graph":[{"@type":"Article","@id":"https:\/\/www.laguiadepamplona.com\/actualidad\/la-escuela-de-musica-joaquin-maya-se-suma-a-la-iniciativa-de-musicos-sin-fronteras-de-recoger-instrumentos-para-enviarlos-a-siria\/#article","isPartOf":{"@id":"https:\/\/www.laguiadepamplona.com\/actualidad\/la-escuela-de-musica-joaquin-maya-se-suma-a-la-iniciativa-de-musicos-sin-fronteras-de-recoger-instrumentos-para-enviarlos-a-siria\/"},"author":{"name":"La Gu\u00eda de Pamplona","@id":"https:\/\/www.laguiadepamplona.com\/actualidad\/#\/schema\/person\/efe887376f0213d4657c93adc50b1fdb"},"headline":"La Escuela de M\u00fasica Joaqu\u00edn Maya se suma a la iniciativa de M\u00fasicos sin Fronteras de recoger instrumentos para enviarlos a Siria","datePublished":"2017-11-24T11:10:01+00:00","mainEntityOfPage":{"@id":"https:\/\/www.laguiadepamplona.com\/actualidad\/la-escuela-de-musica-joaquin-maya-se-suma-a-la-iniciativa-de-musicos-sin-fronteras-de-recoger-instrumentos-para-enviarlos-a-siria\/"},"wordCount":396,"commentCount":0,"publisher":{"@id":"https:\/\/www.laguiadepamplona.com\/actualidad\/#organization"},"image":{"@id":"https:\/\/www.laguiadepamplona.com\/actualidad\/la-escuela-de-musica-joaquin-maya-se-suma-a-la-iniciativa-de-musicos-sin-fronteras-de-recoger-instrumentos-para-enviarlos-a-siria\/#primaryimage"},"thumbnailUrl":"https:\/\/www.laguiadepamplona.com\/actualidad\/wp-content\/uploads\/2017\/09\/ESCUELA-DE-M\u00daSICA-DE-PAMPLONA-joaquin-maya.jpg","articleSection":["Ayto Pamplona"],"inLanguage":"es","potentialAction":[{"@type":"CommentAction","name":"Comment","target":["https:\/\/www.laguiadepamplona.com\/actualidad\/la-escuela-de-musica-joaquin-maya-se-suma-a-la-iniciativa-de-musicos-sin-fronteras-de-recoger-instrumentos-para-enviarlos-a-siria\/#respond"]}]},{"@type":"WebPage","@id":"https:\/\/www.laguiadepamplona.com\/actualidad\/la-escuela-de-musica-joaquin-maya-se-suma-a-la-iniciativa-de-musicos-sin-fronteras-de-recoger-instrumentos-para-enviarlos-a-siria\/","url":"https:\/\/www.laguiadepamplona.com\/actualidad\/la-escuela-de-musica-joaquin-maya-se-suma-a-la-iniciativa-de-musicos-sin-fronteras-de-recoger-instrumentos-para-enviarlos-a-siria\/","name":"La Escuela de M\u00fasica Joaqu\u00edn Maya se suma a la iniciativa de M\u00fasicos sin Fronteras de recoger instrumentos para enviarlos a Siria","isPartOf":{"@id":"https:\/\/www.laguiadepamplona.com\/actualidad\/#website"},"primaryImageOfPage":{"@id":"https:\/\/www.laguiadepamplona.com\/actualidad\/la-escuela-de-musica-joaquin-maya-se-suma-a-la-iniciativa-de-musicos-sin-fronteras-de-recoger-instrumentos-para-enviarlos-a-siria\/#primaryimage"},"image":{"@id":"https:\/\/www.laguiadepamplona.com\/actualidad\/la-escuela-de-musica-joaquin-maya-se-suma-a-la-iniciativa-de-musicos-sin-fronteras-de-recoger-instrumentos-para-enviarlos-a-siria\/#primaryimage"},"thumbnailUrl":"https:\/\/www.laguiadepamplona.com\/actualidad\/wp-content\/uploads\/2017\/09\/ESCUELA-DE-M\u00daSICA-DE-PAMPLONA-joaquin-maya.jpg","datePublished":"2017-11-24T11:10:01+00:00","breadcrumb":{"@id":"https:\/\/www.laguiadepamplona.com\/actualidad\/la-escuela-de-musica-joaquin-maya-se-suma-a-la-iniciativa-de-musicos-sin-fronteras-de-recoger-instrumentos-para-enviarlos-a-siria\/#breadcrumb"},"inLanguage":"es","potentialAction":[{"@type":"ReadAction","target":["https:\/\/www.laguiadepamplona.com\/actualidad\/la-escuela-de-musica-joaquin-maya-se-suma-a-la-iniciativa-de-musicos-sin-fronteras-de-recoger-instrumentos-para-enviarlos-a-siria\/"]}]},{"@type":"ImageObject","inLanguage":"es","@id":"https:\/\/www.laguiadepamplona.com\/actualidad\/la-escuela-de-musica-joaquin-maya-se-suma-a-la-iniciativa-de-musicos-sin-fronteras-de-recoger-instrumentos-para-enviarlos-a-siria\/#primaryimage","url":"https:\/\/www.laguiadepamplona.com\/actualidad\/wp-content\/uploads\/2017\/09\/ESCUELA-DE-M\u00daSICA-DE-PAMPLONA-joaquin-maya.jpg","contentUrl":"https:\/\/www.laguiadepamplona.com\/actualidad\/wp-content\/uploads\/2017\/09\/ESCUELA-DE-M\u00daSICA-DE-PAMPLONA-joaquin-maya.jpg","width":800,"height":600},{"@type":"BreadcrumbList","@id":"https:\/\/www.laguiadepamplona.com\/actualidad\/la-escuela-de-musica-joaquin-maya-se-suma-a-la-iniciativa-de-musicos-sin-fronteras-de-recoger-instrumentos-para-enviarlos-a-siria\/#breadcrumb","itemListElement":[{"@type":"ListItem","position":1,"name":"Portada","item":"https:\/\/www.laguiadepamplona.com\/actualidad\/"},{"@type":"ListItem","position":2,"name":"La Escuela de M\u00fasica Joaqu\u00edn Maya se suma a la iniciativa de M\u00fasicos sin Fronteras de recoger instrumentos para enviarlos a Siria"}]},{"@type":"WebSite","@id":"https:\/\/www.laguiadepamplona.com\/actualidad\/#website","url":"https:\/\/www.laguiadepamplona.com\/actualidad\/","name":"La gu\u00eda de Pamplona","description":"Noticias de Pamplona","publisher":{"@id":"https:\/\/www.laguiadepamplona.com\/actualidad\/#organization"},"potentialAction":[{"@type":"SearchAction","target":{"@type":"EntryPoint","urlTemplate":"https:\/\/www.laguiadepamplona.com\/actualidad\/?s={search_term_string}"},"query-input":{"@type":"PropertyValueSpecification","valueRequired":true,"valueName":"search_term_string"}}],"inLanguage":"es"},{"@type":"Organization","@id":"https:\/\/www.laguiadepamplona.com\/actualidad\/#organization","name":"La Gu\u00eda de Pamplona \/ Noticias","url":"https:\/\/www.laguiadepamplona.com\/actualidad\/","logo":{"@type":"ImageObject","inLanguage":"es","@id":"https:\/\/www.laguiadepamplona.com\/actualidad\/#\/schema\/logo\/image\/","url":"https:\/\/www.laguiadepamplona.com\/actualidad\/wp-content\/uploads\/2018\/11\/logo-laguiadepamplona18-web1.png","contentUrl":"https:\/\/www.laguiadepamplona.com\/actualidad\/wp-content\/uploads\/2018\/11\/logo-laguiadepamplona18-web1.png","width":600,"height":196,"caption":"La Gu\u00eda de Pamplona \/ Noticias"},"image":{"@id":"https:\/\/www.laguiadepamplona.com\/actualidad\/#\/schema\/logo\/image\/"},"sameAs":["https:\/\/www.facebook.com\/laguiadepamplonacom-133175176762273\/?ref=hl","https:\/\/x.com\/LaGuiadPamplona","https:\/\/www.instagram.com\/la_guia_de_pamplona\/","https:\/\/www.youtube.com\/user\/laguiadepamplona"]},{"@type":"Person","@id":"https:\/\/www.laguiadepamplona.com\/actualidad\/#\/schema\/person\/efe887376f0213d4657c93adc50b1fdb","name":"La Gu\u00eda de Pamplona","image":{"@type":"ImageObject","inLanguage":"es","@id":"https:\/\/secure.gravatar.com\/avatar\/b6992f131dc8d30ab0dff15446e9d346d9dbd95992de0fef795073f5ea83a81c?s=96&d=mm&r=g","url":"https:\/\/secure.gravatar.com\/avatar\/b6992f131dc8d30ab0dff15446e9d346d9dbd95992de0fef795073f5ea83a81c?s=96&d=mm&r=g","contentUrl":"https:\/\/secure.gravatar.com\/avatar\/b6992f131dc8d30ab0dff15446e9d346d9dbd95992de0fef795073f5ea83a81c?s=96&d=mm&r=g","caption":"La Gu\u00eda de Pamplona"}}]}},"post_mailing_queue_ids":[],"_links":{"self":[{"href":"https:\/\/www.laguiadepamplona.com\/actualidad\/wp-json\/wp\/v2\/posts\/15278","targetHints":{"allow":["GET"]}}],"collection":[{"href":"https:\/\/www.laguiadepamplona.com\/actualidad\/wp-json\/wp\/v2\/posts"}],"about":[{"href":"https:\/\/www.laguiadepamplona.com\/actualidad\/wp-json\/wp\/v2\/types\/post"}],"author":[{"embeddable":true,"href":"https:\/\/www.laguiadepamplona.com\/actualidad\/wp-json\/wp\/v2\/users\/1"}],"replies":[{"embeddable":true,"href":"https:\/\/www.laguiadepamplona.com\/actualidad\/wp-json\/wp\/v2\/comments?post=15278"}],"version-history":[{"count":0,"href":"https:\/\/www.laguiadepamplona.com\/actualidad\/wp-json\/wp\/v2\/posts\/15278\/revisions"}],"wp:featuredmedia":[{"embeddable":true,"href":"https:\/\/www.laguiadepamplona.com\/actualidad\/wp-json\/wp\/v2\/media\/14233"}],"wp:attachment":[{"href":"https:\/\/www.laguiadepamplona.com\/actualidad\/wp-json\/wp\/v2\/media?parent=15278"}],"wp:term":[{"taxonomy":"category","embeddable":true,"href":"https:\/\/www.laguiadepamplona.com\/actualidad\/wp-json\/wp\/v2\/categories?post=15278"},{"taxonomy":"post_tag","embeddable":true,"href":"https:\/\/www.laguiadepamplona.com\/actualidad\/wp-json\/wp\/v2\/tags?post=15278"}],"curies":[{"name":"wp","href":"https:\/\/api.w.org\/{rel}","templated":true}]}}