{"id":15276,"date":"2017-11-24T12:09:25","date_gmt":"2017-11-24T11:09:25","guid":{"rendered":"http:\/\/laguiadepamplona.es\/actualidad\/?p=15276"},"modified":"2017-11-24T12:09:25","modified_gmt":"2017-11-24T11:09:25","slug":"la-segunda-reunion-del-foro-de-participacion-ciudadana-organo-principal-del-observatorio-local-de-democracia-participativa-se-celebra-el-lunes-en-civivox-jus-la-rocha","status":"publish","type":"post","link":"https:\/\/www.laguiadepamplona.com\/actualidad\/la-segunda-reunion-del-foro-de-participacion-ciudadana-organo-principal-del-observatorio-local-de-democracia-participativa-se-celebra-el-lunes-en-civivox-jus-la-rocha\/","title":{"rendered":"La segunda reuni\u00f3n del Foro de Participaci\u00f3n Ciudadana, \u00f3rgano principal del Observatorio Local de Democracia Participativa, se celebra el lunes en Civivox Jus la Rocha"},"content":{"rendered":"<h3>Las personas interesadas pueden inscribirse a trav\u00e9s del 010-948420100, <a href=\"mailto:participacionciudadana@pamplona.es\">participacionciudadana@pamplona.es<\/a> y Zentro (Palacio del Condestable)<\/h3>\n<p><!--more--><\/p>\n<p>El Foro de Participaci\u00f3n Ciudadana, \u00f3rgano principal del Observatorio Local de Democracia Participativa, mantendr\u00e1 el pr\u00f3ximo lunes, 27 de noviembre, su segunda reuni\u00f3n. Ser\u00e1 a las 19 horas en Civivox Jus la Rocha. Esta sesi\u00f3n, presidida por el Concejal de Participaci\u00f3n Ciudadana, Manuel Millera, est\u00e1 abierta a entidades del tejido social y asociativo y a personas interesadas en participar. Pueden realizarse las inscripciones a trav\u00e9s del Tel\u00e9fono de Atenci\u00f3n Ciudadana 010 (948420100 cuando se llama desde m\u00f3vil, fuera de Pamplona o con tarifa plana de operador telef\u00f3nico), en la direcci\u00f3n de correo electr\u00f3nico <a href=\"mailto:participacionciudadana@pamplona.es\">participacionciudadana@pamplona.es<\/a> y en \u201cZentro. Espacio Colaborativo\u201d. Civivox Condestable. Calle Mayor 2, 2\u00aa planta.<\/p>\n<p>El Observatorio Local de la Democracia Participativa (OLDP) en el que viene trabajando el Ayuntamiento de Pamplona para su formalizaci\u00f3n, es un espacio de encuentro para el an\u00e1lisis, el debate, la propuesta y el seguimiento compartido de las experiencias de participaci\u00f3n del municipio. Incluye tanto experiencias desarrolladas en el marco de las pol\u00edticas p\u00fablicas municipales de Participaci\u00f3n Ciudadana y sus espacios formales como en cualquier espacio social de la ciudad, de forma aut\u00f3noma.<\/p>\n<p>El orden del d\u00eda de la reuni\u00f3n del lunes comenzar\u00e1 con la devoluci\u00f3n del trabajo realizado tras la primera reuni\u00f3n del Foro. Posteriormente se propondr\u00e1 la creaci\u00f3n de cinco grupos de trabajo: cooperaci\u00f3n p\u00fablico-social (abordar\u00e1 cesi\u00f3n de locales, subvenciones, convenios o cesi\u00f3n de recursos); espacios de participaci\u00f3n ciudadana (sobre \u00f3rganos municipales de participaci\u00f3n, procesos participativos municipales, consulta e iniciativa ciudadana); el tercero de evaluaci\u00f3n, transparencia y rendici\u00f3n de cuentas; un cuarto que tratar\u00e1 la comunicaci\u00f3n entre el Ayuntamiento y la ciudadan\u00eda, y el quinto que versar\u00e1 sobre tecnolog\u00eda y democracia. Estos grupos de trabajo se quieren poner en marcha en enero, si bien, el pr\u00f3ximo lunes se perfilar\u00e1 su hoja de ruta y contenidos. Para finalizar el Foro, se presentar\u00e1 el calendario propuesto de reuniones de los distintos \u00f3rganos del Observatorio y las tareas de cada uno de ellos para que las personas asistentes pueda formar parte de los mismos.<\/p>\n<p>El Foro de Participaci\u00f3n Ciudadana es el espacio abierto de intercambio donde se materializa toda la actividad relacionada con el OLDP.<\/p>\n","protected":false},"excerpt":{"rendered":"<p>Las personas interesadas pueden inscribirse a trav\u00e9s del 010-948420100, participacionciudadana@pamplona.es y Zentro (Palacio del Condestable)<\/p>\n","protected":false},"author":1,"featured_media":11108,"comment_status":"open","ping_status":"closed","sticky":false,"template":"","format":"standard","meta":{"footnotes":""},"categories":[2],"tags":[],"class_list":["post-15276","post","type-post","status-publish","format-standard","has-post-thumbnail","hentry","category-ayuntamiento-pamplona"],"yoast_head":"<!-- This site is optimized with the Yoast SEO plugin v27.5 - https:\/\/yoast.com\/product\/yoast-seo-wordpress\/ -->\n<title>La segunda reuni\u00f3n del Foro de Participaci\u00f3n Ciudadana, \u00f3rgano principal del Observatorio Local de Democracia Participativa, se celebra el lunes en Civivox Jus la Rocha<\/title>\n<meta name=\"robots\" content=\"index, follow, max-snippet:-1, max-image-preview:large, max-video-preview:-1\" \/>\n<link rel=\"canonical\" href=\"https:\/\/www.laguiadepamplona.com\/actualidad\/la-segunda-reunion-del-foro-de-participacion-ciudadana-organo-principal-del-observatorio-local-de-democracia-participativa-se-celebra-el-lunes-en-civivox-jus-la-rocha\/\" \/>\n<meta property=\"og:locale\" content=\"es_ES\" \/>\n<meta property=\"og:type\" content=\"article\" \/>\n<meta property=\"og:title\" content=\"La segunda reuni\u00f3n del Foro de Participaci\u00f3n Ciudadana, \u00f3rgano principal del Observatorio Local de Democracia Participativa, se celebra el lunes en Civivox Jus la Rocha\" \/>\n<meta property=\"og:description\" content=\"Las personas interesadas pueden inscribirse a trav\u00e9s del 010-948420100, participacionciudadana@pamplona.es y Zentro (Palacio del Condestable)\" \/>\n<meta property=\"og:url\" content=\"https:\/\/www.laguiadepamplona.com\/actualidad\/la-segunda-reunion-del-foro-de-participacion-ciudadana-organo-principal-del-observatorio-local-de-democracia-participativa-se-celebra-el-lunes-en-civivox-jus-la-rocha\/\" \/>\n<meta property=\"og:site_name\" content=\"La Gu\u00eda de Pamplona\" \/>\n<meta property=\"article:publisher\" content=\"https:\/\/www.facebook.com\/laguiadepamplonacom-133175176762273\/?ref=hl\" \/>\n<meta property=\"article:published_time\" content=\"2017-11-24T11:09:25+00:00\" \/>\n<meta property=\"og:image\" content=\"https:\/\/www.laguiadepamplona.com\/actualidad\/wp-content\/uploads\/2016\/12\/jus-la-rocha-civivox.jpg\" \/>\n\t<meta property=\"og:image:width\" content=\"500\" \/>\n\t<meta property=\"og:image:height\" content=\"300\" \/>\n\t<meta property=\"og:image:type\" content=\"image\/jpeg\" \/>\n<meta name=\"author\" content=\"La Gu\u00eda de Pamplona\" \/>\n<meta name=\"twitter:card\" content=\"summary_large_image\" \/>\n<meta name=\"twitter:creator\" content=\"@LaGuiadPamplona\" \/>\n<meta name=\"twitter:site\" content=\"@LaGuiadPamplona\" \/>\n<meta name=\"twitter:label1\" content=\"Escrito por\" \/>\n\t<meta name=\"twitter:data1\" content=\"La Gu\u00eda de Pamplona\" \/>\n\t<meta name=\"twitter:label2\" content=\"Tiempo de lectura\" \/>\n\t<meta name=\"twitter:data2\" content=\"2 minutos\" \/>\n<script type=\"application\/ld+json\" class=\"yoast-schema-graph\">{\"@context\":\"https:\\\/\\\/schema.org\",\"@graph\":[{\"@type\":\"Article\",\"@id\":\"https:\\\/\\\/www.laguiadepamplona.com\\\/actualidad\\\/la-segunda-reunion-del-foro-de-participacion-ciudadana-organo-principal-del-observatorio-local-de-democracia-participativa-se-celebra-el-lunes-en-civivox-jus-la-rocha\\\/#article\",\"isPartOf\":{\"@id\":\"https:\\\/\\\/www.laguiadepamplona.com\\\/actualidad\\\/la-segunda-reunion-del-foro-de-participacion-ciudadana-organo-principal-del-observatorio-local-de-democracia-participativa-se-celebra-el-lunes-en-civivox-jus-la-rocha\\\/\"},\"author\":{\"name\":\"La Gu\u00eda de Pamplona\",\"@id\":\"https:\\\/\\\/www.laguiadepamplona.com\\\/actualidad\\\/#\\\/schema\\\/person\\\/efe887376f0213d4657c93adc50b1fdb\"},\"headline\":\"La segunda reuni\u00f3n del Foro de Participaci\u00f3n Ciudadana, \u00f3rgano principal del Observatorio Local de Democracia Participativa, se celebra el lunes en Civivox Jus la Rocha\",\"datePublished\":\"2017-11-24T11:09:25+00:00\",\"mainEntityOfPage\":{\"@id\":\"https:\\\/\\\/www.laguiadepamplona.com\\\/actualidad\\\/la-segunda-reunion-del-foro-de-participacion-ciudadana-organo-principal-del-observatorio-local-de-democracia-participativa-se-celebra-el-lunes-en-civivox-jus-la-rocha\\\/\"},\"wordCount\":428,\"commentCount\":0,\"publisher\":{\"@id\":\"https:\\\/\\\/www.laguiadepamplona.com\\\/actualidad\\\/#organization\"},\"image\":{\"@id\":\"https:\\\/\\\/www.laguiadepamplona.com\\\/actualidad\\\/la-segunda-reunion-del-foro-de-participacion-ciudadana-organo-principal-del-observatorio-local-de-democracia-participativa-se-celebra-el-lunes-en-civivox-jus-la-rocha\\\/#primaryimage\"},\"thumbnailUrl\":\"https:\\\/\\\/www.laguiadepamplona.com\\\/actualidad\\\/wp-content\\\/uploads\\\/2016\\\/12\\\/jus-la-rocha-civivox.jpg\",\"articleSection\":[\"Ayto Pamplona\"],\"inLanguage\":\"es\",\"potentialAction\":[{\"@type\":\"CommentAction\",\"name\":\"Comment\",\"target\":[\"https:\\\/\\\/www.laguiadepamplona.com\\\/actualidad\\\/la-segunda-reunion-del-foro-de-participacion-ciudadana-organo-principal-del-observatorio-local-de-democracia-participativa-se-celebra-el-lunes-en-civivox-jus-la-rocha\\\/#respond\"]}]},{\"@type\":\"WebPage\",\"@id\":\"https:\\\/\\\/www.laguiadepamplona.com\\\/actualidad\\\/la-segunda-reunion-del-foro-de-participacion-ciudadana-organo-principal-del-observatorio-local-de-democracia-participativa-se-celebra-el-lunes-en-civivox-jus-la-rocha\\\/\",\"url\":\"https:\\\/\\\/www.laguiadepamplona.com\\\/actualidad\\\/la-segunda-reunion-del-foro-de-participacion-ciudadana-organo-principal-del-observatorio-local-de-democracia-participativa-se-celebra-el-lunes-en-civivox-jus-la-rocha\\\/\",\"name\":\"La segunda reuni\u00f3n del Foro de Participaci\u00f3n Ciudadana, \u00f3rgano principal del Observatorio Local de Democracia Participativa, se celebra el lunes en Civivox Jus la Rocha\",\"isPartOf\":{\"@id\":\"https:\\\/\\\/www.laguiadepamplona.com\\\/actualidad\\\/#website\"},\"primaryImageOfPage\":{\"@id\":\"https:\\\/\\\/www.laguiadepamplona.com\\\/actualidad\\\/la-segunda-reunion-del-foro-de-participacion-ciudadana-organo-principal-del-observatorio-local-de-democracia-participativa-se-celebra-el-lunes-en-civivox-jus-la-rocha\\\/#primaryimage\"},\"image\":{\"@id\":\"https:\\\/\\\/www.laguiadepamplona.com\\\/actualidad\\\/la-segunda-reunion-del-foro-de-participacion-ciudadana-organo-principal-del-observatorio-local-de-democracia-participativa-se-celebra-el-lunes-en-civivox-jus-la-rocha\\\/#primaryimage\"},\"thumbnailUrl\":\"https:\\\/\\\/www.laguiadepamplona.com\\\/actualidad\\\/wp-content\\\/uploads\\\/2016\\\/12\\\/jus-la-rocha-civivox.jpg\",\"datePublished\":\"2017-11-24T11:09:25+00:00\",\"breadcrumb\":{\"@id\":\"https:\\\/\\\/www.laguiadepamplona.com\\\/actualidad\\\/la-segunda-reunion-del-foro-de-participacion-ciudadana-organo-principal-del-observatorio-local-de-democracia-participativa-se-celebra-el-lunes-en-civivox-jus-la-rocha\\\/#breadcrumb\"},\"inLanguage\":\"es\",\"potentialAction\":[{\"@type\":\"ReadAction\",\"target\":[\"https:\\\/\\\/www.laguiadepamplona.com\\\/actualidad\\\/la-segunda-reunion-del-foro-de-participacion-ciudadana-organo-principal-del-observatorio-local-de-democracia-participativa-se-celebra-el-lunes-en-civivox-jus-la-rocha\\\/\"]}]},{\"@type\":\"ImageObject\",\"inLanguage\":\"es\",\"@id\":\"https:\\\/\\\/www.laguiadepamplona.com\\\/actualidad\\\/la-segunda-reunion-del-foro-de-participacion-ciudadana-organo-principal-del-observatorio-local-de-democracia-participativa-se-celebra-el-lunes-en-civivox-jus-la-rocha\\\/#primaryimage\",\"url\":\"https:\\\/\\\/www.laguiadepamplona.com\\\/actualidad\\\/wp-content\\\/uploads\\\/2016\\\/12\\\/jus-la-rocha-civivox.jpg\",\"contentUrl\":\"https:\\\/\\\/www.laguiadepamplona.com\\\/actualidad\\\/wp-content\\\/uploads\\\/2016\\\/12\\\/jus-la-rocha-civivox.jpg\",\"width\":500,\"height\":300},{\"@type\":\"BreadcrumbList\",\"@id\":\"https:\\\/\\\/www.laguiadepamplona.com\\\/actualidad\\\/la-segunda-reunion-del-foro-de-participacion-ciudadana-organo-principal-del-observatorio-local-de-democracia-participativa-se-celebra-el-lunes-en-civivox-jus-la-rocha\\\/#breadcrumb\",\"itemListElement\":[{\"@type\":\"ListItem\",\"position\":1,\"name\":\"Portada\",\"item\":\"https:\\\/\\\/www.laguiadepamplona.com\\\/actualidad\\\/\"},{\"@type\":\"ListItem\",\"position\":2,\"name\":\"La segunda reuni\u00f3n del Foro de Participaci\u00f3n Ciudadana, \u00f3rgano principal del Observatorio Local de Democracia Participativa, se celebra el lunes en Civivox Jus la Rocha\"}]},{\"@type\":\"WebSite\",\"@id\":\"https:\\\/\\\/www.laguiadepamplona.com\\\/actualidad\\\/#website\",\"url\":\"https:\\\/\\\/www.laguiadepamplona.com\\\/actualidad\\\/\",\"name\":\"La gu\u00eda de Pamplona\",\"description\":\"Noticias de Pamplona\",\"publisher\":{\"@id\":\"https:\\\/\\\/www.laguiadepamplona.com\\\/actualidad\\\/#organization\"},\"potentialAction\":[{\"@type\":\"SearchAction\",\"target\":{\"@type\":\"EntryPoint\",\"urlTemplate\":\"https:\\\/\\\/www.laguiadepamplona.com\\\/actualidad\\\/?s={search_term_string}\"},\"query-input\":{\"@type\":\"PropertyValueSpecification\",\"valueRequired\":true,\"valueName\":\"search_term_string\"}}],\"inLanguage\":\"es\"},{\"@type\":\"Organization\",\"@id\":\"https:\\\/\\\/www.laguiadepamplona.com\\\/actualidad\\\/#organization\",\"name\":\"La Gu\u00eda de Pamplona \\\/ Noticias\",\"url\":\"https:\\\/\\\/www.laguiadepamplona.com\\\/actualidad\\\/\",\"logo\":{\"@type\":\"ImageObject\",\"inLanguage\":\"es\",\"@id\":\"https:\\\/\\\/www.laguiadepamplona.com\\\/actualidad\\\/#\\\/schema\\\/logo\\\/image\\\/\",\"url\":\"https:\\\/\\\/www.laguiadepamplona.com\\\/actualidad\\\/wp-content\\\/uploads\\\/2018\\\/11\\\/logo-laguiadepamplona18-web1.png\",\"contentUrl\":\"https:\\\/\\\/www.laguiadepamplona.com\\\/actualidad\\\/wp-content\\\/uploads\\\/2018\\\/11\\\/logo-laguiadepamplona18-web1.png\",\"width\":600,\"height\":196,\"caption\":\"La Gu\u00eda de Pamplona \\\/ Noticias\"},\"image\":{\"@id\":\"https:\\\/\\\/www.laguiadepamplona.com\\\/actualidad\\\/#\\\/schema\\\/logo\\\/image\\\/\"},\"sameAs\":[\"https:\\\/\\\/www.facebook.com\\\/laguiadepamplonacom-133175176762273\\\/?ref=hl\",\"https:\\\/\\\/x.com\\\/LaGuiadPamplona\",\"https:\\\/\\\/www.instagram.com\\\/la_guia_de_pamplona\\\/\",\"https:\\\/\\\/www.youtube.com\\\/user\\\/laguiadepamplona\"]},{\"@type\":\"Person\",\"@id\":\"https:\\\/\\\/www.laguiadepamplona.com\\\/actualidad\\\/#\\\/schema\\\/person\\\/efe887376f0213d4657c93adc50b1fdb\",\"name\":\"La Gu\u00eda de Pamplona\",\"image\":{\"@type\":\"ImageObject\",\"inLanguage\":\"es\",\"@id\":\"https:\\\/\\\/secure.gravatar.com\\\/avatar\\\/b6992f131dc8d30ab0dff15446e9d346d9dbd95992de0fef795073f5ea83a81c?s=96&d=mm&r=g\",\"url\":\"https:\\\/\\\/secure.gravatar.com\\\/avatar\\\/b6992f131dc8d30ab0dff15446e9d346d9dbd95992de0fef795073f5ea83a81c?s=96&d=mm&r=g\",\"contentUrl\":\"https:\\\/\\\/secure.gravatar.com\\\/avatar\\\/b6992f131dc8d30ab0dff15446e9d346d9dbd95992de0fef795073f5ea83a81c?s=96&d=mm&r=g\",\"caption\":\"La Gu\u00eda de Pamplona\"}}]}<\/script>\n<!-- \/ Yoast SEO plugin. -->","yoast_head_json":{"title":"La segunda reuni\u00f3n del Foro de Participaci\u00f3n Ciudadana, \u00f3rgano principal del Observatorio Local de Democracia Participativa, se celebra el lunes en Civivox Jus la Rocha","robots":{"index":"index","follow":"follow","max-snippet":"max-snippet:-1","max-image-preview":"max-image-preview:large","max-video-preview":"max-video-preview:-1"},"canonical":"https:\/\/www.laguiadepamplona.com\/actualidad\/la-segunda-reunion-del-foro-de-participacion-ciudadana-organo-principal-del-observatorio-local-de-democracia-participativa-se-celebra-el-lunes-en-civivox-jus-la-rocha\/","og_locale":"es_ES","og_type":"article","og_title":"La segunda reuni\u00f3n del Foro de Participaci\u00f3n Ciudadana, \u00f3rgano principal del Observatorio Local de Democracia Participativa, se celebra el lunes en Civivox Jus la Rocha","og_description":"Las personas interesadas pueden inscribirse a trav\u00e9s del 010-948420100, participacionciudadana@pamplona.es y Zentro (Palacio del Condestable)","og_url":"https:\/\/www.laguiadepamplona.com\/actualidad\/la-segunda-reunion-del-foro-de-participacion-ciudadana-organo-principal-del-observatorio-local-de-democracia-participativa-se-celebra-el-lunes-en-civivox-jus-la-rocha\/","og_site_name":"La Gu\u00eda de Pamplona","article_publisher":"https:\/\/www.facebook.com\/laguiadepamplonacom-133175176762273\/?ref=hl","article_published_time":"2017-11-24T11:09:25+00:00","og_image":[{"width":500,"height":300,"url":"https:\/\/www.laguiadepamplona.com\/actualidad\/wp-content\/uploads\/2016\/12\/jus-la-rocha-civivox.jpg","type":"image\/jpeg"}],"author":"La Gu\u00eda de Pamplona","twitter_card":"summary_large_image","twitter_creator":"@LaGuiadPamplona","twitter_site":"@LaGuiadPamplona","twitter_misc":{"Escrito por":"La Gu\u00eda de Pamplona","Tiempo de lectura":"2 minutos"},"schema":{"@context":"https:\/\/schema.org","@graph":[{"@type":"Article","@id":"https:\/\/www.laguiadepamplona.com\/actualidad\/la-segunda-reunion-del-foro-de-participacion-ciudadana-organo-principal-del-observatorio-local-de-democracia-participativa-se-celebra-el-lunes-en-civivox-jus-la-rocha\/#article","isPartOf":{"@id":"https:\/\/www.laguiadepamplona.com\/actualidad\/la-segunda-reunion-del-foro-de-participacion-ciudadana-organo-principal-del-observatorio-local-de-democracia-participativa-se-celebra-el-lunes-en-civivox-jus-la-rocha\/"},"author":{"name":"La Gu\u00eda de Pamplona","@id":"https:\/\/www.laguiadepamplona.com\/actualidad\/#\/schema\/person\/efe887376f0213d4657c93adc50b1fdb"},"headline":"La segunda reuni\u00f3n del Foro de Participaci\u00f3n Ciudadana, \u00f3rgano principal del Observatorio Local de Democracia Participativa, se celebra el lunes en Civivox Jus la Rocha","datePublished":"2017-11-24T11:09:25+00:00","mainEntityOfPage":{"@id":"https:\/\/www.laguiadepamplona.com\/actualidad\/la-segunda-reunion-del-foro-de-participacion-ciudadana-organo-principal-del-observatorio-local-de-democracia-participativa-se-celebra-el-lunes-en-civivox-jus-la-rocha\/"},"wordCount":428,"commentCount":0,"publisher":{"@id":"https:\/\/www.laguiadepamplona.com\/actualidad\/#organization"},"image":{"@id":"https:\/\/www.laguiadepamplona.com\/actualidad\/la-segunda-reunion-del-foro-de-participacion-ciudadana-organo-principal-del-observatorio-local-de-democracia-participativa-se-celebra-el-lunes-en-civivox-jus-la-rocha\/#primaryimage"},"thumbnailUrl":"https:\/\/www.laguiadepamplona.com\/actualidad\/wp-content\/uploads\/2016\/12\/jus-la-rocha-civivox.jpg","articleSection":["Ayto Pamplona"],"inLanguage":"es","potentialAction":[{"@type":"CommentAction","name":"Comment","target":["https:\/\/www.laguiadepamplona.com\/actualidad\/la-segunda-reunion-del-foro-de-participacion-ciudadana-organo-principal-del-observatorio-local-de-democracia-participativa-se-celebra-el-lunes-en-civivox-jus-la-rocha\/#respond"]}]},{"@type":"WebPage","@id":"https:\/\/www.laguiadepamplona.com\/actualidad\/la-segunda-reunion-del-foro-de-participacion-ciudadana-organo-principal-del-observatorio-local-de-democracia-participativa-se-celebra-el-lunes-en-civivox-jus-la-rocha\/","url":"https:\/\/www.laguiadepamplona.com\/actualidad\/la-segunda-reunion-del-foro-de-participacion-ciudadana-organo-principal-del-observatorio-local-de-democracia-participativa-se-celebra-el-lunes-en-civivox-jus-la-rocha\/","name":"La segunda reuni\u00f3n del Foro de Participaci\u00f3n Ciudadana, \u00f3rgano principal del Observatorio Local de Democracia Participativa, se celebra el lunes en Civivox Jus la Rocha","isPartOf":{"@id":"https:\/\/www.laguiadepamplona.com\/actualidad\/#website"},"primaryImageOfPage":{"@id":"https:\/\/www.laguiadepamplona.com\/actualidad\/la-segunda-reunion-del-foro-de-participacion-ciudadana-organo-principal-del-observatorio-local-de-democracia-participativa-se-celebra-el-lunes-en-civivox-jus-la-rocha\/#primaryimage"},"image":{"@id":"https:\/\/www.laguiadepamplona.com\/actualidad\/la-segunda-reunion-del-foro-de-participacion-ciudadana-organo-principal-del-observatorio-local-de-democracia-participativa-se-celebra-el-lunes-en-civivox-jus-la-rocha\/#primaryimage"},"thumbnailUrl":"https:\/\/www.laguiadepamplona.com\/actualidad\/wp-content\/uploads\/2016\/12\/jus-la-rocha-civivox.jpg","datePublished":"2017-11-24T11:09:25+00:00","breadcrumb":{"@id":"https:\/\/www.laguiadepamplona.com\/actualidad\/la-segunda-reunion-del-foro-de-participacion-ciudadana-organo-principal-del-observatorio-local-de-democracia-participativa-se-celebra-el-lunes-en-civivox-jus-la-rocha\/#breadcrumb"},"inLanguage":"es","potentialAction":[{"@type":"ReadAction","target":["https:\/\/www.laguiadepamplona.com\/actualidad\/la-segunda-reunion-del-foro-de-participacion-ciudadana-organo-principal-del-observatorio-local-de-democracia-participativa-se-celebra-el-lunes-en-civivox-jus-la-rocha\/"]}]},{"@type":"ImageObject","inLanguage":"es","@id":"https:\/\/www.laguiadepamplona.com\/actualidad\/la-segunda-reunion-del-foro-de-participacion-ciudadana-organo-principal-del-observatorio-local-de-democracia-participativa-se-celebra-el-lunes-en-civivox-jus-la-rocha\/#primaryimage","url":"https:\/\/www.laguiadepamplona.com\/actualidad\/wp-content\/uploads\/2016\/12\/jus-la-rocha-civivox.jpg","contentUrl":"https:\/\/www.laguiadepamplona.com\/actualidad\/wp-content\/uploads\/2016\/12\/jus-la-rocha-civivox.jpg","width":500,"height":300},{"@type":"BreadcrumbList","@id":"https:\/\/www.laguiadepamplona.com\/actualidad\/la-segunda-reunion-del-foro-de-participacion-ciudadana-organo-principal-del-observatorio-local-de-democracia-participativa-se-celebra-el-lunes-en-civivox-jus-la-rocha\/#breadcrumb","itemListElement":[{"@type":"ListItem","position":1,"name":"Portada","item":"https:\/\/www.laguiadepamplona.com\/actualidad\/"},{"@type":"ListItem","position":2,"name":"La segunda reuni\u00f3n del Foro de Participaci\u00f3n Ciudadana, \u00f3rgano principal del Observatorio Local de Democracia Participativa, se celebra el lunes en Civivox Jus la Rocha"}]},{"@type":"WebSite","@id":"https:\/\/www.laguiadepamplona.com\/actualidad\/#website","url":"https:\/\/www.laguiadepamplona.com\/actualidad\/","name":"La gu\u00eda de Pamplona","description":"Noticias de Pamplona","publisher":{"@id":"https:\/\/www.laguiadepamplona.com\/actualidad\/#organization"},"potentialAction":[{"@type":"SearchAction","target":{"@type":"EntryPoint","urlTemplate":"https:\/\/www.laguiadepamplona.com\/actualidad\/?s={search_term_string}"},"query-input":{"@type":"PropertyValueSpecification","valueRequired":true,"valueName":"search_term_string"}}],"inLanguage":"es"},{"@type":"Organization","@id":"https:\/\/www.laguiadepamplona.com\/actualidad\/#organization","name":"La Gu\u00eda de Pamplona \/ Noticias","url":"https:\/\/www.laguiadepamplona.com\/actualidad\/","logo":{"@type":"ImageObject","inLanguage":"es","@id":"https:\/\/www.laguiadepamplona.com\/actualidad\/#\/schema\/logo\/image\/","url":"https:\/\/www.laguiadepamplona.com\/actualidad\/wp-content\/uploads\/2018\/11\/logo-laguiadepamplona18-web1.png","contentUrl":"https:\/\/www.laguiadepamplona.com\/actualidad\/wp-content\/uploads\/2018\/11\/logo-laguiadepamplona18-web1.png","width":600,"height":196,"caption":"La Gu\u00eda de Pamplona \/ Noticias"},"image":{"@id":"https:\/\/www.laguiadepamplona.com\/actualidad\/#\/schema\/logo\/image\/"},"sameAs":["https:\/\/www.facebook.com\/laguiadepamplonacom-133175176762273\/?ref=hl","https:\/\/x.com\/LaGuiadPamplona","https:\/\/www.instagram.com\/la_guia_de_pamplona\/","https:\/\/www.youtube.com\/user\/laguiadepamplona"]},{"@type":"Person","@id":"https:\/\/www.laguiadepamplona.com\/actualidad\/#\/schema\/person\/efe887376f0213d4657c93adc50b1fdb","name":"La Gu\u00eda de Pamplona","image":{"@type":"ImageObject","inLanguage":"es","@id":"https:\/\/secure.gravatar.com\/avatar\/b6992f131dc8d30ab0dff15446e9d346d9dbd95992de0fef795073f5ea83a81c?s=96&d=mm&r=g","url":"https:\/\/secure.gravatar.com\/avatar\/b6992f131dc8d30ab0dff15446e9d346d9dbd95992de0fef795073f5ea83a81c?s=96&d=mm&r=g","contentUrl":"https:\/\/secure.gravatar.com\/avatar\/b6992f131dc8d30ab0dff15446e9d346d9dbd95992de0fef795073f5ea83a81c?s=96&d=mm&r=g","caption":"La Gu\u00eda de Pamplona"}}]}},"post_mailing_queue_ids":[],"_links":{"self":[{"href":"https:\/\/www.laguiadepamplona.com\/actualidad\/wp-json\/wp\/v2\/posts\/15276","targetHints":{"allow":["GET"]}}],"collection":[{"href":"https:\/\/www.laguiadepamplona.com\/actualidad\/wp-json\/wp\/v2\/posts"}],"about":[{"href":"https:\/\/www.laguiadepamplona.com\/actualidad\/wp-json\/wp\/v2\/types\/post"}],"author":[{"embeddable":true,"href":"https:\/\/www.laguiadepamplona.com\/actualidad\/wp-json\/wp\/v2\/users\/1"}],"replies":[{"embeddable":true,"href":"https:\/\/www.laguiadepamplona.com\/actualidad\/wp-json\/wp\/v2\/comments?post=15276"}],"version-history":[{"count":0,"href":"https:\/\/www.laguiadepamplona.com\/actualidad\/wp-json\/wp\/v2\/posts\/15276\/revisions"}],"wp:featuredmedia":[{"embeddable":true,"href":"https:\/\/www.laguiadepamplona.com\/actualidad\/wp-json\/wp\/v2\/media\/11108"}],"wp:attachment":[{"href":"https:\/\/www.laguiadepamplona.com\/actualidad\/wp-json\/wp\/v2\/media?parent=15276"}],"wp:term":[{"taxonomy":"category","embeddable":true,"href":"https:\/\/www.laguiadepamplona.com\/actualidad\/wp-json\/wp\/v2\/categories?post=15276"},{"taxonomy":"post_tag","embeddable":true,"href":"https:\/\/www.laguiadepamplona.com\/actualidad\/wp-json\/wp\/v2\/tags?post=15276"}],"curies":[{"name":"wp","href":"https:\/\/api.w.org\/{rel}","templated":true}]}}