{"id":15268,"date":"2017-11-23T12:23:28","date_gmt":"2017-11-23T11:23:28","guid":{"rendered":"http:\/\/laguiadepamplona.es\/actualidad\/?p=15268"},"modified":"2017-11-23T12:23:28","modified_gmt":"2017-11-23T11:23:28","slug":"abierto-el-plazo-hasta-el-11-de-diciembre-para-solicitar-el-uso-de-alguna-de-las-124-plazas-de-bicicletas-del-aparcamiento-cubierto-y-vigilado-de-la-calle-descalzos","status":"publish","type":"post","link":"https:\/\/www.laguiadepamplona.com\/actualidad\/abierto-el-plazo-hasta-el-11-de-diciembre-para-solicitar-el-uso-de-alguna-de-las-124-plazas-de-bicicletas-del-aparcamiento-cubierto-y-vigilado-de-la-calle-descalzos\/","title":{"rendered":"Abierto el plazo hasta el 11 de diciembre para solicitar el uso de alguna de las 124 plazas de bicicletas del aparcamiento cubierto y vigilado de la calle Descalzos"},"content":{"rendered":"<h3>Las tarifas, diferentes para plazas de adultos e infantiles, oscilan al a\u00f1o entre 60 y 15 euros y al mes entre 10 y 2,5 euros<\/h3>\n<p><!--more--><\/p>\n<p>El Ayuntamiento de Pamplona ha abierto el plazo de solicitud para el uso de alguna de las 124 plazas de bicicletas del aparcamiento de la calle Descalzos 23-27. Las solicitudes pueden presentarse hasta el 11 de diciembre en el Registro General del Ayuntamiento de Pamplona (calle Mayor, 2), en los registros auxiliares o por cualquiera medio de los previstos en la Ley de R\u00e9gimen Jur\u00eddico de las Administraciones P\u00fablicas y del Procedimiento Administrativo Com\u00fan. Todos los detalles pueden consultarse en navarra.es dentro del Portal de Contrataci\u00f3n en el apartado de Licitaciones. Tambi\u00e9n est\u00e1n disponibles en pamplona.es, en la Sede Electr\u00f3nica, bajo el ep\u00edgrafe Licitaciones, Concursos y Convocatorias.<\/p>\n<p>Entre las plazas existen ocho infantiles, con tarifa espec\u00edfica. Los precios tambi\u00e9n tienen en cuenta si la tarifa va a ser anual o mensual y el nivel de renta de las personas solicitantes. Por eso oscilan al a\u00f1o entre 60 y 15 euros y al mes entre 10 y 2,5 euros.<\/p>\n<p><strong>Para personas empadronadas en el Casco Antiguo<\/strong><\/p>\n<p>Las licencias de uso ser\u00e1n nominales y podr\u00e1n participar en el procedimiento de adjudicaci\u00f3n las personas empadronadas en el Casco Antiguo mayores de edad o que, siendo menores de edad con 14 a\u00f1os \u00f3 m\u00e1s, presenten autorizaci\u00f3n de sus padres o tutores legales. Los menores de 14 a\u00f1os podr\u00e1n ser beneficiarios del uso de una plaza infantil, siendo el solicitante de esa plaza su padre, madre o tutor legal.<\/p>\n<p>De esta manera, cada vecino tendr\u00e1 que cumplimentar una \u00fanica instancia a su nombre y, si fuera el caso, otra instancia diferente, tambi\u00e9n a su propio nombre pero indicando que menor o menores a su cargo van a ser los posibles beneficiarios de plazas. En todos los casos, junto con la instancia se debe adjuntar fotocopia compulsada de DNI del solicitante y, para menores de 14 a\u00f1os, fotocopia compulsada del DNI de \u00e9stos o, en su defecto, fotocopia compulsada del Libro de Familia<\/p>\n<p><strong>Criterios de adjudicaci\u00f3n, plazos de uso y puntuaciones para adjudicar las plazas<\/strong><\/p>\n<p>Los criterios que se tendr\u00e1n en cuenta en la adjudicaci\u00f3n ser\u00e1n el nivel de renta de las personas solicitantes as\u00ed como la ubicaci\u00f3n de su vivienda y la existencia de barreras arquitect\u00f3nicas que impidan el correcto acceso con su bicicleta en el edificio donde se ubique su domicilio. Tras las adjudicaciones se realizar\u00e1n renovaciones autom\u00e1ticas siempre que las personas adjudicatarias no se den de baja y est\u00e9n al corriente de los pagos, hasta un periodo m\u00e1ximo de 10 a\u00f1os.<\/p>\n<p>Para la adjudicaci\u00f3n de las plazas se otorgar\u00e1n hasta 40 puntos de acuerdo al nivel de renta, hasta 50 puntos por la proximidad de la vivienda de la persona solicitante y hasta 10 puntos por la existencia de barreras arquitect\u00f3nicas en el edificio en donde se encuentre la vivienda. Se puede obtener m\u00e1s informaci\u00f3n en el correo electr\u00f3nico <a href=\"mailto:movilidad@pamplona.es\">movilidad@pamplona.es<\/a>. Se estima que durante la primera quincena de enero de 2018 concluir\u00e1 este procedimiento de adjudicaci\u00f3n, pudiendo, en ese momento, los vecinos adjudicatarios de uso de plaza comenzar a utilizarla.<\/p>\n<p><strong>Aparcamiento dotado con infladores y zona de autorreparaciones y mantenimiento<\/strong><\/p>\n<p>De las 124 plazas, 73 se encuentran en el local del n\u00famero 23 (7 destinadas para bicicletas infantiles) y 51 en el del 27 (1 infantil). El aparcamiento, que es el primero p\u00fablico de bicicletas en la ciudad para residentes, cuenta con un sistema neum\u00e1tico de aparcamiento en doble altura, que facilita la subida y bajada de las bicis. El espacio cuenta con infladores manuales, indicador de presi\u00f3n y una zona de autorreparaciones y mantenimiento.<\/p>\n<p>El acceso a los locales se realizar\u00e1 mediante aplicaci\u00f3n de telefon\u00eda smarthphone, con llamada a un n\u00famero telef\u00f3nico desde el n\u00famero de tel\u00e9fono asociado a cada usuario o con una clave de acceso. Este un sistema de accesos y salidas permite garantizar la seguridad de las bicicletas aparcadas. Tambi\u00e9n se dispondr\u00e1 de un tel\u00e9fono de asistencia para posibles incidencias que funcionar\u00e1 durante 24 horas todos los d\u00edas del a\u00f1o.<\/p>\n<p>&nbsp;<\/p>\n","protected":false},"excerpt":{"rendered":"<p>Las tarifas, diferentes para plazas de adultos e infantiles, oscilan al a\u00f1o entre 60 y 15 euros y al mes entre 10 y 2,5 euros<\/p>\n","protected":false},"author":1,"featured_media":11470,"comment_status":"open","ping_status":"closed","sticky":false,"template":"","format":"standard","meta":{"footnotes":""},"categories":[2],"tags":[],"class_list":["post-15268","post","type-post","status-publish","format-standard","has-post-thumbnail","hentry","category-ayuntamiento-pamplona"],"yoast_head":"<!-- This site is optimized with the Yoast SEO plugin v27.3 - https:\/\/yoast.com\/product\/yoast-seo-wordpress\/ -->\n<title>Abierto el plazo hasta el 11 de diciembre para solicitar el uso de alguna de las 124 plazas de bicicletas del aparcamiento cubierto y vigilado de la calle Descalzos<\/title>\n<meta name=\"robots\" content=\"index, follow, max-snippet:-1, max-image-preview:large, max-video-preview:-1\" \/>\n<link rel=\"canonical\" href=\"https:\/\/www.laguiadepamplona.com\/actualidad\/abierto-el-plazo-hasta-el-11-de-diciembre-para-solicitar-el-uso-de-alguna-de-las-124-plazas-de-bicicletas-del-aparcamiento-cubierto-y-vigilado-de-la-calle-descalzos\/\" \/>\n<meta property=\"og:locale\" content=\"es_ES\" \/>\n<meta property=\"og:type\" content=\"article\" \/>\n<meta property=\"og:title\" content=\"Abierto el plazo hasta el 11 de diciembre para solicitar el uso de alguna de las 124 plazas de bicicletas del aparcamiento cubierto y vigilado de la calle Descalzos\" \/>\n<meta property=\"og:description\" content=\"Las tarifas, diferentes para plazas de adultos e infantiles, oscilan al a\u00f1o entre 60 y 15 euros y al mes entre 10 y 2,5 euros\" \/>\n<meta property=\"og:url\" content=\"https:\/\/www.laguiadepamplona.com\/actualidad\/abierto-el-plazo-hasta-el-11-de-diciembre-para-solicitar-el-uso-de-alguna-de-las-124-plazas-de-bicicletas-del-aparcamiento-cubierto-y-vigilado-de-la-calle-descalzos\/\" \/>\n<meta property=\"og:site_name\" content=\"La Gu\u00eda de Pamplona\" \/>\n<meta property=\"article:publisher\" content=\"https:\/\/www.facebook.com\/laguiadepamplonacom-133175176762273\/?ref=hl\" \/>\n<meta property=\"article:published_time\" content=\"2017-11-23T11:23:28+00:00\" \/>\n<meta property=\"og:image\" content=\"https:\/\/www.laguiadepamplona.com\/actualidad\/wp-content\/uploads\/2017\/01\/bici-urbano-casco.jpg\" \/>\n\t<meta property=\"og:image:width\" content=\"859\" \/>\n\t<meta property=\"og:image:height\" content=\"483\" \/>\n\t<meta property=\"og:image:type\" content=\"image\/jpeg\" \/>\n<meta name=\"author\" content=\"La Gu\u00eda de Pamplona\" \/>\n<meta name=\"twitter:card\" content=\"summary_large_image\" \/>\n<meta name=\"twitter:creator\" content=\"@LaGuiadPamplona\" \/>\n<meta name=\"twitter:site\" content=\"@LaGuiadPamplona\" \/>\n<meta name=\"twitter:label1\" content=\"Escrito por\" \/>\n\t<meta name=\"twitter:data1\" content=\"La Gu\u00eda de Pamplona\" \/>\n\t<meta name=\"twitter:label2\" content=\"Tiempo de lectura\" \/>\n\t<meta name=\"twitter:data2\" content=\"4 minutos\" \/>\n<script type=\"application\/ld+json\" class=\"yoast-schema-graph\">{\"@context\":\"https:\\\/\\\/schema.org\",\"@graph\":[{\"@type\":\"Article\",\"@id\":\"https:\\\/\\\/www.laguiadepamplona.com\\\/actualidad\\\/abierto-el-plazo-hasta-el-11-de-diciembre-para-solicitar-el-uso-de-alguna-de-las-124-plazas-de-bicicletas-del-aparcamiento-cubierto-y-vigilado-de-la-calle-descalzos\\\/#article\",\"isPartOf\":{\"@id\":\"https:\\\/\\\/www.laguiadepamplona.com\\\/actualidad\\\/abierto-el-plazo-hasta-el-11-de-diciembre-para-solicitar-el-uso-de-alguna-de-las-124-plazas-de-bicicletas-del-aparcamiento-cubierto-y-vigilado-de-la-calle-descalzos\\\/\"},\"author\":{\"name\":\"La Gu\u00eda de Pamplona\",\"@id\":\"https:\\\/\\\/www.laguiadepamplona.com\\\/actualidad\\\/#\\\/schema\\\/person\\\/efe887376f0213d4657c93adc50b1fdb\"},\"headline\":\"Abierto el plazo hasta el 11 de diciembre para solicitar el uso de alguna de las 124 plazas de bicicletas del aparcamiento cubierto y vigilado de la calle Descalzos\",\"datePublished\":\"2017-11-23T11:23:28+00:00\",\"mainEntityOfPage\":{\"@id\":\"https:\\\/\\\/www.laguiadepamplona.com\\\/actualidad\\\/abierto-el-plazo-hasta-el-11-de-diciembre-para-solicitar-el-uso-de-alguna-de-las-124-plazas-de-bicicletas-del-aparcamiento-cubierto-y-vigilado-de-la-calle-descalzos\\\/\"},\"wordCount\":735,\"commentCount\":0,\"publisher\":{\"@id\":\"https:\\\/\\\/www.laguiadepamplona.com\\\/actualidad\\\/#organization\"},\"image\":{\"@id\":\"https:\\\/\\\/www.laguiadepamplona.com\\\/actualidad\\\/abierto-el-plazo-hasta-el-11-de-diciembre-para-solicitar-el-uso-de-alguna-de-las-124-plazas-de-bicicletas-del-aparcamiento-cubierto-y-vigilado-de-la-calle-descalzos\\\/#primaryimage\"},\"thumbnailUrl\":\"https:\\\/\\\/www.laguiadepamplona.com\\\/actualidad\\\/wp-content\\\/uploads\\\/2017\\\/01\\\/bici-urbano-casco.jpg\",\"articleSection\":[\"Ayto Pamplona\"],\"inLanguage\":\"es\",\"potentialAction\":[{\"@type\":\"CommentAction\",\"name\":\"Comment\",\"target\":[\"https:\\\/\\\/www.laguiadepamplona.com\\\/actualidad\\\/abierto-el-plazo-hasta-el-11-de-diciembre-para-solicitar-el-uso-de-alguna-de-las-124-plazas-de-bicicletas-del-aparcamiento-cubierto-y-vigilado-de-la-calle-descalzos\\\/#respond\"]}]},{\"@type\":\"WebPage\",\"@id\":\"https:\\\/\\\/www.laguiadepamplona.com\\\/actualidad\\\/abierto-el-plazo-hasta-el-11-de-diciembre-para-solicitar-el-uso-de-alguna-de-las-124-plazas-de-bicicletas-del-aparcamiento-cubierto-y-vigilado-de-la-calle-descalzos\\\/\",\"url\":\"https:\\\/\\\/www.laguiadepamplona.com\\\/actualidad\\\/abierto-el-plazo-hasta-el-11-de-diciembre-para-solicitar-el-uso-de-alguna-de-las-124-plazas-de-bicicletas-del-aparcamiento-cubierto-y-vigilado-de-la-calle-descalzos\\\/\",\"name\":\"Abierto el plazo hasta el 11 de diciembre para solicitar el uso de alguna de las 124 plazas de bicicletas del aparcamiento cubierto y vigilado de la calle Descalzos\",\"isPartOf\":{\"@id\":\"https:\\\/\\\/www.laguiadepamplona.com\\\/actualidad\\\/#website\"},\"primaryImageOfPage\":{\"@id\":\"https:\\\/\\\/www.laguiadepamplona.com\\\/actualidad\\\/abierto-el-plazo-hasta-el-11-de-diciembre-para-solicitar-el-uso-de-alguna-de-las-124-plazas-de-bicicletas-del-aparcamiento-cubierto-y-vigilado-de-la-calle-descalzos\\\/#primaryimage\"},\"image\":{\"@id\":\"https:\\\/\\\/www.laguiadepamplona.com\\\/actualidad\\\/abierto-el-plazo-hasta-el-11-de-diciembre-para-solicitar-el-uso-de-alguna-de-las-124-plazas-de-bicicletas-del-aparcamiento-cubierto-y-vigilado-de-la-calle-descalzos\\\/#primaryimage\"},\"thumbnailUrl\":\"https:\\\/\\\/www.laguiadepamplona.com\\\/actualidad\\\/wp-content\\\/uploads\\\/2017\\\/01\\\/bici-urbano-casco.jpg\",\"datePublished\":\"2017-11-23T11:23:28+00:00\",\"breadcrumb\":{\"@id\":\"https:\\\/\\\/www.laguiadepamplona.com\\\/actualidad\\\/abierto-el-plazo-hasta-el-11-de-diciembre-para-solicitar-el-uso-de-alguna-de-las-124-plazas-de-bicicletas-del-aparcamiento-cubierto-y-vigilado-de-la-calle-descalzos\\\/#breadcrumb\"},\"inLanguage\":\"es\",\"potentialAction\":[{\"@type\":\"ReadAction\",\"target\":[\"https:\\\/\\\/www.laguiadepamplona.com\\\/actualidad\\\/abierto-el-plazo-hasta-el-11-de-diciembre-para-solicitar-el-uso-de-alguna-de-las-124-plazas-de-bicicletas-del-aparcamiento-cubierto-y-vigilado-de-la-calle-descalzos\\\/\"]}]},{\"@type\":\"ImageObject\",\"inLanguage\":\"es\",\"@id\":\"https:\\\/\\\/www.laguiadepamplona.com\\\/actualidad\\\/abierto-el-plazo-hasta-el-11-de-diciembre-para-solicitar-el-uso-de-alguna-de-las-124-plazas-de-bicicletas-del-aparcamiento-cubierto-y-vigilado-de-la-calle-descalzos\\\/#primaryimage\",\"url\":\"https:\\\/\\\/www.laguiadepamplona.com\\\/actualidad\\\/wp-content\\\/uploads\\\/2017\\\/01\\\/bici-urbano-casco.jpg\",\"contentUrl\":\"https:\\\/\\\/www.laguiadepamplona.com\\\/actualidad\\\/wp-content\\\/uploads\\\/2017\\\/01\\\/bici-urbano-casco.jpg\",\"width\":859,\"height\":483},{\"@type\":\"BreadcrumbList\",\"@id\":\"https:\\\/\\\/www.laguiadepamplona.com\\\/actualidad\\\/abierto-el-plazo-hasta-el-11-de-diciembre-para-solicitar-el-uso-de-alguna-de-las-124-plazas-de-bicicletas-del-aparcamiento-cubierto-y-vigilado-de-la-calle-descalzos\\\/#breadcrumb\",\"itemListElement\":[{\"@type\":\"ListItem\",\"position\":1,\"name\":\"Portada\",\"item\":\"https:\\\/\\\/www.laguiadepamplona.com\\\/actualidad\\\/\"},{\"@type\":\"ListItem\",\"position\":2,\"name\":\"Abierto el plazo hasta el 11 de diciembre para solicitar el uso de alguna de las 124 plazas de bicicletas del aparcamiento cubierto y vigilado de la calle Descalzos\"}]},{\"@type\":\"WebSite\",\"@id\":\"https:\\\/\\\/www.laguiadepamplona.com\\\/actualidad\\\/#website\",\"url\":\"https:\\\/\\\/www.laguiadepamplona.com\\\/actualidad\\\/\",\"name\":\"La gu\u00eda de Pamplona\",\"description\":\"Noticias de Pamplona\",\"publisher\":{\"@id\":\"https:\\\/\\\/www.laguiadepamplona.com\\\/actualidad\\\/#organization\"},\"potentialAction\":[{\"@type\":\"SearchAction\",\"target\":{\"@type\":\"EntryPoint\",\"urlTemplate\":\"https:\\\/\\\/www.laguiadepamplona.com\\\/actualidad\\\/?s={search_term_string}\"},\"query-input\":{\"@type\":\"PropertyValueSpecification\",\"valueRequired\":true,\"valueName\":\"search_term_string\"}}],\"inLanguage\":\"es\"},{\"@type\":\"Organization\",\"@id\":\"https:\\\/\\\/www.laguiadepamplona.com\\\/actualidad\\\/#organization\",\"name\":\"La Gu\u00eda de Pamplona \\\/ Noticias\",\"url\":\"https:\\\/\\\/www.laguiadepamplona.com\\\/actualidad\\\/\",\"logo\":{\"@type\":\"ImageObject\",\"inLanguage\":\"es\",\"@id\":\"https:\\\/\\\/www.laguiadepamplona.com\\\/actualidad\\\/#\\\/schema\\\/logo\\\/image\\\/\",\"url\":\"https:\\\/\\\/www.laguiadepamplona.com\\\/actualidad\\\/wp-content\\\/uploads\\\/2018\\\/11\\\/logo-laguiadepamplona18-web1.png\",\"contentUrl\":\"https:\\\/\\\/www.laguiadepamplona.com\\\/actualidad\\\/wp-content\\\/uploads\\\/2018\\\/11\\\/logo-laguiadepamplona18-web1.png\",\"width\":600,\"height\":196,\"caption\":\"La Gu\u00eda de Pamplona \\\/ Noticias\"},\"image\":{\"@id\":\"https:\\\/\\\/www.laguiadepamplona.com\\\/actualidad\\\/#\\\/schema\\\/logo\\\/image\\\/\"},\"sameAs\":[\"https:\\\/\\\/www.facebook.com\\\/laguiadepamplonacom-133175176762273\\\/?ref=hl\",\"https:\\\/\\\/x.com\\\/LaGuiadPamplona\",\"https:\\\/\\\/www.instagram.com\\\/la_guia_de_pamplona\\\/\",\"https:\\\/\\\/www.youtube.com\\\/user\\\/laguiadepamplona\"]},{\"@type\":\"Person\",\"@id\":\"https:\\\/\\\/www.laguiadepamplona.com\\\/actualidad\\\/#\\\/schema\\\/person\\\/efe887376f0213d4657c93adc50b1fdb\",\"name\":\"La Gu\u00eda de Pamplona\",\"image\":{\"@type\":\"ImageObject\",\"inLanguage\":\"es\",\"@id\":\"https:\\\/\\\/secure.gravatar.com\\\/avatar\\\/b6992f131dc8d30ab0dff15446e9d346d9dbd95992de0fef795073f5ea83a81c?s=96&d=mm&r=g\",\"url\":\"https:\\\/\\\/secure.gravatar.com\\\/avatar\\\/b6992f131dc8d30ab0dff15446e9d346d9dbd95992de0fef795073f5ea83a81c?s=96&d=mm&r=g\",\"contentUrl\":\"https:\\\/\\\/secure.gravatar.com\\\/avatar\\\/b6992f131dc8d30ab0dff15446e9d346d9dbd95992de0fef795073f5ea83a81c?s=96&d=mm&r=g\",\"caption\":\"La Gu\u00eda de Pamplona\"}}]}<\/script>\n<!-- \/ Yoast SEO plugin. -->","yoast_head_json":{"title":"Abierto el plazo hasta el 11 de diciembre para solicitar el uso de alguna de las 124 plazas de bicicletas del aparcamiento cubierto y vigilado de la calle Descalzos","robots":{"index":"index","follow":"follow","max-snippet":"max-snippet:-1","max-image-preview":"max-image-preview:large","max-video-preview":"max-video-preview:-1"},"canonical":"https:\/\/www.laguiadepamplona.com\/actualidad\/abierto-el-plazo-hasta-el-11-de-diciembre-para-solicitar-el-uso-de-alguna-de-las-124-plazas-de-bicicletas-del-aparcamiento-cubierto-y-vigilado-de-la-calle-descalzos\/","og_locale":"es_ES","og_type":"article","og_title":"Abierto el plazo hasta el 11 de diciembre para solicitar el uso de alguna de las 124 plazas de bicicletas del aparcamiento cubierto y vigilado de la calle Descalzos","og_description":"Las tarifas, diferentes para plazas de adultos e infantiles, oscilan al a\u00f1o entre 60 y 15 euros y al mes entre 10 y 2,5 euros","og_url":"https:\/\/www.laguiadepamplona.com\/actualidad\/abierto-el-plazo-hasta-el-11-de-diciembre-para-solicitar-el-uso-de-alguna-de-las-124-plazas-de-bicicletas-del-aparcamiento-cubierto-y-vigilado-de-la-calle-descalzos\/","og_site_name":"La Gu\u00eda de Pamplona","article_publisher":"https:\/\/www.facebook.com\/laguiadepamplonacom-133175176762273\/?ref=hl","article_published_time":"2017-11-23T11:23:28+00:00","og_image":[{"width":859,"height":483,"url":"https:\/\/www.laguiadepamplona.com\/actualidad\/wp-content\/uploads\/2017\/01\/bici-urbano-casco.jpg","type":"image\/jpeg"}],"author":"La Gu\u00eda de Pamplona","twitter_card":"summary_large_image","twitter_creator":"@LaGuiadPamplona","twitter_site":"@LaGuiadPamplona","twitter_misc":{"Escrito por":"La Gu\u00eda de Pamplona","Tiempo de lectura":"4 minutos"},"schema":{"@context":"https:\/\/schema.org","@graph":[{"@type":"Article","@id":"https:\/\/www.laguiadepamplona.com\/actualidad\/abierto-el-plazo-hasta-el-11-de-diciembre-para-solicitar-el-uso-de-alguna-de-las-124-plazas-de-bicicletas-del-aparcamiento-cubierto-y-vigilado-de-la-calle-descalzos\/#article","isPartOf":{"@id":"https:\/\/www.laguiadepamplona.com\/actualidad\/abierto-el-plazo-hasta-el-11-de-diciembre-para-solicitar-el-uso-de-alguna-de-las-124-plazas-de-bicicletas-del-aparcamiento-cubierto-y-vigilado-de-la-calle-descalzos\/"},"author":{"name":"La Gu\u00eda de Pamplona","@id":"https:\/\/www.laguiadepamplona.com\/actualidad\/#\/schema\/person\/efe887376f0213d4657c93adc50b1fdb"},"headline":"Abierto el plazo hasta el 11 de diciembre para solicitar el uso de alguna de las 124 plazas de bicicletas del aparcamiento cubierto y vigilado de la calle Descalzos","datePublished":"2017-11-23T11:23:28+00:00","mainEntityOfPage":{"@id":"https:\/\/www.laguiadepamplona.com\/actualidad\/abierto-el-plazo-hasta-el-11-de-diciembre-para-solicitar-el-uso-de-alguna-de-las-124-plazas-de-bicicletas-del-aparcamiento-cubierto-y-vigilado-de-la-calle-descalzos\/"},"wordCount":735,"commentCount":0,"publisher":{"@id":"https:\/\/www.laguiadepamplona.com\/actualidad\/#organization"},"image":{"@id":"https:\/\/www.laguiadepamplona.com\/actualidad\/abierto-el-plazo-hasta-el-11-de-diciembre-para-solicitar-el-uso-de-alguna-de-las-124-plazas-de-bicicletas-del-aparcamiento-cubierto-y-vigilado-de-la-calle-descalzos\/#primaryimage"},"thumbnailUrl":"https:\/\/www.laguiadepamplona.com\/actualidad\/wp-content\/uploads\/2017\/01\/bici-urbano-casco.jpg","articleSection":["Ayto Pamplona"],"inLanguage":"es","potentialAction":[{"@type":"CommentAction","name":"Comment","target":["https:\/\/www.laguiadepamplona.com\/actualidad\/abierto-el-plazo-hasta-el-11-de-diciembre-para-solicitar-el-uso-de-alguna-de-las-124-plazas-de-bicicletas-del-aparcamiento-cubierto-y-vigilado-de-la-calle-descalzos\/#respond"]}]},{"@type":"WebPage","@id":"https:\/\/www.laguiadepamplona.com\/actualidad\/abierto-el-plazo-hasta-el-11-de-diciembre-para-solicitar-el-uso-de-alguna-de-las-124-plazas-de-bicicletas-del-aparcamiento-cubierto-y-vigilado-de-la-calle-descalzos\/","url":"https:\/\/www.laguiadepamplona.com\/actualidad\/abierto-el-plazo-hasta-el-11-de-diciembre-para-solicitar-el-uso-de-alguna-de-las-124-plazas-de-bicicletas-del-aparcamiento-cubierto-y-vigilado-de-la-calle-descalzos\/","name":"Abierto el plazo hasta el 11 de diciembre para solicitar el uso de alguna de las 124 plazas de bicicletas del aparcamiento cubierto y vigilado de la calle Descalzos","isPartOf":{"@id":"https:\/\/www.laguiadepamplona.com\/actualidad\/#website"},"primaryImageOfPage":{"@id":"https:\/\/www.laguiadepamplona.com\/actualidad\/abierto-el-plazo-hasta-el-11-de-diciembre-para-solicitar-el-uso-de-alguna-de-las-124-plazas-de-bicicletas-del-aparcamiento-cubierto-y-vigilado-de-la-calle-descalzos\/#primaryimage"},"image":{"@id":"https:\/\/www.laguiadepamplona.com\/actualidad\/abierto-el-plazo-hasta-el-11-de-diciembre-para-solicitar-el-uso-de-alguna-de-las-124-plazas-de-bicicletas-del-aparcamiento-cubierto-y-vigilado-de-la-calle-descalzos\/#primaryimage"},"thumbnailUrl":"https:\/\/www.laguiadepamplona.com\/actualidad\/wp-content\/uploads\/2017\/01\/bici-urbano-casco.jpg","datePublished":"2017-11-23T11:23:28+00:00","breadcrumb":{"@id":"https:\/\/www.laguiadepamplona.com\/actualidad\/abierto-el-plazo-hasta-el-11-de-diciembre-para-solicitar-el-uso-de-alguna-de-las-124-plazas-de-bicicletas-del-aparcamiento-cubierto-y-vigilado-de-la-calle-descalzos\/#breadcrumb"},"inLanguage":"es","potentialAction":[{"@type":"ReadAction","target":["https:\/\/www.laguiadepamplona.com\/actualidad\/abierto-el-plazo-hasta-el-11-de-diciembre-para-solicitar-el-uso-de-alguna-de-las-124-plazas-de-bicicletas-del-aparcamiento-cubierto-y-vigilado-de-la-calle-descalzos\/"]}]},{"@type":"ImageObject","inLanguage":"es","@id":"https:\/\/www.laguiadepamplona.com\/actualidad\/abierto-el-plazo-hasta-el-11-de-diciembre-para-solicitar-el-uso-de-alguna-de-las-124-plazas-de-bicicletas-del-aparcamiento-cubierto-y-vigilado-de-la-calle-descalzos\/#primaryimage","url":"https:\/\/www.laguiadepamplona.com\/actualidad\/wp-content\/uploads\/2017\/01\/bici-urbano-casco.jpg","contentUrl":"https:\/\/www.laguiadepamplona.com\/actualidad\/wp-content\/uploads\/2017\/01\/bici-urbano-casco.jpg","width":859,"height":483},{"@type":"BreadcrumbList","@id":"https:\/\/www.laguiadepamplona.com\/actualidad\/abierto-el-plazo-hasta-el-11-de-diciembre-para-solicitar-el-uso-de-alguna-de-las-124-plazas-de-bicicletas-del-aparcamiento-cubierto-y-vigilado-de-la-calle-descalzos\/#breadcrumb","itemListElement":[{"@type":"ListItem","position":1,"name":"Portada","item":"https:\/\/www.laguiadepamplona.com\/actualidad\/"},{"@type":"ListItem","position":2,"name":"Abierto el plazo hasta el 11 de diciembre para solicitar el uso de alguna de las 124 plazas de bicicletas del aparcamiento cubierto y vigilado de la calle Descalzos"}]},{"@type":"WebSite","@id":"https:\/\/www.laguiadepamplona.com\/actualidad\/#website","url":"https:\/\/www.laguiadepamplona.com\/actualidad\/","name":"La gu\u00eda de Pamplona","description":"Noticias de Pamplona","publisher":{"@id":"https:\/\/www.laguiadepamplona.com\/actualidad\/#organization"},"potentialAction":[{"@type":"SearchAction","target":{"@type":"EntryPoint","urlTemplate":"https:\/\/www.laguiadepamplona.com\/actualidad\/?s={search_term_string}"},"query-input":{"@type":"PropertyValueSpecification","valueRequired":true,"valueName":"search_term_string"}}],"inLanguage":"es"},{"@type":"Organization","@id":"https:\/\/www.laguiadepamplona.com\/actualidad\/#organization","name":"La Gu\u00eda de Pamplona \/ Noticias","url":"https:\/\/www.laguiadepamplona.com\/actualidad\/","logo":{"@type":"ImageObject","inLanguage":"es","@id":"https:\/\/www.laguiadepamplona.com\/actualidad\/#\/schema\/logo\/image\/","url":"https:\/\/www.laguiadepamplona.com\/actualidad\/wp-content\/uploads\/2018\/11\/logo-laguiadepamplona18-web1.png","contentUrl":"https:\/\/www.laguiadepamplona.com\/actualidad\/wp-content\/uploads\/2018\/11\/logo-laguiadepamplona18-web1.png","width":600,"height":196,"caption":"La Gu\u00eda de Pamplona \/ Noticias"},"image":{"@id":"https:\/\/www.laguiadepamplona.com\/actualidad\/#\/schema\/logo\/image\/"},"sameAs":["https:\/\/www.facebook.com\/laguiadepamplonacom-133175176762273\/?ref=hl","https:\/\/x.com\/LaGuiadPamplona","https:\/\/www.instagram.com\/la_guia_de_pamplona\/","https:\/\/www.youtube.com\/user\/laguiadepamplona"]},{"@type":"Person","@id":"https:\/\/www.laguiadepamplona.com\/actualidad\/#\/schema\/person\/efe887376f0213d4657c93adc50b1fdb","name":"La Gu\u00eda de Pamplona","image":{"@type":"ImageObject","inLanguage":"es","@id":"https:\/\/secure.gravatar.com\/avatar\/b6992f131dc8d30ab0dff15446e9d346d9dbd95992de0fef795073f5ea83a81c?s=96&d=mm&r=g","url":"https:\/\/secure.gravatar.com\/avatar\/b6992f131dc8d30ab0dff15446e9d346d9dbd95992de0fef795073f5ea83a81c?s=96&d=mm&r=g","contentUrl":"https:\/\/secure.gravatar.com\/avatar\/b6992f131dc8d30ab0dff15446e9d346d9dbd95992de0fef795073f5ea83a81c?s=96&d=mm&r=g","caption":"La Gu\u00eda de Pamplona"}}]}},"post_mailing_queue_ids":[],"_links":{"self":[{"href":"https:\/\/www.laguiadepamplona.com\/actualidad\/wp-json\/wp\/v2\/posts\/15268","targetHints":{"allow":["GET"]}}],"collection":[{"href":"https:\/\/www.laguiadepamplona.com\/actualidad\/wp-json\/wp\/v2\/posts"}],"about":[{"href":"https:\/\/www.laguiadepamplona.com\/actualidad\/wp-json\/wp\/v2\/types\/post"}],"author":[{"embeddable":true,"href":"https:\/\/www.laguiadepamplona.com\/actualidad\/wp-json\/wp\/v2\/users\/1"}],"replies":[{"embeddable":true,"href":"https:\/\/www.laguiadepamplona.com\/actualidad\/wp-json\/wp\/v2\/comments?post=15268"}],"version-history":[{"count":0,"href":"https:\/\/www.laguiadepamplona.com\/actualidad\/wp-json\/wp\/v2\/posts\/15268\/revisions"}],"wp:featuredmedia":[{"embeddable":true,"href":"https:\/\/www.laguiadepamplona.com\/actualidad\/wp-json\/wp\/v2\/media\/11470"}],"wp:attachment":[{"href":"https:\/\/www.laguiadepamplona.com\/actualidad\/wp-json\/wp\/v2\/media?parent=15268"}],"wp:term":[{"taxonomy":"category","embeddable":true,"href":"https:\/\/www.laguiadepamplona.com\/actualidad\/wp-json\/wp\/v2\/categories?post=15268"},{"taxonomy":"post_tag","embeddable":true,"href":"https:\/\/www.laguiadepamplona.com\/actualidad\/wp-json\/wp\/v2\/tags?post=15268"}],"curies":[{"name":"wp","href":"https:\/\/api.w.org\/{rel}","templated":true}]}}