{"id":15263,"date":"2017-11-23T12:22:32","date_gmt":"2017-11-23T11:22:32","guid":{"rendered":"http:\/\/laguiadepamplona.es\/actualidad\/?p=15263"},"modified":"2017-11-23T12:30:26","modified_gmt":"2017-11-23T11:30:26","slug":"el-ayuntamiento-realiza-una-campana-para-dar-a-conocer-el-aparcamiento-gratuito-de-trinitarios-con-perchas-en-las-villavesas-un-cartel-en-su-ubicacion-y-cunas-de-radio","status":"publish","type":"post","link":"https:\/\/www.laguiadepamplona.com\/actualidad\/el-ayuntamiento-realiza-una-campana-para-dar-a-conocer-el-aparcamiento-gratuito-de-trinitarios-con-perchas-en-las-villavesas-un-cartel-en-su-ubicacion-y-cunas-de-radio\/","title":{"rendered":"El Ayuntamiento realiza una campa\u00f1a para dar a conocer el aparcamiento gratuito de Trinitarios con perchas en las villavesas, un cartel en su ubicaci\u00f3n y cu\u00f1as de radio"},"content":{"rendered":"<h3>El aparcamiento se abri\u00f3 en septiembre, tiene 180 plazas gratuitas y est\u00e1 conectado con el centro a trav\u00e9s de cuatro l\u00edneas de villavesas<\/h3>\n<p><!--more--><\/p>\n<p><a href=\"http:\/\/laguiadepamplona.es\/actualidad\/wp-content\/uploads\/2017\/11\/campa\u00f1a-aparcamiento-trinitarios-4.jpg\"><img loading=\"lazy\" decoding=\"async\" class=\"alignleft size-medium wp-image-15270\" src=\"http:\/\/laguiadepamplona.es\/actualidad\/wp-content\/uploads\/2017\/11\/campa\u00f1a-aparcamiento-trinitarios-4-300x113.jpg\" alt=\"\" width=\"300\" height=\"113\" srcset=\"https:\/\/www.laguiadepamplona.com\/actualidad\/wp-content\/uploads\/2017\/11\/campa\u00f1a-aparcamiento-trinitarios-4-300x113.jpg 300w, https:\/\/www.laguiadepamplona.com\/actualidad\/wp-content\/uploads\/2017\/11\/campa\u00f1a-aparcamiento-trinitarios-4-768x288.jpg 768w, https:\/\/www.laguiadepamplona.com\/actualidad\/wp-content\/uploads\/2017\/11\/campa\u00f1a-aparcamiento-trinitarios-4.jpg 1000w\" sizes=\"auto, (max-width: 300px) 100vw, 300px\" \/><\/a>El Ayuntamiento de Pamplona quiere potenciar el uso del aparcamiento intermodal de Trinitarios como alternativa sostenible para acceder al centro de la ciudad. Por ello se ha puesto en marcha una campa\u00f1a para dar a conocer una infraestructura con 180 plazas de estacionamiento gratuito, conectada con el centro de la ciudad a trav\u00e9s de cuatro l\u00edneas de villavesas y a unos quince minutos a pie del Casco Antiguo.<\/p>\n<p><a href=\"http:\/\/laguiadepamplona.es\/actualidad\/wp-content\/uploads\/2017\/11\/campa\u00f1a-aparcamiento-trinitarios2.jpg\"><img loading=\"lazy\" decoding=\"async\" class=\"alignleft size-medium wp-image-15266\" src=\"http:\/\/laguiadepamplona.es\/actualidad\/wp-content\/uploads\/2017\/11\/campa\u00f1a-aparcamiento-trinitarios2-187x300.jpg\" alt=\"\" width=\"187\" height=\"300\" srcset=\"https:\/\/www.laguiadepamplona.com\/actualidad\/wp-content\/uploads\/2017\/11\/campa\u00f1a-aparcamiento-trinitarios2-187x300.jpg 187w, https:\/\/www.laguiadepamplona.com\/actualidad\/wp-content\/uploads\/2017\/11\/campa\u00f1a-aparcamiento-trinitarios2-300x482.jpg 300w, https:\/\/www.laguiadepamplona.com\/actualidad\/wp-content\/uploads\/2017\/11\/campa\u00f1a-aparcamiento-trinitarios2.jpg 623w\" sizes=\"auto, (max-width: 187px) 100vw, 187px\" \/><\/a>\u2018Aparca sin problemas\u2019 es el lema de una campa\u00f1a que se compone de 3.300 etiquetas de \u2018<em>perching<\/em>\u2019 colgadas en las barras de sujecci\u00f3n de los autobuses del transporte urbano comarcal, de cu\u00f1as de radio y de un gran cartel en el exterior del aparcamiento para ubicar su situaci\u00f3n. En la campa\u00f1a se describe la gratuidad del estacionamiento en esa zona, su disponibilidad durante las 24 horas del d\u00eda y su conexi\u00f3n con las villavesas. A escasos metros del aparcamiento se ubica una parada por la que transitan cuatro l\u00edneas del transporte urbano comarcal que conectan con el centro de la ciudad, la l\u00ednea 3, la 16, la 17 y la 21.<\/p>\n<p>Este aparcamiento gratuito se abri\u00f3 al p\u00fablico el pasado 15 de septiembre, dentro de las medidas del Plan de Amabilizaci\u00f3n del Centro de la ciudad. Se trataba con \u00e9l de facilitar una zona de estacionamiento de veh\u00edculos cercana al centro y bien conectada con el Casco Antiguo y el Ensanche para todas aquellas personas que utilizan el veh\u00edculo privado. El Ayuntamiento de Pamplona apuesta por una movilidad sostenible en la que se evite el uso del coche en el centro de la ciudad y se fomente el transporte urbano comarcal.<\/p>\n<p><a href=\"http:\/\/laguiadepamplona.es\/actualidad\/wp-content\/uploads\/2017\/11\/campa\u00f1a-aparcamiento-trinitarios.jpg\"><img loading=\"lazy\" decoding=\"async\" class=\"alignleft size-medium wp-image-15265\" src=\"http:\/\/laguiadepamplona.es\/actualidad\/wp-content\/uploads\/2017\/11\/campa\u00f1a-aparcamiento-trinitarios-187x300.jpg\" alt=\"\" width=\"187\" height=\"300\" srcset=\"https:\/\/www.laguiadepamplona.com\/actualidad\/wp-content\/uploads\/2017\/11\/campa\u00f1a-aparcamiento-trinitarios-187x300.jpg 187w, https:\/\/www.laguiadepamplona.com\/actualidad\/wp-content\/uploads\/2017\/11\/campa\u00f1a-aparcamiento-trinitarios-300x482.jpg 300w, https:\/\/www.laguiadepamplona.com\/actualidad\/wp-content\/uploads\/2017\/11\/campa\u00f1a-aparcamiento-trinitarios.jpg 623w\" sizes=\"auto, (max-width: 187px) 100vw, 187px\" \/><\/a>La campa\u00f1a se inicia en estas fechas coincidiendo con una de las \u00e9pocas de mayor afluencia de personas al centro de la ciudad. Las compras prenavide\u00f1as, las festividades de San Saturnino y San Francisco Javier, el llamado \u2018puente foral\u2019 o el aumento de las actividades y eventos culturales y tur\u00edsticos acercan a gran cantidad de personas al Casco Antiguo y a los Ensanches.<\/p>\n<p><strong>Sobre el aparcamiento de Trinitarios<\/strong><\/p>\n<p>El aparcamiento intermodal de Trinitarios cuenta con 180 plazas gratuitas de estacionamiento de veh\u00edculos, que podr\u00edan aumentarse en funci\u00f3n de la demanda, y se ubica en una parcela de 4.560 metros cuadrados situada frente al parking de autocaravanas, y que hasta ahora se usaba b\u00e1sicamente en Sanfermines como lugar de acogida e instalaci\u00f3n de los feriantes que instalaban las atracciones en el parque del Runa. Algunos de esos estacionamientos tienen una mayor longitud para adecuarse a distintos tipos de veh\u00edculos (furgonetas o similares).<\/p>\n<p>El acceso a ese aparcamiento se realiza por la entrada existente en la glorieta de intersecci\u00f3n de la calle Biurdana con la avenida de Gipuzkoa. La inversi\u00f3n para adecuar el solar como aparcamiento disuasorio fue de 39.000 euros. Esta infraestructura forma parte de las actuaciones del Plan de Amabilizaci\u00f3n del Centro puesto en marcha por el Ayuntamiento de Pamplona en este mes de septiembre.<\/p>\n<p>&nbsp;<\/p>\n","protected":false},"excerpt":{"rendered":"<p>El aparcamiento se abri\u00f3 en septiembre, tiene 180 plazas gratuitas y est\u00e1 conectado con el centro a trav\u00e9s de cuatro l\u00edneas de villavesas<\/p>\n","protected":false},"author":1,"featured_media":15264,"comment_status":"open","ping_status":"closed","sticky":false,"template":"","format":"standard","meta":{"footnotes":""},"categories":[2],"tags":[],"class_list":["post-15263","post","type-post","status-publish","format-standard","has-post-thumbnail","hentry","category-ayuntamiento-pamplona"],"yoast_head":"<!-- This site is optimized with the Yoast SEO plugin v27.3 - https:\/\/yoast.com\/product\/yoast-seo-wordpress\/ -->\n<title>El Ayuntamiento realiza una campa\u00f1a para dar a conocer el aparcamiento gratuito de Trinitarios con perchas en las villavesas, un cartel en su ubicaci\u00f3n y cu\u00f1as de radio<\/title>\n<meta name=\"robots\" content=\"index, follow, max-snippet:-1, max-image-preview:large, max-video-preview:-1\" \/>\n<link rel=\"canonical\" href=\"https:\/\/www.laguiadepamplona.com\/actualidad\/el-ayuntamiento-realiza-una-campana-para-dar-a-conocer-el-aparcamiento-gratuito-de-trinitarios-con-perchas-en-las-villavesas-un-cartel-en-su-ubicacion-y-cunas-de-radio\/\" \/>\n<meta property=\"og:locale\" content=\"es_ES\" \/>\n<meta property=\"og:type\" content=\"article\" \/>\n<meta property=\"og:title\" content=\"El Ayuntamiento realiza una campa\u00f1a para dar a conocer el aparcamiento gratuito de Trinitarios con perchas en las villavesas, un cartel en su ubicaci\u00f3n y cu\u00f1as de radio\" \/>\n<meta property=\"og:description\" content=\"El aparcamiento se abri\u00f3 en septiembre, tiene 180 plazas gratuitas y est\u00e1 conectado con el centro a trav\u00e9s de cuatro l\u00edneas de villavesas\" \/>\n<meta property=\"og:url\" content=\"https:\/\/www.laguiadepamplona.com\/actualidad\/el-ayuntamiento-realiza-una-campana-para-dar-a-conocer-el-aparcamiento-gratuito-de-trinitarios-con-perchas-en-las-villavesas-un-cartel-en-su-ubicacion-y-cunas-de-radio\/\" \/>\n<meta property=\"og:site_name\" content=\"La Gu\u00eda de Pamplona\" \/>\n<meta property=\"article:publisher\" content=\"https:\/\/www.facebook.com\/laguiadepamplonacom-133175176762273\/?ref=hl\" \/>\n<meta property=\"article:published_time\" content=\"2017-11-23T11:22:32+00:00\" \/>\n<meta property=\"article:modified_time\" content=\"2017-11-23T11:30:26+00:00\" \/>\n<meta property=\"og:image\" content=\"https:\/\/www.laguiadepamplona.com\/actualidad\/wp-content\/uploads\/2017\/11\/campa\u00f1a-aparcamiento-trinitarios-3.jpg\" \/>\n\t<meta property=\"og:image:width\" content=\"939\" \/>\n\t<meta property=\"og:image:height\" content=\"462\" \/>\n\t<meta property=\"og:image:type\" content=\"image\/jpeg\" \/>\n<meta name=\"author\" content=\"La Gu\u00eda de Pamplona\" \/>\n<meta name=\"twitter:card\" content=\"summary_large_image\" \/>\n<meta name=\"twitter:creator\" content=\"@LaGuiadPamplona\" \/>\n<meta name=\"twitter:site\" content=\"@LaGuiadPamplona\" \/>\n<meta name=\"twitter:label1\" content=\"Escrito por\" \/>\n\t<meta name=\"twitter:data1\" content=\"La Gu\u00eda de Pamplona\" \/>\n\t<meta name=\"twitter:label2\" content=\"Tiempo de lectura\" \/>\n\t<meta name=\"twitter:data2\" content=\"3 minutos\" \/>\n<script type=\"application\/ld+json\" class=\"yoast-schema-graph\">{\"@context\":\"https:\\\/\\\/schema.org\",\"@graph\":[{\"@type\":\"Article\",\"@id\":\"https:\\\/\\\/www.laguiadepamplona.com\\\/actualidad\\\/el-ayuntamiento-realiza-una-campana-para-dar-a-conocer-el-aparcamiento-gratuito-de-trinitarios-con-perchas-en-las-villavesas-un-cartel-en-su-ubicacion-y-cunas-de-radio\\\/#article\",\"isPartOf\":{\"@id\":\"https:\\\/\\\/www.laguiadepamplona.com\\\/actualidad\\\/el-ayuntamiento-realiza-una-campana-para-dar-a-conocer-el-aparcamiento-gratuito-de-trinitarios-con-perchas-en-las-villavesas-un-cartel-en-su-ubicacion-y-cunas-de-radio\\\/\"},\"author\":{\"name\":\"La Gu\u00eda de Pamplona\",\"@id\":\"https:\\\/\\\/www.laguiadepamplona.com\\\/actualidad\\\/#\\\/schema\\\/person\\\/efe887376f0213d4657c93adc50b1fdb\"},\"headline\":\"El Ayuntamiento realiza una campa\u00f1a para dar a conocer el aparcamiento gratuito de Trinitarios con perchas en las villavesas, un cartel en su ubicaci\u00f3n y cu\u00f1as de radio\",\"datePublished\":\"2017-11-23T11:22:32+00:00\",\"dateModified\":\"2017-11-23T11:30:26+00:00\",\"mainEntityOfPage\":{\"@id\":\"https:\\\/\\\/www.laguiadepamplona.com\\\/actualidad\\\/el-ayuntamiento-realiza-una-campana-para-dar-a-conocer-el-aparcamiento-gratuito-de-trinitarios-con-perchas-en-las-villavesas-un-cartel-en-su-ubicacion-y-cunas-de-radio\\\/\"},\"wordCount\":557,\"commentCount\":0,\"publisher\":{\"@id\":\"https:\\\/\\\/www.laguiadepamplona.com\\\/actualidad\\\/#organization\"},\"image\":{\"@id\":\"https:\\\/\\\/www.laguiadepamplona.com\\\/actualidad\\\/el-ayuntamiento-realiza-una-campana-para-dar-a-conocer-el-aparcamiento-gratuito-de-trinitarios-con-perchas-en-las-villavesas-un-cartel-en-su-ubicacion-y-cunas-de-radio\\\/#primaryimage\"},\"thumbnailUrl\":\"https:\\\/\\\/www.laguiadepamplona.com\\\/actualidad\\\/wp-content\\\/uploads\\\/2017\\\/11\\\/campa\u00f1a-aparcamiento-trinitarios-3.jpg\",\"articleSection\":[\"Ayto Pamplona\"],\"inLanguage\":\"es\",\"potentialAction\":[{\"@type\":\"CommentAction\",\"name\":\"Comment\",\"target\":[\"https:\\\/\\\/www.laguiadepamplona.com\\\/actualidad\\\/el-ayuntamiento-realiza-una-campana-para-dar-a-conocer-el-aparcamiento-gratuito-de-trinitarios-con-perchas-en-las-villavesas-un-cartel-en-su-ubicacion-y-cunas-de-radio\\\/#respond\"]}]},{\"@type\":\"WebPage\",\"@id\":\"https:\\\/\\\/www.laguiadepamplona.com\\\/actualidad\\\/el-ayuntamiento-realiza-una-campana-para-dar-a-conocer-el-aparcamiento-gratuito-de-trinitarios-con-perchas-en-las-villavesas-un-cartel-en-su-ubicacion-y-cunas-de-radio\\\/\",\"url\":\"https:\\\/\\\/www.laguiadepamplona.com\\\/actualidad\\\/el-ayuntamiento-realiza-una-campana-para-dar-a-conocer-el-aparcamiento-gratuito-de-trinitarios-con-perchas-en-las-villavesas-un-cartel-en-su-ubicacion-y-cunas-de-radio\\\/\",\"name\":\"El Ayuntamiento realiza una campa\u00f1a para dar a conocer el aparcamiento gratuito de Trinitarios con perchas en las villavesas, un cartel en su ubicaci\u00f3n y cu\u00f1as de radio\",\"isPartOf\":{\"@id\":\"https:\\\/\\\/www.laguiadepamplona.com\\\/actualidad\\\/#website\"},\"primaryImageOfPage\":{\"@id\":\"https:\\\/\\\/www.laguiadepamplona.com\\\/actualidad\\\/el-ayuntamiento-realiza-una-campana-para-dar-a-conocer-el-aparcamiento-gratuito-de-trinitarios-con-perchas-en-las-villavesas-un-cartel-en-su-ubicacion-y-cunas-de-radio\\\/#primaryimage\"},\"image\":{\"@id\":\"https:\\\/\\\/www.laguiadepamplona.com\\\/actualidad\\\/el-ayuntamiento-realiza-una-campana-para-dar-a-conocer-el-aparcamiento-gratuito-de-trinitarios-con-perchas-en-las-villavesas-un-cartel-en-su-ubicacion-y-cunas-de-radio\\\/#primaryimage\"},\"thumbnailUrl\":\"https:\\\/\\\/www.laguiadepamplona.com\\\/actualidad\\\/wp-content\\\/uploads\\\/2017\\\/11\\\/campa\u00f1a-aparcamiento-trinitarios-3.jpg\",\"datePublished\":\"2017-11-23T11:22:32+00:00\",\"dateModified\":\"2017-11-23T11:30:26+00:00\",\"breadcrumb\":{\"@id\":\"https:\\\/\\\/www.laguiadepamplona.com\\\/actualidad\\\/el-ayuntamiento-realiza-una-campana-para-dar-a-conocer-el-aparcamiento-gratuito-de-trinitarios-con-perchas-en-las-villavesas-un-cartel-en-su-ubicacion-y-cunas-de-radio\\\/#breadcrumb\"},\"inLanguage\":\"es\",\"potentialAction\":[{\"@type\":\"ReadAction\",\"target\":[\"https:\\\/\\\/www.laguiadepamplona.com\\\/actualidad\\\/el-ayuntamiento-realiza-una-campana-para-dar-a-conocer-el-aparcamiento-gratuito-de-trinitarios-con-perchas-en-las-villavesas-un-cartel-en-su-ubicacion-y-cunas-de-radio\\\/\"]}]},{\"@type\":\"ImageObject\",\"inLanguage\":\"es\",\"@id\":\"https:\\\/\\\/www.laguiadepamplona.com\\\/actualidad\\\/el-ayuntamiento-realiza-una-campana-para-dar-a-conocer-el-aparcamiento-gratuito-de-trinitarios-con-perchas-en-las-villavesas-un-cartel-en-su-ubicacion-y-cunas-de-radio\\\/#primaryimage\",\"url\":\"https:\\\/\\\/www.laguiadepamplona.com\\\/actualidad\\\/wp-content\\\/uploads\\\/2017\\\/11\\\/campa\u00f1a-aparcamiento-trinitarios-3.jpg\",\"contentUrl\":\"https:\\\/\\\/www.laguiadepamplona.com\\\/actualidad\\\/wp-content\\\/uploads\\\/2017\\\/11\\\/campa\u00f1a-aparcamiento-trinitarios-3.jpg\",\"width\":939,\"height\":462},{\"@type\":\"BreadcrumbList\",\"@id\":\"https:\\\/\\\/www.laguiadepamplona.com\\\/actualidad\\\/el-ayuntamiento-realiza-una-campana-para-dar-a-conocer-el-aparcamiento-gratuito-de-trinitarios-con-perchas-en-las-villavesas-un-cartel-en-su-ubicacion-y-cunas-de-radio\\\/#breadcrumb\",\"itemListElement\":[{\"@type\":\"ListItem\",\"position\":1,\"name\":\"Portada\",\"item\":\"https:\\\/\\\/www.laguiadepamplona.com\\\/actualidad\\\/\"},{\"@type\":\"ListItem\",\"position\":2,\"name\":\"El Ayuntamiento realiza una campa\u00f1a para dar a conocer el aparcamiento gratuito de Trinitarios con perchas en las villavesas, un cartel en su ubicaci\u00f3n y cu\u00f1as de radio\"}]},{\"@type\":\"WebSite\",\"@id\":\"https:\\\/\\\/www.laguiadepamplona.com\\\/actualidad\\\/#website\",\"url\":\"https:\\\/\\\/www.laguiadepamplona.com\\\/actualidad\\\/\",\"name\":\"La gu\u00eda de Pamplona\",\"description\":\"Noticias de Pamplona\",\"publisher\":{\"@id\":\"https:\\\/\\\/www.laguiadepamplona.com\\\/actualidad\\\/#organization\"},\"potentialAction\":[{\"@type\":\"SearchAction\",\"target\":{\"@type\":\"EntryPoint\",\"urlTemplate\":\"https:\\\/\\\/www.laguiadepamplona.com\\\/actualidad\\\/?s={search_term_string}\"},\"query-input\":{\"@type\":\"PropertyValueSpecification\",\"valueRequired\":true,\"valueName\":\"search_term_string\"}}],\"inLanguage\":\"es\"},{\"@type\":\"Organization\",\"@id\":\"https:\\\/\\\/www.laguiadepamplona.com\\\/actualidad\\\/#organization\",\"name\":\"La Gu\u00eda de Pamplona \\\/ Noticias\",\"url\":\"https:\\\/\\\/www.laguiadepamplona.com\\\/actualidad\\\/\",\"logo\":{\"@type\":\"ImageObject\",\"inLanguage\":\"es\",\"@id\":\"https:\\\/\\\/www.laguiadepamplona.com\\\/actualidad\\\/#\\\/schema\\\/logo\\\/image\\\/\",\"url\":\"https:\\\/\\\/www.laguiadepamplona.com\\\/actualidad\\\/wp-content\\\/uploads\\\/2018\\\/11\\\/logo-laguiadepamplona18-web1.png\",\"contentUrl\":\"https:\\\/\\\/www.laguiadepamplona.com\\\/actualidad\\\/wp-content\\\/uploads\\\/2018\\\/11\\\/logo-laguiadepamplona18-web1.png\",\"width\":600,\"height\":196,\"caption\":\"La Gu\u00eda de Pamplona \\\/ Noticias\"},\"image\":{\"@id\":\"https:\\\/\\\/www.laguiadepamplona.com\\\/actualidad\\\/#\\\/schema\\\/logo\\\/image\\\/\"},\"sameAs\":[\"https:\\\/\\\/www.facebook.com\\\/laguiadepamplonacom-133175176762273\\\/?ref=hl\",\"https:\\\/\\\/x.com\\\/LaGuiadPamplona\",\"https:\\\/\\\/www.instagram.com\\\/la_guia_de_pamplona\\\/\",\"https:\\\/\\\/www.youtube.com\\\/user\\\/laguiadepamplona\"]},{\"@type\":\"Person\",\"@id\":\"https:\\\/\\\/www.laguiadepamplona.com\\\/actualidad\\\/#\\\/schema\\\/person\\\/efe887376f0213d4657c93adc50b1fdb\",\"name\":\"La Gu\u00eda de Pamplona\",\"image\":{\"@type\":\"ImageObject\",\"inLanguage\":\"es\",\"@id\":\"https:\\\/\\\/secure.gravatar.com\\\/avatar\\\/b6992f131dc8d30ab0dff15446e9d346d9dbd95992de0fef795073f5ea83a81c?s=96&d=mm&r=g\",\"url\":\"https:\\\/\\\/secure.gravatar.com\\\/avatar\\\/b6992f131dc8d30ab0dff15446e9d346d9dbd95992de0fef795073f5ea83a81c?s=96&d=mm&r=g\",\"contentUrl\":\"https:\\\/\\\/secure.gravatar.com\\\/avatar\\\/b6992f131dc8d30ab0dff15446e9d346d9dbd95992de0fef795073f5ea83a81c?s=96&d=mm&r=g\",\"caption\":\"La Gu\u00eda de Pamplona\"}}]}<\/script>\n<!-- \/ Yoast SEO plugin. -->","yoast_head_json":{"title":"El Ayuntamiento realiza una campa\u00f1a para dar a conocer el aparcamiento gratuito de Trinitarios con perchas en las villavesas, un cartel en su ubicaci\u00f3n y cu\u00f1as de radio","robots":{"index":"index","follow":"follow","max-snippet":"max-snippet:-1","max-image-preview":"max-image-preview:large","max-video-preview":"max-video-preview:-1"},"canonical":"https:\/\/www.laguiadepamplona.com\/actualidad\/el-ayuntamiento-realiza-una-campana-para-dar-a-conocer-el-aparcamiento-gratuito-de-trinitarios-con-perchas-en-las-villavesas-un-cartel-en-su-ubicacion-y-cunas-de-radio\/","og_locale":"es_ES","og_type":"article","og_title":"El Ayuntamiento realiza una campa\u00f1a para dar a conocer el aparcamiento gratuito de Trinitarios con perchas en las villavesas, un cartel en su ubicaci\u00f3n y cu\u00f1as de radio","og_description":"El aparcamiento se abri\u00f3 en septiembre, tiene 180 plazas gratuitas y est\u00e1 conectado con el centro a trav\u00e9s de cuatro l\u00edneas de villavesas","og_url":"https:\/\/www.laguiadepamplona.com\/actualidad\/el-ayuntamiento-realiza-una-campana-para-dar-a-conocer-el-aparcamiento-gratuito-de-trinitarios-con-perchas-en-las-villavesas-un-cartel-en-su-ubicacion-y-cunas-de-radio\/","og_site_name":"La Gu\u00eda de Pamplona","article_publisher":"https:\/\/www.facebook.com\/laguiadepamplonacom-133175176762273\/?ref=hl","article_published_time":"2017-11-23T11:22:32+00:00","article_modified_time":"2017-11-23T11:30:26+00:00","og_image":[{"width":939,"height":462,"url":"https:\/\/www.laguiadepamplona.com\/actualidad\/wp-content\/uploads\/2017\/11\/campa\u00f1a-aparcamiento-trinitarios-3.jpg","type":"image\/jpeg"}],"author":"La Gu\u00eda de Pamplona","twitter_card":"summary_large_image","twitter_creator":"@LaGuiadPamplona","twitter_site":"@LaGuiadPamplona","twitter_misc":{"Escrito por":"La Gu\u00eda de Pamplona","Tiempo de lectura":"3 minutos"},"schema":{"@context":"https:\/\/schema.org","@graph":[{"@type":"Article","@id":"https:\/\/www.laguiadepamplona.com\/actualidad\/el-ayuntamiento-realiza-una-campana-para-dar-a-conocer-el-aparcamiento-gratuito-de-trinitarios-con-perchas-en-las-villavesas-un-cartel-en-su-ubicacion-y-cunas-de-radio\/#article","isPartOf":{"@id":"https:\/\/www.laguiadepamplona.com\/actualidad\/el-ayuntamiento-realiza-una-campana-para-dar-a-conocer-el-aparcamiento-gratuito-de-trinitarios-con-perchas-en-las-villavesas-un-cartel-en-su-ubicacion-y-cunas-de-radio\/"},"author":{"name":"La Gu\u00eda de Pamplona","@id":"https:\/\/www.laguiadepamplona.com\/actualidad\/#\/schema\/person\/efe887376f0213d4657c93adc50b1fdb"},"headline":"El Ayuntamiento realiza una campa\u00f1a para dar a conocer el aparcamiento gratuito de Trinitarios con perchas en las villavesas, un cartel en su ubicaci\u00f3n y cu\u00f1as de radio","datePublished":"2017-11-23T11:22:32+00:00","dateModified":"2017-11-23T11:30:26+00:00","mainEntityOfPage":{"@id":"https:\/\/www.laguiadepamplona.com\/actualidad\/el-ayuntamiento-realiza-una-campana-para-dar-a-conocer-el-aparcamiento-gratuito-de-trinitarios-con-perchas-en-las-villavesas-un-cartel-en-su-ubicacion-y-cunas-de-radio\/"},"wordCount":557,"commentCount":0,"publisher":{"@id":"https:\/\/www.laguiadepamplona.com\/actualidad\/#organization"},"image":{"@id":"https:\/\/www.laguiadepamplona.com\/actualidad\/el-ayuntamiento-realiza-una-campana-para-dar-a-conocer-el-aparcamiento-gratuito-de-trinitarios-con-perchas-en-las-villavesas-un-cartel-en-su-ubicacion-y-cunas-de-radio\/#primaryimage"},"thumbnailUrl":"https:\/\/www.laguiadepamplona.com\/actualidad\/wp-content\/uploads\/2017\/11\/campa\u00f1a-aparcamiento-trinitarios-3.jpg","articleSection":["Ayto Pamplona"],"inLanguage":"es","potentialAction":[{"@type":"CommentAction","name":"Comment","target":["https:\/\/www.laguiadepamplona.com\/actualidad\/el-ayuntamiento-realiza-una-campana-para-dar-a-conocer-el-aparcamiento-gratuito-de-trinitarios-con-perchas-en-las-villavesas-un-cartel-en-su-ubicacion-y-cunas-de-radio\/#respond"]}]},{"@type":"WebPage","@id":"https:\/\/www.laguiadepamplona.com\/actualidad\/el-ayuntamiento-realiza-una-campana-para-dar-a-conocer-el-aparcamiento-gratuito-de-trinitarios-con-perchas-en-las-villavesas-un-cartel-en-su-ubicacion-y-cunas-de-radio\/","url":"https:\/\/www.laguiadepamplona.com\/actualidad\/el-ayuntamiento-realiza-una-campana-para-dar-a-conocer-el-aparcamiento-gratuito-de-trinitarios-con-perchas-en-las-villavesas-un-cartel-en-su-ubicacion-y-cunas-de-radio\/","name":"El Ayuntamiento realiza una campa\u00f1a para dar a conocer el aparcamiento gratuito de Trinitarios con perchas en las villavesas, un cartel en su ubicaci\u00f3n y cu\u00f1as de radio","isPartOf":{"@id":"https:\/\/www.laguiadepamplona.com\/actualidad\/#website"},"primaryImageOfPage":{"@id":"https:\/\/www.laguiadepamplona.com\/actualidad\/el-ayuntamiento-realiza-una-campana-para-dar-a-conocer-el-aparcamiento-gratuito-de-trinitarios-con-perchas-en-las-villavesas-un-cartel-en-su-ubicacion-y-cunas-de-radio\/#primaryimage"},"image":{"@id":"https:\/\/www.laguiadepamplona.com\/actualidad\/el-ayuntamiento-realiza-una-campana-para-dar-a-conocer-el-aparcamiento-gratuito-de-trinitarios-con-perchas-en-las-villavesas-un-cartel-en-su-ubicacion-y-cunas-de-radio\/#primaryimage"},"thumbnailUrl":"https:\/\/www.laguiadepamplona.com\/actualidad\/wp-content\/uploads\/2017\/11\/campa\u00f1a-aparcamiento-trinitarios-3.jpg","datePublished":"2017-11-23T11:22:32+00:00","dateModified":"2017-11-23T11:30:26+00:00","breadcrumb":{"@id":"https:\/\/www.laguiadepamplona.com\/actualidad\/el-ayuntamiento-realiza-una-campana-para-dar-a-conocer-el-aparcamiento-gratuito-de-trinitarios-con-perchas-en-las-villavesas-un-cartel-en-su-ubicacion-y-cunas-de-radio\/#breadcrumb"},"inLanguage":"es","potentialAction":[{"@type":"ReadAction","target":["https:\/\/www.laguiadepamplona.com\/actualidad\/el-ayuntamiento-realiza-una-campana-para-dar-a-conocer-el-aparcamiento-gratuito-de-trinitarios-con-perchas-en-las-villavesas-un-cartel-en-su-ubicacion-y-cunas-de-radio\/"]}]},{"@type":"ImageObject","inLanguage":"es","@id":"https:\/\/www.laguiadepamplona.com\/actualidad\/el-ayuntamiento-realiza-una-campana-para-dar-a-conocer-el-aparcamiento-gratuito-de-trinitarios-con-perchas-en-las-villavesas-un-cartel-en-su-ubicacion-y-cunas-de-radio\/#primaryimage","url":"https:\/\/www.laguiadepamplona.com\/actualidad\/wp-content\/uploads\/2017\/11\/campa\u00f1a-aparcamiento-trinitarios-3.jpg","contentUrl":"https:\/\/www.laguiadepamplona.com\/actualidad\/wp-content\/uploads\/2017\/11\/campa\u00f1a-aparcamiento-trinitarios-3.jpg","width":939,"height":462},{"@type":"BreadcrumbList","@id":"https:\/\/www.laguiadepamplona.com\/actualidad\/el-ayuntamiento-realiza-una-campana-para-dar-a-conocer-el-aparcamiento-gratuito-de-trinitarios-con-perchas-en-las-villavesas-un-cartel-en-su-ubicacion-y-cunas-de-radio\/#breadcrumb","itemListElement":[{"@type":"ListItem","position":1,"name":"Portada","item":"https:\/\/www.laguiadepamplona.com\/actualidad\/"},{"@type":"ListItem","position":2,"name":"El Ayuntamiento realiza una campa\u00f1a para dar a conocer el aparcamiento gratuito de Trinitarios con perchas en las villavesas, un cartel en su ubicaci\u00f3n y cu\u00f1as de radio"}]},{"@type":"WebSite","@id":"https:\/\/www.laguiadepamplona.com\/actualidad\/#website","url":"https:\/\/www.laguiadepamplona.com\/actualidad\/","name":"La gu\u00eda de Pamplona","description":"Noticias de Pamplona","publisher":{"@id":"https:\/\/www.laguiadepamplona.com\/actualidad\/#organization"},"potentialAction":[{"@type":"SearchAction","target":{"@type":"EntryPoint","urlTemplate":"https:\/\/www.laguiadepamplona.com\/actualidad\/?s={search_term_string}"},"query-input":{"@type":"PropertyValueSpecification","valueRequired":true,"valueName":"search_term_string"}}],"inLanguage":"es"},{"@type":"Organization","@id":"https:\/\/www.laguiadepamplona.com\/actualidad\/#organization","name":"La Gu\u00eda de Pamplona \/ Noticias","url":"https:\/\/www.laguiadepamplona.com\/actualidad\/","logo":{"@type":"ImageObject","inLanguage":"es","@id":"https:\/\/www.laguiadepamplona.com\/actualidad\/#\/schema\/logo\/image\/","url":"https:\/\/www.laguiadepamplona.com\/actualidad\/wp-content\/uploads\/2018\/11\/logo-laguiadepamplona18-web1.png","contentUrl":"https:\/\/www.laguiadepamplona.com\/actualidad\/wp-content\/uploads\/2018\/11\/logo-laguiadepamplona18-web1.png","width":600,"height":196,"caption":"La Gu\u00eda de Pamplona \/ Noticias"},"image":{"@id":"https:\/\/www.laguiadepamplona.com\/actualidad\/#\/schema\/logo\/image\/"},"sameAs":["https:\/\/www.facebook.com\/laguiadepamplonacom-133175176762273\/?ref=hl","https:\/\/x.com\/LaGuiadPamplona","https:\/\/www.instagram.com\/la_guia_de_pamplona\/","https:\/\/www.youtube.com\/user\/laguiadepamplona"]},{"@type":"Person","@id":"https:\/\/www.laguiadepamplona.com\/actualidad\/#\/schema\/person\/efe887376f0213d4657c93adc50b1fdb","name":"La Gu\u00eda de Pamplona","image":{"@type":"ImageObject","inLanguage":"es","@id":"https:\/\/secure.gravatar.com\/avatar\/b6992f131dc8d30ab0dff15446e9d346d9dbd95992de0fef795073f5ea83a81c?s=96&d=mm&r=g","url":"https:\/\/secure.gravatar.com\/avatar\/b6992f131dc8d30ab0dff15446e9d346d9dbd95992de0fef795073f5ea83a81c?s=96&d=mm&r=g","contentUrl":"https:\/\/secure.gravatar.com\/avatar\/b6992f131dc8d30ab0dff15446e9d346d9dbd95992de0fef795073f5ea83a81c?s=96&d=mm&r=g","caption":"La Gu\u00eda de Pamplona"}}]}},"post_mailing_queue_ids":[],"_links":{"self":[{"href":"https:\/\/www.laguiadepamplona.com\/actualidad\/wp-json\/wp\/v2\/posts\/15263","targetHints":{"allow":["GET"]}}],"collection":[{"href":"https:\/\/www.laguiadepamplona.com\/actualidad\/wp-json\/wp\/v2\/posts"}],"about":[{"href":"https:\/\/www.laguiadepamplona.com\/actualidad\/wp-json\/wp\/v2\/types\/post"}],"author":[{"embeddable":true,"href":"https:\/\/www.laguiadepamplona.com\/actualidad\/wp-json\/wp\/v2\/users\/1"}],"replies":[{"embeddable":true,"href":"https:\/\/www.laguiadepamplona.com\/actualidad\/wp-json\/wp\/v2\/comments?post=15263"}],"version-history":[{"count":0,"href":"https:\/\/www.laguiadepamplona.com\/actualidad\/wp-json\/wp\/v2\/posts\/15263\/revisions"}],"wp:featuredmedia":[{"embeddable":true,"href":"https:\/\/www.laguiadepamplona.com\/actualidad\/wp-json\/wp\/v2\/media\/15264"}],"wp:attachment":[{"href":"https:\/\/www.laguiadepamplona.com\/actualidad\/wp-json\/wp\/v2\/media?parent=15263"}],"wp:term":[{"taxonomy":"category","embeddable":true,"href":"https:\/\/www.laguiadepamplona.com\/actualidad\/wp-json\/wp\/v2\/categories?post=15263"},{"taxonomy":"post_tag","embeddable":true,"href":"https:\/\/www.laguiadepamplona.com\/actualidad\/wp-json\/wp\/v2\/tags?post=15263"}],"curies":[{"name":"wp","href":"https:\/\/api.w.org\/{rel}","templated":true}]}}