{"id":15257,"date":"2017-11-23T12:13:28","date_gmt":"2017-11-23T11:13:28","guid":{"rendered":"http:\/\/laguiadepamplona.es\/actualidad\/?p=15257"},"modified":"2017-11-23T12:13:28","modified_gmt":"2017-11-23T11:13:28","slug":"el-ayuntamiento-de-pamplona-apoyara-la-creacion-y-distribucion-de-contenidos-digitales-en-euskera-para-que-los-jovenes-euskaldunes-puedan-compartirlos-en-redes","status":"publish","type":"post","link":"https:\/\/www.laguiadepamplona.com\/actualidad\/el-ayuntamiento-de-pamplona-apoyara-la-creacion-y-distribucion-de-contenidos-digitales-en-euskera-para-que-los-jovenes-euskaldunes-puedan-compartirlos-en-redes\/","title":{"rendered":"El Ayuntamiento de Pamplona apoyar\u00e1 la creaci\u00f3n y distribuci\u00f3n de contenidos digitales en euskera para que los j\u00f3venes euskaldunes puedan compartirlos en redes"},"content":{"rendered":"<h3>Se adhiere BEITU!, una plataforma que apoyan 20 entes locales, que este viernes se presentar\u00e1 en una fiesta en la Casa de la Juventud<\/h3>\n<p><!--more--><\/p>\n<p>El Ayuntamiento de Pamplona apoyar\u00e1 este viernes la presentaci\u00f3n a BEITU!, un medio de comunicaci\u00f3n digital\/plataforma de redes en euskera dirigida a j\u00f3venes de entre 14 y 18 a\u00f1os. Se trata de que estos reciban directamente en sus m\u00f3viles contenidos relacionados con el ocio que les permitan compartirlos y generar comunidad, pero en euskera.<\/p>\n<p>La iniciativa viene a luchar contra el d\u00e9ficit de uso de esta lengua en redes detectado por la VI Encuesta Socioling\u00fc\u00edstica de la Comunidad Foral en la poblaci\u00f3n joven. El informe establece 12 puntos menos de uso del euskera, en la red respecto al empleo de ese idioma de otros \u00e1mbitos de la vida social por parte de los j\u00f3venes. BEITU! precisamente est\u00e1 dise\u00f1ado y adaptado a dispositivos m\u00f3viles para permitir la actuaci\u00f3n fluida en redes sociales, un canal especialmente utilizado por el espectro de poblaci\u00f3n juvenil.<\/p>\n<p>Esta ma\u00f1ana la concejala delegada del \u00c1rea de Desarrollo Comunitario, Esther Cremaes, y Eneritz Ansa Lasa, responsable de BEITU! y miembro de Gaztezulo, han presentado en la Casa de la Juventud el proyecto para Pamplona de este medio de comunicaci\u00f3n. En la comparecencia explicaban que BEITU!, en su primer a\u00f1o de vida, ha logrado el apoyo de 20 ayuntamientos y mancomunidades de toda Navarra y Pa\u00eds Vasco con perfiles tan diversos como los que separan San Sebasti\u00e1n o Pamplona de la Mancomunidad de Bortziri.<\/p>\n<p>Con el objetivo de dar a conocer el proyecto, informar e ir creando comunidad, este viernes 24 de noviembre habr\u00e1 una fiesta en la Casa de la Juventud de Pamplona. En ese espacio, de 17 a 21 horas, los j\u00f3venes podr\u00e1n participar en varios juegos, talleres, master clasess y pruebas, accediendo a premios como, por ejemplo, participar en una batalla de paintball, vivir un escape room, arriesgarse a una tirolina. La fiesta contar\u00e1 con photocall y un aperitivo amenizado con la m\u00fasica en directo del DJ Elepunto.<\/p>\n<p><strong>Vivir el euskera, tambi\u00e9n en la red<\/strong><\/p>\n<p>Seg\u00fan VI Encuesta Socioling\u00fc\u00edstica de la Comunidad Foral de Navarra \u2013 2016, el mayor porcentaje de vascohablantes de la Comunidad foral se concentra entre los menores de 35 a\u00f1os, sobre todo en el grupo de edad 16-24 a\u00f1os. Actualmente, es vascohablante el 25,8 % de la poblaci\u00f3n joven navarra de 16 a 24 a\u00f1os; un porcentaje que espec\u00edficamente para Pamplona es del 25,1% de j\u00f3venes en esta franja de edad. Y sin embargo entre los m\u00e1s j\u00f3venes el uso frecuente del euskera en redes es solo del 13%, 12 puntos menos.<\/p>\n<p>Fue San Sebasti\u00e1n el a\u00f1o pasado la primera ciudad en apostar por BEITU!, una plataforma digital (no una app) que se adecua a las nuevas tecnolog\u00edas y que integra varias redes. Su nombre provienen de una contracci\u00f3n de la palabra en euskera \u2018begiratu\u2019, que significa \u2018mira\u2019.<\/p>\n<p>Tras darse de alta en el servicio, los j\u00f3venes recibir\u00e1n mensualmente en sus m\u00f3viles contenidos relacionados con el ocio que generalmente consumen v\u00eda WhatsApp: entrevistas, v\u00eddeos, humor, etc. La idea es hacer uso de un lenguaje directo y claro, adaptado a esa franja de edad y al canal por el que se distribuye el mensaje.<\/p>\n<p>Existe una red de colaboradores de BEITU! que integra desde youtubers como Ane Atxutegi y Telmo Trenado, a otros profesionales como el ilustrador Mr. Euskaldun, el experto en nuevas tecnolog\u00edas Xabi Martin del proyecto Iparra.eus. Todos ellos se encargan de preparar contenidos\u00a0 y dinamizarlos. Por ejemplo, gracias al canal Instagram -@beitu_insta- desde esta plataforma se mantiene una relaci\u00f3n directa y constante con los seguidores, tratando de recoger a diario los intereses, opiniones y dudas de quienes consultan. Como segundo ejemplo, en Spotify, la plataforma tiene creada una lista, apostando principalmente por grupos euskaldunes del panorama musical local.<\/p>\n<p><strong>C\u00f3mo darse de alta en el servicio o colaborar con \u00e9l<\/strong><\/p>\n<p>A partir de hoy queda abierta la inscripci\u00f3n al servicio, que es de car\u00e1cter gratuito. Se puede hacer entrando en la portada de la cuenta de Instagram y haciendo clic en el enlace, o visitando directamente la p\u00e1gina web gaztezulo.eus\/beitu. Una vez rellenados los datos, el usuario se convertir\u00e1 en miembro de la comunidad BEITU! y recibir\u00e1 los env\u00edos mensuales.<\/p>\n<p>Si alg\u00fan joven internauta est\u00e1 interesado en colaborar, m\u00e1s all\u00e1 de compartir contenidos, para generar mensajes propios, BEITU! ha puesto en marcha un concurso de talentos. Solo hace falta escribir a <a href=\"mailto:beitu@gaztezulo.eus\">beitu@gaztezulo.eus<\/a> explicando cu\u00e1l es la propuesta de contenidos que le gustar\u00eda trabajar para la comunidad de euskaldunes.<\/p>\n<p>Hoy BEITU! trabaja con 50 institutos de Pa\u00eds Vasco y cuenta ya con m\u00e1s de 1.000 seguidores en Instagram. En los \u00faltimos dos meses la plataforma ha recibido 700 inscripciones, 400 de ellas de Navarra.<\/p>\n<p><strong>Una fiesta informativa para crear \u2018comunidad\u2019<\/strong><\/p>\n<p>La presentaci\u00f3n de BEITU! a los j\u00f3venes interesados se har\u00e1 este viernes en una fiesta en la Casa de la Juventud. La sesi\u00f3n de informaci\u00f3n tendr\u00e1 lugar de 17.30 a 18.30 horas. A lo largo de la tarde tendr\u00e1n ligar dos talleres (18.30 y 19.30 horas), una master class de Hip Hop (18.30 horas) y una sesi\u00f3n de Dj Elepunto (19.30 horas).<\/p>\n<p>Los talleres de manualidades ser\u00e1n dos. El primero de confecci\u00f3n de marcap\u00e1ginas con recortables, pegatinas etc., a cargo de Oihane Txokarro, una graduada en Bellas Artes especializada en dise\u00f1o gr\u00e1fico y comunicaci\u00f3n visual que, adem\u00e1s, ha impartido cursos de grafiti tanto sola como con Jabier Landa (Corte), del colectivo Cantama\u00f1anas. El segundo taller ser\u00e1 de dise\u00f1o y producci\u00f3n de chapas y que permitir\u00e1 plasmar en un di\u00e1metro de 38 mm. cualquier tipo de idea. Ser\u00e1 impartido por Patxi Huarte, licenciado en Bellas Artes por la UPV\/EHU y monitor de manualidades en diversos ayuntamientos y casas de la juventud, adem\u00e1s de en Centro Penitenciario de Pamplona.<\/p>\n<p>El Hip Hop tendr\u00e1 espacio en la Casa de la mano de Naia Alduntzin, componente de la compa\u00f1\u00eda Breathless, con la que ha participado en numerosos eventos y competiciones. Se ha formado en diferentes pa\u00edses con profesionales de la danza urbana y actualmente imparte clases en Breathless Dance Center.<\/p>\n<p>El Dj ser\u00e1 Txomin L. Aramaio, con una trayectoria de 20 a\u00f1os como dj en fiestas de pueblos del Pa\u00eds Vasco, principalmente en su pueblo natal Ondarroa. Suele realizar sesiones en el Jimmy Jazz en Vitoria-Gasteiz y este a\u00f1o tiene confirmadas sesiones en Bilbao (kafe Antzoki) y Pamplona (Zentral).<\/p>\n<p><strong>Fiesta de presentaci\u00f3n de BEITU!<\/strong><\/p>\n<ul>\n<li>00 a 17.30 horas. Photocall<\/li>\n<li>30 a 18.30 horas. Juegos y presentaci\u00f3n<\/li>\n<li>30 a 19.30 horas. Taller de manualidades, a cargo de Oihane Txokarro<\/li>\n<li>30 A 19.30 horas. Masterclass de hip hop, a cargo de Naia Alduntzin<\/li>\n<li>30 a 21 horas. Sesi\u00f3n Txomin L. Aramaio ( Dj Elepunto)<\/li>\n<li>30 a 20.30 horas. Taller de chapas, a cargo de Patxi Huarte<\/li>\n<li>30 a 21 horas. Lunch en la cafeter\u00eda<\/li>\n<\/ul>\n<p>&nbsp;<\/p>\n","protected":false},"excerpt":{"rendered":"<p>Se adhiere BEITU!, una plataforma que apoyan 20 entes locales, que este viernes se presentar\u00e1 en una fiesta en la Casa de la Juventud<\/p>\n","protected":false},"author":1,"featured_media":15258,"comment_status":"open","ping_status":"closed","sticky":false,"template":"","format":"standard","meta":{"footnotes":""},"categories":[2],"tags":[],"class_list":["post-15257","post","type-post","status-publish","format-standard","has-post-thumbnail","hentry","category-ayuntamiento-pamplona"],"yoast_head":"<!-- This site is optimized with the Yoast SEO plugin v27.5 - https:\/\/yoast.com\/product\/yoast-seo-wordpress\/ -->\n<title>El Ayuntamiento de Pamplona apoyar\u00e1 la creaci\u00f3n y distribuci\u00f3n de contenidos digitales en euskera para que los j\u00f3venes euskaldunes puedan compartirlos en redes<\/title>\n<meta name=\"robots\" content=\"index, follow, max-snippet:-1, max-image-preview:large, max-video-preview:-1\" \/>\n<link rel=\"canonical\" href=\"https:\/\/www.laguiadepamplona.com\/actualidad\/el-ayuntamiento-de-pamplona-apoyara-la-creacion-y-distribucion-de-contenidos-digitales-en-euskera-para-que-los-jovenes-euskaldunes-puedan-compartirlos-en-redes\/\" \/>\n<meta property=\"og:locale\" content=\"es_ES\" \/>\n<meta property=\"og:type\" content=\"article\" \/>\n<meta property=\"og:title\" content=\"El Ayuntamiento de Pamplona apoyar\u00e1 la creaci\u00f3n y distribuci\u00f3n de contenidos digitales en euskera para que los j\u00f3venes euskaldunes puedan compartirlos en redes\" \/>\n<meta property=\"og:description\" content=\"Se adhiere BEITU!, una plataforma que apoyan 20 entes locales, que este viernes se presentar\u00e1 en una fiesta en la Casa de la Juventud\" \/>\n<meta property=\"og:url\" content=\"https:\/\/www.laguiadepamplona.com\/actualidad\/el-ayuntamiento-de-pamplona-apoyara-la-creacion-y-distribucion-de-contenidos-digitales-en-euskera-para-que-los-jovenes-euskaldunes-puedan-compartirlos-en-redes\/\" \/>\n<meta property=\"og:site_name\" content=\"La Gu\u00eda de Pamplona\" \/>\n<meta property=\"article:publisher\" content=\"https:\/\/www.facebook.com\/laguiadepamplonacom-133175176762273\/?ref=hl\" \/>\n<meta property=\"article:published_time\" content=\"2017-11-23T11:13:28+00:00\" \/>\n<meta property=\"og:image\" content=\"https:\/\/www.laguiadepamplona.com\/actualidad\/wp-content\/uploads\/2017\/11\/17.11.23_presentaci\u00f3n-Beitu.jpg\" \/>\n\t<meta property=\"og:image:width\" content=\"1000\" \/>\n\t<meta property=\"og:image:height\" content=\"750\" \/>\n\t<meta property=\"og:image:type\" content=\"image\/jpeg\" \/>\n<meta name=\"author\" content=\"La Gu\u00eda de Pamplona\" \/>\n<meta name=\"twitter:card\" content=\"summary_large_image\" \/>\n<meta name=\"twitter:creator\" content=\"@LaGuiadPamplona\" \/>\n<meta name=\"twitter:site\" content=\"@LaGuiadPamplona\" \/>\n<meta name=\"twitter:label1\" content=\"Escrito por\" \/>\n\t<meta name=\"twitter:data1\" content=\"La Gu\u00eda de Pamplona\" \/>\n\t<meta name=\"twitter:label2\" content=\"Tiempo de lectura\" \/>\n\t<meta name=\"twitter:data2\" content=\"6 minutos\" \/>\n<script type=\"application\/ld+json\" class=\"yoast-schema-graph\">{\"@context\":\"https:\\\/\\\/schema.org\",\"@graph\":[{\"@type\":\"Article\",\"@id\":\"https:\\\/\\\/www.laguiadepamplona.com\\\/actualidad\\\/el-ayuntamiento-de-pamplona-apoyara-la-creacion-y-distribucion-de-contenidos-digitales-en-euskera-para-que-los-jovenes-euskaldunes-puedan-compartirlos-en-redes\\\/#article\",\"isPartOf\":{\"@id\":\"https:\\\/\\\/www.laguiadepamplona.com\\\/actualidad\\\/el-ayuntamiento-de-pamplona-apoyara-la-creacion-y-distribucion-de-contenidos-digitales-en-euskera-para-que-los-jovenes-euskaldunes-puedan-compartirlos-en-redes\\\/\"},\"author\":{\"name\":\"La Gu\u00eda de Pamplona\",\"@id\":\"https:\\\/\\\/www.laguiadepamplona.com\\\/actualidad\\\/#\\\/schema\\\/person\\\/efe887376f0213d4657c93adc50b1fdb\"},\"headline\":\"El Ayuntamiento de Pamplona apoyar\u00e1 la creaci\u00f3n y distribuci\u00f3n de contenidos digitales en euskera para que los j\u00f3venes euskaldunes puedan compartirlos en redes\",\"datePublished\":\"2017-11-23T11:13:28+00:00\",\"mainEntityOfPage\":{\"@id\":\"https:\\\/\\\/www.laguiadepamplona.com\\\/actualidad\\\/el-ayuntamiento-de-pamplona-apoyara-la-creacion-y-distribucion-de-contenidos-digitales-en-euskera-para-que-los-jovenes-euskaldunes-puedan-compartirlos-en-redes\\\/\"},\"wordCount\":1202,\"commentCount\":0,\"publisher\":{\"@id\":\"https:\\\/\\\/www.laguiadepamplona.com\\\/actualidad\\\/#organization\"},\"image\":{\"@id\":\"https:\\\/\\\/www.laguiadepamplona.com\\\/actualidad\\\/el-ayuntamiento-de-pamplona-apoyara-la-creacion-y-distribucion-de-contenidos-digitales-en-euskera-para-que-los-jovenes-euskaldunes-puedan-compartirlos-en-redes\\\/#primaryimage\"},\"thumbnailUrl\":\"https:\\\/\\\/www.laguiadepamplona.com\\\/actualidad\\\/wp-content\\\/uploads\\\/2017\\\/11\\\/17.11.23_presentaci\u00f3n-Beitu.jpg\",\"articleSection\":[\"Ayto Pamplona\"],\"inLanguage\":\"es\",\"potentialAction\":[{\"@type\":\"CommentAction\",\"name\":\"Comment\",\"target\":[\"https:\\\/\\\/www.laguiadepamplona.com\\\/actualidad\\\/el-ayuntamiento-de-pamplona-apoyara-la-creacion-y-distribucion-de-contenidos-digitales-en-euskera-para-que-los-jovenes-euskaldunes-puedan-compartirlos-en-redes\\\/#respond\"]}]},{\"@type\":\"WebPage\",\"@id\":\"https:\\\/\\\/www.laguiadepamplona.com\\\/actualidad\\\/el-ayuntamiento-de-pamplona-apoyara-la-creacion-y-distribucion-de-contenidos-digitales-en-euskera-para-que-los-jovenes-euskaldunes-puedan-compartirlos-en-redes\\\/\",\"url\":\"https:\\\/\\\/www.laguiadepamplona.com\\\/actualidad\\\/el-ayuntamiento-de-pamplona-apoyara-la-creacion-y-distribucion-de-contenidos-digitales-en-euskera-para-que-los-jovenes-euskaldunes-puedan-compartirlos-en-redes\\\/\",\"name\":\"El Ayuntamiento de Pamplona apoyar\u00e1 la creaci\u00f3n y distribuci\u00f3n de contenidos digitales en euskera para que los j\u00f3venes euskaldunes puedan compartirlos en redes\",\"isPartOf\":{\"@id\":\"https:\\\/\\\/www.laguiadepamplona.com\\\/actualidad\\\/#website\"},\"primaryImageOfPage\":{\"@id\":\"https:\\\/\\\/www.laguiadepamplona.com\\\/actualidad\\\/el-ayuntamiento-de-pamplona-apoyara-la-creacion-y-distribucion-de-contenidos-digitales-en-euskera-para-que-los-jovenes-euskaldunes-puedan-compartirlos-en-redes\\\/#primaryimage\"},\"image\":{\"@id\":\"https:\\\/\\\/www.laguiadepamplona.com\\\/actualidad\\\/el-ayuntamiento-de-pamplona-apoyara-la-creacion-y-distribucion-de-contenidos-digitales-en-euskera-para-que-los-jovenes-euskaldunes-puedan-compartirlos-en-redes\\\/#primaryimage\"},\"thumbnailUrl\":\"https:\\\/\\\/www.laguiadepamplona.com\\\/actualidad\\\/wp-content\\\/uploads\\\/2017\\\/11\\\/17.11.23_presentaci\u00f3n-Beitu.jpg\",\"datePublished\":\"2017-11-23T11:13:28+00:00\",\"breadcrumb\":{\"@id\":\"https:\\\/\\\/www.laguiadepamplona.com\\\/actualidad\\\/el-ayuntamiento-de-pamplona-apoyara-la-creacion-y-distribucion-de-contenidos-digitales-en-euskera-para-que-los-jovenes-euskaldunes-puedan-compartirlos-en-redes\\\/#breadcrumb\"},\"inLanguage\":\"es\",\"potentialAction\":[{\"@type\":\"ReadAction\",\"target\":[\"https:\\\/\\\/www.laguiadepamplona.com\\\/actualidad\\\/el-ayuntamiento-de-pamplona-apoyara-la-creacion-y-distribucion-de-contenidos-digitales-en-euskera-para-que-los-jovenes-euskaldunes-puedan-compartirlos-en-redes\\\/\"]}]},{\"@type\":\"ImageObject\",\"inLanguage\":\"es\",\"@id\":\"https:\\\/\\\/www.laguiadepamplona.com\\\/actualidad\\\/el-ayuntamiento-de-pamplona-apoyara-la-creacion-y-distribucion-de-contenidos-digitales-en-euskera-para-que-los-jovenes-euskaldunes-puedan-compartirlos-en-redes\\\/#primaryimage\",\"url\":\"https:\\\/\\\/www.laguiadepamplona.com\\\/actualidad\\\/wp-content\\\/uploads\\\/2017\\\/11\\\/17.11.23_presentaci\u00f3n-Beitu.jpg\",\"contentUrl\":\"https:\\\/\\\/www.laguiadepamplona.com\\\/actualidad\\\/wp-content\\\/uploads\\\/2017\\\/11\\\/17.11.23_presentaci\u00f3n-Beitu.jpg\",\"width\":1000,\"height\":750,\"caption\":\"dav\"},{\"@type\":\"BreadcrumbList\",\"@id\":\"https:\\\/\\\/www.laguiadepamplona.com\\\/actualidad\\\/el-ayuntamiento-de-pamplona-apoyara-la-creacion-y-distribucion-de-contenidos-digitales-en-euskera-para-que-los-jovenes-euskaldunes-puedan-compartirlos-en-redes\\\/#breadcrumb\",\"itemListElement\":[{\"@type\":\"ListItem\",\"position\":1,\"name\":\"Portada\",\"item\":\"https:\\\/\\\/www.laguiadepamplona.com\\\/actualidad\\\/\"},{\"@type\":\"ListItem\",\"position\":2,\"name\":\"El Ayuntamiento de Pamplona apoyar\u00e1 la creaci\u00f3n y distribuci\u00f3n de contenidos digitales en euskera para que los j\u00f3venes euskaldunes puedan compartirlos en redes\"}]},{\"@type\":\"WebSite\",\"@id\":\"https:\\\/\\\/www.laguiadepamplona.com\\\/actualidad\\\/#website\",\"url\":\"https:\\\/\\\/www.laguiadepamplona.com\\\/actualidad\\\/\",\"name\":\"La gu\u00eda de Pamplona\",\"description\":\"Noticias de Pamplona\",\"publisher\":{\"@id\":\"https:\\\/\\\/www.laguiadepamplona.com\\\/actualidad\\\/#organization\"},\"potentialAction\":[{\"@type\":\"SearchAction\",\"target\":{\"@type\":\"EntryPoint\",\"urlTemplate\":\"https:\\\/\\\/www.laguiadepamplona.com\\\/actualidad\\\/?s={search_term_string}\"},\"query-input\":{\"@type\":\"PropertyValueSpecification\",\"valueRequired\":true,\"valueName\":\"search_term_string\"}}],\"inLanguage\":\"es\"},{\"@type\":\"Organization\",\"@id\":\"https:\\\/\\\/www.laguiadepamplona.com\\\/actualidad\\\/#organization\",\"name\":\"La Gu\u00eda de Pamplona \\\/ Noticias\",\"url\":\"https:\\\/\\\/www.laguiadepamplona.com\\\/actualidad\\\/\",\"logo\":{\"@type\":\"ImageObject\",\"inLanguage\":\"es\",\"@id\":\"https:\\\/\\\/www.laguiadepamplona.com\\\/actualidad\\\/#\\\/schema\\\/logo\\\/image\\\/\",\"url\":\"https:\\\/\\\/www.laguiadepamplona.com\\\/actualidad\\\/wp-content\\\/uploads\\\/2018\\\/11\\\/logo-laguiadepamplona18-web1.png\",\"contentUrl\":\"https:\\\/\\\/www.laguiadepamplona.com\\\/actualidad\\\/wp-content\\\/uploads\\\/2018\\\/11\\\/logo-laguiadepamplona18-web1.png\",\"width\":600,\"height\":196,\"caption\":\"La Gu\u00eda de Pamplona \\\/ Noticias\"},\"image\":{\"@id\":\"https:\\\/\\\/www.laguiadepamplona.com\\\/actualidad\\\/#\\\/schema\\\/logo\\\/image\\\/\"},\"sameAs\":[\"https:\\\/\\\/www.facebook.com\\\/laguiadepamplonacom-133175176762273\\\/?ref=hl\",\"https:\\\/\\\/x.com\\\/LaGuiadPamplona\",\"https:\\\/\\\/www.instagram.com\\\/la_guia_de_pamplona\\\/\",\"https:\\\/\\\/www.youtube.com\\\/user\\\/laguiadepamplona\"]},{\"@type\":\"Person\",\"@id\":\"https:\\\/\\\/www.laguiadepamplona.com\\\/actualidad\\\/#\\\/schema\\\/person\\\/efe887376f0213d4657c93adc50b1fdb\",\"name\":\"La Gu\u00eda de Pamplona\",\"image\":{\"@type\":\"ImageObject\",\"inLanguage\":\"es\",\"@id\":\"https:\\\/\\\/secure.gravatar.com\\\/avatar\\\/b6992f131dc8d30ab0dff15446e9d346d9dbd95992de0fef795073f5ea83a81c?s=96&d=mm&r=g\",\"url\":\"https:\\\/\\\/secure.gravatar.com\\\/avatar\\\/b6992f131dc8d30ab0dff15446e9d346d9dbd95992de0fef795073f5ea83a81c?s=96&d=mm&r=g\",\"contentUrl\":\"https:\\\/\\\/secure.gravatar.com\\\/avatar\\\/b6992f131dc8d30ab0dff15446e9d346d9dbd95992de0fef795073f5ea83a81c?s=96&d=mm&r=g\",\"caption\":\"La Gu\u00eda de Pamplona\"}}]}<\/script>\n<!-- \/ Yoast SEO plugin. -->","yoast_head_json":{"title":"El Ayuntamiento de Pamplona apoyar\u00e1 la creaci\u00f3n y distribuci\u00f3n de contenidos digitales en euskera para que los j\u00f3venes euskaldunes puedan compartirlos en redes","robots":{"index":"index","follow":"follow","max-snippet":"max-snippet:-1","max-image-preview":"max-image-preview:large","max-video-preview":"max-video-preview:-1"},"canonical":"https:\/\/www.laguiadepamplona.com\/actualidad\/el-ayuntamiento-de-pamplona-apoyara-la-creacion-y-distribucion-de-contenidos-digitales-en-euskera-para-que-los-jovenes-euskaldunes-puedan-compartirlos-en-redes\/","og_locale":"es_ES","og_type":"article","og_title":"El Ayuntamiento de Pamplona apoyar\u00e1 la creaci\u00f3n y distribuci\u00f3n de contenidos digitales en euskera para que los j\u00f3venes euskaldunes puedan compartirlos en redes","og_description":"Se adhiere BEITU!, una plataforma que apoyan 20 entes locales, que este viernes se presentar\u00e1 en una fiesta en la Casa de la Juventud","og_url":"https:\/\/www.laguiadepamplona.com\/actualidad\/el-ayuntamiento-de-pamplona-apoyara-la-creacion-y-distribucion-de-contenidos-digitales-en-euskera-para-que-los-jovenes-euskaldunes-puedan-compartirlos-en-redes\/","og_site_name":"La Gu\u00eda de Pamplona","article_publisher":"https:\/\/www.facebook.com\/laguiadepamplonacom-133175176762273\/?ref=hl","article_published_time":"2017-11-23T11:13:28+00:00","og_image":[{"width":1000,"height":750,"url":"https:\/\/www.laguiadepamplona.com\/actualidad\/wp-content\/uploads\/2017\/11\/17.11.23_presentaci\u00f3n-Beitu.jpg","type":"image\/jpeg"}],"author":"La Gu\u00eda de Pamplona","twitter_card":"summary_large_image","twitter_creator":"@LaGuiadPamplona","twitter_site":"@LaGuiadPamplona","twitter_misc":{"Escrito por":"La Gu\u00eda de Pamplona","Tiempo de lectura":"6 minutos"},"schema":{"@context":"https:\/\/schema.org","@graph":[{"@type":"Article","@id":"https:\/\/www.laguiadepamplona.com\/actualidad\/el-ayuntamiento-de-pamplona-apoyara-la-creacion-y-distribucion-de-contenidos-digitales-en-euskera-para-que-los-jovenes-euskaldunes-puedan-compartirlos-en-redes\/#article","isPartOf":{"@id":"https:\/\/www.laguiadepamplona.com\/actualidad\/el-ayuntamiento-de-pamplona-apoyara-la-creacion-y-distribucion-de-contenidos-digitales-en-euskera-para-que-los-jovenes-euskaldunes-puedan-compartirlos-en-redes\/"},"author":{"name":"La Gu\u00eda de Pamplona","@id":"https:\/\/www.laguiadepamplona.com\/actualidad\/#\/schema\/person\/efe887376f0213d4657c93adc50b1fdb"},"headline":"El Ayuntamiento de Pamplona apoyar\u00e1 la creaci\u00f3n y distribuci\u00f3n de contenidos digitales en euskera para que los j\u00f3venes euskaldunes puedan compartirlos en redes","datePublished":"2017-11-23T11:13:28+00:00","mainEntityOfPage":{"@id":"https:\/\/www.laguiadepamplona.com\/actualidad\/el-ayuntamiento-de-pamplona-apoyara-la-creacion-y-distribucion-de-contenidos-digitales-en-euskera-para-que-los-jovenes-euskaldunes-puedan-compartirlos-en-redes\/"},"wordCount":1202,"commentCount":0,"publisher":{"@id":"https:\/\/www.laguiadepamplona.com\/actualidad\/#organization"},"image":{"@id":"https:\/\/www.laguiadepamplona.com\/actualidad\/el-ayuntamiento-de-pamplona-apoyara-la-creacion-y-distribucion-de-contenidos-digitales-en-euskera-para-que-los-jovenes-euskaldunes-puedan-compartirlos-en-redes\/#primaryimage"},"thumbnailUrl":"https:\/\/www.laguiadepamplona.com\/actualidad\/wp-content\/uploads\/2017\/11\/17.11.23_presentaci\u00f3n-Beitu.jpg","articleSection":["Ayto Pamplona"],"inLanguage":"es","potentialAction":[{"@type":"CommentAction","name":"Comment","target":["https:\/\/www.laguiadepamplona.com\/actualidad\/el-ayuntamiento-de-pamplona-apoyara-la-creacion-y-distribucion-de-contenidos-digitales-en-euskera-para-que-los-jovenes-euskaldunes-puedan-compartirlos-en-redes\/#respond"]}]},{"@type":"WebPage","@id":"https:\/\/www.laguiadepamplona.com\/actualidad\/el-ayuntamiento-de-pamplona-apoyara-la-creacion-y-distribucion-de-contenidos-digitales-en-euskera-para-que-los-jovenes-euskaldunes-puedan-compartirlos-en-redes\/","url":"https:\/\/www.laguiadepamplona.com\/actualidad\/el-ayuntamiento-de-pamplona-apoyara-la-creacion-y-distribucion-de-contenidos-digitales-en-euskera-para-que-los-jovenes-euskaldunes-puedan-compartirlos-en-redes\/","name":"El Ayuntamiento de Pamplona apoyar\u00e1 la creaci\u00f3n y distribuci\u00f3n de contenidos digitales en euskera para que los j\u00f3venes euskaldunes puedan compartirlos en redes","isPartOf":{"@id":"https:\/\/www.laguiadepamplona.com\/actualidad\/#website"},"primaryImageOfPage":{"@id":"https:\/\/www.laguiadepamplona.com\/actualidad\/el-ayuntamiento-de-pamplona-apoyara-la-creacion-y-distribucion-de-contenidos-digitales-en-euskera-para-que-los-jovenes-euskaldunes-puedan-compartirlos-en-redes\/#primaryimage"},"image":{"@id":"https:\/\/www.laguiadepamplona.com\/actualidad\/el-ayuntamiento-de-pamplona-apoyara-la-creacion-y-distribucion-de-contenidos-digitales-en-euskera-para-que-los-jovenes-euskaldunes-puedan-compartirlos-en-redes\/#primaryimage"},"thumbnailUrl":"https:\/\/www.laguiadepamplona.com\/actualidad\/wp-content\/uploads\/2017\/11\/17.11.23_presentaci\u00f3n-Beitu.jpg","datePublished":"2017-11-23T11:13:28+00:00","breadcrumb":{"@id":"https:\/\/www.laguiadepamplona.com\/actualidad\/el-ayuntamiento-de-pamplona-apoyara-la-creacion-y-distribucion-de-contenidos-digitales-en-euskera-para-que-los-jovenes-euskaldunes-puedan-compartirlos-en-redes\/#breadcrumb"},"inLanguage":"es","potentialAction":[{"@type":"ReadAction","target":["https:\/\/www.laguiadepamplona.com\/actualidad\/el-ayuntamiento-de-pamplona-apoyara-la-creacion-y-distribucion-de-contenidos-digitales-en-euskera-para-que-los-jovenes-euskaldunes-puedan-compartirlos-en-redes\/"]}]},{"@type":"ImageObject","inLanguage":"es","@id":"https:\/\/www.laguiadepamplona.com\/actualidad\/el-ayuntamiento-de-pamplona-apoyara-la-creacion-y-distribucion-de-contenidos-digitales-en-euskera-para-que-los-jovenes-euskaldunes-puedan-compartirlos-en-redes\/#primaryimage","url":"https:\/\/www.laguiadepamplona.com\/actualidad\/wp-content\/uploads\/2017\/11\/17.11.23_presentaci\u00f3n-Beitu.jpg","contentUrl":"https:\/\/www.laguiadepamplona.com\/actualidad\/wp-content\/uploads\/2017\/11\/17.11.23_presentaci\u00f3n-Beitu.jpg","width":1000,"height":750,"caption":"dav"},{"@type":"BreadcrumbList","@id":"https:\/\/www.laguiadepamplona.com\/actualidad\/el-ayuntamiento-de-pamplona-apoyara-la-creacion-y-distribucion-de-contenidos-digitales-en-euskera-para-que-los-jovenes-euskaldunes-puedan-compartirlos-en-redes\/#breadcrumb","itemListElement":[{"@type":"ListItem","position":1,"name":"Portada","item":"https:\/\/www.laguiadepamplona.com\/actualidad\/"},{"@type":"ListItem","position":2,"name":"El Ayuntamiento de Pamplona apoyar\u00e1 la creaci\u00f3n y distribuci\u00f3n de contenidos digitales en euskera para que los j\u00f3venes euskaldunes puedan compartirlos en redes"}]},{"@type":"WebSite","@id":"https:\/\/www.laguiadepamplona.com\/actualidad\/#website","url":"https:\/\/www.laguiadepamplona.com\/actualidad\/","name":"La gu\u00eda de Pamplona","description":"Noticias de Pamplona","publisher":{"@id":"https:\/\/www.laguiadepamplona.com\/actualidad\/#organization"},"potentialAction":[{"@type":"SearchAction","target":{"@type":"EntryPoint","urlTemplate":"https:\/\/www.laguiadepamplona.com\/actualidad\/?s={search_term_string}"},"query-input":{"@type":"PropertyValueSpecification","valueRequired":true,"valueName":"search_term_string"}}],"inLanguage":"es"},{"@type":"Organization","@id":"https:\/\/www.laguiadepamplona.com\/actualidad\/#organization","name":"La Gu\u00eda de Pamplona \/ Noticias","url":"https:\/\/www.laguiadepamplona.com\/actualidad\/","logo":{"@type":"ImageObject","inLanguage":"es","@id":"https:\/\/www.laguiadepamplona.com\/actualidad\/#\/schema\/logo\/image\/","url":"https:\/\/www.laguiadepamplona.com\/actualidad\/wp-content\/uploads\/2018\/11\/logo-laguiadepamplona18-web1.png","contentUrl":"https:\/\/www.laguiadepamplona.com\/actualidad\/wp-content\/uploads\/2018\/11\/logo-laguiadepamplona18-web1.png","width":600,"height":196,"caption":"La Gu\u00eda de Pamplona \/ Noticias"},"image":{"@id":"https:\/\/www.laguiadepamplona.com\/actualidad\/#\/schema\/logo\/image\/"},"sameAs":["https:\/\/www.facebook.com\/laguiadepamplonacom-133175176762273\/?ref=hl","https:\/\/x.com\/LaGuiadPamplona","https:\/\/www.instagram.com\/la_guia_de_pamplona\/","https:\/\/www.youtube.com\/user\/laguiadepamplona"]},{"@type":"Person","@id":"https:\/\/www.laguiadepamplona.com\/actualidad\/#\/schema\/person\/efe887376f0213d4657c93adc50b1fdb","name":"La Gu\u00eda de Pamplona","image":{"@type":"ImageObject","inLanguage":"es","@id":"https:\/\/secure.gravatar.com\/avatar\/b6992f131dc8d30ab0dff15446e9d346d9dbd95992de0fef795073f5ea83a81c?s=96&d=mm&r=g","url":"https:\/\/secure.gravatar.com\/avatar\/b6992f131dc8d30ab0dff15446e9d346d9dbd95992de0fef795073f5ea83a81c?s=96&d=mm&r=g","contentUrl":"https:\/\/secure.gravatar.com\/avatar\/b6992f131dc8d30ab0dff15446e9d346d9dbd95992de0fef795073f5ea83a81c?s=96&d=mm&r=g","caption":"La Gu\u00eda de Pamplona"}}]}},"post_mailing_queue_ids":[],"_links":{"self":[{"href":"https:\/\/www.laguiadepamplona.com\/actualidad\/wp-json\/wp\/v2\/posts\/15257","targetHints":{"allow":["GET"]}}],"collection":[{"href":"https:\/\/www.laguiadepamplona.com\/actualidad\/wp-json\/wp\/v2\/posts"}],"about":[{"href":"https:\/\/www.laguiadepamplona.com\/actualidad\/wp-json\/wp\/v2\/types\/post"}],"author":[{"embeddable":true,"href":"https:\/\/www.laguiadepamplona.com\/actualidad\/wp-json\/wp\/v2\/users\/1"}],"replies":[{"embeddable":true,"href":"https:\/\/www.laguiadepamplona.com\/actualidad\/wp-json\/wp\/v2\/comments?post=15257"}],"version-history":[{"count":0,"href":"https:\/\/www.laguiadepamplona.com\/actualidad\/wp-json\/wp\/v2\/posts\/15257\/revisions"}],"wp:featuredmedia":[{"embeddable":true,"href":"https:\/\/www.laguiadepamplona.com\/actualidad\/wp-json\/wp\/v2\/media\/15258"}],"wp:attachment":[{"href":"https:\/\/www.laguiadepamplona.com\/actualidad\/wp-json\/wp\/v2\/media?parent=15257"}],"wp:term":[{"taxonomy":"category","embeddable":true,"href":"https:\/\/www.laguiadepamplona.com\/actualidad\/wp-json\/wp\/v2\/categories?post=15257"},{"taxonomy":"post_tag","embeddable":true,"href":"https:\/\/www.laguiadepamplona.com\/actualidad\/wp-json\/wp\/v2\/tags?post=15257"}],"curies":[{"name":"wp","href":"https:\/\/api.w.org\/{rel}","templated":true}]}}