{"id":15251,"date":"2017-11-22T15:58:11","date_gmt":"2017-11-22T14:58:11","guid":{"rendered":"http:\/\/laguiadepamplona.es\/actualidad\/?p=15251"},"modified":"2017-11-22T15:58:11","modified_gmt":"2017-11-22T14:58:11","slug":"en-abril-los-fosos-de-la-ciudadela-acogeran-10-jardines-efimeros-creados-y-construidos-por-jovenes-con-el-apoyo-tecnico-de-jardineros-de-toda-navarra","status":"publish","type":"post","link":"https:\/\/www.laguiadepamplona.com\/actualidad\/en-abril-los-fosos-de-la-ciudadela-acogeran-10-jardines-efimeros-creados-y-construidos-por-jovenes-con-el-apoyo-tecnico-de-jardineros-de-toda-navarra\/","title":{"rendered":"En abril los fosos de la Ciudadela acoger\u00e1n 10 jardines ef\u00edmeros creados y construidos por j\u00f3venes, con el apoyo t\u00e9cnico de jardineros de toda Navarra"},"content":{"rendered":"<h3>Naturart permitir\u00e1 convertir en dise\u00f1adores de jardines a estudiantes a partir de 12 a\u00f1os y mostrar su pericia a profesionales de otros Consistorios<\/h3>\n<p><!--more--><\/p>\n<p>El Ayuntamiento de Pamplona sigue apostando por los jardines ef\u00edmeros y la participaci\u00f3n y en abril los fosos de La Ciudadela ser\u00e1n una muestra de lo que los centros de Secundaria, Bachiller y FP de la ciudad y los Servicios de Jardiner\u00eda de las entidades locales de Navarra saben hacer. Esta ma\u00f1ana se ha presentado el proyecto Naturart, una propuesta transversal que busca la creaci\u00f3n cada a\u00f1o de proyectos art\u00edsticos \u00fanicos y ef\u00edmeros que giren sobre un eje tem\u00e1tico. El motivo elegido este a\u00f1o es El Universo.<\/p>\n<p>La concejala delegada de Cultura y Educaci\u00f3n, Maider Beloki, acompa\u00f1ada por Mikel Baztan, director t\u00e9cnico del Servicio de Parques, Jardines y Zonas Verdes del \u00c1rea Ciudad Habitable y Vivienda, han explicado las l\u00edneas generales de este Festival de Jardiner\u00eda Urbana que entronca con Hiriartea, el proyecto de arte contempor\u00e1neo en la Ciudadela. Ser\u00e1n esas \u00e1reas las que se encarguen del apoyo material y art\u00edstico, la coordinaci\u00f3n y la selecci\u00f3n de los proyectos finales, que se podr\u00e1n ver en el mes de abril.<\/p>\n<p>Los centros escolares que se inscriban antes de final de a\u00f1o deber\u00e1n presentar para el mes de febrero una maqueta f\u00edsica o electr\u00f3nica y un plano de ejecuci\u00f3n de su propuesta. Si esta es elegida, para ejecutarla deber\u00e1n usar \u00fanicamente materiales reciclados y reciclables, plantas y el empleo de diversas alturas en el corte de la hierba, sobre un espacio acotado de entre 100 y 150 metros cuadrados. Las obras se podr\u00e1n apreciar \u2018en altura\u2019 desde la parte superior de los fosos (praderas de la Vuelta del Castillo).<\/p>\n<p>En ese espacio habr\u00e1 un recorrido se\u00f1alizado con informaci\u00f3n sobre cada obra, su autor\u00eda, el tema, el relato de la creaci\u00f3n, los materiales empleados y el centro educativo y Ayuntamiento participantes. Adem\u00e1s, el Consistorio editar\u00e1 una gu\u00eda digital y en papel, y toda la informaci\u00f3n estar\u00e1 recogida en <a href=\"http:\/\/www.pamplona.es\/\" target=\"_blank\" rel=\"noopener\">www.pamplona.es<\/a>, por lo que se podr\u00e1 seguir con un dispositivo m\u00f3vil. Es un nuevo paso del Consistorio de apoyo a la tendencia Land-Art, o arte sobre el paisaje, es una modalidad de arte contempor\u00e1neo ef\u00edmero por la que el Ayuntamiento de Pamplona ha decidido apostar. Y tambi\u00e9n una forma de dar voz a la ciudadan\u00eda en el dise\u00f1o del espacio com\u00fan.<\/p>\n<p><strong>Participaci\u00f3n Vs responsabilidad: el espacio de todos<\/strong><\/p>\n<p>La idea es que el proyecto Naturart sume corrientes art\u00edsticas, educaci\u00f3n, sostenibilidad y servicios p\u00fablicos para mostrar propuestas que, pese a su humildad, inviten a la reflexi\u00f3n del visitante en un marco paisaj\u00edstico doblemente patrimonial como es el entorno de la Ciudadela.<\/p>\n<p>El espacio disponible en los fosos en torno al Revell\u00edn de Samta Isabel para el proyecto es de aproximadamente 15.000 m<sup>2<\/sup>, por lo que podr\u00e1 albergar en torno a 10 jardines ef\u00edmeros. El Ayuntamiento ya ha enviado una circular a 39 centros que imparten Secundaria, Bachillerato o FP en la ciudad para explicarles el proyecto y solicitar su colaboraci\u00f3n. Hasta el 29 de diciembre est\u00e1n a tiempo de apuntarse y hasta finales de marzo podr\u00e1n entregar su boceto y maqueta al Consistorio. Si hay m\u00e1s solicitudes que espacio, una comisi\u00f3n de expertos de Jardines, pero tambi\u00e9n de Educaci\u00f3n y Cultura, ser\u00e1 la encargada de decidir qu\u00e9 proyectos se ejecutar\u00e1n.<\/p>\n<p>Y es que, la creaci\u00f3n de arte contempor\u00e1neo es uno de los vectores de trabajo de Hiriartea: exposici\u00f3n, creaci\u00f3n, pero tambi\u00e9n mediaci\u00f3n y educaci\u00f3n en arte contempor\u00e1neo. Por ello, los jardines ef\u00edmeros, adem\u00e1s de sensibilizar al paseante, obligar\u00e1n a un proceso de trabajo interno en el \u00e1mbito escolar que contar\u00e1 con asesor\u00eda paisaj\u00edstica, hasta llegar a su ejecuci\u00f3n final. As\u00ed Naturart incidir\u00e1 en la reflexi\u00f3n sobre el arte, la sostenibilidad y el consumo responsable de los recursos, el reciclaje y la importancia de las zonas verdes y del espacio p\u00fablico, como espacio compartido.<\/p>\n<p><strong>Invitaci\u00f3n a otros ayuntamientos<\/strong><\/p>\n<p>Por otra parte, el Ayuntamiento de Pamplona invita a los Servicios Municipales de Jardines de los municipios cercanos a participar tambi\u00e9n en Naturart. Podr\u00e1n hacerlo apadrinando a alguno de los centros escolares que se apunten para prestarle apoyo t\u00e9cnico al alumnado a la hora de ejecutar el jard\u00edn ef\u00edmero.<\/p>\n<p>Pr\u00f3ximamente se remitir\u00e1 formalmente una carta a los Consistorios del entorno de Pamplona para animarle a participar en este festival de jardiner\u00eda urbana en una de las zonas m\u00e1s emblem\u00e1ticas y visitadas de la ciudad. Desde el punto de vista del Consistorio esta puede ser una forma de exhibir la calidad y capacidad de trabajo de los entes locales en la mejora de la calidad de vida de la ciudadan\u00eda.<\/p>\n<p><strong>Land Art + A<em>rte Povera<\/em><\/strong><\/p>\n<p>El proyecto municipal bebe de las fuentes de Land Art y el Arte Povera. La primera es una corriente del arte contempor\u00e1neo en la que el paisaje y la obra de arte est\u00e1n estrechamente enlazados; se utiliza a la naturaleza como material para intervenir en s\u00ed misma. Esta corriente naci\u00f3 como tal a mediados de los a\u00f1os 60 en EEUU y Europa Occidental, tambi\u00e9n ligado al ecologismo como defensa del medio ambiente y en oposici\u00f3n al comercialismo. Es, pues, un movimiento en alza, en un momento de preocupaci\u00f3n sobre el calentamiento global.<\/p>\n<p>Por esos mismos a\u00f1os en Italia naci\u00f3 el Arte Povera, un movimiento art\u00edstico que se basa en desligar el acto de creaci\u00f3n de la importancia del material que compone el objeto creado. As\u00ed, usa elementos \u201cpobres\u201d, generalmente no industriales como plantas, sacos de lona, grasas, cuerdas, tierra o troncos y que, adem\u00e1s, se deterioran en el tiempo tranformando la misma creaci\u00f3n.<\/p>\n<p>Ambas corrientes se sincretizan en dos ideas, la naturaleza como espacio expositivo y lo ef\u00edmero y mutable de la creaci\u00f3n. Los dos conceptos ayudan a crear un arte \u2018reversible\u2019 y a mostrar una nueva imagen temporal de las zonas verdes \u2013patrimonio natural com\u00fan-, individualiz\u00e1ndolas, y haciendo que capten de nuevo la mirada ciudadana.<\/p>\n<p>Tras la iniciativa municipal de crear el pasado mes de mayo un jard\u00edn ef\u00edmero en la salida de la fortificaci\u00f3n por la puerta de Socorro de la Ciudadela, la propuesta de intervenci\u00f3n se extiende y se amplia en espacio y dise\u00f1adores, en el mismo recinto fortificado.<\/p>\n<p><a href=\"http:\/\/laguiadepamplona.es\/actualidad\/wp-content\/uploads\/2017\/11\/17.11.22-Folleto-naturart.pdf\" target=\"_blank\" rel=\"noopener\">Folleto naturart.pdf<\/a><\/p>\n","protected":false},"excerpt":{"rendered":"<p>Naturart permitir\u00e1 convertir en dise\u00f1adores de jardines a estudiantes a partir de 12 a\u00f1os y mostrar su pericia a profesionales de otros Consistorios<\/p>\n","protected":false},"author":1,"featured_media":15253,"comment_status":"open","ping_status":"closed","sticky":false,"template":"","format":"standard","meta":{"footnotes":""},"categories":[2],"tags":[],"class_list":["post-15251","post","type-post","status-publish","format-standard","has-post-thumbnail","hentry","category-ayuntamiento-pamplona"],"yoast_head":"<!-- This site is optimized with the Yoast SEO plugin v27.5 - https:\/\/yoast.com\/product\/yoast-seo-wordpress\/ -->\n<title>En abril los fosos de la Ciudadela acoger\u00e1n 10 jardines ef\u00edmeros creados y construidos por j\u00f3venes, con el apoyo t\u00e9cnico de jardineros de toda Navarra<\/title>\n<meta name=\"robots\" content=\"index, follow, max-snippet:-1, max-image-preview:large, max-video-preview:-1\" \/>\n<link rel=\"canonical\" href=\"https:\/\/www.laguiadepamplona.com\/actualidad\/en-abril-los-fosos-de-la-ciudadela-acogeran-10-jardines-efimeros-creados-y-construidos-por-jovenes-con-el-apoyo-tecnico-de-jardineros-de-toda-navarra\/\" \/>\n<meta property=\"og:locale\" content=\"es_ES\" \/>\n<meta property=\"og:type\" content=\"article\" \/>\n<meta property=\"og:title\" content=\"En abril los fosos de la Ciudadela acoger\u00e1n 10 jardines ef\u00edmeros creados y construidos por j\u00f3venes, con el apoyo t\u00e9cnico de jardineros de toda Navarra\" \/>\n<meta property=\"og:description\" content=\"Naturart permitir\u00e1 convertir en dise\u00f1adores de jardines a estudiantes a partir de 12 a\u00f1os y mostrar su pericia a profesionales de otros Consistorios\" \/>\n<meta property=\"og:url\" content=\"https:\/\/www.laguiadepamplona.com\/actualidad\/en-abril-los-fosos-de-la-ciudadela-acogeran-10-jardines-efimeros-creados-y-construidos-por-jovenes-con-el-apoyo-tecnico-de-jardineros-de-toda-navarra\/\" \/>\n<meta property=\"og:site_name\" content=\"La Gu\u00eda de Pamplona\" \/>\n<meta property=\"article:publisher\" content=\"https:\/\/www.facebook.com\/laguiadepamplonacom-133175176762273\/?ref=hl\" \/>\n<meta property=\"article:published_time\" content=\"2017-11-22T14:58:11+00:00\" \/>\n<meta property=\"og:image\" content=\"https:\/\/www.laguiadepamplona.com\/actualidad\/wp-content\/uploads\/2017\/11\/17.11.22-Folleto-naturart-2.jpg\" \/>\n\t<meta property=\"og:image:width\" content=\"1000\" \/>\n\t<meta property=\"og:image:height\" content=\"453\" \/>\n\t<meta property=\"og:image:type\" content=\"image\/jpeg\" \/>\n<meta name=\"author\" content=\"La Gu\u00eda de Pamplona\" \/>\n<meta name=\"twitter:card\" content=\"summary_large_image\" \/>\n<meta name=\"twitter:creator\" content=\"@LaGuiadPamplona\" \/>\n<meta name=\"twitter:site\" content=\"@LaGuiadPamplona\" \/>\n<meta name=\"twitter:label1\" content=\"Escrito por\" \/>\n\t<meta name=\"twitter:data1\" content=\"La Gu\u00eda de Pamplona\" \/>\n\t<meta name=\"twitter:label2\" content=\"Tiempo de lectura\" \/>\n\t<meta name=\"twitter:data2\" content=\"6 minutos\" \/>\n<script type=\"application\/ld+json\" class=\"yoast-schema-graph\">{\"@context\":\"https:\\\/\\\/schema.org\",\"@graph\":[{\"@type\":\"Article\",\"@id\":\"https:\\\/\\\/www.laguiadepamplona.com\\\/actualidad\\\/en-abril-los-fosos-de-la-ciudadela-acogeran-10-jardines-efimeros-creados-y-construidos-por-jovenes-con-el-apoyo-tecnico-de-jardineros-de-toda-navarra\\\/#article\",\"isPartOf\":{\"@id\":\"https:\\\/\\\/www.laguiadepamplona.com\\\/actualidad\\\/en-abril-los-fosos-de-la-ciudadela-acogeran-10-jardines-efimeros-creados-y-construidos-por-jovenes-con-el-apoyo-tecnico-de-jardineros-de-toda-navarra\\\/\"},\"author\":{\"name\":\"La Gu\u00eda de Pamplona\",\"@id\":\"https:\\\/\\\/www.laguiadepamplona.com\\\/actualidad\\\/#\\\/schema\\\/person\\\/efe887376f0213d4657c93adc50b1fdb\"},\"headline\":\"En abril los fosos de la Ciudadela acoger\u00e1n 10 jardines ef\u00edmeros creados y construidos por j\u00f3venes, con el apoyo t\u00e9cnico de jardineros de toda Navarra\",\"datePublished\":\"2017-11-22T14:58:11+00:00\",\"mainEntityOfPage\":{\"@id\":\"https:\\\/\\\/www.laguiadepamplona.com\\\/actualidad\\\/en-abril-los-fosos-de-la-ciudadela-acogeran-10-jardines-efimeros-creados-y-construidos-por-jovenes-con-el-apoyo-tecnico-de-jardineros-de-toda-navarra\\\/\"},\"wordCount\":1152,\"commentCount\":0,\"publisher\":{\"@id\":\"https:\\\/\\\/www.laguiadepamplona.com\\\/actualidad\\\/#organization\"},\"image\":{\"@id\":\"https:\\\/\\\/www.laguiadepamplona.com\\\/actualidad\\\/en-abril-los-fosos-de-la-ciudadela-acogeran-10-jardines-efimeros-creados-y-construidos-por-jovenes-con-el-apoyo-tecnico-de-jardineros-de-toda-navarra\\\/#primaryimage\"},\"thumbnailUrl\":\"https:\\\/\\\/www.laguiadepamplona.com\\\/actualidad\\\/wp-content\\\/uploads\\\/2017\\\/11\\\/17.11.22-Folleto-naturart-2.jpg\",\"articleSection\":[\"Ayto Pamplona\"],\"inLanguage\":\"es\",\"potentialAction\":[{\"@type\":\"CommentAction\",\"name\":\"Comment\",\"target\":[\"https:\\\/\\\/www.laguiadepamplona.com\\\/actualidad\\\/en-abril-los-fosos-de-la-ciudadela-acogeran-10-jardines-efimeros-creados-y-construidos-por-jovenes-con-el-apoyo-tecnico-de-jardineros-de-toda-navarra\\\/#respond\"]}]},{\"@type\":\"WebPage\",\"@id\":\"https:\\\/\\\/www.laguiadepamplona.com\\\/actualidad\\\/en-abril-los-fosos-de-la-ciudadela-acogeran-10-jardines-efimeros-creados-y-construidos-por-jovenes-con-el-apoyo-tecnico-de-jardineros-de-toda-navarra\\\/\",\"url\":\"https:\\\/\\\/www.laguiadepamplona.com\\\/actualidad\\\/en-abril-los-fosos-de-la-ciudadela-acogeran-10-jardines-efimeros-creados-y-construidos-por-jovenes-con-el-apoyo-tecnico-de-jardineros-de-toda-navarra\\\/\",\"name\":\"En abril los fosos de la Ciudadela acoger\u00e1n 10 jardines ef\u00edmeros creados y construidos por j\u00f3venes, con el apoyo t\u00e9cnico de jardineros de toda Navarra\",\"isPartOf\":{\"@id\":\"https:\\\/\\\/www.laguiadepamplona.com\\\/actualidad\\\/#website\"},\"primaryImageOfPage\":{\"@id\":\"https:\\\/\\\/www.laguiadepamplona.com\\\/actualidad\\\/en-abril-los-fosos-de-la-ciudadela-acogeran-10-jardines-efimeros-creados-y-construidos-por-jovenes-con-el-apoyo-tecnico-de-jardineros-de-toda-navarra\\\/#primaryimage\"},\"image\":{\"@id\":\"https:\\\/\\\/www.laguiadepamplona.com\\\/actualidad\\\/en-abril-los-fosos-de-la-ciudadela-acogeran-10-jardines-efimeros-creados-y-construidos-por-jovenes-con-el-apoyo-tecnico-de-jardineros-de-toda-navarra\\\/#primaryimage\"},\"thumbnailUrl\":\"https:\\\/\\\/www.laguiadepamplona.com\\\/actualidad\\\/wp-content\\\/uploads\\\/2017\\\/11\\\/17.11.22-Folleto-naturart-2.jpg\",\"datePublished\":\"2017-11-22T14:58:11+00:00\",\"breadcrumb\":{\"@id\":\"https:\\\/\\\/www.laguiadepamplona.com\\\/actualidad\\\/en-abril-los-fosos-de-la-ciudadela-acogeran-10-jardines-efimeros-creados-y-construidos-por-jovenes-con-el-apoyo-tecnico-de-jardineros-de-toda-navarra\\\/#breadcrumb\"},\"inLanguage\":\"es\",\"potentialAction\":[{\"@type\":\"ReadAction\",\"target\":[\"https:\\\/\\\/www.laguiadepamplona.com\\\/actualidad\\\/en-abril-los-fosos-de-la-ciudadela-acogeran-10-jardines-efimeros-creados-y-construidos-por-jovenes-con-el-apoyo-tecnico-de-jardineros-de-toda-navarra\\\/\"]}]},{\"@type\":\"ImageObject\",\"inLanguage\":\"es\",\"@id\":\"https:\\\/\\\/www.laguiadepamplona.com\\\/actualidad\\\/en-abril-los-fosos-de-la-ciudadela-acogeran-10-jardines-efimeros-creados-y-construidos-por-jovenes-con-el-apoyo-tecnico-de-jardineros-de-toda-navarra\\\/#primaryimage\",\"url\":\"https:\\\/\\\/www.laguiadepamplona.com\\\/actualidad\\\/wp-content\\\/uploads\\\/2017\\\/11\\\/17.11.22-Folleto-naturart-2.jpg\",\"contentUrl\":\"https:\\\/\\\/www.laguiadepamplona.com\\\/actualidad\\\/wp-content\\\/uploads\\\/2017\\\/11\\\/17.11.22-Folleto-naturart-2.jpg\",\"width\":1000,\"height\":453},{\"@type\":\"BreadcrumbList\",\"@id\":\"https:\\\/\\\/www.laguiadepamplona.com\\\/actualidad\\\/en-abril-los-fosos-de-la-ciudadela-acogeran-10-jardines-efimeros-creados-y-construidos-por-jovenes-con-el-apoyo-tecnico-de-jardineros-de-toda-navarra\\\/#breadcrumb\",\"itemListElement\":[{\"@type\":\"ListItem\",\"position\":1,\"name\":\"Portada\",\"item\":\"https:\\\/\\\/www.laguiadepamplona.com\\\/actualidad\\\/\"},{\"@type\":\"ListItem\",\"position\":2,\"name\":\"En abril los fosos de la Ciudadela acoger\u00e1n 10 jardines ef\u00edmeros creados y construidos por j\u00f3venes, con el apoyo t\u00e9cnico de jardineros de toda Navarra\"}]},{\"@type\":\"WebSite\",\"@id\":\"https:\\\/\\\/www.laguiadepamplona.com\\\/actualidad\\\/#website\",\"url\":\"https:\\\/\\\/www.laguiadepamplona.com\\\/actualidad\\\/\",\"name\":\"La gu\u00eda de Pamplona\",\"description\":\"Noticias de Pamplona\",\"publisher\":{\"@id\":\"https:\\\/\\\/www.laguiadepamplona.com\\\/actualidad\\\/#organization\"},\"potentialAction\":[{\"@type\":\"SearchAction\",\"target\":{\"@type\":\"EntryPoint\",\"urlTemplate\":\"https:\\\/\\\/www.laguiadepamplona.com\\\/actualidad\\\/?s={search_term_string}\"},\"query-input\":{\"@type\":\"PropertyValueSpecification\",\"valueRequired\":true,\"valueName\":\"search_term_string\"}}],\"inLanguage\":\"es\"},{\"@type\":\"Organization\",\"@id\":\"https:\\\/\\\/www.laguiadepamplona.com\\\/actualidad\\\/#organization\",\"name\":\"La Gu\u00eda de Pamplona \\\/ Noticias\",\"url\":\"https:\\\/\\\/www.laguiadepamplona.com\\\/actualidad\\\/\",\"logo\":{\"@type\":\"ImageObject\",\"inLanguage\":\"es\",\"@id\":\"https:\\\/\\\/www.laguiadepamplona.com\\\/actualidad\\\/#\\\/schema\\\/logo\\\/image\\\/\",\"url\":\"https:\\\/\\\/www.laguiadepamplona.com\\\/actualidad\\\/wp-content\\\/uploads\\\/2018\\\/11\\\/logo-laguiadepamplona18-web1.png\",\"contentUrl\":\"https:\\\/\\\/www.laguiadepamplona.com\\\/actualidad\\\/wp-content\\\/uploads\\\/2018\\\/11\\\/logo-laguiadepamplona18-web1.png\",\"width\":600,\"height\":196,\"caption\":\"La Gu\u00eda de Pamplona \\\/ Noticias\"},\"image\":{\"@id\":\"https:\\\/\\\/www.laguiadepamplona.com\\\/actualidad\\\/#\\\/schema\\\/logo\\\/image\\\/\"},\"sameAs\":[\"https:\\\/\\\/www.facebook.com\\\/laguiadepamplonacom-133175176762273\\\/?ref=hl\",\"https:\\\/\\\/x.com\\\/LaGuiadPamplona\",\"https:\\\/\\\/www.instagram.com\\\/la_guia_de_pamplona\\\/\",\"https:\\\/\\\/www.youtube.com\\\/user\\\/laguiadepamplona\"]},{\"@type\":\"Person\",\"@id\":\"https:\\\/\\\/www.laguiadepamplona.com\\\/actualidad\\\/#\\\/schema\\\/person\\\/efe887376f0213d4657c93adc50b1fdb\",\"name\":\"La Gu\u00eda de Pamplona\",\"image\":{\"@type\":\"ImageObject\",\"inLanguage\":\"es\",\"@id\":\"https:\\\/\\\/secure.gravatar.com\\\/avatar\\\/b6992f131dc8d30ab0dff15446e9d346d9dbd95992de0fef795073f5ea83a81c?s=96&d=mm&r=g\",\"url\":\"https:\\\/\\\/secure.gravatar.com\\\/avatar\\\/b6992f131dc8d30ab0dff15446e9d346d9dbd95992de0fef795073f5ea83a81c?s=96&d=mm&r=g\",\"contentUrl\":\"https:\\\/\\\/secure.gravatar.com\\\/avatar\\\/b6992f131dc8d30ab0dff15446e9d346d9dbd95992de0fef795073f5ea83a81c?s=96&d=mm&r=g\",\"caption\":\"La Gu\u00eda de Pamplona\"}}]}<\/script>\n<!-- \/ Yoast SEO plugin. -->","yoast_head_json":{"title":"En abril los fosos de la Ciudadela acoger\u00e1n 10 jardines ef\u00edmeros creados y construidos por j\u00f3venes, con el apoyo t\u00e9cnico de jardineros de toda Navarra","robots":{"index":"index","follow":"follow","max-snippet":"max-snippet:-1","max-image-preview":"max-image-preview:large","max-video-preview":"max-video-preview:-1"},"canonical":"https:\/\/www.laguiadepamplona.com\/actualidad\/en-abril-los-fosos-de-la-ciudadela-acogeran-10-jardines-efimeros-creados-y-construidos-por-jovenes-con-el-apoyo-tecnico-de-jardineros-de-toda-navarra\/","og_locale":"es_ES","og_type":"article","og_title":"En abril los fosos de la Ciudadela acoger\u00e1n 10 jardines ef\u00edmeros creados y construidos por j\u00f3venes, con el apoyo t\u00e9cnico de jardineros de toda Navarra","og_description":"Naturart permitir\u00e1 convertir en dise\u00f1adores de jardines a estudiantes a partir de 12 a\u00f1os y mostrar su pericia a profesionales de otros Consistorios","og_url":"https:\/\/www.laguiadepamplona.com\/actualidad\/en-abril-los-fosos-de-la-ciudadela-acogeran-10-jardines-efimeros-creados-y-construidos-por-jovenes-con-el-apoyo-tecnico-de-jardineros-de-toda-navarra\/","og_site_name":"La Gu\u00eda de Pamplona","article_publisher":"https:\/\/www.facebook.com\/laguiadepamplonacom-133175176762273\/?ref=hl","article_published_time":"2017-11-22T14:58:11+00:00","og_image":[{"width":1000,"height":453,"url":"https:\/\/www.laguiadepamplona.com\/actualidad\/wp-content\/uploads\/2017\/11\/17.11.22-Folleto-naturart-2.jpg","type":"image\/jpeg"}],"author":"La Gu\u00eda de Pamplona","twitter_card":"summary_large_image","twitter_creator":"@LaGuiadPamplona","twitter_site":"@LaGuiadPamplona","twitter_misc":{"Escrito por":"La Gu\u00eda de Pamplona","Tiempo de lectura":"6 minutos"},"schema":{"@context":"https:\/\/schema.org","@graph":[{"@type":"Article","@id":"https:\/\/www.laguiadepamplona.com\/actualidad\/en-abril-los-fosos-de-la-ciudadela-acogeran-10-jardines-efimeros-creados-y-construidos-por-jovenes-con-el-apoyo-tecnico-de-jardineros-de-toda-navarra\/#article","isPartOf":{"@id":"https:\/\/www.laguiadepamplona.com\/actualidad\/en-abril-los-fosos-de-la-ciudadela-acogeran-10-jardines-efimeros-creados-y-construidos-por-jovenes-con-el-apoyo-tecnico-de-jardineros-de-toda-navarra\/"},"author":{"name":"La Gu\u00eda de Pamplona","@id":"https:\/\/www.laguiadepamplona.com\/actualidad\/#\/schema\/person\/efe887376f0213d4657c93adc50b1fdb"},"headline":"En abril los fosos de la Ciudadela acoger\u00e1n 10 jardines ef\u00edmeros creados y construidos por j\u00f3venes, con el apoyo t\u00e9cnico de jardineros de toda Navarra","datePublished":"2017-11-22T14:58:11+00:00","mainEntityOfPage":{"@id":"https:\/\/www.laguiadepamplona.com\/actualidad\/en-abril-los-fosos-de-la-ciudadela-acogeran-10-jardines-efimeros-creados-y-construidos-por-jovenes-con-el-apoyo-tecnico-de-jardineros-de-toda-navarra\/"},"wordCount":1152,"commentCount":0,"publisher":{"@id":"https:\/\/www.laguiadepamplona.com\/actualidad\/#organization"},"image":{"@id":"https:\/\/www.laguiadepamplona.com\/actualidad\/en-abril-los-fosos-de-la-ciudadela-acogeran-10-jardines-efimeros-creados-y-construidos-por-jovenes-con-el-apoyo-tecnico-de-jardineros-de-toda-navarra\/#primaryimage"},"thumbnailUrl":"https:\/\/www.laguiadepamplona.com\/actualidad\/wp-content\/uploads\/2017\/11\/17.11.22-Folleto-naturart-2.jpg","articleSection":["Ayto Pamplona"],"inLanguage":"es","potentialAction":[{"@type":"CommentAction","name":"Comment","target":["https:\/\/www.laguiadepamplona.com\/actualidad\/en-abril-los-fosos-de-la-ciudadela-acogeran-10-jardines-efimeros-creados-y-construidos-por-jovenes-con-el-apoyo-tecnico-de-jardineros-de-toda-navarra\/#respond"]}]},{"@type":"WebPage","@id":"https:\/\/www.laguiadepamplona.com\/actualidad\/en-abril-los-fosos-de-la-ciudadela-acogeran-10-jardines-efimeros-creados-y-construidos-por-jovenes-con-el-apoyo-tecnico-de-jardineros-de-toda-navarra\/","url":"https:\/\/www.laguiadepamplona.com\/actualidad\/en-abril-los-fosos-de-la-ciudadela-acogeran-10-jardines-efimeros-creados-y-construidos-por-jovenes-con-el-apoyo-tecnico-de-jardineros-de-toda-navarra\/","name":"En abril los fosos de la Ciudadela acoger\u00e1n 10 jardines ef\u00edmeros creados y construidos por j\u00f3venes, con el apoyo t\u00e9cnico de jardineros de toda Navarra","isPartOf":{"@id":"https:\/\/www.laguiadepamplona.com\/actualidad\/#website"},"primaryImageOfPage":{"@id":"https:\/\/www.laguiadepamplona.com\/actualidad\/en-abril-los-fosos-de-la-ciudadela-acogeran-10-jardines-efimeros-creados-y-construidos-por-jovenes-con-el-apoyo-tecnico-de-jardineros-de-toda-navarra\/#primaryimage"},"image":{"@id":"https:\/\/www.laguiadepamplona.com\/actualidad\/en-abril-los-fosos-de-la-ciudadela-acogeran-10-jardines-efimeros-creados-y-construidos-por-jovenes-con-el-apoyo-tecnico-de-jardineros-de-toda-navarra\/#primaryimage"},"thumbnailUrl":"https:\/\/www.laguiadepamplona.com\/actualidad\/wp-content\/uploads\/2017\/11\/17.11.22-Folleto-naturart-2.jpg","datePublished":"2017-11-22T14:58:11+00:00","breadcrumb":{"@id":"https:\/\/www.laguiadepamplona.com\/actualidad\/en-abril-los-fosos-de-la-ciudadela-acogeran-10-jardines-efimeros-creados-y-construidos-por-jovenes-con-el-apoyo-tecnico-de-jardineros-de-toda-navarra\/#breadcrumb"},"inLanguage":"es","potentialAction":[{"@type":"ReadAction","target":["https:\/\/www.laguiadepamplona.com\/actualidad\/en-abril-los-fosos-de-la-ciudadela-acogeran-10-jardines-efimeros-creados-y-construidos-por-jovenes-con-el-apoyo-tecnico-de-jardineros-de-toda-navarra\/"]}]},{"@type":"ImageObject","inLanguage":"es","@id":"https:\/\/www.laguiadepamplona.com\/actualidad\/en-abril-los-fosos-de-la-ciudadela-acogeran-10-jardines-efimeros-creados-y-construidos-por-jovenes-con-el-apoyo-tecnico-de-jardineros-de-toda-navarra\/#primaryimage","url":"https:\/\/www.laguiadepamplona.com\/actualidad\/wp-content\/uploads\/2017\/11\/17.11.22-Folleto-naturart-2.jpg","contentUrl":"https:\/\/www.laguiadepamplona.com\/actualidad\/wp-content\/uploads\/2017\/11\/17.11.22-Folleto-naturart-2.jpg","width":1000,"height":453},{"@type":"BreadcrumbList","@id":"https:\/\/www.laguiadepamplona.com\/actualidad\/en-abril-los-fosos-de-la-ciudadela-acogeran-10-jardines-efimeros-creados-y-construidos-por-jovenes-con-el-apoyo-tecnico-de-jardineros-de-toda-navarra\/#breadcrumb","itemListElement":[{"@type":"ListItem","position":1,"name":"Portada","item":"https:\/\/www.laguiadepamplona.com\/actualidad\/"},{"@type":"ListItem","position":2,"name":"En abril los fosos de la Ciudadela acoger\u00e1n 10 jardines ef\u00edmeros creados y construidos por j\u00f3venes, con el apoyo t\u00e9cnico de jardineros de toda Navarra"}]},{"@type":"WebSite","@id":"https:\/\/www.laguiadepamplona.com\/actualidad\/#website","url":"https:\/\/www.laguiadepamplona.com\/actualidad\/","name":"La gu\u00eda de Pamplona","description":"Noticias de Pamplona","publisher":{"@id":"https:\/\/www.laguiadepamplona.com\/actualidad\/#organization"},"potentialAction":[{"@type":"SearchAction","target":{"@type":"EntryPoint","urlTemplate":"https:\/\/www.laguiadepamplona.com\/actualidad\/?s={search_term_string}"},"query-input":{"@type":"PropertyValueSpecification","valueRequired":true,"valueName":"search_term_string"}}],"inLanguage":"es"},{"@type":"Organization","@id":"https:\/\/www.laguiadepamplona.com\/actualidad\/#organization","name":"La Gu\u00eda de Pamplona \/ Noticias","url":"https:\/\/www.laguiadepamplona.com\/actualidad\/","logo":{"@type":"ImageObject","inLanguage":"es","@id":"https:\/\/www.laguiadepamplona.com\/actualidad\/#\/schema\/logo\/image\/","url":"https:\/\/www.laguiadepamplona.com\/actualidad\/wp-content\/uploads\/2018\/11\/logo-laguiadepamplona18-web1.png","contentUrl":"https:\/\/www.laguiadepamplona.com\/actualidad\/wp-content\/uploads\/2018\/11\/logo-laguiadepamplona18-web1.png","width":600,"height":196,"caption":"La Gu\u00eda de Pamplona \/ Noticias"},"image":{"@id":"https:\/\/www.laguiadepamplona.com\/actualidad\/#\/schema\/logo\/image\/"},"sameAs":["https:\/\/www.facebook.com\/laguiadepamplonacom-133175176762273\/?ref=hl","https:\/\/x.com\/LaGuiadPamplona","https:\/\/www.instagram.com\/la_guia_de_pamplona\/","https:\/\/www.youtube.com\/user\/laguiadepamplona"]},{"@type":"Person","@id":"https:\/\/www.laguiadepamplona.com\/actualidad\/#\/schema\/person\/efe887376f0213d4657c93adc50b1fdb","name":"La Gu\u00eda de Pamplona","image":{"@type":"ImageObject","inLanguage":"es","@id":"https:\/\/secure.gravatar.com\/avatar\/b6992f131dc8d30ab0dff15446e9d346d9dbd95992de0fef795073f5ea83a81c?s=96&d=mm&r=g","url":"https:\/\/secure.gravatar.com\/avatar\/b6992f131dc8d30ab0dff15446e9d346d9dbd95992de0fef795073f5ea83a81c?s=96&d=mm&r=g","contentUrl":"https:\/\/secure.gravatar.com\/avatar\/b6992f131dc8d30ab0dff15446e9d346d9dbd95992de0fef795073f5ea83a81c?s=96&d=mm&r=g","caption":"La Gu\u00eda de Pamplona"}}]}},"post_mailing_queue_ids":[],"_links":{"self":[{"href":"https:\/\/www.laguiadepamplona.com\/actualidad\/wp-json\/wp\/v2\/posts\/15251","targetHints":{"allow":["GET"]}}],"collection":[{"href":"https:\/\/www.laguiadepamplona.com\/actualidad\/wp-json\/wp\/v2\/posts"}],"about":[{"href":"https:\/\/www.laguiadepamplona.com\/actualidad\/wp-json\/wp\/v2\/types\/post"}],"author":[{"embeddable":true,"href":"https:\/\/www.laguiadepamplona.com\/actualidad\/wp-json\/wp\/v2\/users\/1"}],"replies":[{"embeddable":true,"href":"https:\/\/www.laguiadepamplona.com\/actualidad\/wp-json\/wp\/v2\/comments?post=15251"}],"version-history":[{"count":0,"href":"https:\/\/www.laguiadepamplona.com\/actualidad\/wp-json\/wp\/v2\/posts\/15251\/revisions"}],"wp:featuredmedia":[{"embeddable":true,"href":"https:\/\/www.laguiadepamplona.com\/actualidad\/wp-json\/wp\/v2\/media\/15253"}],"wp:attachment":[{"href":"https:\/\/www.laguiadepamplona.com\/actualidad\/wp-json\/wp\/v2\/media?parent=15251"}],"wp:term":[{"taxonomy":"category","embeddable":true,"href":"https:\/\/www.laguiadepamplona.com\/actualidad\/wp-json\/wp\/v2\/categories?post=15251"},{"taxonomy":"post_tag","embeddable":true,"href":"https:\/\/www.laguiadepamplona.com\/actualidad\/wp-json\/wp\/v2\/tags?post=15251"}],"curies":[{"name":"wp","href":"https:\/\/api.w.org\/{rel}","templated":true}]}}