{"id":15249,"date":"2017-11-22T11:51:42","date_gmt":"2017-11-22T10:51:42","guid":{"rendered":"http:\/\/laguiadepamplona.es\/actualidad\/?p=15249"},"modified":"2017-11-22T11:51:42","modified_gmt":"2017-11-22T10:51:42","slug":"bertsoaroa-acoge-una-nueva-actuacion-de-bertsolaris-de-primer-nivel-manana-jueves-en-la-sala-el-instituto-de-la-plaza-de-la-cruz","status":"publish","type":"post","link":"https:\/\/www.laguiadepamplona.com\/actualidad\/bertsoaroa-acoge-una-nueva-actuacion-de-bertsolaris-de-primer-nivel-manana-jueves-en-la-sala-el-instituto-de-la-plaza-de-la-cruz\/","title":{"rendered":"Bertsoaroa acoge una nueva actuaci\u00f3n de bertsolaris de primer nivel ma\u00f1ana jueves en la sala el Instituto de la Plaza de la Cruz"},"content":{"rendered":"<h3>Actuar\u00e1n Amets Arzallus, Igor Elortza, Julio Soto, Alaia Martin, Xabi Maia y Saioa Alkaiza a partir de las 20 horas, con entrada libre<\/h3>\n<p><!--more--><\/p>\n<p>Bertsoaroa acoger\u00e1 ma\u00f1ana jueves una segunda actuaci\u00f3n de bertsolaris de primer nivel. A partir de las 20 horas, sobre el escenario de la sala del Instituto de la Plaza de la Cruz, actuar\u00e1n el actual campe\u00f3n de Euskal Herria Amets Arzallus, el cuatro veces campe\u00f3n de Navarra Julio Soto, el penta campe\u00f3n de Vizcaya Igor Elortza, adem\u00e1s de Alaia Martin y Xabi Maia. Todos ellos participan en el Campeonato Absoluto de Bertsolaris que se celebra en estas fechas. Junto a Soto y Maia, la joven pero experimentada bertsolari Saioa Alkaiza ser\u00e1 la tercera representante navarra en la actuaci\u00f3n. La entrada ser\u00e1 libre, previa retirada de invitaci\u00f3n desde una hora antes del inicio en el propio Instituto de la Plaza de la Cruz.<\/p>\n<p>La actuaci\u00f3n marca la recta final de esta nueva edici\u00f3n de Bertsoaroa, que continuar\u00e1 el pr\u00f3ximo martes 28 con un concierto del grupo Bi bala en el bar Terminal, y que cerrar\u00e1, fuera de programaci\u00f3n, la \u00faltima semifinal del Campeonato Absoluto de Bertsolaris en el pabell\u00f3n Anaitasuna el s\u00e1bado 2 de diciembre.<\/p>\n<p><strong>Los bertsolaris<\/strong><\/p>\n<p><strong>Amets Arzallus<\/strong> (Hendaia, 1983) es, a pesar de su juventud, el vigente campe\u00f3n del Campeonato absoluto de bertsolaris, edici\u00f3n\u00a0 celebrada en el BEC de Barakaldo en 2013.\u00a0 Con esta txapela, se convirti\u00f3 en el primer bertsolari del Pa\u00eds Vasco franc\u00e9s en alzarse con el t\u00edtulo. Ha ganado en cuatro ocasiones el Campeonato de Navarra (en los a\u00f1os 2000, 2001, 2002 y 2003) y en tres ocasiones m\u00e1s el del Pa\u00eds Vasco Franc\u00e9s (a\u00f1os 2008, 2010 y en 2012). Adem\u00e1s del triunfo en la edici\u00f3n de 2013, ha llegado a la final en las dos ediciones anteriores del campeonato absoluto, celebradas en los a\u00f1os 2005 y 2009. Licenciado en periodismo, ha trabajado en la revista Argia y ha colaborado con otros medios de prensa escrita. Actualmente, el bertsolarismo es su dedicaci\u00f3n principal.<\/p>\n<p><strong>Igor Elortza<\/strong> (Durango, 1975). Aprendi\u00f3 a cantar bertsos de ni\u00f1o en la ikastola de Kurutziaga y en la escuela de bertsos de Durango. Ha sido cinco veces ganador del campeonato de Bertsolaris de Vizcaya. Actualmente participa en su s\u00e9ptimo Campeonato Absoluto, certamen en el que ha cantado en tres finales. En su intento por renovar el bertso improvisado ha puesto en marcha algunas experiencias novedosas como \u2018bertso trama\u2019, en la que los bertsolaris improvisan un cuento, a partir de un personaje que han conocido poco antes de la actuaci\u00f3n. Fue vocalista de 7 Eskale, grupo con el que grab\u00f3 dos discos, y tambi\u00e9n ha cantado en Gu ta gutarrak junto al tambi\u00e9n bertsolari Unai Iturriaga y a Josu Zabala, ex-componente de Hertzainak. Adem\u00e1s ha publicado varios libros y ha escrito temas para grupos como Gozategi, Mikel Urdangarin o Gari.<\/p>\n<p><strong>Julio Soto<\/strong> (Gorriti, 1987) es el vigente campe\u00f3n del Campeonato de Navarra de bertsolaris. Licenciado en Filolog\u00eda Vasca, se forma como bertsolari en la escuela de bertsos de Pamplona, ciudad en la que vive con su familia. Se proclama vencedor del interescolar de Navarra en los a\u00f1os 2003, 2004 y 2005 . En el a\u00f1o 2006,\u00a0 se cuela en la final del Campeonato de Navarra absoluto. En 2008 logra el tercer puesto y en 2009 el segundo, en una re\u00f1ida final frente a Xabier\u00a0 Silveira. Finalmente,\u00a0 en el a\u00f1o 2010 se alza con el campeonato, repitiendo su triunfo en el a\u00f1o\u00a0 2011.\u00a0 En la edici\u00f3n de 2013\u00a0 finaliz\u00f3 en segunda posici\u00f3n. En el a\u00f1o 2015 se alza con la txapela por tercera vez.<\/p>\n<p><strong>Alaia Mart\u00edn<\/strong> (Oiartzun, 1987) Su relaci\u00f3n con los bertsos empez\u00f3 a los 12 a\u00f1os y ha formado parte de las Escuelas de bertsos de Oiartzun, Santutxu y Zamalbide. Fue tercera en el campeonato de Bertsolaris de Gip\u00fazcoa en el a\u00f1o 2011 y segunda en la edici\u00f3n del a\u00f1o 2015. Actualmente participa en la novena edici\u00f3n del Campeonato Absoluto de Bertsolaris, en la que para ella constituye su segunda participaci\u00f3n.<\/p>\n<p><strong>Xabier Maia<\/strong> (Elizondo, 1981) Se aficion\u00f3 a los bertsos\u00a0 de adulto y, en el a\u00f1o 2009, se apunt\u00f3 a la escuela de bertsos de Bazt\u00e1n. En el a\u00f1o 2013 particip\u00f3 por primera vez\u00a0 en el Campeonato de Bertsolaris de Navarra. La de este a\u00f1o es su primera participaci\u00f3n en el Campeonato Absoluto.<\/p>\n<p><strong>Saioa Alkaiza<\/strong> (Pamplona, 1991) se ha formado en las escuelas de bertsos de Anso\u00e1in, Chantrea y San Sebastian. Alkaiza se ha impuesto en dos ocasiones el Campeonato Interescolar de Navarra. Adem\u00e1s, ha ganado varias veces el Certamen de Literatura para J\u00f3venes en euskera del Ayuntamiento de Pamplona,\u00a0 tanto en la modalidad de poes\u00eda como en narrativa. Ha participado en las cuatro \u00faltimas ediciones del Campeonato de Navarra de Bertsolaris,\u00a0 llegando en tres ocasiones a semifinales (2010, 2013 y 2015). En el a\u00f1o 2014 se proclam\u00f3 campeona en el certamen Mariano Izeta saria.<\/p>\n<p>&nbsp;<\/p>\n","protected":false},"excerpt":{"rendered":"<p>Actuar\u00e1n Amets Arzallus, Igor Elortza, Julio Soto, Alaia Martin, Xabi Maia y Saioa Alkaiza a partir de las 20 horas, con entrada libre<\/p>\n","protected":false},"author":1,"featured_media":14984,"comment_status":"open","ping_status":"closed","sticky":false,"template":"","format":"standard","meta":{"footnotes":""},"categories":[2],"tags":[],"class_list":["post-15249","post","type-post","status-publish","format-standard","has-post-thumbnail","hentry","category-ayuntamiento-pamplona"],"yoast_head":"<!-- This site is optimized with the Yoast SEO plugin v27.5 - https:\/\/yoast.com\/product\/yoast-seo-wordpress\/ -->\n<title>Bertsoaroa acoge una nueva actuaci\u00f3n de bertsolaris de primer nivel ma\u00f1ana jueves en la sala el Instituto de la Plaza de la Cruz<\/title>\n<meta name=\"robots\" content=\"index, follow, max-snippet:-1, max-image-preview:large, max-video-preview:-1\" \/>\n<link rel=\"canonical\" href=\"https:\/\/www.laguiadepamplona.com\/actualidad\/bertsoaroa-acoge-una-nueva-actuacion-de-bertsolaris-de-primer-nivel-manana-jueves-en-la-sala-el-instituto-de-la-plaza-de-la-cruz\/\" \/>\n<meta property=\"og:locale\" content=\"es_ES\" \/>\n<meta property=\"og:type\" content=\"article\" \/>\n<meta property=\"og:title\" content=\"Bertsoaroa acoge una nueva actuaci\u00f3n de bertsolaris de primer nivel ma\u00f1ana jueves en la sala el Instituto de la Plaza de la Cruz\" \/>\n<meta property=\"og:description\" content=\"Actuar\u00e1n Amets Arzallus, Igor Elortza, Julio Soto, Alaia Martin, Xabi Maia y Saioa Alkaiza a partir de las 20 horas, con entrada libre\" \/>\n<meta property=\"og:url\" content=\"https:\/\/www.laguiadepamplona.com\/actualidad\/bertsoaroa-acoge-una-nueva-actuacion-de-bertsolaris-de-primer-nivel-manana-jueves-en-la-sala-el-instituto-de-la-plaza-de-la-cruz\/\" \/>\n<meta property=\"og:site_name\" content=\"La Gu\u00eda de Pamplona\" \/>\n<meta property=\"article:publisher\" content=\"https:\/\/www.facebook.com\/laguiadepamplonacom-133175176762273\/?ref=hl\" \/>\n<meta property=\"article:published_time\" content=\"2017-11-22T10:51:42+00:00\" \/>\n<meta property=\"og:image\" content=\"https:\/\/www.laguiadepamplona.com\/actualidad\/wp-content\/uploads\/2017\/11\/1200px-Maialen_Lujanbio_bertsolaria_2008an.jpg\" \/>\n\t<meta property=\"og:image:width\" content=\"1200\" \/>\n\t<meta property=\"og:image:height\" content=\"800\" \/>\n\t<meta property=\"og:image:type\" content=\"image\/jpeg\" \/>\n<meta name=\"author\" content=\"La Gu\u00eda de Pamplona\" \/>\n<meta name=\"twitter:card\" content=\"summary_large_image\" \/>\n<meta name=\"twitter:creator\" content=\"@LaGuiadPamplona\" \/>\n<meta name=\"twitter:site\" content=\"@LaGuiadPamplona\" \/>\n<meta name=\"twitter:label1\" content=\"Escrito por\" \/>\n\t<meta name=\"twitter:data1\" content=\"La Gu\u00eda de Pamplona\" \/>\n\t<meta name=\"twitter:label2\" content=\"Tiempo de lectura\" \/>\n\t<meta name=\"twitter:data2\" content=\"4 minutos\" \/>\n<script type=\"application\/ld+json\" class=\"yoast-schema-graph\">{\"@context\":\"https:\\\/\\\/schema.org\",\"@graph\":[{\"@type\":\"Article\",\"@id\":\"https:\\\/\\\/www.laguiadepamplona.com\\\/actualidad\\\/bertsoaroa-acoge-una-nueva-actuacion-de-bertsolaris-de-primer-nivel-manana-jueves-en-la-sala-el-instituto-de-la-plaza-de-la-cruz\\\/#article\",\"isPartOf\":{\"@id\":\"https:\\\/\\\/www.laguiadepamplona.com\\\/actualidad\\\/bertsoaroa-acoge-una-nueva-actuacion-de-bertsolaris-de-primer-nivel-manana-jueves-en-la-sala-el-instituto-de-la-plaza-de-la-cruz\\\/\"},\"author\":{\"name\":\"La Gu\u00eda de Pamplona\",\"@id\":\"https:\\\/\\\/www.laguiadepamplona.com\\\/actualidad\\\/#\\\/schema\\\/person\\\/efe887376f0213d4657c93adc50b1fdb\"},\"headline\":\"Bertsoaroa acoge una nueva actuaci\u00f3n de bertsolaris de primer nivel ma\u00f1ana jueves en la sala el Instituto de la Plaza de la Cruz\",\"datePublished\":\"2017-11-22T10:51:42+00:00\",\"mainEntityOfPage\":{\"@id\":\"https:\\\/\\\/www.laguiadepamplona.com\\\/actualidad\\\/bertsoaroa-acoge-una-nueva-actuacion-de-bertsolaris-de-primer-nivel-manana-jueves-en-la-sala-el-instituto-de-la-plaza-de-la-cruz\\\/\"},\"wordCount\":854,\"commentCount\":0,\"publisher\":{\"@id\":\"https:\\\/\\\/www.laguiadepamplona.com\\\/actualidad\\\/#organization\"},\"image\":{\"@id\":\"https:\\\/\\\/www.laguiadepamplona.com\\\/actualidad\\\/bertsoaroa-acoge-una-nueva-actuacion-de-bertsolaris-de-primer-nivel-manana-jueves-en-la-sala-el-instituto-de-la-plaza-de-la-cruz\\\/#primaryimage\"},\"thumbnailUrl\":\"https:\\\/\\\/www.laguiadepamplona.com\\\/actualidad\\\/wp-content\\\/uploads\\\/2017\\\/11\\\/1200px-Maialen_Lujanbio_bertsolaria_2008an.jpg\",\"articleSection\":[\"Ayto Pamplona\"],\"inLanguage\":\"es\",\"potentialAction\":[{\"@type\":\"CommentAction\",\"name\":\"Comment\",\"target\":[\"https:\\\/\\\/www.laguiadepamplona.com\\\/actualidad\\\/bertsoaroa-acoge-una-nueva-actuacion-de-bertsolaris-de-primer-nivel-manana-jueves-en-la-sala-el-instituto-de-la-plaza-de-la-cruz\\\/#respond\"]}]},{\"@type\":\"WebPage\",\"@id\":\"https:\\\/\\\/www.laguiadepamplona.com\\\/actualidad\\\/bertsoaroa-acoge-una-nueva-actuacion-de-bertsolaris-de-primer-nivel-manana-jueves-en-la-sala-el-instituto-de-la-plaza-de-la-cruz\\\/\",\"url\":\"https:\\\/\\\/www.laguiadepamplona.com\\\/actualidad\\\/bertsoaroa-acoge-una-nueva-actuacion-de-bertsolaris-de-primer-nivel-manana-jueves-en-la-sala-el-instituto-de-la-plaza-de-la-cruz\\\/\",\"name\":\"Bertsoaroa acoge una nueva actuaci\u00f3n de bertsolaris de primer nivel ma\u00f1ana jueves en la sala el Instituto de la Plaza de la Cruz\",\"isPartOf\":{\"@id\":\"https:\\\/\\\/www.laguiadepamplona.com\\\/actualidad\\\/#website\"},\"primaryImageOfPage\":{\"@id\":\"https:\\\/\\\/www.laguiadepamplona.com\\\/actualidad\\\/bertsoaroa-acoge-una-nueva-actuacion-de-bertsolaris-de-primer-nivel-manana-jueves-en-la-sala-el-instituto-de-la-plaza-de-la-cruz\\\/#primaryimage\"},\"image\":{\"@id\":\"https:\\\/\\\/www.laguiadepamplona.com\\\/actualidad\\\/bertsoaroa-acoge-una-nueva-actuacion-de-bertsolaris-de-primer-nivel-manana-jueves-en-la-sala-el-instituto-de-la-plaza-de-la-cruz\\\/#primaryimage\"},\"thumbnailUrl\":\"https:\\\/\\\/www.laguiadepamplona.com\\\/actualidad\\\/wp-content\\\/uploads\\\/2017\\\/11\\\/1200px-Maialen_Lujanbio_bertsolaria_2008an.jpg\",\"datePublished\":\"2017-11-22T10:51:42+00:00\",\"breadcrumb\":{\"@id\":\"https:\\\/\\\/www.laguiadepamplona.com\\\/actualidad\\\/bertsoaroa-acoge-una-nueva-actuacion-de-bertsolaris-de-primer-nivel-manana-jueves-en-la-sala-el-instituto-de-la-plaza-de-la-cruz\\\/#breadcrumb\"},\"inLanguage\":\"es\",\"potentialAction\":[{\"@type\":\"ReadAction\",\"target\":[\"https:\\\/\\\/www.laguiadepamplona.com\\\/actualidad\\\/bertsoaroa-acoge-una-nueva-actuacion-de-bertsolaris-de-primer-nivel-manana-jueves-en-la-sala-el-instituto-de-la-plaza-de-la-cruz\\\/\"]}]},{\"@type\":\"ImageObject\",\"inLanguage\":\"es\",\"@id\":\"https:\\\/\\\/www.laguiadepamplona.com\\\/actualidad\\\/bertsoaroa-acoge-una-nueva-actuacion-de-bertsolaris-de-primer-nivel-manana-jueves-en-la-sala-el-instituto-de-la-plaza-de-la-cruz\\\/#primaryimage\",\"url\":\"https:\\\/\\\/www.laguiadepamplona.com\\\/actualidad\\\/wp-content\\\/uploads\\\/2017\\\/11\\\/1200px-Maialen_Lujanbio_bertsolaria_2008an.jpg\",\"contentUrl\":\"https:\\\/\\\/www.laguiadepamplona.com\\\/actualidad\\\/wp-content\\\/uploads\\\/2017\\\/11\\\/1200px-Maialen_Lujanbio_bertsolaria_2008an.jpg\",\"width\":1200,\"height\":800},{\"@type\":\"BreadcrumbList\",\"@id\":\"https:\\\/\\\/www.laguiadepamplona.com\\\/actualidad\\\/bertsoaroa-acoge-una-nueva-actuacion-de-bertsolaris-de-primer-nivel-manana-jueves-en-la-sala-el-instituto-de-la-plaza-de-la-cruz\\\/#breadcrumb\",\"itemListElement\":[{\"@type\":\"ListItem\",\"position\":1,\"name\":\"Portada\",\"item\":\"https:\\\/\\\/www.laguiadepamplona.com\\\/actualidad\\\/\"},{\"@type\":\"ListItem\",\"position\":2,\"name\":\"Bertsoaroa acoge una nueva actuaci\u00f3n de bertsolaris de primer nivel ma\u00f1ana jueves en la sala el Instituto de la Plaza de la Cruz\"}]},{\"@type\":\"WebSite\",\"@id\":\"https:\\\/\\\/www.laguiadepamplona.com\\\/actualidad\\\/#website\",\"url\":\"https:\\\/\\\/www.laguiadepamplona.com\\\/actualidad\\\/\",\"name\":\"La gu\u00eda de Pamplona\",\"description\":\"Noticias de Pamplona\",\"publisher\":{\"@id\":\"https:\\\/\\\/www.laguiadepamplona.com\\\/actualidad\\\/#organization\"},\"potentialAction\":[{\"@type\":\"SearchAction\",\"target\":{\"@type\":\"EntryPoint\",\"urlTemplate\":\"https:\\\/\\\/www.laguiadepamplona.com\\\/actualidad\\\/?s={search_term_string}\"},\"query-input\":{\"@type\":\"PropertyValueSpecification\",\"valueRequired\":true,\"valueName\":\"search_term_string\"}}],\"inLanguage\":\"es\"},{\"@type\":\"Organization\",\"@id\":\"https:\\\/\\\/www.laguiadepamplona.com\\\/actualidad\\\/#organization\",\"name\":\"La Gu\u00eda de Pamplona \\\/ Noticias\",\"url\":\"https:\\\/\\\/www.laguiadepamplona.com\\\/actualidad\\\/\",\"logo\":{\"@type\":\"ImageObject\",\"inLanguage\":\"es\",\"@id\":\"https:\\\/\\\/www.laguiadepamplona.com\\\/actualidad\\\/#\\\/schema\\\/logo\\\/image\\\/\",\"url\":\"https:\\\/\\\/www.laguiadepamplona.com\\\/actualidad\\\/wp-content\\\/uploads\\\/2018\\\/11\\\/logo-laguiadepamplona18-web1.png\",\"contentUrl\":\"https:\\\/\\\/www.laguiadepamplona.com\\\/actualidad\\\/wp-content\\\/uploads\\\/2018\\\/11\\\/logo-laguiadepamplona18-web1.png\",\"width\":600,\"height\":196,\"caption\":\"La Gu\u00eda de Pamplona \\\/ Noticias\"},\"image\":{\"@id\":\"https:\\\/\\\/www.laguiadepamplona.com\\\/actualidad\\\/#\\\/schema\\\/logo\\\/image\\\/\"},\"sameAs\":[\"https:\\\/\\\/www.facebook.com\\\/laguiadepamplonacom-133175176762273\\\/?ref=hl\",\"https:\\\/\\\/x.com\\\/LaGuiadPamplona\",\"https:\\\/\\\/www.instagram.com\\\/la_guia_de_pamplona\\\/\",\"https:\\\/\\\/www.youtube.com\\\/user\\\/laguiadepamplona\"]},{\"@type\":\"Person\",\"@id\":\"https:\\\/\\\/www.laguiadepamplona.com\\\/actualidad\\\/#\\\/schema\\\/person\\\/efe887376f0213d4657c93adc50b1fdb\",\"name\":\"La Gu\u00eda de Pamplona\",\"image\":{\"@type\":\"ImageObject\",\"inLanguage\":\"es\",\"@id\":\"https:\\\/\\\/secure.gravatar.com\\\/avatar\\\/b6992f131dc8d30ab0dff15446e9d346d9dbd95992de0fef795073f5ea83a81c?s=96&d=mm&r=g\",\"url\":\"https:\\\/\\\/secure.gravatar.com\\\/avatar\\\/b6992f131dc8d30ab0dff15446e9d346d9dbd95992de0fef795073f5ea83a81c?s=96&d=mm&r=g\",\"contentUrl\":\"https:\\\/\\\/secure.gravatar.com\\\/avatar\\\/b6992f131dc8d30ab0dff15446e9d346d9dbd95992de0fef795073f5ea83a81c?s=96&d=mm&r=g\",\"caption\":\"La Gu\u00eda de Pamplona\"}}]}<\/script>\n<!-- \/ Yoast SEO plugin. -->","yoast_head_json":{"title":"Bertsoaroa acoge una nueva actuaci\u00f3n de bertsolaris de primer nivel ma\u00f1ana jueves en la sala el Instituto de la Plaza de la Cruz","robots":{"index":"index","follow":"follow","max-snippet":"max-snippet:-1","max-image-preview":"max-image-preview:large","max-video-preview":"max-video-preview:-1"},"canonical":"https:\/\/www.laguiadepamplona.com\/actualidad\/bertsoaroa-acoge-una-nueva-actuacion-de-bertsolaris-de-primer-nivel-manana-jueves-en-la-sala-el-instituto-de-la-plaza-de-la-cruz\/","og_locale":"es_ES","og_type":"article","og_title":"Bertsoaroa acoge una nueva actuaci\u00f3n de bertsolaris de primer nivel ma\u00f1ana jueves en la sala el Instituto de la Plaza de la Cruz","og_description":"Actuar\u00e1n Amets Arzallus, Igor Elortza, Julio Soto, Alaia Martin, Xabi Maia y Saioa Alkaiza a partir de las 20 horas, con entrada libre","og_url":"https:\/\/www.laguiadepamplona.com\/actualidad\/bertsoaroa-acoge-una-nueva-actuacion-de-bertsolaris-de-primer-nivel-manana-jueves-en-la-sala-el-instituto-de-la-plaza-de-la-cruz\/","og_site_name":"La Gu\u00eda de Pamplona","article_publisher":"https:\/\/www.facebook.com\/laguiadepamplonacom-133175176762273\/?ref=hl","article_published_time":"2017-11-22T10:51:42+00:00","og_image":[{"width":1200,"height":800,"url":"https:\/\/www.laguiadepamplona.com\/actualidad\/wp-content\/uploads\/2017\/11\/1200px-Maialen_Lujanbio_bertsolaria_2008an.jpg","type":"image\/jpeg"}],"author":"La Gu\u00eda de Pamplona","twitter_card":"summary_large_image","twitter_creator":"@LaGuiadPamplona","twitter_site":"@LaGuiadPamplona","twitter_misc":{"Escrito por":"La Gu\u00eda de Pamplona","Tiempo de lectura":"4 minutos"},"schema":{"@context":"https:\/\/schema.org","@graph":[{"@type":"Article","@id":"https:\/\/www.laguiadepamplona.com\/actualidad\/bertsoaroa-acoge-una-nueva-actuacion-de-bertsolaris-de-primer-nivel-manana-jueves-en-la-sala-el-instituto-de-la-plaza-de-la-cruz\/#article","isPartOf":{"@id":"https:\/\/www.laguiadepamplona.com\/actualidad\/bertsoaroa-acoge-una-nueva-actuacion-de-bertsolaris-de-primer-nivel-manana-jueves-en-la-sala-el-instituto-de-la-plaza-de-la-cruz\/"},"author":{"name":"La Gu\u00eda de Pamplona","@id":"https:\/\/www.laguiadepamplona.com\/actualidad\/#\/schema\/person\/efe887376f0213d4657c93adc50b1fdb"},"headline":"Bertsoaroa acoge una nueva actuaci\u00f3n de bertsolaris de primer nivel ma\u00f1ana jueves en la sala el Instituto de la Plaza de la Cruz","datePublished":"2017-11-22T10:51:42+00:00","mainEntityOfPage":{"@id":"https:\/\/www.laguiadepamplona.com\/actualidad\/bertsoaroa-acoge-una-nueva-actuacion-de-bertsolaris-de-primer-nivel-manana-jueves-en-la-sala-el-instituto-de-la-plaza-de-la-cruz\/"},"wordCount":854,"commentCount":0,"publisher":{"@id":"https:\/\/www.laguiadepamplona.com\/actualidad\/#organization"},"image":{"@id":"https:\/\/www.laguiadepamplona.com\/actualidad\/bertsoaroa-acoge-una-nueva-actuacion-de-bertsolaris-de-primer-nivel-manana-jueves-en-la-sala-el-instituto-de-la-plaza-de-la-cruz\/#primaryimage"},"thumbnailUrl":"https:\/\/www.laguiadepamplona.com\/actualidad\/wp-content\/uploads\/2017\/11\/1200px-Maialen_Lujanbio_bertsolaria_2008an.jpg","articleSection":["Ayto Pamplona"],"inLanguage":"es","potentialAction":[{"@type":"CommentAction","name":"Comment","target":["https:\/\/www.laguiadepamplona.com\/actualidad\/bertsoaroa-acoge-una-nueva-actuacion-de-bertsolaris-de-primer-nivel-manana-jueves-en-la-sala-el-instituto-de-la-plaza-de-la-cruz\/#respond"]}]},{"@type":"WebPage","@id":"https:\/\/www.laguiadepamplona.com\/actualidad\/bertsoaroa-acoge-una-nueva-actuacion-de-bertsolaris-de-primer-nivel-manana-jueves-en-la-sala-el-instituto-de-la-plaza-de-la-cruz\/","url":"https:\/\/www.laguiadepamplona.com\/actualidad\/bertsoaroa-acoge-una-nueva-actuacion-de-bertsolaris-de-primer-nivel-manana-jueves-en-la-sala-el-instituto-de-la-plaza-de-la-cruz\/","name":"Bertsoaroa acoge una nueva actuaci\u00f3n de bertsolaris de primer nivel ma\u00f1ana jueves en la sala el Instituto de la Plaza de la Cruz","isPartOf":{"@id":"https:\/\/www.laguiadepamplona.com\/actualidad\/#website"},"primaryImageOfPage":{"@id":"https:\/\/www.laguiadepamplona.com\/actualidad\/bertsoaroa-acoge-una-nueva-actuacion-de-bertsolaris-de-primer-nivel-manana-jueves-en-la-sala-el-instituto-de-la-plaza-de-la-cruz\/#primaryimage"},"image":{"@id":"https:\/\/www.laguiadepamplona.com\/actualidad\/bertsoaroa-acoge-una-nueva-actuacion-de-bertsolaris-de-primer-nivel-manana-jueves-en-la-sala-el-instituto-de-la-plaza-de-la-cruz\/#primaryimage"},"thumbnailUrl":"https:\/\/www.laguiadepamplona.com\/actualidad\/wp-content\/uploads\/2017\/11\/1200px-Maialen_Lujanbio_bertsolaria_2008an.jpg","datePublished":"2017-11-22T10:51:42+00:00","breadcrumb":{"@id":"https:\/\/www.laguiadepamplona.com\/actualidad\/bertsoaroa-acoge-una-nueva-actuacion-de-bertsolaris-de-primer-nivel-manana-jueves-en-la-sala-el-instituto-de-la-plaza-de-la-cruz\/#breadcrumb"},"inLanguage":"es","potentialAction":[{"@type":"ReadAction","target":["https:\/\/www.laguiadepamplona.com\/actualidad\/bertsoaroa-acoge-una-nueva-actuacion-de-bertsolaris-de-primer-nivel-manana-jueves-en-la-sala-el-instituto-de-la-plaza-de-la-cruz\/"]}]},{"@type":"ImageObject","inLanguage":"es","@id":"https:\/\/www.laguiadepamplona.com\/actualidad\/bertsoaroa-acoge-una-nueva-actuacion-de-bertsolaris-de-primer-nivel-manana-jueves-en-la-sala-el-instituto-de-la-plaza-de-la-cruz\/#primaryimage","url":"https:\/\/www.laguiadepamplona.com\/actualidad\/wp-content\/uploads\/2017\/11\/1200px-Maialen_Lujanbio_bertsolaria_2008an.jpg","contentUrl":"https:\/\/www.laguiadepamplona.com\/actualidad\/wp-content\/uploads\/2017\/11\/1200px-Maialen_Lujanbio_bertsolaria_2008an.jpg","width":1200,"height":800},{"@type":"BreadcrumbList","@id":"https:\/\/www.laguiadepamplona.com\/actualidad\/bertsoaroa-acoge-una-nueva-actuacion-de-bertsolaris-de-primer-nivel-manana-jueves-en-la-sala-el-instituto-de-la-plaza-de-la-cruz\/#breadcrumb","itemListElement":[{"@type":"ListItem","position":1,"name":"Portada","item":"https:\/\/www.laguiadepamplona.com\/actualidad\/"},{"@type":"ListItem","position":2,"name":"Bertsoaroa acoge una nueva actuaci\u00f3n de bertsolaris de primer nivel ma\u00f1ana jueves en la sala el Instituto de la Plaza de la Cruz"}]},{"@type":"WebSite","@id":"https:\/\/www.laguiadepamplona.com\/actualidad\/#website","url":"https:\/\/www.laguiadepamplona.com\/actualidad\/","name":"La gu\u00eda de Pamplona","description":"Noticias de Pamplona","publisher":{"@id":"https:\/\/www.laguiadepamplona.com\/actualidad\/#organization"},"potentialAction":[{"@type":"SearchAction","target":{"@type":"EntryPoint","urlTemplate":"https:\/\/www.laguiadepamplona.com\/actualidad\/?s={search_term_string}"},"query-input":{"@type":"PropertyValueSpecification","valueRequired":true,"valueName":"search_term_string"}}],"inLanguage":"es"},{"@type":"Organization","@id":"https:\/\/www.laguiadepamplona.com\/actualidad\/#organization","name":"La Gu\u00eda de Pamplona \/ Noticias","url":"https:\/\/www.laguiadepamplona.com\/actualidad\/","logo":{"@type":"ImageObject","inLanguage":"es","@id":"https:\/\/www.laguiadepamplona.com\/actualidad\/#\/schema\/logo\/image\/","url":"https:\/\/www.laguiadepamplona.com\/actualidad\/wp-content\/uploads\/2018\/11\/logo-laguiadepamplona18-web1.png","contentUrl":"https:\/\/www.laguiadepamplona.com\/actualidad\/wp-content\/uploads\/2018\/11\/logo-laguiadepamplona18-web1.png","width":600,"height":196,"caption":"La Gu\u00eda de Pamplona \/ Noticias"},"image":{"@id":"https:\/\/www.laguiadepamplona.com\/actualidad\/#\/schema\/logo\/image\/"},"sameAs":["https:\/\/www.facebook.com\/laguiadepamplonacom-133175176762273\/?ref=hl","https:\/\/x.com\/LaGuiadPamplona","https:\/\/www.instagram.com\/la_guia_de_pamplona\/","https:\/\/www.youtube.com\/user\/laguiadepamplona"]},{"@type":"Person","@id":"https:\/\/www.laguiadepamplona.com\/actualidad\/#\/schema\/person\/efe887376f0213d4657c93adc50b1fdb","name":"La Gu\u00eda de Pamplona","image":{"@type":"ImageObject","inLanguage":"es","@id":"https:\/\/secure.gravatar.com\/avatar\/b6992f131dc8d30ab0dff15446e9d346d9dbd95992de0fef795073f5ea83a81c?s=96&d=mm&r=g","url":"https:\/\/secure.gravatar.com\/avatar\/b6992f131dc8d30ab0dff15446e9d346d9dbd95992de0fef795073f5ea83a81c?s=96&d=mm&r=g","contentUrl":"https:\/\/secure.gravatar.com\/avatar\/b6992f131dc8d30ab0dff15446e9d346d9dbd95992de0fef795073f5ea83a81c?s=96&d=mm&r=g","caption":"La Gu\u00eda de Pamplona"}}]}},"post_mailing_queue_ids":[],"_links":{"self":[{"href":"https:\/\/www.laguiadepamplona.com\/actualidad\/wp-json\/wp\/v2\/posts\/15249","targetHints":{"allow":["GET"]}}],"collection":[{"href":"https:\/\/www.laguiadepamplona.com\/actualidad\/wp-json\/wp\/v2\/posts"}],"about":[{"href":"https:\/\/www.laguiadepamplona.com\/actualidad\/wp-json\/wp\/v2\/types\/post"}],"author":[{"embeddable":true,"href":"https:\/\/www.laguiadepamplona.com\/actualidad\/wp-json\/wp\/v2\/users\/1"}],"replies":[{"embeddable":true,"href":"https:\/\/www.laguiadepamplona.com\/actualidad\/wp-json\/wp\/v2\/comments?post=15249"}],"version-history":[{"count":0,"href":"https:\/\/www.laguiadepamplona.com\/actualidad\/wp-json\/wp\/v2\/posts\/15249\/revisions"}],"wp:featuredmedia":[{"embeddable":true,"href":"https:\/\/www.laguiadepamplona.com\/actualidad\/wp-json\/wp\/v2\/media\/14984"}],"wp:attachment":[{"href":"https:\/\/www.laguiadepamplona.com\/actualidad\/wp-json\/wp\/v2\/media?parent=15249"}],"wp:term":[{"taxonomy":"category","embeddable":true,"href":"https:\/\/www.laguiadepamplona.com\/actualidad\/wp-json\/wp\/v2\/categories?post=15249"},{"taxonomy":"post_tag","embeddable":true,"href":"https:\/\/www.laguiadepamplona.com\/actualidad\/wp-json\/wp\/v2\/tags?post=15249"}],"curies":[{"name":"wp","href":"https:\/\/api.w.org\/{rel}","templated":true}]}}