{"id":15243,"date":"2017-11-22T11:49:28","date_gmt":"2017-11-22T10:49:28","guid":{"rendered":"http:\/\/laguiadepamplona.es\/actualidad\/?p=15243"},"modified":"2017-11-22T11:49:50","modified_gmt":"2017-11-22T10:49:50","slug":"la-casa-de-la-juventud-propone-fabricar-este-sabado-velas-moradas-para-visibilizar-la-necesidad-de-luchar-contra-la-violencia-hacia-las-mujeres","status":"publish","type":"post","link":"https:\/\/www.laguiadepamplona.com\/actualidad\/la-casa-de-la-juventud-propone-fabricar-este-sabado-velas-moradas-para-visibilizar-la-necesidad-de-luchar-contra-la-violencia-hacia-las-mujeres\/","title":{"rendered":"La Casa de la Juventud propone fabricar este s\u00e1bado velas moradas para visibilizar la necesidad de luchar contra la violencia hacia las mujeres"},"content":{"rendered":"<h3>El taller pertenece a las actividades del D\u00eda Internacional y su mensaje se mantendr\u00e1 todo el d\u00eda regalando velas y pins a quienes se acerquen<\/h3>\n<p><!--more--><\/p>\n<p>La Casa de la Juventud celebrar\u00e1 ma\u00f1ana un \u2018Taller de elaboraci\u00f3n de velas moradas\u2019 dentro de las actividades municipales en conmemoraci\u00f3n del D\u00eda Internacional contra la violencia hacia las mujeres. Y es que precisamente ser\u00e1 este s\u00e1bado 25 de noviembre de 11.30 a 13.30 horas, y estar\u00e1 impartido por Jos\u00e9 Antonio Vidaurre, especialista en plantas medicinales y aromaterapia, y habitual colaborador en los cursos de la Casa. El taller, dirigido a j\u00f3venes de 14 a 30 a\u00f1os, ser\u00e1 gratuito y tendr\u00e1 entrada libre. El l\u00edmite de personas participantes ser\u00e1 de 30 personas.<\/p>\n<p>En este taller, de dos horas de duraci\u00f3n, las personas participantes aprender\u00e1n a fabricar de forma artesanal una peque\u00f1a vela de color lila. Sus llamas ser\u00e1n la forma simb\u00f3lica de \u2018dar luz\u2019 sobre una lacra social que supone la vulneraci\u00f3n de derechos b\u00e1sicos de la mitad de la poblaci\u00f3n. El color morado de la cera, alude a la lucha feminista por la igualdad entre mujeres y hombres.<\/p>\n<p>Para la elaboraci\u00f3n de estos elementos se utilizar\u00e1n ingredientes naturales f\u00e1ciles de conseguir como parafina alimentaria, cera de abeja e hilo para hacer de mecha. Las velas se podr\u00e1n perfumar con aceite y esencias naturales como lavanda, s\u00e1ndalo o romero y el acabado de color se realizar\u00e1 mezclando colorantes naturales (rojo y azul en diferentes proporciones). Los materiales para el taller los aportar\u00e1 la Casa de la Juventud.<\/p>\n<p><a href=\"http:\/\/laguiadepamplona.es\/actualidad\/wp-content\/uploads\/2017\/11\/17.11.21_cartel_velas_violencia_mujeres_juventud.jpg\"><img loading=\"lazy\" decoding=\"async\" class=\"alignleft size-medium wp-image-15244\" src=\"http:\/\/laguiadepamplona.es\/actualidad\/wp-content\/uploads\/2017\/11\/17.11.21_cartel_velas_violencia_mujeres_juventud-300x212.jpg\" alt=\"\" width=\"300\" height=\"212\" srcset=\"https:\/\/www.laguiadepamplona.com\/actualidad\/wp-content\/uploads\/2017\/11\/17.11.21_cartel_velas_violencia_mujeres_juventud-300x212.jpg 300w, https:\/\/www.laguiadepamplona.com\/actualidad\/wp-content\/uploads\/2017\/11\/17.11.21_cartel_velas_violencia_mujeres_juventud-768x543.jpg 768w, https:\/\/www.laguiadepamplona.com\/actualidad\/wp-content\/uploads\/2017\/11\/17.11.21_cartel_velas_violencia_mujeres_juventud.jpg 1000w\" sizes=\"auto, (max-width: 300px) 100vw, 300px\" \/><\/a>Seg\u00fan el proyecto Scopio del Centro Reina Sof\u00eda, un centro privado promovido por la Fundaci\u00f3n de Ayuda contra la Drogadicci\u00f3n, uno de cada 4 j\u00f3venes de entre 15 y 19 a\u00f1os considera normal la violencia de g\u00e9nero dentro de la pareja. As\u00ed, parece importante continuar trasladando en el tiempo el mensaje de claro rechazo a la violencia ejercida contra las mujeres, tambi\u00e9n entre la poblaci\u00f3n joven. Por ese motivo, el s\u00e1bado 25 de noviembre, , tambi\u00e9n se les regalar\u00e1 una vela morada y una insignia (pin) con la mano morada (hasta agotar existencias) a quienes se pasen por las instalaciones de la Casa a hacer alguna actividad, o se inscriban en alguno de sus cursos. La Casa de la Juventud dispone de 300 unidades de esos materiales.<\/p>\n<p>&nbsp;<\/p>\n","protected":false},"excerpt":{"rendered":"<p>El taller pertenece a las actividades del D\u00eda Internacional y su mensaje se mantendr\u00e1 todo el d\u00eda regalando velas y pins a quienes se acerquen<\/p>\n","protected":false},"author":1,"featured_media":15244,"comment_status":"open","ping_status":"closed","sticky":false,"template":"","format":"standard","meta":{"footnotes":""},"categories":[2],"tags":[],"class_list":["post-15243","post","type-post","status-publish","format-standard","has-post-thumbnail","hentry","category-ayuntamiento-pamplona"],"yoast_head":"<!-- This site is optimized with the Yoast SEO plugin v27.5 - https:\/\/yoast.com\/product\/yoast-seo-wordpress\/ -->\n<title>La Casa de la Juventud propone fabricar este s\u00e1bado velas moradas para visibilizar la necesidad de luchar contra la violencia hacia las mujeres<\/title>\n<meta name=\"robots\" content=\"index, follow, max-snippet:-1, max-image-preview:large, max-video-preview:-1\" \/>\n<link rel=\"canonical\" href=\"https:\/\/www.laguiadepamplona.com\/actualidad\/la-casa-de-la-juventud-propone-fabricar-este-sabado-velas-moradas-para-visibilizar-la-necesidad-de-luchar-contra-la-violencia-hacia-las-mujeres\/\" \/>\n<meta property=\"og:locale\" content=\"es_ES\" \/>\n<meta property=\"og:type\" content=\"article\" \/>\n<meta property=\"og:title\" content=\"La Casa de la Juventud propone fabricar este s\u00e1bado velas moradas para visibilizar la necesidad de luchar contra la violencia hacia las mujeres\" \/>\n<meta property=\"og:description\" content=\"El taller pertenece a las actividades del D\u00eda Internacional y su mensaje se mantendr\u00e1 todo el d\u00eda regalando velas y pins a quienes se acerquen\" \/>\n<meta property=\"og:url\" content=\"https:\/\/www.laguiadepamplona.com\/actualidad\/la-casa-de-la-juventud-propone-fabricar-este-sabado-velas-moradas-para-visibilizar-la-necesidad-de-luchar-contra-la-violencia-hacia-las-mujeres\/\" \/>\n<meta property=\"og:site_name\" content=\"La Gu\u00eda de Pamplona\" \/>\n<meta property=\"article:publisher\" content=\"https:\/\/www.facebook.com\/laguiadepamplonacom-133175176762273\/?ref=hl\" \/>\n<meta property=\"article:published_time\" content=\"2017-11-22T10:49:28+00:00\" \/>\n<meta property=\"article:modified_time\" content=\"2017-11-22T10:49:50+00:00\" \/>\n<meta property=\"og:image\" content=\"https:\/\/www.laguiadepamplona.com\/actualidad\/wp-content\/uploads\/2017\/11\/17.11.21_cartel_velas_violencia_mujeres_juventud.jpg\" \/>\n\t<meta property=\"og:image:width\" content=\"1000\" \/>\n\t<meta property=\"og:image:height\" content=\"707\" \/>\n\t<meta property=\"og:image:type\" content=\"image\/jpeg\" \/>\n<meta name=\"author\" content=\"La Gu\u00eda de Pamplona\" \/>\n<meta name=\"twitter:card\" content=\"summary_large_image\" \/>\n<meta name=\"twitter:creator\" content=\"@LaGuiadPamplona\" \/>\n<meta name=\"twitter:site\" content=\"@LaGuiadPamplona\" \/>\n<meta name=\"twitter:label1\" content=\"Escrito por\" \/>\n\t<meta name=\"twitter:data1\" content=\"La Gu\u00eda de Pamplona\" \/>\n\t<meta name=\"twitter:label2\" content=\"Tiempo de lectura\" \/>\n\t<meta name=\"twitter:data2\" content=\"2 minutos\" \/>\n<script type=\"application\/ld+json\" class=\"yoast-schema-graph\">{\"@context\":\"https:\\\/\\\/schema.org\",\"@graph\":[{\"@type\":\"Article\",\"@id\":\"https:\\\/\\\/www.laguiadepamplona.com\\\/actualidad\\\/la-casa-de-la-juventud-propone-fabricar-este-sabado-velas-moradas-para-visibilizar-la-necesidad-de-luchar-contra-la-violencia-hacia-las-mujeres\\\/#article\",\"isPartOf\":{\"@id\":\"https:\\\/\\\/www.laguiadepamplona.com\\\/actualidad\\\/la-casa-de-la-juventud-propone-fabricar-este-sabado-velas-moradas-para-visibilizar-la-necesidad-de-luchar-contra-la-violencia-hacia-las-mujeres\\\/\"},\"author\":{\"name\":\"La Gu\u00eda de Pamplona\",\"@id\":\"https:\\\/\\\/www.laguiadepamplona.com\\\/actualidad\\\/#\\\/schema\\\/person\\\/efe887376f0213d4657c93adc50b1fdb\"},\"headline\":\"La Casa de la Juventud propone fabricar este s\u00e1bado velas moradas para visibilizar la necesidad de luchar contra la violencia hacia las mujeres\",\"datePublished\":\"2017-11-22T10:49:28+00:00\",\"dateModified\":\"2017-11-22T10:49:50+00:00\",\"mainEntityOfPage\":{\"@id\":\"https:\\\/\\\/www.laguiadepamplona.com\\\/actualidad\\\/la-casa-de-la-juventud-propone-fabricar-este-sabado-velas-moradas-para-visibilizar-la-necesidad-de-luchar-contra-la-violencia-hacia-las-mujeres\\\/\"},\"wordCount\":426,\"commentCount\":0,\"publisher\":{\"@id\":\"https:\\\/\\\/www.laguiadepamplona.com\\\/actualidad\\\/#organization\"},\"image\":{\"@id\":\"https:\\\/\\\/www.laguiadepamplona.com\\\/actualidad\\\/la-casa-de-la-juventud-propone-fabricar-este-sabado-velas-moradas-para-visibilizar-la-necesidad-de-luchar-contra-la-violencia-hacia-las-mujeres\\\/#primaryimage\"},\"thumbnailUrl\":\"https:\\\/\\\/www.laguiadepamplona.com\\\/actualidad\\\/wp-content\\\/uploads\\\/2017\\\/11\\\/17.11.21_cartel_velas_violencia_mujeres_juventud.jpg\",\"articleSection\":[\"Ayto Pamplona\"],\"inLanguage\":\"es\",\"potentialAction\":[{\"@type\":\"CommentAction\",\"name\":\"Comment\",\"target\":[\"https:\\\/\\\/www.laguiadepamplona.com\\\/actualidad\\\/la-casa-de-la-juventud-propone-fabricar-este-sabado-velas-moradas-para-visibilizar-la-necesidad-de-luchar-contra-la-violencia-hacia-las-mujeres\\\/#respond\"]}]},{\"@type\":\"WebPage\",\"@id\":\"https:\\\/\\\/www.laguiadepamplona.com\\\/actualidad\\\/la-casa-de-la-juventud-propone-fabricar-este-sabado-velas-moradas-para-visibilizar-la-necesidad-de-luchar-contra-la-violencia-hacia-las-mujeres\\\/\",\"url\":\"https:\\\/\\\/www.laguiadepamplona.com\\\/actualidad\\\/la-casa-de-la-juventud-propone-fabricar-este-sabado-velas-moradas-para-visibilizar-la-necesidad-de-luchar-contra-la-violencia-hacia-las-mujeres\\\/\",\"name\":\"La Casa de la Juventud propone fabricar este s\u00e1bado velas moradas para visibilizar la necesidad de luchar contra la violencia hacia las mujeres\",\"isPartOf\":{\"@id\":\"https:\\\/\\\/www.laguiadepamplona.com\\\/actualidad\\\/#website\"},\"primaryImageOfPage\":{\"@id\":\"https:\\\/\\\/www.laguiadepamplona.com\\\/actualidad\\\/la-casa-de-la-juventud-propone-fabricar-este-sabado-velas-moradas-para-visibilizar-la-necesidad-de-luchar-contra-la-violencia-hacia-las-mujeres\\\/#primaryimage\"},\"image\":{\"@id\":\"https:\\\/\\\/www.laguiadepamplona.com\\\/actualidad\\\/la-casa-de-la-juventud-propone-fabricar-este-sabado-velas-moradas-para-visibilizar-la-necesidad-de-luchar-contra-la-violencia-hacia-las-mujeres\\\/#primaryimage\"},\"thumbnailUrl\":\"https:\\\/\\\/www.laguiadepamplona.com\\\/actualidad\\\/wp-content\\\/uploads\\\/2017\\\/11\\\/17.11.21_cartel_velas_violencia_mujeres_juventud.jpg\",\"datePublished\":\"2017-11-22T10:49:28+00:00\",\"dateModified\":\"2017-11-22T10:49:50+00:00\",\"breadcrumb\":{\"@id\":\"https:\\\/\\\/www.laguiadepamplona.com\\\/actualidad\\\/la-casa-de-la-juventud-propone-fabricar-este-sabado-velas-moradas-para-visibilizar-la-necesidad-de-luchar-contra-la-violencia-hacia-las-mujeres\\\/#breadcrumb\"},\"inLanguage\":\"es\",\"potentialAction\":[{\"@type\":\"ReadAction\",\"target\":[\"https:\\\/\\\/www.laguiadepamplona.com\\\/actualidad\\\/la-casa-de-la-juventud-propone-fabricar-este-sabado-velas-moradas-para-visibilizar-la-necesidad-de-luchar-contra-la-violencia-hacia-las-mujeres\\\/\"]}]},{\"@type\":\"ImageObject\",\"inLanguage\":\"es\",\"@id\":\"https:\\\/\\\/www.laguiadepamplona.com\\\/actualidad\\\/la-casa-de-la-juventud-propone-fabricar-este-sabado-velas-moradas-para-visibilizar-la-necesidad-de-luchar-contra-la-violencia-hacia-las-mujeres\\\/#primaryimage\",\"url\":\"https:\\\/\\\/www.laguiadepamplona.com\\\/actualidad\\\/wp-content\\\/uploads\\\/2017\\\/11\\\/17.11.21_cartel_velas_violencia_mujeres_juventud.jpg\",\"contentUrl\":\"https:\\\/\\\/www.laguiadepamplona.com\\\/actualidad\\\/wp-content\\\/uploads\\\/2017\\\/11\\\/17.11.21_cartel_velas_violencia_mujeres_juventud.jpg\",\"width\":1000,\"height\":707},{\"@type\":\"BreadcrumbList\",\"@id\":\"https:\\\/\\\/www.laguiadepamplona.com\\\/actualidad\\\/la-casa-de-la-juventud-propone-fabricar-este-sabado-velas-moradas-para-visibilizar-la-necesidad-de-luchar-contra-la-violencia-hacia-las-mujeres\\\/#breadcrumb\",\"itemListElement\":[{\"@type\":\"ListItem\",\"position\":1,\"name\":\"Portada\",\"item\":\"https:\\\/\\\/www.laguiadepamplona.com\\\/actualidad\\\/\"},{\"@type\":\"ListItem\",\"position\":2,\"name\":\"La Casa de la Juventud propone fabricar este s\u00e1bado velas moradas para visibilizar la necesidad de luchar contra la violencia hacia las mujeres\"}]},{\"@type\":\"WebSite\",\"@id\":\"https:\\\/\\\/www.laguiadepamplona.com\\\/actualidad\\\/#website\",\"url\":\"https:\\\/\\\/www.laguiadepamplona.com\\\/actualidad\\\/\",\"name\":\"La gu\u00eda de Pamplona\",\"description\":\"Noticias de Pamplona\",\"publisher\":{\"@id\":\"https:\\\/\\\/www.laguiadepamplona.com\\\/actualidad\\\/#organization\"},\"potentialAction\":[{\"@type\":\"SearchAction\",\"target\":{\"@type\":\"EntryPoint\",\"urlTemplate\":\"https:\\\/\\\/www.laguiadepamplona.com\\\/actualidad\\\/?s={search_term_string}\"},\"query-input\":{\"@type\":\"PropertyValueSpecification\",\"valueRequired\":true,\"valueName\":\"search_term_string\"}}],\"inLanguage\":\"es\"},{\"@type\":\"Organization\",\"@id\":\"https:\\\/\\\/www.laguiadepamplona.com\\\/actualidad\\\/#organization\",\"name\":\"La Gu\u00eda de Pamplona \\\/ Noticias\",\"url\":\"https:\\\/\\\/www.laguiadepamplona.com\\\/actualidad\\\/\",\"logo\":{\"@type\":\"ImageObject\",\"inLanguage\":\"es\",\"@id\":\"https:\\\/\\\/www.laguiadepamplona.com\\\/actualidad\\\/#\\\/schema\\\/logo\\\/image\\\/\",\"url\":\"https:\\\/\\\/www.laguiadepamplona.com\\\/actualidad\\\/wp-content\\\/uploads\\\/2018\\\/11\\\/logo-laguiadepamplona18-web1.png\",\"contentUrl\":\"https:\\\/\\\/www.laguiadepamplona.com\\\/actualidad\\\/wp-content\\\/uploads\\\/2018\\\/11\\\/logo-laguiadepamplona18-web1.png\",\"width\":600,\"height\":196,\"caption\":\"La Gu\u00eda de Pamplona \\\/ Noticias\"},\"image\":{\"@id\":\"https:\\\/\\\/www.laguiadepamplona.com\\\/actualidad\\\/#\\\/schema\\\/logo\\\/image\\\/\"},\"sameAs\":[\"https:\\\/\\\/www.facebook.com\\\/laguiadepamplonacom-133175176762273\\\/?ref=hl\",\"https:\\\/\\\/x.com\\\/LaGuiadPamplona\",\"https:\\\/\\\/www.instagram.com\\\/la_guia_de_pamplona\\\/\",\"https:\\\/\\\/www.youtube.com\\\/user\\\/laguiadepamplona\"]},{\"@type\":\"Person\",\"@id\":\"https:\\\/\\\/www.laguiadepamplona.com\\\/actualidad\\\/#\\\/schema\\\/person\\\/efe887376f0213d4657c93adc50b1fdb\",\"name\":\"La Gu\u00eda de Pamplona\",\"image\":{\"@type\":\"ImageObject\",\"inLanguage\":\"es\",\"@id\":\"https:\\\/\\\/secure.gravatar.com\\\/avatar\\\/b6992f131dc8d30ab0dff15446e9d346d9dbd95992de0fef795073f5ea83a81c?s=96&d=mm&r=g\",\"url\":\"https:\\\/\\\/secure.gravatar.com\\\/avatar\\\/b6992f131dc8d30ab0dff15446e9d346d9dbd95992de0fef795073f5ea83a81c?s=96&d=mm&r=g\",\"contentUrl\":\"https:\\\/\\\/secure.gravatar.com\\\/avatar\\\/b6992f131dc8d30ab0dff15446e9d346d9dbd95992de0fef795073f5ea83a81c?s=96&d=mm&r=g\",\"caption\":\"La Gu\u00eda de Pamplona\"}}]}<\/script>\n<!-- \/ Yoast SEO plugin. -->","yoast_head_json":{"title":"La Casa de la Juventud propone fabricar este s\u00e1bado velas moradas para visibilizar la necesidad de luchar contra la violencia hacia las mujeres","robots":{"index":"index","follow":"follow","max-snippet":"max-snippet:-1","max-image-preview":"max-image-preview:large","max-video-preview":"max-video-preview:-1"},"canonical":"https:\/\/www.laguiadepamplona.com\/actualidad\/la-casa-de-la-juventud-propone-fabricar-este-sabado-velas-moradas-para-visibilizar-la-necesidad-de-luchar-contra-la-violencia-hacia-las-mujeres\/","og_locale":"es_ES","og_type":"article","og_title":"La Casa de la Juventud propone fabricar este s\u00e1bado velas moradas para visibilizar la necesidad de luchar contra la violencia hacia las mujeres","og_description":"El taller pertenece a las actividades del D\u00eda Internacional y su mensaje se mantendr\u00e1 todo el d\u00eda regalando velas y pins a quienes se acerquen","og_url":"https:\/\/www.laguiadepamplona.com\/actualidad\/la-casa-de-la-juventud-propone-fabricar-este-sabado-velas-moradas-para-visibilizar-la-necesidad-de-luchar-contra-la-violencia-hacia-las-mujeres\/","og_site_name":"La Gu\u00eda de Pamplona","article_publisher":"https:\/\/www.facebook.com\/laguiadepamplonacom-133175176762273\/?ref=hl","article_published_time":"2017-11-22T10:49:28+00:00","article_modified_time":"2017-11-22T10:49:50+00:00","og_image":[{"width":1000,"height":707,"url":"https:\/\/www.laguiadepamplona.com\/actualidad\/wp-content\/uploads\/2017\/11\/17.11.21_cartel_velas_violencia_mujeres_juventud.jpg","type":"image\/jpeg"}],"author":"La Gu\u00eda de Pamplona","twitter_card":"summary_large_image","twitter_creator":"@LaGuiadPamplona","twitter_site":"@LaGuiadPamplona","twitter_misc":{"Escrito por":"La Gu\u00eda de Pamplona","Tiempo de lectura":"2 minutos"},"schema":{"@context":"https:\/\/schema.org","@graph":[{"@type":"Article","@id":"https:\/\/www.laguiadepamplona.com\/actualidad\/la-casa-de-la-juventud-propone-fabricar-este-sabado-velas-moradas-para-visibilizar-la-necesidad-de-luchar-contra-la-violencia-hacia-las-mujeres\/#article","isPartOf":{"@id":"https:\/\/www.laguiadepamplona.com\/actualidad\/la-casa-de-la-juventud-propone-fabricar-este-sabado-velas-moradas-para-visibilizar-la-necesidad-de-luchar-contra-la-violencia-hacia-las-mujeres\/"},"author":{"name":"La Gu\u00eda de Pamplona","@id":"https:\/\/www.laguiadepamplona.com\/actualidad\/#\/schema\/person\/efe887376f0213d4657c93adc50b1fdb"},"headline":"La Casa de la Juventud propone fabricar este s\u00e1bado velas moradas para visibilizar la necesidad de luchar contra la violencia hacia las mujeres","datePublished":"2017-11-22T10:49:28+00:00","dateModified":"2017-11-22T10:49:50+00:00","mainEntityOfPage":{"@id":"https:\/\/www.laguiadepamplona.com\/actualidad\/la-casa-de-la-juventud-propone-fabricar-este-sabado-velas-moradas-para-visibilizar-la-necesidad-de-luchar-contra-la-violencia-hacia-las-mujeres\/"},"wordCount":426,"commentCount":0,"publisher":{"@id":"https:\/\/www.laguiadepamplona.com\/actualidad\/#organization"},"image":{"@id":"https:\/\/www.laguiadepamplona.com\/actualidad\/la-casa-de-la-juventud-propone-fabricar-este-sabado-velas-moradas-para-visibilizar-la-necesidad-de-luchar-contra-la-violencia-hacia-las-mujeres\/#primaryimage"},"thumbnailUrl":"https:\/\/www.laguiadepamplona.com\/actualidad\/wp-content\/uploads\/2017\/11\/17.11.21_cartel_velas_violencia_mujeres_juventud.jpg","articleSection":["Ayto Pamplona"],"inLanguage":"es","potentialAction":[{"@type":"CommentAction","name":"Comment","target":["https:\/\/www.laguiadepamplona.com\/actualidad\/la-casa-de-la-juventud-propone-fabricar-este-sabado-velas-moradas-para-visibilizar-la-necesidad-de-luchar-contra-la-violencia-hacia-las-mujeres\/#respond"]}]},{"@type":"WebPage","@id":"https:\/\/www.laguiadepamplona.com\/actualidad\/la-casa-de-la-juventud-propone-fabricar-este-sabado-velas-moradas-para-visibilizar-la-necesidad-de-luchar-contra-la-violencia-hacia-las-mujeres\/","url":"https:\/\/www.laguiadepamplona.com\/actualidad\/la-casa-de-la-juventud-propone-fabricar-este-sabado-velas-moradas-para-visibilizar-la-necesidad-de-luchar-contra-la-violencia-hacia-las-mujeres\/","name":"La Casa de la Juventud propone fabricar este s\u00e1bado velas moradas para visibilizar la necesidad de luchar contra la violencia hacia las mujeres","isPartOf":{"@id":"https:\/\/www.laguiadepamplona.com\/actualidad\/#website"},"primaryImageOfPage":{"@id":"https:\/\/www.laguiadepamplona.com\/actualidad\/la-casa-de-la-juventud-propone-fabricar-este-sabado-velas-moradas-para-visibilizar-la-necesidad-de-luchar-contra-la-violencia-hacia-las-mujeres\/#primaryimage"},"image":{"@id":"https:\/\/www.laguiadepamplona.com\/actualidad\/la-casa-de-la-juventud-propone-fabricar-este-sabado-velas-moradas-para-visibilizar-la-necesidad-de-luchar-contra-la-violencia-hacia-las-mujeres\/#primaryimage"},"thumbnailUrl":"https:\/\/www.laguiadepamplona.com\/actualidad\/wp-content\/uploads\/2017\/11\/17.11.21_cartel_velas_violencia_mujeres_juventud.jpg","datePublished":"2017-11-22T10:49:28+00:00","dateModified":"2017-11-22T10:49:50+00:00","breadcrumb":{"@id":"https:\/\/www.laguiadepamplona.com\/actualidad\/la-casa-de-la-juventud-propone-fabricar-este-sabado-velas-moradas-para-visibilizar-la-necesidad-de-luchar-contra-la-violencia-hacia-las-mujeres\/#breadcrumb"},"inLanguage":"es","potentialAction":[{"@type":"ReadAction","target":["https:\/\/www.laguiadepamplona.com\/actualidad\/la-casa-de-la-juventud-propone-fabricar-este-sabado-velas-moradas-para-visibilizar-la-necesidad-de-luchar-contra-la-violencia-hacia-las-mujeres\/"]}]},{"@type":"ImageObject","inLanguage":"es","@id":"https:\/\/www.laguiadepamplona.com\/actualidad\/la-casa-de-la-juventud-propone-fabricar-este-sabado-velas-moradas-para-visibilizar-la-necesidad-de-luchar-contra-la-violencia-hacia-las-mujeres\/#primaryimage","url":"https:\/\/www.laguiadepamplona.com\/actualidad\/wp-content\/uploads\/2017\/11\/17.11.21_cartel_velas_violencia_mujeres_juventud.jpg","contentUrl":"https:\/\/www.laguiadepamplona.com\/actualidad\/wp-content\/uploads\/2017\/11\/17.11.21_cartel_velas_violencia_mujeres_juventud.jpg","width":1000,"height":707},{"@type":"BreadcrumbList","@id":"https:\/\/www.laguiadepamplona.com\/actualidad\/la-casa-de-la-juventud-propone-fabricar-este-sabado-velas-moradas-para-visibilizar-la-necesidad-de-luchar-contra-la-violencia-hacia-las-mujeres\/#breadcrumb","itemListElement":[{"@type":"ListItem","position":1,"name":"Portada","item":"https:\/\/www.laguiadepamplona.com\/actualidad\/"},{"@type":"ListItem","position":2,"name":"La Casa de la Juventud propone fabricar este s\u00e1bado velas moradas para visibilizar la necesidad de luchar contra la violencia hacia las mujeres"}]},{"@type":"WebSite","@id":"https:\/\/www.laguiadepamplona.com\/actualidad\/#website","url":"https:\/\/www.laguiadepamplona.com\/actualidad\/","name":"La gu\u00eda de Pamplona","description":"Noticias de Pamplona","publisher":{"@id":"https:\/\/www.laguiadepamplona.com\/actualidad\/#organization"},"potentialAction":[{"@type":"SearchAction","target":{"@type":"EntryPoint","urlTemplate":"https:\/\/www.laguiadepamplona.com\/actualidad\/?s={search_term_string}"},"query-input":{"@type":"PropertyValueSpecification","valueRequired":true,"valueName":"search_term_string"}}],"inLanguage":"es"},{"@type":"Organization","@id":"https:\/\/www.laguiadepamplona.com\/actualidad\/#organization","name":"La Gu\u00eda de Pamplona \/ Noticias","url":"https:\/\/www.laguiadepamplona.com\/actualidad\/","logo":{"@type":"ImageObject","inLanguage":"es","@id":"https:\/\/www.laguiadepamplona.com\/actualidad\/#\/schema\/logo\/image\/","url":"https:\/\/www.laguiadepamplona.com\/actualidad\/wp-content\/uploads\/2018\/11\/logo-laguiadepamplona18-web1.png","contentUrl":"https:\/\/www.laguiadepamplona.com\/actualidad\/wp-content\/uploads\/2018\/11\/logo-laguiadepamplona18-web1.png","width":600,"height":196,"caption":"La Gu\u00eda de Pamplona \/ Noticias"},"image":{"@id":"https:\/\/www.laguiadepamplona.com\/actualidad\/#\/schema\/logo\/image\/"},"sameAs":["https:\/\/www.facebook.com\/laguiadepamplonacom-133175176762273\/?ref=hl","https:\/\/x.com\/LaGuiadPamplona","https:\/\/www.instagram.com\/la_guia_de_pamplona\/","https:\/\/www.youtube.com\/user\/laguiadepamplona"]},{"@type":"Person","@id":"https:\/\/www.laguiadepamplona.com\/actualidad\/#\/schema\/person\/efe887376f0213d4657c93adc50b1fdb","name":"La Gu\u00eda de Pamplona","image":{"@type":"ImageObject","inLanguage":"es","@id":"https:\/\/secure.gravatar.com\/avatar\/b6992f131dc8d30ab0dff15446e9d346d9dbd95992de0fef795073f5ea83a81c?s=96&d=mm&r=g","url":"https:\/\/secure.gravatar.com\/avatar\/b6992f131dc8d30ab0dff15446e9d346d9dbd95992de0fef795073f5ea83a81c?s=96&d=mm&r=g","contentUrl":"https:\/\/secure.gravatar.com\/avatar\/b6992f131dc8d30ab0dff15446e9d346d9dbd95992de0fef795073f5ea83a81c?s=96&d=mm&r=g","caption":"La Gu\u00eda de Pamplona"}}]}},"post_mailing_queue_ids":[],"_links":{"self":[{"href":"https:\/\/www.laguiadepamplona.com\/actualidad\/wp-json\/wp\/v2\/posts\/15243","targetHints":{"allow":["GET"]}}],"collection":[{"href":"https:\/\/www.laguiadepamplona.com\/actualidad\/wp-json\/wp\/v2\/posts"}],"about":[{"href":"https:\/\/www.laguiadepamplona.com\/actualidad\/wp-json\/wp\/v2\/types\/post"}],"author":[{"embeddable":true,"href":"https:\/\/www.laguiadepamplona.com\/actualidad\/wp-json\/wp\/v2\/users\/1"}],"replies":[{"embeddable":true,"href":"https:\/\/www.laguiadepamplona.com\/actualidad\/wp-json\/wp\/v2\/comments?post=15243"}],"version-history":[{"count":0,"href":"https:\/\/www.laguiadepamplona.com\/actualidad\/wp-json\/wp\/v2\/posts\/15243\/revisions"}],"wp:featuredmedia":[{"embeddable":true,"href":"https:\/\/www.laguiadepamplona.com\/actualidad\/wp-json\/wp\/v2\/media\/15244"}],"wp:attachment":[{"href":"https:\/\/www.laguiadepamplona.com\/actualidad\/wp-json\/wp\/v2\/media?parent=15243"}],"wp:term":[{"taxonomy":"category","embeddable":true,"href":"https:\/\/www.laguiadepamplona.com\/actualidad\/wp-json\/wp\/v2\/categories?post=15243"},{"taxonomy":"post_tag","embeddable":true,"href":"https:\/\/www.laguiadepamplona.com\/actualidad\/wp-json\/wp\/v2\/tags?post=15243"}],"curies":[{"name":"wp","href":"https:\/\/api.w.org\/{rel}","templated":true}]}}