{"id":15239,"date":"2017-11-22T11:47:38","date_gmt":"2017-11-22T10:47:38","guid":{"rendered":"http:\/\/laguiadepamplona.es\/actualidad\/?p=15239"},"modified":"2017-11-22T11:47:38","modified_gmt":"2017-11-22T10:47:38","slug":"continua-manana-el-ciclo-municipal-de-danza-contemporanea-con-el-espectaculo-drei-de-paloma-pieldearena","status":"publish","type":"post","link":"https:\/\/www.laguiadepamplona.com\/actualidad\/continua-manana-el-ciclo-municipal-de-danza-contemporanea-con-el-espectaculo-drei-de-paloma-pieldearena\/","title":{"rendered":"Continua ma\u00f1ana el ciclo municipal de danza contempor\u00e1nea con el espect\u00e1culo \u2018Drei\u2019 de Paloma.pieldEarenA"},"content":{"rendered":"<h3>Civivox Iturrama acoger\u00e1 esta obra de Paloma Hurtado pensada para p\u00fablico joven y adulto a las 20 horas<\/h3>\n<p><!--more--><\/p>\n<p><a href=\"http:\/\/laguiadepamplona.es\/actualidad\/wp-content\/uploads\/2017\/11\/17.11.22_danz_drei1.jpg\"><img loading=\"lazy\" decoding=\"async\" class=\"alignleft size-medium wp-image-15241\" src=\"http:\/\/laguiadepamplona.es\/actualidad\/wp-content\/uploads\/2017\/11\/17.11.22_danz_drei1-204x300.jpg\" alt=\"\" width=\"204\" height=\"300\" srcset=\"https:\/\/www.laguiadepamplona.com\/actualidad\/wp-content\/uploads\/2017\/11\/17.11.22_danz_drei1-204x300.jpg 204w, https:\/\/www.laguiadepamplona.com\/actualidad\/wp-content\/uploads\/2017\/11\/17.11.22_danz_drei1-300x441.jpg 300w, https:\/\/www.laguiadepamplona.com\/actualidad\/wp-content\/uploads\/2017\/11\/17.11.22_danz_drei1.jpg 681w\" sizes=\"auto, (max-width: 204px) 100vw, 204px\" \/><\/a>Contin\u00faa ma\u00f1ana el ciclo de espect\u00e1culos de danza contempor\u00e1nea de peque\u00f1o formato en Civivox Iturrama con la actuaci\u00f3n, a las 20 horas, de Paloma.pieldEarenA, el proyecto de Paloma Hurtado. La sesi\u00f3n est\u00e1 dirigida a un p\u00fablico joven y adulto.<\/p>\n<p>La coreograf\u00eda se llama \u2018Drei\u2019, dura aproximadamente 45 minutos y acoge tres piezas diferentes (\u00c4\u00e4ni\u00e4, Desert Rose y Mintaka), con lenguajes multidisciplinares. La puesta en escena de esta creaci\u00f3n es fruto de la colaboraci\u00f3n de la bailarina malague\u00f1a Paloma Hurtado, tambi\u00e9n autora de las coreograf\u00edas, y el m\u00fasico de Lanzarote Samuel Aguilar, cuyas trayectorias profesionales se han ido cruzando en los \u00faltimos a\u00f1os. \u2018Drei\u2019 se estren\u00f3 el 30 de enero de 2016 en el Teatro Victoria de Santa Cruz de Tenerife.<\/p>\n<p>Paloma.pieldEarenA se crea en 2012 con la intenci\u00f3n de abrir un espacio de creaci\u00f3n con el cuerpo como paisaje del alma y en la idea de generar encuentros entre personas (creadores y espectadores) para poder compartir momentos de reflexi\u00f3n. Con la experiencia de ocho espect\u00e1culos a sus espaldas, la compa\u00f1\u00eda se encuentra ahora trabajando en el proyecto de gran formato Labranza- 2016-17, realizado a partir del proyecto desarrollado durante el \u00faltimo a\u00f1o con el Colectivo Lamajara.<\/p>\n<p>El ciclo municipal \u2018DanZ\u2019 se extender\u00e1 hasta el 31 de enero. Las entradas para los espect\u00e1culos pueden adquirirse en civivox Iturrama o a trav\u00e9s de internet (<a href=\"http:\/\/www.pamplona.es\/\" target=\"_blank\" rel=\"noopener\">www.pamplona.es<\/a> o <a href=\"http:\/\/www.pamplonaescultura.es\/\" target=\"_blank\" rel=\"noopener\">www.pamplonaescultura.es<\/a>) al precio de 3 euros. El siguiente espect\u00e1culo dentro de esta oferta ser\u00e1 \u2018Mukuki\u2019, una obra espec\u00edficamente destinada a p\u00fablico infantil que tendr\u00e1 lugar el s\u00e1bado 2 de diciembre, a las 18 horas, y que est\u00e1 indicada para menores a partir de 2 a\u00f1os.<\/p>\n<p><strong>DanZ Espacio de danza<\/strong><\/p>\n<p><strong><u>ESPECT\u00c1CULOS<\/u><\/strong><\/p>\n<p><strong>Lugar: Civivox Iturrama<\/strong><\/p>\n<p>Precio de los espect\u00e1culos: 3 euros<\/p>\n<p><strong>Jueves 23 de noviembre<\/strong><\/p>\n<ul>\n<li>Paloma.pieldEarenA<\/li>\n<li>20 horas<\/li>\n<\/ul>\n<p><strong>S\u00e1bado 2 de diciembre<\/strong><\/p>\n<ul>\n<li>Mukuki Compa\u00f1\u00eda EnAmbar Danza<\/li>\n<li>Espect\u00e1culo infantil. A partir de 2 a\u00f1os<\/li>\n<li>18 horas<\/li>\n<\/ul>\n<p>&nbsp;<\/p>\n","protected":false},"excerpt":{"rendered":"<p>Civivox Iturrama acoger\u00e1 esta obra de Paloma Hurtado pensada para p\u00fablico joven y adulto a las 20 horas<\/p>\n","protected":false},"author":1,"featured_media":15240,"comment_status":"open","ping_status":"closed","sticky":false,"template":"","format":"standard","meta":{"footnotes":""},"categories":[2],"tags":[],"class_list":["post-15239","post","type-post","status-publish","format-standard","has-post-thumbnail","hentry","category-ayuntamiento-pamplona"],"yoast_head":"<!-- This site is optimized with the Yoast SEO plugin v27.5 - https:\/\/yoast.com\/product\/yoast-seo-wordpress\/ -->\n<title>Continua ma\u00f1ana el ciclo municipal de danza contempor\u00e1nea con el espect\u00e1culo \u2018Drei\u2019 de Paloma.pieldEarenA<\/title>\n<meta name=\"robots\" content=\"index, follow, max-snippet:-1, max-image-preview:large, max-video-preview:-1\" \/>\n<link rel=\"canonical\" href=\"https:\/\/www.laguiadepamplona.com\/actualidad\/continua-manana-el-ciclo-municipal-de-danza-contemporanea-con-el-espectaculo-drei-de-paloma-pieldearena\/\" \/>\n<meta property=\"og:locale\" content=\"es_ES\" \/>\n<meta property=\"og:type\" content=\"article\" \/>\n<meta property=\"og:title\" content=\"Continua ma\u00f1ana el ciclo municipal de danza contempor\u00e1nea con el espect\u00e1culo \u2018Drei\u2019 de Paloma.pieldEarenA\" \/>\n<meta property=\"og:description\" content=\"Civivox Iturrama acoger\u00e1 esta obra de Paloma Hurtado pensada para p\u00fablico joven y adulto a las 20 horas\" \/>\n<meta property=\"og:url\" content=\"https:\/\/www.laguiadepamplona.com\/actualidad\/continua-manana-el-ciclo-municipal-de-danza-contemporanea-con-el-espectaculo-drei-de-paloma-pieldearena\/\" \/>\n<meta property=\"og:site_name\" content=\"La Gu\u00eda de Pamplona\" \/>\n<meta property=\"article:publisher\" content=\"https:\/\/www.facebook.com\/laguiadepamplonacom-133175176762273\/?ref=hl\" \/>\n<meta property=\"article:published_time\" content=\"2017-11-22T10:47:38+00:00\" \/>\n<meta property=\"og:image\" content=\"https:\/\/www.laguiadepamplona.com\/actualidad\/wp-content\/uploads\/2017\/11\/17.11.20_danz_drei2.jpg\" \/>\n\t<meta property=\"og:image:width\" content=\"1000\" \/>\n\t<meta property=\"og:image:height\" content=\"666\" \/>\n\t<meta property=\"og:image:type\" content=\"image\/jpeg\" \/>\n<meta name=\"author\" content=\"La Gu\u00eda de Pamplona\" \/>\n<meta name=\"twitter:card\" content=\"summary_large_image\" \/>\n<meta name=\"twitter:creator\" content=\"@LaGuiadPamplona\" \/>\n<meta name=\"twitter:site\" content=\"@LaGuiadPamplona\" \/>\n<meta name=\"twitter:label1\" content=\"Escrito por\" \/>\n\t<meta name=\"twitter:data1\" content=\"La Gu\u00eda de Pamplona\" \/>\n\t<meta name=\"twitter:label2\" content=\"Tiempo de lectura\" \/>\n\t<meta name=\"twitter:data2\" content=\"2 minutos\" \/>\n<script type=\"application\/ld+json\" class=\"yoast-schema-graph\">{\"@context\":\"https:\\\/\\\/schema.org\",\"@graph\":[{\"@type\":\"Article\",\"@id\":\"https:\\\/\\\/www.laguiadepamplona.com\\\/actualidad\\\/continua-manana-el-ciclo-municipal-de-danza-contemporanea-con-el-espectaculo-drei-de-paloma-pieldearena\\\/#article\",\"isPartOf\":{\"@id\":\"https:\\\/\\\/www.laguiadepamplona.com\\\/actualidad\\\/continua-manana-el-ciclo-municipal-de-danza-contemporanea-con-el-espectaculo-drei-de-paloma-pieldearena\\\/\"},\"author\":{\"name\":\"La Gu\u00eda de Pamplona\",\"@id\":\"https:\\\/\\\/www.laguiadepamplona.com\\\/actualidad\\\/#\\\/schema\\\/person\\\/efe887376f0213d4657c93adc50b1fdb\"},\"headline\":\"Continua ma\u00f1ana el ciclo municipal de danza contempor\u00e1nea con el espect\u00e1culo \u2018Drei\u2019 de Paloma.pieldEarenA\",\"datePublished\":\"2017-11-22T10:47:38+00:00\",\"mainEntityOfPage\":{\"@id\":\"https:\\\/\\\/www.laguiadepamplona.com\\\/actualidad\\\/continua-manana-el-ciclo-municipal-de-danza-contemporanea-con-el-espectaculo-drei-de-paloma-pieldearena\\\/\"},\"wordCount\":370,\"commentCount\":0,\"publisher\":{\"@id\":\"https:\\\/\\\/www.laguiadepamplona.com\\\/actualidad\\\/#organization\"},\"image\":{\"@id\":\"https:\\\/\\\/www.laguiadepamplona.com\\\/actualidad\\\/continua-manana-el-ciclo-municipal-de-danza-contemporanea-con-el-espectaculo-drei-de-paloma-pieldearena\\\/#primaryimage\"},\"thumbnailUrl\":\"https:\\\/\\\/www.laguiadepamplona.com\\\/actualidad\\\/wp-content\\\/uploads\\\/2017\\\/11\\\/17.11.20_danz_drei2.jpg\",\"articleSection\":[\"Ayto Pamplona\"],\"inLanguage\":\"es\",\"potentialAction\":[{\"@type\":\"CommentAction\",\"name\":\"Comment\",\"target\":[\"https:\\\/\\\/www.laguiadepamplona.com\\\/actualidad\\\/continua-manana-el-ciclo-municipal-de-danza-contemporanea-con-el-espectaculo-drei-de-paloma-pieldearena\\\/#respond\"]}]},{\"@type\":\"WebPage\",\"@id\":\"https:\\\/\\\/www.laguiadepamplona.com\\\/actualidad\\\/continua-manana-el-ciclo-municipal-de-danza-contemporanea-con-el-espectaculo-drei-de-paloma-pieldearena\\\/\",\"url\":\"https:\\\/\\\/www.laguiadepamplona.com\\\/actualidad\\\/continua-manana-el-ciclo-municipal-de-danza-contemporanea-con-el-espectaculo-drei-de-paloma-pieldearena\\\/\",\"name\":\"Continua ma\u00f1ana el ciclo municipal de danza contempor\u00e1nea con el espect\u00e1culo \u2018Drei\u2019 de Paloma.pieldEarenA\",\"isPartOf\":{\"@id\":\"https:\\\/\\\/www.laguiadepamplona.com\\\/actualidad\\\/#website\"},\"primaryImageOfPage\":{\"@id\":\"https:\\\/\\\/www.laguiadepamplona.com\\\/actualidad\\\/continua-manana-el-ciclo-municipal-de-danza-contemporanea-con-el-espectaculo-drei-de-paloma-pieldearena\\\/#primaryimage\"},\"image\":{\"@id\":\"https:\\\/\\\/www.laguiadepamplona.com\\\/actualidad\\\/continua-manana-el-ciclo-municipal-de-danza-contemporanea-con-el-espectaculo-drei-de-paloma-pieldearena\\\/#primaryimage\"},\"thumbnailUrl\":\"https:\\\/\\\/www.laguiadepamplona.com\\\/actualidad\\\/wp-content\\\/uploads\\\/2017\\\/11\\\/17.11.20_danz_drei2.jpg\",\"datePublished\":\"2017-11-22T10:47:38+00:00\",\"breadcrumb\":{\"@id\":\"https:\\\/\\\/www.laguiadepamplona.com\\\/actualidad\\\/continua-manana-el-ciclo-municipal-de-danza-contemporanea-con-el-espectaculo-drei-de-paloma-pieldearena\\\/#breadcrumb\"},\"inLanguage\":\"es\",\"potentialAction\":[{\"@type\":\"ReadAction\",\"target\":[\"https:\\\/\\\/www.laguiadepamplona.com\\\/actualidad\\\/continua-manana-el-ciclo-municipal-de-danza-contemporanea-con-el-espectaculo-drei-de-paloma-pieldearena\\\/\"]}]},{\"@type\":\"ImageObject\",\"inLanguage\":\"es\",\"@id\":\"https:\\\/\\\/www.laguiadepamplona.com\\\/actualidad\\\/continua-manana-el-ciclo-municipal-de-danza-contemporanea-con-el-espectaculo-drei-de-paloma-pieldearena\\\/#primaryimage\",\"url\":\"https:\\\/\\\/www.laguiadepamplona.com\\\/actualidad\\\/wp-content\\\/uploads\\\/2017\\\/11\\\/17.11.20_danz_drei2.jpg\",\"contentUrl\":\"https:\\\/\\\/www.laguiadepamplona.com\\\/actualidad\\\/wp-content\\\/uploads\\\/2017\\\/11\\\/17.11.20_danz_drei2.jpg\",\"width\":1000,\"height\":666},{\"@type\":\"BreadcrumbList\",\"@id\":\"https:\\\/\\\/www.laguiadepamplona.com\\\/actualidad\\\/continua-manana-el-ciclo-municipal-de-danza-contemporanea-con-el-espectaculo-drei-de-paloma-pieldearena\\\/#breadcrumb\",\"itemListElement\":[{\"@type\":\"ListItem\",\"position\":1,\"name\":\"Portada\",\"item\":\"https:\\\/\\\/www.laguiadepamplona.com\\\/actualidad\\\/\"},{\"@type\":\"ListItem\",\"position\":2,\"name\":\"Continua ma\u00f1ana el ciclo municipal de danza contempor\u00e1nea con el espect\u00e1culo \u2018Drei\u2019 de Paloma.pieldEarenA\"}]},{\"@type\":\"WebSite\",\"@id\":\"https:\\\/\\\/www.laguiadepamplona.com\\\/actualidad\\\/#website\",\"url\":\"https:\\\/\\\/www.laguiadepamplona.com\\\/actualidad\\\/\",\"name\":\"La gu\u00eda de Pamplona\",\"description\":\"Noticias de Pamplona\",\"publisher\":{\"@id\":\"https:\\\/\\\/www.laguiadepamplona.com\\\/actualidad\\\/#organization\"},\"potentialAction\":[{\"@type\":\"SearchAction\",\"target\":{\"@type\":\"EntryPoint\",\"urlTemplate\":\"https:\\\/\\\/www.laguiadepamplona.com\\\/actualidad\\\/?s={search_term_string}\"},\"query-input\":{\"@type\":\"PropertyValueSpecification\",\"valueRequired\":true,\"valueName\":\"search_term_string\"}}],\"inLanguage\":\"es\"},{\"@type\":\"Organization\",\"@id\":\"https:\\\/\\\/www.laguiadepamplona.com\\\/actualidad\\\/#organization\",\"name\":\"La Gu\u00eda de Pamplona \\\/ Noticias\",\"url\":\"https:\\\/\\\/www.laguiadepamplona.com\\\/actualidad\\\/\",\"logo\":{\"@type\":\"ImageObject\",\"inLanguage\":\"es\",\"@id\":\"https:\\\/\\\/www.laguiadepamplona.com\\\/actualidad\\\/#\\\/schema\\\/logo\\\/image\\\/\",\"url\":\"https:\\\/\\\/www.laguiadepamplona.com\\\/actualidad\\\/wp-content\\\/uploads\\\/2018\\\/11\\\/logo-laguiadepamplona18-web1.png\",\"contentUrl\":\"https:\\\/\\\/www.laguiadepamplona.com\\\/actualidad\\\/wp-content\\\/uploads\\\/2018\\\/11\\\/logo-laguiadepamplona18-web1.png\",\"width\":600,\"height\":196,\"caption\":\"La Gu\u00eda de Pamplona \\\/ Noticias\"},\"image\":{\"@id\":\"https:\\\/\\\/www.laguiadepamplona.com\\\/actualidad\\\/#\\\/schema\\\/logo\\\/image\\\/\"},\"sameAs\":[\"https:\\\/\\\/www.facebook.com\\\/laguiadepamplonacom-133175176762273\\\/?ref=hl\",\"https:\\\/\\\/x.com\\\/LaGuiadPamplona\",\"https:\\\/\\\/www.instagram.com\\\/la_guia_de_pamplona\\\/\",\"https:\\\/\\\/www.youtube.com\\\/user\\\/laguiadepamplona\"]},{\"@type\":\"Person\",\"@id\":\"https:\\\/\\\/www.laguiadepamplona.com\\\/actualidad\\\/#\\\/schema\\\/person\\\/efe887376f0213d4657c93adc50b1fdb\",\"name\":\"La Gu\u00eda de Pamplona\",\"image\":{\"@type\":\"ImageObject\",\"inLanguage\":\"es\",\"@id\":\"https:\\\/\\\/secure.gravatar.com\\\/avatar\\\/b6992f131dc8d30ab0dff15446e9d346d9dbd95992de0fef795073f5ea83a81c?s=96&d=mm&r=g\",\"url\":\"https:\\\/\\\/secure.gravatar.com\\\/avatar\\\/b6992f131dc8d30ab0dff15446e9d346d9dbd95992de0fef795073f5ea83a81c?s=96&d=mm&r=g\",\"contentUrl\":\"https:\\\/\\\/secure.gravatar.com\\\/avatar\\\/b6992f131dc8d30ab0dff15446e9d346d9dbd95992de0fef795073f5ea83a81c?s=96&d=mm&r=g\",\"caption\":\"La Gu\u00eda de Pamplona\"}}]}<\/script>\n<!-- \/ Yoast SEO plugin. -->","yoast_head_json":{"title":"Continua ma\u00f1ana el ciclo municipal de danza contempor\u00e1nea con el espect\u00e1culo \u2018Drei\u2019 de Paloma.pieldEarenA","robots":{"index":"index","follow":"follow","max-snippet":"max-snippet:-1","max-image-preview":"max-image-preview:large","max-video-preview":"max-video-preview:-1"},"canonical":"https:\/\/www.laguiadepamplona.com\/actualidad\/continua-manana-el-ciclo-municipal-de-danza-contemporanea-con-el-espectaculo-drei-de-paloma-pieldearena\/","og_locale":"es_ES","og_type":"article","og_title":"Continua ma\u00f1ana el ciclo municipal de danza contempor\u00e1nea con el espect\u00e1culo \u2018Drei\u2019 de Paloma.pieldEarenA","og_description":"Civivox Iturrama acoger\u00e1 esta obra de Paloma Hurtado pensada para p\u00fablico joven y adulto a las 20 horas","og_url":"https:\/\/www.laguiadepamplona.com\/actualidad\/continua-manana-el-ciclo-municipal-de-danza-contemporanea-con-el-espectaculo-drei-de-paloma-pieldearena\/","og_site_name":"La Gu\u00eda de Pamplona","article_publisher":"https:\/\/www.facebook.com\/laguiadepamplonacom-133175176762273\/?ref=hl","article_published_time":"2017-11-22T10:47:38+00:00","og_image":[{"width":1000,"height":666,"url":"https:\/\/www.laguiadepamplona.com\/actualidad\/wp-content\/uploads\/2017\/11\/17.11.20_danz_drei2.jpg","type":"image\/jpeg"}],"author":"La Gu\u00eda de Pamplona","twitter_card":"summary_large_image","twitter_creator":"@LaGuiadPamplona","twitter_site":"@LaGuiadPamplona","twitter_misc":{"Escrito por":"La Gu\u00eda de Pamplona","Tiempo de lectura":"2 minutos"},"schema":{"@context":"https:\/\/schema.org","@graph":[{"@type":"Article","@id":"https:\/\/www.laguiadepamplona.com\/actualidad\/continua-manana-el-ciclo-municipal-de-danza-contemporanea-con-el-espectaculo-drei-de-paloma-pieldearena\/#article","isPartOf":{"@id":"https:\/\/www.laguiadepamplona.com\/actualidad\/continua-manana-el-ciclo-municipal-de-danza-contemporanea-con-el-espectaculo-drei-de-paloma-pieldearena\/"},"author":{"name":"La Gu\u00eda de Pamplona","@id":"https:\/\/www.laguiadepamplona.com\/actualidad\/#\/schema\/person\/efe887376f0213d4657c93adc50b1fdb"},"headline":"Continua ma\u00f1ana el ciclo municipal de danza contempor\u00e1nea con el espect\u00e1culo \u2018Drei\u2019 de Paloma.pieldEarenA","datePublished":"2017-11-22T10:47:38+00:00","mainEntityOfPage":{"@id":"https:\/\/www.laguiadepamplona.com\/actualidad\/continua-manana-el-ciclo-municipal-de-danza-contemporanea-con-el-espectaculo-drei-de-paloma-pieldearena\/"},"wordCount":370,"commentCount":0,"publisher":{"@id":"https:\/\/www.laguiadepamplona.com\/actualidad\/#organization"},"image":{"@id":"https:\/\/www.laguiadepamplona.com\/actualidad\/continua-manana-el-ciclo-municipal-de-danza-contemporanea-con-el-espectaculo-drei-de-paloma-pieldearena\/#primaryimage"},"thumbnailUrl":"https:\/\/www.laguiadepamplona.com\/actualidad\/wp-content\/uploads\/2017\/11\/17.11.20_danz_drei2.jpg","articleSection":["Ayto Pamplona"],"inLanguage":"es","potentialAction":[{"@type":"CommentAction","name":"Comment","target":["https:\/\/www.laguiadepamplona.com\/actualidad\/continua-manana-el-ciclo-municipal-de-danza-contemporanea-con-el-espectaculo-drei-de-paloma-pieldearena\/#respond"]}]},{"@type":"WebPage","@id":"https:\/\/www.laguiadepamplona.com\/actualidad\/continua-manana-el-ciclo-municipal-de-danza-contemporanea-con-el-espectaculo-drei-de-paloma-pieldearena\/","url":"https:\/\/www.laguiadepamplona.com\/actualidad\/continua-manana-el-ciclo-municipal-de-danza-contemporanea-con-el-espectaculo-drei-de-paloma-pieldearena\/","name":"Continua ma\u00f1ana el ciclo municipal de danza contempor\u00e1nea con el espect\u00e1culo \u2018Drei\u2019 de Paloma.pieldEarenA","isPartOf":{"@id":"https:\/\/www.laguiadepamplona.com\/actualidad\/#website"},"primaryImageOfPage":{"@id":"https:\/\/www.laguiadepamplona.com\/actualidad\/continua-manana-el-ciclo-municipal-de-danza-contemporanea-con-el-espectaculo-drei-de-paloma-pieldearena\/#primaryimage"},"image":{"@id":"https:\/\/www.laguiadepamplona.com\/actualidad\/continua-manana-el-ciclo-municipal-de-danza-contemporanea-con-el-espectaculo-drei-de-paloma-pieldearena\/#primaryimage"},"thumbnailUrl":"https:\/\/www.laguiadepamplona.com\/actualidad\/wp-content\/uploads\/2017\/11\/17.11.20_danz_drei2.jpg","datePublished":"2017-11-22T10:47:38+00:00","breadcrumb":{"@id":"https:\/\/www.laguiadepamplona.com\/actualidad\/continua-manana-el-ciclo-municipal-de-danza-contemporanea-con-el-espectaculo-drei-de-paloma-pieldearena\/#breadcrumb"},"inLanguage":"es","potentialAction":[{"@type":"ReadAction","target":["https:\/\/www.laguiadepamplona.com\/actualidad\/continua-manana-el-ciclo-municipal-de-danza-contemporanea-con-el-espectaculo-drei-de-paloma-pieldearena\/"]}]},{"@type":"ImageObject","inLanguage":"es","@id":"https:\/\/www.laguiadepamplona.com\/actualidad\/continua-manana-el-ciclo-municipal-de-danza-contemporanea-con-el-espectaculo-drei-de-paloma-pieldearena\/#primaryimage","url":"https:\/\/www.laguiadepamplona.com\/actualidad\/wp-content\/uploads\/2017\/11\/17.11.20_danz_drei2.jpg","contentUrl":"https:\/\/www.laguiadepamplona.com\/actualidad\/wp-content\/uploads\/2017\/11\/17.11.20_danz_drei2.jpg","width":1000,"height":666},{"@type":"BreadcrumbList","@id":"https:\/\/www.laguiadepamplona.com\/actualidad\/continua-manana-el-ciclo-municipal-de-danza-contemporanea-con-el-espectaculo-drei-de-paloma-pieldearena\/#breadcrumb","itemListElement":[{"@type":"ListItem","position":1,"name":"Portada","item":"https:\/\/www.laguiadepamplona.com\/actualidad\/"},{"@type":"ListItem","position":2,"name":"Continua ma\u00f1ana el ciclo municipal de danza contempor\u00e1nea con el espect\u00e1culo \u2018Drei\u2019 de Paloma.pieldEarenA"}]},{"@type":"WebSite","@id":"https:\/\/www.laguiadepamplona.com\/actualidad\/#website","url":"https:\/\/www.laguiadepamplona.com\/actualidad\/","name":"La gu\u00eda de Pamplona","description":"Noticias de Pamplona","publisher":{"@id":"https:\/\/www.laguiadepamplona.com\/actualidad\/#organization"},"potentialAction":[{"@type":"SearchAction","target":{"@type":"EntryPoint","urlTemplate":"https:\/\/www.laguiadepamplona.com\/actualidad\/?s={search_term_string}"},"query-input":{"@type":"PropertyValueSpecification","valueRequired":true,"valueName":"search_term_string"}}],"inLanguage":"es"},{"@type":"Organization","@id":"https:\/\/www.laguiadepamplona.com\/actualidad\/#organization","name":"La Gu\u00eda de Pamplona \/ Noticias","url":"https:\/\/www.laguiadepamplona.com\/actualidad\/","logo":{"@type":"ImageObject","inLanguage":"es","@id":"https:\/\/www.laguiadepamplona.com\/actualidad\/#\/schema\/logo\/image\/","url":"https:\/\/www.laguiadepamplona.com\/actualidad\/wp-content\/uploads\/2018\/11\/logo-laguiadepamplona18-web1.png","contentUrl":"https:\/\/www.laguiadepamplona.com\/actualidad\/wp-content\/uploads\/2018\/11\/logo-laguiadepamplona18-web1.png","width":600,"height":196,"caption":"La Gu\u00eda de Pamplona \/ Noticias"},"image":{"@id":"https:\/\/www.laguiadepamplona.com\/actualidad\/#\/schema\/logo\/image\/"},"sameAs":["https:\/\/www.facebook.com\/laguiadepamplonacom-133175176762273\/?ref=hl","https:\/\/x.com\/LaGuiadPamplona","https:\/\/www.instagram.com\/la_guia_de_pamplona\/","https:\/\/www.youtube.com\/user\/laguiadepamplona"]},{"@type":"Person","@id":"https:\/\/www.laguiadepamplona.com\/actualidad\/#\/schema\/person\/efe887376f0213d4657c93adc50b1fdb","name":"La Gu\u00eda de Pamplona","image":{"@type":"ImageObject","inLanguage":"es","@id":"https:\/\/secure.gravatar.com\/avatar\/b6992f131dc8d30ab0dff15446e9d346d9dbd95992de0fef795073f5ea83a81c?s=96&d=mm&r=g","url":"https:\/\/secure.gravatar.com\/avatar\/b6992f131dc8d30ab0dff15446e9d346d9dbd95992de0fef795073f5ea83a81c?s=96&d=mm&r=g","contentUrl":"https:\/\/secure.gravatar.com\/avatar\/b6992f131dc8d30ab0dff15446e9d346d9dbd95992de0fef795073f5ea83a81c?s=96&d=mm&r=g","caption":"La Gu\u00eda de Pamplona"}}]}},"post_mailing_queue_ids":[],"_links":{"self":[{"href":"https:\/\/www.laguiadepamplona.com\/actualidad\/wp-json\/wp\/v2\/posts\/15239","targetHints":{"allow":["GET"]}}],"collection":[{"href":"https:\/\/www.laguiadepamplona.com\/actualidad\/wp-json\/wp\/v2\/posts"}],"about":[{"href":"https:\/\/www.laguiadepamplona.com\/actualidad\/wp-json\/wp\/v2\/types\/post"}],"author":[{"embeddable":true,"href":"https:\/\/www.laguiadepamplona.com\/actualidad\/wp-json\/wp\/v2\/users\/1"}],"replies":[{"embeddable":true,"href":"https:\/\/www.laguiadepamplona.com\/actualidad\/wp-json\/wp\/v2\/comments?post=15239"}],"version-history":[{"count":0,"href":"https:\/\/www.laguiadepamplona.com\/actualidad\/wp-json\/wp\/v2\/posts\/15239\/revisions"}],"wp:featuredmedia":[{"embeddable":true,"href":"https:\/\/www.laguiadepamplona.com\/actualidad\/wp-json\/wp\/v2\/media\/15240"}],"wp:attachment":[{"href":"https:\/\/www.laguiadepamplona.com\/actualidad\/wp-json\/wp\/v2\/media?parent=15239"}],"wp:term":[{"taxonomy":"category","embeddable":true,"href":"https:\/\/www.laguiadepamplona.com\/actualidad\/wp-json\/wp\/v2\/categories?post=15239"},{"taxonomy":"post_tag","embeddable":true,"href":"https:\/\/www.laguiadepamplona.com\/actualidad\/wp-json\/wp\/v2\/tags?post=15239"}],"curies":[{"name":"wp","href":"https:\/\/api.w.org\/{rel}","templated":true}]}}