{"id":1509,"date":"2014-05-09T12:15:09","date_gmt":"2014-05-09T11:15:09","guid":{"rendered":"http:\/\/laguiadepamplona.es\/noticias\/?p=1509"},"modified":"2014-05-09T12:15:09","modified_gmt":"2014-05-09T11:15:09","slug":"la-coral-san-jose-abestbaza-actua-este-domingo-en-condestable-con-un-repertorio-de-obras-del-siglo-xx","status":"publish","type":"post","link":"https:\/\/www.laguiadepamplona.com\/actualidad\/la-coral-san-jose-abestbaza-actua-este-domingo-en-condestable-con-un-repertorio-de-obras-del-siglo-xx\/","title":{"rendered":"La Coral San Jos\u00e9 Abestbaza act\u00faa este domingo en Condestable, con un repertorio de obras del siglo XX"},"content":{"rendered":"<h4>La formaci\u00f3n, que cuenta con centenares de conciertos en su haber, ser\u00e1 dirigida por Carlos Etxeberria<\/h4>\n<p><a href=\"http:\/\/laguiadepamplona.es\/noticias\/wp-content\/uploads\/2014\/05\/Coral_San_Jose.jpg\"><img loading=\"lazy\" decoding=\"async\" class=\"alignleft size-medium wp-image-1510\" src=\"http:\/\/laguiadepamplona.es\/noticias\/wp-content\/uploads\/2014\/05\/Coral_San_Jose-300x200.jpg\" alt=\"Coral_San_Jose\" width=\"300\" height=\"200\" \/><\/a>Este domingo en Condestable al Coro y la Agrupaci\u00f3n Musical de la Coral San Jos\u00e9 Abestbaza ofrecer\u00e1n a las 12.30 horas un concierto de m\u00fasica con una decena de obras del siglo XX. El concerto estar\u00e1 estar\u00e1 dirigido por el titular de la coral desde 2001, Carlos Etxeberria, que es, adem\u00e1s, un compositor cuyas obras se han interpretado en numerosos pa\u00edses europeos y festivales internacionales. La entrada a esta actividad ser\u00e1 libre.<\/p>\n<p>En el concierto se abordar\u00e1 un repertorio en el que podr\u00e1n escucharse composiciones de Lauridsen, Chilcott, Rutter, Jenkins y el propio Etxeberria, y la coral estar\u00e1 acompa\u00f1ada por el conjunto instrumental de la formaci\u00f3n, cuyos miembros son profesores de Escuelas de M\u00fasica y alumnos aventajados del Conservatorio Superior de M\u00fasica de Navarra.<\/p>\n<p><strong>La Coral<\/strong><\/p>\n<p>Fundada en el a\u00f1o 1955 y dirigida hasta su fallecimiento por el sacerdote Manuel Elvira Ugarte, desde esa fecha a cargo de la direcci\u00f3n de la formaci\u00f3n coral est\u00e1 Carlos Etxeberria Alonso. El repertorio de sus actuaciones se basa en las polifon\u00edas an\u00f3nimas de los cancioneros, los grandes autores de los siglos XV, XVI y XVII, la m\u00fasica popular de diferentes pa\u00edses y, especialmente, la m\u00fasica actual m\u00e1s interesante, con la incorporaci\u00f3n de obras escritas para coro y orquesta. Desde la d\u00e9cada de 2000 interpreta principalmente obras compuestas en el siglo XX.<\/p>\n<p>La Coral ha dado centenares de conciertos en Navarra. Ha intervenido en semanas musicales en: Toledo, Segovia, Avila, Logro\u00f1o, Salamanca, Burgos, Granada, Ibiza, Le\u00f3n, Soria, Cuenca y Madrid. Destacan sus intervenciones en Barcelona donde ha actuado en veinte ediciones del \u201cD\u00eda Internacional del Canto Coral\u201d y en el Sur de Francia. La formaci\u00f3n ha realizado, adem\u00e1s, numerosas grabaciones.<\/p>\n<p><strong>El director<\/strong><\/p>\n<p>Carlos Etxeberria, que realiz\u00f3 sus estudios en el Conservatorio Municipal de Tafalla, en el \u201cPablo Sarasate\u201d de Pamplona y en el Superior de San Sebasti\u00e1n, es profesor de Armon\u00eda y Melod\u00eda Acompa\u00f1ada en el Conservatorio \u201cPablo Sarasate\u201d desde 1991.<\/p>\n<p>Su obra, principalmente de C\u00e1mara, ha sido interpretada por toda Espa\u00f1a as\u00ed como, en varios pa\u00edses europeos, en Radio Cl\u00e1sica de R.N.E., en TVE, Festival Internacional de M\u00fasica Contempor\u00e1nea de Alicante, Quincena Musical de San Sebasti\u00e1n, Kursaal, Teatro Gayarre, Principal de Vitoria, Euskalduna de Bilbao..<\/p>\n<p>Etxeberria ha dirigido a la JOPS (Joven Orquesta Pablo Sarasate) en tres giras por Europa: Inglaterra-1992 (Chester, Condado de Cheshire), Suecia-1995 (Estocolmo y Uppsala) y Polonia-1997 (Cracovia y Varsovia). Tambi\u00e9n\u00a0 a la Coral \u201cTubala Uxoa\u201d Abesbatza, de la que es su fundador y a la Orquesta AMALUR durante m\u00e1s de una d\u00e9cada. En 2004 fund\u00f3 el Coro L\u00edrico de Navarra al que dirigi\u00f3 hasta 2008.<\/p>\n<p>En su haber tiene diversos galardones: \u201cPremio a la composici\u00f3n musical 2000\u201d del Gobierno de Navarra, \u201cPremio a la creatividad\u201d en el Euskal Kantu Txapelketa y Primer Premio de Composici\u00f3n Musical Medioambiental del Ayuntamiento de Pamplona 2001, 2002 y 2003.<\/p>\n<p><strong>Programa del concierto<\/strong><\/p>\n<ul>\n<li>Dirait-on. De Morten Lauridsen.<\/li>\n<li>Sakura. De Bob Chilcott.<\/li>\n<li>The Lily and Rose. De Bob Chilcott.<\/li>\n<li>Candlelight Carol. De John Rutter.<\/li>\n<li>Mary\u00b4s lullaby. De John Rutter.<\/li>\n<li>Ikerren Seaska-Kanta. De Carlos Etxeberria.<\/li>\n<li>And the Mother did weep (Stabat Mater). De Karl Jenkins.<\/li>\n<li>Dies Irae (Requiem). De Karl Jenkins.<\/li>\n<li>Agnus Dei (The armed man). De Karl Jenkins.<\/li>\n<li>If offer you peace (Peace Makers). De Karl Jenkins.<\/li>\n<li>In Dulci Jubilo. De Karl Jenkins.<\/li>\n<\/ul>\n<p>&nbsp;<\/p>\n","protected":false},"excerpt":{"rendered":"<p>La formaci\u00f3n, que cuenta con centenares de conciertos en su haber, ser\u00e1 dirigida por Carlos Etxeberria Este domingo en Condestable al Coro y la Agrupaci\u00f3n Musical de la Coral San&#8230;<\/p>\n","protected":false},"author":1,"featured_media":1510,"comment_status":"open","ping_status":"open","sticky":false,"template":"","format":"standard","meta":{"footnotes":""},"categories":[2],"tags":[5,6,509,441,1134,8,1135,9],"class_list":["post-1509","post","type-post","status-publish","format-standard","has-post-thumbnail","hentry","category-ayuntamiento-pamplona","tag-actualidad","tag-ayto-pamplona","tag-ayuntamiento-de-pamplona","tag-condestable","tag-coral-san-jose-abestbaza","tag-noticias","tag-obras-del-siglo-xx","tag-pamplona"],"yoast_head":"<!-- This site is optimized with the Yoast SEO plugin v27.5 - https:\/\/yoast.com\/product\/yoast-seo-wordpress\/ -->\n<title>La Coral San Jos\u00e9 Abestbaza act\u00faa este domingo en Condestable, con un repertorio de obras del siglo XX<\/title>\n<meta name=\"robots\" content=\"index, follow, max-snippet:-1, max-image-preview:large, max-video-preview:-1\" \/>\n<link rel=\"canonical\" href=\"https:\/\/www.laguiadepamplona.com\/actualidad\/la-coral-san-jose-abestbaza-actua-este-domingo-en-condestable-con-un-repertorio-de-obras-del-siglo-xx\/\" \/>\n<meta property=\"og:locale\" content=\"es_ES\" \/>\n<meta property=\"og:type\" content=\"article\" \/>\n<meta property=\"og:title\" content=\"La Coral San Jos\u00e9 Abestbaza act\u00faa este domingo en Condestable, con un repertorio de obras del siglo XX\" \/>\n<meta property=\"og:description\" content=\"La formaci\u00f3n, que cuenta con centenares de conciertos en su haber, ser\u00e1 dirigida por Carlos Etxeberria Este domingo en Condestable al Coro y la Agrupaci\u00f3n Musical de la Coral San...\" \/>\n<meta property=\"og:url\" content=\"https:\/\/www.laguiadepamplona.com\/actualidad\/la-coral-san-jose-abestbaza-actua-este-domingo-en-condestable-con-un-repertorio-de-obras-del-siglo-xx\/\" \/>\n<meta property=\"og:site_name\" content=\"La Gu\u00eda de Pamplona\" \/>\n<meta property=\"article:publisher\" content=\"https:\/\/www.facebook.com\/laguiadepamplonacom-133175176762273\/?ref=hl\" \/>\n<meta property=\"article:published_time\" content=\"2014-05-09T11:15:09+00:00\" \/>\n<meta name=\"author\" content=\"La Gu\u00eda de Pamplona\" \/>\n<meta name=\"twitter:card\" content=\"summary_large_image\" \/>\n<meta name=\"twitter:creator\" content=\"@LaGuiadPamplona\" \/>\n<meta name=\"twitter:site\" content=\"@LaGuiadPamplona\" \/>\n<meta name=\"twitter:label1\" content=\"Escrito por\" \/>\n\t<meta name=\"twitter:data1\" content=\"La Gu\u00eda de Pamplona\" \/>\n\t<meta name=\"twitter:label2\" content=\"Tiempo de lectura\" \/>\n\t<meta name=\"twitter:data2\" content=\"3 minutos\" \/>\n<script type=\"application\/ld+json\" class=\"yoast-schema-graph\">{\"@context\":\"https:\\\/\\\/schema.org\",\"@graph\":[{\"@type\":\"Article\",\"@id\":\"https:\\\/\\\/www.laguiadepamplona.com\\\/actualidad\\\/la-coral-san-jose-abestbaza-actua-este-domingo-en-condestable-con-un-repertorio-de-obras-del-siglo-xx\\\/#article\",\"isPartOf\":{\"@id\":\"https:\\\/\\\/www.laguiadepamplona.com\\\/actualidad\\\/la-coral-san-jose-abestbaza-actua-este-domingo-en-condestable-con-un-repertorio-de-obras-del-siglo-xx\\\/\"},\"author\":{\"name\":\"La Gu\u00eda de Pamplona\",\"@id\":\"https:\\\/\\\/www.laguiadepamplona.com\\\/actualidad\\\/#\\\/schema\\\/person\\\/efe887376f0213d4657c93adc50b1fdb\"},\"headline\":\"La Coral San Jos\u00e9 Abestbaza act\u00faa este domingo en Condestable, con un repertorio de obras del siglo XX\",\"datePublished\":\"2014-05-09T11:15:09+00:00\",\"mainEntityOfPage\":{\"@id\":\"https:\\\/\\\/www.laguiadepamplona.com\\\/actualidad\\\/la-coral-san-jose-abestbaza-actua-este-domingo-en-condestable-con-un-repertorio-de-obras-del-siglo-xx\\\/\"},\"wordCount\":611,\"commentCount\":0,\"publisher\":{\"@id\":\"https:\\\/\\\/www.laguiadepamplona.com\\\/actualidad\\\/#organization\"},\"image\":{\"@id\":\"https:\\\/\\\/www.laguiadepamplona.com\\\/actualidad\\\/la-coral-san-jose-abestbaza-actua-este-domingo-en-condestable-con-un-repertorio-de-obras-del-siglo-xx\\\/#primaryimage\"},\"thumbnailUrl\":\"\",\"keywords\":[\"actualidad\",\"ayto pamplona\",\"Ayuntamiento de Pamplona\",\"Condestable\",\"Coral San Jos\u00e9 Abestbaza\",\"noticias\",\"obras del siglo XX\",\"pamplona\"],\"articleSection\":[\"Ayto Pamplona\"],\"inLanguage\":\"es\",\"potentialAction\":[{\"@type\":\"CommentAction\",\"name\":\"Comment\",\"target\":[\"https:\\\/\\\/www.laguiadepamplona.com\\\/actualidad\\\/la-coral-san-jose-abestbaza-actua-este-domingo-en-condestable-con-un-repertorio-de-obras-del-siglo-xx\\\/#respond\"]}]},{\"@type\":\"WebPage\",\"@id\":\"https:\\\/\\\/www.laguiadepamplona.com\\\/actualidad\\\/la-coral-san-jose-abestbaza-actua-este-domingo-en-condestable-con-un-repertorio-de-obras-del-siglo-xx\\\/\",\"url\":\"https:\\\/\\\/www.laguiadepamplona.com\\\/actualidad\\\/la-coral-san-jose-abestbaza-actua-este-domingo-en-condestable-con-un-repertorio-de-obras-del-siglo-xx\\\/\",\"name\":\"La Coral San Jos\u00e9 Abestbaza act\u00faa este domingo en Condestable, con un repertorio de obras del siglo XX\",\"isPartOf\":{\"@id\":\"https:\\\/\\\/www.laguiadepamplona.com\\\/actualidad\\\/#website\"},\"primaryImageOfPage\":{\"@id\":\"https:\\\/\\\/www.laguiadepamplona.com\\\/actualidad\\\/la-coral-san-jose-abestbaza-actua-este-domingo-en-condestable-con-un-repertorio-de-obras-del-siglo-xx\\\/#primaryimage\"},\"image\":{\"@id\":\"https:\\\/\\\/www.laguiadepamplona.com\\\/actualidad\\\/la-coral-san-jose-abestbaza-actua-este-domingo-en-condestable-con-un-repertorio-de-obras-del-siglo-xx\\\/#primaryimage\"},\"thumbnailUrl\":\"\",\"datePublished\":\"2014-05-09T11:15:09+00:00\",\"breadcrumb\":{\"@id\":\"https:\\\/\\\/www.laguiadepamplona.com\\\/actualidad\\\/la-coral-san-jose-abestbaza-actua-este-domingo-en-condestable-con-un-repertorio-de-obras-del-siglo-xx\\\/#breadcrumb\"},\"inLanguage\":\"es\",\"potentialAction\":[{\"@type\":\"ReadAction\",\"target\":[\"https:\\\/\\\/www.laguiadepamplona.com\\\/actualidad\\\/la-coral-san-jose-abestbaza-actua-este-domingo-en-condestable-con-un-repertorio-de-obras-del-siglo-xx\\\/\"]}]},{\"@type\":\"ImageObject\",\"inLanguage\":\"es\",\"@id\":\"https:\\\/\\\/www.laguiadepamplona.com\\\/actualidad\\\/la-coral-san-jose-abestbaza-actua-este-domingo-en-condestable-con-un-repertorio-de-obras-del-siglo-xx\\\/#primaryimage\",\"url\":\"\",\"contentUrl\":\"\"},{\"@type\":\"BreadcrumbList\",\"@id\":\"https:\\\/\\\/www.laguiadepamplona.com\\\/actualidad\\\/la-coral-san-jose-abestbaza-actua-este-domingo-en-condestable-con-un-repertorio-de-obras-del-siglo-xx\\\/#breadcrumb\",\"itemListElement\":[{\"@type\":\"ListItem\",\"position\":1,\"name\":\"Portada\",\"item\":\"https:\\\/\\\/www.laguiadepamplona.com\\\/actualidad\\\/\"},{\"@type\":\"ListItem\",\"position\":2,\"name\":\"La Coral San Jos\u00e9 Abestbaza act\u00faa este domingo en Condestable, con un repertorio de obras del siglo XX\"}]},{\"@type\":\"WebSite\",\"@id\":\"https:\\\/\\\/www.laguiadepamplona.com\\\/actualidad\\\/#website\",\"url\":\"https:\\\/\\\/www.laguiadepamplona.com\\\/actualidad\\\/\",\"name\":\"La gu\u00eda de Pamplona\",\"description\":\"Noticias de Pamplona\",\"publisher\":{\"@id\":\"https:\\\/\\\/www.laguiadepamplona.com\\\/actualidad\\\/#organization\"},\"potentialAction\":[{\"@type\":\"SearchAction\",\"target\":{\"@type\":\"EntryPoint\",\"urlTemplate\":\"https:\\\/\\\/www.laguiadepamplona.com\\\/actualidad\\\/?s={search_term_string}\"},\"query-input\":{\"@type\":\"PropertyValueSpecification\",\"valueRequired\":true,\"valueName\":\"search_term_string\"}}],\"inLanguage\":\"es\"},{\"@type\":\"Organization\",\"@id\":\"https:\\\/\\\/www.laguiadepamplona.com\\\/actualidad\\\/#organization\",\"name\":\"La Gu\u00eda de Pamplona \\\/ Noticias\",\"url\":\"https:\\\/\\\/www.laguiadepamplona.com\\\/actualidad\\\/\",\"logo\":{\"@type\":\"ImageObject\",\"inLanguage\":\"es\",\"@id\":\"https:\\\/\\\/www.laguiadepamplona.com\\\/actualidad\\\/#\\\/schema\\\/logo\\\/image\\\/\",\"url\":\"https:\\\/\\\/www.laguiadepamplona.com\\\/actualidad\\\/wp-content\\\/uploads\\\/2018\\\/11\\\/logo-laguiadepamplona18-web1.png\",\"contentUrl\":\"https:\\\/\\\/www.laguiadepamplona.com\\\/actualidad\\\/wp-content\\\/uploads\\\/2018\\\/11\\\/logo-laguiadepamplona18-web1.png\",\"width\":600,\"height\":196,\"caption\":\"La Gu\u00eda de Pamplona \\\/ Noticias\"},\"image\":{\"@id\":\"https:\\\/\\\/www.laguiadepamplona.com\\\/actualidad\\\/#\\\/schema\\\/logo\\\/image\\\/\"},\"sameAs\":[\"https:\\\/\\\/www.facebook.com\\\/laguiadepamplonacom-133175176762273\\\/?ref=hl\",\"https:\\\/\\\/x.com\\\/LaGuiadPamplona\",\"https:\\\/\\\/www.instagram.com\\\/la_guia_de_pamplona\\\/\",\"https:\\\/\\\/www.youtube.com\\\/user\\\/laguiadepamplona\"]},{\"@type\":\"Person\",\"@id\":\"https:\\\/\\\/www.laguiadepamplona.com\\\/actualidad\\\/#\\\/schema\\\/person\\\/efe887376f0213d4657c93adc50b1fdb\",\"name\":\"La Gu\u00eda de Pamplona\",\"image\":{\"@type\":\"ImageObject\",\"inLanguage\":\"es\",\"@id\":\"https:\\\/\\\/secure.gravatar.com\\\/avatar\\\/b6992f131dc8d30ab0dff15446e9d346d9dbd95992de0fef795073f5ea83a81c?s=96&d=mm&r=g\",\"url\":\"https:\\\/\\\/secure.gravatar.com\\\/avatar\\\/b6992f131dc8d30ab0dff15446e9d346d9dbd95992de0fef795073f5ea83a81c?s=96&d=mm&r=g\",\"contentUrl\":\"https:\\\/\\\/secure.gravatar.com\\\/avatar\\\/b6992f131dc8d30ab0dff15446e9d346d9dbd95992de0fef795073f5ea83a81c?s=96&d=mm&r=g\",\"caption\":\"La Gu\u00eda de Pamplona\"}}]}<\/script>\n<!-- \/ Yoast SEO plugin. -->","yoast_head_json":{"title":"La Coral San Jos\u00e9 Abestbaza act\u00faa este domingo en Condestable, con un repertorio de obras del siglo XX","robots":{"index":"index","follow":"follow","max-snippet":"max-snippet:-1","max-image-preview":"max-image-preview:large","max-video-preview":"max-video-preview:-1"},"canonical":"https:\/\/www.laguiadepamplona.com\/actualidad\/la-coral-san-jose-abestbaza-actua-este-domingo-en-condestable-con-un-repertorio-de-obras-del-siglo-xx\/","og_locale":"es_ES","og_type":"article","og_title":"La Coral San Jos\u00e9 Abestbaza act\u00faa este domingo en Condestable, con un repertorio de obras del siglo XX","og_description":"La formaci\u00f3n, que cuenta con centenares de conciertos en su haber, ser\u00e1 dirigida por Carlos Etxeberria Este domingo en Condestable al Coro y la Agrupaci\u00f3n Musical de la Coral San...","og_url":"https:\/\/www.laguiadepamplona.com\/actualidad\/la-coral-san-jose-abestbaza-actua-este-domingo-en-condestable-con-un-repertorio-de-obras-del-siglo-xx\/","og_site_name":"La Gu\u00eda de Pamplona","article_publisher":"https:\/\/www.facebook.com\/laguiadepamplonacom-133175176762273\/?ref=hl","article_published_time":"2014-05-09T11:15:09+00:00","author":"La Gu\u00eda de Pamplona","twitter_card":"summary_large_image","twitter_creator":"@LaGuiadPamplona","twitter_site":"@LaGuiadPamplona","twitter_misc":{"Escrito por":"La Gu\u00eda de Pamplona","Tiempo de lectura":"3 minutos"},"schema":{"@context":"https:\/\/schema.org","@graph":[{"@type":"Article","@id":"https:\/\/www.laguiadepamplona.com\/actualidad\/la-coral-san-jose-abestbaza-actua-este-domingo-en-condestable-con-un-repertorio-de-obras-del-siglo-xx\/#article","isPartOf":{"@id":"https:\/\/www.laguiadepamplona.com\/actualidad\/la-coral-san-jose-abestbaza-actua-este-domingo-en-condestable-con-un-repertorio-de-obras-del-siglo-xx\/"},"author":{"name":"La Gu\u00eda de Pamplona","@id":"https:\/\/www.laguiadepamplona.com\/actualidad\/#\/schema\/person\/efe887376f0213d4657c93adc50b1fdb"},"headline":"La Coral San Jos\u00e9 Abestbaza act\u00faa este domingo en Condestable, con un repertorio de obras del siglo XX","datePublished":"2014-05-09T11:15:09+00:00","mainEntityOfPage":{"@id":"https:\/\/www.laguiadepamplona.com\/actualidad\/la-coral-san-jose-abestbaza-actua-este-domingo-en-condestable-con-un-repertorio-de-obras-del-siglo-xx\/"},"wordCount":611,"commentCount":0,"publisher":{"@id":"https:\/\/www.laguiadepamplona.com\/actualidad\/#organization"},"image":{"@id":"https:\/\/www.laguiadepamplona.com\/actualidad\/la-coral-san-jose-abestbaza-actua-este-domingo-en-condestable-con-un-repertorio-de-obras-del-siglo-xx\/#primaryimage"},"thumbnailUrl":"","keywords":["actualidad","ayto pamplona","Ayuntamiento de Pamplona","Condestable","Coral San Jos\u00e9 Abestbaza","noticias","obras del siglo XX","pamplona"],"articleSection":["Ayto Pamplona"],"inLanguage":"es","potentialAction":[{"@type":"CommentAction","name":"Comment","target":["https:\/\/www.laguiadepamplona.com\/actualidad\/la-coral-san-jose-abestbaza-actua-este-domingo-en-condestable-con-un-repertorio-de-obras-del-siglo-xx\/#respond"]}]},{"@type":"WebPage","@id":"https:\/\/www.laguiadepamplona.com\/actualidad\/la-coral-san-jose-abestbaza-actua-este-domingo-en-condestable-con-un-repertorio-de-obras-del-siglo-xx\/","url":"https:\/\/www.laguiadepamplona.com\/actualidad\/la-coral-san-jose-abestbaza-actua-este-domingo-en-condestable-con-un-repertorio-de-obras-del-siglo-xx\/","name":"La Coral San Jos\u00e9 Abestbaza act\u00faa este domingo en Condestable, con un repertorio de obras del siglo XX","isPartOf":{"@id":"https:\/\/www.laguiadepamplona.com\/actualidad\/#website"},"primaryImageOfPage":{"@id":"https:\/\/www.laguiadepamplona.com\/actualidad\/la-coral-san-jose-abestbaza-actua-este-domingo-en-condestable-con-un-repertorio-de-obras-del-siglo-xx\/#primaryimage"},"image":{"@id":"https:\/\/www.laguiadepamplona.com\/actualidad\/la-coral-san-jose-abestbaza-actua-este-domingo-en-condestable-con-un-repertorio-de-obras-del-siglo-xx\/#primaryimage"},"thumbnailUrl":"","datePublished":"2014-05-09T11:15:09+00:00","breadcrumb":{"@id":"https:\/\/www.laguiadepamplona.com\/actualidad\/la-coral-san-jose-abestbaza-actua-este-domingo-en-condestable-con-un-repertorio-de-obras-del-siglo-xx\/#breadcrumb"},"inLanguage":"es","potentialAction":[{"@type":"ReadAction","target":["https:\/\/www.laguiadepamplona.com\/actualidad\/la-coral-san-jose-abestbaza-actua-este-domingo-en-condestable-con-un-repertorio-de-obras-del-siglo-xx\/"]}]},{"@type":"ImageObject","inLanguage":"es","@id":"https:\/\/www.laguiadepamplona.com\/actualidad\/la-coral-san-jose-abestbaza-actua-este-domingo-en-condestable-con-un-repertorio-de-obras-del-siglo-xx\/#primaryimage","url":"","contentUrl":""},{"@type":"BreadcrumbList","@id":"https:\/\/www.laguiadepamplona.com\/actualidad\/la-coral-san-jose-abestbaza-actua-este-domingo-en-condestable-con-un-repertorio-de-obras-del-siglo-xx\/#breadcrumb","itemListElement":[{"@type":"ListItem","position":1,"name":"Portada","item":"https:\/\/www.laguiadepamplona.com\/actualidad\/"},{"@type":"ListItem","position":2,"name":"La Coral San Jos\u00e9 Abestbaza act\u00faa este domingo en Condestable, con un repertorio de obras del siglo XX"}]},{"@type":"WebSite","@id":"https:\/\/www.laguiadepamplona.com\/actualidad\/#website","url":"https:\/\/www.laguiadepamplona.com\/actualidad\/","name":"La gu\u00eda de Pamplona","description":"Noticias de Pamplona","publisher":{"@id":"https:\/\/www.laguiadepamplona.com\/actualidad\/#organization"},"potentialAction":[{"@type":"SearchAction","target":{"@type":"EntryPoint","urlTemplate":"https:\/\/www.laguiadepamplona.com\/actualidad\/?s={search_term_string}"},"query-input":{"@type":"PropertyValueSpecification","valueRequired":true,"valueName":"search_term_string"}}],"inLanguage":"es"},{"@type":"Organization","@id":"https:\/\/www.laguiadepamplona.com\/actualidad\/#organization","name":"La Gu\u00eda de Pamplona \/ Noticias","url":"https:\/\/www.laguiadepamplona.com\/actualidad\/","logo":{"@type":"ImageObject","inLanguage":"es","@id":"https:\/\/www.laguiadepamplona.com\/actualidad\/#\/schema\/logo\/image\/","url":"https:\/\/www.laguiadepamplona.com\/actualidad\/wp-content\/uploads\/2018\/11\/logo-laguiadepamplona18-web1.png","contentUrl":"https:\/\/www.laguiadepamplona.com\/actualidad\/wp-content\/uploads\/2018\/11\/logo-laguiadepamplona18-web1.png","width":600,"height":196,"caption":"La Gu\u00eda de Pamplona \/ Noticias"},"image":{"@id":"https:\/\/www.laguiadepamplona.com\/actualidad\/#\/schema\/logo\/image\/"},"sameAs":["https:\/\/www.facebook.com\/laguiadepamplonacom-133175176762273\/?ref=hl","https:\/\/x.com\/LaGuiadPamplona","https:\/\/www.instagram.com\/la_guia_de_pamplona\/","https:\/\/www.youtube.com\/user\/laguiadepamplona"]},{"@type":"Person","@id":"https:\/\/www.laguiadepamplona.com\/actualidad\/#\/schema\/person\/efe887376f0213d4657c93adc50b1fdb","name":"La Gu\u00eda de Pamplona","image":{"@type":"ImageObject","inLanguage":"es","@id":"https:\/\/secure.gravatar.com\/avatar\/b6992f131dc8d30ab0dff15446e9d346d9dbd95992de0fef795073f5ea83a81c?s=96&d=mm&r=g","url":"https:\/\/secure.gravatar.com\/avatar\/b6992f131dc8d30ab0dff15446e9d346d9dbd95992de0fef795073f5ea83a81c?s=96&d=mm&r=g","contentUrl":"https:\/\/secure.gravatar.com\/avatar\/b6992f131dc8d30ab0dff15446e9d346d9dbd95992de0fef795073f5ea83a81c?s=96&d=mm&r=g","caption":"La Gu\u00eda de Pamplona"}}]}},"post_mailing_queue_ids":[],"_links":{"self":[{"href":"https:\/\/www.laguiadepamplona.com\/actualidad\/wp-json\/wp\/v2\/posts\/1509","targetHints":{"allow":["GET"]}}],"collection":[{"href":"https:\/\/www.laguiadepamplona.com\/actualidad\/wp-json\/wp\/v2\/posts"}],"about":[{"href":"https:\/\/www.laguiadepamplona.com\/actualidad\/wp-json\/wp\/v2\/types\/post"}],"author":[{"embeddable":true,"href":"https:\/\/www.laguiadepamplona.com\/actualidad\/wp-json\/wp\/v2\/users\/1"}],"replies":[{"embeddable":true,"href":"https:\/\/www.laguiadepamplona.com\/actualidad\/wp-json\/wp\/v2\/comments?post=1509"}],"version-history":[{"count":0,"href":"https:\/\/www.laguiadepamplona.com\/actualidad\/wp-json\/wp\/v2\/posts\/1509\/revisions"}],"wp:featuredmedia":[{"embeddable":true,"href":"https:\/\/www.laguiadepamplona.com\/actualidad\/wp-json\/"}],"wp:attachment":[{"href":"https:\/\/www.laguiadepamplona.com\/actualidad\/wp-json\/wp\/v2\/media?parent=1509"}],"wp:term":[{"taxonomy":"category","embeddable":true,"href":"https:\/\/www.laguiadepamplona.com\/actualidad\/wp-json\/wp\/v2\/categories?post=1509"},{"taxonomy":"post_tag","embeddable":true,"href":"https:\/\/www.laguiadepamplona.com\/actualidad\/wp-json\/wp\/v2\/tags?post=1509"}],"curies":[{"name":"wp","href":"https:\/\/api.w.org\/{rel}","templated":true}]}}