{"id":1506,"date":"2014-05-09T12:12:57","date_gmt":"2014-05-09T11:12:57","guid":{"rendered":"http:\/\/laguiadepamplona.es\/noticias\/?p=1506"},"modified":"2014-05-09T12:12:57","modified_gmt":"2014-05-09T11:12:57","slug":"el-ciclo-de-teatro-en-euskera-para-publico-joven-y-adulto-antzerki-aroa-comienza-el-proximo-miercoles-con-el-grupo-oh-my-god-y-la-comedia-zer-duzu-amy","status":"publish","type":"post","link":"https:\/\/www.laguiadepamplona.com\/actualidad\/el-ciclo-de-teatro-en-euskera-para-publico-joven-y-adulto-antzerki-aroa-comienza-el-proximo-miercoles-con-el-grupo-oh-my-god-y-la-comedia-zer-duzu-amy\/","title":{"rendered":"El ciclo de teatro en euskera para p\u00fablico joven y adulto \u2018Antzerki Aroa\u2019 comienza el pr\u00f3ximo mi\u00e9rcoles con el grupo Oh My God! y la comedia \u2018Zer duzu Amy?\u2019"},"content":{"rendered":"<h4>La segunda representaci\u00f3n de esta primavera, el 28 de mayo, traer\u00e1 a la ENT a un Hamlet que se acercar\u00e1 a los problemas de la sociedad actual<\/h4>\n<p><a href=\"http:\/\/laguiadepamplona.es\/noticias\/wp-content\/uploads\/2014\/05\/l_amy-kartela.jpg\"><img loading=\"lazy\" decoding=\"async\" class=\"alignleft size-full wp-image-1507\" src=\"http:\/\/laguiadepamplona.es\/noticias\/wp-content\/uploads\/2014\/05\/l_amy-kartela.jpg\" alt=\"l_amy-kartela\" width=\"295\" height=\"221\" \/><\/a>El ciclo de teatro en euskera para p\u00fablico joven y adulto \u2018Antzerki Aroa\u2019 comienza en esta nueva edici\u00f3n de primavera el pr\u00f3ximo mi\u00e9rcoles 14 de mayo con el grupo Oh My God! Antzerki Taldea que pondr\u00e1 en escena la comedia \u2018Zer duzu Amy?\u2019 (\u00bfQu\u00e9 te pasa, Amy?). Organizado por el Ayuntamiento de Pamplona en colaboraci\u00f3n con la Escuela Navarra de Teatro, el ciclo continuar\u00e1 el 28 de mayo con \u2018Hamlet, una coproducci\u00f3n de Artedrama, Le Petit Th\u00e9\u00e2tre de Pain y Dejabu en la que el protagonista se acercar\u00e1 a los problemas, los rasgos y las preocupaciones de la sociedad actual.<\/p>\n<p>Las dos actuaciones tendr\u00e1n lugar en la Escuela Navarra de Teatro a las ocho y media de la tarde. Las entradas para cada uno de los espect\u00e1culos cuestan ocho euros, cinco euros en el caso de grupos de alumnos de euskaltegis y de aprendizaje del euskera. Pueden comprarse en la misma Escuela Navarra de Teatro (calle San Agust\u00edn, 5).<\/p>\n<p>Buscando las cuerdas vocales de Amy Winehouse<\/p>\n<p>Oh My God! Antzerki Taldea contar\u00e1 el pr\u00f3ximo mi\u00e9rcoles en \u2018Zer duzu Amy?\u2019 (\u00bfQu\u00e9 te pasa, Amy?) la historia de Dasy, quien har\u00eda cualquier cosa por tener la voz y el talento de Amy Winehouse ya que \u201csu voz es corriente, su imagen es corriente y su vida tambi\u00e9n es corriente\u201d. Cuando se entera de su muerte, coge su maleta y se dirige a Londres, al cementerio de Edgwarebury para preguntarle a la cantante por qu\u00e9 no fue feliz, cuando ten\u00eda una voz maravillosa. Como no obtiene respuesta, saca de su maleta un libro de esoterismo, un pico y una pala para recuperar las cuerdas vocales de la cantante. Premiada en 2012 en la segunda edici\u00f3n de Teatro de Bolsillo organizada por el Ayuntamiento de San Sebasti\u00e1n, esta comedia, escrita por Leire Ucha, toca aspectos como el deseo, la frustraci\u00f3n y la lucha en la vida.<\/p>\n<p>Leire Ucha adem\u00e1s de autora de la obra es la actriz que da vida a la protagonista. Impulsora de Oh My God! Antzerki Taldea comenz\u00f3 su carrera en Antzerkiola Imaginarioa y desde entonces ha trabajado para diversas compa\u00f1\u00edas teatrales: Gorakada, Khea Ziater, Tryater, Hortzmuga, Glu glu o Pikor Teatro, entre otras. Con Oh My God! ha creado, adem\u00e1s de \u2018Zer duzu, Amy?\u2019, \u2018Lady Soka\u2019 y, junto a Eguzki Zubia, \u2018Lili y Marlene en Loop\u2019. En el mundo del cine ha actuado en diferentes pel\u00edculas, la \u00faltima de ellas el film \u2018Alaba zintzoa\u2019 estrenado en noviembre del a\u00f1o pasado.<\/p>\n<p><strong>Una coproducci\u00f3n de los grupos Artedrama, Le Petit Th\u00e9\u00e2tre de Pain y Dejabu<\/strong><\/p>\n<p>\u2018Hamlet\u2019, la segunda y \u00faltima obra de este ciclo, es una producci\u00f3n de los grupos Artedrama, Le Petit Th\u00e9\u00e2tre de Pain y Dejabu que podr\u00e1 verse el 28 de mayo. Est\u00e1 dirigida por Ximun Fuchs,actor, director y m\u00fasico bajonavarro. Miembro de Le Petit Th\u00e9\u00e2tre de Pain, ha recorrido buena parte de Europa con sus creaciones. Ha recibido el Premio Donostia por \u2018Juglarea, puta eta eroa\u2019, producci\u00f3n en la que trabaja como actor, y por \u2018Errautsak\u2019, obra que dirige y en la que tambi\u00e9n act\u00faa.<\/p>\n<p>La adaptaci\u00f3n de este \u2018Hamlet\u2019 es obra de Xabier Mendiguren Elizegi, fil\u00f3logo, escritor y editor guipuzcoano. Ha producido m\u00e1s de 50 t\u00edtulos que abarcan casi todos los g\u00e9neros: relato, novela, literatura infantil y juvenil, art\u00edculos y autobiograf\u00eda. Al protagonista le da vida Ander Lipus, uno de los fundadores del movimiento teatral F\u00e1brica de Teatro Imaginario y que en su dilatada carrera ha participado como actor, director, dramaturgo o productor en m\u00e1s de cincuenta montajes teatrales.<\/p>\n<p>&nbsp;<\/p>\n<p><strong>Antzerki Aroa. Primavera 2014<\/strong><\/p>\n<ul>\n<li>Escuela Navarra de Teatro. 20,30 horas<\/li>\n<li>Entradas 8 euros (Grupos de aprendizaje de euskera: 5 euros)<\/li>\n<li><strong>14 de mayo<\/strong>:<\/li>\n<li>Oh My God!<\/li>\n<li>Zer duzu Amy? (\u00bfQu\u00e9 te pasa, Amy?)<\/li>\n<li><strong>28 de mayo<\/strong><\/li>\n<li>Artedrama, Le Petit Th\u00e9\u00e2tre de Pain y Dejabu<\/li>\n<li>Hamlet<\/li>\n<\/ul>\n<p>&nbsp;<\/p>\n","protected":false},"excerpt":{"rendered":"<p>La segunda representaci\u00f3n de esta primavera, el 28 de mayo, traer\u00e1 a la ENT a un Hamlet que se acercar\u00e1 a los problemas de la sociedad actual El ciclo de&#8230;<\/p>\n","protected":false},"author":1,"featured_media":1507,"comment_status":"open","ping_status":"open","sticky":false,"template":"","format":"standard","meta":{"footnotes":""},"categories":[2],"tags":[5,1129,1130,6,509,1131,8,1132,9,1133,1128],"class_list":["post-1506","post","type-post","status-publish","format-standard","has-post-thumbnail","hentry","category-ayuntamiento-pamplona","tag-actualidad","tag-amy","tag-antzerki-aroa","tag-ayto-pamplona","tag-ayuntamiento-de-pamplona","tag-hamlet","tag-noticias","tag-oh-my-god","tag-pamplona","tag-zer-duzu-amy","tag-que-te-pasa"],"yoast_head":"<!-- This site is optimized with the Yoast SEO plugin v27.5 - https:\/\/yoast.com\/product\/yoast-seo-wordpress\/ -->\n<title>El ciclo de teatro en euskera para p\u00fablico joven y adulto \u2018Antzerki Aroa\u2019 comienza el pr\u00f3ximo mi\u00e9rcoles con el grupo Oh My God! y la comedia \u2018Zer duzu Amy?\u2019<\/title>\n<meta name=\"robots\" content=\"index, follow, max-snippet:-1, max-image-preview:large, max-video-preview:-1\" \/>\n<link rel=\"canonical\" href=\"https:\/\/www.laguiadepamplona.com\/actualidad\/el-ciclo-de-teatro-en-euskera-para-publico-joven-y-adulto-antzerki-aroa-comienza-el-proximo-miercoles-con-el-grupo-oh-my-god-y-la-comedia-zer-duzu-amy\/\" \/>\n<meta property=\"og:locale\" content=\"es_ES\" \/>\n<meta property=\"og:type\" content=\"article\" \/>\n<meta property=\"og:title\" content=\"El ciclo de teatro en euskera para p\u00fablico joven y adulto \u2018Antzerki Aroa\u2019 comienza el pr\u00f3ximo mi\u00e9rcoles con el grupo Oh My God! y la comedia \u2018Zer duzu Amy?\u2019\" \/>\n<meta property=\"og:description\" content=\"La segunda representaci\u00f3n de esta primavera, el 28 de mayo, traer\u00e1 a la ENT a un Hamlet que se acercar\u00e1 a los problemas de la sociedad actual El ciclo de...\" \/>\n<meta property=\"og:url\" content=\"https:\/\/www.laguiadepamplona.com\/actualidad\/el-ciclo-de-teatro-en-euskera-para-publico-joven-y-adulto-antzerki-aroa-comienza-el-proximo-miercoles-con-el-grupo-oh-my-god-y-la-comedia-zer-duzu-amy\/\" \/>\n<meta property=\"og:site_name\" content=\"La Gu\u00eda de Pamplona\" \/>\n<meta property=\"article:publisher\" content=\"https:\/\/www.facebook.com\/laguiadepamplonacom-133175176762273\/?ref=hl\" \/>\n<meta property=\"article:published_time\" content=\"2014-05-09T11:12:57+00:00\" \/>\n<meta name=\"author\" content=\"La Gu\u00eda de Pamplona\" \/>\n<meta name=\"twitter:card\" content=\"summary_large_image\" \/>\n<meta name=\"twitter:creator\" content=\"@LaGuiadPamplona\" \/>\n<meta name=\"twitter:site\" content=\"@LaGuiadPamplona\" \/>\n<meta name=\"twitter:label1\" content=\"Escrito por\" \/>\n\t<meta name=\"twitter:data1\" content=\"La Gu\u00eda de Pamplona\" \/>\n\t<meta name=\"twitter:label2\" content=\"Tiempo de lectura\" \/>\n\t<meta name=\"twitter:data2\" content=\"3 minutos\" \/>\n<script type=\"application\/ld+json\" class=\"yoast-schema-graph\">{\"@context\":\"https:\\\/\\\/schema.org\",\"@graph\":[{\"@type\":\"Article\",\"@id\":\"https:\\\/\\\/www.laguiadepamplona.com\\\/actualidad\\\/el-ciclo-de-teatro-en-euskera-para-publico-joven-y-adulto-antzerki-aroa-comienza-el-proximo-miercoles-con-el-grupo-oh-my-god-y-la-comedia-zer-duzu-amy\\\/#article\",\"isPartOf\":{\"@id\":\"https:\\\/\\\/www.laguiadepamplona.com\\\/actualidad\\\/el-ciclo-de-teatro-en-euskera-para-publico-joven-y-adulto-antzerki-aroa-comienza-el-proximo-miercoles-con-el-grupo-oh-my-god-y-la-comedia-zer-duzu-amy\\\/\"},\"author\":{\"name\":\"La Gu\u00eda de Pamplona\",\"@id\":\"https:\\\/\\\/www.laguiadepamplona.com\\\/actualidad\\\/#\\\/schema\\\/person\\\/efe887376f0213d4657c93adc50b1fdb\"},\"headline\":\"El ciclo de teatro en euskera para p\u00fablico joven y adulto \u2018Antzerki Aroa\u2019 comienza el pr\u00f3ximo mi\u00e9rcoles con el grupo Oh My God! y la comedia \u2018Zer duzu Amy?\u2019\",\"datePublished\":\"2014-05-09T11:12:57+00:00\",\"mainEntityOfPage\":{\"@id\":\"https:\\\/\\\/www.laguiadepamplona.com\\\/actualidad\\\/el-ciclo-de-teatro-en-euskera-para-publico-joven-y-adulto-antzerki-aroa-comienza-el-proximo-miercoles-con-el-grupo-oh-my-god-y-la-comedia-zer-duzu-amy\\\/\"},\"wordCount\":719,\"commentCount\":0,\"publisher\":{\"@id\":\"https:\\\/\\\/www.laguiadepamplona.com\\\/actualidad\\\/#organization\"},\"image\":{\"@id\":\"https:\\\/\\\/www.laguiadepamplona.com\\\/actualidad\\\/el-ciclo-de-teatro-en-euskera-para-publico-joven-y-adulto-antzerki-aroa-comienza-el-proximo-miercoles-con-el-grupo-oh-my-god-y-la-comedia-zer-duzu-amy\\\/#primaryimage\"},\"thumbnailUrl\":\"\",\"keywords\":[\"actualidad\",\"Amy?\",\"Antzerki Aroa\",\"ayto pamplona\",\"Ayuntamiento de Pamplona\",\"Hamlet\",\"noticias\",\"Oh My God!\",\"pamplona\",\"Zer duzu Amy?\",\"\u00bfQu\u00e9 te pasa\"],\"articleSection\":[\"Ayto Pamplona\"],\"inLanguage\":\"es\",\"potentialAction\":[{\"@type\":\"CommentAction\",\"name\":\"Comment\",\"target\":[\"https:\\\/\\\/www.laguiadepamplona.com\\\/actualidad\\\/el-ciclo-de-teatro-en-euskera-para-publico-joven-y-adulto-antzerki-aroa-comienza-el-proximo-miercoles-con-el-grupo-oh-my-god-y-la-comedia-zer-duzu-amy\\\/#respond\"]}]},{\"@type\":\"WebPage\",\"@id\":\"https:\\\/\\\/www.laguiadepamplona.com\\\/actualidad\\\/el-ciclo-de-teatro-en-euskera-para-publico-joven-y-adulto-antzerki-aroa-comienza-el-proximo-miercoles-con-el-grupo-oh-my-god-y-la-comedia-zer-duzu-amy\\\/\",\"url\":\"https:\\\/\\\/www.laguiadepamplona.com\\\/actualidad\\\/el-ciclo-de-teatro-en-euskera-para-publico-joven-y-adulto-antzerki-aroa-comienza-el-proximo-miercoles-con-el-grupo-oh-my-god-y-la-comedia-zer-duzu-amy\\\/\",\"name\":\"El ciclo de teatro en euskera para p\u00fablico joven y adulto \u2018Antzerki Aroa\u2019 comienza el pr\u00f3ximo mi\u00e9rcoles con el grupo Oh My God! y la comedia \u2018Zer duzu Amy?\u2019\",\"isPartOf\":{\"@id\":\"https:\\\/\\\/www.laguiadepamplona.com\\\/actualidad\\\/#website\"},\"primaryImageOfPage\":{\"@id\":\"https:\\\/\\\/www.laguiadepamplona.com\\\/actualidad\\\/el-ciclo-de-teatro-en-euskera-para-publico-joven-y-adulto-antzerki-aroa-comienza-el-proximo-miercoles-con-el-grupo-oh-my-god-y-la-comedia-zer-duzu-amy\\\/#primaryimage\"},\"image\":{\"@id\":\"https:\\\/\\\/www.laguiadepamplona.com\\\/actualidad\\\/el-ciclo-de-teatro-en-euskera-para-publico-joven-y-adulto-antzerki-aroa-comienza-el-proximo-miercoles-con-el-grupo-oh-my-god-y-la-comedia-zer-duzu-amy\\\/#primaryimage\"},\"thumbnailUrl\":\"\",\"datePublished\":\"2014-05-09T11:12:57+00:00\",\"breadcrumb\":{\"@id\":\"https:\\\/\\\/www.laguiadepamplona.com\\\/actualidad\\\/el-ciclo-de-teatro-en-euskera-para-publico-joven-y-adulto-antzerki-aroa-comienza-el-proximo-miercoles-con-el-grupo-oh-my-god-y-la-comedia-zer-duzu-amy\\\/#breadcrumb\"},\"inLanguage\":\"es\",\"potentialAction\":[{\"@type\":\"ReadAction\",\"target\":[\"https:\\\/\\\/www.laguiadepamplona.com\\\/actualidad\\\/el-ciclo-de-teatro-en-euskera-para-publico-joven-y-adulto-antzerki-aroa-comienza-el-proximo-miercoles-con-el-grupo-oh-my-god-y-la-comedia-zer-duzu-amy\\\/\"]}]},{\"@type\":\"ImageObject\",\"inLanguage\":\"es\",\"@id\":\"https:\\\/\\\/www.laguiadepamplona.com\\\/actualidad\\\/el-ciclo-de-teatro-en-euskera-para-publico-joven-y-adulto-antzerki-aroa-comienza-el-proximo-miercoles-con-el-grupo-oh-my-god-y-la-comedia-zer-duzu-amy\\\/#primaryimage\",\"url\":\"\",\"contentUrl\":\"\"},{\"@type\":\"BreadcrumbList\",\"@id\":\"https:\\\/\\\/www.laguiadepamplona.com\\\/actualidad\\\/el-ciclo-de-teatro-en-euskera-para-publico-joven-y-adulto-antzerki-aroa-comienza-el-proximo-miercoles-con-el-grupo-oh-my-god-y-la-comedia-zer-duzu-amy\\\/#breadcrumb\",\"itemListElement\":[{\"@type\":\"ListItem\",\"position\":1,\"name\":\"Portada\",\"item\":\"https:\\\/\\\/www.laguiadepamplona.com\\\/actualidad\\\/\"},{\"@type\":\"ListItem\",\"position\":2,\"name\":\"El ciclo de teatro en euskera para p\u00fablico joven y adulto \u2018Antzerki Aroa\u2019 comienza el pr\u00f3ximo mi\u00e9rcoles con el grupo Oh My God! y la comedia \u2018Zer duzu Amy?\u2019\"}]},{\"@type\":\"WebSite\",\"@id\":\"https:\\\/\\\/www.laguiadepamplona.com\\\/actualidad\\\/#website\",\"url\":\"https:\\\/\\\/www.laguiadepamplona.com\\\/actualidad\\\/\",\"name\":\"La gu\u00eda de Pamplona\",\"description\":\"Noticias de Pamplona\",\"publisher\":{\"@id\":\"https:\\\/\\\/www.laguiadepamplona.com\\\/actualidad\\\/#organization\"},\"potentialAction\":[{\"@type\":\"SearchAction\",\"target\":{\"@type\":\"EntryPoint\",\"urlTemplate\":\"https:\\\/\\\/www.laguiadepamplona.com\\\/actualidad\\\/?s={search_term_string}\"},\"query-input\":{\"@type\":\"PropertyValueSpecification\",\"valueRequired\":true,\"valueName\":\"search_term_string\"}}],\"inLanguage\":\"es\"},{\"@type\":\"Organization\",\"@id\":\"https:\\\/\\\/www.laguiadepamplona.com\\\/actualidad\\\/#organization\",\"name\":\"La Gu\u00eda de Pamplona \\\/ Noticias\",\"url\":\"https:\\\/\\\/www.laguiadepamplona.com\\\/actualidad\\\/\",\"logo\":{\"@type\":\"ImageObject\",\"inLanguage\":\"es\",\"@id\":\"https:\\\/\\\/www.laguiadepamplona.com\\\/actualidad\\\/#\\\/schema\\\/logo\\\/image\\\/\",\"url\":\"https:\\\/\\\/www.laguiadepamplona.com\\\/actualidad\\\/wp-content\\\/uploads\\\/2018\\\/11\\\/logo-laguiadepamplona18-web1.png\",\"contentUrl\":\"https:\\\/\\\/www.laguiadepamplona.com\\\/actualidad\\\/wp-content\\\/uploads\\\/2018\\\/11\\\/logo-laguiadepamplona18-web1.png\",\"width\":600,\"height\":196,\"caption\":\"La Gu\u00eda de Pamplona \\\/ Noticias\"},\"image\":{\"@id\":\"https:\\\/\\\/www.laguiadepamplona.com\\\/actualidad\\\/#\\\/schema\\\/logo\\\/image\\\/\"},\"sameAs\":[\"https:\\\/\\\/www.facebook.com\\\/laguiadepamplonacom-133175176762273\\\/?ref=hl\",\"https:\\\/\\\/x.com\\\/LaGuiadPamplona\",\"https:\\\/\\\/www.instagram.com\\\/la_guia_de_pamplona\\\/\",\"https:\\\/\\\/www.youtube.com\\\/user\\\/laguiadepamplona\"]},{\"@type\":\"Person\",\"@id\":\"https:\\\/\\\/www.laguiadepamplona.com\\\/actualidad\\\/#\\\/schema\\\/person\\\/efe887376f0213d4657c93adc50b1fdb\",\"name\":\"La Gu\u00eda de Pamplona\",\"image\":{\"@type\":\"ImageObject\",\"inLanguage\":\"es\",\"@id\":\"https:\\\/\\\/secure.gravatar.com\\\/avatar\\\/b6992f131dc8d30ab0dff15446e9d346d9dbd95992de0fef795073f5ea83a81c?s=96&d=mm&r=g\",\"url\":\"https:\\\/\\\/secure.gravatar.com\\\/avatar\\\/b6992f131dc8d30ab0dff15446e9d346d9dbd95992de0fef795073f5ea83a81c?s=96&d=mm&r=g\",\"contentUrl\":\"https:\\\/\\\/secure.gravatar.com\\\/avatar\\\/b6992f131dc8d30ab0dff15446e9d346d9dbd95992de0fef795073f5ea83a81c?s=96&d=mm&r=g\",\"caption\":\"La Gu\u00eda de Pamplona\"}}]}<\/script>\n<!-- \/ Yoast SEO plugin. -->","yoast_head_json":{"title":"El ciclo de teatro en euskera para p\u00fablico joven y adulto \u2018Antzerki Aroa\u2019 comienza el pr\u00f3ximo mi\u00e9rcoles con el grupo Oh My God! y la comedia \u2018Zer duzu Amy?\u2019","robots":{"index":"index","follow":"follow","max-snippet":"max-snippet:-1","max-image-preview":"max-image-preview:large","max-video-preview":"max-video-preview:-1"},"canonical":"https:\/\/www.laguiadepamplona.com\/actualidad\/el-ciclo-de-teatro-en-euskera-para-publico-joven-y-adulto-antzerki-aroa-comienza-el-proximo-miercoles-con-el-grupo-oh-my-god-y-la-comedia-zer-duzu-amy\/","og_locale":"es_ES","og_type":"article","og_title":"El ciclo de teatro en euskera para p\u00fablico joven y adulto \u2018Antzerki Aroa\u2019 comienza el pr\u00f3ximo mi\u00e9rcoles con el grupo Oh My God! y la comedia \u2018Zer duzu Amy?\u2019","og_description":"La segunda representaci\u00f3n de esta primavera, el 28 de mayo, traer\u00e1 a la ENT a un Hamlet que se acercar\u00e1 a los problemas de la sociedad actual El ciclo de...","og_url":"https:\/\/www.laguiadepamplona.com\/actualidad\/el-ciclo-de-teatro-en-euskera-para-publico-joven-y-adulto-antzerki-aroa-comienza-el-proximo-miercoles-con-el-grupo-oh-my-god-y-la-comedia-zer-duzu-amy\/","og_site_name":"La Gu\u00eda de Pamplona","article_publisher":"https:\/\/www.facebook.com\/laguiadepamplonacom-133175176762273\/?ref=hl","article_published_time":"2014-05-09T11:12:57+00:00","author":"La Gu\u00eda de Pamplona","twitter_card":"summary_large_image","twitter_creator":"@LaGuiadPamplona","twitter_site":"@LaGuiadPamplona","twitter_misc":{"Escrito por":"La Gu\u00eda de Pamplona","Tiempo de lectura":"3 minutos"},"schema":{"@context":"https:\/\/schema.org","@graph":[{"@type":"Article","@id":"https:\/\/www.laguiadepamplona.com\/actualidad\/el-ciclo-de-teatro-en-euskera-para-publico-joven-y-adulto-antzerki-aroa-comienza-el-proximo-miercoles-con-el-grupo-oh-my-god-y-la-comedia-zer-duzu-amy\/#article","isPartOf":{"@id":"https:\/\/www.laguiadepamplona.com\/actualidad\/el-ciclo-de-teatro-en-euskera-para-publico-joven-y-adulto-antzerki-aroa-comienza-el-proximo-miercoles-con-el-grupo-oh-my-god-y-la-comedia-zer-duzu-amy\/"},"author":{"name":"La Gu\u00eda de Pamplona","@id":"https:\/\/www.laguiadepamplona.com\/actualidad\/#\/schema\/person\/efe887376f0213d4657c93adc50b1fdb"},"headline":"El ciclo de teatro en euskera para p\u00fablico joven y adulto \u2018Antzerki Aroa\u2019 comienza el pr\u00f3ximo mi\u00e9rcoles con el grupo Oh My God! y la comedia \u2018Zer duzu Amy?\u2019","datePublished":"2014-05-09T11:12:57+00:00","mainEntityOfPage":{"@id":"https:\/\/www.laguiadepamplona.com\/actualidad\/el-ciclo-de-teatro-en-euskera-para-publico-joven-y-adulto-antzerki-aroa-comienza-el-proximo-miercoles-con-el-grupo-oh-my-god-y-la-comedia-zer-duzu-amy\/"},"wordCount":719,"commentCount":0,"publisher":{"@id":"https:\/\/www.laguiadepamplona.com\/actualidad\/#organization"},"image":{"@id":"https:\/\/www.laguiadepamplona.com\/actualidad\/el-ciclo-de-teatro-en-euskera-para-publico-joven-y-adulto-antzerki-aroa-comienza-el-proximo-miercoles-con-el-grupo-oh-my-god-y-la-comedia-zer-duzu-amy\/#primaryimage"},"thumbnailUrl":"","keywords":["actualidad","Amy?","Antzerki Aroa","ayto pamplona","Ayuntamiento de Pamplona","Hamlet","noticias","Oh My God!","pamplona","Zer duzu Amy?","\u00bfQu\u00e9 te pasa"],"articleSection":["Ayto Pamplona"],"inLanguage":"es","potentialAction":[{"@type":"CommentAction","name":"Comment","target":["https:\/\/www.laguiadepamplona.com\/actualidad\/el-ciclo-de-teatro-en-euskera-para-publico-joven-y-adulto-antzerki-aroa-comienza-el-proximo-miercoles-con-el-grupo-oh-my-god-y-la-comedia-zer-duzu-amy\/#respond"]}]},{"@type":"WebPage","@id":"https:\/\/www.laguiadepamplona.com\/actualidad\/el-ciclo-de-teatro-en-euskera-para-publico-joven-y-adulto-antzerki-aroa-comienza-el-proximo-miercoles-con-el-grupo-oh-my-god-y-la-comedia-zer-duzu-amy\/","url":"https:\/\/www.laguiadepamplona.com\/actualidad\/el-ciclo-de-teatro-en-euskera-para-publico-joven-y-adulto-antzerki-aroa-comienza-el-proximo-miercoles-con-el-grupo-oh-my-god-y-la-comedia-zer-duzu-amy\/","name":"El ciclo de teatro en euskera para p\u00fablico joven y adulto \u2018Antzerki Aroa\u2019 comienza el pr\u00f3ximo mi\u00e9rcoles con el grupo Oh My God! y la comedia \u2018Zer duzu Amy?\u2019","isPartOf":{"@id":"https:\/\/www.laguiadepamplona.com\/actualidad\/#website"},"primaryImageOfPage":{"@id":"https:\/\/www.laguiadepamplona.com\/actualidad\/el-ciclo-de-teatro-en-euskera-para-publico-joven-y-adulto-antzerki-aroa-comienza-el-proximo-miercoles-con-el-grupo-oh-my-god-y-la-comedia-zer-duzu-amy\/#primaryimage"},"image":{"@id":"https:\/\/www.laguiadepamplona.com\/actualidad\/el-ciclo-de-teatro-en-euskera-para-publico-joven-y-adulto-antzerki-aroa-comienza-el-proximo-miercoles-con-el-grupo-oh-my-god-y-la-comedia-zer-duzu-amy\/#primaryimage"},"thumbnailUrl":"","datePublished":"2014-05-09T11:12:57+00:00","breadcrumb":{"@id":"https:\/\/www.laguiadepamplona.com\/actualidad\/el-ciclo-de-teatro-en-euskera-para-publico-joven-y-adulto-antzerki-aroa-comienza-el-proximo-miercoles-con-el-grupo-oh-my-god-y-la-comedia-zer-duzu-amy\/#breadcrumb"},"inLanguage":"es","potentialAction":[{"@type":"ReadAction","target":["https:\/\/www.laguiadepamplona.com\/actualidad\/el-ciclo-de-teatro-en-euskera-para-publico-joven-y-adulto-antzerki-aroa-comienza-el-proximo-miercoles-con-el-grupo-oh-my-god-y-la-comedia-zer-duzu-amy\/"]}]},{"@type":"ImageObject","inLanguage":"es","@id":"https:\/\/www.laguiadepamplona.com\/actualidad\/el-ciclo-de-teatro-en-euskera-para-publico-joven-y-adulto-antzerki-aroa-comienza-el-proximo-miercoles-con-el-grupo-oh-my-god-y-la-comedia-zer-duzu-amy\/#primaryimage","url":"","contentUrl":""},{"@type":"BreadcrumbList","@id":"https:\/\/www.laguiadepamplona.com\/actualidad\/el-ciclo-de-teatro-en-euskera-para-publico-joven-y-adulto-antzerki-aroa-comienza-el-proximo-miercoles-con-el-grupo-oh-my-god-y-la-comedia-zer-duzu-amy\/#breadcrumb","itemListElement":[{"@type":"ListItem","position":1,"name":"Portada","item":"https:\/\/www.laguiadepamplona.com\/actualidad\/"},{"@type":"ListItem","position":2,"name":"El ciclo de teatro en euskera para p\u00fablico joven y adulto \u2018Antzerki Aroa\u2019 comienza el pr\u00f3ximo mi\u00e9rcoles con el grupo Oh My God! y la comedia \u2018Zer duzu Amy?\u2019"}]},{"@type":"WebSite","@id":"https:\/\/www.laguiadepamplona.com\/actualidad\/#website","url":"https:\/\/www.laguiadepamplona.com\/actualidad\/","name":"La gu\u00eda de Pamplona","description":"Noticias de Pamplona","publisher":{"@id":"https:\/\/www.laguiadepamplona.com\/actualidad\/#organization"},"potentialAction":[{"@type":"SearchAction","target":{"@type":"EntryPoint","urlTemplate":"https:\/\/www.laguiadepamplona.com\/actualidad\/?s={search_term_string}"},"query-input":{"@type":"PropertyValueSpecification","valueRequired":true,"valueName":"search_term_string"}}],"inLanguage":"es"},{"@type":"Organization","@id":"https:\/\/www.laguiadepamplona.com\/actualidad\/#organization","name":"La Gu\u00eda de Pamplona \/ Noticias","url":"https:\/\/www.laguiadepamplona.com\/actualidad\/","logo":{"@type":"ImageObject","inLanguage":"es","@id":"https:\/\/www.laguiadepamplona.com\/actualidad\/#\/schema\/logo\/image\/","url":"https:\/\/www.laguiadepamplona.com\/actualidad\/wp-content\/uploads\/2018\/11\/logo-laguiadepamplona18-web1.png","contentUrl":"https:\/\/www.laguiadepamplona.com\/actualidad\/wp-content\/uploads\/2018\/11\/logo-laguiadepamplona18-web1.png","width":600,"height":196,"caption":"La Gu\u00eda de Pamplona \/ Noticias"},"image":{"@id":"https:\/\/www.laguiadepamplona.com\/actualidad\/#\/schema\/logo\/image\/"},"sameAs":["https:\/\/www.facebook.com\/laguiadepamplonacom-133175176762273\/?ref=hl","https:\/\/x.com\/LaGuiadPamplona","https:\/\/www.instagram.com\/la_guia_de_pamplona\/","https:\/\/www.youtube.com\/user\/laguiadepamplona"]},{"@type":"Person","@id":"https:\/\/www.laguiadepamplona.com\/actualidad\/#\/schema\/person\/efe887376f0213d4657c93adc50b1fdb","name":"La Gu\u00eda de Pamplona","image":{"@type":"ImageObject","inLanguage":"es","@id":"https:\/\/secure.gravatar.com\/avatar\/b6992f131dc8d30ab0dff15446e9d346d9dbd95992de0fef795073f5ea83a81c?s=96&d=mm&r=g","url":"https:\/\/secure.gravatar.com\/avatar\/b6992f131dc8d30ab0dff15446e9d346d9dbd95992de0fef795073f5ea83a81c?s=96&d=mm&r=g","contentUrl":"https:\/\/secure.gravatar.com\/avatar\/b6992f131dc8d30ab0dff15446e9d346d9dbd95992de0fef795073f5ea83a81c?s=96&d=mm&r=g","caption":"La Gu\u00eda de Pamplona"}}]}},"post_mailing_queue_ids":[],"_links":{"self":[{"href":"https:\/\/www.laguiadepamplona.com\/actualidad\/wp-json\/wp\/v2\/posts\/1506","targetHints":{"allow":["GET"]}}],"collection":[{"href":"https:\/\/www.laguiadepamplona.com\/actualidad\/wp-json\/wp\/v2\/posts"}],"about":[{"href":"https:\/\/www.laguiadepamplona.com\/actualidad\/wp-json\/wp\/v2\/types\/post"}],"author":[{"embeddable":true,"href":"https:\/\/www.laguiadepamplona.com\/actualidad\/wp-json\/wp\/v2\/users\/1"}],"replies":[{"embeddable":true,"href":"https:\/\/www.laguiadepamplona.com\/actualidad\/wp-json\/wp\/v2\/comments?post=1506"}],"version-history":[{"count":0,"href":"https:\/\/www.laguiadepamplona.com\/actualidad\/wp-json\/wp\/v2\/posts\/1506\/revisions"}],"wp:featuredmedia":[{"embeddable":true,"href":"https:\/\/www.laguiadepamplona.com\/actualidad\/wp-json\/"}],"wp:attachment":[{"href":"https:\/\/www.laguiadepamplona.com\/actualidad\/wp-json\/wp\/v2\/media?parent=1506"}],"wp:term":[{"taxonomy":"category","embeddable":true,"href":"https:\/\/www.laguiadepamplona.com\/actualidad\/wp-json\/wp\/v2\/categories?post=1506"},{"taxonomy":"post_tag","embeddable":true,"href":"https:\/\/www.laguiadepamplona.com\/actualidad\/wp-json\/wp\/v2\/tags?post=1506"}],"curies":[{"name":"wp","href":"https:\/\/api.w.org\/{rel}","templated":true}]}}