{"id":1500,"date":"2014-05-08T11:53:24","date_gmt":"2014-05-08T10:53:24","guid":{"rendered":"http:\/\/laguiadepamplona.es\/noticias\/?p=1500"},"modified":"2014-05-08T11:53:24","modified_gmt":"2014-05-08T10:53:24","slug":"el-expediente-informativo-que-recoge-los-hechos-acaecidos-en-el-caso-de-ignacio-polo-es-remitido-al-juzgado","status":"publish","type":"post","link":"https:\/\/www.laguiadepamplona.com\/actualidad\/el-expediente-informativo-que-recoge-los-hechos-acaecidos-en-el-caso-de-ignacio-polo-es-remitido-al-juzgado\/","title":{"rendered":"El expediente informativo que recoge los hechos acaecidos en el caso de Ignacio Polo es remitido al Juzgado"},"content":{"rendered":"<p class=\"Ttulonota\"><a href=\"http:\/\/laguiadepamplona.es\/noticias\/wp-content\/uploads\/2014\/01\/polic\u00eda-municipal-pamplona.jpg\"><img loading=\"lazy\" decoding=\"async\" class=\"alignleft size-medium wp-image-100\" src=\"http:\/\/laguiadepamplona.es\/noticias\/wp-content\/uploads\/2014\/01\/polic\u00eda-municipal-pamplona-300x223.jpg\" alt=\"polic\u00eda-municipal-pamplona\" width=\"300\" height=\"223\" \/><\/a>El expediente informativo que recoge todos los hechos acaecidos con motivo del control de alcoholemia del exconcejal Ignacio Polo, el pasado 20 de abril, ha sido remitido al Juzgado; un informe que se extiende desde la intervenci\u00f3n del primer agente hasta la conclusi\u00f3n del expediente sancionador.<\/p>\n<p class=\"Textonota\">El informe resalta en sus conclusiones que el atestado ha sido elaborado por la Polic\u00eda Municipal de Pamplona en funciones de polic\u00eda judicial y que ha pasado ya a formar parte del sumario. Por tanto, y en virtud del art\u00edculo 301 de la Ley de Enjuiciamiento Criminal, las diligencias del sumario son secretas.<\/p>\n<p class=\"Textonota\">Dado que tres sindicatos de polic\u00eda iniciaron el proceso judicial, al interponer una denuncia en el juzgado de guardia por posibles irregularidades, el atestado policial tambi\u00e9n ha sido remitido a la juez.<\/p>\n<p class=\"Textonota\">\n","protected":false},"excerpt":{"rendered":"<p>El expediente informativo que recoge todos los hechos acaecidos con motivo del control de alcoholemia del exconcejal Ignacio Polo, el pasado 20 de abril, ha sido remitido al Juzgado; un&#8230;<\/p>\n","protected":false},"author":1,"featured_media":100,"comment_status":"open","ping_status":"open","sticky":false,"template":"","format":"standard","meta":{"footnotes":""},"categories":[2],"tags":[5,6,509,1123,916,1124,8,9],"class_list":["post-1500","post","type-post","status-publish","format-standard","has-post-thumbnail","hentry","category-ayuntamiento-pamplona","tag-actualidad","tag-ayto-pamplona","tag-ayuntamiento-de-pamplona","tag-exconcejal","tag-ignacio-polo","tag-juzgado","tag-noticias","tag-pamplona"],"yoast_head":"<!-- This site is optimized with the Yoast SEO plugin v27.5 - https:\/\/yoast.com\/product\/yoast-seo-wordpress\/ -->\n<title>El expediente informativo que recoge los hechos acaecidos en el caso de Ignacio Polo es remitido al Juzgado<\/title>\n<meta name=\"robots\" content=\"index, follow, max-snippet:-1, max-image-preview:large, max-video-preview:-1\" \/>\n<link rel=\"canonical\" href=\"https:\/\/www.laguiadepamplona.com\/actualidad\/el-expediente-informativo-que-recoge-los-hechos-acaecidos-en-el-caso-de-ignacio-polo-es-remitido-al-juzgado\/\" \/>\n<meta property=\"og:locale\" content=\"es_ES\" \/>\n<meta property=\"og:type\" content=\"article\" \/>\n<meta property=\"og:title\" content=\"El expediente informativo que recoge los hechos acaecidos en el caso de Ignacio Polo es remitido al Juzgado\" \/>\n<meta property=\"og:description\" content=\"El expediente informativo que recoge todos los hechos acaecidos con motivo del control de alcoholemia del exconcejal Ignacio Polo, el pasado 20 de abril, ha sido remitido al Juzgado; un...\" \/>\n<meta property=\"og:url\" content=\"https:\/\/www.laguiadepamplona.com\/actualidad\/el-expediente-informativo-que-recoge-los-hechos-acaecidos-en-el-caso-de-ignacio-polo-es-remitido-al-juzgado\/\" \/>\n<meta property=\"og:site_name\" content=\"La Gu\u00eda de Pamplona\" \/>\n<meta property=\"article:publisher\" content=\"https:\/\/www.facebook.com\/laguiadepamplonacom-133175176762273\/?ref=hl\" \/>\n<meta property=\"article:published_time\" content=\"2014-05-08T10:53:24+00:00\" \/>\n<meta name=\"author\" content=\"La Gu\u00eda de Pamplona\" \/>\n<meta name=\"twitter:card\" content=\"summary_large_image\" \/>\n<meta name=\"twitter:creator\" content=\"@LaGuiadPamplona\" \/>\n<meta name=\"twitter:site\" content=\"@LaGuiadPamplona\" \/>\n<meta name=\"twitter:label1\" content=\"Escrito por\" \/>\n\t<meta name=\"twitter:data1\" content=\"La Gu\u00eda de Pamplona\" \/>\n\t<meta name=\"twitter:label2\" content=\"Tiempo de lectura\" \/>\n\t<meta name=\"twitter:data2\" content=\"1 minuto\" \/>\n<script type=\"application\/ld+json\" class=\"yoast-schema-graph\">{\"@context\":\"https:\\\/\\\/schema.org\",\"@graph\":[{\"@type\":\"Article\",\"@id\":\"https:\\\/\\\/www.laguiadepamplona.com\\\/actualidad\\\/el-expediente-informativo-que-recoge-los-hechos-acaecidos-en-el-caso-de-ignacio-polo-es-remitido-al-juzgado\\\/#article\",\"isPartOf\":{\"@id\":\"https:\\\/\\\/www.laguiadepamplona.com\\\/actualidad\\\/el-expediente-informativo-que-recoge-los-hechos-acaecidos-en-el-caso-de-ignacio-polo-es-remitido-al-juzgado\\\/\"},\"author\":{\"name\":\"La Gu\u00eda de Pamplona\",\"@id\":\"https:\\\/\\\/www.laguiadepamplona.com\\\/actualidad\\\/#\\\/schema\\\/person\\\/efe887376f0213d4657c93adc50b1fdb\"},\"headline\":\"El expediente informativo que recoge los hechos acaecidos en el caso de Ignacio Polo es remitido al Juzgado\",\"datePublished\":\"2014-05-08T10:53:24+00:00\",\"mainEntityOfPage\":{\"@id\":\"https:\\\/\\\/www.laguiadepamplona.com\\\/actualidad\\\/el-expediente-informativo-que-recoge-los-hechos-acaecidos-en-el-caso-de-ignacio-polo-es-remitido-al-juzgado\\\/\"},\"wordCount\":154,\"commentCount\":0,\"publisher\":{\"@id\":\"https:\\\/\\\/www.laguiadepamplona.com\\\/actualidad\\\/#organization\"},\"image\":{\"@id\":\"https:\\\/\\\/www.laguiadepamplona.com\\\/actualidad\\\/el-expediente-informativo-que-recoge-los-hechos-acaecidos-en-el-caso-de-ignacio-polo-es-remitido-al-juzgado\\\/#primaryimage\"},\"thumbnailUrl\":\"\",\"keywords\":[\"actualidad\",\"ayto pamplona\",\"Ayuntamiento de Pamplona\",\"exconcejal\",\"Ignacio Polo\",\"Juzgado\",\"noticias\",\"pamplona\"],\"articleSection\":[\"Ayto Pamplona\"],\"inLanguage\":\"es\",\"potentialAction\":[{\"@type\":\"CommentAction\",\"name\":\"Comment\",\"target\":[\"https:\\\/\\\/www.laguiadepamplona.com\\\/actualidad\\\/el-expediente-informativo-que-recoge-los-hechos-acaecidos-en-el-caso-de-ignacio-polo-es-remitido-al-juzgado\\\/#respond\"]}]},{\"@type\":\"WebPage\",\"@id\":\"https:\\\/\\\/www.laguiadepamplona.com\\\/actualidad\\\/el-expediente-informativo-que-recoge-los-hechos-acaecidos-en-el-caso-de-ignacio-polo-es-remitido-al-juzgado\\\/\",\"url\":\"https:\\\/\\\/www.laguiadepamplona.com\\\/actualidad\\\/el-expediente-informativo-que-recoge-los-hechos-acaecidos-en-el-caso-de-ignacio-polo-es-remitido-al-juzgado\\\/\",\"name\":\"El expediente informativo que recoge los hechos acaecidos en el caso de Ignacio Polo es remitido al Juzgado\",\"isPartOf\":{\"@id\":\"https:\\\/\\\/www.laguiadepamplona.com\\\/actualidad\\\/#website\"},\"primaryImageOfPage\":{\"@id\":\"https:\\\/\\\/www.laguiadepamplona.com\\\/actualidad\\\/el-expediente-informativo-que-recoge-los-hechos-acaecidos-en-el-caso-de-ignacio-polo-es-remitido-al-juzgado\\\/#primaryimage\"},\"image\":{\"@id\":\"https:\\\/\\\/www.laguiadepamplona.com\\\/actualidad\\\/el-expediente-informativo-que-recoge-los-hechos-acaecidos-en-el-caso-de-ignacio-polo-es-remitido-al-juzgado\\\/#primaryimage\"},\"thumbnailUrl\":\"\",\"datePublished\":\"2014-05-08T10:53:24+00:00\",\"breadcrumb\":{\"@id\":\"https:\\\/\\\/www.laguiadepamplona.com\\\/actualidad\\\/el-expediente-informativo-que-recoge-los-hechos-acaecidos-en-el-caso-de-ignacio-polo-es-remitido-al-juzgado\\\/#breadcrumb\"},\"inLanguage\":\"es\",\"potentialAction\":[{\"@type\":\"ReadAction\",\"target\":[\"https:\\\/\\\/www.laguiadepamplona.com\\\/actualidad\\\/el-expediente-informativo-que-recoge-los-hechos-acaecidos-en-el-caso-de-ignacio-polo-es-remitido-al-juzgado\\\/\"]}]},{\"@type\":\"ImageObject\",\"inLanguage\":\"es\",\"@id\":\"https:\\\/\\\/www.laguiadepamplona.com\\\/actualidad\\\/el-expediente-informativo-que-recoge-los-hechos-acaecidos-en-el-caso-de-ignacio-polo-es-remitido-al-juzgado\\\/#primaryimage\",\"url\":\"\",\"contentUrl\":\"\"},{\"@type\":\"BreadcrumbList\",\"@id\":\"https:\\\/\\\/www.laguiadepamplona.com\\\/actualidad\\\/el-expediente-informativo-que-recoge-los-hechos-acaecidos-en-el-caso-de-ignacio-polo-es-remitido-al-juzgado\\\/#breadcrumb\",\"itemListElement\":[{\"@type\":\"ListItem\",\"position\":1,\"name\":\"Portada\",\"item\":\"https:\\\/\\\/www.laguiadepamplona.com\\\/actualidad\\\/\"},{\"@type\":\"ListItem\",\"position\":2,\"name\":\"El expediente informativo que recoge los hechos acaecidos en el caso de Ignacio Polo es remitido al Juzgado\"}]},{\"@type\":\"WebSite\",\"@id\":\"https:\\\/\\\/www.laguiadepamplona.com\\\/actualidad\\\/#website\",\"url\":\"https:\\\/\\\/www.laguiadepamplona.com\\\/actualidad\\\/\",\"name\":\"La gu\u00eda de Pamplona\",\"description\":\"Noticias de Pamplona\",\"publisher\":{\"@id\":\"https:\\\/\\\/www.laguiadepamplona.com\\\/actualidad\\\/#organization\"},\"potentialAction\":[{\"@type\":\"SearchAction\",\"target\":{\"@type\":\"EntryPoint\",\"urlTemplate\":\"https:\\\/\\\/www.laguiadepamplona.com\\\/actualidad\\\/?s={search_term_string}\"},\"query-input\":{\"@type\":\"PropertyValueSpecification\",\"valueRequired\":true,\"valueName\":\"search_term_string\"}}],\"inLanguage\":\"es\"},{\"@type\":\"Organization\",\"@id\":\"https:\\\/\\\/www.laguiadepamplona.com\\\/actualidad\\\/#organization\",\"name\":\"La Gu\u00eda de Pamplona \\\/ Noticias\",\"url\":\"https:\\\/\\\/www.laguiadepamplona.com\\\/actualidad\\\/\",\"logo\":{\"@type\":\"ImageObject\",\"inLanguage\":\"es\",\"@id\":\"https:\\\/\\\/www.laguiadepamplona.com\\\/actualidad\\\/#\\\/schema\\\/logo\\\/image\\\/\",\"url\":\"https:\\\/\\\/www.laguiadepamplona.com\\\/actualidad\\\/wp-content\\\/uploads\\\/2018\\\/11\\\/logo-laguiadepamplona18-web1.png\",\"contentUrl\":\"https:\\\/\\\/www.laguiadepamplona.com\\\/actualidad\\\/wp-content\\\/uploads\\\/2018\\\/11\\\/logo-laguiadepamplona18-web1.png\",\"width\":600,\"height\":196,\"caption\":\"La Gu\u00eda de Pamplona \\\/ Noticias\"},\"image\":{\"@id\":\"https:\\\/\\\/www.laguiadepamplona.com\\\/actualidad\\\/#\\\/schema\\\/logo\\\/image\\\/\"},\"sameAs\":[\"https:\\\/\\\/www.facebook.com\\\/laguiadepamplonacom-133175176762273\\\/?ref=hl\",\"https:\\\/\\\/x.com\\\/LaGuiadPamplona\",\"https:\\\/\\\/www.instagram.com\\\/la_guia_de_pamplona\\\/\",\"https:\\\/\\\/www.youtube.com\\\/user\\\/laguiadepamplona\"]},{\"@type\":\"Person\",\"@id\":\"https:\\\/\\\/www.laguiadepamplona.com\\\/actualidad\\\/#\\\/schema\\\/person\\\/efe887376f0213d4657c93adc50b1fdb\",\"name\":\"La Gu\u00eda de Pamplona\",\"image\":{\"@type\":\"ImageObject\",\"inLanguage\":\"es\",\"@id\":\"https:\\\/\\\/secure.gravatar.com\\\/avatar\\\/b6992f131dc8d30ab0dff15446e9d346d9dbd95992de0fef795073f5ea83a81c?s=96&d=mm&r=g\",\"url\":\"https:\\\/\\\/secure.gravatar.com\\\/avatar\\\/b6992f131dc8d30ab0dff15446e9d346d9dbd95992de0fef795073f5ea83a81c?s=96&d=mm&r=g\",\"contentUrl\":\"https:\\\/\\\/secure.gravatar.com\\\/avatar\\\/b6992f131dc8d30ab0dff15446e9d346d9dbd95992de0fef795073f5ea83a81c?s=96&d=mm&r=g\",\"caption\":\"La Gu\u00eda de Pamplona\"}}]}<\/script>\n<!-- \/ Yoast SEO plugin. -->","yoast_head_json":{"title":"El expediente informativo que recoge los hechos acaecidos en el caso de Ignacio Polo es remitido al Juzgado","robots":{"index":"index","follow":"follow","max-snippet":"max-snippet:-1","max-image-preview":"max-image-preview:large","max-video-preview":"max-video-preview:-1"},"canonical":"https:\/\/www.laguiadepamplona.com\/actualidad\/el-expediente-informativo-que-recoge-los-hechos-acaecidos-en-el-caso-de-ignacio-polo-es-remitido-al-juzgado\/","og_locale":"es_ES","og_type":"article","og_title":"El expediente informativo que recoge los hechos acaecidos en el caso de Ignacio Polo es remitido al Juzgado","og_description":"El expediente informativo que recoge todos los hechos acaecidos con motivo del control de alcoholemia del exconcejal Ignacio Polo, el pasado 20 de abril, ha sido remitido al Juzgado; un...","og_url":"https:\/\/www.laguiadepamplona.com\/actualidad\/el-expediente-informativo-que-recoge-los-hechos-acaecidos-en-el-caso-de-ignacio-polo-es-remitido-al-juzgado\/","og_site_name":"La Gu\u00eda de Pamplona","article_publisher":"https:\/\/www.facebook.com\/laguiadepamplonacom-133175176762273\/?ref=hl","article_published_time":"2014-05-08T10:53:24+00:00","author":"La Gu\u00eda de Pamplona","twitter_card":"summary_large_image","twitter_creator":"@LaGuiadPamplona","twitter_site":"@LaGuiadPamplona","twitter_misc":{"Escrito por":"La Gu\u00eda de Pamplona","Tiempo de lectura":"1 minuto"},"schema":{"@context":"https:\/\/schema.org","@graph":[{"@type":"Article","@id":"https:\/\/www.laguiadepamplona.com\/actualidad\/el-expediente-informativo-que-recoge-los-hechos-acaecidos-en-el-caso-de-ignacio-polo-es-remitido-al-juzgado\/#article","isPartOf":{"@id":"https:\/\/www.laguiadepamplona.com\/actualidad\/el-expediente-informativo-que-recoge-los-hechos-acaecidos-en-el-caso-de-ignacio-polo-es-remitido-al-juzgado\/"},"author":{"name":"La Gu\u00eda de Pamplona","@id":"https:\/\/www.laguiadepamplona.com\/actualidad\/#\/schema\/person\/efe887376f0213d4657c93adc50b1fdb"},"headline":"El expediente informativo que recoge los hechos acaecidos en el caso de Ignacio Polo es remitido al Juzgado","datePublished":"2014-05-08T10:53:24+00:00","mainEntityOfPage":{"@id":"https:\/\/www.laguiadepamplona.com\/actualidad\/el-expediente-informativo-que-recoge-los-hechos-acaecidos-en-el-caso-de-ignacio-polo-es-remitido-al-juzgado\/"},"wordCount":154,"commentCount":0,"publisher":{"@id":"https:\/\/www.laguiadepamplona.com\/actualidad\/#organization"},"image":{"@id":"https:\/\/www.laguiadepamplona.com\/actualidad\/el-expediente-informativo-que-recoge-los-hechos-acaecidos-en-el-caso-de-ignacio-polo-es-remitido-al-juzgado\/#primaryimage"},"thumbnailUrl":"","keywords":["actualidad","ayto pamplona","Ayuntamiento de Pamplona","exconcejal","Ignacio Polo","Juzgado","noticias","pamplona"],"articleSection":["Ayto Pamplona"],"inLanguage":"es","potentialAction":[{"@type":"CommentAction","name":"Comment","target":["https:\/\/www.laguiadepamplona.com\/actualidad\/el-expediente-informativo-que-recoge-los-hechos-acaecidos-en-el-caso-de-ignacio-polo-es-remitido-al-juzgado\/#respond"]}]},{"@type":"WebPage","@id":"https:\/\/www.laguiadepamplona.com\/actualidad\/el-expediente-informativo-que-recoge-los-hechos-acaecidos-en-el-caso-de-ignacio-polo-es-remitido-al-juzgado\/","url":"https:\/\/www.laguiadepamplona.com\/actualidad\/el-expediente-informativo-que-recoge-los-hechos-acaecidos-en-el-caso-de-ignacio-polo-es-remitido-al-juzgado\/","name":"El expediente informativo que recoge los hechos acaecidos en el caso de Ignacio Polo es remitido al Juzgado","isPartOf":{"@id":"https:\/\/www.laguiadepamplona.com\/actualidad\/#website"},"primaryImageOfPage":{"@id":"https:\/\/www.laguiadepamplona.com\/actualidad\/el-expediente-informativo-que-recoge-los-hechos-acaecidos-en-el-caso-de-ignacio-polo-es-remitido-al-juzgado\/#primaryimage"},"image":{"@id":"https:\/\/www.laguiadepamplona.com\/actualidad\/el-expediente-informativo-que-recoge-los-hechos-acaecidos-en-el-caso-de-ignacio-polo-es-remitido-al-juzgado\/#primaryimage"},"thumbnailUrl":"","datePublished":"2014-05-08T10:53:24+00:00","breadcrumb":{"@id":"https:\/\/www.laguiadepamplona.com\/actualidad\/el-expediente-informativo-que-recoge-los-hechos-acaecidos-en-el-caso-de-ignacio-polo-es-remitido-al-juzgado\/#breadcrumb"},"inLanguage":"es","potentialAction":[{"@type":"ReadAction","target":["https:\/\/www.laguiadepamplona.com\/actualidad\/el-expediente-informativo-que-recoge-los-hechos-acaecidos-en-el-caso-de-ignacio-polo-es-remitido-al-juzgado\/"]}]},{"@type":"ImageObject","inLanguage":"es","@id":"https:\/\/www.laguiadepamplona.com\/actualidad\/el-expediente-informativo-que-recoge-los-hechos-acaecidos-en-el-caso-de-ignacio-polo-es-remitido-al-juzgado\/#primaryimage","url":"","contentUrl":""},{"@type":"BreadcrumbList","@id":"https:\/\/www.laguiadepamplona.com\/actualidad\/el-expediente-informativo-que-recoge-los-hechos-acaecidos-en-el-caso-de-ignacio-polo-es-remitido-al-juzgado\/#breadcrumb","itemListElement":[{"@type":"ListItem","position":1,"name":"Portada","item":"https:\/\/www.laguiadepamplona.com\/actualidad\/"},{"@type":"ListItem","position":2,"name":"El expediente informativo que recoge los hechos acaecidos en el caso de Ignacio Polo es remitido al Juzgado"}]},{"@type":"WebSite","@id":"https:\/\/www.laguiadepamplona.com\/actualidad\/#website","url":"https:\/\/www.laguiadepamplona.com\/actualidad\/","name":"La gu\u00eda de Pamplona","description":"Noticias de Pamplona","publisher":{"@id":"https:\/\/www.laguiadepamplona.com\/actualidad\/#organization"},"potentialAction":[{"@type":"SearchAction","target":{"@type":"EntryPoint","urlTemplate":"https:\/\/www.laguiadepamplona.com\/actualidad\/?s={search_term_string}"},"query-input":{"@type":"PropertyValueSpecification","valueRequired":true,"valueName":"search_term_string"}}],"inLanguage":"es"},{"@type":"Organization","@id":"https:\/\/www.laguiadepamplona.com\/actualidad\/#organization","name":"La Gu\u00eda de Pamplona \/ Noticias","url":"https:\/\/www.laguiadepamplona.com\/actualidad\/","logo":{"@type":"ImageObject","inLanguage":"es","@id":"https:\/\/www.laguiadepamplona.com\/actualidad\/#\/schema\/logo\/image\/","url":"https:\/\/www.laguiadepamplona.com\/actualidad\/wp-content\/uploads\/2018\/11\/logo-laguiadepamplona18-web1.png","contentUrl":"https:\/\/www.laguiadepamplona.com\/actualidad\/wp-content\/uploads\/2018\/11\/logo-laguiadepamplona18-web1.png","width":600,"height":196,"caption":"La Gu\u00eda de Pamplona \/ Noticias"},"image":{"@id":"https:\/\/www.laguiadepamplona.com\/actualidad\/#\/schema\/logo\/image\/"},"sameAs":["https:\/\/www.facebook.com\/laguiadepamplonacom-133175176762273\/?ref=hl","https:\/\/x.com\/LaGuiadPamplona","https:\/\/www.instagram.com\/la_guia_de_pamplona\/","https:\/\/www.youtube.com\/user\/laguiadepamplona"]},{"@type":"Person","@id":"https:\/\/www.laguiadepamplona.com\/actualidad\/#\/schema\/person\/efe887376f0213d4657c93adc50b1fdb","name":"La Gu\u00eda de Pamplona","image":{"@type":"ImageObject","inLanguage":"es","@id":"https:\/\/secure.gravatar.com\/avatar\/b6992f131dc8d30ab0dff15446e9d346d9dbd95992de0fef795073f5ea83a81c?s=96&d=mm&r=g","url":"https:\/\/secure.gravatar.com\/avatar\/b6992f131dc8d30ab0dff15446e9d346d9dbd95992de0fef795073f5ea83a81c?s=96&d=mm&r=g","contentUrl":"https:\/\/secure.gravatar.com\/avatar\/b6992f131dc8d30ab0dff15446e9d346d9dbd95992de0fef795073f5ea83a81c?s=96&d=mm&r=g","caption":"La Gu\u00eda de Pamplona"}}]}},"post_mailing_queue_ids":[],"_links":{"self":[{"href":"https:\/\/www.laguiadepamplona.com\/actualidad\/wp-json\/wp\/v2\/posts\/1500","targetHints":{"allow":["GET"]}}],"collection":[{"href":"https:\/\/www.laguiadepamplona.com\/actualidad\/wp-json\/wp\/v2\/posts"}],"about":[{"href":"https:\/\/www.laguiadepamplona.com\/actualidad\/wp-json\/wp\/v2\/types\/post"}],"author":[{"embeddable":true,"href":"https:\/\/www.laguiadepamplona.com\/actualidad\/wp-json\/wp\/v2\/users\/1"}],"replies":[{"embeddable":true,"href":"https:\/\/www.laguiadepamplona.com\/actualidad\/wp-json\/wp\/v2\/comments?post=1500"}],"version-history":[{"count":0,"href":"https:\/\/www.laguiadepamplona.com\/actualidad\/wp-json\/wp\/v2\/posts\/1500\/revisions"}],"wp:featuredmedia":[{"embeddable":true,"href":"https:\/\/www.laguiadepamplona.com\/actualidad\/wp-json\/"}],"wp:attachment":[{"href":"https:\/\/www.laguiadepamplona.com\/actualidad\/wp-json\/wp\/v2\/media?parent=1500"}],"wp:term":[{"taxonomy":"category","embeddable":true,"href":"https:\/\/www.laguiadepamplona.com\/actualidad\/wp-json\/wp\/v2\/categories?post=1500"},{"taxonomy":"post_tag","embeddable":true,"href":"https:\/\/www.laguiadepamplona.com\/actualidad\/wp-json\/wp\/v2\/tags?post=1500"}],"curies":[{"name":"wp","href":"https:\/\/api.w.org\/{rel}","templated":true}]}}