{"id":1489,"date":"2014-05-08T11:30:49","date_gmt":"2014-05-08T10:30:49","guid":{"rendered":"http:\/\/laguiadepamplona.es\/noticias\/?p=1489"},"modified":"2014-05-08T11:30:49","modified_gmt":"2014-05-08T10:30:49","slug":"patxi-punal-y-andres-fernandez-entregaron-los-premios-del-concurso-de-dibujo-de-fundacion-osasuna","status":"publish","type":"post","link":"https:\/\/www.laguiadepamplona.com\/actualidad\/patxi-punal-y-andres-fernandez-entregaron-los-premios-del-concurso-de-dibujo-de-fundacion-osasuna\/","title":{"rendered":"Patxi Pu\u00f1al y Andr\u00e9s Fern\u00e1ndez entregaron los premios del concurso de dibujo de Fundaci\u00f3n Osasuna"},"content":{"rendered":"<h5><em>El ni\u00f1o Axel Kamps se alz\u00f3 con el primer premio gracias a su dibujo, protagonizado por Andr\u00e9s Fern\u00e1ndez<\/em><\/h5>\n<p><a href=\"http:\/\/laguiadepamplona.es\/noticias\/wp-content\/uploads\/2014\/05\/Foto-familia.jpg\"><img loading=\"lazy\" decoding=\"async\" class=\"alignleft size-medium wp-image-1490\" src=\"http:\/\/laguiadepamplona.es\/noticias\/wp-content\/uploads\/2014\/05\/Foto-familia-300x200.jpg\" alt=\"Foto familia\" width=\"300\" height=\"200\" \/><\/a>El centro comercial La Morea fue el escenario de una tarde m\u00e1gica para los m\u00e1s peque\u00f1os. El pasado mi\u00e9rcoles, m\u00e1s de 50 ni\u00f1os asistieron all\u00ed a la entrega de premios del XIII Concurso de Dibujo Infantil de Fundaci\u00f3n Osasuna. Los jugadores Patxi Pu\u00f1al y Andr\u00e9s Fern\u00e1ndez fueron los encargados de llevar la alegr\u00eda a todos los asistentes. No hubo perdedores. El medio centenar de finalistas, de los casi 1.000 participantes, pudieron conocer de primera mano a los dos jugadores, con los cuales se fotografiaron y les firmaron aut\u00f3grafos. Adem\u00e1s, todos ellos recibieron una camiseta de Fundaci\u00f3n Osasuna.<\/p>\n<p>El dibujo de Axel Kamps (12 a\u00f1os) fue el ganador del concurso. Logr\u00f3 trofeo, dos entradas para el CA Osasuna-Betis y dos abonos de f\u00fatbol para la temporada 2014-2015.<\/p>\n<p>En la entrega de premios tambi\u00e9n participaron Diego Maquirriain, director de Fundaci\u00f3n Osasuna, Carlos Esparza, director de marketing de La Morea y Maitane Go\u00f1i, de Diario de Noticias.<a href=\"http:\/\/laguiadepamplona.es\/noticias\/wp-content\/uploads\/2014\/05\/Axel-Kamp-Ortega-12-a\u00f1os.jpg\"><img loading=\"lazy\" decoding=\"async\" class=\"alignleft size-medium wp-image-1491\" src=\"http:\/\/laguiadepamplona.es\/noticias\/wp-content\/uploads\/2014\/05\/Axel-Kamp-Ortega-12-a\u00f1os-300x212.jpg\" alt=\"Axel Kamp Ortega 12 a\u00f1os\" width=\"300\" height=\"212\" \/><\/a><\/p>\n<p><strong><a href=\"http:\/\/laguiadepamplona.es\/noticias\/wp-content\/uploads\/2014\/05\/Julen-Garralda-6-a\u00f1os.jpg\"><img loading=\"lazy\" decoding=\"async\" class=\"alignleft size-medium wp-image-1492\" src=\"http:\/\/laguiadepamplona.es\/noticias\/wp-content\/uploads\/2014\/05\/Julen-Garralda-6-a\u00f1os-300x212.jpg\" alt=\"Julen Garralda 6 a\u00f1os\" width=\"300\" height=\"212\" \/><\/a>GANADORES:<\/strong><\/p>\n<p><strong>Primer premio<\/strong> (trofeo, dos entradas para el CA Osasuna-Betis y dos abonos para la temporada de f\u00fatbol 2014-2015): Axel Kamps<\/p>\n<p><strong>Segundo premio<\/strong> (trofeo, dos entradas para el CA Osasuna-Betis y camiseta del CA Osasuna firmada): Ruth Del Burgo.<\/p>\n<p><strong>Tercer premio<\/strong> (trofeo, dos entradas para el CA Osasuna-Betis y bal\u00f3n del CA Osasuna firmada): Xabier Garralda.<\/p>\n<p><strong>Cuarto premio<\/strong> (dos entradas y trofeo): Jorge Berrueco.<\/p>\n<p><strong>Quinto premio<\/strong> (dos entradas y trofeo): Pablo Ram\u00edrez.<\/p>\n<p><strong>Sexto premio<\/strong> (dos entradas y trofeo): Pedro Puig.<\/p>\n<p><strong>S\u00e9ptimo premio<\/strong> (dos entradas y trofeo): Telmo Rebol\u00e9.<\/p>\n<p><strong>Octavo premio<\/strong> (dos entradas y trofeo): Amaia Echeverr\u00eda.<\/p>\n<p><strong>Noveno premio<\/strong> (dos entradas y trofeo): Andrea Yanguas.<\/p>\n<p><strong>D\u00e9cimo premio<\/strong> (dos entradas y trofeo): Elisa McGrath.<\/p>\n<p><strong>Premio Diario de Noticias al dibujo m\u00e1s original<\/strong> (ch\u00e1ndal, dos entradas y placa conmemorativa): Julen Garralda.<\/p>\n<p><strong>Colegio m\u00e1s participativo<\/strong> (lote de libros, trofeo y p\u00f3ster de la primera plantilla firmado): Luis Amig\u00f3. Recogi\u00f3 el premio \u00d3scar Paniagua, coordinador de primaria.<\/p>\n<p>&nbsp;<\/p>\n","protected":false},"excerpt":{"rendered":"<p>El ni\u00f1o Axel Kamps se alz\u00f3 con el primer premio gracias a su dibujo, protagonizado por Andr\u00e9s Fern\u00e1ndez El centro comercial La Morea fue el escenario de una tarde m\u00e1gica&#8230;<\/p>\n","protected":false},"author":1,"featured_media":1490,"comment_status":"open","ping_status":"open","sticky":false,"template":"","format":"standard","meta":{"footnotes":""},"categories":[3],"tags":[5,160,1121,14,8,15,1122],"class_list":["post-1489","post","type-post","status-publish","format-standard","has-post-thumbnail","hentry","category-fundacion-osasuna","tag-actualidad","tag-andres-fernandez","tag-concurso-de-dibujo","tag-fundacion-osasuna-2","tag-noticias","tag-osasuna","tag-patxi-punal"],"yoast_head":"<!-- This site is optimized with the Yoast SEO plugin v27.5 - https:\/\/yoast.com\/product\/yoast-seo-wordpress\/ -->\n<title>Patxi Pu\u00f1al y Andr\u00e9s Fern\u00e1ndez entregaron los premios del concurso de dibujo de Fundaci\u00f3n Osasuna<\/title>\n<meta name=\"robots\" content=\"index, follow, max-snippet:-1, max-image-preview:large, max-video-preview:-1\" \/>\n<link rel=\"canonical\" href=\"https:\/\/www.laguiadepamplona.com\/actualidad\/patxi-punal-y-andres-fernandez-entregaron-los-premios-del-concurso-de-dibujo-de-fundacion-osasuna\/\" \/>\n<meta property=\"og:locale\" content=\"es_ES\" \/>\n<meta property=\"og:type\" content=\"article\" \/>\n<meta property=\"og:title\" content=\"Patxi Pu\u00f1al y Andr\u00e9s Fern\u00e1ndez entregaron los premios del concurso de dibujo de Fundaci\u00f3n Osasuna\" \/>\n<meta property=\"og:description\" content=\"El ni\u00f1o Axel Kamps se alz\u00f3 con el primer premio gracias a su dibujo, protagonizado por Andr\u00e9s Fern\u00e1ndez El centro comercial La Morea fue el escenario de una tarde m\u00e1gica...\" \/>\n<meta property=\"og:url\" content=\"https:\/\/www.laguiadepamplona.com\/actualidad\/patxi-punal-y-andres-fernandez-entregaron-los-premios-del-concurso-de-dibujo-de-fundacion-osasuna\/\" \/>\n<meta property=\"og:site_name\" content=\"La Gu\u00eda de Pamplona\" \/>\n<meta property=\"article:publisher\" content=\"https:\/\/www.facebook.com\/laguiadepamplonacom-133175176762273\/?ref=hl\" \/>\n<meta property=\"article:published_time\" content=\"2014-05-08T10:30:49+00:00\" \/>\n<meta name=\"author\" content=\"La Gu\u00eda de Pamplona\" \/>\n<meta name=\"twitter:card\" content=\"summary_large_image\" \/>\n<meta name=\"twitter:creator\" content=\"@LaGuiadPamplona\" \/>\n<meta name=\"twitter:site\" content=\"@LaGuiadPamplona\" \/>\n<meta name=\"twitter:label1\" content=\"Escrito por\" \/>\n\t<meta name=\"twitter:data1\" content=\"La Gu\u00eda de Pamplona\" \/>\n\t<meta name=\"twitter:label2\" content=\"Tiempo de lectura\" \/>\n\t<meta name=\"twitter:data2\" content=\"2 minutos\" \/>\n<script type=\"application\/ld+json\" class=\"yoast-schema-graph\">{\"@context\":\"https:\\\/\\\/schema.org\",\"@graph\":[{\"@type\":\"Article\",\"@id\":\"https:\\\/\\\/www.laguiadepamplona.com\\\/actualidad\\\/patxi-punal-y-andres-fernandez-entregaron-los-premios-del-concurso-de-dibujo-de-fundacion-osasuna\\\/#article\",\"isPartOf\":{\"@id\":\"https:\\\/\\\/www.laguiadepamplona.com\\\/actualidad\\\/patxi-punal-y-andres-fernandez-entregaron-los-premios-del-concurso-de-dibujo-de-fundacion-osasuna\\\/\"},\"author\":{\"name\":\"La Gu\u00eda de Pamplona\",\"@id\":\"https:\\\/\\\/www.laguiadepamplona.com\\\/actualidad\\\/#\\\/schema\\\/person\\\/efe887376f0213d4657c93adc50b1fdb\"},\"headline\":\"Patxi Pu\u00f1al y Andr\u00e9s Fern\u00e1ndez entregaron los premios del concurso de dibujo de Fundaci\u00f3n Osasuna\",\"datePublished\":\"2014-05-08T10:30:49+00:00\",\"mainEntityOfPage\":{\"@id\":\"https:\\\/\\\/www.laguiadepamplona.com\\\/actualidad\\\/patxi-punal-y-andres-fernandez-entregaron-los-premios-del-concurso-de-dibujo-de-fundacion-osasuna\\\/\"},\"wordCount\":373,\"commentCount\":0,\"publisher\":{\"@id\":\"https:\\\/\\\/www.laguiadepamplona.com\\\/actualidad\\\/#organization\"},\"image\":{\"@id\":\"https:\\\/\\\/www.laguiadepamplona.com\\\/actualidad\\\/patxi-punal-y-andres-fernandez-entregaron-los-premios-del-concurso-de-dibujo-de-fundacion-osasuna\\\/#primaryimage\"},\"thumbnailUrl\":\"\",\"keywords\":[\"actualidad\",\"Andr\u00e9s Fern\u00e1ndez\",\"concurso de dibujo\",\"fundaci\u00f3n osasuna\",\"noticias\",\"osasuna\",\"Patxi Pu\u00f1al\"],\"articleSection\":[\"Fundaci\u00f3n Osasuna\"],\"inLanguage\":\"es\",\"potentialAction\":[{\"@type\":\"CommentAction\",\"name\":\"Comment\",\"target\":[\"https:\\\/\\\/www.laguiadepamplona.com\\\/actualidad\\\/patxi-punal-y-andres-fernandez-entregaron-los-premios-del-concurso-de-dibujo-de-fundacion-osasuna\\\/#respond\"]}]},{\"@type\":\"WebPage\",\"@id\":\"https:\\\/\\\/www.laguiadepamplona.com\\\/actualidad\\\/patxi-punal-y-andres-fernandez-entregaron-los-premios-del-concurso-de-dibujo-de-fundacion-osasuna\\\/\",\"url\":\"https:\\\/\\\/www.laguiadepamplona.com\\\/actualidad\\\/patxi-punal-y-andres-fernandez-entregaron-los-premios-del-concurso-de-dibujo-de-fundacion-osasuna\\\/\",\"name\":\"Patxi Pu\u00f1al y Andr\u00e9s Fern\u00e1ndez entregaron los premios del concurso de dibujo de Fundaci\u00f3n Osasuna\",\"isPartOf\":{\"@id\":\"https:\\\/\\\/www.laguiadepamplona.com\\\/actualidad\\\/#website\"},\"primaryImageOfPage\":{\"@id\":\"https:\\\/\\\/www.laguiadepamplona.com\\\/actualidad\\\/patxi-punal-y-andres-fernandez-entregaron-los-premios-del-concurso-de-dibujo-de-fundacion-osasuna\\\/#primaryimage\"},\"image\":{\"@id\":\"https:\\\/\\\/www.laguiadepamplona.com\\\/actualidad\\\/patxi-punal-y-andres-fernandez-entregaron-los-premios-del-concurso-de-dibujo-de-fundacion-osasuna\\\/#primaryimage\"},\"thumbnailUrl\":\"\",\"datePublished\":\"2014-05-08T10:30:49+00:00\",\"breadcrumb\":{\"@id\":\"https:\\\/\\\/www.laguiadepamplona.com\\\/actualidad\\\/patxi-punal-y-andres-fernandez-entregaron-los-premios-del-concurso-de-dibujo-de-fundacion-osasuna\\\/#breadcrumb\"},\"inLanguage\":\"es\",\"potentialAction\":[{\"@type\":\"ReadAction\",\"target\":[\"https:\\\/\\\/www.laguiadepamplona.com\\\/actualidad\\\/patxi-punal-y-andres-fernandez-entregaron-los-premios-del-concurso-de-dibujo-de-fundacion-osasuna\\\/\"]}]},{\"@type\":\"ImageObject\",\"inLanguage\":\"es\",\"@id\":\"https:\\\/\\\/www.laguiadepamplona.com\\\/actualidad\\\/patxi-punal-y-andres-fernandez-entregaron-los-premios-del-concurso-de-dibujo-de-fundacion-osasuna\\\/#primaryimage\",\"url\":\"\",\"contentUrl\":\"\"},{\"@type\":\"BreadcrumbList\",\"@id\":\"https:\\\/\\\/www.laguiadepamplona.com\\\/actualidad\\\/patxi-punal-y-andres-fernandez-entregaron-los-premios-del-concurso-de-dibujo-de-fundacion-osasuna\\\/#breadcrumb\",\"itemListElement\":[{\"@type\":\"ListItem\",\"position\":1,\"name\":\"Portada\",\"item\":\"https:\\\/\\\/www.laguiadepamplona.com\\\/actualidad\\\/\"},{\"@type\":\"ListItem\",\"position\":2,\"name\":\"Patxi Pu\u00f1al y Andr\u00e9s Fern\u00e1ndez entregaron los premios del concurso de dibujo de Fundaci\u00f3n Osasuna\"}]},{\"@type\":\"WebSite\",\"@id\":\"https:\\\/\\\/www.laguiadepamplona.com\\\/actualidad\\\/#website\",\"url\":\"https:\\\/\\\/www.laguiadepamplona.com\\\/actualidad\\\/\",\"name\":\"La gu\u00eda de Pamplona\",\"description\":\"Noticias de Pamplona\",\"publisher\":{\"@id\":\"https:\\\/\\\/www.laguiadepamplona.com\\\/actualidad\\\/#organization\"},\"potentialAction\":[{\"@type\":\"SearchAction\",\"target\":{\"@type\":\"EntryPoint\",\"urlTemplate\":\"https:\\\/\\\/www.laguiadepamplona.com\\\/actualidad\\\/?s={search_term_string}\"},\"query-input\":{\"@type\":\"PropertyValueSpecification\",\"valueRequired\":true,\"valueName\":\"search_term_string\"}}],\"inLanguage\":\"es\"},{\"@type\":\"Organization\",\"@id\":\"https:\\\/\\\/www.laguiadepamplona.com\\\/actualidad\\\/#organization\",\"name\":\"La Gu\u00eda de Pamplona \\\/ Noticias\",\"url\":\"https:\\\/\\\/www.laguiadepamplona.com\\\/actualidad\\\/\",\"logo\":{\"@type\":\"ImageObject\",\"inLanguage\":\"es\",\"@id\":\"https:\\\/\\\/www.laguiadepamplona.com\\\/actualidad\\\/#\\\/schema\\\/logo\\\/image\\\/\",\"url\":\"https:\\\/\\\/www.laguiadepamplona.com\\\/actualidad\\\/wp-content\\\/uploads\\\/2018\\\/11\\\/logo-laguiadepamplona18-web1.png\",\"contentUrl\":\"https:\\\/\\\/www.laguiadepamplona.com\\\/actualidad\\\/wp-content\\\/uploads\\\/2018\\\/11\\\/logo-laguiadepamplona18-web1.png\",\"width\":600,\"height\":196,\"caption\":\"La Gu\u00eda de Pamplona \\\/ Noticias\"},\"image\":{\"@id\":\"https:\\\/\\\/www.laguiadepamplona.com\\\/actualidad\\\/#\\\/schema\\\/logo\\\/image\\\/\"},\"sameAs\":[\"https:\\\/\\\/www.facebook.com\\\/laguiadepamplonacom-133175176762273\\\/?ref=hl\",\"https:\\\/\\\/x.com\\\/LaGuiadPamplona\",\"https:\\\/\\\/www.instagram.com\\\/la_guia_de_pamplona\\\/\",\"https:\\\/\\\/www.youtube.com\\\/user\\\/laguiadepamplona\"]},{\"@type\":\"Person\",\"@id\":\"https:\\\/\\\/www.laguiadepamplona.com\\\/actualidad\\\/#\\\/schema\\\/person\\\/efe887376f0213d4657c93adc50b1fdb\",\"name\":\"La Gu\u00eda de Pamplona\",\"image\":{\"@type\":\"ImageObject\",\"inLanguage\":\"es\",\"@id\":\"https:\\\/\\\/secure.gravatar.com\\\/avatar\\\/b6992f131dc8d30ab0dff15446e9d346d9dbd95992de0fef795073f5ea83a81c?s=96&d=mm&r=g\",\"url\":\"https:\\\/\\\/secure.gravatar.com\\\/avatar\\\/b6992f131dc8d30ab0dff15446e9d346d9dbd95992de0fef795073f5ea83a81c?s=96&d=mm&r=g\",\"contentUrl\":\"https:\\\/\\\/secure.gravatar.com\\\/avatar\\\/b6992f131dc8d30ab0dff15446e9d346d9dbd95992de0fef795073f5ea83a81c?s=96&d=mm&r=g\",\"caption\":\"La Gu\u00eda de Pamplona\"}}]}<\/script>\n<!-- \/ Yoast SEO plugin. -->","yoast_head_json":{"title":"Patxi Pu\u00f1al y Andr\u00e9s Fern\u00e1ndez entregaron los premios del concurso de dibujo de Fundaci\u00f3n Osasuna","robots":{"index":"index","follow":"follow","max-snippet":"max-snippet:-1","max-image-preview":"max-image-preview:large","max-video-preview":"max-video-preview:-1"},"canonical":"https:\/\/www.laguiadepamplona.com\/actualidad\/patxi-punal-y-andres-fernandez-entregaron-los-premios-del-concurso-de-dibujo-de-fundacion-osasuna\/","og_locale":"es_ES","og_type":"article","og_title":"Patxi Pu\u00f1al y Andr\u00e9s Fern\u00e1ndez entregaron los premios del concurso de dibujo de Fundaci\u00f3n Osasuna","og_description":"El ni\u00f1o Axel Kamps se alz\u00f3 con el primer premio gracias a su dibujo, protagonizado por Andr\u00e9s Fern\u00e1ndez El centro comercial La Morea fue el escenario de una tarde m\u00e1gica...","og_url":"https:\/\/www.laguiadepamplona.com\/actualidad\/patxi-punal-y-andres-fernandez-entregaron-los-premios-del-concurso-de-dibujo-de-fundacion-osasuna\/","og_site_name":"La Gu\u00eda de Pamplona","article_publisher":"https:\/\/www.facebook.com\/laguiadepamplonacom-133175176762273\/?ref=hl","article_published_time":"2014-05-08T10:30:49+00:00","author":"La Gu\u00eda de Pamplona","twitter_card":"summary_large_image","twitter_creator":"@LaGuiadPamplona","twitter_site":"@LaGuiadPamplona","twitter_misc":{"Escrito por":"La Gu\u00eda de Pamplona","Tiempo de lectura":"2 minutos"},"schema":{"@context":"https:\/\/schema.org","@graph":[{"@type":"Article","@id":"https:\/\/www.laguiadepamplona.com\/actualidad\/patxi-punal-y-andres-fernandez-entregaron-los-premios-del-concurso-de-dibujo-de-fundacion-osasuna\/#article","isPartOf":{"@id":"https:\/\/www.laguiadepamplona.com\/actualidad\/patxi-punal-y-andres-fernandez-entregaron-los-premios-del-concurso-de-dibujo-de-fundacion-osasuna\/"},"author":{"name":"La Gu\u00eda de Pamplona","@id":"https:\/\/www.laguiadepamplona.com\/actualidad\/#\/schema\/person\/efe887376f0213d4657c93adc50b1fdb"},"headline":"Patxi Pu\u00f1al y Andr\u00e9s Fern\u00e1ndez entregaron los premios del concurso de dibujo de Fundaci\u00f3n Osasuna","datePublished":"2014-05-08T10:30:49+00:00","mainEntityOfPage":{"@id":"https:\/\/www.laguiadepamplona.com\/actualidad\/patxi-punal-y-andres-fernandez-entregaron-los-premios-del-concurso-de-dibujo-de-fundacion-osasuna\/"},"wordCount":373,"commentCount":0,"publisher":{"@id":"https:\/\/www.laguiadepamplona.com\/actualidad\/#organization"},"image":{"@id":"https:\/\/www.laguiadepamplona.com\/actualidad\/patxi-punal-y-andres-fernandez-entregaron-los-premios-del-concurso-de-dibujo-de-fundacion-osasuna\/#primaryimage"},"thumbnailUrl":"","keywords":["actualidad","Andr\u00e9s Fern\u00e1ndez","concurso de dibujo","fundaci\u00f3n osasuna","noticias","osasuna","Patxi Pu\u00f1al"],"articleSection":["Fundaci\u00f3n Osasuna"],"inLanguage":"es","potentialAction":[{"@type":"CommentAction","name":"Comment","target":["https:\/\/www.laguiadepamplona.com\/actualidad\/patxi-punal-y-andres-fernandez-entregaron-los-premios-del-concurso-de-dibujo-de-fundacion-osasuna\/#respond"]}]},{"@type":"WebPage","@id":"https:\/\/www.laguiadepamplona.com\/actualidad\/patxi-punal-y-andres-fernandez-entregaron-los-premios-del-concurso-de-dibujo-de-fundacion-osasuna\/","url":"https:\/\/www.laguiadepamplona.com\/actualidad\/patxi-punal-y-andres-fernandez-entregaron-los-premios-del-concurso-de-dibujo-de-fundacion-osasuna\/","name":"Patxi Pu\u00f1al y Andr\u00e9s Fern\u00e1ndez entregaron los premios del concurso de dibujo de Fundaci\u00f3n Osasuna","isPartOf":{"@id":"https:\/\/www.laguiadepamplona.com\/actualidad\/#website"},"primaryImageOfPage":{"@id":"https:\/\/www.laguiadepamplona.com\/actualidad\/patxi-punal-y-andres-fernandez-entregaron-los-premios-del-concurso-de-dibujo-de-fundacion-osasuna\/#primaryimage"},"image":{"@id":"https:\/\/www.laguiadepamplona.com\/actualidad\/patxi-punal-y-andres-fernandez-entregaron-los-premios-del-concurso-de-dibujo-de-fundacion-osasuna\/#primaryimage"},"thumbnailUrl":"","datePublished":"2014-05-08T10:30:49+00:00","breadcrumb":{"@id":"https:\/\/www.laguiadepamplona.com\/actualidad\/patxi-punal-y-andres-fernandez-entregaron-los-premios-del-concurso-de-dibujo-de-fundacion-osasuna\/#breadcrumb"},"inLanguage":"es","potentialAction":[{"@type":"ReadAction","target":["https:\/\/www.laguiadepamplona.com\/actualidad\/patxi-punal-y-andres-fernandez-entregaron-los-premios-del-concurso-de-dibujo-de-fundacion-osasuna\/"]}]},{"@type":"ImageObject","inLanguage":"es","@id":"https:\/\/www.laguiadepamplona.com\/actualidad\/patxi-punal-y-andres-fernandez-entregaron-los-premios-del-concurso-de-dibujo-de-fundacion-osasuna\/#primaryimage","url":"","contentUrl":""},{"@type":"BreadcrumbList","@id":"https:\/\/www.laguiadepamplona.com\/actualidad\/patxi-punal-y-andres-fernandez-entregaron-los-premios-del-concurso-de-dibujo-de-fundacion-osasuna\/#breadcrumb","itemListElement":[{"@type":"ListItem","position":1,"name":"Portada","item":"https:\/\/www.laguiadepamplona.com\/actualidad\/"},{"@type":"ListItem","position":2,"name":"Patxi Pu\u00f1al y Andr\u00e9s Fern\u00e1ndez entregaron los premios del concurso de dibujo de Fundaci\u00f3n Osasuna"}]},{"@type":"WebSite","@id":"https:\/\/www.laguiadepamplona.com\/actualidad\/#website","url":"https:\/\/www.laguiadepamplona.com\/actualidad\/","name":"La gu\u00eda de Pamplona","description":"Noticias de Pamplona","publisher":{"@id":"https:\/\/www.laguiadepamplona.com\/actualidad\/#organization"},"potentialAction":[{"@type":"SearchAction","target":{"@type":"EntryPoint","urlTemplate":"https:\/\/www.laguiadepamplona.com\/actualidad\/?s={search_term_string}"},"query-input":{"@type":"PropertyValueSpecification","valueRequired":true,"valueName":"search_term_string"}}],"inLanguage":"es"},{"@type":"Organization","@id":"https:\/\/www.laguiadepamplona.com\/actualidad\/#organization","name":"La Gu\u00eda de Pamplona \/ Noticias","url":"https:\/\/www.laguiadepamplona.com\/actualidad\/","logo":{"@type":"ImageObject","inLanguage":"es","@id":"https:\/\/www.laguiadepamplona.com\/actualidad\/#\/schema\/logo\/image\/","url":"https:\/\/www.laguiadepamplona.com\/actualidad\/wp-content\/uploads\/2018\/11\/logo-laguiadepamplona18-web1.png","contentUrl":"https:\/\/www.laguiadepamplona.com\/actualidad\/wp-content\/uploads\/2018\/11\/logo-laguiadepamplona18-web1.png","width":600,"height":196,"caption":"La Gu\u00eda de Pamplona \/ Noticias"},"image":{"@id":"https:\/\/www.laguiadepamplona.com\/actualidad\/#\/schema\/logo\/image\/"},"sameAs":["https:\/\/www.facebook.com\/laguiadepamplonacom-133175176762273\/?ref=hl","https:\/\/x.com\/LaGuiadPamplona","https:\/\/www.instagram.com\/la_guia_de_pamplona\/","https:\/\/www.youtube.com\/user\/laguiadepamplona"]},{"@type":"Person","@id":"https:\/\/www.laguiadepamplona.com\/actualidad\/#\/schema\/person\/efe887376f0213d4657c93adc50b1fdb","name":"La Gu\u00eda de Pamplona","image":{"@type":"ImageObject","inLanguage":"es","@id":"https:\/\/secure.gravatar.com\/avatar\/b6992f131dc8d30ab0dff15446e9d346d9dbd95992de0fef795073f5ea83a81c?s=96&d=mm&r=g","url":"https:\/\/secure.gravatar.com\/avatar\/b6992f131dc8d30ab0dff15446e9d346d9dbd95992de0fef795073f5ea83a81c?s=96&d=mm&r=g","contentUrl":"https:\/\/secure.gravatar.com\/avatar\/b6992f131dc8d30ab0dff15446e9d346d9dbd95992de0fef795073f5ea83a81c?s=96&d=mm&r=g","caption":"La Gu\u00eda de Pamplona"}}]}},"post_mailing_queue_ids":[],"_links":{"self":[{"href":"https:\/\/www.laguiadepamplona.com\/actualidad\/wp-json\/wp\/v2\/posts\/1489","targetHints":{"allow":["GET"]}}],"collection":[{"href":"https:\/\/www.laguiadepamplona.com\/actualidad\/wp-json\/wp\/v2\/posts"}],"about":[{"href":"https:\/\/www.laguiadepamplona.com\/actualidad\/wp-json\/wp\/v2\/types\/post"}],"author":[{"embeddable":true,"href":"https:\/\/www.laguiadepamplona.com\/actualidad\/wp-json\/wp\/v2\/users\/1"}],"replies":[{"embeddable":true,"href":"https:\/\/www.laguiadepamplona.com\/actualidad\/wp-json\/wp\/v2\/comments?post=1489"}],"version-history":[{"count":0,"href":"https:\/\/www.laguiadepamplona.com\/actualidad\/wp-json\/wp\/v2\/posts\/1489\/revisions"}],"wp:featuredmedia":[{"embeddable":true,"href":"https:\/\/www.laguiadepamplona.com\/actualidad\/wp-json\/"}],"wp:attachment":[{"href":"https:\/\/www.laguiadepamplona.com\/actualidad\/wp-json\/wp\/v2\/media?parent=1489"}],"wp:term":[{"taxonomy":"category","embeddable":true,"href":"https:\/\/www.laguiadepamplona.com\/actualidad\/wp-json\/wp\/v2\/categories?post=1489"},{"taxonomy":"post_tag","embeddable":true,"href":"https:\/\/www.laguiadepamplona.com\/actualidad\/wp-json\/wp\/v2\/tags?post=1489"}],"curies":[{"name":"wp","href":"https:\/\/api.w.org\/{rel}","templated":true}]}}