{"id":14767,"date":"2017-10-23T10:58:30","date_gmt":"2017-10-23T09:58:30","guid":{"rendered":"http:\/\/laguiadepamplona.es\/actualidad\/?p=14767"},"modified":"2017-10-23T10:58:30","modified_gmt":"2017-10-23T09:58:30","slug":"seis-talleres-sobre-educacion-energetica-en-octubre-y-noviembre-sensibilizaran-y-formaran-a-la-ciudadania-sobre-el-uso-racional-de-la-energia-consumos-y-ahorros","status":"publish","type":"post","link":"https:\/\/www.laguiadepamplona.com\/actualidad\/seis-talleres-sobre-educacion-energetica-en-octubre-y-noviembre-sensibilizaran-y-formaran-a-la-ciudadania-sobre-el-uso-racional-de-la-energia-consumos-y-ahorros\/","title":{"rendered":"Seis talleres sobre educaci\u00f3n energ\u00e9tica en octubre y noviembre sensibilizar\u00e1n y formar\u00e1n a la ciudadan\u00eda sobre el uso racional de la energ\u00eda, consumos y ahorros"},"content":{"rendered":"<h3>El aumento del conocimiento en temas de energ\u00eda es un factor importante para paliar la pobreza energ\u00e9tica<\/h3>\n<p><!--more--><\/p>\n<p>El Ayuntamiento de Pamplona ha organizado para los meses de octubre y noviembre un primer ciclo de seis talleres sobre educaci\u00f3n energ\u00e9tica dirigidos a la ciudadan\u00eda en general para trabajar la sensibilizaci\u00f3n y formaci\u00f3n sobre el uso racional de la energ\u00eda y tambi\u00e9n el empoderamiento a la hora de tomar decisiones respecto a los consumos. Los talleres se celebran los martes por la tarde en diferentes barrios, con entrada libre, sin que sea necesaria la inscripci\u00f3n previa.<\/p>\n<p>El concejal delegado de Ecolog\u00eda Urbana y Movilidad, Armando Cuenca, y el director del Servicio de Energ\u00eda Verde, Jo\u00ebl Dozzi, han presentado esta ma\u00f1ana esta iniciativa que se pretende mantener como un servicio continuo. Por ello, se prev\u00e9n sesiones tambi\u00e9n en 2018 y 2019 para llegar a m\u00e1s barrios y m\u00e1s personas, ya que la educaci\u00f3n energ\u00e9tica requiere de esa continuidad para producir los efectos deseados. Estos talleres de ahorro y eficiencia energ\u00e9tica, as\u00ed como el fomento de las energ\u00edas renovables y la autonom\u00eda energ\u00e9tica, tienen como primer objetivo aumentar el conocimiento de la poblaci\u00f3n de Pamplona sobre temas de energ\u00eda. Ese conocimiento y sensibilizaci\u00f3n son la base imprescindible para la introducci\u00f3n de medidas de gesti\u00f3n de los consumos y ahorros de energ\u00eda en el \u00e1mbito privado, especialmente en los hogares.<\/p>\n<p>El estudio exploratorio sobre la pobreza energ\u00e9tica de Pamplona, dado a conocer en el mes de marzo de este a\u00f1o, se\u00f1alaba precisamente la falta de conocimiento en temas de energ\u00eda como uno de los factores vinculados con la precariedad energ\u00e9tica. Dos de las ocho recomendaciones que se describ\u00edan en ese informe subrayaban la necesidad de organizar un sistema y espacio de informaci\u00f3n y asesoramiento a la ciudadan\u00eda en materia de consumos y ahorros, an\u00e1lisis de facturas, posibles acciones y ayudas y, sobre todo, educaci\u00f3n energ\u00e9tica.<\/p>\n<p><strong>Sesiones pr\u00e1cticas, de reflexi\u00f3n y debate compartido<\/strong><\/p>\n<p>Se han previsto en este primer ciclo sesiones los martes de octubre y noviembre. Ma\u00f1ana martes tendr\u00e1 lugar el primer taller en el Museo de Educaci\u00f3n Ambiental en el barrio de Rochapea y la semana siguiente en Civivox Condestable. El 7 de noviembre la cita ser\u00e1 el Civivox Mendillorri, el 14 en Civivox San Jorge, el d\u00eda 21 el Civivox Iturrama y el martes 28 de noviembre concluir\u00e1 esta primera fase en la Biblioteca P\u00fablica de Chantrea.<\/p>\n<p>Los talleres sobre educaci\u00f3n energ\u00e9tica se realizar\u00e1n en centros p\u00fablicos de la ciudad y est\u00e1n dirigidos a personas adultas. Tendr\u00e1n una duraci\u00f3n de dos horas, de 19 a 21 horas de la tarde, y se plantean como sesiones muy pr\u00e1cticas, de reflexi\u00f3n y debate compartido. Se trata de reflexionar sobre el consumo energ\u00e9tico en los hogares, de conocer el origen de la energ\u00eda que se consume, de comprender qu\u00e9, cu\u00e1nto y por qu\u00e9 pagamos en cada factura&#8230; para as\u00ed plantear formas de ahorro y disminuci\u00f3n del impacto ambiental.<\/p>\n<p>Entre otros aspectos, se analizar\u00e1n facturas de consumos energ\u00e9ticos como las de electricidad y gas, trucos y consejos para aumentar la eficiencia del uso de la energ\u00eda en los hogares, propuestas tecnol\u00f3gicas para controlar los consumos y posibilidades de producci\u00f3n de energ\u00eda y autoconsumo energ\u00e9tico.<\/p>\n<p>&nbsp;<\/p>\n<p><strong>Talleres sobre educaci\u00f3n en\u00e9rgetica<\/strong><\/p>\n<ul>\n<li><strong>Calendario<\/strong>\n<ul>\n<li>Octubre\n<ul>\n<li>Martes 24. Museo de Educaci\u00f3n Ambiental. De 19 a 21 horas<\/li>\n<li>Martes 31. Civivox Condestable. De 19 a 21 horas<\/li>\n<\/ul>\n<\/li>\n<li>Noviembre\n<ul>\n<li>Martes 7. Civivox Mendillorri. De 19 a 21 horas<\/li>\n<li>Martes 14. Civivox San Jorge. De 19 a 21 horas<\/li>\n<li>Martes 21. Civivox Iturrama. De 19 a 21 horas<\/li>\n<li>Martes 28. Biblioteca P\u00fablica de Chantrea. De 19 a 21 horas<\/li>\n<\/ul>\n<\/li>\n<\/ul>\n<\/li>\n<\/ul>\n<p>&nbsp;<\/p>\n<ul>\n<li><strong>Inscripci\u00f3n<\/strong>\n<ul>\n<li>Entrada libre. No es necesaria la inscripci\u00f3n previa<\/li>\n<\/ul>\n<\/li>\n<\/ul>\n<p>&nbsp;<\/p>\n","protected":false},"excerpt":{"rendered":"<p>El aumento del conocimiento en temas de energ\u00eda es un factor importante para paliar la pobreza energ\u00e9tica<\/p>\n","protected":false},"author":1,"featured_media":11047,"comment_status":"open","ping_status":"closed","sticky":false,"template":"","format":"standard","meta":{"footnotes":""},"categories":[2],"tags":[],"class_list":["post-14767","post","type-post","status-publish","format-standard","has-post-thumbnail","hentry","category-ayuntamiento-pamplona"],"yoast_head":"<!-- This site is optimized with the Yoast SEO plugin v27.3 - https:\/\/yoast.com\/product\/yoast-seo-wordpress\/ -->\n<title>Seis talleres sobre educaci\u00f3n energ\u00e9tica en octubre y noviembre sensibilizar\u00e1n y formar\u00e1n a la ciudadan\u00eda sobre el uso racional de la energ\u00eda, consumos y ahorros<\/title>\n<meta name=\"robots\" content=\"index, follow, max-snippet:-1, max-image-preview:large, max-video-preview:-1\" \/>\n<link rel=\"canonical\" href=\"https:\/\/www.laguiadepamplona.com\/actualidad\/seis-talleres-sobre-educacion-energetica-en-octubre-y-noviembre-sensibilizaran-y-formaran-a-la-ciudadania-sobre-el-uso-racional-de-la-energia-consumos-y-ahorros\/\" \/>\n<meta property=\"og:locale\" content=\"es_ES\" \/>\n<meta property=\"og:type\" content=\"article\" \/>\n<meta property=\"og:title\" content=\"Seis talleres sobre educaci\u00f3n energ\u00e9tica en octubre y noviembre sensibilizar\u00e1n y formar\u00e1n a la ciudadan\u00eda sobre el uso racional de la energ\u00eda, consumos y ahorros\" \/>\n<meta property=\"og:description\" content=\"El aumento del conocimiento en temas de energ\u00eda es un factor importante para paliar la pobreza energ\u00e9tica\" \/>\n<meta property=\"og:url\" content=\"https:\/\/www.laguiadepamplona.com\/actualidad\/seis-talleres-sobre-educacion-energetica-en-octubre-y-noviembre-sensibilizaran-y-formaran-a-la-ciudadania-sobre-el-uso-racional-de-la-energia-consumos-y-ahorros\/\" \/>\n<meta property=\"og:site_name\" content=\"La Gu\u00eda de Pamplona\" \/>\n<meta property=\"article:publisher\" content=\"https:\/\/www.facebook.com\/laguiadepamplonacom-133175176762273\/?ref=hl\" \/>\n<meta property=\"article:published_time\" content=\"2017-10-23T09:58:30+00:00\" \/>\n<meta property=\"og:image\" content=\"https:\/\/www.laguiadepamplona.com\/actualidad\/wp-content\/uploads\/2016\/12\/civivox-san-jorge.jpg\" \/>\n\t<meta property=\"og:image:width\" content=\"900\" \/>\n\t<meta property=\"og:image:height\" content=\"675\" \/>\n\t<meta property=\"og:image:type\" content=\"image\/jpeg\" \/>\n<meta name=\"author\" content=\"La Gu\u00eda de Pamplona\" \/>\n<meta name=\"twitter:card\" content=\"summary_large_image\" \/>\n<meta name=\"twitter:creator\" content=\"@LaGuiadPamplona\" \/>\n<meta name=\"twitter:site\" content=\"@LaGuiadPamplona\" \/>\n<meta name=\"twitter:label1\" content=\"Escrito por\" \/>\n\t<meta name=\"twitter:data1\" content=\"La Gu\u00eda de Pamplona\" \/>\n\t<meta name=\"twitter:label2\" content=\"Tiempo de lectura\" \/>\n\t<meta name=\"twitter:data2\" content=\"3 minutos\" \/>\n<script type=\"application\/ld+json\" class=\"yoast-schema-graph\">{\"@context\":\"https:\\\/\\\/schema.org\",\"@graph\":[{\"@type\":\"Article\",\"@id\":\"https:\\\/\\\/www.laguiadepamplona.com\\\/actualidad\\\/seis-talleres-sobre-educacion-energetica-en-octubre-y-noviembre-sensibilizaran-y-formaran-a-la-ciudadania-sobre-el-uso-racional-de-la-energia-consumos-y-ahorros\\\/#article\",\"isPartOf\":{\"@id\":\"https:\\\/\\\/www.laguiadepamplona.com\\\/actualidad\\\/seis-talleres-sobre-educacion-energetica-en-octubre-y-noviembre-sensibilizaran-y-formaran-a-la-ciudadania-sobre-el-uso-racional-de-la-energia-consumos-y-ahorros\\\/\"},\"author\":{\"name\":\"La Gu\u00eda de Pamplona\",\"@id\":\"https:\\\/\\\/www.laguiadepamplona.com\\\/actualidad\\\/#\\\/schema\\\/person\\\/efe887376f0213d4657c93adc50b1fdb\"},\"headline\":\"Seis talleres sobre educaci\u00f3n energ\u00e9tica en octubre y noviembre sensibilizar\u00e1n y formar\u00e1n a la ciudadan\u00eda sobre el uso racional de la energ\u00eda, consumos y ahorros\",\"datePublished\":\"2017-10-23T09:58:30+00:00\",\"mainEntityOfPage\":{\"@id\":\"https:\\\/\\\/www.laguiadepamplona.com\\\/actualidad\\\/seis-talleres-sobre-educacion-energetica-en-octubre-y-noviembre-sensibilizaran-y-formaran-a-la-ciudadania-sobre-el-uso-racional-de-la-energia-consumos-y-ahorros\\\/\"},\"wordCount\":683,\"commentCount\":0,\"publisher\":{\"@id\":\"https:\\\/\\\/www.laguiadepamplona.com\\\/actualidad\\\/#organization\"},\"image\":{\"@id\":\"https:\\\/\\\/www.laguiadepamplona.com\\\/actualidad\\\/seis-talleres-sobre-educacion-energetica-en-octubre-y-noviembre-sensibilizaran-y-formaran-a-la-ciudadania-sobre-el-uso-racional-de-la-energia-consumos-y-ahorros\\\/#primaryimage\"},\"thumbnailUrl\":\"https:\\\/\\\/www.laguiadepamplona.com\\\/actualidad\\\/wp-content\\\/uploads\\\/2016\\\/12\\\/civivox-san-jorge.jpg\",\"articleSection\":[\"Ayto Pamplona\"],\"inLanguage\":\"es\",\"potentialAction\":[{\"@type\":\"CommentAction\",\"name\":\"Comment\",\"target\":[\"https:\\\/\\\/www.laguiadepamplona.com\\\/actualidad\\\/seis-talleres-sobre-educacion-energetica-en-octubre-y-noviembre-sensibilizaran-y-formaran-a-la-ciudadania-sobre-el-uso-racional-de-la-energia-consumos-y-ahorros\\\/#respond\"]}]},{\"@type\":\"WebPage\",\"@id\":\"https:\\\/\\\/www.laguiadepamplona.com\\\/actualidad\\\/seis-talleres-sobre-educacion-energetica-en-octubre-y-noviembre-sensibilizaran-y-formaran-a-la-ciudadania-sobre-el-uso-racional-de-la-energia-consumos-y-ahorros\\\/\",\"url\":\"https:\\\/\\\/www.laguiadepamplona.com\\\/actualidad\\\/seis-talleres-sobre-educacion-energetica-en-octubre-y-noviembre-sensibilizaran-y-formaran-a-la-ciudadania-sobre-el-uso-racional-de-la-energia-consumos-y-ahorros\\\/\",\"name\":\"Seis talleres sobre educaci\u00f3n energ\u00e9tica en octubre y noviembre sensibilizar\u00e1n y formar\u00e1n a la ciudadan\u00eda sobre el uso racional de la energ\u00eda, consumos y ahorros\",\"isPartOf\":{\"@id\":\"https:\\\/\\\/www.laguiadepamplona.com\\\/actualidad\\\/#website\"},\"primaryImageOfPage\":{\"@id\":\"https:\\\/\\\/www.laguiadepamplona.com\\\/actualidad\\\/seis-talleres-sobre-educacion-energetica-en-octubre-y-noviembre-sensibilizaran-y-formaran-a-la-ciudadania-sobre-el-uso-racional-de-la-energia-consumos-y-ahorros\\\/#primaryimage\"},\"image\":{\"@id\":\"https:\\\/\\\/www.laguiadepamplona.com\\\/actualidad\\\/seis-talleres-sobre-educacion-energetica-en-octubre-y-noviembre-sensibilizaran-y-formaran-a-la-ciudadania-sobre-el-uso-racional-de-la-energia-consumos-y-ahorros\\\/#primaryimage\"},\"thumbnailUrl\":\"https:\\\/\\\/www.laguiadepamplona.com\\\/actualidad\\\/wp-content\\\/uploads\\\/2016\\\/12\\\/civivox-san-jorge.jpg\",\"datePublished\":\"2017-10-23T09:58:30+00:00\",\"breadcrumb\":{\"@id\":\"https:\\\/\\\/www.laguiadepamplona.com\\\/actualidad\\\/seis-talleres-sobre-educacion-energetica-en-octubre-y-noviembre-sensibilizaran-y-formaran-a-la-ciudadania-sobre-el-uso-racional-de-la-energia-consumos-y-ahorros\\\/#breadcrumb\"},\"inLanguage\":\"es\",\"potentialAction\":[{\"@type\":\"ReadAction\",\"target\":[\"https:\\\/\\\/www.laguiadepamplona.com\\\/actualidad\\\/seis-talleres-sobre-educacion-energetica-en-octubre-y-noviembre-sensibilizaran-y-formaran-a-la-ciudadania-sobre-el-uso-racional-de-la-energia-consumos-y-ahorros\\\/\"]}]},{\"@type\":\"ImageObject\",\"inLanguage\":\"es\",\"@id\":\"https:\\\/\\\/www.laguiadepamplona.com\\\/actualidad\\\/seis-talleres-sobre-educacion-energetica-en-octubre-y-noviembre-sensibilizaran-y-formaran-a-la-ciudadania-sobre-el-uso-racional-de-la-energia-consumos-y-ahorros\\\/#primaryimage\",\"url\":\"https:\\\/\\\/www.laguiadepamplona.com\\\/actualidad\\\/wp-content\\\/uploads\\\/2016\\\/12\\\/civivox-san-jorge.jpg\",\"contentUrl\":\"https:\\\/\\\/www.laguiadepamplona.com\\\/actualidad\\\/wp-content\\\/uploads\\\/2016\\\/12\\\/civivox-san-jorge.jpg\",\"width\":900,\"height\":675},{\"@type\":\"BreadcrumbList\",\"@id\":\"https:\\\/\\\/www.laguiadepamplona.com\\\/actualidad\\\/seis-talleres-sobre-educacion-energetica-en-octubre-y-noviembre-sensibilizaran-y-formaran-a-la-ciudadania-sobre-el-uso-racional-de-la-energia-consumos-y-ahorros\\\/#breadcrumb\",\"itemListElement\":[{\"@type\":\"ListItem\",\"position\":1,\"name\":\"Portada\",\"item\":\"https:\\\/\\\/www.laguiadepamplona.com\\\/actualidad\\\/\"},{\"@type\":\"ListItem\",\"position\":2,\"name\":\"Seis talleres sobre educaci\u00f3n energ\u00e9tica en octubre y noviembre sensibilizar\u00e1n y formar\u00e1n a la ciudadan\u00eda sobre el uso racional de la energ\u00eda, consumos y ahorros\"}]},{\"@type\":\"WebSite\",\"@id\":\"https:\\\/\\\/www.laguiadepamplona.com\\\/actualidad\\\/#website\",\"url\":\"https:\\\/\\\/www.laguiadepamplona.com\\\/actualidad\\\/\",\"name\":\"La gu\u00eda de Pamplona\",\"description\":\"Noticias de Pamplona\",\"publisher\":{\"@id\":\"https:\\\/\\\/www.laguiadepamplona.com\\\/actualidad\\\/#organization\"},\"potentialAction\":[{\"@type\":\"SearchAction\",\"target\":{\"@type\":\"EntryPoint\",\"urlTemplate\":\"https:\\\/\\\/www.laguiadepamplona.com\\\/actualidad\\\/?s={search_term_string}\"},\"query-input\":{\"@type\":\"PropertyValueSpecification\",\"valueRequired\":true,\"valueName\":\"search_term_string\"}}],\"inLanguage\":\"es\"},{\"@type\":\"Organization\",\"@id\":\"https:\\\/\\\/www.laguiadepamplona.com\\\/actualidad\\\/#organization\",\"name\":\"La Gu\u00eda de Pamplona \\\/ Noticias\",\"url\":\"https:\\\/\\\/www.laguiadepamplona.com\\\/actualidad\\\/\",\"logo\":{\"@type\":\"ImageObject\",\"inLanguage\":\"es\",\"@id\":\"https:\\\/\\\/www.laguiadepamplona.com\\\/actualidad\\\/#\\\/schema\\\/logo\\\/image\\\/\",\"url\":\"https:\\\/\\\/www.laguiadepamplona.com\\\/actualidad\\\/wp-content\\\/uploads\\\/2018\\\/11\\\/logo-laguiadepamplona18-web1.png\",\"contentUrl\":\"https:\\\/\\\/www.laguiadepamplona.com\\\/actualidad\\\/wp-content\\\/uploads\\\/2018\\\/11\\\/logo-laguiadepamplona18-web1.png\",\"width\":600,\"height\":196,\"caption\":\"La Gu\u00eda de Pamplona \\\/ Noticias\"},\"image\":{\"@id\":\"https:\\\/\\\/www.laguiadepamplona.com\\\/actualidad\\\/#\\\/schema\\\/logo\\\/image\\\/\"},\"sameAs\":[\"https:\\\/\\\/www.facebook.com\\\/laguiadepamplonacom-133175176762273\\\/?ref=hl\",\"https:\\\/\\\/x.com\\\/LaGuiadPamplona\",\"https:\\\/\\\/www.instagram.com\\\/la_guia_de_pamplona\\\/\",\"https:\\\/\\\/www.youtube.com\\\/user\\\/laguiadepamplona\"]},{\"@type\":\"Person\",\"@id\":\"https:\\\/\\\/www.laguiadepamplona.com\\\/actualidad\\\/#\\\/schema\\\/person\\\/efe887376f0213d4657c93adc50b1fdb\",\"name\":\"La Gu\u00eda de Pamplona\",\"image\":{\"@type\":\"ImageObject\",\"inLanguage\":\"es\",\"@id\":\"https:\\\/\\\/secure.gravatar.com\\\/avatar\\\/b6992f131dc8d30ab0dff15446e9d346d9dbd95992de0fef795073f5ea83a81c?s=96&d=mm&r=g\",\"url\":\"https:\\\/\\\/secure.gravatar.com\\\/avatar\\\/b6992f131dc8d30ab0dff15446e9d346d9dbd95992de0fef795073f5ea83a81c?s=96&d=mm&r=g\",\"contentUrl\":\"https:\\\/\\\/secure.gravatar.com\\\/avatar\\\/b6992f131dc8d30ab0dff15446e9d346d9dbd95992de0fef795073f5ea83a81c?s=96&d=mm&r=g\",\"caption\":\"La Gu\u00eda de Pamplona\"}}]}<\/script>\n<!-- \/ Yoast SEO plugin. -->","yoast_head_json":{"title":"Seis talleres sobre educaci\u00f3n energ\u00e9tica en octubre y noviembre sensibilizar\u00e1n y formar\u00e1n a la ciudadan\u00eda sobre el uso racional de la energ\u00eda, consumos y ahorros","robots":{"index":"index","follow":"follow","max-snippet":"max-snippet:-1","max-image-preview":"max-image-preview:large","max-video-preview":"max-video-preview:-1"},"canonical":"https:\/\/www.laguiadepamplona.com\/actualidad\/seis-talleres-sobre-educacion-energetica-en-octubre-y-noviembre-sensibilizaran-y-formaran-a-la-ciudadania-sobre-el-uso-racional-de-la-energia-consumos-y-ahorros\/","og_locale":"es_ES","og_type":"article","og_title":"Seis talleres sobre educaci\u00f3n energ\u00e9tica en octubre y noviembre sensibilizar\u00e1n y formar\u00e1n a la ciudadan\u00eda sobre el uso racional de la energ\u00eda, consumos y ahorros","og_description":"El aumento del conocimiento en temas de energ\u00eda es un factor importante para paliar la pobreza energ\u00e9tica","og_url":"https:\/\/www.laguiadepamplona.com\/actualidad\/seis-talleres-sobre-educacion-energetica-en-octubre-y-noviembre-sensibilizaran-y-formaran-a-la-ciudadania-sobre-el-uso-racional-de-la-energia-consumos-y-ahorros\/","og_site_name":"La Gu\u00eda de Pamplona","article_publisher":"https:\/\/www.facebook.com\/laguiadepamplonacom-133175176762273\/?ref=hl","article_published_time":"2017-10-23T09:58:30+00:00","og_image":[{"width":900,"height":675,"url":"https:\/\/www.laguiadepamplona.com\/actualidad\/wp-content\/uploads\/2016\/12\/civivox-san-jorge.jpg","type":"image\/jpeg"}],"author":"La Gu\u00eda de Pamplona","twitter_card":"summary_large_image","twitter_creator":"@LaGuiadPamplona","twitter_site":"@LaGuiadPamplona","twitter_misc":{"Escrito por":"La Gu\u00eda de Pamplona","Tiempo de lectura":"3 minutos"},"schema":{"@context":"https:\/\/schema.org","@graph":[{"@type":"Article","@id":"https:\/\/www.laguiadepamplona.com\/actualidad\/seis-talleres-sobre-educacion-energetica-en-octubre-y-noviembre-sensibilizaran-y-formaran-a-la-ciudadania-sobre-el-uso-racional-de-la-energia-consumos-y-ahorros\/#article","isPartOf":{"@id":"https:\/\/www.laguiadepamplona.com\/actualidad\/seis-talleres-sobre-educacion-energetica-en-octubre-y-noviembre-sensibilizaran-y-formaran-a-la-ciudadania-sobre-el-uso-racional-de-la-energia-consumos-y-ahorros\/"},"author":{"name":"La Gu\u00eda de Pamplona","@id":"https:\/\/www.laguiadepamplona.com\/actualidad\/#\/schema\/person\/efe887376f0213d4657c93adc50b1fdb"},"headline":"Seis talleres sobre educaci\u00f3n energ\u00e9tica en octubre y noviembre sensibilizar\u00e1n y formar\u00e1n a la ciudadan\u00eda sobre el uso racional de la energ\u00eda, consumos y ahorros","datePublished":"2017-10-23T09:58:30+00:00","mainEntityOfPage":{"@id":"https:\/\/www.laguiadepamplona.com\/actualidad\/seis-talleres-sobre-educacion-energetica-en-octubre-y-noviembre-sensibilizaran-y-formaran-a-la-ciudadania-sobre-el-uso-racional-de-la-energia-consumos-y-ahorros\/"},"wordCount":683,"commentCount":0,"publisher":{"@id":"https:\/\/www.laguiadepamplona.com\/actualidad\/#organization"},"image":{"@id":"https:\/\/www.laguiadepamplona.com\/actualidad\/seis-talleres-sobre-educacion-energetica-en-octubre-y-noviembre-sensibilizaran-y-formaran-a-la-ciudadania-sobre-el-uso-racional-de-la-energia-consumos-y-ahorros\/#primaryimage"},"thumbnailUrl":"https:\/\/www.laguiadepamplona.com\/actualidad\/wp-content\/uploads\/2016\/12\/civivox-san-jorge.jpg","articleSection":["Ayto Pamplona"],"inLanguage":"es","potentialAction":[{"@type":"CommentAction","name":"Comment","target":["https:\/\/www.laguiadepamplona.com\/actualidad\/seis-talleres-sobre-educacion-energetica-en-octubre-y-noviembre-sensibilizaran-y-formaran-a-la-ciudadania-sobre-el-uso-racional-de-la-energia-consumos-y-ahorros\/#respond"]}]},{"@type":"WebPage","@id":"https:\/\/www.laguiadepamplona.com\/actualidad\/seis-talleres-sobre-educacion-energetica-en-octubre-y-noviembre-sensibilizaran-y-formaran-a-la-ciudadania-sobre-el-uso-racional-de-la-energia-consumos-y-ahorros\/","url":"https:\/\/www.laguiadepamplona.com\/actualidad\/seis-talleres-sobre-educacion-energetica-en-octubre-y-noviembre-sensibilizaran-y-formaran-a-la-ciudadania-sobre-el-uso-racional-de-la-energia-consumos-y-ahorros\/","name":"Seis talleres sobre educaci\u00f3n energ\u00e9tica en octubre y noviembre sensibilizar\u00e1n y formar\u00e1n a la ciudadan\u00eda sobre el uso racional de la energ\u00eda, consumos y ahorros","isPartOf":{"@id":"https:\/\/www.laguiadepamplona.com\/actualidad\/#website"},"primaryImageOfPage":{"@id":"https:\/\/www.laguiadepamplona.com\/actualidad\/seis-talleres-sobre-educacion-energetica-en-octubre-y-noviembre-sensibilizaran-y-formaran-a-la-ciudadania-sobre-el-uso-racional-de-la-energia-consumos-y-ahorros\/#primaryimage"},"image":{"@id":"https:\/\/www.laguiadepamplona.com\/actualidad\/seis-talleres-sobre-educacion-energetica-en-octubre-y-noviembre-sensibilizaran-y-formaran-a-la-ciudadania-sobre-el-uso-racional-de-la-energia-consumos-y-ahorros\/#primaryimage"},"thumbnailUrl":"https:\/\/www.laguiadepamplona.com\/actualidad\/wp-content\/uploads\/2016\/12\/civivox-san-jorge.jpg","datePublished":"2017-10-23T09:58:30+00:00","breadcrumb":{"@id":"https:\/\/www.laguiadepamplona.com\/actualidad\/seis-talleres-sobre-educacion-energetica-en-octubre-y-noviembre-sensibilizaran-y-formaran-a-la-ciudadania-sobre-el-uso-racional-de-la-energia-consumos-y-ahorros\/#breadcrumb"},"inLanguage":"es","potentialAction":[{"@type":"ReadAction","target":["https:\/\/www.laguiadepamplona.com\/actualidad\/seis-talleres-sobre-educacion-energetica-en-octubre-y-noviembre-sensibilizaran-y-formaran-a-la-ciudadania-sobre-el-uso-racional-de-la-energia-consumos-y-ahorros\/"]}]},{"@type":"ImageObject","inLanguage":"es","@id":"https:\/\/www.laguiadepamplona.com\/actualidad\/seis-talleres-sobre-educacion-energetica-en-octubre-y-noviembre-sensibilizaran-y-formaran-a-la-ciudadania-sobre-el-uso-racional-de-la-energia-consumos-y-ahorros\/#primaryimage","url":"https:\/\/www.laguiadepamplona.com\/actualidad\/wp-content\/uploads\/2016\/12\/civivox-san-jorge.jpg","contentUrl":"https:\/\/www.laguiadepamplona.com\/actualidad\/wp-content\/uploads\/2016\/12\/civivox-san-jorge.jpg","width":900,"height":675},{"@type":"BreadcrumbList","@id":"https:\/\/www.laguiadepamplona.com\/actualidad\/seis-talleres-sobre-educacion-energetica-en-octubre-y-noviembre-sensibilizaran-y-formaran-a-la-ciudadania-sobre-el-uso-racional-de-la-energia-consumos-y-ahorros\/#breadcrumb","itemListElement":[{"@type":"ListItem","position":1,"name":"Portada","item":"https:\/\/www.laguiadepamplona.com\/actualidad\/"},{"@type":"ListItem","position":2,"name":"Seis talleres sobre educaci\u00f3n energ\u00e9tica en octubre y noviembre sensibilizar\u00e1n y formar\u00e1n a la ciudadan\u00eda sobre el uso racional de la energ\u00eda, consumos y ahorros"}]},{"@type":"WebSite","@id":"https:\/\/www.laguiadepamplona.com\/actualidad\/#website","url":"https:\/\/www.laguiadepamplona.com\/actualidad\/","name":"La gu\u00eda de Pamplona","description":"Noticias de Pamplona","publisher":{"@id":"https:\/\/www.laguiadepamplona.com\/actualidad\/#organization"},"potentialAction":[{"@type":"SearchAction","target":{"@type":"EntryPoint","urlTemplate":"https:\/\/www.laguiadepamplona.com\/actualidad\/?s={search_term_string}"},"query-input":{"@type":"PropertyValueSpecification","valueRequired":true,"valueName":"search_term_string"}}],"inLanguage":"es"},{"@type":"Organization","@id":"https:\/\/www.laguiadepamplona.com\/actualidad\/#organization","name":"La Gu\u00eda de Pamplona \/ Noticias","url":"https:\/\/www.laguiadepamplona.com\/actualidad\/","logo":{"@type":"ImageObject","inLanguage":"es","@id":"https:\/\/www.laguiadepamplona.com\/actualidad\/#\/schema\/logo\/image\/","url":"https:\/\/www.laguiadepamplona.com\/actualidad\/wp-content\/uploads\/2018\/11\/logo-laguiadepamplona18-web1.png","contentUrl":"https:\/\/www.laguiadepamplona.com\/actualidad\/wp-content\/uploads\/2018\/11\/logo-laguiadepamplona18-web1.png","width":600,"height":196,"caption":"La Gu\u00eda de Pamplona \/ Noticias"},"image":{"@id":"https:\/\/www.laguiadepamplona.com\/actualidad\/#\/schema\/logo\/image\/"},"sameAs":["https:\/\/www.facebook.com\/laguiadepamplonacom-133175176762273\/?ref=hl","https:\/\/x.com\/LaGuiadPamplona","https:\/\/www.instagram.com\/la_guia_de_pamplona\/","https:\/\/www.youtube.com\/user\/laguiadepamplona"]},{"@type":"Person","@id":"https:\/\/www.laguiadepamplona.com\/actualidad\/#\/schema\/person\/efe887376f0213d4657c93adc50b1fdb","name":"La Gu\u00eda de Pamplona","image":{"@type":"ImageObject","inLanguage":"es","@id":"https:\/\/secure.gravatar.com\/avatar\/b6992f131dc8d30ab0dff15446e9d346d9dbd95992de0fef795073f5ea83a81c?s=96&d=mm&r=g","url":"https:\/\/secure.gravatar.com\/avatar\/b6992f131dc8d30ab0dff15446e9d346d9dbd95992de0fef795073f5ea83a81c?s=96&d=mm&r=g","contentUrl":"https:\/\/secure.gravatar.com\/avatar\/b6992f131dc8d30ab0dff15446e9d346d9dbd95992de0fef795073f5ea83a81c?s=96&d=mm&r=g","caption":"La Gu\u00eda de Pamplona"}}]}},"post_mailing_queue_ids":[],"_links":{"self":[{"href":"https:\/\/www.laguiadepamplona.com\/actualidad\/wp-json\/wp\/v2\/posts\/14767","targetHints":{"allow":["GET"]}}],"collection":[{"href":"https:\/\/www.laguiadepamplona.com\/actualidad\/wp-json\/wp\/v2\/posts"}],"about":[{"href":"https:\/\/www.laguiadepamplona.com\/actualidad\/wp-json\/wp\/v2\/types\/post"}],"author":[{"embeddable":true,"href":"https:\/\/www.laguiadepamplona.com\/actualidad\/wp-json\/wp\/v2\/users\/1"}],"replies":[{"embeddable":true,"href":"https:\/\/www.laguiadepamplona.com\/actualidad\/wp-json\/wp\/v2\/comments?post=14767"}],"version-history":[{"count":0,"href":"https:\/\/www.laguiadepamplona.com\/actualidad\/wp-json\/wp\/v2\/posts\/14767\/revisions"}],"wp:featuredmedia":[{"embeddable":true,"href":"https:\/\/www.laguiadepamplona.com\/actualidad\/wp-json\/wp\/v2\/media\/11047"}],"wp:attachment":[{"href":"https:\/\/www.laguiadepamplona.com\/actualidad\/wp-json\/wp\/v2\/media?parent=14767"}],"wp:term":[{"taxonomy":"category","embeddable":true,"href":"https:\/\/www.laguiadepamplona.com\/actualidad\/wp-json\/wp\/v2\/categories?post=14767"},{"taxonomy":"post_tag","embeddable":true,"href":"https:\/\/www.laguiadepamplona.com\/actualidad\/wp-json\/wp\/v2\/tags?post=14767"}],"curies":[{"name":"wp","href":"https:\/\/api.w.org\/{rel}","templated":true}]}}