{"id":14763,"date":"2017-10-23T10:51:59","date_gmt":"2017-10-23T09:51:59","guid":{"rendered":"http:\/\/laguiadepamplona.es\/actualidad\/?p=14763"},"modified":"2017-10-23T10:51:59","modified_gmt":"2017-10-23T09:51:59","slug":"detenidas-doce-personas-la-semana-pasada-por-dar-positivo-en-controles-de-alcoholemia-o-conducir-sin-carne","status":"publish","type":"post","link":"https:\/\/www.laguiadepamplona.com\/actualidad\/detenidas-doce-personas-la-semana-pasada-por-dar-positivo-en-controles-de-alcoholemia-o-conducir-sin-carne\/","title":{"rendered":"Detenidas doce personas la semana pasada por dar positivo en controles de alcoholemia o conducir sin carn\u00e9"},"content":{"rendered":"<h3>La Polic\u00eda Municipal de Pamplona denunci\u00f3 por v\u00eda administrativa a otras 27 personas<\/h3>\n<p><!--more--><\/p>\n<p>La Polic\u00eda Municipal de Pamplona detuvo la semana pasada a doce personas como presuntas autoras de diferentes delitos contra el tr\u00e1fico y la seguridad vial. Ocho personas fueron arrestadas por conducir bajo los efectos del alcohol y cuatro por ponerse al volante sin tener el carn\u00e9 obligatorio. El s\u00e1bado se detuvo a cinco personas (3 por alcohol y 2 por carecer de carn\u00e9), el domingo a tres (2 por etilometr\u00eda positiva y una por no tener carn\u00e9), el viernes a otras tres (todas por alcohol) y el lunes a 1 (carecer de carn\u00e9) Las detenciones por etilometr\u00eda positiva se llevaron a cabo<\/p>\n<p>En lo que respecta a Seguridad Vial, el fin de semana se ha saldado con dos personas heridas, un var\u00f3n de 47 a\u00f1os que sufri\u00f3 una ca\u00edda de motocicleta en la calle Monte Monjard\u00edn y otro joven de 19 a\u00f1os que result\u00f3 lesionado tras una colisi\u00f3n por alcance en la avenida del Ej\u00e9rcito. En la avenida de Ar\u00f3stegui un conductor de 44 a\u00f1os se sali\u00f3 de la v\u00eda chocando contra una farola; en la calle Luis Morondo una persona de 38 a\u00f1os caus\u00f3 da\u00f1os a otro veh\u00edculo que se encontraba estacionado; y en la traves\u00eda los Glacis un conductor de 24 a\u00f1os caus\u00f3 da\u00f1os a otros dos veh\u00edculos estacionados y se fug\u00f3 del lugar, siendo interceptado por una patrulla de Polic\u00eda Municipal en la avenida de Gipuzkoa. En estos tres casos se incoaron diligencias judiciales a los conductores por conducir bajo la influencia de bebidas alcoh\u00f3licas, y uno de ellos, adem\u00e1s, ten\u00eda retirado el permiso por sentencia judicial. En otro accidente ocurrido en la calle Tajonar se le han incoado diligencias judiciales a una persona de 19 a\u00f1os por conducir careciendo del permiso y estar implicado en un accidente.<\/p>\n<p>En total, la Polic\u00eda Municipal denunci\u00f3 por v\u00eda administrativa entre el lunes y el domingo a otras 27 personas. De ellas 23 dieron positivo en controles de alcoholemia sin llegar a tasas constitutivas de delito, 3 conduc\u00edan bajo los efectos de sustancias estupefacientes y 1 fue sancionada por conducir sin puntos en el carn\u00e9. Por etilometr\u00eda positiva se mult\u00f3 a 10 personas el s\u00e1bado, a 6 el viernes, a 4 el jueves a 2 el domingo y a 1 el lunes. Los positivos por drogas se detectaron el lunes, el s\u00e1bado y el domingo. Por \u00faltimo, el martes se sancion\u00f3 a una persona que circulaba sin puntos en el carn\u00e9.<\/p>\n<p>&nbsp;<\/p>\n","protected":false},"excerpt":{"rendered":"<p>La Polic\u00eda Municipal de Pamplona denunci\u00f3 por v\u00eda administrativa a otras 27 personas<\/p>\n","protected":false},"author":1,"featured_media":14501,"comment_status":"open","ping_status":"closed","sticky":false,"template":"","format":"standard","meta":{"footnotes":""},"categories":[2],"tags":[],"class_list":["post-14763","post","type-post","status-publish","format-standard","has-post-thumbnail","hentry","category-ayuntamiento-pamplona"],"yoast_head":"<!-- This site is optimized with the Yoast SEO plugin v27.3 - https:\/\/yoast.com\/product\/yoast-seo-wordpress\/ -->\n<title>Detenidas doce personas la semana pasada por dar positivo en controles de alcoholemia o conducir sin carn\u00e9<\/title>\n<meta name=\"robots\" content=\"index, follow, max-snippet:-1, max-image-preview:large, max-video-preview:-1\" \/>\n<link rel=\"canonical\" href=\"https:\/\/www.laguiadepamplona.com\/actualidad\/detenidas-doce-personas-la-semana-pasada-por-dar-positivo-en-controles-de-alcoholemia-o-conducir-sin-carne\/\" \/>\n<meta property=\"og:locale\" content=\"es_ES\" \/>\n<meta property=\"og:type\" content=\"article\" \/>\n<meta property=\"og:title\" content=\"Detenidas doce personas la semana pasada por dar positivo en controles de alcoholemia o conducir sin carn\u00e9\" \/>\n<meta property=\"og:description\" content=\"La Polic\u00eda Municipal de Pamplona denunci\u00f3 por v\u00eda administrativa a otras 27 personas\" \/>\n<meta property=\"og:url\" content=\"https:\/\/www.laguiadepamplona.com\/actualidad\/detenidas-doce-personas-la-semana-pasada-por-dar-positivo-en-controles-de-alcoholemia-o-conducir-sin-carne\/\" \/>\n<meta property=\"og:site_name\" content=\"La Gu\u00eda de Pamplona\" \/>\n<meta property=\"article:publisher\" content=\"https:\/\/www.facebook.com\/laguiadepamplonacom-133175176762273\/?ref=hl\" \/>\n<meta property=\"article:published_time\" content=\"2017-10-23T09:51:59+00:00\" \/>\n<meta property=\"og:image\" content=\"https:\/\/www.laguiadepamplona.com\/actualidad\/wp-content\/uploads\/2017\/09\/POLIC\u00cdA-MUNICIPAL_Nueva-imagen_2.jpg\" \/>\n\t<meta property=\"og:image:width\" content=\"1000\" \/>\n\t<meta property=\"og:image:height\" content=\"666\" \/>\n\t<meta property=\"og:image:type\" content=\"image\/jpeg\" \/>\n<meta name=\"author\" content=\"La Gu\u00eda de Pamplona\" \/>\n<meta name=\"twitter:card\" content=\"summary_large_image\" \/>\n<meta name=\"twitter:creator\" content=\"@LaGuiadPamplona\" \/>\n<meta name=\"twitter:site\" content=\"@LaGuiadPamplona\" \/>\n<meta name=\"twitter:label1\" content=\"Escrito por\" \/>\n\t<meta name=\"twitter:data1\" content=\"La Gu\u00eda de Pamplona\" \/>\n\t<meta name=\"twitter:label2\" content=\"Tiempo de lectura\" \/>\n\t<meta name=\"twitter:data2\" content=\"2 minutos\" \/>\n<script type=\"application\/ld+json\" class=\"yoast-schema-graph\">{\"@context\":\"https:\\\/\\\/schema.org\",\"@graph\":[{\"@type\":\"Article\",\"@id\":\"https:\\\/\\\/www.laguiadepamplona.com\\\/actualidad\\\/detenidas-doce-personas-la-semana-pasada-por-dar-positivo-en-controles-de-alcoholemia-o-conducir-sin-carne\\\/#article\",\"isPartOf\":{\"@id\":\"https:\\\/\\\/www.laguiadepamplona.com\\\/actualidad\\\/detenidas-doce-personas-la-semana-pasada-por-dar-positivo-en-controles-de-alcoholemia-o-conducir-sin-carne\\\/\"},\"author\":{\"name\":\"La Gu\u00eda de Pamplona\",\"@id\":\"https:\\\/\\\/www.laguiadepamplona.com\\\/actualidad\\\/#\\\/schema\\\/person\\\/efe887376f0213d4657c93adc50b1fdb\"},\"headline\":\"Detenidas doce personas la semana pasada por dar positivo en controles de alcoholemia o conducir sin carn\u00e9\",\"datePublished\":\"2017-10-23T09:51:59+00:00\",\"mainEntityOfPage\":{\"@id\":\"https:\\\/\\\/www.laguiadepamplona.com\\\/actualidad\\\/detenidas-doce-personas-la-semana-pasada-por-dar-positivo-en-controles-de-alcoholemia-o-conducir-sin-carne\\\/\"},\"wordCount\":447,\"commentCount\":0,\"publisher\":{\"@id\":\"https:\\\/\\\/www.laguiadepamplona.com\\\/actualidad\\\/#organization\"},\"image\":{\"@id\":\"https:\\\/\\\/www.laguiadepamplona.com\\\/actualidad\\\/detenidas-doce-personas-la-semana-pasada-por-dar-positivo-en-controles-de-alcoholemia-o-conducir-sin-carne\\\/#primaryimage\"},\"thumbnailUrl\":\"https:\\\/\\\/www.laguiadepamplona.com\\\/actualidad\\\/wp-content\\\/uploads\\\/2017\\\/09\\\/POLIC\u00cdA-MUNICIPAL_Nueva-imagen_2.jpg\",\"articleSection\":[\"Ayto Pamplona\"],\"inLanguage\":\"es\",\"potentialAction\":[{\"@type\":\"CommentAction\",\"name\":\"Comment\",\"target\":[\"https:\\\/\\\/www.laguiadepamplona.com\\\/actualidad\\\/detenidas-doce-personas-la-semana-pasada-por-dar-positivo-en-controles-de-alcoholemia-o-conducir-sin-carne\\\/#respond\"]}]},{\"@type\":\"WebPage\",\"@id\":\"https:\\\/\\\/www.laguiadepamplona.com\\\/actualidad\\\/detenidas-doce-personas-la-semana-pasada-por-dar-positivo-en-controles-de-alcoholemia-o-conducir-sin-carne\\\/\",\"url\":\"https:\\\/\\\/www.laguiadepamplona.com\\\/actualidad\\\/detenidas-doce-personas-la-semana-pasada-por-dar-positivo-en-controles-de-alcoholemia-o-conducir-sin-carne\\\/\",\"name\":\"Detenidas doce personas la semana pasada por dar positivo en controles de alcoholemia o conducir sin carn\u00e9\",\"isPartOf\":{\"@id\":\"https:\\\/\\\/www.laguiadepamplona.com\\\/actualidad\\\/#website\"},\"primaryImageOfPage\":{\"@id\":\"https:\\\/\\\/www.laguiadepamplona.com\\\/actualidad\\\/detenidas-doce-personas-la-semana-pasada-por-dar-positivo-en-controles-de-alcoholemia-o-conducir-sin-carne\\\/#primaryimage\"},\"image\":{\"@id\":\"https:\\\/\\\/www.laguiadepamplona.com\\\/actualidad\\\/detenidas-doce-personas-la-semana-pasada-por-dar-positivo-en-controles-de-alcoholemia-o-conducir-sin-carne\\\/#primaryimage\"},\"thumbnailUrl\":\"https:\\\/\\\/www.laguiadepamplona.com\\\/actualidad\\\/wp-content\\\/uploads\\\/2017\\\/09\\\/POLIC\u00cdA-MUNICIPAL_Nueva-imagen_2.jpg\",\"datePublished\":\"2017-10-23T09:51:59+00:00\",\"breadcrumb\":{\"@id\":\"https:\\\/\\\/www.laguiadepamplona.com\\\/actualidad\\\/detenidas-doce-personas-la-semana-pasada-por-dar-positivo-en-controles-de-alcoholemia-o-conducir-sin-carne\\\/#breadcrumb\"},\"inLanguage\":\"es\",\"potentialAction\":[{\"@type\":\"ReadAction\",\"target\":[\"https:\\\/\\\/www.laguiadepamplona.com\\\/actualidad\\\/detenidas-doce-personas-la-semana-pasada-por-dar-positivo-en-controles-de-alcoholemia-o-conducir-sin-carne\\\/\"]}]},{\"@type\":\"ImageObject\",\"inLanguage\":\"es\",\"@id\":\"https:\\\/\\\/www.laguiadepamplona.com\\\/actualidad\\\/detenidas-doce-personas-la-semana-pasada-por-dar-positivo-en-controles-de-alcoholemia-o-conducir-sin-carne\\\/#primaryimage\",\"url\":\"https:\\\/\\\/www.laguiadepamplona.com\\\/actualidad\\\/wp-content\\\/uploads\\\/2017\\\/09\\\/POLIC\u00cdA-MUNICIPAL_Nueva-imagen_2.jpg\",\"contentUrl\":\"https:\\\/\\\/www.laguiadepamplona.com\\\/actualidad\\\/wp-content\\\/uploads\\\/2017\\\/09\\\/POLIC\u00cdA-MUNICIPAL_Nueva-imagen_2.jpg\",\"width\":1000,\"height\":666},{\"@type\":\"BreadcrumbList\",\"@id\":\"https:\\\/\\\/www.laguiadepamplona.com\\\/actualidad\\\/detenidas-doce-personas-la-semana-pasada-por-dar-positivo-en-controles-de-alcoholemia-o-conducir-sin-carne\\\/#breadcrumb\",\"itemListElement\":[{\"@type\":\"ListItem\",\"position\":1,\"name\":\"Portada\",\"item\":\"https:\\\/\\\/www.laguiadepamplona.com\\\/actualidad\\\/\"},{\"@type\":\"ListItem\",\"position\":2,\"name\":\"Detenidas doce personas la semana pasada por dar positivo en controles de alcoholemia o conducir sin carn\u00e9\"}]},{\"@type\":\"WebSite\",\"@id\":\"https:\\\/\\\/www.laguiadepamplona.com\\\/actualidad\\\/#website\",\"url\":\"https:\\\/\\\/www.laguiadepamplona.com\\\/actualidad\\\/\",\"name\":\"La gu\u00eda de Pamplona\",\"description\":\"Noticias de Pamplona\",\"publisher\":{\"@id\":\"https:\\\/\\\/www.laguiadepamplona.com\\\/actualidad\\\/#organization\"},\"potentialAction\":[{\"@type\":\"SearchAction\",\"target\":{\"@type\":\"EntryPoint\",\"urlTemplate\":\"https:\\\/\\\/www.laguiadepamplona.com\\\/actualidad\\\/?s={search_term_string}\"},\"query-input\":{\"@type\":\"PropertyValueSpecification\",\"valueRequired\":true,\"valueName\":\"search_term_string\"}}],\"inLanguage\":\"es\"},{\"@type\":\"Organization\",\"@id\":\"https:\\\/\\\/www.laguiadepamplona.com\\\/actualidad\\\/#organization\",\"name\":\"La Gu\u00eda de Pamplona \\\/ Noticias\",\"url\":\"https:\\\/\\\/www.laguiadepamplona.com\\\/actualidad\\\/\",\"logo\":{\"@type\":\"ImageObject\",\"inLanguage\":\"es\",\"@id\":\"https:\\\/\\\/www.laguiadepamplona.com\\\/actualidad\\\/#\\\/schema\\\/logo\\\/image\\\/\",\"url\":\"https:\\\/\\\/www.laguiadepamplona.com\\\/actualidad\\\/wp-content\\\/uploads\\\/2018\\\/11\\\/logo-laguiadepamplona18-web1.png\",\"contentUrl\":\"https:\\\/\\\/www.laguiadepamplona.com\\\/actualidad\\\/wp-content\\\/uploads\\\/2018\\\/11\\\/logo-laguiadepamplona18-web1.png\",\"width\":600,\"height\":196,\"caption\":\"La Gu\u00eda de Pamplona \\\/ Noticias\"},\"image\":{\"@id\":\"https:\\\/\\\/www.laguiadepamplona.com\\\/actualidad\\\/#\\\/schema\\\/logo\\\/image\\\/\"},\"sameAs\":[\"https:\\\/\\\/www.facebook.com\\\/laguiadepamplonacom-133175176762273\\\/?ref=hl\",\"https:\\\/\\\/x.com\\\/LaGuiadPamplona\",\"https:\\\/\\\/www.instagram.com\\\/la_guia_de_pamplona\\\/\",\"https:\\\/\\\/www.youtube.com\\\/user\\\/laguiadepamplona\"]},{\"@type\":\"Person\",\"@id\":\"https:\\\/\\\/www.laguiadepamplona.com\\\/actualidad\\\/#\\\/schema\\\/person\\\/efe887376f0213d4657c93adc50b1fdb\",\"name\":\"La Gu\u00eda de Pamplona\",\"image\":{\"@type\":\"ImageObject\",\"inLanguage\":\"es\",\"@id\":\"https:\\\/\\\/secure.gravatar.com\\\/avatar\\\/b6992f131dc8d30ab0dff15446e9d346d9dbd95992de0fef795073f5ea83a81c?s=96&d=mm&r=g\",\"url\":\"https:\\\/\\\/secure.gravatar.com\\\/avatar\\\/b6992f131dc8d30ab0dff15446e9d346d9dbd95992de0fef795073f5ea83a81c?s=96&d=mm&r=g\",\"contentUrl\":\"https:\\\/\\\/secure.gravatar.com\\\/avatar\\\/b6992f131dc8d30ab0dff15446e9d346d9dbd95992de0fef795073f5ea83a81c?s=96&d=mm&r=g\",\"caption\":\"La Gu\u00eda de Pamplona\"}}]}<\/script>\n<!-- \/ Yoast SEO plugin. -->","yoast_head_json":{"title":"Detenidas doce personas la semana pasada por dar positivo en controles de alcoholemia o conducir sin carn\u00e9","robots":{"index":"index","follow":"follow","max-snippet":"max-snippet:-1","max-image-preview":"max-image-preview:large","max-video-preview":"max-video-preview:-1"},"canonical":"https:\/\/www.laguiadepamplona.com\/actualidad\/detenidas-doce-personas-la-semana-pasada-por-dar-positivo-en-controles-de-alcoholemia-o-conducir-sin-carne\/","og_locale":"es_ES","og_type":"article","og_title":"Detenidas doce personas la semana pasada por dar positivo en controles de alcoholemia o conducir sin carn\u00e9","og_description":"La Polic\u00eda Municipal de Pamplona denunci\u00f3 por v\u00eda administrativa a otras 27 personas","og_url":"https:\/\/www.laguiadepamplona.com\/actualidad\/detenidas-doce-personas-la-semana-pasada-por-dar-positivo-en-controles-de-alcoholemia-o-conducir-sin-carne\/","og_site_name":"La Gu\u00eda de Pamplona","article_publisher":"https:\/\/www.facebook.com\/laguiadepamplonacom-133175176762273\/?ref=hl","article_published_time":"2017-10-23T09:51:59+00:00","og_image":[{"width":1000,"height":666,"url":"https:\/\/www.laguiadepamplona.com\/actualidad\/wp-content\/uploads\/2017\/09\/POLIC\u00cdA-MUNICIPAL_Nueva-imagen_2.jpg","type":"image\/jpeg"}],"author":"La Gu\u00eda de Pamplona","twitter_card":"summary_large_image","twitter_creator":"@LaGuiadPamplona","twitter_site":"@LaGuiadPamplona","twitter_misc":{"Escrito por":"La Gu\u00eda de Pamplona","Tiempo de lectura":"2 minutos"},"schema":{"@context":"https:\/\/schema.org","@graph":[{"@type":"Article","@id":"https:\/\/www.laguiadepamplona.com\/actualidad\/detenidas-doce-personas-la-semana-pasada-por-dar-positivo-en-controles-de-alcoholemia-o-conducir-sin-carne\/#article","isPartOf":{"@id":"https:\/\/www.laguiadepamplona.com\/actualidad\/detenidas-doce-personas-la-semana-pasada-por-dar-positivo-en-controles-de-alcoholemia-o-conducir-sin-carne\/"},"author":{"name":"La Gu\u00eda de Pamplona","@id":"https:\/\/www.laguiadepamplona.com\/actualidad\/#\/schema\/person\/efe887376f0213d4657c93adc50b1fdb"},"headline":"Detenidas doce personas la semana pasada por dar positivo en controles de alcoholemia o conducir sin carn\u00e9","datePublished":"2017-10-23T09:51:59+00:00","mainEntityOfPage":{"@id":"https:\/\/www.laguiadepamplona.com\/actualidad\/detenidas-doce-personas-la-semana-pasada-por-dar-positivo-en-controles-de-alcoholemia-o-conducir-sin-carne\/"},"wordCount":447,"commentCount":0,"publisher":{"@id":"https:\/\/www.laguiadepamplona.com\/actualidad\/#organization"},"image":{"@id":"https:\/\/www.laguiadepamplona.com\/actualidad\/detenidas-doce-personas-la-semana-pasada-por-dar-positivo-en-controles-de-alcoholemia-o-conducir-sin-carne\/#primaryimage"},"thumbnailUrl":"https:\/\/www.laguiadepamplona.com\/actualidad\/wp-content\/uploads\/2017\/09\/POLIC\u00cdA-MUNICIPAL_Nueva-imagen_2.jpg","articleSection":["Ayto Pamplona"],"inLanguage":"es","potentialAction":[{"@type":"CommentAction","name":"Comment","target":["https:\/\/www.laguiadepamplona.com\/actualidad\/detenidas-doce-personas-la-semana-pasada-por-dar-positivo-en-controles-de-alcoholemia-o-conducir-sin-carne\/#respond"]}]},{"@type":"WebPage","@id":"https:\/\/www.laguiadepamplona.com\/actualidad\/detenidas-doce-personas-la-semana-pasada-por-dar-positivo-en-controles-de-alcoholemia-o-conducir-sin-carne\/","url":"https:\/\/www.laguiadepamplona.com\/actualidad\/detenidas-doce-personas-la-semana-pasada-por-dar-positivo-en-controles-de-alcoholemia-o-conducir-sin-carne\/","name":"Detenidas doce personas la semana pasada por dar positivo en controles de alcoholemia o conducir sin carn\u00e9","isPartOf":{"@id":"https:\/\/www.laguiadepamplona.com\/actualidad\/#website"},"primaryImageOfPage":{"@id":"https:\/\/www.laguiadepamplona.com\/actualidad\/detenidas-doce-personas-la-semana-pasada-por-dar-positivo-en-controles-de-alcoholemia-o-conducir-sin-carne\/#primaryimage"},"image":{"@id":"https:\/\/www.laguiadepamplona.com\/actualidad\/detenidas-doce-personas-la-semana-pasada-por-dar-positivo-en-controles-de-alcoholemia-o-conducir-sin-carne\/#primaryimage"},"thumbnailUrl":"https:\/\/www.laguiadepamplona.com\/actualidad\/wp-content\/uploads\/2017\/09\/POLIC\u00cdA-MUNICIPAL_Nueva-imagen_2.jpg","datePublished":"2017-10-23T09:51:59+00:00","breadcrumb":{"@id":"https:\/\/www.laguiadepamplona.com\/actualidad\/detenidas-doce-personas-la-semana-pasada-por-dar-positivo-en-controles-de-alcoholemia-o-conducir-sin-carne\/#breadcrumb"},"inLanguage":"es","potentialAction":[{"@type":"ReadAction","target":["https:\/\/www.laguiadepamplona.com\/actualidad\/detenidas-doce-personas-la-semana-pasada-por-dar-positivo-en-controles-de-alcoholemia-o-conducir-sin-carne\/"]}]},{"@type":"ImageObject","inLanguage":"es","@id":"https:\/\/www.laguiadepamplona.com\/actualidad\/detenidas-doce-personas-la-semana-pasada-por-dar-positivo-en-controles-de-alcoholemia-o-conducir-sin-carne\/#primaryimage","url":"https:\/\/www.laguiadepamplona.com\/actualidad\/wp-content\/uploads\/2017\/09\/POLIC\u00cdA-MUNICIPAL_Nueva-imagen_2.jpg","contentUrl":"https:\/\/www.laguiadepamplona.com\/actualidad\/wp-content\/uploads\/2017\/09\/POLIC\u00cdA-MUNICIPAL_Nueva-imagen_2.jpg","width":1000,"height":666},{"@type":"BreadcrumbList","@id":"https:\/\/www.laguiadepamplona.com\/actualidad\/detenidas-doce-personas-la-semana-pasada-por-dar-positivo-en-controles-de-alcoholemia-o-conducir-sin-carne\/#breadcrumb","itemListElement":[{"@type":"ListItem","position":1,"name":"Portada","item":"https:\/\/www.laguiadepamplona.com\/actualidad\/"},{"@type":"ListItem","position":2,"name":"Detenidas doce personas la semana pasada por dar positivo en controles de alcoholemia o conducir sin carn\u00e9"}]},{"@type":"WebSite","@id":"https:\/\/www.laguiadepamplona.com\/actualidad\/#website","url":"https:\/\/www.laguiadepamplona.com\/actualidad\/","name":"La gu\u00eda de Pamplona","description":"Noticias de Pamplona","publisher":{"@id":"https:\/\/www.laguiadepamplona.com\/actualidad\/#organization"},"potentialAction":[{"@type":"SearchAction","target":{"@type":"EntryPoint","urlTemplate":"https:\/\/www.laguiadepamplona.com\/actualidad\/?s={search_term_string}"},"query-input":{"@type":"PropertyValueSpecification","valueRequired":true,"valueName":"search_term_string"}}],"inLanguage":"es"},{"@type":"Organization","@id":"https:\/\/www.laguiadepamplona.com\/actualidad\/#organization","name":"La Gu\u00eda de Pamplona \/ Noticias","url":"https:\/\/www.laguiadepamplona.com\/actualidad\/","logo":{"@type":"ImageObject","inLanguage":"es","@id":"https:\/\/www.laguiadepamplona.com\/actualidad\/#\/schema\/logo\/image\/","url":"https:\/\/www.laguiadepamplona.com\/actualidad\/wp-content\/uploads\/2018\/11\/logo-laguiadepamplona18-web1.png","contentUrl":"https:\/\/www.laguiadepamplona.com\/actualidad\/wp-content\/uploads\/2018\/11\/logo-laguiadepamplona18-web1.png","width":600,"height":196,"caption":"La Gu\u00eda de Pamplona \/ Noticias"},"image":{"@id":"https:\/\/www.laguiadepamplona.com\/actualidad\/#\/schema\/logo\/image\/"},"sameAs":["https:\/\/www.facebook.com\/laguiadepamplonacom-133175176762273\/?ref=hl","https:\/\/x.com\/LaGuiadPamplona","https:\/\/www.instagram.com\/la_guia_de_pamplona\/","https:\/\/www.youtube.com\/user\/laguiadepamplona"]},{"@type":"Person","@id":"https:\/\/www.laguiadepamplona.com\/actualidad\/#\/schema\/person\/efe887376f0213d4657c93adc50b1fdb","name":"La Gu\u00eda de Pamplona","image":{"@type":"ImageObject","inLanguage":"es","@id":"https:\/\/secure.gravatar.com\/avatar\/b6992f131dc8d30ab0dff15446e9d346d9dbd95992de0fef795073f5ea83a81c?s=96&d=mm&r=g","url":"https:\/\/secure.gravatar.com\/avatar\/b6992f131dc8d30ab0dff15446e9d346d9dbd95992de0fef795073f5ea83a81c?s=96&d=mm&r=g","contentUrl":"https:\/\/secure.gravatar.com\/avatar\/b6992f131dc8d30ab0dff15446e9d346d9dbd95992de0fef795073f5ea83a81c?s=96&d=mm&r=g","caption":"La Gu\u00eda de Pamplona"}}]}},"post_mailing_queue_ids":[],"_links":{"self":[{"href":"https:\/\/www.laguiadepamplona.com\/actualidad\/wp-json\/wp\/v2\/posts\/14763","targetHints":{"allow":["GET"]}}],"collection":[{"href":"https:\/\/www.laguiadepamplona.com\/actualidad\/wp-json\/wp\/v2\/posts"}],"about":[{"href":"https:\/\/www.laguiadepamplona.com\/actualidad\/wp-json\/wp\/v2\/types\/post"}],"author":[{"embeddable":true,"href":"https:\/\/www.laguiadepamplona.com\/actualidad\/wp-json\/wp\/v2\/users\/1"}],"replies":[{"embeddable":true,"href":"https:\/\/www.laguiadepamplona.com\/actualidad\/wp-json\/wp\/v2\/comments?post=14763"}],"version-history":[{"count":0,"href":"https:\/\/www.laguiadepamplona.com\/actualidad\/wp-json\/wp\/v2\/posts\/14763\/revisions"}],"wp:featuredmedia":[{"embeddable":true,"href":"https:\/\/www.laguiadepamplona.com\/actualidad\/wp-json\/wp\/v2\/media\/14501"}],"wp:attachment":[{"href":"https:\/\/www.laguiadepamplona.com\/actualidad\/wp-json\/wp\/v2\/media?parent=14763"}],"wp:term":[{"taxonomy":"category","embeddable":true,"href":"https:\/\/www.laguiadepamplona.com\/actualidad\/wp-json\/wp\/v2\/categories?post=14763"},{"taxonomy":"post_tag","embeddable":true,"href":"https:\/\/www.laguiadepamplona.com\/actualidad\/wp-json\/wp\/v2\/tags?post=14763"}],"curies":[{"name":"wp","href":"https:\/\/api.w.org\/{rel}","templated":true}]}}