{"id":14761,"date":"2017-10-23T10:51:14","date_gmt":"2017-10-23T09:51:14","guid":{"rendered":"http:\/\/laguiadepamplona.es\/actualidad\/?p=14761"},"modified":"2017-10-23T10:51:14","modified_gmt":"2017-10-23T09:51:14","slug":"pamplona-acoge-en-noviembre-transitos-un-ciclo-de-actividades-y-acciones-culturales-para-concienciar-sobre-las-migraciones-forzosas","status":"publish","type":"post","link":"https:\/\/www.laguiadepamplona.com\/actualidad\/pamplona-acoge-en-noviembre-transitos-un-ciclo-de-actividades-y-acciones-culturales-para-concienciar-sobre-las-migraciones-forzosas\/","title":{"rendered":"Pamplona acoge en noviembre \u2018Tr\u00e1nsitos\u2019, un ciclo de actividades y acciones culturales para concienciar sobre las migraciones forzosas"},"content":{"rendered":"<h3>Habr\u00e1 una exposici\u00f3n en el Paseo Sarasate, un espect\u00e1culo en Baluarte del 4 de noviembre y un ciclo de documentales en los civivox<\/h3>\n<p><!--more--><\/p>\n<p>Los datos indican que hoy, en este mundo, m\u00e1s de 65 millones de personas han abandonado su hogar a la fuerza. Son desplazados, hombres y mujeres que buscan refugio. Nunca antes en la historia de la humanidad hab\u00eda existido en la Tierra tal cantidad de viajeros forzados, personas que huyen de la violencia, el hambre, la amenaza o el cambio clim\u00e1tico. Moverse, trasladarse, se ha convertido hoy m\u00e1s que nunca en una forma de supervivencia. Pero este hecho, moverse para sobrevivir, choca de frente con una realidad violenta: la del muro. Porque tampoco antes en la historia hab\u00eda un mundo tan compartimentado y dividido. Cada a\u00f1o se producen medio mill\u00f3n de toneladas de alambre de espino, esto son 8 millones de kil\u00f3metros de verjas, suficiente para dar la vuelta a la Tierra 200 veces.<\/p>\n<p>Para concienciar de esta situaci\u00f3n, el Ayuntamiento de Pamplona ha promovido durante el mes de noviembre \u2018Tr\u00e1nsitos\u2019, un ciclo de actividades y acciones culturales para acercarse a comprender las migraciones forzosas y tambi\u00e9n para rendir homenaje a esos millones de personas en tr\u00e1nsito. As\u00ed, la ciudad acoger\u00e1 en sus calles, auditorio y espacios c\u00edvicos exposiciones, charlas, artes esc\u00e9nicas y documentales sobre este mundo en movimiento.<\/p>\n<p>La iniciativa \u2018Tr\u00e1nsitos, un mundo en movimiento \/ Iragateak, mugitzen ari den mundua\u2019 ha sido presentada hoy en rueda de prensa por la concejala delegada de Cultura, Pol\u00edtica Ling\u00fc\u00edstica, Educaci\u00f3n y Deporte, Maider Beloki, acompa\u00f1ada del comisario de la exposici\u00f3n que se instalar\u00e1 en el Paseo de Sarasate, Dani Burgui, y del productor del espect\u00e1culo que tendr\u00e1 lugar en Baluarte, Ra\u00fal Madinabeitia. Las actividades tendr\u00e1n lugar del 3 al 25 de noviembre.<\/p>\n<p><strong>Un espect\u00e1culo para denunciar el holocausto sirio<\/strong><\/p>\n<p>\u2018Tr\u00e1nsitos\u2019 se inaugurar\u00e1 en Pamplona con un espect\u00e1culo en Baluarte. El 4 de noviembre, la Sala de C\u00e1mara acoger\u00e1 \u2018Siria entre amores que matan\u2019, un espect\u00e1culo multidisciplinar de danza contempor\u00e1nea, m\u00fasica, im\u00e1genes, poes\u00eda y arte comunitario. Es un espect\u00e1culo transversal, innovador de artes esc\u00e9nicas que tiene como objetivo el servir de altavoz para denunciar el holocausto sirio. Est\u00e1 integrado en un movimiento mundial de arte comunitario de conexi\u00f3n entre las artes esc\u00e9nicas y el activismo social y pol\u00edtico. Las entradas pueden adquirirse ya al precio de 15 euros y la recaudaci\u00f3n ir\u00e1 destinada a los refugiados sirios en colaboraci\u00f3n con ACNUR.<\/p>\n<p>&#8216;Siria entre amores que matan\u2019 pretende transformar el dolor en un baile, en una nota musical, en un poema, en un cuento, en una canci\u00f3n, etc. \u00bfQu\u00e9 hubiera pasado si la supuesta guerra en Siria fuera una guerra entre las artes? Tal vez las v\u00edctimas sirias ser\u00edan ahora las v\u00edctimas m\u00e1s afortunadas del universo y objetivo de envidia de los\/las\u00a0 ciudadanos\/as del mundo.. Se trata de dar voz al arte, voz alta para intentar cambiar algo, por muy peque\u00f1o que sea. M\u00fasica en directo, danza contempor\u00e1nea, im\u00e1genes, poes\u00eda y narraci\u00f3n siria, proponen una guerra alternativa, que s\u00f3lo mata la violencia que tiene el ser humano.<\/p>\n<p><strong>La exposici\u00f3n, \u2018Arrastoak \/ Huellas\u2019<\/strong><\/p>\n<p>Un espacio central de tr\u00e1nsitos ser\u00e1 la exposici\u00f3n \u2018Arrastoak \/ Huellas\u2019, que se instalar\u00e1 tambi\u00e9n en un espacio c\u00e9ntrico de Pamplona, el Paseo de Sarasate. Desde el 8 hasta el 25 de noviembre, este paseo acoger\u00e1 una instalaci\u00f3n expositiva y did\u00e1ctica que pretende mostrar una peque\u00f1a parte de un extraordinario viaje y sus protagonistas a trav\u00e9s de testimonios, paneles, fotos y objetos que dan cuenta del mayor \u00e9xodo y migraci\u00f3n forzosa de la humanidad. Esta muestra lleva as\u00ed al espacio p\u00fablico mensajes y est\u00edmulos que, adem\u00e1s de explicar, expresan emociones y describen con contexto pol\u00edtico, social y documental un hecho de actualidad.<\/p>\n<p>El origen de los contenidos expuestos, gr\u00e1ficos narrativos y materiales, es principalmente fruto del trabajo period\u00edstico y documental que, desde 2012 hasta 2017, de forma intermitente, han elaborado los reporteros pamploneses Unai Beroiz Nieto, Daniel Burgui Iguzkiza y Luis Carmona Juanmarti\u00f1ena en el desempe\u00f1o de su profesi\u00f3n en diferentes puntos de algunas fronteras europeas.<\/p>\n<p><strong>Ciclo de documentales en los civivox<\/strong><\/p>\n<p>La programaci\u00f3n de \u2018Tr\u00e1nsitos\u2019 se completa con un ciclo de ocho documentales que ir\u00e1n proyect\u00e1ndose a trav\u00e9s de la red civivox y en el auditorio de Bara\u00f1\u00e1in para acercar a la ciudadan\u00eda la realidad de la inmigraci\u00f3n. Todas las proyecciones comenzar\u00e1n a las 19 horas (slavo en bara\u00f1\u00e1in, que ser\u00e1 a las 20 horas) y la entrada ser\u00e1 libre.<\/p>\n<p>El ciclo arrancar\u00e1 el viernes 3 de noviembre en el auditorio de Bara\u00f1\u00e1in con la proyecci\u00f3n de \u2018Hope\u2019, de Boris Ljkine. Continuar\u00e1 el martes 7 de noviembre en civivox Mendillorri, con el documental \u2018<strong>Les arrivants\u2019, de Claudine Bories y Patrice Chagnard. Continuar\u00e1 el viernes 10 en civivox Iturrama con \u2018L\u2019Escale\u2019, de <\/strong>Kaveh Bakhtiari, con presentaci\u00f3n a cargo de Manuel Martorell.<\/p>\n<p>El martes 14, civivox San Jorge acoger\u00e1 \u2018La permanence\u2019, de Alice Diop, presentado por Ferm\u00edn Martinet, y el martes 21, \u2018Odysseus 2.0, de Andrea de Georgio y Luca Pistone. El mi\u00e9rcoles 22, las proyecciones se trasladan a civivox Iturrama, con una doble sesi\u00f3n con \u2018Wait just wait\u2019, de Javier Julio, que ser\u00e1 presentada por el propio director y por \u00cd\u00f1igo Guti\u00e9rrez, uno de los fundadores de la ONG Salvamento mar\u00edtimo, reci\u00e9n regresados de Malta, y \u2018The island of all together\u2019, de Philp Brink y Marieke van der Velden.<\/p>\n<p>El ciclo concluir\u00e1 el viernes 24 de noviembre en civivox Mendillorri con la proyecci\u00f3n de \u2018Refugiados: camino a ninguna parte\u2019, de Unax Blanco Azpiri y Asier Garc\u00eda Mat\u00edas.<\/p>\n<p>&nbsp;<\/p>\n<p>&nbsp;<\/p>\n<p><strong>Tr\u00e1nsitos, un mundo en movimiento \/ Iragateak, mugitzen ari den mundua<\/strong><\/p>\n<ul>\n<li><strong>Espect\u00e1culo \u2018Siria entre amores que matan\u2019<\/strong><\/li>\n<\/ul>\n<p>Baluarte, 4 de noviembre. 20 horas. Entrada: 15 euros (recaudaci\u00f3n para los refugiados sirios, en colaboraci\u00f3n con ACNUR)<\/p>\n<p>Dramaturgia: Nemer Salamun<\/p>\n<p>Coreograf\u00eda y direcci\u00f3n de escena: Josu M\u00fagica<\/p>\n<p>Bailarines: Garazi Etxaburu Aulestia y Agust\u00edn Alzaga Mart\u00ednez<\/p>\n<p>Actriz:\u00a0 Leire Ruiz<\/p>\n<p>Video-creaci\u00f3n: Acr\u00f3nica producciones S.L.<\/p>\n<p>Iluminaci\u00f3n: GLOBAL Servicios Culturales con Miriam Zarag\u00fceta<\/p>\n<p>Asesora de Danza: Ana Moreno<\/p>\n<p>Producci\u00f3n: Ra\u00fal Madinabeitia<\/p>\n<p>M\u00fasica en directo:\u00a0 Adela Mart\u00edn, piano; Salvador Contreras Gila, clarinete; Anna Siwek, viol\u00edn; Tomasz Przylecki, violonchelo<\/p>\n<p>\u201cCuarteto para el fin del tiempo\u201d. Olivier Messiaen. En 1940, Olivier Messiaen fue internado en un campo de prisioneros alem\u00e1n, donde descubri\u00f3 entre sus compa\u00f1eros de prisi\u00f3n un clarinetista, un violinista y un violonchelista. El \u00e9xito de un corto tr\u00edo que \u00e9l escribi\u00f3 para ellos lo llev\u00f3 a a\u00f1adir siete mas a los movimientos de este interludio, y un piano para el conjunto, para crear el Cuarteto para el Fin del Tiempo.<\/p>\n<p>&nbsp;<\/p>\n<ul>\n<li><strong>Exposici\u00f3n \u2018Arrastoak \/ Huellas\u2019<\/strong><\/li>\n<\/ul>\n<p>Paseo de Sarasate. Del 8 al 25 de noviembre<\/p>\n<p>Instalaci\u00f3n expositiva y did\u00e1ctica que pretende mostrar una peque\u00f1a parte de un extraordinario viaje y sus protagonistas a trav\u00e9s de testimonios, paneles, fotos y objetos que dan cuenta del mayor \u00e9xodo y migraci\u00f3n forzosa de la historia de la humanidad. Esta muestra lleva al espacio p\u00fablico, mensajes y est\u00edmulos que adem\u00e1s de explicar, expresan emociones y describen con contexto pol\u00edtico, social y documental un hecho de actualidad.<\/p>\n<p>El origen de los contenidos expuestos \u2013gr\u00e1ficos, narrativos y materiales\u2013 es principalmente fruto del trabajo period\u00edstico y documental que desde 2012 hasta 2017, de forma intermitente, han elaborado los reporteros pamploneses Unai Beroiz Nieto, Daniel Burgui Iguzkiza y Luis Carmona Juanmarti\u00f1ena en el desempe\u00f1o de su profesi\u00f3n en diferentes puntos de algunas fronteras europeas.<\/p>\n<p>&nbsp;<\/p>\n<ul>\n<li><strong>Ciclo de documentales (todos ser\u00e1n a las 19 horas, salvo el del auditorio de Bara\u00f1\u00e1in. La entrada es libre)<\/strong><\/li>\n<\/ul>\n<p><strong><u>\u00a0<\/u><\/strong><\/p>\n<p><strong>AUDITORIO DE BARA\u00d1\u00c1IN: 3 de noviembre<\/strong><\/p>\n<p><strong>HOPE, de Boris Lojkine (2014. 86 min)<\/strong><\/p>\n<p><strong>Direcci\u00f3n:<\/strong> Boris Lojkine<\/p>\n<p><strong>Producci\u00f3n:<\/strong> Zadig Films<\/p>\n<p><strong>Guion:<\/strong> Boris Lojkine<\/p>\n<p><strong>Sonido:<\/strong> David Bryant<\/p>\n<p><strong>Fotograf\u00eda:<\/strong> Elin Kirschfink<\/p>\n<p><strong>Protagonistas:<\/strong> Endurance Newton, Justin Wang, Nabyl Fally Koivogui, Abdessalam Hessoun, Didier Franklin Totti Bandong Kamol, Abdelaziz Nsangou, Hatem Benabdellah, Ndjaba Lavenir, Yvan Ren\u00e9 Page, Aim\u00e9 Foe Mbarga, Arouna Mpempeme<\/p>\n<p><strong>G\u00e9nero:<\/strong> Drama<\/p>\n<p>Emocionante relato de \u2018cin\u00e9ma v\u00e9rit\u00e9\u2019 con el desesperado viaje por el norte de \u00c1frica de una nigeriana y un camerun\u00e9s que sue\u00f1an con llegar a Europa.<\/p>\n<p><strong>\u00a0<\/strong><\/p>\n<p><strong>CIVIVOX MENDILLORRI: 7 de noviembre<\/strong><\/p>\n<p><strong>LES ARRIVANTS, de Claudine Bories y Patrice Chagnard (2010. <\/strong><strong>111 minutos)<\/strong><\/p>\n<p><strong>Direcci\u00f3n:<\/strong> Claudine Bories y Patrice Chagnard<\/p>\n<p><strong>Producci\u00f3n:<\/strong> Les films d\u2019ici, Amip<\/p>\n<p><strong>Protagonistas:<\/strong> Patrice Chagnard, Claudine Bories<\/p>\n<p><strong>G\u00e9nero:<\/strong> Documental<\/p>\n<p>Caroline es joven, impulsiva y col\u00e9rica. Colette, m\u00e1s mayor, es comprensiva y desorganizada. Frente a ellas, se sit\u00faan \u00a0familias de Sri Lanka, Mongolia, Eritrea y de otras partes del mundo\u00a0 pidiendo asilo a Francia. Todos los d\u00edas llegan m\u00e1s, con o sin pasaporte, con o sin equipaje, en vuelos ch\u00e1rter o en camiones recubiertos de lonas. \u00bfC\u00f3mo dar abasto ante semejante avalancha de miseria y necesidades? Eso es lo que nos muestra la pel\u00edcula: ese careo tenso y explosivo, gracioso y emotivo en el que cada uno procura defender su puesto.<\/p>\n<p>&nbsp;<\/p>\n<p><strong>CIVIVOX ITURRAMA: 10 de noviembre<\/strong><\/p>\n<p>L\u00b4ESCALE, de Kaveh Bakhtiari (2013. 100 min.) Presentaci\u00f3n a cargo de Manuel Martorell<\/p>\n<p><strong>Direcci\u00f3n:<\/strong> Kaveh Bakhtiari<\/p>\n<p><strong>Producci\u00f3n:<\/strong> Coproducci\u00f3n Suiza-Francia; Louise productions \/ Kal\u00e9o Films<\/p>\n<p><strong>Guion:<\/strong> Kaveh Bakhtiari<\/p>\n<p><strong>Sonido:<\/strong> Luc Rambo<\/p>\n<p><strong>Fotograf\u00eda:<\/strong> Kaveh Bakhtiari<\/p>\n<p><strong>G\u00e9nero:<\/strong> Documental<\/p>\n<p>En Atenas, Amir es un inmigrante iran\u00ed que ha transformado su modesto alojamiento en un lugar de tr\u00e1nsito para sus compatriotas, que como \u00e9l, han elegido huir de su pa\u00eds. Es el primer lugar de descanso entre Ir\u00e1n y Europa. Grecia es solo una etapa, donde se ven atascados en la espera de papeles, contactos y de gente a la que confiar\u00e1n su destino como clandestinos.<\/p>\n<p>&nbsp;<\/p>\n<p><strong>CIVIVOX SAN JORGE: 14 de noviembre<\/strong><\/p>\n<p><strong>LA PERMANENCE, de Alice Diop <\/strong><strong>(Francia, 2015. 96 min.), <\/strong>presentado por Ferm\u00edn Martinet<\/p>\n<p><strong>Direcci\u00f3n:<\/strong> Alice Diop<\/p>\n<p><strong>Sonido:<\/strong> Cl\u00e9ment Alline, Mathieu Farnarier, Cl\u00e9ment Bober y Pascal Mons<\/p>\n<p><strong>Fotograf\u00eda:<\/strong> Alice Diop<\/p>\n<p><strong>Montaje:<\/strong> Amrita David<\/p>\n<p><strong>Protagonistas:<\/strong> Jean-Pierre Geeraert, Evelyne Vaysse<\/p>\n<p><strong>G\u00e9nero:<\/strong> Documental<\/p>\n<p>La pel\u00edcula se sit\u00faa en el Hospital Avicena, el cual parece abandonado. En una gran sala oscura y en mal estado, donde los hombres llegan enfermos y con marcas en sus pieles, sentenciados a sufrir tras el exilio. Si regresan de nuevo, es porque les ha vencido la desesperaci\u00f3n al no encontrar aqu\u00ed una manera de ponerse de pie, de resistir el hundimiento.<\/p>\n<p>&nbsp;<\/p>\n<p><strong>CIVIVOX SAN JORGE: 21 de noviembre<\/strong><\/p>\n<p>ODYSSEUS 2.0 de Andrea de Georgio y Luca Pistone. (INGLES..) (Niger \/ Italia, 45 min. 2015)<\/p>\n<p>Direcci\u00f3n: Andrea de Georgio y Luca Pistone<\/p>\n<p><strong>G\u00e9nero:<\/strong> Documental<\/p>\n<p>Producido en octubre de 2015 por un equipo de j\u00f3venes periodistas italianos Andrea De Georgio y Luca Pistone, Odysseus 2.0 presenta una visi\u00f3n general de los riesgos, pero tambi\u00e9n los sue\u00f1os y esperanzas de los hombres y mujeres que desde \u00c1frica Occidental y Central se lanzan al hom\u00e9rico viaje de intentar llegar a Europa. La ruta del Mediterr\u00e1neo es el viaje migratorio m\u00e1s peligroso para aquellos que intentan llegar a Italia de forma clandestina. En el a\u00f1o que se produjo el documental, 2015, m\u00e1s de 3.200 personas perecieron en el intento. N\u00edger es el pa\u00eds de tr\u00e1nsito m\u00e1s popular para migrantes de \u00c1frica occidental y central que intentan llegar a Europa: entre 80.000 y 120.000 migrantes cruzan el pa\u00eds cada a\u00f1o. El film documental se fragmenta en las etapas que recorren este viaje desde Senegal hasta Italia, pasando por Mal\u00ed, Burkina Faso, N\u00edger y Libia.<\/p>\n<p>&nbsp;<\/p>\n<p><strong>CIVIVOX ITURRAMA: 22 de noviembre<\/strong><\/p>\n<p>WAIT JUST WAIT, (Grecia 2016. 30 minutos) de Javier Julio<\/p>\n<p>Presentaci\u00f3n a cargo del director, Javier Julio, e I\u00f1igo Guti\u00e9rrez, uno de los fundadores de la ONG Salvamento Mar\u00edtimo, reci\u00e9n regresados de Malta<\/p>\n<p>Direcci\u00f3n: Javier Julio<\/p>\n<p><strong>G\u00e9nero:<\/strong> Documental<\/p>\n<p>Dirigido por el periodista donostiarra Javi Julio con la colaboraci\u00f3n del guionista Fernando Rodr\u00edguez, el documental \u2018Wait just wait\u2019, de media hora de duraci\u00f3n, describe y narra la situaci\u00f3n de larga espera, atascamiento y tedio \u2013pero tambi\u00e9n de esperanza\u2013 en los campos de internamiento para migrantes y refugiados de Souda y Dipethe, en la isla griega de Chios. Lo hace a trav\u00e9s de los ojos, experiencias y testimonios de las propias personas que han cruzado el mar Egeo y esperan ser refugiados y tambi\u00e9n de la realidad vivida por los voluntarios guipuzcoanos y navarros de Zaporeak y Salvamento Mar\u00edtimo Humanitario.<\/p>\n<p>&nbsp;<\/p>\n<p><strong>THE ISLAND OF ALL TOGETHER, de Philip Brink y Marieke van der Velden<\/strong><\/p>\n<p>(Grecia \/ Pa\u00edses Bajos, 2016. 22 min)<\/p>\n<p><strong>Direcci\u00f3n:<\/strong> Philip Brink y Marieke van der Velden<\/p>\n<p><strong>Sonido:<\/strong> Bob Arons<\/p>\n<p><strong>Montaje:<\/strong> Philip Brink<\/p>\n<p><strong>G\u00e9nero:<\/strong> Documental<\/p>\n<p>Todos los veranos muchos turistas europeos viajan de vacaciones de verano a la isla griega de Lesbos. Entre 2015 y 2016, miles de refugiados cruzaron el mar desde Turqu\u00eda y llegaron tambi\u00e9n a esta isla griega, buscando refugio en la Uni\u00f3n Europea. Los cineastas Philip Brink y Marieke van der Velden invitaron a turistas y a refugiados para que hablaran los unos con los otros sobre la vida mientras se sentaban en una\u00a0banca, mirando el mar. El resultado es un peque\u00f1o documental con conversaciones sobre guerra, sobre el desplazamiento, casa, trabajo, amor, pero tambi\u00e9n sobre coches y mascotas. Es un poema, una atenci\u00f3n al humanismo que muestra qu\u00e9 pasa cuando tomamos un tiempo para sentarnos y hablar el uno con el otro en vez de hablar el uno sobre el otro.<\/p>\n<p>&nbsp;<\/p>\n<p><strong>CIVIVOX MENDILLORRI: 24 de noviembre<\/strong><\/p>\n<p>REFUGIADOS: CAMINO A NINGUNA PARTE (Espa\u00f1a \/ Grecia \/ Macedonia 2016. 65 min) de Unax Blanco Azpiri\u00a0 y Asier Garcia Matias.<\/p>\n<p>Director: Unax Blanco, Asier Garc\u00eda<\/p>\n<p>Guion: Hodei Arrausi, Leire Palacios<\/p>\n<p><strong>G\u00e9nero:<\/strong> Documental<\/p>\n<p>Conducido por la periodista Ane Irazabal, el documental de los directores Unax Blanco Azpiri\u00a0 y Asier Garcia Matias, muestra la realidad que viven las m\u00e1s de 70.000 personas, refugiados y refugiadas, que tras la firma del Tratado entre Uni\u00f3n Europea y Turqu\u00eda, se encuentran en situaci\u00f3n de incertidumbre en Grecia.<\/p>\n<p>&nbsp;<\/p>\n<p><strong>\u00a0<\/strong><\/p>\n<p>&nbsp;<\/p>\n","protected":false},"excerpt":{"rendered":"<p>Habr\u00e1 una exposici\u00f3n en el Paseo Sarasate, un espect\u00e1culo en Baluarte del 4 de noviembre y un ciclo de documentales en los civivox<\/p>\n","protected":false},"author":1,"featured_media":11011,"comment_status":"open","ping_status":"closed","sticky":false,"template":"","format":"standard","meta":{"footnotes":""},"categories":[2],"tags":[],"class_list":["post-14761","post","type-post","status-publish","format-standard","has-post-thumbnail","hentry","category-ayuntamiento-pamplona"],"yoast_head":"<!-- This site is optimized with the Yoast SEO plugin v27.3 - https:\/\/yoast.com\/product\/yoast-seo-wordpress\/ -->\n<title>Pamplona acoge en noviembre \u2018Tr\u00e1nsitos\u2019, un ciclo de actividades y acciones culturales para concienciar sobre las migraciones forzosas<\/title>\n<meta name=\"robots\" content=\"index, follow, max-snippet:-1, max-image-preview:large, max-video-preview:-1\" \/>\n<link rel=\"canonical\" href=\"https:\/\/www.laguiadepamplona.com\/actualidad\/pamplona-acoge-en-noviembre-transitos-un-ciclo-de-actividades-y-acciones-culturales-para-concienciar-sobre-las-migraciones-forzosas\/\" \/>\n<meta property=\"og:locale\" content=\"es_ES\" \/>\n<meta property=\"og:type\" content=\"article\" \/>\n<meta property=\"og:title\" content=\"Pamplona acoge en noviembre \u2018Tr\u00e1nsitos\u2019, un ciclo de actividades y acciones culturales para concienciar sobre las migraciones forzosas\" \/>\n<meta property=\"og:description\" content=\"Habr\u00e1 una exposici\u00f3n en el Paseo Sarasate, un espect\u00e1culo en Baluarte del 4 de noviembre y un ciclo de documentales en los civivox\" \/>\n<meta property=\"og:url\" content=\"https:\/\/www.laguiadepamplona.com\/actualidad\/pamplona-acoge-en-noviembre-transitos-un-ciclo-de-actividades-y-acciones-culturales-para-concienciar-sobre-las-migraciones-forzosas\/\" \/>\n<meta property=\"og:site_name\" content=\"La Gu\u00eda de Pamplona\" \/>\n<meta property=\"article:publisher\" content=\"https:\/\/www.facebook.com\/laguiadepamplonacom-133175176762273\/?ref=hl\" \/>\n<meta property=\"article:published_time\" content=\"2017-10-23T09:51:14+00:00\" \/>\n<meta property=\"og:image\" content=\"https:\/\/www.laguiadepamplona.com\/actualidad\/wp-content\/uploads\/2016\/12\/civivox-mendillorri.jpg\" \/>\n\t<meta property=\"og:image:width\" content=\"870\" \/>\n\t<meta property=\"og:image:height\" content=\"390\" \/>\n\t<meta property=\"og:image:type\" content=\"image\/jpeg\" \/>\n<meta name=\"author\" content=\"La Gu\u00eda de Pamplona\" \/>\n<meta name=\"twitter:card\" content=\"summary_large_image\" \/>\n<meta name=\"twitter:creator\" content=\"@LaGuiadPamplona\" \/>\n<meta name=\"twitter:site\" content=\"@LaGuiadPamplona\" \/>\n<meta name=\"twitter:label1\" content=\"Escrito por\" \/>\n\t<meta name=\"twitter:data1\" content=\"La Gu\u00eda de Pamplona\" \/>\n\t<meta name=\"twitter:label2\" content=\"Tiempo de lectura\" \/>\n\t<meta name=\"twitter:data2\" content=\"12 minutos\" \/>\n<script type=\"application\/ld+json\" class=\"yoast-schema-graph\">{\"@context\":\"https:\\\/\\\/schema.org\",\"@graph\":[{\"@type\":\"Article\",\"@id\":\"https:\\\/\\\/www.laguiadepamplona.com\\\/actualidad\\\/pamplona-acoge-en-noviembre-transitos-un-ciclo-de-actividades-y-acciones-culturales-para-concienciar-sobre-las-migraciones-forzosas\\\/#article\",\"isPartOf\":{\"@id\":\"https:\\\/\\\/www.laguiadepamplona.com\\\/actualidad\\\/pamplona-acoge-en-noviembre-transitos-un-ciclo-de-actividades-y-acciones-culturales-para-concienciar-sobre-las-migraciones-forzosas\\\/\"},\"author\":{\"name\":\"La Gu\u00eda de Pamplona\",\"@id\":\"https:\\\/\\\/www.laguiadepamplona.com\\\/actualidad\\\/#\\\/schema\\\/person\\\/efe887376f0213d4657c93adc50b1fdb\"},\"headline\":\"Pamplona acoge en noviembre \u2018Tr\u00e1nsitos\u2019, un ciclo de actividades y acciones culturales para concienciar sobre las migraciones forzosas\",\"datePublished\":\"2017-10-23T09:51:14+00:00\",\"mainEntityOfPage\":{\"@id\":\"https:\\\/\\\/www.laguiadepamplona.com\\\/actualidad\\\/pamplona-acoge-en-noviembre-transitos-un-ciclo-de-actividades-y-acciones-culturales-para-concienciar-sobre-las-migraciones-forzosas\\\/\"},\"wordCount\":2410,\"commentCount\":0,\"publisher\":{\"@id\":\"https:\\\/\\\/www.laguiadepamplona.com\\\/actualidad\\\/#organization\"},\"image\":{\"@id\":\"https:\\\/\\\/www.laguiadepamplona.com\\\/actualidad\\\/pamplona-acoge-en-noviembre-transitos-un-ciclo-de-actividades-y-acciones-culturales-para-concienciar-sobre-las-migraciones-forzosas\\\/#primaryimage\"},\"thumbnailUrl\":\"https:\\\/\\\/www.laguiadepamplona.com\\\/actualidad\\\/wp-content\\\/uploads\\\/2016\\\/12\\\/civivox-mendillorri.jpg\",\"articleSection\":[\"Ayto Pamplona\"],\"inLanguage\":\"es\",\"potentialAction\":[{\"@type\":\"CommentAction\",\"name\":\"Comment\",\"target\":[\"https:\\\/\\\/www.laguiadepamplona.com\\\/actualidad\\\/pamplona-acoge-en-noviembre-transitos-un-ciclo-de-actividades-y-acciones-culturales-para-concienciar-sobre-las-migraciones-forzosas\\\/#respond\"]}]},{\"@type\":\"WebPage\",\"@id\":\"https:\\\/\\\/www.laguiadepamplona.com\\\/actualidad\\\/pamplona-acoge-en-noviembre-transitos-un-ciclo-de-actividades-y-acciones-culturales-para-concienciar-sobre-las-migraciones-forzosas\\\/\",\"url\":\"https:\\\/\\\/www.laguiadepamplona.com\\\/actualidad\\\/pamplona-acoge-en-noviembre-transitos-un-ciclo-de-actividades-y-acciones-culturales-para-concienciar-sobre-las-migraciones-forzosas\\\/\",\"name\":\"Pamplona acoge en noviembre \u2018Tr\u00e1nsitos\u2019, un ciclo de actividades y acciones culturales para concienciar sobre las migraciones forzosas\",\"isPartOf\":{\"@id\":\"https:\\\/\\\/www.laguiadepamplona.com\\\/actualidad\\\/#website\"},\"primaryImageOfPage\":{\"@id\":\"https:\\\/\\\/www.laguiadepamplona.com\\\/actualidad\\\/pamplona-acoge-en-noviembre-transitos-un-ciclo-de-actividades-y-acciones-culturales-para-concienciar-sobre-las-migraciones-forzosas\\\/#primaryimage\"},\"image\":{\"@id\":\"https:\\\/\\\/www.laguiadepamplona.com\\\/actualidad\\\/pamplona-acoge-en-noviembre-transitos-un-ciclo-de-actividades-y-acciones-culturales-para-concienciar-sobre-las-migraciones-forzosas\\\/#primaryimage\"},\"thumbnailUrl\":\"https:\\\/\\\/www.laguiadepamplona.com\\\/actualidad\\\/wp-content\\\/uploads\\\/2016\\\/12\\\/civivox-mendillorri.jpg\",\"datePublished\":\"2017-10-23T09:51:14+00:00\",\"breadcrumb\":{\"@id\":\"https:\\\/\\\/www.laguiadepamplona.com\\\/actualidad\\\/pamplona-acoge-en-noviembre-transitos-un-ciclo-de-actividades-y-acciones-culturales-para-concienciar-sobre-las-migraciones-forzosas\\\/#breadcrumb\"},\"inLanguage\":\"es\",\"potentialAction\":[{\"@type\":\"ReadAction\",\"target\":[\"https:\\\/\\\/www.laguiadepamplona.com\\\/actualidad\\\/pamplona-acoge-en-noviembre-transitos-un-ciclo-de-actividades-y-acciones-culturales-para-concienciar-sobre-las-migraciones-forzosas\\\/\"]}]},{\"@type\":\"ImageObject\",\"inLanguage\":\"es\",\"@id\":\"https:\\\/\\\/www.laguiadepamplona.com\\\/actualidad\\\/pamplona-acoge-en-noviembre-transitos-un-ciclo-de-actividades-y-acciones-culturales-para-concienciar-sobre-las-migraciones-forzosas\\\/#primaryimage\",\"url\":\"https:\\\/\\\/www.laguiadepamplona.com\\\/actualidad\\\/wp-content\\\/uploads\\\/2016\\\/12\\\/civivox-mendillorri.jpg\",\"contentUrl\":\"https:\\\/\\\/www.laguiadepamplona.com\\\/actualidad\\\/wp-content\\\/uploads\\\/2016\\\/12\\\/civivox-mendillorri.jpg\",\"width\":870,\"height\":390},{\"@type\":\"BreadcrumbList\",\"@id\":\"https:\\\/\\\/www.laguiadepamplona.com\\\/actualidad\\\/pamplona-acoge-en-noviembre-transitos-un-ciclo-de-actividades-y-acciones-culturales-para-concienciar-sobre-las-migraciones-forzosas\\\/#breadcrumb\",\"itemListElement\":[{\"@type\":\"ListItem\",\"position\":1,\"name\":\"Portada\",\"item\":\"https:\\\/\\\/www.laguiadepamplona.com\\\/actualidad\\\/\"},{\"@type\":\"ListItem\",\"position\":2,\"name\":\"Pamplona acoge en noviembre \u2018Tr\u00e1nsitos\u2019, un ciclo de actividades y acciones culturales para concienciar sobre las migraciones forzosas\"}]},{\"@type\":\"WebSite\",\"@id\":\"https:\\\/\\\/www.laguiadepamplona.com\\\/actualidad\\\/#website\",\"url\":\"https:\\\/\\\/www.laguiadepamplona.com\\\/actualidad\\\/\",\"name\":\"La gu\u00eda de Pamplona\",\"description\":\"Noticias de Pamplona\",\"publisher\":{\"@id\":\"https:\\\/\\\/www.laguiadepamplona.com\\\/actualidad\\\/#organization\"},\"potentialAction\":[{\"@type\":\"SearchAction\",\"target\":{\"@type\":\"EntryPoint\",\"urlTemplate\":\"https:\\\/\\\/www.laguiadepamplona.com\\\/actualidad\\\/?s={search_term_string}\"},\"query-input\":{\"@type\":\"PropertyValueSpecification\",\"valueRequired\":true,\"valueName\":\"search_term_string\"}}],\"inLanguage\":\"es\"},{\"@type\":\"Organization\",\"@id\":\"https:\\\/\\\/www.laguiadepamplona.com\\\/actualidad\\\/#organization\",\"name\":\"La Gu\u00eda de Pamplona \\\/ Noticias\",\"url\":\"https:\\\/\\\/www.laguiadepamplona.com\\\/actualidad\\\/\",\"logo\":{\"@type\":\"ImageObject\",\"inLanguage\":\"es\",\"@id\":\"https:\\\/\\\/www.laguiadepamplona.com\\\/actualidad\\\/#\\\/schema\\\/logo\\\/image\\\/\",\"url\":\"https:\\\/\\\/www.laguiadepamplona.com\\\/actualidad\\\/wp-content\\\/uploads\\\/2018\\\/11\\\/logo-laguiadepamplona18-web1.png\",\"contentUrl\":\"https:\\\/\\\/www.laguiadepamplona.com\\\/actualidad\\\/wp-content\\\/uploads\\\/2018\\\/11\\\/logo-laguiadepamplona18-web1.png\",\"width\":600,\"height\":196,\"caption\":\"La Gu\u00eda de Pamplona \\\/ Noticias\"},\"image\":{\"@id\":\"https:\\\/\\\/www.laguiadepamplona.com\\\/actualidad\\\/#\\\/schema\\\/logo\\\/image\\\/\"},\"sameAs\":[\"https:\\\/\\\/www.facebook.com\\\/laguiadepamplonacom-133175176762273\\\/?ref=hl\",\"https:\\\/\\\/x.com\\\/LaGuiadPamplona\",\"https:\\\/\\\/www.instagram.com\\\/la_guia_de_pamplona\\\/\",\"https:\\\/\\\/www.youtube.com\\\/user\\\/laguiadepamplona\"]},{\"@type\":\"Person\",\"@id\":\"https:\\\/\\\/www.laguiadepamplona.com\\\/actualidad\\\/#\\\/schema\\\/person\\\/efe887376f0213d4657c93adc50b1fdb\",\"name\":\"La Gu\u00eda de Pamplona\",\"image\":{\"@type\":\"ImageObject\",\"inLanguage\":\"es\",\"@id\":\"https:\\\/\\\/secure.gravatar.com\\\/avatar\\\/b6992f131dc8d30ab0dff15446e9d346d9dbd95992de0fef795073f5ea83a81c?s=96&d=mm&r=g\",\"url\":\"https:\\\/\\\/secure.gravatar.com\\\/avatar\\\/b6992f131dc8d30ab0dff15446e9d346d9dbd95992de0fef795073f5ea83a81c?s=96&d=mm&r=g\",\"contentUrl\":\"https:\\\/\\\/secure.gravatar.com\\\/avatar\\\/b6992f131dc8d30ab0dff15446e9d346d9dbd95992de0fef795073f5ea83a81c?s=96&d=mm&r=g\",\"caption\":\"La Gu\u00eda de Pamplona\"}}]}<\/script>\n<!-- \/ Yoast SEO plugin. -->","yoast_head_json":{"title":"Pamplona acoge en noviembre \u2018Tr\u00e1nsitos\u2019, un ciclo de actividades y acciones culturales para concienciar sobre las migraciones forzosas","robots":{"index":"index","follow":"follow","max-snippet":"max-snippet:-1","max-image-preview":"max-image-preview:large","max-video-preview":"max-video-preview:-1"},"canonical":"https:\/\/www.laguiadepamplona.com\/actualidad\/pamplona-acoge-en-noviembre-transitos-un-ciclo-de-actividades-y-acciones-culturales-para-concienciar-sobre-las-migraciones-forzosas\/","og_locale":"es_ES","og_type":"article","og_title":"Pamplona acoge en noviembre \u2018Tr\u00e1nsitos\u2019, un ciclo de actividades y acciones culturales para concienciar sobre las migraciones forzosas","og_description":"Habr\u00e1 una exposici\u00f3n en el Paseo Sarasate, un espect\u00e1culo en Baluarte del 4 de noviembre y un ciclo de documentales en los civivox","og_url":"https:\/\/www.laguiadepamplona.com\/actualidad\/pamplona-acoge-en-noviembre-transitos-un-ciclo-de-actividades-y-acciones-culturales-para-concienciar-sobre-las-migraciones-forzosas\/","og_site_name":"La Gu\u00eda de Pamplona","article_publisher":"https:\/\/www.facebook.com\/laguiadepamplonacom-133175176762273\/?ref=hl","article_published_time":"2017-10-23T09:51:14+00:00","og_image":[{"width":870,"height":390,"url":"https:\/\/www.laguiadepamplona.com\/actualidad\/wp-content\/uploads\/2016\/12\/civivox-mendillorri.jpg","type":"image\/jpeg"}],"author":"La Gu\u00eda de Pamplona","twitter_card":"summary_large_image","twitter_creator":"@LaGuiadPamplona","twitter_site":"@LaGuiadPamplona","twitter_misc":{"Escrito por":"La Gu\u00eda de Pamplona","Tiempo de lectura":"12 minutos"},"schema":{"@context":"https:\/\/schema.org","@graph":[{"@type":"Article","@id":"https:\/\/www.laguiadepamplona.com\/actualidad\/pamplona-acoge-en-noviembre-transitos-un-ciclo-de-actividades-y-acciones-culturales-para-concienciar-sobre-las-migraciones-forzosas\/#article","isPartOf":{"@id":"https:\/\/www.laguiadepamplona.com\/actualidad\/pamplona-acoge-en-noviembre-transitos-un-ciclo-de-actividades-y-acciones-culturales-para-concienciar-sobre-las-migraciones-forzosas\/"},"author":{"name":"La Gu\u00eda de Pamplona","@id":"https:\/\/www.laguiadepamplona.com\/actualidad\/#\/schema\/person\/efe887376f0213d4657c93adc50b1fdb"},"headline":"Pamplona acoge en noviembre \u2018Tr\u00e1nsitos\u2019, un ciclo de actividades y acciones culturales para concienciar sobre las migraciones forzosas","datePublished":"2017-10-23T09:51:14+00:00","mainEntityOfPage":{"@id":"https:\/\/www.laguiadepamplona.com\/actualidad\/pamplona-acoge-en-noviembre-transitos-un-ciclo-de-actividades-y-acciones-culturales-para-concienciar-sobre-las-migraciones-forzosas\/"},"wordCount":2410,"commentCount":0,"publisher":{"@id":"https:\/\/www.laguiadepamplona.com\/actualidad\/#organization"},"image":{"@id":"https:\/\/www.laguiadepamplona.com\/actualidad\/pamplona-acoge-en-noviembre-transitos-un-ciclo-de-actividades-y-acciones-culturales-para-concienciar-sobre-las-migraciones-forzosas\/#primaryimage"},"thumbnailUrl":"https:\/\/www.laguiadepamplona.com\/actualidad\/wp-content\/uploads\/2016\/12\/civivox-mendillorri.jpg","articleSection":["Ayto Pamplona"],"inLanguage":"es","potentialAction":[{"@type":"CommentAction","name":"Comment","target":["https:\/\/www.laguiadepamplona.com\/actualidad\/pamplona-acoge-en-noviembre-transitos-un-ciclo-de-actividades-y-acciones-culturales-para-concienciar-sobre-las-migraciones-forzosas\/#respond"]}]},{"@type":"WebPage","@id":"https:\/\/www.laguiadepamplona.com\/actualidad\/pamplona-acoge-en-noviembre-transitos-un-ciclo-de-actividades-y-acciones-culturales-para-concienciar-sobre-las-migraciones-forzosas\/","url":"https:\/\/www.laguiadepamplona.com\/actualidad\/pamplona-acoge-en-noviembre-transitos-un-ciclo-de-actividades-y-acciones-culturales-para-concienciar-sobre-las-migraciones-forzosas\/","name":"Pamplona acoge en noviembre \u2018Tr\u00e1nsitos\u2019, un ciclo de actividades y acciones culturales para concienciar sobre las migraciones forzosas","isPartOf":{"@id":"https:\/\/www.laguiadepamplona.com\/actualidad\/#website"},"primaryImageOfPage":{"@id":"https:\/\/www.laguiadepamplona.com\/actualidad\/pamplona-acoge-en-noviembre-transitos-un-ciclo-de-actividades-y-acciones-culturales-para-concienciar-sobre-las-migraciones-forzosas\/#primaryimage"},"image":{"@id":"https:\/\/www.laguiadepamplona.com\/actualidad\/pamplona-acoge-en-noviembre-transitos-un-ciclo-de-actividades-y-acciones-culturales-para-concienciar-sobre-las-migraciones-forzosas\/#primaryimage"},"thumbnailUrl":"https:\/\/www.laguiadepamplona.com\/actualidad\/wp-content\/uploads\/2016\/12\/civivox-mendillorri.jpg","datePublished":"2017-10-23T09:51:14+00:00","breadcrumb":{"@id":"https:\/\/www.laguiadepamplona.com\/actualidad\/pamplona-acoge-en-noviembre-transitos-un-ciclo-de-actividades-y-acciones-culturales-para-concienciar-sobre-las-migraciones-forzosas\/#breadcrumb"},"inLanguage":"es","potentialAction":[{"@type":"ReadAction","target":["https:\/\/www.laguiadepamplona.com\/actualidad\/pamplona-acoge-en-noviembre-transitos-un-ciclo-de-actividades-y-acciones-culturales-para-concienciar-sobre-las-migraciones-forzosas\/"]}]},{"@type":"ImageObject","inLanguage":"es","@id":"https:\/\/www.laguiadepamplona.com\/actualidad\/pamplona-acoge-en-noviembre-transitos-un-ciclo-de-actividades-y-acciones-culturales-para-concienciar-sobre-las-migraciones-forzosas\/#primaryimage","url":"https:\/\/www.laguiadepamplona.com\/actualidad\/wp-content\/uploads\/2016\/12\/civivox-mendillorri.jpg","contentUrl":"https:\/\/www.laguiadepamplona.com\/actualidad\/wp-content\/uploads\/2016\/12\/civivox-mendillorri.jpg","width":870,"height":390},{"@type":"BreadcrumbList","@id":"https:\/\/www.laguiadepamplona.com\/actualidad\/pamplona-acoge-en-noviembre-transitos-un-ciclo-de-actividades-y-acciones-culturales-para-concienciar-sobre-las-migraciones-forzosas\/#breadcrumb","itemListElement":[{"@type":"ListItem","position":1,"name":"Portada","item":"https:\/\/www.laguiadepamplona.com\/actualidad\/"},{"@type":"ListItem","position":2,"name":"Pamplona acoge en noviembre \u2018Tr\u00e1nsitos\u2019, un ciclo de actividades y acciones culturales para concienciar sobre las migraciones forzosas"}]},{"@type":"WebSite","@id":"https:\/\/www.laguiadepamplona.com\/actualidad\/#website","url":"https:\/\/www.laguiadepamplona.com\/actualidad\/","name":"La gu\u00eda de Pamplona","description":"Noticias de Pamplona","publisher":{"@id":"https:\/\/www.laguiadepamplona.com\/actualidad\/#organization"},"potentialAction":[{"@type":"SearchAction","target":{"@type":"EntryPoint","urlTemplate":"https:\/\/www.laguiadepamplona.com\/actualidad\/?s={search_term_string}"},"query-input":{"@type":"PropertyValueSpecification","valueRequired":true,"valueName":"search_term_string"}}],"inLanguage":"es"},{"@type":"Organization","@id":"https:\/\/www.laguiadepamplona.com\/actualidad\/#organization","name":"La Gu\u00eda de Pamplona \/ Noticias","url":"https:\/\/www.laguiadepamplona.com\/actualidad\/","logo":{"@type":"ImageObject","inLanguage":"es","@id":"https:\/\/www.laguiadepamplona.com\/actualidad\/#\/schema\/logo\/image\/","url":"https:\/\/www.laguiadepamplona.com\/actualidad\/wp-content\/uploads\/2018\/11\/logo-laguiadepamplona18-web1.png","contentUrl":"https:\/\/www.laguiadepamplona.com\/actualidad\/wp-content\/uploads\/2018\/11\/logo-laguiadepamplona18-web1.png","width":600,"height":196,"caption":"La Gu\u00eda de Pamplona \/ Noticias"},"image":{"@id":"https:\/\/www.laguiadepamplona.com\/actualidad\/#\/schema\/logo\/image\/"},"sameAs":["https:\/\/www.facebook.com\/laguiadepamplonacom-133175176762273\/?ref=hl","https:\/\/x.com\/LaGuiadPamplona","https:\/\/www.instagram.com\/la_guia_de_pamplona\/","https:\/\/www.youtube.com\/user\/laguiadepamplona"]},{"@type":"Person","@id":"https:\/\/www.laguiadepamplona.com\/actualidad\/#\/schema\/person\/efe887376f0213d4657c93adc50b1fdb","name":"La Gu\u00eda de Pamplona","image":{"@type":"ImageObject","inLanguage":"es","@id":"https:\/\/secure.gravatar.com\/avatar\/b6992f131dc8d30ab0dff15446e9d346d9dbd95992de0fef795073f5ea83a81c?s=96&d=mm&r=g","url":"https:\/\/secure.gravatar.com\/avatar\/b6992f131dc8d30ab0dff15446e9d346d9dbd95992de0fef795073f5ea83a81c?s=96&d=mm&r=g","contentUrl":"https:\/\/secure.gravatar.com\/avatar\/b6992f131dc8d30ab0dff15446e9d346d9dbd95992de0fef795073f5ea83a81c?s=96&d=mm&r=g","caption":"La Gu\u00eda de Pamplona"}}]}},"post_mailing_queue_ids":[],"_links":{"self":[{"href":"https:\/\/www.laguiadepamplona.com\/actualidad\/wp-json\/wp\/v2\/posts\/14761","targetHints":{"allow":["GET"]}}],"collection":[{"href":"https:\/\/www.laguiadepamplona.com\/actualidad\/wp-json\/wp\/v2\/posts"}],"about":[{"href":"https:\/\/www.laguiadepamplona.com\/actualidad\/wp-json\/wp\/v2\/types\/post"}],"author":[{"embeddable":true,"href":"https:\/\/www.laguiadepamplona.com\/actualidad\/wp-json\/wp\/v2\/users\/1"}],"replies":[{"embeddable":true,"href":"https:\/\/www.laguiadepamplona.com\/actualidad\/wp-json\/wp\/v2\/comments?post=14761"}],"version-history":[{"count":0,"href":"https:\/\/www.laguiadepamplona.com\/actualidad\/wp-json\/wp\/v2\/posts\/14761\/revisions"}],"wp:featuredmedia":[{"embeddable":true,"href":"https:\/\/www.laguiadepamplona.com\/actualidad\/wp-json\/wp\/v2\/media\/11011"}],"wp:attachment":[{"href":"https:\/\/www.laguiadepamplona.com\/actualidad\/wp-json\/wp\/v2\/media?parent=14761"}],"wp:term":[{"taxonomy":"category","embeddable":true,"href":"https:\/\/www.laguiadepamplona.com\/actualidad\/wp-json\/wp\/v2\/categories?post=14761"},{"taxonomy":"post_tag","embeddable":true,"href":"https:\/\/www.laguiadepamplona.com\/actualidad\/wp-json\/wp\/v2\/tags?post=14761"}],"curies":[{"name":"wp","href":"https:\/\/api.w.org\/{rel}","templated":true}]}}