{"id":14759,"date":"2017-10-23T10:48:41","date_gmt":"2017-10-23T09:48:41","guid":{"rendered":"http:\/\/laguiadepamplona.es\/actualidad\/?p=14759"},"modified":"2017-10-23T10:48:41","modified_gmt":"2017-10-23T09:48:41","slug":"el-congreso-internacional-sobre-la-infancia-hace-escala-este-lunes-en-pamplona-para-presentar-propuestas-que-avancen-en-la-proteccion-de-ninos-y-ninas","status":"publish","type":"post","link":"https:\/\/www.laguiadepamplona.com\/actualidad\/el-congreso-internacional-sobre-la-infancia-hace-escala-este-lunes-en-pamplona-para-presentar-propuestas-que-avancen-en-la-proteccion-de-ninos-y-ninas\/","title":{"rendered":"El Congreso Internacional sobre la Infancia hace escala este lunes en Pamplona para presentar propuestas que avancen en la protecci\u00f3n de ni\u00f1os y ni\u00f1as"},"content":{"rendered":"<h3>El alcalde Joseba Asiron ha participado en la apertura del foro, que busca que ni\u00f1os y ni\u00f1as participen en el dise\u00f1o de sus propias pol\u00edticas sociales<\/h3>\n<p><!--more--><\/p>\n<p>El Congreso Internacional sobre la Infancia ha hecho escala este lunes en Pamplona para presentar propuestas para avanzar en las pol\u00edticas sociales y de protecci\u00f3n de los ni\u00f1os y ni\u00f1as. El alcalde de Pamplona, Joseba Asiron, junto a la concejala delegada de Acci\u00f3n Social y Desarrollo Comunitario, Edurne Eguino, ha participado en la apertura del foro esta ma\u00f1ana en el Palacio de Congresos y Auditorio Baluarte, un encuentro en el que participan tambi\u00e9n los m\u00e1s peque\u00f1os, ya que se busca que ni\u00f1os y ni\u00f1as participen en primera persona en el dise\u00f1o de sus propias pol\u00edticas sociales.<\/p>\n<p>Se trata de la segunda edici\u00f3n de la Gira por la Infancia, un proyecto pedag\u00f3gico y social que est\u00e1 recorriendo en autob\u00fas 15 ciudades espa\u00f1olas con la finalidad de crear una nueva cultura del cuidado y buen trato a la infancia. Para ello, cuenta con una expedici\u00f3n de m\u00e1s de 200 participantes de diferentes pa\u00edses, que compartir\u00e1n sus inquietudes y experiencias en programas de participaci\u00f3n infantil en diversos lugares del mundo. La gira parti\u00f3 el pasado 16 de octubre desde Huelva y finalizar\u00e1 el 30 de octubre en Madrid, tras recorrer 3.727 kil\u00f3metros.<\/p>\n<p><strong>Participaci\u00f3n de los ni\u00f1os y ni\u00f1as<\/strong><\/p>\n<p>Durante la ma\u00f1ana, en Baluarte, se ha desarrollado el foro de pol\u00edticas sociales de infancia, cuyo objetivo es que los ni\u00f1os y ni\u00f1as sean creadores activos en el dise\u00f1o de sus propias pol\u00edticas sociales. Para ellos, se busca fomentar el derecho de participaci\u00f3n de los ni\u00f1os y las ni\u00f1as en las distintas ciudades, para colaborar en la estructura y toma de decisiones que afectan a la infancia.<\/p>\n<p>En este sentido, la concejala delegada de Acci\u00f3n Social y Desarrollo Comunitario, Edurne Eguino, ha expresado en la rueda de prensa con la que se ha iniciado el acto que el Ayuntamiento de Pamplona est\u00e1 comprometido con el bienestar social de su ciudadan\u00eda y la promoci\u00f3n y protecci\u00f3n de sus derechos, tambi\u00e9n de los m\u00e1s peque\u00f1os, por eso considera que hay que contar con los y las menores para realizar la planificaci\u00f3n de la ciudad, generando estructuras donde puedan expresar su opini\u00f3n. Por este motivo el \u00e1rea de Acci\u00f3n Social y Desarrollo Comunitario lidera, con la colaboraci\u00f3n del \u00e1rea de Participaci\u00f3n Social, Igualdad y Empoderamiento Social y del \u00e1rea de Cultura, Pol\u00edtica Ling\u00fc\u00edstica y Educaci\u00f3n, un diagn\u00f3stico de la situaci\u00f3n de la infancia en la ciudad que dar\u00e1 lugar al dise\u00f1o y ejecuci\u00f3n del Primer Plan Municipal de Infancia y Adolescencia desarrollado desde una perspectiva integral donde todas las \u00e1reas est\u00e9n implicadas para garantizar sus derechos, contemplando la participaci\u00f3n activa de ni\u00f1os y ni\u00f1as, porque aunque la poblaci\u00f3n infantil no vota, es sensible a las acciones y omisiones de los gobiernos, por lo que sus opiniones deben tener tambi\u00e9n impacto en las pol\u00edticas municipales que se desarrollen.<\/p>\n<p>Asimismo, se plantea el objetivo de crear cauces de comunicaci\u00f3n y conocimiento, as\u00ed como la expresi\u00f3n de reivindicaciones, inquietudes y deseos de la infancia ante su modelo de ciudad ideal. Un tercer objetivo es el de conseguir acuerdos de colaboraci\u00f3n entre adultos y ni\u00f1os menores como forma de implicaci\u00f3n social y coordinaci\u00f3n de las diferentes entidades, y empoderar a la infancia.<\/p>\n<p>El Ayuntamiento de Pamplona ha sido pionero desde hace muchos a\u00f1os, junto a las asociaciones que trabajan en los barrios con y para la infancia, en generar estructuras de prevenci\u00f3n, participaci\u00f3n y promoci\u00f3n de la infancia, a trav\u00e9s de lo que hoy conocemos como\u00a0 Servicios de Acci\u00f3n Preventiva Comunitaria. Este gobierno municipal ha materializado su compromiso con la infancia desde su constituci\u00f3n, generando tres nuevos servicios de acci\u00f3n preventiva comunitaria y aumentando el personal t\u00e9cnico de los programas de infancia y familia, cuya actividad prioritaria se centra precisamente en la poblaci\u00f3n infantil m\u00e1s vulnerable.<\/p>\n<p>Por la tarde, est\u00e1 prevista una actividad l\u00fadico-festiva infantil en la Plaza del Castillo, con el nombre \u2018La caravana del buen trato a los ni\u00f1os\u2019. De 17 a 19 horas, los ni\u00f1os y ni\u00f1as podr\u00e1n dibujar la ciudad que sue\u00f1an, entrevistar a otros ni\u00f1os y presentar sus candidaturas como consejeros infantiles, adem\u00e1s de introducir sus propuestas en \u2018la maleta de los sue\u00f1os\u2019.<\/p>\n<p>&nbsp;<\/p>\n<p><strong>Congreso Internacional sobre la Infancia en Pamplona. Lunes 23 de octubre<\/strong><\/p>\n<p><strong>Palacio de Congresos y Auditorio Baluarte (sala Ciudadela)<\/strong><\/p>\n<ul>\n<li>De 10 a 11.30 horas. Foro de Pol\u00edticas Sociales de Infancia con participaci\u00f3n de ni\u00f1os y ni\u00f1as de la ciudad<\/li>\n<li>De 11.30 a 12 horas. Descanso<\/li>\n<li>De 12 a 13 horas. Ponencia-debate impartida por Jorge Barudy<\/li>\n<li>De 13 a 14 horas. Exposici\u00f3n de comunicaciones<\/li>\n<\/ul>\n<p><strong>Plaza del Castillo<\/strong><\/p>\n<ul>\n<li>De 17 a 19 horas. Actividad l\u00fadico-festiva infantil \u2018La caravana de la infancia\u2019<\/li>\n<\/ul>\n<p>&nbsp;<\/p>\n","protected":false},"excerpt":{"rendered":"<p>El alcalde Joseba Asiron ha participado en la apertura del foro, que busca que ni\u00f1os y ni\u00f1as participen en el dise\u00f1o de sus propias pol\u00edticas sociales<\/p>\n","protected":false},"author":1,"featured_media":14169,"comment_status":"open","ping_status":"closed","sticky":false,"template":"","format":"standard","meta":{"footnotes":""},"categories":[2],"tags":[],"class_list":["post-14759","post","type-post","status-publish","format-standard","has-post-thumbnail","hentry","category-ayuntamiento-pamplona"],"yoast_head":"<!-- This site is optimized with the Yoast SEO plugin v27.3 - https:\/\/yoast.com\/product\/yoast-seo-wordpress\/ -->\n<title>El Congreso Internacional sobre la Infancia hace escala este lunes en Pamplona para presentar propuestas que avancen en la protecci\u00f3n de ni\u00f1os y ni\u00f1as<\/title>\n<meta name=\"robots\" content=\"index, follow, max-snippet:-1, max-image-preview:large, max-video-preview:-1\" \/>\n<link rel=\"canonical\" href=\"https:\/\/www.laguiadepamplona.com\/actualidad\/el-congreso-internacional-sobre-la-infancia-hace-escala-este-lunes-en-pamplona-para-presentar-propuestas-que-avancen-en-la-proteccion-de-ninos-y-ninas\/\" \/>\n<meta property=\"og:locale\" content=\"es_ES\" \/>\n<meta property=\"og:type\" content=\"article\" \/>\n<meta property=\"og:title\" content=\"El Congreso Internacional sobre la Infancia hace escala este lunes en Pamplona para presentar propuestas que avancen en la protecci\u00f3n de ni\u00f1os y ni\u00f1as\" \/>\n<meta property=\"og:description\" content=\"El alcalde Joseba Asiron ha participado en la apertura del foro, que busca que ni\u00f1os y ni\u00f1as participen en el dise\u00f1o de sus propias pol\u00edticas sociales\" \/>\n<meta property=\"og:url\" content=\"https:\/\/www.laguiadepamplona.com\/actualidad\/el-congreso-internacional-sobre-la-infancia-hace-escala-este-lunes-en-pamplona-para-presentar-propuestas-que-avancen-en-la-proteccion-de-ninos-y-ninas\/\" \/>\n<meta property=\"og:site_name\" content=\"La Gu\u00eda de Pamplona\" \/>\n<meta property=\"article:publisher\" content=\"https:\/\/www.facebook.com\/laguiadepamplonacom-133175176762273\/?ref=hl\" \/>\n<meta property=\"article:published_time\" content=\"2017-10-23T09:48:41+00:00\" \/>\n<meta property=\"og:image\" content=\"https:\/\/www.laguiadepamplona.com\/actualidad\/wp-content\/uploads\/2017\/09\/06_baluarte.jpg\" \/>\n\t<meta property=\"og:image:width\" content=\"800\" \/>\n\t<meta property=\"og:image:height\" content=\"600\" \/>\n\t<meta property=\"og:image:type\" content=\"image\/jpeg\" \/>\n<meta name=\"author\" content=\"La Gu\u00eda de Pamplona\" \/>\n<meta name=\"twitter:card\" content=\"summary_large_image\" \/>\n<meta name=\"twitter:creator\" content=\"@LaGuiadPamplona\" \/>\n<meta name=\"twitter:site\" content=\"@LaGuiadPamplona\" \/>\n<meta name=\"twitter:label1\" content=\"Escrito por\" \/>\n\t<meta name=\"twitter:data1\" content=\"La Gu\u00eda de Pamplona\" \/>\n\t<meta name=\"twitter:label2\" content=\"Tiempo de lectura\" \/>\n\t<meta name=\"twitter:data2\" content=\"4 minutos\" \/>\n<script type=\"application\/ld+json\" class=\"yoast-schema-graph\">{\"@context\":\"https:\\\/\\\/schema.org\",\"@graph\":[{\"@type\":\"Article\",\"@id\":\"https:\\\/\\\/www.laguiadepamplona.com\\\/actualidad\\\/el-congreso-internacional-sobre-la-infancia-hace-escala-este-lunes-en-pamplona-para-presentar-propuestas-que-avancen-en-la-proteccion-de-ninos-y-ninas\\\/#article\",\"isPartOf\":{\"@id\":\"https:\\\/\\\/www.laguiadepamplona.com\\\/actualidad\\\/el-congreso-internacional-sobre-la-infancia-hace-escala-este-lunes-en-pamplona-para-presentar-propuestas-que-avancen-en-la-proteccion-de-ninos-y-ninas\\\/\"},\"author\":{\"name\":\"La Gu\u00eda de Pamplona\",\"@id\":\"https:\\\/\\\/www.laguiadepamplona.com\\\/actualidad\\\/#\\\/schema\\\/person\\\/efe887376f0213d4657c93adc50b1fdb\"},\"headline\":\"El Congreso Internacional sobre la Infancia hace escala este lunes en Pamplona para presentar propuestas que avancen en la protecci\u00f3n de ni\u00f1os y ni\u00f1as\",\"datePublished\":\"2017-10-23T09:48:41+00:00\",\"mainEntityOfPage\":{\"@id\":\"https:\\\/\\\/www.laguiadepamplona.com\\\/actualidad\\\/el-congreso-internacional-sobre-la-infancia-hace-escala-este-lunes-en-pamplona-para-presentar-propuestas-que-avancen-en-la-proteccion-de-ninos-y-ninas\\\/\"},\"wordCount\":889,\"commentCount\":0,\"publisher\":{\"@id\":\"https:\\\/\\\/www.laguiadepamplona.com\\\/actualidad\\\/#organization\"},\"image\":{\"@id\":\"https:\\\/\\\/www.laguiadepamplona.com\\\/actualidad\\\/el-congreso-internacional-sobre-la-infancia-hace-escala-este-lunes-en-pamplona-para-presentar-propuestas-que-avancen-en-la-proteccion-de-ninos-y-ninas\\\/#primaryimage\"},\"thumbnailUrl\":\"https:\\\/\\\/www.laguiadepamplona.com\\\/actualidad\\\/wp-content\\\/uploads\\\/2017\\\/09\\\/06_baluarte.jpg\",\"articleSection\":[\"Ayto Pamplona\"],\"inLanguage\":\"es\",\"potentialAction\":[{\"@type\":\"CommentAction\",\"name\":\"Comment\",\"target\":[\"https:\\\/\\\/www.laguiadepamplona.com\\\/actualidad\\\/el-congreso-internacional-sobre-la-infancia-hace-escala-este-lunes-en-pamplona-para-presentar-propuestas-que-avancen-en-la-proteccion-de-ninos-y-ninas\\\/#respond\"]}]},{\"@type\":\"WebPage\",\"@id\":\"https:\\\/\\\/www.laguiadepamplona.com\\\/actualidad\\\/el-congreso-internacional-sobre-la-infancia-hace-escala-este-lunes-en-pamplona-para-presentar-propuestas-que-avancen-en-la-proteccion-de-ninos-y-ninas\\\/\",\"url\":\"https:\\\/\\\/www.laguiadepamplona.com\\\/actualidad\\\/el-congreso-internacional-sobre-la-infancia-hace-escala-este-lunes-en-pamplona-para-presentar-propuestas-que-avancen-en-la-proteccion-de-ninos-y-ninas\\\/\",\"name\":\"El Congreso Internacional sobre la Infancia hace escala este lunes en Pamplona para presentar propuestas que avancen en la protecci\u00f3n de ni\u00f1os y ni\u00f1as\",\"isPartOf\":{\"@id\":\"https:\\\/\\\/www.laguiadepamplona.com\\\/actualidad\\\/#website\"},\"primaryImageOfPage\":{\"@id\":\"https:\\\/\\\/www.laguiadepamplona.com\\\/actualidad\\\/el-congreso-internacional-sobre-la-infancia-hace-escala-este-lunes-en-pamplona-para-presentar-propuestas-que-avancen-en-la-proteccion-de-ninos-y-ninas\\\/#primaryimage\"},\"image\":{\"@id\":\"https:\\\/\\\/www.laguiadepamplona.com\\\/actualidad\\\/el-congreso-internacional-sobre-la-infancia-hace-escala-este-lunes-en-pamplona-para-presentar-propuestas-que-avancen-en-la-proteccion-de-ninos-y-ninas\\\/#primaryimage\"},\"thumbnailUrl\":\"https:\\\/\\\/www.laguiadepamplona.com\\\/actualidad\\\/wp-content\\\/uploads\\\/2017\\\/09\\\/06_baluarte.jpg\",\"datePublished\":\"2017-10-23T09:48:41+00:00\",\"breadcrumb\":{\"@id\":\"https:\\\/\\\/www.laguiadepamplona.com\\\/actualidad\\\/el-congreso-internacional-sobre-la-infancia-hace-escala-este-lunes-en-pamplona-para-presentar-propuestas-que-avancen-en-la-proteccion-de-ninos-y-ninas\\\/#breadcrumb\"},\"inLanguage\":\"es\",\"potentialAction\":[{\"@type\":\"ReadAction\",\"target\":[\"https:\\\/\\\/www.laguiadepamplona.com\\\/actualidad\\\/el-congreso-internacional-sobre-la-infancia-hace-escala-este-lunes-en-pamplona-para-presentar-propuestas-que-avancen-en-la-proteccion-de-ninos-y-ninas\\\/\"]}]},{\"@type\":\"ImageObject\",\"inLanguage\":\"es\",\"@id\":\"https:\\\/\\\/www.laguiadepamplona.com\\\/actualidad\\\/el-congreso-internacional-sobre-la-infancia-hace-escala-este-lunes-en-pamplona-para-presentar-propuestas-que-avancen-en-la-proteccion-de-ninos-y-ninas\\\/#primaryimage\",\"url\":\"https:\\\/\\\/www.laguiadepamplona.com\\\/actualidad\\\/wp-content\\\/uploads\\\/2017\\\/09\\\/06_baluarte.jpg\",\"contentUrl\":\"https:\\\/\\\/www.laguiadepamplona.com\\\/actualidad\\\/wp-content\\\/uploads\\\/2017\\\/09\\\/06_baluarte.jpg\",\"width\":800,\"height\":600},{\"@type\":\"BreadcrumbList\",\"@id\":\"https:\\\/\\\/www.laguiadepamplona.com\\\/actualidad\\\/el-congreso-internacional-sobre-la-infancia-hace-escala-este-lunes-en-pamplona-para-presentar-propuestas-que-avancen-en-la-proteccion-de-ninos-y-ninas\\\/#breadcrumb\",\"itemListElement\":[{\"@type\":\"ListItem\",\"position\":1,\"name\":\"Portada\",\"item\":\"https:\\\/\\\/www.laguiadepamplona.com\\\/actualidad\\\/\"},{\"@type\":\"ListItem\",\"position\":2,\"name\":\"El Congreso Internacional sobre la Infancia hace escala este lunes en Pamplona para presentar propuestas que avancen en la protecci\u00f3n de ni\u00f1os y ni\u00f1as\"}]},{\"@type\":\"WebSite\",\"@id\":\"https:\\\/\\\/www.laguiadepamplona.com\\\/actualidad\\\/#website\",\"url\":\"https:\\\/\\\/www.laguiadepamplona.com\\\/actualidad\\\/\",\"name\":\"La gu\u00eda de Pamplona\",\"description\":\"Noticias de Pamplona\",\"publisher\":{\"@id\":\"https:\\\/\\\/www.laguiadepamplona.com\\\/actualidad\\\/#organization\"},\"potentialAction\":[{\"@type\":\"SearchAction\",\"target\":{\"@type\":\"EntryPoint\",\"urlTemplate\":\"https:\\\/\\\/www.laguiadepamplona.com\\\/actualidad\\\/?s={search_term_string}\"},\"query-input\":{\"@type\":\"PropertyValueSpecification\",\"valueRequired\":true,\"valueName\":\"search_term_string\"}}],\"inLanguage\":\"es\"},{\"@type\":\"Organization\",\"@id\":\"https:\\\/\\\/www.laguiadepamplona.com\\\/actualidad\\\/#organization\",\"name\":\"La Gu\u00eda de Pamplona \\\/ Noticias\",\"url\":\"https:\\\/\\\/www.laguiadepamplona.com\\\/actualidad\\\/\",\"logo\":{\"@type\":\"ImageObject\",\"inLanguage\":\"es\",\"@id\":\"https:\\\/\\\/www.laguiadepamplona.com\\\/actualidad\\\/#\\\/schema\\\/logo\\\/image\\\/\",\"url\":\"https:\\\/\\\/www.laguiadepamplona.com\\\/actualidad\\\/wp-content\\\/uploads\\\/2018\\\/11\\\/logo-laguiadepamplona18-web1.png\",\"contentUrl\":\"https:\\\/\\\/www.laguiadepamplona.com\\\/actualidad\\\/wp-content\\\/uploads\\\/2018\\\/11\\\/logo-laguiadepamplona18-web1.png\",\"width\":600,\"height\":196,\"caption\":\"La Gu\u00eda de Pamplona \\\/ Noticias\"},\"image\":{\"@id\":\"https:\\\/\\\/www.laguiadepamplona.com\\\/actualidad\\\/#\\\/schema\\\/logo\\\/image\\\/\"},\"sameAs\":[\"https:\\\/\\\/www.facebook.com\\\/laguiadepamplonacom-133175176762273\\\/?ref=hl\",\"https:\\\/\\\/x.com\\\/LaGuiadPamplona\",\"https:\\\/\\\/www.instagram.com\\\/la_guia_de_pamplona\\\/\",\"https:\\\/\\\/www.youtube.com\\\/user\\\/laguiadepamplona\"]},{\"@type\":\"Person\",\"@id\":\"https:\\\/\\\/www.laguiadepamplona.com\\\/actualidad\\\/#\\\/schema\\\/person\\\/efe887376f0213d4657c93adc50b1fdb\",\"name\":\"La Gu\u00eda de Pamplona\",\"image\":{\"@type\":\"ImageObject\",\"inLanguage\":\"es\",\"@id\":\"https:\\\/\\\/secure.gravatar.com\\\/avatar\\\/b6992f131dc8d30ab0dff15446e9d346d9dbd95992de0fef795073f5ea83a81c?s=96&d=mm&r=g\",\"url\":\"https:\\\/\\\/secure.gravatar.com\\\/avatar\\\/b6992f131dc8d30ab0dff15446e9d346d9dbd95992de0fef795073f5ea83a81c?s=96&d=mm&r=g\",\"contentUrl\":\"https:\\\/\\\/secure.gravatar.com\\\/avatar\\\/b6992f131dc8d30ab0dff15446e9d346d9dbd95992de0fef795073f5ea83a81c?s=96&d=mm&r=g\",\"caption\":\"La Gu\u00eda de Pamplona\"}}]}<\/script>\n<!-- \/ Yoast SEO plugin. -->","yoast_head_json":{"title":"El Congreso Internacional sobre la Infancia hace escala este lunes en Pamplona para presentar propuestas que avancen en la protecci\u00f3n de ni\u00f1os y ni\u00f1as","robots":{"index":"index","follow":"follow","max-snippet":"max-snippet:-1","max-image-preview":"max-image-preview:large","max-video-preview":"max-video-preview:-1"},"canonical":"https:\/\/www.laguiadepamplona.com\/actualidad\/el-congreso-internacional-sobre-la-infancia-hace-escala-este-lunes-en-pamplona-para-presentar-propuestas-que-avancen-en-la-proteccion-de-ninos-y-ninas\/","og_locale":"es_ES","og_type":"article","og_title":"El Congreso Internacional sobre la Infancia hace escala este lunes en Pamplona para presentar propuestas que avancen en la protecci\u00f3n de ni\u00f1os y ni\u00f1as","og_description":"El alcalde Joseba Asiron ha participado en la apertura del foro, que busca que ni\u00f1os y ni\u00f1as participen en el dise\u00f1o de sus propias pol\u00edticas sociales","og_url":"https:\/\/www.laguiadepamplona.com\/actualidad\/el-congreso-internacional-sobre-la-infancia-hace-escala-este-lunes-en-pamplona-para-presentar-propuestas-que-avancen-en-la-proteccion-de-ninos-y-ninas\/","og_site_name":"La Gu\u00eda de Pamplona","article_publisher":"https:\/\/www.facebook.com\/laguiadepamplonacom-133175176762273\/?ref=hl","article_published_time":"2017-10-23T09:48:41+00:00","og_image":[{"width":800,"height":600,"url":"https:\/\/www.laguiadepamplona.com\/actualidad\/wp-content\/uploads\/2017\/09\/06_baluarte.jpg","type":"image\/jpeg"}],"author":"La Gu\u00eda de Pamplona","twitter_card":"summary_large_image","twitter_creator":"@LaGuiadPamplona","twitter_site":"@LaGuiadPamplona","twitter_misc":{"Escrito por":"La Gu\u00eda de Pamplona","Tiempo de lectura":"4 minutos"},"schema":{"@context":"https:\/\/schema.org","@graph":[{"@type":"Article","@id":"https:\/\/www.laguiadepamplona.com\/actualidad\/el-congreso-internacional-sobre-la-infancia-hace-escala-este-lunes-en-pamplona-para-presentar-propuestas-que-avancen-en-la-proteccion-de-ninos-y-ninas\/#article","isPartOf":{"@id":"https:\/\/www.laguiadepamplona.com\/actualidad\/el-congreso-internacional-sobre-la-infancia-hace-escala-este-lunes-en-pamplona-para-presentar-propuestas-que-avancen-en-la-proteccion-de-ninos-y-ninas\/"},"author":{"name":"La Gu\u00eda de Pamplona","@id":"https:\/\/www.laguiadepamplona.com\/actualidad\/#\/schema\/person\/efe887376f0213d4657c93adc50b1fdb"},"headline":"El Congreso Internacional sobre la Infancia hace escala este lunes en Pamplona para presentar propuestas que avancen en la protecci\u00f3n de ni\u00f1os y ni\u00f1as","datePublished":"2017-10-23T09:48:41+00:00","mainEntityOfPage":{"@id":"https:\/\/www.laguiadepamplona.com\/actualidad\/el-congreso-internacional-sobre-la-infancia-hace-escala-este-lunes-en-pamplona-para-presentar-propuestas-que-avancen-en-la-proteccion-de-ninos-y-ninas\/"},"wordCount":889,"commentCount":0,"publisher":{"@id":"https:\/\/www.laguiadepamplona.com\/actualidad\/#organization"},"image":{"@id":"https:\/\/www.laguiadepamplona.com\/actualidad\/el-congreso-internacional-sobre-la-infancia-hace-escala-este-lunes-en-pamplona-para-presentar-propuestas-que-avancen-en-la-proteccion-de-ninos-y-ninas\/#primaryimage"},"thumbnailUrl":"https:\/\/www.laguiadepamplona.com\/actualidad\/wp-content\/uploads\/2017\/09\/06_baluarte.jpg","articleSection":["Ayto Pamplona"],"inLanguage":"es","potentialAction":[{"@type":"CommentAction","name":"Comment","target":["https:\/\/www.laguiadepamplona.com\/actualidad\/el-congreso-internacional-sobre-la-infancia-hace-escala-este-lunes-en-pamplona-para-presentar-propuestas-que-avancen-en-la-proteccion-de-ninos-y-ninas\/#respond"]}]},{"@type":"WebPage","@id":"https:\/\/www.laguiadepamplona.com\/actualidad\/el-congreso-internacional-sobre-la-infancia-hace-escala-este-lunes-en-pamplona-para-presentar-propuestas-que-avancen-en-la-proteccion-de-ninos-y-ninas\/","url":"https:\/\/www.laguiadepamplona.com\/actualidad\/el-congreso-internacional-sobre-la-infancia-hace-escala-este-lunes-en-pamplona-para-presentar-propuestas-que-avancen-en-la-proteccion-de-ninos-y-ninas\/","name":"El Congreso Internacional sobre la Infancia hace escala este lunes en Pamplona para presentar propuestas que avancen en la protecci\u00f3n de ni\u00f1os y ni\u00f1as","isPartOf":{"@id":"https:\/\/www.laguiadepamplona.com\/actualidad\/#website"},"primaryImageOfPage":{"@id":"https:\/\/www.laguiadepamplona.com\/actualidad\/el-congreso-internacional-sobre-la-infancia-hace-escala-este-lunes-en-pamplona-para-presentar-propuestas-que-avancen-en-la-proteccion-de-ninos-y-ninas\/#primaryimage"},"image":{"@id":"https:\/\/www.laguiadepamplona.com\/actualidad\/el-congreso-internacional-sobre-la-infancia-hace-escala-este-lunes-en-pamplona-para-presentar-propuestas-que-avancen-en-la-proteccion-de-ninos-y-ninas\/#primaryimage"},"thumbnailUrl":"https:\/\/www.laguiadepamplona.com\/actualidad\/wp-content\/uploads\/2017\/09\/06_baluarte.jpg","datePublished":"2017-10-23T09:48:41+00:00","breadcrumb":{"@id":"https:\/\/www.laguiadepamplona.com\/actualidad\/el-congreso-internacional-sobre-la-infancia-hace-escala-este-lunes-en-pamplona-para-presentar-propuestas-que-avancen-en-la-proteccion-de-ninos-y-ninas\/#breadcrumb"},"inLanguage":"es","potentialAction":[{"@type":"ReadAction","target":["https:\/\/www.laguiadepamplona.com\/actualidad\/el-congreso-internacional-sobre-la-infancia-hace-escala-este-lunes-en-pamplona-para-presentar-propuestas-que-avancen-en-la-proteccion-de-ninos-y-ninas\/"]}]},{"@type":"ImageObject","inLanguage":"es","@id":"https:\/\/www.laguiadepamplona.com\/actualidad\/el-congreso-internacional-sobre-la-infancia-hace-escala-este-lunes-en-pamplona-para-presentar-propuestas-que-avancen-en-la-proteccion-de-ninos-y-ninas\/#primaryimage","url":"https:\/\/www.laguiadepamplona.com\/actualidad\/wp-content\/uploads\/2017\/09\/06_baluarte.jpg","contentUrl":"https:\/\/www.laguiadepamplona.com\/actualidad\/wp-content\/uploads\/2017\/09\/06_baluarte.jpg","width":800,"height":600},{"@type":"BreadcrumbList","@id":"https:\/\/www.laguiadepamplona.com\/actualidad\/el-congreso-internacional-sobre-la-infancia-hace-escala-este-lunes-en-pamplona-para-presentar-propuestas-que-avancen-en-la-proteccion-de-ninos-y-ninas\/#breadcrumb","itemListElement":[{"@type":"ListItem","position":1,"name":"Portada","item":"https:\/\/www.laguiadepamplona.com\/actualidad\/"},{"@type":"ListItem","position":2,"name":"El Congreso Internacional sobre la Infancia hace escala este lunes en Pamplona para presentar propuestas que avancen en la protecci\u00f3n de ni\u00f1os y ni\u00f1as"}]},{"@type":"WebSite","@id":"https:\/\/www.laguiadepamplona.com\/actualidad\/#website","url":"https:\/\/www.laguiadepamplona.com\/actualidad\/","name":"La gu\u00eda de Pamplona","description":"Noticias de Pamplona","publisher":{"@id":"https:\/\/www.laguiadepamplona.com\/actualidad\/#organization"},"potentialAction":[{"@type":"SearchAction","target":{"@type":"EntryPoint","urlTemplate":"https:\/\/www.laguiadepamplona.com\/actualidad\/?s={search_term_string}"},"query-input":{"@type":"PropertyValueSpecification","valueRequired":true,"valueName":"search_term_string"}}],"inLanguage":"es"},{"@type":"Organization","@id":"https:\/\/www.laguiadepamplona.com\/actualidad\/#organization","name":"La Gu\u00eda de Pamplona \/ Noticias","url":"https:\/\/www.laguiadepamplona.com\/actualidad\/","logo":{"@type":"ImageObject","inLanguage":"es","@id":"https:\/\/www.laguiadepamplona.com\/actualidad\/#\/schema\/logo\/image\/","url":"https:\/\/www.laguiadepamplona.com\/actualidad\/wp-content\/uploads\/2018\/11\/logo-laguiadepamplona18-web1.png","contentUrl":"https:\/\/www.laguiadepamplona.com\/actualidad\/wp-content\/uploads\/2018\/11\/logo-laguiadepamplona18-web1.png","width":600,"height":196,"caption":"La Gu\u00eda de Pamplona \/ Noticias"},"image":{"@id":"https:\/\/www.laguiadepamplona.com\/actualidad\/#\/schema\/logo\/image\/"},"sameAs":["https:\/\/www.facebook.com\/laguiadepamplonacom-133175176762273\/?ref=hl","https:\/\/x.com\/LaGuiadPamplona","https:\/\/www.instagram.com\/la_guia_de_pamplona\/","https:\/\/www.youtube.com\/user\/laguiadepamplona"]},{"@type":"Person","@id":"https:\/\/www.laguiadepamplona.com\/actualidad\/#\/schema\/person\/efe887376f0213d4657c93adc50b1fdb","name":"La Gu\u00eda de Pamplona","image":{"@type":"ImageObject","inLanguage":"es","@id":"https:\/\/secure.gravatar.com\/avatar\/b6992f131dc8d30ab0dff15446e9d346d9dbd95992de0fef795073f5ea83a81c?s=96&d=mm&r=g","url":"https:\/\/secure.gravatar.com\/avatar\/b6992f131dc8d30ab0dff15446e9d346d9dbd95992de0fef795073f5ea83a81c?s=96&d=mm&r=g","contentUrl":"https:\/\/secure.gravatar.com\/avatar\/b6992f131dc8d30ab0dff15446e9d346d9dbd95992de0fef795073f5ea83a81c?s=96&d=mm&r=g","caption":"La Gu\u00eda de Pamplona"}}]}},"post_mailing_queue_ids":[],"_links":{"self":[{"href":"https:\/\/www.laguiadepamplona.com\/actualidad\/wp-json\/wp\/v2\/posts\/14759","targetHints":{"allow":["GET"]}}],"collection":[{"href":"https:\/\/www.laguiadepamplona.com\/actualidad\/wp-json\/wp\/v2\/posts"}],"about":[{"href":"https:\/\/www.laguiadepamplona.com\/actualidad\/wp-json\/wp\/v2\/types\/post"}],"author":[{"embeddable":true,"href":"https:\/\/www.laguiadepamplona.com\/actualidad\/wp-json\/wp\/v2\/users\/1"}],"replies":[{"embeddable":true,"href":"https:\/\/www.laguiadepamplona.com\/actualidad\/wp-json\/wp\/v2\/comments?post=14759"}],"version-history":[{"count":0,"href":"https:\/\/www.laguiadepamplona.com\/actualidad\/wp-json\/wp\/v2\/posts\/14759\/revisions"}],"wp:featuredmedia":[{"embeddable":true,"href":"https:\/\/www.laguiadepamplona.com\/actualidad\/wp-json\/wp\/v2\/media\/14169"}],"wp:attachment":[{"href":"https:\/\/www.laguiadepamplona.com\/actualidad\/wp-json\/wp\/v2\/media?parent=14759"}],"wp:term":[{"taxonomy":"category","embeddable":true,"href":"https:\/\/www.laguiadepamplona.com\/actualidad\/wp-json\/wp\/v2\/categories?post=14759"},{"taxonomy":"post_tag","embeddable":true,"href":"https:\/\/www.laguiadepamplona.com\/actualidad\/wp-json\/wp\/v2\/tags?post=14759"}],"curies":[{"name":"wp","href":"https:\/\/api.w.org\/{rel}","templated":true}]}}