{"id":14755,"date":"2017-10-20T12:18:33","date_gmt":"2017-10-20T11:18:33","guid":{"rendered":"http:\/\/laguiadepamplona.es\/actualidad\/?p=14755"},"modified":"2017-10-20T12:18:33","modified_gmt":"2017-10-20T11:18:33","slug":"la-comision-de-asuntos-ciudadanos-visita-la-sede-del-equipo-municipal-de-atencion-a-domicilio-compuesto-en-estos-momentos-por-173-personas","status":"publish","type":"post","link":"https:\/\/www.laguiadepamplona.com\/actualidad\/la-comision-de-asuntos-ciudadanos-visita-la-sede-del-equipo-municipal-de-atencion-a-domicilio-compuesto-en-estos-momentos-por-173-personas\/","title":{"rendered":"La Comisi\u00f3n de Asuntos Ciudadanos visita la sede del Equipo Municipal de Atenci\u00f3n a Domicilio compuesto en estos momentos por 173 personas"},"content":{"rendered":"<h3>Este a\u00f1o el EMAD ha prestado atenci\u00f3n a trav\u00e9s del Servicio de Atenci\u00f3n a Domicilio a 966 personas repartidas por todos los barrios de la ciudad<\/h3>\n<p><!--more--><\/p>\n<p>La Comisi\u00f3n de Asuntos Ciudadanos ha visitado hoy viernes la sede del Equipo Municipal de Atenci\u00f3n a Domicilio (EMAD) del Ayuntamiento de Pamplona. El EMAD comenz\u00f3 a funcionar a primeros de marzo de este a\u00f1o, tras municipalizarse el Servicio de Atenci\u00f3n a Domicilio que se prestaba por parte de dos empresas, una p\u00fablica y otra privada, con la subrogaci\u00f3n del personal que trabajaba en las mismas por parte del Ayuntamiento.<\/p>\n<p>La concejala delegada de Acci\u00f3n Social y Desarrollo Comunitario, Edurne Eguino, la directora del \u00e1rea, Marisol de la Nava, y la responsable del EMAD, Marian Suescun, han explicado que en este momento el equipo est\u00e1 compuesto por 173 personas. Se distribuyen en una direcci\u00f3n t\u00e9cnica, una t\u00e9cnica administrativa, una auxiliar administrativa, seis trabajadoras sociales y 164 trabajadores\/as familiares, de las cuales 59 desarrollan su labor<span style=\"text-decoration: line-through;\">a<\/span> a tiempo parcial. Al mismo tiempo se han incorporado al equipo las dos figuras administrativas del Servicio de Incidencias, por cuestiones organizativas y de eficiencia.<\/p>\n<p><strong>Atenci\u00f3n los 365 d\u00edas del a\u00f1o de 7.30 a 22 horas<\/strong><\/p>\n<p>El EMAD lleva a cabo la gesti\u00f3n de la atenci\u00f3n personal del Servicio de Atenci\u00f3n a Domicilio (SAD) los 365 d\u00edas del a\u00f1o de 7.30 a 22 horas, tal y como recoge la Carta de Servicios aprobada en mayo del a\u00f1o pasado. El l\u00edmite m\u00e1ximo es de 2 horas diarias de atenci\u00f3n por persona usuaria. La atenci\u00f3n se centra en aspectos como el cuidado personal e higiene, la movilidad b\u00e1sica, actividades dom\u00e9sticas, actuaciones sociosanitarias, mantenimiento de la vivienda y seguimiento del estado general del equipamiento e infraestructura de la vivienda, pudiendo completarse con el servicio de lavander\u00eda y de alimentaci\u00f3n a domicilio.<\/p>\n<p>A lo largo de este a\u00f1o, el EMAD, en colaboraci\u00f3n con el Programa de Autonom\u00eda Personal y Atenci\u00f3n a Personas Dependientes de las Unidades de Barrio, ha prestado atenci\u00f3n personal del Servicio de Atenci\u00f3n a Domicilio a 966 personas en 876 domicilios de los doce barrios de la ciudad.<\/p>\n<p><strong>Unificaci\u00f3n de los dos equipos y actuaciones para mejorar la efectividad<\/strong><\/p>\n<p>Desde la remunicipalizaci\u00f3n del Servicio, el EMAD ha afrontado un proceso de unificaci\u00f3n de las dos realidades de origen, iniciando en un primer momento una acogida del personal y una toma de contacto con las diferentes formas de trabajo, a la vez que se manten\u00edan sin cambios las atenciones a las personas usuarias. Se ha trabajado el an\u00e1lisis de la situaci\u00f3n de partida a la vez que se ha ido complementando la aplicaci\u00f3n inform\u00e1tica del SAD con la que contaba el Ayuntamiento. El objetivo ha sido poder recoger en la misma tanto las personas usuarias y las tareas que era necesario realizar con los horarios asignados como las figuras de trabajo familiar con sus diferentes horarios y porcentajes de jornada. Todo ello para poder obtener cuadrantes del trabajo familiar de cada una de las personas trabajadoras.<\/p>\n<p>Este trabajo ha permitido efectuar una distribuci\u00f3n del personal de trabajo familiar en peque\u00f1os equipos de atenci\u00f3n directa, configurando unidades de coordinaci\u00f3n por zonas que favorecen la distribuci\u00f3n de la atenci\u00f3n de casos por barrios para reducir al m\u00e1ximo los desplazamientos entre domicilios y mejorar la efectividad de las horas de atenci\u00f3n del servicio. Al mismo tiempo se da respuesta a la necesidad de interrelaci\u00f3n y coordinaci\u00f3n entre el personal t\u00e9cnico del EMAD y las figuras de trabajo familiar. En la visita se ha indicado que estos primeros meses de funcionamiento se han afrontado por parte del personal del EMAD con esfuerzo y una especial motivaci\u00f3n para conseguir unos resultados \u00f3ptimos en la municipalizaci\u00f3n del servicio, aspecto que la concejala ha agradecido a los y las trabajadoras del equipo.<\/p>\n<p>Entra las acciones previstas para el futuro est\u00e1n la profundizaci\u00f3n en el trabajo de distribuci\u00f3n de las jornadas de trabajo y horarios del personal del servicio, los acuerdos que se alcancen en la negociaci\u00f3n con la Comisi\u00f3n de Personal del Laborales enriquecer\u00e1n esta actuaci\u00f3n, la formaci\u00f3n del personal para lo que se ha adaptado una de las salas del servicio y la asunci\u00f3n de las nuevas tareas previstas en la municipalizaci\u00f3n: colaboraci\u00f3n en tareas de promoci\u00f3n personal y prevenci\u00f3n de la dependencia con las Unidades de Barrio, seguimiento periodico de personas mayores en apartamentos municipales,&#8230;<\/p>\n<p><strong>La municipalizaci\u00f3n supondr\u00e1 un 11% de ahorro<\/strong><\/p>\n<p>Respecto a los costes del servicio, desde marzo hasta septiembre, el gasto del personal ha ascendido a 2.598.331,96 euros por lo que la previsi\u00f3n de ejecuci\u00f3n en el cap\u00edtulo de personal se sit\u00faa en 3.711.902,81 euros para los 10 meses del a\u00f1o 2017. De esta manera, el coste extrapolable para el a\u00f1o 2018 en cap\u00edtulo 1 ser\u00eda de 4.454.000 euros, 296.000 euros menos (6%) de la previsi\u00f3n efectuada para la municipalizaci\u00f3n, que a su vez ya supon\u00eda un 5% menos del coste de los a\u00f1os anteriores del servicio.<\/p>\n<p>El Servicio de Atenci\u00f3n Domiciliaria municipal cuenta con financiaci\u00f3n del Gobierno de Navarra relacionada con la atenci\u00f3n a personas dependientes, una ayuda que ha sufrido variaciones a lo largo de los a\u00f1os. Este a\u00f1o dicha financiaci\u00f3n ha alcanzado los 1.127.330,93 euros frente a los 626.156,38 euros de 2016, los 623.451,70 euros de 2015, los 511.259,90 euros recibidos en 2014 y la ayuda de 459.205,45 euros en 2013.<\/p>\n<p>El esfuerzo de las trabajadoras sociales del Programa de Autonom\u00eda Personal en el registro sistem\u00e1tico de la informaci\u00f3n relacionada con las personas usuarias del servicio y el reconocimiento de las prestaciones a las personas valoradas como dependientes moderadas por parte del Gobierno de Navarra, ha hecho posible este notable incremento en la financiaci\u00f3n.<\/p>\n<p>&nbsp;<\/p>\n","protected":false},"excerpt":{"rendered":"<p>Este a\u00f1o el EMAD ha prestado atenci\u00f3n a trav\u00e9s del Servicio de Atenci\u00f3n a Domicilio a 966 personas repartidas por todos los barrios de la ciudad<\/p>\n","protected":false},"author":1,"featured_media":14756,"comment_status":"open","ping_status":"closed","sticky":false,"template":"","format":"standard","meta":{"footnotes":""},"categories":[2],"tags":[],"class_list":["post-14755","post","type-post","status-publish","format-standard","has-post-thumbnail","hentry","category-ayuntamiento-pamplona"],"yoast_head":"<!-- This site is optimized with the Yoast SEO plugin v27.3 - https:\/\/yoast.com\/product\/yoast-seo-wordpress\/ -->\n<title>La Comisi\u00f3n de Asuntos Ciudadanos visita la sede del Equipo Municipal de Atenci\u00f3n a Domicilio compuesto en estos momentos por 173 personas<\/title>\n<meta name=\"robots\" content=\"index, follow, max-snippet:-1, max-image-preview:large, max-video-preview:-1\" \/>\n<link rel=\"canonical\" href=\"https:\/\/www.laguiadepamplona.com\/actualidad\/la-comision-de-asuntos-ciudadanos-visita-la-sede-del-equipo-municipal-de-atencion-a-domicilio-compuesto-en-estos-momentos-por-173-personas\/\" \/>\n<meta property=\"og:locale\" content=\"es_ES\" \/>\n<meta property=\"og:type\" content=\"article\" \/>\n<meta property=\"og:title\" content=\"La Comisi\u00f3n de Asuntos Ciudadanos visita la sede del Equipo Municipal de Atenci\u00f3n a Domicilio compuesto en estos momentos por 173 personas\" \/>\n<meta property=\"og:description\" content=\"Este a\u00f1o el EMAD ha prestado atenci\u00f3n a trav\u00e9s del Servicio de Atenci\u00f3n a Domicilio a 966 personas repartidas por todos los barrios de la ciudad\" \/>\n<meta property=\"og:url\" content=\"https:\/\/www.laguiadepamplona.com\/actualidad\/la-comision-de-asuntos-ciudadanos-visita-la-sede-del-equipo-municipal-de-atencion-a-domicilio-compuesto-en-estos-momentos-por-173-personas\/\" \/>\n<meta property=\"og:site_name\" content=\"La Gu\u00eda de Pamplona\" \/>\n<meta property=\"article:publisher\" content=\"https:\/\/www.facebook.com\/laguiadepamplonacom-133175176762273\/?ref=hl\" \/>\n<meta property=\"article:published_time\" content=\"2017-10-20T11:18:33+00:00\" \/>\n<meta property=\"og:image\" content=\"https:\/\/www.laguiadepamplona.com\/actualidad\/wp-content\/uploads\/2017\/10\/17.10.20_Visita-EMAD.jpg\" \/>\n\t<meta property=\"og:image:width\" content=\"1000\" \/>\n\t<meta property=\"og:image:height\" content=\"666\" \/>\n\t<meta property=\"og:image:type\" content=\"image\/jpeg\" \/>\n<meta name=\"author\" content=\"La Gu\u00eda de Pamplona\" \/>\n<meta name=\"twitter:card\" content=\"summary_large_image\" \/>\n<meta name=\"twitter:creator\" content=\"@LaGuiadPamplona\" \/>\n<meta name=\"twitter:site\" content=\"@LaGuiadPamplona\" \/>\n<meta name=\"twitter:label1\" content=\"Escrito por\" \/>\n\t<meta name=\"twitter:data1\" content=\"La Gu\u00eda de Pamplona\" \/>\n\t<meta name=\"twitter:label2\" content=\"Tiempo de lectura\" \/>\n\t<meta name=\"twitter:data2\" content=\"5 minutos\" \/>\n<script type=\"application\/ld+json\" class=\"yoast-schema-graph\">{\"@context\":\"https:\\\/\\\/schema.org\",\"@graph\":[{\"@type\":\"Article\",\"@id\":\"https:\\\/\\\/www.laguiadepamplona.com\\\/actualidad\\\/la-comision-de-asuntos-ciudadanos-visita-la-sede-del-equipo-municipal-de-atencion-a-domicilio-compuesto-en-estos-momentos-por-173-personas\\\/#article\",\"isPartOf\":{\"@id\":\"https:\\\/\\\/www.laguiadepamplona.com\\\/actualidad\\\/la-comision-de-asuntos-ciudadanos-visita-la-sede-del-equipo-municipal-de-atencion-a-domicilio-compuesto-en-estos-momentos-por-173-personas\\\/\"},\"author\":{\"name\":\"La Gu\u00eda de Pamplona\",\"@id\":\"https:\\\/\\\/www.laguiadepamplona.com\\\/actualidad\\\/#\\\/schema\\\/person\\\/efe887376f0213d4657c93adc50b1fdb\"},\"headline\":\"La Comisi\u00f3n de Asuntos Ciudadanos visita la sede del Equipo Municipal de Atenci\u00f3n a Domicilio compuesto en estos momentos por 173 personas\",\"datePublished\":\"2017-10-20T11:18:33+00:00\",\"mainEntityOfPage\":{\"@id\":\"https:\\\/\\\/www.laguiadepamplona.com\\\/actualidad\\\/la-comision-de-asuntos-ciudadanos-visita-la-sede-del-equipo-municipal-de-atencion-a-domicilio-compuesto-en-estos-momentos-por-173-personas\\\/\"},\"wordCount\":1020,\"commentCount\":0,\"publisher\":{\"@id\":\"https:\\\/\\\/www.laguiadepamplona.com\\\/actualidad\\\/#organization\"},\"image\":{\"@id\":\"https:\\\/\\\/www.laguiadepamplona.com\\\/actualidad\\\/la-comision-de-asuntos-ciudadanos-visita-la-sede-del-equipo-municipal-de-atencion-a-domicilio-compuesto-en-estos-momentos-por-173-personas\\\/#primaryimage\"},\"thumbnailUrl\":\"https:\\\/\\\/www.laguiadepamplona.com\\\/actualidad\\\/wp-content\\\/uploads\\\/2017\\\/10\\\/17.10.20_Visita-EMAD.jpg\",\"articleSection\":[\"Ayto Pamplona\"],\"inLanguage\":\"es\",\"potentialAction\":[{\"@type\":\"CommentAction\",\"name\":\"Comment\",\"target\":[\"https:\\\/\\\/www.laguiadepamplona.com\\\/actualidad\\\/la-comision-de-asuntos-ciudadanos-visita-la-sede-del-equipo-municipal-de-atencion-a-domicilio-compuesto-en-estos-momentos-por-173-personas\\\/#respond\"]}]},{\"@type\":\"WebPage\",\"@id\":\"https:\\\/\\\/www.laguiadepamplona.com\\\/actualidad\\\/la-comision-de-asuntos-ciudadanos-visita-la-sede-del-equipo-municipal-de-atencion-a-domicilio-compuesto-en-estos-momentos-por-173-personas\\\/\",\"url\":\"https:\\\/\\\/www.laguiadepamplona.com\\\/actualidad\\\/la-comision-de-asuntos-ciudadanos-visita-la-sede-del-equipo-municipal-de-atencion-a-domicilio-compuesto-en-estos-momentos-por-173-personas\\\/\",\"name\":\"La Comisi\u00f3n de Asuntos Ciudadanos visita la sede del Equipo Municipal de Atenci\u00f3n a Domicilio compuesto en estos momentos por 173 personas\",\"isPartOf\":{\"@id\":\"https:\\\/\\\/www.laguiadepamplona.com\\\/actualidad\\\/#website\"},\"primaryImageOfPage\":{\"@id\":\"https:\\\/\\\/www.laguiadepamplona.com\\\/actualidad\\\/la-comision-de-asuntos-ciudadanos-visita-la-sede-del-equipo-municipal-de-atencion-a-domicilio-compuesto-en-estos-momentos-por-173-personas\\\/#primaryimage\"},\"image\":{\"@id\":\"https:\\\/\\\/www.laguiadepamplona.com\\\/actualidad\\\/la-comision-de-asuntos-ciudadanos-visita-la-sede-del-equipo-municipal-de-atencion-a-domicilio-compuesto-en-estos-momentos-por-173-personas\\\/#primaryimage\"},\"thumbnailUrl\":\"https:\\\/\\\/www.laguiadepamplona.com\\\/actualidad\\\/wp-content\\\/uploads\\\/2017\\\/10\\\/17.10.20_Visita-EMAD.jpg\",\"datePublished\":\"2017-10-20T11:18:33+00:00\",\"breadcrumb\":{\"@id\":\"https:\\\/\\\/www.laguiadepamplona.com\\\/actualidad\\\/la-comision-de-asuntos-ciudadanos-visita-la-sede-del-equipo-municipal-de-atencion-a-domicilio-compuesto-en-estos-momentos-por-173-personas\\\/#breadcrumb\"},\"inLanguage\":\"es\",\"potentialAction\":[{\"@type\":\"ReadAction\",\"target\":[\"https:\\\/\\\/www.laguiadepamplona.com\\\/actualidad\\\/la-comision-de-asuntos-ciudadanos-visita-la-sede-del-equipo-municipal-de-atencion-a-domicilio-compuesto-en-estos-momentos-por-173-personas\\\/\"]}]},{\"@type\":\"ImageObject\",\"inLanguage\":\"es\",\"@id\":\"https:\\\/\\\/www.laguiadepamplona.com\\\/actualidad\\\/la-comision-de-asuntos-ciudadanos-visita-la-sede-del-equipo-municipal-de-atencion-a-domicilio-compuesto-en-estos-momentos-por-173-personas\\\/#primaryimage\",\"url\":\"https:\\\/\\\/www.laguiadepamplona.com\\\/actualidad\\\/wp-content\\\/uploads\\\/2017\\\/10\\\/17.10.20_Visita-EMAD.jpg\",\"contentUrl\":\"https:\\\/\\\/www.laguiadepamplona.com\\\/actualidad\\\/wp-content\\\/uploads\\\/2017\\\/10\\\/17.10.20_Visita-EMAD.jpg\",\"width\":1000,\"height\":666},{\"@type\":\"BreadcrumbList\",\"@id\":\"https:\\\/\\\/www.laguiadepamplona.com\\\/actualidad\\\/la-comision-de-asuntos-ciudadanos-visita-la-sede-del-equipo-municipal-de-atencion-a-domicilio-compuesto-en-estos-momentos-por-173-personas\\\/#breadcrumb\",\"itemListElement\":[{\"@type\":\"ListItem\",\"position\":1,\"name\":\"Portada\",\"item\":\"https:\\\/\\\/www.laguiadepamplona.com\\\/actualidad\\\/\"},{\"@type\":\"ListItem\",\"position\":2,\"name\":\"La Comisi\u00f3n de Asuntos Ciudadanos visita la sede del Equipo Municipal de Atenci\u00f3n a Domicilio compuesto en estos momentos por 173 personas\"}]},{\"@type\":\"WebSite\",\"@id\":\"https:\\\/\\\/www.laguiadepamplona.com\\\/actualidad\\\/#website\",\"url\":\"https:\\\/\\\/www.laguiadepamplona.com\\\/actualidad\\\/\",\"name\":\"La gu\u00eda de Pamplona\",\"description\":\"Noticias de Pamplona\",\"publisher\":{\"@id\":\"https:\\\/\\\/www.laguiadepamplona.com\\\/actualidad\\\/#organization\"},\"potentialAction\":[{\"@type\":\"SearchAction\",\"target\":{\"@type\":\"EntryPoint\",\"urlTemplate\":\"https:\\\/\\\/www.laguiadepamplona.com\\\/actualidad\\\/?s={search_term_string}\"},\"query-input\":{\"@type\":\"PropertyValueSpecification\",\"valueRequired\":true,\"valueName\":\"search_term_string\"}}],\"inLanguage\":\"es\"},{\"@type\":\"Organization\",\"@id\":\"https:\\\/\\\/www.laguiadepamplona.com\\\/actualidad\\\/#organization\",\"name\":\"La Gu\u00eda de Pamplona \\\/ Noticias\",\"url\":\"https:\\\/\\\/www.laguiadepamplona.com\\\/actualidad\\\/\",\"logo\":{\"@type\":\"ImageObject\",\"inLanguage\":\"es\",\"@id\":\"https:\\\/\\\/www.laguiadepamplona.com\\\/actualidad\\\/#\\\/schema\\\/logo\\\/image\\\/\",\"url\":\"https:\\\/\\\/www.laguiadepamplona.com\\\/actualidad\\\/wp-content\\\/uploads\\\/2018\\\/11\\\/logo-laguiadepamplona18-web1.png\",\"contentUrl\":\"https:\\\/\\\/www.laguiadepamplona.com\\\/actualidad\\\/wp-content\\\/uploads\\\/2018\\\/11\\\/logo-laguiadepamplona18-web1.png\",\"width\":600,\"height\":196,\"caption\":\"La Gu\u00eda de Pamplona \\\/ Noticias\"},\"image\":{\"@id\":\"https:\\\/\\\/www.laguiadepamplona.com\\\/actualidad\\\/#\\\/schema\\\/logo\\\/image\\\/\"},\"sameAs\":[\"https:\\\/\\\/www.facebook.com\\\/laguiadepamplonacom-133175176762273\\\/?ref=hl\",\"https:\\\/\\\/x.com\\\/LaGuiadPamplona\",\"https:\\\/\\\/www.instagram.com\\\/la_guia_de_pamplona\\\/\",\"https:\\\/\\\/www.youtube.com\\\/user\\\/laguiadepamplona\"]},{\"@type\":\"Person\",\"@id\":\"https:\\\/\\\/www.laguiadepamplona.com\\\/actualidad\\\/#\\\/schema\\\/person\\\/efe887376f0213d4657c93adc50b1fdb\",\"name\":\"La Gu\u00eda de Pamplona\",\"image\":{\"@type\":\"ImageObject\",\"inLanguage\":\"es\",\"@id\":\"https:\\\/\\\/secure.gravatar.com\\\/avatar\\\/b6992f131dc8d30ab0dff15446e9d346d9dbd95992de0fef795073f5ea83a81c?s=96&d=mm&r=g\",\"url\":\"https:\\\/\\\/secure.gravatar.com\\\/avatar\\\/b6992f131dc8d30ab0dff15446e9d346d9dbd95992de0fef795073f5ea83a81c?s=96&d=mm&r=g\",\"contentUrl\":\"https:\\\/\\\/secure.gravatar.com\\\/avatar\\\/b6992f131dc8d30ab0dff15446e9d346d9dbd95992de0fef795073f5ea83a81c?s=96&d=mm&r=g\",\"caption\":\"La Gu\u00eda de Pamplona\"}}]}<\/script>\n<!-- \/ Yoast SEO plugin. -->","yoast_head_json":{"title":"La Comisi\u00f3n de Asuntos Ciudadanos visita la sede del Equipo Municipal de Atenci\u00f3n a Domicilio compuesto en estos momentos por 173 personas","robots":{"index":"index","follow":"follow","max-snippet":"max-snippet:-1","max-image-preview":"max-image-preview:large","max-video-preview":"max-video-preview:-1"},"canonical":"https:\/\/www.laguiadepamplona.com\/actualidad\/la-comision-de-asuntos-ciudadanos-visita-la-sede-del-equipo-municipal-de-atencion-a-domicilio-compuesto-en-estos-momentos-por-173-personas\/","og_locale":"es_ES","og_type":"article","og_title":"La Comisi\u00f3n de Asuntos Ciudadanos visita la sede del Equipo Municipal de Atenci\u00f3n a Domicilio compuesto en estos momentos por 173 personas","og_description":"Este a\u00f1o el EMAD ha prestado atenci\u00f3n a trav\u00e9s del Servicio de Atenci\u00f3n a Domicilio a 966 personas repartidas por todos los barrios de la ciudad","og_url":"https:\/\/www.laguiadepamplona.com\/actualidad\/la-comision-de-asuntos-ciudadanos-visita-la-sede-del-equipo-municipal-de-atencion-a-domicilio-compuesto-en-estos-momentos-por-173-personas\/","og_site_name":"La Gu\u00eda de Pamplona","article_publisher":"https:\/\/www.facebook.com\/laguiadepamplonacom-133175176762273\/?ref=hl","article_published_time":"2017-10-20T11:18:33+00:00","og_image":[{"width":1000,"height":666,"url":"https:\/\/www.laguiadepamplona.com\/actualidad\/wp-content\/uploads\/2017\/10\/17.10.20_Visita-EMAD.jpg","type":"image\/jpeg"}],"author":"La Gu\u00eda de Pamplona","twitter_card":"summary_large_image","twitter_creator":"@LaGuiadPamplona","twitter_site":"@LaGuiadPamplona","twitter_misc":{"Escrito por":"La Gu\u00eda de Pamplona","Tiempo de lectura":"5 minutos"},"schema":{"@context":"https:\/\/schema.org","@graph":[{"@type":"Article","@id":"https:\/\/www.laguiadepamplona.com\/actualidad\/la-comision-de-asuntos-ciudadanos-visita-la-sede-del-equipo-municipal-de-atencion-a-domicilio-compuesto-en-estos-momentos-por-173-personas\/#article","isPartOf":{"@id":"https:\/\/www.laguiadepamplona.com\/actualidad\/la-comision-de-asuntos-ciudadanos-visita-la-sede-del-equipo-municipal-de-atencion-a-domicilio-compuesto-en-estos-momentos-por-173-personas\/"},"author":{"name":"La Gu\u00eda de Pamplona","@id":"https:\/\/www.laguiadepamplona.com\/actualidad\/#\/schema\/person\/efe887376f0213d4657c93adc50b1fdb"},"headline":"La Comisi\u00f3n de Asuntos Ciudadanos visita la sede del Equipo Municipal de Atenci\u00f3n a Domicilio compuesto en estos momentos por 173 personas","datePublished":"2017-10-20T11:18:33+00:00","mainEntityOfPage":{"@id":"https:\/\/www.laguiadepamplona.com\/actualidad\/la-comision-de-asuntos-ciudadanos-visita-la-sede-del-equipo-municipal-de-atencion-a-domicilio-compuesto-en-estos-momentos-por-173-personas\/"},"wordCount":1020,"commentCount":0,"publisher":{"@id":"https:\/\/www.laguiadepamplona.com\/actualidad\/#organization"},"image":{"@id":"https:\/\/www.laguiadepamplona.com\/actualidad\/la-comision-de-asuntos-ciudadanos-visita-la-sede-del-equipo-municipal-de-atencion-a-domicilio-compuesto-en-estos-momentos-por-173-personas\/#primaryimage"},"thumbnailUrl":"https:\/\/www.laguiadepamplona.com\/actualidad\/wp-content\/uploads\/2017\/10\/17.10.20_Visita-EMAD.jpg","articleSection":["Ayto Pamplona"],"inLanguage":"es","potentialAction":[{"@type":"CommentAction","name":"Comment","target":["https:\/\/www.laguiadepamplona.com\/actualidad\/la-comision-de-asuntos-ciudadanos-visita-la-sede-del-equipo-municipal-de-atencion-a-domicilio-compuesto-en-estos-momentos-por-173-personas\/#respond"]}]},{"@type":"WebPage","@id":"https:\/\/www.laguiadepamplona.com\/actualidad\/la-comision-de-asuntos-ciudadanos-visita-la-sede-del-equipo-municipal-de-atencion-a-domicilio-compuesto-en-estos-momentos-por-173-personas\/","url":"https:\/\/www.laguiadepamplona.com\/actualidad\/la-comision-de-asuntos-ciudadanos-visita-la-sede-del-equipo-municipal-de-atencion-a-domicilio-compuesto-en-estos-momentos-por-173-personas\/","name":"La Comisi\u00f3n de Asuntos Ciudadanos visita la sede del Equipo Municipal de Atenci\u00f3n a Domicilio compuesto en estos momentos por 173 personas","isPartOf":{"@id":"https:\/\/www.laguiadepamplona.com\/actualidad\/#website"},"primaryImageOfPage":{"@id":"https:\/\/www.laguiadepamplona.com\/actualidad\/la-comision-de-asuntos-ciudadanos-visita-la-sede-del-equipo-municipal-de-atencion-a-domicilio-compuesto-en-estos-momentos-por-173-personas\/#primaryimage"},"image":{"@id":"https:\/\/www.laguiadepamplona.com\/actualidad\/la-comision-de-asuntos-ciudadanos-visita-la-sede-del-equipo-municipal-de-atencion-a-domicilio-compuesto-en-estos-momentos-por-173-personas\/#primaryimage"},"thumbnailUrl":"https:\/\/www.laguiadepamplona.com\/actualidad\/wp-content\/uploads\/2017\/10\/17.10.20_Visita-EMAD.jpg","datePublished":"2017-10-20T11:18:33+00:00","breadcrumb":{"@id":"https:\/\/www.laguiadepamplona.com\/actualidad\/la-comision-de-asuntos-ciudadanos-visita-la-sede-del-equipo-municipal-de-atencion-a-domicilio-compuesto-en-estos-momentos-por-173-personas\/#breadcrumb"},"inLanguage":"es","potentialAction":[{"@type":"ReadAction","target":["https:\/\/www.laguiadepamplona.com\/actualidad\/la-comision-de-asuntos-ciudadanos-visita-la-sede-del-equipo-municipal-de-atencion-a-domicilio-compuesto-en-estos-momentos-por-173-personas\/"]}]},{"@type":"ImageObject","inLanguage":"es","@id":"https:\/\/www.laguiadepamplona.com\/actualidad\/la-comision-de-asuntos-ciudadanos-visita-la-sede-del-equipo-municipal-de-atencion-a-domicilio-compuesto-en-estos-momentos-por-173-personas\/#primaryimage","url":"https:\/\/www.laguiadepamplona.com\/actualidad\/wp-content\/uploads\/2017\/10\/17.10.20_Visita-EMAD.jpg","contentUrl":"https:\/\/www.laguiadepamplona.com\/actualidad\/wp-content\/uploads\/2017\/10\/17.10.20_Visita-EMAD.jpg","width":1000,"height":666},{"@type":"BreadcrumbList","@id":"https:\/\/www.laguiadepamplona.com\/actualidad\/la-comision-de-asuntos-ciudadanos-visita-la-sede-del-equipo-municipal-de-atencion-a-domicilio-compuesto-en-estos-momentos-por-173-personas\/#breadcrumb","itemListElement":[{"@type":"ListItem","position":1,"name":"Portada","item":"https:\/\/www.laguiadepamplona.com\/actualidad\/"},{"@type":"ListItem","position":2,"name":"La Comisi\u00f3n de Asuntos Ciudadanos visita la sede del Equipo Municipal de Atenci\u00f3n a Domicilio compuesto en estos momentos por 173 personas"}]},{"@type":"WebSite","@id":"https:\/\/www.laguiadepamplona.com\/actualidad\/#website","url":"https:\/\/www.laguiadepamplona.com\/actualidad\/","name":"La gu\u00eda de Pamplona","description":"Noticias de Pamplona","publisher":{"@id":"https:\/\/www.laguiadepamplona.com\/actualidad\/#organization"},"potentialAction":[{"@type":"SearchAction","target":{"@type":"EntryPoint","urlTemplate":"https:\/\/www.laguiadepamplona.com\/actualidad\/?s={search_term_string}"},"query-input":{"@type":"PropertyValueSpecification","valueRequired":true,"valueName":"search_term_string"}}],"inLanguage":"es"},{"@type":"Organization","@id":"https:\/\/www.laguiadepamplona.com\/actualidad\/#organization","name":"La Gu\u00eda de Pamplona \/ Noticias","url":"https:\/\/www.laguiadepamplona.com\/actualidad\/","logo":{"@type":"ImageObject","inLanguage":"es","@id":"https:\/\/www.laguiadepamplona.com\/actualidad\/#\/schema\/logo\/image\/","url":"https:\/\/www.laguiadepamplona.com\/actualidad\/wp-content\/uploads\/2018\/11\/logo-laguiadepamplona18-web1.png","contentUrl":"https:\/\/www.laguiadepamplona.com\/actualidad\/wp-content\/uploads\/2018\/11\/logo-laguiadepamplona18-web1.png","width":600,"height":196,"caption":"La Gu\u00eda de Pamplona \/ Noticias"},"image":{"@id":"https:\/\/www.laguiadepamplona.com\/actualidad\/#\/schema\/logo\/image\/"},"sameAs":["https:\/\/www.facebook.com\/laguiadepamplonacom-133175176762273\/?ref=hl","https:\/\/x.com\/LaGuiadPamplona","https:\/\/www.instagram.com\/la_guia_de_pamplona\/","https:\/\/www.youtube.com\/user\/laguiadepamplona"]},{"@type":"Person","@id":"https:\/\/www.laguiadepamplona.com\/actualidad\/#\/schema\/person\/efe887376f0213d4657c93adc50b1fdb","name":"La Gu\u00eda de Pamplona","image":{"@type":"ImageObject","inLanguage":"es","@id":"https:\/\/secure.gravatar.com\/avatar\/b6992f131dc8d30ab0dff15446e9d346d9dbd95992de0fef795073f5ea83a81c?s=96&d=mm&r=g","url":"https:\/\/secure.gravatar.com\/avatar\/b6992f131dc8d30ab0dff15446e9d346d9dbd95992de0fef795073f5ea83a81c?s=96&d=mm&r=g","contentUrl":"https:\/\/secure.gravatar.com\/avatar\/b6992f131dc8d30ab0dff15446e9d346d9dbd95992de0fef795073f5ea83a81c?s=96&d=mm&r=g","caption":"La Gu\u00eda de Pamplona"}}]}},"post_mailing_queue_ids":[],"_links":{"self":[{"href":"https:\/\/www.laguiadepamplona.com\/actualidad\/wp-json\/wp\/v2\/posts\/14755","targetHints":{"allow":["GET"]}}],"collection":[{"href":"https:\/\/www.laguiadepamplona.com\/actualidad\/wp-json\/wp\/v2\/posts"}],"about":[{"href":"https:\/\/www.laguiadepamplona.com\/actualidad\/wp-json\/wp\/v2\/types\/post"}],"author":[{"embeddable":true,"href":"https:\/\/www.laguiadepamplona.com\/actualidad\/wp-json\/wp\/v2\/users\/1"}],"replies":[{"embeddable":true,"href":"https:\/\/www.laguiadepamplona.com\/actualidad\/wp-json\/wp\/v2\/comments?post=14755"}],"version-history":[{"count":0,"href":"https:\/\/www.laguiadepamplona.com\/actualidad\/wp-json\/wp\/v2\/posts\/14755\/revisions"}],"wp:featuredmedia":[{"embeddable":true,"href":"https:\/\/www.laguiadepamplona.com\/actualidad\/wp-json\/wp\/v2\/media\/14756"}],"wp:attachment":[{"href":"https:\/\/www.laguiadepamplona.com\/actualidad\/wp-json\/wp\/v2\/media?parent=14755"}],"wp:term":[{"taxonomy":"category","embeddable":true,"href":"https:\/\/www.laguiadepamplona.com\/actualidad\/wp-json\/wp\/v2\/categories?post=14755"},{"taxonomy":"post_tag","embeddable":true,"href":"https:\/\/www.laguiadepamplona.com\/actualidad\/wp-json\/wp\/v2\/tags?post=14755"}],"curies":[{"name":"wp","href":"https:\/\/api.w.org\/{rel}","templated":true}]}}