{"id":14745,"date":"2017-10-20T11:18:58","date_gmt":"2017-10-20T10:18:58","guid":{"rendered":"http:\/\/laguiadepamplona.es\/actualidad\/?p=14745"},"modified":"2017-10-20T11:18:58","modified_gmt":"2017-10-20T10:18:58","slug":"el-lunes-comienzan-en-civivox-san-jorge-las-conferencias-del-seminario-sobre-crecimiento-personal-que-abordara-este-cuatrimestre-los-retos-para-ser-tu-propio-coach","status":"publish","type":"post","link":"https:\/\/www.laguiadepamplona.com\/actualidad\/el-lunes-comienzan-en-civivox-san-jorge-las-conferencias-del-seminario-sobre-crecimiento-personal-que-abordara-este-cuatrimestre-los-retos-para-ser-tu-propio-coach\/","title":{"rendered":"El lunes comienzan en Civivox San Jorge las conferencias del seminario sobre crecimiento personal que abordar\u00e1 este cuatrimestre los retos para ser tu propio coach"},"content":{"rendered":"<h3>La primera charla, a las 19 horas con entrada libre, analizar\u00e1 c\u00f3mo entrenar la mente para alcanzar las metas<\/h3>\n<p><!--more--><\/p>\n<p>Civivox San Jorge acoge este lunes la primera charla del seminario de crecimiento personal \u201cRetos diarios: claves para ser tu propi@ coach\u2019, que se impartir\u00e1 en tres sesiones durante el pr\u00f3ximo cuatrimestre. El seminario tratar\u00e1 aspectos como la comunicaci\u00f3n personal, la superaci\u00f3n de las frustraciones o la importancia del entorno social. La entrada es libre, previa retirada de invitaciones desde una hora antes del comienzo, y la actividad est\u00e1 adaptada a personas con discapacidad auditiva.<\/p>\n<p>Durante esta primera sesi\u00f3n, a las 19 horas, se abordar\u00e1n desde una mirada psicol\u00f3gica las claves necesarias que ayuden a cada persona a definir qu\u00e9 quiere y c\u00f3mo alcanzar ese objetivo. Se trata as\u00ed de evitar la frustraci\u00f3n a la hora de afrontar prop\u00f3sitos y de aprender a no quedarse a medio camino a la hora de llevar a cabo las metas que cada uno se propone. La charla estar\u00e1 impartida por las psic\u00f3logas Alexandra Crettaz y Nuria Pozueta.<\/p>\n<p>La segunda cita de este seminario de crecimiento personal tendr\u00e1 lugar el lunes 20 de noviembre, tambi\u00e9n en Civivox San Jorge, a las 19 horas. Bajo el t\u00edtulo \u2018H\u00e1blate&#8230; y hazlo bien: educa el pensamiento\u2019 se hablar\u00e1 de comunicaci\u00f3n personal, de c\u00f3mo se trata uno mismo. Y es que habitualmente se pone mucho esmero es cuidar la relaci\u00f3n con los dem\u00e1s y las habilidades sociales, sin vigilar esa voz interior de uno mismo con la que mantenemos largas conservaciones vitales. La charla la impartir\u00e1 Cristina Ochoa, periodista especializada en habilidades de comunicaci\u00f3n.<\/p>\n<p>El ciclo concluir\u00e1 el 22 de enero con una conferencia en euskera a cargo del soci\u00f3logo Jos\u00e9 Luis V\u00e1zquez. Adem\u00e1s de las herramientas que podemos emplear para modificar h\u00e1bitos o cambiar ideas, hay que tener en cuenta que las personas vivimos rodeadas de circunstancias y que ellas tambi\u00e9n participan en la vida personal de cada individuo.<\/p>\n<p>&nbsp;<\/p>\n<p><strong>Seminario Crecimiento personal. Retos diarios: claves para ser tu propi@ coach<\/strong><\/p>\n<p><strong>Lunes 23 de octubre. 19 horas Civivox San Jorge <\/strong><\/p>\n<ul>\n<li><strong>Del querer al hacer: entrena tu mente, alcanza tus metas<\/strong><\/li>\n<li>Ponentes: Alexandra Crettaz y Nuria Pozueta, psic\u00f3logas.<\/li>\n<li>Actividad adaptada para personas con discapacidad auditiva. Entrada libre, previa retirada de invitaci\u00f3n (una hora antes del comienzo de la actividad. Dos invitaciones\/persona).<\/li>\n<\/ul>\n<p><strong>Lunes 20 de noviembre. 19 horas Civivox San Jorge <\/strong><\/p>\n<ul>\n<li><strong>H\u00e1blate&#8230; y hazlo bien: educa el pensamiento<\/strong><\/li>\n<li>Ponente: Cristina Ochoa, periodista especializada en habilidades de comunicaci\u00f3n<\/li>\n<li>Actividad adaptada para personas con discapacidad auditiva. Entrada libre, previa retirada de invitaci\u00f3n (una hora antes del comienzo de la actividad. Dos invitaciones\/persona).<\/li>\n<\/ul>\n<p><strong>Lunes 22 de enero. 19 horas Civivox San Jorge <\/strong><\/p>\n<ul>\n<li><strong>Adigabeak, hunkitzeko ahalmena galtzen dugu<\/strong><\/li>\n<li>Ponente: Jos\u00e9 Luis V\u00e1zquez, soci\u00f3logo<\/li>\n<li>Actividad adaptada para personas con discapacidad auditiva. Entrada libre, previa retirada de invitaci\u00f3n (una hora antes del comienzo de la actividad. Dos invitaciones\/persona).<\/li>\n<\/ul>\n<p>&nbsp;<\/p>\n","protected":false},"excerpt":{"rendered":"<p>La primera charla, a las 19 horas con entrada libre, analizar\u00e1 c\u00f3mo entrenar la mente para alcanzar las metas<\/p>\n","protected":false},"author":1,"featured_media":11047,"comment_status":"open","ping_status":"closed","sticky":false,"template":"","format":"standard","meta":{"footnotes":""},"categories":[2],"tags":[],"class_list":["post-14745","post","type-post","status-publish","format-standard","has-post-thumbnail","hentry","category-ayuntamiento-pamplona"],"yoast_head":"<!-- This site is optimized with the Yoast SEO plugin v27.5 - https:\/\/yoast.com\/product\/yoast-seo-wordpress\/ -->\n<title>El lunes comienzan en Civivox San Jorge las conferencias del seminario sobre crecimiento personal que abordar\u00e1 este cuatrimestre los retos para ser tu propio coach<\/title>\n<meta name=\"robots\" content=\"index, follow, max-snippet:-1, max-image-preview:large, max-video-preview:-1\" \/>\n<link rel=\"canonical\" href=\"https:\/\/www.laguiadepamplona.com\/actualidad\/el-lunes-comienzan-en-civivox-san-jorge-las-conferencias-del-seminario-sobre-crecimiento-personal-que-abordara-este-cuatrimestre-los-retos-para-ser-tu-propio-coach\/\" \/>\n<meta property=\"og:locale\" content=\"es_ES\" \/>\n<meta property=\"og:type\" content=\"article\" \/>\n<meta property=\"og:title\" content=\"El lunes comienzan en Civivox San Jorge las conferencias del seminario sobre crecimiento personal que abordar\u00e1 este cuatrimestre los retos para ser tu propio coach\" \/>\n<meta property=\"og:description\" content=\"La primera charla, a las 19 horas con entrada libre, analizar\u00e1 c\u00f3mo entrenar la mente para alcanzar las metas\" \/>\n<meta property=\"og:url\" content=\"https:\/\/www.laguiadepamplona.com\/actualidad\/el-lunes-comienzan-en-civivox-san-jorge-las-conferencias-del-seminario-sobre-crecimiento-personal-que-abordara-este-cuatrimestre-los-retos-para-ser-tu-propio-coach\/\" \/>\n<meta property=\"og:site_name\" content=\"La Gu\u00eda de Pamplona\" \/>\n<meta property=\"article:publisher\" content=\"https:\/\/www.facebook.com\/laguiadepamplonacom-133175176762273\/?ref=hl\" \/>\n<meta property=\"article:published_time\" content=\"2017-10-20T10:18:58+00:00\" \/>\n<meta property=\"og:image\" content=\"https:\/\/www.laguiadepamplona.com\/actualidad\/wp-content\/uploads\/2016\/12\/civivox-san-jorge.jpg\" \/>\n\t<meta property=\"og:image:width\" content=\"900\" \/>\n\t<meta property=\"og:image:height\" content=\"675\" \/>\n\t<meta property=\"og:image:type\" content=\"image\/jpeg\" \/>\n<meta name=\"author\" content=\"La Gu\u00eda de Pamplona\" \/>\n<meta name=\"twitter:card\" content=\"summary_large_image\" \/>\n<meta name=\"twitter:creator\" content=\"@LaGuiadPamplona\" \/>\n<meta name=\"twitter:site\" content=\"@LaGuiadPamplona\" \/>\n<meta name=\"twitter:label1\" content=\"Escrito por\" \/>\n\t<meta name=\"twitter:data1\" content=\"La Gu\u00eda de Pamplona\" \/>\n\t<meta name=\"twitter:label2\" content=\"Tiempo de lectura\" \/>\n\t<meta name=\"twitter:data2\" content=\"2 minutos\" \/>\n<script type=\"application\/ld+json\" class=\"yoast-schema-graph\">{\"@context\":\"https:\\\/\\\/schema.org\",\"@graph\":[{\"@type\":\"Article\",\"@id\":\"https:\\\/\\\/www.laguiadepamplona.com\\\/actualidad\\\/el-lunes-comienzan-en-civivox-san-jorge-las-conferencias-del-seminario-sobre-crecimiento-personal-que-abordara-este-cuatrimestre-los-retos-para-ser-tu-propio-coach\\\/#article\",\"isPartOf\":{\"@id\":\"https:\\\/\\\/www.laguiadepamplona.com\\\/actualidad\\\/el-lunes-comienzan-en-civivox-san-jorge-las-conferencias-del-seminario-sobre-crecimiento-personal-que-abordara-este-cuatrimestre-los-retos-para-ser-tu-propio-coach\\\/\"},\"author\":{\"name\":\"La Gu\u00eda de Pamplona\",\"@id\":\"https:\\\/\\\/www.laguiadepamplona.com\\\/actualidad\\\/#\\\/schema\\\/person\\\/efe887376f0213d4657c93adc50b1fdb\"},\"headline\":\"El lunes comienzan en Civivox San Jorge las conferencias del seminario sobre crecimiento personal que abordar\u00e1 este cuatrimestre los retos para ser tu propio coach\",\"datePublished\":\"2017-10-20T10:18:58+00:00\",\"mainEntityOfPage\":{\"@id\":\"https:\\\/\\\/www.laguiadepamplona.com\\\/actualidad\\\/el-lunes-comienzan-en-civivox-san-jorge-las-conferencias-del-seminario-sobre-crecimiento-personal-que-abordara-este-cuatrimestre-los-retos-para-ser-tu-propio-coach\\\/\"},\"wordCount\":522,\"commentCount\":0,\"publisher\":{\"@id\":\"https:\\\/\\\/www.laguiadepamplona.com\\\/actualidad\\\/#organization\"},\"image\":{\"@id\":\"https:\\\/\\\/www.laguiadepamplona.com\\\/actualidad\\\/el-lunes-comienzan-en-civivox-san-jorge-las-conferencias-del-seminario-sobre-crecimiento-personal-que-abordara-este-cuatrimestre-los-retos-para-ser-tu-propio-coach\\\/#primaryimage\"},\"thumbnailUrl\":\"https:\\\/\\\/www.laguiadepamplona.com\\\/actualidad\\\/wp-content\\\/uploads\\\/2016\\\/12\\\/civivox-san-jorge.jpg\",\"articleSection\":[\"Ayto Pamplona\"],\"inLanguage\":\"es\",\"potentialAction\":[{\"@type\":\"CommentAction\",\"name\":\"Comment\",\"target\":[\"https:\\\/\\\/www.laguiadepamplona.com\\\/actualidad\\\/el-lunes-comienzan-en-civivox-san-jorge-las-conferencias-del-seminario-sobre-crecimiento-personal-que-abordara-este-cuatrimestre-los-retos-para-ser-tu-propio-coach\\\/#respond\"]}]},{\"@type\":\"WebPage\",\"@id\":\"https:\\\/\\\/www.laguiadepamplona.com\\\/actualidad\\\/el-lunes-comienzan-en-civivox-san-jorge-las-conferencias-del-seminario-sobre-crecimiento-personal-que-abordara-este-cuatrimestre-los-retos-para-ser-tu-propio-coach\\\/\",\"url\":\"https:\\\/\\\/www.laguiadepamplona.com\\\/actualidad\\\/el-lunes-comienzan-en-civivox-san-jorge-las-conferencias-del-seminario-sobre-crecimiento-personal-que-abordara-este-cuatrimestre-los-retos-para-ser-tu-propio-coach\\\/\",\"name\":\"El lunes comienzan en Civivox San Jorge las conferencias del seminario sobre crecimiento personal que abordar\u00e1 este cuatrimestre los retos para ser tu propio coach\",\"isPartOf\":{\"@id\":\"https:\\\/\\\/www.laguiadepamplona.com\\\/actualidad\\\/#website\"},\"primaryImageOfPage\":{\"@id\":\"https:\\\/\\\/www.laguiadepamplona.com\\\/actualidad\\\/el-lunes-comienzan-en-civivox-san-jorge-las-conferencias-del-seminario-sobre-crecimiento-personal-que-abordara-este-cuatrimestre-los-retos-para-ser-tu-propio-coach\\\/#primaryimage\"},\"image\":{\"@id\":\"https:\\\/\\\/www.laguiadepamplona.com\\\/actualidad\\\/el-lunes-comienzan-en-civivox-san-jorge-las-conferencias-del-seminario-sobre-crecimiento-personal-que-abordara-este-cuatrimestre-los-retos-para-ser-tu-propio-coach\\\/#primaryimage\"},\"thumbnailUrl\":\"https:\\\/\\\/www.laguiadepamplona.com\\\/actualidad\\\/wp-content\\\/uploads\\\/2016\\\/12\\\/civivox-san-jorge.jpg\",\"datePublished\":\"2017-10-20T10:18:58+00:00\",\"breadcrumb\":{\"@id\":\"https:\\\/\\\/www.laguiadepamplona.com\\\/actualidad\\\/el-lunes-comienzan-en-civivox-san-jorge-las-conferencias-del-seminario-sobre-crecimiento-personal-que-abordara-este-cuatrimestre-los-retos-para-ser-tu-propio-coach\\\/#breadcrumb\"},\"inLanguage\":\"es\",\"potentialAction\":[{\"@type\":\"ReadAction\",\"target\":[\"https:\\\/\\\/www.laguiadepamplona.com\\\/actualidad\\\/el-lunes-comienzan-en-civivox-san-jorge-las-conferencias-del-seminario-sobre-crecimiento-personal-que-abordara-este-cuatrimestre-los-retos-para-ser-tu-propio-coach\\\/\"]}]},{\"@type\":\"ImageObject\",\"inLanguage\":\"es\",\"@id\":\"https:\\\/\\\/www.laguiadepamplona.com\\\/actualidad\\\/el-lunes-comienzan-en-civivox-san-jorge-las-conferencias-del-seminario-sobre-crecimiento-personal-que-abordara-este-cuatrimestre-los-retos-para-ser-tu-propio-coach\\\/#primaryimage\",\"url\":\"https:\\\/\\\/www.laguiadepamplona.com\\\/actualidad\\\/wp-content\\\/uploads\\\/2016\\\/12\\\/civivox-san-jorge.jpg\",\"contentUrl\":\"https:\\\/\\\/www.laguiadepamplona.com\\\/actualidad\\\/wp-content\\\/uploads\\\/2016\\\/12\\\/civivox-san-jorge.jpg\",\"width\":900,\"height\":675},{\"@type\":\"BreadcrumbList\",\"@id\":\"https:\\\/\\\/www.laguiadepamplona.com\\\/actualidad\\\/el-lunes-comienzan-en-civivox-san-jorge-las-conferencias-del-seminario-sobre-crecimiento-personal-que-abordara-este-cuatrimestre-los-retos-para-ser-tu-propio-coach\\\/#breadcrumb\",\"itemListElement\":[{\"@type\":\"ListItem\",\"position\":1,\"name\":\"Portada\",\"item\":\"https:\\\/\\\/www.laguiadepamplona.com\\\/actualidad\\\/\"},{\"@type\":\"ListItem\",\"position\":2,\"name\":\"El lunes comienzan en Civivox San Jorge las conferencias del seminario sobre crecimiento personal que abordar\u00e1 este cuatrimestre los retos para ser tu propio coach\"}]},{\"@type\":\"WebSite\",\"@id\":\"https:\\\/\\\/www.laguiadepamplona.com\\\/actualidad\\\/#website\",\"url\":\"https:\\\/\\\/www.laguiadepamplona.com\\\/actualidad\\\/\",\"name\":\"La gu\u00eda de Pamplona\",\"description\":\"Noticias de Pamplona\",\"publisher\":{\"@id\":\"https:\\\/\\\/www.laguiadepamplona.com\\\/actualidad\\\/#organization\"},\"potentialAction\":[{\"@type\":\"SearchAction\",\"target\":{\"@type\":\"EntryPoint\",\"urlTemplate\":\"https:\\\/\\\/www.laguiadepamplona.com\\\/actualidad\\\/?s={search_term_string}\"},\"query-input\":{\"@type\":\"PropertyValueSpecification\",\"valueRequired\":true,\"valueName\":\"search_term_string\"}}],\"inLanguage\":\"es\"},{\"@type\":\"Organization\",\"@id\":\"https:\\\/\\\/www.laguiadepamplona.com\\\/actualidad\\\/#organization\",\"name\":\"La Gu\u00eda de Pamplona \\\/ Noticias\",\"url\":\"https:\\\/\\\/www.laguiadepamplona.com\\\/actualidad\\\/\",\"logo\":{\"@type\":\"ImageObject\",\"inLanguage\":\"es\",\"@id\":\"https:\\\/\\\/www.laguiadepamplona.com\\\/actualidad\\\/#\\\/schema\\\/logo\\\/image\\\/\",\"url\":\"https:\\\/\\\/www.laguiadepamplona.com\\\/actualidad\\\/wp-content\\\/uploads\\\/2018\\\/11\\\/logo-laguiadepamplona18-web1.png\",\"contentUrl\":\"https:\\\/\\\/www.laguiadepamplona.com\\\/actualidad\\\/wp-content\\\/uploads\\\/2018\\\/11\\\/logo-laguiadepamplona18-web1.png\",\"width\":600,\"height\":196,\"caption\":\"La Gu\u00eda de Pamplona \\\/ Noticias\"},\"image\":{\"@id\":\"https:\\\/\\\/www.laguiadepamplona.com\\\/actualidad\\\/#\\\/schema\\\/logo\\\/image\\\/\"},\"sameAs\":[\"https:\\\/\\\/www.facebook.com\\\/laguiadepamplonacom-133175176762273\\\/?ref=hl\",\"https:\\\/\\\/x.com\\\/LaGuiadPamplona\",\"https:\\\/\\\/www.instagram.com\\\/la_guia_de_pamplona\\\/\",\"https:\\\/\\\/www.youtube.com\\\/user\\\/laguiadepamplona\"]},{\"@type\":\"Person\",\"@id\":\"https:\\\/\\\/www.laguiadepamplona.com\\\/actualidad\\\/#\\\/schema\\\/person\\\/efe887376f0213d4657c93adc50b1fdb\",\"name\":\"La Gu\u00eda de Pamplona\",\"image\":{\"@type\":\"ImageObject\",\"inLanguage\":\"es\",\"@id\":\"https:\\\/\\\/secure.gravatar.com\\\/avatar\\\/b6992f131dc8d30ab0dff15446e9d346d9dbd95992de0fef795073f5ea83a81c?s=96&d=mm&r=g\",\"url\":\"https:\\\/\\\/secure.gravatar.com\\\/avatar\\\/b6992f131dc8d30ab0dff15446e9d346d9dbd95992de0fef795073f5ea83a81c?s=96&d=mm&r=g\",\"contentUrl\":\"https:\\\/\\\/secure.gravatar.com\\\/avatar\\\/b6992f131dc8d30ab0dff15446e9d346d9dbd95992de0fef795073f5ea83a81c?s=96&d=mm&r=g\",\"caption\":\"La Gu\u00eda de Pamplona\"}}]}<\/script>\n<!-- \/ Yoast SEO plugin. -->","yoast_head_json":{"title":"El lunes comienzan en Civivox San Jorge las conferencias del seminario sobre crecimiento personal que abordar\u00e1 este cuatrimestre los retos para ser tu propio coach","robots":{"index":"index","follow":"follow","max-snippet":"max-snippet:-1","max-image-preview":"max-image-preview:large","max-video-preview":"max-video-preview:-1"},"canonical":"https:\/\/www.laguiadepamplona.com\/actualidad\/el-lunes-comienzan-en-civivox-san-jorge-las-conferencias-del-seminario-sobre-crecimiento-personal-que-abordara-este-cuatrimestre-los-retos-para-ser-tu-propio-coach\/","og_locale":"es_ES","og_type":"article","og_title":"El lunes comienzan en Civivox San Jorge las conferencias del seminario sobre crecimiento personal que abordar\u00e1 este cuatrimestre los retos para ser tu propio coach","og_description":"La primera charla, a las 19 horas con entrada libre, analizar\u00e1 c\u00f3mo entrenar la mente para alcanzar las metas","og_url":"https:\/\/www.laguiadepamplona.com\/actualidad\/el-lunes-comienzan-en-civivox-san-jorge-las-conferencias-del-seminario-sobre-crecimiento-personal-que-abordara-este-cuatrimestre-los-retos-para-ser-tu-propio-coach\/","og_site_name":"La Gu\u00eda de Pamplona","article_publisher":"https:\/\/www.facebook.com\/laguiadepamplonacom-133175176762273\/?ref=hl","article_published_time":"2017-10-20T10:18:58+00:00","og_image":[{"width":900,"height":675,"url":"https:\/\/www.laguiadepamplona.com\/actualidad\/wp-content\/uploads\/2016\/12\/civivox-san-jorge.jpg","type":"image\/jpeg"}],"author":"La Gu\u00eda de Pamplona","twitter_card":"summary_large_image","twitter_creator":"@LaGuiadPamplona","twitter_site":"@LaGuiadPamplona","twitter_misc":{"Escrito por":"La Gu\u00eda de Pamplona","Tiempo de lectura":"2 minutos"},"schema":{"@context":"https:\/\/schema.org","@graph":[{"@type":"Article","@id":"https:\/\/www.laguiadepamplona.com\/actualidad\/el-lunes-comienzan-en-civivox-san-jorge-las-conferencias-del-seminario-sobre-crecimiento-personal-que-abordara-este-cuatrimestre-los-retos-para-ser-tu-propio-coach\/#article","isPartOf":{"@id":"https:\/\/www.laguiadepamplona.com\/actualidad\/el-lunes-comienzan-en-civivox-san-jorge-las-conferencias-del-seminario-sobre-crecimiento-personal-que-abordara-este-cuatrimestre-los-retos-para-ser-tu-propio-coach\/"},"author":{"name":"La Gu\u00eda de Pamplona","@id":"https:\/\/www.laguiadepamplona.com\/actualidad\/#\/schema\/person\/efe887376f0213d4657c93adc50b1fdb"},"headline":"El lunes comienzan en Civivox San Jorge las conferencias del seminario sobre crecimiento personal que abordar\u00e1 este cuatrimestre los retos para ser tu propio coach","datePublished":"2017-10-20T10:18:58+00:00","mainEntityOfPage":{"@id":"https:\/\/www.laguiadepamplona.com\/actualidad\/el-lunes-comienzan-en-civivox-san-jorge-las-conferencias-del-seminario-sobre-crecimiento-personal-que-abordara-este-cuatrimestre-los-retos-para-ser-tu-propio-coach\/"},"wordCount":522,"commentCount":0,"publisher":{"@id":"https:\/\/www.laguiadepamplona.com\/actualidad\/#organization"},"image":{"@id":"https:\/\/www.laguiadepamplona.com\/actualidad\/el-lunes-comienzan-en-civivox-san-jorge-las-conferencias-del-seminario-sobre-crecimiento-personal-que-abordara-este-cuatrimestre-los-retos-para-ser-tu-propio-coach\/#primaryimage"},"thumbnailUrl":"https:\/\/www.laguiadepamplona.com\/actualidad\/wp-content\/uploads\/2016\/12\/civivox-san-jorge.jpg","articleSection":["Ayto Pamplona"],"inLanguage":"es","potentialAction":[{"@type":"CommentAction","name":"Comment","target":["https:\/\/www.laguiadepamplona.com\/actualidad\/el-lunes-comienzan-en-civivox-san-jorge-las-conferencias-del-seminario-sobre-crecimiento-personal-que-abordara-este-cuatrimestre-los-retos-para-ser-tu-propio-coach\/#respond"]}]},{"@type":"WebPage","@id":"https:\/\/www.laguiadepamplona.com\/actualidad\/el-lunes-comienzan-en-civivox-san-jorge-las-conferencias-del-seminario-sobre-crecimiento-personal-que-abordara-este-cuatrimestre-los-retos-para-ser-tu-propio-coach\/","url":"https:\/\/www.laguiadepamplona.com\/actualidad\/el-lunes-comienzan-en-civivox-san-jorge-las-conferencias-del-seminario-sobre-crecimiento-personal-que-abordara-este-cuatrimestre-los-retos-para-ser-tu-propio-coach\/","name":"El lunes comienzan en Civivox San Jorge las conferencias del seminario sobre crecimiento personal que abordar\u00e1 este cuatrimestre los retos para ser tu propio coach","isPartOf":{"@id":"https:\/\/www.laguiadepamplona.com\/actualidad\/#website"},"primaryImageOfPage":{"@id":"https:\/\/www.laguiadepamplona.com\/actualidad\/el-lunes-comienzan-en-civivox-san-jorge-las-conferencias-del-seminario-sobre-crecimiento-personal-que-abordara-este-cuatrimestre-los-retos-para-ser-tu-propio-coach\/#primaryimage"},"image":{"@id":"https:\/\/www.laguiadepamplona.com\/actualidad\/el-lunes-comienzan-en-civivox-san-jorge-las-conferencias-del-seminario-sobre-crecimiento-personal-que-abordara-este-cuatrimestre-los-retos-para-ser-tu-propio-coach\/#primaryimage"},"thumbnailUrl":"https:\/\/www.laguiadepamplona.com\/actualidad\/wp-content\/uploads\/2016\/12\/civivox-san-jorge.jpg","datePublished":"2017-10-20T10:18:58+00:00","breadcrumb":{"@id":"https:\/\/www.laguiadepamplona.com\/actualidad\/el-lunes-comienzan-en-civivox-san-jorge-las-conferencias-del-seminario-sobre-crecimiento-personal-que-abordara-este-cuatrimestre-los-retos-para-ser-tu-propio-coach\/#breadcrumb"},"inLanguage":"es","potentialAction":[{"@type":"ReadAction","target":["https:\/\/www.laguiadepamplona.com\/actualidad\/el-lunes-comienzan-en-civivox-san-jorge-las-conferencias-del-seminario-sobre-crecimiento-personal-que-abordara-este-cuatrimestre-los-retos-para-ser-tu-propio-coach\/"]}]},{"@type":"ImageObject","inLanguage":"es","@id":"https:\/\/www.laguiadepamplona.com\/actualidad\/el-lunes-comienzan-en-civivox-san-jorge-las-conferencias-del-seminario-sobre-crecimiento-personal-que-abordara-este-cuatrimestre-los-retos-para-ser-tu-propio-coach\/#primaryimage","url":"https:\/\/www.laguiadepamplona.com\/actualidad\/wp-content\/uploads\/2016\/12\/civivox-san-jorge.jpg","contentUrl":"https:\/\/www.laguiadepamplona.com\/actualidad\/wp-content\/uploads\/2016\/12\/civivox-san-jorge.jpg","width":900,"height":675},{"@type":"BreadcrumbList","@id":"https:\/\/www.laguiadepamplona.com\/actualidad\/el-lunes-comienzan-en-civivox-san-jorge-las-conferencias-del-seminario-sobre-crecimiento-personal-que-abordara-este-cuatrimestre-los-retos-para-ser-tu-propio-coach\/#breadcrumb","itemListElement":[{"@type":"ListItem","position":1,"name":"Portada","item":"https:\/\/www.laguiadepamplona.com\/actualidad\/"},{"@type":"ListItem","position":2,"name":"El lunes comienzan en Civivox San Jorge las conferencias del seminario sobre crecimiento personal que abordar\u00e1 este cuatrimestre los retos para ser tu propio coach"}]},{"@type":"WebSite","@id":"https:\/\/www.laguiadepamplona.com\/actualidad\/#website","url":"https:\/\/www.laguiadepamplona.com\/actualidad\/","name":"La gu\u00eda de Pamplona","description":"Noticias de Pamplona","publisher":{"@id":"https:\/\/www.laguiadepamplona.com\/actualidad\/#organization"},"potentialAction":[{"@type":"SearchAction","target":{"@type":"EntryPoint","urlTemplate":"https:\/\/www.laguiadepamplona.com\/actualidad\/?s={search_term_string}"},"query-input":{"@type":"PropertyValueSpecification","valueRequired":true,"valueName":"search_term_string"}}],"inLanguage":"es"},{"@type":"Organization","@id":"https:\/\/www.laguiadepamplona.com\/actualidad\/#organization","name":"La Gu\u00eda de Pamplona \/ Noticias","url":"https:\/\/www.laguiadepamplona.com\/actualidad\/","logo":{"@type":"ImageObject","inLanguage":"es","@id":"https:\/\/www.laguiadepamplona.com\/actualidad\/#\/schema\/logo\/image\/","url":"https:\/\/www.laguiadepamplona.com\/actualidad\/wp-content\/uploads\/2018\/11\/logo-laguiadepamplona18-web1.png","contentUrl":"https:\/\/www.laguiadepamplona.com\/actualidad\/wp-content\/uploads\/2018\/11\/logo-laguiadepamplona18-web1.png","width":600,"height":196,"caption":"La Gu\u00eda de Pamplona \/ Noticias"},"image":{"@id":"https:\/\/www.laguiadepamplona.com\/actualidad\/#\/schema\/logo\/image\/"},"sameAs":["https:\/\/www.facebook.com\/laguiadepamplonacom-133175176762273\/?ref=hl","https:\/\/x.com\/LaGuiadPamplona","https:\/\/www.instagram.com\/la_guia_de_pamplona\/","https:\/\/www.youtube.com\/user\/laguiadepamplona"]},{"@type":"Person","@id":"https:\/\/www.laguiadepamplona.com\/actualidad\/#\/schema\/person\/efe887376f0213d4657c93adc50b1fdb","name":"La Gu\u00eda de Pamplona","image":{"@type":"ImageObject","inLanguage":"es","@id":"https:\/\/secure.gravatar.com\/avatar\/b6992f131dc8d30ab0dff15446e9d346d9dbd95992de0fef795073f5ea83a81c?s=96&d=mm&r=g","url":"https:\/\/secure.gravatar.com\/avatar\/b6992f131dc8d30ab0dff15446e9d346d9dbd95992de0fef795073f5ea83a81c?s=96&d=mm&r=g","contentUrl":"https:\/\/secure.gravatar.com\/avatar\/b6992f131dc8d30ab0dff15446e9d346d9dbd95992de0fef795073f5ea83a81c?s=96&d=mm&r=g","caption":"La Gu\u00eda de Pamplona"}}]}},"post_mailing_queue_ids":[],"_links":{"self":[{"href":"https:\/\/www.laguiadepamplona.com\/actualidad\/wp-json\/wp\/v2\/posts\/14745","targetHints":{"allow":["GET"]}}],"collection":[{"href":"https:\/\/www.laguiadepamplona.com\/actualidad\/wp-json\/wp\/v2\/posts"}],"about":[{"href":"https:\/\/www.laguiadepamplona.com\/actualidad\/wp-json\/wp\/v2\/types\/post"}],"author":[{"embeddable":true,"href":"https:\/\/www.laguiadepamplona.com\/actualidad\/wp-json\/wp\/v2\/users\/1"}],"replies":[{"embeddable":true,"href":"https:\/\/www.laguiadepamplona.com\/actualidad\/wp-json\/wp\/v2\/comments?post=14745"}],"version-history":[{"count":0,"href":"https:\/\/www.laguiadepamplona.com\/actualidad\/wp-json\/wp\/v2\/posts\/14745\/revisions"}],"wp:featuredmedia":[{"embeddable":true,"href":"https:\/\/www.laguiadepamplona.com\/actualidad\/wp-json\/wp\/v2\/media\/11047"}],"wp:attachment":[{"href":"https:\/\/www.laguiadepamplona.com\/actualidad\/wp-json\/wp\/v2\/media?parent=14745"}],"wp:term":[{"taxonomy":"category","embeddable":true,"href":"https:\/\/www.laguiadepamplona.com\/actualidad\/wp-json\/wp\/v2\/categories?post=14745"},{"taxonomy":"post_tag","embeddable":true,"href":"https:\/\/www.laguiadepamplona.com\/actualidad\/wp-json\/wp\/v2\/tags?post=14745"}],"curies":[{"name":"wp","href":"https:\/\/api.w.org\/{rel}","templated":true}]}}