{"id":14741,"date":"2017-10-20T11:17:26","date_gmt":"2017-10-20T10:17:26","guid":{"rendered":"http:\/\/laguiadepamplona.es\/actualidad\/?p=14741"},"modified":"2017-10-20T11:17:26","modified_gmt":"2017-10-20T10:17:26","slug":"el-ayuntamiento-y-la-asociacion-de-comerciantes-del-ensanche-organizan-el-martes-una-jornada-con-experiencias-de-exito-en-el-comercio-de-proximidad","status":"publish","type":"post","link":"https:\/\/www.laguiadepamplona.com\/actualidad\/el-ayuntamiento-y-la-asociacion-de-comerciantes-del-ensanche-organizan-el-martes-una-jornada-con-experiencias-de-exito-en-el-comercio-de-proximidad\/","title":{"rendered":"El Ayuntamiento y la Asociaci\u00f3n de Comerciantes del Ensanche organizan, el martes, una jornada con experiencias de \u00e9xito en el comercio de proximidad"},"content":{"rendered":"<h3>Con entradas gratuitas disponibles en ticketea.com, el acto conmemora el XXV Aniversario de Ensanche \u00c1rea Comercial<\/h3>\n<p><!--more--><\/p>\n<p>El Ayuntamiento de Pamplona y la Asociaci\u00f3n de Comerciantes del Ensanche han organizado para el pr\u00f3ximo martes 24 de octubre una jornada que presentar\u00e1 experiencias de \u00e9xito en el comercio de proximidad. De esta manera se conmemorar\u00e1 el XXV Aniversario de Ensanche \u00c1rea Comercial. El acto se celebrar\u00e1 en Baluarte y comenzar\u00e1 a las 20 horas. Las entradas son gratuitas y ya se puede retirar a trav\u00e9s de ticketea.com en el enlace <a href=\"http:\/\/www.ticketea.com\/entradas-charla-jornada-de-comercio-urbano-retos-y-oportunidades\/\" target=\"_blank\" rel=\"noopener\">www.ticketea.com\/entradas-charla-jornada-de-comercio-urbano-retos-y-oportunidades\/<\/a>.<\/p>\n<p>A las 20 horas, la periodista Cristina Ochoa presentar\u00e1 el evento y dar\u00e1 paso a la bienvenida de la concejala delegada de Econom\u00eda Local Sostenible del Ayuntamiento de Pamplona, Patricia Perales, a todas las personas participantes. A continuaci\u00f3n, <em>Manuela <\/em><em>G\u00f3mez<\/em><strong><em>, <\/em><\/strong>propietaria de Frutas Manuela de Bilbao ofrecer\u00e1 una conferencia titulada \u00ab<strong>El sencillo puzzle de nueve piezas\u00bb. En ella explicar\u00e1 c\u00f3mo para alcanzar la <\/strong>rentabilidad hay que tener en cuenta la suma de clientes, animaci\u00f3n, difusi\u00f3n, proveedores, marcas, producto, personal y gesti\u00f3n.<\/p>\n<p>A las 20.45 horas intervendr\u00e1 <em>Sergio Bernu\u00e9s<\/em>, experto en orientar organizaciones y personas hacia el cliente. Asesor en procesos de cambio, trabaja metodolog\u00edas innovadoras basadas en la gesti\u00f3n relacional, la experiencia del cliente y el marketing interno. Hablar\u00e1 sobre \u201c<strong>Un cliente, una experiencia\u201d. La segunda conferencia estar\u00e1 seguida de la <\/strong>entrega de reconocimientos a los fundadores de la asociaci\u00f3n y a los \u00faltimos presidentes de la asociaci\u00f3n. En la clausura participar\u00e1 la directora del Departamento de Turismo y Comercio de Gobierno de Navarra, Maitena Ezkutari. Para finalizar se servir\u00e1 un \u00abVino &amp; snack\u00bb en la cafeter\u00eda de la Plaza de Baluarte \u00abCaf\u00e9 de Baluarte\u00bb.<\/p>\n<p>&nbsp;<\/p>\n<p><strong>Entradas para XXV Aniversario Ensanche \u00c1rea Comercial<\/strong><\/p>\n<ul>\n<li>00 h. Presentaci\u00f3n del evento por la periodista Cristina Ochoa<\/li>\n<li>05 h. Bienvenida de Patricia Perales, concejala de Econom\u00eda Local Sostenible del Ayuntamiento de Pamplona<\/li>\n<li>10 h. Conferencia de <em>Manuela G\u00f3mez<\/em><strong>, <\/strong>propietaria de Frutas Manuela de Bilbao. \u00ab<strong>El sencillo puzzle de nueve piezas\u00bb <\/strong><\/li>\n<li>45 h. Conferencia de <em>Sergio <\/em><em>Bernu\u00e9s<\/em>, experto en orientar organizaciones y personas hacia el cliente. <strong>\u201c<\/strong><strong>Un cliente, una experiencia\u201d<\/strong><\/li>\n<li>20 h. Entrega de reconocimientos a los fundadores de la asociaci\u00f3n<\/li>\n<li>30 h. Clausura del evento por Maitena Ezkutari, directora del Departamento de Turismo y Comercio de Gobierno de Navarra<\/li>\n<\/ul>\n<p>&nbsp;<\/p>\n","protected":false},"excerpt":{"rendered":"<p>Con entradas gratuitas disponibles en ticketea.com, el acto conmemora el XXV Aniversario de Ensanche \u00c1rea Comercial<\/p>\n","protected":false},"author":1,"featured_media":14169,"comment_status":"open","ping_status":"closed","sticky":false,"template":"","format":"standard","meta":{"footnotes":""},"categories":[2],"tags":[],"class_list":["post-14741","post","type-post","status-publish","format-standard","has-post-thumbnail","hentry","category-ayuntamiento-pamplona"],"yoast_head":"<!-- This site is optimized with the Yoast SEO plugin v27.5 - https:\/\/yoast.com\/product\/yoast-seo-wordpress\/ -->\n<title>El Ayuntamiento y la Asociaci\u00f3n de Comerciantes del Ensanche organizan, el martes, una jornada con experiencias de \u00e9xito en el comercio de proximidad<\/title>\n<meta name=\"robots\" content=\"index, follow, max-snippet:-1, max-image-preview:large, max-video-preview:-1\" \/>\n<link rel=\"canonical\" href=\"https:\/\/www.laguiadepamplona.com\/actualidad\/el-ayuntamiento-y-la-asociacion-de-comerciantes-del-ensanche-organizan-el-martes-una-jornada-con-experiencias-de-exito-en-el-comercio-de-proximidad\/\" \/>\n<meta property=\"og:locale\" content=\"es_ES\" \/>\n<meta property=\"og:type\" content=\"article\" \/>\n<meta property=\"og:title\" content=\"El Ayuntamiento y la Asociaci\u00f3n de Comerciantes del Ensanche organizan, el martes, una jornada con experiencias de \u00e9xito en el comercio de proximidad\" \/>\n<meta property=\"og:description\" content=\"Con entradas gratuitas disponibles en ticketea.com, el acto conmemora el XXV Aniversario de Ensanche \u00c1rea Comercial\" \/>\n<meta property=\"og:url\" content=\"https:\/\/www.laguiadepamplona.com\/actualidad\/el-ayuntamiento-y-la-asociacion-de-comerciantes-del-ensanche-organizan-el-martes-una-jornada-con-experiencias-de-exito-en-el-comercio-de-proximidad\/\" \/>\n<meta property=\"og:site_name\" content=\"La Gu\u00eda de Pamplona\" \/>\n<meta property=\"article:publisher\" content=\"https:\/\/www.facebook.com\/laguiadepamplonacom-133175176762273\/?ref=hl\" \/>\n<meta property=\"article:published_time\" content=\"2017-10-20T10:17:26+00:00\" \/>\n<meta property=\"og:image\" content=\"https:\/\/www.laguiadepamplona.com\/actualidad\/wp-content\/uploads\/2017\/09\/06_baluarte.jpg\" \/>\n\t<meta property=\"og:image:width\" content=\"800\" \/>\n\t<meta property=\"og:image:height\" content=\"600\" \/>\n\t<meta property=\"og:image:type\" content=\"image\/jpeg\" \/>\n<meta name=\"author\" content=\"La Gu\u00eda de Pamplona\" \/>\n<meta name=\"twitter:card\" content=\"summary_large_image\" \/>\n<meta name=\"twitter:creator\" content=\"@LaGuiadPamplona\" \/>\n<meta name=\"twitter:site\" content=\"@LaGuiadPamplona\" \/>\n<meta name=\"twitter:label1\" content=\"Escrito por\" \/>\n\t<meta name=\"twitter:data1\" content=\"La Gu\u00eda de Pamplona\" \/>\n\t<meta name=\"twitter:label2\" content=\"Tiempo de lectura\" \/>\n\t<meta name=\"twitter:data2\" content=\"2 minutos\" \/>\n<script type=\"application\/ld+json\" class=\"yoast-schema-graph\">{\"@context\":\"https:\\\/\\\/schema.org\",\"@graph\":[{\"@type\":\"Article\",\"@id\":\"https:\\\/\\\/www.laguiadepamplona.com\\\/actualidad\\\/el-ayuntamiento-y-la-asociacion-de-comerciantes-del-ensanche-organizan-el-martes-una-jornada-con-experiencias-de-exito-en-el-comercio-de-proximidad\\\/#article\",\"isPartOf\":{\"@id\":\"https:\\\/\\\/www.laguiadepamplona.com\\\/actualidad\\\/el-ayuntamiento-y-la-asociacion-de-comerciantes-del-ensanche-organizan-el-martes-una-jornada-con-experiencias-de-exito-en-el-comercio-de-proximidad\\\/\"},\"author\":{\"name\":\"La Gu\u00eda de Pamplona\",\"@id\":\"https:\\\/\\\/www.laguiadepamplona.com\\\/actualidad\\\/#\\\/schema\\\/person\\\/efe887376f0213d4657c93adc50b1fdb\"},\"headline\":\"El Ayuntamiento y la Asociaci\u00f3n de Comerciantes del Ensanche organizan, el martes, una jornada con experiencias de \u00e9xito en el comercio de proximidad\",\"datePublished\":\"2017-10-20T10:17:26+00:00\",\"mainEntityOfPage\":{\"@id\":\"https:\\\/\\\/www.laguiadepamplona.com\\\/actualidad\\\/el-ayuntamiento-y-la-asociacion-de-comerciantes-del-ensanche-organizan-el-martes-una-jornada-con-experiencias-de-exito-en-el-comercio-de-proximidad\\\/\"},\"wordCount\":415,\"commentCount\":0,\"publisher\":{\"@id\":\"https:\\\/\\\/www.laguiadepamplona.com\\\/actualidad\\\/#organization\"},\"image\":{\"@id\":\"https:\\\/\\\/www.laguiadepamplona.com\\\/actualidad\\\/el-ayuntamiento-y-la-asociacion-de-comerciantes-del-ensanche-organizan-el-martes-una-jornada-con-experiencias-de-exito-en-el-comercio-de-proximidad\\\/#primaryimage\"},\"thumbnailUrl\":\"https:\\\/\\\/www.laguiadepamplona.com\\\/actualidad\\\/wp-content\\\/uploads\\\/2017\\\/09\\\/06_baluarte.jpg\",\"articleSection\":[\"Ayto Pamplona\"],\"inLanguage\":\"es\",\"potentialAction\":[{\"@type\":\"CommentAction\",\"name\":\"Comment\",\"target\":[\"https:\\\/\\\/www.laguiadepamplona.com\\\/actualidad\\\/el-ayuntamiento-y-la-asociacion-de-comerciantes-del-ensanche-organizan-el-martes-una-jornada-con-experiencias-de-exito-en-el-comercio-de-proximidad\\\/#respond\"]}]},{\"@type\":\"WebPage\",\"@id\":\"https:\\\/\\\/www.laguiadepamplona.com\\\/actualidad\\\/el-ayuntamiento-y-la-asociacion-de-comerciantes-del-ensanche-organizan-el-martes-una-jornada-con-experiencias-de-exito-en-el-comercio-de-proximidad\\\/\",\"url\":\"https:\\\/\\\/www.laguiadepamplona.com\\\/actualidad\\\/el-ayuntamiento-y-la-asociacion-de-comerciantes-del-ensanche-organizan-el-martes-una-jornada-con-experiencias-de-exito-en-el-comercio-de-proximidad\\\/\",\"name\":\"El Ayuntamiento y la Asociaci\u00f3n de Comerciantes del Ensanche organizan, el martes, una jornada con experiencias de \u00e9xito en el comercio de proximidad\",\"isPartOf\":{\"@id\":\"https:\\\/\\\/www.laguiadepamplona.com\\\/actualidad\\\/#website\"},\"primaryImageOfPage\":{\"@id\":\"https:\\\/\\\/www.laguiadepamplona.com\\\/actualidad\\\/el-ayuntamiento-y-la-asociacion-de-comerciantes-del-ensanche-organizan-el-martes-una-jornada-con-experiencias-de-exito-en-el-comercio-de-proximidad\\\/#primaryimage\"},\"image\":{\"@id\":\"https:\\\/\\\/www.laguiadepamplona.com\\\/actualidad\\\/el-ayuntamiento-y-la-asociacion-de-comerciantes-del-ensanche-organizan-el-martes-una-jornada-con-experiencias-de-exito-en-el-comercio-de-proximidad\\\/#primaryimage\"},\"thumbnailUrl\":\"https:\\\/\\\/www.laguiadepamplona.com\\\/actualidad\\\/wp-content\\\/uploads\\\/2017\\\/09\\\/06_baluarte.jpg\",\"datePublished\":\"2017-10-20T10:17:26+00:00\",\"breadcrumb\":{\"@id\":\"https:\\\/\\\/www.laguiadepamplona.com\\\/actualidad\\\/el-ayuntamiento-y-la-asociacion-de-comerciantes-del-ensanche-organizan-el-martes-una-jornada-con-experiencias-de-exito-en-el-comercio-de-proximidad\\\/#breadcrumb\"},\"inLanguage\":\"es\",\"potentialAction\":[{\"@type\":\"ReadAction\",\"target\":[\"https:\\\/\\\/www.laguiadepamplona.com\\\/actualidad\\\/el-ayuntamiento-y-la-asociacion-de-comerciantes-del-ensanche-organizan-el-martes-una-jornada-con-experiencias-de-exito-en-el-comercio-de-proximidad\\\/\"]}]},{\"@type\":\"ImageObject\",\"inLanguage\":\"es\",\"@id\":\"https:\\\/\\\/www.laguiadepamplona.com\\\/actualidad\\\/el-ayuntamiento-y-la-asociacion-de-comerciantes-del-ensanche-organizan-el-martes-una-jornada-con-experiencias-de-exito-en-el-comercio-de-proximidad\\\/#primaryimage\",\"url\":\"https:\\\/\\\/www.laguiadepamplona.com\\\/actualidad\\\/wp-content\\\/uploads\\\/2017\\\/09\\\/06_baluarte.jpg\",\"contentUrl\":\"https:\\\/\\\/www.laguiadepamplona.com\\\/actualidad\\\/wp-content\\\/uploads\\\/2017\\\/09\\\/06_baluarte.jpg\",\"width\":800,\"height\":600},{\"@type\":\"BreadcrumbList\",\"@id\":\"https:\\\/\\\/www.laguiadepamplona.com\\\/actualidad\\\/el-ayuntamiento-y-la-asociacion-de-comerciantes-del-ensanche-organizan-el-martes-una-jornada-con-experiencias-de-exito-en-el-comercio-de-proximidad\\\/#breadcrumb\",\"itemListElement\":[{\"@type\":\"ListItem\",\"position\":1,\"name\":\"Portada\",\"item\":\"https:\\\/\\\/www.laguiadepamplona.com\\\/actualidad\\\/\"},{\"@type\":\"ListItem\",\"position\":2,\"name\":\"El Ayuntamiento y la Asociaci\u00f3n de Comerciantes del Ensanche organizan, el martes, una jornada con experiencias de \u00e9xito en el comercio de proximidad\"}]},{\"@type\":\"WebSite\",\"@id\":\"https:\\\/\\\/www.laguiadepamplona.com\\\/actualidad\\\/#website\",\"url\":\"https:\\\/\\\/www.laguiadepamplona.com\\\/actualidad\\\/\",\"name\":\"La gu\u00eda de Pamplona\",\"description\":\"Noticias de Pamplona\",\"publisher\":{\"@id\":\"https:\\\/\\\/www.laguiadepamplona.com\\\/actualidad\\\/#organization\"},\"potentialAction\":[{\"@type\":\"SearchAction\",\"target\":{\"@type\":\"EntryPoint\",\"urlTemplate\":\"https:\\\/\\\/www.laguiadepamplona.com\\\/actualidad\\\/?s={search_term_string}\"},\"query-input\":{\"@type\":\"PropertyValueSpecification\",\"valueRequired\":true,\"valueName\":\"search_term_string\"}}],\"inLanguage\":\"es\"},{\"@type\":\"Organization\",\"@id\":\"https:\\\/\\\/www.laguiadepamplona.com\\\/actualidad\\\/#organization\",\"name\":\"La Gu\u00eda de Pamplona \\\/ Noticias\",\"url\":\"https:\\\/\\\/www.laguiadepamplona.com\\\/actualidad\\\/\",\"logo\":{\"@type\":\"ImageObject\",\"inLanguage\":\"es\",\"@id\":\"https:\\\/\\\/www.laguiadepamplona.com\\\/actualidad\\\/#\\\/schema\\\/logo\\\/image\\\/\",\"url\":\"https:\\\/\\\/www.laguiadepamplona.com\\\/actualidad\\\/wp-content\\\/uploads\\\/2018\\\/11\\\/logo-laguiadepamplona18-web1.png\",\"contentUrl\":\"https:\\\/\\\/www.laguiadepamplona.com\\\/actualidad\\\/wp-content\\\/uploads\\\/2018\\\/11\\\/logo-laguiadepamplona18-web1.png\",\"width\":600,\"height\":196,\"caption\":\"La Gu\u00eda de Pamplona \\\/ Noticias\"},\"image\":{\"@id\":\"https:\\\/\\\/www.laguiadepamplona.com\\\/actualidad\\\/#\\\/schema\\\/logo\\\/image\\\/\"},\"sameAs\":[\"https:\\\/\\\/www.facebook.com\\\/laguiadepamplonacom-133175176762273\\\/?ref=hl\",\"https:\\\/\\\/x.com\\\/LaGuiadPamplona\",\"https:\\\/\\\/www.instagram.com\\\/la_guia_de_pamplona\\\/\",\"https:\\\/\\\/www.youtube.com\\\/user\\\/laguiadepamplona\"]},{\"@type\":\"Person\",\"@id\":\"https:\\\/\\\/www.laguiadepamplona.com\\\/actualidad\\\/#\\\/schema\\\/person\\\/efe887376f0213d4657c93adc50b1fdb\",\"name\":\"La Gu\u00eda de Pamplona\",\"image\":{\"@type\":\"ImageObject\",\"inLanguage\":\"es\",\"@id\":\"https:\\\/\\\/secure.gravatar.com\\\/avatar\\\/b6992f131dc8d30ab0dff15446e9d346d9dbd95992de0fef795073f5ea83a81c?s=96&d=mm&r=g\",\"url\":\"https:\\\/\\\/secure.gravatar.com\\\/avatar\\\/b6992f131dc8d30ab0dff15446e9d346d9dbd95992de0fef795073f5ea83a81c?s=96&d=mm&r=g\",\"contentUrl\":\"https:\\\/\\\/secure.gravatar.com\\\/avatar\\\/b6992f131dc8d30ab0dff15446e9d346d9dbd95992de0fef795073f5ea83a81c?s=96&d=mm&r=g\",\"caption\":\"La Gu\u00eda de Pamplona\"}}]}<\/script>\n<!-- \/ Yoast SEO plugin. -->","yoast_head_json":{"title":"El Ayuntamiento y la Asociaci\u00f3n de Comerciantes del Ensanche organizan, el martes, una jornada con experiencias de \u00e9xito en el comercio de proximidad","robots":{"index":"index","follow":"follow","max-snippet":"max-snippet:-1","max-image-preview":"max-image-preview:large","max-video-preview":"max-video-preview:-1"},"canonical":"https:\/\/www.laguiadepamplona.com\/actualidad\/el-ayuntamiento-y-la-asociacion-de-comerciantes-del-ensanche-organizan-el-martes-una-jornada-con-experiencias-de-exito-en-el-comercio-de-proximidad\/","og_locale":"es_ES","og_type":"article","og_title":"El Ayuntamiento y la Asociaci\u00f3n de Comerciantes del Ensanche organizan, el martes, una jornada con experiencias de \u00e9xito en el comercio de proximidad","og_description":"Con entradas gratuitas disponibles en ticketea.com, el acto conmemora el XXV Aniversario de Ensanche \u00c1rea Comercial","og_url":"https:\/\/www.laguiadepamplona.com\/actualidad\/el-ayuntamiento-y-la-asociacion-de-comerciantes-del-ensanche-organizan-el-martes-una-jornada-con-experiencias-de-exito-en-el-comercio-de-proximidad\/","og_site_name":"La Gu\u00eda de Pamplona","article_publisher":"https:\/\/www.facebook.com\/laguiadepamplonacom-133175176762273\/?ref=hl","article_published_time":"2017-10-20T10:17:26+00:00","og_image":[{"width":800,"height":600,"url":"https:\/\/www.laguiadepamplona.com\/actualidad\/wp-content\/uploads\/2017\/09\/06_baluarte.jpg","type":"image\/jpeg"}],"author":"La Gu\u00eda de Pamplona","twitter_card":"summary_large_image","twitter_creator":"@LaGuiadPamplona","twitter_site":"@LaGuiadPamplona","twitter_misc":{"Escrito por":"La Gu\u00eda de Pamplona","Tiempo de lectura":"2 minutos"},"schema":{"@context":"https:\/\/schema.org","@graph":[{"@type":"Article","@id":"https:\/\/www.laguiadepamplona.com\/actualidad\/el-ayuntamiento-y-la-asociacion-de-comerciantes-del-ensanche-organizan-el-martes-una-jornada-con-experiencias-de-exito-en-el-comercio-de-proximidad\/#article","isPartOf":{"@id":"https:\/\/www.laguiadepamplona.com\/actualidad\/el-ayuntamiento-y-la-asociacion-de-comerciantes-del-ensanche-organizan-el-martes-una-jornada-con-experiencias-de-exito-en-el-comercio-de-proximidad\/"},"author":{"name":"La Gu\u00eda de Pamplona","@id":"https:\/\/www.laguiadepamplona.com\/actualidad\/#\/schema\/person\/efe887376f0213d4657c93adc50b1fdb"},"headline":"El Ayuntamiento y la Asociaci\u00f3n de Comerciantes del Ensanche organizan, el martes, una jornada con experiencias de \u00e9xito en el comercio de proximidad","datePublished":"2017-10-20T10:17:26+00:00","mainEntityOfPage":{"@id":"https:\/\/www.laguiadepamplona.com\/actualidad\/el-ayuntamiento-y-la-asociacion-de-comerciantes-del-ensanche-organizan-el-martes-una-jornada-con-experiencias-de-exito-en-el-comercio-de-proximidad\/"},"wordCount":415,"commentCount":0,"publisher":{"@id":"https:\/\/www.laguiadepamplona.com\/actualidad\/#organization"},"image":{"@id":"https:\/\/www.laguiadepamplona.com\/actualidad\/el-ayuntamiento-y-la-asociacion-de-comerciantes-del-ensanche-organizan-el-martes-una-jornada-con-experiencias-de-exito-en-el-comercio-de-proximidad\/#primaryimage"},"thumbnailUrl":"https:\/\/www.laguiadepamplona.com\/actualidad\/wp-content\/uploads\/2017\/09\/06_baluarte.jpg","articleSection":["Ayto Pamplona"],"inLanguage":"es","potentialAction":[{"@type":"CommentAction","name":"Comment","target":["https:\/\/www.laguiadepamplona.com\/actualidad\/el-ayuntamiento-y-la-asociacion-de-comerciantes-del-ensanche-organizan-el-martes-una-jornada-con-experiencias-de-exito-en-el-comercio-de-proximidad\/#respond"]}]},{"@type":"WebPage","@id":"https:\/\/www.laguiadepamplona.com\/actualidad\/el-ayuntamiento-y-la-asociacion-de-comerciantes-del-ensanche-organizan-el-martes-una-jornada-con-experiencias-de-exito-en-el-comercio-de-proximidad\/","url":"https:\/\/www.laguiadepamplona.com\/actualidad\/el-ayuntamiento-y-la-asociacion-de-comerciantes-del-ensanche-organizan-el-martes-una-jornada-con-experiencias-de-exito-en-el-comercio-de-proximidad\/","name":"El Ayuntamiento y la Asociaci\u00f3n de Comerciantes del Ensanche organizan, el martes, una jornada con experiencias de \u00e9xito en el comercio de proximidad","isPartOf":{"@id":"https:\/\/www.laguiadepamplona.com\/actualidad\/#website"},"primaryImageOfPage":{"@id":"https:\/\/www.laguiadepamplona.com\/actualidad\/el-ayuntamiento-y-la-asociacion-de-comerciantes-del-ensanche-organizan-el-martes-una-jornada-con-experiencias-de-exito-en-el-comercio-de-proximidad\/#primaryimage"},"image":{"@id":"https:\/\/www.laguiadepamplona.com\/actualidad\/el-ayuntamiento-y-la-asociacion-de-comerciantes-del-ensanche-organizan-el-martes-una-jornada-con-experiencias-de-exito-en-el-comercio-de-proximidad\/#primaryimage"},"thumbnailUrl":"https:\/\/www.laguiadepamplona.com\/actualidad\/wp-content\/uploads\/2017\/09\/06_baluarte.jpg","datePublished":"2017-10-20T10:17:26+00:00","breadcrumb":{"@id":"https:\/\/www.laguiadepamplona.com\/actualidad\/el-ayuntamiento-y-la-asociacion-de-comerciantes-del-ensanche-organizan-el-martes-una-jornada-con-experiencias-de-exito-en-el-comercio-de-proximidad\/#breadcrumb"},"inLanguage":"es","potentialAction":[{"@type":"ReadAction","target":["https:\/\/www.laguiadepamplona.com\/actualidad\/el-ayuntamiento-y-la-asociacion-de-comerciantes-del-ensanche-organizan-el-martes-una-jornada-con-experiencias-de-exito-en-el-comercio-de-proximidad\/"]}]},{"@type":"ImageObject","inLanguage":"es","@id":"https:\/\/www.laguiadepamplona.com\/actualidad\/el-ayuntamiento-y-la-asociacion-de-comerciantes-del-ensanche-organizan-el-martes-una-jornada-con-experiencias-de-exito-en-el-comercio-de-proximidad\/#primaryimage","url":"https:\/\/www.laguiadepamplona.com\/actualidad\/wp-content\/uploads\/2017\/09\/06_baluarte.jpg","contentUrl":"https:\/\/www.laguiadepamplona.com\/actualidad\/wp-content\/uploads\/2017\/09\/06_baluarte.jpg","width":800,"height":600},{"@type":"BreadcrumbList","@id":"https:\/\/www.laguiadepamplona.com\/actualidad\/el-ayuntamiento-y-la-asociacion-de-comerciantes-del-ensanche-organizan-el-martes-una-jornada-con-experiencias-de-exito-en-el-comercio-de-proximidad\/#breadcrumb","itemListElement":[{"@type":"ListItem","position":1,"name":"Portada","item":"https:\/\/www.laguiadepamplona.com\/actualidad\/"},{"@type":"ListItem","position":2,"name":"El Ayuntamiento y la Asociaci\u00f3n de Comerciantes del Ensanche organizan, el martes, una jornada con experiencias de \u00e9xito en el comercio de proximidad"}]},{"@type":"WebSite","@id":"https:\/\/www.laguiadepamplona.com\/actualidad\/#website","url":"https:\/\/www.laguiadepamplona.com\/actualidad\/","name":"La gu\u00eda de Pamplona","description":"Noticias de Pamplona","publisher":{"@id":"https:\/\/www.laguiadepamplona.com\/actualidad\/#organization"},"potentialAction":[{"@type":"SearchAction","target":{"@type":"EntryPoint","urlTemplate":"https:\/\/www.laguiadepamplona.com\/actualidad\/?s={search_term_string}"},"query-input":{"@type":"PropertyValueSpecification","valueRequired":true,"valueName":"search_term_string"}}],"inLanguage":"es"},{"@type":"Organization","@id":"https:\/\/www.laguiadepamplona.com\/actualidad\/#organization","name":"La Gu\u00eda de Pamplona \/ Noticias","url":"https:\/\/www.laguiadepamplona.com\/actualidad\/","logo":{"@type":"ImageObject","inLanguage":"es","@id":"https:\/\/www.laguiadepamplona.com\/actualidad\/#\/schema\/logo\/image\/","url":"https:\/\/www.laguiadepamplona.com\/actualidad\/wp-content\/uploads\/2018\/11\/logo-laguiadepamplona18-web1.png","contentUrl":"https:\/\/www.laguiadepamplona.com\/actualidad\/wp-content\/uploads\/2018\/11\/logo-laguiadepamplona18-web1.png","width":600,"height":196,"caption":"La Gu\u00eda de Pamplona \/ Noticias"},"image":{"@id":"https:\/\/www.laguiadepamplona.com\/actualidad\/#\/schema\/logo\/image\/"},"sameAs":["https:\/\/www.facebook.com\/laguiadepamplonacom-133175176762273\/?ref=hl","https:\/\/x.com\/LaGuiadPamplona","https:\/\/www.instagram.com\/la_guia_de_pamplona\/","https:\/\/www.youtube.com\/user\/laguiadepamplona"]},{"@type":"Person","@id":"https:\/\/www.laguiadepamplona.com\/actualidad\/#\/schema\/person\/efe887376f0213d4657c93adc50b1fdb","name":"La Gu\u00eda de Pamplona","image":{"@type":"ImageObject","inLanguage":"es","@id":"https:\/\/secure.gravatar.com\/avatar\/b6992f131dc8d30ab0dff15446e9d346d9dbd95992de0fef795073f5ea83a81c?s=96&d=mm&r=g","url":"https:\/\/secure.gravatar.com\/avatar\/b6992f131dc8d30ab0dff15446e9d346d9dbd95992de0fef795073f5ea83a81c?s=96&d=mm&r=g","contentUrl":"https:\/\/secure.gravatar.com\/avatar\/b6992f131dc8d30ab0dff15446e9d346d9dbd95992de0fef795073f5ea83a81c?s=96&d=mm&r=g","caption":"La Gu\u00eda de Pamplona"}}]}},"post_mailing_queue_ids":[],"_links":{"self":[{"href":"https:\/\/www.laguiadepamplona.com\/actualidad\/wp-json\/wp\/v2\/posts\/14741","targetHints":{"allow":["GET"]}}],"collection":[{"href":"https:\/\/www.laguiadepamplona.com\/actualidad\/wp-json\/wp\/v2\/posts"}],"about":[{"href":"https:\/\/www.laguiadepamplona.com\/actualidad\/wp-json\/wp\/v2\/types\/post"}],"author":[{"embeddable":true,"href":"https:\/\/www.laguiadepamplona.com\/actualidad\/wp-json\/wp\/v2\/users\/1"}],"replies":[{"embeddable":true,"href":"https:\/\/www.laguiadepamplona.com\/actualidad\/wp-json\/wp\/v2\/comments?post=14741"}],"version-history":[{"count":0,"href":"https:\/\/www.laguiadepamplona.com\/actualidad\/wp-json\/wp\/v2\/posts\/14741\/revisions"}],"wp:featuredmedia":[{"embeddable":true,"href":"https:\/\/www.laguiadepamplona.com\/actualidad\/wp-json\/wp\/v2\/media\/14169"}],"wp:attachment":[{"href":"https:\/\/www.laguiadepamplona.com\/actualidad\/wp-json\/wp\/v2\/media?parent=14741"}],"wp:term":[{"taxonomy":"category","embeddable":true,"href":"https:\/\/www.laguiadepamplona.com\/actualidad\/wp-json\/wp\/v2\/categories?post=14741"},{"taxonomy":"post_tag","embeddable":true,"href":"https:\/\/www.laguiadepamplona.com\/actualidad\/wp-json\/wp\/v2\/tags?post=14741"}],"curies":[{"name":"wp","href":"https:\/\/api.w.org\/{rel}","templated":true}]}}