{"id":14731,"date":"2017-10-19T14:56:03","date_gmt":"2017-10-19T13:56:03","guid":{"rendered":"http:\/\/laguiadepamplona.es\/actualidad\/?p=14731"},"modified":"2017-10-19T14:56:03","modified_gmt":"2017-10-19T13:56:03","slug":"esta-tarde-comienzan-en-el-palacio-del-condestable-unas-jornadas-sobre-cohousing-o-viviendas-colaborativas-organizadas-por-el-ayuntamiento-de-pamplona","status":"publish","type":"post","link":"https:\/\/www.laguiadepamplona.com\/actualidad\/esta-tarde-comienzan-en-el-palacio-del-condestable-unas-jornadas-sobre-cohousing-o-viviendas-colaborativas-organizadas-por-el-ayuntamiento-de-pamplona\/","title":{"rendered":"Esta tarde comienzan en el Palacio del Condestable unas jornadas sobre cohousing o viviendas colaborativas organizadas por el Ayuntamiento de Pamplona"},"content":{"rendered":"<h3>Hoy jueves y ma\u00f1ana viernes, de 18.30 a 21 horas con entrada libre, se celebrar\u00e1n diferentes ponencias sobre esta alternativa residencial<\/h3>\n<p><!--more--><\/p>\n<p>El Palacio del Condestable acoge este jueves por la tarde y ma\u00f1ana viernes unas jornadas sobre viviendas colaborativas o <em>cohousing<\/em>, bajo el t\u00edtulo de \u2018Una forma de vivir compartiendo y colaborando\u2019. Se trata de una alternativa residencial y de convivencia que el Ayuntamiento de Pamplona quiere implantar a ra\u00edz del proyecto presentado por el colectivo Etxekide, que precisamente impulsa una iniciativa de viviendas colaborativas para personas mayores de 50 a\u00f1os. Las dos sesiones de estas jornadas se celebran de 18.30 a 21 horas en la sala de conferencias de la primera planta de Condestable y con entrada libre.<\/p>\n<p>El concejal delegado de Ciudad Habitable y Vivienda, Joxe Abaurrea, abrir\u00e1 la jornada esta tarde con una ponencia en la que explicar\u00e1 el papel de la administraci\u00f3n en propuestas de este tipo y la apuesta del Ayuntamiento de Pamplona por posibilitarlas mediante la cesi\u00f3n de parcelas. Participar\u00e1n tambi\u00e9n el miembro de la Cooperativa La Borda, Joan Gual, primera cooperativa de <em>cohousing<\/em> en Barcelona que lleva a cabo un proyecto de viviendas colaborativas en Can Batll\u00f3; y Juan Garibi, de Banca Fiare, que explicar\u00e1 las formas jur\u00eddicas de propiedad de este tipo de comunidad.<\/p>\n<p>Para ma\u00f1ana viernes por la tarde est\u00e1n previstas otras tres ponencias. La directora cient\u00edfica de Matia Instituto Gerontol\u00f3gico en San Sebasti\u00e1n, Mayte Sancho, y Miguel \u00c1ngel Mira, de la Asociaci\u00f3n Jubilares de Madrid, se centrar\u00e1n en aspectos relacionados con el vecindario de esas viviendas colaborativas. La Asociaci\u00f3n Jubilares, por ejemplo, impulsa y asesora la creaci\u00f3n de comunidades autogestionadas y tiene proyectos en Catalu\u00f1a, Madrid y Asturias. Mayte Sancho, por su parte, hablar\u00e1 sobre los modelos atenci\u00f3n a personas mayores que est\u00e1n en constante evoluci\u00f3n y construcci\u00f3n por el mayor envejecimiento de la poblaci\u00f3n. Intervendr\u00e1 tambi\u00e9n Kontxesi San Juan, el colectivo Etxekide, que abandera la primera iniciativa en Pamplona para instaurar vivienda colaborativa.<\/p>\n<p><strong>Una forma de vivir compartiendo y colaborando. Cohousing\/Viviendas colaborativas<\/strong><\/p>\n<p><strong>Jueves, 19 de octubre<\/strong>. Palacio de Condestable (Sala de Conferencias de la primera planta. De 18:30 a 21 horas. Entrada libre<\/p>\n<ul>\n<li>Apertura y presentaci\u00f3n<\/li>\n<li>Ponencias\n<ul>\n<li>Joan Gual. Cooperativa La Borda (Barcelona)<\/li>\n<li>Joxe Abaurrea. Concejal delegado del \u00c1rea de Ciudad Habitable y Vivienda del Ayuntamiento de Pamplona<\/li>\n<li>Juan Garibi. Fiare Banca \u00c9tica<\/li>\n<\/ul>\n<\/li>\n<\/ul>\n<p><strong>Viernes, 20 de octubre<\/strong>. Palacio de Condestable (Sala de Conferencias de la primera planta. De 18:30 a 21 horas. Entrada libre<\/p>\n<ul>\n<li>Apertura y presentaci\u00f3n<\/li>\n<li>Ponencias\n<ul>\n<li>Mayte Sancho. Directora cient\u00edfica de Matia Instituto Gerontol\u00f3gico (San Sebasti\u00e1n)<\/li>\n<li>Miguel \u00c1ngel Mira. Asociaci\u00f3n Jubilares (Madrid)<\/li>\n<li>Kontxesi San Juan. Representante del Colectivo Etxekide<\/li>\n<\/ul>\n<\/li>\n<\/ul>\n<p>&nbsp;<\/p>\n","protected":false},"excerpt":{"rendered":"<p>Hoy jueves y ma\u00f1ana viernes, de 18.30 a 21 horas con entrada libre, se celebrar\u00e1n diferentes ponencias sobre esta alternativa residencial<\/p>\n","protected":false},"author":1,"featured_media":11008,"comment_status":"open","ping_status":"closed","sticky":false,"template":"","format":"standard","meta":{"footnotes":""},"categories":[2],"tags":[],"class_list":["post-14731","post","type-post","status-publish","format-standard","has-post-thumbnail","hentry","category-ayuntamiento-pamplona"],"yoast_head":"<!-- This site is optimized with the Yoast SEO plugin v27.5 - https:\/\/yoast.com\/product\/yoast-seo-wordpress\/ -->\n<title>Esta tarde comienzan en el Palacio del Condestable unas jornadas sobre cohousing o viviendas colaborativas organizadas por el Ayuntamiento de Pamplona<\/title>\n<meta name=\"robots\" content=\"index, follow, max-snippet:-1, max-image-preview:large, max-video-preview:-1\" \/>\n<link rel=\"canonical\" href=\"https:\/\/www.laguiadepamplona.com\/actualidad\/esta-tarde-comienzan-en-el-palacio-del-condestable-unas-jornadas-sobre-cohousing-o-viviendas-colaborativas-organizadas-por-el-ayuntamiento-de-pamplona\/\" \/>\n<meta property=\"og:locale\" content=\"es_ES\" \/>\n<meta property=\"og:type\" content=\"article\" \/>\n<meta property=\"og:title\" content=\"Esta tarde comienzan en el Palacio del Condestable unas jornadas sobre cohousing o viviendas colaborativas organizadas por el Ayuntamiento de Pamplona\" \/>\n<meta property=\"og:description\" content=\"Hoy jueves y ma\u00f1ana viernes, de 18.30 a 21 horas con entrada libre, se celebrar\u00e1n diferentes ponencias sobre esta alternativa residencial\" \/>\n<meta property=\"og:url\" content=\"https:\/\/www.laguiadepamplona.com\/actualidad\/esta-tarde-comienzan-en-el-palacio-del-condestable-unas-jornadas-sobre-cohousing-o-viviendas-colaborativas-organizadas-por-el-ayuntamiento-de-pamplona\/\" \/>\n<meta property=\"og:site_name\" content=\"La Gu\u00eda de Pamplona\" \/>\n<meta property=\"article:publisher\" content=\"https:\/\/www.facebook.com\/laguiadepamplonacom-133175176762273\/?ref=hl\" \/>\n<meta property=\"article:published_time\" content=\"2017-10-19T13:56:03+00:00\" \/>\n<meta property=\"og:image\" content=\"https:\/\/www.laguiadepamplona.com\/actualidad\/wp-content\/uploads\/2016\/12\/palacio-condestable-civivox.jpg\" \/>\n\t<meta property=\"og:image:width\" content=\"900\" \/>\n\t<meta property=\"og:image:height\" content=\"675\" \/>\n\t<meta property=\"og:image:type\" content=\"image\/jpeg\" \/>\n<meta name=\"author\" content=\"La Gu\u00eda de Pamplona\" \/>\n<meta name=\"twitter:card\" content=\"summary_large_image\" \/>\n<meta name=\"twitter:creator\" content=\"@LaGuiadPamplona\" \/>\n<meta name=\"twitter:site\" content=\"@LaGuiadPamplona\" \/>\n<meta name=\"twitter:label1\" content=\"Escrito por\" \/>\n\t<meta name=\"twitter:data1\" content=\"La Gu\u00eda de Pamplona\" \/>\n\t<meta name=\"twitter:label2\" content=\"Tiempo de lectura\" \/>\n\t<meta name=\"twitter:data2\" content=\"2 minutos\" \/>\n<script type=\"application\/ld+json\" class=\"yoast-schema-graph\">{\"@context\":\"https:\\\/\\\/schema.org\",\"@graph\":[{\"@type\":\"Article\",\"@id\":\"https:\\\/\\\/www.laguiadepamplona.com\\\/actualidad\\\/esta-tarde-comienzan-en-el-palacio-del-condestable-unas-jornadas-sobre-cohousing-o-viviendas-colaborativas-organizadas-por-el-ayuntamiento-de-pamplona\\\/#article\",\"isPartOf\":{\"@id\":\"https:\\\/\\\/www.laguiadepamplona.com\\\/actualidad\\\/esta-tarde-comienzan-en-el-palacio-del-condestable-unas-jornadas-sobre-cohousing-o-viviendas-colaborativas-organizadas-por-el-ayuntamiento-de-pamplona\\\/\"},\"author\":{\"name\":\"La Gu\u00eda de Pamplona\",\"@id\":\"https:\\\/\\\/www.laguiadepamplona.com\\\/actualidad\\\/#\\\/schema\\\/person\\\/efe887376f0213d4657c93adc50b1fdb\"},\"headline\":\"Esta tarde comienzan en el Palacio del Condestable unas jornadas sobre cohousing o viviendas colaborativas organizadas por el Ayuntamiento de Pamplona\",\"datePublished\":\"2017-10-19T13:56:03+00:00\",\"mainEntityOfPage\":{\"@id\":\"https:\\\/\\\/www.laguiadepamplona.com\\\/actualidad\\\/esta-tarde-comienzan-en-el-palacio-del-condestable-unas-jornadas-sobre-cohousing-o-viviendas-colaborativas-organizadas-por-el-ayuntamiento-de-pamplona\\\/\"},\"wordCount\":477,\"commentCount\":0,\"publisher\":{\"@id\":\"https:\\\/\\\/www.laguiadepamplona.com\\\/actualidad\\\/#organization\"},\"image\":{\"@id\":\"https:\\\/\\\/www.laguiadepamplona.com\\\/actualidad\\\/esta-tarde-comienzan-en-el-palacio-del-condestable-unas-jornadas-sobre-cohousing-o-viviendas-colaborativas-organizadas-por-el-ayuntamiento-de-pamplona\\\/#primaryimage\"},\"thumbnailUrl\":\"https:\\\/\\\/www.laguiadepamplona.com\\\/actualidad\\\/wp-content\\\/uploads\\\/2016\\\/12\\\/palacio-condestable-civivox.jpg\",\"articleSection\":[\"Ayto Pamplona\"],\"inLanguage\":\"es\",\"potentialAction\":[{\"@type\":\"CommentAction\",\"name\":\"Comment\",\"target\":[\"https:\\\/\\\/www.laguiadepamplona.com\\\/actualidad\\\/esta-tarde-comienzan-en-el-palacio-del-condestable-unas-jornadas-sobre-cohousing-o-viviendas-colaborativas-organizadas-por-el-ayuntamiento-de-pamplona\\\/#respond\"]}]},{\"@type\":\"WebPage\",\"@id\":\"https:\\\/\\\/www.laguiadepamplona.com\\\/actualidad\\\/esta-tarde-comienzan-en-el-palacio-del-condestable-unas-jornadas-sobre-cohousing-o-viviendas-colaborativas-organizadas-por-el-ayuntamiento-de-pamplona\\\/\",\"url\":\"https:\\\/\\\/www.laguiadepamplona.com\\\/actualidad\\\/esta-tarde-comienzan-en-el-palacio-del-condestable-unas-jornadas-sobre-cohousing-o-viviendas-colaborativas-organizadas-por-el-ayuntamiento-de-pamplona\\\/\",\"name\":\"Esta tarde comienzan en el Palacio del Condestable unas jornadas sobre cohousing o viviendas colaborativas organizadas por el Ayuntamiento de Pamplona\",\"isPartOf\":{\"@id\":\"https:\\\/\\\/www.laguiadepamplona.com\\\/actualidad\\\/#website\"},\"primaryImageOfPage\":{\"@id\":\"https:\\\/\\\/www.laguiadepamplona.com\\\/actualidad\\\/esta-tarde-comienzan-en-el-palacio-del-condestable-unas-jornadas-sobre-cohousing-o-viviendas-colaborativas-organizadas-por-el-ayuntamiento-de-pamplona\\\/#primaryimage\"},\"image\":{\"@id\":\"https:\\\/\\\/www.laguiadepamplona.com\\\/actualidad\\\/esta-tarde-comienzan-en-el-palacio-del-condestable-unas-jornadas-sobre-cohousing-o-viviendas-colaborativas-organizadas-por-el-ayuntamiento-de-pamplona\\\/#primaryimage\"},\"thumbnailUrl\":\"https:\\\/\\\/www.laguiadepamplona.com\\\/actualidad\\\/wp-content\\\/uploads\\\/2016\\\/12\\\/palacio-condestable-civivox.jpg\",\"datePublished\":\"2017-10-19T13:56:03+00:00\",\"breadcrumb\":{\"@id\":\"https:\\\/\\\/www.laguiadepamplona.com\\\/actualidad\\\/esta-tarde-comienzan-en-el-palacio-del-condestable-unas-jornadas-sobre-cohousing-o-viviendas-colaborativas-organizadas-por-el-ayuntamiento-de-pamplona\\\/#breadcrumb\"},\"inLanguage\":\"es\",\"potentialAction\":[{\"@type\":\"ReadAction\",\"target\":[\"https:\\\/\\\/www.laguiadepamplona.com\\\/actualidad\\\/esta-tarde-comienzan-en-el-palacio-del-condestable-unas-jornadas-sobre-cohousing-o-viviendas-colaborativas-organizadas-por-el-ayuntamiento-de-pamplona\\\/\"]}]},{\"@type\":\"ImageObject\",\"inLanguage\":\"es\",\"@id\":\"https:\\\/\\\/www.laguiadepamplona.com\\\/actualidad\\\/esta-tarde-comienzan-en-el-palacio-del-condestable-unas-jornadas-sobre-cohousing-o-viviendas-colaborativas-organizadas-por-el-ayuntamiento-de-pamplona\\\/#primaryimage\",\"url\":\"https:\\\/\\\/www.laguiadepamplona.com\\\/actualidad\\\/wp-content\\\/uploads\\\/2016\\\/12\\\/palacio-condestable-civivox.jpg\",\"contentUrl\":\"https:\\\/\\\/www.laguiadepamplona.com\\\/actualidad\\\/wp-content\\\/uploads\\\/2016\\\/12\\\/palacio-condestable-civivox.jpg\",\"width\":900,\"height\":675},{\"@type\":\"BreadcrumbList\",\"@id\":\"https:\\\/\\\/www.laguiadepamplona.com\\\/actualidad\\\/esta-tarde-comienzan-en-el-palacio-del-condestable-unas-jornadas-sobre-cohousing-o-viviendas-colaborativas-organizadas-por-el-ayuntamiento-de-pamplona\\\/#breadcrumb\",\"itemListElement\":[{\"@type\":\"ListItem\",\"position\":1,\"name\":\"Portada\",\"item\":\"https:\\\/\\\/www.laguiadepamplona.com\\\/actualidad\\\/\"},{\"@type\":\"ListItem\",\"position\":2,\"name\":\"Esta tarde comienzan en el Palacio del Condestable unas jornadas sobre cohousing o viviendas colaborativas organizadas por el Ayuntamiento de Pamplona\"}]},{\"@type\":\"WebSite\",\"@id\":\"https:\\\/\\\/www.laguiadepamplona.com\\\/actualidad\\\/#website\",\"url\":\"https:\\\/\\\/www.laguiadepamplona.com\\\/actualidad\\\/\",\"name\":\"La gu\u00eda de Pamplona\",\"description\":\"Noticias de Pamplona\",\"publisher\":{\"@id\":\"https:\\\/\\\/www.laguiadepamplona.com\\\/actualidad\\\/#organization\"},\"potentialAction\":[{\"@type\":\"SearchAction\",\"target\":{\"@type\":\"EntryPoint\",\"urlTemplate\":\"https:\\\/\\\/www.laguiadepamplona.com\\\/actualidad\\\/?s={search_term_string}\"},\"query-input\":{\"@type\":\"PropertyValueSpecification\",\"valueRequired\":true,\"valueName\":\"search_term_string\"}}],\"inLanguage\":\"es\"},{\"@type\":\"Organization\",\"@id\":\"https:\\\/\\\/www.laguiadepamplona.com\\\/actualidad\\\/#organization\",\"name\":\"La Gu\u00eda de Pamplona \\\/ Noticias\",\"url\":\"https:\\\/\\\/www.laguiadepamplona.com\\\/actualidad\\\/\",\"logo\":{\"@type\":\"ImageObject\",\"inLanguage\":\"es\",\"@id\":\"https:\\\/\\\/www.laguiadepamplona.com\\\/actualidad\\\/#\\\/schema\\\/logo\\\/image\\\/\",\"url\":\"https:\\\/\\\/www.laguiadepamplona.com\\\/actualidad\\\/wp-content\\\/uploads\\\/2018\\\/11\\\/logo-laguiadepamplona18-web1.png\",\"contentUrl\":\"https:\\\/\\\/www.laguiadepamplona.com\\\/actualidad\\\/wp-content\\\/uploads\\\/2018\\\/11\\\/logo-laguiadepamplona18-web1.png\",\"width\":600,\"height\":196,\"caption\":\"La Gu\u00eda de Pamplona \\\/ Noticias\"},\"image\":{\"@id\":\"https:\\\/\\\/www.laguiadepamplona.com\\\/actualidad\\\/#\\\/schema\\\/logo\\\/image\\\/\"},\"sameAs\":[\"https:\\\/\\\/www.facebook.com\\\/laguiadepamplonacom-133175176762273\\\/?ref=hl\",\"https:\\\/\\\/x.com\\\/LaGuiadPamplona\",\"https:\\\/\\\/www.instagram.com\\\/la_guia_de_pamplona\\\/\",\"https:\\\/\\\/www.youtube.com\\\/user\\\/laguiadepamplona\"]},{\"@type\":\"Person\",\"@id\":\"https:\\\/\\\/www.laguiadepamplona.com\\\/actualidad\\\/#\\\/schema\\\/person\\\/efe887376f0213d4657c93adc50b1fdb\",\"name\":\"La Gu\u00eda de Pamplona\",\"image\":{\"@type\":\"ImageObject\",\"inLanguage\":\"es\",\"@id\":\"https:\\\/\\\/secure.gravatar.com\\\/avatar\\\/b6992f131dc8d30ab0dff15446e9d346d9dbd95992de0fef795073f5ea83a81c?s=96&d=mm&r=g\",\"url\":\"https:\\\/\\\/secure.gravatar.com\\\/avatar\\\/b6992f131dc8d30ab0dff15446e9d346d9dbd95992de0fef795073f5ea83a81c?s=96&d=mm&r=g\",\"contentUrl\":\"https:\\\/\\\/secure.gravatar.com\\\/avatar\\\/b6992f131dc8d30ab0dff15446e9d346d9dbd95992de0fef795073f5ea83a81c?s=96&d=mm&r=g\",\"caption\":\"La Gu\u00eda de Pamplona\"}}]}<\/script>\n<!-- \/ Yoast SEO plugin. -->","yoast_head_json":{"title":"Esta tarde comienzan en el Palacio del Condestable unas jornadas sobre cohousing o viviendas colaborativas organizadas por el Ayuntamiento de Pamplona","robots":{"index":"index","follow":"follow","max-snippet":"max-snippet:-1","max-image-preview":"max-image-preview:large","max-video-preview":"max-video-preview:-1"},"canonical":"https:\/\/www.laguiadepamplona.com\/actualidad\/esta-tarde-comienzan-en-el-palacio-del-condestable-unas-jornadas-sobre-cohousing-o-viviendas-colaborativas-organizadas-por-el-ayuntamiento-de-pamplona\/","og_locale":"es_ES","og_type":"article","og_title":"Esta tarde comienzan en el Palacio del Condestable unas jornadas sobre cohousing o viviendas colaborativas organizadas por el Ayuntamiento de Pamplona","og_description":"Hoy jueves y ma\u00f1ana viernes, de 18.30 a 21 horas con entrada libre, se celebrar\u00e1n diferentes ponencias sobre esta alternativa residencial","og_url":"https:\/\/www.laguiadepamplona.com\/actualidad\/esta-tarde-comienzan-en-el-palacio-del-condestable-unas-jornadas-sobre-cohousing-o-viviendas-colaborativas-organizadas-por-el-ayuntamiento-de-pamplona\/","og_site_name":"La Gu\u00eda de Pamplona","article_publisher":"https:\/\/www.facebook.com\/laguiadepamplonacom-133175176762273\/?ref=hl","article_published_time":"2017-10-19T13:56:03+00:00","og_image":[{"width":900,"height":675,"url":"https:\/\/www.laguiadepamplona.com\/actualidad\/wp-content\/uploads\/2016\/12\/palacio-condestable-civivox.jpg","type":"image\/jpeg"}],"author":"La Gu\u00eda de Pamplona","twitter_card":"summary_large_image","twitter_creator":"@LaGuiadPamplona","twitter_site":"@LaGuiadPamplona","twitter_misc":{"Escrito por":"La Gu\u00eda de Pamplona","Tiempo de lectura":"2 minutos"},"schema":{"@context":"https:\/\/schema.org","@graph":[{"@type":"Article","@id":"https:\/\/www.laguiadepamplona.com\/actualidad\/esta-tarde-comienzan-en-el-palacio-del-condestable-unas-jornadas-sobre-cohousing-o-viviendas-colaborativas-organizadas-por-el-ayuntamiento-de-pamplona\/#article","isPartOf":{"@id":"https:\/\/www.laguiadepamplona.com\/actualidad\/esta-tarde-comienzan-en-el-palacio-del-condestable-unas-jornadas-sobre-cohousing-o-viviendas-colaborativas-organizadas-por-el-ayuntamiento-de-pamplona\/"},"author":{"name":"La Gu\u00eda de Pamplona","@id":"https:\/\/www.laguiadepamplona.com\/actualidad\/#\/schema\/person\/efe887376f0213d4657c93adc50b1fdb"},"headline":"Esta tarde comienzan en el Palacio del Condestable unas jornadas sobre cohousing o viviendas colaborativas organizadas por el Ayuntamiento de Pamplona","datePublished":"2017-10-19T13:56:03+00:00","mainEntityOfPage":{"@id":"https:\/\/www.laguiadepamplona.com\/actualidad\/esta-tarde-comienzan-en-el-palacio-del-condestable-unas-jornadas-sobre-cohousing-o-viviendas-colaborativas-organizadas-por-el-ayuntamiento-de-pamplona\/"},"wordCount":477,"commentCount":0,"publisher":{"@id":"https:\/\/www.laguiadepamplona.com\/actualidad\/#organization"},"image":{"@id":"https:\/\/www.laguiadepamplona.com\/actualidad\/esta-tarde-comienzan-en-el-palacio-del-condestable-unas-jornadas-sobre-cohousing-o-viviendas-colaborativas-organizadas-por-el-ayuntamiento-de-pamplona\/#primaryimage"},"thumbnailUrl":"https:\/\/www.laguiadepamplona.com\/actualidad\/wp-content\/uploads\/2016\/12\/palacio-condestable-civivox.jpg","articleSection":["Ayto Pamplona"],"inLanguage":"es","potentialAction":[{"@type":"CommentAction","name":"Comment","target":["https:\/\/www.laguiadepamplona.com\/actualidad\/esta-tarde-comienzan-en-el-palacio-del-condestable-unas-jornadas-sobre-cohousing-o-viviendas-colaborativas-organizadas-por-el-ayuntamiento-de-pamplona\/#respond"]}]},{"@type":"WebPage","@id":"https:\/\/www.laguiadepamplona.com\/actualidad\/esta-tarde-comienzan-en-el-palacio-del-condestable-unas-jornadas-sobre-cohousing-o-viviendas-colaborativas-organizadas-por-el-ayuntamiento-de-pamplona\/","url":"https:\/\/www.laguiadepamplona.com\/actualidad\/esta-tarde-comienzan-en-el-palacio-del-condestable-unas-jornadas-sobre-cohousing-o-viviendas-colaborativas-organizadas-por-el-ayuntamiento-de-pamplona\/","name":"Esta tarde comienzan en el Palacio del Condestable unas jornadas sobre cohousing o viviendas colaborativas organizadas por el Ayuntamiento de Pamplona","isPartOf":{"@id":"https:\/\/www.laguiadepamplona.com\/actualidad\/#website"},"primaryImageOfPage":{"@id":"https:\/\/www.laguiadepamplona.com\/actualidad\/esta-tarde-comienzan-en-el-palacio-del-condestable-unas-jornadas-sobre-cohousing-o-viviendas-colaborativas-organizadas-por-el-ayuntamiento-de-pamplona\/#primaryimage"},"image":{"@id":"https:\/\/www.laguiadepamplona.com\/actualidad\/esta-tarde-comienzan-en-el-palacio-del-condestable-unas-jornadas-sobre-cohousing-o-viviendas-colaborativas-organizadas-por-el-ayuntamiento-de-pamplona\/#primaryimage"},"thumbnailUrl":"https:\/\/www.laguiadepamplona.com\/actualidad\/wp-content\/uploads\/2016\/12\/palacio-condestable-civivox.jpg","datePublished":"2017-10-19T13:56:03+00:00","breadcrumb":{"@id":"https:\/\/www.laguiadepamplona.com\/actualidad\/esta-tarde-comienzan-en-el-palacio-del-condestable-unas-jornadas-sobre-cohousing-o-viviendas-colaborativas-organizadas-por-el-ayuntamiento-de-pamplona\/#breadcrumb"},"inLanguage":"es","potentialAction":[{"@type":"ReadAction","target":["https:\/\/www.laguiadepamplona.com\/actualidad\/esta-tarde-comienzan-en-el-palacio-del-condestable-unas-jornadas-sobre-cohousing-o-viviendas-colaborativas-organizadas-por-el-ayuntamiento-de-pamplona\/"]}]},{"@type":"ImageObject","inLanguage":"es","@id":"https:\/\/www.laguiadepamplona.com\/actualidad\/esta-tarde-comienzan-en-el-palacio-del-condestable-unas-jornadas-sobre-cohousing-o-viviendas-colaborativas-organizadas-por-el-ayuntamiento-de-pamplona\/#primaryimage","url":"https:\/\/www.laguiadepamplona.com\/actualidad\/wp-content\/uploads\/2016\/12\/palacio-condestable-civivox.jpg","contentUrl":"https:\/\/www.laguiadepamplona.com\/actualidad\/wp-content\/uploads\/2016\/12\/palacio-condestable-civivox.jpg","width":900,"height":675},{"@type":"BreadcrumbList","@id":"https:\/\/www.laguiadepamplona.com\/actualidad\/esta-tarde-comienzan-en-el-palacio-del-condestable-unas-jornadas-sobre-cohousing-o-viviendas-colaborativas-organizadas-por-el-ayuntamiento-de-pamplona\/#breadcrumb","itemListElement":[{"@type":"ListItem","position":1,"name":"Portada","item":"https:\/\/www.laguiadepamplona.com\/actualidad\/"},{"@type":"ListItem","position":2,"name":"Esta tarde comienzan en el Palacio del Condestable unas jornadas sobre cohousing o viviendas colaborativas organizadas por el Ayuntamiento de Pamplona"}]},{"@type":"WebSite","@id":"https:\/\/www.laguiadepamplona.com\/actualidad\/#website","url":"https:\/\/www.laguiadepamplona.com\/actualidad\/","name":"La gu\u00eda de Pamplona","description":"Noticias de Pamplona","publisher":{"@id":"https:\/\/www.laguiadepamplona.com\/actualidad\/#organization"},"potentialAction":[{"@type":"SearchAction","target":{"@type":"EntryPoint","urlTemplate":"https:\/\/www.laguiadepamplona.com\/actualidad\/?s={search_term_string}"},"query-input":{"@type":"PropertyValueSpecification","valueRequired":true,"valueName":"search_term_string"}}],"inLanguage":"es"},{"@type":"Organization","@id":"https:\/\/www.laguiadepamplona.com\/actualidad\/#organization","name":"La Gu\u00eda de Pamplona \/ Noticias","url":"https:\/\/www.laguiadepamplona.com\/actualidad\/","logo":{"@type":"ImageObject","inLanguage":"es","@id":"https:\/\/www.laguiadepamplona.com\/actualidad\/#\/schema\/logo\/image\/","url":"https:\/\/www.laguiadepamplona.com\/actualidad\/wp-content\/uploads\/2018\/11\/logo-laguiadepamplona18-web1.png","contentUrl":"https:\/\/www.laguiadepamplona.com\/actualidad\/wp-content\/uploads\/2018\/11\/logo-laguiadepamplona18-web1.png","width":600,"height":196,"caption":"La Gu\u00eda de Pamplona \/ Noticias"},"image":{"@id":"https:\/\/www.laguiadepamplona.com\/actualidad\/#\/schema\/logo\/image\/"},"sameAs":["https:\/\/www.facebook.com\/laguiadepamplonacom-133175176762273\/?ref=hl","https:\/\/x.com\/LaGuiadPamplona","https:\/\/www.instagram.com\/la_guia_de_pamplona\/","https:\/\/www.youtube.com\/user\/laguiadepamplona"]},{"@type":"Person","@id":"https:\/\/www.laguiadepamplona.com\/actualidad\/#\/schema\/person\/efe887376f0213d4657c93adc50b1fdb","name":"La Gu\u00eda de Pamplona","image":{"@type":"ImageObject","inLanguage":"es","@id":"https:\/\/secure.gravatar.com\/avatar\/b6992f131dc8d30ab0dff15446e9d346d9dbd95992de0fef795073f5ea83a81c?s=96&d=mm&r=g","url":"https:\/\/secure.gravatar.com\/avatar\/b6992f131dc8d30ab0dff15446e9d346d9dbd95992de0fef795073f5ea83a81c?s=96&d=mm&r=g","contentUrl":"https:\/\/secure.gravatar.com\/avatar\/b6992f131dc8d30ab0dff15446e9d346d9dbd95992de0fef795073f5ea83a81c?s=96&d=mm&r=g","caption":"La Gu\u00eda de Pamplona"}}]}},"post_mailing_queue_ids":[],"_links":{"self":[{"href":"https:\/\/www.laguiadepamplona.com\/actualidad\/wp-json\/wp\/v2\/posts\/14731","targetHints":{"allow":["GET"]}}],"collection":[{"href":"https:\/\/www.laguiadepamplona.com\/actualidad\/wp-json\/wp\/v2\/posts"}],"about":[{"href":"https:\/\/www.laguiadepamplona.com\/actualidad\/wp-json\/wp\/v2\/types\/post"}],"author":[{"embeddable":true,"href":"https:\/\/www.laguiadepamplona.com\/actualidad\/wp-json\/wp\/v2\/users\/1"}],"replies":[{"embeddable":true,"href":"https:\/\/www.laguiadepamplona.com\/actualidad\/wp-json\/wp\/v2\/comments?post=14731"}],"version-history":[{"count":0,"href":"https:\/\/www.laguiadepamplona.com\/actualidad\/wp-json\/wp\/v2\/posts\/14731\/revisions"}],"wp:featuredmedia":[{"embeddable":true,"href":"https:\/\/www.laguiadepamplona.com\/actualidad\/wp-json\/wp\/v2\/media\/11008"}],"wp:attachment":[{"href":"https:\/\/www.laguiadepamplona.com\/actualidad\/wp-json\/wp\/v2\/media?parent=14731"}],"wp:term":[{"taxonomy":"category","embeddable":true,"href":"https:\/\/www.laguiadepamplona.com\/actualidad\/wp-json\/wp\/v2\/categories?post=14731"},{"taxonomy":"post_tag","embeddable":true,"href":"https:\/\/www.laguiadepamplona.com\/actualidad\/wp-json\/wp\/v2\/tags?post=14731"}],"curies":[{"name":"wp","href":"https:\/\/api.w.org\/{rel}","templated":true}]}}