{"id":14728,"date":"2017-10-19T12:21:29","date_gmt":"2017-10-19T11:21:29","guid":{"rendered":"http:\/\/laguiadepamplona.es\/actualidad\/?p=14728"},"modified":"2017-10-19T12:21:29","modified_gmt":"2017-10-19T11:21:29","slug":"el-palacio-del-condestable-acoge-una-exposicion-fotografica-de-mar-c-llop-sobre-caminos-hacia-la-transexualidad","status":"publish","type":"post","link":"https:\/\/www.laguiadepamplona.com\/actualidad\/el-palacio-del-condestable-acoge-una-exposicion-fotografica-de-mar-c-llop-sobre-caminos-hacia-la-transexualidad\/","title":{"rendered":"El Palacio del Condestable acoge una exposici\u00f3n fotogr\u00e1fica de Mar C. Llop sobre caminos hacia la transexualidad"},"content":{"rendered":"<h3>Captura la experiencia vital de gente que, como la propia autora, decide tener una vivencia transg\u00e9nero y romper con la dicotom\u00eda hombre-mujer<\/h3>\n<p><!--more--><\/p>\n<p>La primera planta del Palacio del Condestable acoge desde hoy una exposici\u00f3n que muestra, trav\u00e9s de fotograf\u00edas, distintos caminos que han seguido hombres y mujeres hacia la transexualidad. Son 107 im\u00e1genes que recogen la experiencia de gente que, como la propia autora, la fot\u00f3grafa Mar C. Llop, decide tener una vivencia trans o emprender la ruta de la transici\u00f3n corporal.<\/p>\n<p>La concejala delegada de Cultura, Pol\u00edtica Ling\u00fc\u00edstica, Educaci\u00f3n y Deporte, Maider Beloki, y la concejala espcial de Igualdad y LGTBI, Laura Berro, han presentado esta ma\u00f1ana la muestra, acompa\u00f1ada de la autora, la catalana Mar C. Llop. Junto a ellas han estado presentes dos representantes de la Asociaci\u00f3n de personas trans de Navarra Transkolore, Ana Ugarte y Judit Aramburu. La exposici\u00f3n lleva por t\u00edtulo \u2018Construcciones identitarias. Work in progress\u2019. Podr\u00e1 visitarse en el Palacio del Condestable hasta el pr\u00f3ximo 11 de noviembre. El horario de visita es de lunes a s\u00e1bado, de 9 a 14 y de 17 a 21 horas<\/p>\n<p>El proyecto captura la experiencia vital de mujeres y hombres transg\u00e9nero y su entorno m\u00e1s cercano (familia, amigos&#8230;), as\u00ed como el secretismo que la mayor\u00eda de veces va de la mano del travestismo. Son instant\u00e1neas respetuosas y creativas de los cuerpos de m\u00e1s de 70 personas, acompa\u00f1adas de textos sobre los sentimientos y pensamientos que surgen durante el proceso.<\/p>\n<p>La exposici\u00f3n ha sido organizada a trav\u00e9s de Transkolore, una asociaci\u00f3n navarra integrada por personas trans y afines que nace en 2016 con el prop\u00f3sito de promover la visibilizaci\u00f3n de las identidades trans y fomentar su integraci\u00f3n como parte de la diversidad humana, rompiendo t\u00f3picos y estereotipos.<\/p>\n<p><strong>M\u00e1s all\u00e1 de la dicotom\u00eda mujer-hombre<\/strong><\/p>\n<p>Como su propio nombre indica, \u2018Construcciones identitarias\u2019 es una reflexi\u00f3n fotogr\u00e1fica de las construcciones de g\u00e9nero de quien necesita salirse de la dicotom\u00eda mujer-hombre, acercando al espectador la realidad de aquellas personas que ponen en duda una concepci\u00f3n binaria de la identidad de g\u00e9nero y sexo. El trabajo se centra de forma m\u00e1s espec\u00edfica en la evoluci\u00f3n de los cuerpos de las personas transexuales.<\/p>\n<p>La exposici\u00f3n se articula despu\u00e9s en torno a cuatro secciones: \u2018Conceptos\u2019, \u2018Personas\u2019, \u2018V\u00ednculos\u2019 y \u2018Tr\u00e1nsitos\u2019.\u00a0 Mar C. Llop comenz\u00f3 capturando fotogr\u00e1ficamente el tr\u00e1nsito de personas hacia la vivencia trans, donde surgi\u00f3 \u2018Tr\u00e1nsito\u2019. En paralelo, la fot\u00f3grafa empez\u00f3 a retratar a los protagonistas de esos tr\u00e1nsitos en el momento en que llegaban, vestidos y vestidas, y de all\u00ed surgi\u00f3 \u2018Personas\u2019. La secci\u00f3n \u2018V\u00ednculos\u2019 surgi\u00f3 par amostrar las relaciones diversas que tienen las personas que viven el g\u00e9nero de una manera disidente. Finalmente, \u2018Conceptos\u2019 sit\u00faa algunos temas de reflexi\u00f3n, en palabras e im\u00e1genes, en un intento de plasmar discursos, vivencias y sensaciones.<\/p>\n<p><strong>La autora<\/strong><\/p>\n<p><strong>Mar C. Llop<\/strong>\u00a0es fot\u00f3grafa freelance. Naci\u00f3 en Barcelona el 3 de julio de 1967. Estudi\u00f3 fotograf\u00eda en el Institut d\u2019Estudis Fotogr\u00e0fics de Catalunya (1981-1986) y realizaci\u00f3n de video en el Centre de la Imatge (1987-1988). Puso en marcha su primer estudio fotogr\u00e1fico en 1996, desde entonces trabaja en el mundo editorial y publicitario, y se ha especializado en interiorismo, arquitectura, moda y retrato. Es activista de la asociaci\u00f3n de personas trans \u2018Generem!\u2019 y de la plataforma \u2018Trans*forma la salut\u2019, y desde el a\u00f1o 2013 est\u00e1 desarrollando el proyecto \u2018Construcciones identitarias. Work in progress\u2019, sobre las diversidades de g\u00e9nero.<\/p>\n<p>&nbsp;<\/p>\n","protected":false},"excerpt":{"rendered":"<p>Captura la experiencia vital de gente que, como la propia autora, decide tener una vivencia transg\u00e9nero y romper con la dicotom\u00eda hombre-mujer<\/p>\n","protected":false},"author":1,"featured_media":11008,"comment_status":"open","ping_status":"closed","sticky":false,"template":"","format":"standard","meta":{"footnotes":""},"categories":[2],"tags":[],"class_list":["post-14728","post","type-post","status-publish","format-standard","has-post-thumbnail","hentry","category-ayuntamiento-pamplona"],"yoast_head":"<!-- This site is optimized with the Yoast SEO plugin v27.5 - https:\/\/yoast.com\/product\/yoast-seo-wordpress\/ -->\n<title>El Palacio del Condestable acoge una exposici\u00f3n fotogr\u00e1fica de Mar C. Llop sobre caminos hacia la transexualidad<\/title>\n<meta name=\"robots\" content=\"index, follow, max-snippet:-1, max-image-preview:large, max-video-preview:-1\" \/>\n<link rel=\"canonical\" href=\"https:\/\/www.laguiadepamplona.com\/actualidad\/el-palacio-del-condestable-acoge-una-exposicion-fotografica-de-mar-c-llop-sobre-caminos-hacia-la-transexualidad\/\" \/>\n<meta property=\"og:locale\" content=\"es_ES\" \/>\n<meta property=\"og:type\" content=\"article\" \/>\n<meta property=\"og:title\" content=\"El Palacio del Condestable acoge una exposici\u00f3n fotogr\u00e1fica de Mar C. Llop sobre caminos hacia la transexualidad\" \/>\n<meta property=\"og:description\" content=\"Captura la experiencia vital de gente que, como la propia autora, decide tener una vivencia transg\u00e9nero y romper con la dicotom\u00eda hombre-mujer\" \/>\n<meta property=\"og:url\" content=\"https:\/\/www.laguiadepamplona.com\/actualidad\/el-palacio-del-condestable-acoge-una-exposicion-fotografica-de-mar-c-llop-sobre-caminos-hacia-la-transexualidad\/\" \/>\n<meta property=\"og:site_name\" content=\"La Gu\u00eda de Pamplona\" \/>\n<meta property=\"article:publisher\" content=\"https:\/\/www.facebook.com\/laguiadepamplonacom-133175176762273\/?ref=hl\" \/>\n<meta property=\"article:published_time\" content=\"2017-10-19T11:21:29+00:00\" \/>\n<meta property=\"og:image\" content=\"https:\/\/www.laguiadepamplona.com\/actualidad\/wp-content\/uploads\/2016\/12\/palacio-condestable-civivox.jpg\" \/>\n\t<meta property=\"og:image:width\" content=\"900\" \/>\n\t<meta property=\"og:image:height\" content=\"675\" \/>\n\t<meta property=\"og:image:type\" content=\"image\/jpeg\" \/>\n<meta name=\"author\" content=\"La Gu\u00eda de Pamplona\" \/>\n<meta name=\"twitter:card\" content=\"summary_large_image\" \/>\n<meta name=\"twitter:creator\" content=\"@LaGuiadPamplona\" \/>\n<meta name=\"twitter:site\" content=\"@LaGuiadPamplona\" \/>\n<meta name=\"twitter:label1\" content=\"Escrito por\" \/>\n\t<meta name=\"twitter:data1\" content=\"La Gu\u00eda de Pamplona\" \/>\n\t<meta name=\"twitter:label2\" content=\"Tiempo de lectura\" \/>\n\t<meta name=\"twitter:data2\" content=\"3 minutos\" \/>\n<script type=\"application\/ld+json\" class=\"yoast-schema-graph\">{\"@context\":\"https:\\\/\\\/schema.org\",\"@graph\":[{\"@type\":\"Article\",\"@id\":\"https:\\\/\\\/www.laguiadepamplona.com\\\/actualidad\\\/el-palacio-del-condestable-acoge-una-exposicion-fotografica-de-mar-c-llop-sobre-caminos-hacia-la-transexualidad\\\/#article\",\"isPartOf\":{\"@id\":\"https:\\\/\\\/www.laguiadepamplona.com\\\/actualidad\\\/el-palacio-del-condestable-acoge-una-exposicion-fotografica-de-mar-c-llop-sobre-caminos-hacia-la-transexualidad\\\/\"},\"author\":{\"name\":\"La Gu\u00eda de Pamplona\",\"@id\":\"https:\\\/\\\/www.laguiadepamplona.com\\\/actualidad\\\/#\\\/schema\\\/person\\\/efe887376f0213d4657c93adc50b1fdb\"},\"headline\":\"El Palacio del Condestable acoge una exposici\u00f3n fotogr\u00e1fica de Mar C. Llop sobre caminos hacia la transexualidad\",\"datePublished\":\"2017-10-19T11:21:29+00:00\",\"mainEntityOfPage\":{\"@id\":\"https:\\\/\\\/www.laguiadepamplona.com\\\/actualidad\\\/el-palacio-del-condestable-acoge-una-exposicion-fotografica-de-mar-c-llop-sobre-caminos-hacia-la-transexualidad\\\/\"},\"wordCount\":635,\"commentCount\":0,\"publisher\":{\"@id\":\"https:\\\/\\\/www.laguiadepamplona.com\\\/actualidad\\\/#organization\"},\"image\":{\"@id\":\"https:\\\/\\\/www.laguiadepamplona.com\\\/actualidad\\\/el-palacio-del-condestable-acoge-una-exposicion-fotografica-de-mar-c-llop-sobre-caminos-hacia-la-transexualidad\\\/#primaryimage\"},\"thumbnailUrl\":\"https:\\\/\\\/www.laguiadepamplona.com\\\/actualidad\\\/wp-content\\\/uploads\\\/2016\\\/12\\\/palacio-condestable-civivox.jpg\",\"articleSection\":[\"Ayto Pamplona\"],\"inLanguage\":\"es\",\"potentialAction\":[{\"@type\":\"CommentAction\",\"name\":\"Comment\",\"target\":[\"https:\\\/\\\/www.laguiadepamplona.com\\\/actualidad\\\/el-palacio-del-condestable-acoge-una-exposicion-fotografica-de-mar-c-llop-sobre-caminos-hacia-la-transexualidad\\\/#respond\"]}]},{\"@type\":\"WebPage\",\"@id\":\"https:\\\/\\\/www.laguiadepamplona.com\\\/actualidad\\\/el-palacio-del-condestable-acoge-una-exposicion-fotografica-de-mar-c-llop-sobre-caminos-hacia-la-transexualidad\\\/\",\"url\":\"https:\\\/\\\/www.laguiadepamplona.com\\\/actualidad\\\/el-palacio-del-condestable-acoge-una-exposicion-fotografica-de-mar-c-llop-sobre-caminos-hacia-la-transexualidad\\\/\",\"name\":\"El Palacio del Condestable acoge una exposici\u00f3n fotogr\u00e1fica de Mar C. Llop sobre caminos hacia la transexualidad\",\"isPartOf\":{\"@id\":\"https:\\\/\\\/www.laguiadepamplona.com\\\/actualidad\\\/#website\"},\"primaryImageOfPage\":{\"@id\":\"https:\\\/\\\/www.laguiadepamplona.com\\\/actualidad\\\/el-palacio-del-condestable-acoge-una-exposicion-fotografica-de-mar-c-llop-sobre-caminos-hacia-la-transexualidad\\\/#primaryimage\"},\"image\":{\"@id\":\"https:\\\/\\\/www.laguiadepamplona.com\\\/actualidad\\\/el-palacio-del-condestable-acoge-una-exposicion-fotografica-de-mar-c-llop-sobre-caminos-hacia-la-transexualidad\\\/#primaryimage\"},\"thumbnailUrl\":\"https:\\\/\\\/www.laguiadepamplona.com\\\/actualidad\\\/wp-content\\\/uploads\\\/2016\\\/12\\\/palacio-condestable-civivox.jpg\",\"datePublished\":\"2017-10-19T11:21:29+00:00\",\"breadcrumb\":{\"@id\":\"https:\\\/\\\/www.laguiadepamplona.com\\\/actualidad\\\/el-palacio-del-condestable-acoge-una-exposicion-fotografica-de-mar-c-llop-sobre-caminos-hacia-la-transexualidad\\\/#breadcrumb\"},\"inLanguage\":\"es\",\"potentialAction\":[{\"@type\":\"ReadAction\",\"target\":[\"https:\\\/\\\/www.laguiadepamplona.com\\\/actualidad\\\/el-palacio-del-condestable-acoge-una-exposicion-fotografica-de-mar-c-llop-sobre-caminos-hacia-la-transexualidad\\\/\"]}]},{\"@type\":\"ImageObject\",\"inLanguage\":\"es\",\"@id\":\"https:\\\/\\\/www.laguiadepamplona.com\\\/actualidad\\\/el-palacio-del-condestable-acoge-una-exposicion-fotografica-de-mar-c-llop-sobre-caminos-hacia-la-transexualidad\\\/#primaryimage\",\"url\":\"https:\\\/\\\/www.laguiadepamplona.com\\\/actualidad\\\/wp-content\\\/uploads\\\/2016\\\/12\\\/palacio-condestable-civivox.jpg\",\"contentUrl\":\"https:\\\/\\\/www.laguiadepamplona.com\\\/actualidad\\\/wp-content\\\/uploads\\\/2016\\\/12\\\/palacio-condestable-civivox.jpg\",\"width\":900,\"height\":675},{\"@type\":\"BreadcrumbList\",\"@id\":\"https:\\\/\\\/www.laguiadepamplona.com\\\/actualidad\\\/el-palacio-del-condestable-acoge-una-exposicion-fotografica-de-mar-c-llop-sobre-caminos-hacia-la-transexualidad\\\/#breadcrumb\",\"itemListElement\":[{\"@type\":\"ListItem\",\"position\":1,\"name\":\"Portada\",\"item\":\"https:\\\/\\\/www.laguiadepamplona.com\\\/actualidad\\\/\"},{\"@type\":\"ListItem\",\"position\":2,\"name\":\"El Palacio del Condestable acoge una exposici\u00f3n fotogr\u00e1fica de Mar C. Llop sobre caminos hacia la transexualidad\"}]},{\"@type\":\"WebSite\",\"@id\":\"https:\\\/\\\/www.laguiadepamplona.com\\\/actualidad\\\/#website\",\"url\":\"https:\\\/\\\/www.laguiadepamplona.com\\\/actualidad\\\/\",\"name\":\"La gu\u00eda de Pamplona\",\"description\":\"Noticias de Pamplona\",\"publisher\":{\"@id\":\"https:\\\/\\\/www.laguiadepamplona.com\\\/actualidad\\\/#organization\"},\"potentialAction\":[{\"@type\":\"SearchAction\",\"target\":{\"@type\":\"EntryPoint\",\"urlTemplate\":\"https:\\\/\\\/www.laguiadepamplona.com\\\/actualidad\\\/?s={search_term_string}\"},\"query-input\":{\"@type\":\"PropertyValueSpecification\",\"valueRequired\":true,\"valueName\":\"search_term_string\"}}],\"inLanguage\":\"es\"},{\"@type\":\"Organization\",\"@id\":\"https:\\\/\\\/www.laguiadepamplona.com\\\/actualidad\\\/#organization\",\"name\":\"La Gu\u00eda de Pamplona \\\/ Noticias\",\"url\":\"https:\\\/\\\/www.laguiadepamplona.com\\\/actualidad\\\/\",\"logo\":{\"@type\":\"ImageObject\",\"inLanguage\":\"es\",\"@id\":\"https:\\\/\\\/www.laguiadepamplona.com\\\/actualidad\\\/#\\\/schema\\\/logo\\\/image\\\/\",\"url\":\"https:\\\/\\\/www.laguiadepamplona.com\\\/actualidad\\\/wp-content\\\/uploads\\\/2018\\\/11\\\/logo-laguiadepamplona18-web1.png\",\"contentUrl\":\"https:\\\/\\\/www.laguiadepamplona.com\\\/actualidad\\\/wp-content\\\/uploads\\\/2018\\\/11\\\/logo-laguiadepamplona18-web1.png\",\"width\":600,\"height\":196,\"caption\":\"La Gu\u00eda de Pamplona \\\/ Noticias\"},\"image\":{\"@id\":\"https:\\\/\\\/www.laguiadepamplona.com\\\/actualidad\\\/#\\\/schema\\\/logo\\\/image\\\/\"},\"sameAs\":[\"https:\\\/\\\/www.facebook.com\\\/laguiadepamplonacom-133175176762273\\\/?ref=hl\",\"https:\\\/\\\/x.com\\\/LaGuiadPamplona\",\"https:\\\/\\\/www.instagram.com\\\/la_guia_de_pamplona\\\/\",\"https:\\\/\\\/www.youtube.com\\\/user\\\/laguiadepamplona\"]},{\"@type\":\"Person\",\"@id\":\"https:\\\/\\\/www.laguiadepamplona.com\\\/actualidad\\\/#\\\/schema\\\/person\\\/efe887376f0213d4657c93adc50b1fdb\",\"name\":\"La Gu\u00eda de Pamplona\",\"image\":{\"@type\":\"ImageObject\",\"inLanguage\":\"es\",\"@id\":\"https:\\\/\\\/secure.gravatar.com\\\/avatar\\\/b6992f131dc8d30ab0dff15446e9d346d9dbd95992de0fef795073f5ea83a81c?s=96&d=mm&r=g\",\"url\":\"https:\\\/\\\/secure.gravatar.com\\\/avatar\\\/b6992f131dc8d30ab0dff15446e9d346d9dbd95992de0fef795073f5ea83a81c?s=96&d=mm&r=g\",\"contentUrl\":\"https:\\\/\\\/secure.gravatar.com\\\/avatar\\\/b6992f131dc8d30ab0dff15446e9d346d9dbd95992de0fef795073f5ea83a81c?s=96&d=mm&r=g\",\"caption\":\"La Gu\u00eda de Pamplona\"}}]}<\/script>\n<!-- \/ Yoast SEO plugin. -->","yoast_head_json":{"title":"El Palacio del Condestable acoge una exposici\u00f3n fotogr\u00e1fica de Mar C. Llop sobre caminos hacia la transexualidad","robots":{"index":"index","follow":"follow","max-snippet":"max-snippet:-1","max-image-preview":"max-image-preview:large","max-video-preview":"max-video-preview:-1"},"canonical":"https:\/\/www.laguiadepamplona.com\/actualidad\/el-palacio-del-condestable-acoge-una-exposicion-fotografica-de-mar-c-llop-sobre-caminos-hacia-la-transexualidad\/","og_locale":"es_ES","og_type":"article","og_title":"El Palacio del Condestable acoge una exposici\u00f3n fotogr\u00e1fica de Mar C. Llop sobre caminos hacia la transexualidad","og_description":"Captura la experiencia vital de gente que, como la propia autora, decide tener una vivencia transg\u00e9nero y romper con la dicotom\u00eda hombre-mujer","og_url":"https:\/\/www.laguiadepamplona.com\/actualidad\/el-palacio-del-condestable-acoge-una-exposicion-fotografica-de-mar-c-llop-sobre-caminos-hacia-la-transexualidad\/","og_site_name":"La Gu\u00eda de Pamplona","article_publisher":"https:\/\/www.facebook.com\/laguiadepamplonacom-133175176762273\/?ref=hl","article_published_time":"2017-10-19T11:21:29+00:00","og_image":[{"width":900,"height":675,"url":"https:\/\/www.laguiadepamplona.com\/actualidad\/wp-content\/uploads\/2016\/12\/palacio-condestable-civivox.jpg","type":"image\/jpeg"}],"author":"La Gu\u00eda de Pamplona","twitter_card":"summary_large_image","twitter_creator":"@LaGuiadPamplona","twitter_site":"@LaGuiadPamplona","twitter_misc":{"Escrito por":"La Gu\u00eda de Pamplona","Tiempo de lectura":"3 minutos"},"schema":{"@context":"https:\/\/schema.org","@graph":[{"@type":"Article","@id":"https:\/\/www.laguiadepamplona.com\/actualidad\/el-palacio-del-condestable-acoge-una-exposicion-fotografica-de-mar-c-llop-sobre-caminos-hacia-la-transexualidad\/#article","isPartOf":{"@id":"https:\/\/www.laguiadepamplona.com\/actualidad\/el-palacio-del-condestable-acoge-una-exposicion-fotografica-de-mar-c-llop-sobre-caminos-hacia-la-transexualidad\/"},"author":{"name":"La Gu\u00eda de Pamplona","@id":"https:\/\/www.laguiadepamplona.com\/actualidad\/#\/schema\/person\/efe887376f0213d4657c93adc50b1fdb"},"headline":"El Palacio del Condestable acoge una exposici\u00f3n fotogr\u00e1fica de Mar C. Llop sobre caminos hacia la transexualidad","datePublished":"2017-10-19T11:21:29+00:00","mainEntityOfPage":{"@id":"https:\/\/www.laguiadepamplona.com\/actualidad\/el-palacio-del-condestable-acoge-una-exposicion-fotografica-de-mar-c-llop-sobre-caminos-hacia-la-transexualidad\/"},"wordCount":635,"commentCount":0,"publisher":{"@id":"https:\/\/www.laguiadepamplona.com\/actualidad\/#organization"},"image":{"@id":"https:\/\/www.laguiadepamplona.com\/actualidad\/el-palacio-del-condestable-acoge-una-exposicion-fotografica-de-mar-c-llop-sobre-caminos-hacia-la-transexualidad\/#primaryimage"},"thumbnailUrl":"https:\/\/www.laguiadepamplona.com\/actualidad\/wp-content\/uploads\/2016\/12\/palacio-condestable-civivox.jpg","articleSection":["Ayto Pamplona"],"inLanguage":"es","potentialAction":[{"@type":"CommentAction","name":"Comment","target":["https:\/\/www.laguiadepamplona.com\/actualidad\/el-palacio-del-condestable-acoge-una-exposicion-fotografica-de-mar-c-llop-sobre-caminos-hacia-la-transexualidad\/#respond"]}]},{"@type":"WebPage","@id":"https:\/\/www.laguiadepamplona.com\/actualidad\/el-palacio-del-condestable-acoge-una-exposicion-fotografica-de-mar-c-llop-sobre-caminos-hacia-la-transexualidad\/","url":"https:\/\/www.laguiadepamplona.com\/actualidad\/el-palacio-del-condestable-acoge-una-exposicion-fotografica-de-mar-c-llop-sobre-caminos-hacia-la-transexualidad\/","name":"El Palacio del Condestable acoge una exposici\u00f3n fotogr\u00e1fica de Mar C. Llop sobre caminos hacia la transexualidad","isPartOf":{"@id":"https:\/\/www.laguiadepamplona.com\/actualidad\/#website"},"primaryImageOfPage":{"@id":"https:\/\/www.laguiadepamplona.com\/actualidad\/el-palacio-del-condestable-acoge-una-exposicion-fotografica-de-mar-c-llop-sobre-caminos-hacia-la-transexualidad\/#primaryimage"},"image":{"@id":"https:\/\/www.laguiadepamplona.com\/actualidad\/el-palacio-del-condestable-acoge-una-exposicion-fotografica-de-mar-c-llop-sobre-caminos-hacia-la-transexualidad\/#primaryimage"},"thumbnailUrl":"https:\/\/www.laguiadepamplona.com\/actualidad\/wp-content\/uploads\/2016\/12\/palacio-condestable-civivox.jpg","datePublished":"2017-10-19T11:21:29+00:00","breadcrumb":{"@id":"https:\/\/www.laguiadepamplona.com\/actualidad\/el-palacio-del-condestable-acoge-una-exposicion-fotografica-de-mar-c-llop-sobre-caminos-hacia-la-transexualidad\/#breadcrumb"},"inLanguage":"es","potentialAction":[{"@type":"ReadAction","target":["https:\/\/www.laguiadepamplona.com\/actualidad\/el-palacio-del-condestable-acoge-una-exposicion-fotografica-de-mar-c-llop-sobre-caminos-hacia-la-transexualidad\/"]}]},{"@type":"ImageObject","inLanguage":"es","@id":"https:\/\/www.laguiadepamplona.com\/actualidad\/el-palacio-del-condestable-acoge-una-exposicion-fotografica-de-mar-c-llop-sobre-caminos-hacia-la-transexualidad\/#primaryimage","url":"https:\/\/www.laguiadepamplona.com\/actualidad\/wp-content\/uploads\/2016\/12\/palacio-condestable-civivox.jpg","contentUrl":"https:\/\/www.laguiadepamplona.com\/actualidad\/wp-content\/uploads\/2016\/12\/palacio-condestable-civivox.jpg","width":900,"height":675},{"@type":"BreadcrumbList","@id":"https:\/\/www.laguiadepamplona.com\/actualidad\/el-palacio-del-condestable-acoge-una-exposicion-fotografica-de-mar-c-llop-sobre-caminos-hacia-la-transexualidad\/#breadcrumb","itemListElement":[{"@type":"ListItem","position":1,"name":"Portada","item":"https:\/\/www.laguiadepamplona.com\/actualidad\/"},{"@type":"ListItem","position":2,"name":"El Palacio del Condestable acoge una exposici\u00f3n fotogr\u00e1fica de Mar C. Llop sobre caminos hacia la transexualidad"}]},{"@type":"WebSite","@id":"https:\/\/www.laguiadepamplona.com\/actualidad\/#website","url":"https:\/\/www.laguiadepamplona.com\/actualidad\/","name":"La gu\u00eda de Pamplona","description":"Noticias de Pamplona","publisher":{"@id":"https:\/\/www.laguiadepamplona.com\/actualidad\/#organization"},"potentialAction":[{"@type":"SearchAction","target":{"@type":"EntryPoint","urlTemplate":"https:\/\/www.laguiadepamplona.com\/actualidad\/?s={search_term_string}"},"query-input":{"@type":"PropertyValueSpecification","valueRequired":true,"valueName":"search_term_string"}}],"inLanguage":"es"},{"@type":"Organization","@id":"https:\/\/www.laguiadepamplona.com\/actualidad\/#organization","name":"La Gu\u00eda de Pamplona \/ Noticias","url":"https:\/\/www.laguiadepamplona.com\/actualidad\/","logo":{"@type":"ImageObject","inLanguage":"es","@id":"https:\/\/www.laguiadepamplona.com\/actualidad\/#\/schema\/logo\/image\/","url":"https:\/\/www.laguiadepamplona.com\/actualidad\/wp-content\/uploads\/2018\/11\/logo-laguiadepamplona18-web1.png","contentUrl":"https:\/\/www.laguiadepamplona.com\/actualidad\/wp-content\/uploads\/2018\/11\/logo-laguiadepamplona18-web1.png","width":600,"height":196,"caption":"La Gu\u00eda de Pamplona \/ Noticias"},"image":{"@id":"https:\/\/www.laguiadepamplona.com\/actualidad\/#\/schema\/logo\/image\/"},"sameAs":["https:\/\/www.facebook.com\/laguiadepamplonacom-133175176762273\/?ref=hl","https:\/\/x.com\/LaGuiadPamplona","https:\/\/www.instagram.com\/la_guia_de_pamplona\/","https:\/\/www.youtube.com\/user\/laguiadepamplona"]},{"@type":"Person","@id":"https:\/\/www.laguiadepamplona.com\/actualidad\/#\/schema\/person\/efe887376f0213d4657c93adc50b1fdb","name":"La Gu\u00eda de Pamplona","image":{"@type":"ImageObject","inLanguage":"es","@id":"https:\/\/secure.gravatar.com\/avatar\/b6992f131dc8d30ab0dff15446e9d346d9dbd95992de0fef795073f5ea83a81c?s=96&d=mm&r=g","url":"https:\/\/secure.gravatar.com\/avatar\/b6992f131dc8d30ab0dff15446e9d346d9dbd95992de0fef795073f5ea83a81c?s=96&d=mm&r=g","contentUrl":"https:\/\/secure.gravatar.com\/avatar\/b6992f131dc8d30ab0dff15446e9d346d9dbd95992de0fef795073f5ea83a81c?s=96&d=mm&r=g","caption":"La Gu\u00eda de Pamplona"}}]}},"post_mailing_queue_ids":[],"_links":{"self":[{"href":"https:\/\/www.laguiadepamplona.com\/actualidad\/wp-json\/wp\/v2\/posts\/14728","targetHints":{"allow":["GET"]}}],"collection":[{"href":"https:\/\/www.laguiadepamplona.com\/actualidad\/wp-json\/wp\/v2\/posts"}],"about":[{"href":"https:\/\/www.laguiadepamplona.com\/actualidad\/wp-json\/wp\/v2\/types\/post"}],"author":[{"embeddable":true,"href":"https:\/\/www.laguiadepamplona.com\/actualidad\/wp-json\/wp\/v2\/users\/1"}],"replies":[{"embeddable":true,"href":"https:\/\/www.laguiadepamplona.com\/actualidad\/wp-json\/wp\/v2\/comments?post=14728"}],"version-history":[{"count":0,"href":"https:\/\/www.laguiadepamplona.com\/actualidad\/wp-json\/wp\/v2\/posts\/14728\/revisions"}],"wp:featuredmedia":[{"embeddable":true,"href":"https:\/\/www.laguiadepamplona.com\/actualidad\/wp-json\/wp\/v2\/media\/11008"}],"wp:attachment":[{"href":"https:\/\/www.laguiadepamplona.com\/actualidad\/wp-json\/wp\/v2\/media?parent=14728"}],"wp:term":[{"taxonomy":"category","embeddable":true,"href":"https:\/\/www.laguiadepamplona.com\/actualidad\/wp-json\/wp\/v2\/categories?post=14728"},{"taxonomy":"post_tag","embeddable":true,"href":"https:\/\/www.laguiadepamplona.com\/actualidad\/wp-json\/wp\/v2\/tags?post=14728"}],"curies":[{"name":"wp","href":"https:\/\/api.w.org\/{rel}","templated":true}]}}