{"id":14434,"date":"2017-09-26T13:08:57","date_gmt":"2017-09-26T12:08:57","guid":{"rendered":"http:\/\/laguiadepamplona.es\/actualidad\/?p=14434"},"modified":"2017-09-26T13:08:57","modified_gmt":"2017-09-26T12:08:57","slug":"adjudicadas-las-obras-de-construccion-del-ascensor-de-mendillorri-que-podria-estar-operativo-para-la-primavera-del-ano-que-viene","status":"publish","type":"post","link":"https:\/\/www.laguiadepamplona.com\/actualidad\/adjudicadas-las-obras-de-construccion-del-ascensor-de-mendillorri-que-podria-estar-operativo-para-la-primavera-del-ano-que-viene\/","title":{"rendered":"Adjudicadas las obras de construcci\u00f3n del ascensor de Mendillorri que podr\u00eda estar operativo para la primavera del a\u00f1o que viene"},"content":{"rendered":"<h3>El plazo de ejecuci\u00f3n de los trabajos es de poco m\u00e1s de seis meses y el presupuesto de la obra 817.440,69 euros<\/h3>\n<p><!--more--><\/p>\n<p><a href=\"http:\/\/laguiadepamplona.es\/actualidad\/wp-content\/uploads\/2017\/05\/proyecto_ascensor_mendillorri_2.jpg\"><img loading=\"lazy\" decoding=\"async\" class=\"alignleft size-medium wp-image-13275\" src=\"http:\/\/laguiadepamplona.es\/actualidad\/wp-content\/uploads\/2017\/05\/proyecto_ascensor_mendillorri_2-300x200.jpg\" alt=\"\" width=\"300\" height=\"200\" srcset=\"https:\/\/www.laguiadepamplona.com\/actualidad\/wp-content\/uploads\/2017\/05\/proyecto_ascensor_mendillorri_2-300x200.jpg 300w, https:\/\/www.laguiadepamplona.com\/actualidad\/wp-content\/uploads\/2017\/05\/proyecto_ascensor_mendillorri_2-768x511.jpg 768w, https:\/\/www.laguiadepamplona.com\/actualidad\/wp-content\/uploads\/2017\/05\/proyecto_ascensor_mendillorri_2.jpg 1000w\" sizes=\"auto, (max-width: 300px) 100vw, 300px\" \/><\/a>La Junta de Gobierno Local del Ayuntamiento de Pamplona ha adjudicado las obras de instalaci\u00f3n del ascensor urbano del barrio de Mendillorri, que salvar\u00e1 los 18,5 metros de desnivel que hay entre la intersecci\u00f3n de las calles Concejo de Badost\u00e1in y Se\u00f1or\u00edo de Echalaz en la zona baja del barrio y la carretera de Badost\u00e1in en la parte alta. Los trabajos se prolongar\u00e1n durante poco m\u00e1s de seis meses y comenzar\u00e1n a mediados de octubre. El ascensor podr\u00eda estar operativo en la primavera del a\u00f1o que viene.<\/p>\n<p>La instalaci\u00f3n del ascensor la llevar\u00e1 a cabo la empresas Guill\u00e9n Obras y Proyectos S.L. por un importe de 817.440,69 euros, con una baja del 15% respecto al precio de licitaci\u00f3n, que era de 966.000 euros. La infraestructura ser\u00e1 similar a la de los elevadores de la Media Luna o del Grupo Urd\u00e1noz en Etxabakoitz, con una torre exenta que acoge el ascensor y una pasarela que accede al desembarco superior. En el embarque inferior, el ascensor se plantea cercano al talud como un espacio cubierto con una marquesina de vidrio. El ascensor tendr\u00e1 una capacidad para 22 personas y unas dimensiones interiores de cabina de 1,65 x 1,95 metros. Tardar\u00e1 11 segundos en realizar el recorrido m\u00e1s el tiempo para el embarque y desembarque de las personas usuarias.<\/p>\n<p>El proyecto se enmarca en la mejora de la accesibilidad en el barrio, con una comunicaci\u00f3n libre de barreras entre la parte baja de Mendillorri, fases primera y cuarta, y el resto de fases situadas en la parte superior, en donde se encuentran, adem\u00e1s, la mayor parte de los servicios del barrio. El proyecto contempla tambi\u00e9n la intervenci\u00f3n el acondicionamiento del talud vegetal situado en las zonas de afecci\u00f3n y de los caminos de la parte superior para que sean accesibles y puedan seguir siendo v\u00eda de comunicaci\u00f3n con la parte alta del barrio.<\/p>\n<p><strong>18 metros en 11 segundos<\/strong><\/p>\n<p>En la actualidad, la comunicaci\u00f3n entre las zonas alta y baja del barrio de Mendillorri se produce a trav\u00e9s de caminos de hormig\u00f3n que recorren el talud que los separa. La soluci\u00f3n propuesta para salvar este desnivel entre la carretera de Badost\u00e1in y la intersecci\u00f3n entre las calles Concejo de Badost\u00e1in y Se\u00f1or\u00edo de Echalaz es un ascensor con una torre elevador exenta, comunicada con una pasarela que acceda al desembarco superior, ya que el talud y el espacio f\u00edsico disponible no permiten la colocaci\u00f3n de otras estructuras como escaleras mec\u00e1nicas o elevadores en trinchera o enterrados. La pasarela de acceso a la parada superior ser\u00e1 de 29 metros. En los embarques superior e inferior se proyectan dos marquesinas de vidrio que servir\u00e1n de protecci\u00f3n frente a la lluvia en los momentos de espera o de salida del ascensor.<\/p>\n<p>El sistema consiste en un elevador panor\u00e1mico el\u00e9ctrico, con capacidad para 22 personas (1.600 kilos) y unas dimensiones interiores de cabina de 1,65 x 1,95 metros. Con una velocidad de 1,6 metros por segundo, se considera aproximadamente un tiempo de 11,25 segundos para efectuar el recorrido de ascenso y descenso, m\u00e1s otro minuto (60 segundos) para el embarque y desembarque de las personas usuarias. As\u00ed las cosas, los 71,25 segundos constituyen alrededor de 50 viajes cada hora que, por un total de 22 personas que son las que puede trasladar, dan como resultado una capacidad de desplazamiento te\u00f3rica m\u00e1xima de 1.100 personas cada hora.<\/p>\n<p>Respecto al dise\u00f1o, se ha dado el mismo car\u00e1cter tanto al volumen de la torre, realizado mediante dos paramentos laterales opacos, revestidos de acero corten, que al ser pegado en su parte exterior, acent\u00faa la ligereza y verticalidad de la torre. Asimismo, las vigas caj\u00f3n de la pasarela se han reducido a la m\u00ednima expresi\u00f3n, realiz\u00e1ndose una barandilla del mismo material, acero corten, a modo de pletinas que tambi\u00e9n apoyan esa ligereza proyectual.<\/p>\n<p>&nbsp;<\/p>\n","protected":false},"excerpt":{"rendered":"<p>El plazo de ejecuci\u00f3n de los trabajos es de poco m\u00e1s de seis meses y el presupuesto de la obra 817.440,69 euros<\/p>\n","protected":false},"author":1,"featured_media":13274,"comment_status":"open","ping_status":"closed","sticky":false,"template":"","format":"standard","meta":{"footnotes":""},"categories":[2],"tags":[],"class_list":["post-14434","post","type-post","status-publish","format-standard","has-post-thumbnail","hentry","category-ayuntamiento-pamplona"],"yoast_head":"<!-- This site is optimized with the Yoast SEO plugin v27.5 - https:\/\/yoast.com\/product\/yoast-seo-wordpress\/ -->\n<title>Adjudicadas las obras de construcci\u00f3n del ascensor de Mendillorri que podr\u00eda estar operativo para la primavera del a\u00f1o que viene<\/title>\n<meta name=\"robots\" content=\"index, follow, max-snippet:-1, max-image-preview:large, max-video-preview:-1\" \/>\n<link rel=\"canonical\" href=\"https:\/\/www.laguiadepamplona.com\/actualidad\/adjudicadas-las-obras-de-construccion-del-ascensor-de-mendillorri-que-podria-estar-operativo-para-la-primavera-del-ano-que-viene\/\" \/>\n<meta property=\"og:locale\" content=\"es_ES\" \/>\n<meta property=\"og:type\" content=\"article\" \/>\n<meta property=\"og:title\" content=\"Adjudicadas las obras de construcci\u00f3n del ascensor de Mendillorri que podr\u00eda estar operativo para la primavera del a\u00f1o que viene\" \/>\n<meta property=\"og:description\" content=\"El plazo de ejecuci\u00f3n de los trabajos es de poco m\u00e1s de seis meses y el presupuesto de la obra 817.440,69 euros\" \/>\n<meta property=\"og:url\" content=\"https:\/\/www.laguiadepamplona.com\/actualidad\/adjudicadas-las-obras-de-construccion-del-ascensor-de-mendillorri-que-podria-estar-operativo-para-la-primavera-del-ano-que-viene\/\" \/>\n<meta property=\"og:site_name\" content=\"La Gu\u00eda de Pamplona\" \/>\n<meta property=\"article:publisher\" content=\"https:\/\/www.facebook.com\/laguiadepamplonacom-133175176762273\/?ref=hl\" \/>\n<meta property=\"article:published_time\" content=\"2017-09-26T12:08:57+00:00\" \/>\n<meta property=\"og:image\" content=\"https:\/\/www.laguiadepamplona.com\/actualidad\/wp-content\/uploads\/2017\/05\/proyecto_ascensor_mendillorri.jpg\" \/>\n\t<meta property=\"og:image:width\" content=\"1000\" \/>\n\t<meta property=\"og:image:height\" content=\"665\" \/>\n\t<meta property=\"og:image:type\" content=\"image\/jpeg\" \/>\n<meta name=\"author\" content=\"La Gu\u00eda de Pamplona\" \/>\n<meta name=\"twitter:card\" content=\"summary_large_image\" \/>\n<meta name=\"twitter:creator\" content=\"@LaGuiadPamplona\" \/>\n<meta name=\"twitter:site\" content=\"@LaGuiadPamplona\" \/>\n<meta name=\"twitter:label1\" content=\"Escrito por\" \/>\n\t<meta name=\"twitter:data1\" content=\"La Gu\u00eda de Pamplona\" \/>\n\t<meta name=\"twitter:label2\" content=\"Tiempo de lectura\" \/>\n\t<meta name=\"twitter:data2\" content=\"3 minutos\" \/>\n<script type=\"application\/ld+json\" class=\"yoast-schema-graph\">{\"@context\":\"https:\\\/\\\/schema.org\",\"@graph\":[{\"@type\":\"Article\",\"@id\":\"https:\\\/\\\/www.laguiadepamplona.com\\\/actualidad\\\/adjudicadas-las-obras-de-construccion-del-ascensor-de-mendillorri-que-podria-estar-operativo-para-la-primavera-del-ano-que-viene\\\/#article\",\"isPartOf\":{\"@id\":\"https:\\\/\\\/www.laguiadepamplona.com\\\/actualidad\\\/adjudicadas-las-obras-de-construccion-del-ascensor-de-mendillorri-que-podria-estar-operativo-para-la-primavera-del-ano-que-viene\\\/\"},\"author\":{\"name\":\"La Gu\u00eda de Pamplona\",\"@id\":\"https:\\\/\\\/www.laguiadepamplona.com\\\/actualidad\\\/#\\\/schema\\\/person\\\/efe887376f0213d4657c93adc50b1fdb\"},\"headline\":\"Adjudicadas las obras de construcci\u00f3n del ascensor de Mendillorri que podr\u00eda estar operativo para la primavera del a\u00f1o que viene\",\"datePublished\":\"2017-09-26T12:08:57+00:00\",\"mainEntityOfPage\":{\"@id\":\"https:\\\/\\\/www.laguiadepamplona.com\\\/actualidad\\\/adjudicadas-las-obras-de-construccion-del-ascensor-de-mendillorri-que-podria-estar-operativo-para-la-primavera-del-ano-que-viene\\\/\"},\"wordCount\":707,\"commentCount\":0,\"publisher\":{\"@id\":\"https:\\\/\\\/www.laguiadepamplona.com\\\/actualidad\\\/#organization\"},\"image\":{\"@id\":\"https:\\\/\\\/www.laguiadepamplona.com\\\/actualidad\\\/adjudicadas-las-obras-de-construccion-del-ascensor-de-mendillorri-que-podria-estar-operativo-para-la-primavera-del-ano-que-viene\\\/#primaryimage\"},\"thumbnailUrl\":\"https:\\\/\\\/www.laguiadepamplona.com\\\/actualidad\\\/wp-content\\\/uploads\\\/2017\\\/05\\\/proyecto_ascensor_mendillorri.jpg\",\"articleSection\":[\"Ayto Pamplona\"],\"inLanguage\":\"es\",\"potentialAction\":[{\"@type\":\"CommentAction\",\"name\":\"Comment\",\"target\":[\"https:\\\/\\\/www.laguiadepamplona.com\\\/actualidad\\\/adjudicadas-las-obras-de-construccion-del-ascensor-de-mendillorri-que-podria-estar-operativo-para-la-primavera-del-ano-que-viene\\\/#respond\"]}]},{\"@type\":\"WebPage\",\"@id\":\"https:\\\/\\\/www.laguiadepamplona.com\\\/actualidad\\\/adjudicadas-las-obras-de-construccion-del-ascensor-de-mendillorri-que-podria-estar-operativo-para-la-primavera-del-ano-que-viene\\\/\",\"url\":\"https:\\\/\\\/www.laguiadepamplona.com\\\/actualidad\\\/adjudicadas-las-obras-de-construccion-del-ascensor-de-mendillorri-que-podria-estar-operativo-para-la-primavera-del-ano-que-viene\\\/\",\"name\":\"Adjudicadas las obras de construcci\u00f3n del ascensor de Mendillorri que podr\u00eda estar operativo para la primavera del a\u00f1o que viene\",\"isPartOf\":{\"@id\":\"https:\\\/\\\/www.laguiadepamplona.com\\\/actualidad\\\/#website\"},\"primaryImageOfPage\":{\"@id\":\"https:\\\/\\\/www.laguiadepamplona.com\\\/actualidad\\\/adjudicadas-las-obras-de-construccion-del-ascensor-de-mendillorri-que-podria-estar-operativo-para-la-primavera-del-ano-que-viene\\\/#primaryimage\"},\"image\":{\"@id\":\"https:\\\/\\\/www.laguiadepamplona.com\\\/actualidad\\\/adjudicadas-las-obras-de-construccion-del-ascensor-de-mendillorri-que-podria-estar-operativo-para-la-primavera-del-ano-que-viene\\\/#primaryimage\"},\"thumbnailUrl\":\"https:\\\/\\\/www.laguiadepamplona.com\\\/actualidad\\\/wp-content\\\/uploads\\\/2017\\\/05\\\/proyecto_ascensor_mendillorri.jpg\",\"datePublished\":\"2017-09-26T12:08:57+00:00\",\"breadcrumb\":{\"@id\":\"https:\\\/\\\/www.laguiadepamplona.com\\\/actualidad\\\/adjudicadas-las-obras-de-construccion-del-ascensor-de-mendillorri-que-podria-estar-operativo-para-la-primavera-del-ano-que-viene\\\/#breadcrumb\"},\"inLanguage\":\"es\",\"potentialAction\":[{\"@type\":\"ReadAction\",\"target\":[\"https:\\\/\\\/www.laguiadepamplona.com\\\/actualidad\\\/adjudicadas-las-obras-de-construccion-del-ascensor-de-mendillorri-que-podria-estar-operativo-para-la-primavera-del-ano-que-viene\\\/\"]}]},{\"@type\":\"ImageObject\",\"inLanguage\":\"es\",\"@id\":\"https:\\\/\\\/www.laguiadepamplona.com\\\/actualidad\\\/adjudicadas-las-obras-de-construccion-del-ascensor-de-mendillorri-que-podria-estar-operativo-para-la-primavera-del-ano-que-viene\\\/#primaryimage\",\"url\":\"https:\\\/\\\/www.laguiadepamplona.com\\\/actualidad\\\/wp-content\\\/uploads\\\/2017\\\/05\\\/proyecto_ascensor_mendillorri.jpg\",\"contentUrl\":\"https:\\\/\\\/www.laguiadepamplona.com\\\/actualidad\\\/wp-content\\\/uploads\\\/2017\\\/05\\\/proyecto_ascensor_mendillorri.jpg\",\"width\":1000,\"height\":665},{\"@type\":\"BreadcrumbList\",\"@id\":\"https:\\\/\\\/www.laguiadepamplona.com\\\/actualidad\\\/adjudicadas-las-obras-de-construccion-del-ascensor-de-mendillorri-que-podria-estar-operativo-para-la-primavera-del-ano-que-viene\\\/#breadcrumb\",\"itemListElement\":[{\"@type\":\"ListItem\",\"position\":1,\"name\":\"Portada\",\"item\":\"https:\\\/\\\/www.laguiadepamplona.com\\\/actualidad\\\/\"},{\"@type\":\"ListItem\",\"position\":2,\"name\":\"Adjudicadas las obras de construcci\u00f3n del ascensor de Mendillorri que podr\u00eda estar operativo para la primavera del a\u00f1o que viene\"}]},{\"@type\":\"WebSite\",\"@id\":\"https:\\\/\\\/www.laguiadepamplona.com\\\/actualidad\\\/#website\",\"url\":\"https:\\\/\\\/www.laguiadepamplona.com\\\/actualidad\\\/\",\"name\":\"La gu\u00eda de Pamplona\",\"description\":\"Noticias de Pamplona\",\"publisher\":{\"@id\":\"https:\\\/\\\/www.laguiadepamplona.com\\\/actualidad\\\/#organization\"},\"potentialAction\":[{\"@type\":\"SearchAction\",\"target\":{\"@type\":\"EntryPoint\",\"urlTemplate\":\"https:\\\/\\\/www.laguiadepamplona.com\\\/actualidad\\\/?s={search_term_string}\"},\"query-input\":{\"@type\":\"PropertyValueSpecification\",\"valueRequired\":true,\"valueName\":\"search_term_string\"}}],\"inLanguage\":\"es\"},{\"@type\":\"Organization\",\"@id\":\"https:\\\/\\\/www.laguiadepamplona.com\\\/actualidad\\\/#organization\",\"name\":\"La Gu\u00eda de Pamplona \\\/ Noticias\",\"url\":\"https:\\\/\\\/www.laguiadepamplona.com\\\/actualidad\\\/\",\"logo\":{\"@type\":\"ImageObject\",\"inLanguage\":\"es\",\"@id\":\"https:\\\/\\\/www.laguiadepamplona.com\\\/actualidad\\\/#\\\/schema\\\/logo\\\/image\\\/\",\"url\":\"https:\\\/\\\/www.laguiadepamplona.com\\\/actualidad\\\/wp-content\\\/uploads\\\/2018\\\/11\\\/logo-laguiadepamplona18-web1.png\",\"contentUrl\":\"https:\\\/\\\/www.laguiadepamplona.com\\\/actualidad\\\/wp-content\\\/uploads\\\/2018\\\/11\\\/logo-laguiadepamplona18-web1.png\",\"width\":600,\"height\":196,\"caption\":\"La Gu\u00eda de Pamplona \\\/ Noticias\"},\"image\":{\"@id\":\"https:\\\/\\\/www.laguiadepamplona.com\\\/actualidad\\\/#\\\/schema\\\/logo\\\/image\\\/\"},\"sameAs\":[\"https:\\\/\\\/www.facebook.com\\\/laguiadepamplonacom-133175176762273\\\/?ref=hl\",\"https:\\\/\\\/x.com\\\/LaGuiadPamplona\",\"https:\\\/\\\/www.instagram.com\\\/la_guia_de_pamplona\\\/\",\"https:\\\/\\\/www.youtube.com\\\/user\\\/laguiadepamplona\"]},{\"@type\":\"Person\",\"@id\":\"https:\\\/\\\/www.laguiadepamplona.com\\\/actualidad\\\/#\\\/schema\\\/person\\\/efe887376f0213d4657c93adc50b1fdb\",\"name\":\"La Gu\u00eda de Pamplona\",\"image\":{\"@type\":\"ImageObject\",\"inLanguage\":\"es\",\"@id\":\"https:\\\/\\\/secure.gravatar.com\\\/avatar\\\/b6992f131dc8d30ab0dff15446e9d346d9dbd95992de0fef795073f5ea83a81c?s=96&d=mm&r=g\",\"url\":\"https:\\\/\\\/secure.gravatar.com\\\/avatar\\\/b6992f131dc8d30ab0dff15446e9d346d9dbd95992de0fef795073f5ea83a81c?s=96&d=mm&r=g\",\"contentUrl\":\"https:\\\/\\\/secure.gravatar.com\\\/avatar\\\/b6992f131dc8d30ab0dff15446e9d346d9dbd95992de0fef795073f5ea83a81c?s=96&d=mm&r=g\",\"caption\":\"La Gu\u00eda de Pamplona\"}}]}<\/script>\n<!-- \/ Yoast SEO plugin. -->","yoast_head_json":{"title":"Adjudicadas las obras de construcci\u00f3n del ascensor de Mendillorri que podr\u00eda estar operativo para la primavera del a\u00f1o que viene","robots":{"index":"index","follow":"follow","max-snippet":"max-snippet:-1","max-image-preview":"max-image-preview:large","max-video-preview":"max-video-preview:-1"},"canonical":"https:\/\/www.laguiadepamplona.com\/actualidad\/adjudicadas-las-obras-de-construccion-del-ascensor-de-mendillorri-que-podria-estar-operativo-para-la-primavera-del-ano-que-viene\/","og_locale":"es_ES","og_type":"article","og_title":"Adjudicadas las obras de construcci\u00f3n del ascensor de Mendillorri que podr\u00eda estar operativo para la primavera del a\u00f1o que viene","og_description":"El plazo de ejecuci\u00f3n de los trabajos es de poco m\u00e1s de seis meses y el presupuesto de la obra 817.440,69 euros","og_url":"https:\/\/www.laguiadepamplona.com\/actualidad\/adjudicadas-las-obras-de-construccion-del-ascensor-de-mendillorri-que-podria-estar-operativo-para-la-primavera-del-ano-que-viene\/","og_site_name":"La Gu\u00eda de Pamplona","article_publisher":"https:\/\/www.facebook.com\/laguiadepamplonacom-133175176762273\/?ref=hl","article_published_time":"2017-09-26T12:08:57+00:00","og_image":[{"width":1000,"height":665,"url":"https:\/\/www.laguiadepamplona.com\/actualidad\/wp-content\/uploads\/2017\/05\/proyecto_ascensor_mendillorri.jpg","type":"image\/jpeg"}],"author":"La Gu\u00eda de Pamplona","twitter_card":"summary_large_image","twitter_creator":"@LaGuiadPamplona","twitter_site":"@LaGuiadPamplona","twitter_misc":{"Escrito por":"La Gu\u00eda de Pamplona","Tiempo de lectura":"3 minutos"},"schema":{"@context":"https:\/\/schema.org","@graph":[{"@type":"Article","@id":"https:\/\/www.laguiadepamplona.com\/actualidad\/adjudicadas-las-obras-de-construccion-del-ascensor-de-mendillorri-que-podria-estar-operativo-para-la-primavera-del-ano-que-viene\/#article","isPartOf":{"@id":"https:\/\/www.laguiadepamplona.com\/actualidad\/adjudicadas-las-obras-de-construccion-del-ascensor-de-mendillorri-que-podria-estar-operativo-para-la-primavera-del-ano-que-viene\/"},"author":{"name":"La Gu\u00eda de Pamplona","@id":"https:\/\/www.laguiadepamplona.com\/actualidad\/#\/schema\/person\/efe887376f0213d4657c93adc50b1fdb"},"headline":"Adjudicadas las obras de construcci\u00f3n del ascensor de Mendillorri que podr\u00eda estar operativo para la primavera del a\u00f1o que viene","datePublished":"2017-09-26T12:08:57+00:00","mainEntityOfPage":{"@id":"https:\/\/www.laguiadepamplona.com\/actualidad\/adjudicadas-las-obras-de-construccion-del-ascensor-de-mendillorri-que-podria-estar-operativo-para-la-primavera-del-ano-que-viene\/"},"wordCount":707,"commentCount":0,"publisher":{"@id":"https:\/\/www.laguiadepamplona.com\/actualidad\/#organization"},"image":{"@id":"https:\/\/www.laguiadepamplona.com\/actualidad\/adjudicadas-las-obras-de-construccion-del-ascensor-de-mendillorri-que-podria-estar-operativo-para-la-primavera-del-ano-que-viene\/#primaryimage"},"thumbnailUrl":"https:\/\/www.laguiadepamplona.com\/actualidad\/wp-content\/uploads\/2017\/05\/proyecto_ascensor_mendillorri.jpg","articleSection":["Ayto Pamplona"],"inLanguage":"es","potentialAction":[{"@type":"CommentAction","name":"Comment","target":["https:\/\/www.laguiadepamplona.com\/actualidad\/adjudicadas-las-obras-de-construccion-del-ascensor-de-mendillorri-que-podria-estar-operativo-para-la-primavera-del-ano-que-viene\/#respond"]}]},{"@type":"WebPage","@id":"https:\/\/www.laguiadepamplona.com\/actualidad\/adjudicadas-las-obras-de-construccion-del-ascensor-de-mendillorri-que-podria-estar-operativo-para-la-primavera-del-ano-que-viene\/","url":"https:\/\/www.laguiadepamplona.com\/actualidad\/adjudicadas-las-obras-de-construccion-del-ascensor-de-mendillorri-que-podria-estar-operativo-para-la-primavera-del-ano-que-viene\/","name":"Adjudicadas las obras de construcci\u00f3n del ascensor de Mendillorri que podr\u00eda estar operativo para la primavera del a\u00f1o que viene","isPartOf":{"@id":"https:\/\/www.laguiadepamplona.com\/actualidad\/#website"},"primaryImageOfPage":{"@id":"https:\/\/www.laguiadepamplona.com\/actualidad\/adjudicadas-las-obras-de-construccion-del-ascensor-de-mendillorri-que-podria-estar-operativo-para-la-primavera-del-ano-que-viene\/#primaryimage"},"image":{"@id":"https:\/\/www.laguiadepamplona.com\/actualidad\/adjudicadas-las-obras-de-construccion-del-ascensor-de-mendillorri-que-podria-estar-operativo-para-la-primavera-del-ano-que-viene\/#primaryimage"},"thumbnailUrl":"https:\/\/www.laguiadepamplona.com\/actualidad\/wp-content\/uploads\/2017\/05\/proyecto_ascensor_mendillorri.jpg","datePublished":"2017-09-26T12:08:57+00:00","breadcrumb":{"@id":"https:\/\/www.laguiadepamplona.com\/actualidad\/adjudicadas-las-obras-de-construccion-del-ascensor-de-mendillorri-que-podria-estar-operativo-para-la-primavera-del-ano-que-viene\/#breadcrumb"},"inLanguage":"es","potentialAction":[{"@type":"ReadAction","target":["https:\/\/www.laguiadepamplona.com\/actualidad\/adjudicadas-las-obras-de-construccion-del-ascensor-de-mendillorri-que-podria-estar-operativo-para-la-primavera-del-ano-que-viene\/"]}]},{"@type":"ImageObject","inLanguage":"es","@id":"https:\/\/www.laguiadepamplona.com\/actualidad\/adjudicadas-las-obras-de-construccion-del-ascensor-de-mendillorri-que-podria-estar-operativo-para-la-primavera-del-ano-que-viene\/#primaryimage","url":"https:\/\/www.laguiadepamplona.com\/actualidad\/wp-content\/uploads\/2017\/05\/proyecto_ascensor_mendillorri.jpg","contentUrl":"https:\/\/www.laguiadepamplona.com\/actualidad\/wp-content\/uploads\/2017\/05\/proyecto_ascensor_mendillorri.jpg","width":1000,"height":665},{"@type":"BreadcrumbList","@id":"https:\/\/www.laguiadepamplona.com\/actualidad\/adjudicadas-las-obras-de-construccion-del-ascensor-de-mendillorri-que-podria-estar-operativo-para-la-primavera-del-ano-que-viene\/#breadcrumb","itemListElement":[{"@type":"ListItem","position":1,"name":"Portada","item":"https:\/\/www.laguiadepamplona.com\/actualidad\/"},{"@type":"ListItem","position":2,"name":"Adjudicadas las obras de construcci\u00f3n del ascensor de Mendillorri que podr\u00eda estar operativo para la primavera del a\u00f1o que viene"}]},{"@type":"WebSite","@id":"https:\/\/www.laguiadepamplona.com\/actualidad\/#website","url":"https:\/\/www.laguiadepamplona.com\/actualidad\/","name":"La gu\u00eda de Pamplona","description":"Noticias de Pamplona","publisher":{"@id":"https:\/\/www.laguiadepamplona.com\/actualidad\/#organization"},"potentialAction":[{"@type":"SearchAction","target":{"@type":"EntryPoint","urlTemplate":"https:\/\/www.laguiadepamplona.com\/actualidad\/?s={search_term_string}"},"query-input":{"@type":"PropertyValueSpecification","valueRequired":true,"valueName":"search_term_string"}}],"inLanguage":"es"},{"@type":"Organization","@id":"https:\/\/www.laguiadepamplona.com\/actualidad\/#organization","name":"La Gu\u00eda de Pamplona \/ Noticias","url":"https:\/\/www.laguiadepamplona.com\/actualidad\/","logo":{"@type":"ImageObject","inLanguage":"es","@id":"https:\/\/www.laguiadepamplona.com\/actualidad\/#\/schema\/logo\/image\/","url":"https:\/\/www.laguiadepamplona.com\/actualidad\/wp-content\/uploads\/2018\/11\/logo-laguiadepamplona18-web1.png","contentUrl":"https:\/\/www.laguiadepamplona.com\/actualidad\/wp-content\/uploads\/2018\/11\/logo-laguiadepamplona18-web1.png","width":600,"height":196,"caption":"La Gu\u00eda de Pamplona \/ Noticias"},"image":{"@id":"https:\/\/www.laguiadepamplona.com\/actualidad\/#\/schema\/logo\/image\/"},"sameAs":["https:\/\/www.facebook.com\/laguiadepamplonacom-133175176762273\/?ref=hl","https:\/\/x.com\/LaGuiadPamplona","https:\/\/www.instagram.com\/la_guia_de_pamplona\/","https:\/\/www.youtube.com\/user\/laguiadepamplona"]},{"@type":"Person","@id":"https:\/\/www.laguiadepamplona.com\/actualidad\/#\/schema\/person\/efe887376f0213d4657c93adc50b1fdb","name":"La Gu\u00eda de Pamplona","image":{"@type":"ImageObject","inLanguage":"es","@id":"https:\/\/secure.gravatar.com\/avatar\/b6992f131dc8d30ab0dff15446e9d346d9dbd95992de0fef795073f5ea83a81c?s=96&d=mm&r=g","url":"https:\/\/secure.gravatar.com\/avatar\/b6992f131dc8d30ab0dff15446e9d346d9dbd95992de0fef795073f5ea83a81c?s=96&d=mm&r=g","contentUrl":"https:\/\/secure.gravatar.com\/avatar\/b6992f131dc8d30ab0dff15446e9d346d9dbd95992de0fef795073f5ea83a81c?s=96&d=mm&r=g","caption":"La Gu\u00eda de Pamplona"}}]}},"post_mailing_queue_ids":[],"_links":{"self":[{"href":"https:\/\/www.laguiadepamplona.com\/actualidad\/wp-json\/wp\/v2\/posts\/14434","targetHints":{"allow":["GET"]}}],"collection":[{"href":"https:\/\/www.laguiadepamplona.com\/actualidad\/wp-json\/wp\/v2\/posts"}],"about":[{"href":"https:\/\/www.laguiadepamplona.com\/actualidad\/wp-json\/wp\/v2\/types\/post"}],"author":[{"embeddable":true,"href":"https:\/\/www.laguiadepamplona.com\/actualidad\/wp-json\/wp\/v2\/users\/1"}],"replies":[{"embeddable":true,"href":"https:\/\/www.laguiadepamplona.com\/actualidad\/wp-json\/wp\/v2\/comments?post=14434"}],"version-history":[{"count":0,"href":"https:\/\/www.laguiadepamplona.com\/actualidad\/wp-json\/wp\/v2\/posts\/14434\/revisions"}],"wp:featuredmedia":[{"embeddable":true,"href":"https:\/\/www.laguiadepamplona.com\/actualidad\/wp-json\/wp\/v2\/media\/13274"}],"wp:attachment":[{"href":"https:\/\/www.laguiadepamplona.com\/actualidad\/wp-json\/wp\/v2\/media?parent=14434"}],"wp:term":[{"taxonomy":"category","embeddable":true,"href":"https:\/\/www.laguiadepamplona.com\/actualidad\/wp-json\/wp\/v2\/categories?post=14434"},{"taxonomy":"post_tag","embeddable":true,"href":"https:\/\/www.laguiadepamplona.com\/actualidad\/wp-json\/wp\/v2\/tags?post=14434"}],"curies":[{"name":"wp","href":"https:\/\/api.w.org\/{rel}","templated":true}]}}