{"id":14432,"date":"2017-09-26T13:06:40","date_gmt":"2017-09-26T12:06:40","guid":{"rendered":"http:\/\/laguiadepamplona.es\/actualidad\/?p=14432"},"modified":"2017-09-26T13:06:40","modified_gmt":"2017-09-26T12:06:40","slug":"las-ondas-electromagneticas-sus-mitos-su-realidad-y-el-conocimiento-cientifico-que-se-maneja-actualmente-sobre-ellas-manana-en-el-museo-de-educacion-ambiental","status":"publish","type":"post","link":"https:\/\/www.laguiadepamplona.com\/actualidad\/las-ondas-electromagneticas-sus-mitos-su-realidad-y-el-conocimiento-cientifico-que-se-maneja-actualmente-sobre-ellas-manana-en-el-museo-de-educacion-ambiental\/","title":{"rendered":"Las ondas electromagn\u00e9ticas, sus mitos, su realidad y el conocimiento cient\u00edfico que se maneja actualmente sobre ellas, ma\u00f1ana en el Museo de Educaci\u00f3n Ambiental"},"content":{"rendered":"<h3>Las personas asistentes podr\u00e1n preguntar sus dudas e inquietudes a los divulgadores Javier Armentia y Joaqu\u00edn Sevilla<\/h3>\n<p><!--more--><\/p>\n<p>Las ondas magn\u00e9ticas \u00bfson peligrosas?. Esa pregunta reunir\u00e1 ma\u00f1ana mi\u00e9rcoles en el Museo de Educaci\u00f3n Ambiental a dos profesionales que hace a\u00f1os que realizan una intensa labor de divulgaci\u00f3n cient\u00edfica y que se sit\u00faan claramente contra las llamadas pseudociencias: Javier Armentia, astrof\u00edsico, y Joaqu\u00edn Sevilla, profesor de Ingenier\u00eda El\u00e9ctrica y Electr\u00f3nica. La charla tendr\u00e1 lugar a las 19 horas con entrada libre.<\/p>\n<p>La idea es documentar qu\u00e9 son y, a\u00fan m\u00e1s importante, qu\u00e9 no son las ondas, para dividir la amalgama que muchas veces origina teor\u00edas con pretensiones cient\u00edficas que carecen de ninguna solvencia. Como ejemplo, pese a los que se sostiene en muchos foros, Armentia explicar\u00e1 que los humanos de pa\u00edses desarrollados no est\u00e1n sometidos a mayor carga de ondas desde que apareci\u00f3 la tecnolog\u00eda m\u00f3vil ya que las primeras d\u00e9cada de la radio y la televisi\u00f3n usaban una mayor potencia que la que emiten hoy en d\u00eda. Y sin embargo, los cient\u00edficos han descubierto como usarlas de forma m\u00e1s eficaz: el GPS, las comunicaciones&#8230;<\/p>\n<p>En la sesi\u00f3n de ma\u00f1ana se intentar\u00e1, con una mente abierta, delimitar la frontera entre ciencia y pseudociencias, ofrecer toda la informaci\u00f3n contrastada disponible, evidenciar las lagunas que a\u00fan existen y, sobre todo, dar respuesta a las preguntas de los interesados desde el m\u00e9todo y los conocimientos cient\u00edficos, buscando despejar dudas con el pensamiento cr\u00edtico.<\/p>\n<p>Javier Armentia es cient\u00edfico y divulgador de la ciencia. De formaci\u00f3n en astrof\u00edsica, fue investigador y profesor en la Universidad Complutense de Madrid y dirige el Planetario de Pamplona desde 1993. Es, adem\u00e1s, vocal de la junta directiva de la Asociaci\u00f3n Espa\u00f1ola de Comunicaci\u00f3n Cient\u00edfica. Por su parte Joaqu\u00edn Sevilla es f\u00edsico y profesor de Ingenier\u00eda El\u00e9ctrica y Electr\u00f3nica en la Universidad P\u00fablica de Navarra (UPNA). Los ponentes de la sesi\u00f3n fundaron en el a\u00f1o 2013 la iniciativa de divulgaci\u00f3n cient\u00edfica \u2018Ciencia en el bar\u2019 que tambi\u00e9n recomienza este jueves.<\/p>\n","protected":false},"excerpt":{"rendered":"<p>Las personas asistentes podr\u00e1n preguntar sus dudas e inquietudes a los divulgadores Javier Armentia y Joaqu\u00edn Sevilla<\/p>\n","protected":false},"author":1,"featured_media":11071,"comment_status":"open","ping_status":"closed","sticky":false,"template":"","format":"standard","meta":{"footnotes":""},"categories":[2],"tags":[],"class_list":["post-14432","post","type-post","status-publish","format-standard","has-post-thumbnail","hentry","category-ayuntamiento-pamplona"],"yoast_head":"<!-- This site is optimized with the Yoast SEO plugin v27.5 - https:\/\/yoast.com\/product\/yoast-seo-wordpress\/ -->\n<title>Las ondas electromagn\u00e9ticas, sus mitos, su realidad y el conocimiento cient\u00edfico que se maneja actualmente sobre ellas, ma\u00f1ana en el Museo de Educaci\u00f3n Ambiental<\/title>\n<meta name=\"robots\" content=\"index, follow, max-snippet:-1, max-image-preview:large, max-video-preview:-1\" \/>\n<link rel=\"canonical\" href=\"https:\/\/www.laguiadepamplona.com\/actualidad\/las-ondas-electromagneticas-sus-mitos-su-realidad-y-el-conocimiento-cientifico-que-se-maneja-actualmente-sobre-ellas-manana-en-el-museo-de-educacion-ambiental\/\" \/>\n<meta property=\"og:locale\" content=\"es_ES\" \/>\n<meta property=\"og:type\" content=\"article\" \/>\n<meta property=\"og:title\" content=\"Las ondas electromagn\u00e9ticas, sus mitos, su realidad y el conocimiento cient\u00edfico que se maneja actualmente sobre ellas, ma\u00f1ana en el Museo de Educaci\u00f3n Ambiental\" \/>\n<meta property=\"og:description\" content=\"Las personas asistentes podr\u00e1n preguntar sus dudas e inquietudes a los divulgadores Javier Armentia y Joaqu\u00edn Sevilla\" \/>\n<meta property=\"og:url\" content=\"https:\/\/www.laguiadepamplona.com\/actualidad\/las-ondas-electromagneticas-sus-mitos-su-realidad-y-el-conocimiento-cientifico-que-se-maneja-actualmente-sobre-ellas-manana-en-el-museo-de-educacion-ambiental\/\" \/>\n<meta property=\"og:site_name\" content=\"La Gu\u00eda de Pamplona\" \/>\n<meta property=\"article:publisher\" content=\"https:\/\/www.facebook.com\/laguiadepamplonacom-133175176762273\/?ref=hl\" \/>\n<meta property=\"article:published_time\" content=\"2017-09-26T12:06:40+00:00\" \/>\n<meta property=\"og:image\" content=\"https:\/\/www.laguiadepamplona.com\/actualidad\/wp-content\/uploads\/2016\/12\/Museo-Educacion-Ambiental-Pamplona.jpg\" \/>\n\t<meta property=\"og:image:width\" content=\"627\" \/>\n\t<meta property=\"og:image:height\" content=\"352\" \/>\n\t<meta property=\"og:image:type\" content=\"image\/jpeg\" \/>\n<meta name=\"author\" content=\"La Gu\u00eda de Pamplona\" \/>\n<meta name=\"twitter:card\" content=\"summary_large_image\" \/>\n<meta name=\"twitter:creator\" content=\"@LaGuiadPamplona\" \/>\n<meta name=\"twitter:site\" content=\"@LaGuiadPamplona\" \/>\n<meta name=\"twitter:label1\" content=\"Escrito por\" \/>\n\t<meta name=\"twitter:data1\" content=\"La Gu\u00eda de Pamplona\" \/>\n\t<meta name=\"twitter:label2\" content=\"Tiempo de lectura\" \/>\n\t<meta name=\"twitter:data2\" content=\"2 minutos\" \/>\n<script type=\"application\/ld+json\" class=\"yoast-schema-graph\">{\"@context\":\"https:\\\/\\\/schema.org\",\"@graph\":[{\"@type\":\"Article\",\"@id\":\"https:\\\/\\\/www.laguiadepamplona.com\\\/actualidad\\\/las-ondas-electromagneticas-sus-mitos-su-realidad-y-el-conocimiento-cientifico-que-se-maneja-actualmente-sobre-ellas-manana-en-el-museo-de-educacion-ambiental\\\/#article\",\"isPartOf\":{\"@id\":\"https:\\\/\\\/www.laguiadepamplona.com\\\/actualidad\\\/las-ondas-electromagneticas-sus-mitos-su-realidad-y-el-conocimiento-cientifico-que-se-maneja-actualmente-sobre-ellas-manana-en-el-museo-de-educacion-ambiental\\\/\"},\"author\":{\"name\":\"La Gu\u00eda de Pamplona\",\"@id\":\"https:\\\/\\\/www.laguiadepamplona.com\\\/actualidad\\\/#\\\/schema\\\/person\\\/efe887376f0213d4657c93adc50b1fdb\"},\"headline\":\"Las ondas electromagn\u00e9ticas, sus mitos, su realidad y el conocimiento cient\u00edfico que se maneja actualmente sobre ellas, ma\u00f1ana en el Museo de Educaci\u00f3n Ambiental\",\"datePublished\":\"2017-09-26T12:06:40+00:00\",\"mainEntityOfPage\":{\"@id\":\"https:\\\/\\\/www.laguiadepamplona.com\\\/actualidad\\\/las-ondas-electromagneticas-sus-mitos-su-realidad-y-el-conocimiento-cientifico-que-se-maneja-actualmente-sobre-ellas-manana-en-el-museo-de-educacion-ambiental\\\/\"},\"wordCount\":407,\"commentCount\":0,\"publisher\":{\"@id\":\"https:\\\/\\\/www.laguiadepamplona.com\\\/actualidad\\\/#organization\"},\"image\":{\"@id\":\"https:\\\/\\\/www.laguiadepamplona.com\\\/actualidad\\\/las-ondas-electromagneticas-sus-mitos-su-realidad-y-el-conocimiento-cientifico-que-se-maneja-actualmente-sobre-ellas-manana-en-el-museo-de-educacion-ambiental\\\/#primaryimage\"},\"thumbnailUrl\":\"https:\\\/\\\/www.laguiadepamplona.com\\\/actualidad\\\/wp-content\\\/uploads\\\/2016\\\/12\\\/Museo-Educacion-Ambiental-Pamplona.jpg\",\"articleSection\":[\"Ayto Pamplona\"],\"inLanguage\":\"es\",\"potentialAction\":[{\"@type\":\"CommentAction\",\"name\":\"Comment\",\"target\":[\"https:\\\/\\\/www.laguiadepamplona.com\\\/actualidad\\\/las-ondas-electromagneticas-sus-mitos-su-realidad-y-el-conocimiento-cientifico-que-se-maneja-actualmente-sobre-ellas-manana-en-el-museo-de-educacion-ambiental\\\/#respond\"]}]},{\"@type\":\"WebPage\",\"@id\":\"https:\\\/\\\/www.laguiadepamplona.com\\\/actualidad\\\/las-ondas-electromagneticas-sus-mitos-su-realidad-y-el-conocimiento-cientifico-que-se-maneja-actualmente-sobre-ellas-manana-en-el-museo-de-educacion-ambiental\\\/\",\"url\":\"https:\\\/\\\/www.laguiadepamplona.com\\\/actualidad\\\/las-ondas-electromagneticas-sus-mitos-su-realidad-y-el-conocimiento-cientifico-que-se-maneja-actualmente-sobre-ellas-manana-en-el-museo-de-educacion-ambiental\\\/\",\"name\":\"Las ondas electromagn\u00e9ticas, sus mitos, su realidad y el conocimiento cient\u00edfico que se maneja actualmente sobre ellas, ma\u00f1ana en el Museo de Educaci\u00f3n Ambiental\",\"isPartOf\":{\"@id\":\"https:\\\/\\\/www.laguiadepamplona.com\\\/actualidad\\\/#website\"},\"primaryImageOfPage\":{\"@id\":\"https:\\\/\\\/www.laguiadepamplona.com\\\/actualidad\\\/las-ondas-electromagneticas-sus-mitos-su-realidad-y-el-conocimiento-cientifico-que-se-maneja-actualmente-sobre-ellas-manana-en-el-museo-de-educacion-ambiental\\\/#primaryimage\"},\"image\":{\"@id\":\"https:\\\/\\\/www.laguiadepamplona.com\\\/actualidad\\\/las-ondas-electromagneticas-sus-mitos-su-realidad-y-el-conocimiento-cientifico-que-se-maneja-actualmente-sobre-ellas-manana-en-el-museo-de-educacion-ambiental\\\/#primaryimage\"},\"thumbnailUrl\":\"https:\\\/\\\/www.laguiadepamplona.com\\\/actualidad\\\/wp-content\\\/uploads\\\/2016\\\/12\\\/Museo-Educacion-Ambiental-Pamplona.jpg\",\"datePublished\":\"2017-09-26T12:06:40+00:00\",\"breadcrumb\":{\"@id\":\"https:\\\/\\\/www.laguiadepamplona.com\\\/actualidad\\\/las-ondas-electromagneticas-sus-mitos-su-realidad-y-el-conocimiento-cientifico-que-se-maneja-actualmente-sobre-ellas-manana-en-el-museo-de-educacion-ambiental\\\/#breadcrumb\"},\"inLanguage\":\"es\",\"potentialAction\":[{\"@type\":\"ReadAction\",\"target\":[\"https:\\\/\\\/www.laguiadepamplona.com\\\/actualidad\\\/las-ondas-electromagneticas-sus-mitos-su-realidad-y-el-conocimiento-cientifico-que-se-maneja-actualmente-sobre-ellas-manana-en-el-museo-de-educacion-ambiental\\\/\"]}]},{\"@type\":\"ImageObject\",\"inLanguage\":\"es\",\"@id\":\"https:\\\/\\\/www.laguiadepamplona.com\\\/actualidad\\\/las-ondas-electromagneticas-sus-mitos-su-realidad-y-el-conocimiento-cientifico-que-se-maneja-actualmente-sobre-ellas-manana-en-el-museo-de-educacion-ambiental\\\/#primaryimage\",\"url\":\"https:\\\/\\\/www.laguiadepamplona.com\\\/actualidad\\\/wp-content\\\/uploads\\\/2016\\\/12\\\/Museo-Educacion-Ambiental-Pamplona.jpg\",\"contentUrl\":\"https:\\\/\\\/www.laguiadepamplona.com\\\/actualidad\\\/wp-content\\\/uploads\\\/2016\\\/12\\\/Museo-Educacion-Ambiental-Pamplona.jpg\",\"width\":627,\"height\":352},{\"@type\":\"BreadcrumbList\",\"@id\":\"https:\\\/\\\/www.laguiadepamplona.com\\\/actualidad\\\/las-ondas-electromagneticas-sus-mitos-su-realidad-y-el-conocimiento-cientifico-que-se-maneja-actualmente-sobre-ellas-manana-en-el-museo-de-educacion-ambiental\\\/#breadcrumb\",\"itemListElement\":[{\"@type\":\"ListItem\",\"position\":1,\"name\":\"Portada\",\"item\":\"https:\\\/\\\/www.laguiadepamplona.com\\\/actualidad\\\/\"},{\"@type\":\"ListItem\",\"position\":2,\"name\":\"Las ondas electromagn\u00e9ticas, sus mitos, su realidad y el conocimiento cient\u00edfico que se maneja actualmente sobre ellas, ma\u00f1ana en el Museo de Educaci\u00f3n Ambiental\"}]},{\"@type\":\"WebSite\",\"@id\":\"https:\\\/\\\/www.laguiadepamplona.com\\\/actualidad\\\/#website\",\"url\":\"https:\\\/\\\/www.laguiadepamplona.com\\\/actualidad\\\/\",\"name\":\"La gu\u00eda de Pamplona\",\"description\":\"Noticias de Pamplona\",\"publisher\":{\"@id\":\"https:\\\/\\\/www.laguiadepamplona.com\\\/actualidad\\\/#organization\"},\"potentialAction\":[{\"@type\":\"SearchAction\",\"target\":{\"@type\":\"EntryPoint\",\"urlTemplate\":\"https:\\\/\\\/www.laguiadepamplona.com\\\/actualidad\\\/?s={search_term_string}\"},\"query-input\":{\"@type\":\"PropertyValueSpecification\",\"valueRequired\":true,\"valueName\":\"search_term_string\"}}],\"inLanguage\":\"es\"},{\"@type\":\"Organization\",\"@id\":\"https:\\\/\\\/www.laguiadepamplona.com\\\/actualidad\\\/#organization\",\"name\":\"La Gu\u00eda de Pamplona \\\/ Noticias\",\"url\":\"https:\\\/\\\/www.laguiadepamplona.com\\\/actualidad\\\/\",\"logo\":{\"@type\":\"ImageObject\",\"inLanguage\":\"es\",\"@id\":\"https:\\\/\\\/www.laguiadepamplona.com\\\/actualidad\\\/#\\\/schema\\\/logo\\\/image\\\/\",\"url\":\"https:\\\/\\\/www.laguiadepamplona.com\\\/actualidad\\\/wp-content\\\/uploads\\\/2018\\\/11\\\/logo-laguiadepamplona18-web1.png\",\"contentUrl\":\"https:\\\/\\\/www.laguiadepamplona.com\\\/actualidad\\\/wp-content\\\/uploads\\\/2018\\\/11\\\/logo-laguiadepamplona18-web1.png\",\"width\":600,\"height\":196,\"caption\":\"La Gu\u00eda de Pamplona \\\/ Noticias\"},\"image\":{\"@id\":\"https:\\\/\\\/www.laguiadepamplona.com\\\/actualidad\\\/#\\\/schema\\\/logo\\\/image\\\/\"},\"sameAs\":[\"https:\\\/\\\/www.facebook.com\\\/laguiadepamplonacom-133175176762273\\\/?ref=hl\",\"https:\\\/\\\/x.com\\\/LaGuiadPamplona\",\"https:\\\/\\\/www.instagram.com\\\/la_guia_de_pamplona\\\/\",\"https:\\\/\\\/www.youtube.com\\\/user\\\/laguiadepamplona\"]},{\"@type\":\"Person\",\"@id\":\"https:\\\/\\\/www.laguiadepamplona.com\\\/actualidad\\\/#\\\/schema\\\/person\\\/efe887376f0213d4657c93adc50b1fdb\",\"name\":\"La Gu\u00eda de Pamplona\",\"image\":{\"@type\":\"ImageObject\",\"inLanguage\":\"es\",\"@id\":\"https:\\\/\\\/secure.gravatar.com\\\/avatar\\\/b6992f131dc8d30ab0dff15446e9d346d9dbd95992de0fef795073f5ea83a81c?s=96&d=mm&r=g\",\"url\":\"https:\\\/\\\/secure.gravatar.com\\\/avatar\\\/b6992f131dc8d30ab0dff15446e9d346d9dbd95992de0fef795073f5ea83a81c?s=96&d=mm&r=g\",\"contentUrl\":\"https:\\\/\\\/secure.gravatar.com\\\/avatar\\\/b6992f131dc8d30ab0dff15446e9d346d9dbd95992de0fef795073f5ea83a81c?s=96&d=mm&r=g\",\"caption\":\"La Gu\u00eda de Pamplona\"}}]}<\/script>\n<!-- \/ Yoast SEO plugin. -->","yoast_head_json":{"title":"Las ondas electromagn\u00e9ticas, sus mitos, su realidad y el conocimiento cient\u00edfico que se maneja actualmente sobre ellas, ma\u00f1ana en el Museo de Educaci\u00f3n Ambiental","robots":{"index":"index","follow":"follow","max-snippet":"max-snippet:-1","max-image-preview":"max-image-preview:large","max-video-preview":"max-video-preview:-1"},"canonical":"https:\/\/www.laguiadepamplona.com\/actualidad\/las-ondas-electromagneticas-sus-mitos-su-realidad-y-el-conocimiento-cientifico-que-se-maneja-actualmente-sobre-ellas-manana-en-el-museo-de-educacion-ambiental\/","og_locale":"es_ES","og_type":"article","og_title":"Las ondas electromagn\u00e9ticas, sus mitos, su realidad y el conocimiento cient\u00edfico que se maneja actualmente sobre ellas, ma\u00f1ana en el Museo de Educaci\u00f3n Ambiental","og_description":"Las personas asistentes podr\u00e1n preguntar sus dudas e inquietudes a los divulgadores Javier Armentia y Joaqu\u00edn Sevilla","og_url":"https:\/\/www.laguiadepamplona.com\/actualidad\/las-ondas-electromagneticas-sus-mitos-su-realidad-y-el-conocimiento-cientifico-que-se-maneja-actualmente-sobre-ellas-manana-en-el-museo-de-educacion-ambiental\/","og_site_name":"La Gu\u00eda de Pamplona","article_publisher":"https:\/\/www.facebook.com\/laguiadepamplonacom-133175176762273\/?ref=hl","article_published_time":"2017-09-26T12:06:40+00:00","og_image":[{"width":627,"height":352,"url":"https:\/\/www.laguiadepamplona.com\/actualidad\/wp-content\/uploads\/2016\/12\/Museo-Educacion-Ambiental-Pamplona.jpg","type":"image\/jpeg"}],"author":"La Gu\u00eda de Pamplona","twitter_card":"summary_large_image","twitter_creator":"@LaGuiadPamplona","twitter_site":"@LaGuiadPamplona","twitter_misc":{"Escrito por":"La Gu\u00eda de Pamplona","Tiempo de lectura":"2 minutos"},"schema":{"@context":"https:\/\/schema.org","@graph":[{"@type":"Article","@id":"https:\/\/www.laguiadepamplona.com\/actualidad\/las-ondas-electromagneticas-sus-mitos-su-realidad-y-el-conocimiento-cientifico-que-se-maneja-actualmente-sobre-ellas-manana-en-el-museo-de-educacion-ambiental\/#article","isPartOf":{"@id":"https:\/\/www.laguiadepamplona.com\/actualidad\/las-ondas-electromagneticas-sus-mitos-su-realidad-y-el-conocimiento-cientifico-que-se-maneja-actualmente-sobre-ellas-manana-en-el-museo-de-educacion-ambiental\/"},"author":{"name":"La Gu\u00eda de Pamplona","@id":"https:\/\/www.laguiadepamplona.com\/actualidad\/#\/schema\/person\/efe887376f0213d4657c93adc50b1fdb"},"headline":"Las ondas electromagn\u00e9ticas, sus mitos, su realidad y el conocimiento cient\u00edfico que se maneja actualmente sobre ellas, ma\u00f1ana en el Museo de Educaci\u00f3n Ambiental","datePublished":"2017-09-26T12:06:40+00:00","mainEntityOfPage":{"@id":"https:\/\/www.laguiadepamplona.com\/actualidad\/las-ondas-electromagneticas-sus-mitos-su-realidad-y-el-conocimiento-cientifico-que-se-maneja-actualmente-sobre-ellas-manana-en-el-museo-de-educacion-ambiental\/"},"wordCount":407,"commentCount":0,"publisher":{"@id":"https:\/\/www.laguiadepamplona.com\/actualidad\/#organization"},"image":{"@id":"https:\/\/www.laguiadepamplona.com\/actualidad\/las-ondas-electromagneticas-sus-mitos-su-realidad-y-el-conocimiento-cientifico-que-se-maneja-actualmente-sobre-ellas-manana-en-el-museo-de-educacion-ambiental\/#primaryimage"},"thumbnailUrl":"https:\/\/www.laguiadepamplona.com\/actualidad\/wp-content\/uploads\/2016\/12\/Museo-Educacion-Ambiental-Pamplona.jpg","articleSection":["Ayto Pamplona"],"inLanguage":"es","potentialAction":[{"@type":"CommentAction","name":"Comment","target":["https:\/\/www.laguiadepamplona.com\/actualidad\/las-ondas-electromagneticas-sus-mitos-su-realidad-y-el-conocimiento-cientifico-que-se-maneja-actualmente-sobre-ellas-manana-en-el-museo-de-educacion-ambiental\/#respond"]}]},{"@type":"WebPage","@id":"https:\/\/www.laguiadepamplona.com\/actualidad\/las-ondas-electromagneticas-sus-mitos-su-realidad-y-el-conocimiento-cientifico-que-se-maneja-actualmente-sobre-ellas-manana-en-el-museo-de-educacion-ambiental\/","url":"https:\/\/www.laguiadepamplona.com\/actualidad\/las-ondas-electromagneticas-sus-mitos-su-realidad-y-el-conocimiento-cientifico-que-se-maneja-actualmente-sobre-ellas-manana-en-el-museo-de-educacion-ambiental\/","name":"Las ondas electromagn\u00e9ticas, sus mitos, su realidad y el conocimiento cient\u00edfico que se maneja actualmente sobre ellas, ma\u00f1ana en el Museo de Educaci\u00f3n Ambiental","isPartOf":{"@id":"https:\/\/www.laguiadepamplona.com\/actualidad\/#website"},"primaryImageOfPage":{"@id":"https:\/\/www.laguiadepamplona.com\/actualidad\/las-ondas-electromagneticas-sus-mitos-su-realidad-y-el-conocimiento-cientifico-que-se-maneja-actualmente-sobre-ellas-manana-en-el-museo-de-educacion-ambiental\/#primaryimage"},"image":{"@id":"https:\/\/www.laguiadepamplona.com\/actualidad\/las-ondas-electromagneticas-sus-mitos-su-realidad-y-el-conocimiento-cientifico-que-se-maneja-actualmente-sobre-ellas-manana-en-el-museo-de-educacion-ambiental\/#primaryimage"},"thumbnailUrl":"https:\/\/www.laguiadepamplona.com\/actualidad\/wp-content\/uploads\/2016\/12\/Museo-Educacion-Ambiental-Pamplona.jpg","datePublished":"2017-09-26T12:06:40+00:00","breadcrumb":{"@id":"https:\/\/www.laguiadepamplona.com\/actualidad\/las-ondas-electromagneticas-sus-mitos-su-realidad-y-el-conocimiento-cientifico-que-se-maneja-actualmente-sobre-ellas-manana-en-el-museo-de-educacion-ambiental\/#breadcrumb"},"inLanguage":"es","potentialAction":[{"@type":"ReadAction","target":["https:\/\/www.laguiadepamplona.com\/actualidad\/las-ondas-electromagneticas-sus-mitos-su-realidad-y-el-conocimiento-cientifico-que-se-maneja-actualmente-sobre-ellas-manana-en-el-museo-de-educacion-ambiental\/"]}]},{"@type":"ImageObject","inLanguage":"es","@id":"https:\/\/www.laguiadepamplona.com\/actualidad\/las-ondas-electromagneticas-sus-mitos-su-realidad-y-el-conocimiento-cientifico-que-se-maneja-actualmente-sobre-ellas-manana-en-el-museo-de-educacion-ambiental\/#primaryimage","url":"https:\/\/www.laguiadepamplona.com\/actualidad\/wp-content\/uploads\/2016\/12\/Museo-Educacion-Ambiental-Pamplona.jpg","contentUrl":"https:\/\/www.laguiadepamplona.com\/actualidad\/wp-content\/uploads\/2016\/12\/Museo-Educacion-Ambiental-Pamplona.jpg","width":627,"height":352},{"@type":"BreadcrumbList","@id":"https:\/\/www.laguiadepamplona.com\/actualidad\/las-ondas-electromagneticas-sus-mitos-su-realidad-y-el-conocimiento-cientifico-que-se-maneja-actualmente-sobre-ellas-manana-en-el-museo-de-educacion-ambiental\/#breadcrumb","itemListElement":[{"@type":"ListItem","position":1,"name":"Portada","item":"https:\/\/www.laguiadepamplona.com\/actualidad\/"},{"@type":"ListItem","position":2,"name":"Las ondas electromagn\u00e9ticas, sus mitos, su realidad y el conocimiento cient\u00edfico que se maneja actualmente sobre ellas, ma\u00f1ana en el Museo de Educaci\u00f3n Ambiental"}]},{"@type":"WebSite","@id":"https:\/\/www.laguiadepamplona.com\/actualidad\/#website","url":"https:\/\/www.laguiadepamplona.com\/actualidad\/","name":"La gu\u00eda de Pamplona","description":"Noticias de Pamplona","publisher":{"@id":"https:\/\/www.laguiadepamplona.com\/actualidad\/#organization"},"potentialAction":[{"@type":"SearchAction","target":{"@type":"EntryPoint","urlTemplate":"https:\/\/www.laguiadepamplona.com\/actualidad\/?s={search_term_string}"},"query-input":{"@type":"PropertyValueSpecification","valueRequired":true,"valueName":"search_term_string"}}],"inLanguage":"es"},{"@type":"Organization","@id":"https:\/\/www.laguiadepamplona.com\/actualidad\/#organization","name":"La Gu\u00eda de Pamplona \/ Noticias","url":"https:\/\/www.laguiadepamplona.com\/actualidad\/","logo":{"@type":"ImageObject","inLanguage":"es","@id":"https:\/\/www.laguiadepamplona.com\/actualidad\/#\/schema\/logo\/image\/","url":"https:\/\/www.laguiadepamplona.com\/actualidad\/wp-content\/uploads\/2018\/11\/logo-laguiadepamplona18-web1.png","contentUrl":"https:\/\/www.laguiadepamplona.com\/actualidad\/wp-content\/uploads\/2018\/11\/logo-laguiadepamplona18-web1.png","width":600,"height":196,"caption":"La Gu\u00eda de Pamplona \/ Noticias"},"image":{"@id":"https:\/\/www.laguiadepamplona.com\/actualidad\/#\/schema\/logo\/image\/"},"sameAs":["https:\/\/www.facebook.com\/laguiadepamplonacom-133175176762273\/?ref=hl","https:\/\/x.com\/LaGuiadPamplona","https:\/\/www.instagram.com\/la_guia_de_pamplona\/","https:\/\/www.youtube.com\/user\/laguiadepamplona"]},{"@type":"Person","@id":"https:\/\/www.laguiadepamplona.com\/actualidad\/#\/schema\/person\/efe887376f0213d4657c93adc50b1fdb","name":"La Gu\u00eda de Pamplona","image":{"@type":"ImageObject","inLanguage":"es","@id":"https:\/\/secure.gravatar.com\/avatar\/b6992f131dc8d30ab0dff15446e9d346d9dbd95992de0fef795073f5ea83a81c?s=96&d=mm&r=g","url":"https:\/\/secure.gravatar.com\/avatar\/b6992f131dc8d30ab0dff15446e9d346d9dbd95992de0fef795073f5ea83a81c?s=96&d=mm&r=g","contentUrl":"https:\/\/secure.gravatar.com\/avatar\/b6992f131dc8d30ab0dff15446e9d346d9dbd95992de0fef795073f5ea83a81c?s=96&d=mm&r=g","caption":"La Gu\u00eda de Pamplona"}}]}},"post_mailing_queue_ids":[],"_links":{"self":[{"href":"https:\/\/www.laguiadepamplona.com\/actualidad\/wp-json\/wp\/v2\/posts\/14432","targetHints":{"allow":["GET"]}}],"collection":[{"href":"https:\/\/www.laguiadepamplona.com\/actualidad\/wp-json\/wp\/v2\/posts"}],"about":[{"href":"https:\/\/www.laguiadepamplona.com\/actualidad\/wp-json\/wp\/v2\/types\/post"}],"author":[{"embeddable":true,"href":"https:\/\/www.laguiadepamplona.com\/actualidad\/wp-json\/wp\/v2\/users\/1"}],"replies":[{"embeddable":true,"href":"https:\/\/www.laguiadepamplona.com\/actualidad\/wp-json\/wp\/v2\/comments?post=14432"}],"version-history":[{"count":0,"href":"https:\/\/www.laguiadepamplona.com\/actualidad\/wp-json\/wp\/v2\/posts\/14432\/revisions"}],"wp:featuredmedia":[{"embeddable":true,"href":"https:\/\/www.laguiadepamplona.com\/actualidad\/wp-json\/wp\/v2\/media\/11071"}],"wp:attachment":[{"href":"https:\/\/www.laguiadepamplona.com\/actualidad\/wp-json\/wp\/v2\/media?parent=14432"}],"wp:term":[{"taxonomy":"category","embeddable":true,"href":"https:\/\/www.laguiadepamplona.com\/actualidad\/wp-json\/wp\/v2\/categories?post=14432"},{"taxonomy":"post_tag","embeddable":true,"href":"https:\/\/www.laguiadepamplona.com\/actualidad\/wp-json\/wp\/v2\/tags?post=14432"}],"curies":[{"name":"wp","href":"https:\/\/api.w.org\/{rel}","templated":true}]}}