{"id":14426,"date":"2017-09-25T14:56:56","date_gmt":"2017-09-25T13:56:56","guid":{"rendered":"http:\/\/laguiadepamplona.es\/actualidad\/?p=14426"},"modified":"2017-09-25T14:56:56","modified_gmt":"2017-09-25T13:56:56","slug":"el-ayuntamiento-de-pamplona-invertira-515-000-euros-en-la-reforma-adecuacion-de-espacios-y-mejora-de-diez-colegios-publicos-de-la-ciudad","status":"publish","type":"post","link":"https:\/\/www.laguiadepamplona.com\/actualidad\/el-ayuntamiento-de-pamplona-invertira-515-000-euros-en-la-reforma-adecuacion-de-espacios-y-mejora-de-diez-colegios-publicos-de-la-ciudad\/","title":{"rendered":"El Ayuntamiento de Pamplona invertir\u00e1 515.000 euros en la reforma, adecuaci\u00f3n de espacios y mejora de diez colegios p\u00fablicos de la ciudad"},"content":{"rendered":"<h3>Se actuar\u00e1 en Amaiur, Bernat Etxepare, Elorri, Ermitaga\u00f1a, Hegoalde, Iturrama, Patxi Larraintzar, San Francisco, San Jorge y V\u00e1zquez de Mella<\/h3>\n<p><!--more--><\/p>\n<p>Diez centros escolares de Pamplona est\u00e1n incluidos en el plan de obras en colegio o ikastolas publicas que el Ayuntamiento va a acometer en el \u00faltimo trimestre del a\u00f1o. En total se invertir\u00e1n 516.940,67 euros para llevar a cabo trabajos de sustituci\u00f3n de personas, reforma de ba\u00f1os, adecentamiento de espacios, arreglo de filtraciones o sistemas de antiincendios. El plan de inversiones se ha dado a conocer en la Comisi\u00f3n de Asuntos Ciudadanos.<\/p>\n<p>Las mayores inversiones se van a realizar en la ikastola Amaiur y en el colegio p\u00fablico San Francisco, con 117.668,35 euros y 114.812,56 euros, respectivamente. En Amaiur se reformar\u00e1n los ba\u00f1os y ya se ha procedido a la sustituci\u00f3n de persianas en el centro. En San Francisco se reformar\u00e1n los aseos de la planta baja y primera planta y se realizar\u00e1n diferentes actuaciones en las protecciones contra incendios.<\/p>\n<p>En el C.P. Iturrama est\u00e1 previsto invertir 83.149,28 euros en la reforma de las ventanas del centro para instalarlas de aluminio. En el V\u00e1zquez de Mella los trabajos consisten en la creaci\u00f3n de un ba\u00f1o para el alumnado y un ba\u00f1o para el profesorado. El presupuesto es de 73.526 euros. M\u00e1s de 20.000 euros se invertir\u00e1n en tres centros. En Hegoalde se crear\u00e1 una rampa de acceso al gimnasio, que conlleva un gasto de 26.942,59 euros. Adem\u00e1s, Conservaci\u00f3n Urbana ha arreglado las filtraciones de las bajantes del gimnasio. En San Jorge se invertir\u00e1n 22.612,31 euros para sustituir el fibrocemento en el techo de la cocina del centro. En Elorri se llevar\u00e1n dos actuaciones con un presupuesto de 20.150 euros. Por un lado, se mejorar\u00e1n las canalizaciones del patio cubierto peque\u00f1o para evitar las filtraciones y, por otro, se adecentar\u00e1 la grada exterior de la entrada al gimnasio.<\/p>\n<p>En el C.P. Ermitaga\u00f1a se van a reformar las ventanas de la \u00faltima fachada, en el alzado sur del edificio, por un importe de 18.052 euros. Los dos \u00faltimos centros en los que se acometer\u00e1n obras ser\u00e1n Bernat Etxepare y Patxi Larraintzar. En el primero de ellos se invertir\u00e1n 8.590,58 euros para arreglar las lamas del falso techo de la zona cubierta exterior. Con la baja en la licitaci\u00f3n, si se produjera, se podr\u00eda eliminar, como se ha pedido desde el centro, la reja met\u00e1lica vertical. En Patxi Larraintzar, con 6.000 euros se trabajar\u00e1 en el sistema antiincendios y se repasar\u00e1 la instalaci\u00f3n actual.<\/p>\n<p><strong>3.000 euros para cada centro p\u00fablico<\/strong><\/p>\n<p>Adem\u00e1s de este plan de inversiones establecido para lo que queda de a\u00f1o, el Ayuntamiento de Pamplona va a conceder a cada colegio o ikastola p\u00fablica de la ciudad una partida de 3.000 euros para que lleven a cabo las obras o las mejoras en sus instalaciones que consideren oportunas.<\/p>\n<p>Se trata de esta forma de poner a la libre disposici\u00f3n de los centros una cantidad econ\u00f3mica para que puedan acometer lo que se denomina \u2018trabajos menores\u2019 que redunden en una mejor adecuaci\u00f3n de los espacios tanto para el alumnado como para el profesorado. De esta manera, se pueden realizar peque\u00f1as obras o acondicionamientos sin tener que esperar al dise\u00f1o de un proyecto o a la confecci\u00f3n de un expediente administrativo que puede demorar esos trabajos.<\/p>\n<p>&nbsp;<\/p>\n<p><strong>Inversi\u00f3n en obras en colegios o ikastolas p\u00fablicas. 2017<\/strong><\/p>\n<p>&nbsp;<\/p>\n<table>\n<tbody>\n<tr>\n<td width=\"173\"><strong>CENTRO ESCOLAR<\/strong><\/td>\n<td width=\"315\"><strong>CONCEPTO<\/strong><\/td>\n<td width=\"110\"><strong>IMPORTE<\/strong><\/td>\n<\/tr>\n<tr>\n<td width=\"173\"><strong>AMAIUR<\/strong><\/td>\n<td width=\"315\">Sustituci\u00f3n persianas<\/td>\n<td width=\"110\">17.421,00<\/td>\n<\/tr>\n<tr>\n<td width=\"173\"><strong>\u00a0<\/strong><\/p>\n<p><strong>\u00a0<\/strong><\/td>\n<td width=\"315\">Reforma de ba\u00f1os<\/td>\n<td width=\"110\">117.668,35<\/td>\n<\/tr>\n<tr>\n<td width=\"173\"><strong>BERNAT ETXEPARE<\/strong><\/p>\n<p><strong>\u00a0<\/strong><\/td>\n<td width=\"315\">Lamas falso techo zona cubierta exterior<\/td>\n<td width=\"110\">8.590,58<\/td>\n<\/tr>\n<tr>\n<td width=\"173\"><strong>ELORRI<\/strong><\/td>\n<td width=\"315\">Canalizaci\u00f3n del patio cubierto peque\u00f1o (filtraciones)<\/td>\n<td width=\"110\">12.150,00<\/td>\n<\/tr>\n<tr>\n<td width=\"173\"><strong>\u00a0<\/strong><\/td>\n<td width=\"315\">Adecentar grada exterior entrada gimnasio<\/td>\n<td width=\"110\">8.000,00<\/p>\n<p>&nbsp;<\/td>\n<\/tr>\n<tr>\n<td width=\"173\"><strong>ERMITAGA\u00d1A<\/strong><\/p>\n<p><strong>\u00a0<\/strong><\/td>\n<td width=\"315\">Reforma ventanas \u00faltima fachada<\/td>\n<td width=\"110\">18.052,00<\/td>\n<\/tr>\n<tr>\n<td width=\"173\"><strong>HEGOALDE<\/strong><\/p>\n<p><strong>\u00a0<\/strong><\/td>\n<td width=\"315\">Rampa acceso gimnasio<\/td>\n<td width=\"110\">26.942,59<\/td>\n<\/tr>\n<tr>\n<td width=\"173\"><strong>\u00a0<\/strong><\/td>\n<td width=\"315\">Filtraciones bajante gimnasio<\/td>\n<td width=\"110\">8.016,00<\/td>\n<\/tr>\n<tr>\n<td width=\"173\"><strong>ITURRAMA<\/strong><\/td>\n<td width=\"315\">Reforma de ventanas. Aluminio<\/td>\n<td width=\"110\">83.149,28<\/p>\n<p>&nbsp;<\/td>\n<\/tr>\n<tr>\n<td width=\"173\"><strong>PATXI LARRAINTZAR<\/strong><\/p>\n<p><strong>\u00a0<\/strong><\/td>\n<td width=\"315\">Sistema antiincendios<\/td>\n<td width=\"110\">6.000,00<\/td>\n<\/tr>\n<tr>\n<td width=\"173\"><strong>SAN FRANCISCO<\/strong><\/td>\n<td width=\"315\">Reforma de aseos de planta baja y primera y actuaciones en protecciones contra incendios<\/td>\n<td width=\"110\">114.812,56<\/td>\n<\/tr>\n<tr>\n<td width=\"173\"><strong>SAN JORGE<\/strong><\/td>\n<td width=\"315\">Sustituir fibrocemento en techo cocina<\/td>\n<td width=\"110\">22.612,31<\/p>\n<p>&nbsp;<\/td>\n<\/tr>\n<tr>\n<td width=\"173\"><strong>V\u00c1ZQUEZ DE MELLA<\/strong><\/p>\n<p><strong>\u00a0<\/strong><\/td>\n<td width=\"315\">1 ba\u00f1o + ba\u00f1o profesores<\/td>\n<td width=\"110\">73.526,00<\/td>\n<\/tr>\n<\/tbody>\n<\/table>\n<p>&nbsp;<\/p>\n","protected":false},"excerpt":{"rendered":"<p>Se actuar\u00e1 en Amaiur, Bernat Etxepare, Elorri, Ermitaga\u00f1a, Hegoalde, Iturrama, Patxi Larraintzar, San Francisco, San Jorge y V\u00e1zquez de Mella<\/p>\n","protected":false},"author":1,"featured_media":10979,"comment_status":"open","ping_status":"closed","sticky":false,"template":"","format":"standard","meta":{"footnotes":""},"categories":[2],"tags":[],"class_list":["post-14426","post","type-post","status-publish","format-standard","has-post-thumbnail","hentry","category-ayuntamiento-pamplona"],"yoast_head":"<!-- This site is optimized with the Yoast SEO plugin v27.3 - https:\/\/yoast.com\/product\/yoast-seo-wordpress\/ -->\n<title>El Ayuntamiento de Pamplona invertir\u00e1 515.000 euros en la reforma, adecuaci\u00f3n de espacios y mejora de diez colegios p\u00fablicos de la ciudad<\/title>\n<meta name=\"robots\" content=\"index, follow, max-snippet:-1, max-image-preview:large, max-video-preview:-1\" \/>\n<link rel=\"canonical\" href=\"https:\/\/www.laguiadepamplona.com\/actualidad\/el-ayuntamiento-de-pamplona-invertira-515-000-euros-en-la-reforma-adecuacion-de-espacios-y-mejora-de-diez-colegios-publicos-de-la-ciudad\/\" \/>\n<meta property=\"og:locale\" content=\"es_ES\" \/>\n<meta property=\"og:type\" content=\"article\" \/>\n<meta property=\"og:title\" content=\"El Ayuntamiento de Pamplona invertir\u00e1 515.000 euros en la reforma, adecuaci\u00f3n de espacios y mejora de diez colegios p\u00fablicos de la ciudad\" \/>\n<meta property=\"og:description\" content=\"Se actuar\u00e1 en Amaiur, Bernat Etxepare, Elorri, Ermitaga\u00f1a, Hegoalde, Iturrama, Patxi Larraintzar, San Francisco, San Jorge y V\u00e1zquez de Mella\" \/>\n<meta property=\"og:url\" content=\"https:\/\/www.laguiadepamplona.com\/actualidad\/el-ayuntamiento-de-pamplona-invertira-515-000-euros-en-la-reforma-adecuacion-de-espacios-y-mejora-de-diez-colegios-publicos-de-la-ciudad\/\" \/>\n<meta property=\"og:site_name\" content=\"La Gu\u00eda de Pamplona\" \/>\n<meta property=\"article:publisher\" content=\"https:\/\/www.facebook.com\/laguiadepamplonacom-133175176762273\/?ref=hl\" \/>\n<meta property=\"article:published_time\" content=\"2017-09-25T13:56:56+00:00\" \/>\n<meta property=\"og:image\" content=\"https:\/\/www.laguiadepamplona.com\/actualidad\/wp-content\/uploads\/2016\/11\/Ayto_Pamplona.jpg\" \/>\n\t<meta property=\"og:image:width\" content=\"900\" \/>\n\t<meta property=\"og:image:height\" content=\"675\" \/>\n\t<meta property=\"og:image:type\" content=\"image\/jpeg\" \/>\n<meta name=\"author\" content=\"La Gu\u00eda de Pamplona\" \/>\n<meta name=\"twitter:card\" content=\"summary_large_image\" \/>\n<meta name=\"twitter:creator\" content=\"@LaGuiadPamplona\" \/>\n<meta name=\"twitter:site\" content=\"@LaGuiadPamplona\" \/>\n<meta name=\"twitter:label1\" content=\"Escrito por\" \/>\n\t<meta name=\"twitter:data1\" content=\"La Gu\u00eda de Pamplona\" \/>\n\t<meta name=\"twitter:label2\" content=\"Tiempo de lectura\" \/>\n\t<meta name=\"twitter:data2\" content=\"3 minutos\" \/>\n<script type=\"application\/ld+json\" class=\"yoast-schema-graph\">{\"@context\":\"https:\\\/\\\/schema.org\",\"@graph\":[{\"@type\":\"Article\",\"@id\":\"https:\\\/\\\/www.laguiadepamplona.com\\\/actualidad\\\/el-ayuntamiento-de-pamplona-invertira-515-000-euros-en-la-reforma-adecuacion-de-espacios-y-mejora-de-diez-colegios-publicos-de-la-ciudad\\\/#article\",\"isPartOf\":{\"@id\":\"https:\\\/\\\/www.laguiadepamplona.com\\\/actualidad\\\/el-ayuntamiento-de-pamplona-invertira-515-000-euros-en-la-reforma-adecuacion-de-espacios-y-mejora-de-diez-colegios-publicos-de-la-ciudad\\\/\"},\"author\":{\"name\":\"La Gu\u00eda de Pamplona\",\"@id\":\"https:\\\/\\\/www.laguiadepamplona.com\\\/actualidad\\\/#\\\/schema\\\/person\\\/efe887376f0213d4657c93adc50b1fdb\"},\"headline\":\"El Ayuntamiento de Pamplona invertir\u00e1 515.000 euros en la reforma, adecuaci\u00f3n de espacios y mejora de diez colegios p\u00fablicos de la ciudad\",\"datePublished\":\"2017-09-25T13:56:56+00:00\",\"mainEntityOfPage\":{\"@id\":\"https:\\\/\\\/www.laguiadepamplona.com\\\/actualidad\\\/el-ayuntamiento-de-pamplona-invertira-515-000-euros-en-la-reforma-adecuacion-de-espacios-y-mejora-de-diez-colegios-publicos-de-la-ciudad\\\/\"},\"wordCount\":702,\"commentCount\":0,\"publisher\":{\"@id\":\"https:\\\/\\\/www.laguiadepamplona.com\\\/actualidad\\\/#organization\"},\"image\":{\"@id\":\"https:\\\/\\\/www.laguiadepamplona.com\\\/actualidad\\\/el-ayuntamiento-de-pamplona-invertira-515-000-euros-en-la-reforma-adecuacion-de-espacios-y-mejora-de-diez-colegios-publicos-de-la-ciudad\\\/#primaryimage\"},\"thumbnailUrl\":\"https:\\\/\\\/www.laguiadepamplona.com\\\/actualidad\\\/wp-content\\\/uploads\\\/2016\\\/11\\\/Ayto_Pamplona.jpg\",\"articleSection\":[\"Ayto Pamplona\"],\"inLanguage\":\"es\",\"potentialAction\":[{\"@type\":\"CommentAction\",\"name\":\"Comment\",\"target\":[\"https:\\\/\\\/www.laguiadepamplona.com\\\/actualidad\\\/el-ayuntamiento-de-pamplona-invertira-515-000-euros-en-la-reforma-adecuacion-de-espacios-y-mejora-de-diez-colegios-publicos-de-la-ciudad\\\/#respond\"]}]},{\"@type\":\"WebPage\",\"@id\":\"https:\\\/\\\/www.laguiadepamplona.com\\\/actualidad\\\/el-ayuntamiento-de-pamplona-invertira-515-000-euros-en-la-reforma-adecuacion-de-espacios-y-mejora-de-diez-colegios-publicos-de-la-ciudad\\\/\",\"url\":\"https:\\\/\\\/www.laguiadepamplona.com\\\/actualidad\\\/el-ayuntamiento-de-pamplona-invertira-515-000-euros-en-la-reforma-adecuacion-de-espacios-y-mejora-de-diez-colegios-publicos-de-la-ciudad\\\/\",\"name\":\"El Ayuntamiento de Pamplona invertir\u00e1 515.000 euros en la reforma, adecuaci\u00f3n de espacios y mejora de diez colegios p\u00fablicos de la ciudad\",\"isPartOf\":{\"@id\":\"https:\\\/\\\/www.laguiadepamplona.com\\\/actualidad\\\/#website\"},\"primaryImageOfPage\":{\"@id\":\"https:\\\/\\\/www.laguiadepamplona.com\\\/actualidad\\\/el-ayuntamiento-de-pamplona-invertira-515-000-euros-en-la-reforma-adecuacion-de-espacios-y-mejora-de-diez-colegios-publicos-de-la-ciudad\\\/#primaryimage\"},\"image\":{\"@id\":\"https:\\\/\\\/www.laguiadepamplona.com\\\/actualidad\\\/el-ayuntamiento-de-pamplona-invertira-515-000-euros-en-la-reforma-adecuacion-de-espacios-y-mejora-de-diez-colegios-publicos-de-la-ciudad\\\/#primaryimage\"},\"thumbnailUrl\":\"https:\\\/\\\/www.laguiadepamplona.com\\\/actualidad\\\/wp-content\\\/uploads\\\/2016\\\/11\\\/Ayto_Pamplona.jpg\",\"datePublished\":\"2017-09-25T13:56:56+00:00\",\"breadcrumb\":{\"@id\":\"https:\\\/\\\/www.laguiadepamplona.com\\\/actualidad\\\/el-ayuntamiento-de-pamplona-invertira-515-000-euros-en-la-reforma-adecuacion-de-espacios-y-mejora-de-diez-colegios-publicos-de-la-ciudad\\\/#breadcrumb\"},\"inLanguage\":\"es\",\"potentialAction\":[{\"@type\":\"ReadAction\",\"target\":[\"https:\\\/\\\/www.laguiadepamplona.com\\\/actualidad\\\/el-ayuntamiento-de-pamplona-invertira-515-000-euros-en-la-reforma-adecuacion-de-espacios-y-mejora-de-diez-colegios-publicos-de-la-ciudad\\\/\"]}]},{\"@type\":\"ImageObject\",\"inLanguage\":\"es\",\"@id\":\"https:\\\/\\\/www.laguiadepamplona.com\\\/actualidad\\\/el-ayuntamiento-de-pamplona-invertira-515-000-euros-en-la-reforma-adecuacion-de-espacios-y-mejora-de-diez-colegios-publicos-de-la-ciudad\\\/#primaryimage\",\"url\":\"https:\\\/\\\/www.laguiadepamplona.com\\\/actualidad\\\/wp-content\\\/uploads\\\/2016\\\/11\\\/Ayto_Pamplona.jpg\",\"contentUrl\":\"https:\\\/\\\/www.laguiadepamplona.com\\\/actualidad\\\/wp-content\\\/uploads\\\/2016\\\/11\\\/Ayto_Pamplona.jpg\",\"width\":900,\"height\":675},{\"@type\":\"BreadcrumbList\",\"@id\":\"https:\\\/\\\/www.laguiadepamplona.com\\\/actualidad\\\/el-ayuntamiento-de-pamplona-invertira-515-000-euros-en-la-reforma-adecuacion-de-espacios-y-mejora-de-diez-colegios-publicos-de-la-ciudad\\\/#breadcrumb\",\"itemListElement\":[{\"@type\":\"ListItem\",\"position\":1,\"name\":\"Portada\",\"item\":\"https:\\\/\\\/www.laguiadepamplona.com\\\/actualidad\\\/\"},{\"@type\":\"ListItem\",\"position\":2,\"name\":\"El Ayuntamiento de Pamplona invertir\u00e1 515.000 euros en la reforma, adecuaci\u00f3n de espacios y mejora de diez colegios p\u00fablicos de la ciudad\"}]},{\"@type\":\"WebSite\",\"@id\":\"https:\\\/\\\/www.laguiadepamplona.com\\\/actualidad\\\/#website\",\"url\":\"https:\\\/\\\/www.laguiadepamplona.com\\\/actualidad\\\/\",\"name\":\"La gu\u00eda de Pamplona\",\"description\":\"Noticias de Pamplona\",\"publisher\":{\"@id\":\"https:\\\/\\\/www.laguiadepamplona.com\\\/actualidad\\\/#organization\"},\"potentialAction\":[{\"@type\":\"SearchAction\",\"target\":{\"@type\":\"EntryPoint\",\"urlTemplate\":\"https:\\\/\\\/www.laguiadepamplona.com\\\/actualidad\\\/?s={search_term_string}\"},\"query-input\":{\"@type\":\"PropertyValueSpecification\",\"valueRequired\":true,\"valueName\":\"search_term_string\"}}],\"inLanguage\":\"es\"},{\"@type\":\"Organization\",\"@id\":\"https:\\\/\\\/www.laguiadepamplona.com\\\/actualidad\\\/#organization\",\"name\":\"La Gu\u00eda de Pamplona \\\/ Noticias\",\"url\":\"https:\\\/\\\/www.laguiadepamplona.com\\\/actualidad\\\/\",\"logo\":{\"@type\":\"ImageObject\",\"inLanguage\":\"es\",\"@id\":\"https:\\\/\\\/www.laguiadepamplona.com\\\/actualidad\\\/#\\\/schema\\\/logo\\\/image\\\/\",\"url\":\"https:\\\/\\\/www.laguiadepamplona.com\\\/actualidad\\\/wp-content\\\/uploads\\\/2018\\\/11\\\/logo-laguiadepamplona18-web1.png\",\"contentUrl\":\"https:\\\/\\\/www.laguiadepamplona.com\\\/actualidad\\\/wp-content\\\/uploads\\\/2018\\\/11\\\/logo-laguiadepamplona18-web1.png\",\"width\":600,\"height\":196,\"caption\":\"La Gu\u00eda de Pamplona \\\/ Noticias\"},\"image\":{\"@id\":\"https:\\\/\\\/www.laguiadepamplona.com\\\/actualidad\\\/#\\\/schema\\\/logo\\\/image\\\/\"},\"sameAs\":[\"https:\\\/\\\/www.facebook.com\\\/laguiadepamplonacom-133175176762273\\\/?ref=hl\",\"https:\\\/\\\/x.com\\\/LaGuiadPamplona\",\"https:\\\/\\\/www.instagram.com\\\/la_guia_de_pamplona\\\/\",\"https:\\\/\\\/www.youtube.com\\\/user\\\/laguiadepamplona\"]},{\"@type\":\"Person\",\"@id\":\"https:\\\/\\\/www.laguiadepamplona.com\\\/actualidad\\\/#\\\/schema\\\/person\\\/efe887376f0213d4657c93adc50b1fdb\",\"name\":\"La Gu\u00eda de Pamplona\",\"image\":{\"@type\":\"ImageObject\",\"inLanguage\":\"es\",\"@id\":\"https:\\\/\\\/secure.gravatar.com\\\/avatar\\\/b6992f131dc8d30ab0dff15446e9d346d9dbd95992de0fef795073f5ea83a81c?s=96&d=mm&r=g\",\"url\":\"https:\\\/\\\/secure.gravatar.com\\\/avatar\\\/b6992f131dc8d30ab0dff15446e9d346d9dbd95992de0fef795073f5ea83a81c?s=96&d=mm&r=g\",\"contentUrl\":\"https:\\\/\\\/secure.gravatar.com\\\/avatar\\\/b6992f131dc8d30ab0dff15446e9d346d9dbd95992de0fef795073f5ea83a81c?s=96&d=mm&r=g\",\"caption\":\"La Gu\u00eda de Pamplona\"}}]}<\/script>\n<!-- \/ Yoast SEO plugin. -->","yoast_head_json":{"title":"El Ayuntamiento de Pamplona invertir\u00e1 515.000 euros en la reforma, adecuaci\u00f3n de espacios y mejora de diez colegios p\u00fablicos de la ciudad","robots":{"index":"index","follow":"follow","max-snippet":"max-snippet:-1","max-image-preview":"max-image-preview:large","max-video-preview":"max-video-preview:-1"},"canonical":"https:\/\/www.laguiadepamplona.com\/actualidad\/el-ayuntamiento-de-pamplona-invertira-515-000-euros-en-la-reforma-adecuacion-de-espacios-y-mejora-de-diez-colegios-publicos-de-la-ciudad\/","og_locale":"es_ES","og_type":"article","og_title":"El Ayuntamiento de Pamplona invertir\u00e1 515.000 euros en la reforma, adecuaci\u00f3n de espacios y mejora de diez colegios p\u00fablicos de la ciudad","og_description":"Se actuar\u00e1 en Amaiur, Bernat Etxepare, Elorri, Ermitaga\u00f1a, Hegoalde, Iturrama, Patxi Larraintzar, San Francisco, San Jorge y V\u00e1zquez de Mella","og_url":"https:\/\/www.laguiadepamplona.com\/actualidad\/el-ayuntamiento-de-pamplona-invertira-515-000-euros-en-la-reforma-adecuacion-de-espacios-y-mejora-de-diez-colegios-publicos-de-la-ciudad\/","og_site_name":"La Gu\u00eda de Pamplona","article_publisher":"https:\/\/www.facebook.com\/laguiadepamplonacom-133175176762273\/?ref=hl","article_published_time":"2017-09-25T13:56:56+00:00","og_image":[{"width":900,"height":675,"url":"https:\/\/www.laguiadepamplona.com\/actualidad\/wp-content\/uploads\/2016\/11\/Ayto_Pamplona.jpg","type":"image\/jpeg"}],"author":"La Gu\u00eda de Pamplona","twitter_card":"summary_large_image","twitter_creator":"@LaGuiadPamplona","twitter_site":"@LaGuiadPamplona","twitter_misc":{"Escrito por":"La Gu\u00eda de Pamplona","Tiempo de lectura":"3 minutos"},"schema":{"@context":"https:\/\/schema.org","@graph":[{"@type":"Article","@id":"https:\/\/www.laguiadepamplona.com\/actualidad\/el-ayuntamiento-de-pamplona-invertira-515-000-euros-en-la-reforma-adecuacion-de-espacios-y-mejora-de-diez-colegios-publicos-de-la-ciudad\/#article","isPartOf":{"@id":"https:\/\/www.laguiadepamplona.com\/actualidad\/el-ayuntamiento-de-pamplona-invertira-515-000-euros-en-la-reforma-adecuacion-de-espacios-y-mejora-de-diez-colegios-publicos-de-la-ciudad\/"},"author":{"name":"La Gu\u00eda de Pamplona","@id":"https:\/\/www.laguiadepamplona.com\/actualidad\/#\/schema\/person\/efe887376f0213d4657c93adc50b1fdb"},"headline":"El Ayuntamiento de Pamplona invertir\u00e1 515.000 euros en la reforma, adecuaci\u00f3n de espacios y mejora de diez colegios p\u00fablicos de la ciudad","datePublished":"2017-09-25T13:56:56+00:00","mainEntityOfPage":{"@id":"https:\/\/www.laguiadepamplona.com\/actualidad\/el-ayuntamiento-de-pamplona-invertira-515-000-euros-en-la-reforma-adecuacion-de-espacios-y-mejora-de-diez-colegios-publicos-de-la-ciudad\/"},"wordCount":702,"commentCount":0,"publisher":{"@id":"https:\/\/www.laguiadepamplona.com\/actualidad\/#organization"},"image":{"@id":"https:\/\/www.laguiadepamplona.com\/actualidad\/el-ayuntamiento-de-pamplona-invertira-515-000-euros-en-la-reforma-adecuacion-de-espacios-y-mejora-de-diez-colegios-publicos-de-la-ciudad\/#primaryimage"},"thumbnailUrl":"https:\/\/www.laguiadepamplona.com\/actualidad\/wp-content\/uploads\/2016\/11\/Ayto_Pamplona.jpg","articleSection":["Ayto Pamplona"],"inLanguage":"es","potentialAction":[{"@type":"CommentAction","name":"Comment","target":["https:\/\/www.laguiadepamplona.com\/actualidad\/el-ayuntamiento-de-pamplona-invertira-515-000-euros-en-la-reforma-adecuacion-de-espacios-y-mejora-de-diez-colegios-publicos-de-la-ciudad\/#respond"]}]},{"@type":"WebPage","@id":"https:\/\/www.laguiadepamplona.com\/actualidad\/el-ayuntamiento-de-pamplona-invertira-515-000-euros-en-la-reforma-adecuacion-de-espacios-y-mejora-de-diez-colegios-publicos-de-la-ciudad\/","url":"https:\/\/www.laguiadepamplona.com\/actualidad\/el-ayuntamiento-de-pamplona-invertira-515-000-euros-en-la-reforma-adecuacion-de-espacios-y-mejora-de-diez-colegios-publicos-de-la-ciudad\/","name":"El Ayuntamiento de Pamplona invertir\u00e1 515.000 euros en la reforma, adecuaci\u00f3n de espacios y mejora de diez colegios p\u00fablicos de la ciudad","isPartOf":{"@id":"https:\/\/www.laguiadepamplona.com\/actualidad\/#website"},"primaryImageOfPage":{"@id":"https:\/\/www.laguiadepamplona.com\/actualidad\/el-ayuntamiento-de-pamplona-invertira-515-000-euros-en-la-reforma-adecuacion-de-espacios-y-mejora-de-diez-colegios-publicos-de-la-ciudad\/#primaryimage"},"image":{"@id":"https:\/\/www.laguiadepamplona.com\/actualidad\/el-ayuntamiento-de-pamplona-invertira-515-000-euros-en-la-reforma-adecuacion-de-espacios-y-mejora-de-diez-colegios-publicos-de-la-ciudad\/#primaryimage"},"thumbnailUrl":"https:\/\/www.laguiadepamplona.com\/actualidad\/wp-content\/uploads\/2016\/11\/Ayto_Pamplona.jpg","datePublished":"2017-09-25T13:56:56+00:00","breadcrumb":{"@id":"https:\/\/www.laguiadepamplona.com\/actualidad\/el-ayuntamiento-de-pamplona-invertira-515-000-euros-en-la-reforma-adecuacion-de-espacios-y-mejora-de-diez-colegios-publicos-de-la-ciudad\/#breadcrumb"},"inLanguage":"es","potentialAction":[{"@type":"ReadAction","target":["https:\/\/www.laguiadepamplona.com\/actualidad\/el-ayuntamiento-de-pamplona-invertira-515-000-euros-en-la-reforma-adecuacion-de-espacios-y-mejora-de-diez-colegios-publicos-de-la-ciudad\/"]}]},{"@type":"ImageObject","inLanguage":"es","@id":"https:\/\/www.laguiadepamplona.com\/actualidad\/el-ayuntamiento-de-pamplona-invertira-515-000-euros-en-la-reforma-adecuacion-de-espacios-y-mejora-de-diez-colegios-publicos-de-la-ciudad\/#primaryimage","url":"https:\/\/www.laguiadepamplona.com\/actualidad\/wp-content\/uploads\/2016\/11\/Ayto_Pamplona.jpg","contentUrl":"https:\/\/www.laguiadepamplona.com\/actualidad\/wp-content\/uploads\/2016\/11\/Ayto_Pamplona.jpg","width":900,"height":675},{"@type":"BreadcrumbList","@id":"https:\/\/www.laguiadepamplona.com\/actualidad\/el-ayuntamiento-de-pamplona-invertira-515-000-euros-en-la-reforma-adecuacion-de-espacios-y-mejora-de-diez-colegios-publicos-de-la-ciudad\/#breadcrumb","itemListElement":[{"@type":"ListItem","position":1,"name":"Portada","item":"https:\/\/www.laguiadepamplona.com\/actualidad\/"},{"@type":"ListItem","position":2,"name":"El Ayuntamiento de Pamplona invertir\u00e1 515.000 euros en la reforma, adecuaci\u00f3n de espacios y mejora de diez colegios p\u00fablicos de la ciudad"}]},{"@type":"WebSite","@id":"https:\/\/www.laguiadepamplona.com\/actualidad\/#website","url":"https:\/\/www.laguiadepamplona.com\/actualidad\/","name":"La gu\u00eda de Pamplona","description":"Noticias de Pamplona","publisher":{"@id":"https:\/\/www.laguiadepamplona.com\/actualidad\/#organization"},"potentialAction":[{"@type":"SearchAction","target":{"@type":"EntryPoint","urlTemplate":"https:\/\/www.laguiadepamplona.com\/actualidad\/?s={search_term_string}"},"query-input":{"@type":"PropertyValueSpecification","valueRequired":true,"valueName":"search_term_string"}}],"inLanguage":"es"},{"@type":"Organization","@id":"https:\/\/www.laguiadepamplona.com\/actualidad\/#organization","name":"La Gu\u00eda de Pamplona \/ Noticias","url":"https:\/\/www.laguiadepamplona.com\/actualidad\/","logo":{"@type":"ImageObject","inLanguage":"es","@id":"https:\/\/www.laguiadepamplona.com\/actualidad\/#\/schema\/logo\/image\/","url":"https:\/\/www.laguiadepamplona.com\/actualidad\/wp-content\/uploads\/2018\/11\/logo-laguiadepamplona18-web1.png","contentUrl":"https:\/\/www.laguiadepamplona.com\/actualidad\/wp-content\/uploads\/2018\/11\/logo-laguiadepamplona18-web1.png","width":600,"height":196,"caption":"La Gu\u00eda de Pamplona \/ Noticias"},"image":{"@id":"https:\/\/www.laguiadepamplona.com\/actualidad\/#\/schema\/logo\/image\/"},"sameAs":["https:\/\/www.facebook.com\/laguiadepamplonacom-133175176762273\/?ref=hl","https:\/\/x.com\/LaGuiadPamplona","https:\/\/www.instagram.com\/la_guia_de_pamplona\/","https:\/\/www.youtube.com\/user\/laguiadepamplona"]},{"@type":"Person","@id":"https:\/\/www.laguiadepamplona.com\/actualidad\/#\/schema\/person\/efe887376f0213d4657c93adc50b1fdb","name":"La Gu\u00eda de Pamplona","image":{"@type":"ImageObject","inLanguage":"es","@id":"https:\/\/secure.gravatar.com\/avatar\/b6992f131dc8d30ab0dff15446e9d346d9dbd95992de0fef795073f5ea83a81c?s=96&d=mm&r=g","url":"https:\/\/secure.gravatar.com\/avatar\/b6992f131dc8d30ab0dff15446e9d346d9dbd95992de0fef795073f5ea83a81c?s=96&d=mm&r=g","contentUrl":"https:\/\/secure.gravatar.com\/avatar\/b6992f131dc8d30ab0dff15446e9d346d9dbd95992de0fef795073f5ea83a81c?s=96&d=mm&r=g","caption":"La Gu\u00eda de Pamplona"}}]}},"post_mailing_queue_ids":[],"_links":{"self":[{"href":"https:\/\/www.laguiadepamplona.com\/actualidad\/wp-json\/wp\/v2\/posts\/14426","targetHints":{"allow":["GET"]}}],"collection":[{"href":"https:\/\/www.laguiadepamplona.com\/actualidad\/wp-json\/wp\/v2\/posts"}],"about":[{"href":"https:\/\/www.laguiadepamplona.com\/actualidad\/wp-json\/wp\/v2\/types\/post"}],"author":[{"embeddable":true,"href":"https:\/\/www.laguiadepamplona.com\/actualidad\/wp-json\/wp\/v2\/users\/1"}],"replies":[{"embeddable":true,"href":"https:\/\/www.laguiadepamplona.com\/actualidad\/wp-json\/wp\/v2\/comments?post=14426"}],"version-history":[{"count":0,"href":"https:\/\/www.laguiadepamplona.com\/actualidad\/wp-json\/wp\/v2\/posts\/14426\/revisions"}],"wp:featuredmedia":[{"embeddable":true,"href":"https:\/\/www.laguiadepamplona.com\/actualidad\/wp-json\/wp\/v2\/media\/10979"}],"wp:attachment":[{"href":"https:\/\/www.laguiadepamplona.com\/actualidad\/wp-json\/wp\/v2\/media?parent=14426"}],"wp:term":[{"taxonomy":"category","embeddable":true,"href":"https:\/\/www.laguiadepamplona.com\/actualidad\/wp-json\/wp\/v2\/categories?post=14426"},{"taxonomy":"post_tag","embeddable":true,"href":"https:\/\/www.laguiadepamplona.com\/actualidad\/wp-json\/wp\/v2\/tags?post=14426"}],"curies":[{"name":"wp","href":"https:\/\/api.w.org\/{rel}","templated":true}]}}