{"id":14417,"date":"2017-09-25T14:43:58","date_gmt":"2017-09-25T13:43:58","guid":{"rendered":"http:\/\/laguiadepamplona.es\/actualidad\/?p=14417"},"modified":"2017-09-25T14:43:58","modified_gmt":"2017-09-25T13:43:58","slug":"el-ayuntamiento-de-pamplona-convoca-este-martes-a-los-vecinos-asociaciones-y-entidades-de-arrosadia-milagrosa-y-azpilagana-a-un-nuevo-foro-de-barrio","status":"publish","type":"post","link":"https:\/\/www.laguiadepamplona.com\/actualidad\/el-ayuntamiento-de-pamplona-convoca-este-martes-a-los-vecinos-asociaciones-y-entidades-de-arrosadia-milagrosa-y-azpilagana-a-un-nuevo-foro-de-barrio\/","title":{"rendered":"El Ayuntamiento de Pamplona convoca este martes a los vecinos, asociaciones y entidades de Arrosad\u00eda-Milagrosa y Azpilaga\u00f1a a un nuevo foro de barrio"},"content":{"rendered":"<h3>Ser\u00e1 a las 18.30 horas en civivox Milagrosa, con la participaci\u00f3n de la concejala Edurne Eguino<\/h3>\n<p><!--more--><\/p>\n<p>El Ayuntamiento de Pamplona ha convocado ma\u00f1ana martes a los vecinos, asociaciones y entidades de Arrosad\u00eda-Milagrosa y Azpilaga\u00f1a a un nuevo foro de barrio, un lugar de encuentro con concejales y t\u00e9cnicos municipales para conocer los proyectos que est\u00e1 desarrollando el Ayuntamiento en esta zona de la ciudad y recoger sus sugerencias, conocer sus inquietudes y resolver sus dudas. El encuentro tendr\u00e1 lugar a partir de las 18.30 horas en civivox Milagrosa, y est\u00e1 prevista la participaci\u00f3n de la concejala Edurne Eguino.<\/p>\n<p>Se trata de la tercera ronda que realiza este Ayuntamiento (la segunda del a\u00f1o), y con ella quiere mostrar su apuesta por el fomento de la participaci\u00f3n ciudadana. Para facilitar la presencia de los vecinos, el Ayuntamiento ofrece un servicio de ludoteca para menores de 4 a 12 a\u00f1os, de manera que puedan conciliar las responsabilidades familiares. Para hacer uso de este servicio, es necesario apuntarse con 24 horas de antelaci\u00f3n en el Centro de Participaci\u00f3n Ciudadana (Zentro en Civivox Condestable), llamando al tel\u00e9fono 948 420 266 o en el email <a href=\"mailto:participacionciudadana@pamplona.es\">participacionciudadana@pamplona.es<\/a>.<\/p>\n<p>Adem\u00e1s, la sesi\u00f3n se podr\u00e1 seguir en directo, a trav\u00e9s de la retransmisi\u00f3n en <em>streaming<\/em> en el canal de Youtube <a href=\"https:\/\/www.youtube.com\/channel\/UCzDUWuosgg5y3PeE7PT_IWw\" target=\"_blank\" rel=\"noopener\">pamplonaesparticipacion<\/a>. Asimismo, los v\u00eddeos y un resumen de los mismos podr\u00e1n consultarse en la web municipal del Ayuntamiento de Pamplona, en el apartado de <a href=\"http:\/\/www.pamplona.es\/verpagina.asp?idpag=1979\" target=\"_blank\" rel=\"noopener\">foros de barrio celebrados<\/a>, junto con otros materiales y recursos para los vecinos.<\/p>\n<p>&nbsp;<\/p>\n<p><strong>Pr\u00f3ximos Foros de Barrio. Tercera ronda. 18.30 horas<\/strong><\/p>\n<ul>\n<li>Milagrosa-Arrosad\u00eda \/ Azpilaga\u00f1a. 26 de septiembre. Civivox Milagrosa<\/li>\n<\/ul>\n<p>Concejala de barrio: Edurne Eguino<\/p>\n<ul>\n<li>Lezkairu \/ Santa Mar\u00eda la Real. 3 de octubre. Civivox Milagrosa<\/li>\n<\/ul>\n<p>Concejal de barrio: Javier Leoz<\/p>\n<ul>\n<li>Erripaga\u00f1a \/ Beloso \/ Bidezar. 10 de octubre. CP Elorri<\/li>\n<\/ul>\n<p>Concejala de barrio: Maider Beloki<\/p>\n<p>&nbsp;<\/p>\n","protected":false},"excerpt":{"rendered":"<p>Ser\u00e1 a las 18.30 horas en civivox Milagrosa, con la participaci\u00f3n de la concejala Edurne Eguino<\/p>\n","protected":false},"author":1,"featured_media":11074,"comment_status":"open","ping_status":"closed","sticky":false,"template":"","format":"standard","meta":{"footnotes":""},"categories":[2],"tags":[],"class_list":["post-14417","post","type-post","status-publish","format-standard","has-post-thumbnail","hentry","category-ayuntamiento-pamplona"],"yoast_head":"<!-- This site is optimized with the Yoast SEO plugin v27.3 - https:\/\/yoast.com\/product\/yoast-seo-wordpress\/ -->\n<title>El Ayuntamiento de Pamplona convoca este martes a los vecinos, asociaciones y entidades de Arrosad\u00eda-Milagrosa y Azpilaga\u00f1a a un nuevo foro de barrio<\/title>\n<meta name=\"robots\" content=\"index, follow, max-snippet:-1, max-image-preview:large, max-video-preview:-1\" \/>\n<link rel=\"canonical\" href=\"https:\/\/www.laguiadepamplona.com\/actualidad\/el-ayuntamiento-de-pamplona-convoca-este-martes-a-los-vecinos-asociaciones-y-entidades-de-arrosadia-milagrosa-y-azpilagana-a-un-nuevo-foro-de-barrio\/\" \/>\n<meta property=\"og:locale\" content=\"es_ES\" \/>\n<meta property=\"og:type\" content=\"article\" \/>\n<meta property=\"og:title\" content=\"El Ayuntamiento de Pamplona convoca este martes a los vecinos, asociaciones y entidades de Arrosad\u00eda-Milagrosa y Azpilaga\u00f1a a un nuevo foro de barrio\" \/>\n<meta property=\"og:description\" content=\"Ser\u00e1 a las 18.30 horas en civivox Milagrosa, con la participaci\u00f3n de la concejala Edurne Eguino\" \/>\n<meta property=\"og:url\" content=\"https:\/\/www.laguiadepamplona.com\/actualidad\/el-ayuntamiento-de-pamplona-convoca-este-martes-a-los-vecinos-asociaciones-y-entidades-de-arrosadia-milagrosa-y-azpilagana-a-un-nuevo-foro-de-barrio\/\" \/>\n<meta property=\"og:site_name\" content=\"La Gu\u00eda de Pamplona\" \/>\n<meta property=\"article:publisher\" content=\"https:\/\/www.facebook.com\/laguiadepamplonacom-133175176762273\/?ref=hl\" \/>\n<meta property=\"article:published_time\" content=\"2017-09-25T13:43:58+00:00\" \/>\n<meta property=\"og:image\" content=\"https:\/\/www.laguiadepamplona.com\/actualidad\/wp-content\/uploads\/2016\/12\/civivox-milagrosa-900x598.jpg\" \/>\n\t<meta property=\"og:image:width\" content=\"900\" \/>\n\t<meta property=\"og:image:height\" content=\"598\" \/>\n\t<meta property=\"og:image:type\" content=\"image\/jpeg\" \/>\n<meta name=\"author\" content=\"La Gu\u00eda de Pamplona\" \/>\n<meta name=\"twitter:card\" content=\"summary_large_image\" \/>\n<meta name=\"twitter:creator\" content=\"@LaGuiadPamplona\" \/>\n<meta name=\"twitter:site\" content=\"@LaGuiadPamplona\" \/>\n<meta name=\"twitter:label1\" content=\"Escrito por\" \/>\n\t<meta name=\"twitter:data1\" content=\"La Gu\u00eda de Pamplona\" \/>\n\t<meta name=\"twitter:label2\" content=\"Tiempo de lectura\" \/>\n\t<meta name=\"twitter:data2\" content=\"2 minutos\" \/>\n<script type=\"application\/ld+json\" class=\"yoast-schema-graph\">{\"@context\":\"https:\\\/\\\/schema.org\",\"@graph\":[{\"@type\":\"Article\",\"@id\":\"https:\\\/\\\/www.laguiadepamplona.com\\\/actualidad\\\/el-ayuntamiento-de-pamplona-convoca-este-martes-a-los-vecinos-asociaciones-y-entidades-de-arrosadia-milagrosa-y-azpilagana-a-un-nuevo-foro-de-barrio\\\/#article\",\"isPartOf\":{\"@id\":\"https:\\\/\\\/www.laguiadepamplona.com\\\/actualidad\\\/el-ayuntamiento-de-pamplona-convoca-este-martes-a-los-vecinos-asociaciones-y-entidades-de-arrosadia-milagrosa-y-azpilagana-a-un-nuevo-foro-de-barrio\\\/\"},\"author\":{\"name\":\"La Gu\u00eda de Pamplona\",\"@id\":\"https:\\\/\\\/www.laguiadepamplona.com\\\/actualidad\\\/#\\\/schema\\\/person\\\/efe887376f0213d4657c93adc50b1fdb\"},\"headline\":\"El Ayuntamiento de Pamplona convoca este martes a los vecinos, asociaciones y entidades de Arrosad\u00eda-Milagrosa y Azpilaga\u00f1a a un nuevo foro de barrio\",\"datePublished\":\"2017-09-25T13:43:58+00:00\",\"mainEntityOfPage\":{\"@id\":\"https:\\\/\\\/www.laguiadepamplona.com\\\/actualidad\\\/el-ayuntamiento-de-pamplona-convoca-este-martes-a-los-vecinos-asociaciones-y-entidades-de-arrosadia-milagrosa-y-azpilagana-a-un-nuevo-foro-de-barrio\\\/\"},\"wordCount\":335,\"commentCount\":0,\"publisher\":{\"@id\":\"https:\\\/\\\/www.laguiadepamplona.com\\\/actualidad\\\/#organization\"},\"image\":{\"@id\":\"https:\\\/\\\/www.laguiadepamplona.com\\\/actualidad\\\/el-ayuntamiento-de-pamplona-convoca-este-martes-a-los-vecinos-asociaciones-y-entidades-de-arrosadia-milagrosa-y-azpilagana-a-un-nuevo-foro-de-barrio\\\/#primaryimage\"},\"thumbnailUrl\":\"https:\\\/\\\/www.laguiadepamplona.com\\\/actualidad\\\/wp-content\\\/uploads\\\/2016\\\/12\\\/civivox-milagrosa-900x598.jpg\",\"articleSection\":[\"Ayto Pamplona\"],\"inLanguage\":\"es\",\"potentialAction\":[{\"@type\":\"CommentAction\",\"name\":\"Comment\",\"target\":[\"https:\\\/\\\/www.laguiadepamplona.com\\\/actualidad\\\/el-ayuntamiento-de-pamplona-convoca-este-martes-a-los-vecinos-asociaciones-y-entidades-de-arrosadia-milagrosa-y-azpilagana-a-un-nuevo-foro-de-barrio\\\/#respond\"]}]},{\"@type\":\"WebPage\",\"@id\":\"https:\\\/\\\/www.laguiadepamplona.com\\\/actualidad\\\/el-ayuntamiento-de-pamplona-convoca-este-martes-a-los-vecinos-asociaciones-y-entidades-de-arrosadia-milagrosa-y-azpilagana-a-un-nuevo-foro-de-barrio\\\/\",\"url\":\"https:\\\/\\\/www.laguiadepamplona.com\\\/actualidad\\\/el-ayuntamiento-de-pamplona-convoca-este-martes-a-los-vecinos-asociaciones-y-entidades-de-arrosadia-milagrosa-y-azpilagana-a-un-nuevo-foro-de-barrio\\\/\",\"name\":\"El Ayuntamiento de Pamplona convoca este martes a los vecinos, asociaciones y entidades de Arrosad\u00eda-Milagrosa y Azpilaga\u00f1a a un nuevo foro de barrio\",\"isPartOf\":{\"@id\":\"https:\\\/\\\/www.laguiadepamplona.com\\\/actualidad\\\/#website\"},\"primaryImageOfPage\":{\"@id\":\"https:\\\/\\\/www.laguiadepamplona.com\\\/actualidad\\\/el-ayuntamiento-de-pamplona-convoca-este-martes-a-los-vecinos-asociaciones-y-entidades-de-arrosadia-milagrosa-y-azpilagana-a-un-nuevo-foro-de-barrio\\\/#primaryimage\"},\"image\":{\"@id\":\"https:\\\/\\\/www.laguiadepamplona.com\\\/actualidad\\\/el-ayuntamiento-de-pamplona-convoca-este-martes-a-los-vecinos-asociaciones-y-entidades-de-arrosadia-milagrosa-y-azpilagana-a-un-nuevo-foro-de-barrio\\\/#primaryimage\"},\"thumbnailUrl\":\"https:\\\/\\\/www.laguiadepamplona.com\\\/actualidad\\\/wp-content\\\/uploads\\\/2016\\\/12\\\/civivox-milagrosa-900x598.jpg\",\"datePublished\":\"2017-09-25T13:43:58+00:00\",\"breadcrumb\":{\"@id\":\"https:\\\/\\\/www.laguiadepamplona.com\\\/actualidad\\\/el-ayuntamiento-de-pamplona-convoca-este-martes-a-los-vecinos-asociaciones-y-entidades-de-arrosadia-milagrosa-y-azpilagana-a-un-nuevo-foro-de-barrio\\\/#breadcrumb\"},\"inLanguage\":\"es\",\"potentialAction\":[{\"@type\":\"ReadAction\",\"target\":[\"https:\\\/\\\/www.laguiadepamplona.com\\\/actualidad\\\/el-ayuntamiento-de-pamplona-convoca-este-martes-a-los-vecinos-asociaciones-y-entidades-de-arrosadia-milagrosa-y-azpilagana-a-un-nuevo-foro-de-barrio\\\/\"]}]},{\"@type\":\"ImageObject\",\"inLanguage\":\"es\",\"@id\":\"https:\\\/\\\/www.laguiadepamplona.com\\\/actualidad\\\/el-ayuntamiento-de-pamplona-convoca-este-martes-a-los-vecinos-asociaciones-y-entidades-de-arrosadia-milagrosa-y-azpilagana-a-un-nuevo-foro-de-barrio\\\/#primaryimage\",\"url\":\"https:\\\/\\\/www.laguiadepamplona.com\\\/actualidad\\\/wp-content\\\/uploads\\\/2016\\\/12\\\/civivox-milagrosa-900x598.jpg\",\"contentUrl\":\"https:\\\/\\\/www.laguiadepamplona.com\\\/actualidad\\\/wp-content\\\/uploads\\\/2016\\\/12\\\/civivox-milagrosa-900x598.jpg\",\"width\":900,\"height\":598},{\"@type\":\"BreadcrumbList\",\"@id\":\"https:\\\/\\\/www.laguiadepamplona.com\\\/actualidad\\\/el-ayuntamiento-de-pamplona-convoca-este-martes-a-los-vecinos-asociaciones-y-entidades-de-arrosadia-milagrosa-y-azpilagana-a-un-nuevo-foro-de-barrio\\\/#breadcrumb\",\"itemListElement\":[{\"@type\":\"ListItem\",\"position\":1,\"name\":\"Portada\",\"item\":\"https:\\\/\\\/www.laguiadepamplona.com\\\/actualidad\\\/\"},{\"@type\":\"ListItem\",\"position\":2,\"name\":\"El Ayuntamiento de Pamplona convoca este martes a los vecinos, asociaciones y entidades de Arrosad\u00eda-Milagrosa y Azpilaga\u00f1a a un nuevo foro de barrio\"}]},{\"@type\":\"WebSite\",\"@id\":\"https:\\\/\\\/www.laguiadepamplona.com\\\/actualidad\\\/#website\",\"url\":\"https:\\\/\\\/www.laguiadepamplona.com\\\/actualidad\\\/\",\"name\":\"La gu\u00eda de Pamplona\",\"description\":\"Noticias de Pamplona\",\"publisher\":{\"@id\":\"https:\\\/\\\/www.laguiadepamplona.com\\\/actualidad\\\/#organization\"},\"potentialAction\":[{\"@type\":\"SearchAction\",\"target\":{\"@type\":\"EntryPoint\",\"urlTemplate\":\"https:\\\/\\\/www.laguiadepamplona.com\\\/actualidad\\\/?s={search_term_string}\"},\"query-input\":{\"@type\":\"PropertyValueSpecification\",\"valueRequired\":true,\"valueName\":\"search_term_string\"}}],\"inLanguage\":\"es\"},{\"@type\":\"Organization\",\"@id\":\"https:\\\/\\\/www.laguiadepamplona.com\\\/actualidad\\\/#organization\",\"name\":\"La Gu\u00eda de Pamplona \\\/ Noticias\",\"url\":\"https:\\\/\\\/www.laguiadepamplona.com\\\/actualidad\\\/\",\"logo\":{\"@type\":\"ImageObject\",\"inLanguage\":\"es\",\"@id\":\"https:\\\/\\\/www.laguiadepamplona.com\\\/actualidad\\\/#\\\/schema\\\/logo\\\/image\\\/\",\"url\":\"https:\\\/\\\/www.laguiadepamplona.com\\\/actualidad\\\/wp-content\\\/uploads\\\/2018\\\/11\\\/logo-laguiadepamplona18-web1.png\",\"contentUrl\":\"https:\\\/\\\/www.laguiadepamplona.com\\\/actualidad\\\/wp-content\\\/uploads\\\/2018\\\/11\\\/logo-laguiadepamplona18-web1.png\",\"width\":600,\"height\":196,\"caption\":\"La Gu\u00eda de Pamplona \\\/ Noticias\"},\"image\":{\"@id\":\"https:\\\/\\\/www.laguiadepamplona.com\\\/actualidad\\\/#\\\/schema\\\/logo\\\/image\\\/\"},\"sameAs\":[\"https:\\\/\\\/www.facebook.com\\\/laguiadepamplonacom-133175176762273\\\/?ref=hl\",\"https:\\\/\\\/x.com\\\/LaGuiadPamplona\",\"https:\\\/\\\/www.instagram.com\\\/la_guia_de_pamplona\\\/\",\"https:\\\/\\\/www.youtube.com\\\/user\\\/laguiadepamplona\"]},{\"@type\":\"Person\",\"@id\":\"https:\\\/\\\/www.laguiadepamplona.com\\\/actualidad\\\/#\\\/schema\\\/person\\\/efe887376f0213d4657c93adc50b1fdb\",\"name\":\"La Gu\u00eda de Pamplona\",\"image\":{\"@type\":\"ImageObject\",\"inLanguage\":\"es\",\"@id\":\"https:\\\/\\\/secure.gravatar.com\\\/avatar\\\/b6992f131dc8d30ab0dff15446e9d346d9dbd95992de0fef795073f5ea83a81c?s=96&d=mm&r=g\",\"url\":\"https:\\\/\\\/secure.gravatar.com\\\/avatar\\\/b6992f131dc8d30ab0dff15446e9d346d9dbd95992de0fef795073f5ea83a81c?s=96&d=mm&r=g\",\"contentUrl\":\"https:\\\/\\\/secure.gravatar.com\\\/avatar\\\/b6992f131dc8d30ab0dff15446e9d346d9dbd95992de0fef795073f5ea83a81c?s=96&d=mm&r=g\",\"caption\":\"La Gu\u00eda de Pamplona\"}}]}<\/script>\n<!-- \/ Yoast SEO plugin. -->","yoast_head_json":{"title":"El Ayuntamiento de Pamplona convoca este martes a los vecinos, asociaciones y entidades de Arrosad\u00eda-Milagrosa y Azpilaga\u00f1a a un nuevo foro de barrio","robots":{"index":"index","follow":"follow","max-snippet":"max-snippet:-1","max-image-preview":"max-image-preview:large","max-video-preview":"max-video-preview:-1"},"canonical":"https:\/\/www.laguiadepamplona.com\/actualidad\/el-ayuntamiento-de-pamplona-convoca-este-martes-a-los-vecinos-asociaciones-y-entidades-de-arrosadia-milagrosa-y-azpilagana-a-un-nuevo-foro-de-barrio\/","og_locale":"es_ES","og_type":"article","og_title":"El Ayuntamiento de Pamplona convoca este martes a los vecinos, asociaciones y entidades de Arrosad\u00eda-Milagrosa y Azpilaga\u00f1a a un nuevo foro de barrio","og_description":"Ser\u00e1 a las 18.30 horas en civivox Milagrosa, con la participaci\u00f3n de la concejala Edurne Eguino","og_url":"https:\/\/www.laguiadepamplona.com\/actualidad\/el-ayuntamiento-de-pamplona-convoca-este-martes-a-los-vecinos-asociaciones-y-entidades-de-arrosadia-milagrosa-y-azpilagana-a-un-nuevo-foro-de-barrio\/","og_site_name":"La Gu\u00eda de Pamplona","article_publisher":"https:\/\/www.facebook.com\/laguiadepamplonacom-133175176762273\/?ref=hl","article_published_time":"2017-09-25T13:43:58+00:00","og_image":[{"width":900,"height":598,"url":"https:\/\/www.laguiadepamplona.com\/actualidad\/wp-content\/uploads\/2016\/12\/civivox-milagrosa-900x598.jpg","type":"image\/jpeg"}],"author":"La Gu\u00eda de Pamplona","twitter_card":"summary_large_image","twitter_creator":"@LaGuiadPamplona","twitter_site":"@LaGuiadPamplona","twitter_misc":{"Escrito por":"La Gu\u00eda de Pamplona","Tiempo de lectura":"2 minutos"},"schema":{"@context":"https:\/\/schema.org","@graph":[{"@type":"Article","@id":"https:\/\/www.laguiadepamplona.com\/actualidad\/el-ayuntamiento-de-pamplona-convoca-este-martes-a-los-vecinos-asociaciones-y-entidades-de-arrosadia-milagrosa-y-azpilagana-a-un-nuevo-foro-de-barrio\/#article","isPartOf":{"@id":"https:\/\/www.laguiadepamplona.com\/actualidad\/el-ayuntamiento-de-pamplona-convoca-este-martes-a-los-vecinos-asociaciones-y-entidades-de-arrosadia-milagrosa-y-azpilagana-a-un-nuevo-foro-de-barrio\/"},"author":{"name":"La Gu\u00eda de Pamplona","@id":"https:\/\/www.laguiadepamplona.com\/actualidad\/#\/schema\/person\/efe887376f0213d4657c93adc50b1fdb"},"headline":"El Ayuntamiento de Pamplona convoca este martes a los vecinos, asociaciones y entidades de Arrosad\u00eda-Milagrosa y Azpilaga\u00f1a a un nuevo foro de barrio","datePublished":"2017-09-25T13:43:58+00:00","mainEntityOfPage":{"@id":"https:\/\/www.laguiadepamplona.com\/actualidad\/el-ayuntamiento-de-pamplona-convoca-este-martes-a-los-vecinos-asociaciones-y-entidades-de-arrosadia-milagrosa-y-azpilagana-a-un-nuevo-foro-de-barrio\/"},"wordCount":335,"commentCount":0,"publisher":{"@id":"https:\/\/www.laguiadepamplona.com\/actualidad\/#organization"},"image":{"@id":"https:\/\/www.laguiadepamplona.com\/actualidad\/el-ayuntamiento-de-pamplona-convoca-este-martes-a-los-vecinos-asociaciones-y-entidades-de-arrosadia-milagrosa-y-azpilagana-a-un-nuevo-foro-de-barrio\/#primaryimage"},"thumbnailUrl":"https:\/\/www.laguiadepamplona.com\/actualidad\/wp-content\/uploads\/2016\/12\/civivox-milagrosa-900x598.jpg","articleSection":["Ayto Pamplona"],"inLanguage":"es","potentialAction":[{"@type":"CommentAction","name":"Comment","target":["https:\/\/www.laguiadepamplona.com\/actualidad\/el-ayuntamiento-de-pamplona-convoca-este-martes-a-los-vecinos-asociaciones-y-entidades-de-arrosadia-milagrosa-y-azpilagana-a-un-nuevo-foro-de-barrio\/#respond"]}]},{"@type":"WebPage","@id":"https:\/\/www.laguiadepamplona.com\/actualidad\/el-ayuntamiento-de-pamplona-convoca-este-martes-a-los-vecinos-asociaciones-y-entidades-de-arrosadia-milagrosa-y-azpilagana-a-un-nuevo-foro-de-barrio\/","url":"https:\/\/www.laguiadepamplona.com\/actualidad\/el-ayuntamiento-de-pamplona-convoca-este-martes-a-los-vecinos-asociaciones-y-entidades-de-arrosadia-milagrosa-y-azpilagana-a-un-nuevo-foro-de-barrio\/","name":"El Ayuntamiento de Pamplona convoca este martes a los vecinos, asociaciones y entidades de Arrosad\u00eda-Milagrosa y Azpilaga\u00f1a a un nuevo foro de barrio","isPartOf":{"@id":"https:\/\/www.laguiadepamplona.com\/actualidad\/#website"},"primaryImageOfPage":{"@id":"https:\/\/www.laguiadepamplona.com\/actualidad\/el-ayuntamiento-de-pamplona-convoca-este-martes-a-los-vecinos-asociaciones-y-entidades-de-arrosadia-milagrosa-y-azpilagana-a-un-nuevo-foro-de-barrio\/#primaryimage"},"image":{"@id":"https:\/\/www.laguiadepamplona.com\/actualidad\/el-ayuntamiento-de-pamplona-convoca-este-martes-a-los-vecinos-asociaciones-y-entidades-de-arrosadia-milagrosa-y-azpilagana-a-un-nuevo-foro-de-barrio\/#primaryimage"},"thumbnailUrl":"https:\/\/www.laguiadepamplona.com\/actualidad\/wp-content\/uploads\/2016\/12\/civivox-milagrosa-900x598.jpg","datePublished":"2017-09-25T13:43:58+00:00","breadcrumb":{"@id":"https:\/\/www.laguiadepamplona.com\/actualidad\/el-ayuntamiento-de-pamplona-convoca-este-martes-a-los-vecinos-asociaciones-y-entidades-de-arrosadia-milagrosa-y-azpilagana-a-un-nuevo-foro-de-barrio\/#breadcrumb"},"inLanguage":"es","potentialAction":[{"@type":"ReadAction","target":["https:\/\/www.laguiadepamplona.com\/actualidad\/el-ayuntamiento-de-pamplona-convoca-este-martes-a-los-vecinos-asociaciones-y-entidades-de-arrosadia-milagrosa-y-azpilagana-a-un-nuevo-foro-de-barrio\/"]}]},{"@type":"ImageObject","inLanguage":"es","@id":"https:\/\/www.laguiadepamplona.com\/actualidad\/el-ayuntamiento-de-pamplona-convoca-este-martes-a-los-vecinos-asociaciones-y-entidades-de-arrosadia-milagrosa-y-azpilagana-a-un-nuevo-foro-de-barrio\/#primaryimage","url":"https:\/\/www.laguiadepamplona.com\/actualidad\/wp-content\/uploads\/2016\/12\/civivox-milagrosa-900x598.jpg","contentUrl":"https:\/\/www.laguiadepamplona.com\/actualidad\/wp-content\/uploads\/2016\/12\/civivox-milagrosa-900x598.jpg","width":900,"height":598},{"@type":"BreadcrumbList","@id":"https:\/\/www.laguiadepamplona.com\/actualidad\/el-ayuntamiento-de-pamplona-convoca-este-martes-a-los-vecinos-asociaciones-y-entidades-de-arrosadia-milagrosa-y-azpilagana-a-un-nuevo-foro-de-barrio\/#breadcrumb","itemListElement":[{"@type":"ListItem","position":1,"name":"Portada","item":"https:\/\/www.laguiadepamplona.com\/actualidad\/"},{"@type":"ListItem","position":2,"name":"El Ayuntamiento de Pamplona convoca este martes a los vecinos, asociaciones y entidades de Arrosad\u00eda-Milagrosa y Azpilaga\u00f1a a un nuevo foro de barrio"}]},{"@type":"WebSite","@id":"https:\/\/www.laguiadepamplona.com\/actualidad\/#website","url":"https:\/\/www.laguiadepamplona.com\/actualidad\/","name":"La gu\u00eda de Pamplona","description":"Noticias de Pamplona","publisher":{"@id":"https:\/\/www.laguiadepamplona.com\/actualidad\/#organization"},"potentialAction":[{"@type":"SearchAction","target":{"@type":"EntryPoint","urlTemplate":"https:\/\/www.laguiadepamplona.com\/actualidad\/?s={search_term_string}"},"query-input":{"@type":"PropertyValueSpecification","valueRequired":true,"valueName":"search_term_string"}}],"inLanguage":"es"},{"@type":"Organization","@id":"https:\/\/www.laguiadepamplona.com\/actualidad\/#organization","name":"La Gu\u00eda de Pamplona \/ Noticias","url":"https:\/\/www.laguiadepamplona.com\/actualidad\/","logo":{"@type":"ImageObject","inLanguage":"es","@id":"https:\/\/www.laguiadepamplona.com\/actualidad\/#\/schema\/logo\/image\/","url":"https:\/\/www.laguiadepamplona.com\/actualidad\/wp-content\/uploads\/2018\/11\/logo-laguiadepamplona18-web1.png","contentUrl":"https:\/\/www.laguiadepamplona.com\/actualidad\/wp-content\/uploads\/2018\/11\/logo-laguiadepamplona18-web1.png","width":600,"height":196,"caption":"La Gu\u00eda de Pamplona \/ Noticias"},"image":{"@id":"https:\/\/www.laguiadepamplona.com\/actualidad\/#\/schema\/logo\/image\/"},"sameAs":["https:\/\/www.facebook.com\/laguiadepamplonacom-133175176762273\/?ref=hl","https:\/\/x.com\/LaGuiadPamplona","https:\/\/www.instagram.com\/la_guia_de_pamplona\/","https:\/\/www.youtube.com\/user\/laguiadepamplona"]},{"@type":"Person","@id":"https:\/\/www.laguiadepamplona.com\/actualidad\/#\/schema\/person\/efe887376f0213d4657c93adc50b1fdb","name":"La Gu\u00eda de Pamplona","image":{"@type":"ImageObject","inLanguage":"es","@id":"https:\/\/secure.gravatar.com\/avatar\/b6992f131dc8d30ab0dff15446e9d346d9dbd95992de0fef795073f5ea83a81c?s=96&d=mm&r=g","url":"https:\/\/secure.gravatar.com\/avatar\/b6992f131dc8d30ab0dff15446e9d346d9dbd95992de0fef795073f5ea83a81c?s=96&d=mm&r=g","contentUrl":"https:\/\/secure.gravatar.com\/avatar\/b6992f131dc8d30ab0dff15446e9d346d9dbd95992de0fef795073f5ea83a81c?s=96&d=mm&r=g","caption":"La Gu\u00eda de Pamplona"}}]}},"post_mailing_queue_ids":[],"_links":{"self":[{"href":"https:\/\/www.laguiadepamplona.com\/actualidad\/wp-json\/wp\/v2\/posts\/14417","targetHints":{"allow":["GET"]}}],"collection":[{"href":"https:\/\/www.laguiadepamplona.com\/actualidad\/wp-json\/wp\/v2\/posts"}],"about":[{"href":"https:\/\/www.laguiadepamplona.com\/actualidad\/wp-json\/wp\/v2\/types\/post"}],"author":[{"embeddable":true,"href":"https:\/\/www.laguiadepamplona.com\/actualidad\/wp-json\/wp\/v2\/users\/1"}],"replies":[{"embeddable":true,"href":"https:\/\/www.laguiadepamplona.com\/actualidad\/wp-json\/wp\/v2\/comments?post=14417"}],"version-history":[{"count":0,"href":"https:\/\/www.laguiadepamplona.com\/actualidad\/wp-json\/wp\/v2\/posts\/14417\/revisions"}],"wp:featuredmedia":[{"embeddable":true,"href":"https:\/\/www.laguiadepamplona.com\/actualidad\/wp-json\/wp\/v2\/media\/11074"}],"wp:attachment":[{"href":"https:\/\/www.laguiadepamplona.com\/actualidad\/wp-json\/wp\/v2\/media?parent=14417"}],"wp:term":[{"taxonomy":"category","embeddable":true,"href":"https:\/\/www.laguiadepamplona.com\/actualidad\/wp-json\/wp\/v2\/categories?post=14417"},{"taxonomy":"post_tag","embeddable":true,"href":"https:\/\/www.laguiadepamplona.com\/actualidad\/wp-json\/wp\/v2\/tags?post=14417"}],"curies":[{"name":"wp","href":"https:\/\/api.w.org\/{rel}","templated":true}]}}