{"id":14411,"date":"2017-09-25T14:40:53","date_gmt":"2017-09-25T13:40:53","guid":{"rendered":"http:\/\/laguiadepamplona.es\/actualidad\/?p=14411"},"modified":"2017-09-25T14:40:53","modified_gmt":"2017-09-25T13:40:53","slug":"detenidas-diez-personas-la-semana-pasada-por-etilometria-positiva-carecer-del-permiso-obligatorio-o-conducir-con-el-carne-retirado-por-sentencia-judicial","status":"publish","type":"post","link":"https:\/\/www.laguiadepamplona.com\/actualidad\/detenidas-diez-personas-la-semana-pasada-por-etilometria-positiva-carecer-del-permiso-obligatorio-o-conducir-con-el-carne-retirado-por-sentencia-judicial\/","title":{"rendered":"Detenidas diez personas la semana pasada por etilometr\u00eda positiva, carecer del permiso obligatorio o conducir con el carn\u00e9 retirado por sentencia judicial"},"content":{"rendered":"<h3>La Polic\u00eda Municipal denunci\u00f3 por v\u00eda administrativa a otras veinte personas<\/h3>\n<p><!--more--><\/p>\n<p>La Polic\u00eda Municipal de Pamplona detuvo la semana pasada a diez personas como presuntas autoras de diferentes delitos contra el tr\u00e1fico y la seguridad vial. Siete personas fueron arrestadas por conducir bajo los efectos del alcohol, dos por circular sin el carn\u00e9 obligatorio y una por conducir con el permiso retirado por sentencia judicial. El viernes se detuvo a siete personas (cuatro por etilometr\u00eda positiva, dos por carecer del permiso y una por privaci\u00f3n judicial), y el martes, s\u00e1bado y domingo una cada d\u00eda por alcohol.<\/p>\n<p>Adem\u00e1s, la Polic\u00eda Municipal denunci\u00f3 por v\u00eda administrativa entre el lunes y el domingo a otras veinte personas. De ellas, 17 dieron positivo en controles de alcoholemia sin alcanzar tasas constitutivas de delito y otras 2 conduc\u00edan bajo los efectos de sustancias estupefacientes. Una persona fue sancionada por circular a pesar de no tener puntos en el carn\u00e9. El s\u00e1bado se interpusieron 11 multas por etilometr\u00eda positiva y el s\u00e1bado otras seis. Las sanciones por drogas se llevaron a cabo el jueves y el domingo y la p\u00e9rdida de vigencia, por no tener puntos en el carn\u00e9, se mult\u00f3 el martes.<\/p>\n<p>&nbsp;<\/p>\n","protected":false},"excerpt":{"rendered":"<p>La Polic\u00eda Municipal denunci\u00f3 por v\u00eda administrativa a otras veinte personas<\/p>\n","protected":false},"author":1,"featured_media":11153,"comment_status":"open","ping_status":"closed","sticky":false,"template":"","format":"standard","meta":{"footnotes":""},"categories":[2],"tags":[],"class_list":["post-14411","post","type-post","status-publish","format-standard","has-post-thumbnail","hentry","category-ayuntamiento-pamplona"],"yoast_head":"<!-- This site is optimized with the Yoast SEO plugin v27.3 - https:\/\/yoast.com\/product\/yoast-seo-wordpress\/ -->\n<title>Detenidas diez personas la semana pasada por etilometr\u00eda positiva, carecer del permiso obligatorio o conducir con el carn\u00e9 retirado por sentencia judicial<\/title>\n<meta name=\"robots\" content=\"index, follow, max-snippet:-1, max-image-preview:large, max-video-preview:-1\" \/>\n<link rel=\"canonical\" href=\"https:\/\/www.laguiadepamplona.com\/actualidad\/detenidas-diez-personas-la-semana-pasada-por-etilometria-positiva-carecer-del-permiso-obligatorio-o-conducir-con-el-carne-retirado-por-sentencia-judicial\/\" \/>\n<meta property=\"og:locale\" content=\"es_ES\" \/>\n<meta property=\"og:type\" content=\"article\" \/>\n<meta property=\"og:title\" content=\"Detenidas diez personas la semana pasada por etilometr\u00eda positiva, carecer del permiso obligatorio o conducir con el carn\u00e9 retirado por sentencia judicial\" \/>\n<meta property=\"og:description\" content=\"La Polic\u00eda Municipal denunci\u00f3 por v\u00eda administrativa a otras veinte personas\" \/>\n<meta property=\"og:url\" content=\"https:\/\/www.laguiadepamplona.com\/actualidad\/detenidas-diez-personas-la-semana-pasada-por-etilometria-positiva-carecer-del-permiso-obligatorio-o-conducir-con-el-carne-retirado-por-sentencia-judicial\/\" \/>\n<meta property=\"og:site_name\" content=\"La Gu\u00eda de Pamplona\" \/>\n<meta property=\"article:publisher\" content=\"https:\/\/www.facebook.com\/laguiadepamplonacom-133175176762273\/?ref=hl\" \/>\n<meta property=\"article:published_time\" content=\"2017-09-25T13:40:53+00:00\" \/>\n<meta property=\"og:image\" content=\"https:\/\/www.laguiadepamplona.com\/actualidad\/wp-content\/uploads\/2016\/12\/polic\u00eda-municipal-pamplona.jpg\" \/>\n\t<meta property=\"og:image:width\" content=\"800\" \/>\n\t<meta property=\"og:image:height\" content=\"596\" \/>\n\t<meta property=\"og:image:type\" content=\"image\/jpeg\" \/>\n<meta name=\"author\" content=\"La Gu\u00eda de Pamplona\" \/>\n<meta name=\"twitter:card\" content=\"summary_large_image\" \/>\n<meta name=\"twitter:creator\" content=\"@LaGuiadPamplona\" \/>\n<meta name=\"twitter:site\" content=\"@LaGuiadPamplona\" \/>\n<meta name=\"twitter:label1\" content=\"Escrito por\" \/>\n\t<meta name=\"twitter:data1\" content=\"La Gu\u00eda de Pamplona\" \/>\n\t<meta name=\"twitter:label2\" content=\"Tiempo de lectura\" \/>\n\t<meta name=\"twitter:data2\" content=\"1 minuto\" \/>\n<script type=\"application\/ld+json\" class=\"yoast-schema-graph\">{\"@context\":\"https:\\\/\\\/schema.org\",\"@graph\":[{\"@type\":\"Article\",\"@id\":\"https:\\\/\\\/www.laguiadepamplona.com\\\/actualidad\\\/detenidas-diez-personas-la-semana-pasada-por-etilometria-positiva-carecer-del-permiso-obligatorio-o-conducir-con-el-carne-retirado-por-sentencia-judicial\\\/#article\",\"isPartOf\":{\"@id\":\"https:\\\/\\\/www.laguiadepamplona.com\\\/actualidad\\\/detenidas-diez-personas-la-semana-pasada-por-etilometria-positiva-carecer-del-permiso-obligatorio-o-conducir-con-el-carne-retirado-por-sentencia-judicial\\\/\"},\"author\":{\"name\":\"La Gu\u00eda de Pamplona\",\"@id\":\"https:\\\/\\\/www.laguiadepamplona.com\\\/actualidad\\\/#\\\/schema\\\/person\\\/efe887376f0213d4657c93adc50b1fdb\"},\"headline\":\"Detenidas diez personas la semana pasada por etilometr\u00eda positiva, carecer del permiso obligatorio o conducir con el carn\u00e9 retirado por sentencia judicial\",\"datePublished\":\"2017-09-25T13:40:53+00:00\",\"mainEntityOfPage\":{\"@id\":\"https:\\\/\\\/www.laguiadepamplona.com\\\/actualidad\\\/detenidas-diez-personas-la-semana-pasada-por-etilometria-positiva-carecer-del-permiso-obligatorio-o-conducir-con-el-carne-retirado-por-sentencia-judicial\\\/\"},\"wordCount\":235,\"commentCount\":0,\"publisher\":{\"@id\":\"https:\\\/\\\/www.laguiadepamplona.com\\\/actualidad\\\/#organization\"},\"image\":{\"@id\":\"https:\\\/\\\/www.laguiadepamplona.com\\\/actualidad\\\/detenidas-diez-personas-la-semana-pasada-por-etilometria-positiva-carecer-del-permiso-obligatorio-o-conducir-con-el-carne-retirado-por-sentencia-judicial\\\/#primaryimage\"},\"thumbnailUrl\":\"https:\\\/\\\/www.laguiadepamplona.com\\\/actualidad\\\/wp-content\\\/uploads\\\/2016\\\/12\\\/polic\u00eda-municipal-pamplona.jpg\",\"articleSection\":[\"Ayto Pamplona\"],\"inLanguage\":\"es\",\"potentialAction\":[{\"@type\":\"CommentAction\",\"name\":\"Comment\",\"target\":[\"https:\\\/\\\/www.laguiadepamplona.com\\\/actualidad\\\/detenidas-diez-personas-la-semana-pasada-por-etilometria-positiva-carecer-del-permiso-obligatorio-o-conducir-con-el-carne-retirado-por-sentencia-judicial\\\/#respond\"]}]},{\"@type\":\"WebPage\",\"@id\":\"https:\\\/\\\/www.laguiadepamplona.com\\\/actualidad\\\/detenidas-diez-personas-la-semana-pasada-por-etilometria-positiva-carecer-del-permiso-obligatorio-o-conducir-con-el-carne-retirado-por-sentencia-judicial\\\/\",\"url\":\"https:\\\/\\\/www.laguiadepamplona.com\\\/actualidad\\\/detenidas-diez-personas-la-semana-pasada-por-etilometria-positiva-carecer-del-permiso-obligatorio-o-conducir-con-el-carne-retirado-por-sentencia-judicial\\\/\",\"name\":\"Detenidas diez personas la semana pasada por etilometr\u00eda positiva, carecer del permiso obligatorio o conducir con el carn\u00e9 retirado por sentencia judicial\",\"isPartOf\":{\"@id\":\"https:\\\/\\\/www.laguiadepamplona.com\\\/actualidad\\\/#website\"},\"primaryImageOfPage\":{\"@id\":\"https:\\\/\\\/www.laguiadepamplona.com\\\/actualidad\\\/detenidas-diez-personas-la-semana-pasada-por-etilometria-positiva-carecer-del-permiso-obligatorio-o-conducir-con-el-carne-retirado-por-sentencia-judicial\\\/#primaryimage\"},\"image\":{\"@id\":\"https:\\\/\\\/www.laguiadepamplona.com\\\/actualidad\\\/detenidas-diez-personas-la-semana-pasada-por-etilometria-positiva-carecer-del-permiso-obligatorio-o-conducir-con-el-carne-retirado-por-sentencia-judicial\\\/#primaryimage\"},\"thumbnailUrl\":\"https:\\\/\\\/www.laguiadepamplona.com\\\/actualidad\\\/wp-content\\\/uploads\\\/2016\\\/12\\\/polic\u00eda-municipal-pamplona.jpg\",\"datePublished\":\"2017-09-25T13:40:53+00:00\",\"breadcrumb\":{\"@id\":\"https:\\\/\\\/www.laguiadepamplona.com\\\/actualidad\\\/detenidas-diez-personas-la-semana-pasada-por-etilometria-positiva-carecer-del-permiso-obligatorio-o-conducir-con-el-carne-retirado-por-sentencia-judicial\\\/#breadcrumb\"},\"inLanguage\":\"es\",\"potentialAction\":[{\"@type\":\"ReadAction\",\"target\":[\"https:\\\/\\\/www.laguiadepamplona.com\\\/actualidad\\\/detenidas-diez-personas-la-semana-pasada-por-etilometria-positiva-carecer-del-permiso-obligatorio-o-conducir-con-el-carne-retirado-por-sentencia-judicial\\\/\"]}]},{\"@type\":\"ImageObject\",\"inLanguage\":\"es\",\"@id\":\"https:\\\/\\\/www.laguiadepamplona.com\\\/actualidad\\\/detenidas-diez-personas-la-semana-pasada-por-etilometria-positiva-carecer-del-permiso-obligatorio-o-conducir-con-el-carne-retirado-por-sentencia-judicial\\\/#primaryimage\",\"url\":\"https:\\\/\\\/www.laguiadepamplona.com\\\/actualidad\\\/wp-content\\\/uploads\\\/2016\\\/12\\\/polic\u00eda-municipal-pamplona.jpg\",\"contentUrl\":\"https:\\\/\\\/www.laguiadepamplona.com\\\/actualidad\\\/wp-content\\\/uploads\\\/2016\\\/12\\\/polic\u00eda-municipal-pamplona.jpg\",\"width\":800,\"height\":596},{\"@type\":\"BreadcrumbList\",\"@id\":\"https:\\\/\\\/www.laguiadepamplona.com\\\/actualidad\\\/detenidas-diez-personas-la-semana-pasada-por-etilometria-positiva-carecer-del-permiso-obligatorio-o-conducir-con-el-carne-retirado-por-sentencia-judicial\\\/#breadcrumb\",\"itemListElement\":[{\"@type\":\"ListItem\",\"position\":1,\"name\":\"Portada\",\"item\":\"https:\\\/\\\/www.laguiadepamplona.com\\\/actualidad\\\/\"},{\"@type\":\"ListItem\",\"position\":2,\"name\":\"Detenidas diez personas la semana pasada por etilometr\u00eda positiva, carecer del permiso obligatorio o conducir con el carn\u00e9 retirado por sentencia judicial\"}]},{\"@type\":\"WebSite\",\"@id\":\"https:\\\/\\\/www.laguiadepamplona.com\\\/actualidad\\\/#website\",\"url\":\"https:\\\/\\\/www.laguiadepamplona.com\\\/actualidad\\\/\",\"name\":\"La gu\u00eda de Pamplona\",\"description\":\"Noticias de Pamplona\",\"publisher\":{\"@id\":\"https:\\\/\\\/www.laguiadepamplona.com\\\/actualidad\\\/#organization\"},\"potentialAction\":[{\"@type\":\"SearchAction\",\"target\":{\"@type\":\"EntryPoint\",\"urlTemplate\":\"https:\\\/\\\/www.laguiadepamplona.com\\\/actualidad\\\/?s={search_term_string}\"},\"query-input\":{\"@type\":\"PropertyValueSpecification\",\"valueRequired\":true,\"valueName\":\"search_term_string\"}}],\"inLanguage\":\"es\"},{\"@type\":\"Organization\",\"@id\":\"https:\\\/\\\/www.laguiadepamplona.com\\\/actualidad\\\/#organization\",\"name\":\"La Gu\u00eda de Pamplona \\\/ Noticias\",\"url\":\"https:\\\/\\\/www.laguiadepamplona.com\\\/actualidad\\\/\",\"logo\":{\"@type\":\"ImageObject\",\"inLanguage\":\"es\",\"@id\":\"https:\\\/\\\/www.laguiadepamplona.com\\\/actualidad\\\/#\\\/schema\\\/logo\\\/image\\\/\",\"url\":\"https:\\\/\\\/www.laguiadepamplona.com\\\/actualidad\\\/wp-content\\\/uploads\\\/2018\\\/11\\\/logo-laguiadepamplona18-web1.png\",\"contentUrl\":\"https:\\\/\\\/www.laguiadepamplona.com\\\/actualidad\\\/wp-content\\\/uploads\\\/2018\\\/11\\\/logo-laguiadepamplona18-web1.png\",\"width\":600,\"height\":196,\"caption\":\"La Gu\u00eda de Pamplona \\\/ Noticias\"},\"image\":{\"@id\":\"https:\\\/\\\/www.laguiadepamplona.com\\\/actualidad\\\/#\\\/schema\\\/logo\\\/image\\\/\"},\"sameAs\":[\"https:\\\/\\\/www.facebook.com\\\/laguiadepamplonacom-133175176762273\\\/?ref=hl\",\"https:\\\/\\\/x.com\\\/LaGuiadPamplona\",\"https:\\\/\\\/www.instagram.com\\\/la_guia_de_pamplona\\\/\",\"https:\\\/\\\/www.youtube.com\\\/user\\\/laguiadepamplona\"]},{\"@type\":\"Person\",\"@id\":\"https:\\\/\\\/www.laguiadepamplona.com\\\/actualidad\\\/#\\\/schema\\\/person\\\/efe887376f0213d4657c93adc50b1fdb\",\"name\":\"La Gu\u00eda de Pamplona\",\"image\":{\"@type\":\"ImageObject\",\"inLanguage\":\"es\",\"@id\":\"https:\\\/\\\/secure.gravatar.com\\\/avatar\\\/b6992f131dc8d30ab0dff15446e9d346d9dbd95992de0fef795073f5ea83a81c?s=96&d=mm&r=g\",\"url\":\"https:\\\/\\\/secure.gravatar.com\\\/avatar\\\/b6992f131dc8d30ab0dff15446e9d346d9dbd95992de0fef795073f5ea83a81c?s=96&d=mm&r=g\",\"contentUrl\":\"https:\\\/\\\/secure.gravatar.com\\\/avatar\\\/b6992f131dc8d30ab0dff15446e9d346d9dbd95992de0fef795073f5ea83a81c?s=96&d=mm&r=g\",\"caption\":\"La Gu\u00eda de Pamplona\"}}]}<\/script>\n<!-- \/ Yoast SEO plugin. -->","yoast_head_json":{"title":"Detenidas diez personas la semana pasada por etilometr\u00eda positiva, carecer del permiso obligatorio o conducir con el carn\u00e9 retirado por sentencia judicial","robots":{"index":"index","follow":"follow","max-snippet":"max-snippet:-1","max-image-preview":"max-image-preview:large","max-video-preview":"max-video-preview:-1"},"canonical":"https:\/\/www.laguiadepamplona.com\/actualidad\/detenidas-diez-personas-la-semana-pasada-por-etilometria-positiva-carecer-del-permiso-obligatorio-o-conducir-con-el-carne-retirado-por-sentencia-judicial\/","og_locale":"es_ES","og_type":"article","og_title":"Detenidas diez personas la semana pasada por etilometr\u00eda positiva, carecer del permiso obligatorio o conducir con el carn\u00e9 retirado por sentencia judicial","og_description":"La Polic\u00eda Municipal denunci\u00f3 por v\u00eda administrativa a otras veinte personas","og_url":"https:\/\/www.laguiadepamplona.com\/actualidad\/detenidas-diez-personas-la-semana-pasada-por-etilometria-positiva-carecer-del-permiso-obligatorio-o-conducir-con-el-carne-retirado-por-sentencia-judicial\/","og_site_name":"La Gu\u00eda de Pamplona","article_publisher":"https:\/\/www.facebook.com\/laguiadepamplonacom-133175176762273\/?ref=hl","article_published_time":"2017-09-25T13:40:53+00:00","og_image":[{"width":800,"height":596,"url":"https:\/\/www.laguiadepamplona.com\/actualidad\/wp-content\/uploads\/2016\/12\/polic\u00eda-municipal-pamplona.jpg","type":"image\/jpeg"}],"author":"La Gu\u00eda de Pamplona","twitter_card":"summary_large_image","twitter_creator":"@LaGuiadPamplona","twitter_site":"@LaGuiadPamplona","twitter_misc":{"Escrito por":"La Gu\u00eda de Pamplona","Tiempo de lectura":"1 minuto"},"schema":{"@context":"https:\/\/schema.org","@graph":[{"@type":"Article","@id":"https:\/\/www.laguiadepamplona.com\/actualidad\/detenidas-diez-personas-la-semana-pasada-por-etilometria-positiva-carecer-del-permiso-obligatorio-o-conducir-con-el-carne-retirado-por-sentencia-judicial\/#article","isPartOf":{"@id":"https:\/\/www.laguiadepamplona.com\/actualidad\/detenidas-diez-personas-la-semana-pasada-por-etilometria-positiva-carecer-del-permiso-obligatorio-o-conducir-con-el-carne-retirado-por-sentencia-judicial\/"},"author":{"name":"La Gu\u00eda de Pamplona","@id":"https:\/\/www.laguiadepamplona.com\/actualidad\/#\/schema\/person\/efe887376f0213d4657c93adc50b1fdb"},"headline":"Detenidas diez personas la semana pasada por etilometr\u00eda positiva, carecer del permiso obligatorio o conducir con el carn\u00e9 retirado por sentencia judicial","datePublished":"2017-09-25T13:40:53+00:00","mainEntityOfPage":{"@id":"https:\/\/www.laguiadepamplona.com\/actualidad\/detenidas-diez-personas-la-semana-pasada-por-etilometria-positiva-carecer-del-permiso-obligatorio-o-conducir-con-el-carne-retirado-por-sentencia-judicial\/"},"wordCount":235,"commentCount":0,"publisher":{"@id":"https:\/\/www.laguiadepamplona.com\/actualidad\/#organization"},"image":{"@id":"https:\/\/www.laguiadepamplona.com\/actualidad\/detenidas-diez-personas-la-semana-pasada-por-etilometria-positiva-carecer-del-permiso-obligatorio-o-conducir-con-el-carne-retirado-por-sentencia-judicial\/#primaryimage"},"thumbnailUrl":"https:\/\/www.laguiadepamplona.com\/actualidad\/wp-content\/uploads\/2016\/12\/polic\u00eda-municipal-pamplona.jpg","articleSection":["Ayto Pamplona"],"inLanguage":"es","potentialAction":[{"@type":"CommentAction","name":"Comment","target":["https:\/\/www.laguiadepamplona.com\/actualidad\/detenidas-diez-personas-la-semana-pasada-por-etilometria-positiva-carecer-del-permiso-obligatorio-o-conducir-con-el-carne-retirado-por-sentencia-judicial\/#respond"]}]},{"@type":"WebPage","@id":"https:\/\/www.laguiadepamplona.com\/actualidad\/detenidas-diez-personas-la-semana-pasada-por-etilometria-positiva-carecer-del-permiso-obligatorio-o-conducir-con-el-carne-retirado-por-sentencia-judicial\/","url":"https:\/\/www.laguiadepamplona.com\/actualidad\/detenidas-diez-personas-la-semana-pasada-por-etilometria-positiva-carecer-del-permiso-obligatorio-o-conducir-con-el-carne-retirado-por-sentencia-judicial\/","name":"Detenidas diez personas la semana pasada por etilometr\u00eda positiva, carecer del permiso obligatorio o conducir con el carn\u00e9 retirado por sentencia judicial","isPartOf":{"@id":"https:\/\/www.laguiadepamplona.com\/actualidad\/#website"},"primaryImageOfPage":{"@id":"https:\/\/www.laguiadepamplona.com\/actualidad\/detenidas-diez-personas-la-semana-pasada-por-etilometria-positiva-carecer-del-permiso-obligatorio-o-conducir-con-el-carne-retirado-por-sentencia-judicial\/#primaryimage"},"image":{"@id":"https:\/\/www.laguiadepamplona.com\/actualidad\/detenidas-diez-personas-la-semana-pasada-por-etilometria-positiva-carecer-del-permiso-obligatorio-o-conducir-con-el-carne-retirado-por-sentencia-judicial\/#primaryimage"},"thumbnailUrl":"https:\/\/www.laguiadepamplona.com\/actualidad\/wp-content\/uploads\/2016\/12\/polic\u00eda-municipal-pamplona.jpg","datePublished":"2017-09-25T13:40:53+00:00","breadcrumb":{"@id":"https:\/\/www.laguiadepamplona.com\/actualidad\/detenidas-diez-personas-la-semana-pasada-por-etilometria-positiva-carecer-del-permiso-obligatorio-o-conducir-con-el-carne-retirado-por-sentencia-judicial\/#breadcrumb"},"inLanguage":"es","potentialAction":[{"@type":"ReadAction","target":["https:\/\/www.laguiadepamplona.com\/actualidad\/detenidas-diez-personas-la-semana-pasada-por-etilometria-positiva-carecer-del-permiso-obligatorio-o-conducir-con-el-carne-retirado-por-sentencia-judicial\/"]}]},{"@type":"ImageObject","inLanguage":"es","@id":"https:\/\/www.laguiadepamplona.com\/actualidad\/detenidas-diez-personas-la-semana-pasada-por-etilometria-positiva-carecer-del-permiso-obligatorio-o-conducir-con-el-carne-retirado-por-sentencia-judicial\/#primaryimage","url":"https:\/\/www.laguiadepamplona.com\/actualidad\/wp-content\/uploads\/2016\/12\/polic\u00eda-municipal-pamplona.jpg","contentUrl":"https:\/\/www.laguiadepamplona.com\/actualidad\/wp-content\/uploads\/2016\/12\/polic\u00eda-municipal-pamplona.jpg","width":800,"height":596},{"@type":"BreadcrumbList","@id":"https:\/\/www.laguiadepamplona.com\/actualidad\/detenidas-diez-personas-la-semana-pasada-por-etilometria-positiva-carecer-del-permiso-obligatorio-o-conducir-con-el-carne-retirado-por-sentencia-judicial\/#breadcrumb","itemListElement":[{"@type":"ListItem","position":1,"name":"Portada","item":"https:\/\/www.laguiadepamplona.com\/actualidad\/"},{"@type":"ListItem","position":2,"name":"Detenidas diez personas la semana pasada por etilometr\u00eda positiva, carecer del permiso obligatorio o conducir con el carn\u00e9 retirado por sentencia judicial"}]},{"@type":"WebSite","@id":"https:\/\/www.laguiadepamplona.com\/actualidad\/#website","url":"https:\/\/www.laguiadepamplona.com\/actualidad\/","name":"La gu\u00eda de Pamplona","description":"Noticias de Pamplona","publisher":{"@id":"https:\/\/www.laguiadepamplona.com\/actualidad\/#organization"},"potentialAction":[{"@type":"SearchAction","target":{"@type":"EntryPoint","urlTemplate":"https:\/\/www.laguiadepamplona.com\/actualidad\/?s={search_term_string}"},"query-input":{"@type":"PropertyValueSpecification","valueRequired":true,"valueName":"search_term_string"}}],"inLanguage":"es"},{"@type":"Organization","@id":"https:\/\/www.laguiadepamplona.com\/actualidad\/#organization","name":"La Gu\u00eda de Pamplona \/ Noticias","url":"https:\/\/www.laguiadepamplona.com\/actualidad\/","logo":{"@type":"ImageObject","inLanguage":"es","@id":"https:\/\/www.laguiadepamplona.com\/actualidad\/#\/schema\/logo\/image\/","url":"https:\/\/www.laguiadepamplona.com\/actualidad\/wp-content\/uploads\/2018\/11\/logo-laguiadepamplona18-web1.png","contentUrl":"https:\/\/www.laguiadepamplona.com\/actualidad\/wp-content\/uploads\/2018\/11\/logo-laguiadepamplona18-web1.png","width":600,"height":196,"caption":"La Gu\u00eda de Pamplona \/ Noticias"},"image":{"@id":"https:\/\/www.laguiadepamplona.com\/actualidad\/#\/schema\/logo\/image\/"},"sameAs":["https:\/\/www.facebook.com\/laguiadepamplonacom-133175176762273\/?ref=hl","https:\/\/x.com\/LaGuiadPamplona","https:\/\/www.instagram.com\/la_guia_de_pamplona\/","https:\/\/www.youtube.com\/user\/laguiadepamplona"]},{"@type":"Person","@id":"https:\/\/www.laguiadepamplona.com\/actualidad\/#\/schema\/person\/efe887376f0213d4657c93adc50b1fdb","name":"La Gu\u00eda de Pamplona","image":{"@type":"ImageObject","inLanguage":"es","@id":"https:\/\/secure.gravatar.com\/avatar\/b6992f131dc8d30ab0dff15446e9d346d9dbd95992de0fef795073f5ea83a81c?s=96&d=mm&r=g","url":"https:\/\/secure.gravatar.com\/avatar\/b6992f131dc8d30ab0dff15446e9d346d9dbd95992de0fef795073f5ea83a81c?s=96&d=mm&r=g","contentUrl":"https:\/\/secure.gravatar.com\/avatar\/b6992f131dc8d30ab0dff15446e9d346d9dbd95992de0fef795073f5ea83a81c?s=96&d=mm&r=g","caption":"La Gu\u00eda de Pamplona"}}]}},"post_mailing_queue_ids":[],"_links":{"self":[{"href":"https:\/\/www.laguiadepamplona.com\/actualidad\/wp-json\/wp\/v2\/posts\/14411","targetHints":{"allow":["GET"]}}],"collection":[{"href":"https:\/\/www.laguiadepamplona.com\/actualidad\/wp-json\/wp\/v2\/posts"}],"about":[{"href":"https:\/\/www.laguiadepamplona.com\/actualidad\/wp-json\/wp\/v2\/types\/post"}],"author":[{"embeddable":true,"href":"https:\/\/www.laguiadepamplona.com\/actualidad\/wp-json\/wp\/v2\/users\/1"}],"replies":[{"embeddable":true,"href":"https:\/\/www.laguiadepamplona.com\/actualidad\/wp-json\/wp\/v2\/comments?post=14411"}],"version-history":[{"count":0,"href":"https:\/\/www.laguiadepamplona.com\/actualidad\/wp-json\/wp\/v2\/posts\/14411\/revisions"}],"wp:featuredmedia":[{"embeddable":true,"href":"https:\/\/www.laguiadepamplona.com\/actualidad\/wp-json\/wp\/v2\/media\/11153"}],"wp:attachment":[{"href":"https:\/\/www.laguiadepamplona.com\/actualidad\/wp-json\/wp\/v2\/media?parent=14411"}],"wp:term":[{"taxonomy":"category","embeddable":true,"href":"https:\/\/www.laguiadepamplona.com\/actualidad\/wp-json\/wp\/v2\/categories?post=14411"},{"taxonomy":"post_tag","embeddable":true,"href":"https:\/\/www.laguiadepamplona.com\/actualidad\/wp-json\/wp\/v2\/tags?post=14411"}],"curies":[{"name":"wp","href":"https:\/\/api.w.org\/{rel}","templated":true}]}}