{"id":14409,"date":"2017-09-22T15:10:55","date_gmt":"2017-09-22T14:10:55","guid":{"rendered":"http:\/\/laguiadepamplona.es\/actualidad\/?p=14409"},"modified":"2017-09-22T15:10:55","modified_gmt":"2017-09-22T14:10:55","slug":"del-25-de-septiembre-al-11-de-octubre-se-abre-el-plazo-de-presentacion-de-propuestas-para-la-priorizacion-de-proyectos-dentro-de-la-edusi-pamplona-sur","status":"publish","type":"post","link":"https:\/\/www.laguiadepamplona.com\/actualidad\/del-25-de-septiembre-al-11-de-octubre-se-abre-el-plazo-de-presentacion-de-propuestas-para-la-priorizacion-de-proyectos-dentro-de-la-edusi-pamplona-sur\/","title":{"rendered":"Del 25 de septiembre al 11 de octubre se abre el plazo de presentaci\u00f3n de propuestas para la priorizaci\u00f3n de proyectos dentro de la EDUSI Pamplona Sur"},"content":{"rendered":"<h3>Las personas interesadas pueden enviar propuestas a trav\u00e9s de <a href=\"https:\/\/erabaki.pamplona.es\/\" target=\"_blank\" rel=\"noopener\">https:\/\/erabaki.pamplona.es<\/a> o presencialmente en el CCSI Milagrosa<\/h3>\n<p><!--more--><\/p>\n<p>El pr\u00f3ximo lunes, 25 de septiembre, se abrir\u00e1 el plazo hasta el 11 de octubre para presentar propuestas de actuaciones en Milagrosa, Azpilaga\u00f1a y Santa Mar\u00eda la Real dentro de la Estrategia de Desarrollo Urbano Sostenible e Integrado (EDUSI) Pamplona Sur. Las ideas pueden enviarse a trav\u00e9s de la plataforma <a href=\"https:\/\/erabaki.pamplona.es\/\" target=\"_blank\" rel=\"noopener\">https:\/\/erabaki.pamplona.es<\/a> o presencialmente en el Centro Comunitario de Iniciativas Sociales de la Milagrosa (calle Blas de la Serna 61, bajo). De esta manera contin\u00faa el proceso participativo puesto en marcha por el Ayuntamiento de Pamplona para priorizar las actuaciones que se van a realizar en el periodo 2018-2021 en estos barrios. El objetivo es definir una bolsa de proyectos priorizados para cuatro a\u00f1os teniendo en cuenta la opini\u00f3n del barrio que sirva de orientaci\u00f3n al Ayuntamiento en la planificaci\u00f3n de las actuaciones EDUSI Pamplona Sur.<\/p>\n<p>Las propuestas tienen que ser concretas; t\u00e9cnica, econ\u00f3mica y socialmente viables; abarcar \u00e1mbitos de competencia municipal y ser coherentes con los objetivos y principios de la estrategia DUSI Pamplona Sur. No se admitir\u00e1n propuestas de actuaciones que ya se est\u00e9n realizando y las que no tengan en cuenta los principios de equidad, justicia social, igualdad de oportunidades y los derechos y libertades colectivas e individuales. Toda la informaci\u00f3n sobre esta iniciativa se puede consultar en la p\u00e1gina web municipal <a href=\"http:\/\/www.pamplona.es\/\" target=\"_blank\" rel=\"noopener\">www.pamplona.es<\/a>, en el enlace de la portada situado entre los destacados.<\/p>\n<p><strong>Una segunda fase tambi\u00e9n participativa para priorizar las propuestas<\/strong><\/p>\n<p>Tras la primera fase del proceso participativo, a partir del 11 de octubre llegar\u00e1 el periodo de priorizaci\u00f3n. Se trabajar\u00e1n las propuestas recogidas en diferentes reuniones de\u00a0 grupos de trabajo para hacer una primera valoraci\u00f3n. Los grupos de trabajo se formar\u00e1n en funci\u00f3n del n\u00famero de propuestas recibidas en cada objetivo tem\u00e1tico de la estrategica. Se crean tres grupos teniendo en cuenta los 3 de los 9 objetivos tem\u00e1ticos elegidos: econom\u00eda de bajo nivel de emisi\u00f3n de carbono; medioambiente y eficiencia en recursos; y promoci\u00f3n de la inclusi\u00f3n social divida en convivencia y desarrollo econ\u00f3mico. Los grupos de trabajo se realizar\u00e1n entre el 15 y el 25 de octubre. Para apuntarse a alguno de ellos hay que escribir a <a href=\"mailto:informacion.participacion@pamplona.es\">informacion.participacion@pamplona.es<\/a>.<\/p>\n<p>Las proposiciones seleccionadas estar\u00e1n supeditadas a otros criterios de car\u00e1cter t\u00e9cnico, financiero o cuestiones de oportunidad a la hora de tomar la decisi\u00f3n sobre su realizaci\u00f3n. Las propuestas resultantes se podr\u00e1n priorizar a trav\u00e9s de la plataforma Erabaki o acudiendo al CCIS Milagrosa, en una votaci\u00f3n del 30 de octubre al 12 de noviembre.<\/p>\n<p>Tanto para la selecci\u00f3n de propuestas como para la priorizaci\u00f3n, el Ayuntamiento ha establecido una serie de criterios. Se priorizar\u00e1n las propuestas que tengan m\u00e1s impacto potencial: que afecten a m\u00e1s personas, a una zona\u00a0 m\u00e1s amplia, a m\u00e1s colectivos o a colectivos especialmente vulnerables. Tambi\u00e9n las que sean capaces de dar soluci\u00f3n a varios retos u objetivos tem\u00e1ticos de la EDUSI a la vez; las que tengan una mejor relaci\u00f3n coste\/beneficio; las que sirvan como paso previo a otras propuestas priorizadas o las que sean socialmente inclusivas. El 15 de noviembre llegar\u00e1 esa priorizaci\u00f3n al grupo motor y a la ciudadan\u00eda. La cuarta y \u00faltima fase, la de seguimiento, se abordar\u00e1 en 2018.<\/p>\n<p><strong>Mejorar la calidad de vida de los habitantes de estos barrios<\/strong><\/p>\n<p>El Ayuntamiento de Pamplona se ha comprometido a destinar del presupuesto municipal 500.000 euros al a\u00f1o hasta alcanzar los 2,5 millones de euros para estas actuaciones comprendidas entre 2017 y 2021. El Consistorio ha elaborado la estrategia EDUSI de Pamplona Sur con el objetivo de fomentar el desarrollo de la Milagrosa, Santa Mar\u00eda La Real y parte de Azpilaga\u00f1a, debido a sus caracter\u00edsticas y problem\u00e1ticas comunes desde el punto de vista demogr\u00e1fico, sociol\u00f3gico y urban\u00edstico. La EDUSI Pamplona Sur realiza un diagn\u00f3stico y un an\u00e1lisis integrado de estos barrios planteando unos objetivos tem\u00e1ticos y unas l\u00edneas de actuaci\u00f3n para mejorar la calidad de vida de sus habitantes.<\/p>\n<p>El grupo motor de la EDUSI Pamplona Sur se ha configurado como un espacio de trabajo y participaci\u00f3n mediante el cual la ciudadan\u00eda de los tres barrios puede involucrarse en el desarrollo de las actuaciones incluidas en la estrategia. En \u00e9l vienen trabajando una treintena de organizaciones y colectivos vecinales y sociales as\u00ed como personas a t\u00edtulo individual y personal t\u00e9cnico municipales. No tiene una composici\u00f3n cerrada por lo que cualquier persona interesada puede acudir a sus reuniones.<\/p>\n<p>&nbsp;<\/p>\n","protected":false},"excerpt":{"rendered":"<p>Las personas interesadas pueden enviar propuestas a trav\u00e9s de https:\/\/erabaki.pamplona.es o presencialmente en el CCSI Milagrosa<\/p>\n","protected":false},"author":1,"featured_media":11434,"comment_status":"open","ping_status":"closed","sticky":false,"template":"","format":"standard","meta":{"footnotes":""},"categories":[2],"tags":[],"class_list":["post-14409","post","type-post","status-publish","format-standard","has-post-thumbnail","hentry","category-ayuntamiento-pamplona"],"yoast_head":"<!-- This site is optimized with the Yoast SEO plugin v27.3 - https:\/\/yoast.com\/product\/yoast-seo-wordpress\/ -->\n<title>Del 25 de septiembre al 11 de octubre se abre el plazo de presentaci\u00f3n de propuestas para la priorizaci\u00f3n de proyectos dentro de la EDUSI Pamplona Sur<\/title>\n<meta name=\"robots\" content=\"index, follow, max-snippet:-1, max-image-preview:large, max-video-preview:-1\" \/>\n<link rel=\"canonical\" href=\"https:\/\/www.laguiadepamplona.com\/actualidad\/del-25-de-septiembre-al-11-de-octubre-se-abre-el-plazo-de-presentacion-de-propuestas-para-la-priorizacion-de-proyectos-dentro-de-la-edusi-pamplona-sur\/\" \/>\n<meta property=\"og:locale\" content=\"es_ES\" \/>\n<meta property=\"og:type\" content=\"article\" \/>\n<meta property=\"og:title\" content=\"Del 25 de septiembre al 11 de octubre se abre el plazo de presentaci\u00f3n de propuestas para la priorizaci\u00f3n de proyectos dentro de la EDUSI Pamplona Sur\" \/>\n<meta property=\"og:description\" content=\"Las personas interesadas pueden enviar propuestas a trav\u00e9s de https:\/\/erabaki.pamplona.es o presencialmente en el CCSI Milagrosa\" \/>\n<meta property=\"og:url\" content=\"https:\/\/www.laguiadepamplona.com\/actualidad\/del-25-de-septiembre-al-11-de-octubre-se-abre-el-plazo-de-presentacion-de-propuestas-para-la-priorizacion-de-proyectos-dentro-de-la-edusi-pamplona-sur\/\" \/>\n<meta property=\"og:site_name\" content=\"La Gu\u00eda de Pamplona\" \/>\n<meta property=\"article:publisher\" content=\"https:\/\/www.facebook.com\/laguiadepamplonacom-133175176762273\/?ref=hl\" \/>\n<meta property=\"article:published_time\" content=\"2017-09-22T14:10:55+00:00\" \/>\n<meta property=\"og:image\" content=\"https:\/\/www.laguiadepamplona.com\/actualidad\/wp-content\/uploads\/2017\/01\/ciudadela_general1.jpg\" \/>\n\t<meta property=\"og:image:width\" content=\"1100\" \/>\n\t<meta property=\"og:image:height\" content=\"550\" \/>\n\t<meta property=\"og:image:type\" content=\"image\/jpeg\" \/>\n<meta name=\"author\" content=\"La Gu\u00eda de Pamplona\" \/>\n<meta name=\"twitter:card\" content=\"summary_large_image\" \/>\n<meta name=\"twitter:creator\" content=\"@LaGuiadPamplona\" \/>\n<meta name=\"twitter:site\" content=\"@LaGuiadPamplona\" \/>\n<meta name=\"twitter:label1\" content=\"Escrito por\" \/>\n\t<meta name=\"twitter:data1\" content=\"La Gu\u00eda de Pamplona\" \/>\n\t<meta name=\"twitter:label2\" content=\"Tiempo de lectura\" \/>\n\t<meta name=\"twitter:data2\" content=\"4 minutos\" \/>\n<script type=\"application\/ld+json\" class=\"yoast-schema-graph\">{\"@context\":\"https:\\\/\\\/schema.org\",\"@graph\":[{\"@type\":\"Article\",\"@id\":\"https:\\\/\\\/www.laguiadepamplona.com\\\/actualidad\\\/del-25-de-septiembre-al-11-de-octubre-se-abre-el-plazo-de-presentacion-de-propuestas-para-la-priorizacion-de-proyectos-dentro-de-la-edusi-pamplona-sur\\\/#article\",\"isPartOf\":{\"@id\":\"https:\\\/\\\/www.laguiadepamplona.com\\\/actualidad\\\/del-25-de-septiembre-al-11-de-octubre-se-abre-el-plazo-de-presentacion-de-propuestas-para-la-priorizacion-de-proyectos-dentro-de-la-edusi-pamplona-sur\\\/\"},\"author\":{\"name\":\"La Gu\u00eda de Pamplona\",\"@id\":\"https:\\\/\\\/www.laguiadepamplona.com\\\/actualidad\\\/#\\\/schema\\\/person\\\/efe887376f0213d4657c93adc50b1fdb\"},\"headline\":\"Del 25 de septiembre al 11 de octubre se abre el plazo de presentaci\u00f3n de propuestas para la priorizaci\u00f3n de proyectos dentro de la EDUSI Pamplona Sur\",\"datePublished\":\"2017-09-22T14:10:55+00:00\",\"mainEntityOfPage\":{\"@id\":\"https:\\\/\\\/www.laguiadepamplona.com\\\/actualidad\\\/del-25-de-septiembre-al-11-de-octubre-se-abre-el-plazo-de-presentacion-de-propuestas-para-la-priorizacion-de-proyectos-dentro-de-la-edusi-pamplona-sur\\\/\"},\"wordCount\":828,\"commentCount\":0,\"publisher\":{\"@id\":\"https:\\\/\\\/www.laguiadepamplona.com\\\/actualidad\\\/#organization\"},\"image\":{\"@id\":\"https:\\\/\\\/www.laguiadepamplona.com\\\/actualidad\\\/del-25-de-septiembre-al-11-de-octubre-se-abre-el-plazo-de-presentacion-de-propuestas-para-la-priorizacion-de-proyectos-dentro-de-la-edusi-pamplona-sur\\\/#primaryimage\"},\"thumbnailUrl\":\"https:\\\/\\\/www.laguiadepamplona.com\\\/actualidad\\\/wp-content\\\/uploads\\\/2017\\\/01\\\/ciudadela_general1.jpg\",\"articleSection\":[\"Ayto Pamplona\"],\"inLanguage\":\"es\",\"potentialAction\":[{\"@type\":\"CommentAction\",\"name\":\"Comment\",\"target\":[\"https:\\\/\\\/www.laguiadepamplona.com\\\/actualidad\\\/del-25-de-septiembre-al-11-de-octubre-se-abre-el-plazo-de-presentacion-de-propuestas-para-la-priorizacion-de-proyectos-dentro-de-la-edusi-pamplona-sur\\\/#respond\"]}]},{\"@type\":\"WebPage\",\"@id\":\"https:\\\/\\\/www.laguiadepamplona.com\\\/actualidad\\\/del-25-de-septiembre-al-11-de-octubre-se-abre-el-plazo-de-presentacion-de-propuestas-para-la-priorizacion-de-proyectos-dentro-de-la-edusi-pamplona-sur\\\/\",\"url\":\"https:\\\/\\\/www.laguiadepamplona.com\\\/actualidad\\\/del-25-de-septiembre-al-11-de-octubre-se-abre-el-plazo-de-presentacion-de-propuestas-para-la-priorizacion-de-proyectos-dentro-de-la-edusi-pamplona-sur\\\/\",\"name\":\"Del 25 de septiembre al 11 de octubre se abre el plazo de presentaci\u00f3n de propuestas para la priorizaci\u00f3n de proyectos dentro de la EDUSI Pamplona Sur\",\"isPartOf\":{\"@id\":\"https:\\\/\\\/www.laguiadepamplona.com\\\/actualidad\\\/#website\"},\"primaryImageOfPage\":{\"@id\":\"https:\\\/\\\/www.laguiadepamplona.com\\\/actualidad\\\/del-25-de-septiembre-al-11-de-octubre-se-abre-el-plazo-de-presentacion-de-propuestas-para-la-priorizacion-de-proyectos-dentro-de-la-edusi-pamplona-sur\\\/#primaryimage\"},\"image\":{\"@id\":\"https:\\\/\\\/www.laguiadepamplona.com\\\/actualidad\\\/del-25-de-septiembre-al-11-de-octubre-se-abre-el-plazo-de-presentacion-de-propuestas-para-la-priorizacion-de-proyectos-dentro-de-la-edusi-pamplona-sur\\\/#primaryimage\"},\"thumbnailUrl\":\"https:\\\/\\\/www.laguiadepamplona.com\\\/actualidad\\\/wp-content\\\/uploads\\\/2017\\\/01\\\/ciudadela_general1.jpg\",\"datePublished\":\"2017-09-22T14:10:55+00:00\",\"breadcrumb\":{\"@id\":\"https:\\\/\\\/www.laguiadepamplona.com\\\/actualidad\\\/del-25-de-septiembre-al-11-de-octubre-se-abre-el-plazo-de-presentacion-de-propuestas-para-la-priorizacion-de-proyectos-dentro-de-la-edusi-pamplona-sur\\\/#breadcrumb\"},\"inLanguage\":\"es\",\"potentialAction\":[{\"@type\":\"ReadAction\",\"target\":[\"https:\\\/\\\/www.laguiadepamplona.com\\\/actualidad\\\/del-25-de-septiembre-al-11-de-octubre-se-abre-el-plazo-de-presentacion-de-propuestas-para-la-priorizacion-de-proyectos-dentro-de-la-edusi-pamplona-sur\\\/\"]}]},{\"@type\":\"ImageObject\",\"inLanguage\":\"es\",\"@id\":\"https:\\\/\\\/www.laguiadepamplona.com\\\/actualidad\\\/del-25-de-septiembre-al-11-de-octubre-se-abre-el-plazo-de-presentacion-de-propuestas-para-la-priorizacion-de-proyectos-dentro-de-la-edusi-pamplona-sur\\\/#primaryimage\",\"url\":\"https:\\\/\\\/www.laguiadepamplona.com\\\/actualidad\\\/wp-content\\\/uploads\\\/2017\\\/01\\\/ciudadela_general1.jpg\",\"contentUrl\":\"https:\\\/\\\/www.laguiadepamplona.com\\\/actualidad\\\/wp-content\\\/uploads\\\/2017\\\/01\\\/ciudadela_general1.jpg\",\"width\":1100,\"height\":550},{\"@type\":\"BreadcrumbList\",\"@id\":\"https:\\\/\\\/www.laguiadepamplona.com\\\/actualidad\\\/del-25-de-septiembre-al-11-de-octubre-se-abre-el-plazo-de-presentacion-de-propuestas-para-la-priorizacion-de-proyectos-dentro-de-la-edusi-pamplona-sur\\\/#breadcrumb\",\"itemListElement\":[{\"@type\":\"ListItem\",\"position\":1,\"name\":\"Portada\",\"item\":\"https:\\\/\\\/www.laguiadepamplona.com\\\/actualidad\\\/\"},{\"@type\":\"ListItem\",\"position\":2,\"name\":\"Del 25 de septiembre al 11 de octubre se abre el plazo de presentaci\u00f3n de propuestas para la priorizaci\u00f3n de proyectos dentro de la EDUSI Pamplona Sur\"}]},{\"@type\":\"WebSite\",\"@id\":\"https:\\\/\\\/www.laguiadepamplona.com\\\/actualidad\\\/#website\",\"url\":\"https:\\\/\\\/www.laguiadepamplona.com\\\/actualidad\\\/\",\"name\":\"La gu\u00eda de Pamplona\",\"description\":\"Noticias de Pamplona\",\"publisher\":{\"@id\":\"https:\\\/\\\/www.laguiadepamplona.com\\\/actualidad\\\/#organization\"},\"potentialAction\":[{\"@type\":\"SearchAction\",\"target\":{\"@type\":\"EntryPoint\",\"urlTemplate\":\"https:\\\/\\\/www.laguiadepamplona.com\\\/actualidad\\\/?s={search_term_string}\"},\"query-input\":{\"@type\":\"PropertyValueSpecification\",\"valueRequired\":true,\"valueName\":\"search_term_string\"}}],\"inLanguage\":\"es\"},{\"@type\":\"Organization\",\"@id\":\"https:\\\/\\\/www.laguiadepamplona.com\\\/actualidad\\\/#organization\",\"name\":\"La Gu\u00eda de Pamplona \\\/ Noticias\",\"url\":\"https:\\\/\\\/www.laguiadepamplona.com\\\/actualidad\\\/\",\"logo\":{\"@type\":\"ImageObject\",\"inLanguage\":\"es\",\"@id\":\"https:\\\/\\\/www.laguiadepamplona.com\\\/actualidad\\\/#\\\/schema\\\/logo\\\/image\\\/\",\"url\":\"https:\\\/\\\/www.laguiadepamplona.com\\\/actualidad\\\/wp-content\\\/uploads\\\/2018\\\/11\\\/logo-laguiadepamplona18-web1.png\",\"contentUrl\":\"https:\\\/\\\/www.laguiadepamplona.com\\\/actualidad\\\/wp-content\\\/uploads\\\/2018\\\/11\\\/logo-laguiadepamplona18-web1.png\",\"width\":600,\"height\":196,\"caption\":\"La Gu\u00eda de Pamplona \\\/ Noticias\"},\"image\":{\"@id\":\"https:\\\/\\\/www.laguiadepamplona.com\\\/actualidad\\\/#\\\/schema\\\/logo\\\/image\\\/\"},\"sameAs\":[\"https:\\\/\\\/www.facebook.com\\\/laguiadepamplonacom-133175176762273\\\/?ref=hl\",\"https:\\\/\\\/x.com\\\/LaGuiadPamplona\",\"https:\\\/\\\/www.instagram.com\\\/la_guia_de_pamplona\\\/\",\"https:\\\/\\\/www.youtube.com\\\/user\\\/laguiadepamplona\"]},{\"@type\":\"Person\",\"@id\":\"https:\\\/\\\/www.laguiadepamplona.com\\\/actualidad\\\/#\\\/schema\\\/person\\\/efe887376f0213d4657c93adc50b1fdb\",\"name\":\"La Gu\u00eda de Pamplona\",\"image\":{\"@type\":\"ImageObject\",\"inLanguage\":\"es\",\"@id\":\"https:\\\/\\\/secure.gravatar.com\\\/avatar\\\/b6992f131dc8d30ab0dff15446e9d346d9dbd95992de0fef795073f5ea83a81c?s=96&d=mm&r=g\",\"url\":\"https:\\\/\\\/secure.gravatar.com\\\/avatar\\\/b6992f131dc8d30ab0dff15446e9d346d9dbd95992de0fef795073f5ea83a81c?s=96&d=mm&r=g\",\"contentUrl\":\"https:\\\/\\\/secure.gravatar.com\\\/avatar\\\/b6992f131dc8d30ab0dff15446e9d346d9dbd95992de0fef795073f5ea83a81c?s=96&d=mm&r=g\",\"caption\":\"La Gu\u00eda de Pamplona\"}}]}<\/script>\n<!-- \/ Yoast SEO plugin. -->","yoast_head_json":{"title":"Del 25 de septiembre al 11 de octubre se abre el plazo de presentaci\u00f3n de propuestas para la priorizaci\u00f3n de proyectos dentro de la EDUSI Pamplona Sur","robots":{"index":"index","follow":"follow","max-snippet":"max-snippet:-1","max-image-preview":"max-image-preview:large","max-video-preview":"max-video-preview:-1"},"canonical":"https:\/\/www.laguiadepamplona.com\/actualidad\/del-25-de-septiembre-al-11-de-octubre-se-abre-el-plazo-de-presentacion-de-propuestas-para-la-priorizacion-de-proyectos-dentro-de-la-edusi-pamplona-sur\/","og_locale":"es_ES","og_type":"article","og_title":"Del 25 de septiembre al 11 de octubre se abre el plazo de presentaci\u00f3n de propuestas para la priorizaci\u00f3n de proyectos dentro de la EDUSI Pamplona Sur","og_description":"Las personas interesadas pueden enviar propuestas a trav\u00e9s de https:\/\/erabaki.pamplona.es o presencialmente en el CCSI Milagrosa","og_url":"https:\/\/www.laguiadepamplona.com\/actualidad\/del-25-de-septiembre-al-11-de-octubre-se-abre-el-plazo-de-presentacion-de-propuestas-para-la-priorizacion-de-proyectos-dentro-de-la-edusi-pamplona-sur\/","og_site_name":"La Gu\u00eda de Pamplona","article_publisher":"https:\/\/www.facebook.com\/laguiadepamplonacom-133175176762273\/?ref=hl","article_published_time":"2017-09-22T14:10:55+00:00","og_image":[{"width":1100,"height":550,"url":"https:\/\/www.laguiadepamplona.com\/actualidad\/wp-content\/uploads\/2017\/01\/ciudadela_general1.jpg","type":"image\/jpeg"}],"author":"La Gu\u00eda de Pamplona","twitter_card":"summary_large_image","twitter_creator":"@LaGuiadPamplona","twitter_site":"@LaGuiadPamplona","twitter_misc":{"Escrito por":"La Gu\u00eda de Pamplona","Tiempo de lectura":"4 minutos"},"schema":{"@context":"https:\/\/schema.org","@graph":[{"@type":"Article","@id":"https:\/\/www.laguiadepamplona.com\/actualidad\/del-25-de-septiembre-al-11-de-octubre-se-abre-el-plazo-de-presentacion-de-propuestas-para-la-priorizacion-de-proyectos-dentro-de-la-edusi-pamplona-sur\/#article","isPartOf":{"@id":"https:\/\/www.laguiadepamplona.com\/actualidad\/del-25-de-septiembre-al-11-de-octubre-se-abre-el-plazo-de-presentacion-de-propuestas-para-la-priorizacion-de-proyectos-dentro-de-la-edusi-pamplona-sur\/"},"author":{"name":"La Gu\u00eda de Pamplona","@id":"https:\/\/www.laguiadepamplona.com\/actualidad\/#\/schema\/person\/efe887376f0213d4657c93adc50b1fdb"},"headline":"Del 25 de septiembre al 11 de octubre se abre el plazo de presentaci\u00f3n de propuestas para la priorizaci\u00f3n de proyectos dentro de la EDUSI Pamplona Sur","datePublished":"2017-09-22T14:10:55+00:00","mainEntityOfPage":{"@id":"https:\/\/www.laguiadepamplona.com\/actualidad\/del-25-de-septiembre-al-11-de-octubre-se-abre-el-plazo-de-presentacion-de-propuestas-para-la-priorizacion-de-proyectos-dentro-de-la-edusi-pamplona-sur\/"},"wordCount":828,"commentCount":0,"publisher":{"@id":"https:\/\/www.laguiadepamplona.com\/actualidad\/#organization"},"image":{"@id":"https:\/\/www.laguiadepamplona.com\/actualidad\/del-25-de-septiembre-al-11-de-octubre-se-abre-el-plazo-de-presentacion-de-propuestas-para-la-priorizacion-de-proyectos-dentro-de-la-edusi-pamplona-sur\/#primaryimage"},"thumbnailUrl":"https:\/\/www.laguiadepamplona.com\/actualidad\/wp-content\/uploads\/2017\/01\/ciudadela_general1.jpg","articleSection":["Ayto Pamplona"],"inLanguage":"es","potentialAction":[{"@type":"CommentAction","name":"Comment","target":["https:\/\/www.laguiadepamplona.com\/actualidad\/del-25-de-septiembre-al-11-de-octubre-se-abre-el-plazo-de-presentacion-de-propuestas-para-la-priorizacion-de-proyectos-dentro-de-la-edusi-pamplona-sur\/#respond"]}]},{"@type":"WebPage","@id":"https:\/\/www.laguiadepamplona.com\/actualidad\/del-25-de-septiembre-al-11-de-octubre-se-abre-el-plazo-de-presentacion-de-propuestas-para-la-priorizacion-de-proyectos-dentro-de-la-edusi-pamplona-sur\/","url":"https:\/\/www.laguiadepamplona.com\/actualidad\/del-25-de-septiembre-al-11-de-octubre-se-abre-el-plazo-de-presentacion-de-propuestas-para-la-priorizacion-de-proyectos-dentro-de-la-edusi-pamplona-sur\/","name":"Del 25 de septiembre al 11 de octubre se abre el plazo de presentaci\u00f3n de propuestas para la priorizaci\u00f3n de proyectos dentro de la EDUSI Pamplona Sur","isPartOf":{"@id":"https:\/\/www.laguiadepamplona.com\/actualidad\/#website"},"primaryImageOfPage":{"@id":"https:\/\/www.laguiadepamplona.com\/actualidad\/del-25-de-septiembre-al-11-de-octubre-se-abre-el-plazo-de-presentacion-de-propuestas-para-la-priorizacion-de-proyectos-dentro-de-la-edusi-pamplona-sur\/#primaryimage"},"image":{"@id":"https:\/\/www.laguiadepamplona.com\/actualidad\/del-25-de-septiembre-al-11-de-octubre-se-abre-el-plazo-de-presentacion-de-propuestas-para-la-priorizacion-de-proyectos-dentro-de-la-edusi-pamplona-sur\/#primaryimage"},"thumbnailUrl":"https:\/\/www.laguiadepamplona.com\/actualidad\/wp-content\/uploads\/2017\/01\/ciudadela_general1.jpg","datePublished":"2017-09-22T14:10:55+00:00","breadcrumb":{"@id":"https:\/\/www.laguiadepamplona.com\/actualidad\/del-25-de-septiembre-al-11-de-octubre-se-abre-el-plazo-de-presentacion-de-propuestas-para-la-priorizacion-de-proyectos-dentro-de-la-edusi-pamplona-sur\/#breadcrumb"},"inLanguage":"es","potentialAction":[{"@type":"ReadAction","target":["https:\/\/www.laguiadepamplona.com\/actualidad\/del-25-de-septiembre-al-11-de-octubre-se-abre-el-plazo-de-presentacion-de-propuestas-para-la-priorizacion-de-proyectos-dentro-de-la-edusi-pamplona-sur\/"]}]},{"@type":"ImageObject","inLanguage":"es","@id":"https:\/\/www.laguiadepamplona.com\/actualidad\/del-25-de-septiembre-al-11-de-octubre-se-abre-el-plazo-de-presentacion-de-propuestas-para-la-priorizacion-de-proyectos-dentro-de-la-edusi-pamplona-sur\/#primaryimage","url":"https:\/\/www.laguiadepamplona.com\/actualidad\/wp-content\/uploads\/2017\/01\/ciudadela_general1.jpg","contentUrl":"https:\/\/www.laguiadepamplona.com\/actualidad\/wp-content\/uploads\/2017\/01\/ciudadela_general1.jpg","width":1100,"height":550},{"@type":"BreadcrumbList","@id":"https:\/\/www.laguiadepamplona.com\/actualidad\/del-25-de-septiembre-al-11-de-octubre-se-abre-el-plazo-de-presentacion-de-propuestas-para-la-priorizacion-de-proyectos-dentro-de-la-edusi-pamplona-sur\/#breadcrumb","itemListElement":[{"@type":"ListItem","position":1,"name":"Portada","item":"https:\/\/www.laguiadepamplona.com\/actualidad\/"},{"@type":"ListItem","position":2,"name":"Del 25 de septiembre al 11 de octubre se abre el plazo de presentaci\u00f3n de propuestas para la priorizaci\u00f3n de proyectos dentro de la EDUSI Pamplona Sur"}]},{"@type":"WebSite","@id":"https:\/\/www.laguiadepamplona.com\/actualidad\/#website","url":"https:\/\/www.laguiadepamplona.com\/actualidad\/","name":"La gu\u00eda de Pamplona","description":"Noticias de Pamplona","publisher":{"@id":"https:\/\/www.laguiadepamplona.com\/actualidad\/#organization"},"potentialAction":[{"@type":"SearchAction","target":{"@type":"EntryPoint","urlTemplate":"https:\/\/www.laguiadepamplona.com\/actualidad\/?s={search_term_string}"},"query-input":{"@type":"PropertyValueSpecification","valueRequired":true,"valueName":"search_term_string"}}],"inLanguage":"es"},{"@type":"Organization","@id":"https:\/\/www.laguiadepamplona.com\/actualidad\/#organization","name":"La Gu\u00eda de Pamplona \/ Noticias","url":"https:\/\/www.laguiadepamplona.com\/actualidad\/","logo":{"@type":"ImageObject","inLanguage":"es","@id":"https:\/\/www.laguiadepamplona.com\/actualidad\/#\/schema\/logo\/image\/","url":"https:\/\/www.laguiadepamplona.com\/actualidad\/wp-content\/uploads\/2018\/11\/logo-laguiadepamplona18-web1.png","contentUrl":"https:\/\/www.laguiadepamplona.com\/actualidad\/wp-content\/uploads\/2018\/11\/logo-laguiadepamplona18-web1.png","width":600,"height":196,"caption":"La Gu\u00eda de Pamplona \/ Noticias"},"image":{"@id":"https:\/\/www.laguiadepamplona.com\/actualidad\/#\/schema\/logo\/image\/"},"sameAs":["https:\/\/www.facebook.com\/laguiadepamplonacom-133175176762273\/?ref=hl","https:\/\/x.com\/LaGuiadPamplona","https:\/\/www.instagram.com\/la_guia_de_pamplona\/","https:\/\/www.youtube.com\/user\/laguiadepamplona"]},{"@type":"Person","@id":"https:\/\/www.laguiadepamplona.com\/actualidad\/#\/schema\/person\/efe887376f0213d4657c93adc50b1fdb","name":"La Gu\u00eda de Pamplona","image":{"@type":"ImageObject","inLanguage":"es","@id":"https:\/\/secure.gravatar.com\/avatar\/b6992f131dc8d30ab0dff15446e9d346d9dbd95992de0fef795073f5ea83a81c?s=96&d=mm&r=g","url":"https:\/\/secure.gravatar.com\/avatar\/b6992f131dc8d30ab0dff15446e9d346d9dbd95992de0fef795073f5ea83a81c?s=96&d=mm&r=g","contentUrl":"https:\/\/secure.gravatar.com\/avatar\/b6992f131dc8d30ab0dff15446e9d346d9dbd95992de0fef795073f5ea83a81c?s=96&d=mm&r=g","caption":"La Gu\u00eda de Pamplona"}}]}},"post_mailing_queue_ids":[],"_links":{"self":[{"href":"https:\/\/www.laguiadepamplona.com\/actualidad\/wp-json\/wp\/v2\/posts\/14409","targetHints":{"allow":["GET"]}}],"collection":[{"href":"https:\/\/www.laguiadepamplona.com\/actualidad\/wp-json\/wp\/v2\/posts"}],"about":[{"href":"https:\/\/www.laguiadepamplona.com\/actualidad\/wp-json\/wp\/v2\/types\/post"}],"author":[{"embeddable":true,"href":"https:\/\/www.laguiadepamplona.com\/actualidad\/wp-json\/wp\/v2\/users\/1"}],"replies":[{"embeddable":true,"href":"https:\/\/www.laguiadepamplona.com\/actualidad\/wp-json\/wp\/v2\/comments?post=14409"}],"version-history":[{"count":0,"href":"https:\/\/www.laguiadepamplona.com\/actualidad\/wp-json\/wp\/v2\/posts\/14409\/revisions"}],"wp:featuredmedia":[{"embeddable":true,"href":"https:\/\/www.laguiadepamplona.com\/actualidad\/wp-json\/wp\/v2\/media\/11434"}],"wp:attachment":[{"href":"https:\/\/www.laguiadepamplona.com\/actualidad\/wp-json\/wp\/v2\/media?parent=14409"}],"wp:term":[{"taxonomy":"category","embeddable":true,"href":"https:\/\/www.laguiadepamplona.com\/actualidad\/wp-json\/wp\/v2\/categories?post=14409"},{"taxonomy":"post_tag","embeddable":true,"href":"https:\/\/www.laguiadepamplona.com\/actualidad\/wp-json\/wp\/v2\/tags?post=14409"}],"curies":[{"name":"wp","href":"https:\/\/api.w.org\/{rel}","templated":true}]}}